{"id":34340,"date":"2022-09-19T12:21:13","date_gmt":"2022-09-19T15:21:13","guid":{"rendered":"https:\/\/jornalfatosenoticias.com.br\/?p=34340"},"modified":"2022-09-19T12:21:15","modified_gmt":"2022-09-19T15:21:15","slug":"minicasa-inteligente-garante-conforto-e-praticidade-mesmo-no-clima-frio","status":"publish","type":"post","link":"https:\/\/jornalfatosenoticias.com.br\/index.php\/2022\/09\/19\/minicasa-inteligente-garante-conforto-e-praticidade-mesmo-no-clima-frio\/","title":{"rendered":"Minicasa inteligente garante conforto e praticidade mesmo no clima frio"},"content":{"rendered":"\n<p><em><span class=\"has-inline-color has-black-color\">Projetada para funcionar como um sistema integrado, esta tiny house abriga um casal e um beb\u00ea no Canad\u00e1<\/span><\/em><\/p>\n\n\n\n<div class=\"wp-block-image\"><figure class=\"aligncenter size-large\"><img loading=\"lazy\" decoding=\"async\" width=\"729\" height=\"90\" src=\"https:\/\/jornalfatosenoticias.com.br\/wp-content\/uploads\/2020\/02\/Logo_Mizu.png\" alt=\"\" class=\"wp-image-1441\" srcset=\"https:\/\/jornalfatosenoticias.com.br\/wp-content\/uploads\/2020\/02\/Logo_Mizu.png 729w, https:\/\/jornalfatosenoticias.com.br\/wp-content\/uploads\/2020\/02\/Logo_Mizu-300x37.png 300w\" sizes=\"auto, (max-width: 729px) 100vw, 729px\" \/><\/figure><\/div>\n\n\n\n<p>A ideia de viver em tiny house, ou minicasa, tem conquistado pessoas em busca de uma vida <a href=\"https:\/\/ciclovivo.com.br\/arq-urb\/arquitetura\/mini-casa-e-projetada-para-uma-vida-mais-simples-e-confortavel\/\" target=\"_blank\" rel=\"noreferrer noopener\">mais simples e pr\u00e1tica<\/a>. Muitas destas resid\u00eancias t\u00eam rodas e s\u00e3o autossuficientes para que o seu transporte seja f\u00e1cil e o conceito de liberdade seja realmente colocado em pr\u00e1tica. Mas, para que tudo funcione em um espa\u00e7o reduzido, \u00e9 preciso pensar de forma hol\u00edstica, encaixando todas as necessidades e momentos do dia a dia no projeto.<\/p>\n\n\n\n<div class=\"wp-block-image\"><figure class=\"alignright size-large\"><img decoding=\"async\" src=\"https:\/\/jornalfatosenoticias.com.br\/wp-content\/uploads\/2020\/02\/logo-Ana_portal.jpg\" alt=\"\" class=\"wp-image-34101\"\/><\/figure><\/div>\n\n\n\n<p>A casa precisa funcionar como um sistema eficiente, do contr\u00e1rio a expectativa de uma vida mais confort\u00e1vel pode se transformar em uma realidade estressante. Com isso em mente, a <a href=\"https:\/\/www.instead.works\/\" target=\"_blank\" rel=\"noreferrer noopener\">Instead<\/a>, empresa canadense especializada em tiny houses, cria projetos eficientes, levando em considera\u00e7\u00e3o a rotina de quem vai viver em uma casa bem menor do que o padr\u00e3o atual.<\/p>\n\n\n\n<div class=\"wp-block-image\"><figure class=\"aligncenter size-large\"><img loading=\"lazy\" decoding=\"async\" width=\"1024\" height=\"100\" src=\"https:\/\/jornalfatosenoticias.com.br\/wp-content\/uploads\/2022\/05\/NOVA-LOGO-CESCONETTO-1024x100.jpg\" alt=\"\" class=\"wp-image-30792\" srcset=\"https:\/\/jornalfatosenoticias.com.br\/wp-content\/uploads\/2022\/05\/NOVA-LOGO-CESCONETTO-1024x100.jpg 1024w, https:\/\/jornalfatosenoticias.com.br\/wp-content\/uploads\/2022\/05\/NOVA-LOGO-CESCONETTO-300x29.jpg 300w, https:\/\/jornalfatosenoticias.com.br\/wp-content\/uploads\/2022\/05\/NOVA-LOGO-CESCONETTO-768x75.jpg 768w, https:\/\/jornalfatosenoticias.com.br\/wp-content\/uploads\/2022\/05\/NOVA-LOGO-CESCONETTO.jpg 1280w\" sizes=\"auto, (max-width: 1024px) 100vw, 1024px\" \/><\/figure><\/div>\n\n\n\n<p>Como exemplo, nada melhor do que a casa do pr\u00f3prio fundador da Instead. Lee Lowen e sua esposa Rebecca mostraram como \u00e9 a tiny house onde vivem em uma mat\u00e9ria do <a href=\"https:\/\/www.youtube.com\/watch?v=EjjYZPNkVgE&amp;t=10s\">Exploring Alternatives<\/a>, canal especializado em arquitetura.<\/p>\n\n\n\n<div class=\"wp-block-image\"><figure class=\"alignleft size-large is-resized\"><img loading=\"lazy\" decoding=\"async\" src=\"https:\/\/jornalfatosenoticias.com.br\/wp-content\/uploads\/2022\/08\/logo-locau-veiculos-1024x573.png\" alt=\"\" class=\"wp-image-33078\" width=\"344\" height=\"192\"\/><\/figure><\/div>\n\n\n\n<p>Uma particularidade deste projeto \u00e9 que, al\u00e9m da vis\u00e3o hol\u00edstica, ele trouxe uma preocupa\u00e7\u00e3o extra: a casa precisa ser pr\u00e1tica e aconchegante, mesmo no clima frio do Canad\u00e1. Por isso, a casa foi pensada para resistir \u00e0s temperaturas extremas, com um isolamento t\u00e9rmico refor\u00e7ado no exterior, que \u00e9 revestido por metal escuro e o encanamento \u00e9 todo subterr\u00e2neo, mantendo a temperatura dos canos para que a \u00e1gua n\u00e3o congele nos meses mais frios.<\/p>\n\n\n\n<div class=\"wp-block-image\"><figure class=\"aligncenter size-large\"><img loading=\"lazy\" decoding=\"async\" width=\"1024\" height=\"103\" src=\"https:\/\/jornalfatosenoticias.com.br\/wp-content\/uploads\/2022\/02\/Arte-Autoescola-Galatas_endereco_portal-1024x103.png\" alt=\"\" class=\"wp-image-27869\" srcset=\"https:\/\/jornalfatosenoticias.com.br\/wp-content\/uploads\/2022\/02\/Arte-Autoescola-Galatas_endereco_portal-1024x103.png 1024w, https:\/\/jornalfatosenoticias.com.br\/wp-content\/uploads\/2022\/02\/Arte-Autoescola-Galatas_endereco_portal-300x30.png 300w, https:\/\/jornalfatosenoticias.com.br\/wp-content\/uploads\/2022\/02\/Arte-Autoescola-Galatas_endereco_portal-768x77.png 768w, https:\/\/jornalfatosenoticias.com.br\/wp-content\/uploads\/2022\/02\/Arte-Autoescola-Galatas_endereco_portal.png 1223w\" sizes=\"auto, (max-width: 1024px) 100vw, 1024px\" \/><\/figure><\/div>\n\n\n\n<p>E, mesmo com o frio e isolamento, o interior foi projetado para passar a ideia de um ambiente arejado e aberto, com madeiras claras e grande janelas de vidro que permitem o contato visual com a paisagem e a entrada de luz natural.<br>Para que as pessoas n\u00e3o \u201cse trombem\u201d nos dias em que sair de casa, a facilidade de circula\u00e7\u00e3o ganhou uma aten\u00e7\u00e3o especial, com um corredor principal ligando sala de estar, cozinha, banheiro e quarto.<\/p>\n\n\n\n<div class=\"wp-block-jetpack-tiled-gallery aligncenter is-style-rectangular\"><div class=\"tiled-gallery__gallery\"><div class=\"tiled-gallery__row\"><div class=\"tiled-gallery__col\" style=\"flex-basis:56.57389607870855%\"><figure class=\"tiled-gallery__item\"><img decoding=\"async\" alt=\"\" data-height=\"164\" data-id=\"34339\" data-link=\"https:\/\/jornalfatosenoticias.com.br\/index.php\/sa_slider\/1070\/barao-das-carnes-300x164\/\" data-url=\"https:\/\/jornalfatosenoticias.com.br\/wp-content\/uploads\/2020\/02\/barao-das-carnes-300x164-1.jpg\" data-width=\"300\" src=\"https:\/\/i2.wp.com\/jornalfatosenoticias.com.br\/wp-content\/uploads\/2020\/02\/barao-das-carnes-300x164-1.jpg?ssl=1\" layout=\"responsive\"\/><\/figure><\/div><div class=\"tiled-gallery__col\" style=\"flex-basis:43.42610392129144%\"><figure class=\"tiled-gallery__item\"><img decoding=\"async\" alt=\"\" data-height=\"801\" data-id=\"27942\" data-link=\"https:\/\/jornalfatosenoticias.com.br\/index.php\/2022\/02\/15\/pequenos-jardins-urbanos-garantem-alimentos-para-abelhas\/logo-esteio\/\" data-url=\"https:\/\/jornalfatosenoticias.com.br\/wp-content\/uploads\/2022\/02\/LOGO-ESTEIO.png\" data-width=\"1123\" src=\"https:\/\/i1.wp.com\/jornalfatosenoticias.com.br\/wp-content\/uploads\/2022\/02\/LOGO-ESTEIO.png?ssl=1\" layout=\"responsive\"\/><\/figure><\/div><\/div><\/div><\/div>\n\n\n\n<p>Com apenas 9,7 metros de comprimento, o uso eficiente de todo o espa\u00e7o tamb\u00e9m era uma preocupa\u00e7\u00e3o. A sala de estar, por exemplo, tem um bom espa\u00e7o de armazenamento embutido no banco ao longo da janela, onde \u00e9 poss\u00edvel guardar sapatos e casacos.<\/p>\n\n\n\n<div class=\"wp-block-image\"><figure class=\"aligncenter size-large\"><img decoding=\"async\" src=\"https:\/\/jornalfatosenoticias.com.br\/wp-content\/uploads\/2020\/02\/nova-logo-zucchi-1024x110.jpeg\" alt=\"\" class=\"wp-image-33846\"\/><\/figure><\/div>\n\n\n\n<p>Em baixo do sof\u00e1 ficam embutidos outros espa\u00e7os para guardar o que for preciso, deixando a sala livre para as pessoas. Outro detalhe de design \u00e9 o encaixe da mesa e do banco, que se tornam uma pe\u00e7a \u00fanica quando n\u00e3o h\u00e1 ningu\u00e9m sentado.<\/p>\n\n\n\n<div class=\"wp-block-image\"><figure class=\"aligncenter size-large is-resized\"><img loading=\"lazy\" decoding=\"async\" src=\"https:\/\/jornalfatosenoticias.com.br\/wp-content\/uploads\/2022\/07\/Logo-Grupo-SEI.jpg\" alt=\"\" class=\"wp-image-31973\" width=\"332\" height=\"174\" srcset=\"https:\/\/jornalfatosenoticias.com.br\/wp-content\/uploads\/2022\/07\/Logo-Grupo-SEI.jpg 713w, https:\/\/jornalfatosenoticias.com.br\/wp-content\/uploads\/2022\/07\/Logo-Grupo-SEI-300x158.jpg 300w\" sizes=\"auto, (max-width: 332px) 100vw, 332px\" \/><\/figure><\/div>\n\n\n\n<p>A cozinha inclui bancadas de metal dur\u00e1veis, arm\u00e1rios pretos, prateleiras abertas, uma adega embutida e uma geladeira de tamanho normal, al\u00e9m de forno e fog\u00e3o de duas bocas.<\/p>\n\n\n\n<div class=\"wp-block-image\"><figure class=\"aligncenter size-large\"><img decoding=\"async\" src=\"https:\/\/jornalfatosenoticias.com.br\/wp-content\/uploads\/2020\/02\/logo-embacia-1-1024x110.jpg\" alt=\"\" class=\"wp-image-33954\"\/><\/figure><\/div>\n\n\n\n<p>O <a href=\"https:\/\/ciclovivo.com.br\/inovacao\/tecnologia\/banheiros-espaciais-transformam-urina-em-agua-limpa-e-fertilizante\/\" target=\"_blank\" rel=\"noreferrer noopener\">banheiro<\/a> tamb\u00e9m n\u00e3o deixa nada a desejar para uma casa \u201cnormal\u201d, com um bom chuveiro e uma atmosfera de spa. O diferencial ali \u00e9 o uso eficiente de \u00e1gua que garante uma economia de quase 40% deste recurso, j\u00e1 que a casa n\u00e3o est\u00e1 ligada \u00e0 rede de saneamento.<\/p>\n\n\n\n<div class=\"wp-block-jetpack-tiled-gallery aligncenter is-style-rectangular\"><div class=\"tiled-gallery__gallery\"><div class=\"tiled-gallery__row\"><div class=\"tiled-gallery__col\" style=\"flex-basis:53.96436241190047%\"><figure class=\"tiled-gallery__item\"><img decoding=\"async\" alt=\"\" data-height=\"433\" data-id=\"22331\" data-link=\"https:\/\/jornalfatosenoticias.com.br\/index.php\/sa_slider\/1070\/nova-logo-marquetti\/\" data-url=\"https:\/\/jornalfatosenoticias.com.br\/wp-content\/uploads\/2020\/02\/nova-logo-Marquetti.jpg\" data-width=\"643\" src=\"https:\/\/i2.wp.com\/jornalfatosenoticias.com.br\/wp-content\/uploads\/2020\/02\/nova-logo-Marquetti.jpg?ssl=1\" layout=\"responsive\"\/><\/figure><\/div><div class=\"tiled-gallery__col\" style=\"flex-basis:46.03563758809953%\"><figure class=\"tiled-gallery__item\"><img decoding=\"async\" alt=\"\" data-height=\"237\" data-id=\"32994\" data-link=\"https:\/\/jornalfatosenoticias.com.br\/index.php\/sa_slider\/1070\/seventur-turismo-2\/\" data-url=\"https:\/\/jornalfatosenoticias.com.br\/wp-content\/uploads\/2020\/02\/SEVENTUR-TURISMO.jpg\" data-width=\"300\" src=\"https:\/\/i1.wp.com\/jornalfatosenoticias.com.br\/wp-content\/uploads\/2020\/02\/SEVENTUR-TURISMO.jpg?ssl=1\" layout=\"responsive\"\/><\/figure><\/div><\/div><\/div><\/div>\n\n\n\n<p>O andar de baixo tem ainda um dos dois dormit\u00f3rios da tiny house, que est\u00e1 sendo ocupado por Max, beb\u00ea de Lee e Rebecca. O quarto tem um ber\u00e7o pequeno e um guarda-roupa para a fam\u00edlia.<\/p>\n\n\n\n<div class=\"wp-block-image\"><figure class=\"aligncenter size-large is-resized\"><img loading=\"lazy\" decoding=\"async\" src=\"https:\/\/jornalfatosenoticias.com.br\/wp-content\/uploads\/2022\/02\/Precisao-Contabilidade-1024x724.jpg\" alt=\"\" class=\"wp-image-28088\" width=\"334\" height=\"236\"\/><\/figure><\/div>\n\n\n\n<p>J\u00e1 o quarto de casal fica acima da cozinha e tem basicamente uma cama. O espa\u00e7o \u00e9 usado apenas para dormir, j\u00e1 que o p\u00e9 direito \u00e9 claramente um problema. Mas, mesmo neste espa\u00e7o, a <a href=\"https:\/\/ciclovivo.com.br\/arq-urb\/arquitetura\/biblioteca-comunitaria-iluminacao-ventilacao-natural\/\" target=\"_blank\" rel=\"noreferrer noopener\">ilumina\u00e7\u00e3o natural<\/a> est\u00e1 garantida, gra\u00e7as a uma claraboia.<\/p>\n\n\n\n<div class=\"wp-block-image\"><figure class=\"aligncenter size-large\"><img loading=\"lazy\" decoding=\"async\" width=\"1024\" height=\"100\" src=\"https:\/\/jornalfatosenoticias.com.br\/wp-content\/uploads\/2020\/02\/banner_ferramentas-1024x100.jpg\" alt=\"\" class=\"wp-image-1258\" srcset=\"https:\/\/jornalfatosenoticias.com.br\/wp-content\/uploads\/2020\/02\/banner_ferramentas-1024x100.jpg 1024w, https:\/\/jornalfatosenoticias.com.br\/wp-content\/uploads\/2020\/02\/banner_ferramentas-300x29.jpg 300w, https:\/\/jornalfatosenoticias.com.br\/wp-content\/uploads\/2020\/02\/banner_ferramentas-768x75.jpg 768w, https:\/\/jornalfatosenoticias.com.br\/wp-content\/uploads\/2020\/02\/banner_ferramentas.jpg 1227w\" sizes=\"auto, (max-width: 1024px) 100vw, 1024px\" \/><\/figure><\/div>\n\n\n\n<p>Para se chegar ao quarto, \u00e9 necess\u00e1rio subir uma pequena escada, localizada ao lado do sof\u00e1, que est\u00e1 integrada com algumas prateleiras. A escada foi desenhada para ocupar menos espa\u00e7o do que uma escada t\u00edpica e tamb\u00e9m fazer com que pare\u00e7a mais resistente e f\u00e1cil de subir do que uma escada comum.<\/p>\n\n\n\n<div class=\"wp-block-image\"><figure class=\"aligncenter size-large\"><img loading=\"lazy\" decoding=\"async\" width=\"300\" height=\"250\" src=\"https:\/\/jornalfatosenoticias.com.br\/wp-content\/uploads\/2022\/08\/arte-Casarao.jpg\" alt=\"\" class=\"wp-image-33178\"\/><\/figure><\/div>\n\n\n\n<p>A energia el\u00e9trica vem de um pequeno galp\u00e3o com pain\u00e9is solares que abriga ainda os <a href=\"https:\/\/ciclovivo.com.br\/mao-na-massa\/faca-voce-mesmo\/aprenda-a-fazer-uma-cisterna-e-aproveite-a-agua-da-chuva-para-economizar\/\" target=\"_blank\" rel=\"noreferrer noopener\">tanques de \u00e1gua<\/a> com capacidade para armazenar dois mil litros. Os custos totais para constru\u00e7\u00e3o ficaram em torno de US$ 143 mil, incluindo o sistema solar. Para mais informa\u00e7\u00f5es sobre os projetos desenvolvidos pela Instead, siga a empresa no <a href=\"https:\/\/www.instagram.com\/instead.works\" target=\"_blank\" rel=\"noreferrer noopener\">Instagram<\/a>.<\/p>\n\n\n\n<p><strong><em>Fonte: <a href=\"https:\/\/ciclovivo.com.br\/arq-urb\/arquitetura\/mini-casa-inteligente-garante-conforto-e-praticidade-mesmo-no-clima-frio\/\">CicloVivo<\/a><\/em><\/strong><\/p>\n","protected":false},"excerpt":{"rendered":"<p>Projetada para funcionar como um sistema integrado, esta tiny house abriga um casal e um beb\u00ea no Canad\u00e1 A ideia de viver em tiny house, ou minicasa, tem conquistado pessoas em busca de uma vida mais simples e pr\u00e1tica. Muitas destas resid\u00eancias t\u00eam rodas e s\u00e3o autossuficientes para que o seu transporte seja f\u00e1cil e [&hellip;]<\/p>\n","protected":false},"author":2,"featured_media":34342,"comment_status":"open","ping_status":"open","sticky":false,"template":"","format":"standard","meta":{"footnotes":""},"categories":[744],"tags":[14555,2668,16127,2877,14489,16128,3608,16126],"class_list":["post-34340","post","type-post","status-publish","format-standard","has-post-thumbnail","hentry","category-arq-urbanismo","tag-arq-urb","tag-canada","tag-conforto-e-praticidade","tag-frio","tag-minicasa","tag-minicasa-inteligente","tag-minimalismo","tag-tiny-house"],"yoast_head":"<!-- This site is optimized with the Yoast SEO plugin v26.5 - https:\/\/yoast.com\/wordpress\/plugins\/seo\/ -->\n<title>Minicasa inteligente garante conforto e praticidade mesmo no clima frio - Jornal Fatos e Not\u00edcias<\/title>\n<meta name=\"robots\" content=\"index, follow, max-snippet:-1, max-image-preview:large, max-video-preview:-1\" \/>\n<link rel=\"canonical\" href=\"https:\/\/jornalfatosenoticias.com.br\/index.php\/2022\/09\/19\/minicasa-inteligente-garante-conforto-e-praticidade-mesmo-no-clima-frio\/\" \/>\n<meta property=\"og:locale\" content=\"pt_BR\" \/>\n<meta property=\"og:type\" content=\"article\" \/>\n<meta property=\"og:title\" content=\"Minicasa inteligente garante conforto e praticidade mesmo no clima frio - Jornal Fatos e Not\u00edcias\" \/>\n<meta property=\"og:description\" content=\"Projetada para funcionar como um sistema integrado, esta tiny house abriga um casal e um beb\u00ea no Canad\u00e1 A ideia de viver em tiny house, ou minicasa, tem conquistado pessoas em busca de uma vida mais simples e pr\u00e1tica. Muitas destas resid\u00eancias t\u00eam rodas e s\u00e3o autossuficientes para que o seu transporte seja f\u00e1cil e [&hellip;]\" \/>\n<meta property=\"og:url\" content=\"https:\/\/jornalfatosenoticias.com.br\/index.php\/2022\/09\/19\/minicasa-inteligente-garante-conforto-e-praticidade-mesmo-no-clima-frio\/\" \/>\n<meta property=\"og:site_name\" content=\"Jornal Fatos e Not\u00edcias\" \/>\n<meta property=\"article:published_time\" content=\"2022-09-19T15:21:13+00:00\" \/>\n<meta property=\"article:modified_time\" content=\"2022-09-19T15:21:15+00:00\" \/>\n<meta property=\"og:image\" content=\"https:\/\/jornalfatosenoticias.com.br\/wp-content\/uploads\/2022\/09\/minicasa-frio.jpg\" \/>\n\t<meta property=\"og:image:width\" content=\"1000\" \/>\n\t<meta property=\"og:image:height\" content=\"533\" \/>\n\t<meta property=\"og:image:type\" content=\"image\/jpeg\" \/>\n<meta name=\"author\" content=\"Luzimara Fernandes\" \/>\n<meta name=\"twitter:card\" content=\"summary_large_image\" \/>\n<meta name=\"twitter:label1\" content=\"Escrito por\" \/>\n\t<meta name=\"twitter:data1\" content=\"Luzimara Fernandes\" \/>\n\t<meta name=\"twitter:label2\" content=\"Est. tempo de leitura\" \/>\n\t<meta name=\"twitter:data2\" content=\"4 minutos\" \/>\n<script type=\"application\/ld+json\" class=\"yoast-schema-graph\">{\"@context\":\"https:\/\/schema.org\",\"@graph\":[{\"@type\":\"Article\",\"@id\":\"https:\/\/jornalfatosenoticias.com.br\/index.php\/2022\/09\/19\/minicasa-inteligente-garante-conforto-e-praticidade-mesmo-no-clima-frio\/#article\",\"isPartOf\":{\"@id\":\"https:\/\/jornalfatosenoticias.com.br\/index.php\/2022\/09\/19\/minicasa-inteligente-garante-conforto-e-praticidade-mesmo-no-clima-frio\/\"},\"author\":{\"name\":\"Luzimara Fernandes\",\"@id\":\"https:\/\/jornalfatosenoticias.com.br\/#\/schema\/person\/d63837fa13ac8666eb9e74e0985d6f81\"},\"headline\":\"Minicasa inteligente garante conforto e praticidade mesmo no clima frio\",\"datePublished\":\"2022-09-19T15:21:13+00:00\",\"dateModified\":\"2022-09-19T15:21:15+00:00\",\"mainEntityOfPage\":{\"@id\":\"https:\/\/jornalfatosenoticias.com.br\/index.php\/2022\/09\/19\/minicasa-inteligente-garante-conforto-e-praticidade-mesmo-no-clima-frio\/\"},\"wordCount\":744,\"commentCount\":0,\"publisher\":{\"@id\":\"https:\/\/jornalfatosenoticias.com.br\/#organization\"},\"image\":{\"@id\":\"https:\/\/jornalfatosenoticias.com.br\/index.php\/2022\/09\/19\/minicasa-inteligente-garante-conforto-e-praticidade-mesmo-no-clima-frio\/#primaryimage\"},\"thumbnailUrl\":\"https:\/\/jornalfatosenoticias.com.br\/wp-content\/uploads\/2022\/09\/minicasa-frio.jpg\",\"keywords\":[\"Arq &amp; Urb\",\"Canad\u00e1\",\"conforto e praticidade\",\"frio\",\"minicasa\",\"Minicasa inteligente\",\"minimalismo\",\"tiny house\"],\"articleSection\":[\"Arq &amp; Urb\"],\"inLanguage\":\"pt-BR\",\"potentialAction\":[{\"@type\":\"CommentAction\",\"name\":\"Comment\",\"target\":[\"https:\/\/jornalfatosenoticias.com.br\/index.php\/2022\/09\/19\/minicasa-inteligente-garante-conforto-e-praticidade-mesmo-no-clima-frio\/#respond\"]}]},{\"@type\":\"WebPage\",\"@id\":\"https:\/\/jornalfatosenoticias.com.br\/index.php\/2022\/09\/19\/minicasa-inteligente-garante-conforto-e-praticidade-mesmo-no-clima-frio\/\",\"url\":\"https:\/\/jornalfatosenoticias.com.br\/index.php\/2022\/09\/19\/minicasa-inteligente-garante-conforto-e-praticidade-mesmo-no-clima-frio\/\",\"name\":\"Minicasa inteligente garante conforto e praticidade mesmo no clima frio - Jornal Fatos e Not\u00edcias\",\"isPartOf\":{\"@id\":\"https:\/\/jornalfatosenoticias.com.br\/#website\"},\"primaryImageOfPage\":{\"@id\":\"https:\/\/jornalfatosenoticias.com.br\/index.php\/2022\/09\/19\/minicasa-inteligente-garante-conforto-e-praticidade-mesmo-no-clima-frio\/#primaryimage\"},\"image\":{\"@id\":\"https:\/\/jornalfatosenoticias.com.br\/index.php\/2022\/09\/19\/minicasa-inteligente-garante-conforto-e-praticidade-mesmo-no-clima-frio\/#primaryimage\"},\"thumbnailUrl\":\"https:\/\/jornalfatosenoticias.com.br\/wp-content\/uploads\/2022\/09\/minicasa-frio.jpg\",\"datePublished\":\"2022-09-19T15:21:13+00:00\",\"dateModified\":\"2022-09-19T15:21:15+00:00\",\"breadcrumb\":{\"@id\":\"https:\/\/jornalfatosenoticias.com.br\/index.php\/2022\/09\/19\/minicasa-inteligente-garante-conforto-e-praticidade-mesmo-no-clima-frio\/#breadcrumb\"},\"inLanguage\":\"pt-BR\",\"potentialAction\":[{\"@type\":\"ReadAction\",\"target\":[\"https:\/\/jornalfatosenoticias.com.br\/index.php\/2022\/09\/19\/minicasa-inteligente-garante-conforto-e-praticidade-mesmo-no-clima-frio\/\"]}]},{\"@type\":\"ImageObject\",\"inLanguage\":\"pt-BR\",\"@id\":\"https:\/\/jornalfatosenoticias.com.br\/index.php\/2022\/09\/19\/minicasa-inteligente-garante-conforto-e-praticidade-mesmo-no-clima-frio\/#primaryimage\",\"url\":\"https:\/\/jornalfatosenoticias.com.br\/wp-content\/uploads\/2022\/09\/minicasa-frio.jpg\",\"contentUrl\":\"https:\/\/jornalfatosenoticias.com.br\/wp-content\/uploads\/2022\/09\/minicasa-frio.jpg\",\"width\":1000,\"height\":533},{\"@type\":\"BreadcrumbList\",\"@id\":\"https:\/\/jornalfatosenoticias.com.br\/index.php\/2022\/09\/19\/minicasa-inteligente-garante-conforto-e-praticidade-mesmo-no-clima-frio\/#breadcrumb\",\"itemListElement\":[{\"@type\":\"ListItem\",\"position\":1,\"name\":\"In\u00edcio\",\"item\":\"https:\/\/jornalfatosenoticias.com.br\/\"},{\"@type\":\"ListItem\",\"position\":2,\"name\":\"Minicasa inteligente garante conforto e praticidade mesmo no clima frio\"}]},{\"@type\":\"WebSite\",\"@id\":\"https:\/\/jornalfatosenoticias.com.br\/#website\",\"url\":\"https:\/\/jornalfatosenoticias.com.br\/\",\"name\":\"Jornal Fatos e Not\u00edcias\",\"description\":\"Not\u00edcias em geral\",\"publisher\":{\"@id\":\"https:\/\/jornalfatosenoticias.com.br\/#organization\"},\"potentialAction\":[{\"@type\":\"SearchAction\",\"target\":{\"@type\":\"EntryPoint\",\"urlTemplate\":\"https:\/\/jornalfatosenoticias.com.br\/?s={search_term_string}\"},\"query-input\":{\"@type\":\"PropertyValueSpecification\",\"valueRequired\":true,\"valueName\":\"search_term_string\"}}],\"inLanguage\":\"pt-BR\"},{\"@type\":\"Organization\",\"@id\":\"https:\/\/jornalfatosenoticias.com.br\/#organization\",\"name\":\"Jornal Fatos e Not\u00edcias\",\"url\":\"https:\/\/jornalfatosenoticias.com.br\/\",\"logo\":{\"@type\":\"ImageObject\",\"inLanguage\":\"pt-BR\",\"@id\":\"https:\/\/jornalfatosenoticias.com.br\/#\/schema\/logo\/image\/\",\"url\":\"https:\/\/jornalfatosenoticias.com.br\/wp-content\/uploads\/2020\/02\/logo120.png\",\"contentUrl\":\"https:\/\/jornalfatosenoticias.com.br\/wp-content\/uploads\/2020\/02\/logo120.png\",\"width\":1227,\"height\":120,\"caption\":\"Jornal Fatos e Not\u00edcias\"},\"image\":{\"@id\":\"https:\/\/jornalfatosenoticias.com.br\/#\/schema\/logo\/image\/\"}},{\"@type\":\"Person\",\"@id\":\"https:\/\/jornalfatosenoticias.com.br\/#\/schema\/person\/d63837fa13ac8666eb9e74e0985d6f81\",\"name\":\"Luzimara Fernandes\",\"image\":{\"@type\":\"ImageObject\",\"inLanguage\":\"pt-BR\",\"@id\":\"https:\/\/jornalfatosenoticias.com.br\/#\/schema\/person\/image\/\",\"url\":\"https:\/\/jornalfatosenoticias.com.br\/wp-content\/uploads\/2025\/05\/EU_portal.jpg\",\"contentUrl\":\"https:\/\/jornalfatosenoticias.com.br\/wp-content\/uploads\/2025\/05\/EU_portal.jpg\",\"caption\":\"Luzimara Fernandes\"},\"description\":\"Jornalista MTB 2358-ES\",\"sameAs\":[\"https:\/\/jornalfatosenoticias.com.br\"],\"url\":\"https:\/\/jornalfatosenoticias.com.br\/index.php\/author\/luzimara\/\"}]}<\/script>\n<!-- \/ Yoast SEO plugin. -->","yoast_head_json":{"title":"Minicasa inteligente garante conforto e praticidade mesmo no clima frio - Jornal Fatos e Not\u00edcias","robots":{"index":"index","follow":"follow","max-snippet":"max-snippet:-1","max-image-preview":"max-image-preview:large","max-video-preview":"max-video-preview:-1"},"canonical":"https:\/\/jornalfatosenoticias.com.br\/index.php\/2022\/09\/19\/minicasa-inteligente-garante-conforto-e-praticidade-mesmo-no-clima-frio\/","og_locale":"pt_BR","og_type":"article","og_title":"Minicasa inteligente garante conforto e praticidade mesmo no clima frio - Jornal Fatos e Not\u00edcias","og_description":"Projetada para funcionar como um sistema integrado, esta tiny house abriga um casal e um beb\u00ea no Canad\u00e1 A ideia de viver em tiny house, ou minicasa, tem conquistado pessoas em busca de uma vida mais simples e pr\u00e1tica. Muitas destas resid\u00eancias t\u00eam rodas e s\u00e3o autossuficientes para que o seu transporte seja f\u00e1cil e [&hellip;]","og_url":"https:\/\/jornalfatosenoticias.com.br\/index.php\/2022\/09\/19\/minicasa-inteligente-garante-conforto-e-praticidade-mesmo-no-clima-frio\/","og_site_name":"Jornal Fatos e Not\u00edcias","article_published_time":"2022-09-19T15:21:13+00:00","article_modified_time":"2022-09-19T15:21:15+00:00","og_image":[{"width":1000,"height":533,"url":"https:\/\/jornalfatosenoticias.com.br\/wp-content\/uploads\/2022\/09\/minicasa-frio.jpg","type":"image\/jpeg"}],"author":"Luzimara Fernandes","twitter_card":"summary_large_image","twitter_misc":{"Escrito por":"Luzimara Fernandes","Est. tempo de leitura":"4 minutos"},"schema":{"@context":"https:\/\/schema.org","@graph":[{"@type":"Article","@id":"https:\/\/jornalfatosenoticias.com.br\/index.php\/2022\/09\/19\/minicasa-inteligente-garante-conforto-e-praticidade-mesmo-no-clima-frio\/#article","isPartOf":{"@id":"https:\/\/jornalfatosenoticias.com.br\/index.php\/2022\/09\/19\/minicasa-inteligente-garante-conforto-e-praticidade-mesmo-no-clima-frio\/"},"author":{"name":"Luzimara Fernandes","@id":"https:\/\/jornalfatosenoticias.com.br\/#\/schema\/person\/d63837fa13ac8666eb9e74e0985d6f81"},"headline":"Minicasa inteligente garante conforto e praticidade mesmo no clima frio","datePublished":"2022-09-19T15:21:13+00:00","dateModified":"2022-09-19T15:21:15+00:00","mainEntityOfPage":{"@id":"https:\/\/jornalfatosenoticias.com.br\/index.php\/2022\/09\/19\/minicasa-inteligente-garante-conforto-e-praticidade-mesmo-no-clima-frio\/"},"wordCount":744,"commentCount":0,"publisher":{"@id":"https:\/\/jornalfatosenoticias.com.br\/#organization"},"image":{"@id":"https:\/\/jornalfatosenoticias.com.br\/index.php\/2022\/09\/19\/minicasa-inteligente-garante-conforto-e-praticidade-mesmo-no-clima-frio\/#primaryimage"},"thumbnailUrl":"https:\/\/jornalfatosenoticias.com.br\/wp-content\/uploads\/2022\/09\/minicasa-frio.jpg","keywords":["Arq &amp; Urb","Canad\u00e1","conforto e praticidade","frio","minicasa","Minicasa inteligente","minimalismo","tiny house"],"articleSection":["Arq &amp; Urb"],"inLanguage":"pt-BR","potentialAction":[{"@type":"CommentAction","name":"Comment","target":["https:\/\/jornalfatosenoticias.com.br\/index.php\/2022\/09\/19\/minicasa-inteligente-garante-conforto-e-praticidade-mesmo-no-clima-frio\/#respond"]}]},{"@type":"WebPage","@id":"https:\/\/jornalfatosenoticias.com.br\/index.php\/2022\/09\/19\/minicasa-inteligente-garante-conforto-e-praticidade-mesmo-no-clima-frio\/","url":"https:\/\/jornalfatosenoticias.com.br\/index.php\/2022\/09\/19\/minicasa-inteligente-garante-conforto-e-praticidade-mesmo-no-clima-frio\/","name":"Minicasa inteligente garante conforto e praticidade mesmo no clima frio - Jornal Fatos e Not\u00edcias","isPartOf":{"@id":"https:\/\/jornalfatosenoticias.com.br\/#website"},"primaryImageOfPage":{"@id":"https:\/\/jornalfatosenoticias.com.br\/index.php\/2022\/09\/19\/minicasa-inteligente-garante-conforto-e-praticidade-mesmo-no-clima-frio\/#primaryimage"},"image":{"@id":"https:\/\/jornalfatosenoticias.com.br\/index.php\/2022\/09\/19\/minicasa-inteligente-garante-conforto-e-praticidade-mesmo-no-clima-frio\/#primaryimage"},"thumbnailUrl":"https:\/\/jornalfatosenoticias.com.br\/wp-content\/uploads\/2022\/09\/minicasa-frio.jpg","datePublished":"2022-09-19T15:21:13+00:00","dateModified":"2022-09-19T15:21:15+00:00","breadcrumb":{"@id":"https:\/\/jornalfatosenoticias.com.br\/index.php\/2022\/09\/19\/minicasa-inteligente-garante-conforto-e-praticidade-mesmo-no-clima-frio\/#breadcrumb"},"inLanguage":"pt-BR","potentialAction":[{"@type":"ReadAction","target":["https:\/\/jornalfatosenoticias.com.br\/index.php\/2022\/09\/19\/minicasa-inteligente-garante-conforto-e-praticidade-mesmo-no-clima-frio\/"]}]},{"@type":"ImageObject","inLanguage":"pt-BR","@id":"https:\/\/jornalfatosenoticias.com.br\/index.php\/2022\/09\/19\/minicasa-inteligente-garante-conforto-e-praticidade-mesmo-no-clima-frio\/#primaryimage","url":"https:\/\/jornalfatosenoticias.com.br\/wp-content\/uploads\/2022\/09\/minicasa-frio.jpg","contentUrl":"https:\/\/jornalfatosenoticias.com.br\/wp-content\/uploads\/2022\/09\/minicasa-frio.jpg","width":1000,"height":533},{"@type":"BreadcrumbList","@id":"https:\/\/jornalfatosenoticias.com.br\/index.php\/2022\/09\/19\/minicasa-inteligente-garante-conforto-e-praticidade-mesmo-no-clima-frio\/#breadcrumb","itemListElement":[{"@type":"ListItem","position":1,"name":"In\u00edcio","item":"https:\/\/jornalfatosenoticias.com.br\/"},{"@type":"ListItem","position":2,"name":"Minicasa inteligente garante conforto e praticidade mesmo no clima frio"}]},{"@type":"WebSite","@id":"https:\/\/jornalfatosenoticias.com.br\/#website","url":"https:\/\/jornalfatosenoticias.com.br\/","name":"Jornal Fatos e Not\u00edcias","description":"Not\u00edcias em geral","publisher":{"@id":"https:\/\/jornalfatosenoticias.com.br\/#organization"},"potentialAction":[{"@type":"SearchAction","target":{"@type":"EntryPoint","urlTemplate":"https:\/\/jornalfatosenoticias.com.br\/?s={search_term_string}"},"query-input":{"@type":"PropertyValueSpecification","valueRequired":true,"valueName":"search_term_string"}}],"inLanguage":"pt-BR"},{"@type":"Organization","@id":"https:\/\/jornalfatosenoticias.com.br\/#organization","name":"Jornal Fatos e Not\u00edcias","url":"https:\/\/jornalfatosenoticias.com.br\/","logo":{"@type":"ImageObject","inLanguage":"pt-BR","@id":"https:\/\/jornalfatosenoticias.com.br\/#\/schema\/logo\/image\/","url":"https:\/\/jornalfatosenoticias.com.br\/wp-content\/uploads\/2020\/02\/logo120.png","contentUrl":"https:\/\/jornalfatosenoticias.com.br\/wp-content\/uploads\/2020\/02\/logo120.png","width":1227,"height":120,"caption":"Jornal Fatos e Not\u00edcias"},"image":{"@id":"https:\/\/jornalfatosenoticias.com.br\/#\/schema\/logo\/image\/"}},{"@type":"Person","@id":"https:\/\/jornalfatosenoticias.com.br\/#\/schema\/person\/d63837fa13ac8666eb9e74e0985d6f81","name":"Luzimara Fernandes","image":{"@type":"ImageObject","inLanguage":"pt-BR","@id":"https:\/\/jornalfatosenoticias.com.br\/#\/schema\/person\/image\/","url":"https:\/\/jornalfatosenoticias.com.br\/wp-content\/uploads\/2025\/05\/EU_portal.jpg","contentUrl":"https:\/\/jornalfatosenoticias.com.br\/wp-content\/uploads\/2025\/05\/EU_portal.jpg","caption":"Luzimara Fernandes"},"description":"Jornalista MTB 2358-ES","sameAs":["https:\/\/jornalfatosenoticias.com.br"],"url":"https:\/\/jornalfatosenoticias.com.br\/index.php\/author\/luzimara\/"}]}},"cc_featured_image_caption":{"caption_text":"(Foto: Exploring Alternatives)","source_text":"","source_url":""},"jetpack_featured_media_url":"https:\/\/jornalfatosenoticias.com.br\/wp-content\/uploads\/2022\/09\/minicasa-frio.jpg","_links":{"self":[{"href":"https:\/\/jornalfatosenoticias.com.br\/index.php\/wp-json\/wp\/v2\/posts\/34340","targetHints":{"allow":["GET"]}}],"collection":[{"href":"https:\/\/jornalfatosenoticias.com.br\/index.php\/wp-json\/wp\/v2\/posts"}],"about":[{"href":"https:\/\/jornalfatosenoticias.com.br\/index.php\/wp-json\/wp\/v2\/types\/post"}],"author":[{"embeddable":true,"href":"https:\/\/jornalfatosenoticias.com.br\/index.php\/wp-json\/wp\/v2\/users\/2"}],"replies":[{"embeddable":true,"href":"https:\/\/jornalfatosenoticias.com.br\/index.php\/wp-json\/wp\/v2\/comments?post=34340"}],"version-history":[{"count":0,"href":"https:\/\/jornalfatosenoticias.com.br\/index.php\/wp-json\/wp\/v2\/posts\/34340\/revisions"}],"wp:featuredmedia":[{"embeddable":true,"href":"https:\/\/jornalfatosenoticias.com.br\/index.php\/wp-json\/wp\/v2\/media\/34342"}],"wp:attachment":[{"href":"https:\/\/jornalfatosenoticias.com.br\/index.php\/wp-json\/wp\/v2\/media?parent=34340"}],"wp:term":[{"taxonomy":"category","embeddable":true,"href":"https:\/\/jornalfatosenoticias.com.br\/index.php\/wp-json\/wp\/v2\/categories?post=34340"},{"taxonomy":"post_tag","embeddable":true,"href":"https:\/\/jornalfatosenoticias.com.br\/index.php\/wp-json\/wp\/v2\/tags?post=34340"}],"curies":[{"name":"wp","href":"https:\/\/api.w.org\/{rel}","templated":true}]}}