{"id":34343,"date":"2022-09-19T12:46:05","date_gmt":"2022-09-19T15:46:05","guid":{"rendered":"https:\/\/jornalfatosenoticias.com.br\/?p=34343"},"modified":"2022-09-19T12:46:08","modified_gmt":"2022-09-19T15:46:08","slug":"casal-de-antas-ajuda-na-reintroducao-da-especie-no-rio-de-janeiro","status":"publish","type":"post","link":"https:\/\/jornalfatosenoticias.com.br\/index.php\/2022\/09\/19\/casal-de-antas-ajuda-na-reintroducao-da-especie-no-rio-de-janeiro\/","title":{"rendered":"Casal de antas ajuda na reintrodu\u00e7\u00e3o da esp\u00e9cie no Rio de Janeiro"},"content":{"rendered":"\n<p><em><span class=\"has-inline-color has-black-color\">As antas viviam em Ilha Solteira (SP) desde 2011 e s\u00e3o as primeiras do centro de conserva\u00e7\u00e3o reinseridas na natureza<\/span><\/em><\/p>\n\n\n\n<div class=\"wp-block-image\"><figure class=\"aligncenter size-large\"><img loading=\"lazy\" decoding=\"async\" width=\"1024\" height=\"100\" src=\"https:\/\/jornalfatosenoticias.com.br\/wp-content\/uploads\/2022\/05\/NOVA-LOGO-CESCONETTO-1024x100.jpg\" alt=\"\" class=\"wp-image-30792\" srcset=\"https:\/\/jornalfatosenoticias.com.br\/wp-content\/uploads\/2022\/05\/NOVA-LOGO-CESCONETTO-1024x100.jpg 1024w, https:\/\/jornalfatosenoticias.com.br\/wp-content\/uploads\/2022\/05\/NOVA-LOGO-CESCONETTO-300x29.jpg 300w, https:\/\/jornalfatosenoticias.com.br\/wp-content\/uploads\/2022\/05\/NOVA-LOGO-CESCONETTO-768x75.jpg 768w, https:\/\/jornalfatosenoticias.com.br\/wp-content\/uploads\/2022\/05\/NOVA-LOGO-CESCONETTO.jpg 1280w\" sizes=\"auto, (max-width: 1024px) 100vw, 1024px\" \/><\/figure><\/div>\n\n\n\n<p>Uma opera\u00e7\u00e3o que envolveu mais de 20 profissionais e uma viagem de mais de mil quil\u00f4metros est\u00e1 ajudando na reintrodu\u00e7\u00e3o de um casal de antas \u2014 esp\u00e9cie que tem um papel ecol\u00f3gico fundamental para preserva\u00e7\u00e3o das florestas e que estava <a href=\"https:\/\/ciclovivo.com.br\/planeta\/meio-ambiente\/antas-reintroduzidas-floresta-rj\/\" target=\"_blank\" rel=\"noreferrer noopener\">extinta no estado<\/a> do Rio de Janeiro at\u00e9 2017.<\/p>\n\n\n\n<div class=\"wp-block-image\"><figure class=\"aligncenter size-large\"><img loading=\"lazy\" decoding=\"async\" width=\"1024\" height=\"99\" src=\"https:\/\/jornalfatosenoticias.com.br\/wp-content\/uploads\/2020\/02\/Logo-Mizu-segunda-2-1024x99.png\" alt=\"\" class=\"wp-image-2353\" srcset=\"https:\/\/jornalfatosenoticias.com.br\/wp-content\/uploads\/2020\/02\/Logo-Mizu-segunda-2-1024x99.png 1024w, https:\/\/jornalfatosenoticias.com.br\/wp-content\/uploads\/2020\/02\/Logo-Mizu-segunda-2-300x29.png 300w, https:\/\/jornalfatosenoticias.com.br\/wp-content\/uploads\/2020\/02\/Logo-Mizu-segunda-2-768x74.png 768w, https:\/\/jornalfatosenoticias.com.br\/wp-content\/uploads\/2020\/02\/Logo-Mizu-segunda-2.png 1240w\" sizes=\"auto, (max-width: 1024px) 100vw, 1024px\" \/><\/figure><\/div>\n\n\n\n<p>Em uma a\u00e7\u00e3o conjunta entre a CTG Brasil, Ecologic, Instituto de A\u00e7\u00e3o Socioambiental, Refauna e Instituto Federal do Rio de Janeiro (IFRJ), um casal de antas que viviam no Centro de Conserva\u00e7\u00e3o da Fauna Silvestre (CCFS) de Ilha Solteira, em S\u00e3o Paulo, ser\u00e1 reintroduzido na natureza, mais precisamente na Reserva Ecol\u00f3gica de Guapia\u00e7u (REGUA), no Rio de Janeiro.<\/p>\n\n\n\n<div class=\"wp-block-jetpack-tiled-gallery aligncenter is-style-rectangular\"><div class=\"tiled-gallery__gallery\"><div class=\"tiled-gallery__row\"><div class=\"tiled-gallery__col\" style=\"flex-basis:48.40954309592884%\"><figure class=\"tiled-gallery__item\"><img decoding=\"async\" alt=\"\" data-height=\"226\" data-id=\"34101\" data-link=\"https:\/\/jornalfatosenoticias.com.br\/index.php\/sa_slider\/1070\/logo-ana_portal\/\" data-url=\"https:\/\/jornalfatosenoticias.com.br\/wp-content\/uploads\/2020\/02\/logo-Ana_portal.jpg\" data-width=\"300\" src=\"https:\/\/i2.wp.com\/jornalfatosenoticias.com.br\/wp-content\/uploads\/2020\/02\/logo-Ana_portal.jpg?ssl=1\" layout=\"responsive\"\/><\/figure><\/div><div class=\"tiled-gallery__col\" style=\"flex-basis:51.59045690407116%\"><figure class=\"tiled-gallery__item\"><img decoding=\"async\" alt=\"\" data-height=\"848\" data-id=\"28088\" data-link=\"https:\/\/jornalfatosenoticias.com.br\/index.php\/2022\/02\/21\/apos-aval-do-governo-bolsonaro-anac-divulga-homologacao-do-aeroporto-de-linhares\/precisao-contabilidade\/\" data-url=\"https:\/\/jornalfatosenoticias.com.br\/wp-content\/uploads\/2022\/02\/Precisao-Contabilidade.jpg\" data-width=\"1200\" src=\"https:\/\/i1.wp.com\/jornalfatosenoticias.com.br\/wp-content\/uploads\/2022\/02\/Precisao-Contabilidade.jpg?ssl=1\" layout=\"responsive\"\/><\/figure><\/div><\/div><\/div><\/div>\n\n\n\n<p>As antas viviam em Ilha Solteira desde 2011 e s\u00e3o as primeiras do centro de conserva\u00e7\u00e3o reinseridas na natureza. O espa\u00e7o possui ainda v\u00e1rias parcerias t\u00e9cnicas para a reintrodu\u00e7\u00e3o de outras esp\u00e9cies amea\u00e7adas de <a href=\"https:\/\/ciclovivo.com.br\/planeta\/meio-ambiente\/ararinhas-azuis-bahia-20-anos-extincao\/\" target=\"_blank\" rel=\"noreferrer noopener\">extin\u00e7\u00e3o<\/a>, como os tamandu\u00e1s-bandeira.<\/p>\n\n\n\n<div class=\"wp-block-image\"><figure class=\"aligncenter size-large\"><img loading=\"lazy\" decoding=\"async\" width=\"1024\" height=\"103\" src=\"https:\/\/jornalfatosenoticias.com.br\/wp-content\/uploads\/2022\/02\/Arte-Autoescola-Galatas_endereco_portal-1024x103.png\" alt=\"\" class=\"wp-image-27869\" srcset=\"https:\/\/jornalfatosenoticias.com.br\/wp-content\/uploads\/2022\/02\/Arte-Autoescola-Galatas_endereco_portal-1024x103.png 1024w, https:\/\/jornalfatosenoticias.com.br\/wp-content\/uploads\/2022\/02\/Arte-Autoescola-Galatas_endereco_portal-300x30.png 300w, https:\/\/jornalfatosenoticias.com.br\/wp-content\/uploads\/2022\/02\/Arte-Autoescola-Galatas_endereco_portal-768x77.png 768w, https:\/\/jornalfatosenoticias.com.br\/wp-content\/uploads\/2022\/02\/Arte-Autoescola-Galatas_endereco_portal.png 1223w\" sizes=\"auto, (max-width: 1024px) 100vw, 1024px\" \/><\/figure><\/div>\n\n\n\n<p>Antes de serem devolvidos \u00e0 natureza, os animais passam por exames para verificar a presen\u00e7a de doen\u00e7as espec\u00edficas, recebem alimenta\u00e7\u00e3o balanceada e s\u00e3o acompanhados por veterin\u00e1rios, bi\u00f3logos e outros profissionais. Os tratamentos, quando necess\u00e1rios, incluem at\u00e9 ozonioterapia, t\u00e9cnica mais moderna no tratamento de ferimentos \u2014 a anta f\u00eamea transportada de Ilha Solteira at\u00e9 a reserva ecol\u00f3gica no Rio, por exemplo, chegou como v\u00edtima de queimada e foi recuperada dentro do centro.<\/p>\n\n\n\n<div class=\"wp-block-jetpack-tiled-gallery aligncenter is-style-rectangular\"><div class=\"tiled-gallery__gallery\"><div class=\"tiled-gallery__row\"><div class=\"tiled-gallery__col\" style=\"flex-basis:48.67109200049935%\"><figure class=\"tiled-gallery__item\"><img decoding=\"async\" alt=\"\" data-height=\"250\" data-id=\"33178\" data-link=\"https:\/\/jornalfatosenoticias.com.br\/arte-casarao\/\" data-url=\"https:\/\/jornalfatosenoticias.com.br\/wp-content\/uploads\/2022\/08\/arte-Casarao.jpg\" data-width=\"300\" src=\"https:\/\/i0.wp.com\/jornalfatosenoticias.com.br\/wp-content\/uploads\/2022\/08\/arte-Casarao.jpg?ssl=1\" layout=\"responsive\"\/><\/figure><\/div><div class=\"tiled-gallery__col\" style=\"flex-basis:51.328907999500665%\"><figure class=\"tiled-gallery__item\"><img decoding=\"async\" alt=\"\" data-height=\"237\" data-id=\"32994\" data-link=\"https:\/\/jornalfatosenoticias.com.br\/index.php\/sa_slider\/1070\/seventur-turismo-2\/\" data-url=\"https:\/\/jornalfatosenoticias.com.br\/wp-content\/uploads\/2020\/02\/SEVENTUR-TURISMO.jpg\" data-width=\"300\" src=\"https:\/\/i1.wp.com\/jornalfatosenoticias.com.br\/wp-content\/uploads\/2020\/02\/SEVENTUR-TURISMO.jpg?ssl=1\" layout=\"responsive\"\/><\/figure><\/div><\/div><\/div><\/div>\n\n\n\n<p>Todo o processo est\u00e1 autorizado pelos \u00f3rg\u00e3os ambientais \u2014 neste caso, pelo Departamento de Fauna da Secretaria do Meio Ambiente de S\u00e3o Paulo (DeFau\/SMA) e pelo Instituto Estadual do Ambiente, \u00f3rg\u00e3o ligado \u00e0 Secretaria de Meio Ambiente do Rio de Janeiro.<\/p>\n\n\n\n<div class=\"wp-block-image\"><figure class=\"aligncenter size-large is-resized\"><img loading=\"lazy\" decoding=\"async\" src=\"https:\/\/jornalfatosenoticias.com.br\/wp-content\/uploads\/2020\/02\/nova-logo-Marquetti.jpg\" alt=\"\" class=\"wp-image-22331\" width=\"352\" height=\"236\" srcset=\"https:\/\/jornalfatosenoticias.com.br\/wp-content\/uploads\/2020\/02\/nova-logo-Marquetti.jpg 643w, https:\/\/jornalfatosenoticias.com.br\/wp-content\/uploads\/2020\/02\/nova-logo-Marquetti-300x202.jpg 300w\" sizes=\"auto, (max-width: 352px) 100vw, 352px\" \/><\/figure><\/div>\n\n\n\n<blockquote class=\"wp-block-quote is-layout-flow wp-block-quote-is-layout-flow\"><p><span class=\"has-inline-color has-luminous-vivid-orange-color\">\u201cAl\u00e9m de tudo isso, todos os animais que s\u00e3o preparados para reintrodu\u00e7\u00e3o passam pelo est\u00e1gio de semicativeiro, que auxilia na sua ambienta\u00e7\u00e3o com o local de soltura\u201d, explica Giulius Cesare, diretor da Ecologic, empresa respons\u00e1vel pela gest\u00e3o dos animais do CCFS de Ilha Solteira.<\/span><\/p><\/blockquote>\n\n\n\n<div class=\"wp-block-image\"><figure class=\"alignleft size-large\"><img decoding=\"async\" src=\"https:\/\/jornalfatosenoticias.com.br\/wp-content\/uploads\/2020\/02\/logo_esteio.jpg\" alt=\"\" class=\"wp-image-1214\"\/><\/figure><\/div>\n\n\n\n<p>As antas ficaram extintas no Rio de Janeiro de 1914 a 2017. Atualmente, existem apenas 12 antas em todo o estado. A esp\u00e9cie ainda \u00e9 considerada extinta no Sul do Brasil, encontra-se amea\u00e7ada no Cerrado e tem as suas maiores popula\u00e7\u00f5es no Pantanal e na Amaz\u00f4nia. No Rio de Janeiro, esse trabalho de restaura\u00e7\u00e3o \u00e9 feito pelo <a href=\"https:\/\/ciclovivo.com.br\/planeta\/meio-ambiente\/antas-podem-voltam-a-habitar-rio-de-janeiro-apos-100-anos\/\" target=\"_blank\" rel=\"noreferrer noopener\">Refauna<\/a> \u2014 ONG com foco na refauna\u00e7\u00e3o da Mata Atl\u00e2ntica \u2014 com a ajuda de parceiros como o Instituto ASA, que coordena o projeto ANTologia, a REGUA e o IFRJ.<\/p>\n\n\n\n<div class=\"wp-block-image\"><figure class=\"aligncenter size-large\"><img decoding=\"async\" src=\"https:\/\/jornalfatosenoticias.com.br\/wp-content\/uploads\/2020\/02\/logo-embacia-1-1024x110.jpg\" alt=\"\" class=\"wp-image-33954\"\/><\/figure><\/div>\n\n\n\n<figure class=\"wp-block-image size-large\"><img loading=\"lazy\" decoding=\"async\" width=\"1000\" height=\"627\" src=\"https:\/\/jornalfatosenoticias.com.br\/wp-content\/uploads\/2022\/09\/antas-2.jpg\" alt=\"\" class=\"wp-image-34344\" srcset=\"https:\/\/jornalfatosenoticias.com.br\/wp-content\/uploads\/2022\/09\/antas-2.jpg 1000w, https:\/\/jornalfatosenoticias.com.br\/wp-content\/uploads\/2022\/09\/antas-2-300x188.jpg 300w, https:\/\/jornalfatosenoticias.com.br\/wp-content\/uploads\/2022\/09\/antas-2-768x482.jpg 768w, https:\/\/jornalfatosenoticias.com.br\/wp-content\/uploads\/2022\/09\/antas-2-350x220.jpg 350w\" sizes=\"auto, (max-width: 1000px) 100vw, 1000px\" \/><figcaption><em><span class=\"has-inline-color has-black-color\">(Foto: V\u00edtor Marigo\/Divulga\u00e7\u00e3o)<\/span><\/em><\/figcaption><\/figure>\n\n\n\n<div class=\"wp-block-image\"><figure class=\"aligncenter size-large is-resized\"><img loading=\"lazy\" decoding=\"async\" src=\"https:\/\/jornalfatosenoticias.com.br\/wp-content\/uploads\/2022\/07\/Logo-Grupo-SEI.jpg\" alt=\"\" class=\"wp-image-31973\" width=\"339\" height=\"178\" srcset=\"https:\/\/jornalfatosenoticias.com.br\/wp-content\/uploads\/2022\/07\/Logo-Grupo-SEI.jpg 713w, https:\/\/jornalfatosenoticias.com.br\/wp-content\/uploads\/2022\/07\/Logo-Grupo-SEI-300x158.jpg 300w\" sizes=\"auto, (max-width: 339px) 100vw, 339px\" \/><\/figure><\/div>\n\n\n\n<p><strong><span class=\"has-inline-color has-vivid-green-cyan-color\">Jardineiras da floresta<br><\/span><\/strong>As antas vivem em florestas e t\u00eam um papel ecol\u00f3gico fundamental para a conserva\u00e7\u00e3o e a renova\u00e7\u00e3o das matas. S\u00e3o conhecidas como \u201c<a href=\"https:\/\/ciclovivo.com.br\/planeta\/meio-ambiente\/antas-e-queixadas-responsaveis-fertilizar-solo\/\" target=\"_blank\" rel=\"noreferrer noopener\">jardineiras da floresta<\/a>\u201d, por sua capacidade de promover a&nbsp;<a href=\"https:\/\/ciclovivo.com.br\/planeta\/meio-ambiente\/animais-dispersores-de-sementes-sao-os-primeiros-a-sumir-com-o-desmate\/\" target=\"_blank\" rel=\"noreferrer noopener\">dispers\u00e3o de sementes<\/a> das \u00e1rvores e por se alimentarem da vegeta\u00e7\u00e3o, impedindo que uma planta cres\u00e7a demais e exclua outras esp\u00e9cies, por exemplo.<\/p>\n\n\n\n<div class=\"wp-block-image\"><figure class=\"aligncenter size-large\"><img decoding=\"async\" src=\"https:\/\/jornalfatosenoticias.com.br\/wp-content\/uploads\/2020\/02\/barao-das-carnes-300x164-1.jpg\" alt=\"\" class=\"wp-image-34339\"\/><\/figure><\/div>\n\n\n\n<blockquote class=\"wp-block-quote is-layout-flow wp-block-quote-is-layout-flow\"><p><span class=\"has-inline-color has-luminous-vivid-orange-color\">\u201cE, por estarem entre os maiores mam\u00edferos da fauna brasileira, as antas conseguem dispersar sementes que outras esp\u00e9cies n\u00e3o conseguem\u201d, completa Maron Galliez, professor do Instituto Federal do Rio de Janeiro e coordenador do Refauna.<\/span><\/p><\/blockquote>\n\n\n\n<div class=\"wp-block-image\"><figure class=\"aligncenter size-large is-resized\"><img loading=\"lazy\" decoding=\"async\" src=\"https:\/\/jornalfatosenoticias.com.br\/wp-content\/uploads\/2020\/02\/Serra-Grande-1024x160.png\" alt=\"\" class=\"wp-image-7836\" width=\"472\" height=\"73\"\/><\/figure><\/div>\n\n\n\n<p>O casal de antas transportado para a reserva ecol\u00f3gica passar\u00e1 por um per\u00edodo de aclimata\u00e7\u00e3o e depois ser\u00e1 acompanhado por 12 meses, por meio de um colar de telemetria, entre outros meios de monitoramento.<\/p>\n\n\n\n<div class=\"wp-block-image\"><figure class=\"aligncenter size-large is-resized\"><img loading=\"lazy\" decoding=\"async\" src=\"https:\/\/jornalfatosenoticias.com.br\/wp-content\/uploads\/2022\/08\/logo-locau-veiculos-1024x573.png\" alt=\"\" class=\"wp-image-33078\" width=\"314\" height=\"175\"\/><\/figure><\/div>\n\n\n\n<blockquote class=\"wp-block-quote is-layout-flow wp-block-quote-is-layout-flow\"><p><span class=\"has-inline-color has-luminous-vivid-orange-color\">\u201cO objetivo \u00e9 verificar a capacidade de sobreviv\u00eancia desses animais, onde eles estabelecem a \u00e1rea de vida e sua reprodu\u00e7\u00e3o, ou seja, seu restabelecimento na natureza\u201d, acrescenta Joana Macedo, coordenadora do projeto ANTologia.<\/span><\/p><\/blockquote>\n\n\n\n<div class=\"wp-block-image\"><figure class=\"aligncenter size-large\"><img decoding=\"async\" src=\"https:\/\/jornalfatosenoticias.com.br\/wp-content\/uploads\/2020\/02\/nova-logo-zucchi-1024x110.jpeg\" alt=\"\" class=\"wp-image-33846\"\/><\/figure><\/div>\n\n\n\n<p>Criado em 1979 para abrigar animais que tiveram habitat alagado pela forma\u00e7\u00e3o do reservat\u00f3rio da Usina Hidrel\u00e9trica Ilha Solteira, o Centro de Conserva\u00e7\u00e3o da Fauna Silvestre (CCFS) possui um plantel com cerca de 350 animais silvestres, pertencentes a mais de 50 esp\u00e9cies entre p\u00e1ssaros, r\u00e9pteis e mam\u00edferos.<\/p>\n\n\n\n<p><strong><em>Fonte: <a href=\"https:\/\/ciclovivo.com.br\/planeta\/meio-ambiente\/casal-de-antas-ajuda-na-reintroducao-da-especie-no-rio-de-janeiro\/\">CicloVivo<\/a><\/em><\/strong><\/p>\n","protected":false},"excerpt":{"rendered":"<p>As antas viviam em Ilha Solteira (SP) desde 2011 e s\u00e3o as primeiras do centro de conserva\u00e7\u00e3o reinseridas na natureza Uma opera\u00e7\u00e3o que envolveu mais de 20 profissionais e uma viagem de mais de mil quil\u00f4metros est\u00e1 ajudando na reintrodu\u00e7\u00e3o de um casal de antas \u2014 esp\u00e9cie que tem um papel ecol\u00f3gico fundamental para preserva\u00e7\u00e3o [&hellip;]<\/p>\n","protected":false},"author":2,"featured_media":34346,"comment_status":"open","ping_status":"open","sticky":false,"template":"","format":"standard","meta":{"footnotes":""},"categories":[8],"tags":[4598,516,16129,16130,16132,16131,289],"class_list":["post-34343","post","type-post","status-publish","format-standard","has-post-thumbnail","hentry","category-meio-ambiente","tag-antas","tag-conservacao","tag-dispersor-de-semente","tag-jardineiras-das-florestas","tag-reinseridas-na-natureza","tag-reintroducao-da-especie","tag-rio-de-janeiro"],"yoast_head":"<!-- This site is optimized with the Yoast SEO plugin v26.5 - https:\/\/yoast.com\/wordpress\/plugins\/seo\/ -->\n<title>Casal de antas ajuda na reintrodu\u00e7\u00e3o da esp\u00e9cie no Rio de Janeiro - Jornal Fatos e Not\u00edcias<\/title>\n<meta name=\"robots\" content=\"index, follow, max-snippet:-1, max-image-preview:large, max-video-preview:-1\" \/>\n<link rel=\"canonical\" href=\"https:\/\/jornalfatosenoticias.com.br\/index.php\/2022\/09\/19\/casal-de-antas-ajuda-na-reintroducao-da-especie-no-rio-de-janeiro\/\" \/>\n<meta property=\"og:locale\" content=\"pt_BR\" \/>\n<meta property=\"og:type\" content=\"article\" \/>\n<meta property=\"og:title\" content=\"Casal de antas ajuda na reintrodu\u00e7\u00e3o da esp\u00e9cie no Rio de Janeiro - Jornal Fatos e Not\u00edcias\" \/>\n<meta property=\"og:description\" content=\"As antas viviam em Ilha Solteira (SP) desde 2011 e s\u00e3o as primeiras do centro de conserva\u00e7\u00e3o reinseridas na natureza Uma opera\u00e7\u00e3o que envolveu mais de 20 profissionais e uma viagem de mais de mil quil\u00f4metros est\u00e1 ajudando na reintrodu\u00e7\u00e3o de um casal de antas \u2014 esp\u00e9cie que tem um papel ecol\u00f3gico fundamental para preserva\u00e7\u00e3o [&hellip;]\" \/>\n<meta property=\"og:url\" content=\"https:\/\/jornalfatosenoticias.com.br\/index.php\/2022\/09\/19\/casal-de-antas-ajuda-na-reintroducao-da-especie-no-rio-de-janeiro\/\" \/>\n<meta property=\"og:site_name\" content=\"Jornal Fatos e Not\u00edcias\" \/>\n<meta property=\"article:published_time\" content=\"2022-09-19T15:46:05+00:00\" \/>\n<meta property=\"article:modified_time\" content=\"2022-09-19T15:46:08+00:00\" \/>\n<meta property=\"og:image\" content=\"https:\/\/jornalfatosenoticias.com.br\/wp-content\/uploads\/2022\/09\/casal-antas-1.jpg\" \/>\n\t<meta property=\"og:image:width\" content=\"1000\" \/>\n\t<meta property=\"og:image:height\" content=\"584\" \/>\n\t<meta property=\"og:image:type\" content=\"image\/jpeg\" \/>\n<meta name=\"author\" content=\"Luzimara Fernandes\" \/>\n<meta name=\"twitter:card\" content=\"summary_large_image\" \/>\n<meta name=\"twitter:label1\" content=\"Escrito por\" \/>\n\t<meta name=\"twitter:data1\" content=\"Luzimara Fernandes\" \/>\n\t<meta name=\"twitter:label2\" content=\"Est. tempo de leitura\" \/>\n\t<meta name=\"twitter:data2\" content=\"3 minutos\" \/>\n<script type=\"application\/ld+json\" class=\"yoast-schema-graph\">{\"@context\":\"https:\/\/schema.org\",\"@graph\":[{\"@type\":\"Article\",\"@id\":\"https:\/\/jornalfatosenoticias.com.br\/index.php\/2022\/09\/19\/casal-de-antas-ajuda-na-reintroducao-da-especie-no-rio-de-janeiro\/#article\",\"isPartOf\":{\"@id\":\"https:\/\/jornalfatosenoticias.com.br\/index.php\/2022\/09\/19\/casal-de-antas-ajuda-na-reintroducao-da-especie-no-rio-de-janeiro\/\"},\"author\":{\"name\":\"Luzimara Fernandes\",\"@id\":\"https:\/\/jornalfatosenoticias.com.br\/#\/schema\/person\/d63837fa13ac8666eb9e74e0985d6f81\"},\"headline\":\"Casal de antas ajuda na reintrodu\u00e7\u00e3o da esp\u00e9cie no Rio de Janeiro\",\"datePublished\":\"2022-09-19T15:46:05+00:00\",\"dateModified\":\"2022-09-19T15:46:08+00:00\",\"mainEntityOfPage\":{\"@id\":\"https:\/\/jornalfatosenoticias.com.br\/index.php\/2022\/09\/19\/casal-de-antas-ajuda-na-reintroducao-da-especie-no-rio-de-janeiro\/\"},\"wordCount\":695,\"commentCount\":0,\"publisher\":{\"@id\":\"https:\/\/jornalfatosenoticias.com.br\/#organization\"},\"image\":{\"@id\":\"https:\/\/jornalfatosenoticias.com.br\/index.php\/2022\/09\/19\/casal-de-antas-ajuda-na-reintroducao-da-especie-no-rio-de-janeiro\/#primaryimage\"},\"thumbnailUrl\":\"https:\/\/jornalfatosenoticias.com.br\/wp-content\/uploads\/2022\/09\/casal-antas-1.jpg\",\"keywords\":[\"antas\",\"conserva\u00e7\u00e3o\",\"dispersor de semente\",\"jardineiras das florestas\",\"reinseridas na natureza\",\"reintrodu\u00e7\u00e3o da esp\u00e9cie\",\"Rio de Janeiro\"],\"articleSection\":[\"Meio ambiente\"],\"inLanguage\":\"pt-BR\",\"potentialAction\":[{\"@type\":\"CommentAction\",\"name\":\"Comment\",\"target\":[\"https:\/\/jornalfatosenoticias.com.br\/index.php\/2022\/09\/19\/casal-de-antas-ajuda-na-reintroducao-da-especie-no-rio-de-janeiro\/#respond\"]}]},{\"@type\":\"WebPage\",\"@id\":\"https:\/\/jornalfatosenoticias.com.br\/index.php\/2022\/09\/19\/casal-de-antas-ajuda-na-reintroducao-da-especie-no-rio-de-janeiro\/\",\"url\":\"https:\/\/jornalfatosenoticias.com.br\/index.php\/2022\/09\/19\/casal-de-antas-ajuda-na-reintroducao-da-especie-no-rio-de-janeiro\/\",\"name\":\"Casal de antas ajuda na reintrodu\u00e7\u00e3o da esp\u00e9cie no Rio de Janeiro - Jornal Fatos e Not\u00edcias\",\"isPartOf\":{\"@id\":\"https:\/\/jornalfatosenoticias.com.br\/#website\"},\"primaryImageOfPage\":{\"@id\":\"https:\/\/jornalfatosenoticias.com.br\/index.php\/2022\/09\/19\/casal-de-antas-ajuda-na-reintroducao-da-especie-no-rio-de-janeiro\/#primaryimage\"},\"image\":{\"@id\":\"https:\/\/jornalfatosenoticias.com.br\/index.php\/2022\/09\/19\/casal-de-antas-ajuda-na-reintroducao-da-especie-no-rio-de-janeiro\/#primaryimage\"},\"thumbnailUrl\":\"https:\/\/jornalfatosenoticias.com.br\/wp-content\/uploads\/2022\/09\/casal-antas-1.jpg\",\"datePublished\":\"2022-09-19T15:46:05+00:00\",\"dateModified\":\"2022-09-19T15:46:08+00:00\",\"breadcrumb\":{\"@id\":\"https:\/\/jornalfatosenoticias.com.br\/index.php\/2022\/09\/19\/casal-de-antas-ajuda-na-reintroducao-da-especie-no-rio-de-janeiro\/#breadcrumb\"},\"inLanguage\":\"pt-BR\",\"potentialAction\":[{\"@type\":\"ReadAction\",\"target\":[\"https:\/\/jornalfatosenoticias.com.br\/index.php\/2022\/09\/19\/casal-de-antas-ajuda-na-reintroducao-da-especie-no-rio-de-janeiro\/\"]}]},{\"@type\":\"ImageObject\",\"inLanguage\":\"pt-BR\",\"@id\":\"https:\/\/jornalfatosenoticias.com.br\/index.php\/2022\/09\/19\/casal-de-antas-ajuda-na-reintroducao-da-especie-no-rio-de-janeiro\/#primaryimage\",\"url\":\"https:\/\/jornalfatosenoticias.com.br\/wp-content\/uploads\/2022\/09\/casal-antas-1.jpg\",\"contentUrl\":\"https:\/\/jornalfatosenoticias.com.br\/wp-content\/uploads\/2022\/09\/casal-antas-1.jpg\",\"width\":1000,\"height\":584},{\"@type\":\"BreadcrumbList\",\"@id\":\"https:\/\/jornalfatosenoticias.com.br\/index.php\/2022\/09\/19\/casal-de-antas-ajuda-na-reintroducao-da-especie-no-rio-de-janeiro\/#breadcrumb\",\"itemListElement\":[{\"@type\":\"ListItem\",\"position\":1,\"name\":\"In\u00edcio\",\"item\":\"https:\/\/jornalfatosenoticias.com.br\/\"},{\"@type\":\"ListItem\",\"position\":2,\"name\":\"Casal de antas ajuda na reintrodu\u00e7\u00e3o da esp\u00e9cie no Rio de Janeiro\"}]},{\"@type\":\"WebSite\",\"@id\":\"https:\/\/jornalfatosenoticias.com.br\/#website\",\"url\":\"https:\/\/jornalfatosenoticias.com.br\/\",\"name\":\"Jornal Fatos e Not\u00edcias\",\"description\":\"Not\u00edcias em geral\",\"publisher\":{\"@id\":\"https:\/\/jornalfatosenoticias.com.br\/#organization\"},\"potentialAction\":[{\"@type\":\"SearchAction\",\"target\":{\"@type\":\"EntryPoint\",\"urlTemplate\":\"https:\/\/jornalfatosenoticias.com.br\/?s={search_term_string}\"},\"query-input\":{\"@type\":\"PropertyValueSpecification\",\"valueRequired\":true,\"valueName\":\"search_term_string\"}}],\"inLanguage\":\"pt-BR\"},{\"@type\":\"Organization\",\"@id\":\"https:\/\/jornalfatosenoticias.com.br\/#organization\",\"name\":\"Jornal Fatos e Not\u00edcias\",\"url\":\"https:\/\/jornalfatosenoticias.com.br\/\",\"logo\":{\"@type\":\"ImageObject\",\"inLanguage\":\"pt-BR\",\"@id\":\"https:\/\/jornalfatosenoticias.com.br\/#\/schema\/logo\/image\/\",\"url\":\"https:\/\/jornalfatosenoticias.com.br\/wp-content\/uploads\/2020\/02\/logo120.png\",\"contentUrl\":\"https:\/\/jornalfatosenoticias.com.br\/wp-content\/uploads\/2020\/02\/logo120.png\",\"width\":1227,\"height\":120,\"caption\":\"Jornal Fatos e Not\u00edcias\"},\"image\":{\"@id\":\"https:\/\/jornalfatosenoticias.com.br\/#\/schema\/logo\/image\/\"}},{\"@type\":\"Person\",\"@id\":\"https:\/\/jornalfatosenoticias.com.br\/#\/schema\/person\/d63837fa13ac8666eb9e74e0985d6f81\",\"name\":\"Luzimara Fernandes\",\"image\":{\"@type\":\"ImageObject\",\"inLanguage\":\"pt-BR\",\"@id\":\"https:\/\/jornalfatosenoticias.com.br\/#\/schema\/person\/image\/\",\"url\":\"https:\/\/jornalfatosenoticias.com.br\/wp-content\/uploads\/2025\/05\/EU_portal.jpg\",\"contentUrl\":\"https:\/\/jornalfatosenoticias.com.br\/wp-content\/uploads\/2025\/05\/EU_portal.jpg\",\"caption\":\"Luzimara Fernandes\"},\"description\":\"Jornalista MTB 2358-ES\",\"sameAs\":[\"https:\/\/jornalfatosenoticias.com.br\"],\"url\":\"https:\/\/jornalfatosenoticias.com.br\/index.php\/author\/luzimara\/\"}]}<\/script>\n<!-- \/ Yoast SEO plugin. -->","yoast_head_json":{"title":"Casal de antas ajuda na reintrodu\u00e7\u00e3o da esp\u00e9cie no Rio de Janeiro - Jornal Fatos e Not\u00edcias","robots":{"index":"index","follow":"follow","max-snippet":"max-snippet:-1","max-image-preview":"max-image-preview:large","max-video-preview":"max-video-preview:-1"},"canonical":"https:\/\/jornalfatosenoticias.com.br\/index.php\/2022\/09\/19\/casal-de-antas-ajuda-na-reintroducao-da-especie-no-rio-de-janeiro\/","og_locale":"pt_BR","og_type":"article","og_title":"Casal de antas ajuda na reintrodu\u00e7\u00e3o da esp\u00e9cie no Rio de Janeiro - Jornal Fatos e Not\u00edcias","og_description":"As antas viviam em Ilha Solteira (SP) desde 2011 e s\u00e3o as primeiras do centro de conserva\u00e7\u00e3o reinseridas na natureza Uma opera\u00e7\u00e3o que envolveu mais de 20 profissionais e uma viagem de mais de mil quil\u00f4metros est\u00e1 ajudando na reintrodu\u00e7\u00e3o de um casal de antas \u2014 esp\u00e9cie que tem um papel ecol\u00f3gico fundamental para preserva\u00e7\u00e3o [&hellip;]","og_url":"https:\/\/jornalfatosenoticias.com.br\/index.php\/2022\/09\/19\/casal-de-antas-ajuda-na-reintroducao-da-especie-no-rio-de-janeiro\/","og_site_name":"Jornal Fatos e Not\u00edcias","article_published_time":"2022-09-19T15:46:05+00:00","article_modified_time":"2022-09-19T15:46:08+00:00","og_image":[{"width":1000,"height":584,"url":"https:\/\/jornalfatosenoticias.com.br\/wp-content\/uploads\/2022\/09\/casal-antas-1.jpg","type":"image\/jpeg"}],"author":"Luzimara Fernandes","twitter_card":"summary_large_image","twitter_misc":{"Escrito por":"Luzimara Fernandes","Est. tempo de leitura":"3 minutos"},"schema":{"@context":"https:\/\/schema.org","@graph":[{"@type":"Article","@id":"https:\/\/jornalfatosenoticias.com.br\/index.php\/2022\/09\/19\/casal-de-antas-ajuda-na-reintroducao-da-especie-no-rio-de-janeiro\/#article","isPartOf":{"@id":"https:\/\/jornalfatosenoticias.com.br\/index.php\/2022\/09\/19\/casal-de-antas-ajuda-na-reintroducao-da-especie-no-rio-de-janeiro\/"},"author":{"name":"Luzimara Fernandes","@id":"https:\/\/jornalfatosenoticias.com.br\/#\/schema\/person\/d63837fa13ac8666eb9e74e0985d6f81"},"headline":"Casal de antas ajuda na reintrodu\u00e7\u00e3o da esp\u00e9cie no Rio de Janeiro","datePublished":"2022-09-19T15:46:05+00:00","dateModified":"2022-09-19T15:46:08+00:00","mainEntityOfPage":{"@id":"https:\/\/jornalfatosenoticias.com.br\/index.php\/2022\/09\/19\/casal-de-antas-ajuda-na-reintroducao-da-especie-no-rio-de-janeiro\/"},"wordCount":695,"commentCount":0,"publisher":{"@id":"https:\/\/jornalfatosenoticias.com.br\/#organization"},"image":{"@id":"https:\/\/jornalfatosenoticias.com.br\/index.php\/2022\/09\/19\/casal-de-antas-ajuda-na-reintroducao-da-especie-no-rio-de-janeiro\/#primaryimage"},"thumbnailUrl":"https:\/\/jornalfatosenoticias.com.br\/wp-content\/uploads\/2022\/09\/casal-antas-1.jpg","keywords":["antas","conserva\u00e7\u00e3o","dispersor de semente","jardineiras das florestas","reinseridas na natureza","reintrodu\u00e7\u00e3o da esp\u00e9cie","Rio de Janeiro"],"articleSection":["Meio ambiente"],"inLanguage":"pt-BR","potentialAction":[{"@type":"CommentAction","name":"Comment","target":["https:\/\/jornalfatosenoticias.com.br\/index.php\/2022\/09\/19\/casal-de-antas-ajuda-na-reintroducao-da-especie-no-rio-de-janeiro\/#respond"]}]},{"@type":"WebPage","@id":"https:\/\/jornalfatosenoticias.com.br\/index.php\/2022\/09\/19\/casal-de-antas-ajuda-na-reintroducao-da-especie-no-rio-de-janeiro\/","url":"https:\/\/jornalfatosenoticias.com.br\/index.php\/2022\/09\/19\/casal-de-antas-ajuda-na-reintroducao-da-especie-no-rio-de-janeiro\/","name":"Casal de antas ajuda na reintrodu\u00e7\u00e3o da esp\u00e9cie no Rio de Janeiro - Jornal Fatos e Not\u00edcias","isPartOf":{"@id":"https:\/\/jornalfatosenoticias.com.br\/#website"},"primaryImageOfPage":{"@id":"https:\/\/jornalfatosenoticias.com.br\/index.php\/2022\/09\/19\/casal-de-antas-ajuda-na-reintroducao-da-especie-no-rio-de-janeiro\/#primaryimage"},"image":{"@id":"https:\/\/jornalfatosenoticias.com.br\/index.php\/2022\/09\/19\/casal-de-antas-ajuda-na-reintroducao-da-especie-no-rio-de-janeiro\/#primaryimage"},"thumbnailUrl":"https:\/\/jornalfatosenoticias.com.br\/wp-content\/uploads\/2022\/09\/casal-antas-1.jpg","datePublished":"2022-09-19T15:46:05+00:00","dateModified":"2022-09-19T15:46:08+00:00","breadcrumb":{"@id":"https:\/\/jornalfatosenoticias.com.br\/index.php\/2022\/09\/19\/casal-de-antas-ajuda-na-reintroducao-da-especie-no-rio-de-janeiro\/#breadcrumb"},"inLanguage":"pt-BR","potentialAction":[{"@type":"ReadAction","target":["https:\/\/jornalfatosenoticias.com.br\/index.php\/2022\/09\/19\/casal-de-antas-ajuda-na-reintroducao-da-especie-no-rio-de-janeiro\/"]}]},{"@type":"ImageObject","inLanguage":"pt-BR","@id":"https:\/\/jornalfatosenoticias.com.br\/index.php\/2022\/09\/19\/casal-de-antas-ajuda-na-reintroducao-da-especie-no-rio-de-janeiro\/#primaryimage","url":"https:\/\/jornalfatosenoticias.com.br\/wp-content\/uploads\/2022\/09\/casal-antas-1.jpg","contentUrl":"https:\/\/jornalfatosenoticias.com.br\/wp-content\/uploads\/2022\/09\/casal-antas-1.jpg","width":1000,"height":584},{"@type":"BreadcrumbList","@id":"https:\/\/jornalfatosenoticias.com.br\/index.php\/2022\/09\/19\/casal-de-antas-ajuda-na-reintroducao-da-especie-no-rio-de-janeiro\/#breadcrumb","itemListElement":[{"@type":"ListItem","position":1,"name":"In\u00edcio","item":"https:\/\/jornalfatosenoticias.com.br\/"},{"@type":"ListItem","position":2,"name":"Casal de antas ajuda na reintrodu\u00e7\u00e3o da esp\u00e9cie no Rio de Janeiro"}]},{"@type":"WebSite","@id":"https:\/\/jornalfatosenoticias.com.br\/#website","url":"https:\/\/jornalfatosenoticias.com.br\/","name":"Jornal Fatos e Not\u00edcias","description":"Not\u00edcias em geral","publisher":{"@id":"https:\/\/jornalfatosenoticias.com.br\/#organization"},"potentialAction":[{"@type":"SearchAction","target":{"@type":"EntryPoint","urlTemplate":"https:\/\/jornalfatosenoticias.com.br\/?s={search_term_string}"},"query-input":{"@type":"PropertyValueSpecification","valueRequired":true,"valueName":"search_term_string"}}],"inLanguage":"pt-BR"},{"@type":"Organization","@id":"https:\/\/jornalfatosenoticias.com.br\/#organization","name":"Jornal Fatos e Not\u00edcias","url":"https:\/\/jornalfatosenoticias.com.br\/","logo":{"@type":"ImageObject","inLanguage":"pt-BR","@id":"https:\/\/jornalfatosenoticias.com.br\/#\/schema\/logo\/image\/","url":"https:\/\/jornalfatosenoticias.com.br\/wp-content\/uploads\/2020\/02\/logo120.png","contentUrl":"https:\/\/jornalfatosenoticias.com.br\/wp-content\/uploads\/2020\/02\/logo120.png","width":1227,"height":120,"caption":"Jornal Fatos e Not\u00edcias"},"image":{"@id":"https:\/\/jornalfatosenoticias.com.br\/#\/schema\/logo\/image\/"}},{"@type":"Person","@id":"https:\/\/jornalfatosenoticias.com.br\/#\/schema\/person\/d63837fa13ac8666eb9e74e0985d6f81","name":"Luzimara Fernandes","image":{"@type":"ImageObject","inLanguage":"pt-BR","@id":"https:\/\/jornalfatosenoticias.com.br\/#\/schema\/person\/image\/","url":"https:\/\/jornalfatosenoticias.com.br\/wp-content\/uploads\/2025\/05\/EU_portal.jpg","contentUrl":"https:\/\/jornalfatosenoticias.com.br\/wp-content\/uploads\/2025\/05\/EU_portal.jpg","caption":"Luzimara Fernandes"},"description":"Jornalista MTB 2358-ES","sameAs":["https:\/\/jornalfatosenoticias.com.br"],"url":"https:\/\/jornalfatosenoticias.com.br\/index.php\/author\/luzimara\/"}]}},"cc_featured_image_caption":{"caption_text":"(Foto: V\u00edtor Marigo\/Divulga\u00e7\u00e3o)","source_text":"","source_url":""},"jetpack_featured_media_url":"https:\/\/jornalfatosenoticias.com.br\/wp-content\/uploads\/2022\/09\/casal-antas-1.jpg","_links":{"self":[{"href":"https:\/\/jornalfatosenoticias.com.br\/index.php\/wp-json\/wp\/v2\/posts\/34343","targetHints":{"allow":["GET"]}}],"collection":[{"href":"https:\/\/jornalfatosenoticias.com.br\/index.php\/wp-json\/wp\/v2\/posts"}],"about":[{"href":"https:\/\/jornalfatosenoticias.com.br\/index.php\/wp-json\/wp\/v2\/types\/post"}],"author":[{"embeddable":true,"href":"https:\/\/jornalfatosenoticias.com.br\/index.php\/wp-json\/wp\/v2\/users\/2"}],"replies":[{"embeddable":true,"href":"https:\/\/jornalfatosenoticias.com.br\/index.php\/wp-json\/wp\/v2\/comments?post=34343"}],"version-history":[{"count":0,"href":"https:\/\/jornalfatosenoticias.com.br\/index.php\/wp-json\/wp\/v2\/posts\/34343\/revisions"}],"wp:featuredmedia":[{"embeddable":true,"href":"https:\/\/jornalfatosenoticias.com.br\/index.php\/wp-json\/wp\/v2\/media\/34346"}],"wp:attachment":[{"href":"https:\/\/jornalfatosenoticias.com.br\/index.php\/wp-json\/wp\/v2\/media?parent=34343"}],"wp:term":[{"taxonomy":"category","embeddable":true,"href":"https:\/\/jornalfatosenoticias.com.br\/index.php\/wp-json\/wp\/v2\/categories?post=34343"},{"taxonomy":"post_tag","embeddable":true,"href":"https:\/\/jornalfatosenoticias.com.br\/index.php\/wp-json\/wp\/v2\/tags?post=34343"}],"curies":[{"name":"wp","href":"https:\/\/api.w.org\/{rel}","templated":true}]}}