{"id":34387,"date":"2022-09-21T08:37:31","date_gmt":"2022-09-21T11:37:31","guid":{"rendered":"https:\/\/jornalfatosenoticias.com.br\/?p=34387"},"modified":"2022-09-21T20:41:59","modified_gmt":"2022-09-21T23:41:59","slug":"verdade-x-mentira","status":"publish","type":"post","link":"https:\/\/jornalfatosenoticias.com.br\/index.php\/2022\/09\/21\/verdade-x-mentira\/","title":{"rendered":"Verdade X Mentira"},"content":{"rendered":"\n<p><span class=\"has-inline-color has-black-color\"><em>\u201cSe h\u00e1 luz, n\u00e3o existem trevas; se n\u00e3o h\u00e1 luz, as trevas aparecem. A treva \u00e9 a aus\u00eancia de luz, n\u00e3o a presen\u00e7a de alguma coisa. Por isso \u00e9 que a luz vai e vem, mas a treva permanece\u201d, <a href=\"https:\/\/redemetamorfose.org\/artigos\/a-natureza-das-trevas-e-da-luz\">site https:\/\/redemetamorfose.org\/artigos\/a-natureza-das-trevas-e-da-luz<\/a><\/em><\/span><\/p>\n\n\n\n<p><em><span class=\"has-inline-color has-luminous-vivid-orange-color\"><strong>Coluna&nbsp;<\/strong>\u2014 Na Minha Opini\u00e3o<\/span><\/em><\/p>\n\n\n\n<div class=\"wp-block-image\"><figure class=\"aligncenter size-large\"><img decoding=\"async\" src=\"https:\/\/jornalfatosenoticias.com.br\/wp-content\/uploads\/2020\/02\/nova-logo-zucchi-1024x110.jpeg\" alt=\"\" class=\"wp-image-33846\"\/><\/figure><\/div>\n\n\n\n<p><em><span class=\"has-inline-color has-black-color\">\u201cOnde existe luz n\u00e3o h\u00e1 trevas, pois a luz dissipa as trevas; onde a verdade chega, a mentira n\u00e3o prevalece\u201d.<\/span><\/em> Cresci ouvindo esses prov\u00e9rbios e tenho eles como uma verdade insofism\u00e1vel. Vale dizer que na pol\u00edtica brasileira houve um tempo em que a mentira e a falsidade dominaram o cen\u00e1rio nacional.<br>Homens, sem qualquer escr\u00fapulo, pregando inverdades, constru\u00edram carreiras pol\u00edticas amparadas em falsidades e enganos. Mas, um dia, apareceu um homem chamado JAIR BOLSONARO, trazendo como slogan de sua campanha pol\u00edtica a verdade, e nada mais que a verdade.<\/p>\n\n\n\n<div class=\"wp-block-jetpack-tiled-gallery aligncenter is-style-rectangular\"><div class=\"tiled-gallery__gallery\"><div class=\"tiled-gallery__row\"><div class=\"tiled-gallery__col\" style=\"flex-basis:50%\"><figure class=\"tiled-gallery__item\"><img decoding=\"async\" alt=\"\" data-height=\"250\" data-id=\"33178\" data-link=\"https:\/\/jornalfatosenoticias.com.br\/arte-casarao\/\" data-url=\"https:\/\/jornalfatosenoticias.com.br\/wp-content\/uploads\/2022\/08\/arte-Casarao.jpg\" data-width=\"300\" src=\"https:\/\/i0.wp.com\/jornalfatosenoticias.com.br\/wp-content\/uploads\/2022\/08\/arte-Casarao.jpg?ssl=1\" layout=\"responsive\"\/><\/figure><\/div><div class=\"tiled-gallery__col\" style=\"flex-basis:50%\"><figure class=\"tiled-gallery__item\"><img decoding=\"async\" alt=\"\" data-height=\"250\" data-id=\"1214\" data-link=\"https:\/\/jornalfatosenoticias.com.br\/index.php\/sa_slider\/1070\/logo_esteio\/\" data-url=\"https:\/\/jornalfatosenoticias.com.br\/wp-content\/uploads\/2020\/02\/logo_esteio.jpg\" data-width=\"300\" src=\"https:\/\/i2.wp.com\/jornalfatosenoticias.com.br\/wp-content\/uploads\/2020\/02\/logo_esteio.jpg?ssl=1\" layout=\"responsive\"\/><\/figure><\/div><\/div><\/div><\/div>\n\n\n\n<p>Durante a campanha de 2018 JAIR BOLSONARO repetia Jo\u00e3o 3:16 \u201ce conhecereis a verdade, e a verdade vos libertar\u00e1\u201d.<br>Para quem sabe que essa verdade, expressada no texto b\u00edblico, significa literalmente JESUS CRISTO, o qual disse que si mesmo: \u201ceu sou o caminho, a verdade e a vida\u2026\u201d, tem conhecimento de que n\u00e3o podemos confundir o significado desse texto para dar a ele o sentido de verdade como ant\u00f4nimo de mentira.<\/p>\n\n\n\n<div class=\"wp-block-image\"><figure class=\"aligncenter size-large\"><img loading=\"lazy\" decoding=\"async\" width=\"1024\" height=\"100\" src=\"https:\/\/jornalfatosenoticias.com.br\/wp-content\/uploads\/2020\/02\/banner_ferramentas-1024x100.jpg\" alt=\"\" class=\"wp-image-1258\" srcset=\"https:\/\/jornalfatosenoticias.com.br\/wp-content\/uploads\/2020\/02\/banner_ferramentas-1024x100.jpg 1024w, https:\/\/jornalfatosenoticias.com.br\/wp-content\/uploads\/2020\/02\/banner_ferramentas-300x29.jpg 300w, https:\/\/jornalfatosenoticias.com.br\/wp-content\/uploads\/2020\/02\/banner_ferramentas-768x75.jpg 768w, https:\/\/jornalfatosenoticias.com.br\/wp-content\/uploads\/2020\/02\/banner_ferramentas.jpg 1227w\" sizes=\"auto, (max-width: 1024px) 100vw, 1024px\" \/><\/figure><\/div>\n\n\n\n<p>Tamb\u00e9m cabe relatar que, em Jo\u00e3o 8:44, a B\u00edblia diz que o diabo \u00e9 o pai da mentira.<br>Em 2022, estamos diante do confronto dessas duas palavras ideologicamente opostas, e a Esquerda, como sempre fez, usa da mentira, ou de falsas narrativas para construir sua campanha pol\u00edtica. Deturpando os fatos, ou falando inverdades, vemos uma campanha pol\u00edtica orquestrada pela classe pol\u00edtico-jur\u00eddica brasileira unida para destruir JAIR BOLSONARO.<\/p>\n\n\n\n<div class=\"wp-block-group\"><div class=\"wp-block-group__inner-container is-layout-flow wp-block-group-is-layout-flow\">\n<div class=\"wp-block-jetpack-tiled-gallery aligncenter is-style-rectangular\"><div class=\"tiled-gallery__gallery\"><div class=\"tiled-gallery__row\"><div class=\"tiled-gallery__col\" style=\"flex-basis:51.182481477857124%\"><figure class=\"tiled-gallery__item\"><img decoding=\"async\" alt=\"\" data-height=\"226\" data-id=\"34101\" data-link=\"https:\/\/jornalfatosenoticias.com.br\/index.php\/sa_slider\/1070\/logo-ana_portal\/\" data-url=\"https:\/\/jornalfatosenoticias.com.br\/wp-content\/uploads\/2020\/02\/logo-Ana_portal.jpg\" data-width=\"300\" src=\"https:\/\/i2.wp.com\/jornalfatosenoticias.com.br\/wp-content\/uploads\/2020\/02\/logo-Ana_portal.jpg?ssl=1\" layout=\"responsive\"\/><\/figure><\/div><div class=\"tiled-gallery__col\" style=\"flex-basis:48.81751852214287%\"><figure class=\"tiled-gallery__item\"><img decoding=\"async\" alt=\"\" data-height=\"237\" data-id=\"32994\" data-link=\"https:\/\/jornalfatosenoticias.com.br\/index.php\/sa_slider\/1070\/seventur-turismo-2\/\" data-url=\"https:\/\/jornalfatosenoticias.com.br\/wp-content\/uploads\/2020\/02\/SEVENTUR-TURISMO.jpg\" data-width=\"300\" src=\"https:\/\/i1.wp.com\/jornalfatosenoticias.com.br\/wp-content\/uploads\/2020\/02\/SEVENTUR-TURISMO.jpg?ssl=1\" layout=\"responsive\"\/><\/figure><\/div><\/div><\/div><\/div>\n<\/div><\/div>\n\n\n\n<p>As falsas narrativas s\u00e3o muitas, mas para n\u00e3o ser prolixo quero citar a campanha de difama\u00e7\u00e3o envolvendo im\u00f3veis comprados por pessoas ligadas ao Presidente, algumas delas nem podem ser chamadas de fam\u00edlia, na acep\u00e7\u00e3o exata do termo, pois envolve ex-mulheres e ex-cunhado, para dizer que o \u201ccl\u00e3 bolsonarista\u201d comprou diversos im\u00f3veis mediante pagamento em moeda corrente.<\/p>\n\n\n\n<div class=\"wp-block-image\"><figure class=\"aligncenter size-large is-resized\"><img loading=\"lazy\" decoding=\"async\" src=\"https:\/\/jornalfatosenoticias.com.br\/wp-content\/uploads\/2020\/02\/Serra-Grande-1024x160.png\" alt=\"\" class=\"wp-image-7836\" width=\"504\" height=\"78\"\/><\/figure><\/div>\n\n\n\n<p>A crueldade da mentira est\u00e1 no fato de afirmar que o termo moeda corrente colocado nas certid\u00f5es cartor\u00e1rias significa dinheiro vivo; a crueldade da mentira est\u00e1 no fato de atualizar o valor pago pelos im\u00f3veis, desprezando uma regra do pr\u00f3prio imposto de renda, que mant\u00e9m inalterado o pre\u00e7o de aquisi\u00e7\u00e3o dos im\u00f3veis nas declara\u00e7\u00f5es de bens; a crueldade est\u00e1 no fato de que um dos im\u00f3veis teve mais de 50% de seu valor financiado junto ao banco, mas eles usam o pre\u00e7o da compra para apurar o valor apresentado, elevando em milhares de reais o volume de dinheiro, para criar a falsa impress\u00e3o de que se trata de ilegalidade; a crueldade da narrativa est\u00e1 no fato de que o mesmo im\u00f3vel foi comprado, vendido e recomprado pelo Presidente, constando na lista em mais de uma vez, para se chegar a uma cifra astron\u00f4mica das negocia\u00e7\u00f5es; a crueldade est\u00e1 no fato de desconsiderar que se voc\u00ea compra um im\u00f3vel, depois vende e compra outro, seria necess\u00e1rio apurar apenas a diferen\u00e7a de capital, e jamais a soma dos pre\u00e7os dos dois im\u00f3veis.<\/p>\n\n\n\n<div class=\"wp-block-image\"><figure class=\"alignleft size-large is-resized\"><img loading=\"lazy\" decoding=\"async\" src=\"https:\/\/jornalfatosenoticias.com.br\/wp-content\/uploads\/2022\/08\/logo-locau-veiculos-1024x573.png\" alt=\"\" class=\"wp-image-33078\" width=\"369\" height=\"206\"\/><\/figure><\/div>\n\n\n\n<p>No caso do que chamam de esc\u00e2ndalo do Minist\u00e9rio da Educa\u00e7\u00e3o, se baseiam apenas na dela\u00e7\u00e3o de 10 prefeitos que relataram ter recebido pedido de propina por parte de dois Pastores que tinham acesso facilitado ao ministro da Educa\u00e7\u00e3o.<\/p>\n\n\n\n<div class=\"wp-block-image\"><figure class=\"aligncenter size-large\"><img decoding=\"async\" src=\"https:\/\/jornalfatosenoticias.com.br\/wp-content\/uploads\/2020\/02\/logo-embacia-1-1024x110.jpg\" alt=\"\" class=\"wp-image-33954\"\/><\/figure><\/div>\n\n\n\n<p>Nesse caso n\u00e3o existem barras de ouro apreendidas ou, sequer, informa\u00e7\u00e3o de ter sido paga a propina; n\u00e3o existe grava\u00e7\u00e3o ou v\u00eddeo para confirmar as palavras dos delatores, mas o que falou este pol\u00edtico \u00e9 suficiente para condenar um governo, maculando a imagem do Presidente da Rep\u00fablica, que jamais teve seu nome envolvido nos pretensos desvios.<\/p>\n\n\n\n<div class=\"wp-block-image\"><figure class=\"aligncenter size-large\"><img loading=\"lazy\" decoding=\"async\" width=\"1024\" height=\"100\" src=\"https:\/\/jornalfatosenoticias.com.br\/wp-content\/uploads\/2022\/05\/NOVA-LOGO-CESCONETTO-1024x100.jpg\" alt=\"\" class=\"wp-image-30792\" srcset=\"https:\/\/jornalfatosenoticias.com.br\/wp-content\/uploads\/2022\/05\/NOVA-LOGO-CESCONETTO-1024x100.jpg 1024w, https:\/\/jornalfatosenoticias.com.br\/wp-content\/uploads\/2022\/05\/NOVA-LOGO-CESCONETTO-300x29.jpg 300w, https:\/\/jornalfatosenoticias.com.br\/wp-content\/uploads\/2022\/05\/NOVA-LOGO-CESCONETTO-768x75.jpg 768w, https:\/\/jornalfatosenoticias.com.br\/wp-content\/uploads\/2022\/05\/NOVA-LOGO-CESCONETTO.jpg 1280w\" sizes=\"auto, (max-width: 1024px) 100vw, 1024px\" \/><\/figure><\/div>\n\n\n\n<p>No caso da corrup\u00e7\u00e3o do governo Lula, temos delatores que devolveram dinheiro desviado, delatores que eram pr\u00f3ximos ao ex-presidente, como o Palocci, tivemos dela\u00e7\u00f5es dos empres\u00e1rios Marcelo Odebrecht, de L\u00e9o Pinheiro da OAS, temos provas como bens e objetos grafados com o nome da fam\u00edlia de Lula que foram encontrados no s\u00edtio de Atibaia, mas nada disso \u00e9 capaz de calar a boca dessa turma de mentirosos.<\/p>\n\n\n\n<div class=\"wp-block-image\"><figure class=\"aligncenter size-large is-resized\"><img loading=\"lazy\" decoding=\"async\" src=\"https:\/\/jornalfatosenoticias.com.br\/wp-content\/uploads\/2022\/07\/Logo-Grupo-SEI.jpg\" alt=\"\" class=\"wp-image-31973\" width=\"343\" height=\"180\" srcset=\"https:\/\/jornalfatosenoticias.com.br\/wp-content\/uploads\/2022\/07\/Logo-Grupo-SEI.jpg 713w, https:\/\/jornalfatosenoticias.com.br\/wp-content\/uploads\/2022\/07\/Logo-Grupo-SEI-300x158.jpg 300w\" sizes=\"auto, (max-width: 343px) 100vw, 343px\" \/><\/figure><\/div>\n\n\n\n<p>O dia 02 de outubro \u00e9, para mim, considerado a \u201chora da verdade\u201d, onde vou ter a oportunidade de ver se tudo o que eu acreditei ao longo da minha vida, no sentido de que onde existe luz, as trevas n\u00e3o predominam; no sentido de que quando a verdade chega, a mentira n\u00e3o tem lugar; no sentido de que a mentira tem pernas curtas, e precisa ir embora quando a verdade chega.<\/p>\n\n\n\n<div class=\"wp-block-group\"><div class=\"wp-block-group__inner-container is-layout-flow wp-block-group-is-layout-flow\">\n<div class=\"wp-block-jetpack-tiled-gallery aligncenter is-style-rectangular\"><div class=\"tiled-gallery__gallery\"><div class=\"tiled-gallery__row\"><div class=\"tiled-gallery__col\" style=\"flex-basis:44.83638402883064%\"><figure class=\"tiled-gallery__item\"><img decoding=\"async\" alt=\"\" data-height=\"433\" data-id=\"22331\" data-link=\"https:\/\/jornalfatosenoticias.com.br\/index.php\/sa_slider\/1070\/nova-logo-marquetti\/\" data-url=\"https:\/\/jornalfatosenoticias.com.br\/wp-content\/uploads\/2020\/02\/nova-logo-Marquetti.jpg\" data-width=\"643\" src=\"https:\/\/i2.wp.com\/jornalfatosenoticias.com.br\/wp-content\/uploads\/2020\/02\/nova-logo-Marquetti.jpg?ssl=1\" layout=\"responsive\"\/><\/figure><\/div><div class=\"tiled-gallery__col\" style=\"flex-basis:55.163615971169364%\"><figure class=\"tiled-gallery__item\"><img decoding=\"async\" alt=\"\" data-height=\"164\" data-id=\"34339\" data-link=\"https:\/\/jornalfatosenoticias.com.br\/index.php\/sa_slider\/1070\/barao-das-carnes-300x164\/\" data-url=\"https:\/\/jornalfatosenoticias.com.br\/wp-content\/uploads\/2020\/02\/barao-das-carnes-300x164-1.jpg\" data-width=\"300\" src=\"https:\/\/i2.wp.com\/jornalfatosenoticias.com.br\/wp-content\/uploads\/2020\/02\/barao-das-carnes-300x164-1.jpg?ssl=1\" layout=\"responsive\"\/><\/figure><\/div><\/div><\/div><\/div>\n<\/div><\/div>\n\n\n\n<p>Espero sinceramente que DEUS tenha miseric\u00f3rdia do Brasil, e que a mentira seja vencida pela verdade, e que os socialistas canalhas, difamadores, inventores de narrativas, construtores de teses enganosas, sejam desmascarados e reduzidos \u00e0 insignific\u00e2ncia de suas exist\u00eancias, que pouco agregam para o mundo. Espero que seu castelo de falsidade possa ruir, desmoronando sobre cada narrativa desonesta, para que a verdade prevale\u00e7a.<br>Aguardo pelo 02 de outubro ansiosamente.<\/p>\n\n\n\n<div class=\"wp-block-image\"><figure class=\"alignleft size-large is-resized\"><img loading=\"lazy\" decoding=\"async\" src=\"https:\/\/jornalfatosenoticias.com.br\/wp-content\/uploads\/2022\/03\/delegado_Marcio2-removebg-preview.png\" alt=\"\" class=\"wp-image-28454\" width=\"202\" height=\"196\" srcset=\"https:\/\/jornalfatosenoticias.com.br\/wp-content\/uploads\/2022\/03\/delegado_Marcio2-removebg-preview.png 507w, https:\/\/jornalfatosenoticias.com.br\/wp-content\/uploads\/2022\/03\/delegado_Marcio2-removebg-preview-300x291.png 300w\" sizes=\"auto, (max-width: 202px) 100vw, 202px\" \/><figcaption><strong><em><span class=\"has-inline-color has-black-color\">Delegado Federal M\u00e1rcio Greik<\/span><\/em><\/strong><\/figcaption><\/figure><\/div>\n","protected":false},"excerpt":{"rendered":"<p>\u201cSe h\u00e1 luz, n\u00e3o existem trevas; se n\u00e3o h\u00e1 luz, as trevas aparecem. A treva \u00e9 a aus\u00eancia de luz, n\u00e3o a presen\u00e7a de alguma coisa. Por isso \u00e9 que a luz vai e vem, mas a treva permanece\u201d, site https:\/\/redemetamorfose.org\/artigos\/a-natureza-das-trevas-e-da-luz Coluna&nbsp;\u2014 Na Minha Opini\u00e3o \u201cOnde existe luz n\u00e3o h\u00e1 trevas, pois a luz dissipa [&hellip;]<\/p>\n","protected":false},"author":2,"featured_media":34389,"comment_status":"open","ping_status":"open","sticky":false,"template":"","format":"standard","meta":{"footnotes":""},"categories":[10],"tags":[13732,732,2887,16146,545,16147,7235],"class_list":["post-34387","post","type-post","status-publish","format-standard","has-post-thumbnail","hentry","category-politica","tag-discurso-de-odio","tag-fake-news","tag-luz","tag-mentiras","tag-politica","tag-trevas","tag-verdades"],"yoast_head":"<!-- This site is optimized with the Yoast SEO plugin v26.5 - https:\/\/yoast.com\/wordpress\/plugins\/seo\/ -->\n<title>Verdade X Mentira - Jornal Fatos e Not\u00edcias<\/title>\n<meta name=\"robots\" content=\"index, follow, max-snippet:-1, max-image-preview:large, max-video-preview:-1\" \/>\n<link rel=\"canonical\" href=\"https:\/\/jornalfatosenoticias.com.br\/index.php\/2022\/09\/21\/verdade-x-mentira\/\" \/>\n<meta property=\"og:locale\" content=\"pt_BR\" \/>\n<meta property=\"og:type\" content=\"article\" \/>\n<meta property=\"og:title\" content=\"Verdade X Mentira - Jornal Fatos e Not\u00edcias\" \/>\n<meta property=\"og:description\" content=\"\u201cSe h\u00e1 luz, n\u00e3o existem trevas; se n\u00e3o h\u00e1 luz, as trevas aparecem. A treva \u00e9 a aus\u00eancia de luz, n\u00e3o a presen\u00e7a de alguma coisa. Por isso \u00e9 que a luz vai e vem, mas a treva permanece\u201d, site https:\/\/redemetamorfose.org\/artigos\/a-natureza-das-trevas-e-da-luz Coluna&nbsp;\u2014 Na Minha Opini\u00e3o \u201cOnde existe luz n\u00e3o h\u00e1 trevas, pois a luz dissipa [&hellip;]\" \/>\n<meta property=\"og:url\" content=\"https:\/\/jornalfatosenoticias.com.br\/index.php\/2022\/09\/21\/verdade-x-mentira\/\" \/>\n<meta property=\"og:site_name\" content=\"Jornal Fatos e Not\u00edcias\" \/>\n<meta property=\"article:published_time\" content=\"2022-09-21T11:37:31+00:00\" \/>\n<meta property=\"article:modified_time\" content=\"2022-09-21T23:41:59+00:00\" \/>\n<meta property=\"og:image\" content=\"https:\/\/jornalfatosenoticias.com.br\/wp-content\/uploads\/2022\/09\/fake-news-equerda.jpg\" \/>\n\t<meta property=\"og:image:width\" content=\"1000\" \/>\n\t<meta property=\"og:image:height\" content=\"555\" \/>\n\t<meta property=\"og:image:type\" content=\"image\/jpeg\" \/>\n<meta name=\"author\" content=\"Luzimara Fernandes\" \/>\n<meta name=\"twitter:card\" content=\"summary_large_image\" \/>\n<meta name=\"twitter:label1\" content=\"Escrito por\" \/>\n\t<meta name=\"twitter:data1\" content=\"Luzimara Fernandes\" \/>\n\t<meta name=\"twitter:label2\" content=\"Est. tempo de leitura\" \/>\n\t<meta name=\"twitter:data2\" content=\"4 minutos\" \/>\n<script type=\"application\/ld+json\" class=\"yoast-schema-graph\">{\"@context\":\"https:\/\/schema.org\",\"@graph\":[{\"@type\":\"Article\",\"@id\":\"https:\/\/jornalfatosenoticias.com.br\/index.php\/2022\/09\/21\/verdade-x-mentira\/#article\",\"isPartOf\":{\"@id\":\"https:\/\/jornalfatosenoticias.com.br\/index.php\/2022\/09\/21\/verdade-x-mentira\/\"},\"author\":{\"name\":\"Luzimara Fernandes\",\"@id\":\"https:\/\/jornalfatosenoticias.com.br\/#\/schema\/person\/d63837fa13ac8666eb9e74e0985d6f81\"},\"headline\":\"Verdade X Mentira\",\"datePublished\":\"2022-09-21T11:37:31+00:00\",\"dateModified\":\"2022-09-21T23:41:59+00:00\",\"mainEntityOfPage\":{\"@id\":\"https:\/\/jornalfatosenoticias.com.br\/index.php\/2022\/09\/21\/verdade-x-mentira\/\"},\"wordCount\":887,\"commentCount\":0,\"publisher\":{\"@id\":\"https:\/\/jornalfatosenoticias.com.br\/#organization\"},\"image\":{\"@id\":\"https:\/\/jornalfatosenoticias.com.br\/index.php\/2022\/09\/21\/verdade-x-mentira\/#primaryimage\"},\"thumbnailUrl\":\"https:\/\/jornalfatosenoticias.com.br\/wp-content\/uploads\/2022\/09\/fake-news-equerda.jpg\",\"keywords\":[\"discurso de \u00f3dio\",\"fake news\",\"luz\",\"mentiras\",\"pol\u00edtica\",\"trevas\",\"verdades\"],\"articleSection\":[\"Pol\u00edtica\"],\"inLanguage\":\"pt-BR\",\"potentialAction\":[{\"@type\":\"CommentAction\",\"name\":\"Comment\",\"target\":[\"https:\/\/jornalfatosenoticias.com.br\/index.php\/2022\/09\/21\/verdade-x-mentira\/#respond\"]}]},{\"@type\":\"WebPage\",\"@id\":\"https:\/\/jornalfatosenoticias.com.br\/index.php\/2022\/09\/21\/verdade-x-mentira\/\",\"url\":\"https:\/\/jornalfatosenoticias.com.br\/index.php\/2022\/09\/21\/verdade-x-mentira\/\",\"name\":\"Verdade X Mentira - Jornal Fatos e Not\u00edcias\",\"isPartOf\":{\"@id\":\"https:\/\/jornalfatosenoticias.com.br\/#website\"},\"primaryImageOfPage\":{\"@id\":\"https:\/\/jornalfatosenoticias.com.br\/index.php\/2022\/09\/21\/verdade-x-mentira\/#primaryimage\"},\"image\":{\"@id\":\"https:\/\/jornalfatosenoticias.com.br\/index.php\/2022\/09\/21\/verdade-x-mentira\/#primaryimage\"},\"thumbnailUrl\":\"https:\/\/jornalfatosenoticias.com.br\/wp-content\/uploads\/2022\/09\/fake-news-equerda.jpg\",\"datePublished\":\"2022-09-21T11:37:31+00:00\",\"dateModified\":\"2022-09-21T23:41:59+00:00\",\"breadcrumb\":{\"@id\":\"https:\/\/jornalfatosenoticias.com.br\/index.php\/2022\/09\/21\/verdade-x-mentira\/#breadcrumb\"},\"inLanguage\":\"pt-BR\",\"potentialAction\":[{\"@type\":\"ReadAction\",\"target\":[\"https:\/\/jornalfatosenoticias.com.br\/index.php\/2022\/09\/21\/verdade-x-mentira\/\"]}]},{\"@type\":\"ImageObject\",\"inLanguage\":\"pt-BR\",\"@id\":\"https:\/\/jornalfatosenoticias.com.br\/index.php\/2022\/09\/21\/verdade-x-mentira\/#primaryimage\",\"url\":\"https:\/\/jornalfatosenoticias.com.br\/wp-content\/uploads\/2022\/09\/fake-news-equerda.jpg\",\"contentUrl\":\"https:\/\/jornalfatosenoticias.com.br\/wp-content\/uploads\/2022\/09\/fake-news-equerda.jpg\",\"width\":1000,\"height\":555},{\"@type\":\"BreadcrumbList\",\"@id\":\"https:\/\/jornalfatosenoticias.com.br\/index.php\/2022\/09\/21\/verdade-x-mentira\/#breadcrumb\",\"itemListElement\":[{\"@type\":\"ListItem\",\"position\":1,\"name\":\"In\u00edcio\",\"item\":\"https:\/\/jornalfatosenoticias.com.br\/\"},{\"@type\":\"ListItem\",\"position\":2,\"name\":\"Verdade X Mentira\"}]},{\"@type\":\"WebSite\",\"@id\":\"https:\/\/jornalfatosenoticias.com.br\/#website\",\"url\":\"https:\/\/jornalfatosenoticias.com.br\/\",\"name\":\"Jornal Fatos e Not\u00edcias\",\"description\":\"Not\u00edcias em geral\",\"publisher\":{\"@id\":\"https:\/\/jornalfatosenoticias.com.br\/#organization\"},\"potentialAction\":[{\"@type\":\"SearchAction\",\"target\":{\"@type\":\"EntryPoint\",\"urlTemplate\":\"https:\/\/jornalfatosenoticias.com.br\/?s={search_term_string}\"},\"query-input\":{\"@type\":\"PropertyValueSpecification\",\"valueRequired\":true,\"valueName\":\"search_term_string\"}}],\"inLanguage\":\"pt-BR\"},{\"@type\":\"Organization\",\"@id\":\"https:\/\/jornalfatosenoticias.com.br\/#organization\",\"name\":\"Jornal Fatos e Not\u00edcias\",\"url\":\"https:\/\/jornalfatosenoticias.com.br\/\",\"logo\":{\"@type\":\"ImageObject\",\"inLanguage\":\"pt-BR\",\"@id\":\"https:\/\/jornalfatosenoticias.com.br\/#\/schema\/logo\/image\/\",\"url\":\"https:\/\/jornalfatosenoticias.com.br\/wp-content\/uploads\/2020\/02\/logo120.png\",\"contentUrl\":\"https:\/\/jornalfatosenoticias.com.br\/wp-content\/uploads\/2020\/02\/logo120.png\",\"width\":1227,\"height\":120,\"caption\":\"Jornal Fatos e Not\u00edcias\"},\"image\":{\"@id\":\"https:\/\/jornalfatosenoticias.com.br\/#\/schema\/logo\/image\/\"}},{\"@type\":\"Person\",\"@id\":\"https:\/\/jornalfatosenoticias.com.br\/#\/schema\/person\/d63837fa13ac8666eb9e74e0985d6f81\",\"name\":\"Luzimara Fernandes\",\"image\":{\"@type\":\"ImageObject\",\"inLanguage\":\"pt-BR\",\"@id\":\"https:\/\/jornalfatosenoticias.com.br\/#\/schema\/person\/image\/\",\"url\":\"https:\/\/jornalfatosenoticias.com.br\/wp-content\/uploads\/2025\/05\/EU_portal.jpg\",\"contentUrl\":\"https:\/\/jornalfatosenoticias.com.br\/wp-content\/uploads\/2025\/05\/EU_portal.jpg\",\"caption\":\"Luzimara Fernandes\"},\"description\":\"Jornalista MTB 2358-ES\",\"sameAs\":[\"https:\/\/jornalfatosenoticias.com.br\"],\"url\":\"https:\/\/jornalfatosenoticias.com.br\/index.php\/author\/luzimara\/\"}]}<\/script>\n<!-- \/ Yoast SEO plugin. -->","yoast_head_json":{"title":"Verdade X Mentira - Jornal Fatos e Not\u00edcias","robots":{"index":"index","follow":"follow","max-snippet":"max-snippet:-1","max-image-preview":"max-image-preview:large","max-video-preview":"max-video-preview:-1"},"canonical":"https:\/\/jornalfatosenoticias.com.br\/index.php\/2022\/09\/21\/verdade-x-mentira\/","og_locale":"pt_BR","og_type":"article","og_title":"Verdade X Mentira - Jornal Fatos e Not\u00edcias","og_description":"\u201cSe h\u00e1 luz, n\u00e3o existem trevas; se n\u00e3o h\u00e1 luz, as trevas aparecem. A treva \u00e9 a aus\u00eancia de luz, n\u00e3o a presen\u00e7a de alguma coisa. Por isso \u00e9 que a luz vai e vem, mas a treva permanece\u201d, site https:\/\/redemetamorfose.org\/artigos\/a-natureza-das-trevas-e-da-luz Coluna&nbsp;\u2014 Na Minha Opini\u00e3o \u201cOnde existe luz n\u00e3o h\u00e1 trevas, pois a luz dissipa [&hellip;]","og_url":"https:\/\/jornalfatosenoticias.com.br\/index.php\/2022\/09\/21\/verdade-x-mentira\/","og_site_name":"Jornal Fatos e Not\u00edcias","article_published_time":"2022-09-21T11:37:31+00:00","article_modified_time":"2022-09-21T23:41:59+00:00","og_image":[{"width":1000,"height":555,"url":"https:\/\/jornalfatosenoticias.com.br\/wp-content\/uploads\/2022\/09\/fake-news-equerda.jpg","type":"image\/jpeg"}],"author":"Luzimara Fernandes","twitter_card":"summary_large_image","twitter_misc":{"Escrito por":"Luzimara Fernandes","Est. tempo de leitura":"4 minutos"},"schema":{"@context":"https:\/\/schema.org","@graph":[{"@type":"Article","@id":"https:\/\/jornalfatosenoticias.com.br\/index.php\/2022\/09\/21\/verdade-x-mentira\/#article","isPartOf":{"@id":"https:\/\/jornalfatosenoticias.com.br\/index.php\/2022\/09\/21\/verdade-x-mentira\/"},"author":{"name":"Luzimara Fernandes","@id":"https:\/\/jornalfatosenoticias.com.br\/#\/schema\/person\/d63837fa13ac8666eb9e74e0985d6f81"},"headline":"Verdade X Mentira","datePublished":"2022-09-21T11:37:31+00:00","dateModified":"2022-09-21T23:41:59+00:00","mainEntityOfPage":{"@id":"https:\/\/jornalfatosenoticias.com.br\/index.php\/2022\/09\/21\/verdade-x-mentira\/"},"wordCount":887,"commentCount":0,"publisher":{"@id":"https:\/\/jornalfatosenoticias.com.br\/#organization"},"image":{"@id":"https:\/\/jornalfatosenoticias.com.br\/index.php\/2022\/09\/21\/verdade-x-mentira\/#primaryimage"},"thumbnailUrl":"https:\/\/jornalfatosenoticias.com.br\/wp-content\/uploads\/2022\/09\/fake-news-equerda.jpg","keywords":["discurso de \u00f3dio","fake news","luz","mentiras","pol\u00edtica","trevas","verdades"],"articleSection":["Pol\u00edtica"],"inLanguage":"pt-BR","potentialAction":[{"@type":"CommentAction","name":"Comment","target":["https:\/\/jornalfatosenoticias.com.br\/index.php\/2022\/09\/21\/verdade-x-mentira\/#respond"]}]},{"@type":"WebPage","@id":"https:\/\/jornalfatosenoticias.com.br\/index.php\/2022\/09\/21\/verdade-x-mentira\/","url":"https:\/\/jornalfatosenoticias.com.br\/index.php\/2022\/09\/21\/verdade-x-mentira\/","name":"Verdade X Mentira - Jornal Fatos e Not\u00edcias","isPartOf":{"@id":"https:\/\/jornalfatosenoticias.com.br\/#website"},"primaryImageOfPage":{"@id":"https:\/\/jornalfatosenoticias.com.br\/index.php\/2022\/09\/21\/verdade-x-mentira\/#primaryimage"},"image":{"@id":"https:\/\/jornalfatosenoticias.com.br\/index.php\/2022\/09\/21\/verdade-x-mentira\/#primaryimage"},"thumbnailUrl":"https:\/\/jornalfatosenoticias.com.br\/wp-content\/uploads\/2022\/09\/fake-news-equerda.jpg","datePublished":"2022-09-21T11:37:31+00:00","dateModified":"2022-09-21T23:41:59+00:00","breadcrumb":{"@id":"https:\/\/jornalfatosenoticias.com.br\/index.php\/2022\/09\/21\/verdade-x-mentira\/#breadcrumb"},"inLanguage":"pt-BR","potentialAction":[{"@type":"ReadAction","target":["https:\/\/jornalfatosenoticias.com.br\/index.php\/2022\/09\/21\/verdade-x-mentira\/"]}]},{"@type":"ImageObject","inLanguage":"pt-BR","@id":"https:\/\/jornalfatosenoticias.com.br\/index.php\/2022\/09\/21\/verdade-x-mentira\/#primaryimage","url":"https:\/\/jornalfatosenoticias.com.br\/wp-content\/uploads\/2022\/09\/fake-news-equerda.jpg","contentUrl":"https:\/\/jornalfatosenoticias.com.br\/wp-content\/uploads\/2022\/09\/fake-news-equerda.jpg","width":1000,"height":555},{"@type":"BreadcrumbList","@id":"https:\/\/jornalfatosenoticias.com.br\/index.php\/2022\/09\/21\/verdade-x-mentira\/#breadcrumb","itemListElement":[{"@type":"ListItem","position":1,"name":"In\u00edcio","item":"https:\/\/jornalfatosenoticias.com.br\/"},{"@type":"ListItem","position":2,"name":"Verdade X Mentira"}]},{"@type":"WebSite","@id":"https:\/\/jornalfatosenoticias.com.br\/#website","url":"https:\/\/jornalfatosenoticias.com.br\/","name":"Jornal Fatos e Not\u00edcias","description":"Not\u00edcias em geral","publisher":{"@id":"https:\/\/jornalfatosenoticias.com.br\/#organization"},"potentialAction":[{"@type":"SearchAction","target":{"@type":"EntryPoint","urlTemplate":"https:\/\/jornalfatosenoticias.com.br\/?s={search_term_string}"},"query-input":{"@type":"PropertyValueSpecification","valueRequired":true,"valueName":"search_term_string"}}],"inLanguage":"pt-BR"},{"@type":"Organization","@id":"https:\/\/jornalfatosenoticias.com.br\/#organization","name":"Jornal Fatos e Not\u00edcias","url":"https:\/\/jornalfatosenoticias.com.br\/","logo":{"@type":"ImageObject","inLanguage":"pt-BR","@id":"https:\/\/jornalfatosenoticias.com.br\/#\/schema\/logo\/image\/","url":"https:\/\/jornalfatosenoticias.com.br\/wp-content\/uploads\/2020\/02\/logo120.png","contentUrl":"https:\/\/jornalfatosenoticias.com.br\/wp-content\/uploads\/2020\/02\/logo120.png","width":1227,"height":120,"caption":"Jornal Fatos e Not\u00edcias"},"image":{"@id":"https:\/\/jornalfatosenoticias.com.br\/#\/schema\/logo\/image\/"}},{"@type":"Person","@id":"https:\/\/jornalfatosenoticias.com.br\/#\/schema\/person\/d63837fa13ac8666eb9e74e0985d6f81","name":"Luzimara Fernandes","image":{"@type":"ImageObject","inLanguage":"pt-BR","@id":"https:\/\/jornalfatosenoticias.com.br\/#\/schema\/person\/image\/","url":"https:\/\/jornalfatosenoticias.com.br\/wp-content\/uploads\/2025\/05\/EU_portal.jpg","contentUrl":"https:\/\/jornalfatosenoticias.com.br\/wp-content\/uploads\/2025\/05\/EU_portal.jpg","caption":"Luzimara Fernandes"},"description":"Jornalista MTB 2358-ES","sameAs":["https:\/\/jornalfatosenoticias.com.br"],"url":"https:\/\/jornalfatosenoticias.com.br\/index.php\/author\/luzimara\/"}]}},"cc_featured_image_caption":{"caption_text":"(Foto: Pinterest) ","source_text":"","source_url":""},"jetpack_featured_media_url":"https:\/\/jornalfatosenoticias.com.br\/wp-content\/uploads\/2022\/09\/fake-news-equerda.jpg","_links":{"self":[{"href":"https:\/\/jornalfatosenoticias.com.br\/index.php\/wp-json\/wp\/v2\/posts\/34387","targetHints":{"allow":["GET"]}}],"collection":[{"href":"https:\/\/jornalfatosenoticias.com.br\/index.php\/wp-json\/wp\/v2\/posts"}],"about":[{"href":"https:\/\/jornalfatosenoticias.com.br\/index.php\/wp-json\/wp\/v2\/types\/post"}],"author":[{"embeddable":true,"href":"https:\/\/jornalfatosenoticias.com.br\/index.php\/wp-json\/wp\/v2\/users\/2"}],"replies":[{"embeddable":true,"href":"https:\/\/jornalfatosenoticias.com.br\/index.php\/wp-json\/wp\/v2\/comments?post=34387"}],"version-history":[{"count":0,"href":"https:\/\/jornalfatosenoticias.com.br\/index.php\/wp-json\/wp\/v2\/posts\/34387\/revisions"}],"wp:featuredmedia":[{"embeddable":true,"href":"https:\/\/jornalfatosenoticias.com.br\/index.php\/wp-json\/wp\/v2\/media\/34389"}],"wp:attachment":[{"href":"https:\/\/jornalfatosenoticias.com.br\/index.php\/wp-json\/wp\/v2\/media?parent=34387"}],"wp:term":[{"taxonomy":"category","embeddable":true,"href":"https:\/\/jornalfatosenoticias.com.br\/index.php\/wp-json\/wp\/v2\/categories?post=34387"},{"taxonomy":"post_tag","embeddable":true,"href":"https:\/\/jornalfatosenoticias.com.br\/index.php\/wp-json\/wp\/v2\/tags?post=34387"}],"curies":[{"name":"wp","href":"https:\/\/api.w.org\/{rel}","templated":true}]}}