{"id":34396,"date":"2022-09-21T09:15:51","date_gmt":"2022-09-21T12:15:51","guid":{"rendered":"https:\/\/jornalfatosenoticias.com.br\/?p=34396"},"modified":"2022-09-21T09:15:54","modified_gmt":"2022-09-21T12:15:54","slug":"dia-da-arvore-projeto-ajuda-a-reflorestar-bioma-100-brasileiro","status":"publish","type":"post","link":"https:\/\/jornalfatosenoticias.com.br\/index.php\/2022\/09\/21\/dia-da-arvore-projeto-ajuda-a-reflorestar-bioma-100-brasileiro\/","title":{"rendered":"Dia da \u00c1rvore: projeto ajuda a reflorestar bioma 100% brasileiro"},"content":{"rendered":"\n<p><em><span class=\"has-inline-color has-black-color\">Restaura Caatinga ganha destaque neste 21 de setembro<\/span><\/em><\/p>\n\n\n\n<div class=\"wp-block-image\"><figure class=\"aligncenter size-large\"><img loading=\"lazy\" decoding=\"async\" width=\"1024\" height=\"99\" src=\"https:\/\/jornalfatosenoticias.com.br\/wp-content\/uploads\/2020\/02\/Logo-Mizu-segunda-2-1024x99.png\" alt=\"\" class=\"wp-image-2353\" srcset=\"https:\/\/jornalfatosenoticias.com.br\/wp-content\/uploads\/2020\/02\/Logo-Mizu-segunda-2-1024x99.png 1024w, https:\/\/jornalfatosenoticias.com.br\/wp-content\/uploads\/2020\/02\/Logo-Mizu-segunda-2-300x29.png 300w, https:\/\/jornalfatosenoticias.com.br\/wp-content\/uploads\/2020\/02\/Logo-Mizu-segunda-2-768x74.png 768w, https:\/\/jornalfatosenoticias.com.br\/wp-content\/uploads\/2020\/02\/Logo-Mizu-segunda-2.png 1240w\" sizes=\"auto, (max-width: 1024px) 100vw, 1024px\" \/><\/figure><\/div>\n\n\n\n<p>Para marcar o Dia da \u00c1rvore, comemorado hoje (21), a Associa\u00e7\u00e3o Caatinga lan\u00e7a o projeto Restaura Caatinga, com o objetivo de difundir conhecimento t\u00e9cnico, treinar coletores de sementes e restaurar florestas de ecossistemas degradados. A data foi institu\u00edda a fim de conscientizar e ajudar os brasileiros a refletirem sobre a import\u00e2ncia das florestas para os seres vivos.<\/p>\n\n\n\n<div class=\"wp-block-image\"><figure class=\"aligncenter size-large\"><img decoding=\"async\" src=\"https:\/\/jornalfatosenoticias.com.br\/wp-content\/uploads\/2020\/02\/Serra-Grande-1024x160.png\" alt=\"\" class=\"wp-image-7836\"\/><\/figure><\/div>\n\n\n\n<p>A ideia, segundo a associa\u00e7\u00e3o, \u00e9 de \u201calinhar t\u00e9cnicas inovadoras de restaura\u00e7\u00e3o florestal, capacita\u00e7\u00e3o de pessoal e promo\u00e7\u00e3o da rede de sementes para prote\u00e7\u00e3o do bioma\u201d. Entre as atividades programadas est\u00e1 a restaura\u00e7\u00e3o florestal do entorno da Reserva Particular do Patrim\u00f4nio Natural (RPPN) Nen\u00e9m Barros, localizada no munic\u00edpio de Crate\u00fas (CE).<\/p>\n\n\n\n<div class=\"wp-block-jetpack-tiled-gallery aligncenter is-style-rectangular\"><div class=\"tiled-gallery__gallery\"><div class=\"tiled-gallery__row\"><div class=\"tiled-gallery__col\" style=\"flex-basis:54.09361975167184%\"><figure class=\"tiled-gallery__item\"><img decoding=\"async\" alt=\"\" data-height=\"848\" data-id=\"28088\" data-link=\"https:\/\/jornalfatosenoticias.com.br\/index.php\/2022\/02\/21\/apos-aval-do-governo-bolsonaro-anac-divulga-homologacao-do-aeroporto-de-linhares\/precisao-contabilidade\/\" data-url=\"https:\/\/jornalfatosenoticias.com.br\/wp-content\/uploads\/2022\/02\/Precisao-Contabilidade.jpg\" data-width=\"1200\" src=\"https:\/\/i1.wp.com\/jornalfatosenoticias.com.br\/wp-content\/uploads\/2022\/02\/Precisao-Contabilidade.jpg?ssl=1\" layout=\"responsive\"\/><\/figure><\/div><div class=\"tiled-gallery__col\" style=\"flex-basis:45.90638024832817%\"><figure class=\"tiled-gallery__item\"><img decoding=\"async\" alt=\"\" data-height=\"250\" data-id=\"1214\" data-link=\"https:\/\/jornalfatosenoticias.com.br\/index.php\/sa_slider\/1070\/logo_esteio\/\" data-url=\"https:\/\/jornalfatosenoticias.com.br\/wp-content\/uploads\/2020\/02\/logo_esteio.jpg\" data-width=\"300\" src=\"https:\/\/i2.wp.com\/jornalfatosenoticias.com.br\/wp-content\/uploads\/2020\/02\/logo_esteio.jpg?ssl=1\" layout=\"responsive\"\/><\/figure><\/div><\/div><\/div><\/div>\n\n\n\n<blockquote class=\"wp-block-quote is-layout-flow wp-block-quote-is-layout-flow\"><p><span class=\"has-inline-color has-luminous-vivid-orange-color\">\u201cA a\u00e7\u00e3o vai beneficiar 20 hectares ao redor da \u00e1rea, contribuindo com a recomposi\u00e7\u00e3o de uma regi\u00e3o degradada e protegendo ainda mais a Reserva Particular do Patrim\u00f4nio Natural (RPPN)\u201d, explica o coordenador-geral da Associa\u00e7\u00e3o Caatinga, Daniel Fernandes.<\/span><\/p><\/blockquote>\n\n\n\n<div class=\"wp-block-image\"><figure class=\"alignleft size-large\"><img loading=\"lazy\" decoding=\"async\" width=\"300\" height=\"250\" src=\"https:\/\/jornalfatosenoticias.com.br\/wp-content\/uploads\/2022\/08\/arte-Casarao.jpg\" alt=\"\" class=\"wp-image-33178\"\/><\/figure><\/div>\n\n\n\n<p>\u201cIsso tudo amplia a oferta dos servi\u00e7os ecossist\u00eamicos gerados a partir da floresta em p\u00e9, como o estoque e a remo\u00e7\u00e3o de carbono e a seguran\u00e7a h\u00eddrica\u201d, acrescentou ao informar que o Restaura Caatinga contempla quatro dos 17 Objetivos de Desenvolvimento Sustent\u00e1vel (ODS) estabelecidos pela Organiza\u00e7\u00e3o das Na\u00e7\u00f5es Unidas (ONU): o ODS 4 (Educa\u00e7\u00e3o de qualidade); o 11 (Cidades e comunidades sustent\u00e1veis); o 13 (A\u00e7\u00e3o contra a mudan\u00e7a global do clima); e o 15\u00ba (Vida terrestre).<\/p>\n\n\n\n<div class=\"wp-block-image\"><figure class=\"aligncenter size-large\"><img loading=\"lazy\" decoding=\"async\" width=\"1024\" height=\"103\" src=\"https:\/\/jornalfatosenoticias.com.br\/wp-content\/uploads\/2022\/02\/Arte-Autoescola-Galatas_endereco_portal-1024x103.png\" alt=\"\" class=\"wp-image-27869\" srcset=\"https:\/\/jornalfatosenoticias.com.br\/wp-content\/uploads\/2022\/02\/Arte-Autoescola-Galatas_endereco_portal-1024x103.png 1024w, https:\/\/jornalfatosenoticias.com.br\/wp-content\/uploads\/2022\/02\/Arte-Autoescola-Galatas_endereco_portal-300x30.png 300w, https:\/\/jornalfatosenoticias.com.br\/wp-content\/uploads\/2022\/02\/Arte-Autoescola-Galatas_endereco_portal-768x77.png 768w, https:\/\/jornalfatosenoticias.com.br\/wp-content\/uploads\/2022\/02\/Arte-Autoescola-Galatas_endereco_portal.png 1223w\" sizes=\"auto, (max-width: 1024px) 100vw, 1024px\" \/><\/figure><\/div>\n\n\n\n<p>De acordo com a associa\u00e7\u00e3o, o projeto tamb\u00e9m est\u00e1 alinhado \u00e0 D\u00e9cada de Recupera\u00e7\u00e3o dos Ecossistemas (2021-2030), estabelecida pela ONU. O projeto \u00e9 dividido em tr\u00eas atividades, sendo uma voltada \u00e0 realiza\u00e7\u00e3o de curso de restaura\u00e7\u00e3o ecol\u00f3gica da Caatinga, em formato on-line, \u201cpara atores envolvidos na cadeia da recupera\u00e7\u00e3o do bioma\u201d.<\/p>\n\n\n\n<div class=\"wp-block-image\"><figure class=\"aligncenter size-large\"><img loading=\"lazy\" decoding=\"async\" width=\"1024\" height=\"100\" src=\"https:\/\/jornalfatosenoticias.com.br\/wp-content\/uploads\/2022\/05\/NOVA-LOGO-CESCONETTO-1024x100.jpg\" alt=\"\" class=\"wp-image-30792\" srcset=\"https:\/\/jornalfatosenoticias.com.br\/wp-content\/uploads\/2022\/05\/NOVA-LOGO-CESCONETTO-1024x100.jpg 1024w, https:\/\/jornalfatosenoticias.com.br\/wp-content\/uploads\/2022\/05\/NOVA-LOGO-CESCONETTO-300x29.jpg 300w, https:\/\/jornalfatosenoticias.com.br\/wp-content\/uploads\/2022\/05\/NOVA-LOGO-CESCONETTO-768x75.jpg 768w, https:\/\/jornalfatosenoticias.com.br\/wp-content\/uploads\/2022\/05\/NOVA-LOGO-CESCONETTO.jpg 1280w\" sizes=\"auto, (max-width: 1024px) 100vw, 1024px\" \/><\/figure><\/div>\n\n\n\n<p>A segunda atividade \u00e9 a consolida\u00e7\u00e3o da Reserva Natural Serra das Almas, localizada entre os munic\u00edpios de Crate\u00fas (CE) e Buriti dos Montes (PI), como ponto de treinamento de coletores de sementes.<\/p>\n\n\n\n<div class=\"wp-block-image\"><figure class=\"aligncenter size-large is-resized\"><img loading=\"lazy\" decoding=\"async\" src=\"https:\/\/jornalfatosenoticias.com.br\/wp-content\/uploads\/2022\/07\/Logo-Grupo-SEI.jpg\" alt=\"\" class=\"wp-image-31973\" width=\"362\" height=\"190\" srcset=\"https:\/\/jornalfatosenoticias.com.br\/wp-content\/uploads\/2022\/07\/Logo-Grupo-SEI.jpg 713w, https:\/\/jornalfatosenoticias.com.br\/wp-content\/uploads\/2022\/07\/Logo-Grupo-SEI-300x158.jpg 300w\" sizes=\"auto, (max-width: 362px) 100vw, 362px\" \/><\/figure><\/div>\n\n\n\n<blockquote class=\"wp-block-quote is-layout-flow wp-block-quote-is-layout-flow\"><p><span class=\"has-inline-color has-luminous-vivid-orange-color\">\u201cA terceira \u00e9 a restaura\u00e7\u00e3o de 20 hectares de ecossistemas da caatinga da RPPN Nen\u00e9m Barros, em Crate\u00fas, a partir de t\u00e9cnica desenvolvida pelo Laborat\u00f3rio de Ecologia da Universidade Federal do Rio Grande do Norte (UFRN)\u201d, informa a associa\u00e7\u00e3o.<\/span><\/p><\/blockquote>\n\n\n\n<div class=\"wp-block-image\"><figure class=\"aligncenter size-large is-resized\"><img loading=\"lazy\" decoding=\"async\" src=\"https:\/\/jornalfatosenoticias.com.br\/wp-content\/uploads\/2022\/08\/logo-locau-veiculos-1024x573.png\" alt=\"\" class=\"wp-image-33078\" width=\"323\" height=\"180\"\/><\/figure><\/div>\n\n\n\n<h4 class=\"wp-block-heading\"><span class=\"has-inline-color has-vivid-green-cyan-color\">Prefeitura de Vit\u00f3ria prepara programa\u00e7\u00e3o especial ao Dia da \u00c1rvore<\/span><\/h4>\n\n\n\n<figure class=\"wp-block-image size-large\"><img loading=\"lazy\" decoding=\"async\" width=\"700\" height=\"700\" src=\"https:\/\/jornalfatosenoticias.com.br\/wp-content\/uploads\/2022\/09\/dia-da-arvore_Vitoria.jpg\" alt=\"\" class=\"wp-image-34397\" srcset=\"https:\/\/jornalfatosenoticias.com.br\/wp-content\/uploads\/2022\/09\/dia-da-arvore_Vitoria.jpg 700w, https:\/\/jornalfatosenoticias.com.br\/wp-content\/uploads\/2022\/09\/dia-da-arvore_Vitoria-300x300.jpg 300w, https:\/\/jornalfatosenoticias.com.br\/wp-content\/uploads\/2022\/09\/dia-da-arvore_Vitoria-150x150.jpg 150w\" sizes=\"auto, (max-width: 700px) 100vw, 700px\" \/><figcaption><em><span class=\"has-inline-color has-black-color\">Programa\u00e7\u00e3o Semmam Dia da \u00c1rvore 2022 (Foto: Divulga\u00e7\u00e3o)<\/span><\/em><\/figcaption><\/figure>\n\n\n\n<div class=\"wp-block-image\"><figure class=\"alignright size-large\"><img decoding=\"async\" src=\"https:\/\/jornalfatosenoticias.com.br\/wp-content\/uploads\/2020\/02\/barao-das-carnes-300x164-1.jpg\" alt=\"\" class=\"wp-image-34339\"\/><\/figure><\/div>\n\n\n\n<p>Hoje \u00e9 comemorado o Dia da \u00c1rvore e, para sensibilizar a popula\u00e7\u00e3o a respeito desse importante elemento da natureza, a Secretaria de Meio Ambiente de Vit\u00f3ria (Semmam) preparou uma programa\u00e7\u00e3o especial. As atividades t\u00eam in\u00edcio nesta quarta-feira (21), com a a\u00e7\u00e3o do Programa Vix Flora &#8220;\u00c9 Vit\u00f3ria Plantando a Cidade do Futuro e Cultivando Vidas no Presente&#8221;, que consiste no plantio de 60 mudas de vegeta\u00e7\u00e3o de restinga no Parque Alfonso Pastore, na Mata da Praia, a partir das oito horas.<br>Ser\u00e3o plantados exemplares de birib\u00e1-da-restinga, batina-da-restinga, trevo-da-restinga, camboat\u00e3, guapira e ma\u00e7\u00e3-da-praia. Participam da a\u00e7\u00e3o estudantes das Escolas Municipais de Ensino Fundamental (Emef) Octac\u00edlio Lomba, Adelvani Sysesmundo Ferreira de Azevedo e Maria Madalena de Oliveira Domingues.<\/p>\n\n\n\n<div class=\"wp-block-image\"><figure class=\"aligncenter size-large\"><img loading=\"lazy\" decoding=\"async\" width=\"1024\" height=\"100\" src=\"https:\/\/jornalfatosenoticias.com.br\/wp-content\/uploads\/2020\/02\/banner_ferramentas-1024x100.jpg\" alt=\"\" class=\"wp-image-1258\" srcset=\"https:\/\/jornalfatosenoticias.com.br\/wp-content\/uploads\/2020\/02\/banner_ferramentas-1024x100.jpg 1024w, https:\/\/jornalfatosenoticias.com.br\/wp-content\/uploads\/2020\/02\/banner_ferramentas-300x29.jpg 300w, https:\/\/jornalfatosenoticias.com.br\/wp-content\/uploads\/2020\/02\/banner_ferramentas-768x75.jpg 768w, https:\/\/jornalfatosenoticias.com.br\/wp-content\/uploads\/2020\/02\/banner_ferramentas.jpg 1227w\" sizes=\"auto, (max-width: 1024px) 100vw, 1024px\" \/><\/figure><\/div>\n\n\n\n<p>No s\u00e1bado (24), a partir das 9 horas, a a\u00e7\u00e3o tem continuidade com o plantio de mais 59 mudas na Pra\u00e7a da Crian\u00e7a, na Ilha do Pr\u00edncipe. Ser\u00e3o plantadas mudas de ip\u00ea-branco, pau-ferro, jatob\u00e1, carobinha e aderne. As a\u00e7\u00f5es do Dia da \u00c1rvore s\u00e3o uma parceria da Semmam com a Secretaria de Educa\u00e7\u00e3o (Seme) e a empresa MedS\u00eanior.<\/p>\n\n\n\n<div class=\"wp-block-jetpack-tiled-gallery aligncenter is-style-rectangular\"><div class=\"tiled-gallery__gallery\"><div class=\"tiled-gallery__row\"><div class=\"tiled-gallery__col\" style=\"flex-basis:50%\"><figure class=\"tiled-gallery__item\"><img decoding=\"async\" alt=\"\" data-height=\"600\" data-id=\"34392\" data-link=\"https:\/\/jornalfatosenoticias.com.br\/index.php\/2022\/09\/21\/semana-municipal-da-juventude-tera-oficinas-e-apresentacoes-culturais\/logo-zucchi-quadrada\/\" data-url=\"https:\/\/jornalfatosenoticias.com.br\/wp-content\/uploads\/2022\/09\/logo-zucchi-quadrada.jpg\" data-width=\"600\" src=\"https:\/\/i0.wp.com\/jornalfatosenoticias.com.br\/wp-content\/uploads\/2022\/09\/logo-zucchi-quadrada.jpg?ssl=1\" layout=\"responsive\"\/><\/figure><\/div><div class=\"tiled-gallery__col\" style=\"flex-basis:50%\"><figure class=\"tiled-gallery__item\"><img decoding=\"async\" alt=\"\" data-height=\"600\" data-id=\"33905\" data-link=\"https:\/\/jornalfatosenoticias.com.br\/index.php\/sa_slider\/1070\/logo-embacia\/\" data-url=\"https:\/\/jornalfatosenoticias.com.br\/wp-content\/uploads\/2020\/02\/logo-embacia.jpg\" data-width=\"600\" src=\"https:\/\/i1.wp.com\/jornalfatosenoticias.com.br\/wp-content\/uploads\/2020\/02\/logo-embacia.jpg?ssl=1\" layout=\"responsive\"\/><\/figure><\/div><\/div><\/div><\/div>\n\n\n\n<blockquote class=\"wp-block-quote is-layout-flow wp-block-quote-is-layout-flow\"><p><span class=\"has-inline-color has-luminous-vivid-orange-color\">&#8220;O objetivo dessas atividades \u00e9 levar consci\u00eancia ambiental para nossos estudantes e para a popula\u00e7\u00e3o em geral sobre a preserva\u00e7\u00e3o desse ecossistema t\u00e3o importante presente em nosso territ\u00f3rio. As a\u00e7\u00f5es integram o Vix Flora, que \u00e9 a maior pol\u00edtica p\u00fablica na \u00e1rea ambiental de Vit\u00f3ria. Trata-se de um programa de gest\u00e3o ambiental que envolve planejamento, parcerias e organiza\u00e7\u00e3o de equipes t\u00e9cnicas&#8221;, destacou o secret\u00e1rio municipal de Meio Ambiente, Tarc\u00edsio F\u00f6eger.<\/span><\/p><\/blockquote>\n\n\n\n<div class=\"wp-block-image\"><figure class=\"aligncenter size-large is-resized\"><img loading=\"lazy\" decoding=\"async\" src=\"https:\/\/jornalfatosenoticias.com.br\/wp-content\/uploads\/2020\/02\/nova-logo-Marquetti.jpg\" alt=\"\" class=\"wp-image-22331\" width=\"261\" height=\"175\" srcset=\"https:\/\/jornalfatosenoticias.com.br\/wp-content\/uploads\/2020\/02\/nova-logo-Marquetti.jpg 643w, https:\/\/jornalfatosenoticias.com.br\/wp-content\/uploads\/2020\/02\/nova-logo-Marquetti-300x202.jpg 300w\" sizes=\"auto, (max-width: 261px) 100vw, 261px\" \/><\/figure><\/div>\n\n\n\n<h4 class=\"wp-block-heading\"><strong><span class=\"has-inline-color has-vivid-green-cyan-color\">Vix Flora<\/span><\/strong><\/h4>\n\n\n\n<figure class=\"wp-block-image size-large\"><img loading=\"lazy\" decoding=\"async\" width=\"700\" height=\"700\" src=\"https:\/\/jornalfatosenoticias.com.br\/wp-content\/uploads\/2022\/09\/dia-da-arvore_Vitoria2.jpg\" alt=\"\" class=\"wp-image-34398\" srcset=\"https:\/\/jornalfatosenoticias.com.br\/wp-content\/uploads\/2022\/09\/dia-da-arvore_Vitoria2.jpg 700w, https:\/\/jornalfatosenoticias.com.br\/wp-content\/uploads\/2022\/09\/dia-da-arvore_Vitoria2-300x300.jpg 300w, https:\/\/jornalfatosenoticias.com.br\/wp-content\/uploads\/2022\/09\/dia-da-arvore_Vitoria2-150x150.jpg 150w\" sizes=\"auto, (max-width: 700px) 100vw, 700px\" \/><figcaption><em><span class=\"has-inline-color has-black-color\">Programa\u00e7\u00e3o Semmam Dia da \u00c1rvore 2022 (Foto: Divulga\u00e7\u00e3o)<\/span><\/em><\/figcaption><\/figure>\n\n\n\n<div class=\"wp-block-image\"><figure class=\"alignleft size-large\"><img decoding=\"async\" src=\"https:\/\/jornalfatosenoticias.com.br\/wp-content\/uploads\/2020\/02\/logo_esteio.jpg\" alt=\"\" class=\"wp-image-1214\"\/><\/figure><\/div>\n\n\n\n<p>Lan\u00e7ado em 21 de setembro de 2021 (Dia da \u00c1rvore), o programa Vix Flora prev\u00ea a recupera\u00e7\u00e3o florestal de cerca de 225 hectares (cerca de 225 campos de futebol) em \u00e1reas como unidades de conserva\u00e7\u00e3o, parques urbanos, toda a orla da capital e regi\u00f5es ou bairros pouco atendidos com arboriza\u00e7\u00e3o urbana.<br>O programa visa ao plantio de, aproximadamente, 370 mil \u00e1rvores, uma por habitante da cidade, todas esp\u00e9cies nativas dos diferentes ecossistemas da Mata Atl\u00e2ntica (restingas, manguezais, apicuns, matas de encostas, entre outras forma\u00e7\u00f5es) existentes na capital.<\/p>\n\n\n\n<div class=\"wp-block-jetpack-tiled-gallery aligncenter is-style-rectangular\"><div class=\"tiled-gallery__gallery\"><div class=\"tiled-gallery__row\"><div class=\"tiled-gallery__col\" style=\"flex-basis:48.81751852214287%\"><figure class=\"tiled-gallery__item\"><img decoding=\"async\" alt=\"\" data-height=\"237\" data-id=\"32994\" data-link=\"https:\/\/jornalfatosenoticias.com.br\/index.php\/sa_slider\/1070\/seventur-turismo-2\/\" data-url=\"https:\/\/jornalfatosenoticias.com.br\/wp-content\/uploads\/2020\/02\/SEVENTUR-TURISMO.jpg\" data-width=\"300\" src=\"https:\/\/i1.wp.com\/jornalfatosenoticias.com.br\/wp-content\/uploads\/2020\/02\/SEVENTUR-TURISMO.jpg?ssl=1\" layout=\"responsive\"\/><\/figure><\/div><div class=\"tiled-gallery__col\" style=\"flex-basis:51.182481477857124%\"><figure class=\"tiled-gallery__item\"><img decoding=\"async\" alt=\"\" data-height=\"226\" data-id=\"34101\" data-link=\"https:\/\/jornalfatosenoticias.com.br\/index.php\/sa_slider\/1070\/logo-ana_portal\/\" data-url=\"https:\/\/jornalfatosenoticias.com.br\/wp-content\/uploads\/2020\/02\/logo-Ana_portal.jpg\" data-width=\"300\" src=\"https:\/\/i2.wp.com\/jornalfatosenoticias.com.br\/wp-content\/uploads\/2020\/02\/logo-Ana_portal.jpg?ssl=1\" layout=\"responsive\"\/><\/figure><\/div><\/div><\/div><\/div>\n\n\n\n<p>Criado pela Secretaria Municipal de Meio Ambiente (Semmam) na gest\u00e3o do prefeito Lorenzo Pazolini, o programa faz parte do pacote de R$ 1 bilh\u00e3o de investimentos da capital.<\/p>\n\n\n\n<div class=\"wp-block-image\"><figure class=\"aligncenter size-large\"><img loading=\"lazy\" decoding=\"async\" width=\"1024\" height=\"103\" src=\"https:\/\/jornalfatosenoticias.com.br\/wp-content\/uploads\/2022\/02\/Arte-Autoescola-Galatas_endereco_portal-1024x103.png\" alt=\"\" class=\"wp-image-27869\" srcset=\"https:\/\/jornalfatosenoticias.com.br\/wp-content\/uploads\/2022\/02\/Arte-Autoescola-Galatas_endereco_portal-1024x103.png 1024w, https:\/\/jornalfatosenoticias.com.br\/wp-content\/uploads\/2022\/02\/Arte-Autoescola-Galatas_endereco_portal-300x30.png 300w, https:\/\/jornalfatosenoticias.com.br\/wp-content\/uploads\/2022\/02\/Arte-Autoescola-Galatas_endereco_portal-768x77.png 768w, https:\/\/jornalfatosenoticias.com.br\/wp-content\/uploads\/2022\/02\/Arte-Autoescola-Galatas_endereco_portal.png 1223w\" sizes=\"auto, (max-width: 1024px) 100vw, 1024px\" \/><\/figure><\/div>\n\n\n\n<p><strong><em>Fontes: <a href=\"https:\/\/agenciabrasil.ebc.com.br\/geral\/noticia\/2022-09\/dia-da-arvore-projeto-ajuda-reflorestar-bioma-100-brasileiro\">Ag\u00eancia Brasil<\/a> e <a href=\"https:\/\/m.vitoria.es.gov.br\/noticia\/meio-ambiente-prepara-programacao-especial-em-alusao-ao-dia-da-arvore-46019\">PMV<\/a><\/em><\/strong><\/p>\n","protected":false},"excerpt":{"rendered":"<p>Restaura Caatinga ganha destaque neste 21 de setembro Para marcar o Dia da \u00c1rvore, comemorado hoje (21), a Associa\u00e7\u00e3o Caatinga lan\u00e7a o projeto Restaura Caatinga, com o objetivo de difundir conhecimento t\u00e9cnico, treinar coletores de sementes e restaurar florestas de ecossistemas degradados. A data foi institu\u00edda a fim de conscientizar e ajudar os brasileiros a [&hellip;]<\/p>\n","protected":false},"author":2,"featured_media":34400,"comment_status":"open","ping_status":"open","sticky":false,"template":"","format":"standard","meta":{"footnotes":""},"categories":[8],"tags":[16153,5011,183,945,316,16151,16152],"class_list":["post-34396","post","type-post","status-publish","format-standard","has-post-thumbnail","hentry","category-meio-ambiente","tag-bioma-brasileiro","tag-dia-da-arvore","tag-florestas","tag-meio-ambiente","tag-preservacao","tag-projeto-restaura-caatinga","tag-reflorestar"],"yoast_head":"<!-- This site is optimized with the Yoast SEO plugin v26.5 - https:\/\/yoast.com\/wordpress\/plugins\/seo\/ -->\n<title>Dia da \u00c1rvore: projeto ajuda a reflorestar bioma 100% brasileiro - Jornal Fatos e Not\u00edcias<\/title>\n<meta name=\"robots\" content=\"index, follow, max-snippet:-1, max-image-preview:large, max-video-preview:-1\" \/>\n<link rel=\"canonical\" href=\"https:\/\/jornalfatosenoticias.com.br\/index.php\/2022\/09\/21\/dia-da-arvore-projeto-ajuda-a-reflorestar-bioma-100-brasileiro\/\" \/>\n<meta property=\"og:locale\" content=\"pt_BR\" \/>\n<meta property=\"og:type\" content=\"article\" \/>\n<meta property=\"og:title\" content=\"Dia da \u00c1rvore: projeto ajuda a reflorestar bioma 100% brasileiro - Jornal Fatos e Not\u00edcias\" \/>\n<meta property=\"og:description\" content=\"Restaura Caatinga ganha destaque neste 21 de setembro Para marcar o Dia da \u00c1rvore, comemorado hoje (21), a Associa\u00e7\u00e3o Caatinga lan\u00e7a o projeto Restaura Caatinga, com o objetivo de difundir conhecimento t\u00e9cnico, treinar coletores de sementes e restaurar florestas de ecossistemas degradados. A data foi institu\u00edda a fim de conscientizar e ajudar os brasileiros a [&hellip;]\" \/>\n<meta property=\"og:url\" content=\"https:\/\/jornalfatosenoticias.com.br\/index.php\/2022\/09\/21\/dia-da-arvore-projeto-ajuda-a-reflorestar-bioma-100-brasileiro\/\" \/>\n<meta property=\"og:site_name\" content=\"Jornal Fatos e Not\u00edcias\" \/>\n<meta property=\"article:published_time\" content=\"2022-09-21T12:15:51+00:00\" \/>\n<meta property=\"article:modified_time\" content=\"2022-09-21T12:15:54+00:00\" \/>\n<meta property=\"og:image\" content=\"https:\/\/jornalfatosenoticias.com.br\/wp-content\/uploads\/2022\/09\/dia-da-arvore.jpg\" \/>\n\t<meta property=\"og:image:width\" content=\"1000\" \/>\n\t<meta property=\"og:image:height\" content=\"598\" \/>\n\t<meta property=\"og:image:type\" content=\"image\/jpeg\" \/>\n<meta name=\"author\" content=\"Luzimara Fernandes\" \/>\n<meta name=\"twitter:card\" content=\"summary_large_image\" \/>\n<meta name=\"twitter:label1\" content=\"Escrito por\" \/>\n\t<meta name=\"twitter:data1\" content=\"Luzimara Fernandes\" \/>\n\t<meta name=\"twitter:label2\" content=\"Est. tempo de leitura\" \/>\n\t<meta name=\"twitter:data2\" content=\"4 minutos\" \/>\n<script type=\"application\/ld+json\" class=\"yoast-schema-graph\">{\"@context\":\"https:\/\/schema.org\",\"@graph\":[{\"@type\":\"Article\",\"@id\":\"https:\/\/jornalfatosenoticias.com.br\/index.php\/2022\/09\/21\/dia-da-arvore-projeto-ajuda-a-reflorestar-bioma-100-brasileiro\/#article\",\"isPartOf\":{\"@id\":\"https:\/\/jornalfatosenoticias.com.br\/index.php\/2022\/09\/21\/dia-da-arvore-projeto-ajuda-a-reflorestar-bioma-100-brasileiro\/\"},\"author\":{\"name\":\"Luzimara Fernandes\",\"@id\":\"https:\/\/jornalfatosenoticias.com.br\/#\/schema\/person\/d63837fa13ac8666eb9e74e0985d6f81\"},\"headline\":\"Dia da \u00c1rvore: projeto ajuda a reflorestar bioma 100% brasileiro\",\"datePublished\":\"2022-09-21T12:15:51+00:00\",\"dateModified\":\"2022-09-21T12:15:54+00:00\",\"mainEntityOfPage\":{\"@id\":\"https:\/\/jornalfatosenoticias.com.br\/index.php\/2022\/09\/21\/dia-da-arvore-projeto-ajuda-a-reflorestar-bioma-100-brasileiro\/\"},\"wordCount\":827,\"commentCount\":0,\"publisher\":{\"@id\":\"https:\/\/jornalfatosenoticias.com.br\/#organization\"},\"image\":{\"@id\":\"https:\/\/jornalfatosenoticias.com.br\/index.php\/2022\/09\/21\/dia-da-arvore-projeto-ajuda-a-reflorestar-bioma-100-brasileiro\/#primaryimage\"},\"thumbnailUrl\":\"https:\/\/jornalfatosenoticias.com.br\/wp-content\/uploads\/2022\/09\/dia-da-arvore.jpg\",\"keywords\":[\"bioma brasileiro\",\"Dia da \u00c1rvore\",\"florestas\",\"meio ambiente\",\"preserva\u00e7\u00e3o\",\"projeto Restaura Caatinga\",\"reflorestar\"],\"articleSection\":[\"Meio ambiente\"],\"inLanguage\":\"pt-BR\",\"potentialAction\":[{\"@type\":\"CommentAction\",\"name\":\"Comment\",\"target\":[\"https:\/\/jornalfatosenoticias.com.br\/index.php\/2022\/09\/21\/dia-da-arvore-projeto-ajuda-a-reflorestar-bioma-100-brasileiro\/#respond\"]}]},{\"@type\":\"WebPage\",\"@id\":\"https:\/\/jornalfatosenoticias.com.br\/index.php\/2022\/09\/21\/dia-da-arvore-projeto-ajuda-a-reflorestar-bioma-100-brasileiro\/\",\"url\":\"https:\/\/jornalfatosenoticias.com.br\/index.php\/2022\/09\/21\/dia-da-arvore-projeto-ajuda-a-reflorestar-bioma-100-brasileiro\/\",\"name\":\"Dia da \u00c1rvore: projeto ajuda a reflorestar bioma 100% brasileiro - Jornal Fatos e Not\u00edcias\",\"isPartOf\":{\"@id\":\"https:\/\/jornalfatosenoticias.com.br\/#website\"},\"primaryImageOfPage\":{\"@id\":\"https:\/\/jornalfatosenoticias.com.br\/index.php\/2022\/09\/21\/dia-da-arvore-projeto-ajuda-a-reflorestar-bioma-100-brasileiro\/#primaryimage\"},\"image\":{\"@id\":\"https:\/\/jornalfatosenoticias.com.br\/index.php\/2022\/09\/21\/dia-da-arvore-projeto-ajuda-a-reflorestar-bioma-100-brasileiro\/#primaryimage\"},\"thumbnailUrl\":\"https:\/\/jornalfatosenoticias.com.br\/wp-content\/uploads\/2022\/09\/dia-da-arvore.jpg\",\"datePublished\":\"2022-09-21T12:15:51+00:00\",\"dateModified\":\"2022-09-21T12:15:54+00:00\",\"breadcrumb\":{\"@id\":\"https:\/\/jornalfatosenoticias.com.br\/index.php\/2022\/09\/21\/dia-da-arvore-projeto-ajuda-a-reflorestar-bioma-100-brasileiro\/#breadcrumb\"},\"inLanguage\":\"pt-BR\",\"potentialAction\":[{\"@type\":\"ReadAction\",\"target\":[\"https:\/\/jornalfatosenoticias.com.br\/index.php\/2022\/09\/21\/dia-da-arvore-projeto-ajuda-a-reflorestar-bioma-100-brasileiro\/\"]}]},{\"@type\":\"ImageObject\",\"inLanguage\":\"pt-BR\",\"@id\":\"https:\/\/jornalfatosenoticias.com.br\/index.php\/2022\/09\/21\/dia-da-arvore-projeto-ajuda-a-reflorestar-bioma-100-brasileiro\/#primaryimage\",\"url\":\"https:\/\/jornalfatosenoticias.com.br\/wp-content\/uploads\/2022\/09\/dia-da-arvore.jpg\",\"contentUrl\":\"https:\/\/jornalfatosenoticias.com.br\/wp-content\/uploads\/2022\/09\/dia-da-arvore.jpg\",\"width\":1000,\"height\":598,\"caption\":\"Rio de Janeiro - Em comemora\u00e7\u00e3o ao Dia da \u00c1rvore, come\u00e7a o plantio das 100 primeiras mudas da Floresta dos Atletas no Parque Radical, em Deodoro. Ao longo de 2017, o local receber\u00e1 as 12 mil mudas germinadas pelos atletas durante a cerim\u00f4nia de abertura dos Jogos Ol\u00edmpicos Rio 2016( T\u00e2nia R\u00eago\/Ag\u00eancia Brasil)\"},{\"@type\":\"BreadcrumbList\",\"@id\":\"https:\/\/jornalfatosenoticias.com.br\/index.php\/2022\/09\/21\/dia-da-arvore-projeto-ajuda-a-reflorestar-bioma-100-brasileiro\/#breadcrumb\",\"itemListElement\":[{\"@type\":\"ListItem\",\"position\":1,\"name\":\"In\u00edcio\",\"item\":\"https:\/\/jornalfatosenoticias.com.br\/\"},{\"@type\":\"ListItem\",\"position\":2,\"name\":\"Dia da \u00c1rvore: projeto ajuda a reflorestar bioma 100% brasileiro\"}]},{\"@type\":\"WebSite\",\"@id\":\"https:\/\/jornalfatosenoticias.com.br\/#website\",\"url\":\"https:\/\/jornalfatosenoticias.com.br\/\",\"name\":\"Jornal Fatos e Not\u00edcias\",\"description\":\"Not\u00edcias em geral\",\"publisher\":{\"@id\":\"https:\/\/jornalfatosenoticias.com.br\/#organization\"},\"potentialAction\":[{\"@type\":\"SearchAction\",\"target\":{\"@type\":\"EntryPoint\",\"urlTemplate\":\"https:\/\/jornalfatosenoticias.com.br\/?s={search_term_string}\"},\"query-input\":{\"@type\":\"PropertyValueSpecification\",\"valueRequired\":true,\"valueName\":\"search_term_string\"}}],\"inLanguage\":\"pt-BR\"},{\"@type\":\"Organization\",\"@id\":\"https:\/\/jornalfatosenoticias.com.br\/#organization\",\"name\":\"Jornal Fatos e Not\u00edcias\",\"url\":\"https:\/\/jornalfatosenoticias.com.br\/\",\"logo\":{\"@type\":\"ImageObject\",\"inLanguage\":\"pt-BR\",\"@id\":\"https:\/\/jornalfatosenoticias.com.br\/#\/schema\/logo\/image\/\",\"url\":\"https:\/\/jornalfatosenoticias.com.br\/wp-content\/uploads\/2020\/02\/logo120.png\",\"contentUrl\":\"https:\/\/jornalfatosenoticias.com.br\/wp-content\/uploads\/2020\/02\/logo120.png\",\"width\":1227,\"height\":120,\"caption\":\"Jornal Fatos e Not\u00edcias\"},\"image\":{\"@id\":\"https:\/\/jornalfatosenoticias.com.br\/#\/schema\/logo\/image\/\"}},{\"@type\":\"Person\",\"@id\":\"https:\/\/jornalfatosenoticias.com.br\/#\/schema\/person\/d63837fa13ac8666eb9e74e0985d6f81\",\"name\":\"Luzimara Fernandes\",\"image\":{\"@type\":\"ImageObject\",\"inLanguage\":\"pt-BR\",\"@id\":\"https:\/\/jornalfatosenoticias.com.br\/#\/schema\/person\/image\/\",\"url\":\"https:\/\/jornalfatosenoticias.com.br\/wp-content\/uploads\/2025\/05\/EU_portal.jpg\",\"contentUrl\":\"https:\/\/jornalfatosenoticias.com.br\/wp-content\/uploads\/2025\/05\/EU_portal.jpg\",\"caption\":\"Luzimara Fernandes\"},\"description\":\"Jornalista MTB 2358-ES\",\"sameAs\":[\"https:\/\/jornalfatosenoticias.com.br\"],\"url\":\"https:\/\/jornalfatosenoticias.com.br\/index.php\/author\/luzimara\/\"}]}<\/script>\n<!-- \/ Yoast SEO plugin. -->","yoast_head_json":{"title":"Dia da \u00c1rvore: projeto ajuda a reflorestar bioma 100% brasileiro - Jornal Fatos e Not\u00edcias","robots":{"index":"index","follow":"follow","max-snippet":"max-snippet:-1","max-image-preview":"max-image-preview:large","max-video-preview":"max-video-preview:-1"},"canonical":"https:\/\/jornalfatosenoticias.com.br\/index.php\/2022\/09\/21\/dia-da-arvore-projeto-ajuda-a-reflorestar-bioma-100-brasileiro\/","og_locale":"pt_BR","og_type":"article","og_title":"Dia da \u00c1rvore: projeto ajuda a reflorestar bioma 100% brasileiro - Jornal Fatos e Not\u00edcias","og_description":"Restaura Caatinga ganha destaque neste 21 de setembro Para marcar o Dia da \u00c1rvore, comemorado hoje (21), a Associa\u00e7\u00e3o Caatinga lan\u00e7a o projeto Restaura Caatinga, com o objetivo de difundir conhecimento t\u00e9cnico, treinar coletores de sementes e restaurar florestas de ecossistemas degradados. A data foi institu\u00edda a fim de conscientizar e ajudar os brasileiros a [&hellip;]","og_url":"https:\/\/jornalfatosenoticias.com.br\/index.php\/2022\/09\/21\/dia-da-arvore-projeto-ajuda-a-reflorestar-bioma-100-brasileiro\/","og_site_name":"Jornal Fatos e Not\u00edcias","article_published_time":"2022-09-21T12:15:51+00:00","article_modified_time":"2022-09-21T12:15:54+00:00","og_image":[{"width":1000,"height":598,"url":"https:\/\/jornalfatosenoticias.com.br\/wp-content\/uploads\/2022\/09\/dia-da-arvore.jpg","type":"image\/jpeg"}],"author":"Luzimara Fernandes","twitter_card":"summary_large_image","twitter_misc":{"Escrito por":"Luzimara Fernandes","Est. tempo de leitura":"4 minutos"},"schema":{"@context":"https:\/\/schema.org","@graph":[{"@type":"Article","@id":"https:\/\/jornalfatosenoticias.com.br\/index.php\/2022\/09\/21\/dia-da-arvore-projeto-ajuda-a-reflorestar-bioma-100-brasileiro\/#article","isPartOf":{"@id":"https:\/\/jornalfatosenoticias.com.br\/index.php\/2022\/09\/21\/dia-da-arvore-projeto-ajuda-a-reflorestar-bioma-100-brasileiro\/"},"author":{"name":"Luzimara Fernandes","@id":"https:\/\/jornalfatosenoticias.com.br\/#\/schema\/person\/d63837fa13ac8666eb9e74e0985d6f81"},"headline":"Dia da \u00c1rvore: projeto ajuda a reflorestar bioma 100% brasileiro","datePublished":"2022-09-21T12:15:51+00:00","dateModified":"2022-09-21T12:15:54+00:00","mainEntityOfPage":{"@id":"https:\/\/jornalfatosenoticias.com.br\/index.php\/2022\/09\/21\/dia-da-arvore-projeto-ajuda-a-reflorestar-bioma-100-brasileiro\/"},"wordCount":827,"commentCount":0,"publisher":{"@id":"https:\/\/jornalfatosenoticias.com.br\/#organization"},"image":{"@id":"https:\/\/jornalfatosenoticias.com.br\/index.php\/2022\/09\/21\/dia-da-arvore-projeto-ajuda-a-reflorestar-bioma-100-brasileiro\/#primaryimage"},"thumbnailUrl":"https:\/\/jornalfatosenoticias.com.br\/wp-content\/uploads\/2022\/09\/dia-da-arvore.jpg","keywords":["bioma brasileiro","Dia da \u00c1rvore","florestas","meio ambiente","preserva\u00e7\u00e3o","projeto Restaura Caatinga","reflorestar"],"articleSection":["Meio ambiente"],"inLanguage":"pt-BR","potentialAction":[{"@type":"CommentAction","name":"Comment","target":["https:\/\/jornalfatosenoticias.com.br\/index.php\/2022\/09\/21\/dia-da-arvore-projeto-ajuda-a-reflorestar-bioma-100-brasileiro\/#respond"]}]},{"@type":"WebPage","@id":"https:\/\/jornalfatosenoticias.com.br\/index.php\/2022\/09\/21\/dia-da-arvore-projeto-ajuda-a-reflorestar-bioma-100-brasileiro\/","url":"https:\/\/jornalfatosenoticias.com.br\/index.php\/2022\/09\/21\/dia-da-arvore-projeto-ajuda-a-reflorestar-bioma-100-brasileiro\/","name":"Dia da \u00c1rvore: projeto ajuda a reflorestar bioma 100% brasileiro - Jornal Fatos e Not\u00edcias","isPartOf":{"@id":"https:\/\/jornalfatosenoticias.com.br\/#website"},"primaryImageOfPage":{"@id":"https:\/\/jornalfatosenoticias.com.br\/index.php\/2022\/09\/21\/dia-da-arvore-projeto-ajuda-a-reflorestar-bioma-100-brasileiro\/#primaryimage"},"image":{"@id":"https:\/\/jornalfatosenoticias.com.br\/index.php\/2022\/09\/21\/dia-da-arvore-projeto-ajuda-a-reflorestar-bioma-100-brasileiro\/#primaryimage"},"thumbnailUrl":"https:\/\/jornalfatosenoticias.com.br\/wp-content\/uploads\/2022\/09\/dia-da-arvore.jpg","datePublished":"2022-09-21T12:15:51+00:00","dateModified":"2022-09-21T12:15:54+00:00","breadcrumb":{"@id":"https:\/\/jornalfatosenoticias.com.br\/index.php\/2022\/09\/21\/dia-da-arvore-projeto-ajuda-a-reflorestar-bioma-100-brasileiro\/#breadcrumb"},"inLanguage":"pt-BR","potentialAction":[{"@type":"ReadAction","target":["https:\/\/jornalfatosenoticias.com.br\/index.php\/2022\/09\/21\/dia-da-arvore-projeto-ajuda-a-reflorestar-bioma-100-brasileiro\/"]}]},{"@type":"ImageObject","inLanguage":"pt-BR","@id":"https:\/\/jornalfatosenoticias.com.br\/index.php\/2022\/09\/21\/dia-da-arvore-projeto-ajuda-a-reflorestar-bioma-100-brasileiro\/#primaryimage","url":"https:\/\/jornalfatosenoticias.com.br\/wp-content\/uploads\/2022\/09\/dia-da-arvore.jpg","contentUrl":"https:\/\/jornalfatosenoticias.com.br\/wp-content\/uploads\/2022\/09\/dia-da-arvore.jpg","width":1000,"height":598,"caption":"Rio de Janeiro - Em comemora\u00e7\u00e3o ao Dia da \u00c1rvore, come\u00e7a o plantio das 100 primeiras mudas da Floresta dos Atletas no Parque Radical, em Deodoro. Ao longo de 2017, o local receber\u00e1 as 12 mil mudas germinadas pelos atletas durante a cerim\u00f4nia de abertura dos Jogos Ol\u00edmpicos Rio 2016( T\u00e2nia R\u00eago\/Ag\u00eancia Brasil)"},{"@type":"BreadcrumbList","@id":"https:\/\/jornalfatosenoticias.com.br\/index.php\/2022\/09\/21\/dia-da-arvore-projeto-ajuda-a-reflorestar-bioma-100-brasileiro\/#breadcrumb","itemListElement":[{"@type":"ListItem","position":1,"name":"In\u00edcio","item":"https:\/\/jornalfatosenoticias.com.br\/"},{"@type":"ListItem","position":2,"name":"Dia da \u00c1rvore: projeto ajuda a reflorestar bioma 100% brasileiro"}]},{"@type":"WebSite","@id":"https:\/\/jornalfatosenoticias.com.br\/#website","url":"https:\/\/jornalfatosenoticias.com.br\/","name":"Jornal Fatos e Not\u00edcias","description":"Not\u00edcias em geral","publisher":{"@id":"https:\/\/jornalfatosenoticias.com.br\/#organization"},"potentialAction":[{"@type":"SearchAction","target":{"@type":"EntryPoint","urlTemplate":"https:\/\/jornalfatosenoticias.com.br\/?s={search_term_string}"},"query-input":{"@type":"PropertyValueSpecification","valueRequired":true,"valueName":"search_term_string"}}],"inLanguage":"pt-BR"},{"@type":"Organization","@id":"https:\/\/jornalfatosenoticias.com.br\/#organization","name":"Jornal Fatos e Not\u00edcias","url":"https:\/\/jornalfatosenoticias.com.br\/","logo":{"@type":"ImageObject","inLanguage":"pt-BR","@id":"https:\/\/jornalfatosenoticias.com.br\/#\/schema\/logo\/image\/","url":"https:\/\/jornalfatosenoticias.com.br\/wp-content\/uploads\/2020\/02\/logo120.png","contentUrl":"https:\/\/jornalfatosenoticias.com.br\/wp-content\/uploads\/2020\/02\/logo120.png","width":1227,"height":120,"caption":"Jornal Fatos e Not\u00edcias"},"image":{"@id":"https:\/\/jornalfatosenoticias.com.br\/#\/schema\/logo\/image\/"}},{"@type":"Person","@id":"https:\/\/jornalfatosenoticias.com.br\/#\/schema\/person\/d63837fa13ac8666eb9e74e0985d6f81","name":"Luzimara Fernandes","image":{"@type":"ImageObject","inLanguage":"pt-BR","@id":"https:\/\/jornalfatosenoticias.com.br\/#\/schema\/person\/image\/","url":"https:\/\/jornalfatosenoticias.com.br\/wp-content\/uploads\/2025\/05\/EU_portal.jpg","contentUrl":"https:\/\/jornalfatosenoticias.com.br\/wp-content\/uploads\/2025\/05\/EU_portal.jpg","caption":"Luzimara Fernandes"},"description":"Jornalista MTB 2358-ES","sameAs":["https:\/\/jornalfatosenoticias.com.br"],"url":"https:\/\/jornalfatosenoticias.com.br\/index.php\/author\/luzimara\/"}]}},"cc_featured_image_caption":{"caption_text":"(Foto: T\u00e2nia R\u00eago\/Ag\u00eancia Brasil)","source_text":"","source_url":""},"jetpack_featured_media_url":"https:\/\/jornalfatosenoticias.com.br\/wp-content\/uploads\/2022\/09\/dia-da-arvore.jpg","_links":{"self":[{"href":"https:\/\/jornalfatosenoticias.com.br\/index.php\/wp-json\/wp\/v2\/posts\/34396","targetHints":{"allow":["GET"]}}],"collection":[{"href":"https:\/\/jornalfatosenoticias.com.br\/index.php\/wp-json\/wp\/v2\/posts"}],"about":[{"href":"https:\/\/jornalfatosenoticias.com.br\/index.php\/wp-json\/wp\/v2\/types\/post"}],"author":[{"embeddable":true,"href":"https:\/\/jornalfatosenoticias.com.br\/index.php\/wp-json\/wp\/v2\/users\/2"}],"replies":[{"embeddable":true,"href":"https:\/\/jornalfatosenoticias.com.br\/index.php\/wp-json\/wp\/v2\/comments?post=34396"}],"version-history":[{"count":0,"href":"https:\/\/jornalfatosenoticias.com.br\/index.php\/wp-json\/wp\/v2\/posts\/34396\/revisions"}],"wp:featuredmedia":[{"embeddable":true,"href":"https:\/\/jornalfatosenoticias.com.br\/index.php\/wp-json\/wp\/v2\/media\/34400"}],"wp:attachment":[{"href":"https:\/\/jornalfatosenoticias.com.br\/index.php\/wp-json\/wp\/v2\/media?parent=34396"}],"wp:term":[{"taxonomy":"category","embeddable":true,"href":"https:\/\/jornalfatosenoticias.com.br\/index.php\/wp-json\/wp\/v2\/categories?post=34396"},{"taxonomy":"post_tag","embeddable":true,"href":"https:\/\/jornalfatosenoticias.com.br\/index.php\/wp-json\/wp\/v2\/tags?post=34396"}],"curies":[{"name":"wp","href":"https:\/\/api.w.org\/{rel}","templated":true}]}}