{"id":34416,"date":"2022-09-21T11:32:06","date_gmt":"2022-09-21T14:32:06","guid":{"rendered":"https:\/\/jornalfatosenoticias.com.br\/?p=34416"},"modified":"2022-09-21T11:32:09","modified_gmt":"2022-09-21T14:32:09","slug":"dia-mundial-do-alzheimer-alerta-para-aumento-de-casos-no-mundo","status":"publish","type":"post","link":"https:\/\/jornalfatosenoticias.com.br\/index.php\/2022\/09\/21\/dia-mundial-do-alzheimer-alerta-para-aumento-de-casos-no-mundo\/","title":{"rendered":"Dia Mundial do Alzheimer alerta para aumento de casos no mundo"},"content":{"rendered":"\n<p><span class=\"has-inline-color has-black-color\"><em>Com o envelhecimento da popula\u00e7\u00e3o, OMS prev\u00ea aumento de casos<\/em><\/span><\/p>\n\n\n\n<div class=\"wp-block-image\"><figure class=\"aligncenter size-large\"><img loading=\"lazy\" decoding=\"async\" width=\"1024\" height=\"100\" src=\"https:\/\/jornalfatosenoticias.com.br\/wp-content\/uploads\/2020\/02\/banner_ferramentas-1024x100.jpg\" alt=\"\" class=\"wp-image-1258\" srcset=\"https:\/\/jornalfatosenoticias.com.br\/wp-content\/uploads\/2020\/02\/banner_ferramentas-1024x100.jpg 1024w, https:\/\/jornalfatosenoticias.com.br\/wp-content\/uploads\/2020\/02\/banner_ferramentas-300x29.jpg 300w, https:\/\/jornalfatosenoticias.com.br\/wp-content\/uploads\/2020\/02\/banner_ferramentas-768x75.jpg 768w, https:\/\/jornalfatosenoticias.com.br\/wp-content\/uploads\/2020\/02\/banner_ferramentas.jpg 1227w\" sizes=\"auto, (max-width: 1024px) 100vw, 1024px\" \/><\/figure><\/div>\n\n\n\n<p>De acordo com a Organiza\u00e7\u00e3o Mundial da Sa\u00fade (OMS), cerca de 55 milh\u00f5es de pessoas vivem com algum tipo de dem\u00eancia, sendo a mais comum a doen\u00e7a de Alzheimer, que atinge sete entre dez indiv\u00edduos nessa situa\u00e7\u00e3o em todo o mundo. A OMS alerta para a tend\u00eancia de aumento preocupante desses n\u00fameros, com o envelhecimento da popula\u00e7\u00e3o. Segundo estimativas da <em>Alzheimer\u2019s Disease International,<\/em> sediada no Reino Unido, os n\u00fameros globais poder\u00e3o chegar a 74,7 milh\u00f5es, em 2030, e 131,5 milh\u00f5es, em 2050.<\/p>\n\n\n\n<div class=\"wp-block-jetpack-tiled-gallery aligncenter is-style-rectangular\"><div class=\"tiled-gallery__gallery\"><div class=\"tiled-gallery__row\"><div class=\"tiled-gallery__col\" style=\"flex-basis:47.49020934561036%\"><figure class=\"tiled-gallery__item\"><img decoding=\"async\" alt=\"\" data-height=\"250\" data-id=\"1214\" data-link=\"https:\/\/jornalfatosenoticias.com.br\/index.php\/sa_slider\/1070\/logo_esteio\/\" data-url=\"https:\/\/jornalfatosenoticias.com.br\/wp-content\/uploads\/2020\/02\/logo_esteio.jpg\" data-width=\"300\" src=\"https:\/\/i2.wp.com\/jornalfatosenoticias.com.br\/wp-content\/uploads\/2020\/02\/logo_esteio.jpg?ssl=1\" layout=\"responsive\"\/><\/figure><\/div><div class=\"tiled-gallery__col\" style=\"flex-basis:52.50979065438964%\"><figure class=\"tiled-gallery__item\"><img decoding=\"async\" alt=\"\" data-height=\"226\" data-id=\"34101\" data-link=\"https:\/\/jornalfatosenoticias.com.br\/index.php\/sa_slider\/1070\/logo-ana_portal\/\" data-url=\"https:\/\/jornalfatosenoticias.com.br\/wp-content\/uploads\/2020\/02\/logo-Ana_portal.jpg\" data-width=\"300\" src=\"https:\/\/i2.wp.com\/jornalfatosenoticias.com.br\/wp-content\/uploads\/2020\/02\/logo-Ana_portal.jpg?ssl=1\" layout=\"responsive\"\/><\/figure><\/div><\/div><\/div><\/div>\n\n\n\n<p>J\u00e1 aqui no Brasil, dados do Minist\u00e9rio da Sa\u00fade indicam que em torno de 1,2 milh\u00e3o de pessoas t\u00eam a doen\u00e7a e 100 mil novos casos s\u00e3o diagnosticados por ano. Nesta quarta-feira (21) celebra-se o <strong>Dia Mundial da Doen\u00e7a de Alzheimer,<\/strong> criado pela <strong>Associa\u00e7\u00e3o Internacional do Alzheimer<\/strong>. No Brasil, a data marca o <strong>Dia Nacional de Conscientiza\u00e7\u00e3o da Doen\u00e7a de Alzheimer,<\/strong> institu\u00eddo para esclarecer os brasileiros sobre a import\u00e2ncia da participa\u00e7\u00e3o de familiares e amigos nos cuidados aos diagnosticados com a doen\u00e7a.<\/p>\n\n\n\n<div class=\"wp-block-image\"><figure class=\"aligncenter size-large is-resized\"><img loading=\"lazy\" decoding=\"async\" src=\"https:\/\/jornalfatosenoticias.com.br\/wp-content\/uploads\/2022\/09\/logo-zucchi-quadrada.jpg\" alt=\"\" class=\"wp-image-34392\" width=\"310\" height=\"310\"\/><\/figure><\/div>\n\n\n\n<blockquote class=\"wp-block-quote is-layout-flow wp-block-quote-is-layout-flow\"><p><span class=\"has-inline-color has-luminous-vivid-orange-color\">\u201cA doen\u00e7a de Alzheimer se manifesta por uma disfun\u00e7\u00e3o em que alguns neur\u00f4nios do nosso c\u00e9rebro come\u00e7am a morrer\u201d, disse \u00e0 <strong>Ag\u00eancia Brasil <\/strong>o neurologista Silvio Pessanha Neto, diretor do Instituto de Educa\u00e7\u00e3o M\u00e9dica (Idomed). As doen\u00e7as neurodegenerativas t\u00eam todas esse mesmo perfil. \u201cDependendo da localiza\u00e7\u00e3o desses neur\u00f4nios, v\u00e3o ocorrer sinais e sintomas diferentes. Mas a fisiopatologia \u00e9 a mesma\u201d, destacou o m\u00e9dico.<\/span><\/p><\/blockquote>\n\n\n\n<div class=\"wp-block-image\"><figure class=\"aligncenter size-large\"><img loading=\"lazy\" decoding=\"async\" width=\"729\" height=\"90\" src=\"https:\/\/jornalfatosenoticias.com.br\/wp-content\/uploads\/2020\/02\/Logo_Mizu.png\" alt=\"\" class=\"wp-image-1441\" srcset=\"https:\/\/jornalfatosenoticias.com.br\/wp-content\/uploads\/2020\/02\/Logo_Mizu.png 729w, https:\/\/jornalfatosenoticias.com.br\/wp-content\/uploads\/2020\/02\/Logo_Mizu-300x37.png 300w\" sizes=\"auto, (max-width: 729px) 100vw, 729px\" \/><\/figure><\/div>\n\n\n\n<p>No caso do Alzheimer, um conjunto de neur\u00f4nios sofre um processo defeituoso e come\u00e7a a morrer. Como esses neur\u00f4nios s\u00e3o justamente aqueles respons\u00e1veis pela mem\u00f3ria, o paciente come\u00e7a a ter incapacidade para gerar novas mem\u00f3rias. \u201cCome\u00e7a o esquecimento relacionado a eventos recentes\u201d. Pessanha explica que os primeiros sinais s\u00e3o identificados pela fam\u00edlia e por amigos.<\/p>\n\n\n\n<div class=\"wp-block-image\"><figure class=\"aligncenter size-large is-resized\"><img loading=\"lazy\" decoding=\"async\" src=\"https:\/\/jornalfatosenoticias.com.br\/wp-content\/uploads\/2020\/02\/nova-logo-Marquetti.jpg\" alt=\"\" class=\"wp-image-22331\" width=\"271\" height=\"182\" srcset=\"https:\/\/jornalfatosenoticias.com.br\/wp-content\/uploads\/2020\/02\/nova-logo-Marquetti.jpg 643w, https:\/\/jornalfatosenoticias.com.br\/wp-content\/uploads\/2020\/02\/nova-logo-Marquetti-300x202.jpg 300w\" sizes=\"auto, (max-width: 271px) 100vw, 271px\" \/><\/figure><\/div>\n\n\n\n<blockquote class=\"wp-block-quote is-layout-flow wp-block-quote-is-layout-flow\"><p><span class=\"has-inline-color has-luminous-vivid-orange-color\">\u201cO indiv\u00edduo come\u00e7a a esquecer coisas, como o nome dos netos; come\u00e7a a repetir a mesma pergunta v\u00e1rias vezes; n\u00e3o consegue aprender coisas novas\u201d.<\/span><\/p><\/blockquote>\n\n\n\n<div class=\"wp-block-jetpack-tiled-gallery aligncenter is-style-rectangular\"><div class=\"tiled-gallery__gallery\"><div class=\"tiled-gallery__row\"><div class=\"tiled-gallery__col\" style=\"flex-basis:54.09361975167184%\"><figure class=\"tiled-gallery__item\"><img decoding=\"async\" alt=\"\" data-height=\"848\" data-id=\"28088\" data-link=\"https:\/\/jornalfatosenoticias.com.br\/index.php\/2022\/02\/21\/apos-aval-do-governo-bolsonaro-anac-divulga-homologacao-do-aeroporto-de-linhares\/precisao-contabilidade\/\" data-url=\"https:\/\/jornalfatosenoticias.com.br\/wp-content\/uploads\/2022\/02\/Precisao-Contabilidade.jpg\" data-width=\"1200\" src=\"https:\/\/i1.wp.com\/jornalfatosenoticias.com.br\/wp-content\/uploads\/2022\/02\/Precisao-Contabilidade.jpg?ssl=1\" layout=\"responsive\"\/><\/figure><\/div><div class=\"tiled-gallery__col\" style=\"flex-basis:45.90638024832817%\"><figure class=\"tiled-gallery__item\"><img decoding=\"async\" alt=\"\" data-height=\"250\" data-id=\"33178\" data-link=\"https:\/\/jornalfatosenoticias.com.br\/arte-casarao\/\" data-url=\"https:\/\/jornalfatosenoticias.com.br\/wp-content\/uploads\/2022\/08\/arte-Casarao.jpg\" data-width=\"300\" src=\"https:\/\/i0.wp.com\/jornalfatosenoticias.com.br\/wp-content\/uploads\/2022\/08\/arte-Casarao.jpg?ssl=1\" layout=\"responsive\"\/><\/figure><\/div><\/div><\/div><\/div>\n\n\n\n<p><strong><span class=\"has-inline-color has-black-color\">Mais jovens<br><\/span><\/strong>O Alzheimer \u00e9 uma das formas de dem\u00eancia neurodegenerativa que, geralmente, afetam os idosos, j\u00e1 que trata-se de um processo lento e progressivo. Os sintomas come\u00e7am, em geral, depois da sexta ou s\u00e9tima d\u00e9cadas de vida. Para especialistas, a doen\u00e7a em jovens \u00e9 muito rara e ocorre quando h\u00e1 predisposi\u00e7\u00e3o gen\u00e9tica para a doen\u00e7a.<\/p>\n\n\n\n<div class=\"wp-block-image\"><figure class=\"aligncenter size-large is-resized\"><img loading=\"lazy\" decoding=\"async\" src=\"https:\/\/jornalfatosenoticias.com.br\/wp-content\/uploads\/2022\/07\/Logo-Grupo-SEI.jpg\" alt=\"\" class=\"wp-image-31973\" width=\"324\" height=\"170\" srcset=\"https:\/\/jornalfatosenoticias.com.br\/wp-content\/uploads\/2022\/07\/Logo-Grupo-SEI.jpg 713w, https:\/\/jornalfatosenoticias.com.br\/wp-content\/uploads\/2022\/07\/Logo-Grupo-SEI-300x158.jpg 300w\" sizes=\"auto, (max-width: 324px) 100vw, 324px\" \/><\/figure><\/div>\n\n\n\n<blockquote class=\"wp-block-quote is-layout-flow wp-block-quote-is-layout-flow\"><p><span class=\"has-inline-color has-luminous-vivid-orange-color\">\u201cO jovem, entendido como algu\u00e9m na faixa de 40 anos, quando tem [Alzheimer], esse processo come\u00e7a muito precocemente, porque \u00e9 preciso muito tempo para essa disfun\u00e7\u00e3o se manifestar\u201d, diz Pessanha.<\/span><\/p><\/blockquote>\n\n\n\n<div class=\"wp-block-image\"><figure class=\"aligncenter size-large\"><img loading=\"lazy\" decoding=\"async\" width=\"1024\" height=\"100\" src=\"https:\/\/jornalfatosenoticias.com.br\/wp-content\/uploads\/2022\/05\/NOVA-LOGO-CESCONETTO-1024x100.jpg\" alt=\"\" class=\"wp-image-30792\" srcset=\"https:\/\/jornalfatosenoticias.com.br\/wp-content\/uploads\/2022\/05\/NOVA-LOGO-CESCONETTO-1024x100.jpg 1024w, https:\/\/jornalfatosenoticias.com.br\/wp-content\/uploads\/2022\/05\/NOVA-LOGO-CESCONETTO-300x29.jpg 300w, https:\/\/jornalfatosenoticias.com.br\/wp-content\/uploads\/2022\/05\/NOVA-LOGO-CESCONETTO-768x75.jpg 768w, https:\/\/jornalfatosenoticias.com.br\/wp-content\/uploads\/2022\/05\/NOVA-LOGO-CESCONETTO.jpg 1280w\" sizes=\"auto, (max-width: 1024px) 100vw, 1024px\" \/><\/figure><\/div>\n\n\n\n<p>O especialista esclarece ainda que o Alzheimer n\u00e3o pode ser confundido com a dem\u00eancia senil: \u201co c\u00e9rebro envelhece, como todo o corpo envelhece. Alzheimer \u00e9 a doen\u00e7a. N\u00e3o \u00e9 o envelhecimento natural do nosso c\u00e9rebro\u201d.<\/p>\n\n\n\n<div class=\"wp-block-image\"><figure class=\"alignright size-large is-resized\"><img loading=\"lazy\" decoding=\"async\" src=\"https:\/\/jornalfatosenoticias.com.br\/wp-content\/uploads\/2020\/02\/logo-embacia.jpg\" alt=\"\" class=\"wp-image-33905\" width=\"298\" height=\"298\"\/><\/figure><\/div>\n\n\n\n<p><strong><span class=\"has-inline-color has-black-color\">Ferramenta<\/span><\/strong><br>O m\u00e9dico nuclear e membro titular da Sociedade Europeia de Medicina Nuclear, Jos\u00e9 Leite, conta que a medicina ganhou importantes aliados para a detec\u00e7\u00e3o do Alzheimer, como um teste de imagem n\u00e3o invasivo, chamado PET Amiloide Florbetabeno (PET-CT com Florbetabeno-18F). \u201cO exame \u00e9 capaz de fazer a medi\u00e7\u00e3o do volume de placas beta amiloides que, quando acumuladas, interferem no funcionamento das c\u00e9lulas cerebrais e s\u00e3o consideradas como digitais do Alzheimer pelos m\u00e9dicos\u201d.<br>O exame \u00e9 uma novidade no Pa\u00eds e importante porque potencializa o diagn\u00f3stico. Como \u00e9 uma doen\u00e7a progressiva, quanto o diagn\u00f3stico mais chances de iniciar um tratamento correto para melhorar a qualidade de vida do paciente.<\/p>\n\n\n\n<blockquote class=\"wp-block-quote is-layout-flow wp-block-quote-is-layout-flow\"><p><span class=\"has-inline-color has-luminous-vivid-orange-color\">\u201c\u00c9 muito importante porque, quanto antes tiver o diagn\u00f3stico, o m\u00e9dico pode tratar melhor, come\u00e7ar a medicar o paciente para que se reduza a velocidade com a qual os neur\u00f4nios come\u00e7am a morrer. A\u00ed, voc\u00ea eleva a qualidade de vida e o progn\u00f3stico do paciente melhora muito\u201d, avalia Pessanha.<\/span><\/p><\/blockquote>\n\n\n\n<div class=\"wp-block-image\"><figure class=\"aligncenter size-large is-resized\"><img loading=\"lazy\" decoding=\"async\" src=\"https:\/\/jornalfatosenoticias.com.br\/wp-content\/uploads\/2022\/08\/logo-locau-veiculos-1024x573.png\" alt=\"\" class=\"wp-image-33078\" width=\"336\" height=\"187\"\/><\/figure><\/div>\n\n\n\n<p>Segundo Marcus Tulius, neurologista do Complexo Hospitalar de Niter\u00f3i (CHN) e pesquisador da Funda\u00e7\u00e3o Oswaldo Cruz (Fiocruz), o novo exame \u00e9 uma ferramenta para auxiliar no diagn\u00f3stico, mas, isoladamente, n\u00e3o \u00e9 suficiente. \u201cEle fortalece a hip\u00f3tese cl\u00ednica. Possibilita a detec\u00e7\u00e3o precoce da condi\u00e7\u00e3o e, juntamente com a avalia\u00e7\u00e3o dos sintomas existentes, \u00e9 poss\u00edvel tentar estabiliz\u00e1-los\u201d.<\/p>\n\n\n\n<div class=\"wp-block-image\"><figure class=\"aligncenter size-large is-resized\"><img loading=\"lazy\" decoding=\"async\" src=\"https:\/\/jornalfatosenoticias.com.br\/wp-content\/uploads\/2022\/09\/barao-das-carnes-1024x560.jpg\" alt=\"\" class=\"wp-image-34303\" width=\"340\" height=\"186\"\/><\/figure><\/div>\n\n\n\n<p><strong><span class=\"has-inline-color has-black-color\">Est\u00edmulos<br><\/span><\/strong>Marcus Tulius destacou que a melhora da qualidade de vida do paciente com Alzheimer \u00e9 propiciada quando se faz um tratamento mais precoce, \u201cfazer com que a pessoa e a fam\u00edlia se preparem para essa doen\u00e7a, apesar de saber que a doen\u00e7a vai progredir no futuro. Os medicamentos fazem com que essa evolu\u00e7\u00e3o seja mais lenta\u201d.<br>O Alzheimer \u00e9 uma doen\u00e7a sem cura e n\u00e3o h\u00e1 uma preven\u00e7\u00e3o comprovadamente eficiente. A preven\u00e7\u00e3o consiste em manter uma atividade f\u00edsica e mental ativa, ler muito, escrever, fazer palavras-cruzadas, quebra-cabe\u00e7as.<\/p>\n\n\n\n<div class=\"wp-block-image\"><figure class=\"aligncenter size-large\"><img loading=\"lazy\" decoding=\"async\" width=\"1024\" height=\"103\" src=\"https:\/\/jornalfatosenoticias.com.br\/wp-content\/uploads\/2022\/02\/Arte-Autoescola-Galatas_endereco_portal-1024x103.png\" alt=\"\" class=\"wp-image-27869\" srcset=\"https:\/\/jornalfatosenoticias.com.br\/wp-content\/uploads\/2022\/02\/Arte-Autoescola-Galatas_endereco_portal-1024x103.png 1024w, https:\/\/jornalfatosenoticias.com.br\/wp-content\/uploads\/2022\/02\/Arte-Autoescola-Galatas_endereco_portal-300x30.png 300w, https:\/\/jornalfatosenoticias.com.br\/wp-content\/uploads\/2022\/02\/Arte-Autoescola-Galatas_endereco_portal-768x77.png 768w, https:\/\/jornalfatosenoticias.com.br\/wp-content\/uploads\/2022\/02\/Arte-Autoescola-Galatas_endereco_portal.png 1223w\" sizes=\"auto, (max-width: 1024px) 100vw, 1024px\" \/><\/figure><\/div>\n\n\n\n<figure class=\"wp-block-pullquote\"><blockquote><p><span class=\"has-inline-color has-luminous-vivid-orange-color\">\u201cQuem ocupa o c\u00e9rebro adia a doen\u00e7a\u201d, diz Pessanha.<\/span><\/p><\/blockquote><\/figure>\n\n\n\n<p>Al\u00e9m dos est\u00edmulos mentais, h\u00e1 evid\u00eancias cada vez maiores de que exerc\u00edcios f\u00edsicos s\u00e3o ben\u00e9ficos para a preven\u00e7\u00e3o e tratamento do Alzheimer. A atividade f\u00edsica regular, como por exemplo as caminhadas, n\u00e3o apenas protege contra alguns fatores de risco para o surgimento do Alzheimer, como hipertens\u00e3o, colesterol alto e diabetes, como tamb\u00e9m traz benef\u00edcio na velocidade de racioc\u00ednio, favorece a manuten\u00e7\u00e3o da mem\u00f3ria e ajuda na preven\u00e7\u00e3o do decl\u00ednio cognitivo.<\/p>\n\n\n\n<div class=\"wp-block-image\"><figure class=\"aligncenter size-large is-resized\"><img loading=\"lazy\" decoding=\"async\" src=\"https:\/\/jornalfatosenoticias.com.br\/wp-content\/uploads\/2020\/02\/Serra-Grande-1024x160.png\" alt=\"\" class=\"wp-image-7836\" width=\"525\" height=\"81\"\/><\/figure><\/div>\n\n\n\n<p>Estudos recentes relacionam o Alzheimer com outras doen\u00e7as e, por esse motivo, um cuidado com a sa\u00fade em geral pode adiar o desenvolvimento da doen\u00e7a. \u201cA gente sabe hoje que Alzheimer est\u00e1 ligado muito ao diabetes, \u00e0 hipertens\u00e3o, ao tabagismo, \u00e0 s\u00edndrome da apneia obstrutiva do sono, a quadros de depress\u00e3o. Ent\u00e3o, se voc\u00ea precocemente trata essas situa\u00e7\u00f5es, isso diminui o risco de o idoso, quando chega \u00e0 terceira idade, desenvolver Alzheimer\u201d, diz Marcus Tulius.<\/p>\n\n\n\n<div class=\"wp-block-image\"><figure class=\"alignleft size-large\"><img loading=\"lazy\" decoding=\"async\" width=\"300\" height=\"237\" src=\"https:\/\/jornalfatosenoticias.com.br\/wp-content\/uploads\/2020\/02\/SEVENTUR-TURISMO.jpg\" alt=\"\" class=\"wp-image-32994\"\/><\/figure><\/div>\n\n\n\n<p><strong><span class=\"has-inline-color has-black-color\">Apoio<br><\/span><\/strong>O suporte da fam\u00edlia ao paciente com Alzheimer \u00e9 fundamental. \u201cA pessoa est\u00e1 com uma enfermidade. Ela n\u00e3o confunde o nome do neto, por exemplo, porque quer. Tento pedir que a fam\u00edlia apoie, estimule, leve para o cinema, o museu, o teatro, leve para passear, tenha paci\u00eancia porque esses est\u00edmulos \u00e9 que v\u00e3o manter o paciente, por mais tempo, com uma qualidade m\u00ednima de vida para interagir com as pessoas\u201d, recomenda Pessanha.<\/p>\n\n\n\n<p><strong><em>Fonte: <a href=\"https:\/\/agenciabrasil.ebc.com.br\/saude\/noticia\/2022-09\/dia-mundial-do-alzheimer-alerta-para-aumento-de-casos-no-mundo\">Ag\u00eancia Brasil<\/a><\/em><\/strong><\/p>\n","protected":false},"excerpt":{"rendered":"<p>Com o envelhecimento da popula\u00e7\u00e3o, OMS prev\u00ea aumento de casos De acordo com a Organiza\u00e7\u00e3o Mundial da Sa\u00fade (OMS), cerca de 55 milh\u00f5es de pessoas vivem com algum tipo de dem\u00eancia, sendo a mais comum a doen\u00e7a de Alzheimer, que atinge sete entre dez indiv\u00edduos nessa situa\u00e7\u00e3o em todo o mundo. A OMS alerta para [&hellip;]<\/p>\n","protected":false},"author":2,"featured_media":34418,"comment_status":"open","ping_status":"open","sticky":false,"template":"","format":"standard","meta":{"footnotes":""},"categories":[11],"tags":[1266,2501,11228,2586,447,89],"class_list":["post-34416","post","type-post","status-publish","format-standard","has-post-thumbnail","hentry","category-saude","tag-alerta","tag-alzheimer","tag-dia-mundial-do-alzheimer","tag-envelhecimento","tag-ministerio-da-saude","tag-oms"],"yoast_head":"<!-- This site is optimized with the Yoast SEO plugin v26.5 - https:\/\/yoast.com\/wordpress\/plugins\/seo\/ -->\n<title>Dia Mundial do Alzheimer alerta para aumento de casos no mundo - Jornal Fatos e Not\u00edcias<\/title>\n<meta name=\"robots\" content=\"index, follow, max-snippet:-1, max-image-preview:large, max-video-preview:-1\" \/>\n<link rel=\"canonical\" href=\"https:\/\/jornalfatosenoticias.com.br\/index.php\/2022\/09\/21\/dia-mundial-do-alzheimer-alerta-para-aumento-de-casos-no-mundo\/\" \/>\n<meta property=\"og:locale\" content=\"pt_BR\" \/>\n<meta property=\"og:type\" content=\"article\" \/>\n<meta property=\"og:title\" content=\"Dia Mundial do Alzheimer alerta para aumento de casos no mundo - Jornal Fatos e Not\u00edcias\" \/>\n<meta property=\"og:description\" content=\"Com o envelhecimento da popula\u00e7\u00e3o, OMS prev\u00ea aumento de casos De acordo com a Organiza\u00e7\u00e3o Mundial da Sa\u00fade (OMS), cerca de 55 milh\u00f5es de pessoas vivem com algum tipo de dem\u00eancia, sendo a mais comum a doen\u00e7a de Alzheimer, que atinge sete entre dez indiv\u00edduos nessa situa\u00e7\u00e3o em todo o mundo. A OMS alerta para [&hellip;]\" \/>\n<meta property=\"og:url\" content=\"https:\/\/jornalfatosenoticias.com.br\/index.php\/2022\/09\/21\/dia-mundial-do-alzheimer-alerta-para-aumento-de-casos-no-mundo\/\" \/>\n<meta property=\"og:site_name\" content=\"Jornal Fatos e Not\u00edcias\" \/>\n<meta property=\"article:published_time\" content=\"2022-09-21T14:32:06+00:00\" \/>\n<meta property=\"article:modified_time\" content=\"2022-09-21T14:32:09+00:00\" \/>\n<meta property=\"og:image\" content=\"https:\/\/jornalfatosenoticias.com.br\/wp-content\/uploads\/2022\/09\/dia-mundial-do-Alzheimer.jpg\" \/>\n\t<meta property=\"og:image:width\" content=\"1000\" \/>\n\t<meta property=\"og:image:height\" content=\"598\" \/>\n\t<meta property=\"og:image:type\" content=\"image\/jpeg\" \/>\n<meta name=\"author\" content=\"Luzimara Fernandes\" \/>\n<meta name=\"twitter:card\" content=\"summary_large_image\" \/>\n<meta name=\"twitter:label1\" content=\"Escrito por\" \/>\n\t<meta name=\"twitter:data1\" content=\"Luzimara Fernandes\" \/>\n\t<meta name=\"twitter:label2\" content=\"Est. tempo de leitura\" \/>\n\t<meta name=\"twitter:data2\" content=\"5 minutos\" \/>\n<script type=\"application\/ld+json\" class=\"yoast-schema-graph\">{\"@context\":\"https:\/\/schema.org\",\"@graph\":[{\"@type\":\"Article\",\"@id\":\"https:\/\/jornalfatosenoticias.com.br\/index.php\/2022\/09\/21\/dia-mundial-do-alzheimer-alerta-para-aumento-de-casos-no-mundo\/#article\",\"isPartOf\":{\"@id\":\"https:\/\/jornalfatosenoticias.com.br\/index.php\/2022\/09\/21\/dia-mundial-do-alzheimer-alerta-para-aumento-de-casos-no-mundo\/\"},\"author\":{\"name\":\"Luzimara Fernandes\",\"@id\":\"https:\/\/jornalfatosenoticias.com.br\/#\/schema\/person\/d63837fa13ac8666eb9e74e0985d6f81\"},\"headline\":\"Dia Mundial do Alzheimer alerta para aumento de casos no mundo\",\"datePublished\":\"2022-09-21T14:32:06+00:00\",\"dateModified\":\"2022-09-21T14:32:09+00:00\",\"mainEntityOfPage\":{\"@id\":\"https:\/\/jornalfatosenoticias.com.br\/index.php\/2022\/09\/21\/dia-mundial-do-alzheimer-alerta-para-aumento-de-casos-no-mundo\/\"},\"wordCount\":1102,\"commentCount\":0,\"publisher\":{\"@id\":\"https:\/\/jornalfatosenoticias.com.br\/#organization\"},\"image\":{\"@id\":\"https:\/\/jornalfatosenoticias.com.br\/index.php\/2022\/09\/21\/dia-mundial-do-alzheimer-alerta-para-aumento-de-casos-no-mundo\/#primaryimage\"},\"thumbnailUrl\":\"https:\/\/jornalfatosenoticias.com.br\/wp-content\/uploads\/2022\/09\/dia-mundial-do-Alzheimer.jpg\",\"keywords\":[\"alerta\",\"Alzheimer\",\"Dia Mundial do Alzheimer\",\"envelhecimento\",\"Minist\u00e9rio da Sa\u00fade\",\"oms\"],\"articleSection\":[\"Sa\u00fade\"],\"inLanguage\":\"pt-BR\",\"potentialAction\":[{\"@type\":\"CommentAction\",\"name\":\"Comment\",\"target\":[\"https:\/\/jornalfatosenoticias.com.br\/index.php\/2022\/09\/21\/dia-mundial-do-alzheimer-alerta-para-aumento-de-casos-no-mundo\/#respond\"]}]},{\"@type\":\"WebPage\",\"@id\":\"https:\/\/jornalfatosenoticias.com.br\/index.php\/2022\/09\/21\/dia-mundial-do-alzheimer-alerta-para-aumento-de-casos-no-mundo\/\",\"url\":\"https:\/\/jornalfatosenoticias.com.br\/index.php\/2022\/09\/21\/dia-mundial-do-alzheimer-alerta-para-aumento-de-casos-no-mundo\/\",\"name\":\"Dia Mundial do Alzheimer alerta para aumento de casos no mundo - Jornal Fatos e Not\u00edcias\",\"isPartOf\":{\"@id\":\"https:\/\/jornalfatosenoticias.com.br\/#website\"},\"primaryImageOfPage\":{\"@id\":\"https:\/\/jornalfatosenoticias.com.br\/index.php\/2022\/09\/21\/dia-mundial-do-alzheimer-alerta-para-aumento-de-casos-no-mundo\/#primaryimage\"},\"image\":{\"@id\":\"https:\/\/jornalfatosenoticias.com.br\/index.php\/2022\/09\/21\/dia-mundial-do-alzheimer-alerta-para-aumento-de-casos-no-mundo\/#primaryimage\"},\"thumbnailUrl\":\"https:\/\/jornalfatosenoticias.com.br\/wp-content\/uploads\/2022\/09\/dia-mundial-do-Alzheimer.jpg\",\"datePublished\":\"2022-09-21T14:32:06+00:00\",\"dateModified\":\"2022-09-21T14:32:09+00:00\",\"breadcrumb\":{\"@id\":\"https:\/\/jornalfatosenoticias.com.br\/index.php\/2022\/09\/21\/dia-mundial-do-alzheimer-alerta-para-aumento-de-casos-no-mundo\/#breadcrumb\"},\"inLanguage\":\"pt-BR\",\"potentialAction\":[{\"@type\":\"ReadAction\",\"target\":[\"https:\/\/jornalfatosenoticias.com.br\/index.php\/2022\/09\/21\/dia-mundial-do-alzheimer-alerta-para-aumento-de-casos-no-mundo\/\"]}]},{\"@type\":\"ImageObject\",\"inLanguage\":\"pt-BR\",\"@id\":\"https:\/\/jornalfatosenoticias.com.br\/index.php\/2022\/09\/21\/dia-mundial-do-alzheimer-alerta-para-aumento-de-casos-no-mundo\/#primaryimage\",\"url\":\"https:\/\/jornalfatosenoticias.com.br\/wp-content\/uploads\/2022\/09\/dia-mundial-do-Alzheimer.jpg\",\"contentUrl\":\"https:\/\/jornalfatosenoticias.com.br\/wp-content\/uploads\/2022\/09\/dia-mundial-do-Alzheimer.jpg\",\"width\":1000,\"height\":598},{\"@type\":\"BreadcrumbList\",\"@id\":\"https:\/\/jornalfatosenoticias.com.br\/index.php\/2022\/09\/21\/dia-mundial-do-alzheimer-alerta-para-aumento-de-casos-no-mundo\/#breadcrumb\",\"itemListElement\":[{\"@type\":\"ListItem\",\"position\":1,\"name\":\"In\u00edcio\",\"item\":\"https:\/\/jornalfatosenoticias.com.br\/\"},{\"@type\":\"ListItem\",\"position\":2,\"name\":\"Dia Mundial do Alzheimer alerta para aumento de casos no mundo\"}]},{\"@type\":\"WebSite\",\"@id\":\"https:\/\/jornalfatosenoticias.com.br\/#website\",\"url\":\"https:\/\/jornalfatosenoticias.com.br\/\",\"name\":\"Jornal Fatos e Not\u00edcias\",\"description\":\"Not\u00edcias em geral\",\"publisher\":{\"@id\":\"https:\/\/jornalfatosenoticias.com.br\/#organization\"},\"potentialAction\":[{\"@type\":\"SearchAction\",\"target\":{\"@type\":\"EntryPoint\",\"urlTemplate\":\"https:\/\/jornalfatosenoticias.com.br\/?s={search_term_string}\"},\"query-input\":{\"@type\":\"PropertyValueSpecification\",\"valueRequired\":true,\"valueName\":\"search_term_string\"}}],\"inLanguage\":\"pt-BR\"},{\"@type\":\"Organization\",\"@id\":\"https:\/\/jornalfatosenoticias.com.br\/#organization\",\"name\":\"Jornal Fatos e Not\u00edcias\",\"url\":\"https:\/\/jornalfatosenoticias.com.br\/\",\"logo\":{\"@type\":\"ImageObject\",\"inLanguage\":\"pt-BR\",\"@id\":\"https:\/\/jornalfatosenoticias.com.br\/#\/schema\/logo\/image\/\",\"url\":\"https:\/\/jornalfatosenoticias.com.br\/wp-content\/uploads\/2020\/02\/logo120.png\",\"contentUrl\":\"https:\/\/jornalfatosenoticias.com.br\/wp-content\/uploads\/2020\/02\/logo120.png\",\"width\":1227,\"height\":120,\"caption\":\"Jornal Fatos e Not\u00edcias\"},\"image\":{\"@id\":\"https:\/\/jornalfatosenoticias.com.br\/#\/schema\/logo\/image\/\"}},{\"@type\":\"Person\",\"@id\":\"https:\/\/jornalfatosenoticias.com.br\/#\/schema\/person\/d63837fa13ac8666eb9e74e0985d6f81\",\"name\":\"Luzimara Fernandes\",\"image\":{\"@type\":\"ImageObject\",\"inLanguage\":\"pt-BR\",\"@id\":\"https:\/\/jornalfatosenoticias.com.br\/#\/schema\/person\/image\/\",\"url\":\"https:\/\/jornalfatosenoticias.com.br\/wp-content\/uploads\/2025\/05\/EU_portal.jpg\",\"contentUrl\":\"https:\/\/jornalfatosenoticias.com.br\/wp-content\/uploads\/2025\/05\/EU_portal.jpg\",\"caption\":\"Luzimara Fernandes\"},\"description\":\"Jornalista MTB 2358-ES\",\"sameAs\":[\"https:\/\/jornalfatosenoticias.com.br\"],\"url\":\"https:\/\/jornalfatosenoticias.com.br\/index.php\/author\/luzimara\/\"}]}<\/script>\n<!-- \/ Yoast SEO plugin. -->","yoast_head_json":{"title":"Dia Mundial do Alzheimer alerta para aumento de casos no mundo - Jornal Fatos e Not\u00edcias","robots":{"index":"index","follow":"follow","max-snippet":"max-snippet:-1","max-image-preview":"max-image-preview:large","max-video-preview":"max-video-preview:-1"},"canonical":"https:\/\/jornalfatosenoticias.com.br\/index.php\/2022\/09\/21\/dia-mundial-do-alzheimer-alerta-para-aumento-de-casos-no-mundo\/","og_locale":"pt_BR","og_type":"article","og_title":"Dia Mundial do Alzheimer alerta para aumento de casos no mundo - Jornal Fatos e Not\u00edcias","og_description":"Com o envelhecimento da popula\u00e7\u00e3o, OMS prev\u00ea aumento de casos De acordo com a Organiza\u00e7\u00e3o Mundial da Sa\u00fade (OMS), cerca de 55 milh\u00f5es de pessoas vivem com algum tipo de dem\u00eancia, sendo a mais comum a doen\u00e7a de Alzheimer, que atinge sete entre dez indiv\u00edduos nessa situa\u00e7\u00e3o em todo o mundo. A OMS alerta para [&hellip;]","og_url":"https:\/\/jornalfatosenoticias.com.br\/index.php\/2022\/09\/21\/dia-mundial-do-alzheimer-alerta-para-aumento-de-casos-no-mundo\/","og_site_name":"Jornal Fatos e Not\u00edcias","article_published_time":"2022-09-21T14:32:06+00:00","article_modified_time":"2022-09-21T14:32:09+00:00","og_image":[{"width":1000,"height":598,"url":"https:\/\/jornalfatosenoticias.com.br\/wp-content\/uploads\/2022\/09\/dia-mundial-do-Alzheimer.jpg","type":"image\/jpeg"}],"author":"Luzimara Fernandes","twitter_card":"summary_large_image","twitter_misc":{"Escrito por":"Luzimara Fernandes","Est. tempo de leitura":"5 minutos"},"schema":{"@context":"https:\/\/schema.org","@graph":[{"@type":"Article","@id":"https:\/\/jornalfatosenoticias.com.br\/index.php\/2022\/09\/21\/dia-mundial-do-alzheimer-alerta-para-aumento-de-casos-no-mundo\/#article","isPartOf":{"@id":"https:\/\/jornalfatosenoticias.com.br\/index.php\/2022\/09\/21\/dia-mundial-do-alzheimer-alerta-para-aumento-de-casos-no-mundo\/"},"author":{"name":"Luzimara Fernandes","@id":"https:\/\/jornalfatosenoticias.com.br\/#\/schema\/person\/d63837fa13ac8666eb9e74e0985d6f81"},"headline":"Dia Mundial do Alzheimer alerta para aumento de casos no mundo","datePublished":"2022-09-21T14:32:06+00:00","dateModified":"2022-09-21T14:32:09+00:00","mainEntityOfPage":{"@id":"https:\/\/jornalfatosenoticias.com.br\/index.php\/2022\/09\/21\/dia-mundial-do-alzheimer-alerta-para-aumento-de-casos-no-mundo\/"},"wordCount":1102,"commentCount":0,"publisher":{"@id":"https:\/\/jornalfatosenoticias.com.br\/#organization"},"image":{"@id":"https:\/\/jornalfatosenoticias.com.br\/index.php\/2022\/09\/21\/dia-mundial-do-alzheimer-alerta-para-aumento-de-casos-no-mundo\/#primaryimage"},"thumbnailUrl":"https:\/\/jornalfatosenoticias.com.br\/wp-content\/uploads\/2022\/09\/dia-mundial-do-Alzheimer.jpg","keywords":["alerta","Alzheimer","Dia Mundial do Alzheimer","envelhecimento","Minist\u00e9rio da Sa\u00fade","oms"],"articleSection":["Sa\u00fade"],"inLanguage":"pt-BR","potentialAction":[{"@type":"CommentAction","name":"Comment","target":["https:\/\/jornalfatosenoticias.com.br\/index.php\/2022\/09\/21\/dia-mundial-do-alzheimer-alerta-para-aumento-de-casos-no-mundo\/#respond"]}]},{"@type":"WebPage","@id":"https:\/\/jornalfatosenoticias.com.br\/index.php\/2022\/09\/21\/dia-mundial-do-alzheimer-alerta-para-aumento-de-casos-no-mundo\/","url":"https:\/\/jornalfatosenoticias.com.br\/index.php\/2022\/09\/21\/dia-mundial-do-alzheimer-alerta-para-aumento-de-casos-no-mundo\/","name":"Dia Mundial do Alzheimer alerta para aumento de casos no mundo - Jornal Fatos e Not\u00edcias","isPartOf":{"@id":"https:\/\/jornalfatosenoticias.com.br\/#website"},"primaryImageOfPage":{"@id":"https:\/\/jornalfatosenoticias.com.br\/index.php\/2022\/09\/21\/dia-mundial-do-alzheimer-alerta-para-aumento-de-casos-no-mundo\/#primaryimage"},"image":{"@id":"https:\/\/jornalfatosenoticias.com.br\/index.php\/2022\/09\/21\/dia-mundial-do-alzheimer-alerta-para-aumento-de-casos-no-mundo\/#primaryimage"},"thumbnailUrl":"https:\/\/jornalfatosenoticias.com.br\/wp-content\/uploads\/2022\/09\/dia-mundial-do-Alzheimer.jpg","datePublished":"2022-09-21T14:32:06+00:00","dateModified":"2022-09-21T14:32:09+00:00","breadcrumb":{"@id":"https:\/\/jornalfatosenoticias.com.br\/index.php\/2022\/09\/21\/dia-mundial-do-alzheimer-alerta-para-aumento-de-casos-no-mundo\/#breadcrumb"},"inLanguage":"pt-BR","potentialAction":[{"@type":"ReadAction","target":["https:\/\/jornalfatosenoticias.com.br\/index.php\/2022\/09\/21\/dia-mundial-do-alzheimer-alerta-para-aumento-de-casos-no-mundo\/"]}]},{"@type":"ImageObject","inLanguage":"pt-BR","@id":"https:\/\/jornalfatosenoticias.com.br\/index.php\/2022\/09\/21\/dia-mundial-do-alzheimer-alerta-para-aumento-de-casos-no-mundo\/#primaryimage","url":"https:\/\/jornalfatosenoticias.com.br\/wp-content\/uploads\/2022\/09\/dia-mundial-do-Alzheimer.jpg","contentUrl":"https:\/\/jornalfatosenoticias.com.br\/wp-content\/uploads\/2022\/09\/dia-mundial-do-Alzheimer.jpg","width":1000,"height":598},{"@type":"BreadcrumbList","@id":"https:\/\/jornalfatosenoticias.com.br\/index.php\/2022\/09\/21\/dia-mundial-do-alzheimer-alerta-para-aumento-de-casos-no-mundo\/#breadcrumb","itemListElement":[{"@type":"ListItem","position":1,"name":"In\u00edcio","item":"https:\/\/jornalfatosenoticias.com.br\/"},{"@type":"ListItem","position":2,"name":"Dia Mundial do Alzheimer alerta para aumento de casos no mundo"}]},{"@type":"WebSite","@id":"https:\/\/jornalfatosenoticias.com.br\/#website","url":"https:\/\/jornalfatosenoticias.com.br\/","name":"Jornal Fatos e Not\u00edcias","description":"Not\u00edcias em geral","publisher":{"@id":"https:\/\/jornalfatosenoticias.com.br\/#organization"},"potentialAction":[{"@type":"SearchAction","target":{"@type":"EntryPoint","urlTemplate":"https:\/\/jornalfatosenoticias.com.br\/?s={search_term_string}"},"query-input":{"@type":"PropertyValueSpecification","valueRequired":true,"valueName":"search_term_string"}}],"inLanguage":"pt-BR"},{"@type":"Organization","@id":"https:\/\/jornalfatosenoticias.com.br\/#organization","name":"Jornal Fatos e Not\u00edcias","url":"https:\/\/jornalfatosenoticias.com.br\/","logo":{"@type":"ImageObject","inLanguage":"pt-BR","@id":"https:\/\/jornalfatosenoticias.com.br\/#\/schema\/logo\/image\/","url":"https:\/\/jornalfatosenoticias.com.br\/wp-content\/uploads\/2020\/02\/logo120.png","contentUrl":"https:\/\/jornalfatosenoticias.com.br\/wp-content\/uploads\/2020\/02\/logo120.png","width":1227,"height":120,"caption":"Jornal Fatos e Not\u00edcias"},"image":{"@id":"https:\/\/jornalfatosenoticias.com.br\/#\/schema\/logo\/image\/"}},{"@type":"Person","@id":"https:\/\/jornalfatosenoticias.com.br\/#\/schema\/person\/d63837fa13ac8666eb9e74e0985d6f81","name":"Luzimara Fernandes","image":{"@type":"ImageObject","inLanguage":"pt-BR","@id":"https:\/\/jornalfatosenoticias.com.br\/#\/schema\/person\/image\/","url":"https:\/\/jornalfatosenoticias.com.br\/wp-content\/uploads\/2025\/05\/EU_portal.jpg","contentUrl":"https:\/\/jornalfatosenoticias.com.br\/wp-content\/uploads\/2025\/05\/EU_portal.jpg","caption":"Luzimara Fernandes"},"description":"Jornalista MTB 2358-ES","sameAs":["https:\/\/jornalfatosenoticias.com.br"],"url":"https:\/\/jornalfatosenoticias.com.br\/index.php\/author\/luzimara\/"}]}},"cc_featured_image_caption":{"caption_text":"(Foto: Daniel Mello\/Ag\u00eancia Brasil) ","source_text":"","source_url":""},"jetpack_featured_media_url":"https:\/\/jornalfatosenoticias.com.br\/wp-content\/uploads\/2022\/09\/dia-mundial-do-Alzheimer.jpg","_links":{"self":[{"href":"https:\/\/jornalfatosenoticias.com.br\/index.php\/wp-json\/wp\/v2\/posts\/34416","targetHints":{"allow":["GET"]}}],"collection":[{"href":"https:\/\/jornalfatosenoticias.com.br\/index.php\/wp-json\/wp\/v2\/posts"}],"about":[{"href":"https:\/\/jornalfatosenoticias.com.br\/index.php\/wp-json\/wp\/v2\/types\/post"}],"author":[{"embeddable":true,"href":"https:\/\/jornalfatosenoticias.com.br\/index.php\/wp-json\/wp\/v2\/users\/2"}],"replies":[{"embeddable":true,"href":"https:\/\/jornalfatosenoticias.com.br\/index.php\/wp-json\/wp\/v2\/comments?post=34416"}],"version-history":[{"count":0,"href":"https:\/\/jornalfatosenoticias.com.br\/index.php\/wp-json\/wp\/v2\/posts\/34416\/revisions"}],"wp:featuredmedia":[{"embeddable":true,"href":"https:\/\/jornalfatosenoticias.com.br\/index.php\/wp-json\/wp\/v2\/media\/34418"}],"wp:attachment":[{"href":"https:\/\/jornalfatosenoticias.com.br\/index.php\/wp-json\/wp\/v2\/media?parent=34416"}],"wp:term":[{"taxonomy":"category","embeddable":true,"href":"https:\/\/jornalfatosenoticias.com.br\/index.php\/wp-json\/wp\/v2\/categories?post=34416"},{"taxonomy":"post_tag","embeddable":true,"href":"https:\/\/jornalfatosenoticias.com.br\/index.php\/wp-json\/wp\/v2\/tags?post=34416"}],"curies":[{"name":"wp","href":"https:\/\/api.w.org\/{rel}","templated":true}]}}