{"id":34419,"date":"2022-09-21T11:52:43","date_gmt":"2022-09-21T14:52:43","guid":{"rendered":"https:\/\/jornalfatosenoticias.com.br\/?p=34419"},"modified":"2022-09-21T11:52:45","modified_gmt":"2022-09-21T14:52:45","slug":"indice-de-pessoas-com-deficiencia-no-mercado-de-trabalho-e-de-283","status":"publish","type":"post","link":"https:\/\/jornalfatosenoticias.com.br\/index.php\/2022\/09\/21\/indice-de-pessoas-com-deficiencia-no-mercado-de-trabalho-e-de-283\/","title":{"rendered":"\u00cdndice de pessoas com defici\u00eancia no mercado de trabalho \u00e9 de 28,3%"},"content":{"rendered":"\n<p><em><span class=\"has-inline-color has-black-color\">Dados s\u00e3o da pesquisa Pessoas com defici\u00eancia e desigualdades, de 2019<\/span><\/em><\/p>\n\n\n\n<div class=\"wp-block-image\"><figure class=\"aligncenter size-large\"><img loading=\"lazy\" decoding=\"async\" width=\"1024\" height=\"99\" src=\"https:\/\/jornalfatosenoticias.com.br\/wp-content\/uploads\/2020\/02\/Logo-Mizu-segunda-2-1024x99.png\" alt=\"\" class=\"wp-image-2353\" srcset=\"https:\/\/jornalfatosenoticias.com.br\/wp-content\/uploads\/2020\/02\/Logo-Mizu-segunda-2-1024x99.png 1024w, https:\/\/jornalfatosenoticias.com.br\/wp-content\/uploads\/2020\/02\/Logo-Mizu-segunda-2-300x29.png 300w, https:\/\/jornalfatosenoticias.com.br\/wp-content\/uploads\/2020\/02\/Logo-Mizu-segunda-2-768x74.png 768w, https:\/\/jornalfatosenoticias.com.br\/wp-content\/uploads\/2020\/02\/Logo-Mizu-segunda-2.png 1240w\" sizes=\"auto, (max-width: 1024px) 100vw, 1024px\" \/><\/figure><\/div>\n\n\n\n<p>As pessoas com defici\u00eancia apresentaram, em 2019, taxas de participa\u00e7\u00e3o (28,3%) e de formaliza\u00e7\u00e3o (34,3%) no mercado de trabalho muito menores do que as das pessoas sem essa condi\u00e7\u00e3o (66,3% e 50,9%, respectivamente). A desocupa\u00e7\u00e3o observada nesse contingente (10,3%) foi maior do que a verificada entre as pessoas sem defici\u00eancia (9%). Os dados constam da publica\u00e7\u00e3o Pessoas com Defici\u00eancia e as Desigualdades Sociais no Brasil (PNS 2019), divulgada hoje (21) pelo Instituto Brasileiro de Geografia e Estat\u00edstica (IBGE).<\/p>\n\n\n\n<div class=\"wp-block-jetpack-tiled-gallery aligncenter is-style-rectangular\"><div class=\"tiled-gallery__gallery\"><div class=\"tiled-gallery__row\"><div class=\"tiled-gallery__col\" style=\"flex-basis:45.90638024832817%\"><figure class=\"tiled-gallery__item\"><img decoding=\"async\" alt=\"\" data-height=\"250\" data-id=\"33178\" data-link=\"https:\/\/jornalfatosenoticias.com.br\/arte-casarao\/\" data-url=\"https:\/\/jornalfatosenoticias.com.br\/wp-content\/uploads\/2022\/08\/arte-Casarao.jpg\" data-width=\"300\" src=\"https:\/\/i0.wp.com\/jornalfatosenoticias.com.br\/wp-content\/uploads\/2022\/08\/arte-Casarao.jpg?ssl=1\" layout=\"responsive\"\/><\/figure><\/div><div class=\"tiled-gallery__col\" style=\"flex-basis:54.09361975167184%\"><figure class=\"tiled-gallery__item\"><img decoding=\"async\" alt=\"\" data-height=\"848\" data-id=\"28088\" data-link=\"https:\/\/jornalfatosenoticias.com.br\/index.php\/2022\/02\/21\/apos-aval-do-governo-bolsonaro-anac-divulga-homologacao-do-aeroporto-de-linhares\/precisao-contabilidade\/\" data-url=\"https:\/\/jornalfatosenoticias.com.br\/wp-content\/uploads\/2022\/02\/Precisao-Contabilidade.jpg\" data-width=\"1200\" src=\"https:\/\/i1.wp.com\/jornalfatosenoticias.com.br\/wp-content\/uploads\/2022\/02\/Precisao-Contabilidade.jpg?ssl=1\" layout=\"responsive\"\/><\/figure><\/div><\/div><\/div><\/div>\n\n\n\n<p>De acordo com o analista da pesquisa, Leonardo Queiroz Athias, a inser\u00e7\u00e3o no mercado de trabalho, principalmente em ocupa\u00e7\u00f5es formais com maiores benef\u00edcios em termos de rendimento e com prote\u00e7\u00e3o social, \u00e9 um desafio para as pessoas com defici\u00eancia, que devem lidar com diversos obst\u00e1culos, como a inadapta\u00e7\u00e3o dos espa\u00e7os, tanto no local de trabalho quanto no deslocamento.<\/p>\n\n\n\n<div class=\"wp-block-image\"><figure class=\"aligncenter size-large is-resized\"><img loading=\"lazy\" decoding=\"async\" src=\"https:\/\/jornalfatosenoticias.com.br\/wp-content\/uploads\/2020\/02\/Serra-Grande-1024x160.png\" alt=\"\" class=\"wp-image-7836\" width=\"523\" height=\"81\"\/><\/figure><\/div>\n\n\n\n<figure class=\"wp-block-pullquote\"><blockquote><p><span class=\"has-inline-color has-luminous-vivid-orange-color\">\u201cA pessoa com defici\u00eancia procura trabalho, mas tem dificuldade de encontrar ocupa\u00e7\u00e3o, pois h\u00e1 pouca aceita\u00e7\u00e3o dos empregadores, preconceito, pouca acessibilidade para chegar ao local e pouca acessibilidade. Os empregos que conseguem, em geral, s\u00e3o de pior qualidade, com menor prote\u00e7\u00e3o e menor taxa de formalidade\u201d, disse o pesquisador.<\/span><\/p><\/blockquote><\/figure>\n\n\n\n<div class=\"wp-block-image\"><figure class=\"aligncenter size-large is-resized\"><img loading=\"lazy\" decoding=\"async\" src=\"https:\/\/jornalfatosenoticias.com.br\/wp-content\/uploads\/2022\/08\/logo-locau-veiculos-1024x573.png\" alt=\"\" class=\"wp-image-33078\" width=\"303\" height=\"169\"\/><\/figure><\/div>\n\n\n\n<p><strong><span class=\"has-inline-color has-black-color\">Rendimentos<br><\/span><\/strong>A desigualdade tamb\u00e9m se reflete nos rendimentos, segundo a publica\u00e7\u00e3o. Em 2019, as pessoas com defici\u00eancia tinham rendimento m\u00e9dio mensal de R$ 1.639, enquanto os trabalhadores sem defici\u00eancia recebiam, em m\u00e9dia, R$ 2.619.<\/p>\n\n\n\n<div class=\"wp-block-image\"><figure class=\"aligncenter size-large\"><img loading=\"lazy\" decoding=\"async\" width=\"1024\" height=\"100\" src=\"https:\/\/jornalfatosenoticias.com.br\/wp-content\/uploads\/2020\/02\/banner_ferramentas-1024x100.jpg\" alt=\"\" class=\"wp-image-1258\" srcset=\"https:\/\/jornalfatosenoticias.com.br\/wp-content\/uploads\/2020\/02\/banner_ferramentas-1024x100.jpg 1024w, https:\/\/jornalfatosenoticias.com.br\/wp-content\/uploads\/2020\/02\/banner_ferramentas-300x29.jpg 300w, https:\/\/jornalfatosenoticias.com.br\/wp-content\/uploads\/2020\/02\/banner_ferramentas-768x75.jpg 768w, https:\/\/jornalfatosenoticias.com.br\/wp-content\/uploads\/2020\/02\/banner_ferramentas.jpg 1227w\" sizes=\"auto, (max-width: 1024px) 100vw, 1024px\" \/><\/figure><\/div>\n\n\n\n<figure class=\"wp-block-pullquote\"><blockquote><p><span class=\"has-inline-color has-luminous-vivid-orange-color\">\u201cDestaca-se que as pessoas com defici\u00eancia recebiam menores valores em todos os grupos de atividades econ\u00f4micas e estavam mais concentradas naquelas com rendimentos m\u00e9dios relativamente menores, como servi\u00e7os dom\u00e9sticos, agropecu\u00e1ria e alojamento e alimenta\u00e7\u00e3o\u201d, diz a pesquisa.<\/span><\/p><\/blockquote><\/figure>\n\n\n\n<div class=\"wp-block-image\"><figure class=\"aligncenter size-large is-resized\"><img loading=\"lazy\" decoding=\"async\" src=\"https:\/\/jornalfatosenoticias.com.br\/wp-content\/uploads\/2022\/07\/Logo-Grupo-SEI.jpg\" alt=\"\" class=\"wp-image-31973\" width=\"343\" height=\"180\" srcset=\"https:\/\/jornalfatosenoticias.com.br\/wp-content\/uploads\/2022\/07\/Logo-Grupo-SEI.jpg 713w, https:\/\/jornalfatosenoticias.com.br\/wp-content\/uploads\/2022\/07\/Logo-Grupo-SEI-300x158.jpg 300w\" sizes=\"auto, (max-width: 343px) 100vw, 343px\" \/><\/figure><\/div>\n\n\n\n<p>Em 2019,18,2% das pessoas com defici\u00eancia estavam abaixo da linha da pobreza (com renda inferior a US$ 5,5 por dia). Esse percentual era de 22% para pessoas sem defici\u00eancia. Entre as pessoas com defici\u00eancia visual, 22,5% estavam abaixo da linha de pobreza. A PNS 2019 identificou 17,2 milh\u00f5es de pessoas com defici\u00eancia de dois anos ou mais de idade, o que corresponde a 8,4% da popula\u00e7\u00e3o dessa faixa et\u00e1ria.<\/p>\n\n\n\n<div class=\"wp-block-image\"><figure class=\"aligncenter size-large\"><img loading=\"lazy\" decoding=\"async\" width=\"1024\" height=\"103\" src=\"https:\/\/jornalfatosenoticias.com.br\/wp-content\/uploads\/2022\/02\/Arte-Autoescola-Galatas_endereco_portal-1024x103.png\" alt=\"\" class=\"wp-image-27869\" srcset=\"https:\/\/jornalfatosenoticias.com.br\/wp-content\/uploads\/2022\/02\/Arte-Autoescola-Galatas_endereco_portal-1024x103.png 1024w, https:\/\/jornalfatosenoticias.com.br\/wp-content\/uploads\/2022\/02\/Arte-Autoescola-Galatas_endereco_portal-300x30.png 300w, https:\/\/jornalfatosenoticias.com.br\/wp-content\/uploads\/2022\/02\/Arte-Autoescola-Galatas_endereco_portal-768x77.png 768w, https:\/\/jornalfatosenoticias.com.br\/wp-content\/uploads\/2022\/02\/Arte-Autoescola-Galatas_endereco_portal.png 1223w\" sizes=\"auto, (max-width: 1024px) 100vw, 1024px\" \/><\/figure><\/div>\n\n\n\n<p>A defici\u00eancia se concentra em pessoas mais idosas: entre aquelas com 60 anos ou mais, 24,8% tinham alguma defici\u00eancia, enquanto no contingente de 2 a 59 anos esse resultado correspondia a 5,1%. O perfil das pessoas com defici\u00eancia \u00e9 mais feminino (9,9%) do que masculino (6,9%), e, relativamente \u00e0 cor ou ra\u00e7a, mais incidente entre as pessoas pretas ou pardas (8,7%) do que entre as brancas (8%).<\/p>\n\n\n\n<div class=\"wp-block-image\"><figure class=\"aligncenter size-large\"><img decoding=\"async\" src=\"https:\/\/jornalfatosenoticias.com.br\/wp-content\/uploads\/2020\/02\/logo-embacia-1-1024x110.jpg\" alt=\"\" class=\"wp-image-33954\"\/><\/figure><\/div>\n\n\n\n<p>Em 2019, cerca de 14,5 milh\u00f5es de domic\u00edlios tinham moradores com pelo menos uma defici\u00eancia, o que representou 19,8% dos domic\u00edlios brasileiros, tendo a Regi\u00e3o Nordeste o maior percentual (23,7%) e o Centro-Oeste, o menor (16,5%). Esse \u00edndice foi maior nos domic\u00edlios em \u00e1reas rurais (23,5%) do que naqueles situados em \u00e1reas urbanas (19,2%).<\/p>\n\n\n\n<div class=\"wp-block-image\"><figure class=\"aligncenter size-large is-resized\"><img loading=\"lazy\" decoding=\"async\" src=\"https:\/\/jornalfatosenoticias.com.br\/wp-content\/uploads\/2020\/02\/nova-logo-Marquetti.jpg\" alt=\"\" class=\"wp-image-22331\" width=\"289\" height=\"194\" srcset=\"https:\/\/jornalfatosenoticias.com.br\/wp-content\/uploads\/2020\/02\/nova-logo-Marquetti.jpg 643w, https:\/\/jornalfatosenoticias.com.br\/wp-content\/uploads\/2020\/02\/nova-logo-Marquetti-300x202.jpg 300w\" sizes=\"auto, (max-width: 289px) 100vw, 289px\" \/><\/figure><\/div>\n\n\n\n<figure class=\"wp-block-pullquote\"><blockquote><p><span class=\"has-inline-color has-luminous-vivid-orange-color\">No Brasil, 55% das escolas dos anos iniciais do ensino fundamental estavam adaptadas para alunos com defici\u00eancia. Nas escolas dos anos finais do ensino fundamental, a propor\u00e7\u00e3o era de 63,8% e para as de ensino m\u00e9dio, de 67,4%. <\/span><\/p><\/blockquote><\/figure>\n\n\n\n<div class=\"wp-block-image\"><figure class=\"aligncenter size-large\"><img decoding=\"async\" src=\"https:\/\/jornalfatosenoticias.com.br\/wp-content\/uploads\/2020\/02\/nova-logo-zucchi-1024x110.jpeg\" alt=\"\" class=\"wp-image-33846\"\/><\/figure><\/div>\n\n\n\n<p>Na distribui\u00e7\u00e3o territorial, as desigualdades regionais s\u00e3o relevantes: apenas 33% das escolas de ensino m\u00e9dio de S\u00e3o Paulo, por exemplo, eram adaptadas, contra 96,1% em Santa Catarina, no ano de 2019.<br>Apenas 58,2% das pessoas com defici\u00eancia tinham acesso simult\u00e2neo aos tr\u00eas servi\u00e7os de saneamento b\u00e1sico (esgoto sanit\u00e1rio, \u00e1gua por rede geral e coleta de lixo). Entre aqueles sem defici\u00eancia, esse percentual era de 62,4%.<br>Em 2019, cerca de 68,8% das pessoas com defici\u00eancia tinham internet em casa, enquanto para as pessoas sem defici\u00eancia essa propor\u00e7\u00e3o era 86,1%.<\/p>\n\n\n\n<div class=\"wp-block-jetpack-tiled-gallery aligncenter is-style-rectangular\"><div class=\"tiled-gallery__gallery\"><div class=\"tiled-gallery__row\"><div class=\"tiled-gallery__col\" style=\"flex-basis:60.33108009432821%\"><figure class=\"tiled-gallery__item\"><img decoding=\"async\" alt=\"\" data-height=\"164\" data-id=\"34339\" data-link=\"https:\/\/jornalfatosenoticias.com.br\/index.php\/sa_slider\/1070\/barao-das-carnes-300x164\/\" data-url=\"https:\/\/jornalfatosenoticias.com.br\/wp-content\/uploads\/2020\/02\/barao-das-carnes-300x164-1.jpg\" data-width=\"300\" src=\"https:\/\/i2.wp.com\/jornalfatosenoticias.com.br\/wp-content\/uploads\/2020\/02\/barao-das-carnes-300x164-1.jpg?ssl=1\" layout=\"responsive\"\/><\/figure><\/div><div class=\"tiled-gallery__col\" style=\"flex-basis:39.66891990567181%\"><figure class=\"tiled-gallery__item\"><img decoding=\"async\" alt=\"\" data-height=\"250\" data-id=\"1214\" data-link=\"https:\/\/jornalfatosenoticias.com.br\/index.php\/sa_slider\/1070\/logo_esteio\/\" data-url=\"https:\/\/jornalfatosenoticias.com.br\/wp-content\/uploads\/2020\/02\/logo_esteio.jpg\" data-width=\"300\" src=\"https:\/\/i2.wp.com\/jornalfatosenoticias.com.br\/wp-content\/uploads\/2020\/02\/logo_esteio.jpg?ssl=1\" layout=\"responsive\"\/><\/figure><\/div><\/div><\/div><\/div>\n\n\n\n<p><strong><em>Fonte: <a href=\"https:\/\/agenciabrasil.ebc.com.br\/economia\/noticia\/2022-09\/indice-de-pessoas-com-deficiencia-no-mercado-de-trabalho-e-de-283\">Ag\u00eancia Brasil<\/a><\/em><\/strong><\/p>\n","protected":false},"excerpt":{"rendered":"<p>Dados s\u00e3o da pesquisa Pessoas com defici\u00eancia e desigualdades, de 2019 As pessoas com defici\u00eancia apresentaram, em 2019, taxas de participa\u00e7\u00e3o (28,3%) e de formaliza\u00e7\u00e3o (34,3%) no mercado de trabalho muito menores do que as das pessoas sem essa condi\u00e7\u00e3o (66,3% e 50,9%, respectivamente). A desocupa\u00e7\u00e3o observada nesse contingente (10,3%) foi maior do que a [&hellip;]<\/p>\n","protected":false},"author":2,"featured_media":34421,"comment_status":"open","ping_status":"open","sticky":false,"template":"","format":"standard","meta":{"footnotes":""},"categories":[9],"tags":[1281,388,115,3624],"class_list":["post-34419","post","type-post","status-publish","format-standard","has-post-thumbnail","hentry","category-economia","tag-ibge","tag-mercado-de-trabalho","tag-pesquisa","tag-pessoas-com-deficiencia"],"yoast_head":"<!-- This site is optimized with the Yoast SEO plugin v26.5 - https:\/\/yoast.com\/wordpress\/plugins\/seo\/ -->\n<title>\u00cdndice de pessoas com defici\u00eancia no mercado de trabalho \u00e9 de 28,3% - Jornal Fatos e Not\u00edcias<\/title>\n<meta name=\"robots\" content=\"index, follow, max-snippet:-1, max-image-preview:large, max-video-preview:-1\" \/>\n<link rel=\"canonical\" href=\"https:\/\/jornalfatosenoticias.com.br\/index.php\/2022\/09\/21\/indice-de-pessoas-com-deficiencia-no-mercado-de-trabalho-e-de-283\/\" \/>\n<meta property=\"og:locale\" content=\"pt_BR\" \/>\n<meta property=\"og:type\" content=\"article\" \/>\n<meta property=\"og:title\" content=\"\u00cdndice de pessoas com defici\u00eancia no mercado de trabalho \u00e9 de 28,3% - Jornal Fatos e Not\u00edcias\" \/>\n<meta property=\"og:description\" content=\"Dados s\u00e3o da pesquisa Pessoas com defici\u00eancia e desigualdades, de 2019 As pessoas com defici\u00eancia apresentaram, em 2019, taxas de participa\u00e7\u00e3o (28,3%) e de formaliza\u00e7\u00e3o (34,3%) no mercado de trabalho muito menores do que as das pessoas sem essa condi\u00e7\u00e3o (66,3% e 50,9%, respectivamente). A desocupa\u00e7\u00e3o observada nesse contingente (10,3%) foi maior do que a [&hellip;]\" \/>\n<meta property=\"og:url\" content=\"https:\/\/jornalfatosenoticias.com.br\/index.php\/2022\/09\/21\/indice-de-pessoas-com-deficiencia-no-mercado-de-trabalho-e-de-283\/\" \/>\n<meta property=\"og:site_name\" content=\"Jornal Fatos e Not\u00edcias\" \/>\n<meta property=\"article:published_time\" content=\"2022-09-21T14:52:43+00:00\" \/>\n<meta property=\"article:modified_time\" content=\"2022-09-21T14:52:45+00:00\" \/>\n<meta property=\"og:image\" content=\"https:\/\/jornalfatosenoticias.com.br\/wp-content\/uploads\/2022\/09\/pessoas_com_deficiencia_estao_ocupadas.jpg\" \/>\n\t<meta property=\"og:image:width\" content=\"1000\" \/>\n\t<meta property=\"og:image:height\" content=\"598\" \/>\n\t<meta property=\"og:image:type\" content=\"image\/jpeg\" \/>\n<meta name=\"author\" content=\"Luzimara Fernandes\" \/>\n<meta name=\"twitter:card\" content=\"summary_large_image\" \/>\n<meta name=\"twitter:label1\" content=\"Escrito por\" \/>\n\t<meta name=\"twitter:data1\" content=\"Luzimara Fernandes\" \/>\n\t<meta name=\"twitter:label2\" content=\"Est. tempo de leitura\" \/>\n\t<meta name=\"twitter:data2\" content=\"3 minutos\" \/>\n<script type=\"application\/ld+json\" class=\"yoast-schema-graph\">{\"@context\":\"https:\/\/schema.org\",\"@graph\":[{\"@type\":\"Article\",\"@id\":\"https:\/\/jornalfatosenoticias.com.br\/index.php\/2022\/09\/21\/indice-de-pessoas-com-deficiencia-no-mercado-de-trabalho-e-de-283\/#article\",\"isPartOf\":{\"@id\":\"https:\/\/jornalfatosenoticias.com.br\/index.php\/2022\/09\/21\/indice-de-pessoas-com-deficiencia-no-mercado-de-trabalho-e-de-283\/\"},\"author\":{\"name\":\"Luzimara Fernandes\",\"@id\":\"https:\/\/jornalfatosenoticias.com.br\/#\/schema\/person\/d63837fa13ac8666eb9e74e0985d6f81\"},\"headline\":\"\u00cdndice de pessoas com defici\u00eancia no mercado de trabalho \u00e9 de 28,3%\",\"datePublished\":\"2022-09-21T14:52:43+00:00\",\"dateModified\":\"2022-09-21T14:52:45+00:00\",\"mainEntityOfPage\":{\"@id\":\"https:\/\/jornalfatosenoticias.com.br\/index.php\/2022\/09\/21\/indice-de-pessoas-com-deficiencia-no-mercado-de-trabalho-e-de-283\/\"},\"wordCount\":619,\"commentCount\":0,\"publisher\":{\"@id\":\"https:\/\/jornalfatosenoticias.com.br\/#organization\"},\"image\":{\"@id\":\"https:\/\/jornalfatosenoticias.com.br\/index.php\/2022\/09\/21\/indice-de-pessoas-com-deficiencia-no-mercado-de-trabalho-e-de-283\/#primaryimage\"},\"thumbnailUrl\":\"https:\/\/jornalfatosenoticias.com.br\/wp-content\/uploads\/2022\/09\/pessoas_com_deficiencia_estao_ocupadas.jpg\",\"keywords\":[\"IBGE\",\"mercado de trabalho\",\"pesquisa\",\"pessoas com defici\u00eancia\"],\"articleSection\":[\"Economia\"],\"inLanguage\":\"pt-BR\",\"potentialAction\":[{\"@type\":\"CommentAction\",\"name\":\"Comment\",\"target\":[\"https:\/\/jornalfatosenoticias.com.br\/index.php\/2022\/09\/21\/indice-de-pessoas-com-deficiencia-no-mercado-de-trabalho-e-de-283\/#respond\"]}]},{\"@type\":\"WebPage\",\"@id\":\"https:\/\/jornalfatosenoticias.com.br\/index.php\/2022\/09\/21\/indice-de-pessoas-com-deficiencia-no-mercado-de-trabalho-e-de-283\/\",\"url\":\"https:\/\/jornalfatosenoticias.com.br\/index.php\/2022\/09\/21\/indice-de-pessoas-com-deficiencia-no-mercado-de-trabalho-e-de-283\/\",\"name\":\"\u00cdndice de pessoas com defici\u00eancia no mercado de trabalho \u00e9 de 28,3% - Jornal Fatos e Not\u00edcias\",\"isPartOf\":{\"@id\":\"https:\/\/jornalfatosenoticias.com.br\/#website\"},\"primaryImageOfPage\":{\"@id\":\"https:\/\/jornalfatosenoticias.com.br\/index.php\/2022\/09\/21\/indice-de-pessoas-com-deficiencia-no-mercado-de-trabalho-e-de-283\/#primaryimage\"},\"image\":{\"@id\":\"https:\/\/jornalfatosenoticias.com.br\/index.php\/2022\/09\/21\/indice-de-pessoas-com-deficiencia-no-mercado-de-trabalho-e-de-283\/#primaryimage\"},\"thumbnailUrl\":\"https:\/\/jornalfatosenoticias.com.br\/wp-content\/uploads\/2022\/09\/pessoas_com_deficiencia_estao_ocupadas.jpg\",\"datePublished\":\"2022-09-21T14:52:43+00:00\",\"dateModified\":\"2022-09-21T14:52:45+00:00\",\"breadcrumb\":{\"@id\":\"https:\/\/jornalfatosenoticias.com.br\/index.php\/2022\/09\/21\/indice-de-pessoas-com-deficiencia-no-mercado-de-trabalho-e-de-283\/#breadcrumb\"},\"inLanguage\":\"pt-BR\",\"potentialAction\":[{\"@type\":\"ReadAction\",\"target\":[\"https:\/\/jornalfatosenoticias.com.br\/index.php\/2022\/09\/21\/indice-de-pessoas-com-deficiencia-no-mercado-de-trabalho-e-de-283\/\"]}]},{\"@type\":\"ImageObject\",\"inLanguage\":\"pt-BR\",\"@id\":\"https:\/\/jornalfatosenoticias.com.br\/index.php\/2022\/09\/21\/indice-de-pessoas-com-deficiencia-no-mercado-de-trabalho-e-de-283\/#primaryimage\",\"url\":\"https:\/\/jornalfatosenoticias.com.br\/wp-content\/uploads\/2022\/09\/pessoas_com_deficiencia_estao_ocupadas.jpg\",\"contentUrl\":\"https:\/\/jornalfatosenoticias.com.br\/wp-content\/uploads\/2022\/09\/pessoas_com_deficiencia_estao_ocupadas.jpg\",\"width\":1000,\"height\":598,\"caption\":\"Caminhos da Reportagem vai mostrar o mercado de trabalho para pessoas com defici\u00eancia\"},{\"@type\":\"BreadcrumbList\",\"@id\":\"https:\/\/jornalfatosenoticias.com.br\/index.php\/2022\/09\/21\/indice-de-pessoas-com-deficiencia-no-mercado-de-trabalho-e-de-283\/#breadcrumb\",\"itemListElement\":[{\"@type\":\"ListItem\",\"position\":1,\"name\":\"In\u00edcio\",\"item\":\"https:\/\/jornalfatosenoticias.com.br\/\"},{\"@type\":\"ListItem\",\"position\":2,\"name\":\"\u00cdndice de pessoas com defici\u00eancia no mercado de trabalho \u00e9 de 28,3%\"}]},{\"@type\":\"WebSite\",\"@id\":\"https:\/\/jornalfatosenoticias.com.br\/#website\",\"url\":\"https:\/\/jornalfatosenoticias.com.br\/\",\"name\":\"Jornal Fatos e Not\u00edcias\",\"description\":\"Not\u00edcias em geral\",\"publisher\":{\"@id\":\"https:\/\/jornalfatosenoticias.com.br\/#organization\"},\"potentialAction\":[{\"@type\":\"SearchAction\",\"target\":{\"@type\":\"EntryPoint\",\"urlTemplate\":\"https:\/\/jornalfatosenoticias.com.br\/?s={search_term_string}\"},\"query-input\":{\"@type\":\"PropertyValueSpecification\",\"valueRequired\":true,\"valueName\":\"search_term_string\"}}],\"inLanguage\":\"pt-BR\"},{\"@type\":\"Organization\",\"@id\":\"https:\/\/jornalfatosenoticias.com.br\/#organization\",\"name\":\"Jornal Fatos e Not\u00edcias\",\"url\":\"https:\/\/jornalfatosenoticias.com.br\/\",\"logo\":{\"@type\":\"ImageObject\",\"inLanguage\":\"pt-BR\",\"@id\":\"https:\/\/jornalfatosenoticias.com.br\/#\/schema\/logo\/image\/\",\"url\":\"https:\/\/jornalfatosenoticias.com.br\/wp-content\/uploads\/2020\/02\/logo120.png\",\"contentUrl\":\"https:\/\/jornalfatosenoticias.com.br\/wp-content\/uploads\/2020\/02\/logo120.png\",\"width\":1227,\"height\":120,\"caption\":\"Jornal Fatos e Not\u00edcias\"},\"image\":{\"@id\":\"https:\/\/jornalfatosenoticias.com.br\/#\/schema\/logo\/image\/\"}},{\"@type\":\"Person\",\"@id\":\"https:\/\/jornalfatosenoticias.com.br\/#\/schema\/person\/d63837fa13ac8666eb9e74e0985d6f81\",\"name\":\"Luzimara Fernandes\",\"image\":{\"@type\":\"ImageObject\",\"inLanguage\":\"pt-BR\",\"@id\":\"https:\/\/jornalfatosenoticias.com.br\/#\/schema\/person\/image\/\",\"url\":\"https:\/\/jornalfatosenoticias.com.br\/wp-content\/uploads\/2025\/05\/EU_portal.jpg\",\"contentUrl\":\"https:\/\/jornalfatosenoticias.com.br\/wp-content\/uploads\/2025\/05\/EU_portal.jpg\",\"caption\":\"Luzimara Fernandes\"},\"description\":\"Jornalista MTB 2358-ES\",\"sameAs\":[\"https:\/\/jornalfatosenoticias.com.br\"],\"url\":\"https:\/\/jornalfatosenoticias.com.br\/index.php\/author\/luzimara\/\"}]}<\/script>\n<!-- \/ Yoast SEO plugin. -->","yoast_head_json":{"title":"\u00cdndice de pessoas com defici\u00eancia no mercado de trabalho \u00e9 de 28,3% - Jornal Fatos e Not\u00edcias","robots":{"index":"index","follow":"follow","max-snippet":"max-snippet:-1","max-image-preview":"max-image-preview:large","max-video-preview":"max-video-preview:-1"},"canonical":"https:\/\/jornalfatosenoticias.com.br\/index.php\/2022\/09\/21\/indice-de-pessoas-com-deficiencia-no-mercado-de-trabalho-e-de-283\/","og_locale":"pt_BR","og_type":"article","og_title":"\u00cdndice de pessoas com defici\u00eancia no mercado de trabalho \u00e9 de 28,3% - Jornal Fatos e Not\u00edcias","og_description":"Dados s\u00e3o da pesquisa Pessoas com defici\u00eancia e desigualdades, de 2019 As pessoas com defici\u00eancia apresentaram, em 2019, taxas de participa\u00e7\u00e3o (28,3%) e de formaliza\u00e7\u00e3o (34,3%) no mercado de trabalho muito menores do que as das pessoas sem essa condi\u00e7\u00e3o (66,3% e 50,9%, respectivamente). A desocupa\u00e7\u00e3o observada nesse contingente (10,3%) foi maior do que a [&hellip;]","og_url":"https:\/\/jornalfatosenoticias.com.br\/index.php\/2022\/09\/21\/indice-de-pessoas-com-deficiencia-no-mercado-de-trabalho-e-de-283\/","og_site_name":"Jornal Fatos e Not\u00edcias","article_published_time":"2022-09-21T14:52:43+00:00","article_modified_time":"2022-09-21T14:52:45+00:00","og_image":[{"width":1000,"height":598,"url":"https:\/\/jornalfatosenoticias.com.br\/wp-content\/uploads\/2022\/09\/pessoas_com_deficiencia_estao_ocupadas.jpg","type":"image\/jpeg"}],"author":"Luzimara Fernandes","twitter_card":"summary_large_image","twitter_misc":{"Escrito por":"Luzimara Fernandes","Est. tempo de leitura":"3 minutos"},"schema":{"@context":"https:\/\/schema.org","@graph":[{"@type":"Article","@id":"https:\/\/jornalfatosenoticias.com.br\/index.php\/2022\/09\/21\/indice-de-pessoas-com-deficiencia-no-mercado-de-trabalho-e-de-283\/#article","isPartOf":{"@id":"https:\/\/jornalfatosenoticias.com.br\/index.php\/2022\/09\/21\/indice-de-pessoas-com-deficiencia-no-mercado-de-trabalho-e-de-283\/"},"author":{"name":"Luzimara Fernandes","@id":"https:\/\/jornalfatosenoticias.com.br\/#\/schema\/person\/d63837fa13ac8666eb9e74e0985d6f81"},"headline":"\u00cdndice de pessoas com defici\u00eancia no mercado de trabalho \u00e9 de 28,3%","datePublished":"2022-09-21T14:52:43+00:00","dateModified":"2022-09-21T14:52:45+00:00","mainEntityOfPage":{"@id":"https:\/\/jornalfatosenoticias.com.br\/index.php\/2022\/09\/21\/indice-de-pessoas-com-deficiencia-no-mercado-de-trabalho-e-de-283\/"},"wordCount":619,"commentCount":0,"publisher":{"@id":"https:\/\/jornalfatosenoticias.com.br\/#organization"},"image":{"@id":"https:\/\/jornalfatosenoticias.com.br\/index.php\/2022\/09\/21\/indice-de-pessoas-com-deficiencia-no-mercado-de-trabalho-e-de-283\/#primaryimage"},"thumbnailUrl":"https:\/\/jornalfatosenoticias.com.br\/wp-content\/uploads\/2022\/09\/pessoas_com_deficiencia_estao_ocupadas.jpg","keywords":["IBGE","mercado de trabalho","pesquisa","pessoas com defici\u00eancia"],"articleSection":["Economia"],"inLanguage":"pt-BR","potentialAction":[{"@type":"CommentAction","name":"Comment","target":["https:\/\/jornalfatosenoticias.com.br\/index.php\/2022\/09\/21\/indice-de-pessoas-com-deficiencia-no-mercado-de-trabalho-e-de-283\/#respond"]}]},{"@type":"WebPage","@id":"https:\/\/jornalfatosenoticias.com.br\/index.php\/2022\/09\/21\/indice-de-pessoas-com-deficiencia-no-mercado-de-trabalho-e-de-283\/","url":"https:\/\/jornalfatosenoticias.com.br\/index.php\/2022\/09\/21\/indice-de-pessoas-com-deficiencia-no-mercado-de-trabalho-e-de-283\/","name":"\u00cdndice de pessoas com defici\u00eancia no mercado de trabalho \u00e9 de 28,3% - Jornal Fatos e Not\u00edcias","isPartOf":{"@id":"https:\/\/jornalfatosenoticias.com.br\/#website"},"primaryImageOfPage":{"@id":"https:\/\/jornalfatosenoticias.com.br\/index.php\/2022\/09\/21\/indice-de-pessoas-com-deficiencia-no-mercado-de-trabalho-e-de-283\/#primaryimage"},"image":{"@id":"https:\/\/jornalfatosenoticias.com.br\/index.php\/2022\/09\/21\/indice-de-pessoas-com-deficiencia-no-mercado-de-trabalho-e-de-283\/#primaryimage"},"thumbnailUrl":"https:\/\/jornalfatosenoticias.com.br\/wp-content\/uploads\/2022\/09\/pessoas_com_deficiencia_estao_ocupadas.jpg","datePublished":"2022-09-21T14:52:43+00:00","dateModified":"2022-09-21T14:52:45+00:00","breadcrumb":{"@id":"https:\/\/jornalfatosenoticias.com.br\/index.php\/2022\/09\/21\/indice-de-pessoas-com-deficiencia-no-mercado-de-trabalho-e-de-283\/#breadcrumb"},"inLanguage":"pt-BR","potentialAction":[{"@type":"ReadAction","target":["https:\/\/jornalfatosenoticias.com.br\/index.php\/2022\/09\/21\/indice-de-pessoas-com-deficiencia-no-mercado-de-trabalho-e-de-283\/"]}]},{"@type":"ImageObject","inLanguage":"pt-BR","@id":"https:\/\/jornalfatosenoticias.com.br\/index.php\/2022\/09\/21\/indice-de-pessoas-com-deficiencia-no-mercado-de-trabalho-e-de-283\/#primaryimage","url":"https:\/\/jornalfatosenoticias.com.br\/wp-content\/uploads\/2022\/09\/pessoas_com_deficiencia_estao_ocupadas.jpg","contentUrl":"https:\/\/jornalfatosenoticias.com.br\/wp-content\/uploads\/2022\/09\/pessoas_com_deficiencia_estao_ocupadas.jpg","width":1000,"height":598,"caption":"Caminhos da Reportagem vai mostrar o mercado de trabalho para pessoas com defici\u00eancia"},{"@type":"BreadcrumbList","@id":"https:\/\/jornalfatosenoticias.com.br\/index.php\/2022\/09\/21\/indice-de-pessoas-com-deficiencia-no-mercado-de-trabalho-e-de-283\/#breadcrumb","itemListElement":[{"@type":"ListItem","position":1,"name":"In\u00edcio","item":"https:\/\/jornalfatosenoticias.com.br\/"},{"@type":"ListItem","position":2,"name":"\u00cdndice de pessoas com defici\u00eancia no mercado de trabalho \u00e9 de 28,3%"}]},{"@type":"WebSite","@id":"https:\/\/jornalfatosenoticias.com.br\/#website","url":"https:\/\/jornalfatosenoticias.com.br\/","name":"Jornal Fatos e Not\u00edcias","description":"Not\u00edcias em geral","publisher":{"@id":"https:\/\/jornalfatosenoticias.com.br\/#organization"},"potentialAction":[{"@type":"SearchAction","target":{"@type":"EntryPoint","urlTemplate":"https:\/\/jornalfatosenoticias.com.br\/?s={search_term_string}"},"query-input":{"@type":"PropertyValueSpecification","valueRequired":true,"valueName":"search_term_string"}}],"inLanguage":"pt-BR"},{"@type":"Organization","@id":"https:\/\/jornalfatosenoticias.com.br\/#organization","name":"Jornal Fatos e Not\u00edcias","url":"https:\/\/jornalfatosenoticias.com.br\/","logo":{"@type":"ImageObject","inLanguage":"pt-BR","@id":"https:\/\/jornalfatosenoticias.com.br\/#\/schema\/logo\/image\/","url":"https:\/\/jornalfatosenoticias.com.br\/wp-content\/uploads\/2020\/02\/logo120.png","contentUrl":"https:\/\/jornalfatosenoticias.com.br\/wp-content\/uploads\/2020\/02\/logo120.png","width":1227,"height":120,"caption":"Jornal Fatos e Not\u00edcias"},"image":{"@id":"https:\/\/jornalfatosenoticias.com.br\/#\/schema\/logo\/image\/"}},{"@type":"Person","@id":"https:\/\/jornalfatosenoticias.com.br\/#\/schema\/person\/d63837fa13ac8666eb9e74e0985d6f81","name":"Luzimara Fernandes","image":{"@type":"ImageObject","inLanguage":"pt-BR","@id":"https:\/\/jornalfatosenoticias.com.br\/#\/schema\/person\/image\/","url":"https:\/\/jornalfatosenoticias.com.br\/wp-content\/uploads\/2025\/05\/EU_portal.jpg","contentUrl":"https:\/\/jornalfatosenoticias.com.br\/wp-content\/uploads\/2025\/05\/EU_portal.jpg","caption":"Luzimara Fernandes"},"description":"Jornalista MTB 2358-ES","sameAs":["https:\/\/jornalfatosenoticias.com.br"],"url":"https:\/\/jornalfatosenoticias.com.br\/index.php\/author\/luzimara\/"}]}},"cc_featured_image_caption":{"caption_text":"(Foto: TV Brasil) ","source_text":"","source_url":""},"jetpack_featured_media_url":"https:\/\/jornalfatosenoticias.com.br\/wp-content\/uploads\/2022\/09\/pessoas_com_deficiencia_estao_ocupadas.jpg","_links":{"self":[{"href":"https:\/\/jornalfatosenoticias.com.br\/index.php\/wp-json\/wp\/v2\/posts\/34419","targetHints":{"allow":["GET"]}}],"collection":[{"href":"https:\/\/jornalfatosenoticias.com.br\/index.php\/wp-json\/wp\/v2\/posts"}],"about":[{"href":"https:\/\/jornalfatosenoticias.com.br\/index.php\/wp-json\/wp\/v2\/types\/post"}],"author":[{"embeddable":true,"href":"https:\/\/jornalfatosenoticias.com.br\/index.php\/wp-json\/wp\/v2\/users\/2"}],"replies":[{"embeddable":true,"href":"https:\/\/jornalfatosenoticias.com.br\/index.php\/wp-json\/wp\/v2\/comments?post=34419"}],"version-history":[{"count":0,"href":"https:\/\/jornalfatosenoticias.com.br\/index.php\/wp-json\/wp\/v2\/posts\/34419\/revisions"}],"wp:featuredmedia":[{"embeddable":true,"href":"https:\/\/jornalfatosenoticias.com.br\/index.php\/wp-json\/wp\/v2\/media\/34421"}],"wp:attachment":[{"href":"https:\/\/jornalfatosenoticias.com.br\/index.php\/wp-json\/wp\/v2\/media?parent=34419"}],"wp:term":[{"taxonomy":"category","embeddable":true,"href":"https:\/\/jornalfatosenoticias.com.br\/index.php\/wp-json\/wp\/v2\/categories?post=34419"},{"taxonomy":"post_tag","embeddable":true,"href":"https:\/\/jornalfatosenoticias.com.br\/index.php\/wp-json\/wp\/v2\/tags?post=34419"}],"curies":[{"name":"wp","href":"https:\/\/api.w.org\/{rel}","templated":true}]}}