{"id":34422,"date":"2022-09-21T12:16:15","date_gmt":"2022-09-21T15:16:15","guid":{"rendered":"https:\/\/jornalfatosenoticias.com.br\/?p=34422"},"modified":"2022-09-21T12:16:18","modified_gmt":"2022-09-21T15:16:18","slug":"ong-lanca-campanha-para-prevenir-violencia-sexual-contra-criancas","status":"publish","type":"post","link":"https:\/\/jornalfatosenoticias.com.br\/index.php\/2022\/09\/21\/ong-lanca-campanha-para-prevenir-violencia-sexual-contra-criancas\/","title":{"rendered":"ONG lan\u00e7a campanha para prevenir viol\u00eancia sexual contra crian\u00e7as"},"content":{"rendered":"\n<p><em><span class=\"has-inline-color has-black-color\">Lan\u00e7amento ocorre no Dia do Adolescente, comemorado hoje<\/span><\/em><\/p>\n\n\n\n<div class=\"wp-block-image\"><figure class=\"aligncenter size-large\"><img loading=\"lazy\" decoding=\"async\" width=\"1024\" height=\"100\" src=\"https:\/\/jornalfatosenoticias.com.br\/wp-content\/uploads\/2022\/05\/NOVA-LOGO-CESCONETTO-1024x100.jpg\" alt=\"\" class=\"wp-image-30792\" srcset=\"https:\/\/jornalfatosenoticias.com.br\/wp-content\/uploads\/2022\/05\/NOVA-LOGO-CESCONETTO-1024x100.jpg 1024w, https:\/\/jornalfatosenoticias.com.br\/wp-content\/uploads\/2022\/05\/NOVA-LOGO-CESCONETTO-300x29.jpg 300w, https:\/\/jornalfatosenoticias.com.br\/wp-content\/uploads\/2022\/05\/NOVA-LOGO-CESCONETTO-768x75.jpg 768w, https:\/\/jornalfatosenoticias.com.br\/wp-content\/uploads\/2022\/05\/NOVA-LOGO-CESCONETTO.jpg 1280w\" sizes=\"auto, (max-width: 1024px) 100vw, 1024px\" \/><\/figure><\/div>\n\n\n\n<p>O Centro de Estudos Integrados, Inf\u00e2ncia, Adolesc\u00eancia e Sa\u00fade (CEIIAS), organiza\u00e7\u00e3o n\u00e3o governamental mantenedora da rede ESSE Mundo Digital, lan\u00e7a hoje (21), <strong>Dia do Adolescente<\/strong>, o projeto <strong>#SemAbusos #MaisSa\u00fade.<\/strong> A campanha \u00e9 financiada pela Tides Foundation, Google Community Grants Fund e tem o apoio da Sociedade Brasileira de Pediatria (SBP). O principal objetivo \u00e9 a produ\u00e7\u00e3o e divulga\u00e7\u00e3o de materiais de sensibiliza\u00e7\u00e3o sobre viol\u00eancia, abuso e experi\u00eancias traum\u00e1ticas, <em>off-line <\/em>e<em> on-line<\/em>, para melhor delinear interven\u00e7\u00f5es, informa\u00e7\u00f5es em sa\u00fade e estrat\u00e9gias de preven\u00e7\u00e3o.<\/p>\n\n\n\n<div class=\"wp-block-jetpack-tiled-gallery aligncenter is-style-rectangular\"><div class=\"tiled-gallery__gallery\"><div class=\"tiled-gallery__row\"><div class=\"tiled-gallery__col\" style=\"flex-basis:48.67109200049935%\"><figure class=\"tiled-gallery__item\"><img decoding=\"async\" alt=\"\" data-height=\"250\" data-id=\"33178\" data-link=\"https:\/\/jornalfatosenoticias.com.br\/arte-casarao\/\" data-url=\"https:\/\/jornalfatosenoticias.com.br\/wp-content\/uploads\/2022\/08\/arte-Casarao.jpg\" data-width=\"300\" src=\"https:\/\/i0.wp.com\/jornalfatosenoticias.com.br\/wp-content\/uploads\/2022\/08\/arte-Casarao.jpg?ssl=1\" layout=\"responsive\"\/><\/figure><\/div><div class=\"tiled-gallery__col\" style=\"flex-basis:51.328907999500665%\"><figure class=\"tiled-gallery__item\"><img decoding=\"async\" alt=\"\" data-height=\"237\" data-id=\"32994\" data-link=\"https:\/\/jornalfatosenoticias.com.br\/index.php\/sa_slider\/1070\/seventur-turismo-2\/\" data-url=\"https:\/\/jornalfatosenoticias.com.br\/wp-content\/uploads\/2020\/02\/SEVENTUR-TURISMO.jpg\" data-width=\"300\" src=\"https:\/\/i1.wp.com\/jornalfatosenoticias.com.br\/wp-content\/uploads\/2020\/02\/SEVENTUR-TURISMO.jpg?ssl=1\" layout=\"responsive\"\/><\/figure><\/div><\/div><\/div><\/div>\n\n\n\n<p>A a\u00e7\u00e3o \u00e9 composta por uma <strong><a href=\"https:\/\/forms.gle\/CjKjd5uqTNB2Vb9X8\" target=\"_blank\" rel=\"noreferrer noopener\">pesquisa<\/a><\/strong> sobre comportamentos atuais <em>off-line<\/em> e <em>on-line, <\/em>para identifica\u00e7\u00e3o da preval\u00eancia de todas as formas de viol\u00eancia com adolescentes entre 10 e 18 anos e pelos quatro v\u00eddeos que ser\u00e3o lan\u00e7ados hoje sobre a viol\u00eancia e direcionados para educadores, profissionais de sa\u00fade e pediatras, crian\u00e7as e adolescentes\u202fe p\u00fablico em geral. Os v\u00eddeos est\u00e3o dispon\u00edveis no canal do CEIIAS no YouTube e no seu <strong><a href=\"https:\/\/ceiias.org.br\/semabusos\/\" target=\"_blank\" rel=\"noreferrer noopener\"><em>site<\/em><\/a>.<\/strong><\/p>\n\n\n\n<div class=\"wp-block-image\"><figure class=\"aligncenter size-large\"><img loading=\"lazy\" decoding=\"async\" width=\"1024\" height=\"99\" src=\"https:\/\/jornalfatosenoticias.com.br\/wp-content\/uploads\/2020\/02\/Logo-Mizu-segunda-2-1024x99.png\" alt=\"\" class=\"wp-image-2353\" srcset=\"https:\/\/jornalfatosenoticias.com.br\/wp-content\/uploads\/2020\/02\/Logo-Mizu-segunda-2-1024x99.png 1024w, https:\/\/jornalfatosenoticias.com.br\/wp-content\/uploads\/2020\/02\/Logo-Mizu-segunda-2-300x29.png 300w, https:\/\/jornalfatosenoticias.com.br\/wp-content\/uploads\/2020\/02\/Logo-Mizu-segunda-2-768x74.png 768w, https:\/\/jornalfatosenoticias.com.br\/wp-content\/uploads\/2020\/02\/Logo-Mizu-segunda-2.png 1240w\" sizes=\"auto, (max-width: 1024px) 100vw, 1024px\" \/><\/figure><\/div>\n\n\n\n<p>O projeto #SemAbusos #MaisSa\u00fade \u00e9 resultado de documento produzido pelo Grupo de Trabalho Sa\u00fade na Era Digital, liderado pela pediatra especialista em cl\u00ednica de adolescentes e diretora do CEIIAS, Evelyn Eisenstein, para a Sociedade Brasileira de Pediatria de mesmo nome <strong><a href=\"https:\/\/www.sbp.com.br\/fileadmin\/user_upload\/_22969c-GPA-_SemAbusos__MaisSaude.pdf%C2%A0\" target=\"_blank\" rel=\"noreferrer noopener\">\u201c#SemAbusos #MaisSaude\u201d<\/a>.<\/strong><\/p>\n\n\n\n<div class=\"wp-block-jetpack-tiled-gallery aligncenter is-style-rectangular\"><div class=\"tiled-gallery__gallery\"><div class=\"tiled-gallery__row\"><div class=\"tiled-gallery__col\" style=\"flex-basis:51.483744529802834%\"><figure class=\"tiled-gallery__item\"><img decoding=\"async\" alt=\"\" data-height=\"376\" data-id=\"31973\" data-link=\"https:\/\/jornalfatosenoticias.com.br\/index.php\/2022\/07\/04\/violencia-e-criminalidade-perda-do-fio-da-meada-parte-1\/logo-grupo-sei\/\" data-url=\"https:\/\/jornalfatosenoticias.com.br\/wp-content\/uploads\/2022\/07\/Logo-Grupo-SEI.jpg\" data-width=\"713\" src=\"https:\/\/i2.wp.com\/jornalfatosenoticias.com.br\/wp-content\/uploads\/2022\/07\/Logo-Grupo-SEI.jpg?ssl=1\" layout=\"responsive\"\/><\/figure><\/div><div class=\"tiled-gallery__col\" style=\"flex-basis:48.51625547019717%\"><figure class=\"tiled-gallery__item\"><img decoding=\"async\" alt=\"\" data-height=\"627\" data-id=\"33078\" data-link=\"https:\/\/jornalfatosenoticias.com.br\/index.php\/2022\/08\/10\/sistema-cantareira-plantar-arvores-e-cuidar-do-solo-pode-garantir-agua\/logo-locau-veiculos\/\" data-url=\"https:\/\/jornalfatosenoticias.com.br\/wp-content\/uploads\/2022\/08\/logo-locau-veiculos.png\" data-width=\"1120\" src=\"https:\/\/i2.wp.com\/jornalfatosenoticias.com.br\/wp-content\/uploads\/2022\/08\/logo-locau-veiculos.png?ssl=1\" layout=\"responsive\"\/><\/figure><\/div><\/div><\/div><\/div>\n\n\n\n<figure class=\"wp-block-pullquote\"><blockquote><p><span class=\"has-inline-color has-luminous-vivid-orange-color\">\u201cMuitas pessoas n\u00e3o percebem que grande parte do abuso sexual \u00e9 influenciada pela m\u00eddia e tamb\u00e9m pela m\u00eddia digital, quando se banaliza o encontro sexual e se desrespeita o corpo de crian\u00e7as e adolescentes que est\u00e3o em fase de crescimento e tamb\u00e9m de desenvolvimento sexual. Os conte\u00fados de viol\u00eancia sexual s\u00e3o monetizados nas redes digitais e nas dark webs. Existe uma viol\u00eancia estrutural e intr\u00ednseca nesses tipos de conte\u00fados\u201d, disse a m\u00e9dica, em nota.<\/span><\/p><\/blockquote><\/figure>\n\n\n\n<div class=\"wp-block-image\"><figure class=\"aligncenter size-large is-resized\"><img loading=\"lazy\" decoding=\"async\" src=\"https:\/\/jornalfatosenoticias.com.br\/wp-content\/uploads\/2020\/02\/Serra-Grande-1024x160.png\" alt=\"\" class=\"wp-image-7836\" width=\"516\" height=\"80\"\/><\/figure><\/div>\n\n\n\n<p><strong><span class=\"has-inline-color has-vivid-red-color\">Palestra de lan\u00e7amento<br><\/span><\/strong>Hoje, especialistas v\u00e3o se reunir com transmiss\u00e3o <em>on-line<\/em>, \u00e0s 18h, para falar sobre os v\u00eddeos e como cada um pode auxiliar na preven\u00e7\u00e3o dos abusos. O acesso pode ser feito pelo endere\u00e7o <strong><a href=\"https:\/\/youtu.be\/gbNqPDt8Wlk.\">https:\/\/youtu.be\/gbNqPDt8Wlk.<\/a><\/strong><br>Estar\u00e3o presentes a diretora do CEIIAS e coordenadora do grupo de trabalho Sa\u00fade Digital, da Sociedade Brasileira de Pediatria (SBP), Evelyn Eisenstein; o presidente da Sociedade Brasileira de Pediatria, Cl\u00f3vis Constantino; um dos diretores da Rede ESSE Mundo Digital, Eduardo Jorge Cust\u00f3dio da Silva; a fundadora e coordenadora executiva do Projeto Uer\u00ea, Yvonne Bezerra de Mello; e a consultora de pesquisas da Childhood, Anna Flora Werneck.<\/p>\n\n\n\n<div class=\"wp-block-image\"><figure class=\"aligncenter size-large\"><img decoding=\"async\" src=\"https:\/\/jornalfatosenoticias.com.br\/wp-content\/uploads\/2020\/02\/logo-Ana_portal.jpg\" alt=\"\" class=\"wp-image-34101\"\/><\/figure><\/div>\n\n\n\n<p>Segundo Evelyn, \u00e9 preciso conscientizar pais, cuidadores, educadores, profissionais de sa\u00fade e pediatras sobre como a amplia\u00e7\u00e3o do abuso sexual por meio da internet. Estudo da Tic Kids Online \u2014 Brasil de 2021 com crian\u00e7as e adolescentes entre nove e 17 anos de idade, divulgado em agosto, mostrou que 65% dos adolescentes entre 15 e 17 anos j\u00e1 tiveram contato com pessoas desconhecidas na internet e 34% j\u00e1 se encontraram pessoalmente com algu\u00e9m que conheceu na rede.<\/p>\n\n\n\n<div class=\"wp-block-image\"><figure class=\"aligncenter size-large is-resized\"><img loading=\"lazy\" decoding=\"async\" src=\"https:\/\/jornalfatosenoticias.com.br\/wp-content\/uploads\/2022\/02\/Precisao-Contabilidade-1024x724.jpg\" alt=\"\" class=\"wp-image-28088\" width=\"315\" height=\"223\"\/><\/figure><\/div>\n\n\n\n<figure class=\"wp-block-pullquote\"><blockquote><p><span class=\"has-inline-color has-luminous-vivid-orange-color\">\u201cPais e cuidadores t\u00eam a responsabilidade moral e legal de orientar as crian\u00e7as e os adolescentes para o uso seguro da internet, a fim de evitar situa\u00e7\u00f5es de risco. Por exemplo, muitas crian\u00e7as conversam on-line com pessoas que n\u00e3o conhecem, durante jogos em rede, e nesse bate-papo um desconhecido pode pedir foto dessa crian\u00e7a em roupa de banho ou sem roupa e, de forma inocente, a crian\u00e7a enviar. O conte\u00fado ser\u00e1 comercializado e, inclusive, pode ser usado para fazer o que chamamos de sextorsion, quando algu\u00e9m passa a extorquir outra pessoa amea\u00e7ando expor esse material on-line\u201d, disse a m\u00e9dica.<\/span><\/p><\/blockquote><\/figure>\n\n\n\n<div class=\"wp-block-image\"><figure class=\"aligncenter size-large\"><img decoding=\"async\" src=\"https:\/\/jornalfatosenoticias.com.br\/wp-content\/uploads\/2020\/02\/Serra-Grande-1024x160.png\" alt=\"\" class=\"wp-image-7836\"\/><\/figure><\/div>\n\n\n\n<p>A cada hora s\u00e3o feitas, em m\u00e9dia, 73 den\u00fancias de viola\u00e7\u00f5es a crian\u00e7as ou adolescentes, de acordo com dados do Disque 100. Os relatos v\u00e3o desde agress\u00e3o f\u00edsica, psicol\u00f3gica e abusos sexuais, at\u00e9 a falta de acesso \u00e0 alimenta\u00e7\u00e3o e educa\u00e7\u00e3o adequadas. Do total de den\u00fancias recebidas pela Safernet em 2019, 61% eram sobre pornografia infantil na internet.<\/p>\n\n\n\n<p><strong><em>Fonte: <a href=\"https:\/\/agenciabrasil.ebc.com.br\/geral\/noticia\/2022-09\/ong-lanca-campanha-para-prevenir-violencia-sexual-contra-criancas\">Ag\u00eancia Brasil<\/a><\/em><\/strong><\/p>\n","protected":false},"excerpt":{"rendered":"<p>Lan\u00e7amento ocorre no Dia do Adolescente, comemorado hoje O Centro de Estudos Integrados, Inf\u00e2ncia, Adolesc\u00eancia e Sa\u00fade (CEIIAS), organiza\u00e7\u00e3o n\u00e3o governamental mantenedora da rede ESSE Mundo Digital, lan\u00e7a hoje (21), Dia do Adolescente, o projeto #SemAbusos #MaisSa\u00fade. A campanha \u00e9 financiada pela Tides Foundation, Google Community Grants Fund e tem o apoio da Sociedade Brasileira [&hellip;]<\/p>\n","protected":false},"author":2,"featured_media":34424,"comment_status":"open","ping_status":"open","sticky":false,"template":"","format":"standard","meta":{"footnotes":""},"categories":[2522],"tags":[4400,829,16159,16160,3577,16161,4808],"class_list":["post-34422","post","type-post","status-publish","format-standard","has-post-thumbnail","hentry","category-comportamento","tag-abuso-sexual-infantil","tag-campanha","tag-campanha-contra-violencia-sexual-infantil","tag-dia-do-adolescente","tag-lancamento","tag-projeto-projeto-semabusos-maissaude","tag-violencia-sexual"],"yoast_head":"<!-- This site is optimized with the Yoast SEO plugin v26.5 - https:\/\/yoast.com\/wordpress\/plugins\/seo\/ -->\n<title>ONG lan\u00e7a campanha para prevenir viol\u00eancia sexual contra crian\u00e7as - Jornal Fatos e Not\u00edcias<\/title>\n<meta name=\"robots\" content=\"index, follow, max-snippet:-1, max-image-preview:large, max-video-preview:-1\" \/>\n<link rel=\"canonical\" href=\"https:\/\/jornalfatosenoticias.com.br\/index.php\/2022\/09\/21\/ong-lanca-campanha-para-prevenir-violencia-sexual-contra-criancas\/\" \/>\n<meta property=\"og:locale\" content=\"pt_BR\" \/>\n<meta property=\"og:type\" content=\"article\" \/>\n<meta property=\"og:title\" content=\"ONG lan\u00e7a campanha para prevenir viol\u00eancia sexual contra crian\u00e7as - Jornal Fatos e Not\u00edcias\" \/>\n<meta property=\"og:description\" content=\"Lan\u00e7amento ocorre no Dia do Adolescente, comemorado hoje O Centro de Estudos Integrados, Inf\u00e2ncia, Adolesc\u00eancia e Sa\u00fade (CEIIAS), organiza\u00e7\u00e3o n\u00e3o governamental mantenedora da rede ESSE Mundo Digital, lan\u00e7a hoje (21), Dia do Adolescente, o projeto #SemAbusos #MaisSa\u00fade. A campanha \u00e9 financiada pela Tides Foundation, Google Community Grants Fund e tem o apoio da Sociedade Brasileira [&hellip;]\" \/>\n<meta property=\"og:url\" content=\"https:\/\/jornalfatosenoticias.com.br\/index.php\/2022\/09\/21\/ong-lanca-campanha-para-prevenir-violencia-sexual-contra-criancas\/\" \/>\n<meta property=\"og:site_name\" content=\"Jornal Fatos e Not\u00edcias\" \/>\n<meta property=\"article:published_time\" content=\"2022-09-21T15:16:15+00:00\" \/>\n<meta property=\"article:modified_time\" content=\"2022-09-21T15:16:18+00:00\" \/>\n<meta property=\"og:image\" content=\"https:\/\/jornalfatosenoticias.com.br\/wp-content\/uploads\/2022\/09\/violencia_contra_crianca.jpg\" \/>\n\t<meta property=\"og:image:width\" content=\"1000\" \/>\n\t<meta property=\"og:image:height\" content=\"598\" \/>\n\t<meta property=\"og:image:type\" content=\"image\/jpeg\" \/>\n<meta name=\"author\" content=\"Luzimara Fernandes\" \/>\n<meta name=\"twitter:card\" content=\"summary_large_image\" \/>\n<meta name=\"twitter:label1\" content=\"Escrito por\" \/>\n\t<meta name=\"twitter:data1\" content=\"Luzimara Fernandes\" \/>\n\t<meta name=\"twitter:label2\" content=\"Est. tempo de leitura\" \/>\n\t<meta name=\"twitter:data2\" content=\"3 minutos\" \/>\n<script type=\"application\/ld+json\" class=\"yoast-schema-graph\">{\"@context\":\"https:\/\/schema.org\",\"@graph\":[{\"@type\":\"Article\",\"@id\":\"https:\/\/jornalfatosenoticias.com.br\/index.php\/2022\/09\/21\/ong-lanca-campanha-para-prevenir-violencia-sexual-contra-criancas\/#article\",\"isPartOf\":{\"@id\":\"https:\/\/jornalfatosenoticias.com.br\/index.php\/2022\/09\/21\/ong-lanca-campanha-para-prevenir-violencia-sexual-contra-criancas\/\"},\"author\":{\"name\":\"Luzimara Fernandes\",\"@id\":\"https:\/\/jornalfatosenoticias.com.br\/#\/schema\/person\/d63837fa13ac8666eb9e74e0985d6f81\"},\"headline\":\"ONG lan\u00e7a campanha para prevenir viol\u00eancia sexual contra crian\u00e7as\",\"datePublished\":\"2022-09-21T15:16:15+00:00\",\"dateModified\":\"2022-09-21T15:16:18+00:00\",\"mainEntityOfPage\":{\"@id\":\"https:\/\/jornalfatosenoticias.com.br\/index.php\/2022\/09\/21\/ong-lanca-campanha-para-prevenir-violencia-sexual-contra-criancas\/\"},\"wordCount\":699,\"commentCount\":0,\"publisher\":{\"@id\":\"https:\/\/jornalfatosenoticias.com.br\/#organization\"},\"image\":{\"@id\":\"https:\/\/jornalfatosenoticias.com.br\/index.php\/2022\/09\/21\/ong-lanca-campanha-para-prevenir-violencia-sexual-contra-criancas\/#primaryimage\"},\"thumbnailUrl\":\"https:\/\/jornalfatosenoticias.com.br\/wp-content\/uploads\/2022\/09\/violencia_contra_crianca.jpg\",\"keywords\":[\"abuso sexual infantil\",\"campanha\",\"campanha contra viol\u00eancia sexual infantil\",\"Dia do Adolescente\",\"lan\u00e7amento\",\"projeto projeto #SemAbusos #MaisSa\u00fade\",\"Viol\u00eancia Sexual\"],\"articleSection\":[\"Comportamento &amp; Equil\u00edbrio\"],\"inLanguage\":\"pt-BR\",\"potentialAction\":[{\"@type\":\"CommentAction\",\"name\":\"Comment\",\"target\":[\"https:\/\/jornalfatosenoticias.com.br\/index.php\/2022\/09\/21\/ong-lanca-campanha-para-prevenir-violencia-sexual-contra-criancas\/#respond\"]}]},{\"@type\":\"WebPage\",\"@id\":\"https:\/\/jornalfatosenoticias.com.br\/index.php\/2022\/09\/21\/ong-lanca-campanha-para-prevenir-violencia-sexual-contra-criancas\/\",\"url\":\"https:\/\/jornalfatosenoticias.com.br\/index.php\/2022\/09\/21\/ong-lanca-campanha-para-prevenir-violencia-sexual-contra-criancas\/\",\"name\":\"ONG lan\u00e7a campanha para prevenir viol\u00eancia sexual contra crian\u00e7as - Jornal Fatos e Not\u00edcias\",\"isPartOf\":{\"@id\":\"https:\/\/jornalfatosenoticias.com.br\/#website\"},\"primaryImageOfPage\":{\"@id\":\"https:\/\/jornalfatosenoticias.com.br\/index.php\/2022\/09\/21\/ong-lanca-campanha-para-prevenir-violencia-sexual-contra-criancas\/#primaryimage\"},\"image\":{\"@id\":\"https:\/\/jornalfatosenoticias.com.br\/index.php\/2022\/09\/21\/ong-lanca-campanha-para-prevenir-violencia-sexual-contra-criancas\/#primaryimage\"},\"thumbnailUrl\":\"https:\/\/jornalfatosenoticias.com.br\/wp-content\/uploads\/2022\/09\/violencia_contra_crianca.jpg\",\"datePublished\":\"2022-09-21T15:16:15+00:00\",\"dateModified\":\"2022-09-21T15:16:18+00:00\",\"breadcrumb\":{\"@id\":\"https:\/\/jornalfatosenoticias.com.br\/index.php\/2022\/09\/21\/ong-lanca-campanha-para-prevenir-violencia-sexual-contra-criancas\/#breadcrumb\"},\"inLanguage\":\"pt-BR\",\"potentialAction\":[{\"@type\":\"ReadAction\",\"target\":[\"https:\/\/jornalfatosenoticias.com.br\/index.php\/2022\/09\/21\/ong-lanca-campanha-para-prevenir-violencia-sexual-contra-criancas\/\"]}]},{\"@type\":\"ImageObject\",\"inLanguage\":\"pt-BR\",\"@id\":\"https:\/\/jornalfatosenoticias.com.br\/index.php\/2022\/09\/21\/ong-lanca-campanha-para-prevenir-violencia-sexual-contra-criancas\/#primaryimage\",\"url\":\"https:\/\/jornalfatosenoticias.com.br\/wp-content\/uploads\/2022\/09\/violencia_contra_crianca.jpg\",\"contentUrl\":\"https:\/\/jornalfatosenoticias.com.br\/wp-content\/uploads\/2022\/09\/violencia_contra_crianca.jpg\",\"width\":1000,\"height\":598},{\"@type\":\"BreadcrumbList\",\"@id\":\"https:\/\/jornalfatosenoticias.com.br\/index.php\/2022\/09\/21\/ong-lanca-campanha-para-prevenir-violencia-sexual-contra-criancas\/#breadcrumb\",\"itemListElement\":[{\"@type\":\"ListItem\",\"position\":1,\"name\":\"In\u00edcio\",\"item\":\"https:\/\/jornalfatosenoticias.com.br\/\"},{\"@type\":\"ListItem\",\"position\":2,\"name\":\"ONG lan\u00e7a campanha para prevenir viol\u00eancia sexual contra crian\u00e7as\"}]},{\"@type\":\"WebSite\",\"@id\":\"https:\/\/jornalfatosenoticias.com.br\/#website\",\"url\":\"https:\/\/jornalfatosenoticias.com.br\/\",\"name\":\"Jornal Fatos e Not\u00edcias\",\"description\":\"Not\u00edcias em geral\",\"publisher\":{\"@id\":\"https:\/\/jornalfatosenoticias.com.br\/#organization\"},\"potentialAction\":[{\"@type\":\"SearchAction\",\"target\":{\"@type\":\"EntryPoint\",\"urlTemplate\":\"https:\/\/jornalfatosenoticias.com.br\/?s={search_term_string}\"},\"query-input\":{\"@type\":\"PropertyValueSpecification\",\"valueRequired\":true,\"valueName\":\"search_term_string\"}}],\"inLanguage\":\"pt-BR\"},{\"@type\":\"Organization\",\"@id\":\"https:\/\/jornalfatosenoticias.com.br\/#organization\",\"name\":\"Jornal Fatos e Not\u00edcias\",\"url\":\"https:\/\/jornalfatosenoticias.com.br\/\",\"logo\":{\"@type\":\"ImageObject\",\"inLanguage\":\"pt-BR\",\"@id\":\"https:\/\/jornalfatosenoticias.com.br\/#\/schema\/logo\/image\/\",\"url\":\"https:\/\/jornalfatosenoticias.com.br\/wp-content\/uploads\/2020\/02\/logo120.png\",\"contentUrl\":\"https:\/\/jornalfatosenoticias.com.br\/wp-content\/uploads\/2020\/02\/logo120.png\",\"width\":1227,\"height\":120,\"caption\":\"Jornal Fatos e Not\u00edcias\"},\"image\":{\"@id\":\"https:\/\/jornalfatosenoticias.com.br\/#\/schema\/logo\/image\/\"}},{\"@type\":\"Person\",\"@id\":\"https:\/\/jornalfatosenoticias.com.br\/#\/schema\/person\/d63837fa13ac8666eb9e74e0985d6f81\",\"name\":\"Luzimara Fernandes\",\"image\":{\"@type\":\"ImageObject\",\"inLanguage\":\"pt-BR\",\"@id\":\"https:\/\/jornalfatosenoticias.com.br\/#\/schema\/person\/image\/\",\"url\":\"https:\/\/jornalfatosenoticias.com.br\/wp-content\/uploads\/2025\/05\/EU_portal.jpg\",\"contentUrl\":\"https:\/\/jornalfatosenoticias.com.br\/wp-content\/uploads\/2025\/05\/EU_portal.jpg\",\"caption\":\"Luzimara Fernandes\"},\"description\":\"Jornalista MTB 2358-ES\",\"sameAs\":[\"https:\/\/jornalfatosenoticias.com.br\"],\"url\":\"https:\/\/jornalfatosenoticias.com.br\/index.php\/author\/luzimara\/\"}]}<\/script>\n<!-- \/ Yoast SEO plugin. -->","yoast_head_json":{"title":"ONG lan\u00e7a campanha para prevenir viol\u00eancia sexual contra crian\u00e7as - Jornal Fatos e Not\u00edcias","robots":{"index":"index","follow":"follow","max-snippet":"max-snippet:-1","max-image-preview":"max-image-preview:large","max-video-preview":"max-video-preview:-1"},"canonical":"https:\/\/jornalfatosenoticias.com.br\/index.php\/2022\/09\/21\/ong-lanca-campanha-para-prevenir-violencia-sexual-contra-criancas\/","og_locale":"pt_BR","og_type":"article","og_title":"ONG lan\u00e7a campanha para prevenir viol\u00eancia sexual contra crian\u00e7as - Jornal Fatos e Not\u00edcias","og_description":"Lan\u00e7amento ocorre no Dia do Adolescente, comemorado hoje O Centro de Estudos Integrados, Inf\u00e2ncia, Adolesc\u00eancia e Sa\u00fade (CEIIAS), organiza\u00e7\u00e3o n\u00e3o governamental mantenedora da rede ESSE Mundo Digital, lan\u00e7a hoje (21), Dia do Adolescente, o projeto #SemAbusos #MaisSa\u00fade. A campanha \u00e9 financiada pela Tides Foundation, Google Community Grants Fund e tem o apoio da Sociedade Brasileira [&hellip;]","og_url":"https:\/\/jornalfatosenoticias.com.br\/index.php\/2022\/09\/21\/ong-lanca-campanha-para-prevenir-violencia-sexual-contra-criancas\/","og_site_name":"Jornal Fatos e Not\u00edcias","article_published_time":"2022-09-21T15:16:15+00:00","article_modified_time":"2022-09-21T15:16:18+00:00","og_image":[{"width":1000,"height":598,"url":"https:\/\/jornalfatosenoticias.com.br\/wp-content\/uploads\/2022\/09\/violencia_contra_crianca.jpg","type":"image\/jpeg"}],"author":"Luzimara Fernandes","twitter_card":"summary_large_image","twitter_misc":{"Escrito por":"Luzimara Fernandes","Est. tempo de leitura":"3 minutos"},"schema":{"@context":"https:\/\/schema.org","@graph":[{"@type":"Article","@id":"https:\/\/jornalfatosenoticias.com.br\/index.php\/2022\/09\/21\/ong-lanca-campanha-para-prevenir-violencia-sexual-contra-criancas\/#article","isPartOf":{"@id":"https:\/\/jornalfatosenoticias.com.br\/index.php\/2022\/09\/21\/ong-lanca-campanha-para-prevenir-violencia-sexual-contra-criancas\/"},"author":{"name":"Luzimara Fernandes","@id":"https:\/\/jornalfatosenoticias.com.br\/#\/schema\/person\/d63837fa13ac8666eb9e74e0985d6f81"},"headline":"ONG lan\u00e7a campanha para prevenir viol\u00eancia sexual contra crian\u00e7as","datePublished":"2022-09-21T15:16:15+00:00","dateModified":"2022-09-21T15:16:18+00:00","mainEntityOfPage":{"@id":"https:\/\/jornalfatosenoticias.com.br\/index.php\/2022\/09\/21\/ong-lanca-campanha-para-prevenir-violencia-sexual-contra-criancas\/"},"wordCount":699,"commentCount":0,"publisher":{"@id":"https:\/\/jornalfatosenoticias.com.br\/#organization"},"image":{"@id":"https:\/\/jornalfatosenoticias.com.br\/index.php\/2022\/09\/21\/ong-lanca-campanha-para-prevenir-violencia-sexual-contra-criancas\/#primaryimage"},"thumbnailUrl":"https:\/\/jornalfatosenoticias.com.br\/wp-content\/uploads\/2022\/09\/violencia_contra_crianca.jpg","keywords":["abuso sexual infantil","campanha","campanha contra viol\u00eancia sexual infantil","Dia do Adolescente","lan\u00e7amento","projeto projeto #SemAbusos #MaisSa\u00fade","Viol\u00eancia Sexual"],"articleSection":["Comportamento &amp; Equil\u00edbrio"],"inLanguage":"pt-BR","potentialAction":[{"@type":"CommentAction","name":"Comment","target":["https:\/\/jornalfatosenoticias.com.br\/index.php\/2022\/09\/21\/ong-lanca-campanha-para-prevenir-violencia-sexual-contra-criancas\/#respond"]}]},{"@type":"WebPage","@id":"https:\/\/jornalfatosenoticias.com.br\/index.php\/2022\/09\/21\/ong-lanca-campanha-para-prevenir-violencia-sexual-contra-criancas\/","url":"https:\/\/jornalfatosenoticias.com.br\/index.php\/2022\/09\/21\/ong-lanca-campanha-para-prevenir-violencia-sexual-contra-criancas\/","name":"ONG lan\u00e7a campanha para prevenir viol\u00eancia sexual contra crian\u00e7as - Jornal Fatos e Not\u00edcias","isPartOf":{"@id":"https:\/\/jornalfatosenoticias.com.br\/#website"},"primaryImageOfPage":{"@id":"https:\/\/jornalfatosenoticias.com.br\/index.php\/2022\/09\/21\/ong-lanca-campanha-para-prevenir-violencia-sexual-contra-criancas\/#primaryimage"},"image":{"@id":"https:\/\/jornalfatosenoticias.com.br\/index.php\/2022\/09\/21\/ong-lanca-campanha-para-prevenir-violencia-sexual-contra-criancas\/#primaryimage"},"thumbnailUrl":"https:\/\/jornalfatosenoticias.com.br\/wp-content\/uploads\/2022\/09\/violencia_contra_crianca.jpg","datePublished":"2022-09-21T15:16:15+00:00","dateModified":"2022-09-21T15:16:18+00:00","breadcrumb":{"@id":"https:\/\/jornalfatosenoticias.com.br\/index.php\/2022\/09\/21\/ong-lanca-campanha-para-prevenir-violencia-sexual-contra-criancas\/#breadcrumb"},"inLanguage":"pt-BR","potentialAction":[{"@type":"ReadAction","target":["https:\/\/jornalfatosenoticias.com.br\/index.php\/2022\/09\/21\/ong-lanca-campanha-para-prevenir-violencia-sexual-contra-criancas\/"]}]},{"@type":"ImageObject","inLanguage":"pt-BR","@id":"https:\/\/jornalfatosenoticias.com.br\/index.php\/2022\/09\/21\/ong-lanca-campanha-para-prevenir-violencia-sexual-contra-criancas\/#primaryimage","url":"https:\/\/jornalfatosenoticias.com.br\/wp-content\/uploads\/2022\/09\/violencia_contra_crianca.jpg","contentUrl":"https:\/\/jornalfatosenoticias.com.br\/wp-content\/uploads\/2022\/09\/violencia_contra_crianca.jpg","width":1000,"height":598},{"@type":"BreadcrumbList","@id":"https:\/\/jornalfatosenoticias.com.br\/index.php\/2022\/09\/21\/ong-lanca-campanha-para-prevenir-violencia-sexual-contra-criancas\/#breadcrumb","itemListElement":[{"@type":"ListItem","position":1,"name":"In\u00edcio","item":"https:\/\/jornalfatosenoticias.com.br\/"},{"@type":"ListItem","position":2,"name":"ONG lan\u00e7a campanha para prevenir viol\u00eancia sexual contra crian\u00e7as"}]},{"@type":"WebSite","@id":"https:\/\/jornalfatosenoticias.com.br\/#website","url":"https:\/\/jornalfatosenoticias.com.br\/","name":"Jornal Fatos e Not\u00edcias","description":"Not\u00edcias em geral","publisher":{"@id":"https:\/\/jornalfatosenoticias.com.br\/#organization"},"potentialAction":[{"@type":"SearchAction","target":{"@type":"EntryPoint","urlTemplate":"https:\/\/jornalfatosenoticias.com.br\/?s={search_term_string}"},"query-input":{"@type":"PropertyValueSpecification","valueRequired":true,"valueName":"search_term_string"}}],"inLanguage":"pt-BR"},{"@type":"Organization","@id":"https:\/\/jornalfatosenoticias.com.br\/#organization","name":"Jornal Fatos e Not\u00edcias","url":"https:\/\/jornalfatosenoticias.com.br\/","logo":{"@type":"ImageObject","inLanguage":"pt-BR","@id":"https:\/\/jornalfatosenoticias.com.br\/#\/schema\/logo\/image\/","url":"https:\/\/jornalfatosenoticias.com.br\/wp-content\/uploads\/2020\/02\/logo120.png","contentUrl":"https:\/\/jornalfatosenoticias.com.br\/wp-content\/uploads\/2020\/02\/logo120.png","width":1227,"height":120,"caption":"Jornal Fatos e Not\u00edcias"},"image":{"@id":"https:\/\/jornalfatosenoticias.com.br\/#\/schema\/logo\/image\/"}},{"@type":"Person","@id":"https:\/\/jornalfatosenoticias.com.br\/#\/schema\/person\/d63837fa13ac8666eb9e74e0985d6f81","name":"Luzimara Fernandes","image":{"@type":"ImageObject","inLanguage":"pt-BR","@id":"https:\/\/jornalfatosenoticias.com.br\/#\/schema\/person\/image\/","url":"https:\/\/jornalfatosenoticias.com.br\/wp-content\/uploads\/2025\/05\/EU_portal.jpg","contentUrl":"https:\/\/jornalfatosenoticias.com.br\/wp-content\/uploads\/2025\/05\/EU_portal.jpg","caption":"Luzimara Fernandes"},"description":"Jornalista MTB 2358-ES","sameAs":["https:\/\/jornalfatosenoticias.com.br"],"url":"https:\/\/jornalfatosenoticias.com.br\/index.php\/author\/luzimara\/"}]}},"cc_featured_image_caption":{"caption_text":"(Foto: Elza Fiuza\/Ag\u00eancia Brasil) ","source_text":"","source_url":""},"jetpack_featured_media_url":"https:\/\/jornalfatosenoticias.com.br\/wp-content\/uploads\/2022\/09\/violencia_contra_crianca.jpg","_links":{"self":[{"href":"https:\/\/jornalfatosenoticias.com.br\/index.php\/wp-json\/wp\/v2\/posts\/34422","targetHints":{"allow":["GET"]}}],"collection":[{"href":"https:\/\/jornalfatosenoticias.com.br\/index.php\/wp-json\/wp\/v2\/posts"}],"about":[{"href":"https:\/\/jornalfatosenoticias.com.br\/index.php\/wp-json\/wp\/v2\/types\/post"}],"author":[{"embeddable":true,"href":"https:\/\/jornalfatosenoticias.com.br\/index.php\/wp-json\/wp\/v2\/users\/2"}],"replies":[{"embeddable":true,"href":"https:\/\/jornalfatosenoticias.com.br\/index.php\/wp-json\/wp\/v2\/comments?post=34422"}],"version-history":[{"count":0,"href":"https:\/\/jornalfatosenoticias.com.br\/index.php\/wp-json\/wp\/v2\/posts\/34422\/revisions"}],"wp:featuredmedia":[{"embeddable":true,"href":"https:\/\/jornalfatosenoticias.com.br\/index.php\/wp-json\/wp\/v2\/media\/34424"}],"wp:attachment":[{"href":"https:\/\/jornalfatosenoticias.com.br\/index.php\/wp-json\/wp\/v2\/media?parent=34422"}],"wp:term":[{"taxonomy":"category","embeddable":true,"href":"https:\/\/jornalfatosenoticias.com.br\/index.php\/wp-json\/wp\/v2\/categories?post=34422"},{"taxonomy":"post_tag","embeddable":true,"href":"https:\/\/jornalfatosenoticias.com.br\/index.php\/wp-json\/wp\/v2\/tags?post=34422"}],"curies":[{"name":"wp","href":"https:\/\/api.w.org\/{rel}","templated":true}]}}