{"id":34425,"date":"2022-09-21T12:32:26","date_gmt":"2022-09-21T15:32:26","guid":{"rendered":"https:\/\/jornalfatosenoticias.com.br\/?p=34425"},"modified":"2022-09-21T12:32:29","modified_gmt":"2022-09-21T15:32:29","slug":"putin-ameacar-uso-de-armas-nucleares-e-perigoso-e-imprudente-afirma-chefe-da-otan","status":"publish","type":"post","link":"https:\/\/jornalfatosenoticias.com.br\/index.php\/2022\/09\/21\/putin-ameacar-uso-de-armas-nucleares-e-perigoso-e-imprudente-afirma-chefe-da-otan\/","title":{"rendered":"\u2018Putin amea\u00e7ar uso de armas nucleares \u00e9 perigoso e imprudente\u2019, afirma chefe da Otan"},"content":{"rendered":"\n<p><em><span class=\"has-inline-color has-black-color\">Secret\u00e1rio-geral da Otan, Jens Stoltenberg, durante entrevista coletiva em Riga, na Let\u00f4nia<\/span><\/em><\/p>\n\n\n\n<div class=\"wp-block-image\"><figure class=\"aligncenter size-large\"><img decoding=\"async\" src=\"https:\/\/jornalfatosenoticias.com.br\/wp-content\/uploads\/2020\/02\/nova-logo-zucchi-1024x110.jpeg\" alt=\"\" class=\"wp-image-33846\"\/><\/figure><\/div>\n\n\n\n<p>Em entrevista \u00e0 Reuters nesta quarta-feira (21), o secret\u00e1rio-geral da Otan, Jens Stoltenberg, disse que a nova mobiliza\u00e7\u00e3o de Putin, ao enviar milhares de tropas extras para a guerra na Ucr\u00e2nia, vai escalar o conflito. Ele ainda disse que a amea\u00e7a do l\u00edder russo de usar armas nucleares foi uma \u201cret\u00f3rica perigosa e imprudente\u201d.<\/p>\n\n\n\n<div class=\"wp-block-image\"><figure class=\"aligncenter size-large\"><img loading=\"lazy\" decoding=\"async\" width=\"300\" height=\"250\" src=\"https:\/\/jornalfatosenoticias.com.br\/wp-content\/uploads\/2022\/08\/arte-Casarao.jpg\" alt=\"\" class=\"wp-image-33178\"\/><\/figure><\/div>\n\n\n\n<p>O ex-primeiro-ministro da Noruega disse, na entrevista, que a primeira mobiliza\u00e7\u00e3o da R\u00fassia, desde a 2\u00aa Guerra Mundial, n\u00e3o foi uma surpresa, mas que escalaria o conflito. Stoltenberg disse que as decis\u00f5es de Putin mostram \u201cque a guerra n\u00e3o est\u00e1 indo de acordo com seus planos\u201d, que as tropas russas est\u00e3o mal equipadas e carecem de comando e controle adequados. Ele disse tamb\u00e9m que ficou claro que Putin cometeu \u201cum grande erro de c\u00e1lculo\u201d.<\/p>\n\n\n\n<div class=\"wp-block-jetpack-tiled-gallery aligncenter is-style-rectangular\"><div class=\"tiled-gallery__gallery\"><div class=\"tiled-gallery__row\"><div class=\"tiled-gallery__col\" style=\"flex-basis:48.51625547019717%\"><figure class=\"tiled-gallery__item\"><img decoding=\"async\" alt=\"\" data-height=\"627\" data-id=\"33078\" data-link=\"https:\/\/jornalfatosenoticias.com.br\/index.php\/2022\/08\/10\/sistema-cantareira-plantar-arvores-e-cuidar-do-solo-pode-garantir-agua\/logo-locau-veiculos\/\" data-url=\"https:\/\/jornalfatosenoticias.com.br\/wp-content\/uploads\/2022\/08\/logo-locau-veiculos.png\" data-width=\"1120\" src=\"https:\/\/i2.wp.com\/jornalfatosenoticias.com.br\/wp-content\/uploads\/2022\/08\/logo-locau-veiculos.png?ssl=1\" layout=\"responsive\"\/><\/figure><\/div><div class=\"tiled-gallery__col\" style=\"flex-basis:51.483744529802834%\"><figure class=\"tiled-gallery__item\"><img decoding=\"async\" alt=\"\" data-height=\"376\" data-id=\"31973\" data-link=\"https:\/\/jornalfatosenoticias.com.br\/index.php\/2022\/07\/04\/violencia-e-criminalidade-perda-do-fio-da-meada-parte-1\/logo-grupo-sei\/\" data-url=\"https:\/\/jornalfatosenoticias.com.br\/wp-content\/uploads\/2022\/07\/Logo-Grupo-SEI.jpg\" data-width=\"713\" src=\"https:\/\/i2.wp.com\/jornalfatosenoticias.com.br\/wp-content\/uploads\/2022\/07\/Logo-Grupo-SEI.jpg?ssl=1\" layout=\"responsive\"\/><\/figure><\/div><\/div><\/div><\/div>\n\n\n\n<figure class=\"wp-block-pullquote\"><blockquote><p><span class=\"has-inline-color has-luminous-vivid-orange-color\">\u201cVamos garantir que n\u00e3o haja mal-entendidos em Moscou sobre exatamente como vamos reagir. Claro que depende do tipo de situa\u00e7\u00e3o ou de que tipo de armas eles podem usar. O mais importante \u00e9 evitar que isso aconte\u00e7a e \u00e9 por isso que fomos t\u00e3o claros em nossas comunica\u00e7\u00f5es com a R\u00fassia sobre as consequ\u00eancias sem precedentes\u201d, disse Stoltenberg ao se referir a qualquer uso russo de armas nucleares.<\/span><\/p><\/blockquote><\/figure>\n\n\n\n<div class=\"wp-block-image\"><figure class=\"aligncenter size-large\"><img loading=\"lazy\" decoding=\"async\" width=\"1024\" height=\"100\" src=\"https:\/\/jornalfatosenoticias.com.br\/wp-content\/uploads\/2020\/02\/banner_ferramentas-1024x100.jpg\" alt=\"\" class=\"wp-image-1258\" srcset=\"https:\/\/jornalfatosenoticias.com.br\/wp-content\/uploads\/2020\/02\/banner_ferramentas-1024x100.jpg 1024w, https:\/\/jornalfatosenoticias.com.br\/wp-content\/uploads\/2020\/02\/banner_ferramentas-300x29.jpg 300w, https:\/\/jornalfatosenoticias.com.br\/wp-content\/uploads\/2020\/02\/banner_ferramentas-768x75.jpg 768w, https:\/\/jornalfatosenoticias.com.br\/wp-content\/uploads\/2020\/02\/banner_ferramentas.jpg 1227w\" sizes=\"auto, (max-width: 1024px) 100vw, 1024px\" \/><\/figure><\/div>\n\n\n\n<p>Na entrevista, Stoltenberg disse que a Otan \u201cn\u00e3o se envolver\u00e1 no mesmo tipo de ret\u00f3rica nuclear imprudente e perigosa que o presidente Putin\u201d, j\u00e1 que a alian\u00e7a militar n\u00e3o busca o confronto com a R\u00fassia. Segundo ele, a Otan est\u00e1 simplesmente tentando proteger a Ucr\u00e2nia e evitar uma escalada do conflito.<\/p>\n\n\n\n<div class=\"wp-block-image\"><figure class=\"aligncenter size-large is-resized\"><img loading=\"lazy\" decoding=\"async\" src=\"https:\/\/jornalfatosenoticias.com.br\/wp-content\/uploads\/2022\/09\/barao-das-carnes-1024x560.jpg\" alt=\"\" class=\"wp-image-34303\" width=\"333\" height=\"182\"\/><\/figure><\/div>\n\n\n\n<figure class=\"wp-block-pullquote\"><blockquote><p><span class=\"has-inline-color has-luminous-vivid-orange-color\">\u201cO discurso \u00e9 de uma escalada, mas tamb\u00e9m n\u00e3o \u00e9 uma surpresa\u201d, disse Stoltenberg sobre os coment\u00e1rios de Putin. \u201cPortanto, estamos preparados. Vamos manter a calma e continuar a dar apoio \u00e0 Ucr\u00e2nia. O discurso do presidente Putin demonstra que a guerra n\u00e3o est\u00e1 indo de acordo com os planos dele. Ele cometeu um grande erro de c\u00e1lculo\u201d.<\/span><\/p><\/blockquote><\/figure>\n\n\n\n<div class=\"wp-block-image\"><figure class=\"aligncenter size-large\"><img loading=\"lazy\" decoding=\"async\" width=\"729\" height=\"90\" src=\"https:\/\/jornalfatosenoticias.com.br\/wp-content\/uploads\/2020\/02\/Logo_Mizu.png\" alt=\"\" class=\"wp-image-1441\" srcset=\"https:\/\/jornalfatosenoticias.com.br\/wp-content\/uploads\/2020\/02\/Logo_Mizu.png 729w, https:\/\/jornalfatosenoticias.com.br\/wp-content\/uploads\/2020\/02\/Logo_Mizu-300x37.png 300w\" sizes=\"auto, (max-width: 729px) 100vw, 729px\" \/><\/figure><\/div>\n\n\n\n<p><strong><em>Fonte: <a href=\"https:\/\/gazetabrasil.com.br\/mundo\/russia-ucrania\/2022\/09\/21\/putin-ameacar-uso-de-armas-nucleares-e-perigoso-e-imprudente-afirma-chefe-da-otan\/\">Gazeta Brasil<\/a><\/em><\/strong><\/p>\n","protected":false},"excerpt":{"rendered":"<p>Secret\u00e1rio-geral da Otan, Jens Stoltenberg, durante entrevista coletiva em Riga, na Let\u00f4nia Em entrevista \u00e0 Reuters nesta quarta-feira (21), o secret\u00e1rio-geral da Otan, Jens Stoltenberg, disse que a nova mobiliza\u00e7\u00e3o de Putin, ao enviar milhares de tropas extras para a guerra na Ucr\u00e2nia, vai escalar o conflito. Ele ainda disse que a amea\u00e7a do l\u00edder [&hellip;]<\/p>\n","protected":false},"author":2,"featured_media":34427,"comment_status":"open","ping_status":"open","sticky":false,"template":"","format":"standard","meta":{"footnotes":""},"categories":[41],"tags":[11652,16162,13462,14150,10577],"class_list":["post-34425","post","type-post","status-publish","format-standard","has-post-thumbnail","hentry","category-internacional","tag-armas-nucleares","tag-chefe","tag-otan","tag-putin","tag-ucrania"],"yoast_head":"<!-- This site is optimized with the Yoast SEO plugin v26.5 - https:\/\/yoast.com\/wordpress\/plugins\/seo\/ -->\n<title>\u2018Putin amea\u00e7ar uso de armas nucleares \u00e9 perigoso e imprudente\u2019, afirma chefe da Otan - Jornal Fatos e Not\u00edcias<\/title>\n<meta name=\"robots\" content=\"index, follow, max-snippet:-1, max-image-preview:large, max-video-preview:-1\" \/>\n<link rel=\"canonical\" href=\"https:\/\/jornalfatosenoticias.com.br\/index.php\/2022\/09\/21\/putin-ameacar-uso-de-armas-nucleares-e-perigoso-e-imprudente-afirma-chefe-da-otan\/\" \/>\n<meta property=\"og:locale\" content=\"pt_BR\" \/>\n<meta property=\"og:type\" content=\"article\" \/>\n<meta property=\"og:title\" content=\"\u2018Putin amea\u00e7ar uso de armas nucleares \u00e9 perigoso e imprudente\u2019, afirma chefe da Otan - Jornal Fatos e Not\u00edcias\" \/>\n<meta property=\"og:description\" content=\"Secret\u00e1rio-geral da Otan, Jens Stoltenberg, durante entrevista coletiva em Riga, na Let\u00f4nia Em entrevista \u00e0 Reuters nesta quarta-feira (21), o secret\u00e1rio-geral da Otan, Jens Stoltenberg, disse que a nova mobiliza\u00e7\u00e3o de Putin, ao enviar milhares de tropas extras para a guerra na Ucr\u00e2nia, vai escalar o conflito. Ele ainda disse que a amea\u00e7a do l\u00edder [&hellip;]\" \/>\n<meta property=\"og:url\" content=\"https:\/\/jornalfatosenoticias.com.br\/index.php\/2022\/09\/21\/putin-ameacar-uso-de-armas-nucleares-e-perigoso-e-imprudente-afirma-chefe-da-otan\/\" \/>\n<meta property=\"og:site_name\" content=\"Jornal Fatos e Not\u00edcias\" \/>\n<meta property=\"article:published_time\" content=\"2022-09-21T15:32:26+00:00\" \/>\n<meta property=\"article:modified_time\" content=\"2022-09-21T15:32:29+00:00\" \/>\n<meta property=\"og:image\" content=\"https:\/\/jornalfatosenoticias.com.br\/wp-content\/uploads\/2022\/09\/secretario-geral-da-Otan.jpg\" \/>\n\t<meta property=\"og:image:width\" content=\"1000\" \/>\n\t<meta property=\"og:image:height\" content=\"552\" \/>\n\t<meta property=\"og:image:type\" content=\"image\/jpeg\" \/>\n<meta name=\"author\" content=\"Luzimara Fernandes\" \/>\n<meta name=\"twitter:card\" content=\"summary_large_image\" \/>\n<meta name=\"twitter:label1\" content=\"Escrito por\" \/>\n\t<meta name=\"twitter:data1\" content=\"Luzimara Fernandes\" \/>\n\t<meta name=\"twitter:label2\" content=\"Est. tempo de leitura\" \/>\n\t<meta name=\"twitter:data2\" content=\"2 minutos\" \/>\n<script type=\"application\/ld+json\" class=\"yoast-schema-graph\">{\"@context\":\"https:\/\/schema.org\",\"@graph\":[{\"@type\":\"Article\",\"@id\":\"https:\/\/jornalfatosenoticias.com.br\/index.php\/2022\/09\/21\/putin-ameacar-uso-de-armas-nucleares-e-perigoso-e-imprudente-afirma-chefe-da-otan\/#article\",\"isPartOf\":{\"@id\":\"https:\/\/jornalfatosenoticias.com.br\/index.php\/2022\/09\/21\/putin-ameacar-uso-de-armas-nucleares-e-perigoso-e-imprudente-afirma-chefe-da-otan\/\"},\"author\":{\"name\":\"Luzimara Fernandes\",\"@id\":\"https:\/\/jornalfatosenoticias.com.br\/#\/schema\/person\/d63837fa13ac8666eb9e74e0985d6f81\"},\"headline\":\"\u2018Putin amea\u00e7ar uso de armas nucleares \u00e9 perigoso e imprudente\u2019, afirma chefe da Otan\",\"datePublished\":\"2022-09-21T15:32:26+00:00\",\"dateModified\":\"2022-09-21T15:32:29+00:00\",\"mainEntityOfPage\":{\"@id\":\"https:\/\/jornalfatosenoticias.com.br\/index.php\/2022\/09\/21\/putin-ameacar-uso-de-armas-nucleares-e-perigoso-e-imprudente-afirma-chefe-da-otan\/\"},\"wordCount\":361,\"commentCount\":0,\"publisher\":{\"@id\":\"https:\/\/jornalfatosenoticias.com.br\/#organization\"},\"image\":{\"@id\":\"https:\/\/jornalfatosenoticias.com.br\/index.php\/2022\/09\/21\/putin-ameacar-uso-de-armas-nucleares-e-perigoso-e-imprudente-afirma-chefe-da-otan\/#primaryimage\"},\"thumbnailUrl\":\"https:\/\/jornalfatosenoticias.com.br\/wp-content\/uploads\/2022\/09\/secretario-geral-da-Otan.jpg\",\"keywords\":[\"armas nucleares\",\"chefe\",\"Otan\",\"Putin\",\"Ucr\u00e2nia\"],\"articleSection\":[\"Internacional\"],\"inLanguage\":\"pt-BR\",\"potentialAction\":[{\"@type\":\"CommentAction\",\"name\":\"Comment\",\"target\":[\"https:\/\/jornalfatosenoticias.com.br\/index.php\/2022\/09\/21\/putin-ameacar-uso-de-armas-nucleares-e-perigoso-e-imprudente-afirma-chefe-da-otan\/#respond\"]}]},{\"@type\":\"WebPage\",\"@id\":\"https:\/\/jornalfatosenoticias.com.br\/index.php\/2022\/09\/21\/putin-ameacar-uso-de-armas-nucleares-e-perigoso-e-imprudente-afirma-chefe-da-otan\/\",\"url\":\"https:\/\/jornalfatosenoticias.com.br\/index.php\/2022\/09\/21\/putin-ameacar-uso-de-armas-nucleares-e-perigoso-e-imprudente-afirma-chefe-da-otan\/\",\"name\":\"\u2018Putin amea\u00e7ar uso de armas nucleares \u00e9 perigoso e imprudente\u2019, afirma chefe da Otan - Jornal Fatos e Not\u00edcias\",\"isPartOf\":{\"@id\":\"https:\/\/jornalfatosenoticias.com.br\/#website\"},\"primaryImageOfPage\":{\"@id\":\"https:\/\/jornalfatosenoticias.com.br\/index.php\/2022\/09\/21\/putin-ameacar-uso-de-armas-nucleares-e-perigoso-e-imprudente-afirma-chefe-da-otan\/#primaryimage\"},\"image\":{\"@id\":\"https:\/\/jornalfatosenoticias.com.br\/index.php\/2022\/09\/21\/putin-ameacar-uso-de-armas-nucleares-e-perigoso-e-imprudente-afirma-chefe-da-otan\/#primaryimage\"},\"thumbnailUrl\":\"https:\/\/jornalfatosenoticias.com.br\/wp-content\/uploads\/2022\/09\/secretario-geral-da-Otan.jpg\",\"datePublished\":\"2022-09-21T15:32:26+00:00\",\"dateModified\":\"2022-09-21T15:32:29+00:00\",\"breadcrumb\":{\"@id\":\"https:\/\/jornalfatosenoticias.com.br\/index.php\/2022\/09\/21\/putin-ameacar-uso-de-armas-nucleares-e-perigoso-e-imprudente-afirma-chefe-da-otan\/#breadcrumb\"},\"inLanguage\":\"pt-BR\",\"potentialAction\":[{\"@type\":\"ReadAction\",\"target\":[\"https:\/\/jornalfatosenoticias.com.br\/index.php\/2022\/09\/21\/putin-ameacar-uso-de-armas-nucleares-e-perigoso-e-imprudente-afirma-chefe-da-otan\/\"]}]},{\"@type\":\"ImageObject\",\"inLanguage\":\"pt-BR\",\"@id\":\"https:\/\/jornalfatosenoticias.com.br\/index.php\/2022\/09\/21\/putin-ameacar-uso-de-armas-nucleares-e-perigoso-e-imprudente-afirma-chefe-da-otan\/#primaryimage\",\"url\":\"https:\/\/jornalfatosenoticias.com.br\/wp-content\/uploads\/2022\/09\/secretario-geral-da-Otan.jpg\",\"contentUrl\":\"https:\/\/jornalfatosenoticias.com.br\/wp-content\/uploads\/2022\/09\/secretario-geral-da-Otan.jpg\",\"width\":1000,\"height\":552},{\"@type\":\"BreadcrumbList\",\"@id\":\"https:\/\/jornalfatosenoticias.com.br\/index.php\/2022\/09\/21\/putin-ameacar-uso-de-armas-nucleares-e-perigoso-e-imprudente-afirma-chefe-da-otan\/#breadcrumb\",\"itemListElement\":[{\"@type\":\"ListItem\",\"position\":1,\"name\":\"In\u00edcio\",\"item\":\"https:\/\/jornalfatosenoticias.com.br\/\"},{\"@type\":\"ListItem\",\"position\":2,\"name\":\"\u2018Putin amea\u00e7ar uso de armas nucleares \u00e9 perigoso e imprudente\u2019, afirma chefe da Otan\"}]},{\"@type\":\"WebSite\",\"@id\":\"https:\/\/jornalfatosenoticias.com.br\/#website\",\"url\":\"https:\/\/jornalfatosenoticias.com.br\/\",\"name\":\"Jornal Fatos e Not\u00edcias\",\"description\":\"Not\u00edcias em geral\",\"publisher\":{\"@id\":\"https:\/\/jornalfatosenoticias.com.br\/#organization\"},\"potentialAction\":[{\"@type\":\"SearchAction\",\"target\":{\"@type\":\"EntryPoint\",\"urlTemplate\":\"https:\/\/jornalfatosenoticias.com.br\/?s={search_term_string}\"},\"query-input\":{\"@type\":\"PropertyValueSpecification\",\"valueRequired\":true,\"valueName\":\"search_term_string\"}}],\"inLanguage\":\"pt-BR\"},{\"@type\":\"Organization\",\"@id\":\"https:\/\/jornalfatosenoticias.com.br\/#organization\",\"name\":\"Jornal Fatos e Not\u00edcias\",\"url\":\"https:\/\/jornalfatosenoticias.com.br\/\",\"logo\":{\"@type\":\"ImageObject\",\"inLanguage\":\"pt-BR\",\"@id\":\"https:\/\/jornalfatosenoticias.com.br\/#\/schema\/logo\/image\/\",\"url\":\"https:\/\/jornalfatosenoticias.com.br\/wp-content\/uploads\/2020\/02\/logo120.png\",\"contentUrl\":\"https:\/\/jornalfatosenoticias.com.br\/wp-content\/uploads\/2020\/02\/logo120.png\",\"width\":1227,\"height\":120,\"caption\":\"Jornal Fatos e Not\u00edcias\"},\"image\":{\"@id\":\"https:\/\/jornalfatosenoticias.com.br\/#\/schema\/logo\/image\/\"}},{\"@type\":\"Person\",\"@id\":\"https:\/\/jornalfatosenoticias.com.br\/#\/schema\/person\/d63837fa13ac8666eb9e74e0985d6f81\",\"name\":\"Luzimara Fernandes\",\"image\":{\"@type\":\"ImageObject\",\"inLanguage\":\"pt-BR\",\"@id\":\"https:\/\/jornalfatosenoticias.com.br\/#\/schema\/person\/image\/\",\"url\":\"https:\/\/jornalfatosenoticias.com.br\/wp-content\/uploads\/2025\/05\/EU_portal.jpg\",\"contentUrl\":\"https:\/\/jornalfatosenoticias.com.br\/wp-content\/uploads\/2025\/05\/EU_portal.jpg\",\"caption\":\"Luzimara Fernandes\"},\"description\":\"Jornalista MTB 2358-ES\",\"sameAs\":[\"https:\/\/jornalfatosenoticias.com.br\"],\"url\":\"https:\/\/jornalfatosenoticias.com.br\/index.php\/author\/luzimara\/\"}]}<\/script>\n<!-- \/ Yoast SEO plugin. -->","yoast_head_json":{"title":"\u2018Putin amea\u00e7ar uso de armas nucleares \u00e9 perigoso e imprudente\u2019, afirma chefe da Otan - Jornal Fatos e Not\u00edcias","robots":{"index":"index","follow":"follow","max-snippet":"max-snippet:-1","max-image-preview":"max-image-preview:large","max-video-preview":"max-video-preview:-1"},"canonical":"https:\/\/jornalfatosenoticias.com.br\/index.php\/2022\/09\/21\/putin-ameacar-uso-de-armas-nucleares-e-perigoso-e-imprudente-afirma-chefe-da-otan\/","og_locale":"pt_BR","og_type":"article","og_title":"\u2018Putin amea\u00e7ar uso de armas nucleares \u00e9 perigoso e imprudente\u2019, afirma chefe da Otan - Jornal Fatos e Not\u00edcias","og_description":"Secret\u00e1rio-geral da Otan, Jens Stoltenberg, durante entrevista coletiva em Riga, na Let\u00f4nia Em entrevista \u00e0 Reuters nesta quarta-feira (21), o secret\u00e1rio-geral da Otan, Jens Stoltenberg, disse que a nova mobiliza\u00e7\u00e3o de Putin, ao enviar milhares de tropas extras para a guerra na Ucr\u00e2nia, vai escalar o conflito. Ele ainda disse que a amea\u00e7a do l\u00edder [&hellip;]","og_url":"https:\/\/jornalfatosenoticias.com.br\/index.php\/2022\/09\/21\/putin-ameacar-uso-de-armas-nucleares-e-perigoso-e-imprudente-afirma-chefe-da-otan\/","og_site_name":"Jornal Fatos e Not\u00edcias","article_published_time":"2022-09-21T15:32:26+00:00","article_modified_time":"2022-09-21T15:32:29+00:00","og_image":[{"width":1000,"height":552,"url":"https:\/\/jornalfatosenoticias.com.br\/wp-content\/uploads\/2022\/09\/secretario-geral-da-Otan.jpg","type":"image\/jpeg"}],"author":"Luzimara Fernandes","twitter_card":"summary_large_image","twitter_misc":{"Escrito por":"Luzimara Fernandes","Est. tempo de leitura":"2 minutos"},"schema":{"@context":"https:\/\/schema.org","@graph":[{"@type":"Article","@id":"https:\/\/jornalfatosenoticias.com.br\/index.php\/2022\/09\/21\/putin-ameacar-uso-de-armas-nucleares-e-perigoso-e-imprudente-afirma-chefe-da-otan\/#article","isPartOf":{"@id":"https:\/\/jornalfatosenoticias.com.br\/index.php\/2022\/09\/21\/putin-ameacar-uso-de-armas-nucleares-e-perigoso-e-imprudente-afirma-chefe-da-otan\/"},"author":{"name":"Luzimara Fernandes","@id":"https:\/\/jornalfatosenoticias.com.br\/#\/schema\/person\/d63837fa13ac8666eb9e74e0985d6f81"},"headline":"\u2018Putin amea\u00e7ar uso de armas nucleares \u00e9 perigoso e imprudente\u2019, afirma chefe da Otan","datePublished":"2022-09-21T15:32:26+00:00","dateModified":"2022-09-21T15:32:29+00:00","mainEntityOfPage":{"@id":"https:\/\/jornalfatosenoticias.com.br\/index.php\/2022\/09\/21\/putin-ameacar-uso-de-armas-nucleares-e-perigoso-e-imprudente-afirma-chefe-da-otan\/"},"wordCount":361,"commentCount":0,"publisher":{"@id":"https:\/\/jornalfatosenoticias.com.br\/#organization"},"image":{"@id":"https:\/\/jornalfatosenoticias.com.br\/index.php\/2022\/09\/21\/putin-ameacar-uso-de-armas-nucleares-e-perigoso-e-imprudente-afirma-chefe-da-otan\/#primaryimage"},"thumbnailUrl":"https:\/\/jornalfatosenoticias.com.br\/wp-content\/uploads\/2022\/09\/secretario-geral-da-Otan.jpg","keywords":["armas nucleares","chefe","Otan","Putin","Ucr\u00e2nia"],"articleSection":["Internacional"],"inLanguage":"pt-BR","potentialAction":[{"@type":"CommentAction","name":"Comment","target":["https:\/\/jornalfatosenoticias.com.br\/index.php\/2022\/09\/21\/putin-ameacar-uso-de-armas-nucleares-e-perigoso-e-imprudente-afirma-chefe-da-otan\/#respond"]}]},{"@type":"WebPage","@id":"https:\/\/jornalfatosenoticias.com.br\/index.php\/2022\/09\/21\/putin-ameacar-uso-de-armas-nucleares-e-perigoso-e-imprudente-afirma-chefe-da-otan\/","url":"https:\/\/jornalfatosenoticias.com.br\/index.php\/2022\/09\/21\/putin-ameacar-uso-de-armas-nucleares-e-perigoso-e-imprudente-afirma-chefe-da-otan\/","name":"\u2018Putin amea\u00e7ar uso de armas nucleares \u00e9 perigoso e imprudente\u2019, afirma chefe da Otan - Jornal Fatos e Not\u00edcias","isPartOf":{"@id":"https:\/\/jornalfatosenoticias.com.br\/#website"},"primaryImageOfPage":{"@id":"https:\/\/jornalfatosenoticias.com.br\/index.php\/2022\/09\/21\/putin-ameacar-uso-de-armas-nucleares-e-perigoso-e-imprudente-afirma-chefe-da-otan\/#primaryimage"},"image":{"@id":"https:\/\/jornalfatosenoticias.com.br\/index.php\/2022\/09\/21\/putin-ameacar-uso-de-armas-nucleares-e-perigoso-e-imprudente-afirma-chefe-da-otan\/#primaryimage"},"thumbnailUrl":"https:\/\/jornalfatosenoticias.com.br\/wp-content\/uploads\/2022\/09\/secretario-geral-da-Otan.jpg","datePublished":"2022-09-21T15:32:26+00:00","dateModified":"2022-09-21T15:32:29+00:00","breadcrumb":{"@id":"https:\/\/jornalfatosenoticias.com.br\/index.php\/2022\/09\/21\/putin-ameacar-uso-de-armas-nucleares-e-perigoso-e-imprudente-afirma-chefe-da-otan\/#breadcrumb"},"inLanguage":"pt-BR","potentialAction":[{"@type":"ReadAction","target":["https:\/\/jornalfatosenoticias.com.br\/index.php\/2022\/09\/21\/putin-ameacar-uso-de-armas-nucleares-e-perigoso-e-imprudente-afirma-chefe-da-otan\/"]}]},{"@type":"ImageObject","inLanguage":"pt-BR","@id":"https:\/\/jornalfatosenoticias.com.br\/index.php\/2022\/09\/21\/putin-ameacar-uso-de-armas-nucleares-e-perigoso-e-imprudente-afirma-chefe-da-otan\/#primaryimage","url":"https:\/\/jornalfatosenoticias.com.br\/wp-content\/uploads\/2022\/09\/secretario-geral-da-Otan.jpg","contentUrl":"https:\/\/jornalfatosenoticias.com.br\/wp-content\/uploads\/2022\/09\/secretario-geral-da-Otan.jpg","width":1000,"height":552},{"@type":"BreadcrumbList","@id":"https:\/\/jornalfatosenoticias.com.br\/index.php\/2022\/09\/21\/putin-ameacar-uso-de-armas-nucleares-e-perigoso-e-imprudente-afirma-chefe-da-otan\/#breadcrumb","itemListElement":[{"@type":"ListItem","position":1,"name":"In\u00edcio","item":"https:\/\/jornalfatosenoticias.com.br\/"},{"@type":"ListItem","position":2,"name":"\u2018Putin amea\u00e7ar uso de armas nucleares \u00e9 perigoso e imprudente\u2019, afirma chefe da Otan"}]},{"@type":"WebSite","@id":"https:\/\/jornalfatosenoticias.com.br\/#website","url":"https:\/\/jornalfatosenoticias.com.br\/","name":"Jornal Fatos e Not\u00edcias","description":"Not\u00edcias em geral","publisher":{"@id":"https:\/\/jornalfatosenoticias.com.br\/#organization"},"potentialAction":[{"@type":"SearchAction","target":{"@type":"EntryPoint","urlTemplate":"https:\/\/jornalfatosenoticias.com.br\/?s={search_term_string}"},"query-input":{"@type":"PropertyValueSpecification","valueRequired":true,"valueName":"search_term_string"}}],"inLanguage":"pt-BR"},{"@type":"Organization","@id":"https:\/\/jornalfatosenoticias.com.br\/#organization","name":"Jornal Fatos e Not\u00edcias","url":"https:\/\/jornalfatosenoticias.com.br\/","logo":{"@type":"ImageObject","inLanguage":"pt-BR","@id":"https:\/\/jornalfatosenoticias.com.br\/#\/schema\/logo\/image\/","url":"https:\/\/jornalfatosenoticias.com.br\/wp-content\/uploads\/2020\/02\/logo120.png","contentUrl":"https:\/\/jornalfatosenoticias.com.br\/wp-content\/uploads\/2020\/02\/logo120.png","width":1227,"height":120,"caption":"Jornal Fatos e Not\u00edcias"},"image":{"@id":"https:\/\/jornalfatosenoticias.com.br\/#\/schema\/logo\/image\/"}},{"@type":"Person","@id":"https:\/\/jornalfatosenoticias.com.br\/#\/schema\/person\/d63837fa13ac8666eb9e74e0985d6f81","name":"Luzimara Fernandes","image":{"@type":"ImageObject","inLanguage":"pt-BR","@id":"https:\/\/jornalfatosenoticias.com.br\/#\/schema\/person\/image\/","url":"https:\/\/jornalfatosenoticias.com.br\/wp-content\/uploads\/2025\/05\/EU_portal.jpg","contentUrl":"https:\/\/jornalfatosenoticias.com.br\/wp-content\/uploads\/2025\/05\/EU_portal.jpg","caption":"Luzimara Fernandes"},"description":"Jornalista MTB 2358-ES","sameAs":["https:\/\/jornalfatosenoticias.com.br"],"url":"https:\/\/jornalfatosenoticias.com.br\/index.php\/author\/luzimara\/"}]}},"cc_featured_image_caption":{"caption_text":"(Foto: Ints Kalnins\/Reuters) ","source_text":"","source_url":""},"jetpack_featured_media_url":"https:\/\/jornalfatosenoticias.com.br\/wp-content\/uploads\/2022\/09\/secretario-geral-da-Otan.jpg","_links":{"self":[{"href":"https:\/\/jornalfatosenoticias.com.br\/index.php\/wp-json\/wp\/v2\/posts\/34425","targetHints":{"allow":["GET"]}}],"collection":[{"href":"https:\/\/jornalfatosenoticias.com.br\/index.php\/wp-json\/wp\/v2\/posts"}],"about":[{"href":"https:\/\/jornalfatosenoticias.com.br\/index.php\/wp-json\/wp\/v2\/types\/post"}],"author":[{"embeddable":true,"href":"https:\/\/jornalfatosenoticias.com.br\/index.php\/wp-json\/wp\/v2\/users\/2"}],"replies":[{"embeddable":true,"href":"https:\/\/jornalfatosenoticias.com.br\/index.php\/wp-json\/wp\/v2\/comments?post=34425"}],"version-history":[{"count":0,"href":"https:\/\/jornalfatosenoticias.com.br\/index.php\/wp-json\/wp\/v2\/posts\/34425\/revisions"}],"wp:featuredmedia":[{"embeddable":true,"href":"https:\/\/jornalfatosenoticias.com.br\/index.php\/wp-json\/wp\/v2\/media\/34427"}],"wp:attachment":[{"href":"https:\/\/jornalfatosenoticias.com.br\/index.php\/wp-json\/wp\/v2\/media?parent=34425"}],"wp:term":[{"taxonomy":"category","embeddable":true,"href":"https:\/\/jornalfatosenoticias.com.br\/index.php\/wp-json\/wp\/v2\/categories?post=34425"},{"taxonomy":"post_tag","embeddable":true,"href":"https:\/\/jornalfatosenoticias.com.br\/index.php\/wp-json\/wp\/v2\/tags?post=34425"}],"curies":[{"name":"wp","href":"https:\/\/api.w.org\/{rel}","templated":true}]}}