{"id":34431,"date":"2022-09-21T13:39:09","date_gmt":"2022-09-21T16:39:09","guid":{"rendered":"https:\/\/jornalfatosenoticias.com.br\/?p=34431"},"modified":"2022-09-21T13:39:12","modified_gmt":"2022-09-21T16:39:12","slug":"encontro-debate-ensino-atraente-e-criativo-da-matematica","status":"publish","type":"post","link":"https:\/\/jornalfatosenoticias.com.br\/index.php\/2022\/09\/21\/encontro-debate-ensino-atraente-e-criativo-da-matematica\/","title":{"rendered":"Encontro debate ensino atraente e criativo da matem\u00e1tica"},"content":{"rendered":"\n<p><em><span class=\"has-inline-color has-black-color\">Evento on-line \u00e9 voltado a professores, educadores e interessados<\/span><\/em><\/p>\n\n\n\n<div class=\"wp-block-image\"><figure class=\"aligncenter size-large\"><img loading=\"lazy\" decoding=\"async\" width=\"1024\" height=\"100\" src=\"https:\/\/jornalfatosenoticias.com.br\/wp-content\/uploads\/2022\/05\/NOVA-LOGO-CESCONETTO-1024x100.jpg\" alt=\"\" class=\"wp-image-30792\" srcset=\"https:\/\/jornalfatosenoticias.com.br\/wp-content\/uploads\/2022\/05\/NOVA-LOGO-CESCONETTO-1024x100.jpg 1024w, https:\/\/jornalfatosenoticias.com.br\/wp-content\/uploads\/2022\/05\/NOVA-LOGO-CESCONETTO-300x29.jpg 300w, https:\/\/jornalfatosenoticias.com.br\/wp-content\/uploads\/2022\/05\/NOVA-LOGO-CESCONETTO-768x75.jpg 768w, https:\/\/jornalfatosenoticias.com.br\/wp-content\/uploads\/2022\/05\/NOVA-LOGO-CESCONETTO.jpg 1280w\" sizes=\"auto, (max-width: 1024px) 100vw, 1024px\" \/><\/figure><\/div>\n\n\n\n<p>Um encontro com educadores, nesta semana, vai debater formas de ensinar matem\u00e1tica de maneira atraente, acess\u00edvel e criativa nas salas de aula do Pa\u00eds. O Mentalidades Matem\u00e1ticas \u00e9 promovido pelo Instituto Sidarta, em parceria com o Instituto de Matem\u00e1tica Pura e Aplicada (Impa) e o Ita\u00fa Social.<\/p>\n\n\n\n<div class=\"wp-block-image\"><figure class=\"aligncenter size-large is-resized\"><img loading=\"lazy\" decoding=\"async\" src=\"https:\/\/jornalfatosenoticias.com.br\/wp-content\/uploads\/2020\/02\/SEVENTUR-TURISMO.jpg\" alt=\"\" class=\"wp-image-32994\" width=\"233\" height=\"184\"\/><\/figure><\/div>\n\n\n\n<p>O evento, que est\u00e1 em sua quarta edi\u00e7\u00e3o, \u00e9 on-line e ser\u00e1 voltado a professores dos ensinos fundamental e m\u00e9dio, a educadores de uma forma geral e a outros interessados no tema. Est\u00e3o confirmados gestores e profissionais de munic\u00edpios como <strong>Rio de Janeiro, Altamira (PA), Aracruz (ES), Cotia <\/strong>e<strong> Itu<\/strong> (ambas em SP). A ideia principal do Mentalidades Matem\u00e1ticas \u00e9 transformar a maneira de pensar, aprender e ensinar a matem\u00e1tica, derrubando o mito de que matem\u00e1tica \u00e9 para g\u00eanios.<\/p>\n\n\n\n<div class=\"wp-block-image\"><figure class=\"aligncenter size-large\"><img loading=\"lazy\" decoding=\"async\" width=\"1024\" height=\"103\" src=\"https:\/\/jornalfatosenoticias.com.br\/wp-content\/uploads\/2022\/02\/Arte-Autoescola-Galatas_endereco_portal-1024x103.png\" alt=\"\" class=\"wp-image-27869\" srcset=\"https:\/\/jornalfatosenoticias.com.br\/wp-content\/uploads\/2022\/02\/Arte-Autoescola-Galatas_endereco_portal-1024x103.png 1024w, https:\/\/jornalfatosenoticias.com.br\/wp-content\/uploads\/2022\/02\/Arte-Autoescola-Galatas_endereco_portal-300x30.png 300w, https:\/\/jornalfatosenoticias.com.br\/wp-content\/uploads\/2022\/02\/Arte-Autoescola-Galatas_endereco_portal-768x77.png 768w, https:\/\/jornalfatosenoticias.com.br\/wp-content\/uploads\/2022\/02\/Arte-Autoescola-Galatas_endereco_portal.png 1223w\" sizes=\"auto, (max-width: 1024px) 100vw, 1024px\" \/><\/figure><\/div>\n\n\n\n<figure class=\"wp-block-pullquote\"><blockquote><p><span class=\"has-inline-color has-luminous-vivid-orange-color\">\u201c\u00c9 muito importante trazer para a sala de aula o que h\u00e1 de mais atual em termos da compreens\u00e3o cient\u00edfica dos processos de aprendizagem. E, ao fazer a ponte de conte\u00fados matem\u00e1ticos com os avan\u00e7os mais recentes da neuroci\u00eancia e da psicologia, o Mentalidades Matem\u00e1ticas presta uma importante contribui\u00e7\u00e3o nesse sentido\u201d, explicou o diretor-geral do Impa, Marcelo Viana.<\/span><\/p><\/blockquote><\/figure>\n\n\n\n<div class=\"wp-block-jetpack-tiled-gallery aligncenter is-style-rectangular\"><div class=\"tiled-gallery__gallery\"><div class=\"tiled-gallery__row\"><div class=\"tiled-gallery__col\" style=\"flex-basis:50%\"><figure class=\"tiled-gallery__item\"><img decoding=\"async\" alt=\"\" data-height=\"600\" data-id=\"34392\" data-link=\"https:\/\/jornalfatosenoticias.com.br\/index.php\/2022\/09\/21\/semana-municipal-da-juventude-tera-oficinas-e-apresentacoes-culturais\/logo-zucchi-quadrada\/\" data-url=\"https:\/\/jornalfatosenoticias.com.br\/wp-content\/uploads\/2022\/09\/logo-zucchi-quadrada.jpg\" data-width=\"600\" src=\"https:\/\/i0.wp.com\/jornalfatosenoticias.com.br\/wp-content\/uploads\/2022\/09\/logo-zucchi-quadrada.jpg?ssl=1\" layout=\"responsive\"\/><\/figure><\/div><div class=\"tiled-gallery__col\" style=\"flex-basis:50%\"><figure class=\"tiled-gallery__item\"><img decoding=\"async\" alt=\"\" data-height=\"600\" data-id=\"33905\" data-link=\"https:\/\/jornalfatosenoticias.com.br\/index.php\/sa_slider\/1070\/logo-embacia\/\" data-url=\"https:\/\/jornalfatosenoticias.com.br\/wp-content\/uploads\/2020\/02\/logo-embacia.jpg\" data-width=\"600\" src=\"https:\/\/i1.wp.com\/jornalfatosenoticias.com.br\/wp-content\/uploads\/2020\/02\/logo-embacia.jpg?ssl=1\" layout=\"responsive\"\/><\/figure><\/div><\/div><\/div><\/div>\n\n\n\n<p>Segundo Viana, o ensino da matem\u00e1tica precisa ser uma experi\u00eancia essencialmente pr\u00e1tica, \u201ct\u00e3o concreta quanto poss\u00edvel, de forma a conectar o processo de aquisi\u00e7\u00e3o do saber matem\u00e1tico \u00e0 experi\u00eancia direta do aluno. O grande desafio \u00e9 formar o professor de modo que ele adquira a capacidade de fazer isso acontecer na sala de aula\u201d.<\/p>\n\n\n\n<div class=\"wp-block-image\"><figure class=\"aligncenter size-large\"><img loading=\"lazy\" decoding=\"async\" width=\"1024\" height=\"100\" src=\"https:\/\/jornalfatosenoticias.com.br\/wp-content\/uploads\/2020\/02\/banner_ferramentas-1024x100.jpg\" alt=\"\" class=\"wp-image-1258\" srcset=\"https:\/\/jornalfatosenoticias.com.br\/wp-content\/uploads\/2020\/02\/banner_ferramentas-1024x100.jpg 1024w, https:\/\/jornalfatosenoticias.com.br\/wp-content\/uploads\/2020\/02\/banner_ferramentas-300x29.jpg 300w, https:\/\/jornalfatosenoticias.com.br\/wp-content\/uploads\/2020\/02\/banner_ferramentas-768x75.jpg 768w, https:\/\/jornalfatosenoticias.com.br\/wp-content\/uploads\/2020\/02\/banner_ferramentas.jpg 1227w\" sizes=\"auto, (max-width: 1024px) 100vw, 1024px\" \/><\/figure><\/div>\n\n\n\n<p>De acordo com os organizadores do evento, um dos exemplos de aplica\u00e7\u00e3o do Mentalidades Matem\u00e1ticas na pr\u00e1tica foi um curso de f\u00e9rias realizado com alunos de escolas p\u00fablicas de Cotia (SP) por 10 dias em 2020. O curso permitiu aos alunos dar um salto equivalente a um ano e tr\u00eas meses em escolaridade matem\u00e1tica, calculado pelo desempenho na avalia\u00e7\u00e3o MARS (Mathematics Assessment Resource Service).<\/p>\n\n\n\n<div class=\"wp-block-image\"><figure class=\"aligncenter size-large\"><img loading=\"lazy\" decoding=\"async\" width=\"729\" height=\"90\" src=\"https:\/\/jornalfatosenoticias.com.br\/wp-content\/uploads\/2020\/02\/Logo_Mizu.png\" alt=\"\" class=\"wp-image-1441\" srcset=\"https:\/\/jornalfatosenoticias.com.br\/wp-content\/uploads\/2020\/02\/Logo_Mizu.png 729w, https:\/\/jornalfatosenoticias.com.br\/wp-content\/uploads\/2020\/02\/Logo_Mizu-300x37.png 300w\" sizes=\"auto, (max-width: 729px) 100vw, 729px\" \/><\/figure><\/div>\n\n\n\n<figure class=\"wp-block-pullquote\"><blockquote><p><span class=\"has-inline-color has-luminous-vivid-orange-color\">\u201cO maior resultado [do Mentalidades Matem\u00e1ticas] est\u00e1 na altera\u00e7\u00e3o dessa rela\u00e7\u00e3o que as pessoas, alunos e professores, t\u00eam com a matem\u00e1tica. Muitos pensam que a disciplina \u00e9 sobre certo ou errado. Ou voc\u00ea acerta a conta ou erra a conta. Depois dessa experi\u00eancia, eles come\u00e7am a entender que a matem\u00e1tica \u00e9 muito mais do que isso, eles come\u00e7am a gostar muito dos desafios matem\u00e1ticos. Resultados podem ser discutidos. Eles buscam muito mais entender o racioc\u00ednio, explorar muito mais as conex\u00f5es entre as ideias matem\u00e1ticas\u201d, explica Ya Jen Chang, presidente do Instituto Sidarta.<\/span><\/p><\/blockquote><\/figure>\n\n\n\n<div class=\"wp-block-jetpack-tiled-gallery aligncenter is-style-rectangular\"><div class=\"tiled-gallery__gallery\"><div class=\"tiled-gallery__row\"><div class=\"tiled-gallery__col\" style=\"flex-basis:38.81751940617854%\"><figure class=\"tiled-gallery__item\"><img decoding=\"async\" alt=\"\" data-height=\"250\" data-id=\"33178\" data-link=\"https:\/\/jornalfatosenoticias.com.br\/arte-casarao\/\" data-url=\"https:\/\/jornalfatosenoticias.com.br\/wp-content\/uploads\/2022\/08\/arte-Casarao.jpg\" data-width=\"300\" src=\"https:\/\/i0.wp.com\/jornalfatosenoticias.com.br\/wp-content\/uploads\/2022\/08\/arte-Casarao.jpg?ssl=1\" layout=\"responsive\"\/><\/figure><\/div><div class=\"tiled-gallery__col\" style=\"flex-basis:61.18248059382147%\"><figure class=\"tiled-gallery__item\"><img decoding=\"async\" alt=\"\" data-height=\"376\" data-id=\"31973\" data-link=\"https:\/\/jornalfatosenoticias.com.br\/index.php\/2022\/07\/04\/violencia-e-criminalidade-perda-do-fio-da-meada-parte-1\/logo-grupo-sei\/\" data-url=\"https:\/\/jornalfatosenoticias.com.br\/wp-content\/uploads\/2022\/07\/Logo-Grupo-SEI.jpg\" data-width=\"713\" src=\"https:\/\/i2.wp.com\/jornalfatosenoticias.com.br\/wp-content\/uploads\/2022\/07\/Logo-Grupo-SEI.jpg?ssl=1\" layout=\"responsive\"\/><\/figure><\/div><\/div><\/div><\/div>\n\n\n\n<p>O encontro est\u00e1 sendo realizado entre 20 e 22 deste m\u00eas. Interessados podem se <strong><a href=\"https:\/\/4seminario.mentalidadesmatematicas.org.br\/inicio\" target=\"_blank\" rel=\"noreferrer noopener\">inscrever pela internet<\/a>.<\/strong><\/p>\n\n\n\n<p><strong><em>Fonte: <a href=\"https:\/\/agenciabrasil.ebc.com.br\/educacao\/noticia\/2022-09\/encontro-debate-ensino-atraente-e-criativo-da-matematica\">Ag\u00eancia Brasil<\/a><\/em><\/strong><\/p>\n","protected":false},"excerpt":{"rendered":"<p>Evento on-line \u00e9 voltado a professores, educadores e interessados Um encontro com educadores, nesta semana, vai debater formas de ensinar matem\u00e1tica de maneira atraente, acess\u00edvel e criativa nas salas de aula do Pa\u00eds. O Mentalidades Matem\u00e1ticas \u00e9 promovido pelo Instituto Sidarta, em parceria com o Instituto de Matem\u00e1tica Pura e Aplicada (Impa) e o Ita\u00fa [&hellip;]<\/p>\n","protected":false},"author":2,"featured_media":34433,"comment_status":"open","ping_status":"open","sticky":false,"template":"","format":"standard","meta":{"footnotes":""},"categories":[7],"tags":[9584,1787,16167,4593,16168,357],"class_list":["post-34431","post","type-post","status-publish","format-standard","has-post-thumbnail","hentry","category-educacao","tag-educadores","tag-ensino","tag-ensino-atraente-e-criativo-da-matematica","tag-matematica","tag-mentalidades-matematicas","tag-professores"],"yoast_head":"<!-- This site is optimized with the Yoast SEO plugin v26.5 - https:\/\/yoast.com\/wordpress\/plugins\/seo\/ -->\n<title>Encontro debate ensino atraente e criativo da matem\u00e1tica - Jornal Fatos e Not\u00edcias<\/title>\n<meta name=\"robots\" content=\"index, follow, max-snippet:-1, max-image-preview:large, max-video-preview:-1\" \/>\n<link rel=\"canonical\" href=\"https:\/\/jornalfatosenoticias.com.br\/index.php\/2022\/09\/21\/encontro-debate-ensino-atraente-e-criativo-da-matematica\/\" \/>\n<meta property=\"og:locale\" content=\"pt_BR\" \/>\n<meta property=\"og:type\" content=\"article\" \/>\n<meta property=\"og:title\" content=\"Encontro debate ensino atraente e criativo da matem\u00e1tica - Jornal Fatos e Not\u00edcias\" \/>\n<meta property=\"og:description\" content=\"Evento on-line \u00e9 voltado a professores, educadores e interessados Um encontro com educadores, nesta semana, vai debater formas de ensinar matem\u00e1tica de maneira atraente, acess\u00edvel e criativa nas salas de aula do Pa\u00eds. O Mentalidades Matem\u00e1ticas \u00e9 promovido pelo Instituto Sidarta, em parceria com o Instituto de Matem\u00e1tica Pura e Aplicada (Impa) e o Ita\u00fa [&hellip;]\" \/>\n<meta property=\"og:url\" content=\"https:\/\/jornalfatosenoticias.com.br\/index.php\/2022\/09\/21\/encontro-debate-ensino-atraente-e-criativo-da-matematica\/\" \/>\n<meta property=\"og:site_name\" content=\"Jornal Fatos e Not\u00edcias\" \/>\n<meta property=\"article:published_time\" content=\"2022-09-21T16:39:09+00:00\" \/>\n<meta property=\"article:modified_time\" content=\"2022-09-21T16:39:12+00:00\" \/>\n<meta property=\"og:image\" content=\"https:\/\/jornalfatosenoticias.com.br\/wp-content\/uploads\/2022\/09\/encontro-de-matematica.jpg\" \/>\n\t<meta property=\"og:image:width\" content=\"1170\" \/>\n\t<meta property=\"og:image:height\" content=\"700\" \/>\n\t<meta property=\"og:image:type\" content=\"image\/jpeg\" \/>\n<meta name=\"author\" content=\"Luzimara Fernandes\" \/>\n<meta name=\"twitter:card\" content=\"summary_large_image\" \/>\n<meta name=\"twitter:label1\" content=\"Escrito por\" \/>\n\t<meta name=\"twitter:data1\" content=\"Luzimara Fernandes\" \/>\n\t<meta name=\"twitter:label2\" content=\"Est. tempo de leitura\" \/>\n\t<meta name=\"twitter:data2\" content=\"2 minutos\" \/>\n<script type=\"application\/ld+json\" class=\"yoast-schema-graph\">{\"@context\":\"https:\/\/schema.org\",\"@graph\":[{\"@type\":\"Article\",\"@id\":\"https:\/\/jornalfatosenoticias.com.br\/index.php\/2022\/09\/21\/encontro-debate-ensino-atraente-e-criativo-da-matematica\/#article\",\"isPartOf\":{\"@id\":\"https:\/\/jornalfatosenoticias.com.br\/index.php\/2022\/09\/21\/encontro-debate-ensino-atraente-e-criativo-da-matematica\/\"},\"author\":{\"name\":\"Luzimara Fernandes\",\"@id\":\"https:\/\/jornalfatosenoticias.com.br\/#\/schema\/person\/d63837fa13ac8666eb9e74e0985d6f81\"},\"headline\":\"Encontro debate ensino atraente e criativo da matem\u00e1tica\",\"datePublished\":\"2022-09-21T16:39:09+00:00\",\"dateModified\":\"2022-09-21T16:39:12+00:00\",\"mainEntityOfPage\":{\"@id\":\"https:\/\/jornalfatosenoticias.com.br\/index.php\/2022\/09\/21\/encontro-debate-ensino-atraente-e-criativo-da-matematica\/\"},\"wordCount\":470,\"commentCount\":0,\"publisher\":{\"@id\":\"https:\/\/jornalfatosenoticias.com.br\/#organization\"},\"image\":{\"@id\":\"https:\/\/jornalfatosenoticias.com.br\/index.php\/2022\/09\/21\/encontro-debate-ensino-atraente-e-criativo-da-matematica\/#primaryimage\"},\"thumbnailUrl\":\"https:\/\/jornalfatosenoticias.com.br\/wp-content\/uploads\/2022\/09\/encontro-de-matematica.jpg\",\"keywords\":[\"educadores\",\"ensino\",\"ensino atraente e criativo da matem\u00e1tica\",\"matem\u00e1tica\",\"Mentalidades Matem\u00e1ticas\",\"professores\"],\"articleSection\":[\"Educa\u00e7\u00e3o\"],\"inLanguage\":\"pt-BR\",\"potentialAction\":[{\"@type\":\"CommentAction\",\"name\":\"Comment\",\"target\":[\"https:\/\/jornalfatosenoticias.com.br\/index.php\/2022\/09\/21\/encontro-debate-ensino-atraente-e-criativo-da-matematica\/#respond\"]}]},{\"@type\":\"WebPage\",\"@id\":\"https:\/\/jornalfatosenoticias.com.br\/index.php\/2022\/09\/21\/encontro-debate-ensino-atraente-e-criativo-da-matematica\/\",\"url\":\"https:\/\/jornalfatosenoticias.com.br\/index.php\/2022\/09\/21\/encontro-debate-ensino-atraente-e-criativo-da-matematica\/\",\"name\":\"Encontro debate ensino atraente e criativo da matem\u00e1tica - Jornal Fatos e Not\u00edcias\",\"isPartOf\":{\"@id\":\"https:\/\/jornalfatosenoticias.com.br\/#website\"},\"primaryImageOfPage\":{\"@id\":\"https:\/\/jornalfatosenoticias.com.br\/index.php\/2022\/09\/21\/encontro-debate-ensino-atraente-e-criativo-da-matematica\/#primaryimage\"},\"image\":{\"@id\":\"https:\/\/jornalfatosenoticias.com.br\/index.php\/2022\/09\/21\/encontro-debate-ensino-atraente-e-criativo-da-matematica\/#primaryimage\"},\"thumbnailUrl\":\"https:\/\/jornalfatosenoticias.com.br\/wp-content\/uploads\/2022\/09\/encontro-de-matematica.jpg\",\"datePublished\":\"2022-09-21T16:39:09+00:00\",\"dateModified\":\"2022-09-21T16:39:12+00:00\",\"breadcrumb\":{\"@id\":\"https:\/\/jornalfatosenoticias.com.br\/index.php\/2022\/09\/21\/encontro-debate-ensino-atraente-e-criativo-da-matematica\/#breadcrumb\"},\"inLanguage\":\"pt-BR\",\"potentialAction\":[{\"@type\":\"ReadAction\",\"target\":[\"https:\/\/jornalfatosenoticias.com.br\/index.php\/2022\/09\/21\/encontro-debate-ensino-atraente-e-criativo-da-matematica\/\"]}]},{\"@type\":\"ImageObject\",\"inLanguage\":\"pt-BR\",\"@id\":\"https:\/\/jornalfatosenoticias.com.br\/index.php\/2022\/09\/21\/encontro-debate-ensino-atraente-e-criativo-da-matematica\/#primaryimage\",\"url\":\"https:\/\/jornalfatosenoticias.com.br\/wp-content\/uploads\/2022\/09\/encontro-de-matematica.jpg\",\"contentUrl\":\"https:\/\/jornalfatosenoticias.com.br\/wp-content\/uploads\/2022\/09\/encontro-de-matematica.jpg\",\"width\":1170,\"height\":700,\"caption\":\"Bras\u00edlia - Professor Rafael Proc\u00f3pio, do canal Matem\u00e1tica Rio, d\u00e1 aula com dicas de matem\u00e1tica para os candidatos ao Exame Nacional do Ensino M\u00e9dio (Enem), a uma semana da primeira prova do exame (Jos\u00e9 Cruz\/Ag\u00eancia Brasil)\"},{\"@type\":\"BreadcrumbList\",\"@id\":\"https:\/\/jornalfatosenoticias.com.br\/index.php\/2022\/09\/21\/encontro-debate-ensino-atraente-e-criativo-da-matematica\/#breadcrumb\",\"itemListElement\":[{\"@type\":\"ListItem\",\"position\":1,\"name\":\"In\u00edcio\",\"item\":\"https:\/\/jornalfatosenoticias.com.br\/\"},{\"@type\":\"ListItem\",\"position\":2,\"name\":\"Encontro debate ensino atraente e criativo da matem\u00e1tica\"}]},{\"@type\":\"WebSite\",\"@id\":\"https:\/\/jornalfatosenoticias.com.br\/#website\",\"url\":\"https:\/\/jornalfatosenoticias.com.br\/\",\"name\":\"Jornal Fatos e Not\u00edcias\",\"description\":\"Not\u00edcias em geral\",\"publisher\":{\"@id\":\"https:\/\/jornalfatosenoticias.com.br\/#organization\"},\"potentialAction\":[{\"@type\":\"SearchAction\",\"target\":{\"@type\":\"EntryPoint\",\"urlTemplate\":\"https:\/\/jornalfatosenoticias.com.br\/?s={search_term_string}\"},\"query-input\":{\"@type\":\"PropertyValueSpecification\",\"valueRequired\":true,\"valueName\":\"search_term_string\"}}],\"inLanguage\":\"pt-BR\"},{\"@type\":\"Organization\",\"@id\":\"https:\/\/jornalfatosenoticias.com.br\/#organization\",\"name\":\"Jornal Fatos e Not\u00edcias\",\"url\":\"https:\/\/jornalfatosenoticias.com.br\/\",\"logo\":{\"@type\":\"ImageObject\",\"inLanguage\":\"pt-BR\",\"@id\":\"https:\/\/jornalfatosenoticias.com.br\/#\/schema\/logo\/image\/\",\"url\":\"https:\/\/jornalfatosenoticias.com.br\/wp-content\/uploads\/2020\/02\/logo120.png\",\"contentUrl\":\"https:\/\/jornalfatosenoticias.com.br\/wp-content\/uploads\/2020\/02\/logo120.png\",\"width\":1227,\"height\":120,\"caption\":\"Jornal Fatos e Not\u00edcias\"},\"image\":{\"@id\":\"https:\/\/jornalfatosenoticias.com.br\/#\/schema\/logo\/image\/\"}},{\"@type\":\"Person\",\"@id\":\"https:\/\/jornalfatosenoticias.com.br\/#\/schema\/person\/d63837fa13ac8666eb9e74e0985d6f81\",\"name\":\"Luzimara Fernandes\",\"image\":{\"@type\":\"ImageObject\",\"inLanguage\":\"pt-BR\",\"@id\":\"https:\/\/jornalfatosenoticias.com.br\/#\/schema\/person\/image\/\",\"url\":\"https:\/\/jornalfatosenoticias.com.br\/wp-content\/uploads\/2025\/05\/EU_portal.jpg\",\"contentUrl\":\"https:\/\/jornalfatosenoticias.com.br\/wp-content\/uploads\/2025\/05\/EU_portal.jpg\",\"caption\":\"Luzimara Fernandes\"},\"description\":\"Jornalista MTB 2358-ES\",\"sameAs\":[\"https:\/\/jornalfatosenoticias.com.br\"],\"url\":\"https:\/\/jornalfatosenoticias.com.br\/index.php\/author\/luzimara\/\"}]}<\/script>\n<!-- \/ Yoast SEO plugin. -->","yoast_head_json":{"title":"Encontro debate ensino atraente e criativo da matem\u00e1tica - Jornal Fatos e Not\u00edcias","robots":{"index":"index","follow":"follow","max-snippet":"max-snippet:-1","max-image-preview":"max-image-preview:large","max-video-preview":"max-video-preview:-1"},"canonical":"https:\/\/jornalfatosenoticias.com.br\/index.php\/2022\/09\/21\/encontro-debate-ensino-atraente-e-criativo-da-matematica\/","og_locale":"pt_BR","og_type":"article","og_title":"Encontro debate ensino atraente e criativo da matem\u00e1tica - Jornal Fatos e Not\u00edcias","og_description":"Evento on-line \u00e9 voltado a professores, educadores e interessados Um encontro com educadores, nesta semana, vai debater formas de ensinar matem\u00e1tica de maneira atraente, acess\u00edvel e criativa nas salas de aula do Pa\u00eds. O Mentalidades Matem\u00e1ticas \u00e9 promovido pelo Instituto Sidarta, em parceria com o Instituto de Matem\u00e1tica Pura e Aplicada (Impa) e o Ita\u00fa [&hellip;]","og_url":"https:\/\/jornalfatosenoticias.com.br\/index.php\/2022\/09\/21\/encontro-debate-ensino-atraente-e-criativo-da-matematica\/","og_site_name":"Jornal Fatos e Not\u00edcias","article_published_time":"2022-09-21T16:39:09+00:00","article_modified_time":"2022-09-21T16:39:12+00:00","og_image":[{"width":1170,"height":700,"url":"https:\/\/jornalfatosenoticias.com.br\/wp-content\/uploads\/2022\/09\/encontro-de-matematica.jpg","type":"image\/jpeg"}],"author":"Luzimara Fernandes","twitter_card":"summary_large_image","twitter_misc":{"Escrito por":"Luzimara Fernandes","Est. tempo de leitura":"2 minutos"},"schema":{"@context":"https:\/\/schema.org","@graph":[{"@type":"Article","@id":"https:\/\/jornalfatosenoticias.com.br\/index.php\/2022\/09\/21\/encontro-debate-ensino-atraente-e-criativo-da-matematica\/#article","isPartOf":{"@id":"https:\/\/jornalfatosenoticias.com.br\/index.php\/2022\/09\/21\/encontro-debate-ensino-atraente-e-criativo-da-matematica\/"},"author":{"name":"Luzimara Fernandes","@id":"https:\/\/jornalfatosenoticias.com.br\/#\/schema\/person\/d63837fa13ac8666eb9e74e0985d6f81"},"headline":"Encontro debate ensino atraente e criativo da matem\u00e1tica","datePublished":"2022-09-21T16:39:09+00:00","dateModified":"2022-09-21T16:39:12+00:00","mainEntityOfPage":{"@id":"https:\/\/jornalfatosenoticias.com.br\/index.php\/2022\/09\/21\/encontro-debate-ensino-atraente-e-criativo-da-matematica\/"},"wordCount":470,"commentCount":0,"publisher":{"@id":"https:\/\/jornalfatosenoticias.com.br\/#organization"},"image":{"@id":"https:\/\/jornalfatosenoticias.com.br\/index.php\/2022\/09\/21\/encontro-debate-ensino-atraente-e-criativo-da-matematica\/#primaryimage"},"thumbnailUrl":"https:\/\/jornalfatosenoticias.com.br\/wp-content\/uploads\/2022\/09\/encontro-de-matematica.jpg","keywords":["educadores","ensino","ensino atraente e criativo da matem\u00e1tica","matem\u00e1tica","Mentalidades Matem\u00e1ticas","professores"],"articleSection":["Educa\u00e7\u00e3o"],"inLanguage":"pt-BR","potentialAction":[{"@type":"CommentAction","name":"Comment","target":["https:\/\/jornalfatosenoticias.com.br\/index.php\/2022\/09\/21\/encontro-debate-ensino-atraente-e-criativo-da-matematica\/#respond"]}]},{"@type":"WebPage","@id":"https:\/\/jornalfatosenoticias.com.br\/index.php\/2022\/09\/21\/encontro-debate-ensino-atraente-e-criativo-da-matematica\/","url":"https:\/\/jornalfatosenoticias.com.br\/index.php\/2022\/09\/21\/encontro-debate-ensino-atraente-e-criativo-da-matematica\/","name":"Encontro debate ensino atraente e criativo da matem\u00e1tica - Jornal Fatos e Not\u00edcias","isPartOf":{"@id":"https:\/\/jornalfatosenoticias.com.br\/#website"},"primaryImageOfPage":{"@id":"https:\/\/jornalfatosenoticias.com.br\/index.php\/2022\/09\/21\/encontro-debate-ensino-atraente-e-criativo-da-matematica\/#primaryimage"},"image":{"@id":"https:\/\/jornalfatosenoticias.com.br\/index.php\/2022\/09\/21\/encontro-debate-ensino-atraente-e-criativo-da-matematica\/#primaryimage"},"thumbnailUrl":"https:\/\/jornalfatosenoticias.com.br\/wp-content\/uploads\/2022\/09\/encontro-de-matematica.jpg","datePublished":"2022-09-21T16:39:09+00:00","dateModified":"2022-09-21T16:39:12+00:00","breadcrumb":{"@id":"https:\/\/jornalfatosenoticias.com.br\/index.php\/2022\/09\/21\/encontro-debate-ensino-atraente-e-criativo-da-matematica\/#breadcrumb"},"inLanguage":"pt-BR","potentialAction":[{"@type":"ReadAction","target":["https:\/\/jornalfatosenoticias.com.br\/index.php\/2022\/09\/21\/encontro-debate-ensino-atraente-e-criativo-da-matematica\/"]}]},{"@type":"ImageObject","inLanguage":"pt-BR","@id":"https:\/\/jornalfatosenoticias.com.br\/index.php\/2022\/09\/21\/encontro-debate-ensino-atraente-e-criativo-da-matematica\/#primaryimage","url":"https:\/\/jornalfatosenoticias.com.br\/wp-content\/uploads\/2022\/09\/encontro-de-matematica.jpg","contentUrl":"https:\/\/jornalfatosenoticias.com.br\/wp-content\/uploads\/2022\/09\/encontro-de-matematica.jpg","width":1170,"height":700,"caption":"Bras\u00edlia - Professor Rafael Proc\u00f3pio, do canal Matem\u00e1tica Rio, d\u00e1 aula com dicas de matem\u00e1tica para os candidatos ao Exame Nacional do Ensino M\u00e9dio (Enem), a uma semana da primeira prova do exame (Jos\u00e9 Cruz\/Ag\u00eancia Brasil)"},{"@type":"BreadcrumbList","@id":"https:\/\/jornalfatosenoticias.com.br\/index.php\/2022\/09\/21\/encontro-debate-ensino-atraente-e-criativo-da-matematica\/#breadcrumb","itemListElement":[{"@type":"ListItem","position":1,"name":"In\u00edcio","item":"https:\/\/jornalfatosenoticias.com.br\/"},{"@type":"ListItem","position":2,"name":"Encontro debate ensino atraente e criativo da matem\u00e1tica"}]},{"@type":"WebSite","@id":"https:\/\/jornalfatosenoticias.com.br\/#website","url":"https:\/\/jornalfatosenoticias.com.br\/","name":"Jornal Fatos e Not\u00edcias","description":"Not\u00edcias em geral","publisher":{"@id":"https:\/\/jornalfatosenoticias.com.br\/#organization"},"potentialAction":[{"@type":"SearchAction","target":{"@type":"EntryPoint","urlTemplate":"https:\/\/jornalfatosenoticias.com.br\/?s={search_term_string}"},"query-input":{"@type":"PropertyValueSpecification","valueRequired":true,"valueName":"search_term_string"}}],"inLanguage":"pt-BR"},{"@type":"Organization","@id":"https:\/\/jornalfatosenoticias.com.br\/#organization","name":"Jornal Fatos e Not\u00edcias","url":"https:\/\/jornalfatosenoticias.com.br\/","logo":{"@type":"ImageObject","inLanguage":"pt-BR","@id":"https:\/\/jornalfatosenoticias.com.br\/#\/schema\/logo\/image\/","url":"https:\/\/jornalfatosenoticias.com.br\/wp-content\/uploads\/2020\/02\/logo120.png","contentUrl":"https:\/\/jornalfatosenoticias.com.br\/wp-content\/uploads\/2020\/02\/logo120.png","width":1227,"height":120,"caption":"Jornal Fatos e Not\u00edcias"},"image":{"@id":"https:\/\/jornalfatosenoticias.com.br\/#\/schema\/logo\/image\/"}},{"@type":"Person","@id":"https:\/\/jornalfatosenoticias.com.br\/#\/schema\/person\/d63837fa13ac8666eb9e74e0985d6f81","name":"Luzimara Fernandes","image":{"@type":"ImageObject","inLanguage":"pt-BR","@id":"https:\/\/jornalfatosenoticias.com.br\/#\/schema\/person\/image\/","url":"https:\/\/jornalfatosenoticias.com.br\/wp-content\/uploads\/2025\/05\/EU_portal.jpg","contentUrl":"https:\/\/jornalfatosenoticias.com.br\/wp-content\/uploads\/2025\/05\/EU_portal.jpg","caption":"Luzimara Fernandes"},"description":"Jornalista MTB 2358-ES","sameAs":["https:\/\/jornalfatosenoticias.com.br"],"url":"https:\/\/jornalfatosenoticias.com.br\/index.php\/author\/luzimara\/"}]}},"cc_featured_image_caption":{"caption_text":"(Foto: Jos\u00e9 Cruz\/Ag\u00eancia Brasil) ","source_text":"","source_url":""},"jetpack_featured_media_url":"https:\/\/jornalfatosenoticias.com.br\/wp-content\/uploads\/2022\/09\/encontro-de-matematica.jpg","_links":{"self":[{"href":"https:\/\/jornalfatosenoticias.com.br\/index.php\/wp-json\/wp\/v2\/posts\/34431","targetHints":{"allow":["GET"]}}],"collection":[{"href":"https:\/\/jornalfatosenoticias.com.br\/index.php\/wp-json\/wp\/v2\/posts"}],"about":[{"href":"https:\/\/jornalfatosenoticias.com.br\/index.php\/wp-json\/wp\/v2\/types\/post"}],"author":[{"embeddable":true,"href":"https:\/\/jornalfatosenoticias.com.br\/index.php\/wp-json\/wp\/v2\/users\/2"}],"replies":[{"embeddable":true,"href":"https:\/\/jornalfatosenoticias.com.br\/index.php\/wp-json\/wp\/v2\/comments?post=34431"}],"version-history":[{"count":0,"href":"https:\/\/jornalfatosenoticias.com.br\/index.php\/wp-json\/wp\/v2\/posts\/34431\/revisions"}],"wp:featuredmedia":[{"embeddable":true,"href":"https:\/\/jornalfatosenoticias.com.br\/index.php\/wp-json\/wp\/v2\/media\/34433"}],"wp:attachment":[{"href":"https:\/\/jornalfatosenoticias.com.br\/index.php\/wp-json\/wp\/v2\/media?parent=34431"}],"wp:term":[{"taxonomy":"category","embeddable":true,"href":"https:\/\/jornalfatosenoticias.com.br\/index.php\/wp-json\/wp\/v2\/categories?post=34431"},{"taxonomy":"post_tag","embeddable":true,"href":"https:\/\/jornalfatosenoticias.com.br\/index.php\/wp-json\/wp\/v2\/tags?post=34431"}],"curies":[{"name":"wp","href":"https:\/\/api.w.org\/{rel}","templated":true}]}}