{"id":34441,"date":"2022-09-22T19:32:26","date_gmt":"2022-09-22T22:32:26","guid":{"rendered":"https:\/\/jornalfatosenoticias.com.br\/?p=34441"},"modified":"2022-09-22T19:32:29","modified_gmt":"2022-09-22T22:32:29","slug":"como-cresce-uma-crianca-parte-xi","status":"publish","type":"post","link":"https:\/\/jornalfatosenoticias.com.br\/index.php\/2022\/09\/22\/como-cresce-uma-crianca-parte-xi\/","title":{"rendered":"Como cresce uma Crian\u00e7a? \u2014 Parte XI"},"content":{"rendered":"\n<p><em><span class=\"has-inline-color has-black-color\">A viol\u00eancia \u00e9 triplicada. A primeira, aquela entre um adulto abusando de uma Crian\u00e7a, a segunda, aquela que coloca a Institui\u00e7\u00e3o para proteger o abusador\/operador, a terceira, a da decep\u00e7\u00e3o, aquela que obriga a v\u00edtima, e quem toma conhecimento, a enxergar sua vulnerabilidade elevada \u00e0 pot\u00eancia m\u00e1xima, quem \u00e9 pago pela sociedade para exercer a fun\u00e7\u00e3o de guardi\u00e3o da lei, transgride<\/span><\/em><\/p>\n\n\n\n<div class=\"wp-block-image\"><figure class=\"aligncenter size-large\"><img loading=\"lazy\" decoding=\"async\" width=\"1024\" height=\"100\" src=\"https:\/\/jornalfatosenoticias.com.br\/wp-content\/uploads\/2022\/05\/NOVA-LOGO-CESCONETTO-1024x100.jpg\" alt=\"\" class=\"wp-image-30792\" srcset=\"https:\/\/jornalfatosenoticias.com.br\/wp-content\/uploads\/2022\/05\/NOVA-LOGO-CESCONETTO-1024x100.jpg 1024w, https:\/\/jornalfatosenoticias.com.br\/wp-content\/uploads\/2022\/05\/NOVA-LOGO-CESCONETTO-300x29.jpg 300w, https:\/\/jornalfatosenoticias.com.br\/wp-content\/uploads\/2022\/05\/NOVA-LOGO-CESCONETTO-768x75.jpg 768w, https:\/\/jornalfatosenoticias.com.br\/wp-content\/uploads\/2022\/05\/NOVA-LOGO-CESCONETTO.jpg 1280w\" sizes=\"auto, (max-width: 1024px) 100vw, 1024px\" \/><\/figure><\/div>\n\n\n\n<p>Quantas coisas precisariam ser ditas sobre os efeitos e sequelas do impacto de extremo estresse, composto pela viol\u00eancia f\u00edsica E\/OU viol\u00eancia sexual praticadas contra uma Crian\u00e7a? A repercuss\u00e3o dessas viol\u00eancias, na mente e no corpo da Crian\u00e7a, tem, por excel\u00eancia, a sensa\u00e7\u00e3o de impot\u00eancia absoluta, que permeia essa pr\u00e1tica. E, essa repercuss\u00e3o ter\u00e1 uma varia\u00e7\u00e3o de padr\u00e3o, segundo a idade, a etapa de desenvolvimento. Como j\u00e1 dissemos no \u00faltimo artigo, o extremo estresse vivido pela Crian\u00e7a marcar\u00e1 a sua exist\u00eancia em express\u00f5es compat\u00edveis com as aquisi\u00e7\u00f5es j\u00e1 conquistadas. Mesmo quando a Crian\u00e7a ainda n\u00e3o adquiriu algum c\u00f3digo moral, ela ter\u00e1 impressa a impot\u00eancia para impedir a viol\u00eancia, acompanhada do medo paralisante.<\/p>\n\n\n\n<div class=\"wp-block-image\"><figure class=\"aligncenter size-large is-resized\"><img loading=\"lazy\" decoding=\"async\" src=\"https:\/\/jornalfatosenoticias.com.br\/wp-content\/uploads\/2022\/07\/Logo-Grupo-SEI.jpg\" alt=\"\" class=\"wp-image-31973\" width=\"326\" height=\"171\" srcset=\"https:\/\/jornalfatosenoticias.com.br\/wp-content\/uploads\/2022\/07\/Logo-Grupo-SEI.jpg 713w, https:\/\/jornalfatosenoticias.com.br\/wp-content\/uploads\/2022\/07\/Logo-Grupo-SEI-300x158.jpg 300w\" sizes=\"auto, (max-width: 326px) 100vw, 326px\" \/><\/figure><\/div>\n\n\n\n<p>Nessa semana tivemos a divulga\u00e7\u00e3o de crimes, que estavam acontecendo h\u00e1 muito, espancamento e abuso sexual, emblem\u00e1ticos em seus conte\u00fados perversos e cru\u00e9is, que provocaram, mais uma vez, indigna\u00e7\u00e3o de todos. Ver por imagens de v\u00eddeo um menino de quatro anos, como o outro que a m\u00eddia revelou no ano passado, quando foi assassinado por espancamento, encolhido, acuado, torturado, causou revolta. Leis, temos para ambas as situa\u00e7\u00f5es. Mas, \u00e9 a cultura da transgress\u00e3o e o desejo de Poder Absoluto sobre um mais fr\u00e1gil, que, cada vez mais, rege nossa sociedade.<\/p>\n\n\n\n<div class=\"wp-block-image\"><figure class=\"aligncenter size-large\"><img decoding=\"async\" src=\"https:\/\/jornalfatosenoticias.com.br\/wp-content\/uploads\/2020\/02\/logo-embacia-1-1024x110.jpg\" alt=\"\" class=\"wp-image-33954\"\/><\/figure><\/div>\n\n\n\n<figure class=\"wp-block-image size-large\"><img loading=\"lazy\" decoding=\"async\" width=\"1000\" height=\"666\" src=\"https:\/\/jornalfatosenoticias.com.br\/wp-content\/uploads\/2022\/09\/crianca-molestada.jpg\" alt=\"\" class=\"wp-image-34442\" srcset=\"https:\/\/jornalfatosenoticias.com.br\/wp-content\/uploads\/2022\/09\/crianca-molestada.jpg 1000w, https:\/\/jornalfatosenoticias.com.br\/wp-content\/uploads\/2022\/09\/crianca-molestada-300x200.jpg 300w, https:\/\/jornalfatosenoticias.com.br\/wp-content\/uploads\/2022\/09\/crianca-molestada-768x511.jpg 768w\" sizes=\"auto, (max-width: 1000px) 100vw, 1000px\" \/><figcaption><em><span class=\"has-inline-color has-black-color\">A cultura da transgress\u00e3o e o desejo de Poder Absoluto sobre um mais fr\u00e1gil, que, cada vez mais, rege nossa sociedade (Foto: Getty Images\/iStockphoto)<\/span><\/em><\/figcaption><\/figure>\n\n\n\n<div class=\"wp-block-image\"><figure class=\"alignleft size-large\"><img loading=\"lazy\" decoding=\"async\" width=\"300\" height=\"237\" src=\"https:\/\/jornalfatosenoticias.com.br\/wp-content\/uploads\/2020\/02\/SEVENTUR-TURISMO.jpg\" alt=\"\" class=\"wp-image-32994\"\/><\/figure><\/div>\n\n\n\n<p>Cotoveladas fortes no rostinho, seguidas de sufocamento de nariz e boca. A fragilidade daquele corpinho se assemelhava ao corpinho do outro, o que morreu. \u00c9 obsceno. \u00c9 indigno. \u00c9 inumano. Animais n\u00e3o fazem isso com seus filhotes.<br>Aquele ator, premiado, competente no que fez na dramaturgia, detentor da admira\u00e7\u00e3o de uma multid\u00e3o de apreciadores das artes c\u00eanicas, acima de qualquer suspeita. Abuso de enteado de quatro anos e de garoto de 12 anos. Em seu celular e em seu computador, muitas imagens de pedopornografia. Muitos v\u00eddeos de estupro de beb\u00eas.<\/p>\n\n\n\n<div class=\"wp-block-image\"><figure class=\"aligncenter size-large\"><img loading=\"lazy\" decoding=\"async\" width=\"1024\" height=\"99\" src=\"https:\/\/jornalfatosenoticias.com.br\/wp-content\/uploads\/2020\/02\/Logo-Mizu-segunda-2-1024x99.png\" alt=\"\" class=\"wp-image-2353\" srcset=\"https:\/\/jornalfatosenoticias.com.br\/wp-content\/uploads\/2020\/02\/Logo-Mizu-segunda-2-1024x99.png 1024w, https:\/\/jornalfatosenoticias.com.br\/wp-content\/uploads\/2020\/02\/Logo-Mizu-segunda-2-300x29.png 300w, https:\/\/jornalfatosenoticias.com.br\/wp-content\/uploads\/2020\/02\/Logo-Mizu-segunda-2-768x74.png 768w, https:\/\/jornalfatosenoticias.com.br\/wp-content\/uploads\/2020\/02\/Logo-Mizu-segunda-2.png 1240w\" sizes=\"auto, (max-width: 1024px) 100vw, 1024px\" \/><\/figure><\/div>\n\n\n\n<p>Apenas 10% do total de abusos sexuais contra Crian\u00e7as s\u00e3o denunciados. 10%, s\u00f3. Entre 75% e 85%, aproximadamente, \u00e9 o montante dos abusos sexuais intrafamiliares. Apesar dessa subnotifica\u00e7\u00e3o, s\u00e3o cerca de 130 den\u00fancias por dia. Pais, av\u00f4s, tios, padrastos, irm\u00e3os, primos, s\u00e3o os promotores desse crime dentro das fam\u00edlias. M\u00e3es aparecem como coadjuvantes em alguns casos. Essa cumplicidade pode estar associada \u00e0 intimida\u00e7\u00e3o e \u00e0 viol\u00eancia dom\u00e9stica que sofre por parte do agressor, \u00e0 depend\u00eancia afetiva, \u00e0 depend\u00eancia financeira. Ser conivente com um crime de viol\u00eancia contra a crian\u00e7a \u00e9 tornar- se criminosa.<\/p>\n\n\n\n<div class=\"wp-block-image\"><figure class=\"aligncenter size-large is-resized\"><img loading=\"lazy\" decoding=\"async\" src=\"https:\/\/jornalfatosenoticias.com.br\/wp-content\/uploads\/2022\/08\/logo-locau-veiculos-1024x573.png\" alt=\"\" class=\"wp-image-33078\" width=\"328\" height=\"183\"\/><\/figure><\/div>\n\n\n\n<p>Os maus-tratos f\u00edsicos e espancamentos tamb\u00e9m ocorrem, predominantemente, dentro da fam\u00edlia, praticados pelos mesmos familiares acima citados. As m\u00e3es entram aqui quando usam os castigos f\u00edsicos como disciplina, o que \u00e9 inadequado e est\u00e1 proibido por lei.<\/p>\n\n\n\n<div class=\"wp-block-image\"><figure class=\"alignright size-large\"><img decoding=\"async\" src=\"https:\/\/jornalfatosenoticias.com.br\/wp-content\/uploads\/2020\/02\/logo-Ana_portal.jpg\" alt=\"\" class=\"wp-image-34101\"\/><\/figure><\/div>\n\n\n\n<p>Tomamos essas duas ocorr\u00eancias que se tornaram midi\u00e1ticas, para exemplificar o que ocorre aos milh\u00f5es, com milh\u00f5es de Beb\u00eas e Crian\u00e7as, todos os dias. Os 90% restantes permanecem nas sombras, nos segredos de fam\u00edlia, no sil\u00eancio pactuado, protegido pela Crian\u00e7a, e protegido pelas Institui\u00e7\u00f5es que t\u00eam, por fun\u00e7\u00e3o, a garantia dos Direitos Fundamentais. Com uma boa distor\u00e7\u00e3o, opera-se a invers\u00e3o do objetivo. E, ainda, \u201clegalizada\u201d.<\/p>\n\n\n\n<div class=\"wp-block-image\"><figure class=\"aligncenter size-large is-resized\"><img loading=\"lazy\" decoding=\"async\" src=\"https:\/\/jornalfatosenoticias.com.br\/wp-content\/uploads\/2020\/02\/Serra-Grande-1024x160.png\" alt=\"\" class=\"wp-image-7836\" width=\"511\" height=\"79\"\/><\/figure><\/div>\n\n\n\n<p>N\u00e3o raro, aparece um vazamento de uma ocorr\u00eancia macabra. H\u00e1 poucos dias, um operador de justi\u00e7a, bem graduado no Sistema, foi flagrado em estupro de vulner\u00e1vel. Come\u00e7ou com uma menina, e logo eram seis meninas. A viol\u00eancia \u00e9 triplicada. A primeira, aquela entre um adulto abusando de uma Crian\u00e7a, a segunda, aquela que coloca a Institui\u00e7\u00e3o para proteger o abusador\/operador, a terceira, a da decep\u00e7\u00e3o, aquela que obriga a v\u00edtima, e quem toma conhecimento, a enxergar sua vulnerabilidade elevada \u00e0 pot\u00eancia m\u00e1xima, quem \u00e9 pago pela sociedade para exercer a fun\u00e7\u00e3o de guardi\u00e3o da lei, transgride.<\/p>\n\n\n\n<div class=\"wp-block-image\"><figure class=\"aligncenter size-large\"><img decoding=\"async\" src=\"https:\/\/jornalfatosenoticias.com.br\/wp-content\/uploads\/2020\/02\/nova-logo-zucchi-1024x110.jpeg\" alt=\"\" class=\"wp-image-33846\"\/><\/figure><\/div>\n\n\n\n<figure class=\"wp-block-image size-large\"><img loading=\"lazy\" decoding=\"async\" width=\"1000\" height=\"621\" src=\"https:\/\/jornalfatosenoticias.com.br\/wp-content\/uploads\/2022\/09\/crianca-ansiosa.jpg\" alt=\"\" class=\"wp-image-34443\" srcset=\"https:\/\/jornalfatosenoticias.com.br\/wp-content\/uploads\/2022\/09\/crianca-ansiosa.jpg 1000w, https:\/\/jornalfatosenoticias.com.br\/wp-content\/uploads\/2022\/09\/crianca-ansiosa-300x186.jpg 300w, https:\/\/jornalfatosenoticias.com.br\/wp-content\/uploads\/2022\/09\/crianca-ansiosa-768x477.jpg 768w\" sizes=\"auto, (max-width: 1000px) 100vw, 1000px\" \/><figcaption><em><span class=\"has-inline-color has-black-color\">Apenas 10% do total de abusos sexuais contra Crian\u00e7as s\u00e3o denunciados (Foto: Mateus Bruxel\/Ag\u00eancia RBS\/BD)<\/span><\/em><\/figcaption><\/figure>\n\n\n\n<div class=\"wp-block-image\"><figure class=\"alignleft size-large\"><img loading=\"lazy\" decoding=\"async\" width=\"300\" height=\"250\" src=\"https:\/\/jornalfatosenoticias.com.br\/wp-content\/uploads\/2022\/08\/arte-Casarao.jpg\" alt=\"\" class=\"wp-image-33178\"\/><\/figure><\/div>\n\n\n\n<p>Assim tamb\u00e9m o \u00e9 em rela\u00e7\u00e3o \u00e0 viol\u00eancia f\u00edsica. Beb\u00eas e Crian\u00e7as s\u00e3o mortos todos os dias porque estavam chorando, ou fizeram uma bobagem, ou acordaram de noite e incomodaram.<br>Se os hematomas ou fissuras somem em alguns dias, as marcas para dentro da pele ficam invis\u00edveis no corpo para sempre. E s\u00e3o registradas como alerta de morte porque \u00e9 como uma amea\u00e7a letal que o Beb\u00ea e a Crian\u00e7a sentem e memorizam. A confian\u00e7a no outro \u00e9 trocada pelo medo, difuso ou bem localizado, dependendo da faixa et\u00e1ria. A dor f\u00edsica ou afetiva, como placas tect\u00f4nicas em abalos s\u00edsmicos, n\u00e3o conseguem mais se encaixar.<\/p>\n\n\n\n<div class=\"wp-block-image\"><figure class=\"aligncenter size-large is-resized\"><img loading=\"lazy\" decoding=\"async\" src=\"https:\/\/jornalfatosenoticias.com.br\/wp-content\/uploads\/2022\/09\/barao-das-carnes-1024x560.jpg\" alt=\"\" class=\"wp-image-34303\" width=\"364\" height=\"199\"\/><\/figure><\/div>\n\n\n\n<p>N\u00e3o \u00e9 de ordem disciplinar na viol\u00eancia f\u00edsica, muito menos de ordem sexual nos abusos. Numa grande cadeia social permissiva, que se apraz com o sofrimento dos mais fr\u00e1geis e invis\u00edveis, \u00e9 o Prazer Supremo do Poder Absoluto sobre um vulner\u00e1vel, com o acr\u00e9scimo da sensa\u00e7\u00e3o de superioridade por enganar a todos. Parece que nos acostumamos a isso que impera. Sim, nos horrorizamos, mas logo esquecemos, at\u00e9 que chegaremos a naturalizar essas atrocidades. A pornografia infantil, ind\u00fastria internacional muito rent\u00e1vel que tem tent\u00e1culos dom\u00e9sticos, intrafamiliares, trabalha para isso.<br>E a Crian\u00e7a, como cresce?<\/p>\n\n\n\n<div class=\"wp-block-image\"><figure class=\"aligncenter size-large is-resized\"><img loading=\"lazy\" decoding=\"async\" src=\"https:\/\/jornalfatosenoticias.com.br\/wp-content\/uploads\/2020\/02\/nova-logo-Marquetti.jpg\" alt=\"\" class=\"wp-image-22331\" width=\"299\" height=\"201\" srcset=\"https:\/\/jornalfatosenoticias.com.br\/wp-content\/uploads\/2020\/02\/nova-logo-Marquetti.jpg 643w, https:\/\/jornalfatosenoticias.com.br\/wp-content\/uploads\/2020\/02\/nova-logo-Marquetti-300x202.jpg 300w\" sizes=\"auto, (max-width: 299px) 100vw, 299px\" \/><\/figure><\/div>\n","protected":false},"excerpt":{"rendered":"<p>A viol\u00eancia \u00e9 triplicada. A primeira, aquela entre um adulto abusando de uma Crian\u00e7a, a segunda, aquela que coloca a Institui\u00e7\u00e3o para proteger o abusador\/operador, a terceira, a da decep\u00e7\u00e3o, aquela que obriga a v\u00edtima, e quem toma conhecimento, a enxergar sua vulnerabilidade elevada \u00e0 pot\u00eancia m\u00e1xima, quem \u00e9 pago pela sociedade para exercer a [&hellip;]<\/p>\n","protected":false},"author":8,"featured_media":34444,"comment_status":"open","ping_status":"open","sticky":false,"template":"","format":"standard","meta":{"footnotes":""},"categories":[2522],"tags":[464,16171,2479,1368],"class_list":["post-34441","post","type-post","status-publish","format-standard","has-post-thumbnail","hentry","category-comportamento","tag-lei","tag-proteger","tag-violencia","tag-vulnerabilidade"],"yoast_head":"<!-- This site is optimized with the Yoast SEO plugin v26.5 - https:\/\/yoast.com\/wordpress\/plugins\/seo\/ -->\n<title>Como cresce uma Crian\u00e7a? \u2014 Parte XI - Jornal Fatos e Not\u00edcias<\/title>\n<meta name=\"robots\" content=\"index, follow, max-snippet:-1, max-image-preview:large, max-video-preview:-1\" \/>\n<link rel=\"canonical\" href=\"https:\/\/jornalfatosenoticias.com.br\/index.php\/2022\/09\/22\/como-cresce-uma-crianca-parte-xi\/\" \/>\n<meta property=\"og:locale\" content=\"pt_BR\" \/>\n<meta property=\"og:type\" content=\"article\" \/>\n<meta property=\"og:title\" content=\"Como cresce uma Crian\u00e7a? \u2014 Parte XI - Jornal Fatos e Not\u00edcias\" \/>\n<meta property=\"og:description\" content=\"A viol\u00eancia \u00e9 triplicada. A primeira, aquela entre um adulto abusando de uma Crian\u00e7a, a segunda, aquela que coloca a Institui\u00e7\u00e3o para proteger o abusador\/operador, a terceira, a da decep\u00e7\u00e3o, aquela que obriga a v\u00edtima, e quem toma conhecimento, a enxergar sua vulnerabilidade elevada \u00e0 pot\u00eancia m\u00e1xima, quem \u00e9 pago pela sociedade para exercer a [&hellip;]\" \/>\n<meta property=\"og:url\" content=\"https:\/\/jornalfatosenoticias.com.br\/index.php\/2022\/09\/22\/como-cresce-uma-crianca-parte-xi\/\" \/>\n<meta property=\"og:site_name\" content=\"Jornal Fatos e Not\u00edcias\" \/>\n<meta property=\"article:published_time\" content=\"2022-09-22T22:32:26+00:00\" \/>\n<meta property=\"article:modified_time\" content=\"2022-09-22T22:32:29+00:00\" \/>\n<meta property=\"og:image\" content=\"https:\/\/jornalfatosenoticias.com.br\/wp-content\/uploads\/2022\/09\/crianca-abusada.jpg\" \/>\n\t<meta property=\"og:image:width\" content=\"1000\" \/>\n\t<meta property=\"og:image:height\" content=\"625\" \/>\n\t<meta property=\"og:image:type\" content=\"image\/jpeg\" \/>\n<meta name=\"author\" content=\"Ana Maria Iencarelli\" \/>\n<meta name=\"twitter:card\" content=\"summary_large_image\" \/>\n<meta name=\"twitter:label1\" content=\"Escrito por\" \/>\n\t<meta name=\"twitter:data1\" content=\"Ana Maria Iencarelli\" \/>\n\t<meta name=\"twitter:label2\" content=\"Est. tempo de leitura\" \/>\n\t<meta name=\"twitter:data2\" content=\"5 minutos\" \/>\n<script type=\"application\/ld+json\" class=\"yoast-schema-graph\">{\"@context\":\"https:\/\/schema.org\",\"@graph\":[{\"@type\":\"Article\",\"@id\":\"https:\/\/jornalfatosenoticias.com.br\/index.php\/2022\/09\/22\/como-cresce-uma-crianca-parte-xi\/#article\",\"isPartOf\":{\"@id\":\"https:\/\/jornalfatosenoticias.com.br\/index.php\/2022\/09\/22\/como-cresce-uma-crianca-parte-xi\/\"},\"author\":{\"name\":\"Ana Maria Iencarelli\",\"@id\":\"https:\/\/jornalfatosenoticias.com.br\/#\/schema\/person\/c33fcf5fb02d729d3fec92c6737a22d1\"},\"headline\":\"Como cresce uma Crian\u00e7a? \u2014 Parte XI\",\"datePublished\":\"2022-09-22T22:32:26+00:00\",\"dateModified\":\"2022-09-22T22:32:29+00:00\",\"mainEntityOfPage\":{\"@id\":\"https:\/\/jornalfatosenoticias.com.br\/index.php\/2022\/09\/22\/como-cresce-uma-crianca-parte-xi\/\"},\"wordCount\":996,\"commentCount\":0,\"publisher\":{\"@id\":\"https:\/\/jornalfatosenoticias.com.br\/#organization\"},\"image\":{\"@id\":\"https:\/\/jornalfatosenoticias.com.br\/index.php\/2022\/09\/22\/como-cresce-uma-crianca-parte-xi\/#primaryimage\"},\"thumbnailUrl\":\"https:\/\/jornalfatosenoticias.com.br\/wp-content\/uploads\/2022\/09\/crianca-abusada.jpg\",\"keywords\":[\"lei\",\"proteger\",\"viol\u00eancia\",\"vulnerabilidade\"],\"articleSection\":[\"Comportamento &amp; Equil\u00edbrio\"],\"inLanguage\":\"pt-BR\",\"potentialAction\":[{\"@type\":\"CommentAction\",\"name\":\"Comment\",\"target\":[\"https:\/\/jornalfatosenoticias.com.br\/index.php\/2022\/09\/22\/como-cresce-uma-crianca-parte-xi\/#respond\"]}]},{\"@type\":\"WebPage\",\"@id\":\"https:\/\/jornalfatosenoticias.com.br\/index.php\/2022\/09\/22\/como-cresce-uma-crianca-parte-xi\/\",\"url\":\"https:\/\/jornalfatosenoticias.com.br\/index.php\/2022\/09\/22\/como-cresce-uma-crianca-parte-xi\/\",\"name\":\"Como cresce uma Crian\u00e7a? \u2014 Parte XI - Jornal Fatos e Not\u00edcias\",\"isPartOf\":{\"@id\":\"https:\/\/jornalfatosenoticias.com.br\/#website\"},\"primaryImageOfPage\":{\"@id\":\"https:\/\/jornalfatosenoticias.com.br\/index.php\/2022\/09\/22\/como-cresce-uma-crianca-parte-xi\/#primaryimage\"},\"image\":{\"@id\":\"https:\/\/jornalfatosenoticias.com.br\/index.php\/2022\/09\/22\/como-cresce-uma-crianca-parte-xi\/#primaryimage\"},\"thumbnailUrl\":\"https:\/\/jornalfatosenoticias.com.br\/wp-content\/uploads\/2022\/09\/crianca-abusada.jpg\",\"datePublished\":\"2022-09-22T22:32:26+00:00\",\"dateModified\":\"2022-09-22T22:32:29+00:00\",\"breadcrumb\":{\"@id\":\"https:\/\/jornalfatosenoticias.com.br\/index.php\/2022\/09\/22\/como-cresce-uma-crianca-parte-xi\/#breadcrumb\"},\"inLanguage\":\"pt-BR\",\"potentialAction\":[{\"@type\":\"ReadAction\",\"target\":[\"https:\/\/jornalfatosenoticias.com.br\/index.php\/2022\/09\/22\/como-cresce-uma-crianca-parte-xi\/\"]}]},{\"@type\":\"ImageObject\",\"inLanguage\":\"pt-BR\",\"@id\":\"https:\/\/jornalfatosenoticias.com.br\/index.php\/2022\/09\/22\/como-cresce-uma-crianca-parte-xi\/#primaryimage\",\"url\":\"https:\/\/jornalfatosenoticias.com.br\/wp-content\/uploads\/2022\/09\/crianca-abusada.jpg\",\"contentUrl\":\"https:\/\/jornalfatosenoticias.com.br\/wp-content\/uploads\/2022\/09\/crianca-abusada.jpg\",\"width\":1000,\"height\":625},{\"@type\":\"BreadcrumbList\",\"@id\":\"https:\/\/jornalfatosenoticias.com.br\/index.php\/2022\/09\/22\/como-cresce-uma-crianca-parte-xi\/#breadcrumb\",\"itemListElement\":[{\"@type\":\"ListItem\",\"position\":1,\"name\":\"In\u00edcio\",\"item\":\"https:\/\/jornalfatosenoticias.com.br\/\"},{\"@type\":\"ListItem\",\"position\":2,\"name\":\"Como cresce uma Crian\u00e7a? \u2014 Parte XI\"}]},{\"@type\":\"WebSite\",\"@id\":\"https:\/\/jornalfatosenoticias.com.br\/#website\",\"url\":\"https:\/\/jornalfatosenoticias.com.br\/\",\"name\":\"Jornal Fatos e Not\u00edcias\",\"description\":\"Not\u00edcias em geral\",\"publisher\":{\"@id\":\"https:\/\/jornalfatosenoticias.com.br\/#organization\"},\"potentialAction\":[{\"@type\":\"SearchAction\",\"target\":{\"@type\":\"EntryPoint\",\"urlTemplate\":\"https:\/\/jornalfatosenoticias.com.br\/?s={search_term_string}\"},\"query-input\":{\"@type\":\"PropertyValueSpecification\",\"valueRequired\":true,\"valueName\":\"search_term_string\"}}],\"inLanguage\":\"pt-BR\"},{\"@type\":\"Organization\",\"@id\":\"https:\/\/jornalfatosenoticias.com.br\/#organization\",\"name\":\"Jornal Fatos e Not\u00edcias\",\"url\":\"https:\/\/jornalfatosenoticias.com.br\/\",\"logo\":{\"@type\":\"ImageObject\",\"inLanguage\":\"pt-BR\",\"@id\":\"https:\/\/jornalfatosenoticias.com.br\/#\/schema\/logo\/image\/\",\"url\":\"https:\/\/jornalfatosenoticias.com.br\/wp-content\/uploads\/2020\/02\/logo120.png\",\"contentUrl\":\"https:\/\/jornalfatosenoticias.com.br\/wp-content\/uploads\/2020\/02\/logo120.png\",\"width\":1227,\"height\":120,\"caption\":\"Jornal Fatos e Not\u00edcias\"},\"image\":{\"@id\":\"https:\/\/jornalfatosenoticias.com.br\/#\/schema\/logo\/image\/\"}},{\"@type\":\"Person\",\"@id\":\"https:\/\/jornalfatosenoticias.com.br\/#\/schema\/person\/c33fcf5fb02d729d3fec92c6737a22d1\",\"name\":\"Ana Maria Iencarelli\",\"image\":{\"@type\":\"ImageObject\",\"inLanguage\":\"pt-BR\",\"@id\":\"https:\/\/jornalfatosenoticias.com.br\/#\/schema\/person\/image\/\",\"url\":\"https:\/\/jornalfatosenoticias.com.br\/wp-content\/uploads\/2020\/02\/Ana-Maria-Iencarelli-1-150x150.jpg\",\"contentUrl\":\"https:\/\/jornalfatosenoticias.com.br\/wp-content\/uploads\/2020\/02\/Ana-Maria-Iencarelli-1-150x150.jpg\",\"caption\":\"Ana Maria Iencarelli\"},\"description\":\"Psicanalista Cl\u00ednica, especializada no atendimento a Crian\u00e7as e Adolescentes. Presidente da ONG Vozes de Anjos.\",\"url\":\"https:\/\/jornalfatosenoticias.com.br\/index.php\/author\/anamaria\/\"}]}<\/script>\n<!-- \/ Yoast SEO plugin. -->","yoast_head_json":{"title":"Como cresce uma Crian\u00e7a? \u2014 Parte XI - Jornal Fatos e Not\u00edcias","robots":{"index":"index","follow":"follow","max-snippet":"max-snippet:-1","max-image-preview":"max-image-preview:large","max-video-preview":"max-video-preview:-1"},"canonical":"https:\/\/jornalfatosenoticias.com.br\/index.php\/2022\/09\/22\/como-cresce-uma-crianca-parte-xi\/","og_locale":"pt_BR","og_type":"article","og_title":"Como cresce uma Crian\u00e7a? \u2014 Parte XI - Jornal Fatos e Not\u00edcias","og_description":"A viol\u00eancia \u00e9 triplicada. A primeira, aquela entre um adulto abusando de uma Crian\u00e7a, a segunda, aquela que coloca a Institui\u00e7\u00e3o para proteger o abusador\/operador, a terceira, a da decep\u00e7\u00e3o, aquela que obriga a v\u00edtima, e quem toma conhecimento, a enxergar sua vulnerabilidade elevada \u00e0 pot\u00eancia m\u00e1xima, quem \u00e9 pago pela sociedade para exercer a [&hellip;]","og_url":"https:\/\/jornalfatosenoticias.com.br\/index.php\/2022\/09\/22\/como-cresce-uma-crianca-parte-xi\/","og_site_name":"Jornal Fatos e Not\u00edcias","article_published_time":"2022-09-22T22:32:26+00:00","article_modified_time":"2022-09-22T22:32:29+00:00","og_image":[{"width":1000,"height":625,"url":"https:\/\/jornalfatosenoticias.com.br\/wp-content\/uploads\/2022\/09\/crianca-abusada.jpg","type":"image\/jpeg"}],"author":"Ana Maria Iencarelli","twitter_card":"summary_large_image","twitter_misc":{"Escrito por":"Ana Maria Iencarelli","Est. tempo de leitura":"5 minutos"},"schema":{"@context":"https:\/\/schema.org","@graph":[{"@type":"Article","@id":"https:\/\/jornalfatosenoticias.com.br\/index.php\/2022\/09\/22\/como-cresce-uma-crianca-parte-xi\/#article","isPartOf":{"@id":"https:\/\/jornalfatosenoticias.com.br\/index.php\/2022\/09\/22\/como-cresce-uma-crianca-parte-xi\/"},"author":{"name":"Ana Maria Iencarelli","@id":"https:\/\/jornalfatosenoticias.com.br\/#\/schema\/person\/c33fcf5fb02d729d3fec92c6737a22d1"},"headline":"Como cresce uma Crian\u00e7a? \u2014 Parte XI","datePublished":"2022-09-22T22:32:26+00:00","dateModified":"2022-09-22T22:32:29+00:00","mainEntityOfPage":{"@id":"https:\/\/jornalfatosenoticias.com.br\/index.php\/2022\/09\/22\/como-cresce-uma-crianca-parte-xi\/"},"wordCount":996,"commentCount":0,"publisher":{"@id":"https:\/\/jornalfatosenoticias.com.br\/#organization"},"image":{"@id":"https:\/\/jornalfatosenoticias.com.br\/index.php\/2022\/09\/22\/como-cresce-uma-crianca-parte-xi\/#primaryimage"},"thumbnailUrl":"https:\/\/jornalfatosenoticias.com.br\/wp-content\/uploads\/2022\/09\/crianca-abusada.jpg","keywords":["lei","proteger","viol\u00eancia","vulnerabilidade"],"articleSection":["Comportamento &amp; Equil\u00edbrio"],"inLanguage":"pt-BR","potentialAction":[{"@type":"CommentAction","name":"Comment","target":["https:\/\/jornalfatosenoticias.com.br\/index.php\/2022\/09\/22\/como-cresce-uma-crianca-parte-xi\/#respond"]}]},{"@type":"WebPage","@id":"https:\/\/jornalfatosenoticias.com.br\/index.php\/2022\/09\/22\/como-cresce-uma-crianca-parte-xi\/","url":"https:\/\/jornalfatosenoticias.com.br\/index.php\/2022\/09\/22\/como-cresce-uma-crianca-parte-xi\/","name":"Como cresce uma Crian\u00e7a? \u2014 Parte XI - Jornal Fatos e Not\u00edcias","isPartOf":{"@id":"https:\/\/jornalfatosenoticias.com.br\/#website"},"primaryImageOfPage":{"@id":"https:\/\/jornalfatosenoticias.com.br\/index.php\/2022\/09\/22\/como-cresce-uma-crianca-parte-xi\/#primaryimage"},"image":{"@id":"https:\/\/jornalfatosenoticias.com.br\/index.php\/2022\/09\/22\/como-cresce-uma-crianca-parte-xi\/#primaryimage"},"thumbnailUrl":"https:\/\/jornalfatosenoticias.com.br\/wp-content\/uploads\/2022\/09\/crianca-abusada.jpg","datePublished":"2022-09-22T22:32:26+00:00","dateModified":"2022-09-22T22:32:29+00:00","breadcrumb":{"@id":"https:\/\/jornalfatosenoticias.com.br\/index.php\/2022\/09\/22\/como-cresce-uma-crianca-parte-xi\/#breadcrumb"},"inLanguage":"pt-BR","potentialAction":[{"@type":"ReadAction","target":["https:\/\/jornalfatosenoticias.com.br\/index.php\/2022\/09\/22\/como-cresce-uma-crianca-parte-xi\/"]}]},{"@type":"ImageObject","inLanguage":"pt-BR","@id":"https:\/\/jornalfatosenoticias.com.br\/index.php\/2022\/09\/22\/como-cresce-uma-crianca-parte-xi\/#primaryimage","url":"https:\/\/jornalfatosenoticias.com.br\/wp-content\/uploads\/2022\/09\/crianca-abusada.jpg","contentUrl":"https:\/\/jornalfatosenoticias.com.br\/wp-content\/uploads\/2022\/09\/crianca-abusada.jpg","width":1000,"height":625},{"@type":"BreadcrumbList","@id":"https:\/\/jornalfatosenoticias.com.br\/index.php\/2022\/09\/22\/como-cresce-uma-crianca-parte-xi\/#breadcrumb","itemListElement":[{"@type":"ListItem","position":1,"name":"In\u00edcio","item":"https:\/\/jornalfatosenoticias.com.br\/"},{"@type":"ListItem","position":2,"name":"Como cresce uma Crian\u00e7a? \u2014 Parte XI"}]},{"@type":"WebSite","@id":"https:\/\/jornalfatosenoticias.com.br\/#website","url":"https:\/\/jornalfatosenoticias.com.br\/","name":"Jornal Fatos e Not\u00edcias","description":"Not\u00edcias em geral","publisher":{"@id":"https:\/\/jornalfatosenoticias.com.br\/#organization"},"potentialAction":[{"@type":"SearchAction","target":{"@type":"EntryPoint","urlTemplate":"https:\/\/jornalfatosenoticias.com.br\/?s={search_term_string}"},"query-input":{"@type":"PropertyValueSpecification","valueRequired":true,"valueName":"search_term_string"}}],"inLanguage":"pt-BR"},{"@type":"Organization","@id":"https:\/\/jornalfatosenoticias.com.br\/#organization","name":"Jornal Fatos e Not\u00edcias","url":"https:\/\/jornalfatosenoticias.com.br\/","logo":{"@type":"ImageObject","inLanguage":"pt-BR","@id":"https:\/\/jornalfatosenoticias.com.br\/#\/schema\/logo\/image\/","url":"https:\/\/jornalfatosenoticias.com.br\/wp-content\/uploads\/2020\/02\/logo120.png","contentUrl":"https:\/\/jornalfatosenoticias.com.br\/wp-content\/uploads\/2020\/02\/logo120.png","width":1227,"height":120,"caption":"Jornal Fatos e Not\u00edcias"},"image":{"@id":"https:\/\/jornalfatosenoticias.com.br\/#\/schema\/logo\/image\/"}},{"@type":"Person","@id":"https:\/\/jornalfatosenoticias.com.br\/#\/schema\/person\/c33fcf5fb02d729d3fec92c6737a22d1","name":"Ana Maria Iencarelli","image":{"@type":"ImageObject","inLanguage":"pt-BR","@id":"https:\/\/jornalfatosenoticias.com.br\/#\/schema\/person\/image\/","url":"https:\/\/jornalfatosenoticias.com.br\/wp-content\/uploads\/2020\/02\/Ana-Maria-Iencarelli-1-150x150.jpg","contentUrl":"https:\/\/jornalfatosenoticias.com.br\/wp-content\/uploads\/2020\/02\/Ana-Maria-Iencarelli-1-150x150.jpg","caption":"Ana Maria Iencarelli"},"description":"Psicanalista Cl\u00ednica, especializada no atendimento a Crian\u00e7as e Adolescentes. Presidente da ONG Vozes de Anjos.","url":"https:\/\/jornalfatosenoticias.com.br\/index.php\/author\/anamaria\/"}]}},"cc_featured_image_caption":{"caption_text":" (Foto: Freepik) ","source_text":"","source_url":""},"jetpack_featured_media_url":"https:\/\/jornalfatosenoticias.com.br\/wp-content\/uploads\/2022\/09\/crianca-abusada.jpg","_links":{"self":[{"href":"https:\/\/jornalfatosenoticias.com.br\/index.php\/wp-json\/wp\/v2\/posts\/34441","targetHints":{"allow":["GET"]}}],"collection":[{"href":"https:\/\/jornalfatosenoticias.com.br\/index.php\/wp-json\/wp\/v2\/posts"}],"about":[{"href":"https:\/\/jornalfatosenoticias.com.br\/index.php\/wp-json\/wp\/v2\/types\/post"}],"author":[{"embeddable":true,"href":"https:\/\/jornalfatosenoticias.com.br\/index.php\/wp-json\/wp\/v2\/users\/8"}],"replies":[{"embeddable":true,"href":"https:\/\/jornalfatosenoticias.com.br\/index.php\/wp-json\/wp\/v2\/comments?post=34441"}],"version-history":[{"count":0,"href":"https:\/\/jornalfatosenoticias.com.br\/index.php\/wp-json\/wp\/v2\/posts\/34441\/revisions"}],"wp:featuredmedia":[{"embeddable":true,"href":"https:\/\/jornalfatosenoticias.com.br\/index.php\/wp-json\/wp\/v2\/media\/34444"}],"wp:attachment":[{"href":"https:\/\/jornalfatosenoticias.com.br\/index.php\/wp-json\/wp\/v2\/media?parent=34441"}],"wp:term":[{"taxonomy":"category","embeddable":true,"href":"https:\/\/jornalfatosenoticias.com.br\/index.php\/wp-json\/wp\/v2\/categories?post=34441"},{"taxonomy":"post_tag","embeddable":true,"href":"https:\/\/jornalfatosenoticias.com.br\/index.php\/wp-json\/wp\/v2\/tags?post=34441"}],"curies":[{"name":"wp","href":"https:\/\/api.w.org\/{rel}","templated":true}]}}