{"id":34459,"date":"2022-09-22T20:09:59","date_gmt":"2022-09-22T23:09:59","guid":{"rendered":"https:\/\/jornalfatosenoticias.com.br\/?p=34459"},"modified":"2022-09-22T20:10:00","modified_gmt":"2022-09-22T23:10:00","slug":"carreta-do-cinema-proporciona-diversao-cultura-e-educacao-em-vitoria","status":"publish","type":"post","link":"https:\/\/jornalfatosenoticias.com.br\/index.php\/2022\/09\/22\/carreta-do-cinema-proporciona-diversao-cultura-e-educacao-em-vitoria\/","title":{"rendered":"Carreta do Cinema proporciona divers\u00e3o, cultura e educa\u00e7\u00e3o em Vit\u00f3ria"},"content":{"rendered":"\n<div class=\"wp-block-image\"><figure class=\"aligncenter size-large\"><img loading=\"lazy\" decoding=\"async\" width=\"729\" height=\"90\" src=\"https:\/\/jornalfatosenoticias.com.br\/wp-content\/uploads\/2020\/02\/Logo_Mizu.png\" alt=\"\" class=\"wp-image-1441\" srcset=\"https:\/\/jornalfatosenoticias.com.br\/wp-content\/uploads\/2020\/02\/Logo_Mizu.png 729w, https:\/\/jornalfatosenoticias.com.br\/wp-content\/uploads\/2020\/02\/Logo_Mizu-300x37.png 300w\" sizes=\"auto, (max-width: 729px) 100vw, 729px\" \/><\/figure><\/div>\n\n\n\n<p>Para democratizar a arte do cinema e a cultura, chega a Vit\u00f3ria a &#8220;Carreta do Cinema&#8221;, que proporciona \u00e0 popula\u00e7\u00e3o acesso aos mais variados filmes, levando a arte e a alegria das telonas para diferentes bairros de forma gratuita. A atividade integra o Projeto Cine Imetame, que \u00e9 uma iniciativa ArcelorMittal em parceria com a Prefeitura de Vit\u00f3ria.<\/p>\n\n\n\n<div class=\"wp-block-image\"><figure class=\"alignleft size-large\"><img decoding=\"async\" src=\"https:\/\/jornalfatosenoticias.com.br\/wp-content\/uploads\/2020\/02\/logo-Ana_portal.jpg\" alt=\"\" class=\"wp-image-34101\"\/><\/figure><\/div>\n\n\n\n<p>Os filmes ser\u00e3o exibidos entre os dias 19 e 22 de outubro, quando a Carreta do Cinema estar\u00e1 em Itarar\u00e9, em frente ao supermercado Extrabom. Nos dias 24, 25 e 26 de outubro, a programa\u00e7\u00e3o ser\u00e1 na Unidade de Transbordo, em Resist\u00eancia. As sess\u00f5es come\u00e7am \u00e0s 8h, \u00e0s 10h, \u00e0s 14h, 16h e \u00e0s 19h.<br>Os alunos das escolas da rede municipal de Vit\u00f3ria, pr\u00f3ximas ao local de exibi\u00e7\u00e3o dos filmes, poder\u00e3o participar. Os ingressos come\u00e7am a ser disponibilizados a partir das 7h30 e s\u00e3o gratuitos. \u00c9 esperado um p\u00fablico de aproximadamente duas mil pessoas. <\/p>\n\n\n\n<div class=\"wp-block-jetpack-tiled-gallery aligncenter is-style-rectangular\"><div class=\"tiled-gallery__gallery\"><div class=\"tiled-gallery__row\"><div class=\"tiled-gallery__col\" style=\"flex-basis:52.77082426360009%\"><figure class=\"tiled-gallery__item\"><img decoding=\"async\" alt=\"\" data-height=\"848\" data-id=\"28088\" data-link=\"https:\/\/jornalfatosenoticias.com.br\/index.php\/2022\/02\/21\/apos-aval-do-governo-bolsonaro-anac-divulga-homologacao-do-aeroporto-de-linhares\/precisao-contabilidade\/\" data-url=\"https:\/\/jornalfatosenoticias.com.br\/wp-content\/uploads\/2022\/02\/Precisao-Contabilidade.jpg\" data-width=\"1200\" src=\"https:\/\/i1.wp.com\/jornalfatosenoticias.com.br\/wp-content\/uploads\/2022\/02\/Precisao-Contabilidade.jpg?ssl=1\" layout=\"responsive\"\/><\/figure><\/div><div class=\"tiled-gallery__col\" style=\"flex-basis:47.2291757363999%\"><figure class=\"tiled-gallery__item\"><img decoding=\"async\" alt=\"\" data-height=\"237\" data-id=\"32994\" data-link=\"https:\/\/jornalfatosenoticias.com.br\/index.php\/sa_slider\/1070\/seventur-turismo-2\/\" data-url=\"https:\/\/jornalfatosenoticias.com.br\/wp-content\/uploads\/2020\/02\/SEVENTUR-TURISMO.jpg\" data-width=\"300\" src=\"https:\/\/i1.wp.com\/jornalfatosenoticias.com.br\/wp-content\/uploads\/2020\/02\/SEVENTUR-TURISMO.jpg?ssl=1\" layout=\"responsive\"\/><\/figure><\/div><\/div><\/div><\/div>\n\n\n\n<p>A programa\u00e7\u00e3o \u00e9 voltada para o p\u00fablico infantil, mas esse \u00e9 um programa para a fam\u00edlia inteira. A Carreta do Cinema j\u00e1 passou por mais de 400 cidades do Brasil, por meio da Lei de Incentivo \u00e0 Cultura, levando educa\u00e7\u00e3o e cultura aos locais remotos e vulner\u00e1veis do Pa\u00eds.<\/p>\n\n\n\n<div class=\"wp-block-image\"><figure class=\"aligncenter size-large\"><img loading=\"lazy\" decoding=\"async\" width=\"300\" height=\"250\" src=\"https:\/\/jornalfatosenoticias.com.br\/wp-content\/uploads\/2022\/08\/arte-Casarao.jpg\" alt=\"\" class=\"wp-image-33178\"\/><\/figure><\/div>\n\n\n\n<p><strong><em>Fonte: <a href=\"https:\/\/m.vitoria.es.gov.br\/noticia\/carreta-do-cinema-proporciona-diversao-cultura-e-educacao-em-vitoria-46021\">PMV<\/a><\/em><\/strong><\/p>\n","protected":false},"excerpt":{"rendered":"<p>Para democratizar a arte do cinema e a cultura, chega a Vit\u00f3ria a &#8220;Carreta do Cinema&#8221;, que proporciona \u00e0 popula\u00e7\u00e3o acesso aos mais variados filmes, levando a arte e a alegria das telonas para diferentes bairros de forma gratuita. A atividade integra o Projeto Cine Imetame, que \u00e9 uma iniciativa ArcelorMittal em parceria com a [&hellip;]<\/p>\n","protected":false},"author":2,"featured_media":34460,"comment_status":"open","ping_status":"open","sticky":false,"template":"","format":"standard","meta":{"footnotes":""},"categories":[4],"tags":[16174,713,16175,345,882],"class_list":["post-34459","post","type-post","status-publish","format-standard","has-post-thumbnail","hentry","category-cultura","tag-carreta-do-cinema","tag-cultura","tag-diversao","tag-educacao","tag-vitoria"],"yoast_head":"<!-- This site is optimized with the Yoast SEO plugin v26.5 - https:\/\/yoast.com\/wordpress\/plugins\/seo\/ -->\n<title>Carreta do Cinema proporciona divers\u00e3o, cultura e educa\u00e7\u00e3o em Vit\u00f3ria - Jornal Fatos e Not\u00edcias<\/title>\n<meta name=\"robots\" content=\"index, follow, max-snippet:-1, max-image-preview:large, max-video-preview:-1\" \/>\n<link rel=\"canonical\" href=\"https:\/\/jornalfatosenoticias.com.br\/index.php\/2022\/09\/22\/carreta-do-cinema-proporciona-diversao-cultura-e-educacao-em-vitoria\/\" \/>\n<meta property=\"og:locale\" content=\"pt_BR\" \/>\n<meta property=\"og:type\" content=\"article\" \/>\n<meta property=\"og:title\" content=\"Carreta do Cinema proporciona divers\u00e3o, cultura e educa\u00e7\u00e3o em Vit\u00f3ria - Jornal Fatos e Not\u00edcias\" \/>\n<meta property=\"og:description\" content=\"Para democratizar a arte do cinema e a cultura, chega a Vit\u00f3ria a &#8220;Carreta do Cinema&#8221;, que proporciona \u00e0 popula\u00e7\u00e3o acesso aos mais variados filmes, levando a arte e a alegria das telonas para diferentes bairros de forma gratuita. A atividade integra o Projeto Cine Imetame, que \u00e9 uma iniciativa ArcelorMittal em parceria com a [&hellip;]\" \/>\n<meta property=\"og:url\" content=\"https:\/\/jornalfatosenoticias.com.br\/index.php\/2022\/09\/22\/carreta-do-cinema-proporciona-diversao-cultura-e-educacao-em-vitoria\/\" \/>\n<meta property=\"og:site_name\" content=\"Jornal Fatos e Not\u00edcias\" \/>\n<meta property=\"article:published_time\" content=\"2022-09-22T23:09:59+00:00\" \/>\n<meta property=\"article:modified_time\" content=\"2022-09-22T23:10:00+00:00\" \/>\n<meta property=\"og:image\" content=\"https:\/\/jornalfatosenoticias.com.br\/wp-content\/uploads\/2022\/09\/carreta-do-cinema.jpg\" \/>\n\t<meta property=\"og:image:width\" content=\"1000\" \/>\n\t<meta property=\"og:image:height\" content=\"856\" \/>\n\t<meta property=\"og:image:type\" content=\"image\/jpeg\" \/>\n<meta name=\"author\" content=\"Luzimara Fernandes\" \/>\n<meta name=\"twitter:card\" content=\"summary_large_image\" \/>\n<meta name=\"twitter:label1\" content=\"Escrito por\" \/>\n\t<meta name=\"twitter:data1\" content=\"Luzimara Fernandes\" \/>\n\t<meta name=\"twitter:label2\" content=\"Est. tempo de leitura\" \/>\n\t<meta name=\"twitter:data2\" content=\"1 minuto\" \/>\n<script type=\"application\/ld+json\" class=\"yoast-schema-graph\">{\"@context\":\"https:\/\/schema.org\",\"@graph\":[{\"@type\":\"Article\",\"@id\":\"https:\/\/jornalfatosenoticias.com.br\/index.php\/2022\/09\/22\/carreta-do-cinema-proporciona-diversao-cultura-e-educacao-em-vitoria\/#article\",\"isPartOf\":{\"@id\":\"https:\/\/jornalfatosenoticias.com.br\/index.php\/2022\/09\/22\/carreta-do-cinema-proporciona-diversao-cultura-e-educacao-em-vitoria\/\"},\"author\":{\"name\":\"Luzimara Fernandes\",\"@id\":\"https:\/\/jornalfatosenoticias.com.br\/#\/schema\/person\/d63837fa13ac8666eb9e74e0985d6f81\"},\"headline\":\"Carreta do Cinema proporciona divers\u00e3o, cultura e educa\u00e7\u00e3o em Vit\u00f3ria\",\"datePublished\":\"2022-09-22T23:09:59+00:00\",\"dateModified\":\"2022-09-22T23:10:00+00:00\",\"mainEntityOfPage\":{\"@id\":\"https:\/\/jornalfatosenoticias.com.br\/index.php\/2022\/09\/22\/carreta-do-cinema-proporciona-diversao-cultura-e-educacao-em-vitoria\/\"},\"wordCount\":226,\"commentCount\":0,\"publisher\":{\"@id\":\"https:\/\/jornalfatosenoticias.com.br\/#organization\"},\"image\":{\"@id\":\"https:\/\/jornalfatosenoticias.com.br\/index.php\/2022\/09\/22\/carreta-do-cinema-proporciona-diversao-cultura-e-educacao-em-vitoria\/#primaryimage\"},\"thumbnailUrl\":\"https:\/\/jornalfatosenoticias.com.br\/wp-content\/uploads\/2022\/09\/carreta-do-cinema.jpg\",\"keywords\":[\"Carreta do Cinema\",\"cultura\",\"divers\u00e3o\",\"educa\u00e7\u00e3o\",\"Vit\u00f3ria\"],\"articleSection\":[\"Cultura\"],\"inLanguage\":\"pt-BR\",\"potentialAction\":[{\"@type\":\"CommentAction\",\"name\":\"Comment\",\"target\":[\"https:\/\/jornalfatosenoticias.com.br\/index.php\/2022\/09\/22\/carreta-do-cinema-proporciona-diversao-cultura-e-educacao-em-vitoria\/#respond\"]}]},{\"@type\":\"WebPage\",\"@id\":\"https:\/\/jornalfatosenoticias.com.br\/index.php\/2022\/09\/22\/carreta-do-cinema-proporciona-diversao-cultura-e-educacao-em-vitoria\/\",\"url\":\"https:\/\/jornalfatosenoticias.com.br\/index.php\/2022\/09\/22\/carreta-do-cinema-proporciona-diversao-cultura-e-educacao-em-vitoria\/\",\"name\":\"Carreta do Cinema proporciona divers\u00e3o, cultura e educa\u00e7\u00e3o em Vit\u00f3ria - Jornal Fatos e Not\u00edcias\",\"isPartOf\":{\"@id\":\"https:\/\/jornalfatosenoticias.com.br\/#website\"},\"primaryImageOfPage\":{\"@id\":\"https:\/\/jornalfatosenoticias.com.br\/index.php\/2022\/09\/22\/carreta-do-cinema-proporciona-diversao-cultura-e-educacao-em-vitoria\/#primaryimage\"},\"image\":{\"@id\":\"https:\/\/jornalfatosenoticias.com.br\/index.php\/2022\/09\/22\/carreta-do-cinema-proporciona-diversao-cultura-e-educacao-em-vitoria\/#primaryimage\"},\"thumbnailUrl\":\"https:\/\/jornalfatosenoticias.com.br\/wp-content\/uploads\/2022\/09\/carreta-do-cinema.jpg\",\"datePublished\":\"2022-09-22T23:09:59+00:00\",\"dateModified\":\"2022-09-22T23:10:00+00:00\",\"breadcrumb\":{\"@id\":\"https:\/\/jornalfatosenoticias.com.br\/index.php\/2022\/09\/22\/carreta-do-cinema-proporciona-diversao-cultura-e-educacao-em-vitoria\/#breadcrumb\"},\"inLanguage\":\"pt-BR\",\"potentialAction\":[{\"@type\":\"ReadAction\",\"target\":[\"https:\/\/jornalfatosenoticias.com.br\/index.php\/2022\/09\/22\/carreta-do-cinema-proporciona-diversao-cultura-e-educacao-em-vitoria\/\"]}]},{\"@type\":\"ImageObject\",\"inLanguage\":\"pt-BR\",\"@id\":\"https:\/\/jornalfatosenoticias.com.br\/index.php\/2022\/09\/22\/carreta-do-cinema-proporciona-diversao-cultura-e-educacao-em-vitoria\/#primaryimage\",\"url\":\"https:\/\/jornalfatosenoticias.com.br\/wp-content\/uploads\/2022\/09\/carreta-do-cinema.jpg\",\"contentUrl\":\"https:\/\/jornalfatosenoticias.com.br\/wp-content\/uploads\/2022\/09\/carreta-do-cinema.jpg\",\"width\":1000,\"height\":856,\"caption\":\"Projeto Cinema Aqui\"},{\"@type\":\"BreadcrumbList\",\"@id\":\"https:\/\/jornalfatosenoticias.com.br\/index.php\/2022\/09\/22\/carreta-do-cinema-proporciona-diversao-cultura-e-educacao-em-vitoria\/#breadcrumb\",\"itemListElement\":[{\"@type\":\"ListItem\",\"position\":1,\"name\":\"In\u00edcio\",\"item\":\"https:\/\/jornalfatosenoticias.com.br\/\"},{\"@type\":\"ListItem\",\"position\":2,\"name\":\"Carreta do Cinema proporciona divers\u00e3o, cultura e educa\u00e7\u00e3o em Vit\u00f3ria\"}]},{\"@type\":\"WebSite\",\"@id\":\"https:\/\/jornalfatosenoticias.com.br\/#website\",\"url\":\"https:\/\/jornalfatosenoticias.com.br\/\",\"name\":\"Jornal Fatos e Not\u00edcias\",\"description\":\"Not\u00edcias em geral\",\"publisher\":{\"@id\":\"https:\/\/jornalfatosenoticias.com.br\/#organization\"},\"potentialAction\":[{\"@type\":\"SearchAction\",\"target\":{\"@type\":\"EntryPoint\",\"urlTemplate\":\"https:\/\/jornalfatosenoticias.com.br\/?s={search_term_string}\"},\"query-input\":{\"@type\":\"PropertyValueSpecification\",\"valueRequired\":true,\"valueName\":\"search_term_string\"}}],\"inLanguage\":\"pt-BR\"},{\"@type\":\"Organization\",\"@id\":\"https:\/\/jornalfatosenoticias.com.br\/#organization\",\"name\":\"Jornal Fatos e Not\u00edcias\",\"url\":\"https:\/\/jornalfatosenoticias.com.br\/\",\"logo\":{\"@type\":\"ImageObject\",\"inLanguage\":\"pt-BR\",\"@id\":\"https:\/\/jornalfatosenoticias.com.br\/#\/schema\/logo\/image\/\",\"url\":\"https:\/\/jornalfatosenoticias.com.br\/wp-content\/uploads\/2020\/02\/logo120.png\",\"contentUrl\":\"https:\/\/jornalfatosenoticias.com.br\/wp-content\/uploads\/2020\/02\/logo120.png\",\"width\":1227,\"height\":120,\"caption\":\"Jornal Fatos e Not\u00edcias\"},\"image\":{\"@id\":\"https:\/\/jornalfatosenoticias.com.br\/#\/schema\/logo\/image\/\"}},{\"@type\":\"Person\",\"@id\":\"https:\/\/jornalfatosenoticias.com.br\/#\/schema\/person\/d63837fa13ac8666eb9e74e0985d6f81\",\"name\":\"Luzimara Fernandes\",\"image\":{\"@type\":\"ImageObject\",\"inLanguage\":\"pt-BR\",\"@id\":\"https:\/\/jornalfatosenoticias.com.br\/#\/schema\/person\/image\/\",\"url\":\"https:\/\/jornalfatosenoticias.com.br\/wp-content\/uploads\/2025\/05\/EU_portal.jpg\",\"contentUrl\":\"https:\/\/jornalfatosenoticias.com.br\/wp-content\/uploads\/2025\/05\/EU_portal.jpg\",\"caption\":\"Luzimara Fernandes\"},\"description\":\"Jornalista MTB 2358-ES\",\"sameAs\":[\"https:\/\/jornalfatosenoticias.com.br\"],\"url\":\"https:\/\/jornalfatosenoticias.com.br\/index.php\/author\/luzimara\/\"}]}<\/script>\n<!-- \/ Yoast SEO plugin. -->","yoast_head_json":{"title":"Carreta do Cinema proporciona divers\u00e3o, cultura e educa\u00e7\u00e3o em Vit\u00f3ria - Jornal Fatos e Not\u00edcias","robots":{"index":"index","follow":"follow","max-snippet":"max-snippet:-1","max-image-preview":"max-image-preview:large","max-video-preview":"max-video-preview:-1"},"canonical":"https:\/\/jornalfatosenoticias.com.br\/index.php\/2022\/09\/22\/carreta-do-cinema-proporciona-diversao-cultura-e-educacao-em-vitoria\/","og_locale":"pt_BR","og_type":"article","og_title":"Carreta do Cinema proporciona divers\u00e3o, cultura e educa\u00e7\u00e3o em Vit\u00f3ria - Jornal Fatos e Not\u00edcias","og_description":"Para democratizar a arte do cinema e a cultura, chega a Vit\u00f3ria a &#8220;Carreta do Cinema&#8221;, que proporciona \u00e0 popula\u00e7\u00e3o acesso aos mais variados filmes, levando a arte e a alegria das telonas para diferentes bairros de forma gratuita. A atividade integra o Projeto Cine Imetame, que \u00e9 uma iniciativa ArcelorMittal em parceria com a [&hellip;]","og_url":"https:\/\/jornalfatosenoticias.com.br\/index.php\/2022\/09\/22\/carreta-do-cinema-proporciona-diversao-cultura-e-educacao-em-vitoria\/","og_site_name":"Jornal Fatos e Not\u00edcias","article_published_time":"2022-09-22T23:09:59+00:00","article_modified_time":"2022-09-22T23:10:00+00:00","og_image":[{"width":1000,"height":856,"url":"https:\/\/jornalfatosenoticias.com.br\/wp-content\/uploads\/2022\/09\/carreta-do-cinema.jpg","type":"image\/jpeg"}],"author":"Luzimara Fernandes","twitter_card":"summary_large_image","twitter_misc":{"Escrito por":"Luzimara Fernandes","Est. tempo de leitura":"1 minuto"},"schema":{"@context":"https:\/\/schema.org","@graph":[{"@type":"Article","@id":"https:\/\/jornalfatosenoticias.com.br\/index.php\/2022\/09\/22\/carreta-do-cinema-proporciona-diversao-cultura-e-educacao-em-vitoria\/#article","isPartOf":{"@id":"https:\/\/jornalfatosenoticias.com.br\/index.php\/2022\/09\/22\/carreta-do-cinema-proporciona-diversao-cultura-e-educacao-em-vitoria\/"},"author":{"name":"Luzimara Fernandes","@id":"https:\/\/jornalfatosenoticias.com.br\/#\/schema\/person\/d63837fa13ac8666eb9e74e0985d6f81"},"headline":"Carreta do Cinema proporciona divers\u00e3o, cultura e educa\u00e7\u00e3o em Vit\u00f3ria","datePublished":"2022-09-22T23:09:59+00:00","dateModified":"2022-09-22T23:10:00+00:00","mainEntityOfPage":{"@id":"https:\/\/jornalfatosenoticias.com.br\/index.php\/2022\/09\/22\/carreta-do-cinema-proporciona-diversao-cultura-e-educacao-em-vitoria\/"},"wordCount":226,"commentCount":0,"publisher":{"@id":"https:\/\/jornalfatosenoticias.com.br\/#organization"},"image":{"@id":"https:\/\/jornalfatosenoticias.com.br\/index.php\/2022\/09\/22\/carreta-do-cinema-proporciona-diversao-cultura-e-educacao-em-vitoria\/#primaryimage"},"thumbnailUrl":"https:\/\/jornalfatosenoticias.com.br\/wp-content\/uploads\/2022\/09\/carreta-do-cinema.jpg","keywords":["Carreta do Cinema","cultura","divers\u00e3o","educa\u00e7\u00e3o","Vit\u00f3ria"],"articleSection":["Cultura"],"inLanguage":"pt-BR","potentialAction":[{"@type":"CommentAction","name":"Comment","target":["https:\/\/jornalfatosenoticias.com.br\/index.php\/2022\/09\/22\/carreta-do-cinema-proporciona-diversao-cultura-e-educacao-em-vitoria\/#respond"]}]},{"@type":"WebPage","@id":"https:\/\/jornalfatosenoticias.com.br\/index.php\/2022\/09\/22\/carreta-do-cinema-proporciona-diversao-cultura-e-educacao-em-vitoria\/","url":"https:\/\/jornalfatosenoticias.com.br\/index.php\/2022\/09\/22\/carreta-do-cinema-proporciona-diversao-cultura-e-educacao-em-vitoria\/","name":"Carreta do Cinema proporciona divers\u00e3o, cultura e educa\u00e7\u00e3o em Vit\u00f3ria - Jornal Fatos e Not\u00edcias","isPartOf":{"@id":"https:\/\/jornalfatosenoticias.com.br\/#website"},"primaryImageOfPage":{"@id":"https:\/\/jornalfatosenoticias.com.br\/index.php\/2022\/09\/22\/carreta-do-cinema-proporciona-diversao-cultura-e-educacao-em-vitoria\/#primaryimage"},"image":{"@id":"https:\/\/jornalfatosenoticias.com.br\/index.php\/2022\/09\/22\/carreta-do-cinema-proporciona-diversao-cultura-e-educacao-em-vitoria\/#primaryimage"},"thumbnailUrl":"https:\/\/jornalfatosenoticias.com.br\/wp-content\/uploads\/2022\/09\/carreta-do-cinema.jpg","datePublished":"2022-09-22T23:09:59+00:00","dateModified":"2022-09-22T23:10:00+00:00","breadcrumb":{"@id":"https:\/\/jornalfatosenoticias.com.br\/index.php\/2022\/09\/22\/carreta-do-cinema-proporciona-diversao-cultura-e-educacao-em-vitoria\/#breadcrumb"},"inLanguage":"pt-BR","potentialAction":[{"@type":"ReadAction","target":["https:\/\/jornalfatosenoticias.com.br\/index.php\/2022\/09\/22\/carreta-do-cinema-proporciona-diversao-cultura-e-educacao-em-vitoria\/"]}]},{"@type":"ImageObject","inLanguage":"pt-BR","@id":"https:\/\/jornalfatosenoticias.com.br\/index.php\/2022\/09\/22\/carreta-do-cinema-proporciona-diversao-cultura-e-educacao-em-vitoria\/#primaryimage","url":"https:\/\/jornalfatosenoticias.com.br\/wp-content\/uploads\/2022\/09\/carreta-do-cinema.jpg","contentUrl":"https:\/\/jornalfatosenoticias.com.br\/wp-content\/uploads\/2022\/09\/carreta-do-cinema.jpg","width":1000,"height":856,"caption":"Projeto Cinema Aqui"},{"@type":"BreadcrumbList","@id":"https:\/\/jornalfatosenoticias.com.br\/index.php\/2022\/09\/22\/carreta-do-cinema-proporciona-diversao-cultura-e-educacao-em-vitoria\/#breadcrumb","itemListElement":[{"@type":"ListItem","position":1,"name":"In\u00edcio","item":"https:\/\/jornalfatosenoticias.com.br\/"},{"@type":"ListItem","position":2,"name":"Carreta do Cinema proporciona divers\u00e3o, cultura e educa\u00e7\u00e3o em Vit\u00f3ria"}]},{"@type":"WebSite","@id":"https:\/\/jornalfatosenoticias.com.br\/#website","url":"https:\/\/jornalfatosenoticias.com.br\/","name":"Jornal Fatos e Not\u00edcias","description":"Not\u00edcias em geral","publisher":{"@id":"https:\/\/jornalfatosenoticias.com.br\/#organization"},"potentialAction":[{"@type":"SearchAction","target":{"@type":"EntryPoint","urlTemplate":"https:\/\/jornalfatosenoticias.com.br\/?s={search_term_string}"},"query-input":{"@type":"PropertyValueSpecification","valueRequired":true,"valueName":"search_term_string"}}],"inLanguage":"pt-BR"},{"@type":"Organization","@id":"https:\/\/jornalfatosenoticias.com.br\/#organization","name":"Jornal Fatos e Not\u00edcias","url":"https:\/\/jornalfatosenoticias.com.br\/","logo":{"@type":"ImageObject","inLanguage":"pt-BR","@id":"https:\/\/jornalfatosenoticias.com.br\/#\/schema\/logo\/image\/","url":"https:\/\/jornalfatosenoticias.com.br\/wp-content\/uploads\/2020\/02\/logo120.png","contentUrl":"https:\/\/jornalfatosenoticias.com.br\/wp-content\/uploads\/2020\/02\/logo120.png","width":1227,"height":120,"caption":"Jornal Fatos e Not\u00edcias"},"image":{"@id":"https:\/\/jornalfatosenoticias.com.br\/#\/schema\/logo\/image\/"}},{"@type":"Person","@id":"https:\/\/jornalfatosenoticias.com.br\/#\/schema\/person\/d63837fa13ac8666eb9e74e0985d6f81","name":"Luzimara Fernandes","image":{"@type":"ImageObject","inLanguage":"pt-BR","@id":"https:\/\/jornalfatosenoticias.com.br\/#\/schema\/person\/image\/","url":"https:\/\/jornalfatosenoticias.com.br\/wp-content\/uploads\/2025\/05\/EU_portal.jpg","contentUrl":"https:\/\/jornalfatosenoticias.com.br\/wp-content\/uploads\/2025\/05\/EU_portal.jpg","caption":"Luzimara Fernandes"},"description":"Jornalista MTB 2358-ES","sameAs":["https:\/\/jornalfatosenoticias.com.br"],"url":"https:\/\/jornalfatosenoticias.com.br\/index.php\/author\/luzimara\/"}]}},"cc_featured_image_caption":{"caption_text":"(Foto: Divulga\u00e7\u00e3o) ","source_text":"","source_url":""},"jetpack_featured_media_url":"https:\/\/jornalfatosenoticias.com.br\/wp-content\/uploads\/2022\/09\/carreta-do-cinema.jpg","_links":{"self":[{"href":"https:\/\/jornalfatosenoticias.com.br\/index.php\/wp-json\/wp\/v2\/posts\/34459","targetHints":{"allow":["GET"]}}],"collection":[{"href":"https:\/\/jornalfatosenoticias.com.br\/index.php\/wp-json\/wp\/v2\/posts"}],"about":[{"href":"https:\/\/jornalfatosenoticias.com.br\/index.php\/wp-json\/wp\/v2\/types\/post"}],"author":[{"embeddable":true,"href":"https:\/\/jornalfatosenoticias.com.br\/index.php\/wp-json\/wp\/v2\/users\/2"}],"replies":[{"embeddable":true,"href":"https:\/\/jornalfatosenoticias.com.br\/index.php\/wp-json\/wp\/v2\/comments?post=34459"}],"version-history":[{"count":0,"href":"https:\/\/jornalfatosenoticias.com.br\/index.php\/wp-json\/wp\/v2\/posts\/34459\/revisions"}],"wp:featuredmedia":[{"embeddable":true,"href":"https:\/\/jornalfatosenoticias.com.br\/index.php\/wp-json\/wp\/v2\/media\/34460"}],"wp:attachment":[{"href":"https:\/\/jornalfatosenoticias.com.br\/index.php\/wp-json\/wp\/v2\/media?parent=34459"}],"wp:term":[{"taxonomy":"category","embeddable":true,"href":"https:\/\/jornalfatosenoticias.com.br\/index.php\/wp-json\/wp\/v2\/categories?post=34459"},{"taxonomy":"post_tag","embeddable":true,"href":"https:\/\/jornalfatosenoticias.com.br\/index.php\/wp-json\/wp\/v2\/tags?post=34459"}],"curies":[{"name":"wp","href":"https:\/\/api.w.org\/{rel}","templated":true}]}}