{"id":3447,"date":"2020-04-21T10:57:02","date_gmt":"2020-04-21T13:57:02","guid":{"rendered":"https:\/\/jornalfatosenoticias.com.br\/?p=3447"},"modified":"2020-04-21T10:57:07","modified_gmt":"2020-04-21T13:57:07","slug":"chance-para-a-ousadia","status":"publish","type":"post","link":"https:\/\/jornalfatosenoticias.com.br\/index.php\/2020\/04\/21\/chance-para-a-ousadia\/","title":{"rendered":"Chance para a ousadia"},"content":{"rendered":"\n<h6 class=\"wp-block-heading\"><em>Plano global vai tra\u00e7ar metas para 10 anos, a fim de estabilizar as perdas da biodiversidade, e de 30 anos, com a ambi\u00e7\u00e3o de revert\u00ea-las<\/em><\/h6>\n\n\n\n<p>Come\u00e7ou a contagem regressiva para a apresenta\u00e7\u00e3o das novas metas globais para prote\u00e7\u00e3o e restaura\u00e7\u00e3o da biodiversidade. Em 2010, a 10\u00aa Confer\u00eancia das Partes (COP) da Conven\u00e7\u00e3o da Diversidade Biol\u00f3gica foi realizada em Nagoya, na prov\u00edncia de Aichi, Jap\u00e3o, e estabeleceu um plano para reduzir a destrui\u00e7\u00e3o de sistemas naturais com 20 objetivos a serem alcan\u00e7ados nos anos seguintes. As chamadas Metas de Aichi expiram este ano e, em outubro pr\u00f3ximo, l\u00edderes de todo o mundo devem se reunir em Kumning, na China, para celebrar um novo pacto para os pr\u00f3ximos anos. As discuss\u00f5es preliminares come\u00e7aram no final de 2019, tiveram uma nova rodada no m\u00eas de fevereiro em Roma e dever\u00e3o ser conclu\u00eddas em julho em Cali, na Col\u00f4mbia. Na capital italiana, diplomatas de 190 pa\u00edses debru\u00e7aram-se sobre um rascunho, o zero draft, que estabelece uma novidade importante. Em vez de estabelecer prop\u00f3sitos apenas para 10 anos, optou-se por dividi-los em duas fases: haver\u00e1 metas para 2030, voltadas para estabilizar as perdas da biodiversidade, e outras para 2050, destinadas a recuperar os ecossistemas.<br>A decis\u00e3o de ampliar o prazo busca estimular a ousadia nas negocia\u00e7\u00f5es e evitar a formula\u00e7\u00e3o de propostas vagas e dif\u00edceis de mensurar, como aconteceu com o objetivo n\u00famero 1 de Aichi, que prop\u00f4s que todas as pessoas \u201cestejam conscientes dos valores da biodiversidade e das medidas para conserv\u00e1-la\u201d. Ao mesmo tempo, busca-se evitar a repeti\u00e7\u00e3o do desapontamento que emergiu no balan\u00e7o das Metas de Aichi. O horizonte de uma d\u00e9cada foi curto para que v\u00e1rias delas fossem alcan\u00e7adas. Em um relat\u00f3rio divulgado em 2019, o Minist\u00e9rio do Meio Ambiente informou que o Brasil obteve progressos insuficientes para cumprir 10 dos objetivos. Foi o caso, por exemplo, das inten\u00e7\u00f5es de diminuir, de prefer\u00eancia a zero, o risco de extin\u00e7\u00e3o de esp\u00e9cies amea\u00e7adas ou de reduzir a polui\u00e7\u00e3o na \u00e1gua, no solo e no ar a n\u00edveis que n\u00e3o comprometam o funcionamento dos ecossistemas e a biodiversidade.<br>Mas tamb\u00e9m h\u00e1 not\u00edcias boas no relat\u00f3rio. Segundo o texto, o Pa\u00eds est\u00e1 \u201ca caminho\u201d de atingir 10 metas \u2013 em uma delas, a que recomendava o registro e o compartilhamento de informa\u00e7\u00f5es cient\u00edficas sobre a biodiversidade em plataformas abertas, a expectativa \u00e9 de que at\u00e9 exceda o prop\u00f3sito inicial. \u201cNa meta 11, o Brasil praticamente atingiu o objetivo de preservar 17% de seu territ\u00f3rio com unidades de conserva\u00e7\u00e3o, ainda que de forma desigual nos diferentes biomas. Nas \u00e1reas marinhas, ultrapassou a prote\u00e7\u00e3o almejada de 10% do total\u201d, afirma o bi\u00f3logo Carlos Alfredo Joly, da Universidade Estadual de Campinas e coordenador do programa Biota-Fapesp de pesquisa sobre biodiversidade.<br>O zero draft mant\u00e9m os cinco eixos das Metas de Aichi. Busca prevenir perdas de ecossistemas, reduzir o n\u00famero de plantas e animais amea\u00e7ados de extin\u00e7\u00e3o, manter a diversidade gen\u00e9tica das esp\u00e9cies, preservar recursos naturais que melhorem a nutri\u00e7\u00e3o e o acesso \u00e0 \u00e1gua para os seres humanos e garantir uma reparti\u00e7\u00e3o justa dos benef\u00edcios da biodiversidade. O tamanho da ambi\u00e7\u00e3o vai depender da disposi\u00e7\u00e3o dos negociadores. No rascunho, est\u00e3o em branco os espa\u00e7os onde constar\u00e3o as porcentagens das metas que dever\u00e3o ser alcan\u00e7adas. H\u00e1 uma dificuldade natural em obter consenso de todos os pa\u00edses participantes. Um problema frequente em negocia\u00e7\u00f5es desse tipo \u00e9 conseguir converg\u00eancia para as chamadas metas smart, aquelas que s\u00e3o bastante espec\u00edficas e precisas em rela\u00e7\u00e3o ao que se espera alcan\u00e7ar.<br>\u201cNem sempre em uma negocia\u00e7\u00e3o se consegue obter uma meta smart\u201d, explica o bi\u00f3logo Br\u00e1ulio Ferreira de Souza Dias, da Universidade de Bras\u00edlia (UnB), que entre 2012 e 2016 foi o secret\u00e1rio-executivo da Conven\u00e7\u00e3o sobre Diversidade Biol\u00f3gica das Na\u00e7\u00f5es Unidas. \u201cAlgumas metas de Aichi n\u00e3o s\u00e3o de resultado, mas de processo. Os pa\u00edses se comprometeram a desenvolver planos de gest\u00e3o para que a pesca seja feita de forma sustent\u00e1vel, mas n\u00e3o foi poss\u00edvel definir metas de recupera\u00e7\u00e3o de estoques pesqueiros\u201d, explica. Dias menciona outro exemplo. \u201cNa meta 7, os pa\u00edses concordaram em promover o manejo sustent\u00e1vel da agricultura e das florestas e preservar a biodiversidade, mas cada um interpretou com medidas pr\u00f3prias. \u00c0s vezes, as metas s\u00e3o vagas n\u00e3o por falta de vontade em implement\u00e1-las, mas porque s\u00e3o complexas mesmo\u201d.<br>A ideia de que a mobiliza\u00e7\u00e3o feita nos \u00faltimos 10 anos foi insuficiente \u00e9 contestada pelo bi\u00f3logo, que aponta avan\u00e7os importantes. Ele menciona um estudo, publicado em fevereiro em formato de preprint por pesquisadores da Universidade de Newcastle, no Reino Unido, e da Sociedade Zool\u00f3gica de Londres, que calculou, com a ajuda de modelos matem\u00e1ticos, o n\u00famero de esp\u00e9cies que deixaram de ser extintas gra\u00e7as aos esfor\u00e7os feitos nesta d\u00e9cada. A conclus\u00e3o \u00e9 de que os objetivos de Aichi preveniram a extin\u00e7\u00e3o de at\u00e9 18 p\u00e1ssaros e sete mam\u00edferos desde 2010. \u201cO Brasil se destacou nesse trabalho por prevenir a extin\u00e7\u00e3o de aves como a ararinha-azul, que foi reintroduzida na natureza\u201d, afirma Dias, atualmente presidente internacional da entidade conservacionista Birdlife, sediada no Reino Unido. Isso n\u00e3o significa, ele observa, que as perspectivas sejam boas. \u201cOs fatores que exercem press\u00e3o sobre a biodiversidade se agravam continuamente, como crescimento demogr\u00e1fico, do consumo e da produ\u00e7\u00e3o de lixo, aumento e esgotamento da explora\u00e7\u00e3o de recursos biol\u00f3gicos, como a pesca, expans\u00e3o das \u00e1reas ocupadas por esp\u00e9cies ex\u00f3ticas e as mudan\u00e7as clim\u00e1ticas. Cabe perguntar se a humanidade n\u00e3o est\u00e1 promovendo o sexto evento de extin\u00e7\u00e3o de esp\u00e9cies em massa\u201d, afirma. Segundo Dias, reverter o quadro n\u00e3o depende apenas de adotar metas a serem cumpridas por governos. \u201c\u00c9 necess\u00e1rio mudar os h\u00e1bitos de consumo de todos os indiv\u00edduos para reduzir a press\u00e3o sobre a biodiversidade\u201d.<br>Houve uma mudan\u00e7a de postura da diplomacia brasileira observada na reuni\u00e3o realizada em Roma. A equipe liderada por Leonardo Athayde, diretor do Departamento de Meio Ambiente do Minist\u00e9rio de Rela\u00e7\u00f5es Exteriores (MRE), buscou direcionar as discuss\u00f5es para o problema da biopirataria e o dever dos pa\u00edses desenvolvidos de financiar as a\u00e7\u00f5es de preserva\u00e7\u00e3o em pa\u00edses em desenvolvimento, como o Brasil. \u201cHistoricamente, o pilar de distribui\u00e7\u00e3o de benef\u00edcios tem sido negligenciado. O objetivo \u00e9 fazer que se caminhe para maior efetiva\u00e7\u00e3o desse pilar, o que poderia assegurar recursos e transfer\u00eancia de tecnologia para pa\u00edses em desenvolvimento\u201d, informou o MRE em nota enviada ao blog Ambi\u00eancia, da jornalista Ana Carolina Amaral. Na avalia\u00e7\u00e3o de Carlos Joly, a posi\u00e7\u00e3o brasileira \u00e9 preocupante. \u201cO Brasil, que costumava atuar alinhado com outros pa\u00edses ricos em biodiversidade, dessa vez atuou de forma isolada\u201d, diz. Segundo o bi\u00f3logo, \u201co risco \u00e9 n\u00e3o obter consensos smarts e produzir um documento com metas vagas e p\u00edfias\u201d.<br>A necessidade de alcan\u00e7ar uma negocia\u00e7\u00e3o satisfat\u00f3ria \u00e9 amplamente lastreada pelo conhecimento cient\u00edfico. Em maio de 2019, foi divulgado um dos mais abrangentes estudos sobre o estado da diversidade biol\u00f3gica do planeta, produzido pela Plataforma Intergovernamental sobre Biodiversidade e Servi\u00e7os Ecossist\u00eamicos (Ipbes). O relat\u00f3rio mobilizou 150 pesquisadores de mais de 60 pa\u00edses na an\u00e1lise de 15 mil artigos cient\u00edficos. Uma de suas principais conclus\u00f5es \u00e9 de que 1 milh\u00e3o de esp\u00e9cies de animais e plantas do planeta se encontra amea\u00e7ado de extin\u00e7\u00e3o. Nos ecossistemas terrestres, a presen\u00e7a de esp\u00e9cies nativas caiu em m\u00e9dia 20% desde o in\u00edcio do s\u00e9culo XX e, hoje, mais de 40% das esp\u00e9cies de anf\u00edbios, quase 33% dos corais e mais de um ter\u00e7o de todos os mam\u00edferos est\u00e3o amea\u00e7ados. \u201c\u00c9 preciso mudar a narrativa perversa segundo a qual a degrada\u00e7\u00e3o ambiental e a desigualdade social s\u00e3o efeitos inevit\u00e1veis do crescimento econ\u00f4mico\u201d, disse o antrop\u00f3logo brasileiro Eduardo Brond\u00edzio, da Universidade de Indiana, nos Estados Unidos, um dos coordenadores do relat\u00f3rio, em seu lan\u00e7amento. \u201cSabemos quais v\u00e3o ser as consequ\u00eancias se continuarmos a seguir o caminho atual, mas tamb\u00e9m sabemos que \u00e9 poss\u00edvel mudar e temos ferramentas para implementar pol\u00edticas que fa\u00e7am diferen\u00e7a na vida das pessoas e no meio ambiente global\u201d. O documento prop\u00f5e a cria\u00e7\u00e3o de instrumentos econ\u00f4micos capazes de financiar a conserva\u00e7\u00e3o, compensando servi\u00e7os prestados por ecossistemas, como a oferta de \u00e1gua, ou de atividades que ajudem a remover carbono da atmosfera.<\/p>\n\n\n\n<p><em><strong>Fonte: <a href=\"https:\/\/revistapesquisa.fapesp.br\/2020\/04\/07\/chance-para-a-ousadia\/\">Revista Pesquisa Fapesp<\/a><\/strong><\/em><\/p>\n","protected":false},"excerpt":{"rendered":"<p>Plano global vai tra\u00e7ar metas para 10 anos, a fim de estabilizar as perdas da biodiversidade, e de 30 anos, com a ambi\u00e7\u00e3o de revert\u00ea-las Come\u00e7ou a contagem regressiva para a apresenta\u00e7\u00e3o das novas metas globais para prote\u00e7\u00e3o e restaura\u00e7\u00e3o da biodiversidade. Em 2010, a 10\u00aa Confer\u00eancia das Partes (COP) da Conven\u00e7\u00e3o da Diversidade Biol\u00f3gica [&hellip;]<\/p>\n","protected":false},"author":2,"featured_media":3448,"comment_status":"open","ping_status":"open","sticky":false,"template":"","format":"standard","meta":{"footnotes":""},"categories":[8],"tags":[762,334,1909,1910,1911],"class_list":["post-3447","post","type-post","status-publish","format-standard","has-post-thumbnail","hentry","category-meio-ambiente","tag-ararinhas-azuis","tag-biodiversidade","tag-ecossistemas","tag-protecao","tag-sistemas-naturais"],"yoast_head":"<!-- This site is optimized with the Yoast SEO plugin v26.5 - https:\/\/yoast.com\/wordpress\/plugins\/seo\/ -->\n<title>Chance para a ousadia - Jornal Fatos e Not\u00edcias<\/title>\n<meta name=\"robots\" content=\"index, follow, max-snippet:-1, max-image-preview:large, max-video-preview:-1\" \/>\n<link rel=\"canonical\" href=\"https:\/\/jornalfatosenoticias.com.br\/index.php\/2020\/04\/21\/chance-para-a-ousadia\/\" \/>\n<meta property=\"og:locale\" content=\"pt_BR\" \/>\n<meta property=\"og:type\" content=\"article\" \/>\n<meta property=\"og:title\" content=\"Chance para a ousadia - Jornal Fatos e Not\u00edcias\" \/>\n<meta property=\"og:description\" content=\"Plano global vai tra\u00e7ar metas para 10 anos, a fim de estabilizar as perdas da biodiversidade, e de 30 anos, com a ambi\u00e7\u00e3o de revert\u00ea-las Come\u00e7ou a contagem regressiva para a apresenta\u00e7\u00e3o das novas metas globais para prote\u00e7\u00e3o e restaura\u00e7\u00e3o da biodiversidade. Em 2010, a 10\u00aa Confer\u00eancia das Partes (COP) da Conven\u00e7\u00e3o da Diversidade Biol\u00f3gica [&hellip;]\" \/>\n<meta property=\"og:url\" content=\"https:\/\/jornalfatosenoticias.com.br\/index.php\/2020\/04\/21\/chance-para-a-ousadia\/\" \/>\n<meta property=\"og:site_name\" content=\"Jornal Fatos e Not\u00edcias\" \/>\n<meta property=\"article:published_time\" content=\"2020-04-21T13:57:02+00:00\" \/>\n<meta property=\"article:modified_time\" content=\"2020-04-21T13:57:07+00:00\" \/>\n<meta property=\"og:image\" content=\"https:\/\/jornalfatosenoticias.com.br\/wp-content\/uploads\/2020\/04\/ararinhas-azuis_biodiversidade.jpg\" \/>\n\t<meta property=\"og:image:width\" content=\"1000\" \/>\n\t<meta property=\"og:image:height\" content=\"824\" \/>\n\t<meta property=\"og:image:type\" content=\"image\/jpeg\" \/>\n<meta name=\"author\" content=\"Luzimara Fernandes\" \/>\n<meta name=\"twitter:card\" content=\"summary_large_image\" \/>\n<meta name=\"twitter:label1\" content=\"Escrito por\" \/>\n\t<meta name=\"twitter:data1\" content=\"Luzimara Fernandes\" \/>\n\t<meta name=\"twitter:label2\" content=\"Est. tempo de leitura\" \/>\n\t<meta name=\"twitter:data2\" content=\"7 minutos\" \/>\n<script type=\"application\/ld+json\" class=\"yoast-schema-graph\">{\"@context\":\"https:\/\/schema.org\",\"@graph\":[{\"@type\":\"Article\",\"@id\":\"https:\/\/jornalfatosenoticias.com.br\/index.php\/2020\/04\/21\/chance-para-a-ousadia\/#article\",\"isPartOf\":{\"@id\":\"https:\/\/jornalfatosenoticias.com.br\/index.php\/2020\/04\/21\/chance-para-a-ousadia\/\"},\"author\":{\"name\":\"Luzimara Fernandes\",\"@id\":\"https:\/\/jornalfatosenoticias.com.br\/#\/schema\/person\/d63837fa13ac8666eb9e74e0985d6f81\"},\"headline\":\"Chance para a ousadia\",\"datePublished\":\"2020-04-21T13:57:02+00:00\",\"dateModified\":\"2020-04-21T13:57:07+00:00\",\"mainEntityOfPage\":{\"@id\":\"https:\/\/jornalfatosenoticias.com.br\/index.php\/2020\/04\/21\/chance-para-a-ousadia\/\"},\"wordCount\":1502,\"commentCount\":0,\"publisher\":{\"@id\":\"https:\/\/jornalfatosenoticias.com.br\/#organization\"},\"image\":{\"@id\":\"https:\/\/jornalfatosenoticias.com.br\/index.php\/2020\/04\/21\/chance-para-a-ousadia\/#primaryimage\"},\"thumbnailUrl\":\"https:\/\/jornalfatosenoticias.com.br\/wp-content\/uploads\/2020\/04\/ararinhas-azuis_biodiversidade.jpg\",\"keywords\":[\"ararinhas-azuis\",\"biodiversidade\",\"ecossistemas\",\"prote\u00e7\u00e3o\",\"sistemas naturais\"],\"articleSection\":[\"Meio ambiente\"],\"inLanguage\":\"pt-BR\",\"potentialAction\":[{\"@type\":\"CommentAction\",\"name\":\"Comment\",\"target\":[\"https:\/\/jornalfatosenoticias.com.br\/index.php\/2020\/04\/21\/chance-para-a-ousadia\/#respond\"]}]},{\"@type\":\"WebPage\",\"@id\":\"https:\/\/jornalfatosenoticias.com.br\/index.php\/2020\/04\/21\/chance-para-a-ousadia\/\",\"url\":\"https:\/\/jornalfatosenoticias.com.br\/index.php\/2020\/04\/21\/chance-para-a-ousadia\/\",\"name\":\"Chance para a ousadia - Jornal Fatos e Not\u00edcias\",\"isPartOf\":{\"@id\":\"https:\/\/jornalfatosenoticias.com.br\/#website\"},\"primaryImageOfPage\":{\"@id\":\"https:\/\/jornalfatosenoticias.com.br\/index.php\/2020\/04\/21\/chance-para-a-ousadia\/#primaryimage\"},\"image\":{\"@id\":\"https:\/\/jornalfatosenoticias.com.br\/index.php\/2020\/04\/21\/chance-para-a-ousadia\/#primaryimage\"},\"thumbnailUrl\":\"https:\/\/jornalfatosenoticias.com.br\/wp-content\/uploads\/2020\/04\/ararinhas-azuis_biodiversidade.jpg\",\"datePublished\":\"2020-04-21T13:57:02+00:00\",\"dateModified\":\"2020-04-21T13:57:07+00:00\",\"breadcrumb\":{\"@id\":\"https:\/\/jornalfatosenoticias.com.br\/index.php\/2020\/04\/21\/chance-para-a-ousadia\/#breadcrumb\"},\"inLanguage\":\"pt-BR\",\"potentialAction\":[{\"@type\":\"ReadAction\",\"target\":[\"https:\/\/jornalfatosenoticias.com.br\/index.php\/2020\/04\/21\/chance-para-a-ousadia\/\"]}]},{\"@type\":\"ImageObject\",\"inLanguage\":\"pt-BR\",\"@id\":\"https:\/\/jornalfatosenoticias.com.br\/index.php\/2020\/04\/21\/chance-para-a-ousadia\/#primaryimage\",\"url\":\"https:\/\/jornalfatosenoticias.com.br\/wp-content\/uploads\/2020\/04\/ararinhas-azuis_biodiversidade.jpg\",\"contentUrl\":\"https:\/\/jornalfatosenoticias.com.br\/wp-content\/uploads\/2020\/04\/ararinhas-azuis_biodiversidade.jpg\",\"width\":1000,\"height\":824},{\"@type\":\"BreadcrumbList\",\"@id\":\"https:\/\/jornalfatosenoticias.com.br\/index.php\/2020\/04\/21\/chance-para-a-ousadia\/#breadcrumb\",\"itemListElement\":[{\"@type\":\"ListItem\",\"position\":1,\"name\":\"In\u00edcio\",\"item\":\"https:\/\/jornalfatosenoticias.com.br\/\"},{\"@type\":\"ListItem\",\"position\":2,\"name\":\"Chance para a ousadia\"}]},{\"@type\":\"WebSite\",\"@id\":\"https:\/\/jornalfatosenoticias.com.br\/#website\",\"url\":\"https:\/\/jornalfatosenoticias.com.br\/\",\"name\":\"Jornal Fatos e Not\u00edcias\",\"description\":\"Not\u00edcias em geral\",\"publisher\":{\"@id\":\"https:\/\/jornalfatosenoticias.com.br\/#organization\"},\"potentialAction\":[{\"@type\":\"SearchAction\",\"target\":{\"@type\":\"EntryPoint\",\"urlTemplate\":\"https:\/\/jornalfatosenoticias.com.br\/?s={search_term_string}\"},\"query-input\":{\"@type\":\"PropertyValueSpecification\",\"valueRequired\":true,\"valueName\":\"search_term_string\"}}],\"inLanguage\":\"pt-BR\"},{\"@type\":\"Organization\",\"@id\":\"https:\/\/jornalfatosenoticias.com.br\/#organization\",\"name\":\"Jornal Fatos e Not\u00edcias\",\"url\":\"https:\/\/jornalfatosenoticias.com.br\/\",\"logo\":{\"@type\":\"ImageObject\",\"inLanguage\":\"pt-BR\",\"@id\":\"https:\/\/jornalfatosenoticias.com.br\/#\/schema\/logo\/image\/\",\"url\":\"https:\/\/jornalfatosenoticias.com.br\/wp-content\/uploads\/2020\/02\/logo120.png\",\"contentUrl\":\"https:\/\/jornalfatosenoticias.com.br\/wp-content\/uploads\/2020\/02\/logo120.png\",\"width\":1227,\"height\":120,\"caption\":\"Jornal Fatos e Not\u00edcias\"},\"image\":{\"@id\":\"https:\/\/jornalfatosenoticias.com.br\/#\/schema\/logo\/image\/\"}},{\"@type\":\"Person\",\"@id\":\"https:\/\/jornalfatosenoticias.com.br\/#\/schema\/person\/d63837fa13ac8666eb9e74e0985d6f81\",\"name\":\"Luzimara Fernandes\",\"image\":{\"@type\":\"ImageObject\",\"inLanguage\":\"pt-BR\",\"@id\":\"https:\/\/jornalfatosenoticias.com.br\/#\/schema\/person\/image\/\",\"url\":\"https:\/\/jornalfatosenoticias.com.br\/wp-content\/uploads\/2025\/05\/EU_portal.jpg\",\"contentUrl\":\"https:\/\/jornalfatosenoticias.com.br\/wp-content\/uploads\/2025\/05\/EU_portal.jpg\",\"caption\":\"Luzimara Fernandes\"},\"description\":\"Jornalista MTB 2358-ES\",\"sameAs\":[\"https:\/\/jornalfatosenoticias.com.br\"],\"url\":\"https:\/\/jornalfatosenoticias.com.br\/index.php\/author\/luzimara\/\"}]}<\/script>\n<!-- \/ Yoast SEO plugin. -->","yoast_head_json":{"title":"Chance para a ousadia - Jornal Fatos e Not\u00edcias","robots":{"index":"index","follow":"follow","max-snippet":"max-snippet:-1","max-image-preview":"max-image-preview:large","max-video-preview":"max-video-preview:-1"},"canonical":"https:\/\/jornalfatosenoticias.com.br\/index.php\/2020\/04\/21\/chance-para-a-ousadia\/","og_locale":"pt_BR","og_type":"article","og_title":"Chance para a ousadia - Jornal Fatos e Not\u00edcias","og_description":"Plano global vai tra\u00e7ar metas para 10 anos, a fim de estabilizar as perdas da biodiversidade, e de 30 anos, com a ambi\u00e7\u00e3o de revert\u00ea-las Come\u00e7ou a contagem regressiva para a apresenta\u00e7\u00e3o das novas metas globais para prote\u00e7\u00e3o e restaura\u00e7\u00e3o da biodiversidade. Em 2010, a 10\u00aa Confer\u00eancia das Partes (COP) da Conven\u00e7\u00e3o da Diversidade Biol\u00f3gica [&hellip;]","og_url":"https:\/\/jornalfatosenoticias.com.br\/index.php\/2020\/04\/21\/chance-para-a-ousadia\/","og_site_name":"Jornal Fatos e Not\u00edcias","article_published_time":"2020-04-21T13:57:02+00:00","article_modified_time":"2020-04-21T13:57:07+00:00","og_image":[{"width":1000,"height":824,"url":"https:\/\/jornalfatosenoticias.com.br\/wp-content\/uploads\/2020\/04\/ararinhas-azuis_biodiversidade.jpg","type":"image\/jpeg"}],"author":"Luzimara Fernandes","twitter_card":"summary_large_image","twitter_misc":{"Escrito por":"Luzimara Fernandes","Est. tempo de leitura":"7 minutos"},"schema":{"@context":"https:\/\/schema.org","@graph":[{"@type":"Article","@id":"https:\/\/jornalfatosenoticias.com.br\/index.php\/2020\/04\/21\/chance-para-a-ousadia\/#article","isPartOf":{"@id":"https:\/\/jornalfatosenoticias.com.br\/index.php\/2020\/04\/21\/chance-para-a-ousadia\/"},"author":{"name":"Luzimara Fernandes","@id":"https:\/\/jornalfatosenoticias.com.br\/#\/schema\/person\/d63837fa13ac8666eb9e74e0985d6f81"},"headline":"Chance para a ousadia","datePublished":"2020-04-21T13:57:02+00:00","dateModified":"2020-04-21T13:57:07+00:00","mainEntityOfPage":{"@id":"https:\/\/jornalfatosenoticias.com.br\/index.php\/2020\/04\/21\/chance-para-a-ousadia\/"},"wordCount":1502,"commentCount":0,"publisher":{"@id":"https:\/\/jornalfatosenoticias.com.br\/#organization"},"image":{"@id":"https:\/\/jornalfatosenoticias.com.br\/index.php\/2020\/04\/21\/chance-para-a-ousadia\/#primaryimage"},"thumbnailUrl":"https:\/\/jornalfatosenoticias.com.br\/wp-content\/uploads\/2020\/04\/ararinhas-azuis_biodiversidade.jpg","keywords":["ararinhas-azuis","biodiversidade","ecossistemas","prote\u00e7\u00e3o","sistemas naturais"],"articleSection":["Meio ambiente"],"inLanguage":"pt-BR","potentialAction":[{"@type":"CommentAction","name":"Comment","target":["https:\/\/jornalfatosenoticias.com.br\/index.php\/2020\/04\/21\/chance-para-a-ousadia\/#respond"]}]},{"@type":"WebPage","@id":"https:\/\/jornalfatosenoticias.com.br\/index.php\/2020\/04\/21\/chance-para-a-ousadia\/","url":"https:\/\/jornalfatosenoticias.com.br\/index.php\/2020\/04\/21\/chance-para-a-ousadia\/","name":"Chance para a ousadia - Jornal Fatos e Not\u00edcias","isPartOf":{"@id":"https:\/\/jornalfatosenoticias.com.br\/#website"},"primaryImageOfPage":{"@id":"https:\/\/jornalfatosenoticias.com.br\/index.php\/2020\/04\/21\/chance-para-a-ousadia\/#primaryimage"},"image":{"@id":"https:\/\/jornalfatosenoticias.com.br\/index.php\/2020\/04\/21\/chance-para-a-ousadia\/#primaryimage"},"thumbnailUrl":"https:\/\/jornalfatosenoticias.com.br\/wp-content\/uploads\/2020\/04\/ararinhas-azuis_biodiversidade.jpg","datePublished":"2020-04-21T13:57:02+00:00","dateModified":"2020-04-21T13:57:07+00:00","breadcrumb":{"@id":"https:\/\/jornalfatosenoticias.com.br\/index.php\/2020\/04\/21\/chance-para-a-ousadia\/#breadcrumb"},"inLanguage":"pt-BR","potentialAction":[{"@type":"ReadAction","target":["https:\/\/jornalfatosenoticias.com.br\/index.php\/2020\/04\/21\/chance-para-a-ousadia\/"]}]},{"@type":"ImageObject","inLanguage":"pt-BR","@id":"https:\/\/jornalfatosenoticias.com.br\/index.php\/2020\/04\/21\/chance-para-a-ousadia\/#primaryimage","url":"https:\/\/jornalfatosenoticias.com.br\/wp-content\/uploads\/2020\/04\/ararinhas-azuis_biodiversidade.jpg","contentUrl":"https:\/\/jornalfatosenoticias.com.br\/wp-content\/uploads\/2020\/04\/ararinhas-azuis_biodiversidade.jpg","width":1000,"height":824},{"@type":"BreadcrumbList","@id":"https:\/\/jornalfatosenoticias.com.br\/index.php\/2020\/04\/21\/chance-para-a-ousadia\/#breadcrumb","itemListElement":[{"@type":"ListItem","position":1,"name":"In\u00edcio","item":"https:\/\/jornalfatosenoticias.com.br\/"},{"@type":"ListItem","position":2,"name":"Chance para a ousadia"}]},{"@type":"WebSite","@id":"https:\/\/jornalfatosenoticias.com.br\/#website","url":"https:\/\/jornalfatosenoticias.com.br\/","name":"Jornal Fatos e Not\u00edcias","description":"Not\u00edcias em geral","publisher":{"@id":"https:\/\/jornalfatosenoticias.com.br\/#organization"},"potentialAction":[{"@type":"SearchAction","target":{"@type":"EntryPoint","urlTemplate":"https:\/\/jornalfatosenoticias.com.br\/?s={search_term_string}"},"query-input":{"@type":"PropertyValueSpecification","valueRequired":true,"valueName":"search_term_string"}}],"inLanguage":"pt-BR"},{"@type":"Organization","@id":"https:\/\/jornalfatosenoticias.com.br\/#organization","name":"Jornal Fatos e Not\u00edcias","url":"https:\/\/jornalfatosenoticias.com.br\/","logo":{"@type":"ImageObject","inLanguage":"pt-BR","@id":"https:\/\/jornalfatosenoticias.com.br\/#\/schema\/logo\/image\/","url":"https:\/\/jornalfatosenoticias.com.br\/wp-content\/uploads\/2020\/02\/logo120.png","contentUrl":"https:\/\/jornalfatosenoticias.com.br\/wp-content\/uploads\/2020\/02\/logo120.png","width":1227,"height":120,"caption":"Jornal Fatos e Not\u00edcias"},"image":{"@id":"https:\/\/jornalfatosenoticias.com.br\/#\/schema\/logo\/image\/"}},{"@type":"Person","@id":"https:\/\/jornalfatosenoticias.com.br\/#\/schema\/person\/d63837fa13ac8666eb9e74e0985d6f81","name":"Luzimara Fernandes","image":{"@type":"ImageObject","inLanguage":"pt-BR","@id":"https:\/\/jornalfatosenoticias.com.br\/#\/schema\/person\/image\/","url":"https:\/\/jornalfatosenoticias.com.br\/wp-content\/uploads\/2025\/05\/EU_portal.jpg","contentUrl":"https:\/\/jornalfatosenoticias.com.br\/wp-content\/uploads\/2025\/05\/EU_portal.jpg","caption":"Luzimara Fernandes"},"description":"Jornalista MTB 2358-ES","sameAs":["https:\/\/jornalfatosenoticias.com.br"],"url":"https:\/\/jornalfatosenoticias.com.br\/index.php\/author\/luzimara\/"}]}},"cc_featured_image_caption":{"caption_text":"(Foto: Felipe Sucasas\/Ag\u00eancia Vale)","source_text":"","source_url":""},"jetpack_featured_media_url":"https:\/\/jornalfatosenoticias.com.br\/wp-content\/uploads\/2020\/04\/ararinhas-azuis_biodiversidade.jpg","_links":{"self":[{"href":"https:\/\/jornalfatosenoticias.com.br\/index.php\/wp-json\/wp\/v2\/posts\/3447","targetHints":{"allow":["GET"]}}],"collection":[{"href":"https:\/\/jornalfatosenoticias.com.br\/index.php\/wp-json\/wp\/v2\/posts"}],"about":[{"href":"https:\/\/jornalfatosenoticias.com.br\/index.php\/wp-json\/wp\/v2\/types\/post"}],"author":[{"embeddable":true,"href":"https:\/\/jornalfatosenoticias.com.br\/index.php\/wp-json\/wp\/v2\/users\/2"}],"replies":[{"embeddable":true,"href":"https:\/\/jornalfatosenoticias.com.br\/index.php\/wp-json\/wp\/v2\/comments?post=3447"}],"version-history":[{"count":0,"href":"https:\/\/jornalfatosenoticias.com.br\/index.php\/wp-json\/wp\/v2\/posts\/3447\/revisions"}],"wp:featuredmedia":[{"embeddable":true,"href":"https:\/\/jornalfatosenoticias.com.br\/index.php\/wp-json\/wp\/v2\/media\/3448"}],"wp:attachment":[{"href":"https:\/\/jornalfatosenoticias.com.br\/index.php\/wp-json\/wp\/v2\/media?parent=3447"}],"wp:term":[{"taxonomy":"category","embeddable":true,"href":"https:\/\/jornalfatosenoticias.com.br\/index.php\/wp-json\/wp\/v2\/categories?post=3447"},{"taxonomy":"post_tag","embeddable":true,"href":"https:\/\/jornalfatosenoticias.com.br\/index.php\/wp-json\/wp\/v2\/tags?post=3447"}],"curies":[{"name":"wp","href":"https:\/\/api.w.org\/{rel}","templated":true}]}}