{"id":34483,"date":"2022-09-23T11:05:05","date_gmt":"2022-09-23T14:05:05","guid":{"rendered":"https:\/\/jornalfatosenoticias.com.br\/?p=34483"},"modified":"2022-09-23T11:05:07","modified_gmt":"2022-09-23T14:05:07","slug":"estudante-brasileira-e-premiada-por-estudo-sobre-bio-oleo","status":"publish","type":"post","link":"https:\/\/jornalfatosenoticias.com.br\/index.php\/2022\/09\/23\/estudante-brasileira-e-premiada-por-estudo-sobre-bio-oleo\/","title":{"rendered":"Estudante brasileira \u00e9 premiada por estudo sobre bio-\u00f3leo"},"content":{"rendered":"\n<p><em><span class=\"has-inline-color has-black-color\">A subst\u00e2ncia tem grande potencial de aplica\u00e7\u00e3o para obten\u00e7\u00e3o de produtos similares aos de origem f\u00f3ssil<\/span><\/em><\/p>\n\n\n\n<div class=\"wp-block-image\"><figure class=\"aligncenter size-large\"><img loading=\"lazy\" decoding=\"async\" width=\"1024\" height=\"103\" src=\"https:\/\/jornalfatosenoticias.com.br\/wp-content\/uploads\/2022\/02\/Arte-Autoescola-Galatas_endereco_portal-1024x103.png\" alt=\"\" class=\"wp-image-27869\" srcset=\"https:\/\/jornalfatosenoticias.com.br\/wp-content\/uploads\/2022\/02\/Arte-Autoescola-Galatas_endereco_portal-1024x103.png 1024w, https:\/\/jornalfatosenoticias.com.br\/wp-content\/uploads\/2022\/02\/Arte-Autoescola-Galatas_endereco_portal-300x30.png 300w, https:\/\/jornalfatosenoticias.com.br\/wp-content\/uploads\/2022\/02\/Arte-Autoescola-Galatas_endereco_portal-768x77.png 768w, https:\/\/jornalfatosenoticias.com.br\/wp-content\/uploads\/2022\/02\/Arte-Autoescola-Galatas_endereco_portal.png 1223w\" sizes=\"auto, (max-width: 1024px) 100vw, 1024px\" \/><\/figure><\/div>\n\n\n\n<p>O bio-\u00f3leo \u00e9 um material semelhante ao petr\u00f3leo, oriundo da biomassa (restos de animais e vegetais). A subst\u00e2ncia tem grande potencial de aplica\u00e7\u00e3o para obten\u00e7\u00e3o de produtos similares aos de origem f\u00f3ssil, que vemos no mercado. Entretanto, por ser quimicamente inst\u00e1vel, h\u00e1 bastante dificuldade em aplic\u00e1-lo industrialmente. Uma das formas de simplificar o aproveitamento das diversas potencialidades do bio-\u00f3leo proveniente da <a href=\"https:\/\/ciclovivo.com.br\/fique-ligado\/e-books\/mogno-ou-cedro-livro-online-ajuda-a-identificar-madeira-ilegal\/\" target=\"_blank\" rel=\"noreferrer noopener\">madeira<\/a> \u00e9 estudada pela Engenharia Florestal e envolve o fracionamento desse produto, que consiste na separa\u00e7\u00e3o de fases que o constituem.<\/p>\n\n\n\n<div class=\"wp-block-image\"><figure class=\"alignleft size-large\"><img loading=\"lazy\" decoding=\"async\" width=\"300\" height=\"250\" src=\"https:\/\/jornalfatosenoticias.com.br\/wp-content\/uploads\/2022\/08\/arte-Casarao.jpg\" alt=\"\" class=\"wp-image-33178\"\/><\/figure><\/div>\n\n\n\n<p>Ap\u00f3s concluir, em sua disserta\u00e7\u00e3o de mestrado, que a fase aquosa, oriunda do fracionamento em \u00e1gua fria do bio-\u00f3leo, pode ser aproveitada como um coproduto de natureza hidrossol\u00favel e <a href=\"https:\/\/ciclovivo.com.br\/planeta\/energia\/empresas-se-unem-para-produzir-hidrogenio-renovavel-no-brasil\/\" target=\"_blank\" rel=\"noreferrer noopener\">renov\u00e1vel<\/a>, a agora doutoranda do Programa de P\u00f3s-gradua\u00e7\u00e3o em Engenharia Florestal da Universidade Federal do Paran\u00e1 (UFPR), Ivana Amorim Dias, est\u00e1 desenvolvendo uma solu\u00e7\u00e3o de inova\u00e7\u00e3o de purifica\u00e7\u00e3o de compostos de alto valor agregado a partir da fase sol\u00favel do bio-\u00f3leo.<\/p>\n\n\n\n<div class=\"wp-block-jetpack-tiled-gallery aligncenter is-style-rectangular\"><div class=\"tiled-gallery__gallery\"><div class=\"tiled-gallery__row\"><div class=\"tiled-gallery__col\" style=\"flex-basis:45.47215108834827%\"><figure class=\"tiled-gallery__item\"><img decoding=\"async\" alt=\"\" data-height=\"300\" data-id=\"34472\" data-link=\"https:\/\/jornalfatosenoticias.com.br\/index.php\/sa_slider\/1070\/casa-do-torresmo_portal\/\" data-url=\"https:\/\/jornalfatosenoticias.com.br\/wp-content\/uploads\/2020\/02\/casa-do-torresmo_portal.jpg\" data-width=\"300\" src=\"https:\/\/i0.wp.com\/jornalfatosenoticias.com.br\/wp-content\/uploads\/2020\/02\/casa-do-torresmo_portal.jpg?ssl=1\" layout=\"responsive\"\/><\/figure><\/div><div class=\"tiled-gallery__col\" style=\"flex-basis:54.52784891165172%\"><figure class=\"tiled-gallery__item\"><img decoding=\"async\" alt=\"\" data-height=\"250\" data-id=\"1214\" data-link=\"https:\/\/jornalfatosenoticias.com.br\/index.php\/sa_slider\/1070\/logo_esteio\/\" data-url=\"https:\/\/jornalfatosenoticias.com.br\/wp-content\/uploads\/2020\/02\/logo_esteio.jpg\" data-width=\"300\" src=\"https:\/\/i2.wp.com\/jornalfatosenoticias.com.br\/wp-content\/uploads\/2020\/02\/logo_esteio.jpg?ssl=1\" layout=\"responsive\"\/><\/figure><\/div><\/div><\/div><\/div>\n\n\n\n<figure class=\"wp-block-pullquote\"><blockquote><p><span class=\"has-inline-color has-luminous-vivid-orange-color\">Aplicamos ao bio-\u00f3leo uma t\u00e9cnica chamada fracionamento, em que quebramos a emuls\u00e3o que o comp\u00f5e. Assim, \u00e9 poss\u00edvel reduzir a reatividade e acessar as fases polar e apolar separadamente, visto que cada uma tem aplicabilidades distintas\u201d, explica Ivana, que desenvolve o estudo com aux\u00edlio de seu orientador, Pedro Henrique Gonzalez de Cademartori.<\/span><\/p><\/blockquote><\/figure>\n\n\n\n<div class=\"wp-block-image\"><figure class=\"aligncenter size-large is-resized\"><img loading=\"lazy\" decoding=\"async\" src=\"https:\/\/jornalfatosenoticias.com.br\/wp-content\/uploads\/2020\/02\/Serra-Grande-1024x160.png\" alt=\"\" class=\"wp-image-7836\" width=\"542\" height=\"84\"\/><\/figure><\/div>\n\n\n\n<figure class=\"wp-block-image size-large\"><img loading=\"lazy\" decoding=\"async\" width=\"817\" height=\"1000\" src=\"https:\/\/jornalfatosenoticias.com.br\/wp-content\/uploads\/2022\/09\/bio-oleo-2.jpg\" alt=\"\" class=\"wp-image-34484\" srcset=\"https:\/\/jornalfatosenoticias.com.br\/wp-content\/uploads\/2022\/09\/bio-oleo-2.jpg 817w, https:\/\/jornalfatosenoticias.com.br\/wp-content\/uploads\/2022\/09\/bio-oleo-2-245x300.jpg 245w, https:\/\/jornalfatosenoticias.com.br\/wp-content\/uploads\/2022\/09\/bio-oleo-2-768x940.jpg 768w\" sizes=\"auto, (max-width: 817px) 100vw, 817px\" \/><figcaption><em><span class=\"has-inline-color has-black-color\">Ivana representar\u00e1 a UFPR e o Brasil na etapa internacional do Blue Sky Young Researchers and Innovation (Foto: UFPR)<\/span><\/em><\/figcaption><\/figure>\n\n\n\n<p>A fase sol\u00favel do material tem, em sua composi\u00e7\u00e3o qu\u00edmica, a\u00e7\u00facares e alguns fen\u00f3is de menor peso molecular que s\u00e3o valorizados do ponto de vista industrial. Isso porque t\u00eam grandes aplicabilidades, podendo ser utilizados em pl\u00e1sticos biodegrad\u00e1veis, f\u00e1rmacos, cosm\u00e9ticos, aditivos aliment\u00edcios e at\u00e9 <a href=\"https:\/\/ciclovivo.com.br\/planeta\/desenvolvimento\/cientistas-da-usp-estao-mais-perto-de-transformar-co2-em-combustiveis\/\" target=\"_blank\" rel=\"noreferrer noopener\">combust\u00edveis<\/a>.<\/p>\n\n\n\n<div class=\"wp-block-jetpack-tiled-gallery aligncenter is-style-rectangular\"><div class=\"tiled-gallery__gallery\"><div class=\"tiled-gallery__row\"><div class=\"tiled-gallery__col\" style=\"flex-basis:44.838839857808665%\"><figure class=\"tiled-gallery__item\"><img decoding=\"async\" alt=\"\" data-height=\"433\" data-id=\"22331\" data-link=\"https:\/\/jornalfatosenoticias.com.br\/index.php\/sa_slider\/1070\/nova-logo-marquetti\/\" data-url=\"https:\/\/jornalfatosenoticias.com.br\/wp-content\/uploads\/2020\/02\/nova-logo-Marquetti.jpg\" data-width=\"643\" src=\"https:\/\/i2.wp.com\/jornalfatosenoticias.com.br\/wp-content\/uploads\/2020\/02\/nova-logo-Marquetti.jpg?ssl=1\" layout=\"responsive\"\/><\/figure><\/div><div class=\"tiled-gallery__col\" style=\"flex-basis:55.161160142191335%\"><figure class=\"tiled-gallery__item\"><img decoding=\"async\" alt=\"\" data-height=\"667\" data-id=\"34303\" data-link=\"https:\/\/jornalfatosenoticias.com.br\/index.php\/2022\/09\/16\/enade-tem-nota-maxima-para-6-dos-cursos-presenciais-e-so-para-2-dos-a-distancia\/barao-das-carnes\/\" data-url=\"https:\/\/jornalfatosenoticias.com.br\/wp-content\/uploads\/2022\/09\/barao-das-carnes.jpg\" data-width=\"1220\" src=\"https:\/\/i0.wp.com\/jornalfatosenoticias.com.br\/wp-content\/uploads\/2022\/09\/barao-das-carnes.jpg?ssl=1\" layout=\"responsive\"\/><\/figure><\/div><\/div><\/div><\/div>\n\n\n\n<figure class=\"wp-block-pullquote\"><blockquote><p><span class=\"has-inline-color has-luminous-vivid-orange-color\">A solu\u00e7\u00e3o de inova\u00e7\u00e3o \u00e9 promover uma via de obten\u00e7\u00e3o desses compostos presentes na fase sol\u00favel em um sistema c\u00edclico, com baixa gera\u00e7\u00e3o de efluentes e res\u00edduos, promovendo o aproveitamento eficiente dos recursos ambientais, al\u00e9m de reduzir a press\u00e3o de demanda por materiais de origem <a href=\"https:\/\/ciclovivo.com.br\/planeta\/energia\/descarbonizar-energia-poupara-us-12-trilhoes-ate-2050-diz-oxford\/\" target=\"_blank\" rel=\"noreferrer noopener\">f\u00f3ssil<\/a>&nbsp;e as&nbsp;<a href=\"https:\/\/ciclovivo.com.br\/planeta\/crise-climatica\/dinamarca-faz-acordo-historico-para-taxar-carbono-das-empresas\/\" target=\"_blank\" rel=\"noreferrer noopener\">emiss\u00f5es de carbono<\/a>\u201d, afirma a doutoranda.<\/span><\/p><\/blockquote><\/figure>\n\n\n\n<div class=\"wp-block-image\"><figure class=\"aligncenter size-large\"><img loading=\"lazy\" decoding=\"async\" width=\"729\" height=\"90\" src=\"https:\/\/jornalfatosenoticias.com.br\/wp-content\/uploads\/2020\/02\/Logo_Mizu.png\" alt=\"\" class=\"wp-image-1441\" srcset=\"https:\/\/jornalfatosenoticias.com.br\/wp-content\/uploads\/2020\/02\/Logo_Mizu.png 729w, https:\/\/jornalfatosenoticias.com.br\/wp-content\/uploads\/2020\/02\/Logo_Mizu-300x37.png 300w\" sizes=\"auto, (max-width: 729px) 100vw, 729px\" \/><\/figure><\/div>\n\n\n\n<p><strong><span class=\"has-inline-color has-vivid-purple-color\">Premiada<br><\/span><\/strong>A proposta de Ivana foi a campe\u00e3 da etapa nacional do pr\u00eamio <em>Blue Sky Young Researchers and Innovation Awards 2022-2023,<\/em> promovido pela Ind\u00fastria Brasileira de \u00c1rvores (IBA) e pelo <em>International Council for Forest and Paper Associations<\/em> (ICFPA).<br>O objetivo do pr\u00eamio \u00e9 selecionar jovens pesquisadores, estudantes e profissionais que tenham promovido projetos inovadores que possam contribuir para o desenvolvimento da <a href=\"https:\/\/ciclovivo.com.br\/inovacao\/negocios\/restauracao-florestal-mata-atlantica-negocios\/\" target=\"_blank\" rel=\"noreferrer noopener\">ind\u00fastria de base florestal<\/a> mundial. O tema desta edi\u00e7\u00e3o \u00e9 \u201cConstruindo uma economia de baixo carbono com florestas e produtos florestais positivos para o clima\u201d.<\/p>\n\n\n\n<figure class=\"wp-block-gallery columns-2 is-cropped wp-block-gallery-1 is-layout-flex wp-block-gallery-is-layout-flex\"><ul class=\"blocks-gallery-grid\"><li class=\"blocks-gallery-item\"><figure><img loading=\"lazy\" decoding=\"async\" width=\"400\" height=\"277\" src=\"https:\/\/jornalfatosenoticias.com.br\/wp-content\/uploads\/2020\/02\/logo-Panper_portal.jpg\" alt=\"\" data-id=\"34474\" data-full-url=\"https:\/\/jornalfatosenoticias.com.br\/wp-content\/uploads\/2020\/02\/logo-Panper_portal.jpg\" data-link=\"https:\/\/jornalfatosenoticias.com.br\/index.php\/sa_slider\/1070\/logo-panper_portal\/\" class=\"wp-image-34474\" srcset=\"https:\/\/jornalfatosenoticias.com.br\/wp-content\/uploads\/2020\/02\/logo-Panper_portal.jpg 400w, https:\/\/jornalfatosenoticias.com.br\/wp-content\/uploads\/2020\/02\/logo-Panper_portal-300x208.jpg 300w\" sizes=\"auto, (max-width: 400px) 100vw, 400px\" \/><\/figure><\/li><li class=\"blocks-gallery-item\"><figure><img decoding=\"async\" src=\"https:\/\/jornalfatosenoticias.com.br\/wp-content\/uploads\/2022\/02\/Precisao-Contabilidade-1024x724.jpg\" alt=\"\" data-id=\"28088\" data-full-url=\"https:\/\/jornalfatosenoticias.com.br\/wp-content\/uploads\/2022\/02\/Precisao-Contabilidade.jpg\" data-link=\"https:\/\/jornalfatosenoticias.com.br\/index.php\/2022\/02\/21\/apos-aval-do-governo-bolsonaro-anac-divulga-homologacao-do-aeroporto-de-linhares\/precisao-contabilidade\/\" class=\"wp-image-28088\"\/><\/figure><\/li><\/ul><\/figure>\n\n\n\n<p>A etapa regional, realizada em S\u00e3o Paulo, concede ao jovem com o projeto mais inovador um pr\u00eamio no valor de R$ 8 mil. O orientador do projeto tamb\u00e9m recebe <a href=\"https:\/\/ciclovivo.com.br\/inovacao\/inspiracao\/alunas-criam-absorvente-com-residuos-industriais-e-vencem-premiacao\/\" target=\"_blank\" rel=\"noreferrer noopener\">premia\u00e7\u00e3o<\/a> no valor de R$ 5 mil. Agora Ivana representar\u00e1 a UFPR na etapa internacional, em que ter\u00e1 a oportunidade de apresentar seu projeto aos presidentes de empresas mundiais do setor florestal, no final de 2022.<\/p>\n\n\n\n<div class=\"wp-block-jetpack-tiled-gallery aligncenter is-style-rectangular\"><div class=\"tiled-gallery__gallery\"><div class=\"tiled-gallery__row\"><div class=\"tiled-gallery__col\" style=\"flex-basis:51.182481477857124%\"><figure class=\"tiled-gallery__item\"><img decoding=\"async\" alt=\"\" data-height=\"226\" data-id=\"34101\" data-link=\"https:\/\/jornalfatosenoticias.com.br\/index.php\/sa_slider\/1070\/logo-ana_portal\/\" data-url=\"https:\/\/jornalfatosenoticias.com.br\/wp-content\/uploads\/2020\/02\/logo-Ana_portal.jpg\" data-width=\"300\" src=\"https:\/\/i2.wp.com\/jornalfatosenoticias.com.br\/wp-content\/uploads\/2020\/02\/logo-Ana_portal.jpg?ssl=1\" layout=\"responsive\"\/><\/figure><\/div><div class=\"tiled-gallery__col\" style=\"flex-basis:48.81751852214287%\"><figure class=\"tiled-gallery__item\"><img decoding=\"async\" alt=\"\" data-height=\"237\" data-id=\"32994\" data-link=\"https:\/\/jornalfatosenoticias.com.br\/index.php\/sa_slider\/1070\/seventur-turismo-2\/\" data-url=\"https:\/\/jornalfatosenoticias.com.br\/wp-content\/uploads\/2020\/02\/SEVENTUR-TURISMO.jpg\" data-width=\"300\" src=\"https:\/\/i1.wp.com\/jornalfatosenoticias.com.br\/wp-content\/uploads\/2020\/02\/SEVENTUR-TURISMO.jpg?ssl=1\" layout=\"responsive\"\/><\/figure><\/div><\/div><\/div><\/div>\n\n\n\n<p><em><strong>Fonte: <a href=\"https:\/\/ciclovivo.com.br\/inovacao\/tecnologia\/estudante-brasileira-e-premiada-por-estudo-sobre-bio-oleo\/\">CicloVivo<\/a><\/strong><\/em><\/p>\n","protected":false},"excerpt":{"rendered":"<p>A subst\u00e2ncia tem grande potencial de aplica\u00e7\u00e3o para obten\u00e7\u00e3o de produtos similares aos de origem f\u00f3ssil O bio-\u00f3leo \u00e9 um material semelhante ao petr\u00f3leo, oriundo da biomassa (restos de animais e vegetais). A subst\u00e2ncia tem grande potencial de aplica\u00e7\u00e3o para obten\u00e7\u00e3o de produtos similares aos de origem f\u00f3ssil, que vemos no mercado. Entretanto, por ser [&hellip;]<\/p>\n","protected":false},"author":2,"featured_media":34486,"comment_status":"open","ping_status":"open","sticky":false,"template":"","format":"standard","meta":{"footnotes":""},"categories":[2,7],"tags":[16181,166,5153,7932],"class_list":["post-34483","post","type-post","status-publish","format-standard","has-post-thumbnail","hentry","category-ciencia","category-educacao","tag-bio-oleo","tag-ciencia","tag-estudantes-brasileiros","tag-ufpr"],"yoast_head":"<!-- This site is optimized with the Yoast SEO plugin v26.5 - https:\/\/yoast.com\/wordpress\/plugins\/seo\/ -->\n<title>Estudante brasileira \u00e9 premiada por estudo sobre bio-\u00f3leo - Jornal Fatos e Not\u00edcias<\/title>\n<meta name=\"robots\" content=\"index, follow, max-snippet:-1, max-image-preview:large, max-video-preview:-1\" \/>\n<link rel=\"canonical\" href=\"https:\/\/jornalfatosenoticias.com.br\/index.php\/2022\/09\/23\/estudante-brasileira-e-premiada-por-estudo-sobre-bio-oleo\/\" \/>\n<meta property=\"og:locale\" content=\"pt_BR\" \/>\n<meta property=\"og:type\" content=\"article\" \/>\n<meta property=\"og:title\" content=\"Estudante brasileira \u00e9 premiada por estudo sobre bio-\u00f3leo - Jornal Fatos e Not\u00edcias\" \/>\n<meta property=\"og:description\" content=\"A subst\u00e2ncia tem grande potencial de aplica\u00e7\u00e3o para obten\u00e7\u00e3o de produtos similares aos de origem f\u00f3ssil O bio-\u00f3leo \u00e9 um material semelhante ao petr\u00f3leo, oriundo da biomassa (restos de animais e vegetais). A subst\u00e2ncia tem grande potencial de aplica\u00e7\u00e3o para obten\u00e7\u00e3o de produtos similares aos de origem f\u00f3ssil, que vemos no mercado. Entretanto, por ser [&hellip;]\" \/>\n<meta property=\"og:url\" content=\"https:\/\/jornalfatosenoticias.com.br\/index.php\/2022\/09\/23\/estudante-brasileira-e-premiada-por-estudo-sobre-bio-oleo\/\" \/>\n<meta property=\"og:site_name\" content=\"Jornal Fatos e Not\u00edcias\" \/>\n<meta property=\"article:published_time\" content=\"2022-09-23T14:05:05+00:00\" \/>\n<meta property=\"article:modified_time\" content=\"2022-09-23T14:05:07+00:00\" \/>\n<meta property=\"og:image\" content=\"https:\/\/jornalfatosenoticias.com.br\/wp-content\/uploads\/2022\/09\/bio-oleo-1.jpg\" \/>\n\t<meta property=\"og:image:width\" content=\"1000\" \/>\n\t<meta property=\"og:image:height\" content=\"577\" \/>\n\t<meta property=\"og:image:type\" content=\"image\/jpeg\" \/>\n<meta name=\"author\" content=\"Luzimara Fernandes\" \/>\n<meta name=\"twitter:card\" content=\"summary_large_image\" \/>\n<meta name=\"twitter:label1\" content=\"Escrito por\" \/>\n\t<meta name=\"twitter:data1\" content=\"Luzimara Fernandes\" \/>\n\t<meta name=\"twitter:label2\" content=\"Est. tempo de leitura\" \/>\n\t<meta name=\"twitter:data2\" content=\"3 minutos\" \/>\n<script type=\"application\/ld+json\" class=\"yoast-schema-graph\">{\"@context\":\"https:\/\/schema.org\",\"@graph\":[{\"@type\":\"Article\",\"@id\":\"https:\/\/jornalfatosenoticias.com.br\/index.php\/2022\/09\/23\/estudante-brasileira-e-premiada-por-estudo-sobre-bio-oleo\/#article\",\"isPartOf\":{\"@id\":\"https:\/\/jornalfatosenoticias.com.br\/index.php\/2022\/09\/23\/estudante-brasileira-e-premiada-por-estudo-sobre-bio-oleo\/\"},\"author\":{\"name\":\"Luzimara Fernandes\",\"@id\":\"https:\/\/jornalfatosenoticias.com.br\/#\/schema\/person\/d63837fa13ac8666eb9e74e0985d6f81\"},\"headline\":\"Estudante brasileira \u00e9 premiada por estudo sobre bio-\u00f3leo\",\"datePublished\":\"2022-09-23T14:05:05+00:00\",\"dateModified\":\"2022-09-23T14:05:07+00:00\",\"mainEntityOfPage\":{\"@id\":\"https:\/\/jornalfatosenoticias.com.br\/index.php\/2022\/09\/23\/estudante-brasileira-e-premiada-por-estudo-sobre-bio-oleo\/\"},\"wordCount\":556,\"commentCount\":0,\"publisher\":{\"@id\":\"https:\/\/jornalfatosenoticias.com.br\/#organization\"},\"image\":{\"@id\":\"https:\/\/jornalfatosenoticias.com.br\/index.php\/2022\/09\/23\/estudante-brasileira-e-premiada-por-estudo-sobre-bio-oleo\/#primaryimage\"},\"thumbnailUrl\":\"https:\/\/jornalfatosenoticias.com.br\/wp-content\/uploads\/2022\/09\/bio-oleo-1.jpg\",\"keywords\":[\"bio-\u00f3leo\",\"ci\u00eancia\",\"estudantes brasileiros\",\"UFPR\"],\"articleSection\":[\"Ci\u00eancia\",\"Educa\u00e7\u00e3o\"],\"inLanguage\":\"pt-BR\",\"potentialAction\":[{\"@type\":\"CommentAction\",\"name\":\"Comment\",\"target\":[\"https:\/\/jornalfatosenoticias.com.br\/index.php\/2022\/09\/23\/estudante-brasileira-e-premiada-por-estudo-sobre-bio-oleo\/#respond\"]}]},{\"@type\":\"WebPage\",\"@id\":\"https:\/\/jornalfatosenoticias.com.br\/index.php\/2022\/09\/23\/estudante-brasileira-e-premiada-por-estudo-sobre-bio-oleo\/\",\"url\":\"https:\/\/jornalfatosenoticias.com.br\/index.php\/2022\/09\/23\/estudante-brasileira-e-premiada-por-estudo-sobre-bio-oleo\/\",\"name\":\"Estudante brasileira \u00e9 premiada por estudo sobre bio-\u00f3leo - Jornal Fatos e Not\u00edcias\",\"isPartOf\":{\"@id\":\"https:\/\/jornalfatosenoticias.com.br\/#website\"},\"primaryImageOfPage\":{\"@id\":\"https:\/\/jornalfatosenoticias.com.br\/index.php\/2022\/09\/23\/estudante-brasileira-e-premiada-por-estudo-sobre-bio-oleo\/#primaryimage\"},\"image\":{\"@id\":\"https:\/\/jornalfatosenoticias.com.br\/index.php\/2022\/09\/23\/estudante-brasileira-e-premiada-por-estudo-sobre-bio-oleo\/#primaryimage\"},\"thumbnailUrl\":\"https:\/\/jornalfatosenoticias.com.br\/wp-content\/uploads\/2022\/09\/bio-oleo-1.jpg\",\"datePublished\":\"2022-09-23T14:05:05+00:00\",\"dateModified\":\"2022-09-23T14:05:07+00:00\",\"breadcrumb\":{\"@id\":\"https:\/\/jornalfatosenoticias.com.br\/index.php\/2022\/09\/23\/estudante-brasileira-e-premiada-por-estudo-sobre-bio-oleo\/#breadcrumb\"},\"inLanguage\":\"pt-BR\",\"potentialAction\":[{\"@type\":\"ReadAction\",\"target\":[\"https:\/\/jornalfatosenoticias.com.br\/index.php\/2022\/09\/23\/estudante-brasileira-e-premiada-por-estudo-sobre-bio-oleo\/\"]}]},{\"@type\":\"ImageObject\",\"inLanguage\":\"pt-BR\",\"@id\":\"https:\/\/jornalfatosenoticias.com.br\/index.php\/2022\/09\/23\/estudante-brasileira-e-premiada-por-estudo-sobre-bio-oleo\/#primaryimage\",\"url\":\"https:\/\/jornalfatosenoticias.com.br\/wp-content\/uploads\/2022\/09\/bio-oleo-1.jpg\",\"contentUrl\":\"https:\/\/jornalfatosenoticias.com.br\/wp-content\/uploads\/2022\/09\/bio-oleo-1.jpg\",\"width\":1000,\"height\":577},{\"@type\":\"BreadcrumbList\",\"@id\":\"https:\/\/jornalfatosenoticias.com.br\/index.php\/2022\/09\/23\/estudante-brasileira-e-premiada-por-estudo-sobre-bio-oleo\/#breadcrumb\",\"itemListElement\":[{\"@type\":\"ListItem\",\"position\":1,\"name\":\"In\u00edcio\",\"item\":\"https:\/\/jornalfatosenoticias.com.br\/\"},{\"@type\":\"ListItem\",\"position\":2,\"name\":\"Estudante brasileira \u00e9 premiada por estudo sobre bio-\u00f3leo\"}]},{\"@type\":\"WebSite\",\"@id\":\"https:\/\/jornalfatosenoticias.com.br\/#website\",\"url\":\"https:\/\/jornalfatosenoticias.com.br\/\",\"name\":\"Jornal Fatos e Not\u00edcias\",\"description\":\"Not\u00edcias em geral\",\"publisher\":{\"@id\":\"https:\/\/jornalfatosenoticias.com.br\/#organization\"},\"potentialAction\":[{\"@type\":\"SearchAction\",\"target\":{\"@type\":\"EntryPoint\",\"urlTemplate\":\"https:\/\/jornalfatosenoticias.com.br\/?s={search_term_string}\"},\"query-input\":{\"@type\":\"PropertyValueSpecification\",\"valueRequired\":true,\"valueName\":\"search_term_string\"}}],\"inLanguage\":\"pt-BR\"},{\"@type\":\"Organization\",\"@id\":\"https:\/\/jornalfatosenoticias.com.br\/#organization\",\"name\":\"Jornal Fatos e Not\u00edcias\",\"url\":\"https:\/\/jornalfatosenoticias.com.br\/\",\"logo\":{\"@type\":\"ImageObject\",\"inLanguage\":\"pt-BR\",\"@id\":\"https:\/\/jornalfatosenoticias.com.br\/#\/schema\/logo\/image\/\",\"url\":\"https:\/\/jornalfatosenoticias.com.br\/wp-content\/uploads\/2020\/02\/logo120.png\",\"contentUrl\":\"https:\/\/jornalfatosenoticias.com.br\/wp-content\/uploads\/2020\/02\/logo120.png\",\"width\":1227,\"height\":120,\"caption\":\"Jornal Fatos e Not\u00edcias\"},\"image\":{\"@id\":\"https:\/\/jornalfatosenoticias.com.br\/#\/schema\/logo\/image\/\"}},{\"@type\":\"Person\",\"@id\":\"https:\/\/jornalfatosenoticias.com.br\/#\/schema\/person\/d63837fa13ac8666eb9e74e0985d6f81\",\"name\":\"Luzimara Fernandes\",\"image\":{\"@type\":\"ImageObject\",\"inLanguage\":\"pt-BR\",\"@id\":\"https:\/\/jornalfatosenoticias.com.br\/#\/schema\/person\/image\/\",\"url\":\"https:\/\/jornalfatosenoticias.com.br\/wp-content\/uploads\/2025\/05\/EU_portal.jpg\",\"contentUrl\":\"https:\/\/jornalfatosenoticias.com.br\/wp-content\/uploads\/2025\/05\/EU_portal.jpg\",\"caption\":\"Luzimara Fernandes\"},\"description\":\"Jornalista MTB 2358-ES\",\"sameAs\":[\"https:\/\/jornalfatosenoticias.com.br\"],\"url\":\"https:\/\/jornalfatosenoticias.com.br\/index.php\/author\/luzimara\/\"}]}<\/script>\n<!-- \/ Yoast SEO plugin. -->","yoast_head_json":{"title":"Estudante brasileira \u00e9 premiada por estudo sobre bio-\u00f3leo - Jornal Fatos e Not\u00edcias","robots":{"index":"index","follow":"follow","max-snippet":"max-snippet:-1","max-image-preview":"max-image-preview:large","max-video-preview":"max-video-preview:-1"},"canonical":"https:\/\/jornalfatosenoticias.com.br\/index.php\/2022\/09\/23\/estudante-brasileira-e-premiada-por-estudo-sobre-bio-oleo\/","og_locale":"pt_BR","og_type":"article","og_title":"Estudante brasileira \u00e9 premiada por estudo sobre bio-\u00f3leo - Jornal Fatos e Not\u00edcias","og_description":"A subst\u00e2ncia tem grande potencial de aplica\u00e7\u00e3o para obten\u00e7\u00e3o de produtos similares aos de origem f\u00f3ssil O bio-\u00f3leo \u00e9 um material semelhante ao petr\u00f3leo, oriundo da biomassa (restos de animais e vegetais). A subst\u00e2ncia tem grande potencial de aplica\u00e7\u00e3o para obten\u00e7\u00e3o de produtos similares aos de origem f\u00f3ssil, que vemos no mercado. Entretanto, por ser [&hellip;]","og_url":"https:\/\/jornalfatosenoticias.com.br\/index.php\/2022\/09\/23\/estudante-brasileira-e-premiada-por-estudo-sobre-bio-oleo\/","og_site_name":"Jornal Fatos e Not\u00edcias","article_published_time":"2022-09-23T14:05:05+00:00","article_modified_time":"2022-09-23T14:05:07+00:00","og_image":[{"width":1000,"height":577,"url":"https:\/\/jornalfatosenoticias.com.br\/wp-content\/uploads\/2022\/09\/bio-oleo-1.jpg","type":"image\/jpeg"}],"author":"Luzimara Fernandes","twitter_card":"summary_large_image","twitter_misc":{"Escrito por":"Luzimara Fernandes","Est. tempo de leitura":"3 minutos"},"schema":{"@context":"https:\/\/schema.org","@graph":[{"@type":"Article","@id":"https:\/\/jornalfatosenoticias.com.br\/index.php\/2022\/09\/23\/estudante-brasileira-e-premiada-por-estudo-sobre-bio-oleo\/#article","isPartOf":{"@id":"https:\/\/jornalfatosenoticias.com.br\/index.php\/2022\/09\/23\/estudante-brasileira-e-premiada-por-estudo-sobre-bio-oleo\/"},"author":{"name":"Luzimara Fernandes","@id":"https:\/\/jornalfatosenoticias.com.br\/#\/schema\/person\/d63837fa13ac8666eb9e74e0985d6f81"},"headline":"Estudante brasileira \u00e9 premiada por estudo sobre bio-\u00f3leo","datePublished":"2022-09-23T14:05:05+00:00","dateModified":"2022-09-23T14:05:07+00:00","mainEntityOfPage":{"@id":"https:\/\/jornalfatosenoticias.com.br\/index.php\/2022\/09\/23\/estudante-brasileira-e-premiada-por-estudo-sobre-bio-oleo\/"},"wordCount":556,"commentCount":0,"publisher":{"@id":"https:\/\/jornalfatosenoticias.com.br\/#organization"},"image":{"@id":"https:\/\/jornalfatosenoticias.com.br\/index.php\/2022\/09\/23\/estudante-brasileira-e-premiada-por-estudo-sobre-bio-oleo\/#primaryimage"},"thumbnailUrl":"https:\/\/jornalfatosenoticias.com.br\/wp-content\/uploads\/2022\/09\/bio-oleo-1.jpg","keywords":["bio-\u00f3leo","ci\u00eancia","estudantes brasileiros","UFPR"],"articleSection":["Ci\u00eancia","Educa\u00e7\u00e3o"],"inLanguage":"pt-BR","potentialAction":[{"@type":"CommentAction","name":"Comment","target":["https:\/\/jornalfatosenoticias.com.br\/index.php\/2022\/09\/23\/estudante-brasileira-e-premiada-por-estudo-sobre-bio-oleo\/#respond"]}]},{"@type":"WebPage","@id":"https:\/\/jornalfatosenoticias.com.br\/index.php\/2022\/09\/23\/estudante-brasileira-e-premiada-por-estudo-sobre-bio-oleo\/","url":"https:\/\/jornalfatosenoticias.com.br\/index.php\/2022\/09\/23\/estudante-brasileira-e-premiada-por-estudo-sobre-bio-oleo\/","name":"Estudante brasileira \u00e9 premiada por estudo sobre bio-\u00f3leo - Jornal Fatos e Not\u00edcias","isPartOf":{"@id":"https:\/\/jornalfatosenoticias.com.br\/#website"},"primaryImageOfPage":{"@id":"https:\/\/jornalfatosenoticias.com.br\/index.php\/2022\/09\/23\/estudante-brasileira-e-premiada-por-estudo-sobre-bio-oleo\/#primaryimage"},"image":{"@id":"https:\/\/jornalfatosenoticias.com.br\/index.php\/2022\/09\/23\/estudante-brasileira-e-premiada-por-estudo-sobre-bio-oleo\/#primaryimage"},"thumbnailUrl":"https:\/\/jornalfatosenoticias.com.br\/wp-content\/uploads\/2022\/09\/bio-oleo-1.jpg","datePublished":"2022-09-23T14:05:05+00:00","dateModified":"2022-09-23T14:05:07+00:00","breadcrumb":{"@id":"https:\/\/jornalfatosenoticias.com.br\/index.php\/2022\/09\/23\/estudante-brasileira-e-premiada-por-estudo-sobre-bio-oleo\/#breadcrumb"},"inLanguage":"pt-BR","potentialAction":[{"@type":"ReadAction","target":["https:\/\/jornalfatosenoticias.com.br\/index.php\/2022\/09\/23\/estudante-brasileira-e-premiada-por-estudo-sobre-bio-oleo\/"]}]},{"@type":"ImageObject","inLanguage":"pt-BR","@id":"https:\/\/jornalfatosenoticias.com.br\/index.php\/2022\/09\/23\/estudante-brasileira-e-premiada-por-estudo-sobre-bio-oleo\/#primaryimage","url":"https:\/\/jornalfatosenoticias.com.br\/wp-content\/uploads\/2022\/09\/bio-oleo-1.jpg","contentUrl":"https:\/\/jornalfatosenoticias.com.br\/wp-content\/uploads\/2022\/09\/bio-oleo-1.jpg","width":1000,"height":577},{"@type":"BreadcrumbList","@id":"https:\/\/jornalfatosenoticias.com.br\/index.php\/2022\/09\/23\/estudante-brasileira-e-premiada-por-estudo-sobre-bio-oleo\/#breadcrumb","itemListElement":[{"@type":"ListItem","position":1,"name":"In\u00edcio","item":"https:\/\/jornalfatosenoticias.com.br\/"},{"@type":"ListItem","position":2,"name":"Estudante brasileira \u00e9 premiada por estudo sobre bio-\u00f3leo"}]},{"@type":"WebSite","@id":"https:\/\/jornalfatosenoticias.com.br\/#website","url":"https:\/\/jornalfatosenoticias.com.br\/","name":"Jornal Fatos e Not\u00edcias","description":"Not\u00edcias em geral","publisher":{"@id":"https:\/\/jornalfatosenoticias.com.br\/#organization"},"potentialAction":[{"@type":"SearchAction","target":{"@type":"EntryPoint","urlTemplate":"https:\/\/jornalfatosenoticias.com.br\/?s={search_term_string}"},"query-input":{"@type":"PropertyValueSpecification","valueRequired":true,"valueName":"search_term_string"}}],"inLanguage":"pt-BR"},{"@type":"Organization","@id":"https:\/\/jornalfatosenoticias.com.br\/#organization","name":"Jornal Fatos e Not\u00edcias","url":"https:\/\/jornalfatosenoticias.com.br\/","logo":{"@type":"ImageObject","inLanguage":"pt-BR","@id":"https:\/\/jornalfatosenoticias.com.br\/#\/schema\/logo\/image\/","url":"https:\/\/jornalfatosenoticias.com.br\/wp-content\/uploads\/2020\/02\/logo120.png","contentUrl":"https:\/\/jornalfatosenoticias.com.br\/wp-content\/uploads\/2020\/02\/logo120.png","width":1227,"height":120,"caption":"Jornal Fatos e Not\u00edcias"},"image":{"@id":"https:\/\/jornalfatosenoticias.com.br\/#\/schema\/logo\/image\/"}},{"@type":"Person","@id":"https:\/\/jornalfatosenoticias.com.br\/#\/schema\/person\/d63837fa13ac8666eb9e74e0985d6f81","name":"Luzimara Fernandes","image":{"@type":"ImageObject","inLanguage":"pt-BR","@id":"https:\/\/jornalfatosenoticias.com.br\/#\/schema\/person\/image\/","url":"https:\/\/jornalfatosenoticias.com.br\/wp-content\/uploads\/2025\/05\/EU_portal.jpg","contentUrl":"https:\/\/jornalfatosenoticias.com.br\/wp-content\/uploads\/2025\/05\/EU_portal.jpg","caption":"Luzimara Fernandes"},"description":"Jornalista MTB 2358-ES","sameAs":["https:\/\/jornalfatosenoticias.com.br"],"url":"https:\/\/jornalfatosenoticias.com.br\/index.php\/author\/luzimara\/"}]}},"cc_featured_image_caption":{"caption_text":"(Foto: Pawel Czerwinski\/Unsplash\/UFPR) ","source_text":"","source_url":""},"jetpack_featured_media_url":"https:\/\/jornalfatosenoticias.com.br\/wp-content\/uploads\/2022\/09\/bio-oleo-1.jpg","_links":{"self":[{"href":"https:\/\/jornalfatosenoticias.com.br\/index.php\/wp-json\/wp\/v2\/posts\/34483","targetHints":{"allow":["GET"]}}],"collection":[{"href":"https:\/\/jornalfatosenoticias.com.br\/index.php\/wp-json\/wp\/v2\/posts"}],"about":[{"href":"https:\/\/jornalfatosenoticias.com.br\/index.php\/wp-json\/wp\/v2\/types\/post"}],"author":[{"embeddable":true,"href":"https:\/\/jornalfatosenoticias.com.br\/index.php\/wp-json\/wp\/v2\/users\/2"}],"replies":[{"embeddable":true,"href":"https:\/\/jornalfatosenoticias.com.br\/index.php\/wp-json\/wp\/v2\/comments?post=34483"}],"version-history":[{"count":0,"href":"https:\/\/jornalfatosenoticias.com.br\/index.php\/wp-json\/wp\/v2\/posts\/34483\/revisions"}],"wp:featuredmedia":[{"embeddable":true,"href":"https:\/\/jornalfatosenoticias.com.br\/index.php\/wp-json\/wp\/v2\/media\/34486"}],"wp:attachment":[{"href":"https:\/\/jornalfatosenoticias.com.br\/index.php\/wp-json\/wp\/v2\/media?parent=34483"}],"wp:term":[{"taxonomy":"category","embeddable":true,"href":"https:\/\/jornalfatosenoticias.com.br\/index.php\/wp-json\/wp\/v2\/categories?post=34483"},{"taxonomy":"post_tag","embeddable":true,"href":"https:\/\/jornalfatosenoticias.com.br\/index.php\/wp-json\/wp\/v2\/tags?post=34483"}],"curies":[{"name":"wp","href":"https:\/\/api.w.org\/{rel}","templated":true}]}}