{"id":34495,"date":"2022-09-23T11:37:09","date_gmt":"2022-09-23T14:37:09","guid":{"rendered":"https:\/\/jornalfatosenoticias.com.br\/?p=34495"},"modified":"2022-09-23T11:37:10","modified_gmt":"2022-09-23T14:37:10","slug":"rede-de-hoteis-vai-projetar-cabines-da-estacao-espacial-privada-starlab","status":"publish","type":"post","link":"https:\/\/jornalfatosenoticias.com.br\/index.php\/2022\/09\/23\/rede-de-hoteis-vai-projetar-cabines-da-estacao-espacial-privada-starlab\/","title":{"rendered":"Rede de hot\u00e9is vai projetar cabines da esta\u00e7\u00e3o espacial privada Starlab"},"content":{"rendered":"\n<div class=\"wp-block-image\"><figure class=\"aligncenter size-large\"><img decoding=\"async\" src=\"https:\/\/jornalfatosenoticias.com.br\/wp-content\/uploads\/2020\/02\/nova-logo-zucchi-1024x110.jpeg\" alt=\"\" class=\"wp-image-33846\"\/><\/figure><\/div>\n\n\n\n<p>A imagem de astronautas amontoados em corredores estreitos cheios de tubos usando roupas desconfort\u00e1veis pode estar mudando. As \u201csu\u00edtes\u201d da <a href=\"https:\/\/olhardigital.com.br\/2021\/10\/22\/ciencia-e-espaco\/starlab-empresas-se-unem-em-projeto-de-estacao-espacial-privada\/\">esta\u00e7\u00e3o espacial<\/a>&nbsp;privada Starlab v\u00e3o ser projetadas pela rede de hot\u00e9is Hilton, uma das maiores do mundo.<\/p>\n\n\n\n<div class=\"wp-block-image\"><figure class=\"aligncenter size-large is-resized\"><img loading=\"lazy\" decoding=\"async\" src=\"https:\/\/jornalfatosenoticias.com.br\/wp-content\/uploads\/2020\/02\/logo-embacia.jpg\" alt=\"\" class=\"wp-image-33905\" width=\"273\" height=\"273\"\/><\/figure><\/div>\n\n\n\n<figure class=\"wp-block-pullquote\"><blockquote><p><span class=\"has-inline-color has-luminous-vivid-orange-color\">Hilton trar\u00e1 a renomada experi\u00eancia e experi\u00eancia em hospitalidade da empresa para apoiar o projeto e desenvolvimento de su\u00edtes de <a href=\"https:\/\/olhardigital.com.br\/2021\/12\/28\/ciencia-e-espaco\/alem-de-estacao-espacial-axiom-space-tambem-esta-desenvolvendo-trajes-espaciais\/\">tripula\u00e7\u00e3o<\/a> a bordo do Starlab, ajudando a reimaginar a experi\u00eancia humana no espa\u00e7o, tornando estadias prolongadas mais confort\u00e1veis\u201d, diz o comunicado.<\/span><\/p><\/blockquote><\/figure>\n\n\n\n<div class=\"wp-block-jetpack-tiled-gallery aligncenter is-style-rectangular\"><div class=\"tiled-gallery__gallery\"><div class=\"tiled-gallery__row\"><div class=\"tiled-gallery__col\" style=\"flex-basis:48.51625547019717%\"><figure class=\"tiled-gallery__item\"><img decoding=\"async\" alt=\"\" data-height=\"627\" data-id=\"33078\" data-link=\"https:\/\/jornalfatosenoticias.com.br\/index.php\/2022\/08\/10\/sistema-cantareira-plantar-arvores-e-cuidar-do-solo-pode-garantir-agua\/logo-locau-veiculos\/\" data-url=\"https:\/\/jornalfatosenoticias.com.br\/wp-content\/uploads\/2022\/08\/logo-locau-veiculos.png\" data-width=\"1120\" src=\"https:\/\/i2.wp.com\/jornalfatosenoticias.com.br\/wp-content\/uploads\/2022\/08\/logo-locau-veiculos.png?ssl=1\" layout=\"responsive\"\/><\/figure><\/div><div class=\"tiled-gallery__col\" style=\"flex-basis:51.483744529802834%\"><figure class=\"tiled-gallery__item\"><img decoding=\"async\" alt=\"\" data-height=\"376\" data-id=\"31973\" data-link=\"https:\/\/jornalfatosenoticias.com.br\/index.php\/2022\/07\/04\/violencia-e-criminalidade-perda-do-fio-da-meada-parte-1\/logo-grupo-sei\/\" data-url=\"https:\/\/jornalfatosenoticias.com.br\/wp-content\/uploads\/2022\/07\/Logo-Grupo-SEI.jpg\" data-width=\"713\" src=\"https:\/\/i2.wp.com\/jornalfatosenoticias.com.br\/wp-content\/uploads\/2022\/07\/Logo-Grupo-SEI.jpg?ssl=1\" layout=\"responsive\"\/><\/figure><\/div><\/div><\/div><\/div>\n\n\n\n<p>A Starlab faz parte do conjunto de esta\u00e7\u00f5es espaciais privadas que a Nasa pretende colocar no espa\u00e7o na pr\u00f3xima d\u00e9cada para substituir a Esta\u00e7\u00e3o Espacial Internacional (ISS), que deve ter suas opera\u00e7\u00f5es <a href=\"https:\/\/olhardigital.com.br\/2022\/07\/29\/ciencia-e-espaco\/estacao-espacial-internacional-iss-tem-seu-funcionamento-aprovado-ate-2030\/\">finalizadas em 2030<\/a>.<\/p>\n\n\n\n<div class=\"wp-block-image\"><figure class=\"aligncenter size-large\"><img loading=\"lazy\" decoding=\"async\" width=\"1024\" height=\"100\" src=\"https:\/\/jornalfatosenoticias.com.br\/wp-content\/uploads\/2020\/02\/banner_ferramentas-1024x100.jpg\" alt=\"\" class=\"wp-image-1258\" srcset=\"https:\/\/jornalfatosenoticias.com.br\/wp-content\/uploads\/2020\/02\/banner_ferramentas-1024x100.jpg 1024w, https:\/\/jornalfatosenoticias.com.br\/wp-content\/uploads\/2020\/02\/banner_ferramentas-300x29.jpg 300w, https:\/\/jornalfatosenoticias.com.br\/wp-content\/uploads\/2020\/02\/banner_ferramentas-768x75.jpg 768w, https:\/\/jornalfatosenoticias.com.br\/wp-content\/uploads\/2020\/02\/banner_ferramentas.jpg 1227w\" sizes=\"auto, (max-width: 1024px) 100vw, 1024px\" \/><\/figure><\/div>\n\n\n\n<p><strong><span class=\"has-inline-color has-black-color\">Conhe\u00e7a a esta\u00e7\u00e3o espacial Starlab<br><\/span><\/strong>O projeto da Starlab re\u00fane as empresas norte-americanas Nanoracks, Voyager Space e Lockheed Martin. A previs\u00e3o \u00e9 que as opera\u00e7\u00f5es da esta\u00e7\u00e3o espacial comecem em 2027. Segundo as empresas, a Starlab est\u00e1 sendo desenvolvida para fomentar o crescimento da economia espacial, e atender \u00e0 demanda reprimida por servi\u00e7os relacionados ao espa\u00e7o como em \u00e1reas como pesquisa de materiais ou crescimento e estudo de plantas em microgravidade.<\/p>\n\n\n\n<div class=\"wp-block-jetpack-tiled-gallery aligncenter is-style-rectangular\"><div class=\"tiled-gallery__gallery\"><div class=\"tiled-gallery__row\"><div class=\"tiled-gallery__col\" style=\"flex-basis:53.27267582207054%\"><figure class=\"tiled-gallery__item\"><img decoding=\"async\" alt=\"\" data-height=\"277\" data-id=\"34474\" data-link=\"https:\/\/jornalfatosenoticias.com.br\/index.php\/sa_slider\/1070\/logo-panper_portal\/\" data-url=\"https:\/\/jornalfatosenoticias.com.br\/wp-content\/uploads\/2020\/02\/logo-Panper_portal.jpg\" data-width=\"400\" src=\"https:\/\/i1.wp.com\/jornalfatosenoticias.com.br\/wp-content\/uploads\/2020\/02\/logo-Panper_portal.jpg?ssl=1\" layout=\"responsive\"\/><\/figure><\/div><div class=\"tiled-gallery__col\" style=\"flex-basis:46.72732417792946%\"><figure class=\"tiled-gallery__item\"><img decoding=\"async\" alt=\"\" data-height=\"237\" data-id=\"32994\" data-link=\"https:\/\/jornalfatosenoticias.com.br\/index.php\/sa_slider\/1070\/seventur-turismo-2\/\" data-url=\"https:\/\/jornalfatosenoticias.com.br\/wp-content\/uploads\/2020\/02\/SEVENTUR-TURISMO.jpg\" data-width=\"300\" src=\"https:\/\/i1.wp.com\/jornalfatosenoticias.com.br\/wp-content\/uploads\/2020\/02\/SEVENTUR-TURISMO.jpg?ssl=1\" layout=\"responsive\"\/><\/figure><\/div><\/div><\/div><\/div>\n\n\n\n<p>Os elementos b\u00e1sicos da esta\u00e7\u00e3o espacial Starlab incluem um grande habitat infl\u00e1vel, projetado e constru\u00eddo pela Lockheed Martin, um n\u00f3 de atraca\u00e7\u00e3o met\u00e1lico, um m\u00f3dulo de energia e propuls\u00e3o, um grande bra\u00e7o rob\u00f3tico para movimenta\u00e7\u00e3o de cargas \u00fateis e um laborat\u00f3rio \u201cestado da arte\u201d que contar\u00e1 com todos os recursos necess\u00e1rios para conduzir pesquisas, ci\u00eancia e manufatura.<\/p>\n\n\n\n<div class=\"wp-block-image\"><figure class=\"aligncenter size-large\"><img loading=\"lazy\" decoding=\"async\" width=\"1024\" height=\"103\" src=\"https:\/\/jornalfatosenoticias.com.br\/wp-content\/uploads\/2022\/02\/Arte-Autoescola-Galatas_endereco_portal-1024x103.png\" alt=\"\" class=\"wp-image-27869\" srcset=\"https:\/\/jornalfatosenoticias.com.br\/wp-content\/uploads\/2022\/02\/Arte-Autoescola-Galatas_endereco_portal-1024x103.png 1024w, https:\/\/jornalfatosenoticias.com.br\/wp-content\/uploads\/2022\/02\/Arte-Autoescola-Galatas_endereco_portal-300x30.png 300w, https:\/\/jornalfatosenoticias.com.br\/wp-content\/uploads\/2022\/02\/Arte-Autoescola-Galatas_endereco_portal-768x77.png 768w, https:\/\/jornalfatosenoticias.com.br\/wp-content\/uploads\/2022\/02\/Arte-Autoescola-Galatas_endereco_portal.png 1223w\" sizes=\"auto, (max-width: 1024px) 100vw, 1024px\" \/><\/figure><\/div>\n\n\n\n<p>A esta\u00e7\u00e3o ser\u00e1 levada ao espa\u00e7o completa, com um \u00fanico lan\u00e7amento, e ter\u00e1 um volume interno de 340 metros c\u00fabicos, capaz de sustentar a presen\u00e7a cont\u00ednua de quatro astronautas. Pain\u00e9is solares fornecer\u00e3o 60kW de energia. Para compara\u00e7\u00e3o, a Esta\u00e7\u00e3o Espacial Internacional (ISS) tem volume interno de 960 m\u00b3, equivalente a um Boeing 747.<\/p>\n\n\n\n<div class=\"wp-block-jetpack-tiled-gallery aligncenter is-style-rectangular\"><div class=\"tiled-gallery__gallery\"><div class=\"tiled-gallery__row\"><div class=\"tiled-gallery__col\" style=\"flex-basis:45.47215108834827%\"><figure class=\"tiled-gallery__item\"><img decoding=\"async\" alt=\"\" data-height=\"300\" data-id=\"34472\" data-link=\"https:\/\/jornalfatosenoticias.com.br\/index.php\/sa_slider\/1070\/casa-do-torresmo_portal\/\" data-url=\"https:\/\/jornalfatosenoticias.com.br\/wp-content\/uploads\/2020\/02\/casa-do-torresmo_portal.jpg\" data-width=\"300\" src=\"https:\/\/i0.wp.com\/jornalfatosenoticias.com.br\/wp-content\/uploads\/2020\/02\/casa-do-torresmo_portal.jpg?ssl=1\" layout=\"responsive\"\/><\/figure><\/div><div class=\"tiled-gallery__col\" style=\"flex-basis:54.52784891165172%\"><figure class=\"tiled-gallery__item\"><img decoding=\"async\" alt=\"\" data-height=\"250\" data-id=\"33178\" data-link=\"https:\/\/jornalfatosenoticias.com.br\/arte-casarao\/\" data-url=\"https:\/\/jornalfatosenoticias.com.br\/wp-content\/uploads\/2022\/08\/arte-Casarao.jpg\" data-width=\"300\" src=\"https:\/\/i0.wp.com\/jornalfatosenoticias.com.br\/wp-content\/uploads\/2022\/08\/arte-Casarao.jpg?ssl=1\" layout=\"responsive\"\/><\/figure><\/div><\/div><\/div><\/div>\n\n\n\n<p><strong><em>Fonte: <a href=\"https:\/\/olhardigital.com.br\/2022\/09\/22\/ciencia-e-espaco\/luxo-no-espaco-rede-de-hoteis-vai-projetar-cabines-da-estacao-espacial-privada-starlab\/\">Olhar Digital<\/a><\/em><\/strong><\/p>\n","protected":false},"excerpt":{"rendered":"<p>A imagem de astronautas amontoados em corredores estreitos cheios de tubos usando roupas desconfort\u00e1veis pode estar mudando. As \u201csu\u00edtes\u201d da esta\u00e7\u00e3o espacial&nbsp;privada Starlab v\u00e3o ser projetadas pela rede de hot\u00e9is Hilton, uma das maiores do mundo. Hilton trar\u00e1 a renomada experi\u00eancia e experi\u00eancia em hospitalidade da empresa para apoiar o projeto e desenvolvimento de su\u00edtes [&hellip;]<\/p>\n","protected":false},"author":2,"featured_media":34497,"comment_status":"open","ping_status":"open","sticky":false,"template":"","format":"standard","meta":{"footnotes":""},"categories":[2],"tags":[7831,10360,8015,16187],"class_list":["post-34495","post","type-post","status-publish","format-standard","has-post-thumbnail","hentry","category-ciencia","tag-estacao-espacial","tag-hotel","tag-hotel-espacial","tag-starlab"],"yoast_head":"<!-- This site is optimized with the Yoast SEO plugin v26.5 - https:\/\/yoast.com\/wordpress\/plugins\/seo\/ -->\n<title>Rede de hot\u00e9is vai projetar cabines da esta\u00e7\u00e3o espacial privada Starlab - Jornal Fatos e Not\u00edcias<\/title>\n<meta name=\"robots\" content=\"index, follow, max-snippet:-1, max-image-preview:large, max-video-preview:-1\" \/>\n<link rel=\"canonical\" href=\"https:\/\/jornalfatosenoticias.com.br\/index.php\/2022\/09\/23\/rede-de-hoteis-vai-projetar-cabines-da-estacao-espacial-privada-starlab\/\" \/>\n<meta property=\"og:locale\" content=\"pt_BR\" \/>\n<meta property=\"og:type\" content=\"article\" \/>\n<meta property=\"og:title\" content=\"Rede de hot\u00e9is vai projetar cabines da esta\u00e7\u00e3o espacial privada Starlab - Jornal Fatos e Not\u00edcias\" \/>\n<meta property=\"og:description\" content=\"A imagem de astronautas amontoados em corredores estreitos cheios de tubos usando roupas desconfort\u00e1veis pode estar mudando. As \u201csu\u00edtes\u201d da esta\u00e7\u00e3o espacial&nbsp;privada Starlab v\u00e3o ser projetadas pela rede de hot\u00e9is Hilton, uma das maiores do mundo. Hilton trar\u00e1 a renomada experi\u00eancia e experi\u00eancia em hospitalidade da empresa para apoiar o projeto e desenvolvimento de su\u00edtes [&hellip;]\" \/>\n<meta property=\"og:url\" content=\"https:\/\/jornalfatosenoticias.com.br\/index.php\/2022\/09\/23\/rede-de-hoteis-vai-projetar-cabines-da-estacao-espacial-privada-starlab\/\" \/>\n<meta property=\"og:site_name\" content=\"Jornal Fatos e Not\u00edcias\" \/>\n<meta property=\"article:published_time\" content=\"2022-09-23T14:37:09+00:00\" \/>\n<meta property=\"article:modified_time\" content=\"2022-09-23T14:37:10+00:00\" \/>\n<meta property=\"og:image\" content=\"https:\/\/jornalfatosenoticias.com.br\/wp-content\/uploads\/2022\/09\/Starlab_HOTEL-ESPACIAL.jpg\" \/>\n\t<meta property=\"og:image:width\" content=\"1000\" \/>\n\t<meta property=\"og:image:height\" content=\"375\" \/>\n\t<meta property=\"og:image:type\" content=\"image\/jpeg\" \/>\n<meta name=\"author\" content=\"Luzimara Fernandes\" \/>\n<meta name=\"twitter:card\" content=\"summary_large_image\" \/>\n<meta name=\"twitter:label1\" content=\"Escrito por\" \/>\n\t<meta name=\"twitter:data1\" content=\"Luzimara Fernandes\" \/>\n\t<meta name=\"twitter:label2\" content=\"Est. tempo de leitura\" \/>\n\t<meta name=\"twitter:data2\" content=\"2 minutos\" \/>\n<script type=\"application\/ld+json\" class=\"yoast-schema-graph\">{\"@context\":\"https:\/\/schema.org\",\"@graph\":[{\"@type\":\"Article\",\"@id\":\"https:\/\/jornalfatosenoticias.com.br\/index.php\/2022\/09\/23\/rede-de-hoteis-vai-projetar-cabines-da-estacao-espacial-privada-starlab\/#article\",\"isPartOf\":{\"@id\":\"https:\/\/jornalfatosenoticias.com.br\/index.php\/2022\/09\/23\/rede-de-hoteis-vai-projetar-cabines-da-estacao-espacial-privada-starlab\/\"},\"author\":{\"name\":\"Luzimara Fernandes\",\"@id\":\"https:\/\/jornalfatosenoticias.com.br\/#\/schema\/person\/d63837fa13ac8666eb9e74e0985d6f81\"},\"headline\":\"Rede de hot\u00e9is vai projetar cabines da esta\u00e7\u00e3o espacial privada Starlab\",\"datePublished\":\"2022-09-23T14:37:09+00:00\",\"dateModified\":\"2022-09-23T14:37:10+00:00\",\"mainEntityOfPage\":{\"@id\":\"https:\/\/jornalfatosenoticias.com.br\/index.php\/2022\/09\/23\/rede-de-hoteis-vai-projetar-cabines-da-estacao-espacial-privada-starlab\/\"},\"wordCount\":354,\"commentCount\":0,\"publisher\":{\"@id\":\"https:\/\/jornalfatosenoticias.com.br\/#organization\"},\"image\":{\"@id\":\"https:\/\/jornalfatosenoticias.com.br\/index.php\/2022\/09\/23\/rede-de-hoteis-vai-projetar-cabines-da-estacao-espacial-privada-starlab\/#primaryimage\"},\"thumbnailUrl\":\"https:\/\/jornalfatosenoticias.com.br\/wp-content\/uploads\/2022\/09\/Starlab_HOTEL-ESPACIAL.jpg\",\"keywords\":[\"esta\u00e7\u00e3o espacial\",\"hotel\",\"hotel espacial\",\"Starlab\"],\"articleSection\":[\"Ci\u00eancia\"],\"inLanguage\":\"pt-BR\",\"potentialAction\":[{\"@type\":\"CommentAction\",\"name\":\"Comment\",\"target\":[\"https:\/\/jornalfatosenoticias.com.br\/index.php\/2022\/09\/23\/rede-de-hoteis-vai-projetar-cabines-da-estacao-espacial-privada-starlab\/#respond\"]}]},{\"@type\":\"WebPage\",\"@id\":\"https:\/\/jornalfatosenoticias.com.br\/index.php\/2022\/09\/23\/rede-de-hoteis-vai-projetar-cabines-da-estacao-espacial-privada-starlab\/\",\"url\":\"https:\/\/jornalfatosenoticias.com.br\/index.php\/2022\/09\/23\/rede-de-hoteis-vai-projetar-cabines-da-estacao-espacial-privada-starlab\/\",\"name\":\"Rede de hot\u00e9is vai projetar cabines da esta\u00e7\u00e3o espacial privada Starlab - Jornal Fatos e Not\u00edcias\",\"isPartOf\":{\"@id\":\"https:\/\/jornalfatosenoticias.com.br\/#website\"},\"primaryImageOfPage\":{\"@id\":\"https:\/\/jornalfatosenoticias.com.br\/index.php\/2022\/09\/23\/rede-de-hoteis-vai-projetar-cabines-da-estacao-espacial-privada-starlab\/#primaryimage\"},\"image\":{\"@id\":\"https:\/\/jornalfatosenoticias.com.br\/index.php\/2022\/09\/23\/rede-de-hoteis-vai-projetar-cabines-da-estacao-espacial-privada-starlab\/#primaryimage\"},\"thumbnailUrl\":\"https:\/\/jornalfatosenoticias.com.br\/wp-content\/uploads\/2022\/09\/Starlab_HOTEL-ESPACIAL.jpg\",\"datePublished\":\"2022-09-23T14:37:09+00:00\",\"dateModified\":\"2022-09-23T14:37:10+00:00\",\"breadcrumb\":{\"@id\":\"https:\/\/jornalfatosenoticias.com.br\/index.php\/2022\/09\/23\/rede-de-hoteis-vai-projetar-cabines-da-estacao-espacial-privada-starlab\/#breadcrumb\"},\"inLanguage\":\"pt-BR\",\"potentialAction\":[{\"@type\":\"ReadAction\",\"target\":[\"https:\/\/jornalfatosenoticias.com.br\/index.php\/2022\/09\/23\/rede-de-hoteis-vai-projetar-cabines-da-estacao-espacial-privada-starlab\/\"]}]},{\"@type\":\"ImageObject\",\"inLanguage\":\"pt-BR\",\"@id\":\"https:\/\/jornalfatosenoticias.com.br\/index.php\/2022\/09\/23\/rede-de-hoteis-vai-projetar-cabines-da-estacao-espacial-privada-starlab\/#primaryimage\",\"url\":\"https:\/\/jornalfatosenoticias.com.br\/wp-content\/uploads\/2022\/09\/Starlab_HOTEL-ESPACIAL.jpg\",\"contentUrl\":\"https:\/\/jornalfatosenoticias.com.br\/wp-content\/uploads\/2022\/09\/Starlab_HOTEL-ESPACIAL.jpg\",\"width\":1000,\"height\":375},{\"@type\":\"BreadcrumbList\",\"@id\":\"https:\/\/jornalfatosenoticias.com.br\/index.php\/2022\/09\/23\/rede-de-hoteis-vai-projetar-cabines-da-estacao-espacial-privada-starlab\/#breadcrumb\",\"itemListElement\":[{\"@type\":\"ListItem\",\"position\":1,\"name\":\"In\u00edcio\",\"item\":\"https:\/\/jornalfatosenoticias.com.br\/\"},{\"@type\":\"ListItem\",\"position\":2,\"name\":\"Rede de hot\u00e9is vai projetar cabines da esta\u00e7\u00e3o espacial privada Starlab\"}]},{\"@type\":\"WebSite\",\"@id\":\"https:\/\/jornalfatosenoticias.com.br\/#website\",\"url\":\"https:\/\/jornalfatosenoticias.com.br\/\",\"name\":\"Jornal Fatos e Not\u00edcias\",\"description\":\"Not\u00edcias em geral\",\"publisher\":{\"@id\":\"https:\/\/jornalfatosenoticias.com.br\/#organization\"},\"potentialAction\":[{\"@type\":\"SearchAction\",\"target\":{\"@type\":\"EntryPoint\",\"urlTemplate\":\"https:\/\/jornalfatosenoticias.com.br\/?s={search_term_string}\"},\"query-input\":{\"@type\":\"PropertyValueSpecification\",\"valueRequired\":true,\"valueName\":\"search_term_string\"}}],\"inLanguage\":\"pt-BR\"},{\"@type\":\"Organization\",\"@id\":\"https:\/\/jornalfatosenoticias.com.br\/#organization\",\"name\":\"Jornal Fatos e Not\u00edcias\",\"url\":\"https:\/\/jornalfatosenoticias.com.br\/\",\"logo\":{\"@type\":\"ImageObject\",\"inLanguage\":\"pt-BR\",\"@id\":\"https:\/\/jornalfatosenoticias.com.br\/#\/schema\/logo\/image\/\",\"url\":\"https:\/\/jornalfatosenoticias.com.br\/wp-content\/uploads\/2020\/02\/logo120.png\",\"contentUrl\":\"https:\/\/jornalfatosenoticias.com.br\/wp-content\/uploads\/2020\/02\/logo120.png\",\"width\":1227,\"height\":120,\"caption\":\"Jornal Fatos e Not\u00edcias\"},\"image\":{\"@id\":\"https:\/\/jornalfatosenoticias.com.br\/#\/schema\/logo\/image\/\"}},{\"@type\":\"Person\",\"@id\":\"https:\/\/jornalfatosenoticias.com.br\/#\/schema\/person\/d63837fa13ac8666eb9e74e0985d6f81\",\"name\":\"Luzimara Fernandes\",\"image\":{\"@type\":\"ImageObject\",\"inLanguage\":\"pt-BR\",\"@id\":\"https:\/\/jornalfatosenoticias.com.br\/#\/schema\/person\/image\/\",\"url\":\"https:\/\/jornalfatosenoticias.com.br\/wp-content\/uploads\/2025\/05\/EU_portal.jpg\",\"contentUrl\":\"https:\/\/jornalfatosenoticias.com.br\/wp-content\/uploads\/2025\/05\/EU_portal.jpg\",\"caption\":\"Luzimara Fernandes\"},\"description\":\"Jornalista MTB 2358-ES\",\"sameAs\":[\"https:\/\/jornalfatosenoticias.com.br\"],\"url\":\"https:\/\/jornalfatosenoticias.com.br\/index.php\/author\/luzimara\/\"}]}<\/script>\n<!-- \/ Yoast SEO plugin. -->","yoast_head_json":{"title":"Rede de hot\u00e9is vai projetar cabines da esta\u00e7\u00e3o espacial privada Starlab - Jornal Fatos e Not\u00edcias","robots":{"index":"index","follow":"follow","max-snippet":"max-snippet:-1","max-image-preview":"max-image-preview:large","max-video-preview":"max-video-preview:-1"},"canonical":"https:\/\/jornalfatosenoticias.com.br\/index.php\/2022\/09\/23\/rede-de-hoteis-vai-projetar-cabines-da-estacao-espacial-privada-starlab\/","og_locale":"pt_BR","og_type":"article","og_title":"Rede de hot\u00e9is vai projetar cabines da esta\u00e7\u00e3o espacial privada Starlab - Jornal Fatos e Not\u00edcias","og_description":"A imagem de astronautas amontoados em corredores estreitos cheios de tubos usando roupas desconfort\u00e1veis pode estar mudando. As \u201csu\u00edtes\u201d da esta\u00e7\u00e3o espacial&nbsp;privada Starlab v\u00e3o ser projetadas pela rede de hot\u00e9is Hilton, uma das maiores do mundo. Hilton trar\u00e1 a renomada experi\u00eancia e experi\u00eancia em hospitalidade da empresa para apoiar o projeto e desenvolvimento de su\u00edtes [&hellip;]","og_url":"https:\/\/jornalfatosenoticias.com.br\/index.php\/2022\/09\/23\/rede-de-hoteis-vai-projetar-cabines-da-estacao-espacial-privada-starlab\/","og_site_name":"Jornal Fatos e Not\u00edcias","article_published_time":"2022-09-23T14:37:09+00:00","article_modified_time":"2022-09-23T14:37:10+00:00","og_image":[{"width":1000,"height":375,"url":"https:\/\/jornalfatosenoticias.com.br\/wp-content\/uploads\/2022\/09\/Starlab_HOTEL-ESPACIAL.jpg","type":"image\/jpeg"}],"author":"Luzimara Fernandes","twitter_card":"summary_large_image","twitter_misc":{"Escrito por":"Luzimara Fernandes","Est. tempo de leitura":"2 minutos"},"schema":{"@context":"https:\/\/schema.org","@graph":[{"@type":"Article","@id":"https:\/\/jornalfatosenoticias.com.br\/index.php\/2022\/09\/23\/rede-de-hoteis-vai-projetar-cabines-da-estacao-espacial-privada-starlab\/#article","isPartOf":{"@id":"https:\/\/jornalfatosenoticias.com.br\/index.php\/2022\/09\/23\/rede-de-hoteis-vai-projetar-cabines-da-estacao-espacial-privada-starlab\/"},"author":{"name":"Luzimara Fernandes","@id":"https:\/\/jornalfatosenoticias.com.br\/#\/schema\/person\/d63837fa13ac8666eb9e74e0985d6f81"},"headline":"Rede de hot\u00e9is vai projetar cabines da esta\u00e7\u00e3o espacial privada Starlab","datePublished":"2022-09-23T14:37:09+00:00","dateModified":"2022-09-23T14:37:10+00:00","mainEntityOfPage":{"@id":"https:\/\/jornalfatosenoticias.com.br\/index.php\/2022\/09\/23\/rede-de-hoteis-vai-projetar-cabines-da-estacao-espacial-privada-starlab\/"},"wordCount":354,"commentCount":0,"publisher":{"@id":"https:\/\/jornalfatosenoticias.com.br\/#organization"},"image":{"@id":"https:\/\/jornalfatosenoticias.com.br\/index.php\/2022\/09\/23\/rede-de-hoteis-vai-projetar-cabines-da-estacao-espacial-privada-starlab\/#primaryimage"},"thumbnailUrl":"https:\/\/jornalfatosenoticias.com.br\/wp-content\/uploads\/2022\/09\/Starlab_HOTEL-ESPACIAL.jpg","keywords":["esta\u00e7\u00e3o espacial","hotel","hotel espacial","Starlab"],"articleSection":["Ci\u00eancia"],"inLanguage":"pt-BR","potentialAction":[{"@type":"CommentAction","name":"Comment","target":["https:\/\/jornalfatosenoticias.com.br\/index.php\/2022\/09\/23\/rede-de-hoteis-vai-projetar-cabines-da-estacao-espacial-privada-starlab\/#respond"]}]},{"@type":"WebPage","@id":"https:\/\/jornalfatosenoticias.com.br\/index.php\/2022\/09\/23\/rede-de-hoteis-vai-projetar-cabines-da-estacao-espacial-privada-starlab\/","url":"https:\/\/jornalfatosenoticias.com.br\/index.php\/2022\/09\/23\/rede-de-hoteis-vai-projetar-cabines-da-estacao-espacial-privada-starlab\/","name":"Rede de hot\u00e9is vai projetar cabines da esta\u00e7\u00e3o espacial privada Starlab - Jornal Fatos e Not\u00edcias","isPartOf":{"@id":"https:\/\/jornalfatosenoticias.com.br\/#website"},"primaryImageOfPage":{"@id":"https:\/\/jornalfatosenoticias.com.br\/index.php\/2022\/09\/23\/rede-de-hoteis-vai-projetar-cabines-da-estacao-espacial-privada-starlab\/#primaryimage"},"image":{"@id":"https:\/\/jornalfatosenoticias.com.br\/index.php\/2022\/09\/23\/rede-de-hoteis-vai-projetar-cabines-da-estacao-espacial-privada-starlab\/#primaryimage"},"thumbnailUrl":"https:\/\/jornalfatosenoticias.com.br\/wp-content\/uploads\/2022\/09\/Starlab_HOTEL-ESPACIAL.jpg","datePublished":"2022-09-23T14:37:09+00:00","dateModified":"2022-09-23T14:37:10+00:00","breadcrumb":{"@id":"https:\/\/jornalfatosenoticias.com.br\/index.php\/2022\/09\/23\/rede-de-hoteis-vai-projetar-cabines-da-estacao-espacial-privada-starlab\/#breadcrumb"},"inLanguage":"pt-BR","potentialAction":[{"@type":"ReadAction","target":["https:\/\/jornalfatosenoticias.com.br\/index.php\/2022\/09\/23\/rede-de-hoteis-vai-projetar-cabines-da-estacao-espacial-privada-starlab\/"]}]},{"@type":"ImageObject","inLanguage":"pt-BR","@id":"https:\/\/jornalfatosenoticias.com.br\/index.php\/2022\/09\/23\/rede-de-hoteis-vai-projetar-cabines-da-estacao-espacial-privada-starlab\/#primaryimage","url":"https:\/\/jornalfatosenoticias.com.br\/wp-content\/uploads\/2022\/09\/Starlab_HOTEL-ESPACIAL.jpg","contentUrl":"https:\/\/jornalfatosenoticias.com.br\/wp-content\/uploads\/2022\/09\/Starlab_HOTEL-ESPACIAL.jpg","width":1000,"height":375},{"@type":"BreadcrumbList","@id":"https:\/\/jornalfatosenoticias.com.br\/index.php\/2022\/09\/23\/rede-de-hoteis-vai-projetar-cabines-da-estacao-espacial-privada-starlab\/#breadcrumb","itemListElement":[{"@type":"ListItem","position":1,"name":"In\u00edcio","item":"https:\/\/jornalfatosenoticias.com.br\/"},{"@type":"ListItem","position":2,"name":"Rede de hot\u00e9is vai projetar cabines da esta\u00e7\u00e3o espacial privada Starlab"}]},{"@type":"WebSite","@id":"https:\/\/jornalfatosenoticias.com.br\/#website","url":"https:\/\/jornalfatosenoticias.com.br\/","name":"Jornal Fatos e Not\u00edcias","description":"Not\u00edcias em geral","publisher":{"@id":"https:\/\/jornalfatosenoticias.com.br\/#organization"},"potentialAction":[{"@type":"SearchAction","target":{"@type":"EntryPoint","urlTemplate":"https:\/\/jornalfatosenoticias.com.br\/?s={search_term_string}"},"query-input":{"@type":"PropertyValueSpecification","valueRequired":true,"valueName":"search_term_string"}}],"inLanguage":"pt-BR"},{"@type":"Organization","@id":"https:\/\/jornalfatosenoticias.com.br\/#organization","name":"Jornal Fatos e Not\u00edcias","url":"https:\/\/jornalfatosenoticias.com.br\/","logo":{"@type":"ImageObject","inLanguage":"pt-BR","@id":"https:\/\/jornalfatosenoticias.com.br\/#\/schema\/logo\/image\/","url":"https:\/\/jornalfatosenoticias.com.br\/wp-content\/uploads\/2020\/02\/logo120.png","contentUrl":"https:\/\/jornalfatosenoticias.com.br\/wp-content\/uploads\/2020\/02\/logo120.png","width":1227,"height":120,"caption":"Jornal Fatos e Not\u00edcias"},"image":{"@id":"https:\/\/jornalfatosenoticias.com.br\/#\/schema\/logo\/image\/"}},{"@type":"Person","@id":"https:\/\/jornalfatosenoticias.com.br\/#\/schema\/person\/d63837fa13ac8666eb9e74e0985d6f81","name":"Luzimara Fernandes","image":{"@type":"ImageObject","inLanguage":"pt-BR","@id":"https:\/\/jornalfatosenoticias.com.br\/#\/schema\/person\/image\/","url":"https:\/\/jornalfatosenoticias.com.br\/wp-content\/uploads\/2025\/05\/EU_portal.jpg","contentUrl":"https:\/\/jornalfatosenoticias.com.br\/wp-content\/uploads\/2025\/05\/EU_portal.jpg","caption":"Luzimara Fernandes"},"description":"Jornalista MTB 2358-ES","sameAs":["https:\/\/jornalfatosenoticias.com.br"],"url":"https:\/\/jornalfatosenoticias.com.br\/index.php\/author\/luzimara\/"}]}},"cc_featured_image_caption":{"caption_text":"(Foto: doc. Lockheed Martin)","source_text":"","source_url":""},"jetpack_featured_media_url":"https:\/\/jornalfatosenoticias.com.br\/wp-content\/uploads\/2022\/09\/Starlab_HOTEL-ESPACIAL.jpg","_links":{"self":[{"href":"https:\/\/jornalfatosenoticias.com.br\/index.php\/wp-json\/wp\/v2\/posts\/34495","targetHints":{"allow":["GET"]}}],"collection":[{"href":"https:\/\/jornalfatosenoticias.com.br\/index.php\/wp-json\/wp\/v2\/posts"}],"about":[{"href":"https:\/\/jornalfatosenoticias.com.br\/index.php\/wp-json\/wp\/v2\/types\/post"}],"author":[{"embeddable":true,"href":"https:\/\/jornalfatosenoticias.com.br\/index.php\/wp-json\/wp\/v2\/users\/2"}],"replies":[{"embeddable":true,"href":"https:\/\/jornalfatosenoticias.com.br\/index.php\/wp-json\/wp\/v2\/comments?post=34495"}],"version-history":[{"count":0,"href":"https:\/\/jornalfatosenoticias.com.br\/index.php\/wp-json\/wp\/v2\/posts\/34495\/revisions"}],"wp:featuredmedia":[{"embeddable":true,"href":"https:\/\/jornalfatosenoticias.com.br\/index.php\/wp-json\/wp\/v2\/media\/34497"}],"wp:attachment":[{"href":"https:\/\/jornalfatosenoticias.com.br\/index.php\/wp-json\/wp\/v2\/media?parent=34495"}],"wp:term":[{"taxonomy":"category","embeddable":true,"href":"https:\/\/jornalfatosenoticias.com.br\/index.php\/wp-json\/wp\/v2\/categories?post=34495"},{"taxonomy":"post_tag","embeddable":true,"href":"https:\/\/jornalfatosenoticias.com.br\/index.php\/wp-json\/wp\/v2\/tags?post=34495"}],"curies":[{"name":"wp","href":"https:\/\/api.w.org\/{rel}","templated":true}]}}