{"id":34537,"date":"2022-09-26T11:19:17","date_gmt":"2022-09-26T14:19:17","guid":{"rendered":"https:\/\/jornalfatosenoticias.com.br\/?p=34537"},"modified":"2022-09-26T11:19:19","modified_gmt":"2022-09-26T14:19:19","slug":"confianca-dos-consumidores-avanca-54-pontos-em-setembro","status":"publish","type":"post","link":"https:\/\/jornalfatosenoticias.com.br\/index.php\/2022\/09\/26\/confianca-dos-consumidores-avanca-54-pontos-em-setembro\/","title":{"rendered":"Confian\u00e7a dos consumidores avan\u00e7a 5,4 pontos em setembro"},"content":{"rendered":"\n<p><em><span class=\"has-inline-color has-black-color\">Alta foi influenciada pela melhora dos indicadores sobre o momento<\/span><\/em><\/p>\n\n\n\n<div class=\"wp-block-image\"><figure class=\"aligncenter size-large\"><img loading=\"lazy\" decoding=\"async\" width=\"1024\" height=\"111\" src=\"https:\/\/jornalfatosenoticias.com.br\/wp-content\/uploads\/2020\/02\/WhatsApp-Image-2022-09-23-at-12.09.18-1024x111.jpeg\" alt=\"\" class=\"wp-image-34527\" srcset=\"https:\/\/jornalfatosenoticias.com.br\/wp-content\/uploads\/2020\/02\/WhatsApp-Image-2022-09-23-at-12.09.18-1024x111.jpeg 1024w, https:\/\/jornalfatosenoticias.com.br\/wp-content\/uploads\/2020\/02\/WhatsApp-Image-2022-09-23-at-12.09.18-300x32.jpeg 300w, https:\/\/jornalfatosenoticias.com.br\/wp-content\/uploads\/2020\/02\/WhatsApp-Image-2022-09-23-at-12.09.18-768x83.jpeg 768w, https:\/\/jornalfatosenoticias.com.br\/wp-content\/uploads\/2020\/02\/WhatsApp-Image-2022-09-23-at-12.09.18.jpeg 1121w\" sizes=\"auto, (max-width: 1024px) 100vw, 1024px\" \/><\/figure><\/div>\n\n\n\n<p>O \u00cdndice de Confian\u00e7a do Consumidor (ICC) avan\u00e7ou 5,4 pontos em setembro, para 89 pontos, o maior n\u00edvel desde janeiro de 2020, com 90,4 pontos. Em m\u00e9dias m\u00f3veis trimestrais, o \u00edndice subiu 3,3 pontos, para 84 pontos. Os dados foram divulgados hoje (26) pelo Instituto Brasileiro de Economia da Funda\u00e7\u00e3o Get\u00falio Vargas (Ibre\/FGV).<\/p>\n\n\n\n<div class=\"wp-block-image\"><figure class=\"aligncenter size-large\"><img decoding=\"async\" src=\"https:\/\/jornalfatosenoticias.com.br\/wp-content\/uploads\/2020\/02\/logo-embacia-1-1024x110.jpg\" alt=\"\" class=\"wp-image-33954\"\/><\/figure><\/div>\n\n\n\n<p>Segundo a coordenadora das Sondagens do Ibre\/FGV, Viviane Seda Bittencourt, a confian\u00e7a dos consumidores sobe pelo quarto m\u00eas consecutivo influenciada pelas perspectivas mais otimistas em rela\u00e7\u00e3o aos pr\u00f3ximos meses. De acordo com ela, tal resultado parece estar relacionado com a queda nas expectativas de infla\u00e7\u00e3o dos consumidores para os pr\u00f3ximos 12 meses e a um aumento do otimismo em rela\u00e7\u00e3o ao mercado de trabalho.<\/p>\n\n\n\n<div class=\"wp-block-image\"><figure class=\"aligncenter size-large\"><img loading=\"lazy\" decoding=\"async\" width=\"300\" height=\"237\" src=\"https:\/\/jornalfatosenoticias.com.br\/wp-content\/uploads\/2020\/02\/SEVENTUR-TURISMO.jpg\" alt=\"\" class=\"wp-image-32994\"\/><\/figure><\/div>\n\n\n\n<figure class=\"wp-block-pullquote\"><blockquote><p><span class=\"has-inline-color has-luminous-vivid-orange-color\">H\u00e1 um aumento na inten\u00e7\u00e3o de consumo, exceto para os consumidores de renda mais baixa, o que reflete ainda dificuldades dessa classe. Al\u00e9m disso, a proximidade das elei\u00e7\u00f5es tem um efeito potencializador dessas expectativas. \u00c9 necess\u00e1rio ter cautela nesses resultados, considerando uma pol\u00edtica monet\u00e1ria ainda restritiva e a possibilidade de desacelera\u00e7\u00e3o da atividade econ\u00f4mica, que reduziria a velocidade de recupera\u00e7\u00e3o do mercado de trabalho\u201d, explicou a pesquisadora, em nota.<\/span><\/p><\/blockquote><\/figure>\n\n\n\n<div class=\"wp-block-image\"><figure class=\"alignleft size-large\"><img loading=\"lazy\" decoding=\"async\" width=\"300\" height=\"300\" src=\"https:\/\/jornalfatosenoticias.com.br\/wp-content\/uploads\/2020\/02\/casa-do-torresmo_portal.jpg\" alt=\"\" class=\"wp-image-34472\" srcset=\"https:\/\/jornalfatosenoticias.com.br\/wp-content\/uploads\/2020\/02\/casa-do-torresmo_portal.jpg 300w, https:\/\/jornalfatosenoticias.com.br\/wp-content\/uploads\/2020\/02\/casa-do-torresmo_portal-150x150.jpg 150w\" sizes=\"auto, (max-width: 300px) 100vw, 300px\" \/><\/figure><\/div>\n\n\n\n<p>Conforme o Ibre\/FGV, a alta em setembro foi influenciada pela melhora dos indicadores sobre o momento e pr\u00f3ximos meses. O \u00cdndice de Expectativas (IE) avan\u00e7ou 7,6 pontos, para 100,2 pontos, maior desde dezembro de 2019, com 100,3 pontos, per\u00edodo pr\u00e9-pandemia da covid-19. O \u00cdndice de Situa\u00e7\u00e3o Atual (ISA) subiu 1,6 ponto, para 73,3 pontos, maior resultado desde mar\u00e7o de 2020, embora ainda baixo em termos hist\u00f3ricos<\/p>\n\n\n\n<div class=\"wp-block-image\"><figure class=\"aligncenter size-large\"><img loading=\"lazy\" decoding=\"async\" width=\"1024\" height=\"100\" src=\"https:\/\/jornalfatosenoticias.com.br\/wp-content\/uploads\/2020\/02\/banner_ferramentas-1024x100.jpg\" alt=\"\" class=\"wp-image-1258\" srcset=\"https:\/\/jornalfatosenoticias.com.br\/wp-content\/uploads\/2020\/02\/banner_ferramentas-1024x100.jpg 1024w, https:\/\/jornalfatosenoticias.com.br\/wp-content\/uploads\/2020\/02\/banner_ferramentas-300x29.jpg 300w, https:\/\/jornalfatosenoticias.com.br\/wp-content\/uploads\/2020\/02\/banner_ferramentas-768x75.jpg 768w, https:\/\/jornalfatosenoticias.com.br\/wp-content\/uploads\/2020\/02\/banner_ferramentas.jpg 1227w\" sizes=\"auto, (max-width: 1024px) 100vw, 1024px\" \/><\/figure><\/div>\n\n\n\n<p>Em rela\u00e7\u00e3o aos indicadores que medem a satisfa\u00e7\u00e3o dos consumidores no momento, h\u00e1 uma percep\u00e7\u00e3o de melhora da situa\u00e7\u00e3o econ\u00f4mica com aumento de 2,5 pontos no indicador para 82,3 pontos, maior n\u00edvel desde fevereiro de 2020 (85,5 pontos). A avalia\u00e7\u00e3o sobre a situa\u00e7\u00e3o financeira da fam\u00edlia se alterou pouco, 0,8 ponto para 64,9 pontos, n\u00edvel ainda baixo em termos hist\u00f3ricos.<\/p>\n\n\n\n<div class=\"wp-block-image\"><figure class=\"alignright size-large is-resized\"><img loading=\"lazy\" decoding=\"async\" src=\"https:\/\/jornalfatosenoticias.com.br\/wp-content\/uploads\/2022\/02\/Precisao-Contabilidade-1024x724.jpg\" alt=\"\" class=\"wp-image-28088\" width=\"262\" height=\"184\"\/><\/figure><\/div>\n\n\n\n<p>Nas expectativas, o item que mais contribuiu para a alta no m\u00eas foi o que mede o otimismo das fam\u00edlias em rela\u00e7\u00e3o \u00e0 situa\u00e7\u00e3o financeira nos pr\u00f3ximos seis meses, cujo indicador subiu 10,4 pontos para 100,8 pontos, maior n\u00edvel desde janeiro de 2020 (81,7 pontos).<br>O indicador que mede a situa\u00e7\u00e3o econ\u00f4mica tamb\u00e9m avan\u00e7ou pelo quarto m\u00eas consecutivo. Em setembro subiu 6,1 pontos para 115,4 pontos, maior desde julho de 2021 (116,3 pontos). A inten\u00e7\u00e3o de compra de bens dur\u00e1veis se eleva pela segundo m\u00eas consecutivo, dessa vez 5,4 pontos, acumulando alta de 16,7 pontos nos dois \u00faltimos meses levando o \u00edndice para 84,4 pontos, melhor resultado desde fevereiro de 2019 (86,6 pontos).<\/p>\n\n\n\n<div class=\"wp-block-image\"><figure class=\"aligncenter size-large\"><img loading=\"lazy\" decoding=\"async\" width=\"729\" height=\"90\" src=\"https:\/\/jornalfatosenoticias.com.br\/wp-content\/uploads\/2020\/02\/Logo_Mizu.png\" alt=\"\" class=\"wp-image-1441\" srcset=\"https:\/\/jornalfatosenoticias.com.br\/wp-content\/uploads\/2020\/02\/Logo_Mizu.png 729w, https:\/\/jornalfatosenoticias.com.br\/wp-content\/uploads\/2020\/02\/Logo_Mizu-300x37.png 300w\" sizes=\"auto, (max-width: 729px) 100vw, 729px\" \/><\/figure><\/div>\n\n\n\n<p><strong><em>Fonte: <a href=\"https:\/\/agenciabrasil.ebc.com.br\/economia\/noticia\/2022-09\/confianca-dos-consumidores-avanca-54-pontos-em-setembro\">Ag\u00eancia Brasil<\/a><\/em><\/strong><\/p>\n","protected":false},"excerpt":{"rendered":"<p>Alta foi influenciada pela melhora dos indicadores sobre o momento O \u00cdndice de Confian\u00e7a do Consumidor (ICC) avan\u00e7ou 5,4 pontos em setembro, para 89 pontos, o maior n\u00edvel desde janeiro de 2020, com 90,4 pontos. Em m\u00e9dias m\u00f3veis trimestrais, o \u00edndice subiu 3,3 pontos, para 84 pontos. Os dados foram divulgados hoje (26) pelo Instituto [&hellip;]<\/p>\n","protected":false},"author":2,"featured_media":34538,"comment_status":"open","ping_status":"open","sticky":false,"template":"","format":"standard","meta":{"footnotes":""},"categories":[9],"tags":[4398,1212,16200,16199,13426],"class_list":["post-34537","post","type-post","status-publish","format-standard","has-post-thumbnail","hentry","category-economia","tag-consumidor","tag-fgv","tag-ibre","tag-indice-de-confianca","tag-indice-de-confianca-do-consumidor"],"yoast_head":"<!-- This site is optimized with the Yoast SEO plugin v26.5 - https:\/\/yoast.com\/wordpress\/plugins\/seo\/ -->\n<title>Confian\u00e7a dos consumidores avan\u00e7a 5,4 pontos em setembro - Jornal Fatos e Not\u00edcias<\/title>\n<meta name=\"robots\" content=\"index, follow, max-snippet:-1, max-image-preview:large, max-video-preview:-1\" \/>\n<link rel=\"canonical\" href=\"https:\/\/jornalfatosenoticias.com.br\/index.php\/2022\/09\/26\/confianca-dos-consumidores-avanca-54-pontos-em-setembro\/\" \/>\n<meta property=\"og:locale\" content=\"pt_BR\" \/>\n<meta property=\"og:type\" content=\"article\" \/>\n<meta property=\"og:title\" content=\"Confian\u00e7a dos consumidores avan\u00e7a 5,4 pontos em setembro - Jornal Fatos e Not\u00edcias\" \/>\n<meta property=\"og:description\" content=\"Alta foi influenciada pela melhora dos indicadores sobre o momento O \u00cdndice de Confian\u00e7a do Consumidor (ICC) avan\u00e7ou 5,4 pontos em setembro, para 89 pontos, o maior n\u00edvel desde janeiro de 2020, com 90,4 pontos. Em m\u00e9dias m\u00f3veis trimestrais, o \u00edndice subiu 3,3 pontos, para 84 pontos. Os dados foram divulgados hoje (26) pelo Instituto [&hellip;]\" \/>\n<meta property=\"og:url\" content=\"https:\/\/jornalfatosenoticias.com.br\/index.php\/2022\/09\/26\/confianca-dos-consumidores-avanca-54-pontos-em-setembro\/\" \/>\n<meta property=\"og:site_name\" content=\"Jornal Fatos e Not\u00edcias\" \/>\n<meta property=\"article:published_time\" content=\"2022-09-26T14:19:17+00:00\" \/>\n<meta property=\"article:modified_time\" content=\"2022-09-26T14:19:19+00:00\" \/>\n<meta property=\"og:image\" content=\"https:\/\/jornalfatosenoticias.com.br\/wp-content\/uploads\/2022\/09\/confianca-consumidor.jpg\" \/>\n\t<meta property=\"og:image:width\" content=\"1000\" \/>\n\t<meta property=\"og:image:height\" content=\"598\" \/>\n\t<meta property=\"og:image:type\" content=\"image\/jpeg\" \/>\n<meta name=\"author\" content=\"Luzimara Fernandes\" \/>\n<meta name=\"twitter:card\" content=\"summary_large_image\" \/>\n<meta name=\"twitter:label1\" content=\"Escrito por\" \/>\n\t<meta name=\"twitter:data1\" content=\"Luzimara Fernandes\" \/>\n\t<meta name=\"twitter:label2\" content=\"Est. tempo de leitura\" \/>\n\t<meta name=\"twitter:data2\" content=\"2 minutos\" \/>\n<script type=\"application\/ld+json\" class=\"yoast-schema-graph\">{\"@context\":\"https:\/\/schema.org\",\"@graph\":[{\"@type\":\"Article\",\"@id\":\"https:\/\/jornalfatosenoticias.com.br\/index.php\/2022\/09\/26\/confianca-dos-consumidores-avanca-54-pontos-em-setembro\/#article\",\"isPartOf\":{\"@id\":\"https:\/\/jornalfatosenoticias.com.br\/index.php\/2022\/09\/26\/confianca-dos-consumidores-avanca-54-pontos-em-setembro\/\"},\"author\":{\"name\":\"Luzimara Fernandes\",\"@id\":\"https:\/\/jornalfatosenoticias.com.br\/#\/schema\/person\/d63837fa13ac8666eb9e74e0985d6f81\"},\"headline\":\"Confian\u00e7a dos consumidores avan\u00e7a 5,4 pontos em setembro\",\"datePublished\":\"2022-09-26T14:19:17+00:00\",\"dateModified\":\"2022-09-26T14:19:19+00:00\",\"mainEntityOfPage\":{\"@id\":\"https:\/\/jornalfatosenoticias.com.br\/index.php\/2022\/09\/26\/confianca-dos-consumidores-avanca-54-pontos-em-setembro\/\"},\"wordCount\":470,\"commentCount\":0,\"publisher\":{\"@id\":\"https:\/\/jornalfatosenoticias.com.br\/#organization\"},\"image\":{\"@id\":\"https:\/\/jornalfatosenoticias.com.br\/index.php\/2022\/09\/26\/confianca-dos-consumidores-avanca-54-pontos-em-setembro\/#primaryimage\"},\"thumbnailUrl\":\"https:\/\/jornalfatosenoticias.com.br\/wp-content\/uploads\/2022\/09\/confianca-consumidor.jpg\",\"keywords\":[\"consumidor\",\"FGV\",\"Ibre\",\"\u00cdndice de Confian\u00e7a\",\"\u00cdndice de Confian\u00e7a do Consumidor\"],\"articleSection\":[\"Economia\"],\"inLanguage\":\"pt-BR\",\"potentialAction\":[{\"@type\":\"CommentAction\",\"name\":\"Comment\",\"target\":[\"https:\/\/jornalfatosenoticias.com.br\/index.php\/2022\/09\/26\/confianca-dos-consumidores-avanca-54-pontos-em-setembro\/#respond\"]}]},{\"@type\":\"WebPage\",\"@id\":\"https:\/\/jornalfatosenoticias.com.br\/index.php\/2022\/09\/26\/confianca-dos-consumidores-avanca-54-pontos-em-setembro\/\",\"url\":\"https:\/\/jornalfatosenoticias.com.br\/index.php\/2022\/09\/26\/confianca-dos-consumidores-avanca-54-pontos-em-setembro\/\",\"name\":\"Confian\u00e7a dos consumidores avan\u00e7a 5,4 pontos em setembro - Jornal Fatos e Not\u00edcias\",\"isPartOf\":{\"@id\":\"https:\/\/jornalfatosenoticias.com.br\/#website\"},\"primaryImageOfPage\":{\"@id\":\"https:\/\/jornalfatosenoticias.com.br\/index.php\/2022\/09\/26\/confianca-dos-consumidores-avanca-54-pontos-em-setembro\/#primaryimage\"},\"image\":{\"@id\":\"https:\/\/jornalfatosenoticias.com.br\/index.php\/2022\/09\/26\/confianca-dos-consumidores-avanca-54-pontos-em-setembro\/#primaryimage\"},\"thumbnailUrl\":\"https:\/\/jornalfatosenoticias.com.br\/wp-content\/uploads\/2022\/09\/confianca-consumidor.jpg\",\"datePublished\":\"2022-09-26T14:19:17+00:00\",\"dateModified\":\"2022-09-26T14:19:19+00:00\",\"breadcrumb\":{\"@id\":\"https:\/\/jornalfatosenoticias.com.br\/index.php\/2022\/09\/26\/confianca-dos-consumidores-avanca-54-pontos-em-setembro\/#breadcrumb\"},\"inLanguage\":\"pt-BR\",\"potentialAction\":[{\"@type\":\"ReadAction\",\"target\":[\"https:\/\/jornalfatosenoticias.com.br\/index.php\/2022\/09\/26\/confianca-dos-consumidores-avanca-54-pontos-em-setembro\/\"]}]},{\"@type\":\"ImageObject\",\"inLanguage\":\"pt-BR\",\"@id\":\"https:\/\/jornalfatosenoticias.com.br\/index.php\/2022\/09\/26\/confianca-dos-consumidores-avanca-54-pontos-em-setembro\/#primaryimage\",\"url\":\"https:\/\/jornalfatosenoticias.com.br\/wp-content\/uploads\/2022\/09\/confianca-consumidor.jpg\",\"contentUrl\":\"https:\/\/jornalfatosenoticias.com.br\/wp-content\/uploads\/2022\/09\/confianca-consumidor.jpg\",\"width\":1000,\"height\":598,\"caption\":\"Venda a varejo de material escolar em lojas da 25 de Mar\u00e7o, regi\u00e3o central.\"},{\"@type\":\"BreadcrumbList\",\"@id\":\"https:\/\/jornalfatosenoticias.com.br\/index.php\/2022\/09\/26\/confianca-dos-consumidores-avanca-54-pontos-em-setembro\/#breadcrumb\",\"itemListElement\":[{\"@type\":\"ListItem\",\"position\":1,\"name\":\"In\u00edcio\",\"item\":\"https:\/\/jornalfatosenoticias.com.br\/\"},{\"@type\":\"ListItem\",\"position\":2,\"name\":\"Confian\u00e7a dos consumidores avan\u00e7a 5,4 pontos em setembro\"}]},{\"@type\":\"WebSite\",\"@id\":\"https:\/\/jornalfatosenoticias.com.br\/#website\",\"url\":\"https:\/\/jornalfatosenoticias.com.br\/\",\"name\":\"Jornal Fatos e Not\u00edcias\",\"description\":\"Not\u00edcias em geral\",\"publisher\":{\"@id\":\"https:\/\/jornalfatosenoticias.com.br\/#organization\"},\"potentialAction\":[{\"@type\":\"SearchAction\",\"target\":{\"@type\":\"EntryPoint\",\"urlTemplate\":\"https:\/\/jornalfatosenoticias.com.br\/?s={search_term_string}\"},\"query-input\":{\"@type\":\"PropertyValueSpecification\",\"valueRequired\":true,\"valueName\":\"search_term_string\"}}],\"inLanguage\":\"pt-BR\"},{\"@type\":\"Organization\",\"@id\":\"https:\/\/jornalfatosenoticias.com.br\/#organization\",\"name\":\"Jornal Fatos e Not\u00edcias\",\"url\":\"https:\/\/jornalfatosenoticias.com.br\/\",\"logo\":{\"@type\":\"ImageObject\",\"inLanguage\":\"pt-BR\",\"@id\":\"https:\/\/jornalfatosenoticias.com.br\/#\/schema\/logo\/image\/\",\"url\":\"https:\/\/jornalfatosenoticias.com.br\/wp-content\/uploads\/2020\/02\/logo120.png\",\"contentUrl\":\"https:\/\/jornalfatosenoticias.com.br\/wp-content\/uploads\/2020\/02\/logo120.png\",\"width\":1227,\"height\":120,\"caption\":\"Jornal Fatos e Not\u00edcias\"},\"image\":{\"@id\":\"https:\/\/jornalfatosenoticias.com.br\/#\/schema\/logo\/image\/\"}},{\"@type\":\"Person\",\"@id\":\"https:\/\/jornalfatosenoticias.com.br\/#\/schema\/person\/d63837fa13ac8666eb9e74e0985d6f81\",\"name\":\"Luzimara Fernandes\",\"image\":{\"@type\":\"ImageObject\",\"inLanguage\":\"pt-BR\",\"@id\":\"https:\/\/jornalfatosenoticias.com.br\/#\/schema\/person\/image\/\",\"url\":\"https:\/\/jornalfatosenoticias.com.br\/wp-content\/uploads\/2025\/05\/EU_portal.jpg\",\"contentUrl\":\"https:\/\/jornalfatosenoticias.com.br\/wp-content\/uploads\/2025\/05\/EU_portal.jpg\",\"caption\":\"Luzimara Fernandes\"},\"description\":\"Jornalista MTB 2358-ES\",\"sameAs\":[\"https:\/\/jornalfatosenoticias.com.br\"],\"url\":\"https:\/\/jornalfatosenoticias.com.br\/index.php\/author\/luzimara\/\"}]}<\/script>\n<!-- \/ Yoast SEO plugin. -->","yoast_head_json":{"title":"Confian\u00e7a dos consumidores avan\u00e7a 5,4 pontos em setembro - Jornal Fatos e Not\u00edcias","robots":{"index":"index","follow":"follow","max-snippet":"max-snippet:-1","max-image-preview":"max-image-preview:large","max-video-preview":"max-video-preview:-1"},"canonical":"https:\/\/jornalfatosenoticias.com.br\/index.php\/2022\/09\/26\/confianca-dos-consumidores-avanca-54-pontos-em-setembro\/","og_locale":"pt_BR","og_type":"article","og_title":"Confian\u00e7a dos consumidores avan\u00e7a 5,4 pontos em setembro - Jornal Fatos e Not\u00edcias","og_description":"Alta foi influenciada pela melhora dos indicadores sobre o momento O \u00cdndice de Confian\u00e7a do Consumidor (ICC) avan\u00e7ou 5,4 pontos em setembro, para 89 pontos, o maior n\u00edvel desde janeiro de 2020, com 90,4 pontos. Em m\u00e9dias m\u00f3veis trimestrais, o \u00edndice subiu 3,3 pontos, para 84 pontos. Os dados foram divulgados hoje (26) pelo Instituto [&hellip;]","og_url":"https:\/\/jornalfatosenoticias.com.br\/index.php\/2022\/09\/26\/confianca-dos-consumidores-avanca-54-pontos-em-setembro\/","og_site_name":"Jornal Fatos e Not\u00edcias","article_published_time":"2022-09-26T14:19:17+00:00","article_modified_time":"2022-09-26T14:19:19+00:00","og_image":[{"width":1000,"height":598,"url":"https:\/\/jornalfatosenoticias.com.br\/wp-content\/uploads\/2022\/09\/confianca-consumidor.jpg","type":"image\/jpeg"}],"author":"Luzimara Fernandes","twitter_card":"summary_large_image","twitter_misc":{"Escrito por":"Luzimara Fernandes","Est. tempo de leitura":"2 minutos"},"schema":{"@context":"https:\/\/schema.org","@graph":[{"@type":"Article","@id":"https:\/\/jornalfatosenoticias.com.br\/index.php\/2022\/09\/26\/confianca-dos-consumidores-avanca-54-pontos-em-setembro\/#article","isPartOf":{"@id":"https:\/\/jornalfatosenoticias.com.br\/index.php\/2022\/09\/26\/confianca-dos-consumidores-avanca-54-pontos-em-setembro\/"},"author":{"name":"Luzimara Fernandes","@id":"https:\/\/jornalfatosenoticias.com.br\/#\/schema\/person\/d63837fa13ac8666eb9e74e0985d6f81"},"headline":"Confian\u00e7a dos consumidores avan\u00e7a 5,4 pontos em setembro","datePublished":"2022-09-26T14:19:17+00:00","dateModified":"2022-09-26T14:19:19+00:00","mainEntityOfPage":{"@id":"https:\/\/jornalfatosenoticias.com.br\/index.php\/2022\/09\/26\/confianca-dos-consumidores-avanca-54-pontos-em-setembro\/"},"wordCount":470,"commentCount":0,"publisher":{"@id":"https:\/\/jornalfatosenoticias.com.br\/#organization"},"image":{"@id":"https:\/\/jornalfatosenoticias.com.br\/index.php\/2022\/09\/26\/confianca-dos-consumidores-avanca-54-pontos-em-setembro\/#primaryimage"},"thumbnailUrl":"https:\/\/jornalfatosenoticias.com.br\/wp-content\/uploads\/2022\/09\/confianca-consumidor.jpg","keywords":["consumidor","FGV","Ibre","\u00cdndice de Confian\u00e7a","\u00cdndice de Confian\u00e7a do Consumidor"],"articleSection":["Economia"],"inLanguage":"pt-BR","potentialAction":[{"@type":"CommentAction","name":"Comment","target":["https:\/\/jornalfatosenoticias.com.br\/index.php\/2022\/09\/26\/confianca-dos-consumidores-avanca-54-pontos-em-setembro\/#respond"]}]},{"@type":"WebPage","@id":"https:\/\/jornalfatosenoticias.com.br\/index.php\/2022\/09\/26\/confianca-dos-consumidores-avanca-54-pontos-em-setembro\/","url":"https:\/\/jornalfatosenoticias.com.br\/index.php\/2022\/09\/26\/confianca-dos-consumidores-avanca-54-pontos-em-setembro\/","name":"Confian\u00e7a dos consumidores avan\u00e7a 5,4 pontos em setembro - Jornal Fatos e Not\u00edcias","isPartOf":{"@id":"https:\/\/jornalfatosenoticias.com.br\/#website"},"primaryImageOfPage":{"@id":"https:\/\/jornalfatosenoticias.com.br\/index.php\/2022\/09\/26\/confianca-dos-consumidores-avanca-54-pontos-em-setembro\/#primaryimage"},"image":{"@id":"https:\/\/jornalfatosenoticias.com.br\/index.php\/2022\/09\/26\/confianca-dos-consumidores-avanca-54-pontos-em-setembro\/#primaryimage"},"thumbnailUrl":"https:\/\/jornalfatosenoticias.com.br\/wp-content\/uploads\/2022\/09\/confianca-consumidor.jpg","datePublished":"2022-09-26T14:19:17+00:00","dateModified":"2022-09-26T14:19:19+00:00","breadcrumb":{"@id":"https:\/\/jornalfatosenoticias.com.br\/index.php\/2022\/09\/26\/confianca-dos-consumidores-avanca-54-pontos-em-setembro\/#breadcrumb"},"inLanguage":"pt-BR","potentialAction":[{"@type":"ReadAction","target":["https:\/\/jornalfatosenoticias.com.br\/index.php\/2022\/09\/26\/confianca-dos-consumidores-avanca-54-pontos-em-setembro\/"]}]},{"@type":"ImageObject","inLanguage":"pt-BR","@id":"https:\/\/jornalfatosenoticias.com.br\/index.php\/2022\/09\/26\/confianca-dos-consumidores-avanca-54-pontos-em-setembro\/#primaryimage","url":"https:\/\/jornalfatosenoticias.com.br\/wp-content\/uploads\/2022\/09\/confianca-consumidor.jpg","contentUrl":"https:\/\/jornalfatosenoticias.com.br\/wp-content\/uploads\/2022\/09\/confianca-consumidor.jpg","width":1000,"height":598,"caption":"Venda a varejo de material escolar em lojas da 25 de Mar\u00e7o, regi\u00e3o central."},{"@type":"BreadcrumbList","@id":"https:\/\/jornalfatosenoticias.com.br\/index.php\/2022\/09\/26\/confianca-dos-consumidores-avanca-54-pontos-em-setembro\/#breadcrumb","itemListElement":[{"@type":"ListItem","position":1,"name":"In\u00edcio","item":"https:\/\/jornalfatosenoticias.com.br\/"},{"@type":"ListItem","position":2,"name":"Confian\u00e7a dos consumidores avan\u00e7a 5,4 pontos em setembro"}]},{"@type":"WebSite","@id":"https:\/\/jornalfatosenoticias.com.br\/#website","url":"https:\/\/jornalfatosenoticias.com.br\/","name":"Jornal Fatos e Not\u00edcias","description":"Not\u00edcias em geral","publisher":{"@id":"https:\/\/jornalfatosenoticias.com.br\/#organization"},"potentialAction":[{"@type":"SearchAction","target":{"@type":"EntryPoint","urlTemplate":"https:\/\/jornalfatosenoticias.com.br\/?s={search_term_string}"},"query-input":{"@type":"PropertyValueSpecification","valueRequired":true,"valueName":"search_term_string"}}],"inLanguage":"pt-BR"},{"@type":"Organization","@id":"https:\/\/jornalfatosenoticias.com.br\/#organization","name":"Jornal Fatos e Not\u00edcias","url":"https:\/\/jornalfatosenoticias.com.br\/","logo":{"@type":"ImageObject","inLanguage":"pt-BR","@id":"https:\/\/jornalfatosenoticias.com.br\/#\/schema\/logo\/image\/","url":"https:\/\/jornalfatosenoticias.com.br\/wp-content\/uploads\/2020\/02\/logo120.png","contentUrl":"https:\/\/jornalfatosenoticias.com.br\/wp-content\/uploads\/2020\/02\/logo120.png","width":1227,"height":120,"caption":"Jornal Fatos e Not\u00edcias"},"image":{"@id":"https:\/\/jornalfatosenoticias.com.br\/#\/schema\/logo\/image\/"}},{"@type":"Person","@id":"https:\/\/jornalfatosenoticias.com.br\/#\/schema\/person\/d63837fa13ac8666eb9e74e0985d6f81","name":"Luzimara Fernandes","image":{"@type":"ImageObject","inLanguage":"pt-BR","@id":"https:\/\/jornalfatosenoticias.com.br\/#\/schema\/person\/image\/","url":"https:\/\/jornalfatosenoticias.com.br\/wp-content\/uploads\/2025\/05\/EU_portal.jpg","contentUrl":"https:\/\/jornalfatosenoticias.com.br\/wp-content\/uploads\/2025\/05\/EU_portal.jpg","caption":"Luzimara Fernandes"},"description":"Jornalista MTB 2358-ES","sameAs":["https:\/\/jornalfatosenoticias.com.br"],"url":"https:\/\/jornalfatosenoticias.com.br\/index.php\/author\/luzimara\/"}]}},"cc_featured_image_caption":{"caption_text":"(Foto: Rovena Rosa\/Ag\u00eancia Brasil)","source_text":"","source_url":""},"jetpack_featured_media_url":"https:\/\/jornalfatosenoticias.com.br\/wp-content\/uploads\/2022\/09\/confianca-consumidor.jpg","_links":{"self":[{"href":"https:\/\/jornalfatosenoticias.com.br\/index.php\/wp-json\/wp\/v2\/posts\/34537","targetHints":{"allow":["GET"]}}],"collection":[{"href":"https:\/\/jornalfatosenoticias.com.br\/index.php\/wp-json\/wp\/v2\/posts"}],"about":[{"href":"https:\/\/jornalfatosenoticias.com.br\/index.php\/wp-json\/wp\/v2\/types\/post"}],"author":[{"embeddable":true,"href":"https:\/\/jornalfatosenoticias.com.br\/index.php\/wp-json\/wp\/v2\/users\/2"}],"replies":[{"embeddable":true,"href":"https:\/\/jornalfatosenoticias.com.br\/index.php\/wp-json\/wp\/v2\/comments?post=34537"}],"version-history":[{"count":0,"href":"https:\/\/jornalfatosenoticias.com.br\/index.php\/wp-json\/wp\/v2\/posts\/34537\/revisions"}],"wp:featuredmedia":[{"embeddable":true,"href":"https:\/\/jornalfatosenoticias.com.br\/index.php\/wp-json\/wp\/v2\/media\/34538"}],"wp:attachment":[{"href":"https:\/\/jornalfatosenoticias.com.br\/index.php\/wp-json\/wp\/v2\/media?parent=34537"}],"wp:term":[{"taxonomy":"category","embeddable":true,"href":"https:\/\/jornalfatosenoticias.com.br\/index.php\/wp-json\/wp\/v2\/categories?post=34537"},{"taxonomy":"post_tag","embeddable":true,"href":"https:\/\/jornalfatosenoticias.com.br\/index.php\/wp-json\/wp\/v2\/tags?post=34537"}],"curies":[{"name":"wp","href":"https:\/\/api.w.org\/{rel}","templated":true}]}}