{"id":3456,"date":"2020-04-21T12:18:10","date_gmt":"2020-04-21T15:18:10","guid":{"rendered":"https:\/\/jornalfatosenoticias.com.br\/?p=3456"},"modified":"2020-04-21T12:18:16","modified_gmt":"2020-04-21T15:18:16","slug":"os-lideres-europeus-que-estao-usando-a-pandemia-para-concentrar-mais-poder","status":"publish","type":"post","link":"https:\/\/jornalfatosenoticias.com.br\/index.php\/2020\/04\/21\/os-lideres-europeus-que-estao-usando-a-pandemia-para-concentrar-mais-poder\/","title":{"rendered":"Os l\u00edderes europeus que est\u00e3o usando a pandemia para concentrar mais poder"},"content":{"rendered":"\n<h6 class=\"wp-block-heading\"><em>Parte dos l\u00edderes europeus est\u00e1 tirando proveito da atual crise de sa\u00fade p\u00fablica para reprimir dissid\u00eancias e fortalecer seu poder<\/em><\/h6>\n\n\n\n<p>Enquanto autoridades na Turquia prendem centenas de pessoas por postagens em redes sociais e na R\u00fassia a popula\u00e7\u00e3o \u00e9 amea\u00e7ada de pris\u00e3o por qualquer publica\u00e7\u00e3o considerada not\u00edcia falsa, h\u00e1 temores de que a democracia esteja em risco na Pol\u00f4nia e j\u00e1 tenha sido varrida na Hungria.<br>A BBC pediu para seus correspondentes de cada regi\u00e3o analisarem se o coronav\u00edrus est\u00e1 sendo usado como desculpa para abuso de poder.<br>Debate semelhante acontece no Brasil. Neste fim de semana, o presidente Jair Bolsonaro participou de um ato que defendia a interven\u00e7\u00e3o militar no Pa\u00eds, provocando rea\u00e7\u00f5es de pol\u00edticos, como o presidente da C\u00e2mara, Rodrigo Maia (DEM-RJ), e ministros do Supremo Tribunal Federal. &#8220;N\u00f3s n\u00e3o queremos negociar nada. N\u00f3s queremos a\u00e7\u00e3o pelo Brasil&#8221;, disse o presidente, em discurso que foi transmitido ao vivo em rede social.<br>&#8220;Invocar o AI-5 e a volta da ditadura \u00e9 rasgar o compromisso com a Constitui\u00e7\u00e3o e com a ordem democr\u00e1tica&#8221;, publicou no Twitter o ministro do STF Gilmar Mendes. No dia seguinte, Bolsonaro, que vem perdendo apoio, moderou o tom e falou em respeito ao regime democr\u00e1tico.<\/p>\n\n\n\n<p><strong>Hungria: &#8220;suic\u00eddio&#8221; do Parlamento confere poderes extraordin\u00e1rios a Orban<\/strong><\/p>\n\n\n\n<h4 class=\"wp-block-heading\">An\u00e1lise por Nick Thorpe, correspondente em Budapeste<\/h4>\n\n\n\n<figure class=\"wp-block-image size-large\"><img loading=\"lazy\" decoding=\"async\" width=\"1000\" height=\"561\" src=\"https:\/\/jornalfatosenoticias.com.br\/wp-content\/uploads\/2020\/04\/parlamento-hungaro.jpg\" alt=\"\" class=\"wp-image-3457\" srcset=\"https:\/\/jornalfatosenoticias.com.br\/wp-content\/uploads\/2020\/04\/parlamento-hungaro.jpg 1000w, https:\/\/jornalfatosenoticias.com.br\/wp-content\/uploads\/2020\/04\/parlamento-hungaro-300x168.jpg 300w, https:\/\/jornalfatosenoticias.com.br\/wp-content\/uploads\/2020\/04\/parlamento-hungaro-768x431.jpg 768w\" sizes=\"auto, (max-width: 1000px) 100vw, 1000px\" \/><figcaption><em>O Parlamento h\u00fangaro, onde Viktor Orban tem a maioria, deu ao primeiro-ministro poderes especiais (Foto: Reuters)<\/em><\/figcaption><\/figure>\n\n\n\n<p>O poderoso primeiro-ministro da Hungria, Viktor Orban, foi apontado em seu pa\u00eds e no exterior de estar usando a crise do coronav\u00edrus para ganhar ainda mais poder, em vez de unir o pa\u00eds.<br>Primeiro, seu governo declarou estado de emerg\u00eancia no dia 11 de mar\u00e7o, ganhando tempo valioso para se preparar para a pandemia.<br>Mas depois ele usou sua maioria parlamentar para estender o estado de emerg\u00eancia indefinidamente. O governo agora tem o poder de governar por decreto pelo tempo que for necess\u00e1rio e pode decidir quando o perigo acabar\u00e1.<br>Cr\u00edticos falam de fim da democracia na Hungria, mas o ministro da Justi\u00e7a insiste que a &#8220;Lei de Autoriza\u00e7\u00e3o&#8221; expirar\u00e1 ao final da emerg\u00eancia, e que \u00e9 necess\u00e1ria e proporcional.<\/p>\n\n\n\n<p><strong>Turquia: a &#8220;oportunidade&#8221; para Erdogan<\/strong><\/p>\n\n\n\n<h4 class=\"wp-block-heading\">An\u00e1lise de Orla Guerin, correspondente em Istambul<\/h4>\n\n\n\n<figure class=\"wp-block-image size-large\"><img loading=\"lazy\" decoding=\"async\" width=\"1000\" height=\"561\" src=\"https:\/\/jornalfatosenoticias.com.br\/wp-content\/uploads\/2020\/04\/erdogan_gettyimages.jpg\" alt=\"\" class=\"wp-image-3458\" srcset=\"https:\/\/jornalfatosenoticias.com.br\/wp-content\/uploads\/2020\/04\/erdogan_gettyimages.jpg 1000w, https:\/\/jornalfatosenoticias.com.br\/wp-content\/uploads\/2020\/04\/erdogan_gettyimages-300x168.jpg 300w, https:\/\/jornalfatosenoticias.com.br\/wp-content\/uploads\/2020\/04\/erdogan_gettyimages-768x431.jpg 768w\" sizes=\"auto, (max-width: 1000px) 100vw, 1000px\" \/><figcaption><em>Para ativistas, Erdogan n\u00e3o precisa usar o coronav\u00edrus para aumentar seu poder, porque j\u00e1 tem demais (Foto: Getty Images)<\/em><\/figcaption><\/figure>\n\n\n\n<p>O combativo l\u00edder da Turquia, Recep Tayyip Erdogan, n\u00e3o precisa usar a pandemia de coronav\u00edrus para usurpar o poder, porque ele j\u00e1 tem bastante. Essa \u00e9 a opini\u00e3o dos ativistas de direitos humanos no pa\u00eds.<br>&#8220;Existe um sistema t\u00e3o centralizado que n\u00e3o \u00e9 preciso obter mais poderes&#8221;, diz Emma Sinclair-Webb, diretora da Human Rights Watch para a Turquia.<br>No entanto, Sinclair-Webb acrescenta que houve uma tentativa oportunista de &#8220;sondar o terreno&#8221; com propostas para aumentar o controle sobre as empresas de redes sociais.<br>Elas foram &#8220;enterradas profundamente&#8221; em um projeto de lei que lida principalmente com medidas econ\u00f4micas para amortecer o impacto do v\u00edrus.<br>O objetivo, explica, era &#8220;fortalecer as plataformas de redes sociais para sujeit\u00e1-las ao controle e \u00e0 censura do governo&#8221;.<br>Os projetos de emendas foram retirados de repente, mas Sinclair-Webb tem a expectativa de que voltem no futuro.<br>O governo turco est\u00e1 determinado a controlar a narrativa durante a crise. Centenas de pessoas foram presas por &#8220;postagens provocativas&#8221; sobre a covid-19 nas redes sociais.<br>Poucos m\u00e9dicos ousaram falar.<\/p>\n\n\n\n<figure class=\"wp-block-image size-large\"><img loading=\"lazy\" decoding=\"async\" width=\"1000\" height=\"561\" src=\"https:\/\/jornalfatosenoticias.com.br\/wp-content\/uploads\/2020\/04\/policia_turquia.jpg\" alt=\"\" class=\"wp-image-3459\" srcset=\"https:\/\/jornalfatosenoticias.com.br\/wp-content\/uploads\/2020\/04\/policia_turquia.jpg 1000w, https:\/\/jornalfatosenoticias.com.br\/wp-content\/uploads\/2020\/04\/policia_turquia-300x168.jpg 300w, https:\/\/jornalfatosenoticias.com.br\/wp-content\/uploads\/2020\/04\/policia_turquia-768x431.jpg 768w\" sizes=\"auto, (max-width: 1000px) 100vw, 1000px\" \/><figcaption><em>A pol\u00edcia multa as pessoas que violam as medidas de confinamento na Turquia (Foto: EPA)<\/em><\/figcaption><\/figure>\n\n\n\n<p><br>&#8220;Ocultar os fatos e criar um monop\u00f3lio da informa\u00e7\u00e3o infelizmente se tornou o modo como este pa\u00eds \u00e9 governado&#8221;, diz Ali Cerkezoglu, da Associa\u00e7\u00e3o M\u00e9dica da Turquia. &#8220;M\u00e9dicos, enfermeiros e profissionais de sa\u00fade se acostumaram a isso nos \u00faltimos 20 anos&#8221;.<br>O advogado Hurrem Sonmez teme que a pandemia seja uma oportunidade para o presidente Erdogan. &#8220;A sociedade e a oposi\u00e7\u00e3o s\u00e3o mais fracas devido \u00e0 pandemia&#8221;, diz Sonmez, que representou r\u00e9us em casos de liberdade de express\u00e3o.<br>&#8220;Todo mundo tem o mesmo objetivo: o v\u00edrus. A prioridade \u00e9 sobreviver. Existe uma s\u00e9ria preocupa\u00e7\u00e3o de que a situa\u00e7\u00e3o possa ser mal utilizada por esse governo&#8221;.<\/p>\n\n\n\n<p><strong>R\u00fassia: pandemia frustra as ambi\u00e7\u00f5es de Putin<\/strong><\/p>\n\n\n\n<h4 class=\"wp-block-heading\">An\u00e1lise de Steve Rosenberg, correspondente em Moscou<\/h4>\n\n\n\n<figure class=\"wp-block-image size-large\"><img loading=\"lazy\" decoding=\"async\" width=\"1000\" height=\"561\" src=\"https:\/\/jornalfatosenoticias.com.br\/wp-content\/uploads\/2020\/04\/Putin_gettyimages.jpg\" alt=\"\" class=\"wp-image-3460\" srcset=\"https:\/\/jornalfatosenoticias.com.br\/wp-content\/uploads\/2020\/04\/Putin_gettyimages.jpg 1000w, https:\/\/jornalfatosenoticias.com.br\/wp-content\/uploads\/2020\/04\/Putin_gettyimages-300x168.jpg 300w, https:\/\/jornalfatosenoticias.com.br\/wp-content\/uploads\/2020\/04\/Putin_gettyimages-768x431.jpg 768w\" sizes=\"auto, (max-width: 1000px) 100vw, 1000px\" \/><figcaption><em>Os apoiadores de Putin argumentar\u00e3o que em momentos de crise o pa\u00eds precisa de uma lideran\u00e7a forte, segundo o correspondente em Moscou (Foto: Getty Images)<\/em><\/figcaption><\/figure>\n\n\n\n<p>Em janeiro, o Kremlin achou que tudo havia funcionado. A Constitui\u00e7\u00e3o russa seria alterada, principalmente para permitir que Vladimir Putin pudesse permanecer por mais dois mandatos.<br>Em seguida, ele realizaria uma &#8220;elei\u00e7\u00e3o nacional&#8221; triunfante no dia 22 de abril para que os russos endossassem as mudan\u00e7as. Os cr\u00edticos do presidente classificaram como &#8220;golpe constitucional&#8221;, mas parecia um acordo fechado.<br>A covid-19, no entanto, colocou tudo em espera. O presidente Putin teve que adiar a vota\u00e7\u00e3o: afinal, como ele pode convocar as pessoas a votar em meio a uma pandemia?<br>O problema para o Kremlin agora \u00e9 que aprovar uma nova Constitui\u00e7\u00e3o pode ser a \u00faltima coisa na cabe\u00e7a dos russos.<br>As medidas de confinamento para combater o novo coronav\u00edrus est\u00e3o destinadas a dizimar a economia, com previs\u00f5es de uma recess\u00e3o que pode durar dois anos e a perda de milh\u00f5es de empregos.<br>Os russos tendem a culpar as autoridades e os burocratas locais, e n\u00e3o a autoridade central, por seus problemas do dia a dia.<br>Mas a hist\u00f3ria mostra que quando as pessoas aqui t\u00eam um sofrimento financeiro pessoal agudo, voltam sua raiva contra o l\u00edder de seu pa\u00eds. Esse sofrimento agora parece inevit\u00e1vel.<br>Isso pode explicar por que o l\u00edder do Kremlin recentemente delegou poder aos governadores regionais para combater o coronav\u00edrus, agora eles compartilham responsabilidades.<br>Os apoiadores do presidente Putin, incluindo a m\u00eddia estatal, argumentar\u00e3o que, em uma crise nacional, a R\u00fassia exige lideran\u00e7a forte e est\u00e1vel mais do que nunca; em outras palavras, que a era Putin deve ser estendida. Quanto aos cr\u00edticos do Kremlin, eles j\u00e1 acusaram as autoridades de usar a pandemia para fortalecer o controle.<br>Uma nova lei aprovada pelo Parlamento imp\u00f5e duras penas \u00e0s pessoas condenadas por espalharem o que forem consideradas informa\u00e7\u00f5es falsas sobre o coronav\u00edrus: multas equivalentes a US$ 25 mil ou at\u00e9 cinco anos de pris\u00e3o.<br>H\u00e1 preocupa\u00e7\u00f5es sobre a implementa\u00e7\u00e3o de sistemas de vigil\u00e2ncia para refor\u00e7ar a quarentena.<br>O confinamento tamb\u00e9m significa que os protestos da oposi\u00e7\u00e3o n\u00e3o podem ocorrer: atualmente, as reuni\u00f5es de massa s\u00e3o proibidas para impedir a propaga\u00e7\u00e3o do v\u00edrus.<\/p>\n\n\n\n<p><strong>Pol\u00f4nia: o governo est\u00e1 arriscando vidas para manter o poder?<\/strong><\/p>\n\n\n\n<h4 class=\"wp-block-heading\">An\u00e1lise de Adam Easton, correspondente em Vars\u00f3via<\/h4>\n\n\n\n<figure class=\"wp-block-image size-large\"><img loading=\"lazy\" decoding=\"async\" width=\"1000\" height=\"561\" src=\"https:\/\/jornalfatosenoticias.com.br\/wp-content\/uploads\/2020\/04\/andrzej_duda_polonia.jpg\" alt=\"\" class=\"wp-image-3461\" srcset=\"https:\/\/jornalfatosenoticias.com.br\/wp-content\/uploads\/2020\/04\/andrzej_duda_polonia.jpg 1000w, https:\/\/jornalfatosenoticias.com.br\/wp-content\/uploads\/2020\/04\/andrzej_duda_polonia-300x168.jpg 300w, https:\/\/jornalfatosenoticias.com.br\/wp-content\/uploads\/2020\/04\/andrzej_duda_polonia-768x431.jpg 768w\" sizes=\"auto, (max-width: 1000px) 100vw, 1000px\" \/><figcaption><em>O presidente da Pol\u00f4nia, Andrzej Duda, se dirigiu a poloneses no come\u00e7o do m\u00eas pelo anivers\u00e1rio do acidente de avi\u00e3o em que o presidente Lech Kaczynski morreu (Foto: EPA)<\/em><\/figcaption><\/figure>\n\n\n\n<p>O partido no poder da Pol\u00f4nia est\u00e1 sendo acusado de colocar vidas em risco imprudentemente, pressionando as elei\u00e7\u00f5es presidenciais de maio durante a pandemia.<br>O presidente Andrzej Duda viu seu apoio aumentar nas pesquisas durante a pandemia e \u00e9 claramente o favorito a vencer.<br>O partido no poder, Lei e Justi\u00e7a, argumenta que \u00e9 constitucionalmente obrigado a realizar elei\u00e7\u00f5es, e que votar pelo correio \u00e9 a solu\u00e7\u00e3o mais segura sob o confinamento.<br>Essa \u00e9 sua op\u00e7\u00e3o preferencial, mas o partido tamb\u00e9m apoia uma proposta de mudar a Constitui\u00e7\u00e3o para permitir que o presidente Duda sirva por mais dois anos, desde que ele n\u00e3o possa tentar depois uma reelei\u00e7\u00e3o.<br>A oposi\u00e7\u00e3o diz que votar pelo correio coloca em risco os eleitores, os funcion\u00e1rios dos correios e os funcion\u00e1rios eleitorais. A comiss\u00e3o eleitoral da Uni\u00e3o Europeia e a da Pol\u00f4nia tamb\u00e9m expressaram preocupa\u00e7\u00e3o em realizar as elei\u00e7\u00f5es.<br>Existe uma maneira legal de esperar, insiste a oposi\u00e7\u00e3o: declarando um estado de desastre natural que pro\u00edbe as elei\u00e7\u00f5es enquanto medidas extraordin\u00e1rias s\u00e3o aplicadas pelos pr\u00f3ximos 90 dias.<br>O governo diz que declarar medidas extraordin\u00e1rias o responsabilizar\u00e1 pelos pedidos de indeniza\u00e7\u00e3o.<br>Se as elei\u00e7\u00f5es forem realizadas em maio, elas n\u00e3o seriam justas, dizem grupos de direitos humanos, porque os candidatos suspenderam a campanha enquanto o titular ainda desfruta de ampla cobertura da m\u00eddia que ajuda o governo e ainda visita profissionais de sa\u00fade.<br>Se as elei\u00e7\u00f5es forem adiadas, a Pol\u00f4nia poderia estar no meio de uma recess\u00e3o durante as elei\u00e7\u00f5es, o que diminuiria substancialmente as chances de reelei\u00e7\u00e3o de Duda. Se um candidato da oposi\u00e7\u00e3o fosse escolhido, o poder de veto do novo presidente poderia alterar significativamente a capacidade do governo de impulsionar seu programa nos pr\u00f3ximos tr\u00eas anos e meio.<br>&#8220;Este \u00e9 um claro exemplo sobre como tirar o m\u00e1ximo proveito da crise e permanecer no poder&#8221;, disse \u00e0 BBC Malgorzata Szuleka, advogada da Funda\u00e7\u00e3o Helsinski para os Direitos Humanos em Vars\u00f3via.<\/p>\n\n\n\n<p><strong><em>Fonte: <a href=\"https:\/\/www.bbc.com\/portuguese\/internacional-52358420\">BBC News Brasil<\/a><\/em><\/strong><\/p>\n","protected":false},"excerpt":{"rendered":"<p>Parte dos l\u00edderes europeus est\u00e1 tirando proveito da atual crise de sa\u00fade p\u00fablica para reprimir dissid\u00eancias e fortalecer seu poder Enquanto autoridades na Turquia prendem centenas de pessoas por postagens em redes sociais e na R\u00fassia a popula\u00e7\u00e3o \u00e9 amea\u00e7ada de pris\u00e3o por qualquer publica\u00e7\u00e3o considerada not\u00edcia falsa, h\u00e1 temores de que a democracia esteja [&hellip;]<\/p>\n","protected":false},"author":2,"featured_media":3462,"comment_status":"open","ping_status":"open","sticky":false,"template":"","format":"standard","meta":{"footnotes":""},"categories":[41],"tags":[1917,73,1918,125,1919,1920],"class_list":["post-3456","post","type-post","status-publish","format-standard","has-post-thumbnail","hentry","category-internacional","tag-andrzej-duda","tag-coronavirus","tag-erdogan","tag-europa","tag-viktor-orban","tag-vladimir-putin"],"yoast_head":"<!-- This site is optimized with the Yoast SEO plugin v26.5 - https:\/\/yoast.com\/wordpress\/plugins\/seo\/ -->\n<title>Os l\u00edderes europeus que est\u00e3o usando a pandemia para concentrar mais poder - Jornal Fatos e Not\u00edcias<\/title>\n<meta name=\"robots\" content=\"index, follow, max-snippet:-1, max-image-preview:large, max-video-preview:-1\" \/>\n<link rel=\"canonical\" href=\"https:\/\/jornalfatosenoticias.com.br\/index.php\/2020\/04\/21\/os-lideres-europeus-que-estao-usando-a-pandemia-para-concentrar-mais-poder\/\" \/>\n<meta property=\"og:locale\" content=\"pt_BR\" \/>\n<meta property=\"og:type\" content=\"article\" \/>\n<meta property=\"og:title\" content=\"Os l\u00edderes europeus que est\u00e3o usando a pandemia para concentrar mais poder - Jornal Fatos e Not\u00edcias\" \/>\n<meta property=\"og:description\" content=\"Parte dos l\u00edderes europeus est\u00e1 tirando proveito da atual crise de sa\u00fade p\u00fablica para reprimir dissid\u00eancias e fortalecer seu poder Enquanto autoridades na Turquia prendem centenas de pessoas por postagens em redes sociais e na R\u00fassia a popula\u00e7\u00e3o \u00e9 amea\u00e7ada de pris\u00e3o por qualquer publica\u00e7\u00e3o considerada not\u00edcia falsa, h\u00e1 temores de que a democracia esteja [&hellip;]\" \/>\n<meta property=\"og:url\" content=\"https:\/\/jornalfatosenoticias.com.br\/index.php\/2020\/04\/21\/os-lideres-europeus-que-estao-usando-a-pandemia-para-concentrar-mais-poder\/\" \/>\n<meta property=\"og:site_name\" content=\"Jornal Fatos e Not\u00edcias\" \/>\n<meta property=\"article:published_time\" content=\"2020-04-21T15:18:10+00:00\" \/>\n<meta property=\"article:modified_time\" content=\"2020-04-21T15:18:16+00:00\" \/>\n<meta property=\"og:image\" content=\"https:\/\/jornalfatosenoticias.com.br\/wp-content\/uploads\/2020\/04\/ditadores_capa.jpg\" \/>\n\t<meta property=\"og:image:width\" content=\"1000\" \/>\n\t<meta property=\"og:image:height\" content=\"562\" \/>\n\t<meta property=\"og:image:type\" content=\"image\/jpeg\" \/>\n<meta name=\"author\" content=\"Luzimara Fernandes\" \/>\n<meta name=\"twitter:card\" content=\"summary_large_image\" \/>\n<meta name=\"twitter:label1\" content=\"Escrito por\" \/>\n\t<meta name=\"twitter:data1\" content=\"Luzimara Fernandes\" \/>\n\t<meta name=\"twitter:label2\" content=\"Est. tempo de leitura\" \/>\n\t<meta name=\"twitter:data2\" content=\"8 minutos\" \/>\n<script type=\"application\/ld+json\" class=\"yoast-schema-graph\">{\"@context\":\"https:\/\/schema.org\",\"@graph\":[{\"@type\":\"Article\",\"@id\":\"https:\/\/jornalfatosenoticias.com.br\/index.php\/2020\/04\/21\/os-lideres-europeus-que-estao-usando-a-pandemia-para-concentrar-mais-poder\/#article\",\"isPartOf\":{\"@id\":\"https:\/\/jornalfatosenoticias.com.br\/index.php\/2020\/04\/21\/os-lideres-europeus-que-estao-usando-a-pandemia-para-concentrar-mais-poder\/\"},\"author\":{\"name\":\"Luzimara Fernandes\",\"@id\":\"https:\/\/jornalfatosenoticias.com.br\/#\/schema\/person\/d63837fa13ac8666eb9e74e0985d6f81\"},\"headline\":\"Os l\u00edderes europeus que est\u00e3o usando a pandemia para concentrar mais poder\",\"datePublished\":\"2020-04-21T15:18:10+00:00\",\"dateModified\":\"2020-04-21T15:18:16+00:00\",\"mainEntityOfPage\":{\"@id\":\"https:\/\/jornalfatosenoticias.com.br\/index.php\/2020\/04\/21\/os-lideres-europeus-que-estao-usando-a-pandemia-para-concentrar-mais-poder\/\"},\"wordCount\":1586,\"commentCount\":0,\"publisher\":{\"@id\":\"https:\/\/jornalfatosenoticias.com.br\/#organization\"},\"image\":{\"@id\":\"https:\/\/jornalfatosenoticias.com.br\/index.php\/2020\/04\/21\/os-lideres-europeus-que-estao-usando-a-pandemia-para-concentrar-mais-poder\/#primaryimage\"},\"thumbnailUrl\":\"https:\/\/jornalfatosenoticias.com.br\/wp-content\/uploads\/2020\/04\/ditadores_capa.jpg\",\"keywords\":[\"Andrzej Duda\",\"coronav\u00edrus\",\"Erdogan\",\"Europa\",\"Viktor Orban\",\"Vladimir Putin\"],\"articleSection\":[\"Internacional\"],\"inLanguage\":\"pt-BR\",\"potentialAction\":[{\"@type\":\"CommentAction\",\"name\":\"Comment\",\"target\":[\"https:\/\/jornalfatosenoticias.com.br\/index.php\/2020\/04\/21\/os-lideres-europeus-que-estao-usando-a-pandemia-para-concentrar-mais-poder\/#respond\"]}]},{\"@type\":\"WebPage\",\"@id\":\"https:\/\/jornalfatosenoticias.com.br\/index.php\/2020\/04\/21\/os-lideres-europeus-que-estao-usando-a-pandemia-para-concentrar-mais-poder\/\",\"url\":\"https:\/\/jornalfatosenoticias.com.br\/index.php\/2020\/04\/21\/os-lideres-europeus-que-estao-usando-a-pandemia-para-concentrar-mais-poder\/\",\"name\":\"Os l\u00edderes europeus que est\u00e3o usando a pandemia para concentrar mais poder - Jornal Fatos e Not\u00edcias\",\"isPartOf\":{\"@id\":\"https:\/\/jornalfatosenoticias.com.br\/#website\"},\"primaryImageOfPage\":{\"@id\":\"https:\/\/jornalfatosenoticias.com.br\/index.php\/2020\/04\/21\/os-lideres-europeus-que-estao-usando-a-pandemia-para-concentrar-mais-poder\/#primaryimage\"},\"image\":{\"@id\":\"https:\/\/jornalfatosenoticias.com.br\/index.php\/2020\/04\/21\/os-lideres-europeus-que-estao-usando-a-pandemia-para-concentrar-mais-poder\/#primaryimage\"},\"thumbnailUrl\":\"https:\/\/jornalfatosenoticias.com.br\/wp-content\/uploads\/2020\/04\/ditadores_capa.jpg\",\"datePublished\":\"2020-04-21T15:18:10+00:00\",\"dateModified\":\"2020-04-21T15:18:16+00:00\",\"breadcrumb\":{\"@id\":\"https:\/\/jornalfatosenoticias.com.br\/index.php\/2020\/04\/21\/os-lideres-europeus-que-estao-usando-a-pandemia-para-concentrar-mais-poder\/#breadcrumb\"},\"inLanguage\":\"pt-BR\",\"potentialAction\":[{\"@type\":\"ReadAction\",\"target\":[\"https:\/\/jornalfatosenoticias.com.br\/index.php\/2020\/04\/21\/os-lideres-europeus-que-estao-usando-a-pandemia-para-concentrar-mais-poder\/\"]}]},{\"@type\":\"ImageObject\",\"inLanguage\":\"pt-BR\",\"@id\":\"https:\/\/jornalfatosenoticias.com.br\/index.php\/2020\/04\/21\/os-lideres-europeus-que-estao-usando-a-pandemia-para-concentrar-mais-poder\/#primaryimage\",\"url\":\"https:\/\/jornalfatosenoticias.com.br\/wp-content\/uploads\/2020\/04\/ditadores_capa.jpg\",\"contentUrl\":\"https:\/\/jornalfatosenoticias.com.br\/wp-content\/uploads\/2020\/04\/ditadores_capa.jpg\",\"width\":1000,\"height\":562},{\"@type\":\"BreadcrumbList\",\"@id\":\"https:\/\/jornalfatosenoticias.com.br\/index.php\/2020\/04\/21\/os-lideres-europeus-que-estao-usando-a-pandemia-para-concentrar-mais-poder\/#breadcrumb\",\"itemListElement\":[{\"@type\":\"ListItem\",\"position\":1,\"name\":\"In\u00edcio\",\"item\":\"https:\/\/jornalfatosenoticias.com.br\/\"},{\"@type\":\"ListItem\",\"position\":2,\"name\":\"Os l\u00edderes europeus que est\u00e3o usando a pandemia para concentrar mais poder\"}]},{\"@type\":\"WebSite\",\"@id\":\"https:\/\/jornalfatosenoticias.com.br\/#website\",\"url\":\"https:\/\/jornalfatosenoticias.com.br\/\",\"name\":\"Jornal Fatos e Not\u00edcias\",\"description\":\"Not\u00edcias em geral\",\"publisher\":{\"@id\":\"https:\/\/jornalfatosenoticias.com.br\/#organization\"},\"potentialAction\":[{\"@type\":\"SearchAction\",\"target\":{\"@type\":\"EntryPoint\",\"urlTemplate\":\"https:\/\/jornalfatosenoticias.com.br\/?s={search_term_string}\"},\"query-input\":{\"@type\":\"PropertyValueSpecification\",\"valueRequired\":true,\"valueName\":\"search_term_string\"}}],\"inLanguage\":\"pt-BR\"},{\"@type\":\"Organization\",\"@id\":\"https:\/\/jornalfatosenoticias.com.br\/#organization\",\"name\":\"Jornal Fatos e Not\u00edcias\",\"url\":\"https:\/\/jornalfatosenoticias.com.br\/\",\"logo\":{\"@type\":\"ImageObject\",\"inLanguage\":\"pt-BR\",\"@id\":\"https:\/\/jornalfatosenoticias.com.br\/#\/schema\/logo\/image\/\",\"url\":\"https:\/\/jornalfatosenoticias.com.br\/wp-content\/uploads\/2020\/02\/logo120.png\",\"contentUrl\":\"https:\/\/jornalfatosenoticias.com.br\/wp-content\/uploads\/2020\/02\/logo120.png\",\"width\":1227,\"height\":120,\"caption\":\"Jornal Fatos e Not\u00edcias\"},\"image\":{\"@id\":\"https:\/\/jornalfatosenoticias.com.br\/#\/schema\/logo\/image\/\"}},{\"@type\":\"Person\",\"@id\":\"https:\/\/jornalfatosenoticias.com.br\/#\/schema\/person\/d63837fa13ac8666eb9e74e0985d6f81\",\"name\":\"Luzimara Fernandes\",\"image\":{\"@type\":\"ImageObject\",\"inLanguage\":\"pt-BR\",\"@id\":\"https:\/\/jornalfatosenoticias.com.br\/#\/schema\/person\/image\/\",\"url\":\"https:\/\/jornalfatosenoticias.com.br\/wp-content\/uploads\/2025\/05\/EU_portal.jpg\",\"contentUrl\":\"https:\/\/jornalfatosenoticias.com.br\/wp-content\/uploads\/2025\/05\/EU_portal.jpg\",\"caption\":\"Luzimara Fernandes\"},\"description\":\"Jornalista MTB 2358-ES\",\"sameAs\":[\"https:\/\/jornalfatosenoticias.com.br\"],\"url\":\"https:\/\/jornalfatosenoticias.com.br\/index.php\/author\/luzimara\/\"}]}<\/script>\n<!-- \/ Yoast SEO plugin. -->","yoast_head_json":{"title":"Os l\u00edderes europeus que est\u00e3o usando a pandemia para concentrar mais poder - Jornal Fatos e Not\u00edcias","robots":{"index":"index","follow":"follow","max-snippet":"max-snippet:-1","max-image-preview":"max-image-preview:large","max-video-preview":"max-video-preview:-1"},"canonical":"https:\/\/jornalfatosenoticias.com.br\/index.php\/2020\/04\/21\/os-lideres-europeus-que-estao-usando-a-pandemia-para-concentrar-mais-poder\/","og_locale":"pt_BR","og_type":"article","og_title":"Os l\u00edderes europeus que est\u00e3o usando a pandemia para concentrar mais poder - Jornal Fatos e Not\u00edcias","og_description":"Parte dos l\u00edderes europeus est\u00e1 tirando proveito da atual crise de sa\u00fade p\u00fablica para reprimir dissid\u00eancias e fortalecer seu poder Enquanto autoridades na Turquia prendem centenas de pessoas por postagens em redes sociais e na R\u00fassia a popula\u00e7\u00e3o \u00e9 amea\u00e7ada de pris\u00e3o por qualquer publica\u00e7\u00e3o considerada not\u00edcia falsa, h\u00e1 temores de que a democracia esteja [&hellip;]","og_url":"https:\/\/jornalfatosenoticias.com.br\/index.php\/2020\/04\/21\/os-lideres-europeus-que-estao-usando-a-pandemia-para-concentrar-mais-poder\/","og_site_name":"Jornal Fatos e Not\u00edcias","article_published_time":"2020-04-21T15:18:10+00:00","article_modified_time":"2020-04-21T15:18:16+00:00","og_image":[{"width":1000,"height":562,"url":"https:\/\/jornalfatosenoticias.com.br\/wp-content\/uploads\/2020\/04\/ditadores_capa.jpg","type":"image\/jpeg"}],"author":"Luzimara Fernandes","twitter_card":"summary_large_image","twitter_misc":{"Escrito por":"Luzimara Fernandes","Est. tempo de leitura":"8 minutos"},"schema":{"@context":"https:\/\/schema.org","@graph":[{"@type":"Article","@id":"https:\/\/jornalfatosenoticias.com.br\/index.php\/2020\/04\/21\/os-lideres-europeus-que-estao-usando-a-pandemia-para-concentrar-mais-poder\/#article","isPartOf":{"@id":"https:\/\/jornalfatosenoticias.com.br\/index.php\/2020\/04\/21\/os-lideres-europeus-que-estao-usando-a-pandemia-para-concentrar-mais-poder\/"},"author":{"name":"Luzimara Fernandes","@id":"https:\/\/jornalfatosenoticias.com.br\/#\/schema\/person\/d63837fa13ac8666eb9e74e0985d6f81"},"headline":"Os l\u00edderes europeus que est\u00e3o usando a pandemia para concentrar mais poder","datePublished":"2020-04-21T15:18:10+00:00","dateModified":"2020-04-21T15:18:16+00:00","mainEntityOfPage":{"@id":"https:\/\/jornalfatosenoticias.com.br\/index.php\/2020\/04\/21\/os-lideres-europeus-que-estao-usando-a-pandemia-para-concentrar-mais-poder\/"},"wordCount":1586,"commentCount":0,"publisher":{"@id":"https:\/\/jornalfatosenoticias.com.br\/#organization"},"image":{"@id":"https:\/\/jornalfatosenoticias.com.br\/index.php\/2020\/04\/21\/os-lideres-europeus-que-estao-usando-a-pandemia-para-concentrar-mais-poder\/#primaryimage"},"thumbnailUrl":"https:\/\/jornalfatosenoticias.com.br\/wp-content\/uploads\/2020\/04\/ditadores_capa.jpg","keywords":["Andrzej Duda","coronav\u00edrus","Erdogan","Europa","Viktor Orban","Vladimir Putin"],"articleSection":["Internacional"],"inLanguage":"pt-BR","potentialAction":[{"@type":"CommentAction","name":"Comment","target":["https:\/\/jornalfatosenoticias.com.br\/index.php\/2020\/04\/21\/os-lideres-europeus-que-estao-usando-a-pandemia-para-concentrar-mais-poder\/#respond"]}]},{"@type":"WebPage","@id":"https:\/\/jornalfatosenoticias.com.br\/index.php\/2020\/04\/21\/os-lideres-europeus-que-estao-usando-a-pandemia-para-concentrar-mais-poder\/","url":"https:\/\/jornalfatosenoticias.com.br\/index.php\/2020\/04\/21\/os-lideres-europeus-que-estao-usando-a-pandemia-para-concentrar-mais-poder\/","name":"Os l\u00edderes europeus que est\u00e3o usando a pandemia para concentrar mais poder - Jornal Fatos e Not\u00edcias","isPartOf":{"@id":"https:\/\/jornalfatosenoticias.com.br\/#website"},"primaryImageOfPage":{"@id":"https:\/\/jornalfatosenoticias.com.br\/index.php\/2020\/04\/21\/os-lideres-europeus-que-estao-usando-a-pandemia-para-concentrar-mais-poder\/#primaryimage"},"image":{"@id":"https:\/\/jornalfatosenoticias.com.br\/index.php\/2020\/04\/21\/os-lideres-europeus-que-estao-usando-a-pandemia-para-concentrar-mais-poder\/#primaryimage"},"thumbnailUrl":"https:\/\/jornalfatosenoticias.com.br\/wp-content\/uploads\/2020\/04\/ditadores_capa.jpg","datePublished":"2020-04-21T15:18:10+00:00","dateModified":"2020-04-21T15:18:16+00:00","breadcrumb":{"@id":"https:\/\/jornalfatosenoticias.com.br\/index.php\/2020\/04\/21\/os-lideres-europeus-que-estao-usando-a-pandemia-para-concentrar-mais-poder\/#breadcrumb"},"inLanguage":"pt-BR","potentialAction":[{"@type":"ReadAction","target":["https:\/\/jornalfatosenoticias.com.br\/index.php\/2020\/04\/21\/os-lideres-europeus-que-estao-usando-a-pandemia-para-concentrar-mais-poder\/"]}]},{"@type":"ImageObject","inLanguage":"pt-BR","@id":"https:\/\/jornalfatosenoticias.com.br\/index.php\/2020\/04\/21\/os-lideres-europeus-que-estao-usando-a-pandemia-para-concentrar-mais-poder\/#primaryimage","url":"https:\/\/jornalfatosenoticias.com.br\/wp-content\/uploads\/2020\/04\/ditadores_capa.jpg","contentUrl":"https:\/\/jornalfatosenoticias.com.br\/wp-content\/uploads\/2020\/04\/ditadores_capa.jpg","width":1000,"height":562},{"@type":"BreadcrumbList","@id":"https:\/\/jornalfatosenoticias.com.br\/index.php\/2020\/04\/21\/os-lideres-europeus-que-estao-usando-a-pandemia-para-concentrar-mais-poder\/#breadcrumb","itemListElement":[{"@type":"ListItem","position":1,"name":"In\u00edcio","item":"https:\/\/jornalfatosenoticias.com.br\/"},{"@type":"ListItem","position":2,"name":"Os l\u00edderes europeus que est\u00e3o usando a pandemia para concentrar mais poder"}]},{"@type":"WebSite","@id":"https:\/\/jornalfatosenoticias.com.br\/#website","url":"https:\/\/jornalfatosenoticias.com.br\/","name":"Jornal Fatos e Not\u00edcias","description":"Not\u00edcias em geral","publisher":{"@id":"https:\/\/jornalfatosenoticias.com.br\/#organization"},"potentialAction":[{"@type":"SearchAction","target":{"@type":"EntryPoint","urlTemplate":"https:\/\/jornalfatosenoticias.com.br\/?s={search_term_string}"},"query-input":{"@type":"PropertyValueSpecification","valueRequired":true,"valueName":"search_term_string"}}],"inLanguage":"pt-BR"},{"@type":"Organization","@id":"https:\/\/jornalfatosenoticias.com.br\/#organization","name":"Jornal Fatos e Not\u00edcias","url":"https:\/\/jornalfatosenoticias.com.br\/","logo":{"@type":"ImageObject","inLanguage":"pt-BR","@id":"https:\/\/jornalfatosenoticias.com.br\/#\/schema\/logo\/image\/","url":"https:\/\/jornalfatosenoticias.com.br\/wp-content\/uploads\/2020\/02\/logo120.png","contentUrl":"https:\/\/jornalfatosenoticias.com.br\/wp-content\/uploads\/2020\/02\/logo120.png","width":1227,"height":120,"caption":"Jornal Fatos e Not\u00edcias"},"image":{"@id":"https:\/\/jornalfatosenoticias.com.br\/#\/schema\/logo\/image\/"}},{"@type":"Person","@id":"https:\/\/jornalfatosenoticias.com.br\/#\/schema\/person\/d63837fa13ac8666eb9e74e0985d6f81","name":"Luzimara Fernandes","image":{"@type":"ImageObject","inLanguage":"pt-BR","@id":"https:\/\/jornalfatosenoticias.com.br\/#\/schema\/person\/image\/","url":"https:\/\/jornalfatosenoticias.com.br\/wp-content\/uploads\/2025\/05\/EU_portal.jpg","contentUrl":"https:\/\/jornalfatosenoticias.com.br\/wp-content\/uploads\/2025\/05\/EU_portal.jpg","caption":"Luzimara Fernandes"},"description":"Jornalista MTB 2358-ES","sameAs":["https:\/\/jornalfatosenoticias.com.br"],"url":"https:\/\/jornalfatosenoticias.com.br\/index.php\/author\/luzimara\/"}]}},"cc_featured_image_caption":{"caption_text":"(Foto: Reuters\/EPA)","source_text":"","source_url":""},"jetpack_featured_media_url":"https:\/\/jornalfatosenoticias.com.br\/wp-content\/uploads\/2020\/04\/ditadores_capa.jpg","_links":{"self":[{"href":"https:\/\/jornalfatosenoticias.com.br\/index.php\/wp-json\/wp\/v2\/posts\/3456","targetHints":{"allow":["GET"]}}],"collection":[{"href":"https:\/\/jornalfatosenoticias.com.br\/index.php\/wp-json\/wp\/v2\/posts"}],"about":[{"href":"https:\/\/jornalfatosenoticias.com.br\/index.php\/wp-json\/wp\/v2\/types\/post"}],"author":[{"embeddable":true,"href":"https:\/\/jornalfatosenoticias.com.br\/index.php\/wp-json\/wp\/v2\/users\/2"}],"replies":[{"embeddable":true,"href":"https:\/\/jornalfatosenoticias.com.br\/index.php\/wp-json\/wp\/v2\/comments?post=3456"}],"version-history":[{"count":0,"href":"https:\/\/jornalfatosenoticias.com.br\/index.php\/wp-json\/wp\/v2\/posts\/3456\/revisions"}],"wp:featuredmedia":[{"embeddable":true,"href":"https:\/\/jornalfatosenoticias.com.br\/index.php\/wp-json\/wp\/v2\/media\/3462"}],"wp:attachment":[{"href":"https:\/\/jornalfatosenoticias.com.br\/index.php\/wp-json\/wp\/v2\/media?parent=3456"}],"wp:term":[{"taxonomy":"category","embeddable":true,"href":"https:\/\/jornalfatosenoticias.com.br\/index.php\/wp-json\/wp\/v2\/categories?post=3456"},{"taxonomy":"post_tag","embeddable":true,"href":"https:\/\/jornalfatosenoticias.com.br\/index.php\/wp-json\/wp\/v2\/tags?post=3456"}],"curies":[{"name":"wp","href":"https:\/\/api.w.org\/{rel}","templated":true}]}}