{"id":34563,"date":"2022-09-26T15:53:52","date_gmt":"2022-09-26T18:53:52","guid":{"rendered":"https:\/\/jornalfatosenoticias.com.br\/?p=34563"},"modified":"2022-09-26T15:53:54","modified_gmt":"2022-09-26T18:53:54","slug":"estresse-e-irritacao-ha-conexao-entre-alimentacao-e-emocao","status":"publish","type":"post","link":"https:\/\/jornalfatosenoticias.com.br\/index.php\/2022\/09\/26\/estresse-e-irritacao-ha-conexao-entre-alimentacao-e-emocao\/","title":{"rendered":"Estresse e irrita\u00e7\u00e3o: h\u00e1 conex\u00e3o entre alimenta\u00e7\u00e3o e emo\u00e7\u00e3o?"},"content":{"rendered":"\n<p><em><span class=\"has-inline-color has-black-color\">Desequil\u00edbrio nutricional, dietas restritivas e maus h\u00e1bitos; nutricionista explica como a alimenta\u00e7\u00e3o pode influenciar as pessoas<\/span><\/em><\/p>\n\n\n\n<div class=\"wp-block-image\"><figure class=\"aligncenter size-large\"><img loading=\"lazy\" decoding=\"async\" width=\"1024\" height=\"103\" src=\"https:\/\/jornalfatosenoticias.com.br\/wp-content\/uploads\/2022\/02\/Arte-Autoescola-Galatas_endereco_portal-1024x103.png\" alt=\"\" class=\"wp-image-27869\" srcset=\"https:\/\/jornalfatosenoticias.com.br\/wp-content\/uploads\/2022\/02\/Arte-Autoescola-Galatas_endereco_portal-1024x103.png 1024w, https:\/\/jornalfatosenoticias.com.br\/wp-content\/uploads\/2022\/02\/Arte-Autoescola-Galatas_endereco_portal-300x30.png 300w, https:\/\/jornalfatosenoticias.com.br\/wp-content\/uploads\/2022\/02\/Arte-Autoescola-Galatas_endereco_portal-768x77.png 768w, https:\/\/jornalfatosenoticias.com.br\/wp-content\/uploads\/2022\/02\/Arte-Autoescola-Galatas_endereco_portal.png 1223w\" sizes=\"auto, (max-width: 1024px) 100vw, 1024px\" \/><\/figure><\/div>\n\n\n\n<p>\u00c0 medida que o tempo avan\u00e7a, a sociedade tamb\u00e9m se transforma, e isso se d\u00e1 por diferentes contextos que silenciosamente demandam adapta\u00e7\u00e3o e modificam o jeito como cada indiv\u00edduo lida com essas novas realidades. Um grande exemplo \u00e9 a rela\u00e7\u00e3o das pessoas com a comida que, ao contr\u00e1rio do que o senso comum indica, n\u00e3o se limita \u00e0 nutri\u00e7\u00e3o, tem <a href=\"https:\/\/www.atmameditacao.com.br\/?utm_source=terra&amp;utm_medium=blog&amp;utm_campaign=institucional&amp;utm_content=nutricao_energia\" target=\"_blank\" rel=\"noreferrer noopener\">conex\u00e3o com fatores sociais<\/a>.\u00a0<br>Quando uma crian\u00e7a recebe um doce como recompensa pela conclus\u00e3o de uma tarefa, a a\u00e7\u00e3o vai muito al\u00e9m da simples ingest\u00e3o de nutrientes, trata-se de um gatilho para <a href=\"https:\/\/www.atmameditacao.com.br\/?utm_source=terra&amp;utm_medium=blog&amp;utm_campaign=institucional&amp;utm_content=nutricao_energia\" target=\"_blank\" rel=\"noreferrer noopener\">libera\u00e7\u00e3o de dopamina<\/a>, neurotransmissor que, uma vez presente no organismo, gera sensa\u00e7\u00e3o de bem-estar.\u00a0<strong>Ent\u00e3o, afinal, a alimenta\u00e7\u00e3o influencia as nossas emo\u00e7\u00f5es?<\/strong>\u00a0<\/p>\n\n\n\n<div class=\"wp-block-image\"><figure class=\"aligncenter size-large is-resized\"><img loading=\"lazy\" decoding=\"async\" src=\"https:\/\/jornalfatosenoticias.com.br\/wp-content\/uploads\/2022\/02\/Precisao-Contabilidade-1024x724.jpg\" alt=\"\" class=\"wp-image-28088\" width=\"320\" height=\"226\"\/><\/figure><\/div>\n\n\n\n<figure class=\"wp-block-pullquote\"><blockquote><p><span class=\"has-inline-color has-luminous-vivid-orange-color\">Desde que nascemos, criamos uma conex\u00e3o emocional com a comida. Ao amamentar quando o beb\u00ea chora, por exemplo, a m\u00e3e fortalece o v\u00ednculo entre o alimento e o afeto materno. A fome emocional \u00e9 quando nosso comer est\u00e1 ligado diretamente \u00e0s nossas emo\u00e7\u00f5es, normalmente as ruins, como tristeza, ang\u00fastia, ansiedade, irrita\u00e7\u00e3o. Para algumas pessoas, a comida \u00e9 uma v\u00e1lvula de escape. Isso acontece porque, quando comemos, liberamos alguns neurotransmissores, como a serotonina, a dopamina e a noradrenalina. Esses neurotransmissores ativam em nosso c\u00e9rebro uma sensa\u00e7\u00e3o de felicidade, bem-estar, calma e disposi\u00e7\u00e3o\u201d, comenta a especialista em nutri\u00e7\u00e3o Paula Carretti.<\/span><\/p><\/blockquote><\/figure>\n\n\n\n<div class=\"wp-block-image\"><figure class=\"alignleft size-large\"><img decoding=\"async\" src=\"https:\/\/jornalfatosenoticias.com.br\/wp-content\/uploads\/2020\/02\/logo_esteio.jpg\" alt=\"\" class=\"wp-image-1214\"\/><\/figure><\/div>\n\n\n\n<p>Ainda segundo a nutricionista, tal conjuntura se d\u00e1 tamb\u00e9m por fatores internos, quando cada um procura <a href=\"https:\/\/www.atmameditacao.com.br\/?utm_source=terra&amp;utm_medium=blog&amp;utm_campaign=institucional&amp;utm_content=nutricao_energia\" target=\"_blank\" rel=\"noreferrer noopener\">compensar emo\u00e7\u00f5es<\/a> ruins com alimentos espec\u00edficos, ricos em a\u00e7\u00facar, gordura e sal. Para elas, a compensa\u00e7\u00e3o ocorre de modo autom\u00e1tico, mesmo sem a sensa\u00e7\u00e3o de fome f\u00edsica. Por isso, alguns costumam comer mais quando est\u00e3o ansiosos.<\/p>\n\n\n\n<p><strong><span class=\"has-inline-color has-vivid-red-color\">Fome: inimiga do bom humor?<br><\/span><\/strong>Um outro aspecto interessante \u00e9 a capacidade que a fome tem de influenciar o <a href=\"https:\/\/www.atmameditacao.com.br\/?utm_source=terra&amp;utm_medium=blog&amp;utm_campaign=institucional&amp;utm_content=nutricao_energia\" target=\"_blank\" rel=\"noreferrer noopener\">humor<\/a>\u00a0e at\u00e9 mesmo desencadear a irritabilidade. E tudo isso tem a ver com o c\u00e9rebro.<\/p>\n\n\n\n<div class=\"wp-block-image\"><figure class=\"aligncenter size-large\"><img loading=\"lazy\" decoding=\"async\" width=\"300\" height=\"237\" src=\"https:\/\/jornalfatosenoticias.com.br\/wp-content\/uploads\/2020\/02\/SEVENTUR-TURISMO.jpg\" alt=\"\" class=\"wp-image-32994\"\/><\/figure><\/div>\n\n\n\n<figure class=\"wp-block-pullquote\"><blockquote><p><span class=\"has-inline-color has-luminous-vivid-orange-color\">Nosso c\u00e9rebro utiliza glicose como combust\u00edvel, e \u00e9 uma grande parte daquilo que consumimos durante o dia. Quando estamos com fome, significa que nossos n\u00edveis de glicose no sangue est\u00e3o baixos e o c\u00e9rebro entende isso como um perigo. Assim ele libera dois horm\u00f4nios, o cortisol e a adrenalina, que s\u00e3o horm\u00f4nios ligados ao estresse. O aumento do cortisol tamb\u00e9m inibe a produ\u00e7\u00e3o de serotonina, e sua baixa concentra\u00e7\u00e3o pode trazer, dentre outras coisas, a irritabilidade. Curiosamente, a irritabilidade acomete mais as mulheres que os homens, mas os motivos ainda n\u00e3o est\u00e3o claros\u201d, indica Paula Carretti.<\/span><\/p><\/blockquote><\/figure>\n\n\n\n<div class=\"wp-block-image\"><figure class=\"aligncenter size-large\"><img loading=\"lazy\" decoding=\"async\" width=\"1024\" height=\"99\" src=\"https:\/\/jornalfatosenoticias.com.br\/wp-content\/uploads\/2020\/02\/Logo-Mizu-segunda-2-1024x99.png\" alt=\"\" class=\"wp-image-2353\" srcset=\"https:\/\/jornalfatosenoticias.com.br\/wp-content\/uploads\/2020\/02\/Logo-Mizu-segunda-2-1024x99.png 1024w, https:\/\/jornalfatosenoticias.com.br\/wp-content\/uploads\/2020\/02\/Logo-Mizu-segunda-2-300x29.png 300w, https:\/\/jornalfatosenoticias.com.br\/wp-content\/uploads\/2020\/02\/Logo-Mizu-segunda-2-768x74.png 768w, https:\/\/jornalfatosenoticias.com.br\/wp-content\/uploads\/2020\/02\/Logo-Mizu-segunda-2.png 1240w\" sizes=\"auto, (max-width: 1024px) 100vw, 1024px\" \/><\/figure><\/div>\n\n\n\n<p>A alimenta\u00e7\u00e3o inadequada pode gerar graves problemas de sa\u00fade, al\u00e9m disso, a imposi\u00e7\u00e3o de um padr\u00e3o de beleza irreal afeta a pr\u00f3pria percep\u00e7\u00e3o sobre o corpo. Assim como a compuls\u00e3o alimentar \u00e9 um transtorno, seguir regimes sem acompanhamento tamb\u00e9m coloca a <a href=\"https:\/\/www.atmameditacao.com.br\/?utm_source=terra&amp;utm_medium=blog&amp;utm_campaign=institucional&amp;utm_content=nutricao_energia\">sa\u00fade<\/a> em risco, alerta a nutricionista.<\/p>\n\n\n\n<div class=\"wp-block-image\"><figure class=\"alignright size-large is-resized\"><img loading=\"lazy\" decoding=\"async\" src=\"https:\/\/jornalfatosenoticias.com.br\/wp-content\/uploads\/2020\/02\/nova-logo-Marquetti.jpg\" alt=\"\" class=\"wp-image-22331\" width=\"328\" height=\"220\" srcset=\"https:\/\/jornalfatosenoticias.com.br\/wp-content\/uploads\/2020\/02\/nova-logo-Marquetti.jpg 643w, https:\/\/jornalfatosenoticias.com.br\/wp-content\/uploads\/2020\/02\/nova-logo-Marquetti-300x202.jpg 300w\" sizes=\"auto, (max-width: 328px) 100vw, 328px\" \/><\/figure><\/div>\n\n\n\n<p>\u201cO maior problema de realizar regimes sem acompanhamento profissional qualificado para emagrecer \u00e9 que as pessoas associam o emagrecimento \u00e0 restri\u00e7\u00e3o. Retiram os doces, cortam os a\u00e7\u00facares, diminuem os carboidratos, pulam refei\u00e7\u00f5es, deixam de comer o que gostam e focam em alimentos normalmente ligados \u00e0 dieta, deixam de participar de encontros com amigos, festas de anivers\u00e1rio, happy hours e ter uma vida social plena. N\u00e3o \u00e9 \u00e0 toa que, depois de alguns dias de uma alimenta\u00e7\u00e3o restrita, se sentem irritadas. Quando percebemos todos os malef\u00edcios das dietas restritivas, percebemos que isso n\u00e3o \u00e9 saud\u00e1vel em nenhum dos aspectos mencionados. Al\u00e9m disso, nosso corpo \u00e9 preparado para lidar com momentos de escassez, com a libera\u00e7\u00e3o de horm\u00f4nios que aumentam o apetite. O cortisol \u00e9 um deles. Outro exemplo \u00e9 o neuropept\u00eddio Y (NPY), que eleva a vontade de ingerir carboidratos. Os n\u00edveis de NPY aumentam na mesma propor\u00e7\u00e3o em que diminu\u00edmos a quantidade de calorias ingeridas\u201d, pondera Carretti.<\/p>\n\n\n\n<div class=\"wp-block-image\"><figure class=\"aligncenter size-large\"><img loading=\"lazy\" decoding=\"async\" width=\"1024\" height=\"100\" src=\"https:\/\/jornalfatosenoticias.com.br\/wp-content\/uploads\/2020\/02\/banner_ferramentas-1024x100.jpg\" alt=\"\" class=\"wp-image-1258\" srcset=\"https:\/\/jornalfatosenoticias.com.br\/wp-content\/uploads\/2020\/02\/banner_ferramentas-1024x100.jpg 1024w, https:\/\/jornalfatosenoticias.com.br\/wp-content\/uploads\/2020\/02\/banner_ferramentas-300x29.jpg 300w, https:\/\/jornalfatosenoticias.com.br\/wp-content\/uploads\/2020\/02\/banner_ferramentas-768x75.jpg 768w, https:\/\/jornalfatosenoticias.com.br\/wp-content\/uploads\/2020\/02\/banner_ferramentas.jpg 1227w\" sizes=\"auto, (max-width: 1024px) 100vw, 1024px\" \/><\/figure><\/div>\n\n\n\n<p><strong><em>Fonte: <a href=\"https:\/\/www.terra.com.br\/vida-e-estilo\/saude\/bem-estar\/estresse-e-irritacao-ha-conexao-entre-alimentacao-e-emocao,dc4d1e755f7088d19b5f9b6d897465a2davuqqwd.html\">Terra<\/a><\/em><\/strong><\/p>\n","protected":false},"excerpt":{"rendered":"<p>Desequil\u00edbrio nutricional, dietas restritivas e maus h\u00e1bitos; nutricionista explica como a alimenta\u00e7\u00e3o pode influenciar as pessoas \u00c0 medida que o tempo avan\u00e7a, a sociedade tamb\u00e9m se transforma, e isso se d\u00e1 por diferentes contextos que silenciosamente demandam adapta\u00e7\u00e3o e modificam o jeito como cada indiv\u00edduo lida com essas novas realidades. Um grande exemplo \u00e9 a [&hellip;]<\/p>\n","protected":false},"author":2,"featured_media":34564,"comment_status":"open","ping_status":"open","sticky":false,"template":"","format":"standard","meta":{"footnotes":""},"categories":[42],"tags":[16209,11530,16211,16210,2280,14311,7360],"class_list":["post-34563","post","type-post","status-publish","format-standard","has-post-thumbnail","hentry","category-bem-estar","tag-alimentacao-e-emocao","tag-conexao","tag-desequilibrio-nutricional","tag-dietas-restritivas","tag-estresse","tag-irritacao","tag-maus-habitos"],"yoast_head":"<!-- This site is optimized with the Yoast SEO plugin v26.5 - https:\/\/yoast.com\/wordpress\/plugins\/seo\/ -->\n<title>Estresse e irrita\u00e7\u00e3o: h\u00e1 conex\u00e3o entre alimenta\u00e7\u00e3o e emo\u00e7\u00e3o? - Jornal Fatos e Not\u00edcias<\/title>\n<meta name=\"robots\" content=\"index, follow, max-snippet:-1, max-image-preview:large, max-video-preview:-1\" \/>\n<link rel=\"canonical\" href=\"https:\/\/jornalfatosenoticias.com.br\/index.php\/2022\/09\/26\/estresse-e-irritacao-ha-conexao-entre-alimentacao-e-emocao\/\" \/>\n<meta property=\"og:locale\" content=\"pt_BR\" \/>\n<meta property=\"og:type\" content=\"article\" \/>\n<meta property=\"og:title\" content=\"Estresse e irrita\u00e7\u00e3o: h\u00e1 conex\u00e3o entre alimenta\u00e7\u00e3o e emo\u00e7\u00e3o? - Jornal Fatos e Not\u00edcias\" \/>\n<meta property=\"og:description\" content=\"Desequil\u00edbrio nutricional, dietas restritivas e maus h\u00e1bitos; nutricionista explica como a alimenta\u00e7\u00e3o pode influenciar as pessoas \u00c0 medida que o tempo avan\u00e7a, a sociedade tamb\u00e9m se transforma, e isso se d\u00e1 por diferentes contextos que silenciosamente demandam adapta\u00e7\u00e3o e modificam o jeito como cada indiv\u00edduo lida com essas novas realidades. Um grande exemplo \u00e9 a [&hellip;]\" \/>\n<meta property=\"og:url\" content=\"https:\/\/jornalfatosenoticias.com.br\/index.php\/2022\/09\/26\/estresse-e-irritacao-ha-conexao-entre-alimentacao-e-emocao\/\" \/>\n<meta property=\"og:site_name\" content=\"Jornal Fatos e Not\u00edcias\" \/>\n<meta property=\"article:published_time\" content=\"2022-09-26T18:53:52+00:00\" \/>\n<meta property=\"article:modified_time\" content=\"2022-09-26T18:53:54+00:00\" \/>\n<meta property=\"og:image\" content=\"https:\/\/jornalfatosenoticias.com.br\/wp-content\/uploads\/2022\/09\/alimentacao-e-emocao_Shutterstock.jpg\" \/>\n\t<meta property=\"og:image:width\" content=\"1000\" \/>\n\t<meta property=\"og:image:height\" content=\"618\" \/>\n\t<meta property=\"og:image:type\" content=\"image\/jpeg\" \/>\n<meta name=\"author\" content=\"Luzimara Fernandes\" \/>\n<meta name=\"twitter:card\" content=\"summary_large_image\" \/>\n<meta name=\"twitter:label1\" content=\"Escrito por\" \/>\n\t<meta name=\"twitter:data1\" content=\"Luzimara Fernandes\" \/>\n\t<meta name=\"twitter:label2\" content=\"Est. tempo de leitura\" \/>\n\t<meta name=\"twitter:data2\" content=\"3 minutos\" \/>\n<script type=\"application\/ld+json\" class=\"yoast-schema-graph\">{\"@context\":\"https:\/\/schema.org\",\"@graph\":[{\"@type\":\"Article\",\"@id\":\"https:\/\/jornalfatosenoticias.com.br\/index.php\/2022\/09\/26\/estresse-e-irritacao-ha-conexao-entre-alimentacao-e-emocao\/#article\",\"isPartOf\":{\"@id\":\"https:\/\/jornalfatosenoticias.com.br\/index.php\/2022\/09\/26\/estresse-e-irritacao-ha-conexao-entre-alimentacao-e-emocao\/\"},\"author\":{\"name\":\"Luzimara Fernandes\",\"@id\":\"https:\/\/jornalfatosenoticias.com.br\/#\/schema\/person\/d63837fa13ac8666eb9e74e0985d6f81\"},\"headline\":\"Estresse e irrita\u00e7\u00e3o: h\u00e1 conex\u00e3o entre alimenta\u00e7\u00e3o e emo\u00e7\u00e3o?\",\"datePublished\":\"2022-09-26T18:53:52+00:00\",\"dateModified\":\"2022-09-26T18:53:54+00:00\",\"mainEntityOfPage\":{\"@id\":\"https:\/\/jornalfatosenoticias.com.br\/index.php\/2022\/09\/26\/estresse-e-irritacao-ha-conexao-entre-alimentacao-e-emocao\/\"},\"wordCount\":695,\"commentCount\":0,\"publisher\":{\"@id\":\"https:\/\/jornalfatosenoticias.com.br\/#organization\"},\"image\":{\"@id\":\"https:\/\/jornalfatosenoticias.com.br\/index.php\/2022\/09\/26\/estresse-e-irritacao-ha-conexao-entre-alimentacao-e-emocao\/#primaryimage\"},\"thumbnailUrl\":\"https:\/\/jornalfatosenoticias.com.br\/wp-content\/uploads\/2022\/09\/alimentacao-e-emocao_Shutterstock.jpg\",\"keywords\":[\"alimenta\u00e7\u00e3o e emo\u00e7\u00e3o\",\"conex\u00e3o\",\"desequil\u00edbrio nutricional\",\"dietas restritivas\",\"estresse\",\"irrita\u00e7\u00e3o\",\"maus h\u00e1bitos\"],\"articleSection\":[\"Bem-estar\"],\"inLanguage\":\"pt-BR\",\"potentialAction\":[{\"@type\":\"CommentAction\",\"name\":\"Comment\",\"target\":[\"https:\/\/jornalfatosenoticias.com.br\/index.php\/2022\/09\/26\/estresse-e-irritacao-ha-conexao-entre-alimentacao-e-emocao\/#respond\"]}]},{\"@type\":\"WebPage\",\"@id\":\"https:\/\/jornalfatosenoticias.com.br\/index.php\/2022\/09\/26\/estresse-e-irritacao-ha-conexao-entre-alimentacao-e-emocao\/\",\"url\":\"https:\/\/jornalfatosenoticias.com.br\/index.php\/2022\/09\/26\/estresse-e-irritacao-ha-conexao-entre-alimentacao-e-emocao\/\",\"name\":\"Estresse e irrita\u00e7\u00e3o: h\u00e1 conex\u00e3o entre alimenta\u00e7\u00e3o e emo\u00e7\u00e3o? - Jornal Fatos e Not\u00edcias\",\"isPartOf\":{\"@id\":\"https:\/\/jornalfatosenoticias.com.br\/#website\"},\"primaryImageOfPage\":{\"@id\":\"https:\/\/jornalfatosenoticias.com.br\/index.php\/2022\/09\/26\/estresse-e-irritacao-ha-conexao-entre-alimentacao-e-emocao\/#primaryimage\"},\"image\":{\"@id\":\"https:\/\/jornalfatosenoticias.com.br\/index.php\/2022\/09\/26\/estresse-e-irritacao-ha-conexao-entre-alimentacao-e-emocao\/#primaryimage\"},\"thumbnailUrl\":\"https:\/\/jornalfatosenoticias.com.br\/wp-content\/uploads\/2022\/09\/alimentacao-e-emocao_Shutterstock.jpg\",\"datePublished\":\"2022-09-26T18:53:52+00:00\",\"dateModified\":\"2022-09-26T18:53:54+00:00\",\"breadcrumb\":{\"@id\":\"https:\/\/jornalfatosenoticias.com.br\/index.php\/2022\/09\/26\/estresse-e-irritacao-ha-conexao-entre-alimentacao-e-emocao\/#breadcrumb\"},\"inLanguage\":\"pt-BR\",\"potentialAction\":[{\"@type\":\"ReadAction\",\"target\":[\"https:\/\/jornalfatosenoticias.com.br\/index.php\/2022\/09\/26\/estresse-e-irritacao-ha-conexao-entre-alimentacao-e-emocao\/\"]}]},{\"@type\":\"ImageObject\",\"inLanguage\":\"pt-BR\",\"@id\":\"https:\/\/jornalfatosenoticias.com.br\/index.php\/2022\/09\/26\/estresse-e-irritacao-ha-conexao-entre-alimentacao-e-emocao\/#primaryimage\",\"url\":\"https:\/\/jornalfatosenoticias.com.br\/wp-content\/uploads\/2022\/09\/alimentacao-e-emocao_Shutterstock.jpg\",\"contentUrl\":\"https:\/\/jornalfatosenoticias.com.br\/wp-content\/uploads\/2022\/09\/alimentacao-e-emocao_Shutterstock.jpg\",\"width\":1000,\"height\":618},{\"@type\":\"BreadcrumbList\",\"@id\":\"https:\/\/jornalfatosenoticias.com.br\/index.php\/2022\/09\/26\/estresse-e-irritacao-ha-conexao-entre-alimentacao-e-emocao\/#breadcrumb\",\"itemListElement\":[{\"@type\":\"ListItem\",\"position\":1,\"name\":\"In\u00edcio\",\"item\":\"https:\/\/jornalfatosenoticias.com.br\/\"},{\"@type\":\"ListItem\",\"position\":2,\"name\":\"Estresse e irrita\u00e7\u00e3o: h\u00e1 conex\u00e3o entre alimenta\u00e7\u00e3o e emo\u00e7\u00e3o?\"}]},{\"@type\":\"WebSite\",\"@id\":\"https:\/\/jornalfatosenoticias.com.br\/#website\",\"url\":\"https:\/\/jornalfatosenoticias.com.br\/\",\"name\":\"Jornal Fatos e Not\u00edcias\",\"description\":\"Not\u00edcias em geral\",\"publisher\":{\"@id\":\"https:\/\/jornalfatosenoticias.com.br\/#organization\"},\"potentialAction\":[{\"@type\":\"SearchAction\",\"target\":{\"@type\":\"EntryPoint\",\"urlTemplate\":\"https:\/\/jornalfatosenoticias.com.br\/?s={search_term_string}\"},\"query-input\":{\"@type\":\"PropertyValueSpecification\",\"valueRequired\":true,\"valueName\":\"search_term_string\"}}],\"inLanguage\":\"pt-BR\"},{\"@type\":\"Organization\",\"@id\":\"https:\/\/jornalfatosenoticias.com.br\/#organization\",\"name\":\"Jornal Fatos e Not\u00edcias\",\"url\":\"https:\/\/jornalfatosenoticias.com.br\/\",\"logo\":{\"@type\":\"ImageObject\",\"inLanguage\":\"pt-BR\",\"@id\":\"https:\/\/jornalfatosenoticias.com.br\/#\/schema\/logo\/image\/\",\"url\":\"https:\/\/jornalfatosenoticias.com.br\/wp-content\/uploads\/2020\/02\/logo120.png\",\"contentUrl\":\"https:\/\/jornalfatosenoticias.com.br\/wp-content\/uploads\/2020\/02\/logo120.png\",\"width\":1227,\"height\":120,\"caption\":\"Jornal Fatos e Not\u00edcias\"},\"image\":{\"@id\":\"https:\/\/jornalfatosenoticias.com.br\/#\/schema\/logo\/image\/\"}},{\"@type\":\"Person\",\"@id\":\"https:\/\/jornalfatosenoticias.com.br\/#\/schema\/person\/d63837fa13ac8666eb9e74e0985d6f81\",\"name\":\"Luzimara Fernandes\",\"image\":{\"@type\":\"ImageObject\",\"inLanguage\":\"pt-BR\",\"@id\":\"https:\/\/jornalfatosenoticias.com.br\/#\/schema\/person\/image\/\",\"url\":\"https:\/\/jornalfatosenoticias.com.br\/wp-content\/uploads\/2025\/05\/EU_portal.jpg\",\"contentUrl\":\"https:\/\/jornalfatosenoticias.com.br\/wp-content\/uploads\/2025\/05\/EU_portal.jpg\",\"caption\":\"Luzimara Fernandes\"},\"description\":\"Jornalista MTB 2358-ES\",\"sameAs\":[\"https:\/\/jornalfatosenoticias.com.br\"],\"url\":\"https:\/\/jornalfatosenoticias.com.br\/index.php\/author\/luzimara\/\"}]}<\/script>\n<!-- \/ Yoast SEO plugin. -->","yoast_head_json":{"title":"Estresse e irrita\u00e7\u00e3o: h\u00e1 conex\u00e3o entre alimenta\u00e7\u00e3o e emo\u00e7\u00e3o? - Jornal Fatos e Not\u00edcias","robots":{"index":"index","follow":"follow","max-snippet":"max-snippet:-1","max-image-preview":"max-image-preview:large","max-video-preview":"max-video-preview:-1"},"canonical":"https:\/\/jornalfatosenoticias.com.br\/index.php\/2022\/09\/26\/estresse-e-irritacao-ha-conexao-entre-alimentacao-e-emocao\/","og_locale":"pt_BR","og_type":"article","og_title":"Estresse e irrita\u00e7\u00e3o: h\u00e1 conex\u00e3o entre alimenta\u00e7\u00e3o e emo\u00e7\u00e3o? - Jornal Fatos e Not\u00edcias","og_description":"Desequil\u00edbrio nutricional, dietas restritivas e maus h\u00e1bitos; nutricionista explica como a alimenta\u00e7\u00e3o pode influenciar as pessoas \u00c0 medida que o tempo avan\u00e7a, a sociedade tamb\u00e9m se transforma, e isso se d\u00e1 por diferentes contextos que silenciosamente demandam adapta\u00e7\u00e3o e modificam o jeito como cada indiv\u00edduo lida com essas novas realidades. Um grande exemplo \u00e9 a [&hellip;]","og_url":"https:\/\/jornalfatosenoticias.com.br\/index.php\/2022\/09\/26\/estresse-e-irritacao-ha-conexao-entre-alimentacao-e-emocao\/","og_site_name":"Jornal Fatos e Not\u00edcias","article_published_time":"2022-09-26T18:53:52+00:00","article_modified_time":"2022-09-26T18:53:54+00:00","og_image":[{"width":1000,"height":618,"url":"https:\/\/jornalfatosenoticias.com.br\/wp-content\/uploads\/2022\/09\/alimentacao-e-emocao_Shutterstock.jpg","type":"image\/jpeg"}],"author":"Luzimara Fernandes","twitter_card":"summary_large_image","twitter_misc":{"Escrito por":"Luzimara Fernandes","Est. tempo de leitura":"3 minutos"},"schema":{"@context":"https:\/\/schema.org","@graph":[{"@type":"Article","@id":"https:\/\/jornalfatosenoticias.com.br\/index.php\/2022\/09\/26\/estresse-e-irritacao-ha-conexao-entre-alimentacao-e-emocao\/#article","isPartOf":{"@id":"https:\/\/jornalfatosenoticias.com.br\/index.php\/2022\/09\/26\/estresse-e-irritacao-ha-conexao-entre-alimentacao-e-emocao\/"},"author":{"name":"Luzimara Fernandes","@id":"https:\/\/jornalfatosenoticias.com.br\/#\/schema\/person\/d63837fa13ac8666eb9e74e0985d6f81"},"headline":"Estresse e irrita\u00e7\u00e3o: h\u00e1 conex\u00e3o entre alimenta\u00e7\u00e3o e emo\u00e7\u00e3o?","datePublished":"2022-09-26T18:53:52+00:00","dateModified":"2022-09-26T18:53:54+00:00","mainEntityOfPage":{"@id":"https:\/\/jornalfatosenoticias.com.br\/index.php\/2022\/09\/26\/estresse-e-irritacao-ha-conexao-entre-alimentacao-e-emocao\/"},"wordCount":695,"commentCount":0,"publisher":{"@id":"https:\/\/jornalfatosenoticias.com.br\/#organization"},"image":{"@id":"https:\/\/jornalfatosenoticias.com.br\/index.php\/2022\/09\/26\/estresse-e-irritacao-ha-conexao-entre-alimentacao-e-emocao\/#primaryimage"},"thumbnailUrl":"https:\/\/jornalfatosenoticias.com.br\/wp-content\/uploads\/2022\/09\/alimentacao-e-emocao_Shutterstock.jpg","keywords":["alimenta\u00e7\u00e3o e emo\u00e7\u00e3o","conex\u00e3o","desequil\u00edbrio nutricional","dietas restritivas","estresse","irrita\u00e7\u00e3o","maus h\u00e1bitos"],"articleSection":["Bem-estar"],"inLanguage":"pt-BR","potentialAction":[{"@type":"CommentAction","name":"Comment","target":["https:\/\/jornalfatosenoticias.com.br\/index.php\/2022\/09\/26\/estresse-e-irritacao-ha-conexao-entre-alimentacao-e-emocao\/#respond"]}]},{"@type":"WebPage","@id":"https:\/\/jornalfatosenoticias.com.br\/index.php\/2022\/09\/26\/estresse-e-irritacao-ha-conexao-entre-alimentacao-e-emocao\/","url":"https:\/\/jornalfatosenoticias.com.br\/index.php\/2022\/09\/26\/estresse-e-irritacao-ha-conexao-entre-alimentacao-e-emocao\/","name":"Estresse e irrita\u00e7\u00e3o: h\u00e1 conex\u00e3o entre alimenta\u00e7\u00e3o e emo\u00e7\u00e3o? - Jornal Fatos e Not\u00edcias","isPartOf":{"@id":"https:\/\/jornalfatosenoticias.com.br\/#website"},"primaryImageOfPage":{"@id":"https:\/\/jornalfatosenoticias.com.br\/index.php\/2022\/09\/26\/estresse-e-irritacao-ha-conexao-entre-alimentacao-e-emocao\/#primaryimage"},"image":{"@id":"https:\/\/jornalfatosenoticias.com.br\/index.php\/2022\/09\/26\/estresse-e-irritacao-ha-conexao-entre-alimentacao-e-emocao\/#primaryimage"},"thumbnailUrl":"https:\/\/jornalfatosenoticias.com.br\/wp-content\/uploads\/2022\/09\/alimentacao-e-emocao_Shutterstock.jpg","datePublished":"2022-09-26T18:53:52+00:00","dateModified":"2022-09-26T18:53:54+00:00","breadcrumb":{"@id":"https:\/\/jornalfatosenoticias.com.br\/index.php\/2022\/09\/26\/estresse-e-irritacao-ha-conexao-entre-alimentacao-e-emocao\/#breadcrumb"},"inLanguage":"pt-BR","potentialAction":[{"@type":"ReadAction","target":["https:\/\/jornalfatosenoticias.com.br\/index.php\/2022\/09\/26\/estresse-e-irritacao-ha-conexao-entre-alimentacao-e-emocao\/"]}]},{"@type":"ImageObject","inLanguage":"pt-BR","@id":"https:\/\/jornalfatosenoticias.com.br\/index.php\/2022\/09\/26\/estresse-e-irritacao-ha-conexao-entre-alimentacao-e-emocao\/#primaryimage","url":"https:\/\/jornalfatosenoticias.com.br\/wp-content\/uploads\/2022\/09\/alimentacao-e-emocao_Shutterstock.jpg","contentUrl":"https:\/\/jornalfatosenoticias.com.br\/wp-content\/uploads\/2022\/09\/alimentacao-e-emocao_Shutterstock.jpg","width":1000,"height":618},{"@type":"BreadcrumbList","@id":"https:\/\/jornalfatosenoticias.com.br\/index.php\/2022\/09\/26\/estresse-e-irritacao-ha-conexao-entre-alimentacao-e-emocao\/#breadcrumb","itemListElement":[{"@type":"ListItem","position":1,"name":"In\u00edcio","item":"https:\/\/jornalfatosenoticias.com.br\/"},{"@type":"ListItem","position":2,"name":"Estresse e irrita\u00e7\u00e3o: h\u00e1 conex\u00e3o entre alimenta\u00e7\u00e3o e emo\u00e7\u00e3o?"}]},{"@type":"WebSite","@id":"https:\/\/jornalfatosenoticias.com.br\/#website","url":"https:\/\/jornalfatosenoticias.com.br\/","name":"Jornal Fatos e Not\u00edcias","description":"Not\u00edcias em geral","publisher":{"@id":"https:\/\/jornalfatosenoticias.com.br\/#organization"},"potentialAction":[{"@type":"SearchAction","target":{"@type":"EntryPoint","urlTemplate":"https:\/\/jornalfatosenoticias.com.br\/?s={search_term_string}"},"query-input":{"@type":"PropertyValueSpecification","valueRequired":true,"valueName":"search_term_string"}}],"inLanguage":"pt-BR"},{"@type":"Organization","@id":"https:\/\/jornalfatosenoticias.com.br\/#organization","name":"Jornal Fatos e Not\u00edcias","url":"https:\/\/jornalfatosenoticias.com.br\/","logo":{"@type":"ImageObject","inLanguage":"pt-BR","@id":"https:\/\/jornalfatosenoticias.com.br\/#\/schema\/logo\/image\/","url":"https:\/\/jornalfatosenoticias.com.br\/wp-content\/uploads\/2020\/02\/logo120.png","contentUrl":"https:\/\/jornalfatosenoticias.com.br\/wp-content\/uploads\/2020\/02\/logo120.png","width":1227,"height":120,"caption":"Jornal Fatos e Not\u00edcias"},"image":{"@id":"https:\/\/jornalfatosenoticias.com.br\/#\/schema\/logo\/image\/"}},{"@type":"Person","@id":"https:\/\/jornalfatosenoticias.com.br\/#\/schema\/person\/d63837fa13ac8666eb9e74e0985d6f81","name":"Luzimara Fernandes","image":{"@type":"ImageObject","inLanguage":"pt-BR","@id":"https:\/\/jornalfatosenoticias.com.br\/#\/schema\/person\/image\/","url":"https:\/\/jornalfatosenoticias.com.br\/wp-content\/uploads\/2025\/05\/EU_portal.jpg","contentUrl":"https:\/\/jornalfatosenoticias.com.br\/wp-content\/uploads\/2025\/05\/EU_portal.jpg","caption":"Luzimara Fernandes"},"description":"Jornalista MTB 2358-ES","sameAs":["https:\/\/jornalfatosenoticias.com.br"],"url":"https:\/\/jornalfatosenoticias.com.br\/index.php\/author\/luzimara\/"}]}},"cc_featured_image_caption":{"caption_text":"(Foto: Shutterstock) \r\n","source_text":"","source_url":""},"jetpack_featured_media_url":"https:\/\/jornalfatosenoticias.com.br\/wp-content\/uploads\/2022\/09\/alimentacao-e-emocao_Shutterstock.jpg","_links":{"self":[{"href":"https:\/\/jornalfatosenoticias.com.br\/index.php\/wp-json\/wp\/v2\/posts\/34563","targetHints":{"allow":["GET"]}}],"collection":[{"href":"https:\/\/jornalfatosenoticias.com.br\/index.php\/wp-json\/wp\/v2\/posts"}],"about":[{"href":"https:\/\/jornalfatosenoticias.com.br\/index.php\/wp-json\/wp\/v2\/types\/post"}],"author":[{"embeddable":true,"href":"https:\/\/jornalfatosenoticias.com.br\/index.php\/wp-json\/wp\/v2\/users\/2"}],"replies":[{"embeddable":true,"href":"https:\/\/jornalfatosenoticias.com.br\/index.php\/wp-json\/wp\/v2\/comments?post=34563"}],"version-history":[{"count":0,"href":"https:\/\/jornalfatosenoticias.com.br\/index.php\/wp-json\/wp\/v2\/posts\/34563\/revisions"}],"wp:featuredmedia":[{"embeddable":true,"href":"https:\/\/jornalfatosenoticias.com.br\/index.php\/wp-json\/wp\/v2\/media\/34564"}],"wp:attachment":[{"href":"https:\/\/jornalfatosenoticias.com.br\/index.php\/wp-json\/wp\/v2\/media?parent=34563"}],"wp:term":[{"taxonomy":"category","embeddable":true,"href":"https:\/\/jornalfatosenoticias.com.br\/index.php\/wp-json\/wp\/v2\/categories?post=34563"},{"taxonomy":"post_tag","embeddable":true,"href":"https:\/\/jornalfatosenoticias.com.br\/index.php\/wp-json\/wp\/v2\/tags?post=34563"}],"curies":[{"name":"wp","href":"https:\/\/api.w.org\/{rel}","templated":true}]}}