{"id":34615,"date":"2022-09-28T10:29:19","date_gmt":"2022-09-28T13:29:19","guid":{"rendered":"https:\/\/jornalfatosenoticias.com.br\/?p=34615"},"modified":"2022-09-28T10:29:21","modified_gmt":"2022-09-28T13:29:21","slug":"brasil-e-selecionado-pelo-banco-mundial-para-participar-de-estudo-sobre-recuperacao-de-aprendizagens","status":"publish","type":"post","link":"https:\/\/jornalfatosenoticias.com.br\/index.php\/2022\/09\/28\/brasil-e-selecionado-pelo-banco-mundial-para-participar-de-estudo-sobre-recuperacao-de-aprendizagens\/","title":{"rendered":"Brasil \u00e9 selecionado pelo Banco Mundial para participar de estudo sobre recupera\u00e7\u00e3o de aprendizagens"},"content":{"rendered":"\n<p><em><span class=\"has-inline-color has-black-color\">O Plano Nacional do Brasil para Recupera\u00e7\u00e3o das Aprendizagens na Educa\u00e7\u00e3o B\u00e1sica foi um dos dez selecionados para participar do estudo de caso de Avalia\u00e7\u00e3o do Enfrentamento da Crise de Aprendizagem<\/span><\/em><\/p>\n\n\n\n<div class=\"wp-block-image\"><figure class=\"aligncenter size-large\"><img loading=\"lazy\" decoding=\"async\" width=\"1024\" height=\"100\" src=\"https:\/\/jornalfatosenoticias.com.br\/wp-content\/uploads\/2020\/02\/banner_ferramentas-1024x100.jpg\" alt=\"\" class=\"wp-image-1258\" srcset=\"https:\/\/jornalfatosenoticias.com.br\/wp-content\/uploads\/2020\/02\/banner_ferramentas-1024x100.jpg 1024w, https:\/\/jornalfatosenoticias.com.br\/wp-content\/uploads\/2020\/02\/banner_ferramentas-300x29.jpg 300w, https:\/\/jornalfatosenoticias.com.br\/wp-content\/uploads\/2020\/02\/banner_ferramentas-768x75.jpg 768w, https:\/\/jornalfatosenoticias.com.br\/wp-content\/uploads\/2020\/02\/banner_ferramentas.jpg 1227w\" sizes=\"auto, (max-width: 1024px) 100vw, 1024px\" \/><\/figure><\/div>\n\n\n\n<p>O Brasil foi um dos dez pa\u00edses selecionados para um estudo de caso de Avalia\u00e7\u00e3o do Enfrentamento da Crise de Aprendizagem: Li\u00e7\u00f5es do Apoio do Banco Mundial para a Educa\u00e7\u00e3o B\u00e1sica (2012-2022), que est\u00e1 sendo conduzido pelo Grupo Independente de Avalia\u00e7\u00e3o (IEG) do Banco Mundial. Essa sele\u00e7\u00e3o \u00e9 fruto de uma importante a\u00e7\u00e3o do MEC para mitigar os impactos da crise sanit\u00e1ria no setor: o Plano Nacional de Recupera\u00e7\u00e3o das Aprendizagens na Educa\u00e7\u00e3o B\u00e1sica. Uma pol\u00edtica moderna, que garante apoio t\u00e9cnico e pedag\u00f3gico aos profissionais da educa\u00e7\u00e3o. Tudo realizado gratuitamente e com tecnologia de ponta.<\/p>\n\n\n\n<div class=\"wp-block-image\"><figure class=\"alignleft size-large\"><img loading=\"lazy\" decoding=\"async\" width=\"300\" height=\"250\" src=\"https:\/\/jornalfatosenoticias.com.br\/wp-content\/uploads\/2022\/08\/arte-Casarao.jpg\" alt=\"\" class=\"wp-image-33178\"\/><\/figure><\/div>\n\n\n\n<p>Uma parte importante do estudo de caso consistir\u00e1 nas entrevistas com o pessoal relevante do Banco Mundial e outras partes interessadas, incluindo contrapartes governamentais, acad\u00eamicas, <em>think tanks,<\/em> e organiza\u00e7\u00f5es da sociedade civil. As entrevistas virtuais acontecer\u00e3o em setembro e em outubro de 2022. Todas as entrevistas ser\u00e3o mantidas em anonimato para encorajar o compartilhamento de experi\u00eancias e para respeitar a confidencialidade das respostas recebidas. <\/p>\n\n\n\n<div class=\"wp-block-image\"><figure class=\"aligncenter size-large\"><img loading=\"lazy\" decoding=\"async\" width=\"1024\" height=\"100\" src=\"https:\/\/jornalfatosenoticias.com.br\/wp-content\/uploads\/2022\/05\/NOVA-LOGO-CESCONETTO-1024x100.jpg\" alt=\"\" class=\"wp-image-30792\" srcset=\"https:\/\/jornalfatosenoticias.com.br\/wp-content\/uploads\/2022\/05\/NOVA-LOGO-CESCONETTO-1024x100.jpg 1024w, https:\/\/jornalfatosenoticias.com.br\/wp-content\/uploads\/2022\/05\/NOVA-LOGO-CESCONETTO-300x29.jpg 300w, https:\/\/jornalfatosenoticias.com.br\/wp-content\/uploads\/2022\/05\/NOVA-LOGO-CESCONETTO-768x75.jpg 768w, https:\/\/jornalfatosenoticias.com.br\/wp-content\/uploads\/2022\/05\/NOVA-LOGO-CESCONETTO.jpg 1280w\" sizes=\"auto, (max-width: 1024px) 100vw, 1024px\" \/><\/figure><\/div>\n\n\n\n<p>A entrega do relat\u00f3rio final de avalia\u00e7\u00e3o \u00e9 esperada at\u00e9 o final do ano fiscal. Uma vers\u00e3o preliminar do relat\u00f3rio ser\u00e1 compartilhada para coment\u00e1rios antes de sua finaliza\u00e7\u00e3o.<\/p>\n\n\n\n<div class=\"wp-block-image\"><figure class=\"alignright size-large is-resized\"><img loading=\"lazy\" decoding=\"async\" src=\"https:\/\/jornalfatosenoticias.com.br\/wp-content\/uploads\/2020\/02\/nova-logo-Marquetti.jpg\" alt=\"\" class=\"wp-image-22331\" width=\"292\" height=\"196\" srcset=\"https:\/\/jornalfatosenoticias.com.br\/wp-content\/uploads\/2020\/02\/nova-logo-Marquetti.jpg 643w, https:\/\/jornalfatosenoticias.com.br\/wp-content\/uploads\/2020\/02\/nova-logo-Marquetti-300x202.jpg 300w\" sizes=\"auto, (max-width: 292px) 100vw, 292px\" \/><\/figure><\/div>\n\n\n\n<p>O estudo de caso analisar\u00e1 tamb\u00e9m o apoio do Banco Mundial ao Brasil para a melhoria da qualidade da educa\u00e7\u00e3o b\u00e1sica e o enfrentamento da crise nos resultados de aprendizagem, que foi aprofundada pelo fechamento das escolas durante a pandemia global. O estudo pretende examinar o pacote completo de apoios do Banco Mundial para melhorar a qualidade da educa\u00e7\u00e3o e os resultados de aprendizagem, incluindo apoio financeiro, assist\u00eancia t\u00e9cnica, di\u00e1logos pol\u00edticos e parcerias estrat\u00e9gicas. <\/p>\n\n\n\n<div class=\"wp-block-image\"><figure class=\"aligncenter size-large\"><img loading=\"lazy\" decoding=\"async\" width=\"1024\" height=\"99\" src=\"https:\/\/jornalfatosenoticias.com.br\/wp-content\/uploads\/2020\/02\/Logo-Mizu-segunda-2-1024x99.png\" alt=\"\" class=\"wp-image-2353\" srcset=\"https:\/\/jornalfatosenoticias.com.br\/wp-content\/uploads\/2020\/02\/Logo-Mizu-segunda-2-1024x99.png 1024w, https:\/\/jornalfatosenoticias.com.br\/wp-content\/uploads\/2020\/02\/Logo-Mizu-segunda-2-300x29.png 300w, https:\/\/jornalfatosenoticias.com.br\/wp-content\/uploads\/2020\/02\/Logo-Mizu-segunda-2-768x74.png 768w, https:\/\/jornalfatosenoticias.com.br\/wp-content\/uploads\/2020\/02\/Logo-Mizu-segunda-2.png 1240w\" sizes=\"auto, (max-width: 1024px) 100vw, 1024px\" \/><\/figure><\/div>\n\n\n\n<p>Opera\u00e7\u00f5es relevantes na Unidade de Gerenciamento do Pa\u00eds relacionadas \u00e0 Pr\u00e1tica Global de Educa\u00e7\u00e3o (GP) e outras Pr\u00e1ticas Globais que tenham diretamente apoiado a educa\u00e7\u00e3o b\u00e1sica tamb\u00e9m ser\u00e3o contempladas pelo projeto, por exemplo, projetos de transfer\u00eancia de renda sob a Pr\u00e1tica Global de Prote\u00e7\u00e3o Social ou opera\u00e7\u00f5es de pol\u00edticas de desenvolvimento de Pr\u00e1ticas Globais n\u00e3o educacionais que incentivem reformas nas pol\u00edticas ou a\u00e7\u00f5es educacionais.<\/p>\n\n\n\n<div class=\"wp-block-image\"><figure class=\"alignleft size-large is-resized\"><img loading=\"lazy\" decoding=\"async\" src=\"https:\/\/jornalfatosenoticias.com.br\/wp-content\/uploads\/2022\/02\/Precisao-Contabilidade-1024x724.jpg\" alt=\"\" class=\"wp-image-28088\" width=\"323\" height=\"228\"\/><\/figure><\/div>\n\n\n\n<p><strong><span class=\"has-inline-color has-vivid-purple-color\">Pol\u00edtica Nacional para Recupera\u00e7\u00e3o das Aprendizagens<br><\/span><\/strong>A Pol\u00edtica Nacional para Recupera\u00e7\u00e3o das Aprendizagens na Educa\u00e7\u00e3o B\u00e1sica, institu\u00edda por meio do Decreto n\u00ba 11.079, de 23 de maio de 2022, tem como objetivo implementar em regime de colabora\u00e7\u00e3o com os estados, o Distrito Federal e os munic\u00edpios, estrat\u00e9gias, programas e a\u00e7\u00f5es para a recupera\u00e7\u00e3o das aprendizagens e o enfrentamento da evas\u00e3o e do abandono escolar na educa\u00e7\u00e3o b\u00e1sica.<\/p>\n\n\n\n<div class=\"wp-block-image\"><figure class=\"aligncenter size-large is-resized\"><img loading=\"lazy\" decoding=\"async\" src=\"https:\/\/jornalfatosenoticias.com.br\/wp-content\/uploads\/2020\/02\/Serra-Grande-1024x160.png\" alt=\"\" class=\"wp-image-7836\" width=\"427\" height=\"66\"\/><\/figure><\/div>\n\n\n\n<p>Entre as diretrizes da Pol\u00edtica, destacam-se a adapta\u00e7\u00e3o curricular para prioriza\u00e7\u00e3o das habilidades e das compet\u00eancias, com a defini\u00e7\u00e3o de marcos de aprendizagem para cada ano escolar; o incentivo ao desenvolvimento de solu\u00e7\u00f5es e metodologias que promovam a recupera\u00e7\u00e3o das aprendizagens e a promo\u00e7\u00e3o da inclus\u00e3o digital, do uso das tecnologias educacionais e da inova\u00e7\u00e3o nas institui\u00e7\u00f5es de ensino.<\/p>\n\n\n\n<div class=\"wp-block-image\"><figure class=\"aligncenter size-large is-resized\"><img loading=\"lazy\" decoding=\"async\" src=\"https:\/\/jornalfatosenoticias.com.br\/wp-content\/uploads\/2022\/09\/barao-das-carnes-1024x560.jpg\" alt=\"\" class=\"wp-image-34303\" width=\"353\" height=\"193\"\/><\/figure><\/div>\n\n\n\n<p><strong><em>Fonte: <a href=\"https:\/\/www.gov.br\/mec\/pt-br\/assuntos\/noticias\/brasil-e-selecionado-pelo-banco-mundial-para-participar-de-estudo-sobre-recuperacao-de-aprendizagens\">MEC<\/a><\/em><\/strong><\/p>\n","protected":false},"excerpt":{"rendered":"<p>O Plano Nacional do Brasil para Recupera\u00e7\u00e3o das Aprendizagens na Educa\u00e7\u00e3o B\u00e1sica foi um dos dez selecionados para participar do estudo de caso de Avalia\u00e7\u00e3o do Enfrentamento da Crise de Aprendizagem O Brasil foi um dos dez pa\u00edses selecionados para um estudo de caso de Avalia\u00e7\u00e3o do Enfrentamento da Crise de Aprendizagem: Li\u00e7\u00f5es do Apoio [&hellip;]<\/p>\n","protected":false},"author":2,"featured_media":34616,"comment_status":"open","ping_status":"open","sticky":false,"template":"","format":"standard","meta":{"footnotes":""},"categories":[7],"tags":[16238,16240,1560,597,16239,14379],"class_list":["post-34615","post","type-post","status-publish","format-standard","has-post-thumbnail","hentry","category-educacao","tag-aprendizagens","tag-avaliacao-do-enfrentamento-da-crise-de-aprendizagem","tag-banco-mundial","tag-brasil","tag-plano-nacional-do-brasil-para-recuperacao-das-aprendizagens-na-educacao-basica","tag-recuperacao-da-aprendizagem"],"yoast_head":"<!-- This site is optimized with the Yoast SEO plugin v26.5 - https:\/\/yoast.com\/wordpress\/plugins\/seo\/ -->\n<title>Brasil \u00e9 selecionado pelo Banco Mundial para participar de estudo sobre recupera\u00e7\u00e3o de aprendizagens - Jornal Fatos e Not\u00edcias<\/title>\n<meta name=\"robots\" content=\"index, follow, max-snippet:-1, max-image-preview:large, max-video-preview:-1\" \/>\n<link rel=\"canonical\" href=\"https:\/\/jornalfatosenoticias.com.br\/index.php\/2022\/09\/28\/brasil-e-selecionado-pelo-banco-mundial-para-participar-de-estudo-sobre-recuperacao-de-aprendizagens\/\" \/>\n<meta property=\"og:locale\" content=\"pt_BR\" \/>\n<meta property=\"og:type\" content=\"article\" \/>\n<meta property=\"og:title\" content=\"Brasil \u00e9 selecionado pelo Banco Mundial para participar de estudo sobre recupera\u00e7\u00e3o de aprendizagens - Jornal Fatos e Not\u00edcias\" \/>\n<meta property=\"og:description\" content=\"O Plano Nacional do Brasil para Recupera\u00e7\u00e3o das Aprendizagens na Educa\u00e7\u00e3o B\u00e1sica foi um dos dez selecionados para participar do estudo de caso de Avalia\u00e7\u00e3o do Enfrentamento da Crise de Aprendizagem O Brasil foi um dos dez pa\u00edses selecionados para um estudo de caso de Avalia\u00e7\u00e3o do Enfrentamento da Crise de Aprendizagem: Li\u00e7\u00f5es do Apoio [&hellip;]\" \/>\n<meta property=\"og:url\" content=\"https:\/\/jornalfatosenoticias.com.br\/index.php\/2022\/09\/28\/brasil-e-selecionado-pelo-banco-mundial-para-participar-de-estudo-sobre-recuperacao-de-aprendizagens\/\" \/>\n<meta property=\"og:site_name\" content=\"Jornal Fatos e Not\u00edcias\" \/>\n<meta property=\"article:published_time\" content=\"2022-09-28T13:29:19+00:00\" \/>\n<meta property=\"article:modified_time\" content=\"2022-09-28T13:29:21+00:00\" \/>\n<meta property=\"og:image\" content=\"https:\/\/jornalfatosenoticias.com.br\/wp-content\/uploads\/2022\/09\/aprendizado-banco-mundial.jpeg\" \/>\n\t<meta property=\"og:image:width\" content=\"1000\" \/>\n\t<meta property=\"og:image:height\" content=\"648\" \/>\n\t<meta property=\"og:image:type\" content=\"image\/jpeg\" \/>\n<meta name=\"author\" content=\"Luzimara Fernandes\" \/>\n<meta name=\"twitter:card\" content=\"summary_large_image\" \/>\n<meta name=\"twitter:label1\" content=\"Escrito por\" \/>\n\t<meta name=\"twitter:data1\" content=\"Luzimara Fernandes\" \/>\n\t<meta name=\"twitter:label2\" content=\"Est. tempo de leitura\" \/>\n\t<meta name=\"twitter:data2\" content=\"3 minutos\" \/>\n<script type=\"application\/ld+json\" class=\"yoast-schema-graph\">{\"@context\":\"https:\/\/schema.org\",\"@graph\":[{\"@type\":\"Article\",\"@id\":\"https:\/\/jornalfatosenoticias.com.br\/index.php\/2022\/09\/28\/brasil-e-selecionado-pelo-banco-mundial-para-participar-de-estudo-sobre-recuperacao-de-aprendizagens\/#article\",\"isPartOf\":{\"@id\":\"https:\/\/jornalfatosenoticias.com.br\/index.php\/2022\/09\/28\/brasil-e-selecionado-pelo-banco-mundial-para-participar-de-estudo-sobre-recuperacao-de-aprendizagens\/\"},\"author\":{\"name\":\"Luzimara Fernandes\",\"@id\":\"https:\/\/jornalfatosenoticias.com.br\/#\/schema\/person\/d63837fa13ac8666eb9e74e0985d6f81\"},\"headline\":\"Brasil \u00e9 selecionado pelo Banco Mundial para participar de estudo sobre recupera\u00e7\u00e3o de aprendizagens\",\"datePublished\":\"2022-09-28T13:29:19+00:00\",\"dateModified\":\"2022-09-28T13:29:21+00:00\",\"mainEntityOfPage\":{\"@id\":\"https:\/\/jornalfatosenoticias.com.br\/index.php\/2022\/09\/28\/brasil-e-selecionado-pelo-banco-mundial-para-participar-de-estudo-sobre-recuperacao-de-aprendizagens\/\"},\"wordCount\":575,\"commentCount\":0,\"publisher\":{\"@id\":\"https:\/\/jornalfatosenoticias.com.br\/#organization\"},\"image\":{\"@id\":\"https:\/\/jornalfatosenoticias.com.br\/index.php\/2022\/09\/28\/brasil-e-selecionado-pelo-banco-mundial-para-participar-de-estudo-sobre-recuperacao-de-aprendizagens\/#primaryimage\"},\"thumbnailUrl\":\"https:\/\/jornalfatosenoticias.com.br\/wp-content\/uploads\/2022\/09\/aprendizado-banco-mundial.jpeg\",\"keywords\":[\"aprendizagens\",\"Avalia\u00e7\u00e3o do Enfrentamento da Crise de Aprendizagem\",\"Banco Mundial\",\"Brasil\",\"Plano Nacional do Brasil para Recupera\u00e7\u00e3o das Aprendizagens na Educa\u00e7\u00e3o B\u00e1sica\",\"recupera\u00e7\u00e3o da aprendizagem\"],\"articleSection\":[\"Educa\u00e7\u00e3o\"],\"inLanguage\":\"pt-BR\",\"potentialAction\":[{\"@type\":\"CommentAction\",\"name\":\"Comment\",\"target\":[\"https:\/\/jornalfatosenoticias.com.br\/index.php\/2022\/09\/28\/brasil-e-selecionado-pelo-banco-mundial-para-participar-de-estudo-sobre-recuperacao-de-aprendizagens\/#respond\"]}]},{\"@type\":\"WebPage\",\"@id\":\"https:\/\/jornalfatosenoticias.com.br\/index.php\/2022\/09\/28\/brasil-e-selecionado-pelo-banco-mundial-para-participar-de-estudo-sobre-recuperacao-de-aprendizagens\/\",\"url\":\"https:\/\/jornalfatosenoticias.com.br\/index.php\/2022\/09\/28\/brasil-e-selecionado-pelo-banco-mundial-para-participar-de-estudo-sobre-recuperacao-de-aprendizagens\/\",\"name\":\"Brasil \u00e9 selecionado pelo Banco Mundial para participar de estudo sobre recupera\u00e7\u00e3o de aprendizagens - Jornal Fatos e Not\u00edcias\",\"isPartOf\":{\"@id\":\"https:\/\/jornalfatosenoticias.com.br\/#website\"},\"primaryImageOfPage\":{\"@id\":\"https:\/\/jornalfatosenoticias.com.br\/index.php\/2022\/09\/28\/brasil-e-selecionado-pelo-banco-mundial-para-participar-de-estudo-sobre-recuperacao-de-aprendizagens\/#primaryimage\"},\"image\":{\"@id\":\"https:\/\/jornalfatosenoticias.com.br\/index.php\/2022\/09\/28\/brasil-e-selecionado-pelo-banco-mundial-para-participar-de-estudo-sobre-recuperacao-de-aprendizagens\/#primaryimage\"},\"thumbnailUrl\":\"https:\/\/jornalfatosenoticias.com.br\/wp-content\/uploads\/2022\/09\/aprendizado-banco-mundial.jpeg\",\"datePublished\":\"2022-09-28T13:29:19+00:00\",\"dateModified\":\"2022-09-28T13:29:21+00:00\",\"breadcrumb\":{\"@id\":\"https:\/\/jornalfatosenoticias.com.br\/index.php\/2022\/09\/28\/brasil-e-selecionado-pelo-banco-mundial-para-participar-de-estudo-sobre-recuperacao-de-aprendizagens\/#breadcrumb\"},\"inLanguage\":\"pt-BR\",\"potentialAction\":[{\"@type\":\"ReadAction\",\"target\":[\"https:\/\/jornalfatosenoticias.com.br\/index.php\/2022\/09\/28\/brasil-e-selecionado-pelo-banco-mundial-para-participar-de-estudo-sobre-recuperacao-de-aprendizagens\/\"]}]},{\"@type\":\"ImageObject\",\"inLanguage\":\"pt-BR\",\"@id\":\"https:\/\/jornalfatosenoticias.com.br\/index.php\/2022\/09\/28\/brasil-e-selecionado-pelo-banco-mundial-para-participar-de-estudo-sobre-recuperacao-de-aprendizagens\/#primaryimage\",\"url\":\"https:\/\/jornalfatosenoticias.com.br\/wp-content\/uploads\/2022\/09\/aprendizado-banco-mundial.jpeg\",\"contentUrl\":\"https:\/\/jornalfatosenoticias.com.br\/wp-content\/uploads\/2022\/09\/aprendizado-banco-mundial.jpeg\",\"width\":1000,\"height\":648},{\"@type\":\"BreadcrumbList\",\"@id\":\"https:\/\/jornalfatosenoticias.com.br\/index.php\/2022\/09\/28\/brasil-e-selecionado-pelo-banco-mundial-para-participar-de-estudo-sobre-recuperacao-de-aprendizagens\/#breadcrumb\",\"itemListElement\":[{\"@type\":\"ListItem\",\"position\":1,\"name\":\"In\u00edcio\",\"item\":\"https:\/\/jornalfatosenoticias.com.br\/\"},{\"@type\":\"ListItem\",\"position\":2,\"name\":\"Brasil \u00e9 selecionado pelo Banco Mundial para participar de estudo sobre recupera\u00e7\u00e3o de aprendizagens\"}]},{\"@type\":\"WebSite\",\"@id\":\"https:\/\/jornalfatosenoticias.com.br\/#website\",\"url\":\"https:\/\/jornalfatosenoticias.com.br\/\",\"name\":\"Jornal Fatos e Not\u00edcias\",\"description\":\"Not\u00edcias em geral\",\"publisher\":{\"@id\":\"https:\/\/jornalfatosenoticias.com.br\/#organization\"},\"potentialAction\":[{\"@type\":\"SearchAction\",\"target\":{\"@type\":\"EntryPoint\",\"urlTemplate\":\"https:\/\/jornalfatosenoticias.com.br\/?s={search_term_string}\"},\"query-input\":{\"@type\":\"PropertyValueSpecification\",\"valueRequired\":true,\"valueName\":\"search_term_string\"}}],\"inLanguage\":\"pt-BR\"},{\"@type\":\"Organization\",\"@id\":\"https:\/\/jornalfatosenoticias.com.br\/#organization\",\"name\":\"Jornal Fatos e Not\u00edcias\",\"url\":\"https:\/\/jornalfatosenoticias.com.br\/\",\"logo\":{\"@type\":\"ImageObject\",\"inLanguage\":\"pt-BR\",\"@id\":\"https:\/\/jornalfatosenoticias.com.br\/#\/schema\/logo\/image\/\",\"url\":\"https:\/\/jornalfatosenoticias.com.br\/wp-content\/uploads\/2020\/02\/logo120.png\",\"contentUrl\":\"https:\/\/jornalfatosenoticias.com.br\/wp-content\/uploads\/2020\/02\/logo120.png\",\"width\":1227,\"height\":120,\"caption\":\"Jornal Fatos e Not\u00edcias\"},\"image\":{\"@id\":\"https:\/\/jornalfatosenoticias.com.br\/#\/schema\/logo\/image\/\"}},{\"@type\":\"Person\",\"@id\":\"https:\/\/jornalfatosenoticias.com.br\/#\/schema\/person\/d63837fa13ac8666eb9e74e0985d6f81\",\"name\":\"Luzimara Fernandes\",\"image\":{\"@type\":\"ImageObject\",\"inLanguage\":\"pt-BR\",\"@id\":\"https:\/\/jornalfatosenoticias.com.br\/#\/schema\/person\/image\/\",\"url\":\"https:\/\/jornalfatosenoticias.com.br\/wp-content\/uploads\/2025\/05\/EU_portal.jpg\",\"contentUrl\":\"https:\/\/jornalfatosenoticias.com.br\/wp-content\/uploads\/2025\/05\/EU_portal.jpg\",\"caption\":\"Luzimara Fernandes\"},\"description\":\"Jornalista MTB 2358-ES\",\"sameAs\":[\"https:\/\/jornalfatosenoticias.com.br\"],\"url\":\"https:\/\/jornalfatosenoticias.com.br\/index.php\/author\/luzimara\/\"}]}<\/script>\n<!-- \/ Yoast SEO plugin. -->","yoast_head_json":{"title":"Brasil \u00e9 selecionado pelo Banco Mundial para participar de estudo sobre recupera\u00e7\u00e3o de aprendizagens - Jornal Fatos e Not\u00edcias","robots":{"index":"index","follow":"follow","max-snippet":"max-snippet:-1","max-image-preview":"max-image-preview:large","max-video-preview":"max-video-preview:-1"},"canonical":"https:\/\/jornalfatosenoticias.com.br\/index.php\/2022\/09\/28\/brasil-e-selecionado-pelo-banco-mundial-para-participar-de-estudo-sobre-recuperacao-de-aprendizagens\/","og_locale":"pt_BR","og_type":"article","og_title":"Brasil \u00e9 selecionado pelo Banco Mundial para participar de estudo sobre recupera\u00e7\u00e3o de aprendizagens - Jornal Fatos e Not\u00edcias","og_description":"O Plano Nacional do Brasil para Recupera\u00e7\u00e3o das Aprendizagens na Educa\u00e7\u00e3o B\u00e1sica foi um dos dez selecionados para participar do estudo de caso de Avalia\u00e7\u00e3o do Enfrentamento da Crise de Aprendizagem O Brasil foi um dos dez pa\u00edses selecionados para um estudo de caso de Avalia\u00e7\u00e3o do Enfrentamento da Crise de Aprendizagem: Li\u00e7\u00f5es do Apoio [&hellip;]","og_url":"https:\/\/jornalfatosenoticias.com.br\/index.php\/2022\/09\/28\/brasil-e-selecionado-pelo-banco-mundial-para-participar-de-estudo-sobre-recuperacao-de-aprendizagens\/","og_site_name":"Jornal Fatos e Not\u00edcias","article_published_time":"2022-09-28T13:29:19+00:00","article_modified_time":"2022-09-28T13:29:21+00:00","og_image":[{"width":1000,"height":648,"url":"https:\/\/jornalfatosenoticias.com.br\/wp-content\/uploads\/2022\/09\/aprendizado-banco-mundial.jpeg","type":"image\/jpeg"}],"author":"Luzimara Fernandes","twitter_card":"summary_large_image","twitter_misc":{"Escrito por":"Luzimara Fernandes","Est. tempo de leitura":"3 minutos"},"schema":{"@context":"https:\/\/schema.org","@graph":[{"@type":"Article","@id":"https:\/\/jornalfatosenoticias.com.br\/index.php\/2022\/09\/28\/brasil-e-selecionado-pelo-banco-mundial-para-participar-de-estudo-sobre-recuperacao-de-aprendizagens\/#article","isPartOf":{"@id":"https:\/\/jornalfatosenoticias.com.br\/index.php\/2022\/09\/28\/brasil-e-selecionado-pelo-banco-mundial-para-participar-de-estudo-sobre-recuperacao-de-aprendizagens\/"},"author":{"name":"Luzimara Fernandes","@id":"https:\/\/jornalfatosenoticias.com.br\/#\/schema\/person\/d63837fa13ac8666eb9e74e0985d6f81"},"headline":"Brasil \u00e9 selecionado pelo Banco Mundial para participar de estudo sobre recupera\u00e7\u00e3o de aprendizagens","datePublished":"2022-09-28T13:29:19+00:00","dateModified":"2022-09-28T13:29:21+00:00","mainEntityOfPage":{"@id":"https:\/\/jornalfatosenoticias.com.br\/index.php\/2022\/09\/28\/brasil-e-selecionado-pelo-banco-mundial-para-participar-de-estudo-sobre-recuperacao-de-aprendizagens\/"},"wordCount":575,"commentCount":0,"publisher":{"@id":"https:\/\/jornalfatosenoticias.com.br\/#organization"},"image":{"@id":"https:\/\/jornalfatosenoticias.com.br\/index.php\/2022\/09\/28\/brasil-e-selecionado-pelo-banco-mundial-para-participar-de-estudo-sobre-recuperacao-de-aprendizagens\/#primaryimage"},"thumbnailUrl":"https:\/\/jornalfatosenoticias.com.br\/wp-content\/uploads\/2022\/09\/aprendizado-banco-mundial.jpeg","keywords":["aprendizagens","Avalia\u00e7\u00e3o do Enfrentamento da Crise de Aprendizagem","Banco Mundial","Brasil","Plano Nacional do Brasil para Recupera\u00e7\u00e3o das Aprendizagens na Educa\u00e7\u00e3o B\u00e1sica","recupera\u00e7\u00e3o da aprendizagem"],"articleSection":["Educa\u00e7\u00e3o"],"inLanguage":"pt-BR","potentialAction":[{"@type":"CommentAction","name":"Comment","target":["https:\/\/jornalfatosenoticias.com.br\/index.php\/2022\/09\/28\/brasil-e-selecionado-pelo-banco-mundial-para-participar-de-estudo-sobre-recuperacao-de-aprendizagens\/#respond"]}]},{"@type":"WebPage","@id":"https:\/\/jornalfatosenoticias.com.br\/index.php\/2022\/09\/28\/brasil-e-selecionado-pelo-banco-mundial-para-participar-de-estudo-sobre-recuperacao-de-aprendizagens\/","url":"https:\/\/jornalfatosenoticias.com.br\/index.php\/2022\/09\/28\/brasil-e-selecionado-pelo-banco-mundial-para-participar-de-estudo-sobre-recuperacao-de-aprendizagens\/","name":"Brasil \u00e9 selecionado pelo Banco Mundial para participar de estudo sobre recupera\u00e7\u00e3o de aprendizagens - Jornal Fatos e Not\u00edcias","isPartOf":{"@id":"https:\/\/jornalfatosenoticias.com.br\/#website"},"primaryImageOfPage":{"@id":"https:\/\/jornalfatosenoticias.com.br\/index.php\/2022\/09\/28\/brasil-e-selecionado-pelo-banco-mundial-para-participar-de-estudo-sobre-recuperacao-de-aprendizagens\/#primaryimage"},"image":{"@id":"https:\/\/jornalfatosenoticias.com.br\/index.php\/2022\/09\/28\/brasil-e-selecionado-pelo-banco-mundial-para-participar-de-estudo-sobre-recuperacao-de-aprendizagens\/#primaryimage"},"thumbnailUrl":"https:\/\/jornalfatosenoticias.com.br\/wp-content\/uploads\/2022\/09\/aprendizado-banco-mundial.jpeg","datePublished":"2022-09-28T13:29:19+00:00","dateModified":"2022-09-28T13:29:21+00:00","breadcrumb":{"@id":"https:\/\/jornalfatosenoticias.com.br\/index.php\/2022\/09\/28\/brasil-e-selecionado-pelo-banco-mundial-para-participar-de-estudo-sobre-recuperacao-de-aprendizagens\/#breadcrumb"},"inLanguage":"pt-BR","potentialAction":[{"@type":"ReadAction","target":["https:\/\/jornalfatosenoticias.com.br\/index.php\/2022\/09\/28\/brasil-e-selecionado-pelo-banco-mundial-para-participar-de-estudo-sobre-recuperacao-de-aprendizagens\/"]}]},{"@type":"ImageObject","inLanguage":"pt-BR","@id":"https:\/\/jornalfatosenoticias.com.br\/index.php\/2022\/09\/28\/brasil-e-selecionado-pelo-banco-mundial-para-participar-de-estudo-sobre-recuperacao-de-aprendizagens\/#primaryimage","url":"https:\/\/jornalfatosenoticias.com.br\/wp-content\/uploads\/2022\/09\/aprendizado-banco-mundial.jpeg","contentUrl":"https:\/\/jornalfatosenoticias.com.br\/wp-content\/uploads\/2022\/09\/aprendizado-banco-mundial.jpeg","width":1000,"height":648},{"@type":"BreadcrumbList","@id":"https:\/\/jornalfatosenoticias.com.br\/index.php\/2022\/09\/28\/brasil-e-selecionado-pelo-banco-mundial-para-participar-de-estudo-sobre-recuperacao-de-aprendizagens\/#breadcrumb","itemListElement":[{"@type":"ListItem","position":1,"name":"In\u00edcio","item":"https:\/\/jornalfatosenoticias.com.br\/"},{"@type":"ListItem","position":2,"name":"Brasil \u00e9 selecionado pelo Banco Mundial para participar de estudo sobre recupera\u00e7\u00e3o de aprendizagens"}]},{"@type":"WebSite","@id":"https:\/\/jornalfatosenoticias.com.br\/#website","url":"https:\/\/jornalfatosenoticias.com.br\/","name":"Jornal Fatos e Not\u00edcias","description":"Not\u00edcias em geral","publisher":{"@id":"https:\/\/jornalfatosenoticias.com.br\/#organization"},"potentialAction":[{"@type":"SearchAction","target":{"@type":"EntryPoint","urlTemplate":"https:\/\/jornalfatosenoticias.com.br\/?s={search_term_string}"},"query-input":{"@type":"PropertyValueSpecification","valueRequired":true,"valueName":"search_term_string"}}],"inLanguage":"pt-BR"},{"@type":"Organization","@id":"https:\/\/jornalfatosenoticias.com.br\/#organization","name":"Jornal Fatos e Not\u00edcias","url":"https:\/\/jornalfatosenoticias.com.br\/","logo":{"@type":"ImageObject","inLanguage":"pt-BR","@id":"https:\/\/jornalfatosenoticias.com.br\/#\/schema\/logo\/image\/","url":"https:\/\/jornalfatosenoticias.com.br\/wp-content\/uploads\/2020\/02\/logo120.png","contentUrl":"https:\/\/jornalfatosenoticias.com.br\/wp-content\/uploads\/2020\/02\/logo120.png","width":1227,"height":120,"caption":"Jornal Fatos e Not\u00edcias"},"image":{"@id":"https:\/\/jornalfatosenoticias.com.br\/#\/schema\/logo\/image\/"}},{"@type":"Person","@id":"https:\/\/jornalfatosenoticias.com.br\/#\/schema\/person\/d63837fa13ac8666eb9e74e0985d6f81","name":"Luzimara Fernandes","image":{"@type":"ImageObject","inLanguage":"pt-BR","@id":"https:\/\/jornalfatosenoticias.com.br\/#\/schema\/person\/image\/","url":"https:\/\/jornalfatosenoticias.com.br\/wp-content\/uploads\/2025\/05\/EU_portal.jpg","contentUrl":"https:\/\/jornalfatosenoticias.com.br\/wp-content\/uploads\/2025\/05\/EU_portal.jpg","caption":"Luzimara Fernandes"},"description":"Jornalista MTB 2358-ES","sameAs":["https:\/\/jornalfatosenoticias.com.br"],"url":"https:\/\/jornalfatosenoticias.com.br\/index.php\/author\/luzimara\/"}]}},"cc_featured_image_caption":{"caption_text":"(Foto: Ascom MEC)","source_text":"","source_url":""},"jetpack_featured_media_url":"https:\/\/jornalfatosenoticias.com.br\/wp-content\/uploads\/2022\/09\/aprendizado-banco-mundial.jpeg","_links":{"self":[{"href":"https:\/\/jornalfatosenoticias.com.br\/index.php\/wp-json\/wp\/v2\/posts\/34615","targetHints":{"allow":["GET"]}}],"collection":[{"href":"https:\/\/jornalfatosenoticias.com.br\/index.php\/wp-json\/wp\/v2\/posts"}],"about":[{"href":"https:\/\/jornalfatosenoticias.com.br\/index.php\/wp-json\/wp\/v2\/types\/post"}],"author":[{"embeddable":true,"href":"https:\/\/jornalfatosenoticias.com.br\/index.php\/wp-json\/wp\/v2\/users\/2"}],"replies":[{"embeddable":true,"href":"https:\/\/jornalfatosenoticias.com.br\/index.php\/wp-json\/wp\/v2\/comments?post=34615"}],"version-history":[{"count":0,"href":"https:\/\/jornalfatosenoticias.com.br\/index.php\/wp-json\/wp\/v2\/posts\/34615\/revisions"}],"wp:featuredmedia":[{"embeddable":true,"href":"https:\/\/jornalfatosenoticias.com.br\/index.php\/wp-json\/wp\/v2\/media\/34616"}],"wp:attachment":[{"href":"https:\/\/jornalfatosenoticias.com.br\/index.php\/wp-json\/wp\/v2\/media?parent=34615"}],"wp:term":[{"taxonomy":"category","embeddable":true,"href":"https:\/\/jornalfatosenoticias.com.br\/index.php\/wp-json\/wp\/v2\/categories?post=34615"},{"taxonomy":"post_tag","embeddable":true,"href":"https:\/\/jornalfatosenoticias.com.br\/index.php\/wp-json\/wp\/v2\/tags?post=34615"}],"curies":[{"name":"wp","href":"https:\/\/api.w.org\/{rel}","templated":true}]}}