{"id":34630,"date":"2022-09-28T11:34:17","date_gmt":"2022-09-28T14:34:17","guid":{"rendered":"https:\/\/jornalfatosenoticias.com.br\/?p=34630"},"modified":"2022-09-28T11:34:19","modified_gmt":"2022-09-28T14:34:19","slug":"cidades-brasileiras-aderem-ao-transporte-publico-gratuito","status":"publish","type":"post","link":"https:\/\/jornalfatosenoticias.com.br\/index.php\/2022\/09\/28\/cidades-brasileiras-aderem-ao-transporte-publico-gratuito\/","title":{"rendered":"Cidades brasileiras aderem ao transporte p\u00fablico gratuito"},"content":{"rendered":"\n<p><em><span class=\"has-inline-color has-black-color\">Enquanto algumas a\u00e7\u00f5es s\u00e3o pontuais, outras vieram para ficar e j\u00e1 viraram leis<\/span><\/em><\/p>\n\n\n\n<div class=\"wp-block-image\"><figure class=\"aligncenter size-large\"><img loading=\"lazy\" decoding=\"async\" width=\"1024\" height=\"103\" src=\"https:\/\/jornalfatosenoticias.com.br\/wp-content\/uploads\/2022\/02\/Arte-Autoescola-Galatas_endereco_portal-1024x103.png\" alt=\"\" class=\"wp-image-27869\" srcset=\"https:\/\/jornalfatosenoticias.com.br\/wp-content\/uploads\/2022\/02\/Arte-Autoescola-Galatas_endereco_portal-1024x103.png 1024w, https:\/\/jornalfatosenoticias.com.br\/wp-content\/uploads\/2022\/02\/Arte-Autoescola-Galatas_endereco_portal-300x30.png 300w, https:\/\/jornalfatosenoticias.com.br\/wp-content\/uploads\/2022\/02\/Arte-Autoescola-Galatas_endereco_portal-768x77.png 768w, https:\/\/jornalfatosenoticias.com.br\/wp-content\/uploads\/2022\/02\/Arte-Autoescola-Galatas_endereco_portal.png 1223w\" sizes=\"auto, (max-width: 1024px) 100vw, 1024px\" \/><\/figure><\/div>\n\n\n\n<p>Na data em que se comemorou o <em>Dia Mundial sem Carro (22 de setembro)<\/em>, Macei\u00f3, capital de Alagoas, e Ol\u00edmpia, no interior de S\u00e3o Paulo, ofereceram passagens gratuitas de \u00f4nibus. Estas foram algumas das a\u00e7\u00f5es que ocorreram em todo o Pa\u00eds em prol do incentivo \u00e0 mobilidade ativa.<\/p>\n\n\n\n<div class=\"wp-block-image\"><figure class=\"aligncenter size-large\"><img loading=\"lazy\" decoding=\"async\" width=\"1024\" height=\"100\" src=\"https:\/\/jornalfatosenoticias.com.br\/wp-content\/uploads\/2020\/02\/banner_ferramentas-1024x100.jpg\" alt=\"\" class=\"wp-image-1258\" srcset=\"https:\/\/jornalfatosenoticias.com.br\/wp-content\/uploads\/2020\/02\/banner_ferramentas-1024x100.jpg 1024w, https:\/\/jornalfatosenoticias.com.br\/wp-content\/uploads\/2020\/02\/banner_ferramentas-300x29.jpg 300w, https:\/\/jornalfatosenoticias.com.br\/wp-content\/uploads\/2020\/02\/banner_ferramentas-768x75.jpg 768w, https:\/\/jornalfatosenoticias.com.br\/wp-content\/uploads\/2020\/02\/banner_ferramentas.jpg 1227w\" sizes=\"auto, (max-width: 1024px) 100vw, 1024px\" \/><\/figure><\/div>\n\n\n\n<p>Desde o in\u00edcio da pandemia, o Sindicato das Empresas de Transporte Urbano de Macei\u00f3 (Sinturb) detectou uma queda de quase 70% nos passageiros de \u00f4nibus. A entidade aponta o home office como a maior raz\u00e3o para a diminui\u00e7\u00e3o de passageiros, enquanto o Sindicato dos Rodovi\u00e1rios ressalta que o pr\u00f3prio estado dos ve\u00edculos leva a popula\u00e7\u00e3o a buscar outros meios de\u00a0<a href=\"https:\/\/ciclovivo.com.br\/arq-urb\/mobilidade\/calculadora-digital-compara-custos-de-modais-de-transporte\/\" target=\"_blank\" rel=\"noreferrer noopener\">locomo\u00e7\u00e3o<\/a>, como os transportes por aplicativos e motot\u00e1xi. Visando conscientizar sobre o uso excessivo de\u00a0<a href=\"https:\/\/ciclovivo.com.br\/arq-urb\/mobilidade\/ter-carro-ainda-e-simbolo-de-status-diz-especialista-em-mobilidade\/\" target=\"_blank\" rel=\"noreferrer noopener\">autom\u00f3veis<\/a> nas vias, a prefeitura da cidade preparou uma vasta programa\u00e7\u00e3o.<\/p>\n\n\n\n<div class=\"wp-block-image\"><figure class=\"aligncenter size-large is-resized\"><img loading=\"lazy\" decoding=\"async\" src=\"https:\/\/jornalfatosenoticias.com.br\/wp-content\/uploads\/2022\/07\/Logo-Grupo-SEI.jpg\" alt=\"\" class=\"wp-image-31973\" width=\"295\" height=\"155\" srcset=\"https:\/\/jornalfatosenoticias.com.br\/wp-content\/uploads\/2022\/07\/Logo-Grupo-SEI.jpg 713w, https:\/\/jornalfatosenoticias.com.br\/wp-content\/uploads\/2022\/07\/Logo-Grupo-SEI-300x158.jpg 300w\" sizes=\"auto, (max-width: 295px) 100vw, 295px\" \/><\/figure><\/div>\n\n\n\n<p>Ao longo de todo o dia, os moradores de Macei\u00f3 puderam se deslocar gratuitamente nos transportes coletivos. Para embarcar, era necess\u00e1rio que os passageiros utilizassem o cart\u00e3o VAMU (bilhete eletr\u00f4nico de transporte) na modalidade Cidad\u00e3o. Durante a manh\u00e3, a capital de Alagoas tamb\u00e9m realizou um semin\u00e1rio, com diversos palestrantes, para estimular alternativas de mobilidade.<\/p>\n\n\n\n<div class=\"wp-block-image\"><figure class=\"aligncenter size-large\"><img decoding=\"async\" src=\"https:\/\/jornalfatosenoticias.com.br\/wp-content\/uploads\/2020\/02\/nova-logo-zucchi-1024x110.jpeg\" alt=\"\" class=\"wp-image-33846\"\/><\/figure><\/div>\n\n\n\n<p>Tamb\u00e9m em Ol\u00edmpia, munic\u00edpio de 55 mil habitantes do interior do estado de S\u00e3o Paulo, durante todo o dia, o transporte <a href=\"https:\/\/ciclovivo.com.br\/arq-urb\/mobilidade\/transporte-publico-coletivo-gratuito\/\" target=\"_blank\" rel=\"noreferrer noopener\">coletivo<\/a>\u00a0foi gratuito em todas as linhas e hor\u00e1rios.<\/p>\n\n\n\n<div class=\"wp-block-image\"><figure class=\"aligncenter size-large\"><img loading=\"lazy\" decoding=\"async\" width=\"300\" height=\"300\" src=\"https:\/\/jornalfatosenoticias.com.br\/wp-content\/uploads\/2020\/02\/casa-do-torresmo_portal.jpg\" alt=\"\" class=\"wp-image-34472\" srcset=\"https:\/\/jornalfatosenoticias.com.br\/wp-content\/uploads\/2020\/02\/casa-do-torresmo_portal.jpg 300w, https:\/\/jornalfatosenoticias.com.br\/wp-content\/uploads\/2020\/02\/casa-do-torresmo_portal-150x150.jpg 150w\" sizes=\"auto, (max-width: 300px) 100vw, 300px\" \/><\/figure><\/div>\n\n\n\n<figure class=\"wp-block-pullquote\"><blockquote><p><span class=\"has-inline-color has-luminous-vivid-orange-color\">A ideia era que a popula\u00e7\u00e3o experimentasse, pelo menos nesse dia, formas alternativas de mobilidade, sem usar o carro ou a motocicleta como meio de locomo\u00e7\u00e3o\u201d, afirmou a prefeitura da cidade.<\/span><\/p><\/blockquote><\/figure>\n\n\n\n<div class=\"wp-block-image\"><figure class=\"alignright size-large is-resized\"><img loading=\"lazy\" decoding=\"async\" src=\"https:\/\/jornalfatosenoticias.com.br\/wp-content\/uploads\/2020\/02\/logo-clinica-limoeiro.jpg\" alt=\"\" class=\"wp-image-34610\" width=\"297\" height=\"210\"\/><\/figure><\/div>\n\n\n\n<p>Em Fortaleza, capital do Cear\u00e1, o incentivo para <a href=\"https:\/\/ciclovivo.com.br\/fique-ligado\/eventos\/capitais-brasileiras-organizam-atividades-no-dia-mundial-sem-carro\/\" target=\"_blank\" rel=\"noreferrer noopener\">deixar o carro<\/a>\u00a0na garagem \u00e9 voltado ao p\u00fablico que intercala o uso de bicicleta e \u00f4nibus no trajeto. Os moradores que utilizarem os biciclet\u00e1rios dos terminais Parangaba, Siqueira, Ant\u00f4nio Bezerra e Messejana, nesta quinta-feira, v\u00e3o obter uma passagem gratuita para seguir viagem. Al\u00e9m disso, a prefeitura tamb\u00e9m liberou o sistema de bicicletas compartilhadas Bicicletar. Para obter a gratuidade, basta que o usu\u00e1rio cadastre o bilhete \u00fanico no\u00a0<a href=\"http:\/\/www.bicicletar.com.br\/\" target=\"_blank\" rel=\"noreferrer noopener\">site do Bicicletar<\/a>.<\/p>\n\n\n\n<div class=\"wp-block-image\"><figure class=\"aligncenter size-large\"><img loading=\"lazy\" decoding=\"async\" width=\"1024\" height=\"111\" src=\"https:\/\/jornalfatosenoticias.com.br\/wp-content\/uploads\/2020\/02\/WhatsApp-Image-2022-09-23-at-12.09.18-1024x111.jpeg\" alt=\"\" class=\"wp-image-34527\" srcset=\"https:\/\/jornalfatosenoticias.com.br\/wp-content\/uploads\/2020\/02\/WhatsApp-Image-2022-09-23-at-12.09.18-1024x111.jpeg 1024w, https:\/\/jornalfatosenoticias.com.br\/wp-content\/uploads\/2020\/02\/WhatsApp-Image-2022-09-23-at-12.09.18-300x32.jpeg 300w, https:\/\/jornalfatosenoticias.com.br\/wp-content\/uploads\/2020\/02\/WhatsApp-Image-2022-09-23-at-12.09.18-768x83.jpeg 768w, https:\/\/jornalfatosenoticias.com.br\/wp-content\/uploads\/2020\/02\/WhatsApp-Image-2022-09-23-at-12.09.18.jpeg 1121w\" sizes=\"auto, (max-width: 1024px) 100vw, 1024px\" \/><\/figure><\/div>\n\n\n\n<p><strong><span class=\"has-inline-color has-vivid-purple-color\">Transporte p\u00fablico de gra\u00e7a<br><\/span><\/strong>Outro lugar que est\u00e1 adotando a gratuidade no transporte p\u00fablico \u00e9 Ibirit\u00e9, na Grande Belo Horizonte, mas neste caso de forma definitiva. De autoria da pr\u00f3pria prefeitura da cidade, a lei que autoriza o fim da cobran\u00e7a na passagem de \u00f4nibus foi sancionada na semana passada. A <a href=\"https:\/\/ciclovivo.com.br\/arq-urb\/mobilidade\/lisboa-aprova-transporte-publico-gratuito-a-jovens-e-idosos\/\" target=\"_blank\" rel=\"noreferrer noopener\">gratuidade<\/a> valer\u00e1 para os \u00f4nibus que circulam na cidade, ou seja, n\u00e3o inclui o transporte intermunicipal.<\/p>\n\n\n\n<div class=\"wp-block-image\"><figure class=\"alignleft size-large\"><img loading=\"lazy\" decoding=\"async\" width=\"300\" height=\"250\" src=\"https:\/\/jornalfatosenoticias.com.br\/wp-content\/uploads\/2022\/08\/arte-Casarao.jpg\" alt=\"\" class=\"wp-image-33178\"\/><\/figure><\/div>\n\n\n\n<p>Para al\u00e9m das a\u00e7\u00f5es pontuais, Macei\u00f3 e Ol\u00edmpia j\u00e1 aplicam a tarifa zero em ao menos um dia da semana. Por meio do programa \u201cDomingo \u00e9 Livre\u201d, em Macei\u00f3, a passagem de \u00f4nibus urbanos \u00e9 gratuita aos domingos para toda a popula\u00e7\u00e3o, enquanto em Ol\u00edmpia o passe livre \u00e9 v\u00e1lido aos s\u00e1bados.<br>Tais iniciativas n\u00e3o s\u00e3o isoladas. Um levantamento da Associa\u00e7\u00e3o Nacional das Empresas de Transportes Urbanos (NTU) aponta que mais de 40 cidades brasileiras possuem algum n\u00edvel de <a href=\"https:\/\/ciclovivo.com.br\/arq-urb\/mobilidade\/organizacoes-propostas-mobilidade-sao-paulo\/\" target=\"_blank\" rel=\"noreferrer noopener\">tarifa zero<\/a>\u00a0no transporte. <\/p>\n\n\n\n<div class=\"wp-block-image\"><figure class=\"aligncenter size-large is-resized\"><img loading=\"lazy\" decoding=\"async\" src=\"https:\/\/jornalfatosenoticias.com.br\/wp-content\/uploads\/2022\/08\/logo-locau-veiculos-1024x573.png\" alt=\"\" class=\"wp-image-33078\" width=\"308\" height=\"172\"\/><\/figure><\/div>\n\n\n\n<p>Entre os estados, Minas Gerais se destaca com mais de 10 cidades com programas de subs\u00eddio, sendo uma delas\u00a0<a href=\"https:\/\/ciclovivo.com.br\/arq-urb\/mobilidade\/caete-tarifa-zero-transporte-publico\/\" target=\"_blank\" rel=\"noreferrer noopener\">Caet\u00e9<\/a>. O G1 listou todos os munic\u00edpios,\u00a0<a href=\"https:\/\/g1.globo.com\/mg\/minas-gerais\/noticia\/2022\/09\/14\/mais-de-40-cidades-brasileiras-aplicam-tarifa-zero-no-transporte-coletivo-veja-lista.ghtml\" target=\"_blank\" rel=\"noreferrer noopener\">confira aqui<\/a>.<\/p>\n\n\n\n<div class=\"wp-block-image\"><figure class=\"aligncenter size-large\"><img loading=\"lazy\" decoding=\"async\" width=\"1024\" height=\"100\" src=\"https:\/\/jornalfatosenoticias.com.br\/wp-content\/uploads\/2022\/05\/NOVA-LOGO-CESCONETTO-1024x100.jpg\" alt=\"\" class=\"wp-image-30792\" srcset=\"https:\/\/jornalfatosenoticias.com.br\/wp-content\/uploads\/2022\/05\/NOVA-LOGO-CESCONETTO-1024x100.jpg 1024w, https:\/\/jornalfatosenoticias.com.br\/wp-content\/uploads\/2022\/05\/NOVA-LOGO-CESCONETTO-300x29.jpg 300w, https:\/\/jornalfatosenoticias.com.br\/wp-content\/uploads\/2022\/05\/NOVA-LOGO-CESCONETTO-768x75.jpg 768w, https:\/\/jornalfatosenoticias.com.br\/wp-content\/uploads\/2022\/05\/NOVA-LOGO-CESCONETTO.jpg 1280w\" sizes=\"auto, (max-width: 1024px) 100vw, 1024px\" \/><\/figure><\/div>\n\n\n\n<p>Outros meios de locomo\u00e7\u00e3o ativa que s\u00e3o incentivados no Dia Mundial sem Carro incluem <a href=\"https:\/\/ciclovivo.com.br\/arq-urb\/mobilidade\/pedalar-andar-de-bike-cidades\/\" target=\"_blank\" rel=\"noreferrer noopener\">bicicleta<\/a>\u00a0e\u00a0<a href=\"https:\/\/ciclovivo.com.br\/arq-urb\/urbanismo\/cartilha-orienta-como-tornar-cidades-caminhaveis-para-idosos\/\" target=\"_blank\" rel=\"noreferrer noopener\">caminhada<\/a>, al\u00e9m de scooters, e-bikes, patinetes el\u00e9tricos (que se enquadram na chamada micromobilidade). A depender da dist\u00e2ncia, tais solu\u00e7\u00f5es podem integrar o trajeto de forma parcial, sendo um exemplo de transporte intermodal \u2014 apontado por especialistas da \u00e1rea de urbanismo como a chave para melhorar a mobilidade das grandes cidades.<\/p>\n\n\n\n<div class=\"wp-block-image\"><figure class=\"aligncenter size-large\"><img decoding=\"async\" src=\"https:\/\/jornalfatosenoticias.com.br\/wp-content\/uploads\/2020\/02\/barao-das-carnes-300x164-1.jpg\" alt=\"\" class=\"wp-image-34339\"\/><\/figure><\/div>\n\n\n\n<p><strong><em>Fonte: <a href=\"https:\/\/ciclovivo.com.br\/arq-urb\/mobilidade\/cidades-brasileiras-aderem-ao-transporte-publico-gratuito\/\">CicloVivo<\/a><\/em><\/strong><\/p>\n","protected":false},"excerpt":{"rendered":"<p>Enquanto algumas a\u00e7\u00f5es s\u00e3o pontuais, outras vieram para ficar e j\u00e1 viraram leis Na data em que se comemorou o Dia Mundial sem Carro (22 de setembro), Macei\u00f3, capital de Alagoas, e Ol\u00edmpia, no interior de S\u00e3o Paulo, ofereceram passagens gratuitas de \u00f4nibus. Estas foram algumas das a\u00e7\u00f5es que ocorreram em todo o Pa\u00eds em [&hellip;]<\/p>\n","protected":false},"author":2,"featured_media":34631,"comment_status":"open","ping_status":"open","sticky":false,"template":"","format":"standard","meta":{"footnotes":""},"categories":[9923],"tags":[16245,11251,15378,15558,9925,11814],"class_list":["post-34630","post","type-post","status-publish","format-standard","has-post-thumbnail","hentry","category-mobilidade","tag-cidades-brasileiras","tag-dia-mundial-sem-carro","tag-mobilidade-ativa","tag-passe-livre","tag-tarifa-zero","tag-transporte-publico-gratuito"],"yoast_head":"<!-- This site is optimized with the Yoast SEO plugin v26.5 - https:\/\/yoast.com\/wordpress\/plugins\/seo\/ -->\n<title>Cidades brasileiras aderem ao transporte p\u00fablico gratuito - Jornal Fatos e Not\u00edcias<\/title>\n<meta name=\"robots\" content=\"index, follow, max-snippet:-1, max-image-preview:large, max-video-preview:-1\" \/>\n<link rel=\"canonical\" href=\"https:\/\/jornalfatosenoticias.com.br\/index.php\/2022\/09\/28\/cidades-brasileiras-aderem-ao-transporte-publico-gratuito\/\" \/>\n<meta property=\"og:locale\" content=\"pt_BR\" \/>\n<meta property=\"og:type\" content=\"article\" \/>\n<meta property=\"og:title\" content=\"Cidades brasileiras aderem ao transporte p\u00fablico gratuito - Jornal Fatos e Not\u00edcias\" \/>\n<meta property=\"og:description\" content=\"Enquanto algumas a\u00e7\u00f5es s\u00e3o pontuais, outras vieram para ficar e j\u00e1 viraram leis Na data em que se comemorou o Dia Mundial sem Carro (22 de setembro), Macei\u00f3, capital de Alagoas, e Ol\u00edmpia, no interior de S\u00e3o Paulo, ofereceram passagens gratuitas de \u00f4nibus. Estas foram algumas das a\u00e7\u00f5es que ocorreram em todo o Pa\u00eds em [&hellip;]\" \/>\n<meta property=\"og:url\" content=\"https:\/\/jornalfatosenoticias.com.br\/index.php\/2022\/09\/28\/cidades-brasileiras-aderem-ao-transporte-publico-gratuito\/\" \/>\n<meta property=\"og:site_name\" content=\"Jornal Fatos e Not\u00edcias\" \/>\n<meta property=\"article:published_time\" content=\"2022-09-28T14:34:17+00:00\" \/>\n<meta property=\"article:modified_time\" content=\"2022-09-28T14:34:19+00:00\" \/>\n<meta property=\"og:image\" content=\"https:\/\/jornalfatosenoticias.com.br\/wp-content\/uploads\/2022\/09\/transporte-publico-gratuito.jpg\" \/>\n\t<meta property=\"og:image:width\" content=\"1000\" \/>\n\t<meta property=\"og:image:height\" content=\"571\" \/>\n\t<meta property=\"og:image:type\" content=\"image\/jpeg\" \/>\n<meta name=\"author\" content=\"Luzimara Fernandes\" \/>\n<meta name=\"twitter:card\" content=\"summary_large_image\" \/>\n<meta name=\"twitter:label1\" content=\"Escrito por\" \/>\n\t<meta name=\"twitter:data1\" content=\"Luzimara Fernandes\" \/>\n\t<meta name=\"twitter:label2\" content=\"Est. tempo de leitura\" \/>\n\t<meta name=\"twitter:data2\" content=\"3 minutos\" \/>\n<script type=\"application\/ld+json\" class=\"yoast-schema-graph\">{\"@context\":\"https:\/\/schema.org\",\"@graph\":[{\"@type\":\"Article\",\"@id\":\"https:\/\/jornalfatosenoticias.com.br\/index.php\/2022\/09\/28\/cidades-brasileiras-aderem-ao-transporte-publico-gratuito\/#article\",\"isPartOf\":{\"@id\":\"https:\/\/jornalfatosenoticias.com.br\/index.php\/2022\/09\/28\/cidades-brasileiras-aderem-ao-transporte-publico-gratuito\/\"},\"author\":{\"name\":\"Luzimara Fernandes\",\"@id\":\"https:\/\/jornalfatosenoticias.com.br\/#\/schema\/person\/d63837fa13ac8666eb9e74e0985d6f81\"},\"headline\":\"Cidades brasileiras aderem ao transporte p\u00fablico gratuito\",\"datePublished\":\"2022-09-28T14:34:17+00:00\",\"dateModified\":\"2022-09-28T14:34:19+00:00\",\"mainEntityOfPage\":{\"@id\":\"https:\/\/jornalfatosenoticias.com.br\/index.php\/2022\/09\/28\/cidades-brasileiras-aderem-ao-transporte-publico-gratuito\/\"},\"wordCount\":645,\"commentCount\":0,\"publisher\":{\"@id\":\"https:\/\/jornalfatosenoticias.com.br\/#organization\"},\"image\":{\"@id\":\"https:\/\/jornalfatosenoticias.com.br\/index.php\/2022\/09\/28\/cidades-brasileiras-aderem-ao-transporte-publico-gratuito\/#primaryimage\"},\"thumbnailUrl\":\"https:\/\/jornalfatosenoticias.com.br\/wp-content\/uploads\/2022\/09\/transporte-publico-gratuito.jpg\",\"keywords\":[\"cidades brasileiras\",\"Dia Mundial sem Carro\",\"mobilidade ativa\",\"passe livre\",\"tarifa zero\",\"transporte p\u00fablico gratuito\"],\"articleSection\":[\"Mobilidade\"],\"inLanguage\":\"pt-BR\",\"potentialAction\":[{\"@type\":\"CommentAction\",\"name\":\"Comment\",\"target\":[\"https:\/\/jornalfatosenoticias.com.br\/index.php\/2022\/09\/28\/cidades-brasileiras-aderem-ao-transporte-publico-gratuito\/#respond\"]}]},{\"@type\":\"WebPage\",\"@id\":\"https:\/\/jornalfatosenoticias.com.br\/index.php\/2022\/09\/28\/cidades-brasileiras-aderem-ao-transporte-publico-gratuito\/\",\"url\":\"https:\/\/jornalfatosenoticias.com.br\/index.php\/2022\/09\/28\/cidades-brasileiras-aderem-ao-transporte-publico-gratuito\/\",\"name\":\"Cidades brasileiras aderem ao transporte p\u00fablico gratuito - Jornal Fatos e Not\u00edcias\",\"isPartOf\":{\"@id\":\"https:\/\/jornalfatosenoticias.com.br\/#website\"},\"primaryImageOfPage\":{\"@id\":\"https:\/\/jornalfatosenoticias.com.br\/index.php\/2022\/09\/28\/cidades-brasileiras-aderem-ao-transporte-publico-gratuito\/#primaryimage\"},\"image\":{\"@id\":\"https:\/\/jornalfatosenoticias.com.br\/index.php\/2022\/09\/28\/cidades-brasileiras-aderem-ao-transporte-publico-gratuito\/#primaryimage\"},\"thumbnailUrl\":\"https:\/\/jornalfatosenoticias.com.br\/wp-content\/uploads\/2022\/09\/transporte-publico-gratuito.jpg\",\"datePublished\":\"2022-09-28T14:34:17+00:00\",\"dateModified\":\"2022-09-28T14:34:19+00:00\",\"breadcrumb\":{\"@id\":\"https:\/\/jornalfatosenoticias.com.br\/index.php\/2022\/09\/28\/cidades-brasileiras-aderem-ao-transporte-publico-gratuito\/#breadcrumb\"},\"inLanguage\":\"pt-BR\",\"potentialAction\":[{\"@type\":\"ReadAction\",\"target\":[\"https:\/\/jornalfatosenoticias.com.br\/index.php\/2022\/09\/28\/cidades-brasileiras-aderem-ao-transporte-publico-gratuito\/\"]}]},{\"@type\":\"ImageObject\",\"inLanguage\":\"pt-BR\",\"@id\":\"https:\/\/jornalfatosenoticias.com.br\/index.php\/2022\/09\/28\/cidades-brasileiras-aderem-ao-transporte-publico-gratuito\/#primaryimage\",\"url\":\"https:\/\/jornalfatosenoticias.com.br\/wp-content\/uploads\/2022\/09\/transporte-publico-gratuito.jpg\",\"contentUrl\":\"https:\/\/jornalfatosenoticias.com.br\/wp-content\/uploads\/2022\/09\/transporte-publico-gratuito.jpg\",\"width\":1000,\"height\":571},{\"@type\":\"BreadcrumbList\",\"@id\":\"https:\/\/jornalfatosenoticias.com.br\/index.php\/2022\/09\/28\/cidades-brasileiras-aderem-ao-transporte-publico-gratuito\/#breadcrumb\",\"itemListElement\":[{\"@type\":\"ListItem\",\"position\":1,\"name\":\"In\u00edcio\",\"item\":\"https:\/\/jornalfatosenoticias.com.br\/\"},{\"@type\":\"ListItem\",\"position\":2,\"name\":\"Cidades brasileiras aderem ao transporte p\u00fablico gratuito\"}]},{\"@type\":\"WebSite\",\"@id\":\"https:\/\/jornalfatosenoticias.com.br\/#website\",\"url\":\"https:\/\/jornalfatosenoticias.com.br\/\",\"name\":\"Jornal Fatos e Not\u00edcias\",\"description\":\"Not\u00edcias em geral\",\"publisher\":{\"@id\":\"https:\/\/jornalfatosenoticias.com.br\/#organization\"},\"potentialAction\":[{\"@type\":\"SearchAction\",\"target\":{\"@type\":\"EntryPoint\",\"urlTemplate\":\"https:\/\/jornalfatosenoticias.com.br\/?s={search_term_string}\"},\"query-input\":{\"@type\":\"PropertyValueSpecification\",\"valueRequired\":true,\"valueName\":\"search_term_string\"}}],\"inLanguage\":\"pt-BR\"},{\"@type\":\"Organization\",\"@id\":\"https:\/\/jornalfatosenoticias.com.br\/#organization\",\"name\":\"Jornal Fatos e Not\u00edcias\",\"url\":\"https:\/\/jornalfatosenoticias.com.br\/\",\"logo\":{\"@type\":\"ImageObject\",\"inLanguage\":\"pt-BR\",\"@id\":\"https:\/\/jornalfatosenoticias.com.br\/#\/schema\/logo\/image\/\",\"url\":\"https:\/\/jornalfatosenoticias.com.br\/wp-content\/uploads\/2020\/02\/logo120.png\",\"contentUrl\":\"https:\/\/jornalfatosenoticias.com.br\/wp-content\/uploads\/2020\/02\/logo120.png\",\"width\":1227,\"height\":120,\"caption\":\"Jornal Fatos e Not\u00edcias\"},\"image\":{\"@id\":\"https:\/\/jornalfatosenoticias.com.br\/#\/schema\/logo\/image\/\"}},{\"@type\":\"Person\",\"@id\":\"https:\/\/jornalfatosenoticias.com.br\/#\/schema\/person\/d63837fa13ac8666eb9e74e0985d6f81\",\"name\":\"Luzimara Fernandes\",\"image\":{\"@type\":\"ImageObject\",\"inLanguage\":\"pt-BR\",\"@id\":\"https:\/\/jornalfatosenoticias.com.br\/#\/schema\/person\/image\/\",\"url\":\"https:\/\/jornalfatosenoticias.com.br\/wp-content\/uploads\/2025\/05\/EU_portal.jpg\",\"contentUrl\":\"https:\/\/jornalfatosenoticias.com.br\/wp-content\/uploads\/2025\/05\/EU_portal.jpg\",\"caption\":\"Luzimara Fernandes\"},\"description\":\"Jornalista MTB 2358-ES\",\"sameAs\":[\"https:\/\/jornalfatosenoticias.com.br\"],\"url\":\"https:\/\/jornalfatosenoticias.com.br\/index.php\/author\/luzimara\/\"}]}<\/script>\n<!-- \/ Yoast SEO plugin. -->","yoast_head_json":{"title":"Cidades brasileiras aderem ao transporte p\u00fablico gratuito - Jornal Fatos e Not\u00edcias","robots":{"index":"index","follow":"follow","max-snippet":"max-snippet:-1","max-image-preview":"max-image-preview:large","max-video-preview":"max-video-preview:-1"},"canonical":"https:\/\/jornalfatosenoticias.com.br\/index.php\/2022\/09\/28\/cidades-brasileiras-aderem-ao-transporte-publico-gratuito\/","og_locale":"pt_BR","og_type":"article","og_title":"Cidades brasileiras aderem ao transporte p\u00fablico gratuito - Jornal Fatos e Not\u00edcias","og_description":"Enquanto algumas a\u00e7\u00f5es s\u00e3o pontuais, outras vieram para ficar e j\u00e1 viraram leis Na data em que se comemorou o Dia Mundial sem Carro (22 de setembro), Macei\u00f3, capital de Alagoas, e Ol\u00edmpia, no interior de S\u00e3o Paulo, ofereceram passagens gratuitas de \u00f4nibus. Estas foram algumas das a\u00e7\u00f5es que ocorreram em todo o Pa\u00eds em [&hellip;]","og_url":"https:\/\/jornalfatosenoticias.com.br\/index.php\/2022\/09\/28\/cidades-brasileiras-aderem-ao-transporte-publico-gratuito\/","og_site_name":"Jornal Fatos e Not\u00edcias","article_published_time":"2022-09-28T14:34:17+00:00","article_modified_time":"2022-09-28T14:34:19+00:00","og_image":[{"width":1000,"height":571,"url":"https:\/\/jornalfatosenoticias.com.br\/wp-content\/uploads\/2022\/09\/transporte-publico-gratuito.jpg","type":"image\/jpeg"}],"author":"Luzimara Fernandes","twitter_card":"summary_large_image","twitter_misc":{"Escrito por":"Luzimara Fernandes","Est. tempo de leitura":"3 minutos"},"schema":{"@context":"https:\/\/schema.org","@graph":[{"@type":"Article","@id":"https:\/\/jornalfatosenoticias.com.br\/index.php\/2022\/09\/28\/cidades-brasileiras-aderem-ao-transporte-publico-gratuito\/#article","isPartOf":{"@id":"https:\/\/jornalfatosenoticias.com.br\/index.php\/2022\/09\/28\/cidades-brasileiras-aderem-ao-transporte-publico-gratuito\/"},"author":{"name":"Luzimara Fernandes","@id":"https:\/\/jornalfatosenoticias.com.br\/#\/schema\/person\/d63837fa13ac8666eb9e74e0985d6f81"},"headline":"Cidades brasileiras aderem ao transporte p\u00fablico gratuito","datePublished":"2022-09-28T14:34:17+00:00","dateModified":"2022-09-28T14:34:19+00:00","mainEntityOfPage":{"@id":"https:\/\/jornalfatosenoticias.com.br\/index.php\/2022\/09\/28\/cidades-brasileiras-aderem-ao-transporte-publico-gratuito\/"},"wordCount":645,"commentCount":0,"publisher":{"@id":"https:\/\/jornalfatosenoticias.com.br\/#organization"},"image":{"@id":"https:\/\/jornalfatosenoticias.com.br\/index.php\/2022\/09\/28\/cidades-brasileiras-aderem-ao-transporte-publico-gratuito\/#primaryimage"},"thumbnailUrl":"https:\/\/jornalfatosenoticias.com.br\/wp-content\/uploads\/2022\/09\/transporte-publico-gratuito.jpg","keywords":["cidades brasileiras","Dia Mundial sem Carro","mobilidade ativa","passe livre","tarifa zero","transporte p\u00fablico gratuito"],"articleSection":["Mobilidade"],"inLanguage":"pt-BR","potentialAction":[{"@type":"CommentAction","name":"Comment","target":["https:\/\/jornalfatosenoticias.com.br\/index.php\/2022\/09\/28\/cidades-brasileiras-aderem-ao-transporte-publico-gratuito\/#respond"]}]},{"@type":"WebPage","@id":"https:\/\/jornalfatosenoticias.com.br\/index.php\/2022\/09\/28\/cidades-brasileiras-aderem-ao-transporte-publico-gratuito\/","url":"https:\/\/jornalfatosenoticias.com.br\/index.php\/2022\/09\/28\/cidades-brasileiras-aderem-ao-transporte-publico-gratuito\/","name":"Cidades brasileiras aderem ao transporte p\u00fablico gratuito - Jornal Fatos e Not\u00edcias","isPartOf":{"@id":"https:\/\/jornalfatosenoticias.com.br\/#website"},"primaryImageOfPage":{"@id":"https:\/\/jornalfatosenoticias.com.br\/index.php\/2022\/09\/28\/cidades-brasileiras-aderem-ao-transporte-publico-gratuito\/#primaryimage"},"image":{"@id":"https:\/\/jornalfatosenoticias.com.br\/index.php\/2022\/09\/28\/cidades-brasileiras-aderem-ao-transporte-publico-gratuito\/#primaryimage"},"thumbnailUrl":"https:\/\/jornalfatosenoticias.com.br\/wp-content\/uploads\/2022\/09\/transporte-publico-gratuito.jpg","datePublished":"2022-09-28T14:34:17+00:00","dateModified":"2022-09-28T14:34:19+00:00","breadcrumb":{"@id":"https:\/\/jornalfatosenoticias.com.br\/index.php\/2022\/09\/28\/cidades-brasileiras-aderem-ao-transporte-publico-gratuito\/#breadcrumb"},"inLanguage":"pt-BR","potentialAction":[{"@type":"ReadAction","target":["https:\/\/jornalfatosenoticias.com.br\/index.php\/2022\/09\/28\/cidades-brasileiras-aderem-ao-transporte-publico-gratuito\/"]}]},{"@type":"ImageObject","inLanguage":"pt-BR","@id":"https:\/\/jornalfatosenoticias.com.br\/index.php\/2022\/09\/28\/cidades-brasileiras-aderem-ao-transporte-publico-gratuito\/#primaryimage","url":"https:\/\/jornalfatosenoticias.com.br\/wp-content\/uploads\/2022\/09\/transporte-publico-gratuito.jpg","contentUrl":"https:\/\/jornalfatosenoticias.com.br\/wp-content\/uploads\/2022\/09\/transporte-publico-gratuito.jpg","width":1000,"height":571},{"@type":"BreadcrumbList","@id":"https:\/\/jornalfatosenoticias.com.br\/index.php\/2022\/09\/28\/cidades-brasileiras-aderem-ao-transporte-publico-gratuito\/#breadcrumb","itemListElement":[{"@type":"ListItem","position":1,"name":"In\u00edcio","item":"https:\/\/jornalfatosenoticias.com.br\/"},{"@type":"ListItem","position":2,"name":"Cidades brasileiras aderem ao transporte p\u00fablico gratuito"}]},{"@type":"WebSite","@id":"https:\/\/jornalfatosenoticias.com.br\/#website","url":"https:\/\/jornalfatosenoticias.com.br\/","name":"Jornal Fatos e Not\u00edcias","description":"Not\u00edcias em geral","publisher":{"@id":"https:\/\/jornalfatosenoticias.com.br\/#organization"},"potentialAction":[{"@type":"SearchAction","target":{"@type":"EntryPoint","urlTemplate":"https:\/\/jornalfatosenoticias.com.br\/?s={search_term_string}"},"query-input":{"@type":"PropertyValueSpecification","valueRequired":true,"valueName":"search_term_string"}}],"inLanguage":"pt-BR"},{"@type":"Organization","@id":"https:\/\/jornalfatosenoticias.com.br\/#organization","name":"Jornal Fatos e Not\u00edcias","url":"https:\/\/jornalfatosenoticias.com.br\/","logo":{"@type":"ImageObject","inLanguage":"pt-BR","@id":"https:\/\/jornalfatosenoticias.com.br\/#\/schema\/logo\/image\/","url":"https:\/\/jornalfatosenoticias.com.br\/wp-content\/uploads\/2020\/02\/logo120.png","contentUrl":"https:\/\/jornalfatosenoticias.com.br\/wp-content\/uploads\/2020\/02\/logo120.png","width":1227,"height":120,"caption":"Jornal Fatos e Not\u00edcias"},"image":{"@id":"https:\/\/jornalfatosenoticias.com.br\/#\/schema\/logo\/image\/"}},{"@type":"Person","@id":"https:\/\/jornalfatosenoticias.com.br\/#\/schema\/person\/d63837fa13ac8666eb9e74e0985d6f81","name":"Luzimara Fernandes","image":{"@type":"ImageObject","inLanguage":"pt-BR","@id":"https:\/\/jornalfatosenoticias.com.br\/#\/schema\/person\/image\/","url":"https:\/\/jornalfatosenoticias.com.br\/wp-content\/uploads\/2025\/05\/EU_portal.jpg","contentUrl":"https:\/\/jornalfatosenoticias.com.br\/wp-content\/uploads\/2025\/05\/EU_portal.jpg","caption":"Luzimara Fernandes"},"description":"Jornalista MTB 2358-ES","sameAs":["https:\/\/jornalfatosenoticias.com.br"],"url":"https:\/\/jornalfatosenoticias.com.br\/index.php\/author\/luzimara\/"}]}},"cc_featured_image_caption":{"caption_text":"(Foto: D\u00eanio Sim\u00f5es\/Ag\u00eancia Bras\u00edlia)","source_text":"","source_url":""},"jetpack_featured_media_url":"https:\/\/jornalfatosenoticias.com.br\/wp-content\/uploads\/2022\/09\/transporte-publico-gratuito.jpg","_links":{"self":[{"href":"https:\/\/jornalfatosenoticias.com.br\/index.php\/wp-json\/wp\/v2\/posts\/34630","targetHints":{"allow":["GET"]}}],"collection":[{"href":"https:\/\/jornalfatosenoticias.com.br\/index.php\/wp-json\/wp\/v2\/posts"}],"about":[{"href":"https:\/\/jornalfatosenoticias.com.br\/index.php\/wp-json\/wp\/v2\/types\/post"}],"author":[{"embeddable":true,"href":"https:\/\/jornalfatosenoticias.com.br\/index.php\/wp-json\/wp\/v2\/users\/2"}],"replies":[{"embeddable":true,"href":"https:\/\/jornalfatosenoticias.com.br\/index.php\/wp-json\/wp\/v2\/comments?post=34630"}],"version-history":[{"count":0,"href":"https:\/\/jornalfatosenoticias.com.br\/index.php\/wp-json\/wp\/v2\/posts\/34630\/revisions"}],"wp:featuredmedia":[{"embeddable":true,"href":"https:\/\/jornalfatosenoticias.com.br\/index.php\/wp-json\/wp\/v2\/media\/34631"}],"wp:attachment":[{"href":"https:\/\/jornalfatosenoticias.com.br\/index.php\/wp-json\/wp\/v2\/media?parent=34630"}],"wp:term":[{"taxonomy":"category","embeddable":true,"href":"https:\/\/jornalfatosenoticias.com.br\/index.php\/wp-json\/wp\/v2\/categories?post=34630"},{"taxonomy":"post_tag","embeddable":true,"href":"https:\/\/jornalfatosenoticias.com.br\/index.php\/wp-json\/wp\/v2\/tags?post=34630"}],"curies":[{"name":"wp","href":"https:\/\/api.w.org\/{rel}","templated":true}]}}