{"id":34646,"date":"2022-09-28T13:02:56","date_gmt":"2022-09-28T16:02:56","guid":{"rendered":"https:\/\/jornalfatosenoticias.com.br\/?p=34646"},"modified":"2022-09-28T13:02:57","modified_gmt":"2022-09-28T16:02:57","slug":"petrobras-preco-do-querosene-de-aviacao-cai-084-a-partir-de-sabado","status":"publish","type":"post","link":"https:\/\/jornalfatosenoticias.com.br\/index.php\/2022\/09\/28\/petrobras-preco-do-querosene-de-aviacao-cai-084-a-partir-de-sabado\/","title":{"rendered":"Petrobras: pre\u00e7o do querosene de avia\u00e7\u00e3o cai 0,84% a partir de s\u00e1bado"},"content":{"rendered":"\n<p><em><span class=\"has-inline-color has-black-color\">\u00c9 a terceira queda seguida no pre\u00e7o de venda para distribuidoras<\/span><\/em><\/p>\n\n\n\n<div class=\"wp-block-image\"><figure class=\"aligncenter size-large\"><img decoding=\"async\" src=\"https:\/\/jornalfatosenoticias.com.br\/wp-content\/uploads\/2020\/02\/logo-embacia-1-1024x110.jpg\" alt=\"\" class=\"wp-image-33954\"\/><\/figure><\/div>\n\n\n\n<p>Os pre\u00e7os do querosene de avia\u00e7\u00e3o (QAV) ter\u00e3o redu\u00e7\u00e3o de 0,84% nos valores de venda para as distribuidoras a partir do pr\u00f3ximo s\u00e1bado (1\u00ba). A informa\u00e7\u00e3o foi divulgada nesta quarta-feira (28) pela Petrobras.<br>Esta \u00e9 a terceira queda seguida nos pre\u00e7os do combust\u00edvel. Em setembro houve <a href=\"https:\/\/agenciabrasil.ebc.com.br\/economia\/noticia\/2022-08\/petrobras-reduz-em-104-precos-de-venda-de-querosene-de-aviacao\" target=\"_blank\" rel=\"noreferrer noopener\"><strong>queda de 10,4%<\/strong><\/a>\u00a0e no m\u00eas anterior, em agosto, o\u00a0<strong><a href=\"https:\/\/agenciabrasil.ebc.com.br\/economia\/noticia\/2022-07\/petrobras-reduz-preco-de-querosene-e-gasolina-de-aviacao\" target=\"_blank\" rel=\"noreferrer noopener\">recuo foi de 2,6%<\/a>.<\/strong><\/p>\n\n\n\n<div class=\"wp-block-image\"><figure class=\"aligncenter size-large\"><img decoding=\"async\" src=\"https:\/\/jornalfatosenoticias.com.br\/wp-content\/uploads\/2020\/02\/nova-logo-zucchi-1024x110.jpeg\" alt=\"\" class=\"wp-image-33846\"\/><\/figure><\/div>\n\n\n\n<p>Segundo a companhia, a pr\u00e1tica dos \u00faltimos 20 anos indica que os ajustes de pre\u00e7os de QAV s\u00e3o mensais e definidos por meio de f\u00f3rmula contratual negociada com as distribuidoras.<\/p>\n\n\n\n<div class=\"wp-block-image\"><figure class=\"aligncenter size-large is-resized\"><img loading=\"lazy\" decoding=\"async\" src=\"https:\/\/jornalfatosenoticias.com.br\/wp-content\/uploads\/2022\/07\/Logo-Grupo-SEI.jpg\" alt=\"\" class=\"wp-image-31973\" width=\"313\" height=\"164\" srcset=\"https:\/\/jornalfatosenoticias.com.br\/wp-content\/uploads\/2022\/07\/Logo-Grupo-SEI.jpg 713w, https:\/\/jornalfatosenoticias.com.br\/wp-content\/uploads\/2022\/07\/Logo-Grupo-SEI-300x158.jpg 300w\" sizes=\"auto, (max-width: 313px) 100vw, 313px\" \/><\/figure><\/div>\n\n\n\n<figure class=\"wp-block-pullquote\"><blockquote><p><span class=\"has-inline-color has-luminous-vivid-orange-color\">Os pre\u00e7os de venda do QAV da Petrobras para as companhias distribuidoras buscam equil\u00edbrio com o mercado internacional e acompanham as varia\u00e7\u00f5es do valor do produto e da taxa de c\u00e2mbio, para cima e para baixo, com reajustes aplicados em base mensal, mitigando a volatilidade di\u00e1ria das cota\u00e7\u00f5es internacionais e do c\u00e2mbio\u201d.<\/span><\/p><\/blockquote><\/figure>\n\n\n\n<div class=\"wp-block-image\"><figure class=\"aligncenter size-large\"><img loading=\"lazy\" decoding=\"async\" width=\"300\" height=\"300\" src=\"https:\/\/jornalfatosenoticias.com.br\/wp-content\/uploads\/2020\/02\/casa-do-torresmo_portal.jpg\" alt=\"\" class=\"wp-image-34472\" srcset=\"https:\/\/jornalfatosenoticias.com.br\/wp-content\/uploads\/2020\/02\/casa-do-torresmo_portal.jpg 300w, https:\/\/jornalfatosenoticias.com.br\/wp-content\/uploads\/2020\/02\/casa-do-torresmo_portal-150x150.jpg 150w\" sizes=\"auto, (max-width: 300px) 100vw, 300px\" \/><\/figure><\/div>\n\n\n\n<p>A Petrobras comercializa o QAV produzido em suas refinarias ou importado apenas para as distribuidoras. Cabe \u00e0s distribuidoras transportarem e comercializarem o produto para as empresas de transporte a\u00e9reo e outros consumidores finais nos aeroportos, ou para os revendedores.<\/p>\n\n\n\n<div class=\"wp-block-image\"><figure class=\"aligncenter size-large\"><img loading=\"lazy\" decoding=\"async\" width=\"1024\" height=\"100\" src=\"https:\/\/jornalfatosenoticias.com.br\/wp-content\/uploads\/2020\/02\/banner_ferramentas-1024x100.jpg\" alt=\"\" class=\"wp-image-1258\" srcset=\"https:\/\/jornalfatosenoticias.com.br\/wp-content\/uploads\/2020\/02\/banner_ferramentas-1024x100.jpg 1024w, https:\/\/jornalfatosenoticias.com.br\/wp-content\/uploads\/2020\/02\/banner_ferramentas-300x29.jpg 300w, https:\/\/jornalfatosenoticias.com.br\/wp-content\/uploads\/2020\/02\/banner_ferramentas-768x75.jpg 768w, https:\/\/jornalfatosenoticias.com.br\/wp-content\/uploads\/2020\/02\/banner_ferramentas.jpg 1227w\" sizes=\"auto, (max-width: 1024px) 100vw, 1024px\" \/><\/figure><\/div>\n\n\n\n<figure class=\"wp-block-pullquote\"><blockquote><p><span class=\"has-inline-color has-luminous-vivid-orange-color\">Distribuidoras e revendedores s\u00e3o os respons\u00e1veis pelas instala\u00e7\u00f5es nos aeroportos e pelos servi\u00e7os de abastecimento\u201d, completou. \u201cImportante ressaltar que o mercado brasileiro \u00e9 aberto \u00e0 livre concorr\u00eancia e n\u00e3o existem restri\u00e7\u00f5es legais, regulat\u00f3rias ou log\u00edsticas para que outras empresas atuem como produtores ou importadores de QAV\u201d, destacou a estatal.<\/span><\/p><\/blockquote><\/figure>\n\n\n\n<div class=\"wp-block-image\"><figure class=\"aligncenter size-large\"><img loading=\"lazy\" decoding=\"async\" width=\"300\" height=\"250\" src=\"https:\/\/jornalfatosenoticias.com.br\/wp-content\/uploads\/2022\/08\/arte-Casarao.jpg\" alt=\"\" class=\"wp-image-33178\"\/><\/figure><\/div>\n\n\n\n<p>Informa\u00e7\u00f5es adicionais sobre os pre\u00e7os de venda da Petrobras podem ser acessadas no <strong><a href=\"https:\/\/precos.petrobras.com.br\/\" target=\"_blank\" rel=\"noreferrer noopener\">site da companhia<\/a>.<\/strong> \u201cConforme regula\u00e7\u00e3o da ANP, os novos pre\u00e7os de QAV estar\u00e3o dispon\u00edveis nesse site a partir de 1\u00ba de outubro, data de in\u00edcio de vig\u00eancia\u201d, concluiu.<\/p>\n\n\n\n<div class=\"wp-block-image\"><figure class=\"aligncenter size-large\"><img loading=\"lazy\" decoding=\"async\" width=\"1024\" height=\"100\" src=\"https:\/\/jornalfatosenoticias.com.br\/wp-content\/uploads\/2022\/05\/NOVA-LOGO-CESCONETTO-1024x100.jpg\" alt=\"\" class=\"wp-image-30792\" srcset=\"https:\/\/jornalfatosenoticias.com.br\/wp-content\/uploads\/2022\/05\/NOVA-LOGO-CESCONETTO-1024x100.jpg 1024w, https:\/\/jornalfatosenoticias.com.br\/wp-content\/uploads\/2022\/05\/NOVA-LOGO-CESCONETTO-300x29.jpg 300w, https:\/\/jornalfatosenoticias.com.br\/wp-content\/uploads\/2022\/05\/NOVA-LOGO-CESCONETTO-768x75.jpg 768w, https:\/\/jornalfatosenoticias.com.br\/wp-content\/uploads\/2022\/05\/NOVA-LOGO-CESCONETTO.jpg 1280w\" sizes=\"auto, (max-width: 1024px) 100vw, 1024px\" \/><\/figure><\/div>\n\n\n\n<p><strong><em>Fonte: <a href=\"https:\/\/agenciabrasil.ebc.com.br\/economia\/noticia\/2022-09\/petrobras-preco-do-querosene-de-aviacao-cai-084-partir-de-sabado\">Ag\u00eancia Brasil<\/a><\/em><\/strong><\/p>\n","protected":false},"excerpt":{"rendered":"<p>\u00c9 a terceira queda seguida no pre\u00e7o de venda para distribuidoras Os pre\u00e7os do querosene de avia\u00e7\u00e3o (QAV) ter\u00e3o redu\u00e7\u00e3o de 0,84% nos valores de venda para as distribuidoras a partir do pr\u00f3ximo s\u00e1bado (1\u00ba). A informa\u00e7\u00e3o foi divulgada nesta quarta-feira (28) pela Petrobras.Esta \u00e9 a terceira queda seguida nos pre\u00e7os do combust\u00edvel. Em setembro [&hellip;]<\/p>\n","protected":false},"author":2,"featured_media":34647,"comment_status":"open","ping_status":"open","sticky":false,"template":"","format":"standard","meta":{"footnotes":""},"categories":[9],"tags":[16252,308,15029,16253,15790],"class_list":["post-34646","post","type-post","status-publish","format-standard","has-post-thumbnail","hentry","category-economia","tag-combustiveis","tag-petrobras","tag-preco","tag-qav","tag-querosene-de-aviacao"],"yoast_head":"<!-- This site is optimized with the Yoast SEO plugin v26.5 - https:\/\/yoast.com\/wordpress\/plugins\/seo\/ -->\n<title>Petrobras: pre\u00e7o do querosene de avia\u00e7\u00e3o cai 0,84% a partir de s\u00e1bado - Jornal Fatos e Not\u00edcias<\/title>\n<meta name=\"robots\" content=\"index, follow, max-snippet:-1, max-image-preview:large, max-video-preview:-1\" \/>\n<link rel=\"canonical\" href=\"https:\/\/jornalfatosenoticias.com.br\/index.php\/2022\/09\/28\/petrobras-preco-do-querosene-de-aviacao-cai-084-a-partir-de-sabado\/\" \/>\n<meta property=\"og:locale\" content=\"pt_BR\" \/>\n<meta property=\"og:type\" content=\"article\" \/>\n<meta property=\"og:title\" content=\"Petrobras: pre\u00e7o do querosene de avia\u00e7\u00e3o cai 0,84% a partir de s\u00e1bado - Jornal Fatos e Not\u00edcias\" \/>\n<meta property=\"og:description\" content=\"\u00c9 a terceira queda seguida no pre\u00e7o de venda para distribuidoras Os pre\u00e7os do querosene de avia\u00e7\u00e3o (QAV) ter\u00e3o redu\u00e7\u00e3o de 0,84% nos valores de venda para as distribuidoras a partir do pr\u00f3ximo s\u00e1bado (1\u00ba). A informa\u00e7\u00e3o foi divulgada nesta quarta-feira (28) pela Petrobras.Esta \u00e9 a terceira queda seguida nos pre\u00e7os do combust\u00edvel. Em setembro [&hellip;]\" \/>\n<meta property=\"og:url\" content=\"https:\/\/jornalfatosenoticias.com.br\/index.php\/2022\/09\/28\/petrobras-preco-do-querosene-de-aviacao-cai-084-a-partir-de-sabado\/\" \/>\n<meta property=\"og:site_name\" content=\"Jornal Fatos e Not\u00edcias\" \/>\n<meta property=\"article:published_time\" content=\"2022-09-28T16:02:56+00:00\" \/>\n<meta property=\"article:modified_time\" content=\"2022-09-28T16:02:57+00:00\" \/>\n<meta property=\"og:image\" content=\"https:\/\/jornalfatosenoticias.com.br\/wp-content\/uploads\/2022\/09\/avioes-aeroporto_mcamgo_abr.jpg\" \/>\n\t<meta property=\"og:image:width\" content=\"1000\" \/>\n\t<meta property=\"og:image:height\" content=\"517\" \/>\n\t<meta property=\"og:image:type\" content=\"image\/jpeg\" \/>\n<meta name=\"author\" content=\"Luzimara Fernandes\" \/>\n<meta name=\"twitter:card\" content=\"summary_large_image\" \/>\n<meta name=\"twitter:label1\" content=\"Escrito por\" \/>\n\t<meta name=\"twitter:data1\" content=\"Luzimara Fernandes\" \/>\n\t<meta name=\"twitter:label2\" content=\"Est. tempo de leitura\" \/>\n\t<meta name=\"twitter:data2\" content=\"2 minutos\" \/>\n<script type=\"application\/ld+json\" class=\"yoast-schema-graph\">{\"@context\":\"https:\/\/schema.org\",\"@graph\":[{\"@type\":\"Article\",\"@id\":\"https:\/\/jornalfatosenoticias.com.br\/index.php\/2022\/09\/28\/petrobras-preco-do-querosene-de-aviacao-cai-084-a-partir-de-sabado\/#article\",\"isPartOf\":{\"@id\":\"https:\/\/jornalfatosenoticias.com.br\/index.php\/2022\/09\/28\/petrobras-preco-do-querosene-de-aviacao-cai-084-a-partir-de-sabado\/\"},\"author\":{\"name\":\"Luzimara Fernandes\",\"@id\":\"https:\/\/jornalfatosenoticias.com.br\/#\/schema\/person\/d63837fa13ac8666eb9e74e0985d6f81\"},\"headline\":\"Petrobras: pre\u00e7o do querosene de avia\u00e7\u00e3o cai 0,84% a partir de s\u00e1bado\",\"datePublished\":\"2022-09-28T16:02:56+00:00\",\"dateModified\":\"2022-09-28T16:02:57+00:00\",\"mainEntityOfPage\":{\"@id\":\"https:\/\/jornalfatosenoticias.com.br\/index.php\/2022\/09\/28\/petrobras-preco-do-querosene-de-aviacao-cai-084-a-partir-de-sabado\/\"},\"wordCount\":329,\"commentCount\":0,\"publisher\":{\"@id\":\"https:\/\/jornalfatosenoticias.com.br\/#organization\"},\"image\":{\"@id\":\"https:\/\/jornalfatosenoticias.com.br\/index.php\/2022\/09\/28\/petrobras-preco-do-querosene-de-aviacao-cai-084-a-partir-de-sabado\/#primaryimage\"},\"thumbnailUrl\":\"https:\/\/jornalfatosenoticias.com.br\/wp-content\/uploads\/2022\/09\/avioes-aeroporto_mcamgo_abr.jpg\",\"keywords\":[\"Combust\u00edveis\",\"Petrobras\",\"pre\u00e7o\",\"QAV\",\"querosene de avia\u00e7\u00e3o\"],\"articleSection\":[\"Economia\"],\"inLanguage\":\"pt-BR\",\"potentialAction\":[{\"@type\":\"CommentAction\",\"name\":\"Comment\",\"target\":[\"https:\/\/jornalfatosenoticias.com.br\/index.php\/2022\/09\/28\/petrobras-preco-do-querosene-de-aviacao-cai-084-a-partir-de-sabado\/#respond\"]}]},{\"@type\":\"WebPage\",\"@id\":\"https:\/\/jornalfatosenoticias.com.br\/index.php\/2022\/09\/28\/petrobras-preco-do-querosene-de-aviacao-cai-084-a-partir-de-sabado\/\",\"url\":\"https:\/\/jornalfatosenoticias.com.br\/index.php\/2022\/09\/28\/petrobras-preco-do-querosene-de-aviacao-cai-084-a-partir-de-sabado\/\",\"name\":\"Petrobras: pre\u00e7o do querosene de avia\u00e7\u00e3o cai 0,84% a partir de s\u00e1bado - Jornal Fatos e Not\u00edcias\",\"isPartOf\":{\"@id\":\"https:\/\/jornalfatosenoticias.com.br\/#website\"},\"primaryImageOfPage\":{\"@id\":\"https:\/\/jornalfatosenoticias.com.br\/index.php\/2022\/09\/28\/petrobras-preco-do-querosene-de-aviacao-cai-084-a-partir-de-sabado\/#primaryimage\"},\"image\":{\"@id\":\"https:\/\/jornalfatosenoticias.com.br\/index.php\/2022\/09\/28\/petrobras-preco-do-querosene-de-aviacao-cai-084-a-partir-de-sabado\/#primaryimage\"},\"thumbnailUrl\":\"https:\/\/jornalfatosenoticias.com.br\/wp-content\/uploads\/2022\/09\/avioes-aeroporto_mcamgo_abr.jpg\",\"datePublished\":\"2022-09-28T16:02:56+00:00\",\"dateModified\":\"2022-09-28T16:02:57+00:00\",\"breadcrumb\":{\"@id\":\"https:\/\/jornalfatosenoticias.com.br\/index.php\/2022\/09\/28\/petrobras-preco-do-querosene-de-aviacao-cai-084-a-partir-de-sabado\/#breadcrumb\"},\"inLanguage\":\"pt-BR\",\"potentialAction\":[{\"@type\":\"ReadAction\",\"target\":[\"https:\/\/jornalfatosenoticias.com.br\/index.php\/2022\/09\/28\/petrobras-preco-do-querosene-de-aviacao-cai-084-a-partir-de-sabado\/\"]}]},{\"@type\":\"ImageObject\",\"inLanguage\":\"pt-BR\",\"@id\":\"https:\/\/jornalfatosenoticias.com.br\/index.php\/2022\/09\/28\/petrobras-preco-do-querosene-de-aviacao-cai-084-a-partir-de-sabado\/#primaryimage\",\"url\":\"https:\/\/jornalfatosenoticias.com.br\/wp-content\/uploads\/2022\/09\/avioes-aeroporto_mcamgo_abr.jpg\",\"contentUrl\":\"https:\/\/jornalfatosenoticias.com.br\/wp-content\/uploads\/2022\/09\/avioes-aeroporto_mcamgo_abr.jpg\",\"width\":1000,\"height\":517,\"caption\":\"Movimenta\u00e7\u00e3o de avi\u00f5es comerciais no aeroporto de Bras\u00edlia.\"},{\"@type\":\"BreadcrumbList\",\"@id\":\"https:\/\/jornalfatosenoticias.com.br\/index.php\/2022\/09\/28\/petrobras-preco-do-querosene-de-aviacao-cai-084-a-partir-de-sabado\/#breadcrumb\",\"itemListElement\":[{\"@type\":\"ListItem\",\"position\":1,\"name\":\"In\u00edcio\",\"item\":\"https:\/\/jornalfatosenoticias.com.br\/\"},{\"@type\":\"ListItem\",\"position\":2,\"name\":\"Petrobras: pre\u00e7o do querosene de avia\u00e7\u00e3o cai 0,84% a partir de s\u00e1bado\"}]},{\"@type\":\"WebSite\",\"@id\":\"https:\/\/jornalfatosenoticias.com.br\/#website\",\"url\":\"https:\/\/jornalfatosenoticias.com.br\/\",\"name\":\"Jornal Fatos e Not\u00edcias\",\"description\":\"Not\u00edcias em geral\",\"publisher\":{\"@id\":\"https:\/\/jornalfatosenoticias.com.br\/#organization\"},\"potentialAction\":[{\"@type\":\"SearchAction\",\"target\":{\"@type\":\"EntryPoint\",\"urlTemplate\":\"https:\/\/jornalfatosenoticias.com.br\/?s={search_term_string}\"},\"query-input\":{\"@type\":\"PropertyValueSpecification\",\"valueRequired\":true,\"valueName\":\"search_term_string\"}}],\"inLanguage\":\"pt-BR\"},{\"@type\":\"Organization\",\"@id\":\"https:\/\/jornalfatosenoticias.com.br\/#organization\",\"name\":\"Jornal Fatos e Not\u00edcias\",\"url\":\"https:\/\/jornalfatosenoticias.com.br\/\",\"logo\":{\"@type\":\"ImageObject\",\"inLanguage\":\"pt-BR\",\"@id\":\"https:\/\/jornalfatosenoticias.com.br\/#\/schema\/logo\/image\/\",\"url\":\"https:\/\/jornalfatosenoticias.com.br\/wp-content\/uploads\/2020\/02\/logo120.png\",\"contentUrl\":\"https:\/\/jornalfatosenoticias.com.br\/wp-content\/uploads\/2020\/02\/logo120.png\",\"width\":1227,\"height\":120,\"caption\":\"Jornal Fatos e Not\u00edcias\"},\"image\":{\"@id\":\"https:\/\/jornalfatosenoticias.com.br\/#\/schema\/logo\/image\/\"}},{\"@type\":\"Person\",\"@id\":\"https:\/\/jornalfatosenoticias.com.br\/#\/schema\/person\/d63837fa13ac8666eb9e74e0985d6f81\",\"name\":\"Luzimara Fernandes\",\"image\":{\"@type\":\"ImageObject\",\"inLanguage\":\"pt-BR\",\"@id\":\"https:\/\/jornalfatosenoticias.com.br\/#\/schema\/person\/image\/\",\"url\":\"https:\/\/jornalfatosenoticias.com.br\/wp-content\/uploads\/2025\/05\/EU_portal.jpg\",\"contentUrl\":\"https:\/\/jornalfatosenoticias.com.br\/wp-content\/uploads\/2025\/05\/EU_portal.jpg\",\"caption\":\"Luzimara Fernandes\"},\"description\":\"Jornalista MTB 2358-ES\",\"sameAs\":[\"https:\/\/jornalfatosenoticias.com.br\"],\"url\":\"https:\/\/jornalfatosenoticias.com.br\/index.php\/author\/luzimara\/\"}]}<\/script>\n<!-- \/ Yoast SEO plugin. -->","yoast_head_json":{"title":"Petrobras: pre\u00e7o do querosene de avia\u00e7\u00e3o cai 0,84% a partir de s\u00e1bado - Jornal Fatos e Not\u00edcias","robots":{"index":"index","follow":"follow","max-snippet":"max-snippet:-1","max-image-preview":"max-image-preview:large","max-video-preview":"max-video-preview:-1"},"canonical":"https:\/\/jornalfatosenoticias.com.br\/index.php\/2022\/09\/28\/petrobras-preco-do-querosene-de-aviacao-cai-084-a-partir-de-sabado\/","og_locale":"pt_BR","og_type":"article","og_title":"Petrobras: pre\u00e7o do querosene de avia\u00e7\u00e3o cai 0,84% a partir de s\u00e1bado - Jornal Fatos e Not\u00edcias","og_description":"\u00c9 a terceira queda seguida no pre\u00e7o de venda para distribuidoras Os pre\u00e7os do querosene de avia\u00e7\u00e3o (QAV) ter\u00e3o redu\u00e7\u00e3o de 0,84% nos valores de venda para as distribuidoras a partir do pr\u00f3ximo s\u00e1bado (1\u00ba). A informa\u00e7\u00e3o foi divulgada nesta quarta-feira (28) pela Petrobras.Esta \u00e9 a terceira queda seguida nos pre\u00e7os do combust\u00edvel. Em setembro [&hellip;]","og_url":"https:\/\/jornalfatosenoticias.com.br\/index.php\/2022\/09\/28\/petrobras-preco-do-querosene-de-aviacao-cai-084-a-partir-de-sabado\/","og_site_name":"Jornal Fatos e Not\u00edcias","article_published_time":"2022-09-28T16:02:56+00:00","article_modified_time":"2022-09-28T16:02:57+00:00","og_image":[{"width":1000,"height":517,"url":"https:\/\/jornalfatosenoticias.com.br\/wp-content\/uploads\/2022\/09\/avioes-aeroporto_mcamgo_abr.jpg","type":"image\/jpeg"}],"author":"Luzimara Fernandes","twitter_card":"summary_large_image","twitter_misc":{"Escrito por":"Luzimara Fernandes","Est. tempo de leitura":"2 minutos"},"schema":{"@context":"https:\/\/schema.org","@graph":[{"@type":"Article","@id":"https:\/\/jornalfatosenoticias.com.br\/index.php\/2022\/09\/28\/petrobras-preco-do-querosene-de-aviacao-cai-084-a-partir-de-sabado\/#article","isPartOf":{"@id":"https:\/\/jornalfatosenoticias.com.br\/index.php\/2022\/09\/28\/petrobras-preco-do-querosene-de-aviacao-cai-084-a-partir-de-sabado\/"},"author":{"name":"Luzimara Fernandes","@id":"https:\/\/jornalfatosenoticias.com.br\/#\/schema\/person\/d63837fa13ac8666eb9e74e0985d6f81"},"headline":"Petrobras: pre\u00e7o do querosene de avia\u00e7\u00e3o cai 0,84% a partir de s\u00e1bado","datePublished":"2022-09-28T16:02:56+00:00","dateModified":"2022-09-28T16:02:57+00:00","mainEntityOfPage":{"@id":"https:\/\/jornalfatosenoticias.com.br\/index.php\/2022\/09\/28\/petrobras-preco-do-querosene-de-aviacao-cai-084-a-partir-de-sabado\/"},"wordCount":329,"commentCount":0,"publisher":{"@id":"https:\/\/jornalfatosenoticias.com.br\/#organization"},"image":{"@id":"https:\/\/jornalfatosenoticias.com.br\/index.php\/2022\/09\/28\/petrobras-preco-do-querosene-de-aviacao-cai-084-a-partir-de-sabado\/#primaryimage"},"thumbnailUrl":"https:\/\/jornalfatosenoticias.com.br\/wp-content\/uploads\/2022\/09\/avioes-aeroporto_mcamgo_abr.jpg","keywords":["Combust\u00edveis","Petrobras","pre\u00e7o","QAV","querosene de avia\u00e7\u00e3o"],"articleSection":["Economia"],"inLanguage":"pt-BR","potentialAction":[{"@type":"CommentAction","name":"Comment","target":["https:\/\/jornalfatosenoticias.com.br\/index.php\/2022\/09\/28\/petrobras-preco-do-querosene-de-aviacao-cai-084-a-partir-de-sabado\/#respond"]}]},{"@type":"WebPage","@id":"https:\/\/jornalfatosenoticias.com.br\/index.php\/2022\/09\/28\/petrobras-preco-do-querosene-de-aviacao-cai-084-a-partir-de-sabado\/","url":"https:\/\/jornalfatosenoticias.com.br\/index.php\/2022\/09\/28\/petrobras-preco-do-querosene-de-aviacao-cai-084-a-partir-de-sabado\/","name":"Petrobras: pre\u00e7o do querosene de avia\u00e7\u00e3o cai 0,84% a partir de s\u00e1bado - Jornal Fatos e Not\u00edcias","isPartOf":{"@id":"https:\/\/jornalfatosenoticias.com.br\/#website"},"primaryImageOfPage":{"@id":"https:\/\/jornalfatosenoticias.com.br\/index.php\/2022\/09\/28\/petrobras-preco-do-querosene-de-aviacao-cai-084-a-partir-de-sabado\/#primaryimage"},"image":{"@id":"https:\/\/jornalfatosenoticias.com.br\/index.php\/2022\/09\/28\/petrobras-preco-do-querosene-de-aviacao-cai-084-a-partir-de-sabado\/#primaryimage"},"thumbnailUrl":"https:\/\/jornalfatosenoticias.com.br\/wp-content\/uploads\/2022\/09\/avioes-aeroporto_mcamgo_abr.jpg","datePublished":"2022-09-28T16:02:56+00:00","dateModified":"2022-09-28T16:02:57+00:00","breadcrumb":{"@id":"https:\/\/jornalfatosenoticias.com.br\/index.php\/2022\/09\/28\/petrobras-preco-do-querosene-de-aviacao-cai-084-a-partir-de-sabado\/#breadcrumb"},"inLanguage":"pt-BR","potentialAction":[{"@type":"ReadAction","target":["https:\/\/jornalfatosenoticias.com.br\/index.php\/2022\/09\/28\/petrobras-preco-do-querosene-de-aviacao-cai-084-a-partir-de-sabado\/"]}]},{"@type":"ImageObject","inLanguage":"pt-BR","@id":"https:\/\/jornalfatosenoticias.com.br\/index.php\/2022\/09\/28\/petrobras-preco-do-querosene-de-aviacao-cai-084-a-partir-de-sabado\/#primaryimage","url":"https:\/\/jornalfatosenoticias.com.br\/wp-content\/uploads\/2022\/09\/avioes-aeroporto_mcamgo_abr.jpg","contentUrl":"https:\/\/jornalfatosenoticias.com.br\/wp-content\/uploads\/2022\/09\/avioes-aeroporto_mcamgo_abr.jpg","width":1000,"height":517,"caption":"Movimenta\u00e7\u00e3o de avi\u00f5es comerciais no aeroporto de Bras\u00edlia."},{"@type":"BreadcrumbList","@id":"https:\/\/jornalfatosenoticias.com.br\/index.php\/2022\/09\/28\/petrobras-preco-do-querosene-de-aviacao-cai-084-a-partir-de-sabado\/#breadcrumb","itemListElement":[{"@type":"ListItem","position":1,"name":"In\u00edcio","item":"https:\/\/jornalfatosenoticias.com.br\/"},{"@type":"ListItem","position":2,"name":"Petrobras: pre\u00e7o do querosene de avia\u00e7\u00e3o cai 0,84% a partir de s\u00e1bado"}]},{"@type":"WebSite","@id":"https:\/\/jornalfatosenoticias.com.br\/#website","url":"https:\/\/jornalfatosenoticias.com.br\/","name":"Jornal Fatos e Not\u00edcias","description":"Not\u00edcias em geral","publisher":{"@id":"https:\/\/jornalfatosenoticias.com.br\/#organization"},"potentialAction":[{"@type":"SearchAction","target":{"@type":"EntryPoint","urlTemplate":"https:\/\/jornalfatosenoticias.com.br\/?s={search_term_string}"},"query-input":{"@type":"PropertyValueSpecification","valueRequired":true,"valueName":"search_term_string"}}],"inLanguage":"pt-BR"},{"@type":"Organization","@id":"https:\/\/jornalfatosenoticias.com.br\/#organization","name":"Jornal Fatos e Not\u00edcias","url":"https:\/\/jornalfatosenoticias.com.br\/","logo":{"@type":"ImageObject","inLanguage":"pt-BR","@id":"https:\/\/jornalfatosenoticias.com.br\/#\/schema\/logo\/image\/","url":"https:\/\/jornalfatosenoticias.com.br\/wp-content\/uploads\/2020\/02\/logo120.png","contentUrl":"https:\/\/jornalfatosenoticias.com.br\/wp-content\/uploads\/2020\/02\/logo120.png","width":1227,"height":120,"caption":"Jornal Fatos e Not\u00edcias"},"image":{"@id":"https:\/\/jornalfatosenoticias.com.br\/#\/schema\/logo\/image\/"}},{"@type":"Person","@id":"https:\/\/jornalfatosenoticias.com.br\/#\/schema\/person\/d63837fa13ac8666eb9e74e0985d6f81","name":"Luzimara Fernandes","image":{"@type":"ImageObject","inLanguage":"pt-BR","@id":"https:\/\/jornalfatosenoticias.com.br\/#\/schema\/person\/image\/","url":"https:\/\/jornalfatosenoticias.com.br\/wp-content\/uploads\/2025\/05\/EU_portal.jpg","contentUrl":"https:\/\/jornalfatosenoticias.com.br\/wp-content\/uploads\/2025\/05\/EU_portal.jpg","caption":"Luzimara Fernandes"},"description":"Jornalista MTB 2358-ES","sameAs":["https:\/\/jornalfatosenoticias.com.br"],"url":"https:\/\/jornalfatosenoticias.com.br\/index.php\/author\/luzimara\/"}]}},"cc_featured_image_caption":{"caption_text":"(Foto: Marcelo Camargo\/Ag\u00eancia Brasil)","source_text":"","source_url":""},"jetpack_featured_media_url":"https:\/\/jornalfatosenoticias.com.br\/wp-content\/uploads\/2022\/09\/avioes-aeroporto_mcamgo_abr.jpg","_links":{"self":[{"href":"https:\/\/jornalfatosenoticias.com.br\/index.php\/wp-json\/wp\/v2\/posts\/34646","targetHints":{"allow":["GET"]}}],"collection":[{"href":"https:\/\/jornalfatosenoticias.com.br\/index.php\/wp-json\/wp\/v2\/posts"}],"about":[{"href":"https:\/\/jornalfatosenoticias.com.br\/index.php\/wp-json\/wp\/v2\/types\/post"}],"author":[{"embeddable":true,"href":"https:\/\/jornalfatosenoticias.com.br\/index.php\/wp-json\/wp\/v2\/users\/2"}],"replies":[{"embeddable":true,"href":"https:\/\/jornalfatosenoticias.com.br\/index.php\/wp-json\/wp\/v2\/comments?post=34646"}],"version-history":[{"count":0,"href":"https:\/\/jornalfatosenoticias.com.br\/index.php\/wp-json\/wp\/v2\/posts\/34646\/revisions"}],"wp:featuredmedia":[{"embeddable":true,"href":"https:\/\/jornalfatosenoticias.com.br\/index.php\/wp-json\/wp\/v2\/media\/34647"}],"wp:attachment":[{"href":"https:\/\/jornalfatosenoticias.com.br\/index.php\/wp-json\/wp\/v2\/media?parent=34646"}],"wp:term":[{"taxonomy":"category","embeddable":true,"href":"https:\/\/jornalfatosenoticias.com.br\/index.php\/wp-json\/wp\/v2\/categories?post=34646"},{"taxonomy":"post_tag","embeddable":true,"href":"https:\/\/jornalfatosenoticias.com.br\/index.php\/wp-json\/wp\/v2\/tags?post=34646"}],"curies":[{"name":"wp","href":"https:\/\/api.w.org\/{rel}","templated":true}]}}