{"id":34663,"date":"2022-09-29T13:45:03","date_gmt":"2022-09-29T16:45:03","guid":{"rendered":"https:\/\/jornalfatosenoticias.com.br\/?p=34663"},"modified":"2022-09-29T13:45:04","modified_gmt":"2022-09-29T16:45:04","slug":"a-ascensao-nacional-e-o-declinio-capixaba","status":"publish","type":"post","link":"https:\/\/jornalfatosenoticias.com.br\/index.php\/2022\/09\/29\/a-ascensao-nacional-e-o-declinio-capixaba\/","title":{"rendered":"A ascens\u00e3o nacional e o decl\u00ednio capixaba"},"content":{"rendered":"\n<p><em><span class=\"has-inline-color has-black-color\">Na contram\u00e3o do desenvolvimento econ\u00f4mico do Pa\u00eds, o Esp\u00edrito Santo registrou o maior aumento de pre\u00e7os do Brasil em agosto<\/span><\/em><\/p>\n\n\n\n<div class=\"wp-block-image\"><figure class=\"aligncenter size-large\"><img decoding=\"async\" src=\"https:\/\/jornalfatosenoticias.com.br\/wp-content\/uploads\/2020\/02\/nova-logo-zucchi-1024x110.jpeg\" alt=\"\" class=\"wp-image-33846\"\/><\/figure><\/div>\n\n\n\n<p>Estamos em pleno crescimento e servindo de exemplo para o mundo no quesito \u201cGest\u00e3o P\u00fablica\u201d, \u00e9 isso mesmo, gest\u00e3o p\u00fablica, e os n\u00fameros est\u00e3o a\u00ed para desmentir qualquer narrativa da esquerda. O presidente Jair Bolsonaro e sua equipe v\u00eam fazendo o dever de casa com responsabilidade, coisa que n\u00e3o ocorreu em tempos passados.<\/p>\n\n\n\n<div class=\"wp-block-image\"><figure class=\"aligncenter size-large\"><img loading=\"lazy\" decoding=\"async\" width=\"1024\" height=\"103\" src=\"https:\/\/jornalfatosenoticias.com.br\/wp-content\/uploads\/2022\/02\/Arte-Autoescola-Galatas_endereco_portal-1024x103.png\" alt=\"\" class=\"wp-image-27869\" srcset=\"https:\/\/jornalfatosenoticias.com.br\/wp-content\/uploads\/2022\/02\/Arte-Autoescola-Galatas_endereco_portal-1024x103.png 1024w, https:\/\/jornalfatosenoticias.com.br\/wp-content\/uploads\/2022\/02\/Arte-Autoescola-Galatas_endereco_portal-300x30.png 300w, https:\/\/jornalfatosenoticias.com.br\/wp-content\/uploads\/2022\/02\/Arte-Autoescola-Galatas_endereco_portal-768x77.png 768w, https:\/\/jornalfatosenoticias.com.br\/wp-content\/uploads\/2022\/02\/Arte-Autoescola-Galatas_endereco_portal.png 1223w\" sizes=\"auto, (max-width: 1024px) 100vw, 1024px\" \/><\/figure><\/div>\n\n\n\n<p>Com seriedade t\u00e9cnica, durante os \u00faltimos quatro anos, mantiveram o equil\u00edbrio das contas p\u00fablicas e o combate \u00e0 corrup\u00e7\u00e3o e, como resultado, obviamente sobra dinheiro para projetos importantes em \u00e1reas sociais e infraestruturantes, essenciais para o crescimento e bem-estar do cidad\u00e3o brasileiro. Milhares de obras paradas, legado de governos antecessores, est\u00e3o sendo conclu\u00eddas em tempo recorde como a Transposi\u00e7\u00e3o do Rio S\u00e3o Francisco, que era para ter sido entregue em 2012 mas, s\u00f3 agora est\u00e1 sendo consumada na sua totalidade.<\/p>\n\n\n\n<div class=\"wp-block-image\"><figure class=\"alignright size-large is-resized\"><img loading=\"lazy\" decoding=\"async\" src=\"https:\/\/jornalfatosenoticias.com.br\/wp-content\/uploads\/2022\/07\/Logo-Grupo-SEI.jpg\" alt=\"\" class=\"wp-image-31973\" width=\"376\" height=\"198\" srcset=\"https:\/\/jornalfatosenoticias.com.br\/wp-content\/uploads\/2022\/07\/Logo-Grupo-SEI.jpg 713w, https:\/\/jornalfatosenoticias.com.br\/wp-content\/uploads\/2022\/07\/Logo-Grupo-SEI-300x158.jpg 300w\" sizes=\"auto, (max-width: 376px) 100vw, 376px\" \/><\/figure><\/div>\n\n\n\n<p>Antes, o dinheiro p\u00fablico era jogado pelo \u201cralo\u201d, ou melhor, nos \u201cbolsos\u201d de diretores das estatais, que s\u00f3 davam preju\u00edzo aos cofres p\u00fablicos e lesava a popula\u00e7\u00e3o. Hoje, sinalizam recupera\u00e7\u00e3o e lucro, mostrando o quanto pol\u00edticos corruptos, entre eles claro, o mentor do maior esquema de corrup\u00e7\u00e3o do Pa\u00eds, Lula da Silva, roubaram a p\u00e1tria.<\/p>\n\n\n\n<div class=\"wp-block-image\"><figure class=\"aligncenter size-large is-resized\"><img loading=\"lazy\" decoding=\"async\" src=\"https:\/\/jornalfatosenoticias.com.br\/wp-content\/uploads\/2020\/02\/Serra-Grande-1024x160.png\" alt=\"\" class=\"wp-image-7836\" width=\"548\" height=\"85\"\/><\/figure><\/div>\n\n\n\n<p>Como ponta do iceberg, lembro os mais R$ 80 bilh\u00f5es gastos somente na Copa do Mundo e nas Olimp\u00edadas, pelos governos petistas. Com uma administra\u00e7\u00e3o altamente competente e ministros alinhados \u00e0s propostas de crescimento real, o governo acatou a indica\u00e7\u00e3o de Teresa Cristina e fortaleceu pol\u00edticas defendida pela Frente do Agroneg\u00f3cio que, por sinal, vai muito bem obrigado!<\/p>\n\n\n\n<div class=\"wp-block-image\"><figure class=\"alignleft size-large\"><img loading=\"lazy\" decoding=\"async\" width=\"300\" height=\"300\" src=\"https:\/\/jornalfatosenoticias.com.br\/wp-content\/uploads\/2020\/02\/casa-do-torresmo_portal.jpg\" alt=\"\" class=\"wp-image-34472\" srcset=\"https:\/\/jornalfatosenoticias.com.br\/wp-content\/uploads\/2020\/02\/casa-do-torresmo_portal.jpg 300w, https:\/\/jornalfatosenoticias.com.br\/wp-content\/uploads\/2020\/02\/casa-do-torresmo_portal-150x150.jpg 150w\" sizes=\"auto, (max-width: 300px) 100vw, 300px\" \/><\/figure><\/div>\n\n\n\n<p>Com uma pol\u00edtica de diminui\u00e7\u00e3o da m\u00e1quina p\u00fablica, o governo criou leis estabelecendo que todo cargo em estatais deveria ser preenchido por t\u00e9cnicos e n\u00e3o por indica\u00e7\u00e3o pol\u00edtico-partid\u00e1ria, como funcionava antes do atual governo.<br>O Brasil avan\u00e7ou para entrar na Organiza\u00e7\u00e3o para Coopera\u00e7\u00e3o e Desenvolvimento Econ\u00f4mico (OCDE). Oficializou o pedido de ades\u00e3o \u00e0 OCDE em maio de 2017, onde deveria cumprir 34 (13%) dos instrumentos legais e cumpre 112 (44%). Em tr\u00eas anos avan\u00e7amos mais que a Argentina nos \u00faltimos sete anos. Em janeiro deste ano, recebemos a carta-convite para ingressar na organiza\u00e7\u00e3o com unanimidade entre os membros, nos posicionando mais pr\u00f3xima dos pa\u00edses ricos.<\/p>\n\n\n\n<div class=\"wp-block-image\"><figure class=\"aligncenter size-large\"><img loading=\"lazy\" decoding=\"async\" width=\"1024\" height=\"100\" src=\"https:\/\/jornalfatosenoticias.com.br\/wp-content\/uploads\/2020\/02\/banner_ferramentas-1024x100.jpg\" alt=\"\" class=\"wp-image-1258\" srcset=\"https:\/\/jornalfatosenoticias.com.br\/wp-content\/uploads\/2020\/02\/banner_ferramentas-1024x100.jpg 1024w, https:\/\/jornalfatosenoticias.com.br\/wp-content\/uploads\/2020\/02\/banner_ferramentas-300x29.jpg 300w, https:\/\/jornalfatosenoticias.com.br\/wp-content\/uploads\/2020\/02\/banner_ferramentas-768x75.jpg 768w, https:\/\/jornalfatosenoticias.com.br\/wp-content\/uploads\/2020\/02\/banner_ferramentas.jpg 1227w\" sizes=\"auto, (max-width: 1024px) 100vw, 1024px\" \/><\/figure><\/div>\n\n\n\n<figure class=\"wp-block-image size-large\"><img loading=\"lazy\" decoding=\"async\" width=\"1000\" height=\"537\" src=\"https:\/\/jornalfatosenoticias.com.br\/wp-content\/uploads\/2022\/09\/Gues-e-Bolsonaro.jpg\" alt=\"\" class=\"wp-image-34664\" srcset=\"https:\/\/jornalfatosenoticias.com.br\/wp-content\/uploads\/2022\/09\/Gues-e-Bolsonaro.jpg 1000w, https:\/\/jornalfatosenoticias.com.br\/wp-content\/uploads\/2022\/09\/Gues-e-Bolsonaro-300x161.jpg 300w, https:\/\/jornalfatosenoticias.com.br\/wp-content\/uploads\/2022\/09\/Gues-e-Bolsonaro-768x412.jpg 768w\" sizes=\"auto, (max-width: 1000px) 100vw, 1000px\" \/><figcaption><em><span class=\"has-inline-color has-black-color\">O presidente da Rep\u00fablica, Jair Bolsonaro e o ministro da economia, Paulo Guedes, fazem  declara\u00e7\u00e3o conjunta \u00e0 imprensa no audit\u00f3rio do Minist\u00e9rio da Economia em Bras\u00edlia (Foto: Evaristo S\u00e1)<\/span><\/em><\/figcaption><\/figure>\n\n\n\n<div class=\"wp-block-image\"><figure class=\"alignright size-large is-resized\"><img loading=\"lazy\" decoding=\"async\" src=\"https:\/\/jornalfatosenoticias.com.br\/wp-content\/uploads\/2020\/02\/logo-clinica-limoeiro.jpg\" alt=\"\" class=\"wp-image-34610\" width=\"345\" height=\"245\"\/><\/figure><\/div>\n\n\n\n<p>Por outro lado, aqui, em terras capixabas, na contram\u00e3o do desenvolvimento econ\u00f4mico do Pa\u00eds, o Esp\u00edrito Santo registrou o maior aumento de pre\u00e7os do Brasil em agosto. Ou seja, enquanto no pa\u00eds houve defla\u00e7\u00e3o (redu\u00e7\u00e3o de pre\u00e7os) de 0,36%, a Regi\u00e3o Metropolitana de Vit\u00f3ria viveu um aumento no custo de vida de 0,46%, puxado por transporte, energia e alimentos.<br>Por essas e outras dezenas de situa\u00e7\u00f5es, h\u00e1 tr\u00eas dias das elei\u00e7\u00f5es, notamos um acentuado e significativo aumento de rejei\u00e7\u00e3o, na RMGV, ao nome do socialista Renato Casagrande (PSB), que tenta a reelei\u00e7\u00e3o ao governo do Estado.<\/p>\n\n\n\n<div class=\"wp-block-image\"><figure class=\"aligncenter size-large\"><img loading=\"lazy\" decoding=\"async\" width=\"1024\" height=\"100\" src=\"https:\/\/jornalfatosenoticias.com.br\/wp-content\/uploads\/2022\/05\/NOVA-LOGO-CESCONETTO-1024x100.jpg\" alt=\"\" class=\"wp-image-30792\" srcset=\"https:\/\/jornalfatosenoticias.com.br\/wp-content\/uploads\/2022\/05\/NOVA-LOGO-CESCONETTO-1024x100.jpg 1024w, https:\/\/jornalfatosenoticias.com.br\/wp-content\/uploads\/2022\/05\/NOVA-LOGO-CESCONETTO-300x29.jpg 300w, https:\/\/jornalfatosenoticias.com.br\/wp-content\/uploads\/2022\/05\/NOVA-LOGO-CESCONETTO-768x75.jpg 768w, https:\/\/jornalfatosenoticias.com.br\/wp-content\/uploads\/2022\/05\/NOVA-LOGO-CESCONETTO.jpg 1280w\" sizes=\"auto, (max-width: 1024px) 100vw, 1024px\" \/><\/figure><\/div>\n\n\n\n<p>Outro motivo, diria, talvez, o principal, foi o decreto eleitoreiro, obrigando, de maneira abusiva e inconsequente, o fechamento de escolas e com\u00e9rcios na pandemia, provocando uma quebradeira geral, desempregando milhares de cidad\u00e3os e impedindo outros milhares de trabalharem honestamente para manterem o sustento de suas fam\u00edlias.<\/p>\n\n\n\n<div class=\"wp-block-image\"><figure class=\"aligncenter size-large\"><img loading=\"lazy\" decoding=\"async\" width=\"1024\" height=\"111\" src=\"https:\/\/jornalfatosenoticias.com.br\/wp-content\/uploads\/2020\/02\/WhatsApp-Image-2022-09-23-at-12.09.18-1024x111.jpeg\" alt=\"\" class=\"wp-image-34527\" srcset=\"https:\/\/jornalfatosenoticias.com.br\/wp-content\/uploads\/2020\/02\/WhatsApp-Image-2022-09-23-at-12.09.18-1024x111.jpeg 1024w, https:\/\/jornalfatosenoticias.com.br\/wp-content\/uploads\/2020\/02\/WhatsApp-Image-2022-09-23-at-12.09.18-300x32.jpeg 300w, https:\/\/jornalfatosenoticias.com.br\/wp-content\/uploads\/2020\/02\/WhatsApp-Image-2022-09-23-at-12.09.18-768x83.jpeg 768w, https:\/\/jornalfatosenoticias.com.br\/wp-content\/uploads\/2020\/02\/WhatsApp-Image-2022-09-23-at-12.09.18.jpeg 1121w\" sizes=\"auto, (max-width: 1024px) 100vw, 1024px\" \/><\/figure><\/div>\n\n\n\n<p>Por fim, sua resist\u00eancia contr\u00e1ria \u00e0 diminui\u00e7\u00e3o da al\u00edquota do Imposto de Circula\u00e7\u00e3o de Mercadorias e Servi\u00e7os (ICMS) sobre os combust\u00edveis, preferindo fazer coro com outros governadores opositores ao governo federal e, certamente, essas lembran\u00e7as vir\u00e3o \u00e0 tona na hora que o eleitor for apertar as teclas da urna no pr\u00f3ximo domingo.<\/p>\n\n\n\n<div class=\"wp-block-image\"><figure class=\"aligncenter size-large is-resized\"><img loading=\"lazy\" decoding=\"async\" src=\"https:\/\/jornalfatosenoticias.com.br\/wp-content\/uploads\/2022\/08\/logo-locau-veiculos-1024x573.png\" alt=\"\" class=\"wp-image-33078\" width=\"318\" height=\"177\"\/><\/figure><\/div>\n\n\n\n<p>Antes de registrar seu voto, fa\u00e7a uma pesquisa sobre nossos vizinhos que t\u00eam a esquerda no comando como a Argentina, a Venezuela, a Col\u00f4mbia, a Nicar\u00e1gua e o Chile\u2026<br>Pr\u00f3ximo domingo, todo cuidado \u00e9 pouco\u2026 e que Deus nos aben\u00e7oe!<\/p>\n\n\n\n<div class=\"wp-block-image\"><figure class=\"aligncenter size-large\"><img loading=\"lazy\" decoding=\"async\" width=\"300\" height=\"237\" src=\"https:\/\/jornalfatosenoticias.com.br\/wp-content\/uploads\/2020\/02\/SEVENTUR-TURISMO.jpg\" alt=\"\" class=\"wp-image-32994\"\/><\/figure><\/div>\n","protected":false},"excerpt":{"rendered":"<p>Na contram\u00e3o do desenvolvimento econ\u00f4mico do Pa\u00eds, o Esp\u00edrito Santo registrou o maior aumento de pre\u00e7os do Brasil em agosto Estamos em pleno crescimento e servindo de exemplo para o mundo no quesito \u201cGest\u00e3o P\u00fablica\u201d, \u00e9 isso mesmo, gest\u00e3o p\u00fablica, e os n\u00fameros est\u00e3o a\u00ed para desmentir qualquer narrativa da esquerda. O presidente Jair Bolsonaro [&hellip;]<\/p>\n","protected":false},"author":3,"featured_media":34665,"comment_status":"open","ping_status":"open","sticky":false,"template":"","format":"standard","meta":{"footnotes":""},"categories":[10],"tags":[240,100,4182,16257,706],"class_list":["post-34663","post","type-post","status-publish","format-standard","has-post-thumbnail","hentry","category-politica","tag-economia","tag-espirito-santo","tag-inflacao","tag-regiao-metropolitana-de-vitoria","tag-renato-casagrande"],"yoast_head":"<!-- This site is optimized with the Yoast SEO plugin v26.5 - https:\/\/yoast.com\/wordpress\/plugins\/seo\/ -->\n<title>A ascens\u00e3o nacional e o decl\u00ednio capixaba - Jornal Fatos e Not\u00edcias<\/title>\n<meta name=\"robots\" content=\"index, follow, max-snippet:-1, max-image-preview:large, max-video-preview:-1\" \/>\n<link rel=\"canonical\" href=\"https:\/\/jornalfatosenoticias.com.br\/index.php\/2022\/09\/29\/a-ascensao-nacional-e-o-declinio-capixaba\/\" \/>\n<meta property=\"og:locale\" content=\"pt_BR\" \/>\n<meta property=\"og:type\" content=\"article\" \/>\n<meta property=\"og:title\" content=\"A ascens\u00e3o nacional e o decl\u00ednio capixaba - Jornal Fatos e Not\u00edcias\" \/>\n<meta property=\"og:description\" content=\"Na contram\u00e3o do desenvolvimento econ\u00f4mico do Pa\u00eds, o Esp\u00edrito Santo registrou o maior aumento de pre\u00e7os do Brasil em agosto Estamos em pleno crescimento e servindo de exemplo para o mundo no quesito \u201cGest\u00e3o P\u00fablica\u201d, \u00e9 isso mesmo, gest\u00e3o p\u00fablica, e os n\u00fameros est\u00e3o a\u00ed para desmentir qualquer narrativa da esquerda. O presidente Jair Bolsonaro [&hellip;]\" \/>\n<meta property=\"og:url\" content=\"https:\/\/jornalfatosenoticias.com.br\/index.php\/2022\/09\/29\/a-ascensao-nacional-e-o-declinio-capixaba\/\" \/>\n<meta property=\"og:site_name\" content=\"Jornal Fatos e Not\u00edcias\" \/>\n<meta property=\"article:published_time\" content=\"2022-09-29T16:45:03+00:00\" \/>\n<meta property=\"article:modified_time\" content=\"2022-09-29T16:45:04+00:00\" \/>\n<meta property=\"og:image\" content=\"https:\/\/jornalfatosenoticias.com.br\/wp-content\/uploads\/2022\/09\/INFLACAO_ES.jpg\" \/>\n\t<meta property=\"og:image:width\" content=\"1000\" \/>\n\t<meta property=\"og:image:height\" content=\"666\" \/>\n\t<meta property=\"og:image:type\" content=\"image\/jpeg\" \/>\n<meta name=\"author\" content=\"Haroldo Filho\" \/>\n<meta name=\"twitter:card\" content=\"summary_large_image\" \/>\n<meta name=\"twitter:label1\" content=\"Escrito por\" \/>\n\t<meta name=\"twitter:data1\" content=\"Haroldo Filho\" \/>\n\t<meta name=\"twitter:label2\" content=\"Est. tempo de leitura\" \/>\n\t<meta name=\"twitter:data2\" content=\"4 minutos\" \/>\n<script type=\"application\/ld+json\" class=\"yoast-schema-graph\">{\"@context\":\"https:\/\/schema.org\",\"@graph\":[{\"@type\":\"Article\",\"@id\":\"https:\/\/jornalfatosenoticias.com.br\/index.php\/2022\/09\/29\/a-ascensao-nacional-e-o-declinio-capixaba\/#article\",\"isPartOf\":{\"@id\":\"https:\/\/jornalfatosenoticias.com.br\/index.php\/2022\/09\/29\/a-ascensao-nacional-e-o-declinio-capixaba\/\"},\"author\":{\"name\":\"Haroldo Filho\",\"@id\":\"https:\/\/jornalfatosenoticias.com.br\/#\/schema\/person\/05c46cc25b42a5c27e004fb0fa6b4965\"},\"headline\":\"A ascens\u00e3o nacional e o decl\u00ednio capixaba\",\"datePublished\":\"2022-09-29T16:45:03+00:00\",\"dateModified\":\"2022-09-29T16:45:04+00:00\",\"mainEntityOfPage\":{\"@id\":\"https:\/\/jornalfatosenoticias.com.br\/index.php\/2022\/09\/29\/a-ascensao-nacional-e-o-declinio-capixaba\/\"},\"wordCount\":723,\"commentCount\":0,\"publisher\":{\"@id\":\"https:\/\/jornalfatosenoticias.com.br\/#organization\"},\"image\":{\"@id\":\"https:\/\/jornalfatosenoticias.com.br\/index.php\/2022\/09\/29\/a-ascensao-nacional-e-o-declinio-capixaba\/#primaryimage\"},\"thumbnailUrl\":\"https:\/\/jornalfatosenoticias.com.br\/wp-content\/uploads\/2022\/09\/INFLACAO_ES.jpg\",\"keywords\":[\"economia\",\"Esp\u00edrito Santo\",\"infla\u00e7\u00e3o\",\"Regi\u00e3o Metropolitana de Vit\u00f3ria\",\"Renato Casagrande\"],\"articleSection\":[\"Pol\u00edtica\"],\"inLanguage\":\"pt-BR\",\"potentialAction\":[{\"@type\":\"CommentAction\",\"name\":\"Comment\",\"target\":[\"https:\/\/jornalfatosenoticias.com.br\/index.php\/2022\/09\/29\/a-ascensao-nacional-e-o-declinio-capixaba\/#respond\"]}]},{\"@type\":\"WebPage\",\"@id\":\"https:\/\/jornalfatosenoticias.com.br\/index.php\/2022\/09\/29\/a-ascensao-nacional-e-o-declinio-capixaba\/\",\"url\":\"https:\/\/jornalfatosenoticias.com.br\/index.php\/2022\/09\/29\/a-ascensao-nacional-e-o-declinio-capixaba\/\",\"name\":\"A ascens\u00e3o nacional e o decl\u00ednio capixaba - Jornal Fatos e Not\u00edcias\",\"isPartOf\":{\"@id\":\"https:\/\/jornalfatosenoticias.com.br\/#website\"},\"primaryImageOfPage\":{\"@id\":\"https:\/\/jornalfatosenoticias.com.br\/index.php\/2022\/09\/29\/a-ascensao-nacional-e-o-declinio-capixaba\/#primaryimage\"},\"image\":{\"@id\":\"https:\/\/jornalfatosenoticias.com.br\/index.php\/2022\/09\/29\/a-ascensao-nacional-e-o-declinio-capixaba\/#primaryimage\"},\"thumbnailUrl\":\"https:\/\/jornalfatosenoticias.com.br\/wp-content\/uploads\/2022\/09\/INFLACAO_ES.jpg\",\"datePublished\":\"2022-09-29T16:45:03+00:00\",\"dateModified\":\"2022-09-29T16:45:04+00:00\",\"breadcrumb\":{\"@id\":\"https:\/\/jornalfatosenoticias.com.br\/index.php\/2022\/09\/29\/a-ascensao-nacional-e-o-declinio-capixaba\/#breadcrumb\"},\"inLanguage\":\"pt-BR\",\"potentialAction\":[{\"@type\":\"ReadAction\",\"target\":[\"https:\/\/jornalfatosenoticias.com.br\/index.php\/2022\/09\/29\/a-ascensao-nacional-e-o-declinio-capixaba\/\"]}]},{\"@type\":\"ImageObject\",\"inLanguage\":\"pt-BR\",\"@id\":\"https:\/\/jornalfatosenoticias.com.br\/index.php\/2022\/09\/29\/a-ascensao-nacional-e-o-declinio-capixaba\/#primaryimage\",\"url\":\"https:\/\/jornalfatosenoticias.com.br\/wp-content\/uploads\/2022\/09\/INFLACAO_ES.jpg\",\"contentUrl\":\"https:\/\/jornalfatosenoticias.com.br\/wp-content\/uploads\/2022\/09\/INFLACAO_ES.jpg\",\"width\":1000,\"height\":666},{\"@type\":\"BreadcrumbList\",\"@id\":\"https:\/\/jornalfatosenoticias.com.br\/index.php\/2022\/09\/29\/a-ascensao-nacional-e-o-declinio-capixaba\/#breadcrumb\",\"itemListElement\":[{\"@type\":\"ListItem\",\"position\":1,\"name\":\"In\u00edcio\",\"item\":\"https:\/\/jornalfatosenoticias.com.br\/\"},{\"@type\":\"ListItem\",\"position\":2,\"name\":\"A ascens\u00e3o nacional e o decl\u00ednio capixaba\"}]},{\"@type\":\"WebSite\",\"@id\":\"https:\/\/jornalfatosenoticias.com.br\/#website\",\"url\":\"https:\/\/jornalfatosenoticias.com.br\/\",\"name\":\"Jornal Fatos e Not\u00edcias\",\"description\":\"Not\u00edcias em geral\",\"publisher\":{\"@id\":\"https:\/\/jornalfatosenoticias.com.br\/#organization\"},\"potentialAction\":[{\"@type\":\"SearchAction\",\"target\":{\"@type\":\"EntryPoint\",\"urlTemplate\":\"https:\/\/jornalfatosenoticias.com.br\/?s={search_term_string}\"},\"query-input\":{\"@type\":\"PropertyValueSpecification\",\"valueRequired\":true,\"valueName\":\"search_term_string\"}}],\"inLanguage\":\"pt-BR\"},{\"@type\":\"Organization\",\"@id\":\"https:\/\/jornalfatosenoticias.com.br\/#organization\",\"name\":\"Jornal Fatos e Not\u00edcias\",\"url\":\"https:\/\/jornalfatosenoticias.com.br\/\",\"logo\":{\"@type\":\"ImageObject\",\"inLanguage\":\"pt-BR\",\"@id\":\"https:\/\/jornalfatosenoticias.com.br\/#\/schema\/logo\/image\/\",\"url\":\"https:\/\/jornalfatosenoticias.com.br\/wp-content\/uploads\/2020\/02\/logo120.png\",\"contentUrl\":\"https:\/\/jornalfatosenoticias.com.br\/wp-content\/uploads\/2020\/02\/logo120.png\",\"width\":1227,\"height\":120,\"caption\":\"Jornal Fatos e Not\u00edcias\"},\"image\":{\"@id\":\"https:\/\/jornalfatosenoticias.com.br\/#\/schema\/logo\/image\/\"}},{\"@type\":\"Person\",\"@id\":\"https:\/\/jornalfatosenoticias.com.br\/#\/schema\/person\/05c46cc25b42a5c27e004fb0fa6b4965\",\"name\":\"Haroldo Filho\",\"image\":{\"@type\":\"ImageObject\",\"inLanguage\":\"pt-BR\",\"@id\":\"https:\/\/jornalfatosenoticias.com.br\/#\/schema\/person\/image\/\",\"url\":\"https:\/\/jornalfatosenoticias.com.br\/wp-content\/uploads\/2025\/08\/WhatsApp-Image-2025-08-18-at-15.30.28-150x150.jpeg\",\"contentUrl\":\"https:\/\/jornalfatosenoticias.com.br\/wp-content\/uploads\/2025\/08\/WhatsApp-Image-2025-08-18-at-15.30.28-150x150.jpeg\",\"caption\":\"Haroldo Filho\"},\"description\":\"Jornalista \u2013 DRT: 0003818\/ES Coordenador-geral da ONG Educar para Crescer\",\"url\":\"https:\/\/jornalfatosenoticias.com.br\/index.php\/author\/haroldo\/\"}]}<\/script>\n<!-- \/ Yoast SEO plugin. -->","yoast_head_json":{"title":"A ascens\u00e3o nacional e o decl\u00ednio capixaba - Jornal Fatos e Not\u00edcias","robots":{"index":"index","follow":"follow","max-snippet":"max-snippet:-1","max-image-preview":"max-image-preview:large","max-video-preview":"max-video-preview:-1"},"canonical":"https:\/\/jornalfatosenoticias.com.br\/index.php\/2022\/09\/29\/a-ascensao-nacional-e-o-declinio-capixaba\/","og_locale":"pt_BR","og_type":"article","og_title":"A ascens\u00e3o nacional e o decl\u00ednio capixaba - Jornal Fatos e Not\u00edcias","og_description":"Na contram\u00e3o do desenvolvimento econ\u00f4mico do Pa\u00eds, o Esp\u00edrito Santo registrou o maior aumento de pre\u00e7os do Brasil em agosto Estamos em pleno crescimento e servindo de exemplo para o mundo no quesito \u201cGest\u00e3o P\u00fablica\u201d, \u00e9 isso mesmo, gest\u00e3o p\u00fablica, e os n\u00fameros est\u00e3o a\u00ed para desmentir qualquer narrativa da esquerda. O presidente Jair Bolsonaro [&hellip;]","og_url":"https:\/\/jornalfatosenoticias.com.br\/index.php\/2022\/09\/29\/a-ascensao-nacional-e-o-declinio-capixaba\/","og_site_name":"Jornal Fatos e Not\u00edcias","article_published_time":"2022-09-29T16:45:03+00:00","article_modified_time":"2022-09-29T16:45:04+00:00","og_image":[{"width":1000,"height":666,"url":"https:\/\/jornalfatosenoticias.com.br\/wp-content\/uploads\/2022\/09\/INFLACAO_ES.jpg","type":"image\/jpeg"}],"author":"Haroldo Filho","twitter_card":"summary_large_image","twitter_misc":{"Escrito por":"Haroldo Filho","Est. tempo de leitura":"4 minutos"},"schema":{"@context":"https:\/\/schema.org","@graph":[{"@type":"Article","@id":"https:\/\/jornalfatosenoticias.com.br\/index.php\/2022\/09\/29\/a-ascensao-nacional-e-o-declinio-capixaba\/#article","isPartOf":{"@id":"https:\/\/jornalfatosenoticias.com.br\/index.php\/2022\/09\/29\/a-ascensao-nacional-e-o-declinio-capixaba\/"},"author":{"name":"Haroldo Filho","@id":"https:\/\/jornalfatosenoticias.com.br\/#\/schema\/person\/05c46cc25b42a5c27e004fb0fa6b4965"},"headline":"A ascens\u00e3o nacional e o decl\u00ednio capixaba","datePublished":"2022-09-29T16:45:03+00:00","dateModified":"2022-09-29T16:45:04+00:00","mainEntityOfPage":{"@id":"https:\/\/jornalfatosenoticias.com.br\/index.php\/2022\/09\/29\/a-ascensao-nacional-e-o-declinio-capixaba\/"},"wordCount":723,"commentCount":0,"publisher":{"@id":"https:\/\/jornalfatosenoticias.com.br\/#organization"},"image":{"@id":"https:\/\/jornalfatosenoticias.com.br\/index.php\/2022\/09\/29\/a-ascensao-nacional-e-o-declinio-capixaba\/#primaryimage"},"thumbnailUrl":"https:\/\/jornalfatosenoticias.com.br\/wp-content\/uploads\/2022\/09\/INFLACAO_ES.jpg","keywords":["economia","Esp\u00edrito Santo","infla\u00e7\u00e3o","Regi\u00e3o Metropolitana de Vit\u00f3ria","Renato Casagrande"],"articleSection":["Pol\u00edtica"],"inLanguage":"pt-BR","potentialAction":[{"@type":"CommentAction","name":"Comment","target":["https:\/\/jornalfatosenoticias.com.br\/index.php\/2022\/09\/29\/a-ascensao-nacional-e-o-declinio-capixaba\/#respond"]}]},{"@type":"WebPage","@id":"https:\/\/jornalfatosenoticias.com.br\/index.php\/2022\/09\/29\/a-ascensao-nacional-e-o-declinio-capixaba\/","url":"https:\/\/jornalfatosenoticias.com.br\/index.php\/2022\/09\/29\/a-ascensao-nacional-e-o-declinio-capixaba\/","name":"A ascens\u00e3o nacional e o decl\u00ednio capixaba - Jornal Fatos e Not\u00edcias","isPartOf":{"@id":"https:\/\/jornalfatosenoticias.com.br\/#website"},"primaryImageOfPage":{"@id":"https:\/\/jornalfatosenoticias.com.br\/index.php\/2022\/09\/29\/a-ascensao-nacional-e-o-declinio-capixaba\/#primaryimage"},"image":{"@id":"https:\/\/jornalfatosenoticias.com.br\/index.php\/2022\/09\/29\/a-ascensao-nacional-e-o-declinio-capixaba\/#primaryimage"},"thumbnailUrl":"https:\/\/jornalfatosenoticias.com.br\/wp-content\/uploads\/2022\/09\/INFLACAO_ES.jpg","datePublished":"2022-09-29T16:45:03+00:00","dateModified":"2022-09-29T16:45:04+00:00","breadcrumb":{"@id":"https:\/\/jornalfatosenoticias.com.br\/index.php\/2022\/09\/29\/a-ascensao-nacional-e-o-declinio-capixaba\/#breadcrumb"},"inLanguage":"pt-BR","potentialAction":[{"@type":"ReadAction","target":["https:\/\/jornalfatosenoticias.com.br\/index.php\/2022\/09\/29\/a-ascensao-nacional-e-o-declinio-capixaba\/"]}]},{"@type":"ImageObject","inLanguage":"pt-BR","@id":"https:\/\/jornalfatosenoticias.com.br\/index.php\/2022\/09\/29\/a-ascensao-nacional-e-o-declinio-capixaba\/#primaryimage","url":"https:\/\/jornalfatosenoticias.com.br\/wp-content\/uploads\/2022\/09\/INFLACAO_ES.jpg","contentUrl":"https:\/\/jornalfatosenoticias.com.br\/wp-content\/uploads\/2022\/09\/INFLACAO_ES.jpg","width":1000,"height":666},{"@type":"BreadcrumbList","@id":"https:\/\/jornalfatosenoticias.com.br\/index.php\/2022\/09\/29\/a-ascensao-nacional-e-o-declinio-capixaba\/#breadcrumb","itemListElement":[{"@type":"ListItem","position":1,"name":"In\u00edcio","item":"https:\/\/jornalfatosenoticias.com.br\/"},{"@type":"ListItem","position":2,"name":"A ascens\u00e3o nacional e o decl\u00ednio capixaba"}]},{"@type":"WebSite","@id":"https:\/\/jornalfatosenoticias.com.br\/#website","url":"https:\/\/jornalfatosenoticias.com.br\/","name":"Jornal Fatos e Not\u00edcias","description":"Not\u00edcias em geral","publisher":{"@id":"https:\/\/jornalfatosenoticias.com.br\/#organization"},"potentialAction":[{"@type":"SearchAction","target":{"@type":"EntryPoint","urlTemplate":"https:\/\/jornalfatosenoticias.com.br\/?s={search_term_string}"},"query-input":{"@type":"PropertyValueSpecification","valueRequired":true,"valueName":"search_term_string"}}],"inLanguage":"pt-BR"},{"@type":"Organization","@id":"https:\/\/jornalfatosenoticias.com.br\/#organization","name":"Jornal Fatos e Not\u00edcias","url":"https:\/\/jornalfatosenoticias.com.br\/","logo":{"@type":"ImageObject","inLanguage":"pt-BR","@id":"https:\/\/jornalfatosenoticias.com.br\/#\/schema\/logo\/image\/","url":"https:\/\/jornalfatosenoticias.com.br\/wp-content\/uploads\/2020\/02\/logo120.png","contentUrl":"https:\/\/jornalfatosenoticias.com.br\/wp-content\/uploads\/2020\/02\/logo120.png","width":1227,"height":120,"caption":"Jornal Fatos e Not\u00edcias"},"image":{"@id":"https:\/\/jornalfatosenoticias.com.br\/#\/schema\/logo\/image\/"}},{"@type":"Person","@id":"https:\/\/jornalfatosenoticias.com.br\/#\/schema\/person\/05c46cc25b42a5c27e004fb0fa6b4965","name":"Haroldo Filho","image":{"@type":"ImageObject","inLanguage":"pt-BR","@id":"https:\/\/jornalfatosenoticias.com.br\/#\/schema\/person\/image\/","url":"https:\/\/jornalfatosenoticias.com.br\/wp-content\/uploads\/2025\/08\/WhatsApp-Image-2025-08-18-at-15.30.28-150x150.jpeg","contentUrl":"https:\/\/jornalfatosenoticias.com.br\/wp-content\/uploads\/2025\/08\/WhatsApp-Image-2025-08-18-at-15.30.28-150x150.jpeg","caption":"Haroldo Filho"},"description":"Jornalista \u2013 DRT: 0003818\/ES Coordenador-geral da ONG Educar para Crescer","url":"https:\/\/jornalfatosenoticias.com.br\/index.php\/author\/haroldo\/"}]}},"cc_featured_image_caption":{"caption_text":"(Foto: Fernando Madeira\/A Gazeta)","source_text":"","source_url":""},"jetpack_featured_media_url":"https:\/\/jornalfatosenoticias.com.br\/wp-content\/uploads\/2022\/09\/INFLACAO_ES.jpg","_links":{"self":[{"href":"https:\/\/jornalfatosenoticias.com.br\/index.php\/wp-json\/wp\/v2\/posts\/34663","targetHints":{"allow":["GET"]}}],"collection":[{"href":"https:\/\/jornalfatosenoticias.com.br\/index.php\/wp-json\/wp\/v2\/posts"}],"about":[{"href":"https:\/\/jornalfatosenoticias.com.br\/index.php\/wp-json\/wp\/v2\/types\/post"}],"author":[{"embeddable":true,"href":"https:\/\/jornalfatosenoticias.com.br\/index.php\/wp-json\/wp\/v2\/users\/3"}],"replies":[{"embeddable":true,"href":"https:\/\/jornalfatosenoticias.com.br\/index.php\/wp-json\/wp\/v2\/comments?post=34663"}],"version-history":[{"count":0,"href":"https:\/\/jornalfatosenoticias.com.br\/index.php\/wp-json\/wp\/v2\/posts\/34663\/revisions"}],"wp:featuredmedia":[{"embeddable":true,"href":"https:\/\/jornalfatosenoticias.com.br\/index.php\/wp-json\/wp\/v2\/media\/34665"}],"wp:attachment":[{"href":"https:\/\/jornalfatosenoticias.com.br\/index.php\/wp-json\/wp\/v2\/media?parent=34663"}],"wp:term":[{"taxonomy":"category","embeddable":true,"href":"https:\/\/jornalfatosenoticias.com.br\/index.php\/wp-json\/wp\/v2\/categories?post=34663"},{"taxonomy":"post_tag","embeddable":true,"href":"https:\/\/jornalfatosenoticias.com.br\/index.php\/wp-json\/wp\/v2\/tags?post=34663"}],"curies":[{"name":"wp","href":"https:\/\/api.w.org\/{rel}","templated":true}]}}