{"id":34703,"date":"2022-09-30T11:55:38","date_gmt":"2022-09-30T14:55:38","guid":{"rendered":"https:\/\/jornalfatosenoticias.com.br\/?p=34703"},"modified":"2022-09-30T11:55:40","modified_gmt":"2022-09-30T14:55:40","slug":"desemprego-cai-para-89-em-trimestre-encerrado-em-agosto-diz-ibge","status":"publish","type":"post","link":"https:\/\/jornalfatosenoticias.com.br\/index.php\/2022\/09\/30\/desemprego-cai-para-89-em-trimestre-encerrado-em-agosto-diz-ibge\/","title":{"rendered":"Desemprego cai para 8,9% em trimestre encerrado em agosto, diz IBGE"},"content":{"rendered":"\n<p><em><span class=\"has-inline-color has-black-color\">N\u00famero de trabalhadores desocupados atingiu 9,7 milh\u00f5es<\/span><\/em><\/p>\n\n\n\n<div class=\"wp-block-image\"><figure class=\"aligncenter size-large\"><img loading=\"lazy\" decoding=\"async\" width=\"1024\" height=\"111\" src=\"https:\/\/jornalfatosenoticias.com.br\/wp-content\/uploads\/2020\/02\/WhatsApp-Image-2022-09-23-at-12.09.18-1024x111.jpeg\" alt=\"\" class=\"wp-image-34527\" srcset=\"https:\/\/jornalfatosenoticias.com.br\/wp-content\/uploads\/2020\/02\/WhatsApp-Image-2022-09-23-at-12.09.18-1024x111.jpeg 1024w, https:\/\/jornalfatosenoticias.com.br\/wp-content\/uploads\/2020\/02\/WhatsApp-Image-2022-09-23-at-12.09.18-300x32.jpeg 300w, https:\/\/jornalfatosenoticias.com.br\/wp-content\/uploads\/2020\/02\/WhatsApp-Image-2022-09-23-at-12.09.18-768x83.jpeg 768w, https:\/\/jornalfatosenoticias.com.br\/wp-content\/uploads\/2020\/02\/WhatsApp-Image-2022-09-23-at-12.09.18.jpeg 1121w\" sizes=\"auto, (max-width: 1024px) 100vw, 1024px\" \/><\/figure><\/div>\n\n\n\n<p>O desemprego no Brasil diminuiu para 8,9% com a queda de 0,9 ponto percentual registrada no trimestre encerrado em agosto, em compara\u00e7\u00e3o com o per\u00edodo anterior, terminado em maio.<br>O percentual \u00e9 o menor patamar desde o trimestre encerrado em julho de 2015, quando atingiu 8,7%. O contingente de pessoas ocupadas ficou em 99 milh\u00f5es, batendo novamente o recorde na s\u00e9rie hist\u00f3rica, iniciada em 2012. Os dados da Pesquisa Nacional por Amostra de Domic\u00edlios (Pnad) Cont\u00ednua, foram divulgados hoje (30) pelo Instituto Brasileiro de Geografia e Estat\u00edstica (IBGE).<\/p>\n\n\n\n<div class=\"wp-block-image\"><figure class=\"aligncenter size-large\"><img loading=\"lazy\" decoding=\"async\" width=\"300\" height=\"300\" src=\"https:\/\/jornalfatosenoticias.com.br\/wp-content\/uploads\/2020\/02\/casa-do-torresmo_portal.jpg\" alt=\"\" class=\"wp-image-34472\" srcset=\"https:\/\/jornalfatosenoticias.com.br\/wp-content\/uploads\/2020\/02\/casa-do-torresmo_portal.jpg 300w, https:\/\/jornalfatosenoticias.com.br\/wp-content\/uploads\/2020\/02\/casa-do-torresmo_portal-150x150.jpg 150w\" sizes=\"auto, (max-width: 300px) 100vw, 300px\" \/><\/figure><\/div>\n\n\n\n<p>O percentual de pessoas ocupadas em idade de trabalhar, que representa o n\u00edvel de ocupa\u00e7\u00e3o, foi estimado em 57,1%. O resultado significa avan\u00e7o em rela\u00e7\u00e3o ao trimestre anterior. Naquele per\u00edodo o n\u00edvel de ocupa\u00e7\u00e3o ficou em 56,4%. Ficou tamb\u00e9m acima do mesmo per\u00edodo do ano passado, quando registrou 53,4%.<br>Para a coordenadora da Pnad, Adriana Beringuy, o mercado de trabalho mostra recupera\u00e7\u00e3o.<\/p>\n\n\n\n<div class=\"wp-block-image\"><figure class=\"aligncenter size-large is-resized\"><img loading=\"lazy\" decoding=\"async\" src=\"https:\/\/jornalfatosenoticias.com.br\/wp-content\/uploads\/2022\/02\/Precisao-Contabilidade-1024x724.jpg\" alt=\"\" class=\"wp-image-28088\" width=\"315\" height=\"223\"\/><\/figure><\/div>\n\n\n\n<figure class=\"wp-block-pullquote\"><blockquote><p><span class=\"has-inline-color has-luminous-vivid-orange-color\">O mercado de trabalho segue a tend\u00eancia demonstrada no m\u00eas passado, continuando o fluxo que ocorre ao longo do ano, de recupera\u00e7\u00e3o\u201d, observou.<\/span><\/p><\/blockquote><\/figure>\n\n\n\n<div class=\"wp-block-image\"><figure class=\"alignright size-large is-resized\"><img loading=\"lazy\" decoding=\"async\" src=\"https:\/\/jornalfatosenoticias.com.br\/wp-content\/uploads\/2022\/07\/Logo-Grupo-SEI.jpg\" alt=\"\" class=\"wp-image-31973\" width=\"376\" height=\"198\" srcset=\"https:\/\/jornalfatosenoticias.com.br\/wp-content\/uploads\/2022\/07\/Logo-Grupo-SEI.jpg 713w, https:\/\/jornalfatosenoticias.com.br\/wp-content\/uploads\/2022\/07\/Logo-Grupo-SEI-300x158.jpg 300w\" sizes=\"auto, (max-width: 376px) 100vw, 376px\" \/><\/figure><\/div>\n\n\n\n<p>De acordo com a pesquisa, tr\u00eas atividades contribu\u00edram para o recuo do desemprego em agosto com aumento da ocupa\u00e7\u00e3o. O setor de com\u00e9rcio, repara\u00e7\u00e3o de ve\u00edculos automotores e motocicletas teve alta de 3% em rela\u00e7\u00e3o ao trimestre anterior, adicionando 566 mil pessoas ao mercado de trabalho.<\/p>\n\n\n\n<div class=\"wp-block-image\"><figure class=\"aligncenter size-large\"><img decoding=\"async\" src=\"https:\/\/jornalfatosenoticias.com.br\/wp-content\/uploads\/2020\/02\/nova-logo-zucchi-1024x110.jpeg\" alt=\"\" class=\"wp-image-33846\"\/><\/figure><\/div>\n\n\n\n<p>O crescimento de 2,9% em administra\u00e7\u00e3o p\u00fablica, defesa, seguridade social, educa\u00e7\u00e3o, sa\u00fade humana e servi\u00e7os sociais representou mais 488 mil pessoas empregadas, enquanto a alta de 4,1% no grupo outros servi\u00e7os significou a entrada de 211 mil pessoas.<\/p>\n\n\n\n<div class=\"wp-block-image\"><figure class=\"alignleft size-large is-resized\"><img loading=\"lazy\" decoding=\"async\" src=\"https:\/\/jornalfatosenoticias.com.br\/wp-content\/uploads\/2022\/08\/logo-locau-veiculos-1024x573.png\" alt=\"\" class=\"wp-image-33078\" width=\"316\" height=\"176\"\/><\/figure><\/div>\n\n\n\n<p><strong><span class=\"has-inline-color has-black-color\">Evolu\u00e7\u00e3o<br><\/span><\/strong>O n\u00famero de trabalhadores desocupados atingiu 9,7 milh\u00f5es de pessoas e caiu ao menor n\u00edvel desde novembro de 2015. Segundo a pesquisa, o resultado corresponde a uma queda de 8,8% ou menos 937 mil vagas formais na compara\u00e7\u00e3o trimestral e queda e 30,1%, (menos 4,2 milh\u00f5es de trabalhadores), na compara\u00e7\u00e3o com o mesmo per\u00edodo do ano passado.<\/p>\n\n\n\n<div class=\"wp-block-image\"><figure class=\"aligncenter size-large\"><img loading=\"lazy\" decoding=\"async\" width=\"1024\" height=\"100\" src=\"https:\/\/jornalfatosenoticias.com.br\/wp-content\/uploads\/2020\/02\/banner_ferramentas-1024x100.jpg\" alt=\"\" class=\"wp-image-1258\" srcset=\"https:\/\/jornalfatosenoticias.com.br\/wp-content\/uploads\/2020\/02\/banner_ferramentas-1024x100.jpg 1024w, https:\/\/jornalfatosenoticias.com.br\/wp-content\/uploads\/2020\/02\/banner_ferramentas-300x29.jpg 300w, https:\/\/jornalfatosenoticias.com.br\/wp-content\/uploads\/2020\/02\/banner_ferramentas-768x75.jpg 768w, https:\/\/jornalfatosenoticias.com.br\/wp-content\/uploads\/2020\/02\/banner_ferramentas.jpg 1227w\" sizes=\"auto, (max-width: 1024px) 100vw, 1024px\" \/><\/figure><\/div>\n\n\n\n<p>O contingente de empregados sem carteira assinada no setor privado chegou a 13,2 milh\u00f5es de pessoas. O n\u00famero \u00e9 o maior da s\u00e9rie hist\u00f3rica, iniciada em 2012. Na compara\u00e7\u00e3o com o trimestre passado, houve alta de 2,8% no trimestre ou mais 355 mil trabalhadores sem carteira assinada. Na compara\u00e7\u00e3o anual, houve alta de 16% na informalidade -1,8 milh\u00e3o de pessoas.<\/p>\n\n\n\n<div class=\"wp-block-image\"><figure class=\"alignright size-large\"><img loading=\"lazy\" decoding=\"async\" width=\"300\" height=\"250\" src=\"https:\/\/jornalfatosenoticias.com.br\/wp-content\/uploads\/2022\/08\/arte-Casarao.jpg\" alt=\"\" class=\"wp-image-33178\"\/><\/figure><\/div>\n\n\n\n<p>J\u00e1 o total de empregados com carteira de trabalho assinada no setor privado, sem contar os trabalhadores dom\u00e9sticos, subiu 1,1% e atingiu 36 milh\u00f5es.<br>O n\u00famero de trabalhadores por conta pr\u00f3pria ficou em 25,9 milh\u00f5es de pessoas e manteve a estabilidade se comparado ao trimestre anterior. No setor p\u00fablico alta foi de 4,1% e contingente chegou a 12,1 milh\u00f5es.<br>A pesquisa indicou ainda que h\u00e1 4,3 milh\u00f5es de pessoas (3,8%) que o instituto classifica como desalentada \u2014 que gostariam de trabalhar e estariam dispon\u00edveis, por\u00e9m n\u00e3o procuram vagas por achar que n\u00e3o encontrariam. O resultado neste quesito manteve a estabilidade.<\/p>\n\n\n\n<div class=\"wp-block-image\"><figure class=\"aligncenter size-large\"><img decoding=\"async\" src=\"https:\/\/jornalfatosenoticias.com.br\/wp-content\/uploads\/2020\/02\/logo-embacia-1-1024x110.jpg\" alt=\"\" class=\"wp-image-33954\"\/><\/figure><\/div>\n\n\n\n<p><strong><span class=\"has-inline-color has-black-color\">Rendimento m\u00e9dio<br><\/span><\/strong>Ap\u00f3s dois anos sem crescimento, pelo segundo m\u00eas seguido, o rendimento real habitual registrou alta. Em agosto, o sal\u00e1rio m\u00e9dio do trabalhador brasileiro alcan\u00e7ou R$ 2.713. O valor representa um avan\u00e7o de 3,1% em rela\u00e7\u00e3o ao trimestre anterior, apesar de mostrar estabilidade na compara\u00e7\u00e3o anual.<\/p>\n\n\n\n<div class=\"wp-block-image\"><figure class=\"aligncenter size-large is-resized\"><img loading=\"lazy\" decoding=\"async\" src=\"https:\/\/jornalfatosenoticias.com.br\/wp-content\/uploads\/2020\/02\/logo-clinica-limoeiro.jpg\" alt=\"\" class=\"wp-image-34610\" width=\"293\" height=\"208\"\/><\/figure><\/div>\n\n\n\n<figure class=\"wp-block-pullquote\"><blockquote><p><span class=\"has-inline-color has-luminous-vivid-orange-color\">Esse crescimento est\u00e1 associado, principalmente, \u00e0 retra\u00e7\u00e3o da infla\u00e7\u00e3o. Mas a expans\u00e3o da ocupa\u00e7\u00e3o com carteira assinada e de empregadores tamb\u00e9m \u00e9 fator que colabora\u201d, completou a coordenadora.<\/span><\/p><\/blockquote><\/figure>\n\n\n\n<div class=\"wp-block-image\"><figure class=\"aligncenter size-large\"><img decoding=\"async\" src=\"https:\/\/jornalfatosenoticias.com.br\/wp-content\/uploads\/2020\/02\/Serra-Grande-1024x160.png\" alt=\"\" class=\"wp-image-7836\"\/><\/figure><\/div>\n\n\n\n<p><strong><span class=\"has-inline-color has-black-color\">Pesquisa<br><\/span><\/strong>A Pnad Cont\u00ednua \u00e9 o principal instrumento para monitorar a for\u00e7a de trabalho brasileira. De acordo com o IBGE, a amostra da pesquisa por trimestre no Brasil corresponde a 211 mil domic\u00edlios pesquisados.<\/p>\n\n\n\n<div class=\"wp-block-image\"><figure class=\"aligncenter size-large is-resized\"><img loading=\"lazy\" decoding=\"async\" src=\"https:\/\/jornalfatosenoticias.com.br\/wp-content\/uploads\/2020\/02\/nova-logo-Marquetti.jpg\" alt=\"\" class=\"wp-image-22331\" width=\"294\" height=\"197\" srcset=\"https:\/\/jornalfatosenoticias.com.br\/wp-content\/uploads\/2020\/02\/nova-logo-Marquetti.jpg 643w, https:\/\/jornalfatosenoticias.com.br\/wp-content\/uploads\/2020\/02\/nova-logo-Marquetti-300x202.jpg 300w\" sizes=\"auto, (max-width: 294px) 100vw, 294px\" \/><\/figure><\/div>\n\n\n\n<figure class=\"wp-block-pullquote\"><blockquote><p><span class=\"has-inline-color has-luminous-vivid-orange-color\">Cerca de dois mil entrevistadores trabalham na pesquisa, em 26 estados e Distrito Federal, integrados \u00e0 rede de coleta de mais de 500 ag\u00eancias do IBGE\u201d, informou.<\/span><\/p><\/blockquote><\/figure>\n\n\n\n<div class=\"wp-block-image\"><figure class=\"aligncenter size-large\"><img loading=\"lazy\" decoding=\"async\" width=\"1024\" height=\"100\" src=\"https:\/\/jornalfatosenoticias.com.br\/wp-content\/uploads\/2022\/05\/NOVA-LOGO-CESCONETTO-1024x100.jpg\" alt=\"\" class=\"wp-image-30792\" srcset=\"https:\/\/jornalfatosenoticias.com.br\/wp-content\/uploads\/2022\/05\/NOVA-LOGO-CESCONETTO-1024x100.jpg 1024w, https:\/\/jornalfatosenoticias.com.br\/wp-content\/uploads\/2022\/05\/NOVA-LOGO-CESCONETTO-300x29.jpg 300w, https:\/\/jornalfatosenoticias.com.br\/wp-content\/uploads\/2022\/05\/NOVA-LOGO-CESCONETTO-768x75.jpg 768w, https:\/\/jornalfatosenoticias.com.br\/wp-content\/uploads\/2022\/05\/NOVA-LOGO-CESCONETTO.jpg 1280w\" sizes=\"auto, (max-width: 1024px) 100vw, 1024px\" \/><\/figure><\/div>\n\n\n\n<p>Por causa da pandemia de covid-19, o IBGE desenvolveu a coleta de informa\u00e7\u00f5es da pesquisa por telefone a partir de 17 de mar\u00e7o de 2020. A volta da coleta de forma presencial ocorreu em julho de 2021.<\/p>\n\n\n\n<div class=\"wp-block-image\"><figure class=\"aligncenter size-large\"><img decoding=\"async\" src=\"https:\/\/jornalfatosenoticias.com.br\/wp-content\/uploads\/2020\/02\/logo_esteio.jpg\" alt=\"\" class=\"wp-image-1214\"\/><\/figure><\/div>\n\n\n\n<figure class=\"wp-block-pullquote\"><blockquote><p><span class=\"has-inline-color has-luminous-vivid-orange-color\">\u00c9 poss\u00edvel confirmar a identidade do entrevistador no\u00a0<a href=\"https:\/\/respondendo.ibge.gov.br\/\" target=\"_blank\" rel=\"noreferrer noopener\"><em>site<\/em>\u00a0Respondendo ao IBGE<\/a> ou via Central de atendimento (0800 721 8181), conferindo a matr\u00edcula, RG ou CPF do entrevistador, dados que podem ser solicitados pelo informante\u201d, destacou.<\/span><\/p><\/blockquote><\/figure>\n\n\n\n<div class=\"wp-block-image\"><figure class=\"aligncenter size-large\"><img loading=\"lazy\" decoding=\"async\" width=\"729\" height=\"90\" src=\"https:\/\/jornalfatosenoticias.com.br\/wp-content\/uploads\/2020\/02\/Logo_Mizu.png\" alt=\"\" class=\"wp-image-1441\" srcset=\"https:\/\/jornalfatosenoticias.com.br\/wp-content\/uploads\/2020\/02\/Logo_Mizu.png 729w, https:\/\/jornalfatosenoticias.com.br\/wp-content\/uploads\/2020\/02\/Logo_Mizu-300x37.png 300w\" sizes=\"auto, (max-width: 729px) 100vw, 729px\" \/><\/figure><\/div>\n\n\n\n<p><strong><em>Fonte: <a href=\"https:\/\/agenciabrasil.ebc.com.br\/economia\/noticia\/2022-09\/desemprego-cai-para-89-em-trimestre-encerrado-em-agosto-diz-ibge\">Ag\u00eancia Brasil<\/a><\/em><\/strong><\/p>\n","protected":false},"excerpt":{"rendered":"<p>N\u00famero de trabalhadores desocupados atingiu 9,7 milh\u00f5es O desemprego no Brasil diminuiu para 8,9% com a queda de 0,9 ponto percentual registrada no trimestre encerrado em agosto, em compara\u00e7\u00e3o com o per\u00edodo anterior, terminado em maio.O percentual \u00e9 o menor patamar desde o trimestre encerrado em julho de 2015, quando atingiu 8,7%. O contingente de [&hellip;]<\/p>\n","protected":false},"author":2,"featured_media":21928,"comment_status":"open","ping_status":"open","sticky":false,"template":"","format":"standard","meta":{"footnotes":""},"categories":[9],"tags":[11989,1971,13066,16286,1281,1284],"class_list":["post-34703","post","type-post","status-publish","format-standard","has-post-thumbnail","hentry","category-economia","tag-carteira-de-trabalho","tag-desemprego","tag-emprego","tag-emprego-formal","tag-ibge","tag-pnad-continua"],"yoast_head":"<!-- This site is optimized with the Yoast SEO plugin v26.5 - https:\/\/yoast.com\/wordpress\/plugins\/seo\/ -->\n<title>Desemprego cai para 8,9% em trimestre encerrado em agosto, diz IBGE - Jornal Fatos e Not\u00edcias<\/title>\n<meta name=\"robots\" content=\"index, follow, max-snippet:-1, max-image-preview:large, max-video-preview:-1\" \/>\n<link rel=\"canonical\" href=\"https:\/\/jornalfatosenoticias.com.br\/index.php\/2022\/09\/30\/desemprego-cai-para-89-em-trimestre-encerrado-em-agosto-diz-ibge\/\" \/>\n<meta property=\"og:locale\" content=\"pt_BR\" \/>\n<meta property=\"og:type\" content=\"article\" \/>\n<meta property=\"og:title\" content=\"Desemprego cai para 8,9% em trimestre encerrado em agosto, diz IBGE - Jornal Fatos e Not\u00edcias\" \/>\n<meta property=\"og:description\" content=\"N\u00famero de trabalhadores desocupados atingiu 9,7 milh\u00f5es O desemprego no Brasil diminuiu para 8,9% com a queda de 0,9 ponto percentual registrada no trimestre encerrado em agosto, em compara\u00e7\u00e3o com o per\u00edodo anterior, terminado em maio.O percentual \u00e9 o menor patamar desde o trimestre encerrado em julho de 2015, quando atingiu 8,7%. O contingente de [&hellip;]\" \/>\n<meta property=\"og:url\" content=\"https:\/\/jornalfatosenoticias.com.br\/index.php\/2022\/09\/30\/desemprego-cai-para-89-em-trimestre-encerrado-em-agosto-diz-ibge\/\" \/>\n<meta property=\"og:site_name\" content=\"Jornal Fatos e Not\u00edcias\" \/>\n<meta property=\"article:published_time\" content=\"2022-09-30T14:55:38+00:00\" \/>\n<meta property=\"article:modified_time\" content=\"2022-09-30T14:55:40+00:00\" \/>\n<meta property=\"og:image\" content=\"https:\/\/jornalfatosenoticias.com.br\/wp-content\/uploads\/2021\/08\/carteira_de_trabalho_fgts.jpg\" \/>\n\t<meta property=\"og:image:width\" content=\"1000\" \/>\n\t<meta property=\"og:image:height\" content=\"598\" \/>\n\t<meta property=\"og:image:type\" content=\"image\/jpeg\" \/>\n<meta name=\"author\" content=\"Luzimara Fernandes\" \/>\n<meta name=\"twitter:card\" content=\"summary_large_image\" \/>\n<meta name=\"twitter:label1\" content=\"Escrito por\" \/>\n\t<meta name=\"twitter:data1\" content=\"Luzimara Fernandes\" \/>\n\t<meta name=\"twitter:label2\" content=\"Est. tempo de leitura\" \/>\n\t<meta name=\"twitter:data2\" content=\"4 minutos\" \/>\n<script type=\"application\/ld+json\" class=\"yoast-schema-graph\">{\"@context\":\"https:\/\/schema.org\",\"@graph\":[{\"@type\":\"Article\",\"@id\":\"https:\/\/jornalfatosenoticias.com.br\/index.php\/2022\/09\/30\/desemprego-cai-para-89-em-trimestre-encerrado-em-agosto-diz-ibge\/#article\",\"isPartOf\":{\"@id\":\"https:\/\/jornalfatosenoticias.com.br\/index.php\/2022\/09\/30\/desemprego-cai-para-89-em-trimestre-encerrado-em-agosto-diz-ibge\/\"},\"author\":{\"name\":\"Luzimara Fernandes\",\"@id\":\"https:\/\/jornalfatosenoticias.com.br\/#\/schema\/person\/d63837fa13ac8666eb9e74e0985d6f81\"},\"headline\":\"Desemprego cai para 8,9% em trimestre encerrado em agosto, diz IBGE\",\"datePublished\":\"2022-09-30T14:55:38+00:00\",\"dateModified\":\"2022-09-30T14:55:40+00:00\",\"mainEntityOfPage\":{\"@id\":\"https:\/\/jornalfatosenoticias.com.br\/index.php\/2022\/09\/30\/desemprego-cai-para-89-em-trimestre-encerrado-em-agosto-diz-ibge\/\"},\"wordCount\":736,\"commentCount\":0,\"publisher\":{\"@id\":\"https:\/\/jornalfatosenoticias.com.br\/#organization\"},\"image\":{\"@id\":\"https:\/\/jornalfatosenoticias.com.br\/index.php\/2022\/09\/30\/desemprego-cai-para-89-em-trimestre-encerrado-em-agosto-diz-ibge\/#primaryimage\"},\"thumbnailUrl\":\"https:\/\/jornalfatosenoticias.com.br\/wp-content\/uploads\/2021\/08\/carteira_de_trabalho_fgts.jpg\",\"keywords\":[\"carteira de trabalho\",\"desemprego\",\"emprego\",\"emprego formal\",\"IBGE\",\"Pnad Cont\u00ednua\"],\"articleSection\":[\"Economia\"],\"inLanguage\":\"pt-BR\",\"potentialAction\":[{\"@type\":\"CommentAction\",\"name\":\"Comment\",\"target\":[\"https:\/\/jornalfatosenoticias.com.br\/index.php\/2022\/09\/30\/desemprego-cai-para-89-em-trimestre-encerrado-em-agosto-diz-ibge\/#respond\"]}]},{\"@type\":\"WebPage\",\"@id\":\"https:\/\/jornalfatosenoticias.com.br\/index.php\/2022\/09\/30\/desemprego-cai-para-89-em-trimestre-encerrado-em-agosto-diz-ibge\/\",\"url\":\"https:\/\/jornalfatosenoticias.com.br\/index.php\/2022\/09\/30\/desemprego-cai-para-89-em-trimestre-encerrado-em-agosto-diz-ibge\/\",\"name\":\"Desemprego cai para 8,9% em trimestre encerrado em agosto, diz IBGE - Jornal Fatos e Not\u00edcias\",\"isPartOf\":{\"@id\":\"https:\/\/jornalfatosenoticias.com.br\/#website\"},\"primaryImageOfPage\":{\"@id\":\"https:\/\/jornalfatosenoticias.com.br\/index.php\/2022\/09\/30\/desemprego-cai-para-89-em-trimestre-encerrado-em-agosto-diz-ibge\/#primaryimage\"},\"image\":{\"@id\":\"https:\/\/jornalfatosenoticias.com.br\/index.php\/2022\/09\/30\/desemprego-cai-para-89-em-trimestre-encerrado-em-agosto-diz-ibge\/#primaryimage\"},\"thumbnailUrl\":\"https:\/\/jornalfatosenoticias.com.br\/wp-content\/uploads\/2021\/08\/carteira_de_trabalho_fgts.jpg\",\"datePublished\":\"2022-09-30T14:55:38+00:00\",\"dateModified\":\"2022-09-30T14:55:40+00:00\",\"breadcrumb\":{\"@id\":\"https:\/\/jornalfatosenoticias.com.br\/index.php\/2022\/09\/30\/desemprego-cai-para-89-em-trimestre-encerrado-em-agosto-diz-ibge\/#breadcrumb\"},\"inLanguage\":\"pt-BR\",\"potentialAction\":[{\"@type\":\"ReadAction\",\"target\":[\"https:\/\/jornalfatosenoticias.com.br\/index.php\/2022\/09\/30\/desemprego-cai-para-89-em-trimestre-encerrado-em-agosto-diz-ibge\/\"]}]},{\"@type\":\"ImageObject\",\"inLanguage\":\"pt-BR\",\"@id\":\"https:\/\/jornalfatosenoticias.com.br\/index.php\/2022\/09\/30\/desemprego-cai-para-89-em-trimestre-encerrado-em-agosto-diz-ibge\/#primaryimage\",\"url\":\"https:\/\/jornalfatosenoticias.com.br\/wp-content\/uploads\/2021\/08\/carteira_de_trabalho_fgts.jpg\",\"contentUrl\":\"https:\/\/jornalfatosenoticias.com.br\/wp-content\/uploads\/2021\/08\/carteira_de_trabalho_fgts.jpg\",\"width\":1000,\"height\":598,\"caption\":\"carteira de trabalho\"},{\"@type\":\"BreadcrumbList\",\"@id\":\"https:\/\/jornalfatosenoticias.com.br\/index.php\/2022\/09\/30\/desemprego-cai-para-89-em-trimestre-encerrado-em-agosto-diz-ibge\/#breadcrumb\",\"itemListElement\":[{\"@type\":\"ListItem\",\"position\":1,\"name\":\"In\u00edcio\",\"item\":\"https:\/\/jornalfatosenoticias.com.br\/\"},{\"@type\":\"ListItem\",\"position\":2,\"name\":\"Desemprego cai para 8,9% em trimestre encerrado em agosto, diz IBGE\"}]},{\"@type\":\"WebSite\",\"@id\":\"https:\/\/jornalfatosenoticias.com.br\/#website\",\"url\":\"https:\/\/jornalfatosenoticias.com.br\/\",\"name\":\"Jornal Fatos e Not\u00edcias\",\"description\":\"Not\u00edcias em geral\",\"publisher\":{\"@id\":\"https:\/\/jornalfatosenoticias.com.br\/#organization\"},\"potentialAction\":[{\"@type\":\"SearchAction\",\"target\":{\"@type\":\"EntryPoint\",\"urlTemplate\":\"https:\/\/jornalfatosenoticias.com.br\/?s={search_term_string}\"},\"query-input\":{\"@type\":\"PropertyValueSpecification\",\"valueRequired\":true,\"valueName\":\"search_term_string\"}}],\"inLanguage\":\"pt-BR\"},{\"@type\":\"Organization\",\"@id\":\"https:\/\/jornalfatosenoticias.com.br\/#organization\",\"name\":\"Jornal Fatos e Not\u00edcias\",\"url\":\"https:\/\/jornalfatosenoticias.com.br\/\",\"logo\":{\"@type\":\"ImageObject\",\"inLanguage\":\"pt-BR\",\"@id\":\"https:\/\/jornalfatosenoticias.com.br\/#\/schema\/logo\/image\/\",\"url\":\"https:\/\/jornalfatosenoticias.com.br\/wp-content\/uploads\/2020\/02\/logo120.png\",\"contentUrl\":\"https:\/\/jornalfatosenoticias.com.br\/wp-content\/uploads\/2020\/02\/logo120.png\",\"width\":1227,\"height\":120,\"caption\":\"Jornal Fatos e Not\u00edcias\"},\"image\":{\"@id\":\"https:\/\/jornalfatosenoticias.com.br\/#\/schema\/logo\/image\/\"}},{\"@type\":\"Person\",\"@id\":\"https:\/\/jornalfatosenoticias.com.br\/#\/schema\/person\/d63837fa13ac8666eb9e74e0985d6f81\",\"name\":\"Luzimara Fernandes\",\"image\":{\"@type\":\"ImageObject\",\"inLanguage\":\"pt-BR\",\"@id\":\"https:\/\/jornalfatosenoticias.com.br\/#\/schema\/person\/image\/\",\"url\":\"https:\/\/jornalfatosenoticias.com.br\/wp-content\/uploads\/2025\/05\/EU_portal.jpg\",\"contentUrl\":\"https:\/\/jornalfatosenoticias.com.br\/wp-content\/uploads\/2025\/05\/EU_portal.jpg\",\"caption\":\"Luzimara Fernandes\"},\"description\":\"Jornalista MTB 2358-ES\",\"sameAs\":[\"https:\/\/jornalfatosenoticias.com.br\"],\"url\":\"https:\/\/jornalfatosenoticias.com.br\/index.php\/author\/luzimara\/\"}]}<\/script>\n<!-- \/ Yoast SEO plugin. -->","yoast_head_json":{"title":"Desemprego cai para 8,9% em trimestre encerrado em agosto, diz IBGE - Jornal Fatos e Not\u00edcias","robots":{"index":"index","follow":"follow","max-snippet":"max-snippet:-1","max-image-preview":"max-image-preview:large","max-video-preview":"max-video-preview:-1"},"canonical":"https:\/\/jornalfatosenoticias.com.br\/index.php\/2022\/09\/30\/desemprego-cai-para-89-em-trimestre-encerrado-em-agosto-diz-ibge\/","og_locale":"pt_BR","og_type":"article","og_title":"Desemprego cai para 8,9% em trimestre encerrado em agosto, diz IBGE - Jornal Fatos e Not\u00edcias","og_description":"N\u00famero de trabalhadores desocupados atingiu 9,7 milh\u00f5es O desemprego no Brasil diminuiu para 8,9% com a queda de 0,9 ponto percentual registrada no trimestre encerrado em agosto, em compara\u00e7\u00e3o com o per\u00edodo anterior, terminado em maio.O percentual \u00e9 o menor patamar desde o trimestre encerrado em julho de 2015, quando atingiu 8,7%. O contingente de [&hellip;]","og_url":"https:\/\/jornalfatosenoticias.com.br\/index.php\/2022\/09\/30\/desemprego-cai-para-89-em-trimestre-encerrado-em-agosto-diz-ibge\/","og_site_name":"Jornal Fatos e Not\u00edcias","article_published_time":"2022-09-30T14:55:38+00:00","article_modified_time":"2022-09-30T14:55:40+00:00","og_image":[{"width":1000,"height":598,"url":"https:\/\/jornalfatosenoticias.com.br\/wp-content\/uploads\/2021\/08\/carteira_de_trabalho_fgts.jpg","type":"image\/jpeg"}],"author":"Luzimara Fernandes","twitter_card":"summary_large_image","twitter_misc":{"Escrito por":"Luzimara Fernandes","Est. tempo de leitura":"4 minutos"},"schema":{"@context":"https:\/\/schema.org","@graph":[{"@type":"Article","@id":"https:\/\/jornalfatosenoticias.com.br\/index.php\/2022\/09\/30\/desemprego-cai-para-89-em-trimestre-encerrado-em-agosto-diz-ibge\/#article","isPartOf":{"@id":"https:\/\/jornalfatosenoticias.com.br\/index.php\/2022\/09\/30\/desemprego-cai-para-89-em-trimestre-encerrado-em-agosto-diz-ibge\/"},"author":{"name":"Luzimara Fernandes","@id":"https:\/\/jornalfatosenoticias.com.br\/#\/schema\/person\/d63837fa13ac8666eb9e74e0985d6f81"},"headline":"Desemprego cai para 8,9% em trimestre encerrado em agosto, diz IBGE","datePublished":"2022-09-30T14:55:38+00:00","dateModified":"2022-09-30T14:55:40+00:00","mainEntityOfPage":{"@id":"https:\/\/jornalfatosenoticias.com.br\/index.php\/2022\/09\/30\/desemprego-cai-para-89-em-trimestre-encerrado-em-agosto-diz-ibge\/"},"wordCount":736,"commentCount":0,"publisher":{"@id":"https:\/\/jornalfatosenoticias.com.br\/#organization"},"image":{"@id":"https:\/\/jornalfatosenoticias.com.br\/index.php\/2022\/09\/30\/desemprego-cai-para-89-em-trimestre-encerrado-em-agosto-diz-ibge\/#primaryimage"},"thumbnailUrl":"https:\/\/jornalfatosenoticias.com.br\/wp-content\/uploads\/2021\/08\/carteira_de_trabalho_fgts.jpg","keywords":["carteira de trabalho","desemprego","emprego","emprego formal","IBGE","Pnad Cont\u00ednua"],"articleSection":["Economia"],"inLanguage":"pt-BR","potentialAction":[{"@type":"CommentAction","name":"Comment","target":["https:\/\/jornalfatosenoticias.com.br\/index.php\/2022\/09\/30\/desemprego-cai-para-89-em-trimestre-encerrado-em-agosto-diz-ibge\/#respond"]}]},{"@type":"WebPage","@id":"https:\/\/jornalfatosenoticias.com.br\/index.php\/2022\/09\/30\/desemprego-cai-para-89-em-trimestre-encerrado-em-agosto-diz-ibge\/","url":"https:\/\/jornalfatosenoticias.com.br\/index.php\/2022\/09\/30\/desemprego-cai-para-89-em-trimestre-encerrado-em-agosto-diz-ibge\/","name":"Desemprego cai para 8,9% em trimestre encerrado em agosto, diz IBGE - Jornal Fatos e Not\u00edcias","isPartOf":{"@id":"https:\/\/jornalfatosenoticias.com.br\/#website"},"primaryImageOfPage":{"@id":"https:\/\/jornalfatosenoticias.com.br\/index.php\/2022\/09\/30\/desemprego-cai-para-89-em-trimestre-encerrado-em-agosto-diz-ibge\/#primaryimage"},"image":{"@id":"https:\/\/jornalfatosenoticias.com.br\/index.php\/2022\/09\/30\/desemprego-cai-para-89-em-trimestre-encerrado-em-agosto-diz-ibge\/#primaryimage"},"thumbnailUrl":"https:\/\/jornalfatosenoticias.com.br\/wp-content\/uploads\/2021\/08\/carteira_de_trabalho_fgts.jpg","datePublished":"2022-09-30T14:55:38+00:00","dateModified":"2022-09-30T14:55:40+00:00","breadcrumb":{"@id":"https:\/\/jornalfatosenoticias.com.br\/index.php\/2022\/09\/30\/desemprego-cai-para-89-em-trimestre-encerrado-em-agosto-diz-ibge\/#breadcrumb"},"inLanguage":"pt-BR","potentialAction":[{"@type":"ReadAction","target":["https:\/\/jornalfatosenoticias.com.br\/index.php\/2022\/09\/30\/desemprego-cai-para-89-em-trimestre-encerrado-em-agosto-diz-ibge\/"]}]},{"@type":"ImageObject","inLanguage":"pt-BR","@id":"https:\/\/jornalfatosenoticias.com.br\/index.php\/2022\/09\/30\/desemprego-cai-para-89-em-trimestre-encerrado-em-agosto-diz-ibge\/#primaryimage","url":"https:\/\/jornalfatosenoticias.com.br\/wp-content\/uploads\/2021\/08\/carteira_de_trabalho_fgts.jpg","contentUrl":"https:\/\/jornalfatosenoticias.com.br\/wp-content\/uploads\/2021\/08\/carteira_de_trabalho_fgts.jpg","width":1000,"height":598,"caption":"carteira de trabalho"},{"@type":"BreadcrumbList","@id":"https:\/\/jornalfatosenoticias.com.br\/index.php\/2022\/09\/30\/desemprego-cai-para-89-em-trimestre-encerrado-em-agosto-diz-ibge\/#breadcrumb","itemListElement":[{"@type":"ListItem","position":1,"name":"In\u00edcio","item":"https:\/\/jornalfatosenoticias.com.br\/"},{"@type":"ListItem","position":2,"name":"Desemprego cai para 8,9% em trimestre encerrado em agosto, diz IBGE"}]},{"@type":"WebSite","@id":"https:\/\/jornalfatosenoticias.com.br\/#website","url":"https:\/\/jornalfatosenoticias.com.br\/","name":"Jornal Fatos e Not\u00edcias","description":"Not\u00edcias em geral","publisher":{"@id":"https:\/\/jornalfatosenoticias.com.br\/#organization"},"potentialAction":[{"@type":"SearchAction","target":{"@type":"EntryPoint","urlTemplate":"https:\/\/jornalfatosenoticias.com.br\/?s={search_term_string}"},"query-input":{"@type":"PropertyValueSpecification","valueRequired":true,"valueName":"search_term_string"}}],"inLanguage":"pt-BR"},{"@type":"Organization","@id":"https:\/\/jornalfatosenoticias.com.br\/#organization","name":"Jornal Fatos e Not\u00edcias","url":"https:\/\/jornalfatosenoticias.com.br\/","logo":{"@type":"ImageObject","inLanguage":"pt-BR","@id":"https:\/\/jornalfatosenoticias.com.br\/#\/schema\/logo\/image\/","url":"https:\/\/jornalfatosenoticias.com.br\/wp-content\/uploads\/2020\/02\/logo120.png","contentUrl":"https:\/\/jornalfatosenoticias.com.br\/wp-content\/uploads\/2020\/02\/logo120.png","width":1227,"height":120,"caption":"Jornal Fatos e Not\u00edcias"},"image":{"@id":"https:\/\/jornalfatosenoticias.com.br\/#\/schema\/logo\/image\/"}},{"@type":"Person","@id":"https:\/\/jornalfatosenoticias.com.br\/#\/schema\/person\/d63837fa13ac8666eb9e74e0985d6f81","name":"Luzimara Fernandes","image":{"@type":"ImageObject","inLanguage":"pt-BR","@id":"https:\/\/jornalfatosenoticias.com.br\/#\/schema\/person\/image\/","url":"https:\/\/jornalfatosenoticias.com.br\/wp-content\/uploads\/2025\/05\/EU_portal.jpg","contentUrl":"https:\/\/jornalfatosenoticias.com.br\/wp-content\/uploads\/2025\/05\/EU_portal.jpg","caption":"Luzimara Fernandes"},"description":"Jornalista MTB 2358-ES","sameAs":["https:\/\/jornalfatosenoticias.com.br"],"url":"https:\/\/jornalfatosenoticias.com.br\/index.php\/author\/luzimara\/"}]}},"cc_featured_image_caption":{"caption_text":"(Foto: Marcello Casal Jr\/Ag\u00eancia Brasil) ","source_text":"","source_url":""},"jetpack_featured_media_url":"https:\/\/jornalfatosenoticias.com.br\/wp-content\/uploads\/2021\/08\/carteira_de_trabalho_fgts.jpg","_links":{"self":[{"href":"https:\/\/jornalfatosenoticias.com.br\/index.php\/wp-json\/wp\/v2\/posts\/34703","targetHints":{"allow":["GET"]}}],"collection":[{"href":"https:\/\/jornalfatosenoticias.com.br\/index.php\/wp-json\/wp\/v2\/posts"}],"about":[{"href":"https:\/\/jornalfatosenoticias.com.br\/index.php\/wp-json\/wp\/v2\/types\/post"}],"author":[{"embeddable":true,"href":"https:\/\/jornalfatosenoticias.com.br\/index.php\/wp-json\/wp\/v2\/users\/2"}],"replies":[{"embeddable":true,"href":"https:\/\/jornalfatosenoticias.com.br\/index.php\/wp-json\/wp\/v2\/comments?post=34703"}],"version-history":[{"count":0,"href":"https:\/\/jornalfatosenoticias.com.br\/index.php\/wp-json\/wp\/v2\/posts\/34703\/revisions"}],"wp:featuredmedia":[{"embeddable":true,"href":"https:\/\/jornalfatosenoticias.com.br\/index.php\/wp-json\/wp\/v2\/media\/21928"}],"wp:attachment":[{"href":"https:\/\/jornalfatosenoticias.com.br\/index.php\/wp-json\/wp\/v2\/media?parent=34703"}],"wp:term":[{"taxonomy":"category","embeddable":true,"href":"https:\/\/jornalfatosenoticias.com.br\/index.php\/wp-json\/wp\/v2\/categories?post=34703"},{"taxonomy":"post_tag","embeddable":true,"href":"https:\/\/jornalfatosenoticias.com.br\/index.php\/wp-json\/wp\/v2\/tags?post=34703"}],"curies":[{"name":"wp","href":"https:\/\/api.w.org\/{rel}","templated":true}]}}