{"id":34708,"date":"2022-09-30T12:20:35","date_gmt":"2022-09-30T15:20:35","guid":{"rendered":"https:\/\/jornalfatosenoticias.com.br\/?p=34708"},"modified":"2022-09-30T12:20:37","modified_gmt":"2022-09-30T15:20:37","slug":"projeto-escolas-verdes-quer-levar-sustentabilidade-as-salas-de-aula","status":"publish","type":"post","link":"https:\/\/jornalfatosenoticias.com.br\/index.php\/2022\/09\/30\/projeto-escolas-verdes-quer-levar-sustentabilidade-as-salas-de-aula\/","title":{"rendered":"Projeto Escolas + Verdes quer levar sustentabilidade \u00e0s salas de aula"},"content":{"rendered":"\n<p><em><span class=\"has-inline-color has-black-color\">Proposta \u00e9 tornar comunidade escolar protagonista no projeto<\/span><\/em><\/p>\n\n\n\n<div class=\"wp-block-image\"><figure class=\"aligncenter size-large\"><img loading=\"lazy\" decoding=\"async\" width=\"1024\" height=\"100\" src=\"https:\/\/jornalfatosenoticias.com.br\/wp-content\/uploads\/2022\/05\/NOVA-LOGO-CESCONETTO-1024x100.jpg\" alt=\"\" class=\"wp-image-30792\" srcset=\"https:\/\/jornalfatosenoticias.com.br\/wp-content\/uploads\/2022\/05\/NOVA-LOGO-CESCONETTO-1024x100.jpg 1024w, https:\/\/jornalfatosenoticias.com.br\/wp-content\/uploads\/2022\/05\/NOVA-LOGO-CESCONETTO-300x29.jpg 300w, https:\/\/jornalfatosenoticias.com.br\/wp-content\/uploads\/2022\/05\/NOVA-LOGO-CESCONETTO-768x75.jpg 768w, https:\/\/jornalfatosenoticias.com.br\/wp-content\/uploads\/2022\/05\/NOVA-LOGO-CESCONETTO.jpg 1280w\" sizes=\"auto, (max-width: 1024px) 100vw, 1024px\" \/><\/figure><\/div>\n\n\n\n<p>Com uma previs\u00e3o de investimento inicial de at\u00e9 R$ 300 milh\u00f5es, o projeto Escolas + Verdes pretende levar sustentabilidade para as salas de aula. De acordo com o secret\u00e1rio de Qualidade Ambiental do Minist\u00e9rio do Meio Ambiente, Andr\u00e9 Fran\u00e7a, as a\u00e7\u00f5es a serem implementadas nas escolas, em parceria com o Minist\u00e9rio da Educa\u00e7\u00e3o, incluem separa\u00e7\u00e3o e tratamento de res\u00edduos, reciclagem, log\u00edstica reversa, re\u00faso e efici\u00eancia no uso da \u00e1gua, efici\u00eancia energ\u00e9tica e energias renov\u00e1veis.<\/p>\n\n\n\n<div class=\"wp-block-image\"><figure class=\"aligncenter size-large is-resized\"><img loading=\"lazy\" decoding=\"async\" src=\"https:\/\/jornalfatosenoticias.com.br\/wp-content\/uploads\/2020\/02\/SEVENTUR-TURISMO.jpg\" alt=\"\" class=\"wp-image-32994\" width=\"239\" height=\"189\"\/><\/figure><\/div>\n\n\n\n<p>Em entrevista ao programa<em> Rep\u00f3rter Nacional,<\/em> da <strong>R\u00e1dio Nacional,<\/strong> o secret\u00e1rio destacou que a proposta \u00e9 que a comunidade escolar se torne protagonista no projeto.<\/p>\n\n\n\n<figure class=\"wp-block-image size-large\"><img loading=\"lazy\" decoding=\"async\" width=\"1000\" height=\"598\" src=\"https:\/\/jornalfatosenoticias.com.br\/wp-content\/uploads\/2022\/09\/ESCOLASVERDES.jpg\" alt=\"\" class=\"wp-image-34709\" srcset=\"https:\/\/jornalfatosenoticias.com.br\/wp-content\/uploads\/2022\/09\/ESCOLASVERDES.jpg 1000w, https:\/\/jornalfatosenoticias.com.br\/wp-content\/uploads\/2022\/09\/ESCOLASVERDES-300x179.jpg 300w, https:\/\/jornalfatosenoticias.com.br\/wp-content\/uploads\/2022\/09\/ESCOLASVERDES-768x459.jpg 768w\" sizes=\"auto, (max-width: 1000px) 100vw, 1000px\" \/><figcaption><em><span class=\"has-inline-color has-black-color\">Secret\u00e1rio de Qualidade Ambiental do Minist\u00e9rio do Meio Ambiente, Andr\u00e9 Fran\u00e7a (Foto: Ant\u00f4nio Cruz\/Ag\u00eancia Brasil)<\/span><\/em><\/figcaption><\/figure>\n\n\n\n<div class=\"wp-block-image\"><figure class=\"aligncenter size-large is-resized\"><img loading=\"lazy\" decoding=\"async\" src=\"https:\/\/jornalfatosenoticias.com.br\/wp-content\/uploads\/2022\/08\/logo-locau-veiculos-1024x573.png\" alt=\"\" class=\"wp-image-33078\" width=\"274\" height=\"153\"\/><\/figure><\/div>\n\n\n\n<figure class=\"wp-block-pullquote\"><blockquote><p><span class=\"has-inline-color has-luminous-vivid-orange-color\">Diretores, professores, alunos est\u00e3o diretamente envolvidos nessas a\u00e7\u00f5es, que visam justamente despertar o interesse para a agenda ambiental, com a\u00e7\u00f5es concretas, a\u00e7\u00f5es pr\u00e1ticas que as crian\u00e7as e jovens poder\u00e3o levar para as suas resid\u00eancias e gerar mais sustentabilidade\u201d.<\/span><\/p><\/blockquote><\/figure>\n\n\n\n<div class=\"wp-block-image\"><figure class=\"aligncenter size-large\"><img loading=\"lazy\" decoding=\"async\" width=\"1024\" height=\"100\" src=\"https:\/\/jornalfatosenoticias.com.br\/wp-content\/uploads\/2020\/02\/banner_ferramentas-1024x100.jpg\" alt=\"\" class=\"wp-image-1258\" srcset=\"https:\/\/jornalfatosenoticias.com.br\/wp-content\/uploads\/2020\/02\/banner_ferramentas-1024x100.jpg 1024w, https:\/\/jornalfatosenoticias.com.br\/wp-content\/uploads\/2020\/02\/banner_ferramentas-300x29.jpg 300w, https:\/\/jornalfatosenoticias.com.br\/wp-content\/uploads\/2020\/02\/banner_ferramentas-768x75.jpg 768w, https:\/\/jornalfatosenoticias.com.br\/wp-content\/uploads\/2020\/02\/banner_ferramentas.jpg 1227w\" sizes=\"auto, (max-width: 1024px) 100vw, 1024px\" \/><\/figure><\/div>\n\n\n\n<p>O projeto utiliza biodigestores, equipamento simples, mas que, segundo Fran\u00e7a, gera at\u00e9 dois botij\u00f5es e meio de g\u00e1s por m\u00eas, totalizando 30 botij\u00f5es ao ano gerados por meio de energia renov\u00e1vel que volta para o fog\u00e3o da escola para o preparo da merenda.<\/p>\n\n\n\n<div class=\"wp-block-image\"><figure class=\"aligncenter size-large is-resized\"><img loading=\"lazy\" decoding=\"async\" src=\"https:\/\/jornalfatosenoticias.com.br\/wp-content\/uploads\/2020\/02\/nova-logo-Marquetti.jpg\" alt=\"\" class=\"wp-image-22331\" width=\"265\" height=\"178\" srcset=\"https:\/\/jornalfatosenoticias.com.br\/wp-content\/uploads\/2020\/02\/nova-logo-Marquetti.jpg 643w, https:\/\/jornalfatosenoticias.com.br\/wp-content\/uploads\/2020\/02\/nova-logo-Marquetti-300x202.jpg 300w\" sizes=\"auto, (max-width: 265px) 100vw, 265px\" \/><\/figure><\/div>\n\n\n\n<figure class=\"wp-block-pullquote\"><blockquote><p><span class=\"has-inline-color has-luminous-vivid-orange-color\">Ensina sobre o combate ao desperd\u00edcio porque esse material, ao inv\u00e9s de ser descartado e ir para o aterro sanit\u00e1rio, volta gerando biofertilizante. Nada \u00e9 desperdi\u00e7ado. A grande mensagem \u00e9: n\u00e3o existe lixo, existe mat\u00e9ria-prima fora do lugar. Se ela for bem aproveitada, pode gerar valor, riqueza, renda. Isso tudo com sustentabilidade\u201d, concluiu.<\/span><\/p><\/blockquote><\/figure>\n\n\n\n<div class=\"wp-block-image\"><figure class=\"aligncenter size-large\"><img decoding=\"async\" src=\"https:\/\/jornalfatosenoticias.com.br\/wp-content\/uploads\/2020\/02\/barao-das-carnes-300x164-1.jpg\" alt=\"\" class=\"wp-image-34339\"\/><\/figure><\/div>\n\n\n\n<p><em><span class=\"has-inline-color has-black-color\"><strong>Foto de Capa:<\/strong> Lan\u00e7amento do projeto Bosque-Escola em Paranagu\u00e1, Curitiba<\/span><\/em><\/p>\n\n\n\n<p><strong><em>Fonte: <a href=\"https:\/\/agenciabrasil.ebc.com.br\/educacao\/noticia\/2022-09\/projeto-escolas-verdes-quer-levar-sustentabilidade-salas-de-aula\">Ag\u00eancia Brasil<\/a><\/em><\/strong><\/p>\n","protected":false},"excerpt":{"rendered":"<p>Proposta \u00e9 tornar comunidade escolar protagonista no projeto Com uma previs\u00e3o de investimento inicial de at\u00e9 R$ 300 milh\u00f5es, o projeto Escolas + Verdes pretende levar sustentabilidade para as salas de aula. De acordo com o secret\u00e1rio de Qualidade Ambiental do Minist\u00e9rio do Meio Ambiente, Andr\u00e9 Fran\u00e7a, as a\u00e7\u00f5es a serem implementadas nas escolas, em [&hellip;]<\/p>\n","protected":false},"author":2,"featured_media":34710,"comment_status":"open","ping_status":"open","sticky":false,"template":"","format":"standard","meta":{"footnotes":""},"categories":[7],"tags":[451,16288,16287,16289,734],"class_list":["post-34708","post","type-post","status-publish","format-standard","has-post-thumbnail","hentry","category-educacao","tag-agua","tag-energias-renovaveis","tag-projeto-escolas-verdes","tag-salas-de-aula","tag-sustentabilidade"],"yoast_head":"<!-- This site is optimized with the Yoast SEO plugin v26.5 - https:\/\/yoast.com\/wordpress\/plugins\/seo\/ -->\n<title>Projeto Escolas + Verdes quer levar sustentabilidade \u00e0s salas de aula - Jornal Fatos e Not\u00edcias<\/title>\n<meta name=\"robots\" content=\"index, follow, max-snippet:-1, max-image-preview:large, max-video-preview:-1\" \/>\n<link rel=\"canonical\" href=\"https:\/\/jornalfatosenoticias.com.br\/index.php\/2022\/09\/30\/projeto-escolas-verdes-quer-levar-sustentabilidade-as-salas-de-aula\/\" \/>\n<meta property=\"og:locale\" content=\"pt_BR\" \/>\n<meta property=\"og:type\" content=\"article\" \/>\n<meta property=\"og:title\" content=\"Projeto Escolas + Verdes quer levar sustentabilidade \u00e0s salas de aula - Jornal Fatos e Not\u00edcias\" \/>\n<meta property=\"og:description\" content=\"Proposta \u00e9 tornar comunidade escolar protagonista no projeto Com uma previs\u00e3o de investimento inicial de at\u00e9 R$ 300 milh\u00f5es, o projeto Escolas + Verdes pretende levar sustentabilidade para as salas de aula. De acordo com o secret\u00e1rio de Qualidade Ambiental do Minist\u00e9rio do Meio Ambiente, Andr\u00e9 Fran\u00e7a, as a\u00e7\u00f5es a serem implementadas nas escolas, em [&hellip;]\" \/>\n<meta property=\"og:url\" content=\"https:\/\/jornalfatosenoticias.com.br\/index.php\/2022\/09\/30\/projeto-escolas-verdes-quer-levar-sustentabilidade-as-salas-de-aula\/\" \/>\n<meta property=\"og:site_name\" content=\"Jornal Fatos e Not\u00edcias\" \/>\n<meta property=\"article:published_time\" content=\"2022-09-30T15:20:35+00:00\" \/>\n<meta property=\"article:modified_time\" content=\"2022-09-30T15:20:37+00:00\" \/>\n<meta property=\"og:image\" content=\"https:\/\/jornalfatosenoticias.com.br\/wp-content\/uploads\/2022\/09\/ESCOLASVERDES_capa.jpg\" \/>\n\t<meta property=\"og:image:width\" content=\"1000\" \/>\n\t<meta property=\"og:image:height\" content=\"666\" \/>\n\t<meta property=\"og:image:type\" content=\"image\/jpeg\" \/>\n<meta name=\"author\" content=\"Luzimara Fernandes\" \/>\n<meta name=\"twitter:card\" content=\"summary_large_image\" \/>\n<meta name=\"twitter:label1\" content=\"Escrito por\" \/>\n\t<meta name=\"twitter:data1\" content=\"Luzimara Fernandes\" \/>\n\t<meta name=\"twitter:label2\" content=\"Est. tempo de leitura\" \/>\n\t<meta name=\"twitter:data2\" content=\"2 minutos\" \/>\n<script type=\"application\/ld+json\" class=\"yoast-schema-graph\">{\"@context\":\"https:\/\/schema.org\",\"@graph\":[{\"@type\":\"Article\",\"@id\":\"https:\/\/jornalfatosenoticias.com.br\/index.php\/2022\/09\/30\/projeto-escolas-verdes-quer-levar-sustentabilidade-as-salas-de-aula\/#article\",\"isPartOf\":{\"@id\":\"https:\/\/jornalfatosenoticias.com.br\/index.php\/2022\/09\/30\/projeto-escolas-verdes-quer-levar-sustentabilidade-as-salas-de-aula\/\"},\"author\":{\"name\":\"Luzimara Fernandes\",\"@id\":\"https:\/\/jornalfatosenoticias.com.br\/#\/schema\/person\/d63837fa13ac8666eb9e74e0985d6f81\"},\"headline\":\"Projeto Escolas + Verdes quer levar sustentabilidade \u00e0s salas de aula\",\"datePublished\":\"2022-09-30T15:20:35+00:00\",\"dateModified\":\"2022-09-30T15:20:37+00:00\",\"mainEntityOfPage\":{\"@id\":\"https:\/\/jornalfatosenoticias.com.br\/index.php\/2022\/09\/30\/projeto-escolas-verdes-quer-levar-sustentabilidade-as-salas-de-aula\/\"},\"wordCount\":320,\"commentCount\":0,\"publisher\":{\"@id\":\"https:\/\/jornalfatosenoticias.com.br\/#organization\"},\"image\":{\"@id\":\"https:\/\/jornalfatosenoticias.com.br\/index.php\/2022\/09\/30\/projeto-escolas-verdes-quer-levar-sustentabilidade-as-salas-de-aula\/#primaryimage\"},\"thumbnailUrl\":\"https:\/\/jornalfatosenoticias.com.br\/wp-content\/uploads\/2022\/09\/ESCOLASVERDES_capa.jpg\",\"keywords\":[\"\u00e1gua\",\"energias renov\u00e1veis\",\"Projeto Escolas + Verdes\",\"salas de aula\",\"sustentabilidade\"],\"articleSection\":[\"Educa\u00e7\u00e3o\"],\"inLanguage\":\"pt-BR\",\"potentialAction\":[{\"@type\":\"CommentAction\",\"name\":\"Comment\",\"target\":[\"https:\/\/jornalfatosenoticias.com.br\/index.php\/2022\/09\/30\/projeto-escolas-verdes-quer-levar-sustentabilidade-as-salas-de-aula\/#respond\"]}]},{\"@type\":\"WebPage\",\"@id\":\"https:\/\/jornalfatosenoticias.com.br\/index.php\/2022\/09\/30\/projeto-escolas-verdes-quer-levar-sustentabilidade-as-salas-de-aula\/\",\"url\":\"https:\/\/jornalfatosenoticias.com.br\/index.php\/2022\/09\/30\/projeto-escolas-verdes-quer-levar-sustentabilidade-as-salas-de-aula\/\",\"name\":\"Projeto Escolas + Verdes quer levar sustentabilidade \u00e0s salas de aula - Jornal Fatos e Not\u00edcias\",\"isPartOf\":{\"@id\":\"https:\/\/jornalfatosenoticias.com.br\/#website\"},\"primaryImageOfPage\":{\"@id\":\"https:\/\/jornalfatosenoticias.com.br\/index.php\/2022\/09\/30\/projeto-escolas-verdes-quer-levar-sustentabilidade-as-salas-de-aula\/#primaryimage\"},\"image\":{\"@id\":\"https:\/\/jornalfatosenoticias.com.br\/index.php\/2022\/09\/30\/projeto-escolas-verdes-quer-levar-sustentabilidade-as-salas-de-aula\/#primaryimage\"},\"thumbnailUrl\":\"https:\/\/jornalfatosenoticias.com.br\/wp-content\/uploads\/2022\/09\/ESCOLASVERDES_capa.jpg\",\"datePublished\":\"2022-09-30T15:20:35+00:00\",\"dateModified\":\"2022-09-30T15:20:37+00:00\",\"breadcrumb\":{\"@id\":\"https:\/\/jornalfatosenoticias.com.br\/index.php\/2022\/09\/30\/projeto-escolas-verdes-quer-levar-sustentabilidade-as-salas-de-aula\/#breadcrumb\"},\"inLanguage\":\"pt-BR\",\"potentialAction\":[{\"@type\":\"ReadAction\",\"target\":[\"https:\/\/jornalfatosenoticias.com.br\/index.php\/2022\/09\/30\/projeto-escolas-verdes-quer-levar-sustentabilidade-as-salas-de-aula\/\"]}]},{\"@type\":\"ImageObject\",\"inLanguage\":\"pt-BR\",\"@id\":\"https:\/\/jornalfatosenoticias.com.br\/index.php\/2022\/09\/30\/projeto-escolas-verdes-quer-levar-sustentabilidade-as-salas-de-aula\/#primaryimage\",\"url\":\"https:\/\/jornalfatosenoticias.com.br\/wp-content\/uploads\/2022\/09\/ESCOLASVERDES_capa.jpg\",\"contentUrl\":\"https:\/\/jornalfatosenoticias.com.br\/wp-content\/uploads\/2022\/09\/ESCOLASVERDES_capa.jpg\",\"width\":1000,\"height\":666,\"caption\":\"Lan\u00e7amento do projeto Bosque-Escola na Escola Municipal Paranagu\u00e1. Curitiba, 20\/06\/2008 Foto: Cesar Brustolin\/SMCS\"},{\"@type\":\"BreadcrumbList\",\"@id\":\"https:\/\/jornalfatosenoticias.com.br\/index.php\/2022\/09\/30\/projeto-escolas-verdes-quer-levar-sustentabilidade-as-salas-de-aula\/#breadcrumb\",\"itemListElement\":[{\"@type\":\"ListItem\",\"position\":1,\"name\":\"In\u00edcio\",\"item\":\"https:\/\/jornalfatosenoticias.com.br\/\"},{\"@type\":\"ListItem\",\"position\":2,\"name\":\"Projeto Escolas + Verdes quer levar sustentabilidade \u00e0s salas de aula\"}]},{\"@type\":\"WebSite\",\"@id\":\"https:\/\/jornalfatosenoticias.com.br\/#website\",\"url\":\"https:\/\/jornalfatosenoticias.com.br\/\",\"name\":\"Jornal Fatos e Not\u00edcias\",\"description\":\"Not\u00edcias em geral\",\"publisher\":{\"@id\":\"https:\/\/jornalfatosenoticias.com.br\/#organization\"},\"potentialAction\":[{\"@type\":\"SearchAction\",\"target\":{\"@type\":\"EntryPoint\",\"urlTemplate\":\"https:\/\/jornalfatosenoticias.com.br\/?s={search_term_string}\"},\"query-input\":{\"@type\":\"PropertyValueSpecification\",\"valueRequired\":true,\"valueName\":\"search_term_string\"}}],\"inLanguage\":\"pt-BR\"},{\"@type\":\"Organization\",\"@id\":\"https:\/\/jornalfatosenoticias.com.br\/#organization\",\"name\":\"Jornal Fatos e Not\u00edcias\",\"url\":\"https:\/\/jornalfatosenoticias.com.br\/\",\"logo\":{\"@type\":\"ImageObject\",\"inLanguage\":\"pt-BR\",\"@id\":\"https:\/\/jornalfatosenoticias.com.br\/#\/schema\/logo\/image\/\",\"url\":\"https:\/\/jornalfatosenoticias.com.br\/wp-content\/uploads\/2020\/02\/logo120.png\",\"contentUrl\":\"https:\/\/jornalfatosenoticias.com.br\/wp-content\/uploads\/2020\/02\/logo120.png\",\"width\":1227,\"height\":120,\"caption\":\"Jornal Fatos e Not\u00edcias\"},\"image\":{\"@id\":\"https:\/\/jornalfatosenoticias.com.br\/#\/schema\/logo\/image\/\"}},{\"@type\":\"Person\",\"@id\":\"https:\/\/jornalfatosenoticias.com.br\/#\/schema\/person\/d63837fa13ac8666eb9e74e0985d6f81\",\"name\":\"Luzimara Fernandes\",\"image\":{\"@type\":\"ImageObject\",\"inLanguage\":\"pt-BR\",\"@id\":\"https:\/\/jornalfatosenoticias.com.br\/#\/schema\/person\/image\/\",\"url\":\"https:\/\/jornalfatosenoticias.com.br\/wp-content\/uploads\/2025\/05\/EU_portal.jpg\",\"contentUrl\":\"https:\/\/jornalfatosenoticias.com.br\/wp-content\/uploads\/2025\/05\/EU_portal.jpg\",\"caption\":\"Luzimara Fernandes\"},\"description\":\"Jornalista MTB 2358-ES\",\"sameAs\":[\"https:\/\/jornalfatosenoticias.com.br\"],\"url\":\"https:\/\/jornalfatosenoticias.com.br\/index.php\/author\/luzimara\/\"}]}<\/script>\n<!-- \/ Yoast SEO plugin. -->","yoast_head_json":{"title":"Projeto Escolas + Verdes quer levar sustentabilidade \u00e0s salas de aula - Jornal Fatos e Not\u00edcias","robots":{"index":"index","follow":"follow","max-snippet":"max-snippet:-1","max-image-preview":"max-image-preview:large","max-video-preview":"max-video-preview:-1"},"canonical":"https:\/\/jornalfatosenoticias.com.br\/index.php\/2022\/09\/30\/projeto-escolas-verdes-quer-levar-sustentabilidade-as-salas-de-aula\/","og_locale":"pt_BR","og_type":"article","og_title":"Projeto Escolas + Verdes quer levar sustentabilidade \u00e0s salas de aula - Jornal Fatos e Not\u00edcias","og_description":"Proposta \u00e9 tornar comunidade escolar protagonista no projeto Com uma previs\u00e3o de investimento inicial de at\u00e9 R$ 300 milh\u00f5es, o projeto Escolas + Verdes pretende levar sustentabilidade para as salas de aula. De acordo com o secret\u00e1rio de Qualidade Ambiental do Minist\u00e9rio do Meio Ambiente, Andr\u00e9 Fran\u00e7a, as a\u00e7\u00f5es a serem implementadas nas escolas, em [&hellip;]","og_url":"https:\/\/jornalfatosenoticias.com.br\/index.php\/2022\/09\/30\/projeto-escolas-verdes-quer-levar-sustentabilidade-as-salas-de-aula\/","og_site_name":"Jornal Fatos e Not\u00edcias","article_published_time":"2022-09-30T15:20:35+00:00","article_modified_time":"2022-09-30T15:20:37+00:00","og_image":[{"width":1000,"height":666,"url":"https:\/\/jornalfatosenoticias.com.br\/wp-content\/uploads\/2022\/09\/ESCOLASVERDES_capa.jpg","type":"image\/jpeg"}],"author":"Luzimara Fernandes","twitter_card":"summary_large_image","twitter_misc":{"Escrito por":"Luzimara Fernandes","Est. tempo de leitura":"2 minutos"},"schema":{"@context":"https:\/\/schema.org","@graph":[{"@type":"Article","@id":"https:\/\/jornalfatosenoticias.com.br\/index.php\/2022\/09\/30\/projeto-escolas-verdes-quer-levar-sustentabilidade-as-salas-de-aula\/#article","isPartOf":{"@id":"https:\/\/jornalfatosenoticias.com.br\/index.php\/2022\/09\/30\/projeto-escolas-verdes-quer-levar-sustentabilidade-as-salas-de-aula\/"},"author":{"name":"Luzimara Fernandes","@id":"https:\/\/jornalfatosenoticias.com.br\/#\/schema\/person\/d63837fa13ac8666eb9e74e0985d6f81"},"headline":"Projeto Escolas + Verdes quer levar sustentabilidade \u00e0s salas de aula","datePublished":"2022-09-30T15:20:35+00:00","dateModified":"2022-09-30T15:20:37+00:00","mainEntityOfPage":{"@id":"https:\/\/jornalfatosenoticias.com.br\/index.php\/2022\/09\/30\/projeto-escolas-verdes-quer-levar-sustentabilidade-as-salas-de-aula\/"},"wordCount":320,"commentCount":0,"publisher":{"@id":"https:\/\/jornalfatosenoticias.com.br\/#organization"},"image":{"@id":"https:\/\/jornalfatosenoticias.com.br\/index.php\/2022\/09\/30\/projeto-escolas-verdes-quer-levar-sustentabilidade-as-salas-de-aula\/#primaryimage"},"thumbnailUrl":"https:\/\/jornalfatosenoticias.com.br\/wp-content\/uploads\/2022\/09\/ESCOLASVERDES_capa.jpg","keywords":["\u00e1gua","energias renov\u00e1veis","Projeto Escolas + Verdes","salas de aula","sustentabilidade"],"articleSection":["Educa\u00e7\u00e3o"],"inLanguage":"pt-BR","potentialAction":[{"@type":"CommentAction","name":"Comment","target":["https:\/\/jornalfatosenoticias.com.br\/index.php\/2022\/09\/30\/projeto-escolas-verdes-quer-levar-sustentabilidade-as-salas-de-aula\/#respond"]}]},{"@type":"WebPage","@id":"https:\/\/jornalfatosenoticias.com.br\/index.php\/2022\/09\/30\/projeto-escolas-verdes-quer-levar-sustentabilidade-as-salas-de-aula\/","url":"https:\/\/jornalfatosenoticias.com.br\/index.php\/2022\/09\/30\/projeto-escolas-verdes-quer-levar-sustentabilidade-as-salas-de-aula\/","name":"Projeto Escolas + Verdes quer levar sustentabilidade \u00e0s salas de aula - Jornal Fatos e Not\u00edcias","isPartOf":{"@id":"https:\/\/jornalfatosenoticias.com.br\/#website"},"primaryImageOfPage":{"@id":"https:\/\/jornalfatosenoticias.com.br\/index.php\/2022\/09\/30\/projeto-escolas-verdes-quer-levar-sustentabilidade-as-salas-de-aula\/#primaryimage"},"image":{"@id":"https:\/\/jornalfatosenoticias.com.br\/index.php\/2022\/09\/30\/projeto-escolas-verdes-quer-levar-sustentabilidade-as-salas-de-aula\/#primaryimage"},"thumbnailUrl":"https:\/\/jornalfatosenoticias.com.br\/wp-content\/uploads\/2022\/09\/ESCOLASVERDES_capa.jpg","datePublished":"2022-09-30T15:20:35+00:00","dateModified":"2022-09-30T15:20:37+00:00","breadcrumb":{"@id":"https:\/\/jornalfatosenoticias.com.br\/index.php\/2022\/09\/30\/projeto-escolas-verdes-quer-levar-sustentabilidade-as-salas-de-aula\/#breadcrumb"},"inLanguage":"pt-BR","potentialAction":[{"@type":"ReadAction","target":["https:\/\/jornalfatosenoticias.com.br\/index.php\/2022\/09\/30\/projeto-escolas-verdes-quer-levar-sustentabilidade-as-salas-de-aula\/"]}]},{"@type":"ImageObject","inLanguage":"pt-BR","@id":"https:\/\/jornalfatosenoticias.com.br\/index.php\/2022\/09\/30\/projeto-escolas-verdes-quer-levar-sustentabilidade-as-salas-de-aula\/#primaryimage","url":"https:\/\/jornalfatosenoticias.com.br\/wp-content\/uploads\/2022\/09\/ESCOLASVERDES_capa.jpg","contentUrl":"https:\/\/jornalfatosenoticias.com.br\/wp-content\/uploads\/2022\/09\/ESCOLASVERDES_capa.jpg","width":1000,"height":666,"caption":"Lan\u00e7amento do projeto Bosque-Escola na Escola Municipal Paranagu\u00e1. Curitiba, 20\/06\/2008 Foto: Cesar Brustolin\/SMCS"},{"@type":"BreadcrumbList","@id":"https:\/\/jornalfatosenoticias.com.br\/index.php\/2022\/09\/30\/projeto-escolas-verdes-quer-levar-sustentabilidade-as-salas-de-aula\/#breadcrumb","itemListElement":[{"@type":"ListItem","position":1,"name":"In\u00edcio","item":"https:\/\/jornalfatosenoticias.com.br\/"},{"@type":"ListItem","position":2,"name":"Projeto Escolas + Verdes quer levar sustentabilidade \u00e0s salas de aula"}]},{"@type":"WebSite","@id":"https:\/\/jornalfatosenoticias.com.br\/#website","url":"https:\/\/jornalfatosenoticias.com.br\/","name":"Jornal Fatos e Not\u00edcias","description":"Not\u00edcias em geral","publisher":{"@id":"https:\/\/jornalfatosenoticias.com.br\/#organization"},"potentialAction":[{"@type":"SearchAction","target":{"@type":"EntryPoint","urlTemplate":"https:\/\/jornalfatosenoticias.com.br\/?s={search_term_string}"},"query-input":{"@type":"PropertyValueSpecification","valueRequired":true,"valueName":"search_term_string"}}],"inLanguage":"pt-BR"},{"@type":"Organization","@id":"https:\/\/jornalfatosenoticias.com.br\/#organization","name":"Jornal Fatos e Not\u00edcias","url":"https:\/\/jornalfatosenoticias.com.br\/","logo":{"@type":"ImageObject","inLanguage":"pt-BR","@id":"https:\/\/jornalfatosenoticias.com.br\/#\/schema\/logo\/image\/","url":"https:\/\/jornalfatosenoticias.com.br\/wp-content\/uploads\/2020\/02\/logo120.png","contentUrl":"https:\/\/jornalfatosenoticias.com.br\/wp-content\/uploads\/2020\/02\/logo120.png","width":1227,"height":120,"caption":"Jornal Fatos e Not\u00edcias"},"image":{"@id":"https:\/\/jornalfatosenoticias.com.br\/#\/schema\/logo\/image\/"}},{"@type":"Person","@id":"https:\/\/jornalfatosenoticias.com.br\/#\/schema\/person\/d63837fa13ac8666eb9e74e0985d6f81","name":"Luzimara Fernandes","image":{"@type":"ImageObject","inLanguage":"pt-BR","@id":"https:\/\/jornalfatosenoticias.com.br\/#\/schema\/person\/image\/","url":"https:\/\/jornalfatosenoticias.com.br\/wp-content\/uploads\/2025\/05\/EU_portal.jpg","contentUrl":"https:\/\/jornalfatosenoticias.com.br\/wp-content\/uploads\/2025\/05\/EU_portal.jpg","caption":"Luzimara Fernandes"},"description":"Jornalista MTB 2358-ES","sameAs":["https:\/\/jornalfatosenoticias.com.br"],"url":"https:\/\/jornalfatosenoticias.com.br\/index.php\/author\/luzimara\/"}]}},"cc_featured_image_caption":{"caption_text":"(Foto: C\u00e9sar Brustolin\/SMCS)","source_text":"","source_url":""},"jetpack_featured_media_url":"https:\/\/jornalfatosenoticias.com.br\/wp-content\/uploads\/2022\/09\/ESCOLASVERDES_capa.jpg","_links":{"self":[{"href":"https:\/\/jornalfatosenoticias.com.br\/index.php\/wp-json\/wp\/v2\/posts\/34708","targetHints":{"allow":["GET"]}}],"collection":[{"href":"https:\/\/jornalfatosenoticias.com.br\/index.php\/wp-json\/wp\/v2\/posts"}],"about":[{"href":"https:\/\/jornalfatosenoticias.com.br\/index.php\/wp-json\/wp\/v2\/types\/post"}],"author":[{"embeddable":true,"href":"https:\/\/jornalfatosenoticias.com.br\/index.php\/wp-json\/wp\/v2\/users\/2"}],"replies":[{"embeddable":true,"href":"https:\/\/jornalfatosenoticias.com.br\/index.php\/wp-json\/wp\/v2\/comments?post=34708"}],"version-history":[{"count":0,"href":"https:\/\/jornalfatosenoticias.com.br\/index.php\/wp-json\/wp\/v2\/posts\/34708\/revisions"}],"wp:featuredmedia":[{"embeddable":true,"href":"https:\/\/jornalfatosenoticias.com.br\/index.php\/wp-json\/wp\/v2\/media\/34710"}],"wp:attachment":[{"href":"https:\/\/jornalfatosenoticias.com.br\/index.php\/wp-json\/wp\/v2\/media?parent=34708"}],"wp:term":[{"taxonomy":"category","embeddable":true,"href":"https:\/\/jornalfatosenoticias.com.br\/index.php\/wp-json\/wp\/v2\/categories?post=34708"},{"taxonomy":"post_tag","embeddable":true,"href":"https:\/\/jornalfatosenoticias.com.br\/index.php\/wp-json\/wp\/v2\/tags?post=34708"}],"curies":[{"name":"wp","href":"https:\/\/api.w.org\/{rel}","templated":true}]}}