{"id":34719,"date":"2022-09-30T13:33:05","date_gmt":"2022-09-30T16:33:05","guid":{"rendered":"https:\/\/jornalfatosenoticias.com.br\/?p=34719"},"modified":"2022-09-30T13:36:06","modified_gmt":"2022-09-30T16:36:06","slug":"brasileiro-esta-prestes-a-comercializar-a-1a-telha-hidroponica-do-mundo","status":"publish","type":"post","link":"https:\/\/jornalfatosenoticias.com.br\/index.php\/2022\/09\/30\/brasileiro-esta-prestes-a-comercializar-a-1a-telha-hidroponica-do-mundo\/","title":{"rendered":"Brasileiro est\u00e1 prestes a comercializar a 1\u00aa telha hidrop\u00f4nica do mundo"},"content":{"rendered":"\n<p><span class=\"has-inline-color has-black-color\"><em>Modelo pode ser usado para cultivo de vegetais, plantas ornamentais e grandes culturas, como feij\u00e3o e arroz<\/em><\/span><\/p>\n\n\n\n<div class=\"wp-block-image\"><figure class=\"aligncenter size-large\"><img loading=\"lazy\" decoding=\"async\" width=\"1024\" height=\"111\" src=\"https:\/\/jornalfatosenoticias.com.br\/wp-content\/uploads\/2020\/02\/WhatsApp-Image-2022-09-23-at-12.09.18-1024x111.jpeg\" alt=\"\" class=\"wp-image-34527\" srcset=\"https:\/\/jornalfatosenoticias.com.br\/wp-content\/uploads\/2020\/02\/WhatsApp-Image-2022-09-23-at-12.09.18-1024x111.jpeg 1024w, https:\/\/jornalfatosenoticias.com.br\/wp-content\/uploads\/2020\/02\/WhatsApp-Image-2022-09-23-at-12.09.18-300x32.jpeg 300w, https:\/\/jornalfatosenoticias.com.br\/wp-content\/uploads\/2020\/02\/WhatsApp-Image-2022-09-23-at-12.09.18-768x83.jpeg 768w, https:\/\/jornalfatosenoticias.com.br\/wp-content\/uploads\/2020\/02\/WhatsApp-Image-2022-09-23-at-12.09.18.jpeg 1121w\" sizes=\"auto, (max-width: 1024px) 100vw, 1024px\" \/><\/figure><\/div>\n\n\n\n<p>A vontade de simplificar e criar novas formas para levar mais verde \u00e0s constru\u00e7\u00f5es e cidades foi o que motivou o engenheiro agr\u00f4nomo S\u00e9rgio Rocha a criar a Kaatop, uma telha hidrop\u00f4nica onde \u00e9 poss\u00edvel cultivar diversas esp\u00e9cies de plantas.<\/p>\n\n\n\n<div class=\"wp-block-image\"><figure class=\"aligncenter size-large\"><img loading=\"lazy\" decoding=\"async\" width=\"300\" height=\"250\" src=\"https:\/\/jornalfatosenoticias.com.br\/wp-content\/uploads\/2022\/08\/arte-Casarao.jpg\" alt=\"\" class=\"wp-image-33178\"\/><\/figure><\/div>\n\n\n\n<figure class=\"wp-block-pullquote\"><blockquote><p><span class=\"has-inline-color has-luminous-vivid-orange-color\">Se voc\u00ea olhar uma imagem de sat\u00e9lite de qualquer centro urbano, vai perceber que a maior parte do espa\u00e7o constru\u00eddo \u00e9 tomado pelos telhados e coberturas \u2014 ent\u00e3o n\u00e3o d\u00e1 pra gente pensar em mudar o clima sem mudar os telhados\u201d, disse Rocha em entrevista ao CicloVivo.<\/span><\/p><\/blockquote><\/figure>\n\n\n\n<div class=\"wp-block-image\"><figure class=\"aligncenter size-large\"><img loading=\"lazy\" decoding=\"async\" width=\"729\" height=\"90\" src=\"https:\/\/jornalfatosenoticias.com.br\/wp-content\/uploads\/2020\/02\/Logo_Mizu.png\" alt=\"\" class=\"wp-image-1441\" srcset=\"https:\/\/jornalfatosenoticias.com.br\/wp-content\/uploads\/2020\/02\/Logo_Mizu.png 729w, https:\/\/jornalfatosenoticias.com.br\/wp-content\/uploads\/2020\/02\/Logo_Mizu-300x37.png 300w\" sizes=\"auto, (max-width: 729px) 100vw, 729px\" \/><\/figure><\/div>\n\n\n\n<p>O lampejo para a cria\u00e7\u00e3o da telha hidrop\u00f4nica veio da atua\u00e7\u00e3o profissional no desenvolvimento de <a href=\"https:\/\/ciclovivo.com.br\/arq-urb\/arquitetura\/telhados-verdes-podem-captar-agua-da-chuva-e-evitar-enchentes\/\" target=\"_blank\" rel=\"noreferrer noopener\">telhados verdes<\/a>\u00a0e\u00a0<a href=\"https:\/\/ciclovivo.com.br\/mao-na-massa\/faca-voce-mesmo\/aprenda-a-fazer-um-jardim-vertical-com-latas-de-aco\/\" target=\"_blank\" rel=\"noreferrer noopener\">jardins suspensos<\/a>. H\u00e1 mais de 10 anos trabalhando no ramo, o agr\u00f4nomo percebeu como as t\u00e9cnicas e sistemas dispon\u00edveis no mercado eram dif\u00edceis de ganhar espa\u00e7o nas obras.<\/p>\n\n\n\n<figure class=\"wp-block-pullquote\"><blockquote><p><span class=\"has-inline-color has-luminous-vivid-orange-color\">As pessoas t\u00eam medo de danos na impermeabiliza\u00e7\u00e3o, de sobrepeso, falhas de drenagem\u2026 ent\u00e3o pensamos em simplificar essa interface, entre o telhado base e o telhado verde, fazendo disso um \u00fanico produto, integrado e pronto para instalar e plantar\u201d, conta.<\/span><\/p><\/blockquote><\/figure>\n\n\n\n<div class=\"wp-block-image\"><figure class=\"aligncenter size-large is-resized\"><img loading=\"lazy\" decoding=\"async\" src=\"https:\/\/jornalfatosenoticias.com.br\/wp-content\/uploads\/2022\/08\/logo-locau-veiculos-1024x573.png\" alt=\"\" class=\"wp-image-33078\" width=\"319\" height=\"178\"\/><\/figure><\/div>\n\n\n\n<p><strong><span class=\"has-inline-color has-vivid-green-cyan-color\">O que \u00e9 a Kaatop e como funciona<br><\/span><\/strong>A <a href=\"https:\/\/ciclovivo.com.br\/inovacao\/negocios\/agronomo-brasileiro-primeira-telha-hidroponica\/\" target=\"_blank\" rel=\"noreferrer noopener\">telha hidrop\u00f4nica<\/a>\u00a0\u00e9 um produto que permite plantar alimentos no pr\u00f3prio\u00a0<a href=\"https:\/\/ciclovivo.com.br\/planeta\/energia\/sp-e-o-segundo-estado-com-maior-potencia-solar-em-telhados\/\" target=\"_blank\" rel=\"noreferrer noopener\">telhado<\/a>, sem precisar instalar jardins sobre a cobertura preexistente. Com ela, \u00e9 poss\u00edvel cultivar at\u00e9 20 mudas ornamentais ou agr\u00edcolas para cada metro quadrado.<\/p>\n\n\n\n<div class=\"wp-block-image\"><figure class=\"aligncenter size-large\"><img loading=\"lazy\" decoding=\"async\" width=\"1024\" height=\"103\" src=\"https:\/\/jornalfatosenoticias.com.br\/wp-content\/uploads\/2022\/02\/Arte-Autoescola-Galatas_endereco_portal-1024x103.png\" alt=\"\" class=\"wp-image-27869\" srcset=\"https:\/\/jornalfatosenoticias.com.br\/wp-content\/uploads\/2022\/02\/Arte-Autoescola-Galatas_endereco_portal-1024x103.png 1024w, https:\/\/jornalfatosenoticias.com.br\/wp-content\/uploads\/2022\/02\/Arte-Autoescola-Galatas_endereco_portal-300x30.png 300w, https:\/\/jornalfatosenoticias.com.br\/wp-content\/uploads\/2022\/02\/Arte-Autoescola-Galatas_endereco_portal-768x77.png 768w, https:\/\/jornalfatosenoticias.com.br\/wp-content\/uploads\/2022\/02\/Arte-Autoescola-Galatas_endereco_portal.png 1223w\" sizes=\"auto, (max-width: 1024px) 100vw, 1024px\" \/><\/figure><\/div>\n\n\n\n<p>Desenvolvida seguindo os princ\u00edpios da biomim\u00e9tica, que busca olhar para a natureza para trazer solu\u00e7\u00f5es, a Kaatop \u00e9 basicamente uma telha sandu\u00edche com orif\u00edcios, para inserir mudas, e um sistema interno que permite a passagem de mangueiras de gotejamento e distribui\u00e7\u00e3o de \u00e1gua interna por capilaridade.<\/p>\n\n\n\n<figure class=\"wp-block-image size-large\"><img loading=\"lazy\" decoding=\"async\" width=\"1000\" height=\"750\" src=\"https:\/\/jornalfatosenoticias.com.br\/wp-content\/uploads\/2022\/09\/telha-hidroponica-kaatop-2.jpg\" alt=\"\" class=\"wp-image-34720\" srcset=\"https:\/\/jornalfatosenoticias.com.br\/wp-content\/uploads\/2022\/09\/telha-hidroponica-kaatop-2.jpg 1000w, https:\/\/jornalfatosenoticias.com.br\/wp-content\/uploads\/2022\/09\/telha-hidroponica-kaatop-2-300x225.jpg 300w, https:\/\/jornalfatosenoticias.com.br\/wp-content\/uploads\/2022\/09\/telha-hidroponica-kaatop-2-768x576.jpg 768w\" sizes=\"auto, (max-width: 1000px) 100vw, 1000px\" \/><figcaption><em><span class=\"has-inline-color has-black-color\">Telha permite o cultivo f\u00e1cil no telhado (Foto: Kaatop)<\/span><\/em><\/figcaption><\/figure>\n\n\n\n<div class=\"wp-block-image\"><figure class=\"alignleft size-large is-resized\"><img loading=\"lazy\" decoding=\"async\" src=\"https:\/\/jornalfatosenoticias.com.br\/wp-content\/uploads\/2022\/02\/Precisao-Contabilidade-1024x724.jpg\" alt=\"\" class=\"wp-image-28088\" width=\"295\" height=\"208\"\/><\/figure><\/div>\n\n\n\n<p>Al\u00e9m disso, a \u00e1gua de irriga\u00e7\u00e3o do sistema de <a href=\"https:\/\/ciclovivo.com.br\/planeta\/meio-ambiente\/entenda-o-que-e-a-hidroponia-semi-hidroponia-e-para-que-elas-servem\/\" target=\"_blank\" rel=\"noreferrer noopener\">hidroponia<\/a> pode ser recirculada sem perdas de nutrientes para o meio ambiente. E mesmo quando a irriga\u00e7\u00e3o est\u00e1 desligada, o design do produto permite a condensa\u00e7\u00e3o de got\u00edculas a partir da umidade do ar, ou seja, \u00e9 capaz de produzir \u00e1gua em pequenas quantidades contribuindo para a redu\u00e7\u00e3o do consumo de \u00e1gua de todo o sistema. A instala\u00e7\u00e3o do produto n\u00e3o requer grandes recursos. O dimensionamento e peso da Kaatop \u00e9 similar ao das telhas cer\u00e2micas convencionais e, portanto, \u00e9 preciso ter um madeiramento ou estrutura met\u00e1lica para dar suporte. A telha em si pode ser empregada como um telhado verde para esp\u00e9cies r\u00fasticas, o que n\u00e3o exige <a href=\"https:\/\/ciclovivo.com.br\/mao-na-massa\/faca-voce-mesmo\/manual-ensina-a-fazer-hortas-verticais-com-sistema-automatico-de-irrigacao\/\" target=\"_blank\" rel=\"noreferrer noopener\">irriga\u00e7\u00e3o<\/a>. Agora, se a inten\u00e7\u00e3o for us\u00e1-la para a produ\u00e7\u00e3o agr\u00edcola ou paisagismo de alto desempenho, \u00e9 preciso obter tamb\u00e9m um sistema de irriga\u00e7\u00e3o, coleta e recircula\u00e7\u00e3o para o cultivo hidrop\u00f4nico.<\/p>\n\n\n\n<div class=\"wp-block-image\"><figure class=\"aligncenter size-large\"><img loading=\"lazy\" decoding=\"async\" width=\"1024\" height=\"100\" src=\"https:\/\/jornalfatosenoticias.com.br\/wp-content\/uploads\/2022\/05\/NOVA-LOGO-CESCONETTO-1024x100.jpg\" alt=\"\" class=\"wp-image-30792\" srcset=\"https:\/\/jornalfatosenoticias.com.br\/wp-content\/uploads\/2022\/05\/NOVA-LOGO-CESCONETTO-1024x100.jpg 1024w, https:\/\/jornalfatosenoticias.com.br\/wp-content\/uploads\/2022\/05\/NOVA-LOGO-CESCONETTO-300x29.jpg 300w, https:\/\/jornalfatosenoticias.com.br\/wp-content\/uploads\/2022\/05\/NOVA-LOGO-CESCONETTO-768x75.jpg 768w, https:\/\/jornalfatosenoticias.com.br\/wp-content\/uploads\/2022\/05\/NOVA-LOGO-CESCONETTO.jpg 1280w\" sizes=\"auto, (max-width: 1024px) 100vw, 1024px\" \/><\/figure><\/div>\n\n\n\n<figure class=\"wp-block-image size-large\"><img loading=\"lazy\" decoding=\"async\" width=\"1000\" height=\"545\" src=\"https:\/\/jornalfatosenoticias.com.br\/wp-content\/uploads\/2022\/09\/telha-hidroponica-kaatop-4.jpg\" alt=\"\" class=\"wp-image-34721\" srcset=\"https:\/\/jornalfatosenoticias.com.br\/wp-content\/uploads\/2022\/09\/telha-hidroponica-kaatop-4.jpg 1000w, https:\/\/jornalfatosenoticias.com.br\/wp-content\/uploads\/2022\/09\/telha-hidroponica-kaatop-4-300x164.jpg 300w, https:\/\/jornalfatosenoticias.com.br\/wp-content\/uploads\/2022\/09\/telha-hidroponica-kaatop-4-768x419.jpg 768w\" sizes=\"auto, (max-width: 1000px) 100vw, 1000px\" \/><figcaption><em><span class=\"has-inline-color has-black-color\">Esquema da telha hidrop\u00f4nica Kaatop (Foto: Kaatop)<\/span><\/em><\/figcaption><\/figure>\n\n\n\n<p><strong><span class=\"has-inline-color has-vivid-green-cyan-color\">Projetos realizados<br><\/span><\/strong>A aplica\u00e7\u00e3o da telha hidrop\u00f4nica \u00e9 vers\u00e1til. Al\u00e9m do uso no paisagismo (com plantas ornamentais) e agricultura urbana (com culturas como trigo, arroz, feij\u00e3o, aveia, etc.), durante a pandemia, Rocha praticamente zerou os gastos com vegetais frescos. <\/p>\n\n\n\n<div class=\"wp-block-image\"><figure class=\"alignright size-large\"><img decoding=\"async\" src=\"https:\/\/jornalfatosenoticias.com.br\/wp-content\/uploads\/2020\/02\/logo_esteio.jpg\" alt=\"\" class=\"wp-image-1214\"\/><\/figure><\/div>\n\n\n\n<p>Isso foi poss\u00edvel usando somente um pequeno painel de cultivo com tr\u00eas telhas (de 3m\u00b2), que rendeu uma produ\u00e7\u00e3o continuada de <a href=\"https:\/\/ciclovivo.com.br\/mao-na-massa\/horta\/como-cultivar-alface-hidroponica\/\" target=\"_blank\" rel=\"noreferrer noopener\">alface<\/a>, r\u00facula, chic\u00f3ria, cebolinha, pimentas,\u00a0<a href=\"https:\/\/ciclovivo.com.br\/mao-na-massa\/horta\/como-plantar-salsinha-organica\/\" target=\"_blank\" rel=\"noreferrer noopener\">salsinha<\/a>, abobrinha, berinjela, beterraba,\u00a0<a href=\"https:\/\/ciclovivo.com.br\/mao-na-massa\/horta\/aprenda-a-plantar-tomate-em-vaso\/\" target=\"_blank\" rel=\"noreferrer noopener\">tomates<\/a>, pepinos e almeir\u00e3o.<br>A telha Kaatop j\u00e1 foi tamb\u00e9m empregada em um jardim vertical de 175m\u00b2 \u2014 onde foi cultivado uma mistura de forra\u00e7\u00f5es e esp\u00e9cies ornamentais tropicais \u2014 e um telhado verde com 60m\u00b2, usado para produ\u00e7\u00e3o de arroz.<\/p>\n\n\n\n<div class=\"wp-block-image\"><figure class=\"aligncenter size-large is-resized\"><img loading=\"lazy\" decoding=\"async\" src=\"https:\/\/jornalfatosenoticias.com.br\/wp-content\/uploads\/2022\/09\/barao-das-carnes-1024x560.jpg\" alt=\"\" class=\"wp-image-34303\" width=\"311\" height=\"170\"\/><\/figure><\/div>\n\n\n\n<p><strong><span class=\"has-inline-color has-vivid-green-cyan-color\">Em breve no mercado<br><\/span><\/strong>Desde a apresenta\u00e7\u00e3o do produto em 2019 e in\u00edcio da produ\u00e7\u00e3o em mar\u00e7o de 2020, a Kaatop teve uma avalanche de interessados no produto, por\u00e9m a sequ\u00eancia de lockdowns e a crise de fornecimento de mat\u00e9rias-primas afetaram as entregas e tamb\u00e9m levaram a empresa a repensar toda a cadeia de fornecedores.<\/p>\n\n\n\n<div class=\"wp-block-image\"><figure class=\"aligncenter size-large is-resized\"><img loading=\"lazy\" decoding=\"async\" src=\"https:\/\/jornalfatosenoticias.com.br\/wp-content\/uploads\/2020\/02\/nova-logo-Marquetti.jpg\" alt=\"\" class=\"wp-image-22331\" width=\"290\" height=\"195\" srcset=\"https:\/\/jornalfatosenoticias.com.br\/wp-content\/uploads\/2020\/02\/nova-logo-Marquetti.jpg 643w, https:\/\/jornalfatosenoticias.com.br\/wp-content\/uploads\/2020\/02\/nova-logo-Marquetti-300x202.jpg 300w\" sizes=\"auto, (max-width: 290px) 100vw, 290px\" \/><\/figure><\/div>\n\n\n\n<figure class=\"wp-block-pullquote\"><blockquote><p><span class=\"has-inline-color has-luminous-vivid-orange-color\">Foi preciso reinventar o produto para que pudesse ter mais seguran\u00e7a para entrega e maior escalabilidade\u201d, afirma o engenheiro agr\u00f4nomo.<\/span><\/p><\/blockquote><\/figure>\n\n\n\n<div class=\"wp-block-image\"><figure class=\"aligncenter size-large is-resized\"><img loading=\"lazy\" decoding=\"async\" src=\"https:\/\/jornalfatosenoticias.com.br\/wp-content\/uploads\/2020\/02\/logo-clinica-limoeiro.jpg\" alt=\"\" class=\"wp-image-34610\" width=\"291\" height=\"206\"\/><\/figure><\/div>\n\n\n\n<p>Em 2021, a startup conseguiu atrair o interesse de grandes investidores do setor e agora est\u00e1 desenvolvendo a industrializa\u00e7\u00e3o da telha para que a distribui\u00e7\u00e3o do produto possa ser feita ao mercado. A Kaatop vai contar primeiramente com uma f\u00e1brica no interior de S\u00e3o Paulo, mas j\u00e1 planeja se expandir para Barcelona, na Espanha.<\/p>\n\n\n\n<div class=\"wp-block-image\"><figure class=\"aligncenter size-large\"><img loading=\"lazy\" decoding=\"async\" width=\"300\" height=\"237\" src=\"https:\/\/jornalfatosenoticias.com.br\/wp-content\/uploads\/2020\/02\/SEVENTUR-TURISMO.jpg\" alt=\"\" class=\"wp-image-32994\"\/><\/figure><\/div>\n\n\n\n<figure class=\"wp-block-pullquote\"><blockquote><p><span class=\"has-inline-color has-luminous-vivid-orange-color\">O lan\u00e7amento obteve grande aten\u00e7\u00e3o internacional e Barcelona \u00e9 um dos principais hotspots para startups no mundo, est\u00e1 imersa em um ambiente de inova\u00e7\u00e3o e transforma\u00e7\u00e3o ecol\u00f3gica\u201d, explica Rocha, que atualmente atua com uma empresa espanhola para montagem e distribui\u00e7\u00e3o das telhas na Europa.<\/span><\/p><\/blockquote><\/figure>\n\n\n\n<div class=\"wp-block-image\"><figure class=\"aligncenter size-large is-resized\"><img loading=\"lazy\" decoding=\"async\" src=\"https:\/\/jornalfatosenoticias.com.br\/wp-content\/uploads\/2022\/07\/Logo-Grupo-SEI.jpg\" alt=\"\" class=\"wp-image-31973\" width=\"345\" height=\"181\" srcset=\"https:\/\/jornalfatosenoticias.com.br\/wp-content\/uploads\/2022\/07\/Logo-Grupo-SEI.jpg 713w, https:\/\/jornalfatosenoticias.com.br\/wp-content\/uploads\/2022\/07\/Logo-Grupo-SEI-300x158.jpg 300w\" sizes=\"auto, (max-width: 345px) 100vw, 345px\" \/><\/figure><\/div>\n\n\n\n<p>O engenheiro revela que os primeiros lotes devem estar prontos para o mercado no segundo trimestre de 2023. O novo design ir\u00e1 passar por mais uma bateria de testes de desempenho junto ao Instituto de Pesquisas Tecnol\u00f3gicas (IPT), de S\u00e3o Paulo, e a expectativa \u00e9 realizar as primeiras instala\u00e7\u00f5es dos modelos beta no primeiro trimestre. J\u00e1 na Europa, ele busca o selo CE (registro para vender o produto na Uni\u00e3o Europeia) e espera que a Kaatop esteja pronta para exporta\u00e7\u00e3o at\u00e9 o final de 2023.<\/p>\n\n\n\n<div class=\"wp-block-image\"><figure class=\"aligncenter size-large\"><img decoding=\"async\" src=\"https:\/\/jornalfatosenoticias.com.br\/wp-content\/uploads\/2020\/02\/Serra-Grande-1024x160.png\" alt=\"\" class=\"wp-image-7836\"\/><\/figure><\/div>\n\n\n\n<figure class=\"wp-block-image size-large\"><img loading=\"lazy\" decoding=\"async\" width=\"1000\" height=\"581\" src=\"https:\/\/jornalfatosenoticias.com.br\/wp-content\/uploads\/2022\/09\/telha-hidroponica-kaatop-3.jpg\" alt=\"\" class=\"wp-image-34722\" srcset=\"https:\/\/jornalfatosenoticias.com.br\/wp-content\/uploads\/2022\/09\/telha-hidroponica-kaatop-3.jpg 1000w, https:\/\/jornalfatosenoticias.com.br\/wp-content\/uploads\/2022\/09\/telha-hidroponica-kaatop-3-300x174.jpg 300w, https:\/\/jornalfatosenoticias.com.br\/wp-content\/uploads\/2022\/09\/telha-hidroponica-kaatop-3-768x446.jpg 768w\" sizes=\"auto, (max-width: 1000px) 100vw, 1000px\" \/><figcaption><em><span class=\"has-inline-color has-black-color\">Testes com a telha t\u00eam sido um sucesso (Foto: Kaatop)<\/span><\/em><\/figcaption><\/figure>\n\n\n\n<div class=\"wp-block-image\"><figure class=\"aligncenter size-large\"><img decoding=\"async\" src=\"https:\/\/jornalfatosenoticias.com.br\/wp-content\/uploads\/2020\/02\/nova-logo-zucchi-1024x110.jpeg\" alt=\"\" class=\"wp-image-33846\"\/><\/figure><\/div>\n\n\n\n<p><strong><span class=\"has-inline-color has-vivid-green-cyan-color\">Esverdeando as cidades<br><\/span><\/strong>O engenheiro explica que h\u00e1 muito espa\u00e7o para crescer no setor. Segundo ele, s\u00e3o 20 bilh\u00f5es de metros quadrados de telhados convencionais, secos e \u00e1ridos, sendo instalados anualmente no mundo.<\/p>\n\n\n\n<div class=\"wp-block-image\"><figure class=\"aligncenter size-large\"><img loading=\"lazy\" decoding=\"async\" width=\"300\" height=\"300\" src=\"https:\/\/jornalfatosenoticias.com.br\/wp-content\/uploads\/2020\/02\/casa-do-torresmo_portal.jpg\" alt=\"\" class=\"wp-image-34472\" srcset=\"https:\/\/jornalfatosenoticias.com.br\/wp-content\/uploads\/2020\/02\/casa-do-torresmo_portal.jpg 300w, https:\/\/jornalfatosenoticias.com.br\/wp-content\/uploads\/2020\/02\/casa-do-torresmo_portal-150x150.jpg 150w\" sizes=\"auto, (max-width: 300px) 100vw, 300px\" \/><\/figure><\/div>\n\n\n\n<figure class=\"wp-block-pullquote\"><blockquote><p><span class=\"has-inline-color has-luminous-vivid-orange-color\">\u00c9 um setor que movimenta mais de US$ 90 bilh\u00f5es por ano e que contribui para o aumento do aquecimento global. Os telhados verdes convencionais representam menos de um mil\u00e9simo deste mercado\u201d.<\/span><\/p><\/blockquote><\/figure>\n\n\n\n<div class=\"wp-block-image\"><figure class=\"aligncenter size-large\"><img loading=\"lazy\" decoding=\"async\" width=\"1024\" height=\"100\" src=\"https:\/\/jornalfatosenoticias.com.br\/wp-content\/uploads\/2020\/02\/banner_ferramentas-1024x100.jpg\" alt=\"\" class=\"wp-image-1258\" srcset=\"https:\/\/jornalfatosenoticias.com.br\/wp-content\/uploads\/2020\/02\/banner_ferramentas-1024x100.jpg 1024w, https:\/\/jornalfatosenoticias.com.br\/wp-content\/uploads\/2020\/02\/banner_ferramentas-300x29.jpg 300w, https:\/\/jornalfatosenoticias.com.br\/wp-content\/uploads\/2020\/02\/banner_ferramentas-768x75.jpg 768w, https:\/\/jornalfatosenoticias.com.br\/wp-content\/uploads\/2020\/02\/banner_ferramentas.jpg 1227w\" sizes=\"auto, (max-width: 1024px) 100vw, 1024px\" \/><\/figure><\/div>\n\n\n\n<p>Com mais da metade da popula\u00e7\u00e3o mundial vivendo em \u00e1reas urbanas \u2014 e uma estimativa que esta propor\u00e7\u00e3o aumente para 70% at\u00e9 2050 \u2014 repensar os padr\u00f5es de constru\u00e7\u00e3o e a produ\u00e7\u00e3o de alimentos \u00e9 crucial.<\/p>\n\n\n\n<figure class=\"wp-block-pullquote\"><blockquote><p><span class=\"has-inline-color has-luminous-vivid-orange-color\">Nosso produto \u00e9 uma ferramenta para que as pessoas possam contribuir na remedia\u00e7\u00e3o de grandes problemas atuais, como as <a href=\"https:\/\/ciclovivo.com.br\/arq-urb\/arquitetura\/telhados-verdes-podem-diminuir-ilhas-de-calor-afirma-especialista\/\" target=\"_blank\" rel=\"noreferrer noopener\">ilhas de calor<\/a><\/span>,<span class=\"has-inline-color has-luminous-vivid-orange-color\"> custo energ\u00e9tico, escassez de alimentos frescos\u2026 enfim, para que possamos nos adaptar ao novo mundo que se aproxima\u201d, conclui.<\/span><\/p><\/blockquote><\/figure>\n\n\n\n<div class=\"wp-block-image\"><figure class=\"aligncenter size-large\"><img decoding=\"async\" src=\"https:\/\/jornalfatosenoticias.com.br\/wp-content\/uploads\/2020\/02\/logo-embacia-1-1024x110.jpg\" alt=\"\" class=\"wp-image-33954\"\/><\/figure><\/div>\n\n\n\n<p><strong><em>Fonte: <a href=\"https:\/\/ciclovivo.com.br\/inovacao\/negocios\/brasileiro-esta-prestes-a-comercializar-a-1a-telha-hidroponica-do-mundo\/\">CicloVivo<\/a><\/em><\/strong><\/p>\n","protected":false},"excerpt":{"rendered":"<p>Modelo pode ser usado para cultivo de vegetais, plantas ornamentais e grandes culturas, como feij\u00e3o e arroz A vontade de simplificar e criar novas formas para levar mais verde \u00e0s constru\u00e7\u00f5es e cidades foi o que motivou o engenheiro agr\u00f4nomo S\u00e9rgio Rocha a criar a Kaatop, uma telha hidrop\u00f4nica onde \u00e9 poss\u00edvel cultivar diversas esp\u00e9cies [&hellip;]<\/p>\n","protected":false},"author":2,"featured_media":34723,"comment_status":"open","ping_status":"open","sticky":false,"template":"","format":"standard","meta":{"footnotes":""},"categories":[8,3],"tags":[16297,5270,16299,16298,9391],"class_list":["post-34719","post","type-post","status-publish","format-standard","has-post-thumbnail","hentry","category-meio-ambiente","category-tecnologia","tag-cultivo-no-telhado","tag-ecotelhado","tag-kaatop","tag-telha-hidroponica","tag-telhados-verdes"],"yoast_head":"<!-- This site is optimized with the Yoast SEO plugin v26.5 - https:\/\/yoast.com\/wordpress\/plugins\/seo\/ -->\n<title>Brasileiro est\u00e1 prestes a comercializar a 1\u00aa telha hidrop\u00f4nica do mundo - Jornal Fatos e Not\u00edcias<\/title>\n<meta name=\"robots\" content=\"index, follow, max-snippet:-1, max-image-preview:large, max-video-preview:-1\" \/>\n<link rel=\"canonical\" href=\"https:\/\/jornalfatosenoticias.com.br\/index.php\/2022\/09\/30\/brasileiro-esta-prestes-a-comercializar-a-1a-telha-hidroponica-do-mundo\/\" \/>\n<meta property=\"og:locale\" content=\"pt_BR\" \/>\n<meta property=\"og:type\" content=\"article\" \/>\n<meta property=\"og:title\" content=\"Brasileiro est\u00e1 prestes a comercializar a 1\u00aa telha hidrop\u00f4nica do mundo - Jornal Fatos e Not\u00edcias\" \/>\n<meta property=\"og:description\" content=\"Modelo pode ser usado para cultivo de vegetais, plantas ornamentais e grandes culturas, como feij\u00e3o e arroz A vontade de simplificar e criar novas formas para levar mais verde \u00e0s constru\u00e7\u00f5es e cidades foi o que motivou o engenheiro agr\u00f4nomo S\u00e9rgio Rocha a criar a Kaatop, uma telha hidrop\u00f4nica onde \u00e9 poss\u00edvel cultivar diversas esp\u00e9cies [&hellip;]\" \/>\n<meta property=\"og:url\" content=\"https:\/\/jornalfatosenoticias.com.br\/index.php\/2022\/09\/30\/brasileiro-esta-prestes-a-comercializar-a-1a-telha-hidroponica-do-mundo\/\" \/>\n<meta property=\"og:site_name\" content=\"Jornal Fatos e Not\u00edcias\" \/>\n<meta property=\"article:published_time\" content=\"2022-09-30T16:33:05+00:00\" \/>\n<meta property=\"article:modified_time\" content=\"2022-09-30T16:36:06+00:00\" \/>\n<meta property=\"og:image\" content=\"https:\/\/jornalfatosenoticias.com.br\/wp-content\/uploads\/2022\/09\/telha-hidroponica-kaatop-1.jpg\" \/>\n\t<meta property=\"og:image:width\" content=\"1000\" \/>\n\t<meta property=\"og:image:height\" content=\"576\" \/>\n\t<meta property=\"og:image:type\" content=\"image\/jpeg\" \/>\n<meta name=\"author\" content=\"Luzimara Fernandes\" \/>\n<meta name=\"twitter:card\" content=\"summary_large_image\" \/>\n<meta name=\"twitter:label1\" content=\"Escrito por\" \/>\n\t<meta name=\"twitter:data1\" content=\"Luzimara Fernandes\" \/>\n\t<meta name=\"twitter:label2\" content=\"Est. tempo de leitura\" \/>\n\t<meta name=\"twitter:data2\" content=\"5 minutos\" \/>\n<script type=\"application\/ld+json\" class=\"yoast-schema-graph\">{\"@context\":\"https:\/\/schema.org\",\"@graph\":[{\"@type\":\"Article\",\"@id\":\"https:\/\/jornalfatosenoticias.com.br\/index.php\/2022\/09\/30\/brasileiro-esta-prestes-a-comercializar-a-1a-telha-hidroponica-do-mundo\/#article\",\"isPartOf\":{\"@id\":\"https:\/\/jornalfatosenoticias.com.br\/index.php\/2022\/09\/30\/brasileiro-esta-prestes-a-comercializar-a-1a-telha-hidroponica-do-mundo\/\"},\"author\":{\"name\":\"Luzimara Fernandes\",\"@id\":\"https:\/\/jornalfatosenoticias.com.br\/#\/schema\/person\/d63837fa13ac8666eb9e74e0985d6f81\"},\"headline\":\"Brasileiro est\u00e1 prestes a comercializar a 1\u00aa telha hidrop\u00f4nica do mundo\",\"datePublished\":\"2022-09-30T16:33:05+00:00\",\"dateModified\":\"2022-09-30T16:36:06+00:00\",\"mainEntityOfPage\":{\"@id\":\"https:\/\/jornalfatosenoticias.com.br\/index.php\/2022\/09\/30\/brasileiro-esta-prestes-a-comercializar-a-1a-telha-hidroponica-do-mundo\/\"},\"wordCount\":1055,\"commentCount\":0,\"publisher\":{\"@id\":\"https:\/\/jornalfatosenoticias.com.br\/#organization\"},\"image\":{\"@id\":\"https:\/\/jornalfatosenoticias.com.br\/index.php\/2022\/09\/30\/brasileiro-esta-prestes-a-comercializar-a-1a-telha-hidroponica-do-mundo\/#primaryimage\"},\"thumbnailUrl\":\"https:\/\/jornalfatosenoticias.com.br\/wp-content\/uploads\/2022\/09\/telha-hidroponica-kaatop-1.jpg\",\"keywords\":[\"cultivo no telhado\",\"Ecotelhado\",\"Kaatop\",\"telha hidrop\u00f4nica\",\"telhados verdes\"],\"articleSection\":[\"Meio ambiente\",\"Tecnologia &amp; Inova\u00e7\u00e3o\"],\"inLanguage\":\"pt-BR\",\"potentialAction\":[{\"@type\":\"CommentAction\",\"name\":\"Comment\",\"target\":[\"https:\/\/jornalfatosenoticias.com.br\/index.php\/2022\/09\/30\/brasileiro-esta-prestes-a-comercializar-a-1a-telha-hidroponica-do-mundo\/#respond\"]}]},{\"@type\":\"WebPage\",\"@id\":\"https:\/\/jornalfatosenoticias.com.br\/index.php\/2022\/09\/30\/brasileiro-esta-prestes-a-comercializar-a-1a-telha-hidroponica-do-mundo\/\",\"url\":\"https:\/\/jornalfatosenoticias.com.br\/index.php\/2022\/09\/30\/brasileiro-esta-prestes-a-comercializar-a-1a-telha-hidroponica-do-mundo\/\",\"name\":\"Brasileiro est\u00e1 prestes a comercializar a 1\u00aa telha hidrop\u00f4nica do mundo - Jornal Fatos e Not\u00edcias\",\"isPartOf\":{\"@id\":\"https:\/\/jornalfatosenoticias.com.br\/#website\"},\"primaryImageOfPage\":{\"@id\":\"https:\/\/jornalfatosenoticias.com.br\/index.php\/2022\/09\/30\/brasileiro-esta-prestes-a-comercializar-a-1a-telha-hidroponica-do-mundo\/#primaryimage\"},\"image\":{\"@id\":\"https:\/\/jornalfatosenoticias.com.br\/index.php\/2022\/09\/30\/brasileiro-esta-prestes-a-comercializar-a-1a-telha-hidroponica-do-mundo\/#primaryimage\"},\"thumbnailUrl\":\"https:\/\/jornalfatosenoticias.com.br\/wp-content\/uploads\/2022\/09\/telha-hidroponica-kaatop-1.jpg\",\"datePublished\":\"2022-09-30T16:33:05+00:00\",\"dateModified\":\"2022-09-30T16:36:06+00:00\",\"breadcrumb\":{\"@id\":\"https:\/\/jornalfatosenoticias.com.br\/index.php\/2022\/09\/30\/brasileiro-esta-prestes-a-comercializar-a-1a-telha-hidroponica-do-mundo\/#breadcrumb\"},\"inLanguage\":\"pt-BR\",\"potentialAction\":[{\"@type\":\"ReadAction\",\"target\":[\"https:\/\/jornalfatosenoticias.com.br\/index.php\/2022\/09\/30\/brasileiro-esta-prestes-a-comercializar-a-1a-telha-hidroponica-do-mundo\/\"]}]},{\"@type\":\"ImageObject\",\"inLanguage\":\"pt-BR\",\"@id\":\"https:\/\/jornalfatosenoticias.com.br\/index.php\/2022\/09\/30\/brasileiro-esta-prestes-a-comercializar-a-1a-telha-hidroponica-do-mundo\/#primaryimage\",\"url\":\"https:\/\/jornalfatosenoticias.com.br\/wp-content\/uploads\/2022\/09\/telha-hidroponica-kaatop-1.jpg\",\"contentUrl\":\"https:\/\/jornalfatosenoticias.com.br\/wp-content\/uploads\/2022\/09\/telha-hidroponica-kaatop-1.jpg\",\"width\":1000,\"height\":576},{\"@type\":\"BreadcrumbList\",\"@id\":\"https:\/\/jornalfatosenoticias.com.br\/index.php\/2022\/09\/30\/brasileiro-esta-prestes-a-comercializar-a-1a-telha-hidroponica-do-mundo\/#breadcrumb\",\"itemListElement\":[{\"@type\":\"ListItem\",\"position\":1,\"name\":\"In\u00edcio\",\"item\":\"https:\/\/jornalfatosenoticias.com.br\/\"},{\"@type\":\"ListItem\",\"position\":2,\"name\":\"Brasileiro est\u00e1 prestes a comercializar a 1\u00aa telha hidrop\u00f4nica do mundo\"}]},{\"@type\":\"WebSite\",\"@id\":\"https:\/\/jornalfatosenoticias.com.br\/#website\",\"url\":\"https:\/\/jornalfatosenoticias.com.br\/\",\"name\":\"Jornal Fatos e Not\u00edcias\",\"description\":\"Not\u00edcias em geral\",\"publisher\":{\"@id\":\"https:\/\/jornalfatosenoticias.com.br\/#organization\"},\"potentialAction\":[{\"@type\":\"SearchAction\",\"target\":{\"@type\":\"EntryPoint\",\"urlTemplate\":\"https:\/\/jornalfatosenoticias.com.br\/?s={search_term_string}\"},\"query-input\":{\"@type\":\"PropertyValueSpecification\",\"valueRequired\":true,\"valueName\":\"search_term_string\"}}],\"inLanguage\":\"pt-BR\"},{\"@type\":\"Organization\",\"@id\":\"https:\/\/jornalfatosenoticias.com.br\/#organization\",\"name\":\"Jornal Fatos e Not\u00edcias\",\"url\":\"https:\/\/jornalfatosenoticias.com.br\/\",\"logo\":{\"@type\":\"ImageObject\",\"inLanguage\":\"pt-BR\",\"@id\":\"https:\/\/jornalfatosenoticias.com.br\/#\/schema\/logo\/image\/\",\"url\":\"https:\/\/jornalfatosenoticias.com.br\/wp-content\/uploads\/2020\/02\/logo120.png\",\"contentUrl\":\"https:\/\/jornalfatosenoticias.com.br\/wp-content\/uploads\/2020\/02\/logo120.png\",\"width\":1227,\"height\":120,\"caption\":\"Jornal Fatos e Not\u00edcias\"},\"image\":{\"@id\":\"https:\/\/jornalfatosenoticias.com.br\/#\/schema\/logo\/image\/\"}},{\"@type\":\"Person\",\"@id\":\"https:\/\/jornalfatosenoticias.com.br\/#\/schema\/person\/d63837fa13ac8666eb9e74e0985d6f81\",\"name\":\"Luzimara Fernandes\",\"image\":{\"@type\":\"ImageObject\",\"inLanguage\":\"pt-BR\",\"@id\":\"https:\/\/jornalfatosenoticias.com.br\/#\/schema\/person\/image\/\",\"url\":\"https:\/\/jornalfatosenoticias.com.br\/wp-content\/uploads\/2025\/05\/EU_portal.jpg\",\"contentUrl\":\"https:\/\/jornalfatosenoticias.com.br\/wp-content\/uploads\/2025\/05\/EU_portal.jpg\",\"caption\":\"Luzimara Fernandes\"},\"description\":\"Jornalista MTB 2358-ES\",\"sameAs\":[\"https:\/\/jornalfatosenoticias.com.br\"],\"url\":\"https:\/\/jornalfatosenoticias.com.br\/index.php\/author\/luzimara\/\"}]}<\/script>\n<!-- \/ Yoast SEO plugin. -->","yoast_head_json":{"title":"Brasileiro est\u00e1 prestes a comercializar a 1\u00aa telha hidrop\u00f4nica do mundo - Jornal Fatos e Not\u00edcias","robots":{"index":"index","follow":"follow","max-snippet":"max-snippet:-1","max-image-preview":"max-image-preview:large","max-video-preview":"max-video-preview:-1"},"canonical":"https:\/\/jornalfatosenoticias.com.br\/index.php\/2022\/09\/30\/brasileiro-esta-prestes-a-comercializar-a-1a-telha-hidroponica-do-mundo\/","og_locale":"pt_BR","og_type":"article","og_title":"Brasileiro est\u00e1 prestes a comercializar a 1\u00aa telha hidrop\u00f4nica do mundo - Jornal Fatos e Not\u00edcias","og_description":"Modelo pode ser usado para cultivo de vegetais, plantas ornamentais e grandes culturas, como feij\u00e3o e arroz A vontade de simplificar e criar novas formas para levar mais verde \u00e0s constru\u00e7\u00f5es e cidades foi o que motivou o engenheiro agr\u00f4nomo S\u00e9rgio Rocha a criar a Kaatop, uma telha hidrop\u00f4nica onde \u00e9 poss\u00edvel cultivar diversas esp\u00e9cies [&hellip;]","og_url":"https:\/\/jornalfatosenoticias.com.br\/index.php\/2022\/09\/30\/brasileiro-esta-prestes-a-comercializar-a-1a-telha-hidroponica-do-mundo\/","og_site_name":"Jornal Fatos e Not\u00edcias","article_published_time":"2022-09-30T16:33:05+00:00","article_modified_time":"2022-09-30T16:36:06+00:00","og_image":[{"width":1000,"height":576,"url":"https:\/\/jornalfatosenoticias.com.br\/wp-content\/uploads\/2022\/09\/telha-hidroponica-kaatop-1.jpg","type":"image\/jpeg"}],"author":"Luzimara Fernandes","twitter_card":"summary_large_image","twitter_misc":{"Escrito por":"Luzimara Fernandes","Est. tempo de leitura":"5 minutos"},"schema":{"@context":"https:\/\/schema.org","@graph":[{"@type":"Article","@id":"https:\/\/jornalfatosenoticias.com.br\/index.php\/2022\/09\/30\/brasileiro-esta-prestes-a-comercializar-a-1a-telha-hidroponica-do-mundo\/#article","isPartOf":{"@id":"https:\/\/jornalfatosenoticias.com.br\/index.php\/2022\/09\/30\/brasileiro-esta-prestes-a-comercializar-a-1a-telha-hidroponica-do-mundo\/"},"author":{"name":"Luzimara Fernandes","@id":"https:\/\/jornalfatosenoticias.com.br\/#\/schema\/person\/d63837fa13ac8666eb9e74e0985d6f81"},"headline":"Brasileiro est\u00e1 prestes a comercializar a 1\u00aa telha hidrop\u00f4nica do mundo","datePublished":"2022-09-30T16:33:05+00:00","dateModified":"2022-09-30T16:36:06+00:00","mainEntityOfPage":{"@id":"https:\/\/jornalfatosenoticias.com.br\/index.php\/2022\/09\/30\/brasileiro-esta-prestes-a-comercializar-a-1a-telha-hidroponica-do-mundo\/"},"wordCount":1055,"commentCount":0,"publisher":{"@id":"https:\/\/jornalfatosenoticias.com.br\/#organization"},"image":{"@id":"https:\/\/jornalfatosenoticias.com.br\/index.php\/2022\/09\/30\/brasileiro-esta-prestes-a-comercializar-a-1a-telha-hidroponica-do-mundo\/#primaryimage"},"thumbnailUrl":"https:\/\/jornalfatosenoticias.com.br\/wp-content\/uploads\/2022\/09\/telha-hidroponica-kaatop-1.jpg","keywords":["cultivo no telhado","Ecotelhado","Kaatop","telha hidrop\u00f4nica","telhados verdes"],"articleSection":["Meio ambiente","Tecnologia &amp; Inova\u00e7\u00e3o"],"inLanguage":"pt-BR","potentialAction":[{"@type":"CommentAction","name":"Comment","target":["https:\/\/jornalfatosenoticias.com.br\/index.php\/2022\/09\/30\/brasileiro-esta-prestes-a-comercializar-a-1a-telha-hidroponica-do-mundo\/#respond"]}]},{"@type":"WebPage","@id":"https:\/\/jornalfatosenoticias.com.br\/index.php\/2022\/09\/30\/brasileiro-esta-prestes-a-comercializar-a-1a-telha-hidroponica-do-mundo\/","url":"https:\/\/jornalfatosenoticias.com.br\/index.php\/2022\/09\/30\/brasileiro-esta-prestes-a-comercializar-a-1a-telha-hidroponica-do-mundo\/","name":"Brasileiro est\u00e1 prestes a comercializar a 1\u00aa telha hidrop\u00f4nica do mundo - Jornal Fatos e Not\u00edcias","isPartOf":{"@id":"https:\/\/jornalfatosenoticias.com.br\/#website"},"primaryImageOfPage":{"@id":"https:\/\/jornalfatosenoticias.com.br\/index.php\/2022\/09\/30\/brasileiro-esta-prestes-a-comercializar-a-1a-telha-hidroponica-do-mundo\/#primaryimage"},"image":{"@id":"https:\/\/jornalfatosenoticias.com.br\/index.php\/2022\/09\/30\/brasileiro-esta-prestes-a-comercializar-a-1a-telha-hidroponica-do-mundo\/#primaryimage"},"thumbnailUrl":"https:\/\/jornalfatosenoticias.com.br\/wp-content\/uploads\/2022\/09\/telha-hidroponica-kaatop-1.jpg","datePublished":"2022-09-30T16:33:05+00:00","dateModified":"2022-09-30T16:36:06+00:00","breadcrumb":{"@id":"https:\/\/jornalfatosenoticias.com.br\/index.php\/2022\/09\/30\/brasileiro-esta-prestes-a-comercializar-a-1a-telha-hidroponica-do-mundo\/#breadcrumb"},"inLanguage":"pt-BR","potentialAction":[{"@type":"ReadAction","target":["https:\/\/jornalfatosenoticias.com.br\/index.php\/2022\/09\/30\/brasileiro-esta-prestes-a-comercializar-a-1a-telha-hidroponica-do-mundo\/"]}]},{"@type":"ImageObject","inLanguage":"pt-BR","@id":"https:\/\/jornalfatosenoticias.com.br\/index.php\/2022\/09\/30\/brasileiro-esta-prestes-a-comercializar-a-1a-telha-hidroponica-do-mundo\/#primaryimage","url":"https:\/\/jornalfatosenoticias.com.br\/wp-content\/uploads\/2022\/09\/telha-hidroponica-kaatop-1.jpg","contentUrl":"https:\/\/jornalfatosenoticias.com.br\/wp-content\/uploads\/2022\/09\/telha-hidroponica-kaatop-1.jpg","width":1000,"height":576},{"@type":"BreadcrumbList","@id":"https:\/\/jornalfatosenoticias.com.br\/index.php\/2022\/09\/30\/brasileiro-esta-prestes-a-comercializar-a-1a-telha-hidroponica-do-mundo\/#breadcrumb","itemListElement":[{"@type":"ListItem","position":1,"name":"In\u00edcio","item":"https:\/\/jornalfatosenoticias.com.br\/"},{"@type":"ListItem","position":2,"name":"Brasileiro est\u00e1 prestes a comercializar a 1\u00aa telha hidrop\u00f4nica do mundo"}]},{"@type":"WebSite","@id":"https:\/\/jornalfatosenoticias.com.br\/#website","url":"https:\/\/jornalfatosenoticias.com.br\/","name":"Jornal Fatos e Not\u00edcias","description":"Not\u00edcias em geral","publisher":{"@id":"https:\/\/jornalfatosenoticias.com.br\/#organization"},"potentialAction":[{"@type":"SearchAction","target":{"@type":"EntryPoint","urlTemplate":"https:\/\/jornalfatosenoticias.com.br\/?s={search_term_string}"},"query-input":{"@type":"PropertyValueSpecification","valueRequired":true,"valueName":"search_term_string"}}],"inLanguage":"pt-BR"},{"@type":"Organization","@id":"https:\/\/jornalfatosenoticias.com.br\/#organization","name":"Jornal Fatos e Not\u00edcias","url":"https:\/\/jornalfatosenoticias.com.br\/","logo":{"@type":"ImageObject","inLanguage":"pt-BR","@id":"https:\/\/jornalfatosenoticias.com.br\/#\/schema\/logo\/image\/","url":"https:\/\/jornalfatosenoticias.com.br\/wp-content\/uploads\/2020\/02\/logo120.png","contentUrl":"https:\/\/jornalfatosenoticias.com.br\/wp-content\/uploads\/2020\/02\/logo120.png","width":1227,"height":120,"caption":"Jornal Fatos e Not\u00edcias"},"image":{"@id":"https:\/\/jornalfatosenoticias.com.br\/#\/schema\/logo\/image\/"}},{"@type":"Person","@id":"https:\/\/jornalfatosenoticias.com.br\/#\/schema\/person\/d63837fa13ac8666eb9e74e0985d6f81","name":"Luzimara Fernandes","image":{"@type":"ImageObject","inLanguage":"pt-BR","@id":"https:\/\/jornalfatosenoticias.com.br\/#\/schema\/person\/image\/","url":"https:\/\/jornalfatosenoticias.com.br\/wp-content\/uploads\/2025\/05\/EU_portal.jpg","contentUrl":"https:\/\/jornalfatosenoticias.com.br\/wp-content\/uploads\/2025\/05\/EU_portal.jpg","caption":"Luzimara Fernandes"},"description":"Jornalista MTB 2358-ES","sameAs":["https:\/\/jornalfatosenoticias.com.br"],"url":"https:\/\/jornalfatosenoticias.com.br\/index.php\/author\/luzimara\/"}]}},"cc_featured_image_caption":{"caption_text":"(Foto: Kaatop)","source_text":"","source_url":""},"jetpack_featured_media_url":"https:\/\/jornalfatosenoticias.com.br\/wp-content\/uploads\/2022\/09\/telha-hidroponica-kaatop-1.jpg","_links":{"self":[{"href":"https:\/\/jornalfatosenoticias.com.br\/index.php\/wp-json\/wp\/v2\/posts\/34719","targetHints":{"allow":["GET"]}}],"collection":[{"href":"https:\/\/jornalfatosenoticias.com.br\/index.php\/wp-json\/wp\/v2\/posts"}],"about":[{"href":"https:\/\/jornalfatosenoticias.com.br\/index.php\/wp-json\/wp\/v2\/types\/post"}],"author":[{"embeddable":true,"href":"https:\/\/jornalfatosenoticias.com.br\/index.php\/wp-json\/wp\/v2\/users\/2"}],"replies":[{"embeddable":true,"href":"https:\/\/jornalfatosenoticias.com.br\/index.php\/wp-json\/wp\/v2\/comments?post=34719"}],"version-history":[{"count":0,"href":"https:\/\/jornalfatosenoticias.com.br\/index.php\/wp-json\/wp\/v2\/posts\/34719\/revisions"}],"wp:featuredmedia":[{"embeddable":true,"href":"https:\/\/jornalfatosenoticias.com.br\/index.php\/wp-json\/wp\/v2\/media\/34723"}],"wp:attachment":[{"href":"https:\/\/jornalfatosenoticias.com.br\/index.php\/wp-json\/wp\/v2\/media?parent=34719"}],"wp:term":[{"taxonomy":"category","embeddable":true,"href":"https:\/\/jornalfatosenoticias.com.br\/index.php\/wp-json\/wp\/v2\/categories?post=34719"},{"taxonomy":"post_tag","embeddable":true,"href":"https:\/\/jornalfatosenoticias.com.br\/index.php\/wp-json\/wp\/v2\/tags?post=34719"}],"curies":[{"name":"wp","href":"https:\/\/api.w.org\/{rel}","templated":true}]}}