{"id":34808,"date":"2022-10-04T16:00:54","date_gmt":"2022-10-04T19:00:54","guid":{"rendered":"https:\/\/jornalfatosenoticias.com.br\/?p=34808"},"modified":"2022-10-04T16:00:56","modified_gmt":"2022-10-04T19:00:56","slug":"abertas-as-inscricoes-para-a-chamada-escolar-anual-no-distrito-federal","status":"publish","type":"post","link":"https:\/\/jornalfatosenoticias.com.br\/index.php\/2022\/10\/04\/abertas-as-inscricoes-para-a-chamada-escolar-anual-no-distrito-federal\/","title":{"rendered":"Abertas as inscri\u00e7\u00f5es para a chamada escolar anual no Distrito Federal"},"content":{"rendered":"\n<p><em><span class=\"has-inline-color has-black-color\">Vagas s\u00e3o para 2023, e per\u00edodo de inscri\u00e7\u00e3o vai at\u00e9 31 de outubro<\/span><\/em><\/p>\n\n\n\n<div class=\"wp-block-image\"><figure class=\"aligncenter size-large\"><img loading=\"lazy\" decoding=\"async\" width=\"1024\" height=\"100\" src=\"https:\/\/jornalfatosenoticias.com.br\/wp-content\/uploads\/2022\/05\/NOVA-LOGO-CESCONETTO-1024x100.jpg\" alt=\"\" class=\"wp-image-30792\" srcset=\"https:\/\/jornalfatosenoticias.com.br\/wp-content\/uploads\/2022\/05\/NOVA-LOGO-CESCONETTO-1024x100.jpg 1024w, https:\/\/jornalfatosenoticias.com.br\/wp-content\/uploads\/2022\/05\/NOVA-LOGO-CESCONETTO-300x29.jpg 300w, https:\/\/jornalfatosenoticias.com.br\/wp-content\/uploads\/2022\/05\/NOVA-LOGO-CESCONETTO-768x75.jpg 768w, https:\/\/jornalfatosenoticias.com.br\/wp-content\/uploads\/2022\/05\/NOVA-LOGO-CESCONETTO.jpg 1280w\" sizes=\"auto, (max-width: 1024px) 100vw, 1024px\" \/><\/figure><\/div>\n\n\n\n<p>Estudantes que n\u00e3o est\u00e3o matriculados em uma escola da rede p\u00fablica de ensino do Distrito Federal podem se inscrever, a partir de hoje (4) para concorrer a uma vaga no ano letivo de 2023. As inscri\u00e7\u00f5es v\u00e3o at\u00e9 o dia 31 de outubro.<br>As inscri\u00e7\u00f5es da Chamada Escolar para matr\u00edcula obrigat\u00f3ria poder\u00e3o ser <strong><a href=\"https:\/\/ieducar.se.df.gov.br\/ieducar\/matricula\/internet\/reg_nova\/aviso_regular.php\" target=\"_blank\" rel=\"noreferrer noopener\">realizadas pela internet<\/a><\/strong> ou pelo telefone 156. As vagas s\u00e3o para o ensino regular, que engloba educa\u00e7\u00e3o infantil e ensino fundamental e m\u00e9dio, nas unidades escolares do Distrito Federal.<\/p>\n\n\n\n<div class=\"wp-block-image\"><figure class=\"aligncenter size-large is-resized\"><img loading=\"lazy\" decoding=\"async\" src=\"https:\/\/jornalfatosenoticias.com.br\/wp-content\/uploads\/2022\/07\/Logo-Grupo-SEI.jpg\" alt=\"\" class=\"wp-image-31973\" width=\"336\" height=\"176\" srcset=\"https:\/\/jornalfatosenoticias.com.br\/wp-content\/uploads\/2022\/07\/Logo-Grupo-SEI.jpg 713w, https:\/\/jornalfatosenoticias.com.br\/wp-content\/uploads\/2022\/07\/Logo-Grupo-SEI-300x158.jpg 300w\" sizes=\"auto, (max-width: 336px) 100vw, 336px\" \/><\/figure><\/div>\n\n\n\n<figure class=\"wp-block-pullquote\"><blockquote><p><span class=\"has-inline-color has-luminous-vivid-orange-color\">As inscri\u00e7\u00f5es para os alunos com defici\u00eancia, Transtorno do Espectro Autista (TEA) ou Transtornos Funcionais Espec\u00edficos (TFEs) ser\u00e3o realizadas no mesmo per\u00edodo. No entanto, estas inscri\u00e7\u00f5es dever\u00e3o ser realizadas presencialmente na Unidade de Planejamento (Uniplat) da Coordena\u00e7\u00e3o Regional de Ensino de prefer\u00eancia do respons\u00e1vel pelo estudante\u201d, destaca a Secretaria de Estado de Educa\u00e7\u00e3o do Distrito Federal (SEEDF).<\/span><\/p><\/blockquote><\/figure>\n\n\n\n<div class=\"wp-block-image\"><figure class=\"alignright size-large is-resized\"><img loading=\"lazy\" decoding=\"async\" src=\"https:\/\/jornalfatosenoticias.com.br\/wp-content\/uploads\/2020\/02\/casa-do-torresmo_portal.jpg\" alt=\"\" class=\"wp-image-34472\" width=\"271\" height=\"271\" srcset=\"https:\/\/jornalfatosenoticias.com.br\/wp-content\/uploads\/2020\/02\/casa-do-torresmo_portal.jpg 300w, https:\/\/jornalfatosenoticias.com.br\/wp-content\/uploads\/2020\/02\/casa-do-torresmo_portal-150x150.jpg 150w\" sizes=\"auto, (max-width: 271px) 100vw, 271px\" \/><\/figure><\/div>\n\n\n\n<p><strong><span class=\"has-inline-color has-black-color\">Inscri\u00e7\u00f5es<br><\/span><\/strong>Ao fazer o cadastro online, os candidatos precisar\u00e3o inserir os dados pessoais como o CPF, nome completo, data de nascimento, nome da m\u00e3e ou do respons\u00e1vel, CEP da resid\u00eancia ou trabalho da m\u00e3e, do pai ou respons\u00e1vel legal, endere\u00e7o residencial ou de trabalho correspondente ao CEP informado; al\u00e9m do per\u00edodo, ano e s\u00e9rie pretendido pelo candidato em 2023 e o n\u00famero de telefone e <em>e-mail.<\/em><br>Caso o estudante n\u00e3o tenha CPF, a inscri\u00e7\u00e3o deve ser feita pelo telefone 156. A informa\u00e7\u00e3o do CEP possibilitar\u00e1 o direcionamento a uma vaga para o estudante, conforme disponibilidade nas unidades escolares mais pr\u00f3xima. Portanto, o estudante n\u00e3o pode escolher a escola no momento da inscri\u00e7\u00e3o.<\/p>\n\n\n\n<div class=\"wp-block-image\"><figure class=\"aligncenter size-large is-resized\"><img loading=\"lazy\" decoding=\"async\" src=\"https:\/\/jornalfatosenoticias.com.br\/wp-content\/uploads\/2020\/02\/logo-Panper_portal.jpg\" alt=\"\" class=\"wp-image-34474\" width=\"290\" height=\"201\" srcset=\"https:\/\/jornalfatosenoticias.com.br\/wp-content\/uploads\/2020\/02\/logo-Panper_portal.jpg 400w, https:\/\/jornalfatosenoticias.com.br\/wp-content\/uploads\/2020\/02\/logo-Panper_portal-300x208.jpg 300w\" sizes=\"auto, (max-width: 290px) 100vw, 290px\" \/><\/figure><\/div>\n\n\n\n<figure class=\"wp-block-pullquote\"><blockquote><p><span class=\"has-inline-color has-luminous-vivid-orange-color\">\u00c9 importante que os respons\u00e1veis fiquem atentos para finalizarem as inscri\u00e7\u00f5es. Ao concluir a digita\u00e7\u00e3o das informa\u00e7\u00f5es solicitadas, clique em gravar. Pois o cadastro ser\u00e1 finalizado somente se os dados informados estiverem completos e corretos&#8221;, ressalta a SEEDF.<\/span><\/p><\/blockquote><\/figure>\n\n\n\n<div class=\"wp-block-image\"><figure class=\"aligncenter size-large\"><img loading=\"lazy\" decoding=\"async\" width=\"1024\" height=\"100\" src=\"https:\/\/jornalfatosenoticias.com.br\/wp-content\/uploads\/2020\/02\/banner_ferramentas-1024x100.jpg\" alt=\"\" class=\"wp-image-1258\" srcset=\"https:\/\/jornalfatosenoticias.com.br\/wp-content\/uploads\/2020\/02\/banner_ferramentas-1024x100.jpg 1024w, https:\/\/jornalfatosenoticias.com.br\/wp-content\/uploads\/2020\/02\/banner_ferramentas-300x29.jpg 300w, https:\/\/jornalfatosenoticias.com.br\/wp-content\/uploads\/2020\/02\/banner_ferramentas-768x75.jpg 768w, https:\/\/jornalfatosenoticias.com.br\/wp-content\/uploads\/2020\/02\/banner_ferramentas.jpg 1227w\" sizes=\"auto, (max-width: 1024px) 100vw, 1024px\" \/><\/figure><\/div>\n\n\n\n<p><strong><span class=\"has-inline-color has-black-color\">Resultado<br><\/span><\/strong>O resultado das inscri\u00e7\u00f5es das vagas est\u00e1 previsto para ser <strong><a href=\"https:\/\/www.educacao.df.gov.br\/\" target=\"_blank\" rel=\"noreferrer noopener\">divulgado no\u00a0<em>site<\/em><\/a><\/strong> da Secretaria de Educa\u00e7\u00e3o em 20 de dezembro, a partir das 18h. O estudante, pai ou respons\u00e1vel deve comparecer \u00e0 escola na qual foi contemplado, levando os documentos necess\u00e1rios para confirmar a matr\u00edcula. J\u00e1 o per\u00edodo de efetiva\u00e7\u00e3o de matr\u00edcula est\u00e1 previsto para ocorrer entre 3 e 10 de janeiro de 2023.<\/p>\n\n\n\n<div class=\"wp-block-image\"><figure class=\"aligncenter size-large\"><img loading=\"lazy\" decoding=\"async\" width=\"1024\" height=\"103\" src=\"https:\/\/jornalfatosenoticias.com.br\/wp-content\/uploads\/2022\/02\/Arte-Autoescola-Galatas_endereco_portal-1024x103.png\" alt=\"\" class=\"wp-image-27869\" srcset=\"https:\/\/jornalfatosenoticias.com.br\/wp-content\/uploads\/2022\/02\/Arte-Autoescola-Galatas_endereco_portal-1024x103.png 1024w, https:\/\/jornalfatosenoticias.com.br\/wp-content\/uploads\/2022\/02\/Arte-Autoescola-Galatas_endereco_portal-300x30.png 300w, https:\/\/jornalfatosenoticias.com.br\/wp-content\/uploads\/2022\/02\/Arte-Autoescola-Galatas_endereco_portal-768x77.png 768w, https:\/\/jornalfatosenoticias.com.br\/wp-content\/uploads\/2022\/02\/Arte-Autoescola-Galatas_endereco_portal.png 1223w\" sizes=\"auto, (max-width: 1024px) 100vw, 1024px\" \/><\/figure><\/div>\n\n\n\n<p><strong><em>Fonte: <a href=\"https:\/\/agenciabrasil.ebc.com.br\/educacao\/noticia\/2022-10\/abertas-inscricoes-para-chamada-escolar-anual-no-distrito-federal\">Ag\u00eancia Brasil<\/a><\/em><\/strong><\/p>\n","protected":false},"excerpt":{"rendered":"<p>Vagas s\u00e3o para 2023, e per\u00edodo de inscri\u00e7\u00e3o vai at\u00e9 31 de outubro Estudantes que n\u00e3o est\u00e3o matriculados em uma escola da rede p\u00fablica de ensino do Distrito Federal podem se inscrever, a partir de hoje (4) para concorrer a uma vaga no ano letivo de 2023. As inscri\u00e7\u00f5es v\u00e3o at\u00e9 o dia 31 de [&hellip;]<\/p>\n","protected":false},"author":2,"featured_media":34809,"comment_status":"open","ping_status":"open","sticky":false,"template":"","format":"standard","meta":{"footnotes":""},"categories":[7],"tags":[16345,1870,2203,9651,14715,16346],"class_list":["post-34808","post","type-post","status-publish","format-standard","has-post-thumbnail","hentry","category-educacao","tag-chamada-escolar","tag-educacao-infantil","tag-ensino-fundamental","tag-ensino-medio","tag-inscricao","tag-secretaria-de-estado-de-educacao"],"yoast_head":"<!-- This site is optimized with the Yoast SEO plugin v26.5 - https:\/\/yoast.com\/wordpress\/plugins\/seo\/ -->\n<title>Abertas as inscri\u00e7\u00f5es para a chamada escolar anual no Distrito Federal - Jornal Fatos e Not\u00edcias<\/title>\n<meta name=\"robots\" content=\"index, follow, max-snippet:-1, max-image-preview:large, max-video-preview:-1\" \/>\n<link rel=\"canonical\" href=\"https:\/\/jornalfatosenoticias.com.br\/index.php\/2022\/10\/04\/abertas-as-inscricoes-para-a-chamada-escolar-anual-no-distrito-federal\/\" \/>\n<meta property=\"og:locale\" content=\"pt_BR\" \/>\n<meta property=\"og:type\" content=\"article\" \/>\n<meta property=\"og:title\" content=\"Abertas as inscri\u00e7\u00f5es para a chamada escolar anual no Distrito Federal - Jornal Fatos e Not\u00edcias\" \/>\n<meta property=\"og:description\" content=\"Vagas s\u00e3o para 2023, e per\u00edodo de inscri\u00e7\u00e3o vai at\u00e9 31 de outubro Estudantes que n\u00e3o est\u00e3o matriculados em uma escola da rede p\u00fablica de ensino do Distrito Federal podem se inscrever, a partir de hoje (4) para concorrer a uma vaga no ano letivo de 2023. As inscri\u00e7\u00f5es v\u00e3o at\u00e9 o dia 31 de [&hellip;]\" \/>\n<meta property=\"og:url\" content=\"https:\/\/jornalfatosenoticias.com.br\/index.php\/2022\/10\/04\/abertas-as-inscricoes-para-a-chamada-escolar-anual-no-distrito-federal\/\" \/>\n<meta property=\"og:site_name\" content=\"Jornal Fatos e Not\u00edcias\" \/>\n<meta property=\"article:published_time\" content=\"2022-10-04T19:00:54+00:00\" \/>\n<meta property=\"article:modified_time\" content=\"2022-10-04T19:00:56+00:00\" \/>\n<meta property=\"og:image\" content=\"https:\/\/jornalfatosenoticias.com.br\/wp-content\/uploads\/2022\/10\/chamada-escolar-anual_brasilia.jpg\" \/>\n\t<meta property=\"og:image:width\" content=\"1000\" \/>\n\t<meta property=\"og:image:height\" content=\"598\" \/>\n\t<meta property=\"og:image:type\" content=\"image\/jpeg\" \/>\n<meta name=\"author\" content=\"Luzimara Fernandes\" \/>\n<meta name=\"twitter:card\" content=\"summary_large_image\" \/>\n<meta name=\"twitter:label1\" content=\"Escrito por\" \/>\n\t<meta name=\"twitter:data1\" content=\"Luzimara Fernandes\" \/>\n\t<meta name=\"twitter:label2\" content=\"Est. tempo de leitura\" \/>\n\t<meta name=\"twitter:data2\" content=\"2 minutos\" \/>\n<script type=\"application\/ld+json\" class=\"yoast-schema-graph\">{\"@context\":\"https:\/\/schema.org\",\"@graph\":[{\"@type\":\"Article\",\"@id\":\"https:\/\/jornalfatosenoticias.com.br\/index.php\/2022\/10\/04\/abertas-as-inscricoes-para-a-chamada-escolar-anual-no-distrito-federal\/#article\",\"isPartOf\":{\"@id\":\"https:\/\/jornalfatosenoticias.com.br\/index.php\/2022\/10\/04\/abertas-as-inscricoes-para-a-chamada-escolar-anual-no-distrito-federal\/\"},\"author\":{\"name\":\"Luzimara Fernandes\",\"@id\":\"https:\/\/jornalfatosenoticias.com.br\/#\/schema\/person\/d63837fa13ac8666eb9e74e0985d6f81\"},\"headline\":\"Abertas as inscri\u00e7\u00f5es para a chamada escolar anual no Distrito Federal\",\"datePublished\":\"2022-10-04T19:00:54+00:00\",\"dateModified\":\"2022-10-04T19:00:56+00:00\",\"mainEntityOfPage\":{\"@id\":\"https:\/\/jornalfatosenoticias.com.br\/index.php\/2022\/10\/04\/abertas-as-inscricoes-para-a-chamada-escolar-anual-no-distrito-federal\/\"},\"wordCount\":426,\"commentCount\":0,\"publisher\":{\"@id\":\"https:\/\/jornalfatosenoticias.com.br\/#organization\"},\"image\":{\"@id\":\"https:\/\/jornalfatosenoticias.com.br\/index.php\/2022\/10\/04\/abertas-as-inscricoes-para-a-chamada-escolar-anual-no-distrito-federal\/#primaryimage\"},\"thumbnailUrl\":\"https:\/\/jornalfatosenoticias.com.br\/wp-content\/uploads\/2022\/10\/chamada-escolar-anual_brasilia.jpg\",\"keywords\":[\"chamada escolar\",\"educa\u00e7\u00e3o infantil\",\"ensino fundamental\",\"ensino m\u00e9dio\",\"inscri\u00e7\u00e3o\",\"Secretaria de Estado de Educa\u00e7\u00e3o\"],\"articleSection\":[\"Educa\u00e7\u00e3o\"],\"inLanguage\":\"pt-BR\",\"potentialAction\":[{\"@type\":\"CommentAction\",\"name\":\"Comment\",\"target\":[\"https:\/\/jornalfatosenoticias.com.br\/index.php\/2022\/10\/04\/abertas-as-inscricoes-para-a-chamada-escolar-anual-no-distrito-federal\/#respond\"]}]},{\"@type\":\"WebPage\",\"@id\":\"https:\/\/jornalfatosenoticias.com.br\/index.php\/2022\/10\/04\/abertas-as-inscricoes-para-a-chamada-escolar-anual-no-distrito-federal\/\",\"url\":\"https:\/\/jornalfatosenoticias.com.br\/index.php\/2022\/10\/04\/abertas-as-inscricoes-para-a-chamada-escolar-anual-no-distrito-federal\/\",\"name\":\"Abertas as inscri\u00e7\u00f5es para a chamada escolar anual no Distrito Federal - Jornal Fatos e Not\u00edcias\",\"isPartOf\":{\"@id\":\"https:\/\/jornalfatosenoticias.com.br\/#website\"},\"primaryImageOfPage\":{\"@id\":\"https:\/\/jornalfatosenoticias.com.br\/index.php\/2022\/10\/04\/abertas-as-inscricoes-para-a-chamada-escolar-anual-no-distrito-federal\/#primaryimage\"},\"image\":{\"@id\":\"https:\/\/jornalfatosenoticias.com.br\/index.php\/2022\/10\/04\/abertas-as-inscricoes-para-a-chamada-escolar-anual-no-distrito-federal\/#primaryimage\"},\"thumbnailUrl\":\"https:\/\/jornalfatosenoticias.com.br\/wp-content\/uploads\/2022\/10\/chamada-escolar-anual_brasilia.jpg\",\"datePublished\":\"2022-10-04T19:00:54+00:00\",\"dateModified\":\"2022-10-04T19:00:56+00:00\",\"breadcrumb\":{\"@id\":\"https:\/\/jornalfatosenoticias.com.br\/index.php\/2022\/10\/04\/abertas-as-inscricoes-para-a-chamada-escolar-anual-no-distrito-federal\/#breadcrumb\"},\"inLanguage\":\"pt-BR\",\"potentialAction\":[{\"@type\":\"ReadAction\",\"target\":[\"https:\/\/jornalfatosenoticias.com.br\/index.php\/2022\/10\/04\/abertas-as-inscricoes-para-a-chamada-escolar-anual-no-distrito-federal\/\"]}]},{\"@type\":\"ImageObject\",\"inLanguage\":\"pt-BR\",\"@id\":\"https:\/\/jornalfatosenoticias.com.br\/index.php\/2022\/10\/04\/abertas-as-inscricoes-para-a-chamada-escolar-anual-no-distrito-federal\/#primaryimage\",\"url\":\"https:\/\/jornalfatosenoticias.com.br\/wp-content\/uploads\/2022\/10\/chamada-escolar-anual_brasilia.jpg\",\"contentUrl\":\"https:\/\/jornalfatosenoticias.com.br\/wp-content\/uploads\/2022\/10\/chamada-escolar-anual_brasilia.jpg\",\"width\":1000,\"height\":598,\"caption\":\"Governo do Distrito Federal implanta projeto de ensino militar para os estudantes do ensino fundamental e m\u00e9dio em quatro escolas p\u00fablicas do DF. Na foto, o Centro Educacional (CED) 7 de Ceil\u00e2ndia.\"},{\"@type\":\"BreadcrumbList\",\"@id\":\"https:\/\/jornalfatosenoticias.com.br\/index.php\/2022\/10\/04\/abertas-as-inscricoes-para-a-chamada-escolar-anual-no-distrito-federal\/#breadcrumb\",\"itemListElement\":[{\"@type\":\"ListItem\",\"position\":1,\"name\":\"In\u00edcio\",\"item\":\"https:\/\/jornalfatosenoticias.com.br\/\"},{\"@type\":\"ListItem\",\"position\":2,\"name\":\"Abertas as inscri\u00e7\u00f5es para a chamada escolar anual no Distrito Federal\"}]},{\"@type\":\"WebSite\",\"@id\":\"https:\/\/jornalfatosenoticias.com.br\/#website\",\"url\":\"https:\/\/jornalfatosenoticias.com.br\/\",\"name\":\"Jornal Fatos e Not\u00edcias\",\"description\":\"Not\u00edcias em geral\",\"publisher\":{\"@id\":\"https:\/\/jornalfatosenoticias.com.br\/#organization\"},\"potentialAction\":[{\"@type\":\"SearchAction\",\"target\":{\"@type\":\"EntryPoint\",\"urlTemplate\":\"https:\/\/jornalfatosenoticias.com.br\/?s={search_term_string}\"},\"query-input\":{\"@type\":\"PropertyValueSpecification\",\"valueRequired\":true,\"valueName\":\"search_term_string\"}}],\"inLanguage\":\"pt-BR\"},{\"@type\":\"Organization\",\"@id\":\"https:\/\/jornalfatosenoticias.com.br\/#organization\",\"name\":\"Jornal Fatos e Not\u00edcias\",\"url\":\"https:\/\/jornalfatosenoticias.com.br\/\",\"logo\":{\"@type\":\"ImageObject\",\"inLanguage\":\"pt-BR\",\"@id\":\"https:\/\/jornalfatosenoticias.com.br\/#\/schema\/logo\/image\/\",\"url\":\"https:\/\/jornalfatosenoticias.com.br\/wp-content\/uploads\/2020\/02\/logo120.png\",\"contentUrl\":\"https:\/\/jornalfatosenoticias.com.br\/wp-content\/uploads\/2020\/02\/logo120.png\",\"width\":1227,\"height\":120,\"caption\":\"Jornal Fatos e Not\u00edcias\"},\"image\":{\"@id\":\"https:\/\/jornalfatosenoticias.com.br\/#\/schema\/logo\/image\/\"}},{\"@type\":\"Person\",\"@id\":\"https:\/\/jornalfatosenoticias.com.br\/#\/schema\/person\/d63837fa13ac8666eb9e74e0985d6f81\",\"name\":\"Luzimara Fernandes\",\"image\":{\"@type\":\"ImageObject\",\"inLanguage\":\"pt-BR\",\"@id\":\"https:\/\/jornalfatosenoticias.com.br\/#\/schema\/person\/image\/\",\"url\":\"https:\/\/jornalfatosenoticias.com.br\/wp-content\/uploads\/2025\/05\/EU_portal.jpg\",\"contentUrl\":\"https:\/\/jornalfatosenoticias.com.br\/wp-content\/uploads\/2025\/05\/EU_portal.jpg\",\"caption\":\"Luzimara Fernandes\"},\"description\":\"Jornalista MTB 2358-ES\",\"sameAs\":[\"https:\/\/jornalfatosenoticias.com.br\"],\"url\":\"https:\/\/jornalfatosenoticias.com.br\/index.php\/author\/luzimara\/\"}]}<\/script>\n<!-- \/ Yoast SEO plugin. -->","yoast_head_json":{"title":"Abertas as inscri\u00e7\u00f5es para a chamada escolar anual no Distrito Federal - Jornal Fatos e Not\u00edcias","robots":{"index":"index","follow":"follow","max-snippet":"max-snippet:-1","max-image-preview":"max-image-preview:large","max-video-preview":"max-video-preview:-1"},"canonical":"https:\/\/jornalfatosenoticias.com.br\/index.php\/2022\/10\/04\/abertas-as-inscricoes-para-a-chamada-escolar-anual-no-distrito-federal\/","og_locale":"pt_BR","og_type":"article","og_title":"Abertas as inscri\u00e7\u00f5es para a chamada escolar anual no Distrito Federal - Jornal Fatos e Not\u00edcias","og_description":"Vagas s\u00e3o para 2023, e per\u00edodo de inscri\u00e7\u00e3o vai at\u00e9 31 de outubro Estudantes que n\u00e3o est\u00e3o matriculados em uma escola da rede p\u00fablica de ensino do Distrito Federal podem se inscrever, a partir de hoje (4) para concorrer a uma vaga no ano letivo de 2023. As inscri\u00e7\u00f5es v\u00e3o at\u00e9 o dia 31 de [&hellip;]","og_url":"https:\/\/jornalfatosenoticias.com.br\/index.php\/2022\/10\/04\/abertas-as-inscricoes-para-a-chamada-escolar-anual-no-distrito-federal\/","og_site_name":"Jornal Fatos e Not\u00edcias","article_published_time":"2022-10-04T19:00:54+00:00","article_modified_time":"2022-10-04T19:00:56+00:00","og_image":[{"width":1000,"height":598,"url":"https:\/\/jornalfatosenoticias.com.br\/wp-content\/uploads\/2022\/10\/chamada-escolar-anual_brasilia.jpg","type":"image\/jpeg"}],"author":"Luzimara Fernandes","twitter_card":"summary_large_image","twitter_misc":{"Escrito por":"Luzimara Fernandes","Est. tempo de leitura":"2 minutos"},"schema":{"@context":"https:\/\/schema.org","@graph":[{"@type":"Article","@id":"https:\/\/jornalfatosenoticias.com.br\/index.php\/2022\/10\/04\/abertas-as-inscricoes-para-a-chamada-escolar-anual-no-distrito-federal\/#article","isPartOf":{"@id":"https:\/\/jornalfatosenoticias.com.br\/index.php\/2022\/10\/04\/abertas-as-inscricoes-para-a-chamada-escolar-anual-no-distrito-federal\/"},"author":{"name":"Luzimara Fernandes","@id":"https:\/\/jornalfatosenoticias.com.br\/#\/schema\/person\/d63837fa13ac8666eb9e74e0985d6f81"},"headline":"Abertas as inscri\u00e7\u00f5es para a chamada escolar anual no Distrito Federal","datePublished":"2022-10-04T19:00:54+00:00","dateModified":"2022-10-04T19:00:56+00:00","mainEntityOfPage":{"@id":"https:\/\/jornalfatosenoticias.com.br\/index.php\/2022\/10\/04\/abertas-as-inscricoes-para-a-chamada-escolar-anual-no-distrito-federal\/"},"wordCount":426,"commentCount":0,"publisher":{"@id":"https:\/\/jornalfatosenoticias.com.br\/#organization"},"image":{"@id":"https:\/\/jornalfatosenoticias.com.br\/index.php\/2022\/10\/04\/abertas-as-inscricoes-para-a-chamada-escolar-anual-no-distrito-federal\/#primaryimage"},"thumbnailUrl":"https:\/\/jornalfatosenoticias.com.br\/wp-content\/uploads\/2022\/10\/chamada-escolar-anual_brasilia.jpg","keywords":["chamada escolar","educa\u00e7\u00e3o infantil","ensino fundamental","ensino m\u00e9dio","inscri\u00e7\u00e3o","Secretaria de Estado de Educa\u00e7\u00e3o"],"articleSection":["Educa\u00e7\u00e3o"],"inLanguage":"pt-BR","potentialAction":[{"@type":"CommentAction","name":"Comment","target":["https:\/\/jornalfatosenoticias.com.br\/index.php\/2022\/10\/04\/abertas-as-inscricoes-para-a-chamada-escolar-anual-no-distrito-federal\/#respond"]}]},{"@type":"WebPage","@id":"https:\/\/jornalfatosenoticias.com.br\/index.php\/2022\/10\/04\/abertas-as-inscricoes-para-a-chamada-escolar-anual-no-distrito-federal\/","url":"https:\/\/jornalfatosenoticias.com.br\/index.php\/2022\/10\/04\/abertas-as-inscricoes-para-a-chamada-escolar-anual-no-distrito-federal\/","name":"Abertas as inscri\u00e7\u00f5es para a chamada escolar anual no Distrito Federal - Jornal Fatos e Not\u00edcias","isPartOf":{"@id":"https:\/\/jornalfatosenoticias.com.br\/#website"},"primaryImageOfPage":{"@id":"https:\/\/jornalfatosenoticias.com.br\/index.php\/2022\/10\/04\/abertas-as-inscricoes-para-a-chamada-escolar-anual-no-distrito-federal\/#primaryimage"},"image":{"@id":"https:\/\/jornalfatosenoticias.com.br\/index.php\/2022\/10\/04\/abertas-as-inscricoes-para-a-chamada-escolar-anual-no-distrito-federal\/#primaryimage"},"thumbnailUrl":"https:\/\/jornalfatosenoticias.com.br\/wp-content\/uploads\/2022\/10\/chamada-escolar-anual_brasilia.jpg","datePublished":"2022-10-04T19:00:54+00:00","dateModified":"2022-10-04T19:00:56+00:00","breadcrumb":{"@id":"https:\/\/jornalfatosenoticias.com.br\/index.php\/2022\/10\/04\/abertas-as-inscricoes-para-a-chamada-escolar-anual-no-distrito-federal\/#breadcrumb"},"inLanguage":"pt-BR","potentialAction":[{"@type":"ReadAction","target":["https:\/\/jornalfatosenoticias.com.br\/index.php\/2022\/10\/04\/abertas-as-inscricoes-para-a-chamada-escolar-anual-no-distrito-federal\/"]}]},{"@type":"ImageObject","inLanguage":"pt-BR","@id":"https:\/\/jornalfatosenoticias.com.br\/index.php\/2022\/10\/04\/abertas-as-inscricoes-para-a-chamada-escolar-anual-no-distrito-federal\/#primaryimage","url":"https:\/\/jornalfatosenoticias.com.br\/wp-content\/uploads\/2022\/10\/chamada-escolar-anual_brasilia.jpg","contentUrl":"https:\/\/jornalfatosenoticias.com.br\/wp-content\/uploads\/2022\/10\/chamada-escolar-anual_brasilia.jpg","width":1000,"height":598,"caption":"Governo do Distrito Federal implanta projeto de ensino militar para os estudantes do ensino fundamental e m\u00e9dio em quatro escolas p\u00fablicas do DF. Na foto, o Centro Educacional (CED) 7 de Ceil\u00e2ndia."},{"@type":"BreadcrumbList","@id":"https:\/\/jornalfatosenoticias.com.br\/index.php\/2022\/10\/04\/abertas-as-inscricoes-para-a-chamada-escolar-anual-no-distrito-federal\/#breadcrumb","itemListElement":[{"@type":"ListItem","position":1,"name":"In\u00edcio","item":"https:\/\/jornalfatosenoticias.com.br\/"},{"@type":"ListItem","position":2,"name":"Abertas as inscri\u00e7\u00f5es para a chamada escolar anual no Distrito Federal"}]},{"@type":"WebSite","@id":"https:\/\/jornalfatosenoticias.com.br\/#website","url":"https:\/\/jornalfatosenoticias.com.br\/","name":"Jornal Fatos e Not\u00edcias","description":"Not\u00edcias em geral","publisher":{"@id":"https:\/\/jornalfatosenoticias.com.br\/#organization"},"potentialAction":[{"@type":"SearchAction","target":{"@type":"EntryPoint","urlTemplate":"https:\/\/jornalfatosenoticias.com.br\/?s={search_term_string}"},"query-input":{"@type":"PropertyValueSpecification","valueRequired":true,"valueName":"search_term_string"}}],"inLanguage":"pt-BR"},{"@type":"Organization","@id":"https:\/\/jornalfatosenoticias.com.br\/#organization","name":"Jornal Fatos e Not\u00edcias","url":"https:\/\/jornalfatosenoticias.com.br\/","logo":{"@type":"ImageObject","inLanguage":"pt-BR","@id":"https:\/\/jornalfatosenoticias.com.br\/#\/schema\/logo\/image\/","url":"https:\/\/jornalfatosenoticias.com.br\/wp-content\/uploads\/2020\/02\/logo120.png","contentUrl":"https:\/\/jornalfatosenoticias.com.br\/wp-content\/uploads\/2020\/02\/logo120.png","width":1227,"height":120,"caption":"Jornal Fatos e Not\u00edcias"},"image":{"@id":"https:\/\/jornalfatosenoticias.com.br\/#\/schema\/logo\/image\/"}},{"@type":"Person","@id":"https:\/\/jornalfatosenoticias.com.br\/#\/schema\/person\/d63837fa13ac8666eb9e74e0985d6f81","name":"Luzimara Fernandes","image":{"@type":"ImageObject","inLanguage":"pt-BR","@id":"https:\/\/jornalfatosenoticias.com.br\/#\/schema\/person\/image\/","url":"https:\/\/jornalfatosenoticias.com.br\/wp-content\/uploads\/2025\/05\/EU_portal.jpg","contentUrl":"https:\/\/jornalfatosenoticias.com.br\/wp-content\/uploads\/2025\/05\/EU_portal.jpg","caption":"Luzimara Fernandes"},"description":"Jornalista MTB 2358-ES","sameAs":["https:\/\/jornalfatosenoticias.com.br"],"url":"https:\/\/jornalfatosenoticias.com.br\/index.php\/author\/luzimara\/"}]}},"cc_featured_image_caption":{"caption_text":"(Foto: Ant\u00f4nio Cruz\/Ag\u00eancia Brasil) ","source_text":"","source_url":""},"jetpack_featured_media_url":"https:\/\/jornalfatosenoticias.com.br\/wp-content\/uploads\/2022\/10\/chamada-escolar-anual_brasilia.jpg","_links":{"self":[{"href":"https:\/\/jornalfatosenoticias.com.br\/index.php\/wp-json\/wp\/v2\/posts\/34808","targetHints":{"allow":["GET"]}}],"collection":[{"href":"https:\/\/jornalfatosenoticias.com.br\/index.php\/wp-json\/wp\/v2\/posts"}],"about":[{"href":"https:\/\/jornalfatosenoticias.com.br\/index.php\/wp-json\/wp\/v2\/types\/post"}],"author":[{"embeddable":true,"href":"https:\/\/jornalfatosenoticias.com.br\/index.php\/wp-json\/wp\/v2\/users\/2"}],"replies":[{"embeddable":true,"href":"https:\/\/jornalfatosenoticias.com.br\/index.php\/wp-json\/wp\/v2\/comments?post=34808"}],"version-history":[{"count":0,"href":"https:\/\/jornalfatosenoticias.com.br\/index.php\/wp-json\/wp\/v2\/posts\/34808\/revisions"}],"wp:featuredmedia":[{"embeddable":true,"href":"https:\/\/jornalfatosenoticias.com.br\/index.php\/wp-json\/wp\/v2\/media\/34809"}],"wp:attachment":[{"href":"https:\/\/jornalfatosenoticias.com.br\/index.php\/wp-json\/wp\/v2\/media?parent=34808"}],"wp:term":[{"taxonomy":"category","embeddable":true,"href":"https:\/\/jornalfatosenoticias.com.br\/index.php\/wp-json\/wp\/v2\/categories?post=34808"},{"taxonomy":"post_tag","embeddable":true,"href":"https:\/\/jornalfatosenoticias.com.br\/index.php\/wp-json\/wp\/v2\/tags?post=34808"}],"curies":[{"name":"wp","href":"https:\/\/api.w.org\/{rel}","templated":true}]}}