{"id":34817,"date":"2022-10-04T18:18:45","date_gmt":"2022-10-04T21:18:45","guid":{"rendered":"https:\/\/jornalfatosenoticias.com.br\/?p=34817"},"modified":"2022-10-04T18:18:47","modified_gmt":"2022-10-04T21:18:47","slug":"mato-grosso-intensifica-acoes-contra-crimes-ambientais","status":"publish","type":"post","link":"https:\/\/jornalfatosenoticias.com.br\/index.php\/2022\/10\/04\/mato-grosso-intensifica-acoes-contra-crimes-ambientais\/","title":{"rendered":"Mato Grosso intensifica a\u00e7\u00f5es contra crimes ambientais"},"content":{"rendered":"\n<p><span class=\"has-inline-color has-black-color\"><em>Opera\u00e7\u00e3o conta com efetivos da For\u00e7a Nacional de Seguran\u00e7a<\/em><\/span><\/p>\n\n\n\n<div class=\"wp-block-image\"><figure class=\"aligncenter size-large\"><img loading=\"lazy\" decoding=\"async\" width=\"1024\" height=\"100\" src=\"https:\/\/jornalfatosenoticias.com.br\/wp-content\/uploads\/2020\/02\/banner_ferramentas-1024x100.jpg\" alt=\"\" class=\"wp-image-1258\" srcset=\"https:\/\/jornalfatosenoticias.com.br\/wp-content\/uploads\/2020\/02\/banner_ferramentas-1024x100.jpg 1024w, https:\/\/jornalfatosenoticias.com.br\/wp-content\/uploads\/2020\/02\/banner_ferramentas-300x29.jpg 300w, https:\/\/jornalfatosenoticias.com.br\/wp-content\/uploads\/2020\/02\/banner_ferramentas-768x75.jpg 768w, https:\/\/jornalfatosenoticias.com.br\/wp-content\/uploads\/2020\/02\/banner_ferramentas.jpg 1227w\" sizes=\"auto, (max-width: 1024px) 100vw, 1024px\" \/><\/figure><\/div>\n\n\n\n<p>O governo de Mato Grosso deflagrou hoje (4) a primeira etapa da opera\u00e7\u00e3o de repress\u00e3o aos crimes ambientais que realiza, anualmente, em todo o estado. Coordenada pelo Corpo de Bombeiros, a chamada Opera\u00e7\u00e3o Abafa Amaz\u00f4nia 2022 conta com a participa\u00e7\u00e3o de agentes de v\u00e1rios \u00f3rg\u00e3os estaduais, al\u00e9m de efetivos da For\u00e7a Nacional de Seguran\u00e7a P\u00fablica.<\/p>\n\n\n\n<div class=\"wp-block-image\"><figure class=\"aligncenter size-large is-resized\"><img loading=\"lazy\" decoding=\"async\" src=\"https:\/\/jornalfatosenoticias.com.br\/wp-content\/uploads\/2022\/10\/Arte-jornal-Zucchi-600x600_Prancheta-1-1024x1024.jpg\" alt=\"\" class=\"wp-image-34782\" width=\"265\" height=\"265\" srcset=\"https:\/\/jornalfatosenoticias.com.br\/wp-content\/uploads\/2022\/10\/Arte-jornal-Zucchi-600x600_Prancheta-1-1024x1024.jpg 1024w, https:\/\/jornalfatosenoticias.com.br\/wp-content\/uploads\/2022\/10\/Arte-jornal-Zucchi-600x600_Prancheta-1-300x300.jpg 300w, https:\/\/jornalfatosenoticias.com.br\/wp-content\/uploads\/2022\/10\/Arte-jornal-Zucchi-600x600_Prancheta-1-150x150.jpg 150w, https:\/\/jornalfatosenoticias.com.br\/wp-content\/uploads\/2022\/10\/Arte-jornal-Zucchi-600x600_Prancheta-1-768x768.jpg 768w, https:\/\/jornalfatosenoticias.com.br\/wp-content\/uploads\/2022\/10\/Arte-jornal-Zucchi-600x600_Prancheta-1.jpg 1250w\" sizes=\"auto, (max-width: 265px) 100vw, 265px\" \/><\/figure><\/div>\n\n\n\n<p>Ao menos 40 servidores participam da primeira etapa da opera\u00e7\u00e3o, concentrada na regi\u00e3o norte do estado. Outras duas fases est\u00e3o programadas para ocorrer at\u00e9 o fim do ano em outras localidades. A proposta \u00e9 intensificar as a\u00e7\u00f5es ostensivas, incrementando a fiscaliza\u00e7\u00e3o contra o uso n\u00e3o autorizado de fogo, principalmente quando empregado para desmatar propriedades privadas.<\/p>\n\n\n\n<div class=\"wp-block-image\"><figure class=\"aligncenter size-large\"><img decoding=\"async\" src=\"https:\/\/jornalfatosenoticias.com.br\/wp-content\/uploads\/2020\/02\/logo-embacia-1-1024x110.jpg\" alt=\"\" class=\"wp-image-33954\"\/><\/figure><\/div>\n\n\n\n<p>Segundo a comandante da opera\u00e7\u00e3o, Juciney Rodrigues, os pontos mais sens\u00edveis, com maior concentra\u00e7\u00e3o de focos de calor, j\u00e1 foram mapeados por sat\u00e9lite.<\/p>\n\n\n\n<div class=\"wp-block-image\"><figure class=\"aligncenter size-large\"><img loading=\"lazy\" decoding=\"async\" width=\"300\" height=\"250\" src=\"https:\/\/jornalfatosenoticias.com.br\/wp-content\/uploads\/2022\/08\/arte-Casarao.jpg\" alt=\"\" class=\"wp-image-33178\"\/><\/figure><\/div>\n\n\n\n<figure class=\"wp-block-pullquote\"><blockquote><p><span class=\"has-inline-color has-luminous-vivid-orange-color\">Bem como as \u00e1reas onde houve supress\u00e3o da vegeta\u00e7\u00e3o\u201d, disse a militar durante a cerim\u00f4nia de lan\u00e7amento da opera\u00e7\u00e3o, no Batalh\u00e3o de Emerg\u00eancias Ambientais do Corpo de Bombeiros, em Cuiab\u00e1.<\/span><\/p><\/blockquote><\/figure>\n\n\n\n<div class=\"wp-block-image\"><figure class=\"aligncenter size-large\"><img loading=\"lazy\" decoding=\"async\" width=\"1024\" height=\"99\" src=\"https:\/\/jornalfatosenoticias.com.br\/wp-content\/uploads\/2020\/02\/Logo-Mizu-segunda-2-1024x99.png\" alt=\"\" class=\"wp-image-2353\" srcset=\"https:\/\/jornalfatosenoticias.com.br\/wp-content\/uploads\/2020\/02\/Logo-Mizu-segunda-2-1024x99.png 1024w, https:\/\/jornalfatosenoticias.com.br\/wp-content\/uploads\/2020\/02\/Logo-Mizu-segunda-2-300x29.png 300w, https:\/\/jornalfatosenoticias.com.br\/wp-content\/uploads\/2020\/02\/Logo-Mizu-segunda-2-768x74.png 768w, https:\/\/jornalfatosenoticias.com.br\/wp-content\/uploads\/2020\/02\/Logo-Mizu-segunda-2.png 1240w\" sizes=\"auto, (max-width: 1024px) 100vw, 1024px\" \/><\/figure><\/div>\n\n\n\n<p>De acordo com o comandante-geral da corpora\u00e7\u00e3o, coronel Alessandro Borges, o trabalho de identificar e responsabilizar os culpados por crimes ambientais no estado foi precedido por a\u00e7\u00f5es de orienta\u00e7\u00e3o e preven\u00e7\u00e3o.<\/p>\n\n\n\n<div class=\"wp-block-image\"><figure class=\"aligncenter size-large is-resized\"><img loading=\"lazy\" decoding=\"async\" src=\"https:\/\/jornalfatosenoticias.com.br\/wp-content\/uploads\/2022\/02\/Precisao-Contabilidade-1024x724.jpg\" alt=\"\" class=\"wp-image-28088\" width=\"352\" height=\"249\"\/><\/figure><\/div>\n\n\n\n<figure class=\"wp-block-pullquote\"><blockquote><p><span class=\"has-inline-color has-luminous-vivid-orange-color\">Mato Grosso fez um trabalho muito forte durante este ano. Mobilizou todo seu efetivo e investiu muito para que pud\u00e9ssemos ter um trabalho preventivo, de educa\u00e7\u00e3o ambiental, de orienta\u00e7\u00e3o e fiscaliza\u00e7\u00e3o preventiva. Depois, [fez] um trabalho de combate ao desmatamento e aos inc\u00eandios florestais. Agora, chegou o momento da responsabiliza\u00e7\u00e3o daqueles que teimam em n\u00e3o cumprir as normas, as leis ambientais\u201d, afirmou o coronel.<\/span><\/p><\/blockquote><\/figure>\n\n\n\n<div class=\"wp-block-image\"><figure class=\"aligncenter size-large is-resized\"><img loading=\"lazy\" decoding=\"async\" src=\"https:\/\/jornalfatosenoticias.com.br\/wp-content\/uploads\/2022\/08\/logo-locau-veiculos-1024x573.png\" alt=\"\" class=\"wp-image-33078\" width=\"312\" height=\"174\"\/><\/figure><\/div>\n\n\n\n<p><strong><span class=\"has-inline-color has-black-color\">Multas<br><\/span><\/strong>Desde o in\u00edcio deste ano, os \u00f3rg\u00e3os estaduais j\u00e1 aplicaram R$ 287 milh\u00f5es em multas decorrentes do uso irregular do fogo. Segundo o secret\u00e1rio de Seguran\u00e7a P\u00fablica, Alexandre Bustamente, com o in\u00edcio da opera\u00e7\u00e3o, o rigor tende a ser ainda maior.<\/p>\n\n\n\n<div class=\"wp-block-image\"><figure class=\"aligncenter size-large is-resized\"><img loading=\"lazy\" decoding=\"async\" src=\"https:\/\/jornalfatosenoticias.com.br\/wp-content\/uploads\/2020\/02\/logo-clinica-limoeiro.jpg\" alt=\"\" class=\"wp-image-34610\" width=\"316\" height=\"224\"\/><\/figure><\/div>\n\n\n\n<figure class=\"wp-block-pullquote\"><blockquote><p><span class=\"has-inline-color has-luminous-vivid-orange-color\">A ideia agora \u00e9 toler\u00e2ncia zero com os crimes ambientais. Vamos para cima\u201d, disse.<\/span><\/p><\/blockquote><\/figure>\n\n\n\n<div class=\"wp-block-image\"><figure class=\"aligncenter size-large\"><img decoding=\"async\" src=\"https:\/\/jornalfatosenoticias.com.br\/wp-content\/uploads\/2020\/02\/barao-das-carnes-300x164-1.jpg\" alt=\"\" class=\"wp-image-34339\"\/><\/figure><\/div>\n\n\n\n<p>Sede de 141 dos 772 munic\u00edpios que formam a chamada Amaz\u00f4nia Legal, Mato Grosso estabeleceu leis restringindo o uso do fogo em \u00e1reas rurais at\u00e9 31 de outubro, devido ao potencial risco de inc\u00eandios florestais. Em \u00e1reas urbanas do estado, o uso do fogo \u00e9 proibido durante todo o ano.<\/p>\n\n\n\n<div class=\"wp-block-image\"><figure class=\"aligncenter size-large\"><img decoding=\"async\" src=\"https:\/\/jornalfatosenoticias.com.br\/wp-content\/uploads\/2020\/02\/Serra-Grande-1024x160.png\" alt=\"\" class=\"wp-image-7836\"\/><\/figure><\/div>\n\n\n\n<p><em><strong>Fonte: <a href=\"https:\/\/agenciabrasil.ebc.com.br\/geral\/noticia\/2022-10\/mato-grosso-intensifica-acoes-contra-crimes-ambientais\">Ag\u00eancia Brasil<\/a><\/strong><\/em><\/p>\n","protected":false},"excerpt":{"rendered":"<p>Opera\u00e7\u00e3o conta com efetivos da For\u00e7a Nacional de Seguran\u00e7a O governo de Mato Grosso deflagrou hoje (4) a primeira etapa da opera\u00e7\u00e3o de repress\u00e3o aos crimes ambientais que realiza, anualmente, em todo o estado. Coordenada pelo Corpo de Bombeiros, a chamada Opera\u00e7\u00e3o Abafa Amaz\u00f4nia 2022 conta com a participa\u00e7\u00e3o de agentes de v\u00e1rios \u00f3rg\u00e3os estaduais, [&hellip;]<\/p>\n","protected":false},"author":2,"featured_media":34818,"comment_status":"open","ping_status":"open","sticky":false,"template":"","format":"standard","meta":{"footnotes":""},"categories":[8],"tags":[2385,1733,16349],"class_list":["post-34817","post","type-post","status-publish","format-standard","has-post-thumbnail","hentry","category-meio-ambiente","tag-crimes-ambientais","tag-mato-grosso","tag-operacao-abafa-amazonia"],"yoast_head":"<!-- This site is optimized with the Yoast SEO plugin v26.5 - https:\/\/yoast.com\/wordpress\/plugins\/seo\/ -->\n<title>Mato Grosso intensifica a\u00e7\u00f5es contra crimes ambientais - Jornal Fatos e Not\u00edcias<\/title>\n<meta name=\"robots\" content=\"index, follow, max-snippet:-1, max-image-preview:large, max-video-preview:-1\" \/>\n<link rel=\"canonical\" href=\"https:\/\/jornalfatosenoticias.com.br\/index.php\/2022\/10\/04\/mato-grosso-intensifica-acoes-contra-crimes-ambientais\/\" \/>\n<meta property=\"og:locale\" content=\"pt_BR\" \/>\n<meta property=\"og:type\" content=\"article\" \/>\n<meta property=\"og:title\" content=\"Mato Grosso intensifica a\u00e7\u00f5es contra crimes ambientais - Jornal Fatos e Not\u00edcias\" \/>\n<meta property=\"og:description\" content=\"Opera\u00e7\u00e3o conta com efetivos da For\u00e7a Nacional de Seguran\u00e7a O governo de Mato Grosso deflagrou hoje (4) a primeira etapa da opera\u00e7\u00e3o de repress\u00e3o aos crimes ambientais que realiza, anualmente, em todo o estado. Coordenada pelo Corpo de Bombeiros, a chamada Opera\u00e7\u00e3o Abafa Amaz\u00f4nia 2022 conta com a participa\u00e7\u00e3o de agentes de v\u00e1rios \u00f3rg\u00e3os estaduais, [&hellip;]\" \/>\n<meta property=\"og:url\" content=\"https:\/\/jornalfatosenoticias.com.br\/index.php\/2022\/10\/04\/mato-grosso-intensifica-acoes-contra-crimes-ambientais\/\" \/>\n<meta property=\"og:site_name\" content=\"Jornal Fatos e Not\u00edcias\" \/>\n<meta property=\"article:published_time\" content=\"2022-10-04T21:18:45+00:00\" \/>\n<meta property=\"article:modified_time\" content=\"2022-10-04T21:18:47+00:00\" \/>\n<meta property=\"og:image\" content=\"https:\/\/jornalfatosenoticias.com.br\/wp-content\/uploads\/2022\/10\/madeireira_fiscalizada_em_nova_ubirata_no_mato_grosso.jpg\" \/>\n\t<meta property=\"og:image:width\" content=\"1000\" \/>\n\t<meta property=\"og:image:height\" content=\"598\" \/>\n\t<meta property=\"og:image:type\" content=\"image\/jpeg\" \/>\n<meta name=\"author\" content=\"Luzimara Fernandes\" \/>\n<meta name=\"twitter:card\" content=\"summary_large_image\" \/>\n<meta name=\"twitter:label1\" content=\"Escrito por\" \/>\n\t<meta name=\"twitter:data1\" content=\"Luzimara Fernandes\" \/>\n\t<meta name=\"twitter:label2\" content=\"Est. tempo de leitura\" \/>\n\t<meta name=\"twitter:data2\" content=\"2 minutos\" \/>\n<script type=\"application\/ld+json\" class=\"yoast-schema-graph\">{\"@context\":\"https:\/\/schema.org\",\"@graph\":[{\"@type\":\"Article\",\"@id\":\"https:\/\/jornalfatosenoticias.com.br\/index.php\/2022\/10\/04\/mato-grosso-intensifica-acoes-contra-crimes-ambientais\/#article\",\"isPartOf\":{\"@id\":\"https:\/\/jornalfatosenoticias.com.br\/index.php\/2022\/10\/04\/mato-grosso-intensifica-acoes-contra-crimes-ambientais\/\"},\"author\":{\"name\":\"Luzimara Fernandes\",\"@id\":\"https:\/\/jornalfatosenoticias.com.br\/#\/schema\/person\/d63837fa13ac8666eb9e74e0985d6f81\"},\"headline\":\"Mato Grosso intensifica a\u00e7\u00f5es contra crimes ambientais\",\"datePublished\":\"2022-10-04T21:18:45+00:00\",\"dateModified\":\"2022-10-04T21:18:47+00:00\",\"mainEntityOfPage\":{\"@id\":\"https:\/\/jornalfatosenoticias.com.br\/index.php\/2022\/10\/04\/mato-grosso-intensifica-acoes-contra-crimes-ambientais\/\"},\"wordCount\":429,\"commentCount\":0,\"publisher\":{\"@id\":\"https:\/\/jornalfatosenoticias.com.br\/#organization\"},\"image\":{\"@id\":\"https:\/\/jornalfatosenoticias.com.br\/index.php\/2022\/10\/04\/mato-grosso-intensifica-acoes-contra-crimes-ambientais\/#primaryimage\"},\"thumbnailUrl\":\"https:\/\/jornalfatosenoticias.com.br\/wp-content\/uploads\/2022\/10\/madeireira_fiscalizada_em_nova_ubirata_no_mato_grosso.jpg\",\"keywords\":[\"crimes ambientais\",\"Mato Grosso\",\"Opera\u00e7\u00e3o Abafa Amaz\u00f4nia\"],\"articleSection\":[\"Meio ambiente\"],\"inLanguage\":\"pt-BR\",\"potentialAction\":[{\"@type\":\"CommentAction\",\"name\":\"Comment\",\"target\":[\"https:\/\/jornalfatosenoticias.com.br\/index.php\/2022\/10\/04\/mato-grosso-intensifica-acoes-contra-crimes-ambientais\/#respond\"]}]},{\"@type\":\"WebPage\",\"@id\":\"https:\/\/jornalfatosenoticias.com.br\/index.php\/2022\/10\/04\/mato-grosso-intensifica-acoes-contra-crimes-ambientais\/\",\"url\":\"https:\/\/jornalfatosenoticias.com.br\/index.php\/2022\/10\/04\/mato-grosso-intensifica-acoes-contra-crimes-ambientais\/\",\"name\":\"Mato Grosso intensifica a\u00e7\u00f5es contra crimes ambientais - Jornal Fatos e Not\u00edcias\",\"isPartOf\":{\"@id\":\"https:\/\/jornalfatosenoticias.com.br\/#website\"},\"primaryImageOfPage\":{\"@id\":\"https:\/\/jornalfatosenoticias.com.br\/index.php\/2022\/10\/04\/mato-grosso-intensifica-acoes-contra-crimes-ambientais\/#primaryimage\"},\"image\":{\"@id\":\"https:\/\/jornalfatosenoticias.com.br\/index.php\/2022\/10\/04\/mato-grosso-intensifica-acoes-contra-crimes-ambientais\/#primaryimage\"},\"thumbnailUrl\":\"https:\/\/jornalfatosenoticias.com.br\/wp-content\/uploads\/2022\/10\/madeireira_fiscalizada_em_nova_ubirata_no_mato_grosso.jpg\",\"datePublished\":\"2022-10-04T21:18:45+00:00\",\"dateModified\":\"2022-10-04T21:18:47+00:00\",\"breadcrumb\":{\"@id\":\"https:\/\/jornalfatosenoticias.com.br\/index.php\/2022\/10\/04\/mato-grosso-intensifica-acoes-contra-crimes-ambientais\/#breadcrumb\"},\"inLanguage\":\"pt-BR\",\"potentialAction\":[{\"@type\":\"ReadAction\",\"target\":[\"https:\/\/jornalfatosenoticias.com.br\/index.php\/2022\/10\/04\/mato-grosso-intensifica-acoes-contra-crimes-ambientais\/\"]}]},{\"@type\":\"ImageObject\",\"inLanguage\":\"pt-BR\",\"@id\":\"https:\/\/jornalfatosenoticias.com.br\/index.php\/2022\/10\/04\/mato-grosso-intensifica-acoes-contra-crimes-ambientais\/#primaryimage\",\"url\":\"https:\/\/jornalfatosenoticias.com.br\/wp-content\/uploads\/2022\/10\/madeireira_fiscalizada_em_nova_ubirata_no_mato_grosso.jpg\",\"contentUrl\":\"https:\/\/jornalfatosenoticias.com.br\/wp-content\/uploads\/2022\/10\/madeireira_fiscalizada_em_nova_ubirata_no_mato_grosso.jpg\",\"width\":1000,\"height\":598},{\"@type\":\"BreadcrumbList\",\"@id\":\"https:\/\/jornalfatosenoticias.com.br\/index.php\/2022\/10\/04\/mato-grosso-intensifica-acoes-contra-crimes-ambientais\/#breadcrumb\",\"itemListElement\":[{\"@type\":\"ListItem\",\"position\":1,\"name\":\"In\u00edcio\",\"item\":\"https:\/\/jornalfatosenoticias.com.br\/\"},{\"@type\":\"ListItem\",\"position\":2,\"name\":\"Mato Grosso intensifica a\u00e7\u00f5es contra crimes ambientais\"}]},{\"@type\":\"WebSite\",\"@id\":\"https:\/\/jornalfatosenoticias.com.br\/#website\",\"url\":\"https:\/\/jornalfatosenoticias.com.br\/\",\"name\":\"Jornal Fatos e Not\u00edcias\",\"description\":\"Not\u00edcias em geral\",\"publisher\":{\"@id\":\"https:\/\/jornalfatosenoticias.com.br\/#organization\"},\"potentialAction\":[{\"@type\":\"SearchAction\",\"target\":{\"@type\":\"EntryPoint\",\"urlTemplate\":\"https:\/\/jornalfatosenoticias.com.br\/?s={search_term_string}\"},\"query-input\":{\"@type\":\"PropertyValueSpecification\",\"valueRequired\":true,\"valueName\":\"search_term_string\"}}],\"inLanguage\":\"pt-BR\"},{\"@type\":\"Organization\",\"@id\":\"https:\/\/jornalfatosenoticias.com.br\/#organization\",\"name\":\"Jornal Fatos e Not\u00edcias\",\"url\":\"https:\/\/jornalfatosenoticias.com.br\/\",\"logo\":{\"@type\":\"ImageObject\",\"inLanguage\":\"pt-BR\",\"@id\":\"https:\/\/jornalfatosenoticias.com.br\/#\/schema\/logo\/image\/\",\"url\":\"https:\/\/jornalfatosenoticias.com.br\/wp-content\/uploads\/2020\/02\/logo120.png\",\"contentUrl\":\"https:\/\/jornalfatosenoticias.com.br\/wp-content\/uploads\/2020\/02\/logo120.png\",\"width\":1227,\"height\":120,\"caption\":\"Jornal Fatos e Not\u00edcias\"},\"image\":{\"@id\":\"https:\/\/jornalfatosenoticias.com.br\/#\/schema\/logo\/image\/\"}},{\"@type\":\"Person\",\"@id\":\"https:\/\/jornalfatosenoticias.com.br\/#\/schema\/person\/d63837fa13ac8666eb9e74e0985d6f81\",\"name\":\"Luzimara Fernandes\",\"image\":{\"@type\":\"ImageObject\",\"inLanguage\":\"pt-BR\",\"@id\":\"https:\/\/jornalfatosenoticias.com.br\/#\/schema\/person\/image\/\",\"url\":\"https:\/\/jornalfatosenoticias.com.br\/wp-content\/uploads\/2025\/05\/EU_portal.jpg\",\"contentUrl\":\"https:\/\/jornalfatosenoticias.com.br\/wp-content\/uploads\/2025\/05\/EU_portal.jpg\",\"caption\":\"Luzimara Fernandes\"},\"description\":\"Jornalista MTB 2358-ES\",\"sameAs\":[\"https:\/\/jornalfatosenoticias.com.br\"],\"url\":\"https:\/\/jornalfatosenoticias.com.br\/index.php\/author\/luzimara\/\"}]}<\/script>\n<!-- \/ Yoast SEO plugin. -->","yoast_head_json":{"title":"Mato Grosso intensifica a\u00e7\u00f5es contra crimes ambientais - Jornal Fatos e Not\u00edcias","robots":{"index":"index","follow":"follow","max-snippet":"max-snippet:-1","max-image-preview":"max-image-preview:large","max-video-preview":"max-video-preview:-1"},"canonical":"https:\/\/jornalfatosenoticias.com.br\/index.php\/2022\/10\/04\/mato-grosso-intensifica-acoes-contra-crimes-ambientais\/","og_locale":"pt_BR","og_type":"article","og_title":"Mato Grosso intensifica a\u00e7\u00f5es contra crimes ambientais - Jornal Fatos e Not\u00edcias","og_description":"Opera\u00e7\u00e3o conta com efetivos da For\u00e7a Nacional de Seguran\u00e7a O governo de Mato Grosso deflagrou hoje (4) a primeira etapa da opera\u00e7\u00e3o de repress\u00e3o aos crimes ambientais que realiza, anualmente, em todo o estado. Coordenada pelo Corpo de Bombeiros, a chamada Opera\u00e7\u00e3o Abafa Amaz\u00f4nia 2022 conta com a participa\u00e7\u00e3o de agentes de v\u00e1rios \u00f3rg\u00e3os estaduais, [&hellip;]","og_url":"https:\/\/jornalfatosenoticias.com.br\/index.php\/2022\/10\/04\/mato-grosso-intensifica-acoes-contra-crimes-ambientais\/","og_site_name":"Jornal Fatos e Not\u00edcias","article_published_time":"2022-10-04T21:18:45+00:00","article_modified_time":"2022-10-04T21:18:47+00:00","og_image":[{"width":1000,"height":598,"url":"https:\/\/jornalfatosenoticias.com.br\/wp-content\/uploads\/2022\/10\/madeireira_fiscalizada_em_nova_ubirata_no_mato_grosso.jpg","type":"image\/jpeg"}],"author":"Luzimara Fernandes","twitter_card":"summary_large_image","twitter_misc":{"Escrito por":"Luzimara Fernandes","Est. tempo de leitura":"2 minutos"},"schema":{"@context":"https:\/\/schema.org","@graph":[{"@type":"Article","@id":"https:\/\/jornalfatosenoticias.com.br\/index.php\/2022\/10\/04\/mato-grosso-intensifica-acoes-contra-crimes-ambientais\/#article","isPartOf":{"@id":"https:\/\/jornalfatosenoticias.com.br\/index.php\/2022\/10\/04\/mato-grosso-intensifica-acoes-contra-crimes-ambientais\/"},"author":{"name":"Luzimara Fernandes","@id":"https:\/\/jornalfatosenoticias.com.br\/#\/schema\/person\/d63837fa13ac8666eb9e74e0985d6f81"},"headline":"Mato Grosso intensifica a\u00e7\u00f5es contra crimes ambientais","datePublished":"2022-10-04T21:18:45+00:00","dateModified":"2022-10-04T21:18:47+00:00","mainEntityOfPage":{"@id":"https:\/\/jornalfatosenoticias.com.br\/index.php\/2022\/10\/04\/mato-grosso-intensifica-acoes-contra-crimes-ambientais\/"},"wordCount":429,"commentCount":0,"publisher":{"@id":"https:\/\/jornalfatosenoticias.com.br\/#organization"},"image":{"@id":"https:\/\/jornalfatosenoticias.com.br\/index.php\/2022\/10\/04\/mato-grosso-intensifica-acoes-contra-crimes-ambientais\/#primaryimage"},"thumbnailUrl":"https:\/\/jornalfatosenoticias.com.br\/wp-content\/uploads\/2022\/10\/madeireira_fiscalizada_em_nova_ubirata_no_mato_grosso.jpg","keywords":["crimes ambientais","Mato Grosso","Opera\u00e7\u00e3o Abafa Amaz\u00f4nia"],"articleSection":["Meio ambiente"],"inLanguage":"pt-BR","potentialAction":[{"@type":"CommentAction","name":"Comment","target":["https:\/\/jornalfatosenoticias.com.br\/index.php\/2022\/10\/04\/mato-grosso-intensifica-acoes-contra-crimes-ambientais\/#respond"]}]},{"@type":"WebPage","@id":"https:\/\/jornalfatosenoticias.com.br\/index.php\/2022\/10\/04\/mato-grosso-intensifica-acoes-contra-crimes-ambientais\/","url":"https:\/\/jornalfatosenoticias.com.br\/index.php\/2022\/10\/04\/mato-grosso-intensifica-acoes-contra-crimes-ambientais\/","name":"Mato Grosso intensifica a\u00e7\u00f5es contra crimes ambientais - Jornal Fatos e Not\u00edcias","isPartOf":{"@id":"https:\/\/jornalfatosenoticias.com.br\/#website"},"primaryImageOfPage":{"@id":"https:\/\/jornalfatosenoticias.com.br\/index.php\/2022\/10\/04\/mato-grosso-intensifica-acoes-contra-crimes-ambientais\/#primaryimage"},"image":{"@id":"https:\/\/jornalfatosenoticias.com.br\/index.php\/2022\/10\/04\/mato-grosso-intensifica-acoes-contra-crimes-ambientais\/#primaryimage"},"thumbnailUrl":"https:\/\/jornalfatosenoticias.com.br\/wp-content\/uploads\/2022\/10\/madeireira_fiscalizada_em_nova_ubirata_no_mato_grosso.jpg","datePublished":"2022-10-04T21:18:45+00:00","dateModified":"2022-10-04T21:18:47+00:00","breadcrumb":{"@id":"https:\/\/jornalfatosenoticias.com.br\/index.php\/2022\/10\/04\/mato-grosso-intensifica-acoes-contra-crimes-ambientais\/#breadcrumb"},"inLanguage":"pt-BR","potentialAction":[{"@type":"ReadAction","target":["https:\/\/jornalfatosenoticias.com.br\/index.php\/2022\/10\/04\/mato-grosso-intensifica-acoes-contra-crimes-ambientais\/"]}]},{"@type":"ImageObject","inLanguage":"pt-BR","@id":"https:\/\/jornalfatosenoticias.com.br\/index.php\/2022\/10\/04\/mato-grosso-intensifica-acoes-contra-crimes-ambientais\/#primaryimage","url":"https:\/\/jornalfatosenoticias.com.br\/wp-content\/uploads\/2022\/10\/madeireira_fiscalizada_em_nova_ubirata_no_mato_grosso.jpg","contentUrl":"https:\/\/jornalfatosenoticias.com.br\/wp-content\/uploads\/2022\/10\/madeireira_fiscalizada_em_nova_ubirata_no_mato_grosso.jpg","width":1000,"height":598},{"@type":"BreadcrumbList","@id":"https:\/\/jornalfatosenoticias.com.br\/index.php\/2022\/10\/04\/mato-grosso-intensifica-acoes-contra-crimes-ambientais\/#breadcrumb","itemListElement":[{"@type":"ListItem","position":1,"name":"In\u00edcio","item":"https:\/\/jornalfatosenoticias.com.br\/"},{"@type":"ListItem","position":2,"name":"Mato Grosso intensifica a\u00e7\u00f5es contra crimes ambientais"}]},{"@type":"WebSite","@id":"https:\/\/jornalfatosenoticias.com.br\/#website","url":"https:\/\/jornalfatosenoticias.com.br\/","name":"Jornal Fatos e Not\u00edcias","description":"Not\u00edcias em geral","publisher":{"@id":"https:\/\/jornalfatosenoticias.com.br\/#organization"},"potentialAction":[{"@type":"SearchAction","target":{"@type":"EntryPoint","urlTemplate":"https:\/\/jornalfatosenoticias.com.br\/?s={search_term_string}"},"query-input":{"@type":"PropertyValueSpecification","valueRequired":true,"valueName":"search_term_string"}}],"inLanguage":"pt-BR"},{"@type":"Organization","@id":"https:\/\/jornalfatosenoticias.com.br\/#organization","name":"Jornal Fatos e Not\u00edcias","url":"https:\/\/jornalfatosenoticias.com.br\/","logo":{"@type":"ImageObject","inLanguage":"pt-BR","@id":"https:\/\/jornalfatosenoticias.com.br\/#\/schema\/logo\/image\/","url":"https:\/\/jornalfatosenoticias.com.br\/wp-content\/uploads\/2020\/02\/logo120.png","contentUrl":"https:\/\/jornalfatosenoticias.com.br\/wp-content\/uploads\/2020\/02\/logo120.png","width":1227,"height":120,"caption":"Jornal Fatos e Not\u00edcias"},"image":{"@id":"https:\/\/jornalfatosenoticias.com.br\/#\/schema\/logo\/image\/"}},{"@type":"Person","@id":"https:\/\/jornalfatosenoticias.com.br\/#\/schema\/person\/d63837fa13ac8666eb9e74e0985d6f81","name":"Luzimara Fernandes","image":{"@type":"ImageObject","inLanguage":"pt-BR","@id":"https:\/\/jornalfatosenoticias.com.br\/#\/schema\/person\/image\/","url":"https:\/\/jornalfatosenoticias.com.br\/wp-content\/uploads\/2025\/05\/EU_portal.jpg","contentUrl":"https:\/\/jornalfatosenoticias.com.br\/wp-content\/uploads\/2025\/05\/EU_portal.jpg","caption":"Luzimara Fernandes"},"description":"Jornalista MTB 2358-ES","sameAs":["https:\/\/jornalfatosenoticias.com.br"],"url":"https:\/\/jornalfatosenoticias.com.br\/index.php\/author\/luzimara\/"}]}},"cc_featured_image_caption":{"caption_text":"(Foto: Divulga\u00e7\u00e3o TV Brasil) ","source_text":"","source_url":""},"jetpack_featured_media_url":"https:\/\/jornalfatosenoticias.com.br\/wp-content\/uploads\/2022\/10\/madeireira_fiscalizada_em_nova_ubirata_no_mato_grosso.jpg","_links":{"self":[{"href":"https:\/\/jornalfatosenoticias.com.br\/index.php\/wp-json\/wp\/v2\/posts\/34817","targetHints":{"allow":["GET"]}}],"collection":[{"href":"https:\/\/jornalfatosenoticias.com.br\/index.php\/wp-json\/wp\/v2\/posts"}],"about":[{"href":"https:\/\/jornalfatosenoticias.com.br\/index.php\/wp-json\/wp\/v2\/types\/post"}],"author":[{"embeddable":true,"href":"https:\/\/jornalfatosenoticias.com.br\/index.php\/wp-json\/wp\/v2\/users\/2"}],"replies":[{"embeddable":true,"href":"https:\/\/jornalfatosenoticias.com.br\/index.php\/wp-json\/wp\/v2\/comments?post=34817"}],"version-history":[{"count":0,"href":"https:\/\/jornalfatosenoticias.com.br\/index.php\/wp-json\/wp\/v2\/posts\/34817\/revisions"}],"wp:featuredmedia":[{"embeddable":true,"href":"https:\/\/jornalfatosenoticias.com.br\/index.php\/wp-json\/wp\/v2\/media\/34818"}],"wp:attachment":[{"href":"https:\/\/jornalfatosenoticias.com.br\/index.php\/wp-json\/wp\/v2\/media?parent=34817"}],"wp:term":[{"taxonomy":"category","embeddable":true,"href":"https:\/\/jornalfatosenoticias.com.br\/index.php\/wp-json\/wp\/v2\/categories?post=34817"},{"taxonomy":"post_tag","embeddable":true,"href":"https:\/\/jornalfatosenoticias.com.br\/index.php\/wp-json\/wp\/v2\/tags?post=34817"}],"curies":[{"name":"wp","href":"https:\/\/api.w.org\/{rel}","templated":true}]}}