{"id":34820,"date":"2022-10-04T18:33:44","date_gmt":"2022-10-04T21:33:44","guid":{"rendered":"https:\/\/jornalfatosenoticias.com.br\/?p=34820"},"modified":"2022-10-04T18:33:46","modified_gmt":"2022-10-04T21:33:46","slug":"shows-musicais-e-concurso-de-pratos-tipicos-vao-agitar-o-festival-gastronomico-da-festa-do-robalo","status":"publish","type":"post","link":"https:\/\/jornalfatosenoticias.com.br\/index.php\/2022\/10\/04\/shows-musicais-e-concurso-de-pratos-tipicos-vao-agitar-o-festival-gastronomico-da-festa-do-robalo\/","title":{"rendered":"Shows musicais e concurso de pratos t\u00edpicos v\u00e3o agitar o Festival Gastron\u00f4mico da Festa do Robalo"},"content":{"rendered":"\n<p><em><span class=\"has-inline-color has-black-color\">O evento ser\u00e1 realizado entre os dias 7 e 9 na Vila de Povoa\u00e7\u00e3o e visa aquecer a economia e o turismo na regi\u00e3o<\/span><\/em><\/p>\n\n\n\n<div class=\"wp-block-image\"><figure class=\"aligncenter size-large\"><img loading=\"lazy\" decoding=\"async\" width=\"1024\" height=\"100\" src=\"https:\/\/jornalfatosenoticias.com.br\/wp-content\/uploads\/2022\/05\/NOVA-LOGO-CESCONETTO-1024x100.jpg\" alt=\"\" class=\"wp-image-30792\" srcset=\"https:\/\/jornalfatosenoticias.com.br\/wp-content\/uploads\/2022\/05\/NOVA-LOGO-CESCONETTO-1024x100.jpg 1024w, https:\/\/jornalfatosenoticias.com.br\/wp-content\/uploads\/2022\/05\/NOVA-LOGO-CESCONETTO-300x29.jpg 300w, https:\/\/jornalfatosenoticias.com.br\/wp-content\/uploads\/2022\/05\/NOVA-LOGO-CESCONETTO-768x75.jpg 768w, https:\/\/jornalfatosenoticias.com.br\/wp-content\/uploads\/2022\/05\/NOVA-LOGO-CESCONETTO.jpg 1280w\" sizes=\"auto, (max-width: 1024px) 100vw, 1024px\" \/><\/figure><\/div>\n\n\n\n<p>Al\u00e9m de poder degustar o melhor da culin\u00e1ria de Povoa\u00e7\u00e3o durante o concurso de pratos t\u00edpicos, quem for prestigiar a terceira edi\u00e7\u00e3o do Festival Gastron\u00f4mico da Foz do Rio Doce da Festa do Robalo, entre os dias 7 e 9 de outubro, tamb\u00e9m poder\u00e1 se divertir ao som da boa m\u00fasica na Vila. \u00c9 que v\u00e1rias atra\u00e7\u00f5es musicais estar\u00e3o se apresentando no palco principal da \u00e1rea de eventos da comunidade (no antigo campo de futebol) durante os tr\u00eas dias do festival.<\/p>\n\n\n\n<div class=\"wp-block-image\"><figure class=\"alignright size-large is-resized\"><img loading=\"lazy\" decoding=\"async\" src=\"https:\/\/jornalfatosenoticias.com.br\/wp-content\/uploads\/2020\/02\/nova-logo-Marquetti.jpg\" alt=\"\" class=\"wp-image-22331\" width=\"257\" height=\"172\" srcset=\"https:\/\/jornalfatosenoticias.com.br\/wp-content\/uploads\/2020\/02\/nova-logo-Marquetti.jpg 643w, https:\/\/jornalfatosenoticias.com.br\/wp-content\/uploads\/2020\/02\/nova-logo-Marquetti-300x202.jpg 300w\" sizes=\"auto, (max-width: 257px) 100vw, 257px\" \/><\/figure><\/div>\n\n\n\n<p>Entre os destaques da agenda est\u00e3o o vocalista H\u00e9lio Bentes da banda Ponto de Equil\u00edbrio que promete levar muito reggae para Povoa\u00e7\u00e3o. Tamb\u00e9m haver\u00e1 shows com Claudinho do Cavaco, Janayna Pereira, al\u00e9m das bandas Projeto X, Forr\u00f3 Playnejo, Forr\u00f3 Si Mininu, entre outros artistas.<br>De acordo com a organiza\u00e7\u00e3o do evento, o concurso de pratos t\u00edpicos contar\u00e1 com quatro pratos na disputa pelos R$ 3 mil em premia\u00e7\u00e3o. O valor ser\u00e1 dividido entre os tr\u00eas primeiros colocados. A lista com o nome dos pratos participantes e valores ser\u00e1 divulgada nos pr\u00f3ximos dias.<\/p>\n\n\n\n<div class=\"wp-block-image\"><figure class=\"aligncenter size-large\"><img loading=\"lazy\" decoding=\"async\" width=\"1024\" height=\"110\" src=\"https:\/\/jornalfatosenoticias.com.br\/wp-content\/uploads\/2022\/10\/Arte-jornal-Zucchi-1120x120_Prancheta-1-1024x110.jpg\" alt=\"\" class=\"wp-image-34772\" srcset=\"https:\/\/jornalfatosenoticias.com.br\/wp-content\/uploads\/2022\/10\/Arte-jornal-Zucchi-1120x120_Prancheta-1-1024x110.jpg 1024w, https:\/\/jornalfatosenoticias.com.br\/wp-content\/uploads\/2022\/10\/Arte-jornal-Zucchi-1120x120_Prancheta-1-300x32.jpg 300w, https:\/\/jornalfatosenoticias.com.br\/wp-content\/uploads\/2022\/10\/Arte-jornal-Zucchi-1120x120_Prancheta-1-768x82.jpg 768w, https:\/\/jornalfatosenoticias.com.br\/wp-content\/uploads\/2022\/10\/Arte-jornal-Zucchi-1120x120_Prancheta-1-1536x165.jpg 1536w, https:\/\/jornalfatosenoticias.com.br\/wp-content\/uploads\/2022\/10\/Arte-jornal-Zucchi-1120x120_Prancheta-1-2048x219.jpg 2048w\" sizes=\"auto, (max-width: 1024px) 100vw, 1024px\" \/><\/figure><\/div>\n\n\n\n<p>Durante o festival, tamb\u00e9m haver\u00e1 apresenta\u00e7\u00f5es culturais, oficina mirim de gastronomia e um momento de homenagem ao saudoso Sime\u00e3o Barbosa dos Santos que foi presidente da Associa\u00e7\u00e3o dos Pescadores e Assemelhados de Povoa\u00e7\u00e3o (APAP) por 18 anos.<\/p>\n\n\n\n<div class=\"wp-block-image\"><figure class=\"aligncenter size-large\"><img decoding=\"async\" src=\"https:\/\/jornalfatosenoticias.com.br\/wp-content\/uploads\/2020\/02\/logo_esteio.jpg\" alt=\"\" class=\"wp-image-1214\"\/><\/figure><\/div>\n\n\n\n<figure class=\"wp-block-pullquote\"><blockquote><p><span class=\"has-inline-color has-luminous-vivid-orange-color\">Preparamos uma programa\u00e7\u00e3o que al\u00e9m de movimentar a economia e fomentar o turismo na regi\u00e3o, tamb\u00e9m visa proporcionar momentos de lazer e divers\u00e3o entre os participantes. Tudo est\u00e1 sendo preparado com muito carinho e o evento tem tudo para ser mais uma vez um grande sucesso em Povoa\u00e7\u00e3o\u201d, disse a organizadora do evento e presidente da Associa\u00e7\u00e3o de Turismo de Povoa\u00e7\u00e3o, Andrea Aparecida Ferreira Anchieta.<\/span><\/p><\/blockquote><\/figure>\n\n\n\n<div class=\"wp-block-image\"><figure class=\"aligncenter size-large is-resized\"><img loading=\"lazy\" decoding=\"async\" src=\"https:\/\/jornalfatosenoticias.com.br\/wp-content\/uploads\/2022\/07\/Logo-Grupo-SEI.jpg\" alt=\"\" class=\"wp-image-31973\" width=\"313\" height=\"164\" srcset=\"https:\/\/jornalfatosenoticias.com.br\/wp-content\/uploads\/2022\/07\/Logo-Grupo-SEI.jpg 713w, https:\/\/jornalfatosenoticias.com.br\/wp-content\/uploads\/2022\/07\/Logo-Grupo-SEI-300x158.jpg 300w\" sizes=\"auto, (max-width: 313px) 100vw, 313px\" \/><\/figure><\/div>\n\n\n\n<p>O evento \u00e9 organizado pela Associa\u00e7\u00e3o de Turismo de Povoa\u00e7\u00e3o, e conta com o apoio da Prefeitura de Linhares, por meio da secretaria municipal de Cultura, Turismo, Esporte e Lazer, em parceria com a Associa\u00e7\u00e3o de Pescadores e Assemelhados de Povoa\u00e7\u00e3o (APAP).<\/p>\n\n\n\n<div class=\"wp-block-image\"><figure class=\"aligncenter size-large is-resized\"><img loading=\"lazy\" decoding=\"async\" src=\"https:\/\/jornalfatosenoticias.com.br\/wp-content\/uploads\/2020\/02\/casa-do-torresmo_portal.jpg\" alt=\"\" class=\"wp-image-34472\" width=\"260\" height=\"260\" srcset=\"https:\/\/jornalfatosenoticias.com.br\/wp-content\/uploads\/2020\/02\/casa-do-torresmo_portal.jpg 300w, https:\/\/jornalfatosenoticias.com.br\/wp-content\/uploads\/2020\/02\/casa-do-torresmo_portal-150x150.jpg 150w\" sizes=\"auto, (max-width: 260px) 100vw, 260px\" \/><\/figure><\/div>\n\n\n\n<p><strong><span class=\"has-inline-color has-vivid-red-color\">Confira abaixo a programa\u00e7\u00e3o<\/span><\/strong><\/p>\n\n\n\n<p><strong><span class=\"has-inline-color has-black-color\"><span style=\"text-decoration: underline;\">Sexta-feira (7\/10)<br><\/span><\/span><\/strong>19h30 \u2013 Forr\u00f3 Playnejo<br>22h30 \u2013 Forr\u00f3 Si Mininu<br>00h \u2013 D Pancada<\/p>\n\n\n\n<p><strong><span class=\"has-inline-color has-black-color\"><span style=\"text-decoration: underline;\">S\u00e1bado (8\/10)<br><\/span><\/span><\/strong>20h30 \u2013 Claudinho do Cavaco<br>22h40 \u2013 Projeto X<br>00h \u2013 Janayna Pereira<\/p>\n\n\n\n<p><strong><span class=\"has-inline-color has-black-color\"><span style=\"text-decoration: underline;\">Domingo (9\/10)<br><\/span><\/span><\/strong>14h \u2013 Homenagem ao saudoso Sime\u00e3o Barbosa dos Santos<br>20h \u2013 H\u00e9lio Bentes<br>22h \u2013 Henrique Forr\u00f3z\u00e3o<\/p>\n","protected":false},"excerpt":{"rendered":"<p>O evento ser\u00e1 realizado entre os dias 7 e 9 na Vila de Povoa\u00e7\u00e3o e visa aquecer a economia e o turismo na regi\u00e3o Al\u00e9m de poder degustar o melhor da culin\u00e1ria de Povoa\u00e7\u00e3o durante o concurso de pratos t\u00edpicos, quem for prestigiar a terceira edi\u00e7\u00e3o do Festival Gastron\u00f4mico da Foz do Rio Doce da [&hellip;]<\/p>\n","protected":false},"author":2,"featured_media":34821,"comment_status":"open","ping_status":"open","sticky":false,"template":"","format":"standard","meta":{"footnotes":""},"categories":[4,746],"tags":[16350,16351,16352,1853,16353],"class_list":["post-34820","post","type-post","status-publish","format-standard","has-post-thumbnail","hentry","category-cultura","category-turismo","tag-concurso-de-pratos-tipicos","tag-festival-gastronomico-da-festa-do-robalo","tag-shows-musicais","tag-turismo","tag-vila-de-povoacao"],"yoast_head":"<!-- This site is optimized with the Yoast SEO plugin v26.5 - https:\/\/yoast.com\/wordpress\/plugins\/seo\/ -->\n<title>Shows musicais e concurso de pratos t\u00edpicos v\u00e3o agitar o Festival Gastron\u00f4mico da Festa do Robalo - Jornal Fatos e Not\u00edcias<\/title>\n<meta name=\"robots\" content=\"index, follow, max-snippet:-1, max-image-preview:large, max-video-preview:-1\" \/>\n<link rel=\"canonical\" href=\"https:\/\/jornalfatosenoticias.com.br\/index.php\/2022\/10\/04\/shows-musicais-e-concurso-de-pratos-tipicos-vao-agitar-o-festival-gastronomico-da-festa-do-robalo\/\" \/>\n<meta property=\"og:locale\" content=\"pt_BR\" \/>\n<meta property=\"og:type\" content=\"article\" \/>\n<meta property=\"og:title\" content=\"Shows musicais e concurso de pratos t\u00edpicos v\u00e3o agitar o Festival Gastron\u00f4mico da Festa do Robalo - Jornal Fatos e Not\u00edcias\" \/>\n<meta property=\"og:description\" content=\"O evento ser\u00e1 realizado entre os dias 7 e 9 na Vila de Povoa\u00e7\u00e3o e visa aquecer a economia e o turismo na regi\u00e3o Al\u00e9m de poder degustar o melhor da culin\u00e1ria de Povoa\u00e7\u00e3o durante o concurso de pratos t\u00edpicos, quem for prestigiar a terceira edi\u00e7\u00e3o do Festival Gastron\u00f4mico da Foz do Rio Doce da [&hellip;]\" \/>\n<meta property=\"og:url\" content=\"https:\/\/jornalfatosenoticias.com.br\/index.php\/2022\/10\/04\/shows-musicais-e-concurso-de-pratos-tipicos-vao-agitar-o-festival-gastronomico-da-festa-do-robalo\/\" \/>\n<meta property=\"og:site_name\" content=\"Jornal Fatos e Not\u00edcias\" \/>\n<meta property=\"article:published_time\" content=\"2022-10-04T21:33:44+00:00\" \/>\n<meta property=\"article:modified_time\" content=\"2022-10-04T21:33:46+00:00\" \/>\n<meta property=\"og:image\" content=\"https:\/\/jornalfatosenoticias.com.br\/wp-content\/uploads\/2022\/10\/Banda-Projeto-X.jpeg\" \/>\n\t<meta property=\"og:image:width\" content=\"1000\" \/>\n\t<meta property=\"og:image:height\" content=\"664\" \/>\n\t<meta property=\"og:image:type\" content=\"image\/jpeg\" \/>\n<meta name=\"author\" content=\"Luzimara Fernandes\" \/>\n<meta name=\"twitter:card\" content=\"summary_large_image\" \/>\n<meta name=\"twitter:label1\" content=\"Escrito por\" \/>\n\t<meta name=\"twitter:data1\" content=\"Luzimara Fernandes\" \/>\n\t<meta name=\"twitter:label2\" content=\"Est. tempo de leitura\" \/>\n\t<meta name=\"twitter:data2\" content=\"2 minutos\" \/>\n<script type=\"application\/ld+json\" class=\"yoast-schema-graph\">{\"@context\":\"https:\/\/schema.org\",\"@graph\":[{\"@type\":\"Article\",\"@id\":\"https:\/\/jornalfatosenoticias.com.br\/index.php\/2022\/10\/04\/shows-musicais-e-concurso-de-pratos-tipicos-vao-agitar-o-festival-gastronomico-da-festa-do-robalo\/#article\",\"isPartOf\":{\"@id\":\"https:\/\/jornalfatosenoticias.com.br\/index.php\/2022\/10\/04\/shows-musicais-e-concurso-de-pratos-tipicos-vao-agitar-o-festival-gastronomico-da-festa-do-robalo\/\"},\"author\":{\"name\":\"Luzimara Fernandes\",\"@id\":\"https:\/\/jornalfatosenoticias.com.br\/#\/schema\/person\/d63837fa13ac8666eb9e74e0985d6f81\"},\"headline\":\"Shows musicais e concurso de pratos t\u00edpicos v\u00e3o agitar o Festival Gastron\u00f4mico da Festa do Robalo\",\"datePublished\":\"2022-10-04T21:33:44+00:00\",\"dateModified\":\"2022-10-04T21:33:46+00:00\",\"mainEntityOfPage\":{\"@id\":\"https:\/\/jornalfatosenoticias.com.br\/index.php\/2022\/10\/04\/shows-musicais-e-concurso-de-pratos-tipicos-vao-agitar-o-festival-gastronomico-da-festa-do-robalo\/\"},\"wordCount\":441,\"commentCount\":0,\"publisher\":{\"@id\":\"https:\/\/jornalfatosenoticias.com.br\/#organization\"},\"image\":{\"@id\":\"https:\/\/jornalfatosenoticias.com.br\/index.php\/2022\/10\/04\/shows-musicais-e-concurso-de-pratos-tipicos-vao-agitar-o-festival-gastronomico-da-festa-do-robalo\/#primaryimage\"},\"thumbnailUrl\":\"https:\/\/jornalfatosenoticias.com.br\/wp-content\/uploads\/2022\/10\/Banda-Projeto-X.jpeg\",\"keywords\":[\"concurso de pratos t\u00edpicos\",\"Festival Gastron\u00f4mico da Festa do Robalo\",\"shows musicais\",\"Turismo\",\"Vila de Povoa\u00e7\u00e3o\"],\"articleSection\":[\"Cultura\",\"Turismo\"],\"inLanguage\":\"pt-BR\",\"potentialAction\":[{\"@type\":\"CommentAction\",\"name\":\"Comment\",\"target\":[\"https:\/\/jornalfatosenoticias.com.br\/index.php\/2022\/10\/04\/shows-musicais-e-concurso-de-pratos-tipicos-vao-agitar-o-festival-gastronomico-da-festa-do-robalo\/#respond\"]}]},{\"@type\":\"WebPage\",\"@id\":\"https:\/\/jornalfatosenoticias.com.br\/index.php\/2022\/10\/04\/shows-musicais-e-concurso-de-pratos-tipicos-vao-agitar-o-festival-gastronomico-da-festa-do-robalo\/\",\"url\":\"https:\/\/jornalfatosenoticias.com.br\/index.php\/2022\/10\/04\/shows-musicais-e-concurso-de-pratos-tipicos-vao-agitar-o-festival-gastronomico-da-festa-do-robalo\/\",\"name\":\"Shows musicais e concurso de pratos t\u00edpicos v\u00e3o agitar o Festival Gastron\u00f4mico da Festa do Robalo - Jornal Fatos e Not\u00edcias\",\"isPartOf\":{\"@id\":\"https:\/\/jornalfatosenoticias.com.br\/#website\"},\"primaryImageOfPage\":{\"@id\":\"https:\/\/jornalfatosenoticias.com.br\/index.php\/2022\/10\/04\/shows-musicais-e-concurso-de-pratos-tipicos-vao-agitar-o-festival-gastronomico-da-festa-do-robalo\/#primaryimage\"},\"image\":{\"@id\":\"https:\/\/jornalfatosenoticias.com.br\/index.php\/2022\/10\/04\/shows-musicais-e-concurso-de-pratos-tipicos-vao-agitar-o-festival-gastronomico-da-festa-do-robalo\/#primaryimage\"},\"thumbnailUrl\":\"https:\/\/jornalfatosenoticias.com.br\/wp-content\/uploads\/2022\/10\/Banda-Projeto-X.jpeg\",\"datePublished\":\"2022-10-04T21:33:44+00:00\",\"dateModified\":\"2022-10-04T21:33:46+00:00\",\"breadcrumb\":{\"@id\":\"https:\/\/jornalfatosenoticias.com.br\/index.php\/2022\/10\/04\/shows-musicais-e-concurso-de-pratos-tipicos-vao-agitar-o-festival-gastronomico-da-festa-do-robalo\/#breadcrumb\"},\"inLanguage\":\"pt-BR\",\"potentialAction\":[{\"@type\":\"ReadAction\",\"target\":[\"https:\/\/jornalfatosenoticias.com.br\/index.php\/2022\/10\/04\/shows-musicais-e-concurso-de-pratos-tipicos-vao-agitar-o-festival-gastronomico-da-festa-do-robalo\/\"]}]},{\"@type\":\"ImageObject\",\"inLanguage\":\"pt-BR\",\"@id\":\"https:\/\/jornalfatosenoticias.com.br\/index.php\/2022\/10\/04\/shows-musicais-e-concurso-de-pratos-tipicos-vao-agitar-o-festival-gastronomico-da-festa-do-robalo\/#primaryimage\",\"url\":\"https:\/\/jornalfatosenoticias.com.br\/wp-content\/uploads\/2022\/10\/Banda-Projeto-X.jpeg\",\"contentUrl\":\"https:\/\/jornalfatosenoticias.com.br\/wp-content\/uploads\/2022\/10\/Banda-Projeto-X.jpeg\",\"width\":1000,\"height\":664},{\"@type\":\"BreadcrumbList\",\"@id\":\"https:\/\/jornalfatosenoticias.com.br\/index.php\/2022\/10\/04\/shows-musicais-e-concurso-de-pratos-tipicos-vao-agitar-o-festival-gastronomico-da-festa-do-robalo\/#breadcrumb\",\"itemListElement\":[{\"@type\":\"ListItem\",\"position\":1,\"name\":\"In\u00edcio\",\"item\":\"https:\/\/jornalfatosenoticias.com.br\/\"},{\"@type\":\"ListItem\",\"position\":2,\"name\":\"Shows musicais e concurso de pratos t\u00edpicos v\u00e3o agitar o Festival Gastron\u00f4mico da Festa do Robalo\"}]},{\"@type\":\"WebSite\",\"@id\":\"https:\/\/jornalfatosenoticias.com.br\/#website\",\"url\":\"https:\/\/jornalfatosenoticias.com.br\/\",\"name\":\"Jornal Fatos e Not\u00edcias\",\"description\":\"Not\u00edcias em geral\",\"publisher\":{\"@id\":\"https:\/\/jornalfatosenoticias.com.br\/#organization\"},\"potentialAction\":[{\"@type\":\"SearchAction\",\"target\":{\"@type\":\"EntryPoint\",\"urlTemplate\":\"https:\/\/jornalfatosenoticias.com.br\/?s={search_term_string}\"},\"query-input\":{\"@type\":\"PropertyValueSpecification\",\"valueRequired\":true,\"valueName\":\"search_term_string\"}}],\"inLanguage\":\"pt-BR\"},{\"@type\":\"Organization\",\"@id\":\"https:\/\/jornalfatosenoticias.com.br\/#organization\",\"name\":\"Jornal Fatos e Not\u00edcias\",\"url\":\"https:\/\/jornalfatosenoticias.com.br\/\",\"logo\":{\"@type\":\"ImageObject\",\"inLanguage\":\"pt-BR\",\"@id\":\"https:\/\/jornalfatosenoticias.com.br\/#\/schema\/logo\/image\/\",\"url\":\"https:\/\/jornalfatosenoticias.com.br\/wp-content\/uploads\/2020\/02\/logo120.png\",\"contentUrl\":\"https:\/\/jornalfatosenoticias.com.br\/wp-content\/uploads\/2020\/02\/logo120.png\",\"width\":1227,\"height\":120,\"caption\":\"Jornal Fatos e Not\u00edcias\"},\"image\":{\"@id\":\"https:\/\/jornalfatosenoticias.com.br\/#\/schema\/logo\/image\/\"}},{\"@type\":\"Person\",\"@id\":\"https:\/\/jornalfatosenoticias.com.br\/#\/schema\/person\/d63837fa13ac8666eb9e74e0985d6f81\",\"name\":\"Luzimara Fernandes\",\"image\":{\"@type\":\"ImageObject\",\"inLanguage\":\"pt-BR\",\"@id\":\"https:\/\/jornalfatosenoticias.com.br\/#\/schema\/person\/image\/\",\"url\":\"https:\/\/jornalfatosenoticias.com.br\/wp-content\/uploads\/2025\/05\/EU_portal.jpg\",\"contentUrl\":\"https:\/\/jornalfatosenoticias.com.br\/wp-content\/uploads\/2025\/05\/EU_portal.jpg\",\"caption\":\"Luzimara Fernandes\"},\"description\":\"Jornalista MTB 2358-ES\",\"sameAs\":[\"https:\/\/jornalfatosenoticias.com.br\"],\"url\":\"https:\/\/jornalfatosenoticias.com.br\/index.php\/author\/luzimara\/\"}]}<\/script>\n<!-- \/ Yoast SEO plugin. -->","yoast_head_json":{"title":"Shows musicais e concurso de pratos t\u00edpicos v\u00e3o agitar o Festival Gastron\u00f4mico da Festa do Robalo - Jornal Fatos e Not\u00edcias","robots":{"index":"index","follow":"follow","max-snippet":"max-snippet:-1","max-image-preview":"max-image-preview:large","max-video-preview":"max-video-preview:-1"},"canonical":"https:\/\/jornalfatosenoticias.com.br\/index.php\/2022\/10\/04\/shows-musicais-e-concurso-de-pratos-tipicos-vao-agitar-o-festival-gastronomico-da-festa-do-robalo\/","og_locale":"pt_BR","og_type":"article","og_title":"Shows musicais e concurso de pratos t\u00edpicos v\u00e3o agitar o Festival Gastron\u00f4mico da Festa do Robalo - Jornal Fatos e Not\u00edcias","og_description":"O evento ser\u00e1 realizado entre os dias 7 e 9 na Vila de Povoa\u00e7\u00e3o e visa aquecer a economia e o turismo na regi\u00e3o Al\u00e9m de poder degustar o melhor da culin\u00e1ria de Povoa\u00e7\u00e3o durante o concurso de pratos t\u00edpicos, quem for prestigiar a terceira edi\u00e7\u00e3o do Festival Gastron\u00f4mico da Foz do Rio Doce da [&hellip;]","og_url":"https:\/\/jornalfatosenoticias.com.br\/index.php\/2022\/10\/04\/shows-musicais-e-concurso-de-pratos-tipicos-vao-agitar-o-festival-gastronomico-da-festa-do-robalo\/","og_site_name":"Jornal Fatos e Not\u00edcias","article_published_time":"2022-10-04T21:33:44+00:00","article_modified_time":"2022-10-04T21:33:46+00:00","og_image":[{"width":1000,"height":664,"url":"https:\/\/jornalfatosenoticias.com.br\/wp-content\/uploads\/2022\/10\/Banda-Projeto-X.jpeg","type":"image\/jpeg"}],"author":"Luzimara Fernandes","twitter_card":"summary_large_image","twitter_misc":{"Escrito por":"Luzimara Fernandes","Est. tempo de leitura":"2 minutos"},"schema":{"@context":"https:\/\/schema.org","@graph":[{"@type":"Article","@id":"https:\/\/jornalfatosenoticias.com.br\/index.php\/2022\/10\/04\/shows-musicais-e-concurso-de-pratos-tipicos-vao-agitar-o-festival-gastronomico-da-festa-do-robalo\/#article","isPartOf":{"@id":"https:\/\/jornalfatosenoticias.com.br\/index.php\/2022\/10\/04\/shows-musicais-e-concurso-de-pratos-tipicos-vao-agitar-o-festival-gastronomico-da-festa-do-robalo\/"},"author":{"name":"Luzimara Fernandes","@id":"https:\/\/jornalfatosenoticias.com.br\/#\/schema\/person\/d63837fa13ac8666eb9e74e0985d6f81"},"headline":"Shows musicais e concurso de pratos t\u00edpicos v\u00e3o agitar o Festival Gastron\u00f4mico da Festa do Robalo","datePublished":"2022-10-04T21:33:44+00:00","dateModified":"2022-10-04T21:33:46+00:00","mainEntityOfPage":{"@id":"https:\/\/jornalfatosenoticias.com.br\/index.php\/2022\/10\/04\/shows-musicais-e-concurso-de-pratos-tipicos-vao-agitar-o-festival-gastronomico-da-festa-do-robalo\/"},"wordCount":441,"commentCount":0,"publisher":{"@id":"https:\/\/jornalfatosenoticias.com.br\/#organization"},"image":{"@id":"https:\/\/jornalfatosenoticias.com.br\/index.php\/2022\/10\/04\/shows-musicais-e-concurso-de-pratos-tipicos-vao-agitar-o-festival-gastronomico-da-festa-do-robalo\/#primaryimage"},"thumbnailUrl":"https:\/\/jornalfatosenoticias.com.br\/wp-content\/uploads\/2022\/10\/Banda-Projeto-X.jpeg","keywords":["concurso de pratos t\u00edpicos","Festival Gastron\u00f4mico da Festa do Robalo","shows musicais","Turismo","Vila de Povoa\u00e7\u00e3o"],"articleSection":["Cultura","Turismo"],"inLanguage":"pt-BR","potentialAction":[{"@type":"CommentAction","name":"Comment","target":["https:\/\/jornalfatosenoticias.com.br\/index.php\/2022\/10\/04\/shows-musicais-e-concurso-de-pratos-tipicos-vao-agitar-o-festival-gastronomico-da-festa-do-robalo\/#respond"]}]},{"@type":"WebPage","@id":"https:\/\/jornalfatosenoticias.com.br\/index.php\/2022\/10\/04\/shows-musicais-e-concurso-de-pratos-tipicos-vao-agitar-o-festival-gastronomico-da-festa-do-robalo\/","url":"https:\/\/jornalfatosenoticias.com.br\/index.php\/2022\/10\/04\/shows-musicais-e-concurso-de-pratos-tipicos-vao-agitar-o-festival-gastronomico-da-festa-do-robalo\/","name":"Shows musicais e concurso de pratos t\u00edpicos v\u00e3o agitar o Festival Gastron\u00f4mico da Festa do Robalo - Jornal Fatos e Not\u00edcias","isPartOf":{"@id":"https:\/\/jornalfatosenoticias.com.br\/#website"},"primaryImageOfPage":{"@id":"https:\/\/jornalfatosenoticias.com.br\/index.php\/2022\/10\/04\/shows-musicais-e-concurso-de-pratos-tipicos-vao-agitar-o-festival-gastronomico-da-festa-do-robalo\/#primaryimage"},"image":{"@id":"https:\/\/jornalfatosenoticias.com.br\/index.php\/2022\/10\/04\/shows-musicais-e-concurso-de-pratos-tipicos-vao-agitar-o-festival-gastronomico-da-festa-do-robalo\/#primaryimage"},"thumbnailUrl":"https:\/\/jornalfatosenoticias.com.br\/wp-content\/uploads\/2022\/10\/Banda-Projeto-X.jpeg","datePublished":"2022-10-04T21:33:44+00:00","dateModified":"2022-10-04T21:33:46+00:00","breadcrumb":{"@id":"https:\/\/jornalfatosenoticias.com.br\/index.php\/2022\/10\/04\/shows-musicais-e-concurso-de-pratos-tipicos-vao-agitar-o-festival-gastronomico-da-festa-do-robalo\/#breadcrumb"},"inLanguage":"pt-BR","potentialAction":[{"@type":"ReadAction","target":["https:\/\/jornalfatosenoticias.com.br\/index.php\/2022\/10\/04\/shows-musicais-e-concurso-de-pratos-tipicos-vao-agitar-o-festival-gastronomico-da-festa-do-robalo\/"]}]},{"@type":"ImageObject","inLanguage":"pt-BR","@id":"https:\/\/jornalfatosenoticias.com.br\/index.php\/2022\/10\/04\/shows-musicais-e-concurso-de-pratos-tipicos-vao-agitar-o-festival-gastronomico-da-festa-do-robalo\/#primaryimage","url":"https:\/\/jornalfatosenoticias.com.br\/wp-content\/uploads\/2022\/10\/Banda-Projeto-X.jpeg","contentUrl":"https:\/\/jornalfatosenoticias.com.br\/wp-content\/uploads\/2022\/10\/Banda-Projeto-X.jpeg","width":1000,"height":664},{"@type":"BreadcrumbList","@id":"https:\/\/jornalfatosenoticias.com.br\/index.php\/2022\/10\/04\/shows-musicais-e-concurso-de-pratos-tipicos-vao-agitar-o-festival-gastronomico-da-festa-do-robalo\/#breadcrumb","itemListElement":[{"@type":"ListItem","position":1,"name":"In\u00edcio","item":"https:\/\/jornalfatosenoticias.com.br\/"},{"@type":"ListItem","position":2,"name":"Shows musicais e concurso de pratos t\u00edpicos v\u00e3o agitar o Festival Gastron\u00f4mico da Festa do Robalo"}]},{"@type":"WebSite","@id":"https:\/\/jornalfatosenoticias.com.br\/#website","url":"https:\/\/jornalfatosenoticias.com.br\/","name":"Jornal Fatos e Not\u00edcias","description":"Not\u00edcias em geral","publisher":{"@id":"https:\/\/jornalfatosenoticias.com.br\/#organization"},"potentialAction":[{"@type":"SearchAction","target":{"@type":"EntryPoint","urlTemplate":"https:\/\/jornalfatosenoticias.com.br\/?s={search_term_string}"},"query-input":{"@type":"PropertyValueSpecification","valueRequired":true,"valueName":"search_term_string"}}],"inLanguage":"pt-BR"},{"@type":"Organization","@id":"https:\/\/jornalfatosenoticias.com.br\/#organization","name":"Jornal Fatos e Not\u00edcias","url":"https:\/\/jornalfatosenoticias.com.br\/","logo":{"@type":"ImageObject","inLanguage":"pt-BR","@id":"https:\/\/jornalfatosenoticias.com.br\/#\/schema\/logo\/image\/","url":"https:\/\/jornalfatosenoticias.com.br\/wp-content\/uploads\/2020\/02\/logo120.png","contentUrl":"https:\/\/jornalfatosenoticias.com.br\/wp-content\/uploads\/2020\/02\/logo120.png","width":1227,"height":120,"caption":"Jornal Fatos e Not\u00edcias"},"image":{"@id":"https:\/\/jornalfatosenoticias.com.br\/#\/schema\/logo\/image\/"}},{"@type":"Person","@id":"https:\/\/jornalfatosenoticias.com.br\/#\/schema\/person\/d63837fa13ac8666eb9e74e0985d6f81","name":"Luzimara Fernandes","image":{"@type":"ImageObject","inLanguage":"pt-BR","@id":"https:\/\/jornalfatosenoticias.com.br\/#\/schema\/person\/image\/","url":"https:\/\/jornalfatosenoticias.com.br\/wp-content\/uploads\/2025\/05\/EU_portal.jpg","contentUrl":"https:\/\/jornalfatosenoticias.com.br\/wp-content\/uploads\/2025\/05\/EU_portal.jpg","caption":"Luzimara Fernandes"},"description":"Jornalista MTB 2358-ES","sameAs":["https:\/\/jornalfatosenoticias.com.br"],"url":"https:\/\/jornalfatosenoticias.com.br\/index.php\/author\/luzimara\/"}]}},"cc_featured_image_caption":{"caption_text":"(Foto: Produ\u00e7\u00e3o Projeto X) ","source_text":"","source_url":""},"jetpack_featured_media_url":"https:\/\/jornalfatosenoticias.com.br\/wp-content\/uploads\/2022\/10\/Banda-Projeto-X.jpeg","_links":{"self":[{"href":"https:\/\/jornalfatosenoticias.com.br\/index.php\/wp-json\/wp\/v2\/posts\/34820","targetHints":{"allow":["GET"]}}],"collection":[{"href":"https:\/\/jornalfatosenoticias.com.br\/index.php\/wp-json\/wp\/v2\/posts"}],"about":[{"href":"https:\/\/jornalfatosenoticias.com.br\/index.php\/wp-json\/wp\/v2\/types\/post"}],"author":[{"embeddable":true,"href":"https:\/\/jornalfatosenoticias.com.br\/index.php\/wp-json\/wp\/v2\/users\/2"}],"replies":[{"embeddable":true,"href":"https:\/\/jornalfatosenoticias.com.br\/index.php\/wp-json\/wp\/v2\/comments?post=34820"}],"version-history":[{"count":0,"href":"https:\/\/jornalfatosenoticias.com.br\/index.php\/wp-json\/wp\/v2\/posts\/34820\/revisions"}],"wp:featuredmedia":[{"embeddable":true,"href":"https:\/\/jornalfatosenoticias.com.br\/index.php\/wp-json\/wp\/v2\/media\/34821"}],"wp:attachment":[{"href":"https:\/\/jornalfatosenoticias.com.br\/index.php\/wp-json\/wp\/v2\/media?parent=34820"}],"wp:term":[{"taxonomy":"category","embeddable":true,"href":"https:\/\/jornalfatosenoticias.com.br\/index.php\/wp-json\/wp\/v2\/categories?post=34820"},{"taxonomy":"post_tag","embeddable":true,"href":"https:\/\/jornalfatosenoticias.com.br\/index.php\/wp-json\/wp\/v2\/tags?post=34820"}],"curies":[{"name":"wp","href":"https:\/\/api.w.org\/{rel}","templated":true}]}}