{"id":34823,"date":"2022-10-04T18:53:15","date_gmt":"2022-10-04T21:53:15","guid":{"rendered":"https:\/\/jornalfatosenoticias.com.br\/?p=34823"},"modified":"2022-10-04T18:53:16","modified_gmt":"2022-10-04T21:53:16","slug":"solucoes-ajudam-a-conter-lixo-plastico-em-rios-e-oceanos","status":"publish","type":"post","link":"https:\/\/jornalfatosenoticias.com.br\/index.php\/2022\/10\/04\/solucoes-ajudam-a-conter-lixo-plastico-em-rios-e-oceanos\/","title":{"rendered":"Solu\u00e7\u00f5es ajudam a conter lixo pl\u00e1stico em rios e oceanos"},"content":{"rendered":"\n<p><em><span class=\"has-inline-color has-black-color\">Designers apresentam alternativas como coletar res\u00edduos ao longo de \u00e1reas costeiras e criar barreiras para det\u00ea-los ainda nos rios<\/span><\/em><\/p>\n\n\n\n<div class=\"wp-block-image\"><figure class=\"aligncenter size-large\"><img loading=\"lazy\" decoding=\"async\" width=\"1024\" height=\"100\" src=\"https:\/\/jornalfatosenoticias.com.br\/wp-content\/uploads\/2020\/02\/banner_ferramentas-1024x100.jpg\" alt=\"\" class=\"wp-image-1258\" srcset=\"https:\/\/jornalfatosenoticias.com.br\/wp-content\/uploads\/2020\/02\/banner_ferramentas-1024x100.jpg 1024w, https:\/\/jornalfatosenoticias.com.br\/wp-content\/uploads\/2020\/02\/banner_ferramentas-300x29.jpg 300w, https:\/\/jornalfatosenoticias.com.br\/wp-content\/uploads\/2020\/02\/banner_ferramentas-768x75.jpg 768w, https:\/\/jornalfatosenoticias.com.br\/wp-content\/uploads\/2020\/02\/banner_ferramentas.jpg 1227w\" sizes=\"auto, (max-width: 1024px) 100vw, 1024px\" \/><\/figure><\/div>\n\n\n\n<p>A conscientiza\u00e7\u00e3o sobre os malef\u00edcios do pl\u00e1stico descart\u00e1vel no cotidiano est\u00e1 em alta, por\u00e9m ainda faltam pol\u00edticas robustas que desestimulem seu uso. Enquanto isso, especialistas de \u00e1reas diversas buscam por solu\u00e7\u00f5es para reduzir os pl\u00e1sticos que j\u00e1 est\u00e3o presentes no solo e, principalmente, na \u00e1gua \u2014 onde se decomp\u00f5em e se transformam em <a href=\"https:\/\/ciclovivo.com.br\/fique-ligado\/e-books\/e-book-da-usp-explica-impactos-dos-microplasticos-nos-ecossistemas\/\" target=\"_blank\" rel=\"noreferrer noopener\">micropl\u00e1sticos<\/a>, o que torna ainda mais dif\u00edcil a captura. Este \u00e9 o caso do designer Zeteng Yan, que projetou m\u00f3dulos flutuantes para coletar res\u00edduos pl\u00e1sticos ao longo de \u00e1reas costeiras, e do designer Moritz Schulz, que desenvolveu uma barreira flutuante para impedir que os mesmos cheguem aos oceanos.<\/p>\n\n\n\n<div class=\"wp-block-image\"><figure class=\"aligncenter size-large is-resized\"><img loading=\"lazy\" decoding=\"async\" src=\"https:\/\/jornalfatosenoticias.com.br\/wp-content\/uploads\/2022\/08\/logo-locau-veiculos-1024x573.png\" alt=\"\" class=\"wp-image-33078\" width=\"336\" height=\"187\"\/><\/figure><\/div>\n\n\n\n<h4 class=\"wp-block-heading\"><span class=\"has-inline-color has-vivid-green-cyan-color\">Coletor de pl\u00e1sticos<\/span><\/h4>\n\n\n\n<figure class=\"wp-block-image size-large\"><img loading=\"lazy\" decoding=\"async\" width=\"1000\" height=\"666\" src=\"https:\/\/jornalfatosenoticias.com.br\/wp-content\/uploads\/2022\/10\/coletor-plastico-2.jpg\" alt=\"\" class=\"wp-image-34824\" srcset=\"https:\/\/jornalfatosenoticias.com.br\/wp-content\/uploads\/2022\/10\/coletor-plastico-2.jpg 1000w, https:\/\/jornalfatosenoticias.com.br\/wp-content\/uploads\/2022\/10\/coletor-plastico-2-300x200.jpg 300w, https:\/\/jornalfatosenoticias.com.br\/wp-content\/uploads\/2022\/10\/coletor-plastico-2-768x511.jpg 768w\" sizes=\"auto, (max-width: 1000px) 100vw, 1000px\" \/><figcaption><em><span class=\"has-inline-color has-black-color\">O designer buscou funcionalidade e est\u00e9tica (Foto: Zeteng Yan)<\/span><\/em><\/figcaption><\/figure>\n\n\n\n<div class=\"wp-block-image\"><figure class=\"alignright size-large is-resized\"><img loading=\"lazy\" decoding=\"async\" src=\"https:\/\/jornalfatosenoticias.com.br\/wp-content\/uploads\/2020\/02\/nova-logo-Marquetti.jpg\" alt=\"\" class=\"wp-image-22331\" width=\"294\" height=\"197\" srcset=\"https:\/\/jornalfatosenoticias.com.br\/wp-content\/uploads\/2020\/02\/nova-logo-Marquetti.jpg 643w, https:\/\/jornalfatosenoticias.com.br\/wp-content\/uploads\/2020\/02\/nova-logo-Marquetti-300x202.jpg 300w\" sizes=\"auto, (max-width: 294px) 100vw, 294px\" \/><\/figure><\/div>\n\n\n\n<p>Apelidado de Shield, o <a href=\"https:\/\/ciclovivo.com.br\/inovacao\/inspiracao\/bike-flutuante-limpar-plastico-rios\/\" target=\"_blank\" rel=\"noreferrer noopener\">coletor de pl\u00e1stico<\/a> do designer Zeteng Yan funciona a partir do impulso das pr\u00f3prias ondas do oceano, que conduzem o lixo para dentro do coletor. Ou seja, trata-se de uma solu\u00e7\u00e3o com zero emiss\u00f5es poluentes e que n\u00e3o gera impactos negativos \u00e0 vida marinha.<br>Cada Shield est\u00e1 conectado \u00e0 costa por meio de uma corda, enquanto seu m\u00f3dulo frontal possui uma linha flutuante que sai direto para o mar. A \u00e1gua batendo contra suas superf\u00edcies em forma de V empurra qualquer poss\u00edvel res\u00edduo direto para a \u201cboca aberta\u201d do Shield. Duas cavidades (uma na parte superior e outra na parte inferior) ajudam a coletar o lixo tanto na mar\u00e9 alta quanto na mar\u00e9 baixa. Quando a cavidade interna chega a sua capacidade, basta esvazi\u00e1-lo, conduzir os detritos para a reciclagem, e coloc\u00e1-lo novamente para trabalhar. A ideia \u00e9 que o coletor possa funcionar 24 horas por dia.<\/p>\n\n\n\n<div class=\"wp-block-image\"><figure class=\"alignleft size-large\"><img loading=\"lazy\" decoding=\"async\" width=\"300\" height=\"250\" src=\"https:\/\/jornalfatosenoticias.com.br\/wp-content\/uploads\/2022\/08\/arte-Casarao.jpg\" alt=\"\" class=\"wp-image-33178\"\/><\/figure><\/div>\n\n\n\n<p>J\u00e1 na est\u00e9tica, o modelo tem uma apar\u00eancia que lembra uma baleia. A ideia era que o material fosse visualmente agrad\u00e1vel, uma vez que deve ser colocado dentro do alcance de vis\u00e3o dos humanos.<br>Outro ponto interessante do projeto \u00e9 que, para evitar colis\u00e3o, luzes que operam com <a href=\"https:\/\/ciclovivo.com.br\/arq-urb\/mobilidade\/veleiro-movido-a-energia-solar-e-eolica-e-testado-em-niteroi\/\" target=\"_blank\" rel=\"noreferrer noopener\">energia solar<\/a> v\u00e3o ajudar a manter o coletor vis\u00edvel. A luz tamb\u00e9m tem a fun\u00e7\u00e3o de facilitar a localiza\u00e7\u00e3o do Shield na \u00e1gua, por\u00e9m, de qualquer forma, h\u00e1 um sinalizador SOS interno que pode ser ativado se houver necessidade.<\/p>\n\n\n\n<div class=\"wp-block-image\"><figure class=\"aligncenter size-large\"><img decoding=\"async\" src=\"https:\/\/jornalfatosenoticias.com.br\/wp-content\/uploads\/2020\/02\/logo-embacia-1-1024x110.jpg\" alt=\"\" class=\"wp-image-33954\"\/><\/figure><\/div>\n\n\n\n<p>Neste momento, Yan est\u00e1 em processo de constru\u00e7\u00e3o de um prot\u00f3tipo em tamanho real para testar sua efici\u00eancia e refinar o projeto final.<\/p>\n\n\n\n<h4 class=\"wp-block-heading\"><span class=\"has-inline-color has-vivid-green-cyan-color\">Barreira flutuante<\/span><\/h4>\n\n\n\n<figure class=\"wp-block-image size-large\"><img loading=\"lazy\" decoding=\"async\" width=\"1000\" height=\"666\" src=\"https:\/\/jornalfatosenoticias.com.br\/wp-content\/uploads\/2022\/10\/coletor-plastico-3.jpg\" alt=\"\" class=\"wp-image-34825\" srcset=\"https:\/\/jornalfatosenoticias.com.br\/wp-content\/uploads\/2022\/10\/coletor-plastico-3.jpg 1000w, https:\/\/jornalfatosenoticias.com.br\/wp-content\/uploads\/2022\/10\/coletor-plastico-3-300x200.jpg 300w, https:\/\/jornalfatosenoticias.com.br\/wp-content\/uploads\/2022\/10\/coletor-plastico-3-768x511.jpg 768w\" sizes=\"auto, (max-width: 1000px) 100vw, 1000px\" \/><figcaption><em><span class=\"has-inline-color has-black-color\">(Foto: Zeteng Yan)<\/span><\/em><\/figcaption><\/figure>\n\n\n\n<div class=\"wp-block-image\"><figure class=\"alignright size-large is-resized\"><img loading=\"lazy\" decoding=\"async\" src=\"https:\/\/jornalfatosenoticias.com.br\/wp-content\/uploads\/2022\/02\/Precisao-Contabilidade-1024x724.jpg\" alt=\"\" class=\"wp-image-28088\" width=\"283\" height=\"199\"\/><\/figure><\/div>\n\n\n\n<p>J\u00e1 Moritz Schulz criou uma barreira <a href=\"https:\/\/ciclovivo.com.br\/inovacao\/tecnologia\/lixeira-flutuante-limpando-oceano\/\" target=\"_blank\" rel=\"noreferrer noopener\">flutuante<\/a>\u00a0para deter os res\u00edduos ainda nos rios, impedindo-os de chegarem aos oceanos. Apelidado de TrashBoom, \u00e9 uma solu\u00e7\u00e3o modular feita de materiais de\u00a0<a href=\"https:\/\/ciclovivo.com.br\/mao-na-massa\/faca-voce-mesmo\/4-modelos-de-composteiras-domesticas-de-baixo-custo\/\" target=\"_blank\" rel=\"noreferrer noopener\">baixo custo<\/a> dispon\u00edveis localmente e cuja implementa\u00e7\u00e3o depende de baixa tecnologia.<br>Cada sistema TrashBoom pode ser feito de estrutura de a\u00e7o, malha de arame, tubos PVC e garrafas PET. Com c\u00f3digo aberto, a ideia \u00e9 que o processo de design da barreira flutuante possa ser aprimorada e adaptada a diferentes realidades.<\/p>\n\n\n\n<div class=\"wp-block-image\"><figure class=\"aligncenter size-large\"><img loading=\"lazy\" decoding=\"async\" width=\"1024\" height=\"111\" src=\"https:\/\/jornalfatosenoticias.com.br\/wp-content\/uploads\/2020\/02\/WhatsApp-Image-2022-09-23-at-12.09.18-1024x111.jpeg\" alt=\"\" class=\"wp-image-34527\" srcset=\"https:\/\/jornalfatosenoticias.com.br\/wp-content\/uploads\/2020\/02\/WhatsApp-Image-2022-09-23-at-12.09.18-1024x111.jpeg 1024w, https:\/\/jornalfatosenoticias.com.br\/wp-content\/uploads\/2020\/02\/WhatsApp-Image-2022-09-23-at-12.09.18-300x32.jpeg 300w, https:\/\/jornalfatosenoticias.com.br\/wp-content\/uploads\/2020\/02\/WhatsApp-Image-2022-09-23-at-12.09.18-768x83.jpeg 768w, https:\/\/jornalfatosenoticias.com.br\/wp-content\/uploads\/2020\/02\/WhatsApp-Image-2022-09-23-at-12.09.18.jpeg 1121w\" sizes=\"auto, (max-width: 1024px) 100vw, 1024px\" \/><\/figure><\/div>\n\n\n\n<p>Moritz Schulz reconhece que coletar pl\u00e1sticos apenas \u201ccombate os sintomas\u201d de uma grande problem\u00e1tica, por\u00e9m acredita que a barreira seja uma solu\u00e7\u00e3o razo\u00e1vel para um problema global complexo.<\/p>\n\n\n\n<div class=\"wp-block-image\"><figure class=\"aligncenter size-large\"><img decoding=\"async\" src=\"https:\/\/jornalfatosenoticias.com.br\/wp-content\/uploads\/2020\/02\/barao-das-carnes-300x164-1.jpg\" alt=\"\" class=\"wp-image-34339\"\/><\/figure><\/div>\n\n\n\n<figure class=\"wp-block-pullquote\"><blockquote><p><span class=\"has-inline-color has-luminous-vivid-orange-color\">O TrashBoom \u00e9 definido e projetado como um tratamento de primeiros socorros para a polui\u00e7\u00e3o oce\u00e2nica at\u00e9 que a sociedade e a economia se adaptem e reduzam o uso de pl\u00e1stico\u201d, afirma o designer.<\/span><\/p><\/blockquote><\/figure>\n\n\n\n<div class=\"wp-block-image\"><figure class=\"aligncenter size-large\"><img loading=\"lazy\" decoding=\"async\" width=\"1024\" height=\"103\" src=\"https:\/\/jornalfatosenoticias.com.br\/wp-content\/uploads\/2022\/02\/Arte-Autoescola-Galatas_endereco_portal-1024x103.png\" alt=\"\" class=\"wp-image-27869\" srcset=\"https:\/\/jornalfatosenoticias.com.br\/wp-content\/uploads\/2022\/02\/Arte-Autoescola-Galatas_endereco_portal-1024x103.png 1024w, https:\/\/jornalfatosenoticias.com.br\/wp-content\/uploads\/2022\/02\/Arte-Autoescola-Galatas_endereco_portal-300x30.png 300w, https:\/\/jornalfatosenoticias.com.br\/wp-content\/uploads\/2022\/02\/Arte-Autoescola-Galatas_endereco_portal-768x77.png 768w, https:\/\/jornalfatosenoticias.com.br\/wp-content\/uploads\/2022\/02\/Arte-Autoescola-Galatas_endereco_portal.png 1223w\" sizes=\"auto, (max-width: 1024px) 100vw, 1024px\" \/><\/figure><\/div>\n\n\n\n<p><strong><em>Fonte: <a href=\"https:\/\/ciclovivo.com.br\/arq-urb\/design\/solucoes-ajudam-a-conter-lixo-plastico-em-rios-e-oceanos\/\">CicloVivo<\/a><\/em><\/strong><\/p>\n","protected":false},"excerpt":{"rendered":"<p>Designers apresentam alternativas como coletar res\u00edduos ao longo de \u00e1reas costeiras e criar barreiras para det\u00ea-los ainda nos rios A conscientiza\u00e7\u00e3o sobre os malef\u00edcios do pl\u00e1stico descart\u00e1vel no cotidiano est\u00e1 em alta, por\u00e9m ainda faltam pol\u00edticas robustas que desestimulem seu uso. Enquanto isso, especialistas de \u00e1reas diversas buscam por solu\u00e7\u00f5es para reduzir os pl\u00e1sticos que [&hellip;]<\/p>\n","protected":false},"author":2,"featured_media":34826,"comment_status":"open","ping_status":"open","sticky":false,"template":"","format":"standard","meta":{"footnotes":""},"categories":[744],"tags":[16354,8376,2042,577,7210,659],"class_list":["post-34823","post","type-post","status-publish","format-standard","has-post-thumbnail","hentry","category-arq-urbanismo","tag-limpar-plastico","tag-lixo-plastico","tag-oceanos","tag-plastico","tag-poluicao-plastica","tag-rios"],"yoast_head":"<!-- This site is optimized with the Yoast SEO plugin v26.5 - https:\/\/yoast.com\/wordpress\/plugins\/seo\/ -->\n<title>Solu\u00e7\u00f5es ajudam a conter lixo pl\u00e1stico em rios e oceanos - Jornal Fatos e Not\u00edcias<\/title>\n<meta name=\"robots\" content=\"index, follow, max-snippet:-1, max-image-preview:large, max-video-preview:-1\" \/>\n<link rel=\"canonical\" href=\"https:\/\/jornalfatosenoticias.com.br\/index.php\/2022\/10\/04\/solucoes-ajudam-a-conter-lixo-plastico-em-rios-e-oceanos\/\" \/>\n<meta property=\"og:locale\" content=\"pt_BR\" \/>\n<meta property=\"og:type\" content=\"article\" \/>\n<meta property=\"og:title\" content=\"Solu\u00e7\u00f5es ajudam a conter lixo pl\u00e1stico em rios e oceanos - Jornal Fatos e Not\u00edcias\" \/>\n<meta property=\"og:description\" content=\"Designers apresentam alternativas como coletar res\u00edduos ao longo de \u00e1reas costeiras e criar barreiras para det\u00ea-los ainda nos rios A conscientiza\u00e7\u00e3o sobre os malef\u00edcios do pl\u00e1stico descart\u00e1vel no cotidiano est\u00e1 em alta, por\u00e9m ainda faltam pol\u00edticas robustas que desestimulem seu uso. Enquanto isso, especialistas de \u00e1reas diversas buscam por solu\u00e7\u00f5es para reduzir os pl\u00e1sticos que [&hellip;]\" \/>\n<meta property=\"og:url\" content=\"https:\/\/jornalfatosenoticias.com.br\/index.php\/2022\/10\/04\/solucoes-ajudam-a-conter-lixo-plastico-em-rios-e-oceanos\/\" \/>\n<meta property=\"og:site_name\" content=\"Jornal Fatos e Not\u00edcias\" \/>\n<meta property=\"article:published_time\" content=\"2022-10-04T21:53:15+00:00\" \/>\n<meta property=\"article:modified_time\" content=\"2022-10-04T21:53:16+00:00\" \/>\n<meta property=\"og:image\" content=\"https:\/\/jornalfatosenoticias.com.br\/wp-content\/uploads\/2022\/10\/coletor-plastico-1.jpg\" \/>\n\t<meta property=\"og:image:width\" content=\"1000\" \/>\n\t<meta property=\"og:image:height\" content=\"666\" \/>\n\t<meta property=\"og:image:type\" content=\"image\/jpeg\" \/>\n<meta name=\"author\" content=\"Luzimara Fernandes\" \/>\n<meta name=\"twitter:card\" content=\"summary_large_image\" \/>\n<meta name=\"twitter:label1\" content=\"Escrito por\" \/>\n\t<meta name=\"twitter:data1\" content=\"Luzimara Fernandes\" \/>\n\t<meta name=\"twitter:label2\" content=\"Est. tempo de leitura\" \/>\n\t<meta name=\"twitter:data2\" content=\"3 minutos\" \/>\n<script type=\"application\/ld+json\" class=\"yoast-schema-graph\">{\"@context\":\"https:\/\/schema.org\",\"@graph\":[{\"@type\":\"Article\",\"@id\":\"https:\/\/jornalfatosenoticias.com.br\/index.php\/2022\/10\/04\/solucoes-ajudam-a-conter-lixo-plastico-em-rios-e-oceanos\/#article\",\"isPartOf\":{\"@id\":\"https:\/\/jornalfatosenoticias.com.br\/index.php\/2022\/10\/04\/solucoes-ajudam-a-conter-lixo-plastico-em-rios-e-oceanos\/\"},\"author\":{\"name\":\"Luzimara Fernandes\",\"@id\":\"https:\/\/jornalfatosenoticias.com.br\/#\/schema\/person\/d63837fa13ac8666eb9e74e0985d6f81\"},\"headline\":\"Solu\u00e7\u00f5es ajudam a conter lixo pl\u00e1stico em rios e oceanos\",\"datePublished\":\"2022-10-04T21:53:15+00:00\",\"dateModified\":\"2022-10-04T21:53:16+00:00\",\"mainEntityOfPage\":{\"@id\":\"https:\/\/jornalfatosenoticias.com.br\/index.php\/2022\/10\/04\/solucoes-ajudam-a-conter-lixo-plastico-em-rios-e-oceanos\/\"},\"wordCount\":603,\"commentCount\":0,\"publisher\":{\"@id\":\"https:\/\/jornalfatosenoticias.com.br\/#organization\"},\"image\":{\"@id\":\"https:\/\/jornalfatosenoticias.com.br\/index.php\/2022\/10\/04\/solucoes-ajudam-a-conter-lixo-plastico-em-rios-e-oceanos\/#primaryimage\"},\"thumbnailUrl\":\"https:\/\/jornalfatosenoticias.com.br\/wp-content\/uploads\/2022\/10\/coletor-plastico-1.jpg\",\"keywords\":[\"limpar pl\u00e1stico\",\"lixo pl\u00e1stico\",\"oceanos\",\"pl\u00e1stico\",\"polui\u00e7\u00e3o pl\u00e1stica\",\"rios\"],\"articleSection\":[\"Arq &amp; Urb\"],\"inLanguage\":\"pt-BR\",\"potentialAction\":[{\"@type\":\"CommentAction\",\"name\":\"Comment\",\"target\":[\"https:\/\/jornalfatosenoticias.com.br\/index.php\/2022\/10\/04\/solucoes-ajudam-a-conter-lixo-plastico-em-rios-e-oceanos\/#respond\"]}]},{\"@type\":\"WebPage\",\"@id\":\"https:\/\/jornalfatosenoticias.com.br\/index.php\/2022\/10\/04\/solucoes-ajudam-a-conter-lixo-plastico-em-rios-e-oceanos\/\",\"url\":\"https:\/\/jornalfatosenoticias.com.br\/index.php\/2022\/10\/04\/solucoes-ajudam-a-conter-lixo-plastico-em-rios-e-oceanos\/\",\"name\":\"Solu\u00e7\u00f5es ajudam a conter lixo pl\u00e1stico em rios e oceanos - Jornal Fatos e Not\u00edcias\",\"isPartOf\":{\"@id\":\"https:\/\/jornalfatosenoticias.com.br\/#website\"},\"primaryImageOfPage\":{\"@id\":\"https:\/\/jornalfatosenoticias.com.br\/index.php\/2022\/10\/04\/solucoes-ajudam-a-conter-lixo-plastico-em-rios-e-oceanos\/#primaryimage\"},\"image\":{\"@id\":\"https:\/\/jornalfatosenoticias.com.br\/index.php\/2022\/10\/04\/solucoes-ajudam-a-conter-lixo-plastico-em-rios-e-oceanos\/#primaryimage\"},\"thumbnailUrl\":\"https:\/\/jornalfatosenoticias.com.br\/wp-content\/uploads\/2022\/10\/coletor-plastico-1.jpg\",\"datePublished\":\"2022-10-04T21:53:15+00:00\",\"dateModified\":\"2022-10-04T21:53:16+00:00\",\"breadcrumb\":{\"@id\":\"https:\/\/jornalfatosenoticias.com.br\/index.php\/2022\/10\/04\/solucoes-ajudam-a-conter-lixo-plastico-em-rios-e-oceanos\/#breadcrumb\"},\"inLanguage\":\"pt-BR\",\"potentialAction\":[{\"@type\":\"ReadAction\",\"target\":[\"https:\/\/jornalfatosenoticias.com.br\/index.php\/2022\/10\/04\/solucoes-ajudam-a-conter-lixo-plastico-em-rios-e-oceanos\/\"]}]},{\"@type\":\"ImageObject\",\"inLanguage\":\"pt-BR\",\"@id\":\"https:\/\/jornalfatosenoticias.com.br\/index.php\/2022\/10\/04\/solucoes-ajudam-a-conter-lixo-plastico-em-rios-e-oceanos\/#primaryimage\",\"url\":\"https:\/\/jornalfatosenoticias.com.br\/wp-content\/uploads\/2022\/10\/coletor-plastico-1.jpg\",\"contentUrl\":\"https:\/\/jornalfatosenoticias.com.br\/wp-content\/uploads\/2022\/10\/coletor-plastico-1.jpg\",\"width\":1000,\"height\":666},{\"@type\":\"BreadcrumbList\",\"@id\":\"https:\/\/jornalfatosenoticias.com.br\/index.php\/2022\/10\/04\/solucoes-ajudam-a-conter-lixo-plastico-em-rios-e-oceanos\/#breadcrumb\",\"itemListElement\":[{\"@type\":\"ListItem\",\"position\":1,\"name\":\"In\u00edcio\",\"item\":\"https:\/\/jornalfatosenoticias.com.br\/\"},{\"@type\":\"ListItem\",\"position\":2,\"name\":\"Solu\u00e7\u00f5es ajudam a conter lixo pl\u00e1stico em rios e oceanos\"}]},{\"@type\":\"WebSite\",\"@id\":\"https:\/\/jornalfatosenoticias.com.br\/#website\",\"url\":\"https:\/\/jornalfatosenoticias.com.br\/\",\"name\":\"Jornal Fatos e Not\u00edcias\",\"description\":\"Not\u00edcias em geral\",\"publisher\":{\"@id\":\"https:\/\/jornalfatosenoticias.com.br\/#organization\"},\"potentialAction\":[{\"@type\":\"SearchAction\",\"target\":{\"@type\":\"EntryPoint\",\"urlTemplate\":\"https:\/\/jornalfatosenoticias.com.br\/?s={search_term_string}\"},\"query-input\":{\"@type\":\"PropertyValueSpecification\",\"valueRequired\":true,\"valueName\":\"search_term_string\"}}],\"inLanguage\":\"pt-BR\"},{\"@type\":\"Organization\",\"@id\":\"https:\/\/jornalfatosenoticias.com.br\/#organization\",\"name\":\"Jornal Fatos e Not\u00edcias\",\"url\":\"https:\/\/jornalfatosenoticias.com.br\/\",\"logo\":{\"@type\":\"ImageObject\",\"inLanguage\":\"pt-BR\",\"@id\":\"https:\/\/jornalfatosenoticias.com.br\/#\/schema\/logo\/image\/\",\"url\":\"https:\/\/jornalfatosenoticias.com.br\/wp-content\/uploads\/2020\/02\/logo120.png\",\"contentUrl\":\"https:\/\/jornalfatosenoticias.com.br\/wp-content\/uploads\/2020\/02\/logo120.png\",\"width\":1227,\"height\":120,\"caption\":\"Jornal Fatos e Not\u00edcias\"},\"image\":{\"@id\":\"https:\/\/jornalfatosenoticias.com.br\/#\/schema\/logo\/image\/\"}},{\"@type\":\"Person\",\"@id\":\"https:\/\/jornalfatosenoticias.com.br\/#\/schema\/person\/d63837fa13ac8666eb9e74e0985d6f81\",\"name\":\"Luzimara Fernandes\",\"image\":{\"@type\":\"ImageObject\",\"inLanguage\":\"pt-BR\",\"@id\":\"https:\/\/jornalfatosenoticias.com.br\/#\/schema\/person\/image\/\",\"url\":\"https:\/\/jornalfatosenoticias.com.br\/wp-content\/uploads\/2025\/05\/EU_portal.jpg\",\"contentUrl\":\"https:\/\/jornalfatosenoticias.com.br\/wp-content\/uploads\/2025\/05\/EU_portal.jpg\",\"caption\":\"Luzimara Fernandes\"},\"description\":\"Jornalista MTB 2358-ES\",\"sameAs\":[\"https:\/\/jornalfatosenoticias.com.br\"],\"url\":\"https:\/\/jornalfatosenoticias.com.br\/index.php\/author\/luzimara\/\"}]}<\/script>\n<!-- \/ Yoast SEO plugin. -->","yoast_head_json":{"title":"Solu\u00e7\u00f5es ajudam a conter lixo pl\u00e1stico em rios e oceanos - Jornal Fatos e Not\u00edcias","robots":{"index":"index","follow":"follow","max-snippet":"max-snippet:-1","max-image-preview":"max-image-preview:large","max-video-preview":"max-video-preview:-1"},"canonical":"https:\/\/jornalfatosenoticias.com.br\/index.php\/2022\/10\/04\/solucoes-ajudam-a-conter-lixo-plastico-em-rios-e-oceanos\/","og_locale":"pt_BR","og_type":"article","og_title":"Solu\u00e7\u00f5es ajudam a conter lixo pl\u00e1stico em rios e oceanos - Jornal Fatos e Not\u00edcias","og_description":"Designers apresentam alternativas como coletar res\u00edduos ao longo de \u00e1reas costeiras e criar barreiras para det\u00ea-los ainda nos rios A conscientiza\u00e7\u00e3o sobre os malef\u00edcios do pl\u00e1stico descart\u00e1vel no cotidiano est\u00e1 em alta, por\u00e9m ainda faltam pol\u00edticas robustas que desestimulem seu uso. Enquanto isso, especialistas de \u00e1reas diversas buscam por solu\u00e7\u00f5es para reduzir os pl\u00e1sticos que [&hellip;]","og_url":"https:\/\/jornalfatosenoticias.com.br\/index.php\/2022\/10\/04\/solucoes-ajudam-a-conter-lixo-plastico-em-rios-e-oceanos\/","og_site_name":"Jornal Fatos e Not\u00edcias","article_published_time":"2022-10-04T21:53:15+00:00","article_modified_time":"2022-10-04T21:53:16+00:00","og_image":[{"width":1000,"height":666,"url":"https:\/\/jornalfatosenoticias.com.br\/wp-content\/uploads\/2022\/10\/coletor-plastico-1.jpg","type":"image\/jpeg"}],"author":"Luzimara Fernandes","twitter_card":"summary_large_image","twitter_misc":{"Escrito por":"Luzimara Fernandes","Est. tempo de leitura":"3 minutos"},"schema":{"@context":"https:\/\/schema.org","@graph":[{"@type":"Article","@id":"https:\/\/jornalfatosenoticias.com.br\/index.php\/2022\/10\/04\/solucoes-ajudam-a-conter-lixo-plastico-em-rios-e-oceanos\/#article","isPartOf":{"@id":"https:\/\/jornalfatosenoticias.com.br\/index.php\/2022\/10\/04\/solucoes-ajudam-a-conter-lixo-plastico-em-rios-e-oceanos\/"},"author":{"name":"Luzimara Fernandes","@id":"https:\/\/jornalfatosenoticias.com.br\/#\/schema\/person\/d63837fa13ac8666eb9e74e0985d6f81"},"headline":"Solu\u00e7\u00f5es ajudam a conter lixo pl\u00e1stico em rios e oceanos","datePublished":"2022-10-04T21:53:15+00:00","dateModified":"2022-10-04T21:53:16+00:00","mainEntityOfPage":{"@id":"https:\/\/jornalfatosenoticias.com.br\/index.php\/2022\/10\/04\/solucoes-ajudam-a-conter-lixo-plastico-em-rios-e-oceanos\/"},"wordCount":603,"commentCount":0,"publisher":{"@id":"https:\/\/jornalfatosenoticias.com.br\/#organization"},"image":{"@id":"https:\/\/jornalfatosenoticias.com.br\/index.php\/2022\/10\/04\/solucoes-ajudam-a-conter-lixo-plastico-em-rios-e-oceanos\/#primaryimage"},"thumbnailUrl":"https:\/\/jornalfatosenoticias.com.br\/wp-content\/uploads\/2022\/10\/coletor-plastico-1.jpg","keywords":["limpar pl\u00e1stico","lixo pl\u00e1stico","oceanos","pl\u00e1stico","polui\u00e7\u00e3o pl\u00e1stica","rios"],"articleSection":["Arq &amp; Urb"],"inLanguage":"pt-BR","potentialAction":[{"@type":"CommentAction","name":"Comment","target":["https:\/\/jornalfatosenoticias.com.br\/index.php\/2022\/10\/04\/solucoes-ajudam-a-conter-lixo-plastico-em-rios-e-oceanos\/#respond"]}]},{"@type":"WebPage","@id":"https:\/\/jornalfatosenoticias.com.br\/index.php\/2022\/10\/04\/solucoes-ajudam-a-conter-lixo-plastico-em-rios-e-oceanos\/","url":"https:\/\/jornalfatosenoticias.com.br\/index.php\/2022\/10\/04\/solucoes-ajudam-a-conter-lixo-plastico-em-rios-e-oceanos\/","name":"Solu\u00e7\u00f5es ajudam a conter lixo pl\u00e1stico em rios e oceanos - Jornal Fatos e Not\u00edcias","isPartOf":{"@id":"https:\/\/jornalfatosenoticias.com.br\/#website"},"primaryImageOfPage":{"@id":"https:\/\/jornalfatosenoticias.com.br\/index.php\/2022\/10\/04\/solucoes-ajudam-a-conter-lixo-plastico-em-rios-e-oceanos\/#primaryimage"},"image":{"@id":"https:\/\/jornalfatosenoticias.com.br\/index.php\/2022\/10\/04\/solucoes-ajudam-a-conter-lixo-plastico-em-rios-e-oceanos\/#primaryimage"},"thumbnailUrl":"https:\/\/jornalfatosenoticias.com.br\/wp-content\/uploads\/2022\/10\/coletor-plastico-1.jpg","datePublished":"2022-10-04T21:53:15+00:00","dateModified":"2022-10-04T21:53:16+00:00","breadcrumb":{"@id":"https:\/\/jornalfatosenoticias.com.br\/index.php\/2022\/10\/04\/solucoes-ajudam-a-conter-lixo-plastico-em-rios-e-oceanos\/#breadcrumb"},"inLanguage":"pt-BR","potentialAction":[{"@type":"ReadAction","target":["https:\/\/jornalfatosenoticias.com.br\/index.php\/2022\/10\/04\/solucoes-ajudam-a-conter-lixo-plastico-em-rios-e-oceanos\/"]}]},{"@type":"ImageObject","inLanguage":"pt-BR","@id":"https:\/\/jornalfatosenoticias.com.br\/index.php\/2022\/10\/04\/solucoes-ajudam-a-conter-lixo-plastico-em-rios-e-oceanos\/#primaryimage","url":"https:\/\/jornalfatosenoticias.com.br\/wp-content\/uploads\/2022\/10\/coletor-plastico-1.jpg","contentUrl":"https:\/\/jornalfatosenoticias.com.br\/wp-content\/uploads\/2022\/10\/coletor-plastico-1.jpg","width":1000,"height":666},{"@type":"BreadcrumbList","@id":"https:\/\/jornalfatosenoticias.com.br\/index.php\/2022\/10\/04\/solucoes-ajudam-a-conter-lixo-plastico-em-rios-e-oceanos\/#breadcrumb","itemListElement":[{"@type":"ListItem","position":1,"name":"In\u00edcio","item":"https:\/\/jornalfatosenoticias.com.br\/"},{"@type":"ListItem","position":2,"name":"Solu\u00e7\u00f5es ajudam a conter lixo pl\u00e1stico em rios e oceanos"}]},{"@type":"WebSite","@id":"https:\/\/jornalfatosenoticias.com.br\/#website","url":"https:\/\/jornalfatosenoticias.com.br\/","name":"Jornal Fatos e Not\u00edcias","description":"Not\u00edcias em geral","publisher":{"@id":"https:\/\/jornalfatosenoticias.com.br\/#organization"},"potentialAction":[{"@type":"SearchAction","target":{"@type":"EntryPoint","urlTemplate":"https:\/\/jornalfatosenoticias.com.br\/?s={search_term_string}"},"query-input":{"@type":"PropertyValueSpecification","valueRequired":true,"valueName":"search_term_string"}}],"inLanguage":"pt-BR"},{"@type":"Organization","@id":"https:\/\/jornalfatosenoticias.com.br\/#organization","name":"Jornal Fatos e Not\u00edcias","url":"https:\/\/jornalfatosenoticias.com.br\/","logo":{"@type":"ImageObject","inLanguage":"pt-BR","@id":"https:\/\/jornalfatosenoticias.com.br\/#\/schema\/logo\/image\/","url":"https:\/\/jornalfatosenoticias.com.br\/wp-content\/uploads\/2020\/02\/logo120.png","contentUrl":"https:\/\/jornalfatosenoticias.com.br\/wp-content\/uploads\/2020\/02\/logo120.png","width":1227,"height":120,"caption":"Jornal Fatos e Not\u00edcias"},"image":{"@id":"https:\/\/jornalfatosenoticias.com.br\/#\/schema\/logo\/image\/"}},{"@type":"Person","@id":"https:\/\/jornalfatosenoticias.com.br\/#\/schema\/person\/d63837fa13ac8666eb9e74e0985d6f81","name":"Luzimara Fernandes","image":{"@type":"ImageObject","inLanguage":"pt-BR","@id":"https:\/\/jornalfatosenoticias.com.br\/#\/schema\/person\/image\/","url":"https:\/\/jornalfatosenoticias.com.br\/wp-content\/uploads\/2025\/05\/EU_portal.jpg","contentUrl":"https:\/\/jornalfatosenoticias.com.br\/wp-content\/uploads\/2025\/05\/EU_portal.jpg","caption":"Luzimara Fernandes"},"description":"Jornalista MTB 2358-ES","sameAs":["https:\/\/jornalfatosenoticias.com.br"],"url":"https:\/\/jornalfatosenoticias.com.br\/index.php\/author\/luzimara\/"}]}},"cc_featured_image_caption":{"caption_text":"(Foto: Moritz Schulz) ","source_text":"","source_url":""},"jetpack_featured_media_url":"https:\/\/jornalfatosenoticias.com.br\/wp-content\/uploads\/2022\/10\/coletor-plastico-1.jpg","_links":{"self":[{"href":"https:\/\/jornalfatosenoticias.com.br\/index.php\/wp-json\/wp\/v2\/posts\/34823","targetHints":{"allow":["GET"]}}],"collection":[{"href":"https:\/\/jornalfatosenoticias.com.br\/index.php\/wp-json\/wp\/v2\/posts"}],"about":[{"href":"https:\/\/jornalfatosenoticias.com.br\/index.php\/wp-json\/wp\/v2\/types\/post"}],"author":[{"embeddable":true,"href":"https:\/\/jornalfatosenoticias.com.br\/index.php\/wp-json\/wp\/v2\/users\/2"}],"replies":[{"embeddable":true,"href":"https:\/\/jornalfatosenoticias.com.br\/index.php\/wp-json\/wp\/v2\/comments?post=34823"}],"version-history":[{"count":0,"href":"https:\/\/jornalfatosenoticias.com.br\/index.php\/wp-json\/wp\/v2\/posts\/34823\/revisions"}],"wp:featuredmedia":[{"embeddable":true,"href":"https:\/\/jornalfatosenoticias.com.br\/index.php\/wp-json\/wp\/v2\/media\/34826"}],"wp:attachment":[{"href":"https:\/\/jornalfatosenoticias.com.br\/index.php\/wp-json\/wp\/v2\/media?parent=34823"}],"wp:term":[{"taxonomy":"category","embeddable":true,"href":"https:\/\/jornalfatosenoticias.com.br\/index.php\/wp-json\/wp\/v2\/categories?post=34823"},{"taxonomy":"post_tag","embeddable":true,"href":"https:\/\/jornalfatosenoticias.com.br\/index.php\/wp-json\/wp\/v2\/tags?post=34823"}],"curies":[{"name":"wp","href":"https:\/\/api.w.org\/{rel}","templated":true}]}}