{"id":34828,"date":"2022-10-04T19:09:50","date_gmt":"2022-10-04T22:09:50","guid":{"rendered":"https:\/\/jornalfatosenoticias.com.br\/?p=34828"},"modified":"2022-10-04T19:09:52","modified_gmt":"2022-10-04T22:09:52","slug":"diamante-extraido-660-km-abaixo-da-superficie-da-terra-revela-um-ambiente-rico-em-agua","status":"publish","type":"post","link":"https:\/\/jornalfatosenoticias.com.br\/index.php\/2022\/10\/04\/diamante-extraido-660-km-abaixo-da-superficie-da-terra-revela-um-ambiente-rico-em-agua\/","title":{"rendered":"Diamante extra\u00eddo 660 km abaixo da superf\u00edcie da Terra revela um ambiente rico em \u00e1gua"},"content":{"rendered":"\n<div class=\"wp-block-image\"><figure class=\"aligncenter size-large\"><img loading=\"lazy\" decoding=\"async\" width=\"729\" height=\"90\" src=\"https:\/\/jornalfatosenoticias.com.br\/wp-content\/uploads\/2020\/02\/Logo_Mizu.png\" alt=\"\" class=\"wp-image-1441\" srcset=\"https:\/\/jornalfatosenoticias.com.br\/wp-content\/uploads\/2020\/02\/Logo_Mizu.png 729w, https:\/\/jornalfatosenoticias.com.br\/wp-content\/uploads\/2020\/02\/Logo_Mizu-300x37.png 300w\" sizes=\"auto, (max-width: 729px) 100vw, 729px\" \/><\/figure><\/div>\n\n\n\n<p>Um diamante descoberto em uma mina de diamantes em Botsuana \u00e9 uma das pedras gra\u00e7as \u00e0s quais podemos obter informa\u00e7\u00f5es sobre o interior do nosso planeta. Tem vest\u00edgios de minerais que sugerem que o diamante se formou a 660 km abaixo da superf\u00edcie da Terra, e esse ambiente pode ser rico em \u00e1gua, indica um novo estudo.<\/p>\n\n\n\n<div class=\"wp-block-image\"><figure class=\"aligncenter size-large\"><img decoding=\"async\" src=\"https:\/\/jornalfatosenoticias.com.br\/wp-content\/uploads\/2020\/02\/logo_esteio.jpg\" alt=\"\" class=\"wp-image-1214\"\/><\/figure><\/div>\n\n\n\n<p>Uma equipe de pesquisadores liderada pelo f\u00edsico de minerais Tingting Gu, do <strong>Instituto Gemol\u00f3gico de Nova York<\/strong> e da Universidade Purdue, estudando detalhadamente uma das pedras formadas em calor e press\u00e3o extremos, encontrou 12 inclus\u00f5es minerais e um grupo de inclus\u00f5es leitosas.<\/p>\n\n\n\n<div class=\"wp-block-image\"><figure class=\"aligncenter size-large is-resized\"><img loading=\"lazy\" decoding=\"async\" src=\"https:\/\/jornalfatosenoticias.com.br\/wp-content\/uploads\/2020\/02\/Serra-Grande-1024x160.png\" alt=\"\" class=\"wp-image-7836\" width=\"529\" height=\"82\"\/><\/figure><\/div>\n\n\n\n<p>Usando a espectroscopia micro Raman e a difra\u00e7\u00e3o de raios X, os <a href=\"https:\/\/sputniknewsbrasil.com.br\/20220927\/cuba-esta-100-sem-energia-apos-furacao-ian-fotos-videos-25049392.html\" target=\"_blank\" rel=\"noreferrer noopener\">investigadores examinaram<\/a> estas inclus\u00f5es para determinar a sua natureza. Entre elas encontraram um conjunto de ringwoodite (silicato de magn\u00e9sio) em contato com ferropericlase (\u00f3xido de magn\u00e9sio\/ferro) e enstatita (outro silicato de magn\u00e9sio com uma composi\u00e7\u00e3o diferente).<\/p>\n\n\n\n<div class=\"wp-block-image\"><figure class=\"alignleft size-large is-resized\"><img loading=\"lazy\" decoding=\"async\" src=\"https:\/\/jornalfatosenoticias.com.br\/wp-content\/uploads\/2020\/02\/logo-clinica-limoeiro.jpg\" alt=\"\" class=\"wp-image-34610\" width=\"324\" height=\"230\"\/><\/figure><\/div>\n\n\n\n<p>A presen\u00e7a de tais minerais no diamante indica que a pedra se formou a uma profundidade enorme antes de voltar \u00e0 crosta. Na verdade, a \u00e1rea onde se formou \u00e9 conhecida como a <strong>descontinuidade de 660 km<\/strong> ou \u00e1rea de transi\u00e7\u00e3o: uma fronteira que divide o manto superior do manto inferior da crosta terrestre.<br>Al\u00e9m disso, algumas destas inclus\u00f5es tinham caracter\u00edsticas que sugeriam que era de natureza h\u00eddrica, ou seja, um mineral que se forma na presen\u00e7a de \u00e1gua. Por outro lado, outros minerais encontrados no diamante, como a brucita, tamb\u00e9m s\u00e3o h\u00eddricos. Estas indica\u00e7\u00f5es sugerem que o ambiente em que <a href=\"https:\/\/sputniknewsbrasil.com.br\/20220927\/vietna-evacua-quase-900-mil-pessoas-devido-a-chegada-do-supertufao-noru-25046301.html\" target=\"_blank\" rel=\"noreferrer noopener\">o diamante se formou era bastante \u00famido.<\/a><\/p>\n\n\n\n<div class=\"wp-block-image\"><figure class=\"aligncenter size-large is-resized\"><img loading=\"lazy\" decoding=\"async\" src=\"https:\/\/jornalfatosenoticias.com.br\/wp-content\/uploads\/2022\/07\/Logo-Grupo-SEI.jpg\" alt=\"\" class=\"wp-image-31973\" width=\"333\" height=\"174\"\/><\/figure><\/div>\n\n\n\n<figure class=\"wp-block-pullquote\"><blockquote><p><span class=\"has-inline-color has-luminous-vivid-orange-color\">O aparecimento de ringwoodite juntamente com as fases h\u00eddricas indica um ambiente \u00famido nesta fronteira&#8221;, escreveram Gu e seus colegas.<\/span><\/p><\/blockquote><\/figure>\n\n\n\n<div class=\"wp-block-image\"><figure class=\"aligncenter size-large is-resized\"><img loading=\"lazy\" decoding=\"async\" src=\"https:\/\/jornalfatosenoticias.com.br\/wp-content\/uploads\/2020\/02\/casa-do-torresmo_portal.jpg\" alt=\"\" class=\"wp-image-34472\" width=\"292\" height=\"292\" srcset=\"https:\/\/jornalfatosenoticias.com.br\/wp-content\/uploads\/2020\/02\/casa-do-torresmo_portal.jpg 300w, https:\/\/jornalfatosenoticias.com.br\/wp-content\/uploads\/2020\/02\/casa-do-torresmo_portal-150x150.jpg 150w\" sizes=\"auto, (max-width: 292px) 100vw, 292px\" \/><\/figure><\/div>\n\n\n\n<p>J\u00e1 foram encontrados ind\u00edcios da presen\u00e7a de \u00e1gua na <strong>zona de transi\u00e7\u00e3o,<\/strong> mas tal n\u00e3o foi suficiente para determinar a quantidade de \u00e1gua que existe. Teria sido uma inclus\u00e3o fortuita de uma pequena reserva de \u00e1gua localizada? Ou h\u00e1 muita \u00e1gua l\u00e1 em baixo? O trabalho de Gu e sua equipe apontou para a segunda vers\u00e3o.<\/p>\n\n\n\n<div class=\"wp-block-image\"><figure class=\"aligncenter size-large is-resized\"><img loading=\"lazy\" decoding=\"async\" src=\"https:\/\/jornalfatosenoticias.com.br\/wp-content\/uploads\/2022\/10\/Arte-jornal-Zucchi-600x600_Prancheta-1-1024x1024.jpg\" alt=\"\" class=\"wp-image-34782\" width=\"282\" height=\"282\" srcset=\"https:\/\/jornalfatosenoticias.com.br\/wp-content\/uploads\/2022\/10\/Arte-jornal-Zucchi-600x600_Prancheta-1-1024x1024.jpg 1024w, https:\/\/jornalfatosenoticias.com.br\/wp-content\/uploads\/2022\/10\/Arte-jornal-Zucchi-600x600_Prancheta-1-300x300.jpg 300w, https:\/\/jornalfatosenoticias.com.br\/wp-content\/uploads\/2022\/10\/Arte-jornal-Zucchi-600x600_Prancheta-1-150x150.jpg 150w, https:\/\/jornalfatosenoticias.com.br\/wp-content\/uploads\/2022\/10\/Arte-jornal-Zucchi-600x600_Prancheta-1-768x768.jpg 768w, https:\/\/jornalfatosenoticias.com.br\/wp-content\/uploads\/2022\/10\/Arte-jornal-Zucchi-600x600_Prancheta-1.jpg 1250w\" sizes=\"auto, (max-width: 282px) 100vw, 282px\" \/><\/figure><\/div>\n\n\n\n<figure class=\"wp-block-pullquote\"><blockquote><p><span class=\"has-inline-color has-luminous-vivid-orange-color\">Embora a forma\u00e7\u00e3o de diamantes no manto superior esteja frequentemente associada \u00e0 presen\u00e7a de fluidos, raramente <a href=\"https:\/\/sputniknewsbrasil.com.br\/20220927\/vazamento-de-gas-do-nord-stream-e-registrado-em-video-por-militares-dinamarqueses-no-mar-baltico-25041652.html\" target=\"_blank\" rel=\"noreferrer noopener\">foram encontrados diamantes superprofundos<\/a> com conjuntos minerais semelhantes, acompanhados de minerais h\u00eddricos&#8221;, escreveram no seu artigo.<\/span><\/p><\/blockquote><\/figure>\n\n\n\n<div class=\"wp-block-image\"><figure class=\"aligncenter size-large\"><img loading=\"lazy\" decoding=\"async\" width=\"1024\" height=\"111\" src=\"https:\/\/jornalfatosenoticias.com.br\/wp-content\/uploads\/2020\/02\/WhatsApp-Image-2022-09-23-at-12.09.18-1024x111.jpeg\" alt=\"\" class=\"wp-image-34527\" srcset=\"https:\/\/jornalfatosenoticias.com.br\/wp-content\/uploads\/2020\/02\/WhatsApp-Image-2022-09-23-at-12.09.18-1024x111.jpeg 1024w, https:\/\/jornalfatosenoticias.com.br\/wp-content\/uploads\/2020\/02\/WhatsApp-Image-2022-09-23-at-12.09.18-300x32.jpeg 300w, https:\/\/jornalfatosenoticias.com.br\/wp-content\/uploads\/2020\/02\/WhatsApp-Image-2022-09-23-at-12.09.18-768x83.jpeg 768w, https:\/\/jornalfatosenoticias.com.br\/wp-content\/uploads\/2020\/02\/WhatsApp-Image-2022-09-23-at-12.09.18.jpeg 1121w\" sizes=\"auto, (max-width: 1024px) 100vw, 1024px\" \/><\/figure><\/div>\n\n\n\n<p>Note-se que estudos anteriores apontavam para que a Terra aglutinasse mais \u00e1gua do que se pensava anteriormente, e este \u00faltimo estudo poderia dar uma resposta sobre o paradeiro de toda esta \u00e1gua. O estudo foi <a href=\"https:\/\/www.nature.com\/articles\/s41561-022-01024-y\" target=\"_blank\" rel=\"noreferrer noopener\">publicado<\/a> na Nature Geoscience.<\/p>\n\n\n\n<div class=\"wp-block-image\"><figure class=\"aligncenter size-large is-resized\"><img loading=\"lazy\" decoding=\"async\" src=\"https:\/\/jornalfatosenoticias.com.br\/wp-content\/uploads\/2022\/08\/logo-locau-veiculos-1024x573.png\" alt=\"\" class=\"wp-image-33078\" width=\"298\" height=\"166\"\/><\/figure><\/div>\n\n\n\n<p><strong><em>Fonte: <a href=\"https:\/\/sputniknewsbrasil.com.br\/20220928\/diamante-extraido-660-km-abaixo-da-superficie-da-terra-revela-um-ambiente-rico-em-agua-25061660.html\">Sputnik News Brasil<\/a><\/em><\/strong><\/p>\n","protected":false},"excerpt":{"rendered":"<p>Um diamante descoberto em uma mina de diamantes em Botsuana \u00e9 uma das pedras gra\u00e7as \u00e0s quais podemos obter informa\u00e7\u00f5es sobre o interior do nosso planeta. Tem vest\u00edgios de minerais que sugerem que o diamante se formou a 660 km abaixo da superf\u00edcie da Terra, e esse ambiente pode ser rico em \u00e1gua, indica um [&hellip;]<\/p>\n","protected":false},"author":2,"featured_media":34829,"comment_status":"open","ping_status":"open","sticky":false,"template":"","format":"standard","meta":{"footnotes":""},"categories":[2],"tags":[451,166,16274,12009,1666,12230,7298,94],"class_list":["post-34828","post","type-post","status-publish","format-standard","has-post-thumbnail","hentry","category-ciencia","tag-agua","tag-ciencia","tag-ciencia-e-sociedade","tag-ciencia-e-tecnologia","tag-descoberta","tag-diamante","tag-mineral","tag-terra"],"yoast_head":"<!-- This site is optimized with the Yoast SEO plugin v26.5 - https:\/\/yoast.com\/wordpress\/plugins\/seo\/ -->\n<title>Diamante extra\u00eddo 660 km abaixo da superf\u00edcie da Terra revela um ambiente rico em \u00e1gua - Jornal Fatos e Not\u00edcias<\/title>\n<meta name=\"robots\" content=\"index, follow, max-snippet:-1, max-image-preview:large, max-video-preview:-1\" \/>\n<link rel=\"canonical\" href=\"https:\/\/jornalfatosenoticias.com.br\/index.php\/2022\/10\/04\/diamante-extraido-660-km-abaixo-da-superficie-da-terra-revela-um-ambiente-rico-em-agua\/\" \/>\n<meta property=\"og:locale\" content=\"pt_BR\" \/>\n<meta property=\"og:type\" content=\"article\" \/>\n<meta property=\"og:title\" content=\"Diamante extra\u00eddo 660 km abaixo da superf\u00edcie da Terra revela um ambiente rico em \u00e1gua - Jornal Fatos e Not\u00edcias\" \/>\n<meta property=\"og:description\" content=\"Um diamante descoberto em uma mina de diamantes em Botsuana \u00e9 uma das pedras gra\u00e7as \u00e0s quais podemos obter informa\u00e7\u00f5es sobre o interior do nosso planeta. Tem vest\u00edgios de minerais que sugerem que o diamante se formou a 660 km abaixo da superf\u00edcie da Terra, e esse ambiente pode ser rico em \u00e1gua, indica um [&hellip;]\" \/>\n<meta property=\"og:url\" content=\"https:\/\/jornalfatosenoticias.com.br\/index.php\/2022\/10\/04\/diamante-extraido-660-km-abaixo-da-superficie-da-terra-revela-um-ambiente-rico-em-agua\/\" \/>\n<meta property=\"og:site_name\" content=\"Jornal Fatos e Not\u00edcias\" \/>\n<meta property=\"article:published_time\" content=\"2022-10-04T22:09:50+00:00\" \/>\n<meta property=\"article:modified_time\" content=\"2022-10-04T22:09:52+00:00\" \/>\n<meta property=\"og:image\" content=\"https:\/\/jornalfatosenoticias.com.br\/wp-content\/uploads\/2022\/10\/diamante_terra.jpg\" \/>\n\t<meta property=\"og:image:width\" content=\"1000\" \/>\n\t<meta property=\"og:image:height\" content=\"562\" \/>\n\t<meta property=\"og:image:type\" content=\"image\/jpeg\" \/>\n<meta name=\"author\" content=\"Luzimara Fernandes\" \/>\n<meta name=\"twitter:card\" content=\"summary_large_image\" \/>\n<meta name=\"twitter:label1\" content=\"Escrito por\" \/>\n\t<meta name=\"twitter:data1\" content=\"Luzimara Fernandes\" \/>\n\t<meta name=\"twitter:label2\" content=\"Est. tempo de leitura\" \/>\n\t<meta name=\"twitter:data2\" content=\"2 minutos\" \/>\n<script type=\"application\/ld+json\" class=\"yoast-schema-graph\">{\"@context\":\"https:\/\/schema.org\",\"@graph\":[{\"@type\":\"Article\",\"@id\":\"https:\/\/jornalfatosenoticias.com.br\/index.php\/2022\/10\/04\/diamante-extraido-660-km-abaixo-da-superficie-da-terra-revela-um-ambiente-rico-em-agua\/#article\",\"isPartOf\":{\"@id\":\"https:\/\/jornalfatosenoticias.com.br\/index.php\/2022\/10\/04\/diamante-extraido-660-km-abaixo-da-superficie-da-terra-revela-um-ambiente-rico-em-agua\/\"},\"author\":{\"name\":\"Luzimara Fernandes\",\"@id\":\"https:\/\/jornalfatosenoticias.com.br\/#\/schema\/person\/d63837fa13ac8666eb9e74e0985d6f81\"},\"headline\":\"Diamante extra\u00eddo 660 km abaixo da superf\u00edcie da Terra revela um ambiente rico em \u00e1gua\",\"datePublished\":\"2022-10-04T22:09:50+00:00\",\"dateModified\":\"2022-10-04T22:09:52+00:00\",\"mainEntityOfPage\":{\"@id\":\"https:\/\/jornalfatosenoticias.com.br\/index.php\/2022\/10\/04\/diamante-extraido-660-km-abaixo-da-superficie-da-terra-revela-um-ambiente-rico-em-agua\/\"},\"wordCount\":452,\"commentCount\":0,\"publisher\":{\"@id\":\"https:\/\/jornalfatosenoticias.com.br\/#organization\"},\"image\":{\"@id\":\"https:\/\/jornalfatosenoticias.com.br\/index.php\/2022\/10\/04\/diamante-extraido-660-km-abaixo-da-superficie-da-terra-revela-um-ambiente-rico-em-agua\/#primaryimage\"},\"thumbnailUrl\":\"https:\/\/jornalfatosenoticias.com.br\/wp-content\/uploads\/2022\/10\/diamante_terra.jpg\",\"keywords\":[\"\u00e1gua\",\"ci\u00eancia\",\"ci\u00eancia e sociedade\",\"Ci\u00eancia e tecnologia\",\"descoberta\",\"diamante\",\"mineral\",\"Terra\"],\"articleSection\":[\"Ci\u00eancia\"],\"inLanguage\":\"pt-BR\",\"potentialAction\":[{\"@type\":\"CommentAction\",\"name\":\"Comment\",\"target\":[\"https:\/\/jornalfatosenoticias.com.br\/index.php\/2022\/10\/04\/diamante-extraido-660-km-abaixo-da-superficie-da-terra-revela-um-ambiente-rico-em-agua\/#respond\"]}]},{\"@type\":\"WebPage\",\"@id\":\"https:\/\/jornalfatosenoticias.com.br\/index.php\/2022\/10\/04\/diamante-extraido-660-km-abaixo-da-superficie-da-terra-revela-um-ambiente-rico-em-agua\/\",\"url\":\"https:\/\/jornalfatosenoticias.com.br\/index.php\/2022\/10\/04\/diamante-extraido-660-km-abaixo-da-superficie-da-terra-revela-um-ambiente-rico-em-agua\/\",\"name\":\"Diamante extra\u00eddo 660 km abaixo da superf\u00edcie da Terra revela um ambiente rico em \u00e1gua - Jornal Fatos e Not\u00edcias\",\"isPartOf\":{\"@id\":\"https:\/\/jornalfatosenoticias.com.br\/#website\"},\"primaryImageOfPage\":{\"@id\":\"https:\/\/jornalfatosenoticias.com.br\/index.php\/2022\/10\/04\/diamante-extraido-660-km-abaixo-da-superficie-da-terra-revela-um-ambiente-rico-em-agua\/#primaryimage\"},\"image\":{\"@id\":\"https:\/\/jornalfatosenoticias.com.br\/index.php\/2022\/10\/04\/diamante-extraido-660-km-abaixo-da-superficie-da-terra-revela-um-ambiente-rico-em-agua\/#primaryimage\"},\"thumbnailUrl\":\"https:\/\/jornalfatosenoticias.com.br\/wp-content\/uploads\/2022\/10\/diamante_terra.jpg\",\"datePublished\":\"2022-10-04T22:09:50+00:00\",\"dateModified\":\"2022-10-04T22:09:52+00:00\",\"breadcrumb\":{\"@id\":\"https:\/\/jornalfatosenoticias.com.br\/index.php\/2022\/10\/04\/diamante-extraido-660-km-abaixo-da-superficie-da-terra-revela-um-ambiente-rico-em-agua\/#breadcrumb\"},\"inLanguage\":\"pt-BR\",\"potentialAction\":[{\"@type\":\"ReadAction\",\"target\":[\"https:\/\/jornalfatosenoticias.com.br\/index.php\/2022\/10\/04\/diamante-extraido-660-km-abaixo-da-superficie-da-terra-revela-um-ambiente-rico-em-agua\/\"]}]},{\"@type\":\"ImageObject\",\"inLanguage\":\"pt-BR\",\"@id\":\"https:\/\/jornalfatosenoticias.com.br\/index.php\/2022\/10\/04\/diamante-extraido-660-km-abaixo-da-superficie-da-terra-revela-um-ambiente-rico-em-agua\/#primaryimage\",\"url\":\"https:\/\/jornalfatosenoticias.com.br\/wp-content\/uploads\/2022\/10\/diamante_terra.jpg\",\"contentUrl\":\"https:\/\/jornalfatosenoticias.com.br\/wp-content\/uploads\/2022\/10\/diamante_terra.jpg\",\"width\":1000,\"height\":562},{\"@type\":\"BreadcrumbList\",\"@id\":\"https:\/\/jornalfatosenoticias.com.br\/index.php\/2022\/10\/04\/diamante-extraido-660-km-abaixo-da-superficie-da-terra-revela-um-ambiente-rico-em-agua\/#breadcrumb\",\"itemListElement\":[{\"@type\":\"ListItem\",\"position\":1,\"name\":\"In\u00edcio\",\"item\":\"https:\/\/jornalfatosenoticias.com.br\/\"},{\"@type\":\"ListItem\",\"position\":2,\"name\":\"Diamante extra\u00eddo 660 km abaixo da superf\u00edcie da Terra revela um ambiente rico em \u00e1gua\"}]},{\"@type\":\"WebSite\",\"@id\":\"https:\/\/jornalfatosenoticias.com.br\/#website\",\"url\":\"https:\/\/jornalfatosenoticias.com.br\/\",\"name\":\"Jornal Fatos e Not\u00edcias\",\"description\":\"Not\u00edcias em geral\",\"publisher\":{\"@id\":\"https:\/\/jornalfatosenoticias.com.br\/#organization\"},\"potentialAction\":[{\"@type\":\"SearchAction\",\"target\":{\"@type\":\"EntryPoint\",\"urlTemplate\":\"https:\/\/jornalfatosenoticias.com.br\/?s={search_term_string}\"},\"query-input\":{\"@type\":\"PropertyValueSpecification\",\"valueRequired\":true,\"valueName\":\"search_term_string\"}}],\"inLanguage\":\"pt-BR\"},{\"@type\":\"Organization\",\"@id\":\"https:\/\/jornalfatosenoticias.com.br\/#organization\",\"name\":\"Jornal Fatos e Not\u00edcias\",\"url\":\"https:\/\/jornalfatosenoticias.com.br\/\",\"logo\":{\"@type\":\"ImageObject\",\"inLanguage\":\"pt-BR\",\"@id\":\"https:\/\/jornalfatosenoticias.com.br\/#\/schema\/logo\/image\/\",\"url\":\"https:\/\/jornalfatosenoticias.com.br\/wp-content\/uploads\/2020\/02\/logo120.png\",\"contentUrl\":\"https:\/\/jornalfatosenoticias.com.br\/wp-content\/uploads\/2020\/02\/logo120.png\",\"width\":1227,\"height\":120,\"caption\":\"Jornal Fatos e Not\u00edcias\"},\"image\":{\"@id\":\"https:\/\/jornalfatosenoticias.com.br\/#\/schema\/logo\/image\/\"}},{\"@type\":\"Person\",\"@id\":\"https:\/\/jornalfatosenoticias.com.br\/#\/schema\/person\/d63837fa13ac8666eb9e74e0985d6f81\",\"name\":\"Luzimara Fernandes\",\"image\":{\"@type\":\"ImageObject\",\"inLanguage\":\"pt-BR\",\"@id\":\"https:\/\/jornalfatosenoticias.com.br\/#\/schema\/person\/image\/\",\"url\":\"https:\/\/jornalfatosenoticias.com.br\/wp-content\/uploads\/2025\/05\/EU_portal.jpg\",\"contentUrl\":\"https:\/\/jornalfatosenoticias.com.br\/wp-content\/uploads\/2025\/05\/EU_portal.jpg\",\"caption\":\"Luzimara Fernandes\"},\"description\":\"Jornalista MTB 2358-ES\",\"sameAs\":[\"https:\/\/jornalfatosenoticias.com.br\"],\"url\":\"https:\/\/jornalfatosenoticias.com.br\/index.php\/author\/luzimara\/\"}]}<\/script>\n<!-- \/ Yoast SEO plugin. -->","yoast_head_json":{"title":"Diamante extra\u00eddo 660 km abaixo da superf\u00edcie da Terra revela um ambiente rico em \u00e1gua - Jornal Fatos e Not\u00edcias","robots":{"index":"index","follow":"follow","max-snippet":"max-snippet:-1","max-image-preview":"max-image-preview:large","max-video-preview":"max-video-preview:-1"},"canonical":"https:\/\/jornalfatosenoticias.com.br\/index.php\/2022\/10\/04\/diamante-extraido-660-km-abaixo-da-superficie-da-terra-revela-um-ambiente-rico-em-agua\/","og_locale":"pt_BR","og_type":"article","og_title":"Diamante extra\u00eddo 660 km abaixo da superf\u00edcie da Terra revela um ambiente rico em \u00e1gua - Jornal Fatos e Not\u00edcias","og_description":"Um diamante descoberto em uma mina de diamantes em Botsuana \u00e9 uma das pedras gra\u00e7as \u00e0s quais podemos obter informa\u00e7\u00f5es sobre o interior do nosso planeta. Tem vest\u00edgios de minerais que sugerem que o diamante se formou a 660 km abaixo da superf\u00edcie da Terra, e esse ambiente pode ser rico em \u00e1gua, indica um [&hellip;]","og_url":"https:\/\/jornalfatosenoticias.com.br\/index.php\/2022\/10\/04\/diamante-extraido-660-km-abaixo-da-superficie-da-terra-revela-um-ambiente-rico-em-agua\/","og_site_name":"Jornal Fatos e Not\u00edcias","article_published_time":"2022-10-04T22:09:50+00:00","article_modified_time":"2022-10-04T22:09:52+00:00","og_image":[{"width":1000,"height":562,"url":"https:\/\/jornalfatosenoticias.com.br\/wp-content\/uploads\/2022\/10\/diamante_terra.jpg","type":"image\/jpeg"}],"author":"Luzimara Fernandes","twitter_card":"summary_large_image","twitter_misc":{"Escrito por":"Luzimara Fernandes","Est. tempo de leitura":"2 minutos"},"schema":{"@context":"https:\/\/schema.org","@graph":[{"@type":"Article","@id":"https:\/\/jornalfatosenoticias.com.br\/index.php\/2022\/10\/04\/diamante-extraido-660-km-abaixo-da-superficie-da-terra-revela-um-ambiente-rico-em-agua\/#article","isPartOf":{"@id":"https:\/\/jornalfatosenoticias.com.br\/index.php\/2022\/10\/04\/diamante-extraido-660-km-abaixo-da-superficie-da-terra-revela-um-ambiente-rico-em-agua\/"},"author":{"name":"Luzimara Fernandes","@id":"https:\/\/jornalfatosenoticias.com.br\/#\/schema\/person\/d63837fa13ac8666eb9e74e0985d6f81"},"headline":"Diamante extra\u00eddo 660 km abaixo da superf\u00edcie da Terra revela um ambiente rico em \u00e1gua","datePublished":"2022-10-04T22:09:50+00:00","dateModified":"2022-10-04T22:09:52+00:00","mainEntityOfPage":{"@id":"https:\/\/jornalfatosenoticias.com.br\/index.php\/2022\/10\/04\/diamante-extraido-660-km-abaixo-da-superficie-da-terra-revela-um-ambiente-rico-em-agua\/"},"wordCount":452,"commentCount":0,"publisher":{"@id":"https:\/\/jornalfatosenoticias.com.br\/#organization"},"image":{"@id":"https:\/\/jornalfatosenoticias.com.br\/index.php\/2022\/10\/04\/diamante-extraido-660-km-abaixo-da-superficie-da-terra-revela-um-ambiente-rico-em-agua\/#primaryimage"},"thumbnailUrl":"https:\/\/jornalfatosenoticias.com.br\/wp-content\/uploads\/2022\/10\/diamante_terra.jpg","keywords":["\u00e1gua","ci\u00eancia","ci\u00eancia e sociedade","Ci\u00eancia e tecnologia","descoberta","diamante","mineral","Terra"],"articleSection":["Ci\u00eancia"],"inLanguage":"pt-BR","potentialAction":[{"@type":"CommentAction","name":"Comment","target":["https:\/\/jornalfatosenoticias.com.br\/index.php\/2022\/10\/04\/diamante-extraido-660-km-abaixo-da-superficie-da-terra-revela-um-ambiente-rico-em-agua\/#respond"]}]},{"@type":"WebPage","@id":"https:\/\/jornalfatosenoticias.com.br\/index.php\/2022\/10\/04\/diamante-extraido-660-km-abaixo-da-superficie-da-terra-revela-um-ambiente-rico-em-agua\/","url":"https:\/\/jornalfatosenoticias.com.br\/index.php\/2022\/10\/04\/diamante-extraido-660-km-abaixo-da-superficie-da-terra-revela-um-ambiente-rico-em-agua\/","name":"Diamante extra\u00eddo 660 km abaixo da superf\u00edcie da Terra revela um ambiente rico em \u00e1gua - Jornal Fatos e Not\u00edcias","isPartOf":{"@id":"https:\/\/jornalfatosenoticias.com.br\/#website"},"primaryImageOfPage":{"@id":"https:\/\/jornalfatosenoticias.com.br\/index.php\/2022\/10\/04\/diamante-extraido-660-km-abaixo-da-superficie-da-terra-revela-um-ambiente-rico-em-agua\/#primaryimage"},"image":{"@id":"https:\/\/jornalfatosenoticias.com.br\/index.php\/2022\/10\/04\/diamante-extraido-660-km-abaixo-da-superficie-da-terra-revela-um-ambiente-rico-em-agua\/#primaryimage"},"thumbnailUrl":"https:\/\/jornalfatosenoticias.com.br\/wp-content\/uploads\/2022\/10\/diamante_terra.jpg","datePublished":"2022-10-04T22:09:50+00:00","dateModified":"2022-10-04T22:09:52+00:00","breadcrumb":{"@id":"https:\/\/jornalfatosenoticias.com.br\/index.php\/2022\/10\/04\/diamante-extraido-660-km-abaixo-da-superficie-da-terra-revela-um-ambiente-rico-em-agua\/#breadcrumb"},"inLanguage":"pt-BR","potentialAction":[{"@type":"ReadAction","target":["https:\/\/jornalfatosenoticias.com.br\/index.php\/2022\/10\/04\/diamante-extraido-660-km-abaixo-da-superficie-da-terra-revela-um-ambiente-rico-em-agua\/"]}]},{"@type":"ImageObject","inLanguage":"pt-BR","@id":"https:\/\/jornalfatosenoticias.com.br\/index.php\/2022\/10\/04\/diamante-extraido-660-km-abaixo-da-superficie-da-terra-revela-um-ambiente-rico-em-agua\/#primaryimage","url":"https:\/\/jornalfatosenoticias.com.br\/wp-content\/uploads\/2022\/10\/diamante_terra.jpg","contentUrl":"https:\/\/jornalfatosenoticias.com.br\/wp-content\/uploads\/2022\/10\/diamante_terra.jpg","width":1000,"height":562},{"@type":"BreadcrumbList","@id":"https:\/\/jornalfatosenoticias.com.br\/index.php\/2022\/10\/04\/diamante-extraido-660-km-abaixo-da-superficie-da-terra-revela-um-ambiente-rico-em-agua\/#breadcrumb","itemListElement":[{"@type":"ListItem","position":1,"name":"In\u00edcio","item":"https:\/\/jornalfatosenoticias.com.br\/"},{"@type":"ListItem","position":2,"name":"Diamante extra\u00eddo 660 km abaixo da superf\u00edcie da Terra revela um ambiente rico em \u00e1gua"}]},{"@type":"WebSite","@id":"https:\/\/jornalfatosenoticias.com.br\/#website","url":"https:\/\/jornalfatosenoticias.com.br\/","name":"Jornal Fatos e Not\u00edcias","description":"Not\u00edcias em geral","publisher":{"@id":"https:\/\/jornalfatosenoticias.com.br\/#organization"},"potentialAction":[{"@type":"SearchAction","target":{"@type":"EntryPoint","urlTemplate":"https:\/\/jornalfatosenoticias.com.br\/?s={search_term_string}"},"query-input":{"@type":"PropertyValueSpecification","valueRequired":true,"valueName":"search_term_string"}}],"inLanguage":"pt-BR"},{"@type":"Organization","@id":"https:\/\/jornalfatosenoticias.com.br\/#organization","name":"Jornal Fatos e Not\u00edcias","url":"https:\/\/jornalfatosenoticias.com.br\/","logo":{"@type":"ImageObject","inLanguage":"pt-BR","@id":"https:\/\/jornalfatosenoticias.com.br\/#\/schema\/logo\/image\/","url":"https:\/\/jornalfatosenoticias.com.br\/wp-content\/uploads\/2020\/02\/logo120.png","contentUrl":"https:\/\/jornalfatosenoticias.com.br\/wp-content\/uploads\/2020\/02\/logo120.png","width":1227,"height":120,"caption":"Jornal Fatos e Not\u00edcias"},"image":{"@id":"https:\/\/jornalfatosenoticias.com.br\/#\/schema\/logo\/image\/"}},{"@type":"Person","@id":"https:\/\/jornalfatosenoticias.com.br\/#\/schema\/person\/d63837fa13ac8666eb9e74e0985d6f81","name":"Luzimara Fernandes","image":{"@type":"ImageObject","inLanguage":"pt-BR","@id":"https:\/\/jornalfatosenoticias.com.br\/#\/schema\/person\/image\/","url":"https:\/\/jornalfatosenoticias.com.br\/wp-content\/uploads\/2025\/05\/EU_portal.jpg","contentUrl":"https:\/\/jornalfatosenoticias.com.br\/wp-content\/uploads\/2025\/05\/EU_portal.jpg","caption":"Luzimara Fernandes"},"description":"Jornalista MTB 2358-ES","sameAs":["https:\/\/jornalfatosenoticias.com.br"],"url":"https:\/\/jornalfatosenoticias.com.br\/index.php\/author\/luzimara\/"}]}},"cc_featured_image_caption":{"caption_text":"(Foto: Cortesia Rio Tinto) ","source_text":"","source_url":""},"jetpack_featured_media_url":"https:\/\/jornalfatosenoticias.com.br\/wp-content\/uploads\/2022\/10\/diamante_terra.jpg","_links":{"self":[{"href":"https:\/\/jornalfatosenoticias.com.br\/index.php\/wp-json\/wp\/v2\/posts\/34828","targetHints":{"allow":["GET"]}}],"collection":[{"href":"https:\/\/jornalfatosenoticias.com.br\/index.php\/wp-json\/wp\/v2\/posts"}],"about":[{"href":"https:\/\/jornalfatosenoticias.com.br\/index.php\/wp-json\/wp\/v2\/types\/post"}],"author":[{"embeddable":true,"href":"https:\/\/jornalfatosenoticias.com.br\/index.php\/wp-json\/wp\/v2\/users\/2"}],"replies":[{"embeddable":true,"href":"https:\/\/jornalfatosenoticias.com.br\/index.php\/wp-json\/wp\/v2\/comments?post=34828"}],"version-history":[{"count":0,"href":"https:\/\/jornalfatosenoticias.com.br\/index.php\/wp-json\/wp\/v2\/posts\/34828\/revisions"}],"wp:featuredmedia":[{"embeddable":true,"href":"https:\/\/jornalfatosenoticias.com.br\/index.php\/wp-json\/wp\/v2\/media\/34829"}],"wp:attachment":[{"href":"https:\/\/jornalfatosenoticias.com.br\/index.php\/wp-json\/wp\/v2\/media?parent=34828"}],"wp:term":[{"taxonomy":"category","embeddable":true,"href":"https:\/\/jornalfatosenoticias.com.br\/index.php\/wp-json\/wp\/v2\/categories?post=34828"},{"taxonomy":"post_tag","embeddable":true,"href":"https:\/\/jornalfatosenoticias.com.br\/index.php\/wp-json\/wp\/v2\/tags?post=34828"}],"curies":[{"name":"wp","href":"https:\/\/api.w.org\/{rel}","templated":true}]}}