{"id":34831,"date":"2022-10-04T19:24:48","date_gmt":"2022-10-04T22:24:48","guid":{"rendered":"https:\/\/jornalfatosenoticias.com.br\/?p=34831"},"modified":"2022-10-04T19:24:49","modified_gmt":"2022-10-04T22:24:49","slug":"arqueologos-encontram-geladeira-pre-historica-na-bulgaria","status":"publish","type":"post","link":"https:\/\/jornalfatosenoticias.com.br\/index.php\/2022\/10\/04\/arqueologos-encontram-geladeira-pre-historica-na-bulgaria\/","title":{"rendered":"Arque\u00f3logos encontram \u201cgeladeira pr\u00e9-hist\u00f3rica\u201d na Bulg\u00e1ria"},"content":{"rendered":"\n<p><em><span class=\"has-inline-color has-black-color\">\u201cGeladeira\u201d \u00e9 datada do s\u00e9culo V<\/span><\/em><\/p>\n\n\n\n<div class=\"wp-block-image\"><figure class=\"aligncenter size-large\"><img loading=\"lazy\" decoding=\"async\" width=\"729\" height=\"90\" src=\"https:\/\/jornalfatosenoticias.com.br\/wp-content\/uploads\/2020\/02\/Logo_Mizu.png\" alt=\"\" class=\"wp-image-1441\" srcset=\"https:\/\/jornalfatosenoticias.com.br\/wp-content\/uploads\/2020\/02\/Logo_Mizu.png 729w, https:\/\/jornalfatosenoticias.com.br\/wp-content\/uploads\/2020\/02\/Logo_Mizu-300x37.png 300w\" sizes=\"auto, (max-width: 729px) 100vw, 729px\" \/><\/figure><\/div>\n\n\n\n<p>Um recipiente feito de placas de cer\u00e2mica para armazenar <a href=\"https:\/\/olhardigital.com.br\/2022\/09\/22\/medicina-e-saude\/anvisa-determina-recolhimento-de-massas-ligadas-a-substancia-contaminada\/\" target=\"_blank\" rel=\"noreferrer noopener\">alimentos<\/a>, que pode ser descrito como uma antiga \u201c<a href=\"https:\/\/olhardigital.com.br\/2022\/09\/01\/reviews\/geladeira-da-lg-usa-leds-para-mudar-a-cor-das-portas-tem-alto-falante-bluetooth-e-mais\/\" target=\"_blank\" rel=\"noreferrer noopener\">geladeira<\/a>\u201d, al\u00e9m de v\u00e1rias moedas \u00fanicas, foram descobertas por arque\u00f3logos poloneses durante as escava\u00e7\u00f5es no campo legion\u00e1rio romano em Novae (Bulg\u00e1ria).<\/p>\n\n\n\n<div class=\"wp-block-image\"><figure class=\"aligncenter size-large is-resized\"><img loading=\"lazy\" decoding=\"async\" src=\"https:\/\/jornalfatosenoticias.com.br\/wp-content\/uploads\/2020\/02\/logo-embacia.jpg\" alt=\"\" class=\"wp-image-33905\" width=\"274\" height=\"274\"\/><\/figure><\/div>\n\n\n\n<p>Novae era um acampamento legion\u00e1rio constru\u00eddo no s\u00e9culo I d.C. pela legi\u00e3o romana, como <a href=\"https:\/\/olhardigital.com.br\/2021\/07\/13\/videos\/russia-quer-instalar-usina-nuclear-no-planeta-marte\/\" target=\"_blank\" rel=\"noreferrer noopener\">base<\/a> permanente da 1\u00aa Legi\u00e3o It\u00e1lica no Baixo Dan\u00fabio Lima (imp\u00e9rio) na prov\u00edncia de Mesia Inferior. Em 69 d.C., decidiu-se fortalecer a fronteira do imp\u00e9rio por medo da vizinha D\u00e1cia. Por isso, a rec\u00e9m-formada legi\u00e3o, constitu\u00edda apenas pelos habitantes da It\u00e1lia, foi transferida para o Dan\u00fabio \u2014 a 1\u00aa Legi\u00e3o Italiana ficou estacionada em Novae at\u00e9 meados do s\u00e9culo V.<\/p>\n\n\n\n<div class=\"wp-block-image\"><figure class=\"aligncenter size-large\"><img loading=\"lazy\" decoding=\"async\" width=\"1024\" height=\"100\" src=\"https:\/\/jornalfatosenoticias.com.br\/wp-content\/uploads\/2020\/02\/banner_ferramentas-1024x100.jpg\" alt=\"\" class=\"wp-image-1258\" srcset=\"https:\/\/jornalfatosenoticias.com.br\/wp-content\/uploads\/2020\/02\/banner_ferramentas-1024x100.jpg 1024w, https:\/\/jornalfatosenoticias.com.br\/wp-content\/uploads\/2020\/02\/banner_ferramentas-300x29.jpg 300w, https:\/\/jornalfatosenoticias.com.br\/wp-content\/uploads\/2020\/02\/banner_ferramentas-768x75.jpg 768w, https:\/\/jornalfatosenoticias.com.br\/wp-content\/uploads\/2020\/02\/banner_ferramentas.jpg 1227w\" sizes=\"auto, (max-width: 1024px) 100vw, 1024px\" \/><\/figure><\/div>\n\n\n\n<p>Por v\u00e1rias d\u00e9cadas, a \u00e1rea do campo foi explorada pelos poloneses juntamente com parceiros b\u00falgaros. A equipe liderada pelo professor Piotr Dyczek, do Centro de Pesquisa da Antiguidade do Sudeste da Europa, da Universidade de Vars\u00f3via, na Pol\u00f4nia, fez v\u00e1rias descobertas tamb\u00e9m em agosto deste ano.<\/p>\n\n\n\n<div class=\"wp-block-image\"><figure class=\"aligncenter size-large\"><img loading=\"lazy\" decoding=\"async\" width=\"1024\" height=\"103\" src=\"https:\/\/jornalfatosenoticias.com.br\/wp-content\/uploads\/2022\/02\/Arte-Autoescola-Galatas_endereco_portal-1024x103.png\" alt=\"\" class=\"wp-image-27869\" srcset=\"https:\/\/jornalfatosenoticias.com.br\/wp-content\/uploads\/2022\/02\/Arte-Autoescola-Galatas_endereco_portal-1024x103.png 1024w, https:\/\/jornalfatosenoticias.com.br\/wp-content\/uploads\/2022\/02\/Arte-Autoescola-Galatas_endereco_portal-300x30.png 300w, https:\/\/jornalfatosenoticias.com.br\/wp-content\/uploads\/2022\/02\/Arte-Autoescola-Galatas_endereco_portal-768x77.png 768w, https:\/\/jornalfatosenoticias.com.br\/wp-content\/uploads\/2022\/02\/Arte-Autoescola-Galatas_endereco_portal.png 1223w\" sizes=\"auto, (max-width: 1024px) 100vw, 1024px\" \/><\/figure><\/div>\n\n\n\n<p>Entre eles, conforme citado anteriormente, est\u00e1 um elemento embutido, que o cientista chamou de \u201cgeladeira\u201d. Ele estava localizado em uma sala de quartel militar.<\/p>\n\n\n\n<div class=\"wp-block-image\"><figure class=\"aligncenter size-large is-resized\"><img loading=\"lazy\" decoding=\"async\" src=\"https:\/\/jornalfatosenoticias.com.br\/wp-content\/uploads\/2020\/02\/logo-clinica-limoeiro.jpg\" alt=\"\" class=\"wp-image-34610\" width=\"298\" height=\"212\"\/><\/figure><\/div>\n\n\n\n<figure class=\"wp-block-pullquote\"><blockquote><p><span class=\"has-inline-color has-luminous-vivid-orange-color\">A \u2018geladeira\u2019 \u00e9 um recipiente feito de placas de cer\u00e2mica embutidas sob o piso, que era usado pelos legion\u00e1rios para armazenar alimentos. Seu conte\u00fado eram peda\u00e7os de vasos e ossos de animais\u201d, contou Dyczek \u00e0 Ag\u00eancia de Imprensa Polonesa (PAP).<\/span><\/p><\/blockquote><\/figure>\n\n\n\n<div class=\"wp-block-image\"><figure class=\"alignright size-large\"><img decoding=\"async\" src=\"https:\/\/jornalfatosenoticias.com.br\/wp-content\/uploads\/2020\/02\/barao-das-carnes-300x164-1.jpg\" alt=\"\" class=\"wp-image-34339\"\/><\/figure><\/div>\n\n\n\n<p>Os pequenos fragmentos \u00f3sseos preservados apresentam sinais de tratamento t\u00e9rmico, o que significa que a carne armazenada no recipiente foi assada. Havia tamb\u00e9m peda\u00e7os de carv\u00e3o e fragmento de pequena tigela. De acordo com Dyczek, n\u00e3o se pode descartar que sejam os restos do incens\u00e1rio que foi usado para afastar os insetos dos alimentos ali armazenados. O cientista observou que as descobertas de tais \u201crefrigeradores\u201d s\u00e3o raras, pois muitas vezes n\u00e3o se mant\u00e9m preservados ap\u00f3s a reconstru\u00e7\u00e3o dos edif\u00edcios.<\/p>\n\n\n\n<div class=\"wp-block-image\"><figure class=\"aligncenter size-large\"><img loading=\"lazy\" decoding=\"async\" width=\"1024\" height=\"100\" src=\"https:\/\/jornalfatosenoticias.com.br\/wp-content\/uploads\/2022\/05\/NOVA-LOGO-CESCONETTO-1024x100.jpg\" alt=\"\" class=\"wp-image-30792\" srcset=\"https:\/\/jornalfatosenoticias.com.br\/wp-content\/uploads\/2022\/05\/NOVA-LOGO-CESCONETTO-1024x100.jpg 1024w, https:\/\/jornalfatosenoticias.com.br\/wp-content\/uploads\/2022\/05\/NOVA-LOGO-CESCONETTO-300x29.jpg 300w, https:\/\/jornalfatosenoticias.com.br\/wp-content\/uploads\/2022\/05\/NOVA-LOGO-CESCONETTO-768x75.jpg 768w, https:\/\/jornalfatosenoticias.com.br\/wp-content\/uploads\/2022\/05\/NOVA-LOGO-CESCONETTO.jpg 1280w\" sizes=\"auto, (max-width: 1024px) 100vw, 1024px\" \/><\/figure><\/div>\n\n\n\n<figure class=\"wp-block-image size-large\"><img loading=\"lazy\" decoding=\"async\" width=\"1000\" height=\"667\" src=\"https:\/\/jornalfatosenoticias.com.br\/wp-content\/uploads\/2022\/10\/geladeira-romana-II.jpg\" alt=\"\" class=\"wp-image-34832\" srcset=\"https:\/\/jornalfatosenoticias.com.br\/wp-content\/uploads\/2022\/10\/geladeira-romana-II.jpg 1000w, https:\/\/jornalfatosenoticias.com.br\/wp-content\/uploads\/2022\/10\/geladeira-romana-II-300x200.jpg 300w, https:\/\/jornalfatosenoticias.com.br\/wp-content\/uploads\/2022\/10\/geladeira-romana-II-768x512.jpg 768w\" sizes=\"auto, (max-width: 1000px) 100vw, 1000px\" \/><figcaption><em><span class=\"has-inline-color has-black-color\">\u201cGeladeira\u201d \u00e9 datada do s\u00e9culo V (Imagem: Piotr Dyczek)<\/span><\/em><\/figcaption><\/figure>\n\n\n\n<div class=\"wp-block-image\"><figure class=\"alignleft size-large\"><img loading=\"lazy\" decoding=\"async\" width=\"300\" height=\"250\" src=\"https:\/\/jornalfatosenoticias.com.br\/wp-content\/uploads\/2022\/08\/arte-Casarao.jpg\" alt=\"\" class=\"wp-image-33178\"\/><\/figure><\/div>\n\n\n\n<p><strong><span class=\"has-inline-color has-black-color\">Moedas tamb\u00e9m foram achadas<br><\/span><\/strong>Outra descoberta deste ano \u00e9 uma cole\u00e7\u00e3o de v\u00e1rias dezenas de moedas. Muito disso vem dos estratos que cobrem o per\u00edodo do ataque dos godos no meio do s\u00e9culo III at\u00e9 o in\u00edcio do reinado de Constantino, o Grande (in\u00edcio do s\u00e9culo IV).<br>Os arque\u00f3logos tamb\u00e9m descobriram fileiras inteiras de paredes daquele per\u00edodo e os restos de toda a casa. L\u00e1, foram descobertos Querns (moedor manual de gr\u00e3os), pesos de tecelagem e pesca, carret\u00e9is, cavidades com ossos e fragmentos de embarca\u00e7\u00f5es.<\/p>\n\n\n\n<div class=\"wp-block-image\"><figure class=\"aligncenter size-large is-resized\"><img loading=\"lazy\" decoding=\"async\" src=\"https:\/\/jornalfatosenoticias.com.br\/wp-content\/uploads\/2020\/02\/nova-logo-Marquetti.jpg\" alt=\"\" class=\"wp-image-22331\" width=\"284\" height=\"191\" srcset=\"https:\/\/jornalfatosenoticias.com.br\/wp-content\/uploads\/2020\/02\/nova-logo-Marquetti.jpg 643w, https:\/\/jornalfatosenoticias.com.br\/wp-content\/uploads\/2020\/02\/nova-logo-Marquetti-300x202.jpg 300w\" sizes=\"auto, (max-width: 284px) 100vw, 284px\" \/><\/figure><\/div>\n\n\n\n<figure class=\"wp-block-pullquote\"><blockquote><p><span class=\"has-inline-color has-luminous-vivid-orange-color\">Durante esse tempo, Novae se desenvolveu lentamente em uma cidade civil. Tamb\u00e9m gra\u00e7as \u00e0s \u00faltimas descobertas, obtivemos dados suficientes para poder recriar este fragmento da hist\u00f3ria deste antigo assentamento, que at\u00e9 agora estava envolto em mist\u00e9rio para n\u00f3s\u201d, acrescentou o cientista.<\/span><\/p><\/blockquote><\/figure>\n\n\n\n<div class=\"wp-block-image\"><figure class=\"aligncenter size-large\"><img decoding=\"async\" src=\"https:\/\/jornalfatosenoticias.com.br\/wp-content\/uploads\/2020\/02\/Serra-Grande-1024x160.png\" alt=\"\" class=\"wp-image-7836\"\/><\/figure><\/div>\n\n\n\n<p>Dyczek tamb\u00e9m chamou a aten\u00e7\u00e3o para a descoberta na forma de fragmentos de sistemas inteiros de abastecimento de \u00e1gua feitos de tubos de cer\u00e2mica e chumbo. O pesquisador enfatizou que os tubos de chumbo raramente s\u00e3o preservados at\u00e9 nossos dias, porque a mat\u00e9ria-prima da qual foram feitos era valiosa e, portanto, reutilizada.<\/p>\n\n\n\n<div class=\"wp-block-image\"><figure class=\"aligncenter size-large\"><img decoding=\"async\" src=\"https:\/\/jornalfatosenoticias.com.br\/wp-content\/uploads\/2020\/02\/logo_esteio.jpg\" alt=\"\" class=\"wp-image-1214\"\/><\/figure><\/div>\n\n\n\n<p><em><strong>Fonte: <a href=\"https:\/\/olhardigital.com.br\/2022\/10\/04\/ciencia-e-espaco\/arqueologos-encontram-geladeira-em-fortaleza-romana-na-bulgaria\/\">Olhar Digital<\/a><\/strong><\/em><\/p>\n","protected":false},"excerpt":{"rendered":"<p>\u201cGeladeira\u201d \u00e9 datada do s\u00e9culo V Um recipiente feito de placas de cer\u00e2mica para armazenar alimentos, que pode ser descrito como uma antiga \u201cgeladeira\u201d, al\u00e9m de v\u00e1rias moedas \u00fanicas, foram descobertas por arque\u00f3logos poloneses durante as escava\u00e7\u00f5es no campo legion\u00e1rio romano em Novae (Bulg\u00e1ria). Novae era um acampamento legion\u00e1rio constru\u00eddo no s\u00e9culo I d.C. pela [&hellip;]<\/p>\n","protected":false},"author":2,"featured_media":34833,"comment_status":"open","ping_status":"open","sticky":false,"template":"","format":"standard","meta":{"footnotes":""},"categories":[9808],"tags":[761,16355,2854,1841,16356],"class_list":["post-34831","post","type-post","status-publish","format-standard","has-post-thumbnail","hentry","category-paleo-arqueologia","tag-arqueologos","tag-bulgaria","tag-ceramica","tag-escavacoes","tag-geladeira-pre-historica"],"yoast_head":"<!-- This site is optimized with the Yoast SEO plugin v26.5 - https:\/\/yoast.com\/wordpress\/plugins\/seo\/ -->\n<title>Arque\u00f3logos encontram \u201cgeladeira pr\u00e9-hist\u00f3rica\u201d na Bulg\u00e1ria - Jornal Fatos e Not\u00edcias<\/title>\n<meta name=\"robots\" content=\"index, follow, max-snippet:-1, max-image-preview:large, max-video-preview:-1\" \/>\n<link rel=\"canonical\" href=\"https:\/\/jornalfatosenoticias.com.br\/index.php\/2022\/10\/04\/arqueologos-encontram-geladeira-pre-historica-na-bulgaria\/\" \/>\n<meta property=\"og:locale\" content=\"pt_BR\" \/>\n<meta property=\"og:type\" content=\"article\" \/>\n<meta property=\"og:title\" content=\"Arque\u00f3logos encontram \u201cgeladeira pr\u00e9-hist\u00f3rica\u201d na Bulg\u00e1ria - Jornal Fatos e Not\u00edcias\" \/>\n<meta property=\"og:description\" content=\"\u201cGeladeira\u201d \u00e9 datada do s\u00e9culo V Um recipiente feito de placas de cer\u00e2mica para armazenar alimentos, que pode ser descrito como uma antiga \u201cgeladeira\u201d, al\u00e9m de v\u00e1rias moedas \u00fanicas, foram descobertas por arque\u00f3logos poloneses durante as escava\u00e7\u00f5es no campo legion\u00e1rio romano em Novae (Bulg\u00e1ria). Novae era um acampamento legion\u00e1rio constru\u00eddo no s\u00e9culo I d.C. pela [&hellip;]\" \/>\n<meta property=\"og:url\" content=\"https:\/\/jornalfatosenoticias.com.br\/index.php\/2022\/10\/04\/arqueologos-encontram-geladeira-pre-historica-na-bulgaria\/\" \/>\n<meta property=\"og:site_name\" content=\"Jornal Fatos e Not\u00edcias\" \/>\n<meta property=\"article:published_time\" content=\"2022-10-04T22:24:48+00:00\" \/>\n<meta property=\"article:modified_time\" content=\"2022-10-04T22:24:49+00:00\" \/>\n<meta property=\"og:image\" content=\"https:\/\/jornalfatosenoticias.com.br\/wp-content\/uploads\/2022\/10\/geladeira-pre-historica-romana.jpg\" \/>\n\t<meta property=\"og:image:width\" content=\"1000\" \/>\n\t<meta property=\"og:image:height\" content=\"450\" \/>\n\t<meta property=\"og:image:type\" content=\"image\/jpeg\" \/>\n<meta name=\"author\" content=\"Luzimara Fernandes\" \/>\n<meta name=\"twitter:card\" content=\"summary_large_image\" \/>\n<meta name=\"twitter:label1\" content=\"Escrito por\" \/>\n\t<meta name=\"twitter:data1\" content=\"Luzimara Fernandes\" \/>\n\t<meta name=\"twitter:label2\" content=\"Est. tempo de leitura\" \/>\n\t<meta name=\"twitter:data2\" content=\"3 minutos\" \/>\n<script type=\"application\/ld+json\" class=\"yoast-schema-graph\">{\"@context\":\"https:\/\/schema.org\",\"@graph\":[{\"@type\":\"Article\",\"@id\":\"https:\/\/jornalfatosenoticias.com.br\/index.php\/2022\/10\/04\/arqueologos-encontram-geladeira-pre-historica-na-bulgaria\/#article\",\"isPartOf\":{\"@id\":\"https:\/\/jornalfatosenoticias.com.br\/index.php\/2022\/10\/04\/arqueologos-encontram-geladeira-pre-historica-na-bulgaria\/\"},\"author\":{\"name\":\"Luzimara Fernandes\",\"@id\":\"https:\/\/jornalfatosenoticias.com.br\/#\/schema\/person\/d63837fa13ac8666eb9e74e0985d6f81\"},\"headline\":\"Arque\u00f3logos encontram \u201cgeladeira pr\u00e9-hist\u00f3rica\u201d na Bulg\u00e1ria\",\"datePublished\":\"2022-10-04T22:24:48+00:00\",\"dateModified\":\"2022-10-04T22:24:49+00:00\",\"mainEntityOfPage\":{\"@id\":\"https:\/\/jornalfatosenoticias.com.br\/index.php\/2022\/10\/04\/arqueologos-encontram-geladeira-pre-historica-na-bulgaria\/\"},\"wordCount\":575,\"commentCount\":0,\"publisher\":{\"@id\":\"https:\/\/jornalfatosenoticias.com.br\/#organization\"},\"image\":{\"@id\":\"https:\/\/jornalfatosenoticias.com.br\/index.php\/2022\/10\/04\/arqueologos-encontram-geladeira-pre-historica-na-bulgaria\/#primaryimage\"},\"thumbnailUrl\":\"https:\/\/jornalfatosenoticias.com.br\/wp-content\/uploads\/2022\/10\/geladeira-pre-historica-romana.jpg\",\"keywords\":[\"arque\u00f3logos\",\"Bulg\u00e1ria\",\"cer\u00e2mica\",\"escava\u00e7\u00f5es\",\"geladeira pr\u00e9-hist\u00f3rica\"],\"articleSection\":[\"Paleo &amp; Arqueologia\"],\"inLanguage\":\"pt-BR\",\"potentialAction\":[{\"@type\":\"CommentAction\",\"name\":\"Comment\",\"target\":[\"https:\/\/jornalfatosenoticias.com.br\/index.php\/2022\/10\/04\/arqueologos-encontram-geladeira-pre-historica-na-bulgaria\/#respond\"]}]},{\"@type\":\"WebPage\",\"@id\":\"https:\/\/jornalfatosenoticias.com.br\/index.php\/2022\/10\/04\/arqueologos-encontram-geladeira-pre-historica-na-bulgaria\/\",\"url\":\"https:\/\/jornalfatosenoticias.com.br\/index.php\/2022\/10\/04\/arqueologos-encontram-geladeira-pre-historica-na-bulgaria\/\",\"name\":\"Arque\u00f3logos encontram \u201cgeladeira pr\u00e9-hist\u00f3rica\u201d na Bulg\u00e1ria - Jornal Fatos e Not\u00edcias\",\"isPartOf\":{\"@id\":\"https:\/\/jornalfatosenoticias.com.br\/#website\"},\"primaryImageOfPage\":{\"@id\":\"https:\/\/jornalfatosenoticias.com.br\/index.php\/2022\/10\/04\/arqueologos-encontram-geladeira-pre-historica-na-bulgaria\/#primaryimage\"},\"image\":{\"@id\":\"https:\/\/jornalfatosenoticias.com.br\/index.php\/2022\/10\/04\/arqueologos-encontram-geladeira-pre-historica-na-bulgaria\/#primaryimage\"},\"thumbnailUrl\":\"https:\/\/jornalfatosenoticias.com.br\/wp-content\/uploads\/2022\/10\/geladeira-pre-historica-romana.jpg\",\"datePublished\":\"2022-10-04T22:24:48+00:00\",\"dateModified\":\"2022-10-04T22:24:49+00:00\",\"breadcrumb\":{\"@id\":\"https:\/\/jornalfatosenoticias.com.br\/index.php\/2022\/10\/04\/arqueologos-encontram-geladeira-pre-historica-na-bulgaria\/#breadcrumb\"},\"inLanguage\":\"pt-BR\",\"potentialAction\":[{\"@type\":\"ReadAction\",\"target\":[\"https:\/\/jornalfatosenoticias.com.br\/index.php\/2022\/10\/04\/arqueologos-encontram-geladeira-pre-historica-na-bulgaria\/\"]}]},{\"@type\":\"ImageObject\",\"inLanguage\":\"pt-BR\",\"@id\":\"https:\/\/jornalfatosenoticias.com.br\/index.php\/2022\/10\/04\/arqueologos-encontram-geladeira-pre-historica-na-bulgaria\/#primaryimage\",\"url\":\"https:\/\/jornalfatosenoticias.com.br\/wp-content\/uploads\/2022\/10\/geladeira-pre-historica-romana.jpg\",\"contentUrl\":\"https:\/\/jornalfatosenoticias.com.br\/wp-content\/uploads\/2022\/10\/geladeira-pre-historica-romana.jpg\",\"width\":1000,\"height\":450},{\"@type\":\"BreadcrumbList\",\"@id\":\"https:\/\/jornalfatosenoticias.com.br\/index.php\/2022\/10\/04\/arqueologos-encontram-geladeira-pre-historica-na-bulgaria\/#breadcrumb\",\"itemListElement\":[{\"@type\":\"ListItem\",\"position\":1,\"name\":\"In\u00edcio\",\"item\":\"https:\/\/jornalfatosenoticias.com.br\/\"},{\"@type\":\"ListItem\",\"position\":2,\"name\":\"Arque\u00f3logos encontram \u201cgeladeira pr\u00e9-hist\u00f3rica\u201d na Bulg\u00e1ria\"}]},{\"@type\":\"WebSite\",\"@id\":\"https:\/\/jornalfatosenoticias.com.br\/#website\",\"url\":\"https:\/\/jornalfatosenoticias.com.br\/\",\"name\":\"Jornal Fatos e Not\u00edcias\",\"description\":\"Not\u00edcias em geral\",\"publisher\":{\"@id\":\"https:\/\/jornalfatosenoticias.com.br\/#organization\"},\"potentialAction\":[{\"@type\":\"SearchAction\",\"target\":{\"@type\":\"EntryPoint\",\"urlTemplate\":\"https:\/\/jornalfatosenoticias.com.br\/?s={search_term_string}\"},\"query-input\":{\"@type\":\"PropertyValueSpecification\",\"valueRequired\":true,\"valueName\":\"search_term_string\"}}],\"inLanguage\":\"pt-BR\"},{\"@type\":\"Organization\",\"@id\":\"https:\/\/jornalfatosenoticias.com.br\/#organization\",\"name\":\"Jornal Fatos e Not\u00edcias\",\"url\":\"https:\/\/jornalfatosenoticias.com.br\/\",\"logo\":{\"@type\":\"ImageObject\",\"inLanguage\":\"pt-BR\",\"@id\":\"https:\/\/jornalfatosenoticias.com.br\/#\/schema\/logo\/image\/\",\"url\":\"https:\/\/jornalfatosenoticias.com.br\/wp-content\/uploads\/2020\/02\/logo120.png\",\"contentUrl\":\"https:\/\/jornalfatosenoticias.com.br\/wp-content\/uploads\/2020\/02\/logo120.png\",\"width\":1227,\"height\":120,\"caption\":\"Jornal Fatos e Not\u00edcias\"},\"image\":{\"@id\":\"https:\/\/jornalfatosenoticias.com.br\/#\/schema\/logo\/image\/\"}},{\"@type\":\"Person\",\"@id\":\"https:\/\/jornalfatosenoticias.com.br\/#\/schema\/person\/d63837fa13ac8666eb9e74e0985d6f81\",\"name\":\"Luzimara Fernandes\",\"image\":{\"@type\":\"ImageObject\",\"inLanguage\":\"pt-BR\",\"@id\":\"https:\/\/jornalfatosenoticias.com.br\/#\/schema\/person\/image\/\",\"url\":\"https:\/\/jornalfatosenoticias.com.br\/wp-content\/uploads\/2025\/05\/EU_portal.jpg\",\"contentUrl\":\"https:\/\/jornalfatosenoticias.com.br\/wp-content\/uploads\/2025\/05\/EU_portal.jpg\",\"caption\":\"Luzimara Fernandes\"},\"description\":\"Jornalista MTB 2358-ES\",\"sameAs\":[\"https:\/\/jornalfatosenoticias.com.br\"],\"url\":\"https:\/\/jornalfatosenoticias.com.br\/index.php\/author\/luzimara\/\"}]}<\/script>\n<!-- \/ Yoast SEO plugin. -->","yoast_head_json":{"title":"Arque\u00f3logos encontram \u201cgeladeira pr\u00e9-hist\u00f3rica\u201d na Bulg\u00e1ria - Jornal Fatos e Not\u00edcias","robots":{"index":"index","follow":"follow","max-snippet":"max-snippet:-1","max-image-preview":"max-image-preview:large","max-video-preview":"max-video-preview:-1"},"canonical":"https:\/\/jornalfatosenoticias.com.br\/index.php\/2022\/10\/04\/arqueologos-encontram-geladeira-pre-historica-na-bulgaria\/","og_locale":"pt_BR","og_type":"article","og_title":"Arque\u00f3logos encontram \u201cgeladeira pr\u00e9-hist\u00f3rica\u201d na Bulg\u00e1ria - Jornal Fatos e Not\u00edcias","og_description":"\u201cGeladeira\u201d \u00e9 datada do s\u00e9culo V Um recipiente feito de placas de cer\u00e2mica para armazenar alimentos, que pode ser descrito como uma antiga \u201cgeladeira\u201d, al\u00e9m de v\u00e1rias moedas \u00fanicas, foram descobertas por arque\u00f3logos poloneses durante as escava\u00e7\u00f5es no campo legion\u00e1rio romano em Novae (Bulg\u00e1ria). Novae era um acampamento legion\u00e1rio constru\u00eddo no s\u00e9culo I d.C. pela [&hellip;]","og_url":"https:\/\/jornalfatosenoticias.com.br\/index.php\/2022\/10\/04\/arqueologos-encontram-geladeira-pre-historica-na-bulgaria\/","og_site_name":"Jornal Fatos e Not\u00edcias","article_published_time":"2022-10-04T22:24:48+00:00","article_modified_time":"2022-10-04T22:24:49+00:00","og_image":[{"width":1000,"height":450,"url":"https:\/\/jornalfatosenoticias.com.br\/wp-content\/uploads\/2022\/10\/geladeira-pre-historica-romana.jpg","type":"image\/jpeg"}],"author":"Luzimara Fernandes","twitter_card":"summary_large_image","twitter_misc":{"Escrito por":"Luzimara Fernandes","Est. tempo de leitura":"3 minutos"},"schema":{"@context":"https:\/\/schema.org","@graph":[{"@type":"Article","@id":"https:\/\/jornalfatosenoticias.com.br\/index.php\/2022\/10\/04\/arqueologos-encontram-geladeira-pre-historica-na-bulgaria\/#article","isPartOf":{"@id":"https:\/\/jornalfatosenoticias.com.br\/index.php\/2022\/10\/04\/arqueologos-encontram-geladeira-pre-historica-na-bulgaria\/"},"author":{"name":"Luzimara Fernandes","@id":"https:\/\/jornalfatosenoticias.com.br\/#\/schema\/person\/d63837fa13ac8666eb9e74e0985d6f81"},"headline":"Arque\u00f3logos encontram \u201cgeladeira pr\u00e9-hist\u00f3rica\u201d na Bulg\u00e1ria","datePublished":"2022-10-04T22:24:48+00:00","dateModified":"2022-10-04T22:24:49+00:00","mainEntityOfPage":{"@id":"https:\/\/jornalfatosenoticias.com.br\/index.php\/2022\/10\/04\/arqueologos-encontram-geladeira-pre-historica-na-bulgaria\/"},"wordCount":575,"commentCount":0,"publisher":{"@id":"https:\/\/jornalfatosenoticias.com.br\/#organization"},"image":{"@id":"https:\/\/jornalfatosenoticias.com.br\/index.php\/2022\/10\/04\/arqueologos-encontram-geladeira-pre-historica-na-bulgaria\/#primaryimage"},"thumbnailUrl":"https:\/\/jornalfatosenoticias.com.br\/wp-content\/uploads\/2022\/10\/geladeira-pre-historica-romana.jpg","keywords":["arque\u00f3logos","Bulg\u00e1ria","cer\u00e2mica","escava\u00e7\u00f5es","geladeira pr\u00e9-hist\u00f3rica"],"articleSection":["Paleo &amp; Arqueologia"],"inLanguage":"pt-BR","potentialAction":[{"@type":"CommentAction","name":"Comment","target":["https:\/\/jornalfatosenoticias.com.br\/index.php\/2022\/10\/04\/arqueologos-encontram-geladeira-pre-historica-na-bulgaria\/#respond"]}]},{"@type":"WebPage","@id":"https:\/\/jornalfatosenoticias.com.br\/index.php\/2022\/10\/04\/arqueologos-encontram-geladeira-pre-historica-na-bulgaria\/","url":"https:\/\/jornalfatosenoticias.com.br\/index.php\/2022\/10\/04\/arqueologos-encontram-geladeira-pre-historica-na-bulgaria\/","name":"Arque\u00f3logos encontram \u201cgeladeira pr\u00e9-hist\u00f3rica\u201d na Bulg\u00e1ria - Jornal Fatos e Not\u00edcias","isPartOf":{"@id":"https:\/\/jornalfatosenoticias.com.br\/#website"},"primaryImageOfPage":{"@id":"https:\/\/jornalfatosenoticias.com.br\/index.php\/2022\/10\/04\/arqueologos-encontram-geladeira-pre-historica-na-bulgaria\/#primaryimage"},"image":{"@id":"https:\/\/jornalfatosenoticias.com.br\/index.php\/2022\/10\/04\/arqueologos-encontram-geladeira-pre-historica-na-bulgaria\/#primaryimage"},"thumbnailUrl":"https:\/\/jornalfatosenoticias.com.br\/wp-content\/uploads\/2022\/10\/geladeira-pre-historica-romana.jpg","datePublished":"2022-10-04T22:24:48+00:00","dateModified":"2022-10-04T22:24:49+00:00","breadcrumb":{"@id":"https:\/\/jornalfatosenoticias.com.br\/index.php\/2022\/10\/04\/arqueologos-encontram-geladeira-pre-historica-na-bulgaria\/#breadcrumb"},"inLanguage":"pt-BR","potentialAction":[{"@type":"ReadAction","target":["https:\/\/jornalfatosenoticias.com.br\/index.php\/2022\/10\/04\/arqueologos-encontram-geladeira-pre-historica-na-bulgaria\/"]}]},{"@type":"ImageObject","inLanguage":"pt-BR","@id":"https:\/\/jornalfatosenoticias.com.br\/index.php\/2022\/10\/04\/arqueologos-encontram-geladeira-pre-historica-na-bulgaria\/#primaryimage","url":"https:\/\/jornalfatosenoticias.com.br\/wp-content\/uploads\/2022\/10\/geladeira-pre-historica-romana.jpg","contentUrl":"https:\/\/jornalfatosenoticias.com.br\/wp-content\/uploads\/2022\/10\/geladeira-pre-historica-romana.jpg","width":1000,"height":450},{"@type":"BreadcrumbList","@id":"https:\/\/jornalfatosenoticias.com.br\/index.php\/2022\/10\/04\/arqueologos-encontram-geladeira-pre-historica-na-bulgaria\/#breadcrumb","itemListElement":[{"@type":"ListItem","position":1,"name":"In\u00edcio","item":"https:\/\/jornalfatosenoticias.com.br\/"},{"@type":"ListItem","position":2,"name":"Arque\u00f3logos encontram \u201cgeladeira pr\u00e9-hist\u00f3rica\u201d na Bulg\u00e1ria"}]},{"@type":"WebSite","@id":"https:\/\/jornalfatosenoticias.com.br\/#website","url":"https:\/\/jornalfatosenoticias.com.br\/","name":"Jornal Fatos e Not\u00edcias","description":"Not\u00edcias em geral","publisher":{"@id":"https:\/\/jornalfatosenoticias.com.br\/#organization"},"potentialAction":[{"@type":"SearchAction","target":{"@type":"EntryPoint","urlTemplate":"https:\/\/jornalfatosenoticias.com.br\/?s={search_term_string}"},"query-input":{"@type":"PropertyValueSpecification","valueRequired":true,"valueName":"search_term_string"}}],"inLanguage":"pt-BR"},{"@type":"Organization","@id":"https:\/\/jornalfatosenoticias.com.br\/#organization","name":"Jornal Fatos e Not\u00edcias","url":"https:\/\/jornalfatosenoticias.com.br\/","logo":{"@type":"ImageObject","inLanguage":"pt-BR","@id":"https:\/\/jornalfatosenoticias.com.br\/#\/schema\/logo\/image\/","url":"https:\/\/jornalfatosenoticias.com.br\/wp-content\/uploads\/2020\/02\/logo120.png","contentUrl":"https:\/\/jornalfatosenoticias.com.br\/wp-content\/uploads\/2020\/02\/logo120.png","width":1227,"height":120,"caption":"Jornal Fatos e Not\u00edcias"},"image":{"@id":"https:\/\/jornalfatosenoticias.com.br\/#\/schema\/logo\/image\/"}},{"@type":"Person","@id":"https:\/\/jornalfatosenoticias.com.br\/#\/schema\/person\/d63837fa13ac8666eb9e74e0985d6f81","name":"Luzimara Fernandes","image":{"@type":"ImageObject","inLanguage":"pt-BR","@id":"https:\/\/jornalfatosenoticias.com.br\/#\/schema\/person\/image\/","url":"https:\/\/jornalfatosenoticias.com.br\/wp-content\/uploads\/2025\/05\/EU_portal.jpg","contentUrl":"https:\/\/jornalfatosenoticias.com.br\/wp-content\/uploads\/2025\/05\/EU_portal.jpg","caption":"Luzimara Fernandes"},"description":"Jornalista MTB 2358-ES","sameAs":["https:\/\/jornalfatosenoticias.com.br"],"url":"https:\/\/jornalfatosenoticias.com.br\/index.php\/author\/luzimara\/"}]}},"cc_featured_image_caption":{"caption_text":"(Foto: Piotr Dyczek) ","source_text":"","source_url":""},"jetpack_featured_media_url":"https:\/\/jornalfatosenoticias.com.br\/wp-content\/uploads\/2022\/10\/geladeira-pre-historica-romana.jpg","_links":{"self":[{"href":"https:\/\/jornalfatosenoticias.com.br\/index.php\/wp-json\/wp\/v2\/posts\/34831","targetHints":{"allow":["GET"]}}],"collection":[{"href":"https:\/\/jornalfatosenoticias.com.br\/index.php\/wp-json\/wp\/v2\/posts"}],"about":[{"href":"https:\/\/jornalfatosenoticias.com.br\/index.php\/wp-json\/wp\/v2\/types\/post"}],"author":[{"embeddable":true,"href":"https:\/\/jornalfatosenoticias.com.br\/index.php\/wp-json\/wp\/v2\/users\/2"}],"replies":[{"embeddable":true,"href":"https:\/\/jornalfatosenoticias.com.br\/index.php\/wp-json\/wp\/v2\/comments?post=34831"}],"version-history":[{"count":0,"href":"https:\/\/jornalfatosenoticias.com.br\/index.php\/wp-json\/wp\/v2\/posts\/34831\/revisions"}],"wp:featuredmedia":[{"embeddable":true,"href":"https:\/\/jornalfatosenoticias.com.br\/index.php\/wp-json\/wp\/v2\/media\/34833"}],"wp:attachment":[{"href":"https:\/\/jornalfatosenoticias.com.br\/index.php\/wp-json\/wp\/v2\/media?parent=34831"}],"wp:term":[{"taxonomy":"category","embeddable":true,"href":"https:\/\/jornalfatosenoticias.com.br\/index.php\/wp-json\/wp\/v2\/categories?post=34831"},{"taxonomy":"post_tag","embeddable":true,"href":"https:\/\/jornalfatosenoticias.com.br\/index.php\/wp-json\/wp\/v2\/tags?post=34831"}],"curies":[{"name":"wp","href":"https:\/\/api.w.org\/{rel}","templated":true}]}}