{"id":34856,"date":"2022-10-05T10:56:17","date_gmt":"2022-10-05T13:56:17","guid":{"rendered":"https:\/\/jornalfatosenoticias.com.br\/?p=34856"},"modified":"2022-10-05T10:56:18","modified_gmt":"2022-10-05T13:56:18","slug":"mec-apresenta-acoes-em-desenvolvimento-de-energias-renovaveis-na-palestina","status":"publish","type":"post","link":"https:\/\/jornalfatosenoticias.com.br\/index.php\/2022\/10\/05\/mec-apresenta-acoes-em-desenvolvimento-de-energias-renovaveis-na-palestina\/","title":{"rendered":"MEC apresenta a\u00e7\u00f5es em desenvolvimento de energias renov\u00e1veis na Palestina"},"content":{"rendered":"\n<p><em><span class=\"has-inline-color has-black-color\">Miss\u00e3o, realizada pela Ag\u00eancia Brasileira de Coopera\u00e7\u00e3o, visa promover troca de conhecimento na \u00e1rea<\/span><\/em><\/p>\n\n\n\n<div class=\"wp-block-image\"><figure class=\"aligncenter size-large\"><img loading=\"lazy\" decoding=\"async\" width=\"1024\" height=\"100\" src=\"https:\/\/jornalfatosenoticias.com.br\/wp-content\/uploads\/2022\/05\/NOVA-LOGO-CESCONETTO-1024x100.jpg\" alt=\"\" class=\"wp-image-30792\" srcset=\"https:\/\/jornalfatosenoticias.com.br\/wp-content\/uploads\/2022\/05\/NOVA-LOGO-CESCONETTO-1024x100.jpg 1024w, https:\/\/jornalfatosenoticias.com.br\/wp-content\/uploads\/2022\/05\/NOVA-LOGO-CESCONETTO-300x29.jpg 300w, https:\/\/jornalfatosenoticias.com.br\/wp-content\/uploads\/2022\/05\/NOVA-LOGO-CESCONETTO-768x75.jpg 768w, https:\/\/jornalfatosenoticias.com.br\/wp-content\/uploads\/2022\/05\/NOVA-LOGO-CESCONETTO.jpg 1280w\" sizes=\"auto, (max-width: 1024px) 100vw, 1024px\" \/><\/figure><\/div>\n\n\n\n<p>Promover o interc\u00e2mbio de conhecimento t\u00e9cnico e a capacita\u00e7\u00e3o de servidores da Rede Federal de Educa\u00e7\u00e3o Profissional, Cient\u00edfica e Tecnol\u00f3gica nas \u00e1reas de energias renov\u00e1veis e efici\u00eancia energ\u00e9tica. Esses s\u00e3o alguns dos objetivos da miss\u00e3o oficial promovida pela Ag\u00eancia Brasileira de Coopera\u00e7\u00e3o (ABC), na Palestina, que contou com a presen\u00e7a de representantes do Minist\u00e9rio da Educa\u00e7\u00e3o (MEC) e dos Institutos Federais de Pernambuco e de S\u00e3o Paulo. A visita foi realizada entre os dias 18 e 21 de setembro, na cidade de Ramal\u00e1.<\/p>\n\n\n\n<div class=\"wp-block-image\"><figure class=\"aligncenter size-large is-resized\"><img loading=\"lazy\" decoding=\"async\" src=\"https:\/\/jornalfatosenoticias.com.br\/wp-content\/uploads\/2022\/07\/Logo-Grupo-SEI.jpg\" alt=\"\" class=\"wp-image-31973\" width=\"349\" height=\"183\" srcset=\"https:\/\/jornalfatosenoticias.com.br\/wp-content\/uploads\/2022\/07\/Logo-Grupo-SEI.jpg 713w, https:\/\/jornalfatosenoticias.com.br\/wp-content\/uploads\/2022\/07\/Logo-Grupo-SEI-300x158.jpg 300w\" sizes=\"auto, (max-width: 349px) 100vw, 349px\" \/><\/figure><\/div>\n\n\n\n<p>A miss\u00e3o foi realizada no \u00e2mbito do plano de trabalho do projeto \u201cMitigando os Efeitos da Pandemia por meio de Inova\u00e7\u00f5es: Energias Renov\u00e1veis e Educa\u00e7\u00e3o Vocacional para Jovens Empregados\u201d, realizado pelo MEC em parceria com o governo da Alemanha, em benef\u00edcio da Palestina.<\/p>\n\n\n\n<div class=\"wp-block-image\"><figure class=\"aligncenter size-large\"><img loading=\"lazy\" decoding=\"async\" width=\"1024\" height=\"103\" src=\"https:\/\/jornalfatosenoticias.com.br\/wp-content\/uploads\/2022\/02\/Arte-Autoescola-Galatas_endereco_portal-1024x103.png\" alt=\"\" class=\"wp-image-27869\" srcset=\"https:\/\/jornalfatosenoticias.com.br\/wp-content\/uploads\/2022\/02\/Arte-Autoescola-Galatas_endereco_portal-1024x103.png 1024w, https:\/\/jornalfatosenoticias.com.br\/wp-content\/uploads\/2022\/02\/Arte-Autoescola-Galatas_endereco_portal-300x30.png 300w, https:\/\/jornalfatosenoticias.com.br\/wp-content\/uploads\/2022\/02\/Arte-Autoescola-Galatas_endereco_portal-768x77.png 768w, https:\/\/jornalfatosenoticias.com.br\/wp-content\/uploads\/2022\/02\/Arte-Autoescola-Galatas_endereco_portal.png 1223w\" sizes=\"auto, (max-width: 1024px) 100vw, 1024px\" \/><\/figure><\/div>\n\n\n\n<p>O projeto tem por objetivo desenvolver, na Palestina, diretrizes curriculares nacionais de acordo com as demandas da \u00e1rea de energia, criando novas ofertas de cursos, adequados \u00e0 realidade e \u00e0s necessidades do setor produtivo. Com isso, pretende-se construir capacidades entre docentes e estudantes da Rede de Educa\u00e7\u00e3o Pro\ufb01ssional e Tecnol\u00f3gica Palestina, alinhadas a matrizes renov\u00e1veis de energia.<\/p>\n\n\n\n<div class=\"wp-block-image\"><figure class=\"aligncenter size-large is-resized\"><img loading=\"lazy\" decoding=\"async\" src=\"https:\/\/jornalfatosenoticias.com.br\/wp-content\/uploads\/2020\/02\/logo-clinica-limoeiro.jpg\" alt=\"\" class=\"wp-image-34610\" width=\"305\" height=\"216\"\/><\/figure><\/div>\n\n\n\n<p>A coopera\u00e7\u00e3o apoiar\u00e1 tecnicamente as institui\u00e7\u00f5es palestinas de educa\u00e7\u00e3o na sua organiza\u00e7\u00e3o para a implementa\u00e7\u00e3o de novos cursos, com foco nas demandas do setor de energias renov\u00e1veis, identi\ufb01cando di\ufb01culdades e indicando como e onde os investimentos podem ser feitos. Al\u00e9m disso, o projeto dar\u00e1 apoio aos professores e t\u00e9cnicos palestinos, na forma de a\u00e7\u00f5es de forma\u00e7\u00e3o e provimento de materiais did\u00e1ticos. O governo alem\u00e3o, por sua vez, atua como facilitador da coopera\u00e7\u00e3o trilateral.<\/p>\n\n\n\n<div class=\"wp-block-image\"><figure class=\"aligncenter size-large\"><img loading=\"lazy\" decoding=\"async\" width=\"1024\" height=\"111\" src=\"https:\/\/jornalfatosenoticias.com.br\/wp-content\/uploads\/2020\/02\/WhatsApp-Image-2022-09-23-at-12.09.18-1024x111.jpeg\" alt=\"\" class=\"wp-image-34527\" srcset=\"https:\/\/jornalfatosenoticias.com.br\/wp-content\/uploads\/2020\/02\/WhatsApp-Image-2022-09-23-at-12.09.18-1024x111.jpeg 1024w, https:\/\/jornalfatosenoticias.com.br\/wp-content\/uploads\/2020\/02\/WhatsApp-Image-2022-09-23-at-12.09.18-300x32.jpeg 300w, https:\/\/jornalfatosenoticias.com.br\/wp-content\/uploads\/2020\/02\/WhatsApp-Image-2022-09-23-at-12.09.18-768x83.jpeg 768w, https:\/\/jornalfatosenoticias.com.br\/wp-content\/uploads\/2020\/02\/WhatsApp-Image-2022-09-23-at-12.09.18.jpeg 1121w\" sizes=\"auto, (max-width: 1024px) 100vw, 1024px\" \/><\/figure><\/div>\n\n\n\n<p>Durante a miss\u00e3o, al\u00e9m de representantes do Minist\u00e9rio da Educa\u00e7\u00e3o, a Alemanha foi representada por t\u00e9cnicos da Ag\u00eancia Alem\u00e3 de Coopera\u00e7\u00e3o Internacional (GIZ), residentes no Brasil e na Palestina.<\/p>\n\n\n\n<div class=\"wp-block-image\"><figure class=\"alignright size-large\"><img loading=\"lazy\" decoding=\"async\" width=\"300\" height=\"300\" src=\"https:\/\/jornalfatosenoticias.com.br\/wp-content\/uploads\/2020\/02\/casa-do-torresmo_portal.jpg\" alt=\"\" class=\"wp-image-34472\" srcset=\"https:\/\/jornalfatosenoticias.com.br\/wp-content\/uploads\/2020\/02\/casa-do-torresmo_portal.jpg 300w, https:\/\/jornalfatosenoticias.com.br\/wp-content\/uploads\/2020\/02\/casa-do-torresmo_portal-150x150.jpg 150w\" sizes=\"auto, (max-width: 300px) 100vw, 300px\" \/><\/figure><\/div>\n\n\n\n<p><strong><span class=\"has-inline-color has-vivid-purple-color\">Sobre a agenda<br><\/span><\/strong>Durante visita na Palestina, a delega\u00e7\u00e3o tamb\u00e9m teve oportunidade de conhecer o Escrit\u00f3rio do Brasil em Ramal\u00e1. A reuni\u00e3o com os representantes do Minist\u00e9rio das Rela\u00e7\u00f5es Exteriores (MRE) foi realizada com o intuito de avaliar os resultados preliminares da miss\u00e3o, bem como de prospectar a amplia\u00e7\u00e3o da coopera\u00e7\u00e3o entre os pa\u00edses.<br>Al\u00e9m disso, professores de Institutos Federais permaneceram no pa\u00eds at\u00e9 29\/09 para ministrar curso de capacita\u00e7\u00e3o, com carga hor\u00e1ria de aproximadamente 30h\/a, em energia fotovoltaica para profissionais do setor na Palestina.<\/p>\n\n\n\n<div class=\"wp-block-image\"><figure class=\"aligncenter size-large\"><img decoding=\"async\" src=\"https:\/\/jornalfatosenoticias.com.br\/wp-content\/uploads\/2020\/02\/barao-das-carnes-300x164-1.jpg\" alt=\"\" class=\"wp-image-34339\"\/><\/figure><\/div>\n\n\n\n<p><strong><em>Fonte: <a href=\"https:\/\/www.gov.br\/mec\/pt-br\/assuntos\/noticias\/mec-apresenta-acoes-em-desenvolvimento-de-energias-renovaveis-na-palestina\">MEC<\/a><\/em><\/strong><\/p>\n","protected":false},"excerpt":{"rendered":"<p>Miss\u00e3o, realizada pela Ag\u00eancia Brasileira de Coopera\u00e7\u00e3o, visa promover troca de conhecimento na \u00e1rea Promover o interc\u00e2mbio de conhecimento t\u00e9cnico e a capacita\u00e7\u00e3o de servidores da Rede Federal de Educa\u00e7\u00e3o Profissional, Cient\u00edfica e Tecnol\u00f3gica nas \u00e1reas de energias renov\u00e1veis e efici\u00eancia energ\u00e9tica. Esses s\u00e3o alguns dos objetivos da miss\u00e3o oficial promovida pela Ag\u00eancia Brasileira de [&hellip;]<\/p>\n","protected":false},"author":2,"featured_media":34857,"comment_status":"open","ping_status":"open","sticky":false,"template":"","format":"standard","meta":{"footnotes":""},"categories":[7],"tags":[16362,597,16288,283,2253,2516,16363],"class_list":["post-34856","post","type-post","status-publish","format-standard","has-post-thumbnail","hentry","category-educacao","tag-agencia-brasileira-de-cooperacao","tag-brasil","tag-energias-renovaveis","tag-mec","tag-missao","tag-palestina","tag-troca-de-conhecimento"],"yoast_head":"<!-- This site is optimized with the Yoast SEO plugin v26.5 - https:\/\/yoast.com\/wordpress\/plugins\/seo\/ -->\n<title>MEC apresenta a\u00e7\u00f5es em desenvolvimento de energias renov\u00e1veis na Palestina - Jornal Fatos e Not\u00edcias<\/title>\n<meta name=\"robots\" content=\"index, follow, max-snippet:-1, max-image-preview:large, max-video-preview:-1\" \/>\n<link rel=\"canonical\" href=\"https:\/\/jornalfatosenoticias.com.br\/index.php\/2022\/10\/05\/mec-apresenta-acoes-em-desenvolvimento-de-energias-renovaveis-na-palestina\/\" \/>\n<meta property=\"og:locale\" content=\"pt_BR\" \/>\n<meta property=\"og:type\" content=\"article\" \/>\n<meta property=\"og:title\" content=\"MEC apresenta a\u00e7\u00f5es em desenvolvimento de energias renov\u00e1veis na Palestina - Jornal Fatos e Not\u00edcias\" \/>\n<meta property=\"og:description\" content=\"Miss\u00e3o, realizada pela Ag\u00eancia Brasileira de Coopera\u00e7\u00e3o, visa promover troca de conhecimento na \u00e1rea Promover o interc\u00e2mbio de conhecimento t\u00e9cnico e a capacita\u00e7\u00e3o de servidores da Rede Federal de Educa\u00e7\u00e3o Profissional, Cient\u00edfica e Tecnol\u00f3gica nas \u00e1reas de energias renov\u00e1veis e efici\u00eancia energ\u00e9tica. Esses s\u00e3o alguns dos objetivos da miss\u00e3o oficial promovida pela Ag\u00eancia Brasileira de [&hellip;]\" \/>\n<meta property=\"og:url\" content=\"https:\/\/jornalfatosenoticias.com.br\/index.php\/2022\/10\/05\/mec-apresenta-acoes-em-desenvolvimento-de-energias-renovaveis-na-palestina\/\" \/>\n<meta property=\"og:site_name\" content=\"Jornal Fatos e Not\u00edcias\" \/>\n<meta property=\"article:published_time\" content=\"2022-10-05T13:56:17+00:00\" \/>\n<meta property=\"article:modified_time\" content=\"2022-10-05T13:56:18+00:00\" \/>\n<meta property=\"og:image\" content=\"https:\/\/jornalfatosenoticias.com.br\/wp-content\/uploads\/2022\/10\/MEC_PALESTINA.jpg\" \/>\n\t<meta property=\"og:image:width\" content=\"1000\" \/>\n\t<meta property=\"og:image:height\" content=\"654\" \/>\n\t<meta property=\"og:image:type\" content=\"image\/jpeg\" \/>\n<meta name=\"author\" content=\"Luzimara Fernandes\" \/>\n<meta name=\"twitter:card\" content=\"summary_large_image\" \/>\n<meta name=\"twitter:label1\" content=\"Escrito por\" \/>\n\t<meta name=\"twitter:data1\" content=\"Luzimara Fernandes\" \/>\n\t<meta name=\"twitter:label2\" content=\"Est. tempo de leitura\" \/>\n\t<meta name=\"twitter:data2\" content=\"2 minutos\" \/>\n<script type=\"application\/ld+json\" class=\"yoast-schema-graph\">{\"@context\":\"https:\/\/schema.org\",\"@graph\":[{\"@type\":\"Article\",\"@id\":\"https:\/\/jornalfatosenoticias.com.br\/index.php\/2022\/10\/05\/mec-apresenta-acoes-em-desenvolvimento-de-energias-renovaveis-na-palestina\/#article\",\"isPartOf\":{\"@id\":\"https:\/\/jornalfatosenoticias.com.br\/index.php\/2022\/10\/05\/mec-apresenta-acoes-em-desenvolvimento-de-energias-renovaveis-na-palestina\/\"},\"author\":{\"name\":\"Luzimara Fernandes\",\"@id\":\"https:\/\/jornalfatosenoticias.com.br\/#\/schema\/person\/d63837fa13ac8666eb9e74e0985d6f81\"},\"headline\":\"MEC apresenta a\u00e7\u00f5es em desenvolvimento de energias renov\u00e1veis na Palestina\",\"datePublished\":\"2022-10-05T13:56:17+00:00\",\"dateModified\":\"2022-10-05T13:56:18+00:00\",\"mainEntityOfPage\":{\"@id\":\"https:\/\/jornalfatosenoticias.com.br\/index.php\/2022\/10\/05\/mec-apresenta-acoes-em-desenvolvimento-de-energias-renovaveis-na-palestina\/\"},\"wordCount\":460,\"commentCount\":0,\"publisher\":{\"@id\":\"https:\/\/jornalfatosenoticias.com.br\/#organization\"},\"image\":{\"@id\":\"https:\/\/jornalfatosenoticias.com.br\/index.php\/2022\/10\/05\/mec-apresenta-acoes-em-desenvolvimento-de-energias-renovaveis-na-palestina\/#primaryimage\"},\"thumbnailUrl\":\"https:\/\/jornalfatosenoticias.com.br\/wp-content\/uploads\/2022\/10\/MEC_PALESTINA.jpg\",\"keywords\":[\"Ag\u00eancia Brasileira de Coopera\u00e7\u00e3o\",\"Brasil\",\"energias renov\u00e1veis\",\"MEC\",\"miss\u00e3o\",\"Palestina\",\"troca de conhecimento\"],\"articleSection\":[\"Educa\u00e7\u00e3o\"],\"inLanguage\":\"pt-BR\",\"potentialAction\":[{\"@type\":\"CommentAction\",\"name\":\"Comment\",\"target\":[\"https:\/\/jornalfatosenoticias.com.br\/index.php\/2022\/10\/05\/mec-apresenta-acoes-em-desenvolvimento-de-energias-renovaveis-na-palestina\/#respond\"]}]},{\"@type\":\"WebPage\",\"@id\":\"https:\/\/jornalfatosenoticias.com.br\/index.php\/2022\/10\/05\/mec-apresenta-acoes-em-desenvolvimento-de-energias-renovaveis-na-palestina\/\",\"url\":\"https:\/\/jornalfatosenoticias.com.br\/index.php\/2022\/10\/05\/mec-apresenta-acoes-em-desenvolvimento-de-energias-renovaveis-na-palestina\/\",\"name\":\"MEC apresenta a\u00e7\u00f5es em desenvolvimento de energias renov\u00e1veis na Palestina - Jornal Fatos e Not\u00edcias\",\"isPartOf\":{\"@id\":\"https:\/\/jornalfatosenoticias.com.br\/#website\"},\"primaryImageOfPage\":{\"@id\":\"https:\/\/jornalfatosenoticias.com.br\/index.php\/2022\/10\/05\/mec-apresenta-acoes-em-desenvolvimento-de-energias-renovaveis-na-palestina\/#primaryimage\"},\"image\":{\"@id\":\"https:\/\/jornalfatosenoticias.com.br\/index.php\/2022\/10\/05\/mec-apresenta-acoes-em-desenvolvimento-de-energias-renovaveis-na-palestina\/#primaryimage\"},\"thumbnailUrl\":\"https:\/\/jornalfatosenoticias.com.br\/wp-content\/uploads\/2022\/10\/MEC_PALESTINA.jpg\",\"datePublished\":\"2022-10-05T13:56:17+00:00\",\"dateModified\":\"2022-10-05T13:56:18+00:00\",\"breadcrumb\":{\"@id\":\"https:\/\/jornalfatosenoticias.com.br\/index.php\/2022\/10\/05\/mec-apresenta-acoes-em-desenvolvimento-de-energias-renovaveis-na-palestina\/#breadcrumb\"},\"inLanguage\":\"pt-BR\",\"potentialAction\":[{\"@type\":\"ReadAction\",\"target\":[\"https:\/\/jornalfatosenoticias.com.br\/index.php\/2022\/10\/05\/mec-apresenta-acoes-em-desenvolvimento-de-energias-renovaveis-na-palestina\/\"]}]},{\"@type\":\"ImageObject\",\"inLanguage\":\"pt-BR\",\"@id\":\"https:\/\/jornalfatosenoticias.com.br\/index.php\/2022\/10\/05\/mec-apresenta-acoes-em-desenvolvimento-de-energias-renovaveis-na-palestina\/#primaryimage\",\"url\":\"https:\/\/jornalfatosenoticias.com.br\/wp-content\/uploads\/2022\/10\/MEC_PALESTINA.jpg\",\"contentUrl\":\"https:\/\/jornalfatosenoticias.com.br\/wp-content\/uploads\/2022\/10\/MEC_PALESTINA.jpg\",\"width\":1000,\"height\":654},{\"@type\":\"BreadcrumbList\",\"@id\":\"https:\/\/jornalfatosenoticias.com.br\/index.php\/2022\/10\/05\/mec-apresenta-acoes-em-desenvolvimento-de-energias-renovaveis-na-palestina\/#breadcrumb\",\"itemListElement\":[{\"@type\":\"ListItem\",\"position\":1,\"name\":\"In\u00edcio\",\"item\":\"https:\/\/jornalfatosenoticias.com.br\/\"},{\"@type\":\"ListItem\",\"position\":2,\"name\":\"MEC apresenta a\u00e7\u00f5es em desenvolvimento de energias renov\u00e1veis na Palestina\"}]},{\"@type\":\"WebSite\",\"@id\":\"https:\/\/jornalfatosenoticias.com.br\/#website\",\"url\":\"https:\/\/jornalfatosenoticias.com.br\/\",\"name\":\"Jornal Fatos e Not\u00edcias\",\"description\":\"Not\u00edcias em geral\",\"publisher\":{\"@id\":\"https:\/\/jornalfatosenoticias.com.br\/#organization\"},\"potentialAction\":[{\"@type\":\"SearchAction\",\"target\":{\"@type\":\"EntryPoint\",\"urlTemplate\":\"https:\/\/jornalfatosenoticias.com.br\/?s={search_term_string}\"},\"query-input\":{\"@type\":\"PropertyValueSpecification\",\"valueRequired\":true,\"valueName\":\"search_term_string\"}}],\"inLanguage\":\"pt-BR\"},{\"@type\":\"Organization\",\"@id\":\"https:\/\/jornalfatosenoticias.com.br\/#organization\",\"name\":\"Jornal Fatos e Not\u00edcias\",\"url\":\"https:\/\/jornalfatosenoticias.com.br\/\",\"logo\":{\"@type\":\"ImageObject\",\"inLanguage\":\"pt-BR\",\"@id\":\"https:\/\/jornalfatosenoticias.com.br\/#\/schema\/logo\/image\/\",\"url\":\"https:\/\/jornalfatosenoticias.com.br\/wp-content\/uploads\/2020\/02\/logo120.png\",\"contentUrl\":\"https:\/\/jornalfatosenoticias.com.br\/wp-content\/uploads\/2020\/02\/logo120.png\",\"width\":1227,\"height\":120,\"caption\":\"Jornal Fatos e Not\u00edcias\"},\"image\":{\"@id\":\"https:\/\/jornalfatosenoticias.com.br\/#\/schema\/logo\/image\/\"}},{\"@type\":\"Person\",\"@id\":\"https:\/\/jornalfatosenoticias.com.br\/#\/schema\/person\/d63837fa13ac8666eb9e74e0985d6f81\",\"name\":\"Luzimara Fernandes\",\"image\":{\"@type\":\"ImageObject\",\"inLanguage\":\"pt-BR\",\"@id\":\"https:\/\/jornalfatosenoticias.com.br\/#\/schema\/person\/image\/\",\"url\":\"https:\/\/jornalfatosenoticias.com.br\/wp-content\/uploads\/2025\/05\/EU_portal.jpg\",\"contentUrl\":\"https:\/\/jornalfatosenoticias.com.br\/wp-content\/uploads\/2025\/05\/EU_portal.jpg\",\"caption\":\"Luzimara Fernandes\"},\"description\":\"Jornalista MTB 2358-ES\",\"sameAs\":[\"https:\/\/jornalfatosenoticias.com.br\"],\"url\":\"https:\/\/jornalfatosenoticias.com.br\/index.php\/author\/luzimara\/\"}]}<\/script>\n<!-- \/ Yoast SEO plugin. -->","yoast_head_json":{"title":"MEC apresenta a\u00e7\u00f5es em desenvolvimento de energias renov\u00e1veis na Palestina - Jornal Fatos e Not\u00edcias","robots":{"index":"index","follow":"follow","max-snippet":"max-snippet:-1","max-image-preview":"max-image-preview:large","max-video-preview":"max-video-preview:-1"},"canonical":"https:\/\/jornalfatosenoticias.com.br\/index.php\/2022\/10\/05\/mec-apresenta-acoes-em-desenvolvimento-de-energias-renovaveis-na-palestina\/","og_locale":"pt_BR","og_type":"article","og_title":"MEC apresenta a\u00e7\u00f5es em desenvolvimento de energias renov\u00e1veis na Palestina - Jornal Fatos e Not\u00edcias","og_description":"Miss\u00e3o, realizada pela Ag\u00eancia Brasileira de Coopera\u00e7\u00e3o, visa promover troca de conhecimento na \u00e1rea Promover o interc\u00e2mbio de conhecimento t\u00e9cnico e a capacita\u00e7\u00e3o de servidores da Rede Federal de Educa\u00e7\u00e3o Profissional, Cient\u00edfica e Tecnol\u00f3gica nas \u00e1reas de energias renov\u00e1veis e efici\u00eancia energ\u00e9tica. Esses s\u00e3o alguns dos objetivos da miss\u00e3o oficial promovida pela Ag\u00eancia Brasileira de [&hellip;]","og_url":"https:\/\/jornalfatosenoticias.com.br\/index.php\/2022\/10\/05\/mec-apresenta-acoes-em-desenvolvimento-de-energias-renovaveis-na-palestina\/","og_site_name":"Jornal Fatos e Not\u00edcias","article_published_time":"2022-10-05T13:56:17+00:00","article_modified_time":"2022-10-05T13:56:18+00:00","og_image":[{"width":1000,"height":654,"url":"https:\/\/jornalfatosenoticias.com.br\/wp-content\/uploads\/2022\/10\/MEC_PALESTINA.jpg","type":"image\/jpeg"}],"author":"Luzimara Fernandes","twitter_card":"summary_large_image","twitter_misc":{"Escrito por":"Luzimara Fernandes","Est. tempo de leitura":"2 minutos"},"schema":{"@context":"https:\/\/schema.org","@graph":[{"@type":"Article","@id":"https:\/\/jornalfatosenoticias.com.br\/index.php\/2022\/10\/05\/mec-apresenta-acoes-em-desenvolvimento-de-energias-renovaveis-na-palestina\/#article","isPartOf":{"@id":"https:\/\/jornalfatosenoticias.com.br\/index.php\/2022\/10\/05\/mec-apresenta-acoes-em-desenvolvimento-de-energias-renovaveis-na-palestina\/"},"author":{"name":"Luzimara Fernandes","@id":"https:\/\/jornalfatosenoticias.com.br\/#\/schema\/person\/d63837fa13ac8666eb9e74e0985d6f81"},"headline":"MEC apresenta a\u00e7\u00f5es em desenvolvimento de energias renov\u00e1veis na Palestina","datePublished":"2022-10-05T13:56:17+00:00","dateModified":"2022-10-05T13:56:18+00:00","mainEntityOfPage":{"@id":"https:\/\/jornalfatosenoticias.com.br\/index.php\/2022\/10\/05\/mec-apresenta-acoes-em-desenvolvimento-de-energias-renovaveis-na-palestina\/"},"wordCount":460,"commentCount":0,"publisher":{"@id":"https:\/\/jornalfatosenoticias.com.br\/#organization"},"image":{"@id":"https:\/\/jornalfatosenoticias.com.br\/index.php\/2022\/10\/05\/mec-apresenta-acoes-em-desenvolvimento-de-energias-renovaveis-na-palestina\/#primaryimage"},"thumbnailUrl":"https:\/\/jornalfatosenoticias.com.br\/wp-content\/uploads\/2022\/10\/MEC_PALESTINA.jpg","keywords":["Ag\u00eancia Brasileira de Coopera\u00e7\u00e3o","Brasil","energias renov\u00e1veis","MEC","miss\u00e3o","Palestina","troca de conhecimento"],"articleSection":["Educa\u00e7\u00e3o"],"inLanguage":"pt-BR","potentialAction":[{"@type":"CommentAction","name":"Comment","target":["https:\/\/jornalfatosenoticias.com.br\/index.php\/2022\/10\/05\/mec-apresenta-acoes-em-desenvolvimento-de-energias-renovaveis-na-palestina\/#respond"]}]},{"@type":"WebPage","@id":"https:\/\/jornalfatosenoticias.com.br\/index.php\/2022\/10\/05\/mec-apresenta-acoes-em-desenvolvimento-de-energias-renovaveis-na-palestina\/","url":"https:\/\/jornalfatosenoticias.com.br\/index.php\/2022\/10\/05\/mec-apresenta-acoes-em-desenvolvimento-de-energias-renovaveis-na-palestina\/","name":"MEC apresenta a\u00e7\u00f5es em desenvolvimento de energias renov\u00e1veis na Palestina - Jornal Fatos e Not\u00edcias","isPartOf":{"@id":"https:\/\/jornalfatosenoticias.com.br\/#website"},"primaryImageOfPage":{"@id":"https:\/\/jornalfatosenoticias.com.br\/index.php\/2022\/10\/05\/mec-apresenta-acoes-em-desenvolvimento-de-energias-renovaveis-na-palestina\/#primaryimage"},"image":{"@id":"https:\/\/jornalfatosenoticias.com.br\/index.php\/2022\/10\/05\/mec-apresenta-acoes-em-desenvolvimento-de-energias-renovaveis-na-palestina\/#primaryimage"},"thumbnailUrl":"https:\/\/jornalfatosenoticias.com.br\/wp-content\/uploads\/2022\/10\/MEC_PALESTINA.jpg","datePublished":"2022-10-05T13:56:17+00:00","dateModified":"2022-10-05T13:56:18+00:00","breadcrumb":{"@id":"https:\/\/jornalfatosenoticias.com.br\/index.php\/2022\/10\/05\/mec-apresenta-acoes-em-desenvolvimento-de-energias-renovaveis-na-palestina\/#breadcrumb"},"inLanguage":"pt-BR","potentialAction":[{"@type":"ReadAction","target":["https:\/\/jornalfatosenoticias.com.br\/index.php\/2022\/10\/05\/mec-apresenta-acoes-em-desenvolvimento-de-energias-renovaveis-na-palestina\/"]}]},{"@type":"ImageObject","inLanguage":"pt-BR","@id":"https:\/\/jornalfatosenoticias.com.br\/index.php\/2022\/10\/05\/mec-apresenta-acoes-em-desenvolvimento-de-energias-renovaveis-na-palestina\/#primaryimage","url":"https:\/\/jornalfatosenoticias.com.br\/wp-content\/uploads\/2022\/10\/MEC_PALESTINA.jpg","contentUrl":"https:\/\/jornalfatosenoticias.com.br\/wp-content\/uploads\/2022\/10\/MEC_PALESTINA.jpg","width":1000,"height":654},{"@type":"BreadcrumbList","@id":"https:\/\/jornalfatosenoticias.com.br\/index.php\/2022\/10\/05\/mec-apresenta-acoes-em-desenvolvimento-de-energias-renovaveis-na-palestina\/#breadcrumb","itemListElement":[{"@type":"ListItem","position":1,"name":"In\u00edcio","item":"https:\/\/jornalfatosenoticias.com.br\/"},{"@type":"ListItem","position":2,"name":"MEC apresenta a\u00e7\u00f5es em desenvolvimento de energias renov\u00e1veis na Palestina"}]},{"@type":"WebSite","@id":"https:\/\/jornalfatosenoticias.com.br\/#website","url":"https:\/\/jornalfatosenoticias.com.br\/","name":"Jornal Fatos e Not\u00edcias","description":"Not\u00edcias em geral","publisher":{"@id":"https:\/\/jornalfatosenoticias.com.br\/#organization"},"potentialAction":[{"@type":"SearchAction","target":{"@type":"EntryPoint","urlTemplate":"https:\/\/jornalfatosenoticias.com.br\/?s={search_term_string}"},"query-input":{"@type":"PropertyValueSpecification","valueRequired":true,"valueName":"search_term_string"}}],"inLanguage":"pt-BR"},{"@type":"Organization","@id":"https:\/\/jornalfatosenoticias.com.br\/#organization","name":"Jornal Fatos e Not\u00edcias","url":"https:\/\/jornalfatosenoticias.com.br\/","logo":{"@type":"ImageObject","inLanguage":"pt-BR","@id":"https:\/\/jornalfatosenoticias.com.br\/#\/schema\/logo\/image\/","url":"https:\/\/jornalfatosenoticias.com.br\/wp-content\/uploads\/2020\/02\/logo120.png","contentUrl":"https:\/\/jornalfatosenoticias.com.br\/wp-content\/uploads\/2020\/02\/logo120.png","width":1227,"height":120,"caption":"Jornal Fatos e Not\u00edcias"},"image":{"@id":"https:\/\/jornalfatosenoticias.com.br\/#\/schema\/logo\/image\/"}},{"@type":"Person","@id":"https:\/\/jornalfatosenoticias.com.br\/#\/schema\/person\/d63837fa13ac8666eb9e74e0985d6f81","name":"Luzimara Fernandes","image":{"@type":"ImageObject","inLanguage":"pt-BR","@id":"https:\/\/jornalfatosenoticias.com.br\/#\/schema\/person\/image\/","url":"https:\/\/jornalfatosenoticias.com.br\/wp-content\/uploads\/2025\/05\/EU_portal.jpg","contentUrl":"https:\/\/jornalfatosenoticias.com.br\/wp-content\/uploads\/2025\/05\/EU_portal.jpg","caption":"Luzimara Fernandes"},"description":"Jornalista MTB 2358-ES","sameAs":["https:\/\/jornalfatosenoticias.com.br"],"url":"https:\/\/jornalfatosenoticias.com.br\/index.php\/author\/luzimara\/"}]}},"cc_featured_image_caption":{"caption_text":"(Foto: Ascom MEC)","source_text":"","source_url":""},"jetpack_featured_media_url":"https:\/\/jornalfatosenoticias.com.br\/wp-content\/uploads\/2022\/10\/MEC_PALESTINA.jpg","_links":{"self":[{"href":"https:\/\/jornalfatosenoticias.com.br\/index.php\/wp-json\/wp\/v2\/posts\/34856","targetHints":{"allow":["GET"]}}],"collection":[{"href":"https:\/\/jornalfatosenoticias.com.br\/index.php\/wp-json\/wp\/v2\/posts"}],"about":[{"href":"https:\/\/jornalfatosenoticias.com.br\/index.php\/wp-json\/wp\/v2\/types\/post"}],"author":[{"embeddable":true,"href":"https:\/\/jornalfatosenoticias.com.br\/index.php\/wp-json\/wp\/v2\/users\/2"}],"replies":[{"embeddable":true,"href":"https:\/\/jornalfatosenoticias.com.br\/index.php\/wp-json\/wp\/v2\/comments?post=34856"}],"version-history":[{"count":0,"href":"https:\/\/jornalfatosenoticias.com.br\/index.php\/wp-json\/wp\/v2\/posts\/34856\/revisions"}],"wp:featuredmedia":[{"embeddable":true,"href":"https:\/\/jornalfatosenoticias.com.br\/index.php\/wp-json\/wp\/v2\/media\/34857"}],"wp:attachment":[{"href":"https:\/\/jornalfatosenoticias.com.br\/index.php\/wp-json\/wp\/v2\/media?parent=34856"}],"wp:term":[{"taxonomy":"category","embeddable":true,"href":"https:\/\/jornalfatosenoticias.com.br\/index.php\/wp-json\/wp\/v2\/categories?post=34856"},{"taxonomy":"post_tag","embeddable":true,"href":"https:\/\/jornalfatosenoticias.com.br\/index.php\/wp-json\/wp\/v2\/tags?post=34856"}],"curies":[{"name":"wp","href":"https:\/\/api.w.org\/{rel}","templated":true}]}}