{"id":34893,"date":"2022-10-06T12:49:01","date_gmt":"2022-10-06T15:49:01","guid":{"rendered":"https:\/\/jornalfatosenoticias.com.br\/?p=34893"},"modified":"2022-10-06T12:49:02","modified_gmt":"2022-10-06T15:49:02","slug":"o-brasil-esta-mais-unido-que-nunca","status":"publish","type":"post","link":"https:\/\/jornalfatosenoticias.com.br\/index.php\/2022\/10\/06\/o-brasil-esta-mais-unido-que-nunca\/","title":{"rendered":"O Brasil est\u00e1 mais unido que nunca"},"content":{"rendered":"\n<p><em><span class=\"has-inline-color has-black-color\">O momento \u00e9 de uni\u00e3o, n\u00e3o podemos nos deixar levar por falsas narrativas e fake news da esquerda, o Brasil est\u00e1 muito acima de um partido corrupto que vem tentando retomar ao poder<\/span><\/em><\/p>\n\n\n\n<div class=\"wp-block-image\"><figure class=\"aligncenter size-large\"><img loading=\"lazy\" decoding=\"async\" width=\"1024\" height=\"110\" src=\"https:\/\/jornalfatosenoticias.com.br\/wp-content\/uploads\/2022\/10\/Arte-jornal-Zucchi-1120x120_Prancheta-1-1024x110.jpg\" alt=\"\" class=\"wp-image-34772\" srcset=\"https:\/\/jornalfatosenoticias.com.br\/wp-content\/uploads\/2022\/10\/Arte-jornal-Zucchi-1120x120_Prancheta-1-1024x110.jpg 1024w, https:\/\/jornalfatosenoticias.com.br\/wp-content\/uploads\/2022\/10\/Arte-jornal-Zucchi-1120x120_Prancheta-1-300x32.jpg 300w, https:\/\/jornalfatosenoticias.com.br\/wp-content\/uploads\/2022\/10\/Arte-jornal-Zucchi-1120x120_Prancheta-1-768x82.jpg 768w, https:\/\/jornalfatosenoticias.com.br\/wp-content\/uploads\/2022\/10\/Arte-jornal-Zucchi-1120x120_Prancheta-1-1536x165.jpg 1536w, https:\/\/jornalfatosenoticias.com.br\/wp-content\/uploads\/2022\/10\/Arte-jornal-Zucchi-1120x120_Prancheta-1-2048x219.jpg 2048w\" sizes=\"auto, (max-width: 1024px) 100vw, 1024px\" \/><\/figure><\/div>\n\n\n\n<p>Inicio este artigo alertando a popula\u00e7\u00e3o para a falsa narrativa feita pela esquerda nas redes sociais acerca do povo nordestino, com o \u00fanico objetivo de provocar divis\u00e3o e desordem entre os brasileiros de boa-f\u00e9. A dissemina\u00e7\u00e3o de que bolsonaristas atribu\u00edram ao povo nordestino o resultado do primeiro turno da elei\u00e7\u00e3o presidencial \u00e9 mais falsa que nota de tr\u00eas reais e, n\u00e3o adianta, n\u00e3o conseguir\u00e3o dividir o povo que est\u00e1 de m\u00e3os dadas.<\/p>\n\n\n\n<div class=\"wp-block-image\"><figure class=\"aligncenter size-large is-resized\"><img loading=\"lazy\" decoding=\"async\" src=\"https:\/\/jornalfatosenoticias.com.br\/wp-content\/uploads\/2022\/07\/Logo-Grupo-SEI.jpg\" alt=\"\" class=\"wp-image-31973\" width=\"360\" height=\"189\" srcset=\"https:\/\/jornalfatosenoticias.com.br\/wp-content\/uploads\/2022\/07\/Logo-Grupo-SEI.jpg 713w, https:\/\/jornalfatosenoticias.com.br\/wp-content\/uploads\/2022\/07\/Logo-Grupo-SEI-300x158.jpg 300w\" sizes=\"auto, (max-width: 360px) 100vw, 360px\" \/><\/figure><\/div>\n\n\n\n<p>Historicamente, sabemos que a regi\u00e3o nordestina, por d\u00e9cadas e d\u00e9cadas, antes do atual governo, viveu enganada e explorada por fam\u00edlias tradicionais e, segundo o historiador Jos\u00e9 Oct\u00e1vio de Arruda Mello, professor aposentado da Universidade Federal da Para\u00edba, o predom\u00ednio de determinadas fam\u00edlias na pol\u00edtica nordestina mostra o coronelismo bem vivo na regi\u00e3o at\u00e9 os dias atuais.<br>Hoje n\u00e3o tem o bico de pena, o voto de cabresto, mas de forma bem expressiva, existe um sistema de alian\u00e7a. Segundo o professor, \u201cantes, o coronel tradicional tinha uma cartucheira atravessada no peito, j\u00e1 o neocoronel \u00e9 um homem urbano, bacharel, pessoa ilustrada, que sabe onde est\u00e1 o peso da m\u00e1quina e rateia, com seus representantes, posi\u00e7\u00f5es decis\u00f3rias em diretorias como o judici\u00e1rio, as C\u00e2maras e as Assembleias\u201d.<\/p>\n\n\n\n<div class=\"wp-block-image\"><figure class=\"alignleft size-large\"><img loading=\"lazy\" decoding=\"async\" width=\"300\" height=\"300\" src=\"https:\/\/jornalfatosenoticias.com.br\/wp-content\/uploads\/2020\/02\/casa-do-torresmo_portal.jpg\" alt=\"\" class=\"wp-image-34472\" srcset=\"https:\/\/jornalfatosenoticias.com.br\/wp-content\/uploads\/2020\/02\/casa-do-torresmo_portal.jpg 300w, https:\/\/jornalfatosenoticias.com.br\/wp-content\/uploads\/2020\/02\/casa-do-torresmo_portal-150x150.jpg 150w\" sizes=\"auto, (max-width: 300px) 100vw, 300px\" \/><\/figure><\/div>\n\n\n\n<p>Mas as coisas est\u00e3o mudando, e para melhor! Com um olhar especial para a regi\u00e3o, o Governo Federal tem investido muito na agricultura e no fornecimento de \u00e1gua pot\u00e1vel \u00e0s fam\u00edlias, concluiu a obra de Transposi\u00e7\u00e3o do Rio S\u00e3o Francisco \u2014 ap\u00f3s mais de uma d\u00e9cada abandonada pelos desgovernos petistas \u2014 e est\u00e1 concluindo, quase na sua totalidade, as constru\u00e7\u00f5es de cisternas, sistema que garante o acesso \u00e0 \u00e1gua das fam\u00edlias que ainda convivem com a seca.<br>Na infraestrutura, a falta de investimentos nas \u00faltimas d\u00e9cadas, e obras inacabadas, desencadeou a necessidade emergencial na agenda de privatiza\u00e7\u00e3o, o que levou o governo Bolsonaro, por meio do Programa de Parcerias de investimento, investir R$ 797,4 bilh\u00f5es na \u00e1rea.<\/p>\n\n\n\n<div class=\"wp-block-image\"><figure class=\"aligncenter size-large is-resized\"><img loading=\"lazy\" decoding=\"async\" src=\"https:\/\/jornalfatosenoticias.com.br\/wp-content\/uploads\/2020\/02\/Serra-Grande-1024x160.png\" alt=\"\" class=\"wp-image-7836\" width=\"580\" height=\"90\"\/><\/figure><\/div>\n\n\n\n<p>J\u00e1 na educa\u00e7\u00e3o, n\u00e3o s\u00f3 no Nordeste como tamb\u00e9m no Norte, o ensino fundamental receber\u00e1 investimentos da ordem de R$1,2 bilh\u00e3o. Em maio deste ano, o ministro Victor Godoy, anunciou o investimento durante o maior evento latino-americano de educa\u00e7\u00e3o, a BETT Brasil 2022. Segundo o ministro \u201co objetivo do projeto \u00e9 apoiar governos estaduais e municipais em duas frentes. A primeira delas diz respeito \u00e0 recupera\u00e7\u00e3o das aprendizagens perdidas durante a pandemia no ensino fundamental e a outra \u00e9 promover a resili\u00eancia na gest\u00e3o educacional\u201d.<\/p>\n\n\n\n<div class=\"wp-block-image\"><figure class=\"aligncenter size-large is-resized\"><img loading=\"lazy\" decoding=\"async\" src=\"https:\/\/jornalfatosenoticias.com.br\/wp-content\/uploads\/2020\/02\/logo-Panper_portal.jpg\" alt=\"\" class=\"wp-image-34474\" width=\"316\" height=\"219\" srcset=\"https:\/\/jornalfatosenoticias.com.br\/wp-content\/uploads\/2020\/02\/logo-Panper_portal.jpg 400w, https:\/\/jornalfatosenoticias.com.br\/wp-content\/uploads\/2020\/02\/logo-Panper_portal-300x208.jpg 300w\" sizes=\"auto, (max-width: 316px) 100vw, 316px\" \/><\/figure><\/div>\n\n\n\n<p>Portanto, qualquer narrativa contr\u00e1ria \u00e0 realidade atual deve ser ignorada. O que a esquerda gosta mesmo \u00e9 de desordem e, a todo custo, transformar o Brasil numa Argentina, ou em pa\u00edses como o Chile, a Nicar\u00e1gua, a Venezuela ou numa Cuba.<\/p>\n\n\n\n<div class=\"wp-block-image\"><figure class=\"aligncenter size-large\"><img loading=\"lazy\" decoding=\"async\" width=\"1024\" height=\"100\" src=\"https:\/\/jornalfatosenoticias.com.br\/wp-content\/uploads\/2020\/02\/banner_ferramentas-1024x100.jpg\" alt=\"\" class=\"wp-image-1258\" srcset=\"https:\/\/jornalfatosenoticias.com.br\/wp-content\/uploads\/2020\/02\/banner_ferramentas-1024x100.jpg 1024w, https:\/\/jornalfatosenoticias.com.br\/wp-content\/uploads\/2020\/02\/banner_ferramentas-300x29.jpg 300w, https:\/\/jornalfatosenoticias.com.br\/wp-content\/uploads\/2020\/02\/banner_ferramentas-768x75.jpg 768w, https:\/\/jornalfatosenoticias.com.br\/wp-content\/uploads\/2020\/02\/banner_ferramentas.jpg 1227w\" sizes=\"auto, (max-width: 1024px) 100vw, 1024px\" \/><\/figure><\/div>\n\n\n\n<figure class=\"wp-block-image size-large\"><img loading=\"lazy\" decoding=\"async\" width=\"1000\" height=\"562\" src=\"https:\/\/jornalfatosenoticias.com.br\/wp-content\/uploads\/2022\/10\/bolsonaro-transposicao-do-sao-francisco.jpg\" alt=\"\" class=\"wp-image-34894\" srcset=\"https:\/\/jornalfatosenoticias.com.br\/wp-content\/uploads\/2022\/10\/bolsonaro-transposicao-do-sao-francisco.jpg 1000w, https:\/\/jornalfatosenoticias.com.br\/wp-content\/uploads\/2022\/10\/bolsonaro-transposicao-do-sao-francisco-300x169.jpg 300w, https:\/\/jornalfatosenoticias.com.br\/wp-content\/uploads\/2022\/10\/bolsonaro-transposicao-do-sao-francisco-768x432.jpg 768w\" sizes=\"auto, (max-width: 1000px) 100vw, 1000px\" \/><figcaption><em><span class=\"has-inline-color has-black-color\">O Presidente Jair Bolsonaro esteve em Sert\u00e2nia (PE), em 2019, para participar da cerim\u00f4nia de acionamento das comportas do 1\u00ba trecho do Ramal do Agreste. A estrutura vai distribuir a \u00e1gua do Eixo Leste do projeto do Rio S\u00e3o Francisco para 2,2 milh\u00f5es de pessoas (Foto: Presid\u00eancia da Rep\u00fablica)<\/span><\/em><\/figcaption><\/figure>\n\n\n\n<div class=\"wp-block-image\"><figure class=\"alignright size-large is-resized\"><img loading=\"lazy\" decoding=\"async\" src=\"https:\/\/jornalfatosenoticias.com.br\/wp-content\/uploads\/2020\/02\/nova-logo-Marquetti.jpg\" alt=\"\" class=\"wp-image-22331\" width=\"328\" height=\"220\" srcset=\"https:\/\/jornalfatosenoticias.com.br\/wp-content\/uploads\/2020\/02\/nova-logo-Marquetti.jpg 643w, https:\/\/jornalfatosenoticias.com.br\/wp-content\/uploads\/2020\/02\/nova-logo-Marquetti-300x202.jpg 300w\" sizes=\"auto, (max-width: 328px) 100vw, 328px\" \/><\/figure><\/div>\n\n\n\n<p>O Brasil despertou, tanto que, para a maioria dos brasileiros, est\u00e1 mais que claro que o grande c\u00e2ncer do Pa\u00eds sempre foi a corrup\u00e7\u00e3o, bras\u00e3o do Partido dos Trabalhadores (PT), combatida arduamente pelo atual governo, da\u00ed, o inc\u00f4modo da esquerda, formada pelo ex-presidi\u00e1rio Lula da Silva e seus fracassados apoiadores artistas globais, sindicalistas e, aos mais novos velhos membros do clube \u2014 o que n\u00e3o \u00e9 exatamente uma novidade para os brasileiros \u2014 Ciro Gomes, Simone Tebet, Fernando Henrique Cardoso e companhia, sem citar os mais ferrenhos ativistas pol\u00edticos, os ministros do Supremo Tribunal Federal (STF), com o comando do autointitulado todo-poderoso, Alexandre de Moraes.<\/p>\n\n\n\n<div class=\"wp-block-image\"><figure class=\"aligncenter size-large\"><img loading=\"lazy\" decoding=\"async\" width=\"1024\" height=\"100\" src=\"https:\/\/jornalfatosenoticias.com.br\/wp-content\/uploads\/2022\/05\/NOVA-LOGO-CESCONETTO-1024x100.jpg\" alt=\"\" class=\"wp-image-30792\" srcset=\"https:\/\/jornalfatosenoticias.com.br\/wp-content\/uploads\/2022\/05\/NOVA-LOGO-CESCONETTO-1024x100.jpg 1024w, https:\/\/jornalfatosenoticias.com.br\/wp-content\/uploads\/2022\/05\/NOVA-LOGO-CESCONETTO-300x29.jpg 300w, https:\/\/jornalfatosenoticias.com.br\/wp-content\/uploads\/2022\/05\/NOVA-LOGO-CESCONETTO-768x75.jpg 768w, https:\/\/jornalfatosenoticias.com.br\/wp-content\/uploads\/2022\/05\/NOVA-LOGO-CESCONETTO.jpg 1280w\" sizes=\"auto, (max-width: 1024px) 100vw, 1024px\" \/><\/figure><\/div>\n\n\n\n<p>Como resultado e tristeza da esquerda, o Brasil conservador foi o grande vencedor do primeiro turno. Elegemos oito governadores no \u00faltimo dia 02 e elegeremos mais oito no segundo turno. A direita ter\u00e1 maioria no Congresso Nacional com a nova composi\u00e7\u00e3o parlamentar o que nos enche de esperan\u00e7a para uma nova postura, bem diferente da atual composi\u00e7\u00e3o. Pedidos de impeachment de ministros do STF ser\u00e3o exigidos pela maioria, e o presidente Rodrigo Pacheco dever\u00e1 atender.<\/p>\n\n\n\n<div class=\"wp-block-image\"><figure class=\"aligncenter size-large\"><img loading=\"lazy\" decoding=\"async\" width=\"300\" height=\"250\" src=\"https:\/\/jornalfatosenoticias.com.br\/wp-content\/uploads\/2022\/08\/arte-Casarao.jpg\" alt=\"\" class=\"wp-image-33178\"\/><\/figure><\/div>\n\n\n\n<p>Ao povo nordestino, a qual perten\u00e7o com muito orgulho, o momento \u00e9 de uni\u00e3o, n\u00e3o podemos nos deixar levar por falsas narrativas e fake news da esquerda, o Brasil est\u00e1 muito acima de um partido corrupto que vem tentando retomar ao poder. O Brasil est\u00e1 abra\u00e7ado com o Nordeste e o Nordeste, com o Brasil!<\/p>\n\n\n\n<div class=\"wp-block-image\"><figure class=\"aligncenter size-large is-resized\"><img loading=\"lazy\" decoding=\"async\" src=\"https:\/\/jornalfatosenoticias.com.br\/wp-content\/uploads\/2020\/02\/Logo-RC-Radiadores-Distribuidora-com-telefone-preto-1.jpg\" alt=\"\" class=\"wp-image-34852\" width=\"300\" height=\"308\"\/><\/figure><\/div>\n\n\n\n<p>Como disse muito bem o nosso presidente. \u201cNossos advers\u00e1rios s\u00f3 se prepararam para uma corrida de 100 metros. N\u00f3s estamos prontos para uma maratona. Vamos lutar com confian\u00e7a e com for\u00e7a cada vez maior, certos de que vamos prevalecer pela p\u00e1tria, pela fam\u00edlia, pela vida, pela liberdade e pela vontade de Deus!\u201d.<\/p>\n\n\n\n<div class=\"wp-block-image\"><figure class=\"aligncenter size-large is-resized\"><img loading=\"lazy\" decoding=\"async\" src=\"https:\/\/jornalfatosenoticias.com.br\/wp-content\/uploads\/2022\/08\/logo-locau-veiculos-1024x573.png\" alt=\"\" class=\"wp-image-33078\" width=\"319\" height=\"178\"\/><\/figure><\/div>\n\n\n\n<p>Outubro Verde e Amarelo \u2014 Chegou a hora de lutar pelo Pa\u00eds, \u00e9 hora de vestir a armadura patriota e estampar o amor \u00e0 P\u00e1tria!<\/p>\n","protected":false},"excerpt":{"rendered":"<p>O momento \u00e9 de uni\u00e3o, n\u00e3o podemos nos deixar levar por falsas narrativas e fake news da esquerda, o Brasil est\u00e1 muito acima de um partido corrupto que vem tentando retomar ao poder Inicio este artigo alertando a popula\u00e7\u00e3o para a falsa narrativa feita pela esquerda nas redes sociais acerca do povo nordestino, com o [&hellip;]<\/p>\n","protected":false},"author":3,"featured_media":34895,"comment_status":"open","ping_status":"open","sticky":false,"template":"","format":"standard","meta":{"footnotes":""},"categories":[10],"tags":[239,1346,6026,5927],"class_list":["post-34893","post","type-post","status-publish","format-standard","has-post-thumbnail","hentry","category-politica","tag-bolsonaro","tag-povo","tag-reeleicao","tag-segundo-turno"],"yoast_head":"<!-- This site is optimized with the Yoast SEO plugin v26.5 - https:\/\/yoast.com\/wordpress\/plugins\/seo\/ -->\n<title>O Brasil est\u00e1 mais unido que nunca - Jornal Fatos e Not\u00edcias<\/title>\n<meta name=\"robots\" content=\"index, follow, max-snippet:-1, max-image-preview:large, max-video-preview:-1\" \/>\n<link rel=\"canonical\" href=\"https:\/\/jornalfatosenoticias.com.br\/index.php\/2022\/10\/06\/o-brasil-esta-mais-unido-que-nunca\/\" \/>\n<meta property=\"og:locale\" content=\"pt_BR\" \/>\n<meta property=\"og:type\" content=\"article\" \/>\n<meta property=\"og:title\" content=\"O Brasil est\u00e1 mais unido que nunca - Jornal Fatos e Not\u00edcias\" \/>\n<meta property=\"og:description\" content=\"O momento \u00e9 de uni\u00e3o, n\u00e3o podemos nos deixar levar por falsas narrativas e fake news da esquerda, o Brasil est\u00e1 muito acima de um partido corrupto que vem tentando retomar ao poder Inicio este artigo alertando a popula\u00e7\u00e3o para a falsa narrativa feita pela esquerda nas redes sociais acerca do povo nordestino, com o [&hellip;]\" \/>\n<meta property=\"og:url\" content=\"https:\/\/jornalfatosenoticias.com.br\/index.php\/2022\/10\/06\/o-brasil-esta-mais-unido-que-nunca\/\" \/>\n<meta property=\"og:site_name\" content=\"Jornal Fatos e Not\u00edcias\" \/>\n<meta property=\"article:published_time\" content=\"2022-10-06T15:49:01+00:00\" \/>\n<meta property=\"article:modified_time\" content=\"2022-10-06T15:49:02+00:00\" \/>\n<meta property=\"og:image\" content=\"https:\/\/jornalfatosenoticias.com.br\/wp-content\/uploads\/2022\/10\/bolsonaro-no-nordeste-alagoas.jpg\" \/>\n\t<meta property=\"og:image:width\" content=\"1000\" \/>\n\t<meta property=\"og:image:height\" content=\"562\" \/>\n\t<meta property=\"og:image:type\" content=\"image\/jpeg\" \/>\n<meta name=\"author\" content=\"Haroldo Filho\" \/>\n<meta name=\"twitter:card\" content=\"summary_large_image\" \/>\n<meta name=\"twitter:label1\" content=\"Escrito por\" \/>\n\t<meta name=\"twitter:data1\" content=\"Haroldo Filho\" \/>\n\t<meta name=\"twitter:label2\" content=\"Est. tempo de leitura\" \/>\n\t<meta name=\"twitter:data2\" content=\"4 minutos\" \/>\n<script type=\"application\/ld+json\" class=\"yoast-schema-graph\">{\"@context\":\"https:\/\/schema.org\",\"@graph\":[{\"@type\":\"Article\",\"@id\":\"https:\/\/jornalfatosenoticias.com.br\/index.php\/2022\/10\/06\/o-brasil-esta-mais-unido-que-nunca\/#article\",\"isPartOf\":{\"@id\":\"https:\/\/jornalfatosenoticias.com.br\/index.php\/2022\/10\/06\/o-brasil-esta-mais-unido-que-nunca\/\"},\"author\":{\"name\":\"Haroldo Filho\",\"@id\":\"https:\/\/jornalfatosenoticias.com.br\/#\/schema\/person\/05c46cc25b42a5c27e004fb0fa6b4965\"},\"headline\":\"O Brasil est\u00e1 mais unido que nunca\",\"datePublished\":\"2022-10-06T15:49:01+00:00\",\"dateModified\":\"2022-10-06T15:49:02+00:00\",\"mainEntityOfPage\":{\"@id\":\"https:\/\/jornalfatosenoticias.com.br\/index.php\/2022\/10\/06\/o-brasil-esta-mais-unido-que-nunca\/\"},\"wordCount\":899,\"commentCount\":0,\"publisher\":{\"@id\":\"https:\/\/jornalfatosenoticias.com.br\/#organization\"},\"image\":{\"@id\":\"https:\/\/jornalfatosenoticias.com.br\/index.php\/2022\/10\/06\/o-brasil-esta-mais-unido-que-nunca\/#primaryimage\"},\"thumbnailUrl\":\"https:\/\/jornalfatosenoticias.com.br\/wp-content\/uploads\/2022\/10\/bolsonaro-no-nordeste-alagoas.jpg\",\"keywords\":[\"Bolsonaro\",\"povo\",\"reelei\u00e7\u00e3o\",\"segundo turno\"],\"articleSection\":[\"Pol\u00edtica\"],\"inLanguage\":\"pt-BR\",\"potentialAction\":[{\"@type\":\"CommentAction\",\"name\":\"Comment\",\"target\":[\"https:\/\/jornalfatosenoticias.com.br\/index.php\/2022\/10\/06\/o-brasil-esta-mais-unido-que-nunca\/#respond\"]}]},{\"@type\":\"WebPage\",\"@id\":\"https:\/\/jornalfatosenoticias.com.br\/index.php\/2022\/10\/06\/o-brasil-esta-mais-unido-que-nunca\/\",\"url\":\"https:\/\/jornalfatosenoticias.com.br\/index.php\/2022\/10\/06\/o-brasil-esta-mais-unido-que-nunca\/\",\"name\":\"O Brasil est\u00e1 mais unido que nunca - Jornal Fatos e Not\u00edcias\",\"isPartOf\":{\"@id\":\"https:\/\/jornalfatosenoticias.com.br\/#website\"},\"primaryImageOfPage\":{\"@id\":\"https:\/\/jornalfatosenoticias.com.br\/index.php\/2022\/10\/06\/o-brasil-esta-mais-unido-que-nunca\/#primaryimage\"},\"image\":{\"@id\":\"https:\/\/jornalfatosenoticias.com.br\/index.php\/2022\/10\/06\/o-brasil-esta-mais-unido-que-nunca\/#primaryimage\"},\"thumbnailUrl\":\"https:\/\/jornalfatosenoticias.com.br\/wp-content\/uploads\/2022\/10\/bolsonaro-no-nordeste-alagoas.jpg\",\"datePublished\":\"2022-10-06T15:49:01+00:00\",\"dateModified\":\"2022-10-06T15:49:02+00:00\",\"breadcrumb\":{\"@id\":\"https:\/\/jornalfatosenoticias.com.br\/index.php\/2022\/10\/06\/o-brasil-esta-mais-unido-que-nunca\/#breadcrumb\"},\"inLanguage\":\"pt-BR\",\"potentialAction\":[{\"@type\":\"ReadAction\",\"target\":[\"https:\/\/jornalfatosenoticias.com.br\/index.php\/2022\/10\/06\/o-brasil-esta-mais-unido-que-nunca\/\"]}]},{\"@type\":\"ImageObject\",\"inLanguage\":\"pt-BR\",\"@id\":\"https:\/\/jornalfatosenoticias.com.br\/index.php\/2022\/10\/06\/o-brasil-esta-mais-unido-que-nunca\/#primaryimage\",\"url\":\"https:\/\/jornalfatosenoticias.com.br\/wp-content\/uploads\/2022\/10\/bolsonaro-no-nordeste-alagoas.jpg\",\"contentUrl\":\"https:\/\/jornalfatosenoticias.com.br\/wp-content\/uploads\/2022\/10\/bolsonaro-no-nordeste-alagoas.jpg\",\"width\":1000,\"height\":562,\"caption\":\"(Propri\u00e1 - SE, 28\/01\/2021) Presidente da Rep\u00fablica, Jair Bolsonaro recebe os cumprimentos de populares. Foto: Alan Santos\/PR\"},{\"@type\":\"BreadcrumbList\",\"@id\":\"https:\/\/jornalfatosenoticias.com.br\/index.php\/2022\/10\/06\/o-brasil-esta-mais-unido-que-nunca\/#breadcrumb\",\"itemListElement\":[{\"@type\":\"ListItem\",\"position\":1,\"name\":\"In\u00edcio\",\"item\":\"https:\/\/jornalfatosenoticias.com.br\/\"},{\"@type\":\"ListItem\",\"position\":2,\"name\":\"O Brasil est\u00e1 mais unido que nunca\"}]},{\"@type\":\"WebSite\",\"@id\":\"https:\/\/jornalfatosenoticias.com.br\/#website\",\"url\":\"https:\/\/jornalfatosenoticias.com.br\/\",\"name\":\"Jornal Fatos e Not\u00edcias\",\"description\":\"Not\u00edcias em geral\",\"publisher\":{\"@id\":\"https:\/\/jornalfatosenoticias.com.br\/#organization\"},\"potentialAction\":[{\"@type\":\"SearchAction\",\"target\":{\"@type\":\"EntryPoint\",\"urlTemplate\":\"https:\/\/jornalfatosenoticias.com.br\/?s={search_term_string}\"},\"query-input\":{\"@type\":\"PropertyValueSpecification\",\"valueRequired\":true,\"valueName\":\"search_term_string\"}}],\"inLanguage\":\"pt-BR\"},{\"@type\":\"Organization\",\"@id\":\"https:\/\/jornalfatosenoticias.com.br\/#organization\",\"name\":\"Jornal Fatos e Not\u00edcias\",\"url\":\"https:\/\/jornalfatosenoticias.com.br\/\",\"logo\":{\"@type\":\"ImageObject\",\"inLanguage\":\"pt-BR\",\"@id\":\"https:\/\/jornalfatosenoticias.com.br\/#\/schema\/logo\/image\/\",\"url\":\"https:\/\/jornalfatosenoticias.com.br\/wp-content\/uploads\/2020\/02\/logo120.png\",\"contentUrl\":\"https:\/\/jornalfatosenoticias.com.br\/wp-content\/uploads\/2020\/02\/logo120.png\",\"width\":1227,\"height\":120,\"caption\":\"Jornal Fatos e Not\u00edcias\"},\"image\":{\"@id\":\"https:\/\/jornalfatosenoticias.com.br\/#\/schema\/logo\/image\/\"}},{\"@type\":\"Person\",\"@id\":\"https:\/\/jornalfatosenoticias.com.br\/#\/schema\/person\/05c46cc25b42a5c27e004fb0fa6b4965\",\"name\":\"Haroldo Filho\",\"image\":{\"@type\":\"ImageObject\",\"inLanguage\":\"pt-BR\",\"@id\":\"https:\/\/jornalfatosenoticias.com.br\/#\/schema\/person\/image\/\",\"url\":\"https:\/\/jornalfatosenoticias.com.br\/wp-content\/uploads\/2025\/08\/WhatsApp-Image-2025-08-18-at-15.30.28-150x150.jpeg\",\"contentUrl\":\"https:\/\/jornalfatosenoticias.com.br\/wp-content\/uploads\/2025\/08\/WhatsApp-Image-2025-08-18-at-15.30.28-150x150.jpeg\",\"caption\":\"Haroldo Filho\"},\"description\":\"Jornalista \u2013 DRT: 0003818\/ES Coordenador-geral da ONG Educar para Crescer\",\"url\":\"https:\/\/jornalfatosenoticias.com.br\/index.php\/author\/haroldo\/\"}]}<\/script>\n<!-- \/ Yoast SEO plugin. -->","yoast_head_json":{"title":"O Brasil est\u00e1 mais unido que nunca - Jornal Fatos e Not\u00edcias","robots":{"index":"index","follow":"follow","max-snippet":"max-snippet:-1","max-image-preview":"max-image-preview:large","max-video-preview":"max-video-preview:-1"},"canonical":"https:\/\/jornalfatosenoticias.com.br\/index.php\/2022\/10\/06\/o-brasil-esta-mais-unido-que-nunca\/","og_locale":"pt_BR","og_type":"article","og_title":"O Brasil est\u00e1 mais unido que nunca - Jornal Fatos e Not\u00edcias","og_description":"O momento \u00e9 de uni\u00e3o, n\u00e3o podemos nos deixar levar por falsas narrativas e fake news da esquerda, o Brasil est\u00e1 muito acima de um partido corrupto que vem tentando retomar ao poder Inicio este artigo alertando a popula\u00e7\u00e3o para a falsa narrativa feita pela esquerda nas redes sociais acerca do povo nordestino, com o [&hellip;]","og_url":"https:\/\/jornalfatosenoticias.com.br\/index.php\/2022\/10\/06\/o-brasil-esta-mais-unido-que-nunca\/","og_site_name":"Jornal Fatos e Not\u00edcias","article_published_time":"2022-10-06T15:49:01+00:00","article_modified_time":"2022-10-06T15:49:02+00:00","og_image":[{"width":1000,"height":562,"url":"https:\/\/jornalfatosenoticias.com.br\/wp-content\/uploads\/2022\/10\/bolsonaro-no-nordeste-alagoas.jpg","type":"image\/jpeg"}],"author":"Haroldo Filho","twitter_card":"summary_large_image","twitter_misc":{"Escrito por":"Haroldo Filho","Est. tempo de leitura":"4 minutos"},"schema":{"@context":"https:\/\/schema.org","@graph":[{"@type":"Article","@id":"https:\/\/jornalfatosenoticias.com.br\/index.php\/2022\/10\/06\/o-brasil-esta-mais-unido-que-nunca\/#article","isPartOf":{"@id":"https:\/\/jornalfatosenoticias.com.br\/index.php\/2022\/10\/06\/o-brasil-esta-mais-unido-que-nunca\/"},"author":{"name":"Haroldo Filho","@id":"https:\/\/jornalfatosenoticias.com.br\/#\/schema\/person\/05c46cc25b42a5c27e004fb0fa6b4965"},"headline":"O Brasil est\u00e1 mais unido que nunca","datePublished":"2022-10-06T15:49:01+00:00","dateModified":"2022-10-06T15:49:02+00:00","mainEntityOfPage":{"@id":"https:\/\/jornalfatosenoticias.com.br\/index.php\/2022\/10\/06\/o-brasil-esta-mais-unido-que-nunca\/"},"wordCount":899,"commentCount":0,"publisher":{"@id":"https:\/\/jornalfatosenoticias.com.br\/#organization"},"image":{"@id":"https:\/\/jornalfatosenoticias.com.br\/index.php\/2022\/10\/06\/o-brasil-esta-mais-unido-que-nunca\/#primaryimage"},"thumbnailUrl":"https:\/\/jornalfatosenoticias.com.br\/wp-content\/uploads\/2022\/10\/bolsonaro-no-nordeste-alagoas.jpg","keywords":["Bolsonaro","povo","reelei\u00e7\u00e3o","segundo turno"],"articleSection":["Pol\u00edtica"],"inLanguage":"pt-BR","potentialAction":[{"@type":"CommentAction","name":"Comment","target":["https:\/\/jornalfatosenoticias.com.br\/index.php\/2022\/10\/06\/o-brasil-esta-mais-unido-que-nunca\/#respond"]}]},{"@type":"WebPage","@id":"https:\/\/jornalfatosenoticias.com.br\/index.php\/2022\/10\/06\/o-brasil-esta-mais-unido-que-nunca\/","url":"https:\/\/jornalfatosenoticias.com.br\/index.php\/2022\/10\/06\/o-brasil-esta-mais-unido-que-nunca\/","name":"O Brasil est\u00e1 mais unido que nunca - Jornal Fatos e Not\u00edcias","isPartOf":{"@id":"https:\/\/jornalfatosenoticias.com.br\/#website"},"primaryImageOfPage":{"@id":"https:\/\/jornalfatosenoticias.com.br\/index.php\/2022\/10\/06\/o-brasil-esta-mais-unido-que-nunca\/#primaryimage"},"image":{"@id":"https:\/\/jornalfatosenoticias.com.br\/index.php\/2022\/10\/06\/o-brasil-esta-mais-unido-que-nunca\/#primaryimage"},"thumbnailUrl":"https:\/\/jornalfatosenoticias.com.br\/wp-content\/uploads\/2022\/10\/bolsonaro-no-nordeste-alagoas.jpg","datePublished":"2022-10-06T15:49:01+00:00","dateModified":"2022-10-06T15:49:02+00:00","breadcrumb":{"@id":"https:\/\/jornalfatosenoticias.com.br\/index.php\/2022\/10\/06\/o-brasil-esta-mais-unido-que-nunca\/#breadcrumb"},"inLanguage":"pt-BR","potentialAction":[{"@type":"ReadAction","target":["https:\/\/jornalfatosenoticias.com.br\/index.php\/2022\/10\/06\/o-brasil-esta-mais-unido-que-nunca\/"]}]},{"@type":"ImageObject","inLanguage":"pt-BR","@id":"https:\/\/jornalfatosenoticias.com.br\/index.php\/2022\/10\/06\/o-brasil-esta-mais-unido-que-nunca\/#primaryimage","url":"https:\/\/jornalfatosenoticias.com.br\/wp-content\/uploads\/2022\/10\/bolsonaro-no-nordeste-alagoas.jpg","contentUrl":"https:\/\/jornalfatosenoticias.com.br\/wp-content\/uploads\/2022\/10\/bolsonaro-no-nordeste-alagoas.jpg","width":1000,"height":562,"caption":"(Propri\u00e1 - SE, 28\/01\/2021) Presidente da Rep\u00fablica, Jair Bolsonaro recebe os cumprimentos de populares. Foto: Alan Santos\/PR"},{"@type":"BreadcrumbList","@id":"https:\/\/jornalfatosenoticias.com.br\/index.php\/2022\/10\/06\/o-brasil-esta-mais-unido-que-nunca\/#breadcrumb","itemListElement":[{"@type":"ListItem","position":1,"name":"In\u00edcio","item":"https:\/\/jornalfatosenoticias.com.br\/"},{"@type":"ListItem","position":2,"name":"O Brasil est\u00e1 mais unido que nunca"}]},{"@type":"WebSite","@id":"https:\/\/jornalfatosenoticias.com.br\/#website","url":"https:\/\/jornalfatosenoticias.com.br\/","name":"Jornal Fatos e Not\u00edcias","description":"Not\u00edcias em geral","publisher":{"@id":"https:\/\/jornalfatosenoticias.com.br\/#organization"},"potentialAction":[{"@type":"SearchAction","target":{"@type":"EntryPoint","urlTemplate":"https:\/\/jornalfatosenoticias.com.br\/?s={search_term_string}"},"query-input":{"@type":"PropertyValueSpecification","valueRequired":true,"valueName":"search_term_string"}}],"inLanguage":"pt-BR"},{"@type":"Organization","@id":"https:\/\/jornalfatosenoticias.com.br\/#organization","name":"Jornal Fatos e Not\u00edcias","url":"https:\/\/jornalfatosenoticias.com.br\/","logo":{"@type":"ImageObject","inLanguage":"pt-BR","@id":"https:\/\/jornalfatosenoticias.com.br\/#\/schema\/logo\/image\/","url":"https:\/\/jornalfatosenoticias.com.br\/wp-content\/uploads\/2020\/02\/logo120.png","contentUrl":"https:\/\/jornalfatosenoticias.com.br\/wp-content\/uploads\/2020\/02\/logo120.png","width":1227,"height":120,"caption":"Jornal Fatos e Not\u00edcias"},"image":{"@id":"https:\/\/jornalfatosenoticias.com.br\/#\/schema\/logo\/image\/"}},{"@type":"Person","@id":"https:\/\/jornalfatosenoticias.com.br\/#\/schema\/person\/05c46cc25b42a5c27e004fb0fa6b4965","name":"Haroldo Filho","image":{"@type":"ImageObject","inLanguage":"pt-BR","@id":"https:\/\/jornalfatosenoticias.com.br\/#\/schema\/person\/image\/","url":"https:\/\/jornalfatosenoticias.com.br\/wp-content\/uploads\/2025\/08\/WhatsApp-Image-2025-08-18-at-15.30.28-150x150.jpeg","contentUrl":"https:\/\/jornalfatosenoticias.com.br\/wp-content\/uploads\/2025\/08\/WhatsApp-Image-2025-08-18-at-15.30.28-150x150.jpeg","caption":"Haroldo Filho"},"description":"Jornalista \u2013 DRT: 0003818\/ES Coordenador-geral da ONG Educar para Crescer","url":"https:\/\/jornalfatosenoticias.com.br\/index.php\/author\/haroldo\/"}]}},"cc_featured_image_caption":{"caption_text":"(Foto: Alan Santos\/PR) ","source_text":"","source_url":""},"jetpack_featured_media_url":"https:\/\/jornalfatosenoticias.com.br\/wp-content\/uploads\/2022\/10\/bolsonaro-no-nordeste-alagoas.jpg","_links":{"self":[{"href":"https:\/\/jornalfatosenoticias.com.br\/index.php\/wp-json\/wp\/v2\/posts\/34893","targetHints":{"allow":["GET"]}}],"collection":[{"href":"https:\/\/jornalfatosenoticias.com.br\/index.php\/wp-json\/wp\/v2\/posts"}],"about":[{"href":"https:\/\/jornalfatosenoticias.com.br\/index.php\/wp-json\/wp\/v2\/types\/post"}],"author":[{"embeddable":true,"href":"https:\/\/jornalfatosenoticias.com.br\/index.php\/wp-json\/wp\/v2\/users\/3"}],"replies":[{"embeddable":true,"href":"https:\/\/jornalfatosenoticias.com.br\/index.php\/wp-json\/wp\/v2\/comments?post=34893"}],"version-history":[{"count":0,"href":"https:\/\/jornalfatosenoticias.com.br\/index.php\/wp-json\/wp\/v2\/posts\/34893\/revisions"}],"wp:featuredmedia":[{"embeddable":true,"href":"https:\/\/jornalfatosenoticias.com.br\/index.php\/wp-json\/wp\/v2\/media\/34895"}],"wp:attachment":[{"href":"https:\/\/jornalfatosenoticias.com.br\/index.php\/wp-json\/wp\/v2\/media?parent=34893"}],"wp:term":[{"taxonomy":"category","embeddable":true,"href":"https:\/\/jornalfatosenoticias.com.br\/index.php\/wp-json\/wp\/v2\/categories?post=34893"},{"taxonomy":"post_tag","embeddable":true,"href":"https:\/\/jornalfatosenoticias.com.br\/index.php\/wp-json\/wp\/v2\/tags?post=34893"}],"curies":[{"name":"wp","href":"https:\/\/api.w.org\/{rel}","templated":true}]}}