{"id":34897,"date":"2022-10-06T12:59:38","date_gmt":"2022-10-06T15:59:38","guid":{"rendered":"https:\/\/jornalfatosenoticias.com.br\/?p=34897"},"modified":"2022-10-06T12:59:41","modified_gmt":"2022-10-06T15:59:41","slug":"como-cresce-uma-crianca-parte-xiii","status":"publish","type":"post","link":"https:\/\/jornalfatosenoticias.com.br\/index.php\/2022\/10\/06\/como-cresce-uma-crianca-parte-xiii\/","title":{"rendered":"Como cresce uma Crian\u00e7a? \u2014 Parte XIII"},"content":{"rendered":"\n<p><em><span class=\"has-inline-color has-black-color\">O adolescente vai adquirindo, gradativamente, a possibilidade de operar com muitas vari\u00e1veis, seu pensamento cient\u00edfico vai se consolidando<\/span><\/em><\/p>\n\n\n\n<div class=\"wp-block-image\"><figure class=\"aligncenter size-large\"><img loading=\"lazy\" decoding=\"async\" width=\"1024\" height=\"99\" src=\"https:\/\/jornalfatosenoticias.com.br\/wp-content\/uploads\/2020\/02\/Logo-Mizu-segunda-2-1024x99.png\" alt=\"\" class=\"wp-image-2353\" srcset=\"https:\/\/jornalfatosenoticias.com.br\/wp-content\/uploads\/2020\/02\/Logo-Mizu-segunda-2-1024x99.png 1024w, https:\/\/jornalfatosenoticias.com.br\/wp-content\/uploads\/2020\/02\/Logo-Mizu-segunda-2-300x29.png 300w, https:\/\/jornalfatosenoticias.com.br\/wp-content\/uploads\/2020\/02\/Logo-Mizu-segunda-2-768x74.png 768w, https:\/\/jornalfatosenoticias.com.br\/wp-content\/uploads\/2020\/02\/Logo-Mizu-segunda-2.png 1240w\" sizes=\"auto, (max-width: 1024px) 100vw, 1024px\" \/><\/figure><\/div>\n\n\n\n<p>Vimos como se d\u00e1 o crescimento da Crian\u00e7a. E, quando ela adquire as devidas habilidades motoras, cognitivas, lingu\u00edsticas, eis que se inicia uma verdadeira revolu\u00e7\u00e3o: a chegada da adolesc\u00eancia.<\/p>\n\n\n\n<div class=\"wp-block-image\"><figure class=\"aligncenter size-large\"><img loading=\"lazy\" decoding=\"async\" width=\"1024\" height=\"103\" src=\"https:\/\/jornalfatosenoticias.com.br\/wp-content\/uploads\/2022\/02\/Arte-Autoescola-Galatas_endereco_portal-1024x103.png\" alt=\"\" class=\"wp-image-27869\" srcset=\"https:\/\/jornalfatosenoticias.com.br\/wp-content\/uploads\/2022\/02\/Arte-Autoescola-Galatas_endereco_portal-1024x103.png 1024w, https:\/\/jornalfatosenoticias.com.br\/wp-content\/uploads\/2022\/02\/Arte-Autoescola-Galatas_endereco_portal-300x30.png 300w, https:\/\/jornalfatosenoticias.com.br\/wp-content\/uploads\/2022\/02\/Arte-Autoescola-Galatas_endereco_portal-768x77.png 768w, https:\/\/jornalfatosenoticias.com.br\/wp-content\/uploads\/2022\/02\/Arte-Autoescola-Galatas_endereco_portal.png 1223w\" sizes=\"auto, (max-width: 1024px) 100vw, 1024px\" \/><\/figure><\/div>\n\n\n\n<p>Precedida pela puberdade, per\u00edodo intermedi\u00e1rio quando o intenso movimento interno do corpo faz demolir a autoimagem para que uma reconstru\u00e7\u00e3o seja edificada, a Crian\u00e7a de ontem parece se perder do momento presente. Ela acorda um dia \u201cgrande\u201d, mas no outro, acorda \u201cpequena\u201d, numa oscila\u00e7\u00e3o em velocidade dif\u00edcil de acompanhar. Essa montanha-russa leva ao momento de se apartar da inf\u00e2ncia. Entre n\u00f3s, psicanalistas, \u00e9 comum se ouvir que o adolescente precisa matar os pais da inf\u00e2ncia, para que possa ser fundada uma rela\u00e7\u00e3o nova, de menos depend\u00eancia afetiva, menos depend\u00eancia de aprova\u00e7\u00e3o.<\/p>\n\n\n\n<div class=\"wp-block-image\"><figure class=\"aligncenter size-large\"><img decoding=\"async\" src=\"https:\/\/jornalfatosenoticias.com.br\/wp-content\/uploads\/2020\/02\/barao-das-carnes-300x164-1.jpg\" alt=\"\" class=\"wp-image-34339\"\/><\/figure><\/div>\n\n\n\n<p>Isso, geralmente, \u00e9 vivido pelo adolescente como uma necessidade de contesta\u00e7\u00e3o de tudo. Para se desprender da condi\u00e7\u00e3o de depend\u00eancia que atribui ao pai e \u00e0 m\u00e3e um status de onipot\u00eancia, de perfei\u00e7\u00e3o, o adolescente precisa demolir esse pedestal dos pais. Para quebrar esse conforto afetivo infantil, o adolescente passa a ser contra tudo. Todos est\u00e3o errados, ele est\u00e1 sempre certo, n\u00e3o aceita mais os modelos que seguia at\u00e9 ent\u00e3o. Anda em tribos que se vestem igual e t\u00eam uma l\u00edngua customizada, assim como os comportamentos e as roupas do grupo. Ou se isola de todos. Acredita que suas ideias v\u00e3o salvar o mundo. Mas seu desenvolvimento cognitivo ainda lhe prega pe\u00e7as. Est\u00e1 apenas iniciando a capacidade de operar pensamentos por racioc\u00ednio abstrato, prescindindo do dado concreto, aquele que lhe chegou por toda a inf\u00e2ncia atrav\u00e9s de seu sistema perceptivo de mundo. <\/p>\n\n\n\n<div class=\"wp-block-image\"><figure class=\"aligncenter size-large\"><img decoding=\"async\" src=\"https:\/\/jornalfatosenoticias.com.br\/wp-content\/uploads\/2020\/02\/logo-embacia-1-1024x110.jpg\" alt=\"\" class=\"wp-image-33954\"\/><\/figure><\/div>\n\n\n\n<p>Essa mudan\u00e7a, do racioc\u00ednio concreto para o in\u00edcio das opera\u00e7\u00f5es em racioc\u00ednio abstrato, amplia a capacidade de pensar, a vis\u00e3o de mundo come\u00e7a a crescer e ganhar qualidade em seu conte\u00fado. O adolescente vai adquirindo, gradativamente, a possibilidade de operar com muitas vari\u00e1veis, seu pensamento cient\u00edfico vai se consolidando.<\/p>\n\n\n\n<figure class=\"wp-block-image size-large\"><img loading=\"lazy\" decoding=\"async\" width=\"1000\" height=\"571\" src=\"https:\/\/jornalfatosenoticias.com.br\/wp-content\/uploads\/2022\/10\/amizade-grupo-jovens.jpg\" alt=\"\" class=\"wp-image-34899\" srcset=\"https:\/\/jornalfatosenoticias.com.br\/wp-content\/uploads\/2022\/10\/amizade-grupo-jovens.jpg 1000w, https:\/\/jornalfatosenoticias.com.br\/wp-content\/uploads\/2022\/10\/amizade-grupo-jovens-300x171.jpg 300w, https:\/\/jornalfatosenoticias.com.br\/wp-content\/uploads\/2022\/10\/amizade-grupo-jovens-768x439.jpg 768w\" sizes=\"auto, (max-width: 1000px) 100vw, 1000px\" \/><figcaption><em><span class=\"has-inline-color has-black-color\">Anda em tribos que se vestem igual e t\u00eam uma l\u00edngua customizada, assim como os comportamentos e as roupas do grupo (Foto: Shutterstock)<\/span><\/em><\/figcaption><\/figure>\n\n\n\n<div class=\"wp-block-image\"><figure class=\"alignleft size-large is-resized\"><img loading=\"lazy\" decoding=\"async\" src=\"https:\/\/jornalfatosenoticias.com.br\/wp-content\/uploads\/2020\/02\/logo-clinica-limoeiro.jpg\" alt=\"\" class=\"wp-image-34610\" width=\"348\" height=\"247\"\/><\/figure><\/div>\n\n\n\n<p>At\u00e9 os 25 anos, para al\u00e9m da adolesc\u00eancia, o desenvolvimento cognitivo se completar\u00e1. Grandes decis\u00f5es, filhos, casamento, vida no crime, identidade de g\u00eanero, por exemplo, tomadas antes do desenvolvimento cognitivo pleno, podem ser, parcialmente, prejudicadas em alguma coisa por essa incompletude. No entanto, isso n\u00e3o quer dizer que n\u00e3o possa haver, posteriormente, uma boa adapta\u00e7\u00e3o \u00e0quela falta no momento da decis\u00e3o tomada precocemente. Afinal, os erros nos ensinam muito, tamb\u00e9m. <\/p>\n\n\n\n<div class=\"wp-block-image\"><figure class=\"aligncenter size-large\"><img decoding=\"async\" src=\"https:\/\/jornalfatosenoticias.com.br\/wp-content\/uploads\/2020\/02\/logo_esteio.jpg\" alt=\"\" class=\"wp-image-1214\"\/><\/figure><\/div>\n\n\n\n<p>Guardamos a impress\u00e3o equivocada que o desenvolvimento termina com o crescimento da estatura, mas ele come\u00e7a antes, os horm\u00f4nios t\u00eam sua produ\u00e7\u00e3o iniciada aos dois anos, e n\u00f3s n\u00e3o vemos, e termina depois, quando j\u00e1 estamos, por apar\u00eancia na idade adulta. As aquisi\u00e7\u00f5es est\u00e3o contidas na faixa et\u00e1ria que vai de zero a 18 anos, mas a cogni\u00e7\u00e3o plena precisa se edificar por mais algum tempo, at\u00e9 os 25 anos, mais ou menos. Ver faz parte da \u00e9gide do pensamento concreto. Muita coisa acontece sem ser vista concretamente.<\/p>\n\n\n\n<div class=\"wp-block-image\"><figure class=\"alignright size-large is-resized\"><img loading=\"lazy\" decoding=\"async\" src=\"https:\/\/jornalfatosenoticias.com.br\/wp-content\/uploads\/2022\/02\/Precisao-Contabilidade-1024x724.jpg\" alt=\"\" class=\"wp-image-28088\" width=\"315\" height=\"222\"\/><\/figure><\/div>\n\n\n\n<p>As aquisi\u00e7\u00f5es est\u00e3o contidas na faixa et\u00e1ria que vai de zero a 18 anos, e podem ser constatadas por simples observa\u00e7\u00e3o. Mas a cogni\u00e7\u00e3o plena precisa se edificar por mais algum tempo, at\u00e9 os 25 anos, mais ou menos. Ver com os olhos faz parte da \u00e9gide do pensamento concreto. Contudo, muita coisa acontece sem ser vista concretamente.<br>O crescimento motor, o cognitivo o lingu\u00edstico, o afetivo que perpassa a todos os setores, o desenvolvimento do sistema nervoso, no seu aspecto fisiol\u00f3gico e no aspecto funcional das estruturas neuronais, foram objeto de nossas reflex\u00f5es. Olhamos para o<em> Impacto de Extremo Estresse<\/em>, tendo a repeti\u00e7\u00e3o de pr\u00e1ticas abjetas como fator cumulativo de trauma permanente, com as sequelas de atrofias f\u00edsicas e disfun\u00e7\u00f5es de estruturas cerebrais que humanizam e socializam o ser humano.<\/p>\n\n\n\n<div class=\"wp-block-image\"><figure class=\"aligncenter size-large\"><img loading=\"lazy\" decoding=\"async\" width=\"1024\" height=\"100\" src=\"https:\/\/jornalfatosenoticias.com.br\/wp-content\/uploads\/2022\/05\/NOVA-LOGO-CESCONETTO-1024x100.jpg\" alt=\"\" class=\"wp-image-30792\" srcset=\"https:\/\/jornalfatosenoticias.com.br\/wp-content\/uploads\/2022\/05\/NOVA-LOGO-CESCONETTO-1024x100.jpg 1024w, https:\/\/jornalfatosenoticias.com.br\/wp-content\/uploads\/2022\/05\/NOVA-LOGO-CESCONETTO-300x29.jpg 300w, https:\/\/jornalfatosenoticias.com.br\/wp-content\/uploads\/2022\/05\/NOVA-LOGO-CESCONETTO-768x75.jpg 768w, https:\/\/jornalfatosenoticias.com.br\/wp-content\/uploads\/2022\/05\/NOVA-LOGO-CESCONETTO.jpg 1280w\" sizes=\"auto, (max-width: 1024px) 100vw, 1024px\" \/><\/figure><\/div>\n\n\n\n<figure class=\"wp-block-image size-large\"><img loading=\"lazy\" decoding=\"async\" width=\"1000\" height=\"562\" src=\"https:\/\/jornalfatosenoticias.com.br\/wp-content\/uploads\/2022\/10\/mae-e-filho-adolescente.jpg\" alt=\"\" class=\"wp-image-34898\" srcset=\"https:\/\/jornalfatosenoticias.com.br\/wp-content\/uploads\/2022\/10\/mae-e-filho-adolescente.jpg 1000w, https:\/\/jornalfatosenoticias.com.br\/wp-content\/uploads\/2022\/10\/mae-e-filho-adolescente-300x169.jpg 300w, https:\/\/jornalfatosenoticias.com.br\/wp-content\/uploads\/2022\/10\/mae-e-filho-adolescente-768x432.jpg 768w\" sizes=\"auto, (max-width: 1000px) 100vw, 1000px\" \/><figcaption><em><span class=\"has-inline-color has-black-color\">Como entender o c\u00e9rebro adolescente e aproveitar mais a grande potencialidade dessa fase da vida? (Foto: Getty Images)<\/span><\/em><\/figcaption><\/figure>\n\n\n\n<div class=\"wp-block-image\"><figure class=\"alignleft size-large\"><img loading=\"lazy\" decoding=\"async\" width=\"300\" height=\"300\" src=\"https:\/\/jornalfatosenoticias.com.br\/wp-content\/uploads\/2020\/02\/casa-do-torresmo_portal.jpg\" alt=\"\" class=\"wp-image-34472\" srcset=\"https:\/\/jornalfatosenoticias.com.br\/wp-content\/uploads\/2020\/02\/casa-do-torresmo_portal.jpg 300w, https:\/\/jornalfatosenoticias.com.br\/wp-content\/uploads\/2020\/02\/casa-do-torresmo_portal-150x150.jpg 150w\" sizes=\"auto, (max-width: 300px) 100vw, 300px\" \/><\/figure><\/div>\n\n\n\n<p>O corpo \u00e9 nosso \u00fanico bem inalien\u00e1vel que possu\u00edmos. \u00c9 concreto. Mas necessita ter a sua representa\u00e7\u00e3o em imagem mental. Faz-se necess\u00e1rio que ele esteja funcionando em relativa harmonia, o corpo real e o corpo mental, numa rela\u00e7\u00e3o estruturada, \u00edntima e querida, sem estranhamentos causados por viola\u00e7\u00f5es.<br>Um corpo violado \u00e9 tamb\u00e9m uma mente violada. \u00c9 sentido como estranho, com um peda\u00e7o do violador presente e dominando, como sujo e vexaminoso. N\u00e3o \u00e9 reconhecido como pertencido nem pertencente, quebrando assim a forma\u00e7\u00e3o da identidade em curso misturada ao desenvolvimento.<\/p>\n\n\n\n<div class=\"wp-block-image\"><figure class=\"aligncenter size-large\"><img loading=\"lazy\" decoding=\"async\" width=\"1024\" height=\"100\" src=\"https:\/\/jornalfatosenoticias.com.br\/wp-content\/uploads\/2020\/02\/banner_ferramentas-1024x100.jpg\" alt=\"\" class=\"wp-image-1258\" srcset=\"https:\/\/jornalfatosenoticias.com.br\/wp-content\/uploads\/2020\/02\/banner_ferramentas-1024x100.jpg 1024w, https:\/\/jornalfatosenoticias.com.br\/wp-content\/uploads\/2020\/02\/banner_ferramentas-300x29.jpg 300w, https:\/\/jornalfatosenoticias.com.br\/wp-content\/uploads\/2020\/02\/banner_ferramentas-768x75.jpg 768w, https:\/\/jornalfatosenoticias.com.br\/wp-content\/uploads\/2020\/02\/banner_ferramentas.jpg 1227w\" sizes=\"auto, (max-width: 1024px) 100vw, 1024px\" \/><\/figure><\/div>\n\n\n\n<p>Freud afirmou que h\u00e1 tr\u00eas tarefas de realiza\u00e7\u00e3o completa imposs\u00edvel. Educar, governar e psicanalisar. Ajudar a crescer \u00e9 mesmo muito dif\u00edcil. Os beb\u00eas chegam sem manual de instru\u00e7\u00e3o, cada filho \u00e9 \u00fanico, demandando sempre prontas respostas, quaisquer que sejam. Ajud\u00e1-los para terem capacidade responsiva, ajud\u00e1-los a construir c\u00f3digos de \u00c9tica, e Moral, abrir caminhos para que busquem um come\u00e7o de empatia, estimul\u00e1-los \u00e0 civilidade, para se humanizarem \u00e9 tarefa \u00e1rdua e \u00fanica a cada vez.<\/p>\n\n\n\n<div class=\"wp-block-image\"><figure class=\"aligncenter size-large is-resized\"><img loading=\"lazy\" decoding=\"async\" src=\"https:\/\/jornalfatosenoticias.com.br\/wp-content\/uploads\/2022\/07\/Logo-Grupo-SEI.jpg\" alt=\"\" class=\"wp-image-31973\" width=\"317\" height=\"166\" srcset=\"https:\/\/jornalfatosenoticias.com.br\/wp-content\/uploads\/2022\/07\/Logo-Grupo-SEI.jpg 713w, https:\/\/jornalfatosenoticias.com.br\/wp-content\/uploads\/2022\/07\/Logo-Grupo-SEI-300x158.jpg 300w\" sizes=\"auto, (max-width: 317px) 100vw, 317px\" \/><\/figure><\/div>\n\n\n\n<p>Uma Crian\u00e7a cresce como se fosse uma orquestra a tocar todos os instrumentos musicais para executar v\u00e1rias partituras e pe\u00e7as. Mas uma orquestra onde os m\u00fasicos nunca se viram, n\u00e3o se conheciam antes, e, \u00e9 tocando que passam a se conhecer. Porque a vida n\u00e3o tem ensaio.<\/p>\n","protected":false},"excerpt":{"rendered":"<p>O adolescente vai adquirindo, gradativamente, a possibilidade de operar com muitas vari\u00e1veis, seu pensamento cient\u00edfico vai se consolidando Vimos como se d\u00e1 o crescimento da Crian\u00e7a. E, quando ela adquire as devidas habilidades motoras, cognitivas, lingu\u00edsticas, eis que se inicia uma verdadeira revolu\u00e7\u00e3o: a chegada da adolesc\u00eancia. Precedida pela puberdade, per\u00edodo intermedi\u00e1rio quando o intenso [&hellip;]<\/p>\n","protected":false},"author":8,"featured_media":34900,"comment_status":"open","ping_status":"open","sticky":false,"template":"","format":"standard","meta":{"footnotes":""},"categories":[2522],"tags":[263,15685,5750],"class_list":["post-34897","post","type-post","status-publish","format-standard","has-post-thumbnail","hentry","category-comportamento","tag-adolescencia","tag-como-cresce-uma-crianca","tag-pensamentos"],"yoast_head":"<!-- This site is optimized with the Yoast SEO plugin v26.5 - https:\/\/yoast.com\/wordpress\/plugins\/seo\/ -->\n<title>Como cresce uma Crian\u00e7a? \u2014 Parte XIII - Jornal Fatos e Not\u00edcias<\/title>\n<meta name=\"robots\" content=\"index, follow, max-snippet:-1, max-image-preview:large, max-video-preview:-1\" \/>\n<link rel=\"canonical\" href=\"https:\/\/jornalfatosenoticias.com.br\/index.php\/2022\/10\/06\/como-cresce-uma-crianca-parte-xiii\/\" \/>\n<meta property=\"og:locale\" content=\"pt_BR\" \/>\n<meta property=\"og:type\" content=\"article\" \/>\n<meta property=\"og:title\" content=\"Como cresce uma Crian\u00e7a? \u2014 Parte XIII - Jornal Fatos e Not\u00edcias\" \/>\n<meta property=\"og:description\" content=\"O adolescente vai adquirindo, gradativamente, a possibilidade de operar com muitas vari\u00e1veis, seu pensamento cient\u00edfico vai se consolidando Vimos como se d\u00e1 o crescimento da Crian\u00e7a. E, quando ela adquire as devidas habilidades motoras, cognitivas, lingu\u00edsticas, eis que se inicia uma verdadeira revolu\u00e7\u00e3o: a chegada da adolesc\u00eancia. Precedida pela puberdade, per\u00edodo intermedi\u00e1rio quando o intenso [&hellip;]\" \/>\n<meta property=\"og:url\" content=\"https:\/\/jornalfatosenoticias.com.br\/index.php\/2022\/10\/06\/como-cresce-uma-crianca-parte-xiii\/\" \/>\n<meta property=\"og:site_name\" content=\"Jornal Fatos e Not\u00edcias\" \/>\n<meta property=\"article:published_time\" content=\"2022-10-06T15:59:38+00:00\" \/>\n<meta property=\"article:modified_time\" content=\"2022-10-06T15:59:41+00:00\" \/>\n<meta property=\"og:image\" content=\"https:\/\/jornalfatosenoticias.com.br\/wp-content\/uploads\/2022\/10\/adolescente-contestador.jpg\" \/>\n\t<meta property=\"og:image:width\" content=\"1000\" \/>\n\t<meta property=\"og:image:height\" content=\"704\" \/>\n\t<meta property=\"og:image:type\" content=\"image\/jpeg\" \/>\n<meta name=\"author\" content=\"Ana Maria Iencarelli\" \/>\n<meta name=\"twitter:card\" content=\"summary_large_image\" \/>\n<meta name=\"twitter:label1\" content=\"Escrito por\" \/>\n\t<meta name=\"twitter:data1\" content=\"Ana Maria Iencarelli\" \/>\n\t<meta name=\"twitter:label2\" content=\"Est. tempo de leitura\" \/>\n\t<meta name=\"twitter:data2\" content=\"5 minutos\" \/>\n<script type=\"application\/ld+json\" class=\"yoast-schema-graph\">{\"@context\":\"https:\/\/schema.org\",\"@graph\":[{\"@type\":\"Article\",\"@id\":\"https:\/\/jornalfatosenoticias.com.br\/index.php\/2022\/10\/06\/como-cresce-uma-crianca-parte-xiii\/#article\",\"isPartOf\":{\"@id\":\"https:\/\/jornalfatosenoticias.com.br\/index.php\/2022\/10\/06\/como-cresce-uma-crianca-parte-xiii\/\"},\"author\":{\"name\":\"Ana Maria Iencarelli\",\"@id\":\"https:\/\/jornalfatosenoticias.com.br\/#\/schema\/person\/c33fcf5fb02d729d3fec92c6737a22d1\"},\"headline\":\"Como cresce uma Crian\u00e7a? \u2014 Parte XIII\",\"datePublished\":\"2022-10-06T15:59:38+00:00\",\"dateModified\":\"2022-10-06T15:59:41+00:00\",\"mainEntityOfPage\":{\"@id\":\"https:\/\/jornalfatosenoticias.com.br\/index.php\/2022\/10\/06\/como-cresce-uma-crianca-parte-xiii\/\"},\"wordCount\":967,\"commentCount\":0,\"publisher\":{\"@id\":\"https:\/\/jornalfatosenoticias.com.br\/#organization\"},\"image\":{\"@id\":\"https:\/\/jornalfatosenoticias.com.br\/index.php\/2022\/10\/06\/como-cresce-uma-crianca-parte-xiii\/#primaryimage\"},\"thumbnailUrl\":\"https:\/\/jornalfatosenoticias.com.br\/wp-content\/uploads\/2022\/10\/adolescente-contestador.jpg\",\"keywords\":[\"adolesc\u00eancia\",\"como cresce uma crian\u00e7a\",\"pensamentos\"],\"articleSection\":[\"Comportamento &amp; Equil\u00edbrio\"],\"inLanguage\":\"pt-BR\",\"potentialAction\":[{\"@type\":\"CommentAction\",\"name\":\"Comment\",\"target\":[\"https:\/\/jornalfatosenoticias.com.br\/index.php\/2022\/10\/06\/como-cresce-uma-crianca-parte-xiii\/#respond\"]}]},{\"@type\":\"WebPage\",\"@id\":\"https:\/\/jornalfatosenoticias.com.br\/index.php\/2022\/10\/06\/como-cresce-uma-crianca-parte-xiii\/\",\"url\":\"https:\/\/jornalfatosenoticias.com.br\/index.php\/2022\/10\/06\/como-cresce-uma-crianca-parte-xiii\/\",\"name\":\"Como cresce uma Crian\u00e7a? \u2014 Parte XIII - Jornal Fatos e Not\u00edcias\",\"isPartOf\":{\"@id\":\"https:\/\/jornalfatosenoticias.com.br\/#website\"},\"primaryImageOfPage\":{\"@id\":\"https:\/\/jornalfatosenoticias.com.br\/index.php\/2022\/10\/06\/como-cresce-uma-crianca-parte-xiii\/#primaryimage\"},\"image\":{\"@id\":\"https:\/\/jornalfatosenoticias.com.br\/index.php\/2022\/10\/06\/como-cresce-uma-crianca-parte-xiii\/#primaryimage\"},\"thumbnailUrl\":\"https:\/\/jornalfatosenoticias.com.br\/wp-content\/uploads\/2022\/10\/adolescente-contestador.jpg\",\"datePublished\":\"2022-10-06T15:59:38+00:00\",\"dateModified\":\"2022-10-06T15:59:41+00:00\",\"breadcrumb\":{\"@id\":\"https:\/\/jornalfatosenoticias.com.br\/index.php\/2022\/10\/06\/como-cresce-uma-crianca-parte-xiii\/#breadcrumb\"},\"inLanguage\":\"pt-BR\",\"potentialAction\":[{\"@type\":\"ReadAction\",\"target\":[\"https:\/\/jornalfatosenoticias.com.br\/index.php\/2022\/10\/06\/como-cresce-uma-crianca-parte-xiii\/\"]}]},{\"@type\":\"ImageObject\",\"inLanguage\":\"pt-BR\",\"@id\":\"https:\/\/jornalfatosenoticias.com.br\/index.php\/2022\/10\/06\/como-cresce-uma-crianca-parte-xiii\/#primaryimage\",\"url\":\"https:\/\/jornalfatosenoticias.com.br\/wp-content\/uploads\/2022\/10\/adolescente-contestador.jpg\",\"contentUrl\":\"https:\/\/jornalfatosenoticias.com.br\/wp-content\/uploads\/2022\/10\/adolescente-contestador.jpg\",\"width\":1000,\"height\":704},{\"@type\":\"BreadcrumbList\",\"@id\":\"https:\/\/jornalfatosenoticias.com.br\/index.php\/2022\/10\/06\/como-cresce-uma-crianca-parte-xiii\/#breadcrumb\",\"itemListElement\":[{\"@type\":\"ListItem\",\"position\":1,\"name\":\"In\u00edcio\",\"item\":\"https:\/\/jornalfatosenoticias.com.br\/\"},{\"@type\":\"ListItem\",\"position\":2,\"name\":\"Como cresce uma Crian\u00e7a? \u2014 Parte XIII\"}]},{\"@type\":\"WebSite\",\"@id\":\"https:\/\/jornalfatosenoticias.com.br\/#website\",\"url\":\"https:\/\/jornalfatosenoticias.com.br\/\",\"name\":\"Jornal Fatos e Not\u00edcias\",\"description\":\"Not\u00edcias em geral\",\"publisher\":{\"@id\":\"https:\/\/jornalfatosenoticias.com.br\/#organization\"},\"potentialAction\":[{\"@type\":\"SearchAction\",\"target\":{\"@type\":\"EntryPoint\",\"urlTemplate\":\"https:\/\/jornalfatosenoticias.com.br\/?s={search_term_string}\"},\"query-input\":{\"@type\":\"PropertyValueSpecification\",\"valueRequired\":true,\"valueName\":\"search_term_string\"}}],\"inLanguage\":\"pt-BR\"},{\"@type\":\"Organization\",\"@id\":\"https:\/\/jornalfatosenoticias.com.br\/#organization\",\"name\":\"Jornal Fatos e Not\u00edcias\",\"url\":\"https:\/\/jornalfatosenoticias.com.br\/\",\"logo\":{\"@type\":\"ImageObject\",\"inLanguage\":\"pt-BR\",\"@id\":\"https:\/\/jornalfatosenoticias.com.br\/#\/schema\/logo\/image\/\",\"url\":\"https:\/\/jornalfatosenoticias.com.br\/wp-content\/uploads\/2020\/02\/logo120.png\",\"contentUrl\":\"https:\/\/jornalfatosenoticias.com.br\/wp-content\/uploads\/2020\/02\/logo120.png\",\"width\":1227,\"height\":120,\"caption\":\"Jornal Fatos e Not\u00edcias\"},\"image\":{\"@id\":\"https:\/\/jornalfatosenoticias.com.br\/#\/schema\/logo\/image\/\"}},{\"@type\":\"Person\",\"@id\":\"https:\/\/jornalfatosenoticias.com.br\/#\/schema\/person\/c33fcf5fb02d729d3fec92c6737a22d1\",\"name\":\"Ana Maria Iencarelli\",\"image\":{\"@type\":\"ImageObject\",\"inLanguage\":\"pt-BR\",\"@id\":\"https:\/\/jornalfatosenoticias.com.br\/#\/schema\/person\/image\/\",\"url\":\"https:\/\/jornalfatosenoticias.com.br\/wp-content\/uploads\/2020\/02\/Ana-Maria-Iencarelli-1-150x150.jpg\",\"contentUrl\":\"https:\/\/jornalfatosenoticias.com.br\/wp-content\/uploads\/2020\/02\/Ana-Maria-Iencarelli-1-150x150.jpg\",\"caption\":\"Ana Maria Iencarelli\"},\"description\":\"Psicanalista Cl\u00ednica, especializada no atendimento a Crian\u00e7as e Adolescentes. Presidente da ONG Vozes de Anjos.\",\"url\":\"https:\/\/jornalfatosenoticias.com.br\/index.php\/author\/anamaria\/\"}]}<\/script>\n<!-- \/ Yoast SEO plugin. -->","yoast_head_json":{"title":"Como cresce uma Crian\u00e7a? \u2014 Parte XIII - Jornal Fatos e Not\u00edcias","robots":{"index":"index","follow":"follow","max-snippet":"max-snippet:-1","max-image-preview":"max-image-preview:large","max-video-preview":"max-video-preview:-1"},"canonical":"https:\/\/jornalfatosenoticias.com.br\/index.php\/2022\/10\/06\/como-cresce-uma-crianca-parte-xiii\/","og_locale":"pt_BR","og_type":"article","og_title":"Como cresce uma Crian\u00e7a? \u2014 Parte XIII - Jornal Fatos e Not\u00edcias","og_description":"O adolescente vai adquirindo, gradativamente, a possibilidade de operar com muitas vari\u00e1veis, seu pensamento cient\u00edfico vai se consolidando Vimos como se d\u00e1 o crescimento da Crian\u00e7a. E, quando ela adquire as devidas habilidades motoras, cognitivas, lingu\u00edsticas, eis que se inicia uma verdadeira revolu\u00e7\u00e3o: a chegada da adolesc\u00eancia. Precedida pela puberdade, per\u00edodo intermedi\u00e1rio quando o intenso [&hellip;]","og_url":"https:\/\/jornalfatosenoticias.com.br\/index.php\/2022\/10\/06\/como-cresce-uma-crianca-parte-xiii\/","og_site_name":"Jornal Fatos e Not\u00edcias","article_published_time":"2022-10-06T15:59:38+00:00","article_modified_time":"2022-10-06T15:59:41+00:00","og_image":[{"width":1000,"height":704,"url":"https:\/\/jornalfatosenoticias.com.br\/wp-content\/uploads\/2022\/10\/adolescente-contestador.jpg","type":"image\/jpeg"}],"author":"Ana Maria Iencarelli","twitter_card":"summary_large_image","twitter_misc":{"Escrito por":"Ana Maria Iencarelli","Est. tempo de leitura":"5 minutos"},"schema":{"@context":"https:\/\/schema.org","@graph":[{"@type":"Article","@id":"https:\/\/jornalfatosenoticias.com.br\/index.php\/2022\/10\/06\/como-cresce-uma-crianca-parte-xiii\/#article","isPartOf":{"@id":"https:\/\/jornalfatosenoticias.com.br\/index.php\/2022\/10\/06\/como-cresce-uma-crianca-parte-xiii\/"},"author":{"name":"Ana Maria Iencarelli","@id":"https:\/\/jornalfatosenoticias.com.br\/#\/schema\/person\/c33fcf5fb02d729d3fec92c6737a22d1"},"headline":"Como cresce uma Crian\u00e7a? \u2014 Parte XIII","datePublished":"2022-10-06T15:59:38+00:00","dateModified":"2022-10-06T15:59:41+00:00","mainEntityOfPage":{"@id":"https:\/\/jornalfatosenoticias.com.br\/index.php\/2022\/10\/06\/como-cresce-uma-crianca-parte-xiii\/"},"wordCount":967,"commentCount":0,"publisher":{"@id":"https:\/\/jornalfatosenoticias.com.br\/#organization"},"image":{"@id":"https:\/\/jornalfatosenoticias.com.br\/index.php\/2022\/10\/06\/como-cresce-uma-crianca-parte-xiii\/#primaryimage"},"thumbnailUrl":"https:\/\/jornalfatosenoticias.com.br\/wp-content\/uploads\/2022\/10\/adolescente-contestador.jpg","keywords":["adolesc\u00eancia","como cresce uma crian\u00e7a","pensamentos"],"articleSection":["Comportamento &amp; Equil\u00edbrio"],"inLanguage":"pt-BR","potentialAction":[{"@type":"CommentAction","name":"Comment","target":["https:\/\/jornalfatosenoticias.com.br\/index.php\/2022\/10\/06\/como-cresce-uma-crianca-parte-xiii\/#respond"]}]},{"@type":"WebPage","@id":"https:\/\/jornalfatosenoticias.com.br\/index.php\/2022\/10\/06\/como-cresce-uma-crianca-parte-xiii\/","url":"https:\/\/jornalfatosenoticias.com.br\/index.php\/2022\/10\/06\/como-cresce-uma-crianca-parte-xiii\/","name":"Como cresce uma Crian\u00e7a? \u2014 Parte XIII - Jornal Fatos e Not\u00edcias","isPartOf":{"@id":"https:\/\/jornalfatosenoticias.com.br\/#website"},"primaryImageOfPage":{"@id":"https:\/\/jornalfatosenoticias.com.br\/index.php\/2022\/10\/06\/como-cresce-uma-crianca-parte-xiii\/#primaryimage"},"image":{"@id":"https:\/\/jornalfatosenoticias.com.br\/index.php\/2022\/10\/06\/como-cresce-uma-crianca-parte-xiii\/#primaryimage"},"thumbnailUrl":"https:\/\/jornalfatosenoticias.com.br\/wp-content\/uploads\/2022\/10\/adolescente-contestador.jpg","datePublished":"2022-10-06T15:59:38+00:00","dateModified":"2022-10-06T15:59:41+00:00","breadcrumb":{"@id":"https:\/\/jornalfatosenoticias.com.br\/index.php\/2022\/10\/06\/como-cresce-uma-crianca-parte-xiii\/#breadcrumb"},"inLanguage":"pt-BR","potentialAction":[{"@type":"ReadAction","target":["https:\/\/jornalfatosenoticias.com.br\/index.php\/2022\/10\/06\/como-cresce-uma-crianca-parte-xiii\/"]}]},{"@type":"ImageObject","inLanguage":"pt-BR","@id":"https:\/\/jornalfatosenoticias.com.br\/index.php\/2022\/10\/06\/como-cresce-uma-crianca-parte-xiii\/#primaryimage","url":"https:\/\/jornalfatosenoticias.com.br\/wp-content\/uploads\/2022\/10\/adolescente-contestador.jpg","contentUrl":"https:\/\/jornalfatosenoticias.com.br\/wp-content\/uploads\/2022\/10\/adolescente-contestador.jpg","width":1000,"height":704},{"@type":"BreadcrumbList","@id":"https:\/\/jornalfatosenoticias.com.br\/index.php\/2022\/10\/06\/como-cresce-uma-crianca-parte-xiii\/#breadcrumb","itemListElement":[{"@type":"ListItem","position":1,"name":"In\u00edcio","item":"https:\/\/jornalfatosenoticias.com.br\/"},{"@type":"ListItem","position":2,"name":"Como cresce uma Crian\u00e7a? \u2014 Parte XIII"}]},{"@type":"WebSite","@id":"https:\/\/jornalfatosenoticias.com.br\/#website","url":"https:\/\/jornalfatosenoticias.com.br\/","name":"Jornal Fatos e Not\u00edcias","description":"Not\u00edcias em geral","publisher":{"@id":"https:\/\/jornalfatosenoticias.com.br\/#organization"},"potentialAction":[{"@type":"SearchAction","target":{"@type":"EntryPoint","urlTemplate":"https:\/\/jornalfatosenoticias.com.br\/?s={search_term_string}"},"query-input":{"@type":"PropertyValueSpecification","valueRequired":true,"valueName":"search_term_string"}}],"inLanguage":"pt-BR"},{"@type":"Organization","@id":"https:\/\/jornalfatosenoticias.com.br\/#organization","name":"Jornal Fatos e Not\u00edcias","url":"https:\/\/jornalfatosenoticias.com.br\/","logo":{"@type":"ImageObject","inLanguage":"pt-BR","@id":"https:\/\/jornalfatosenoticias.com.br\/#\/schema\/logo\/image\/","url":"https:\/\/jornalfatosenoticias.com.br\/wp-content\/uploads\/2020\/02\/logo120.png","contentUrl":"https:\/\/jornalfatosenoticias.com.br\/wp-content\/uploads\/2020\/02\/logo120.png","width":1227,"height":120,"caption":"Jornal Fatos e Not\u00edcias"},"image":{"@id":"https:\/\/jornalfatosenoticias.com.br\/#\/schema\/logo\/image\/"}},{"@type":"Person","@id":"https:\/\/jornalfatosenoticias.com.br\/#\/schema\/person\/c33fcf5fb02d729d3fec92c6737a22d1","name":"Ana Maria Iencarelli","image":{"@type":"ImageObject","inLanguage":"pt-BR","@id":"https:\/\/jornalfatosenoticias.com.br\/#\/schema\/person\/image\/","url":"https:\/\/jornalfatosenoticias.com.br\/wp-content\/uploads\/2020\/02\/Ana-Maria-Iencarelli-1-150x150.jpg","contentUrl":"https:\/\/jornalfatosenoticias.com.br\/wp-content\/uploads\/2020\/02\/Ana-Maria-Iencarelli-1-150x150.jpg","caption":"Ana Maria Iencarelli"},"description":"Psicanalista Cl\u00ednica, especializada no atendimento a Crian\u00e7as e Adolescentes. Presidente da ONG Vozes de Anjos.","url":"https:\/\/jornalfatosenoticias.com.br\/index.php\/author\/anamaria\/"}]}},"cc_featured_image_caption":{"caption_text":"(Foto: Getty Images) ","source_text":"","source_url":""},"jetpack_featured_media_url":"https:\/\/jornalfatosenoticias.com.br\/wp-content\/uploads\/2022\/10\/adolescente-contestador.jpg","_links":{"self":[{"href":"https:\/\/jornalfatosenoticias.com.br\/index.php\/wp-json\/wp\/v2\/posts\/34897","targetHints":{"allow":["GET"]}}],"collection":[{"href":"https:\/\/jornalfatosenoticias.com.br\/index.php\/wp-json\/wp\/v2\/posts"}],"about":[{"href":"https:\/\/jornalfatosenoticias.com.br\/index.php\/wp-json\/wp\/v2\/types\/post"}],"author":[{"embeddable":true,"href":"https:\/\/jornalfatosenoticias.com.br\/index.php\/wp-json\/wp\/v2\/users\/8"}],"replies":[{"embeddable":true,"href":"https:\/\/jornalfatosenoticias.com.br\/index.php\/wp-json\/wp\/v2\/comments?post=34897"}],"version-history":[{"count":0,"href":"https:\/\/jornalfatosenoticias.com.br\/index.php\/wp-json\/wp\/v2\/posts\/34897\/revisions"}],"wp:featuredmedia":[{"embeddable":true,"href":"https:\/\/jornalfatosenoticias.com.br\/index.php\/wp-json\/wp\/v2\/media\/34900"}],"wp:attachment":[{"href":"https:\/\/jornalfatosenoticias.com.br\/index.php\/wp-json\/wp\/v2\/media?parent=34897"}],"wp:term":[{"taxonomy":"category","embeddable":true,"href":"https:\/\/jornalfatosenoticias.com.br\/index.php\/wp-json\/wp\/v2\/categories?post=34897"},{"taxonomy":"post_tag","embeddable":true,"href":"https:\/\/jornalfatosenoticias.com.br\/index.php\/wp-json\/wp\/v2\/tags?post=34897"}],"curies":[{"name":"wp","href":"https:\/\/api.w.org\/{rel}","templated":true}]}}