{"id":34951,"date":"2022-10-07T12:24:20","date_gmt":"2022-10-07T15:24:20","guid":{"rendered":"https:\/\/jornalfatosenoticias.com.br\/?p=34951"},"modified":"2022-10-07T12:24:22","modified_gmt":"2022-10-07T15:24:22","slug":"plataforma-reune-iniciativas-de-agricultura-urbana-no-brasil","status":"publish","type":"post","link":"https:\/\/jornalfatosenoticias.com.br\/index.php\/2022\/10\/07\/plataforma-reune-iniciativas-de-agricultura-urbana-no-brasil\/","title":{"rendered":"Plataforma re\u00fane iniciativas de agricultura urbana no Brasil"},"content":{"rendered":"\n<p><em><span class=\"has-inline-color has-black-color\">Instituto Escolhas mapeou experi\u00eancias inspiradoras e informa\u00e7\u00f5es para ajudar a combater a fome e gerar renda nas cidades<\/span><\/em><\/p>\n\n\n\n<div class=\"wp-block-image\"><figure class=\"aligncenter size-large\"><img loading=\"lazy\" decoding=\"async\" width=\"1024\" height=\"111\" src=\"https:\/\/jornalfatosenoticias.com.br\/wp-content\/uploads\/2020\/02\/WhatsApp-Image-2022-09-23-at-12.09.18-1024x111.jpeg\" alt=\"\" class=\"wp-image-34527\" srcset=\"https:\/\/jornalfatosenoticias.com.br\/wp-content\/uploads\/2020\/02\/WhatsApp-Image-2022-09-23-at-12.09.18-1024x111.jpeg 1024w, https:\/\/jornalfatosenoticias.com.br\/wp-content\/uploads\/2020\/02\/WhatsApp-Image-2022-09-23-at-12.09.18-300x32.jpeg 300w, https:\/\/jornalfatosenoticias.com.br\/wp-content\/uploads\/2020\/02\/WhatsApp-Image-2022-09-23-at-12.09.18-768x83.jpeg 768w, https:\/\/jornalfatosenoticias.com.br\/wp-content\/uploads\/2020\/02\/WhatsApp-Image-2022-09-23-at-12.09.18.jpeg 1121w\" sizes=\"auto, (max-width: 1024px) 100vw, 1024px\" \/><\/figure><\/div>\n\n\n\n<p>A produ\u00e7\u00e3o de alimentos em espa\u00e7os urbanos tem se mostrado um caminho importante para garantir a seguran\u00e7a alimentar da popula\u00e7\u00e3o, al\u00e9m de contribuir para a gera\u00e7\u00e3o de emprego e renda, fortalecimento comunit\u00e1rio, melhoria da qualidade de vida e dos <a href=\"https:\/\/ciclovivo.com.br\/mao-na-massa\/horta\/horta-comunitaria-em-sete-lagoas-mg-atende-320-familias-ha-40-anos\/\" target=\"_blank\" rel=\"noreferrer noopener\">espa\u00e7os verdes nas cidades<\/a>. No Brasil, existem diversas experi\u00eancias de pol\u00edticas p\u00fablicas voltadas para a agricultura urbana, mas as informa\u00e7\u00f5es n\u00e3o estavam dispon\u00edveis e concentradas em um \u00fanico local, at\u00e9 agora.<\/p>\n\n\n\n<div class=\"wp-block-image\"><figure class=\"aligncenter size-large is-resized\"><img loading=\"lazy\" decoding=\"async\" src=\"https:\/\/jornalfatosenoticias.com.br\/wp-content\/uploads\/2020\/02\/logo-clinica-limoeiro.jpg\" alt=\"\" class=\"wp-image-34610\" width=\"250\" height=\"177\"\/><\/figure><\/div>\n\n\n\n<p>A partir desta quinta-feira (6), \u00e9 poss\u00edvel acessar e se inspirar em 100 iniciativas voltadas para o fortalecimento da agricultura urbana, desenvolvidas por governos municipais. As experi\u00eancias foram reunidas pelo Instituto Escolhas na plataforma <a href=\"https:\/\/100politicas.escolhas.org\/\" target=\"_blank\" rel=\"noreferrer noopener\">Pol\u00edticas P\u00fablicas de Agricultura Urbana<\/a>.<\/p>\n\n\n\n<div class=\"wp-block-image\"><figure class=\"aligncenter size-large\"><img loading=\"lazy\" decoding=\"async\" width=\"1024\" height=\"99\" src=\"https:\/\/jornalfatosenoticias.com.br\/wp-content\/uploads\/2020\/02\/Logo-Mizu-segunda-2-1024x99.png\" alt=\"\" class=\"wp-image-2353\" srcset=\"https:\/\/jornalfatosenoticias.com.br\/wp-content\/uploads\/2020\/02\/Logo-Mizu-segunda-2-1024x99.png 1024w, https:\/\/jornalfatosenoticias.com.br\/wp-content\/uploads\/2020\/02\/Logo-Mizu-segunda-2-300x29.png 300w, https:\/\/jornalfatosenoticias.com.br\/wp-content\/uploads\/2020\/02\/Logo-Mizu-segunda-2-768x74.png 768w, https:\/\/jornalfatosenoticias.com.br\/wp-content\/uploads\/2020\/02\/Logo-Mizu-segunda-2.png 1240w\" sizes=\"auto, (max-width: 1024px) 100vw, 1024px\" \/><\/figure><\/div>\n\n\n\n<p>A ferramenta on-line \u00e9 uma iniciativa in\u00e9dita que pode ser acessada por toda a sociedade, mas que vai ser especialmente \u00fatil para gestores p\u00fablicos.<\/p>\n\n\n\n<div class=\"wp-block-image\"><figure class=\"aligncenter size-large is-resized\"><img loading=\"lazy\" decoding=\"async\" src=\"https:\/\/jornalfatosenoticias.com.br\/wp-content\/uploads\/2020\/02\/Logo-RC-Radiadores-Distribuidora-com-telefone-preto-1.jpg\" alt=\"\" class=\"wp-image-34852\" width=\"240\" height=\"247\"\/><\/figure><\/div>\n\n\n\n<figure class=\"wp-block-pullquote\"><blockquote><p><span class=\"has-inline-color has-luminous-vivid-orange-color\">A plataforma est\u00e1 dispon\u00edvel para todos, mas acreditamos que ela vem suprir, principalmente, uma demanda latente da gest\u00e3o p\u00fablica que \u00e9 a necessidade de acessar refer\u00eancias antes de dar in\u00edcio a um projeto de fomento \u00e0 agricultura urbana\u201d, explica Jaqueline Ferreira, gerente de Portf\u00f3lio do Instituto Escolhas.<\/span><\/p><\/blockquote><\/figure>\n\n\n\n<div class=\"wp-block-image\"><figure class=\"alignleft size-large\"><img loading=\"lazy\" decoding=\"async\" width=\"300\" height=\"250\" src=\"https:\/\/jornalfatosenoticias.com.br\/wp-content\/uploads\/2022\/08\/arte-Casarao.jpg\" alt=\"\" class=\"wp-image-33178\"\/><\/figure><\/div>\n\n\n\n<p>Ela ressalta que os governos municipais, por estarem mais pr\u00f3ximos dos cidad\u00e3os, t\u00eam maior potencial para estabelecer a\u00e7\u00f5es em coopera\u00e7\u00e3o com a sociedade civil, fomentando o associativismo. Na plataforma <a href=\"https:\/\/100politicas.escolhas.org\/\" target=\"_blank\" rel=\"noreferrer noopener\">Pol\u00edticas P\u00fablicas de Agricultura Urbana<\/a>\u00a0\u00e9 poss\u00edvel navegar pelas diferentes pol\u00edticas adotadas pelos munic\u00edpios, conhecer seus objetivos e instrumentos de implementa\u00e7\u00e3o, ou seja, conhecer a lei, o texto projeto e regulamento. Com isso, gestores p\u00fablicos t\u00eam exemplos concretos de pol\u00edticas de apoio t\u00e9cnico, capacita\u00e7\u00e3o, apoio \u00e0 comercializa\u00e7\u00e3o, ao fomento da produ\u00e7\u00e3o, gest\u00e3o participativa, entre outros.<\/p>\n\n\n\n<div class=\"wp-block-image\"><figure class=\"aligncenter size-large\"><img decoding=\"async\" src=\"https:\/\/jornalfatosenoticias.com.br\/wp-content\/uploads\/2020\/02\/Serra-Grande-1024x160.png\" alt=\"\" class=\"wp-image-7836\"\/><\/figure><\/div>\n\n\n\n<p>Outro conte\u00fado importante s\u00e3o quatro estudos de caso, detalhando experi\u00eancias de fomento a hortas urbanas nas capitais Belo Horizonte, <strong><a href=\"https:\/\/ciclovivo.com.br\/mao-na-massa\/horta\/curitiba-100-hortas-urbanas-prefeitura\/\" target=\"_blank\" rel=\"noreferrer noopener\">Curitiba<\/a>,<\/strong> Recife e Rio de Janeiro. A ferramenta do Instituto Escolhas ainda traz dez recomenda\u00e7\u00f5es para incentivar a implanta\u00e7\u00e3o de hortas urbanas nos munic\u00edpios, como identificar espa\u00e7os dispon\u00edveis, estabelecer procedimentos para destina\u00e7\u00e3o da produ\u00e7\u00e3o agr\u00edcola e desenvolver mecanismos legais para a concess\u00e3o das \u00e1reas p\u00fablicas ou privadas potenciais para as hortas urbanas.<\/p>\n\n\n\n<div class=\"wp-block-image\"><figure class=\"aligncenter size-large is-resized\"><img loading=\"lazy\" decoding=\"async\" src=\"https:\/\/jornalfatosenoticias.com.br\/wp-content\/uploads\/2022\/02\/Precisao-Contabilidade-1024x724.jpg\" alt=\"\" class=\"wp-image-28088\" width=\"306\" height=\"216\"\/><\/figure><\/div>\n\n\n\n<p>Para Jaqueline Ferreira, \u201co primeiro passo para fomentar hortas urbanas \u00e9 mapear espa\u00e7os dispon\u00edveis, vi\u00e1veis e adequados para a cria\u00e7\u00e3o de hortas urbanas, priorizando \u00e1reas com presen\u00e7a de fam\u00edlias em situa\u00e7\u00e3o de vulnerabilidade socioecon\u00f4mica, \u00e1reas em situa\u00e7\u00e3o de fragilidade ambiental, \u00e1reas ociosas e que n\u00e3o cumprem sua fun\u00e7\u00e3o social\u201d.<\/p>\n\n\n\n<div class=\"wp-block-image\"><figure class=\"aligncenter size-large\"><img loading=\"lazy\" decoding=\"async\" width=\"1024\" height=\"100\" src=\"https:\/\/jornalfatosenoticias.com.br\/wp-content\/uploads\/2022\/05\/NOVA-LOGO-CESCONETTO-1024x100.jpg\" alt=\"\" class=\"wp-image-30792\" srcset=\"https:\/\/jornalfatosenoticias.com.br\/wp-content\/uploads\/2022\/05\/NOVA-LOGO-CESCONETTO-1024x100.jpg 1024w, https:\/\/jornalfatosenoticias.com.br\/wp-content\/uploads\/2022\/05\/NOVA-LOGO-CESCONETTO-300x29.jpg 300w, https:\/\/jornalfatosenoticias.com.br\/wp-content\/uploads\/2022\/05\/NOVA-LOGO-CESCONETTO-768x75.jpg 768w, https:\/\/jornalfatosenoticias.com.br\/wp-content\/uploads\/2022\/05\/NOVA-LOGO-CESCONETTO.jpg 1280w\" sizes=\"auto, (max-width: 1024px) 100vw, 1024px\" \/><\/figure><\/div>\n\n\n\n<figure class=\"wp-block-image size-large\"><img loading=\"lazy\" decoding=\"async\" width=\"1000\" height=\"564\" src=\"https:\/\/jornalfatosenoticias.com.br\/wp-content\/uploads\/2022\/10\/plataforma-agricultura-urbana-2.jpg\" alt=\"\" class=\"wp-image-34952\" srcset=\"https:\/\/jornalfatosenoticias.com.br\/wp-content\/uploads\/2022\/10\/plataforma-agricultura-urbana-2.jpg 1000w, https:\/\/jornalfatosenoticias.com.br\/wp-content\/uploads\/2022\/10\/plataforma-agricultura-urbana-2-300x169.jpg 300w, https:\/\/jornalfatosenoticias.com.br\/wp-content\/uploads\/2022\/10\/plataforma-agricultura-urbana-2-768x433.jpg 768w\" sizes=\"auto, (max-width: 1000px) 100vw, 1000px\" \/><figcaption><em><span class=\"has-inline-color has-black-color\">Mapeamento (Foto: Reprodu\u00e7\u00e3o\/Pol\u00edticas P\u00fablicas de Agricultura Urbana)<\/span><\/em><\/figcaption><\/figure>\n\n\n\n<div class=\"wp-block-image\"><figure class=\"aligncenter size-large is-resized\"><img loading=\"lazy\" decoding=\"async\" src=\"https:\/\/jornalfatosenoticias.com.br\/wp-content\/uploads\/2020\/02\/nova-logo-Marquetti.jpg\" alt=\"\" class=\"wp-image-22331\" width=\"266\" height=\"179\" srcset=\"https:\/\/jornalfatosenoticias.com.br\/wp-content\/uploads\/2020\/02\/nova-logo-Marquetti.jpg 643w, https:\/\/jornalfatosenoticias.com.br\/wp-content\/uploads\/2020\/02\/nova-logo-Marquetti-300x202.jpg 300w\" sizes=\"auto, (max-width: 266px) 100vw, 266px\" \/><\/figure><\/div>\n\n\n\n<p>O mapeamento realizado pelo Escolhas revela maior \u00eanfase em pol\u00edticas de fomento \u00e0 produ\u00e7\u00e3o, observado em 51 casos, dentro das quais a promo\u00e7\u00e3o ou o apoio \u00e0s <a href=\"https:\/\/ciclovivo.com.br\/mao-na-massa\/horta\/diadema-lanca-projeto-de-incentivo-a-hortas-caseiras\/\" target=\"_blank\" rel=\"noreferrer noopener\">hortas urbanas<\/a> s\u00e3o as pr\u00e1ticas mais recorrentes. Na maior parte das experi\u00eancias, o munic\u00edpio \u00e9 o principal envolvido na implementa\u00e7\u00e3o da pol\u00edtica. Em somente oito casos h\u00e1 a participa\u00e7\u00e3o de outras esferas de governo e, em outros 14, as organiza\u00e7\u00f5es da sociedade civil est\u00e3o entre os principais envolvidos.<\/p>\n\n\n\n<div class=\"wp-block-image\"><figure class=\"aligncenter size-large\"><img decoding=\"async\" src=\"https:\/\/jornalfatosenoticias.com.br\/wp-content\/uploads\/2020\/02\/logo-embacia-1-1024x110.jpg\" alt=\"\" class=\"wp-image-33954\"\/><\/figure><\/div>\n\n\n\n<p>Em termos de distribui\u00e7\u00e3o geogr\u00e1fica, temos a regi\u00e3o Sudeste na lideran\u00e7a, com 40 casos mapeados, seguida das regi\u00f5es Sul com 30, Nordeste com 17, Norte com oito e, por \u00faltimo, o Centro-Oeste com cinco exemplos.<\/p>\n\n\n\n<div class=\"wp-block-image\"><figure class=\"aligncenter size-large\"><img decoding=\"async\" src=\"https:\/\/jornalfatosenoticias.com.br\/wp-content\/uploads\/2020\/02\/logo_esteio.jpg\" alt=\"\" class=\"wp-image-1214\"\/><\/figure><\/div>\n\n\n\n<p><strong><em>Fonte: <a href=\"https:\/\/ciclovivo.com.br\/mao-na-massa\/horta\/plataforma-reune-iniciativas-de-agricultura-urbana-no-brasil\/\">CicloVivo<\/a><\/em><\/strong><\/p>\n","protected":false},"excerpt":{"rendered":"<p>Instituto Escolhas mapeou experi\u00eancias inspiradoras e informa\u00e7\u00f5es para ajudar a combater a fome e gerar renda nas cidades A produ\u00e7\u00e3o de alimentos em espa\u00e7os urbanos tem se mostrado um caminho importante para garantir a seguran\u00e7a alimentar da popula\u00e7\u00e3o, al\u00e9m de contribuir para a gera\u00e7\u00e3o de emprego e renda, fortalecimento comunit\u00e1rio, melhoria da qualidade de vida [&hellip;]<\/p>\n","protected":false},"author":2,"featured_media":34953,"comment_status":"open","ping_status":"open","sticky":false,"template":"","format":"standard","meta":{"footnotes":""},"categories":[744],"tags":[1146,16406,16407,530],"class_list":["post-34951","post","type-post","status-publish","format-standard","has-post-thumbnail","hentry","category-arq-urbanismo","tag-agricultura-urbana","tag-horta-urbana","tag-instituto-escolhas","tag-plataforma"],"yoast_head":"<!-- This site is optimized with the Yoast SEO plugin v26.5 - https:\/\/yoast.com\/wordpress\/plugins\/seo\/ -->\n<title>Plataforma re\u00fane iniciativas de agricultura urbana no Brasil - Jornal Fatos e Not\u00edcias<\/title>\n<meta name=\"robots\" content=\"index, follow, max-snippet:-1, max-image-preview:large, max-video-preview:-1\" \/>\n<link rel=\"canonical\" href=\"https:\/\/jornalfatosenoticias.com.br\/index.php\/2022\/10\/07\/plataforma-reune-iniciativas-de-agricultura-urbana-no-brasil\/\" \/>\n<meta property=\"og:locale\" content=\"pt_BR\" \/>\n<meta property=\"og:type\" content=\"article\" \/>\n<meta property=\"og:title\" content=\"Plataforma re\u00fane iniciativas de agricultura urbana no Brasil - Jornal Fatos e Not\u00edcias\" \/>\n<meta property=\"og:description\" content=\"Instituto Escolhas mapeou experi\u00eancias inspiradoras e informa\u00e7\u00f5es para ajudar a combater a fome e gerar renda nas cidades A produ\u00e7\u00e3o de alimentos em espa\u00e7os urbanos tem se mostrado um caminho importante para garantir a seguran\u00e7a alimentar da popula\u00e7\u00e3o, al\u00e9m de contribuir para a gera\u00e7\u00e3o de emprego e renda, fortalecimento comunit\u00e1rio, melhoria da qualidade de vida [&hellip;]\" \/>\n<meta property=\"og:url\" content=\"https:\/\/jornalfatosenoticias.com.br\/index.php\/2022\/10\/07\/plataforma-reune-iniciativas-de-agricultura-urbana-no-brasil\/\" \/>\n<meta property=\"og:site_name\" content=\"Jornal Fatos e Not\u00edcias\" \/>\n<meta property=\"article:published_time\" content=\"2022-10-07T15:24:20+00:00\" \/>\n<meta property=\"article:modified_time\" content=\"2022-10-07T15:24:22+00:00\" \/>\n<meta property=\"og:image\" content=\"https:\/\/jornalfatosenoticias.com.br\/wp-content\/uploads\/2022\/10\/hortas-urbanas-Curitiba1.jpg\" \/>\n\t<meta property=\"og:image:width\" content=\"1000\" \/>\n\t<meta property=\"og:image:height\" content=\"719\" \/>\n\t<meta property=\"og:image:type\" content=\"image\/jpeg\" \/>\n<meta name=\"author\" content=\"Luzimara Fernandes\" \/>\n<meta name=\"twitter:card\" content=\"summary_large_image\" \/>\n<meta name=\"twitter:label1\" content=\"Escrito por\" \/>\n\t<meta name=\"twitter:data1\" content=\"Luzimara Fernandes\" \/>\n\t<meta name=\"twitter:label2\" content=\"Est. tempo de leitura\" \/>\n\t<meta name=\"twitter:data2\" content=\"3 minutos\" \/>\n<script type=\"application\/ld+json\" class=\"yoast-schema-graph\">{\"@context\":\"https:\/\/schema.org\",\"@graph\":[{\"@type\":\"Article\",\"@id\":\"https:\/\/jornalfatosenoticias.com.br\/index.php\/2022\/10\/07\/plataforma-reune-iniciativas-de-agricultura-urbana-no-brasil\/#article\",\"isPartOf\":{\"@id\":\"https:\/\/jornalfatosenoticias.com.br\/index.php\/2022\/10\/07\/plataforma-reune-iniciativas-de-agricultura-urbana-no-brasil\/\"},\"author\":{\"name\":\"Luzimara Fernandes\",\"@id\":\"https:\/\/jornalfatosenoticias.com.br\/#\/schema\/person\/d63837fa13ac8666eb9e74e0985d6f81\"},\"headline\":\"Plataforma re\u00fane iniciativas de agricultura urbana no Brasil\",\"datePublished\":\"2022-10-07T15:24:20+00:00\",\"dateModified\":\"2022-10-07T15:24:22+00:00\",\"mainEntityOfPage\":{\"@id\":\"https:\/\/jornalfatosenoticias.com.br\/index.php\/2022\/10\/07\/plataforma-reune-iniciativas-de-agricultura-urbana-no-brasil\/\"},\"wordCount\":606,\"commentCount\":0,\"publisher\":{\"@id\":\"https:\/\/jornalfatosenoticias.com.br\/#organization\"},\"image\":{\"@id\":\"https:\/\/jornalfatosenoticias.com.br\/index.php\/2022\/10\/07\/plataforma-reune-iniciativas-de-agricultura-urbana-no-brasil\/#primaryimage\"},\"thumbnailUrl\":\"https:\/\/jornalfatosenoticias.com.br\/wp-content\/uploads\/2022\/10\/hortas-urbanas-Curitiba1.jpg\",\"keywords\":[\"agricultura urbana\",\"horta urbana\",\"Instituto Escolhas\",\"plataforma\"],\"articleSection\":[\"Arq &amp; Urb\"],\"inLanguage\":\"pt-BR\",\"potentialAction\":[{\"@type\":\"CommentAction\",\"name\":\"Comment\",\"target\":[\"https:\/\/jornalfatosenoticias.com.br\/index.php\/2022\/10\/07\/plataforma-reune-iniciativas-de-agricultura-urbana-no-brasil\/#respond\"]}]},{\"@type\":\"WebPage\",\"@id\":\"https:\/\/jornalfatosenoticias.com.br\/index.php\/2022\/10\/07\/plataforma-reune-iniciativas-de-agricultura-urbana-no-brasil\/\",\"url\":\"https:\/\/jornalfatosenoticias.com.br\/index.php\/2022\/10\/07\/plataforma-reune-iniciativas-de-agricultura-urbana-no-brasil\/\",\"name\":\"Plataforma re\u00fane iniciativas de agricultura urbana no Brasil - Jornal Fatos e Not\u00edcias\",\"isPartOf\":{\"@id\":\"https:\/\/jornalfatosenoticias.com.br\/#website\"},\"primaryImageOfPage\":{\"@id\":\"https:\/\/jornalfatosenoticias.com.br\/index.php\/2022\/10\/07\/plataforma-reune-iniciativas-de-agricultura-urbana-no-brasil\/#primaryimage\"},\"image\":{\"@id\":\"https:\/\/jornalfatosenoticias.com.br\/index.php\/2022\/10\/07\/plataforma-reune-iniciativas-de-agricultura-urbana-no-brasil\/#primaryimage\"},\"thumbnailUrl\":\"https:\/\/jornalfatosenoticias.com.br\/wp-content\/uploads\/2022\/10\/hortas-urbanas-Curitiba1.jpg\",\"datePublished\":\"2022-10-07T15:24:20+00:00\",\"dateModified\":\"2022-10-07T15:24:22+00:00\",\"breadcrumb\":{\"@id\":\"https:\/\/jornalfatosenoticias.com.br\/index.php\/2022\/10\/07\/plataforma-reune-iniciativas-de-agricultura-urbana-no-brasil\/#breadcrumb\"},\"inLanguage\":\"pt-BR\",\"potentialAction\":[{\"@type\":\"ReadAction\",\"target\":[\"https:\/\/jornalfatosenoticias.com.br\/index.php\/2022\/10\/07\/plataforma-reune-iniciativas-de-agricultura-urbana-no-brasil\/\"]}]},{\"@type\":\"ImageObject\",\"inLanguage\":\"pt-BR\",\"@id\":\"https:\/\/jornalfatosenoticias.com.br\/index.php\/2022\/10\/07\/plataforma-reune-iniciativas-de-agricultura-urbana-no-brasil\/#primaryimage\",\"url\":\"https:\/\/jornalfatosenoticias.com.br\/wp-content\/uploads\/2022\/10\/hortas-urbanas-Curitiba1.jpg\",\"contentUrl\":\"https:\/\/jornalfatosenoticias.com.br\/wp-content\/uploads\/2022\/10\/hortas-urbanas-Curitiba1.jpg\",\"width\":1000,\"height\":719},{\"@type\":\"BreadcrumbList\",\"@id\":\"https:\/\/jornalfatosenoticias.com.br\/index.php\/2022\/10\/07\/plataforma-reune-iniciativas-de-agricultura-urbana-no-brasil\/#breadcrumb\",\"itemListElement\":[{\"@type\":\"ListItem\",\"position\":1,\"name\":\"In\u00edcio\",\"item\":\"https:\/\/jornalfatosenoticias.com.br\/\"},{\"@type\":\"ListItem\",\"position\":2,\"name\":\"Plataforma re\u00fane iniciativas de agricultura urbana no Brasil\"}]},{\"@type\":\"WebSite\",\"@id\":\"https:\/\/jornalfatosenoticias.com.br\/#website\",\"url\":\"https:\/\/jornalfatosenoticias.com.br\/\",\"name\":\"Jornal Fatos e Not\u00edcias\",\"description\":\"Not\u00edcias em geral\",\"publisher\":{\"@id\":\"https:\/\/jornalfatosenoticias.com.br\/#organization\"},\"potentialAction\":[{\"@type\":\"SearchAction\",\"target\":{\"@type\":\"EntryPoint\",\"urlTemplate\":\"https:\/\/jornalfatosenoticias.com.br\/?s={search_term_string}\"},\"query-input\":{\"@type\":\"PropertyValueSpecification\",\"valueRequired\":true,\"valueName\":\"search_term_string\"}}],\"inLanguage\":\"pt-BR\"},{\"@type\":\"Organization\",\"@id\":\"https:\/\/jornalfatosenoticias.com.br\/#organization\",\"name\":\"Jornal Fatos e Not\u00edcias\",\"url\":\"https:\/\/jornalfatosenoticias.com.br\/\",\"logo\":{\"@type\":\"ImageObject\",\"inLanguage\":\"pt-BR\",\"@id\":\"https:\/\/jornalfatosenoticias.com.br\/#\/schema\/logo\/image\/\",\"url\":\"https:\/\/jornalfatosenoticias.com.br\/wp-content\/uploads\/2020\/02\/logo120.png\",\"contentUrl\":\"https:\/\/jornalfatosenoticias.com.br\/wp-content\/uploads\/2020\/02\/logo120.png\",\"width\":1227,\"height\":120,\"caption\":\"Jornal Fatos e Not\u00edcias\"},\"image\":{\"@id\":\"https:\/\/jornalfatosenoticias.com.br\/#\/schema\/logo\/image\/\"}},{\"@type\":\"Person\",\"@id\":\"https:\/\/jornalfatosenoticias.com.br\/#\/schema\/person\/d63837fa13ac8666eb9e74e0985d6f81\",\"name\":\"Luzimara Fernandes\",\"image\":{\"@type\":\"ImageObject\",\"inLanguage\":\"pt-BR\",\"@id\":\"https:\/\/jornalfatosenoticias.com.br\/#\/schema\/person\/image\/\",\"url\":\"https:\/\/jornalfatosenoticias.com.br\/wp-content\/uploads\/2025\/05\/EU_portal.jpg\",\"contentUrl\":\"https:\/\/jornalfatosenoticias.com.br\/wp-content\/uploads\/2025\/05\/EU_portal.jpg\",\"caption\":\"Luzimara Fernandes\"},\"description\":\"Jornalista MTB 2358-ES\",\"sameAs\":[\"https:\/\/jornalfatosenoticias.com.br\"],\"url\":\"https:\/\/jornalfatosenoticias.com.br\/index.php\/author\/luzimara\/\"}]}<\/script>\n<!-- \/ Yoast SEO plugin. -->","yoast_head_json":{"title":"Plataforma re\u00fane iniciativas de agricultura urbana no Brasil - Jornal Fatos e Not\u00edcias","robots":{"index":"index","follow":"follow","max-snippet":"max-snippet:-1","max-image-preview":"max-image-preview:large","max-video-preview":"max-video-preview:-1"},"canonical":"https:\/\/jornalfatosenoticias.com.br\/index.php\/2022\/10\/07\/plataforma-reune-iniciativas-de-agricultura-urbana-no-brasil\/","og_locale":"pt_BR","og_type":"article","og_title":"Plataforma re\u00fane iniciativas de agricultura urbana no Brasil - Jornal Fatos e Not\u00edcias","og_description":"Instituto Escolhas mapeou experi\u00eancias inspiradoras e informa\u00e7\u00f5es para ajudar a combater a fome e gerar renda nas cidades A produ\u00e7\u00e3o de alimentos em espa\u00e7os urbanos tem se mostrado um caminho importante para garantir a seguran\u00e7a alimentar da popula\u00e7\u00e3o, al\u00e9m de contribuir para a gera\u00e7\u00e3o de emprego e renda, fortalecimento comunit\u00e1rio, melhoria da qualidade de vida [&hellip;]","og_url":"https:\/\/jornalfatosenoticias.com.br\/index.php\/2022\/10\/07\/plataforma-reune-iniciativas-de-agricultura-urbana-no-brasil\/","og_site_name":"Jornal Fatos e Not\u00edcias","article_published_time":"2022-10-07T15:24:20+00:00","article_modified_time":"2022-10-07T15:24:22+00:00","og_image":[{"width":1000,"height":719,"url":"https:\/\/jornalfatosenoticias.com.br\/wp-content\/uploads\/2022\/10\/hortas-urbanas-Curitiba1.jpg","type":"image\/jpeg"}],"author":"Luzimara Fernandes","twitter_card":"summary_large_image","twitter_misc":{"Escrito por":"Luzimara Fernandes","Est. tempo de leitura":"3 minutos"},"schema":{"@context":"https:\/\/schema.org","@graph":[{"@type":"Article","@id":"https:\/\/jornalfatosenoticias.com.br\/index.php\/2022\/10\/07\/plataforma-reune-iniciativas-de-agricultura-urbana-no-brasil\/#article","isPartOf":{"@id":"https:\/\/jornalfatosenoticias.com.br\/index.php\/2022\/10\/07\/plataforma-reune-iniciativas-de-agricultura-urbana-no-brasil\/"},"author":{"name":"Luzimara Fernandes","@id":"https:\/\/jornalfatosenoticias.com.br\/#\/schema\/person\/d63837fa13ac8666eb9e74e0985d6f81"},"headline":"Plataforma re\u00fane iniciativas de agricultura urbana no Brasil","datePublished":"2022-10-07T15:24:20+00:00","dateModified":"2022-10-07T15:24:22+00:00","mainEntityOfPage":{"@id":"https:\/\/jornalfatosenoticias.com.br\/index.php\/2022\/10\/07\/plataforma-reune-iniciativas-de-agricultura-urbana-no-brasil\/"},"wordCount":606,"commentCount":0,"publisher":{"@id":"https:\/\/jornalfatosenoticias.com.br\/#organization"},"image":{"@id":"https:\/\/jornalfatosenoticias.com.br\/index.php\/2022\/10\/07\/plataforma-reune-iniciativas-de-agricultura-urbana-no-brasil\/#primaryimage"},"thumbnailUrl":"https:\/\/jornalfatosenoticias.com.br\/wp-content\/uploads\/2022\/10\/hortas-urbanas-Curitiba1.jpg","keywords":["agricultura urbana","horta urbana","Instituto Escolhas","plataforma"],"articleSection":["Arq &amp; Urb"],"inLanguage":"pt-BR","potentialAction":[{"@type":"CommentAction","name":"Comment","target":["https:\/\/jornalfatosenoticias.com.br\/index.php\/2022\/10\/07\/plataforma-reune-iniciativas-de-agricultura-urbana-no-brasil\/#respond"]}]},{"@type":"WebPage","@id":"https:\/\/jornalfatosenoticias.com.br\/index.php\/2022\/10\/07\/plataforma-reune-iniciativas-de-agricultura-urbana-no-brasil\/","url":"https:\/\/jornalfatosenoticias.com.br\/index.php\/2022\/10\/07\/plataforma-reune-iniciativas-de-agricultura-urbana-no-brasil\/","name":"Plataforma re\u00fane iniciativas de agricultura urbana no Brasil - Jornal Fatos e Not\u00edcias","isPartOf":{"@id":"https:\/\/jornalfatosenoticias.com.br\/#website"},"primaryImageOfPage":{"@id":"https:\/\/jornalfatosenoticias.com.br\/index.php\/2022\/10\/07\/plataforma-reune-iniciativas-de-agricultura-urbana-no-brasil\/#primaryimage"},"image":{"@id":"https:\/\/jornalfatosenoticias.com.br\/index.php\/2022\/10\/07\/plataforma-reune-iniciativas-de-agricultura-urbana-no-brasil\/#primaryimage"},"thumbnailUrl":"https:\/\/jornalfatosenoticias.com.br\/wp-content\/uploads\/2022\/10\/hortas-urbanas-Curitiba1.jpg","datePublished":"2022-10-07T15:24:20+00:00","dateModified":"2022-10-07T15:24:22+00:00","breadcrumb":{"@id":"https:\/\/jornalfatosenoticias.com.br\/index.php\/2022\/10\/07\/plataforma-reune-iniciativas-de-agricultura-urbana-no-brasil\/#breadcrumb"},"inLanguage":"pt-BR","potentialAction":[{"@type":"ReadAction","target":["https:\/\/jornalfatosenoticias.com.br\/index.php\/2022\/10\/07\/plataforma-reune-iniciativas-de-agricultura-urbana-no-brasil\/"]}]},{"@type":"ImageObject","inLanguage":"pt-BR","@id":"https:\/\/jornalfatosenoticias.com.br\/index.php\/2022\/10\/07\/plataforma-reune-iniciativas-de-agricultura-urbana-no-brasil\/#primaryimage","url":"https:\/\/jornalfatosenoticias.com.br\/wp-content\/uploads\/2022\/10\/hortas-urbanas-Curitiba1.jpg","contentUrl":"https:\/\/jornalfatosenoticias.com.br\/wp-content\/uploads\/2022\/10\/hortas-urbanas-Curitiba1.jpg","width":1000,"height":719},{"@type":"BreadcrumbList","@id":"https:\/\/jornalfatosenoticias.com.br\/index.php\/2022\/10\/07\/plataforma-reune-iniciativas-de-agricultura-urbana-no-brasil\/#breadcrumb","itemListElement":[{"@type":"ListItem","position":1,"name":"In\u00edcio","item":"https:\/\/jornalfatosenoticias.com.br\/"},{"@type":"ListItem","position":2,"name":"Plataforma re\u00fane iniciativas de agricultura urbana no Brasil"}]},{"@type":"WebSite","@id":"https:\/\/jornalfatosenoticias.com.br\/#website","url":"https:\/\/jornalfatosenoticias.com.br\/","name":"Jornal Fatos e Not\u00edcias","description":"Not\u00edcias em geral","publisher":{"@id":"https:\/\/jornalfatosenoticias.com.br\/#organization"},"potentialAction":[{"@type":"SearchAction","target":{"@type":"EntryPoint","urlTemplate":"https:\/\/jornalfatosenoticias.com.br\/?s={search_term_string}"},"query-input":{"@type":"PropertyValueSpecification","valueRequired":true,"valueName":"search_term_string"}}],"inLanguage":"pt-BR"},{"@type":"Organization","@id":"https:\/\/jornalfatosenoticias.com.br\/#organization","name":"Jornal Fatos e Not\u00edcias","url":"https:\/\/jornalfatosenoticias.com.br\/","logo":{"@type":"ImageObject","inLanguage":"pt-BR","@id":"https:\/\/jornalfatosenoticias.com.br\/#\/schema\/logo\/image\/","url":"https:\/\/jornalfatosenoticias.com.br\/wp-content\/uploads\/2020\/02\/logo120.png","contentUrl":"https:\/\/jornalfatosenoticias.com.br\/wp-content\/uploads\/2020\/02\/logo120.png","width":1227,"height":120,"caption":"Jornal Fatos e Not\u00edcias"},"image":{"@id":"https:\/\/jornalfatosenoticias.com.br\/#\/schema\/logo\/image\/"}},{"@type":"Person","@id":"https:\/\/jornalfatosenoticias.com.br\/#\/schema\/person\/d63837fa13ac8666eb9e74e0985d6f81","name":"Luzimara Fernandes","image":{"@type":"ImageObject","inLanguage":"pt-BR","@id":"https:\/\/jornalfatosenoticias.com.br\/#\/schema\/person\/image\/","url":"https:\/\/jornalfatosenoticias.com.br\/wp-content\/uploads\/2025\/05\/EU_portal.jpg","contentUrl":"https:\/\/jornalfatosenoticias.com.br\/wp-content\/uploads\/2025\/05\/EU_portal.jpg","caption":"Luzimara Fernandes"},"description":"Jornalista MTB 2358-ES","sameAs":["https:\/\/jornalfatosenoticias.com.br"],"url":"https:\/\/jornalfatosenoticias.com.br\/index.php\/author\/luzimara\/"}]}},"cc_featured_image_caption":{"caption_text":"(Foto: Daniel Castellano\/SMCS) ","source_text":"","source_url":""},"jetpack_featured_media_url":"https:\/\/jornalfatosenoticias.com.br\/wp-content\/uploads\/2022\/10\/hortas-urbanas-Curitiba1.jpg","_links":{"self":[{"href":"https:\/\/jornalfatosenoticias.com.br\/index.php\/wp-json\/wp\/v2\/posts\/34951","targetHints":{"allow":["GET"]}}],"collection":[{"href":"https:\/\/jornalfatosenoticias.com.br\/index.php\/wp-json\/wp\/v2\/posts"}],"about":[{"href":"https:\/\/jornalfatosenoticias.com.br\/index.php\/wp-json\/wp\/v2\/types\/post"}],"author":[{"embeddable":true,"href":"https:\/\/jornalfatosenoticias.com.br\/index.php\/wp-json\/wp\/v2\/users\/2"}],"replies":[{"embeddable":true,"href":"https:\/\/jornalfatosenoticias.com.br\/index.php\/wp-json\/wp\/v2\/comments?post=34951"}],"version-history":[{"count":0,"href":"https:\/\/jornalfatosenoticias.com.br\/index.php\/wp-json\/wp\/v2\/posts\/34951\/revisions"}],"wp:featuredmedia":[{"embeddable":true,"href":"https:\/\/jornalfatosenoticias.com.br\/index.php\/wp-json\/wp\/v2\/media\/34953"}],"wp:attachment":[{"href":"https:\/\/jornalfatosenoticias.com.br\/index.php\/wp-json\/wp\/v2\/media?parent=34951"}],"wp:term":[{"taxonomy":"category","embeddable":true,"href":"https:\/\/jornalfatosenoticias.com.br\/index.php\/wp-json\/wp\/v2\/categories?post=34951"},{"taxonomy":"post_tag","embeddable":true,"href":"https:\/\/jornalfatosenoticias.com.br\/index.php\/wp-json\/wp\/v2\/tags?post=34951"}],"curies":[{"name":"wp","href":"https:\/\/api.w.org\/{rel}","templated":true}]}}