{"id":34955,"date":"2022-10-07T13:58:31","date_gmt":"2022-10-07T16:58:31","guid":{"rendered":"https:\/\/jornalfatosenoticias.com.br\/?p=34955"},"modified":"2022-10-07T13:58:33","modified_gmt":"2022-10-07T16:58:33","slug":"fazenda-flutuante-dessalinizar-agua-para-cultivar-alimentos","status":"publish","type":"post","link":"https:\/\/jornalfatosenoticias.com.br\/index.php\/2022\/10\/07\/fazenda-flutuante-dessalinizar-agua-para-cultivar-alimentos\/","title":{"rendered":"Fazenda flutuante dessalinizar \u00e1gua para cultivar alimentos"},"content":{"rendered":"\n<p><em><span class=\"has-inline-color has-black-color\">Dispositivo promete gerar menos impactos do que o processo tradicional de dessaliniza\u00e7\u00e3o<\/span><\/em><\/p>\n\n\n\n<div class=\"wp-block-image\"><figure class=\"aligncenter size-large\"><img loading=\"lazy\" decoding=\"async\" width=\"1024\" height=\"99\" src=\"https:\/\/jornalfatosenoticias.com.br\/wp-content\/uploads\/2020\/02\/Logo-Mizu-segunda-2-1024x99.png\" alt=\"\" class=\"wp-image-2353\" srcset=\"https:\/\/jornalfatosenoticias.com.br\/wp-content\/uploads\/2020\/02\/Logo-Mizu-segunda-2-1024x99.png 1024w, https:\/\/jornalfatosenoticias.com.br\/wp-content\/uploads\/2020\/02\/Logo-Mizu-segunda-2-300x29.png 300w, https:\/\/jornalfatosenoticias.com.br\/wp-content\/uploads\/2020\/02\/Logo-Mizu-segunda-2-768x74.png 768w, https:\/\/jornalfatosenoticias.com.br\/wp-content\/uploads\/2020\/02\/Logo-Mizu-segunda-2.png 1240w\" sizes=\"auto, (max-width: 1024px) 100vw, 1024px\" \/><\/figure><\/div>\n\n\n\n<p>A escassez h\u00eddrica \u00e9 um problema global. Em 2018, 3,6 bilh\u00f5es de pessoas no mundo tiveram acesso inadequado \u00e0 \u00e1gua ao longo de um m\u00eas, segundo a Organiza\u00e7\u00e3o Meteorol\u00f3gica Mundial. A proje\u00e7\u00e3o do \u00f3rg\u00e3o \u00e9 que esse n\u00famero suba e atinja cinco bilh\u00f5es de pessoas at\u00e9 2050. Pa\u00edses do Oriente M\u00e9dio, que j\u00e1 sofrem pelos parcos recursos h\u00eddricos dispon\u00edveis, investem em dessaliniza\u00e7\u00e3o da \u00e1gua do mar e novas tecnologias neste sentido est\u00e3o sempre em desenvolvimento.<\/p>\n\n\n\n<div class=\"wp-block-image\"><figure class=\"aligncenter size-large is-resized\"><img loading=\"lazy\" decoding=\"async\" src=\"https:\/\/jornalfatosenoticias.com.br\/wp-content\/uploads\/2022\/07\/Logo-Grupo-SEI.jpg\" alt=\"\" class=\"wp-image-31973\" width=\"345\" height=\"181\" srcset=\"https:\/\/jornalfatosenoticias.com.br\/wp-content\/uploads\/2022\/07\/Logo-Grupo-SEI.jpg 713w, https:\/\/jornalfatosenoticias.com.br\/wp-content\/uploads\/2022\/07\/Logo-Grupo-SEI-300x158.jpg 300w\" sizes=\"auto, (max-width: 345px) 100vw, 345px\" \/><\/figure><\/div>\n\n\n\n<p>Exemplo de solu\u00e7\u00e3o de dessaliniza\u00e7\u00e3o, que remove o sal da \u00e1gua, foi criada pela startup Manhat de Abu Dhabi, capital dos Emirados \u00c1rabes. Trata-se de um sistema flutuante capaz de capturar a \u00e1gua evaporada na superf\u00edcie do oceano, condens\u00e1-la e colet\u00e1-la na forma de \u00e1gua doce.<\/p>\n\n\n\n<div class=\"wp-block-image\"><figure class=\"aligncenter size-large\"><img loading=\"lazy\" decoding=\"async\" width=\"1024\" height=\"111\" src=\"https:\/\/jornalfatosenoticias.com.br\/wp-content\/uploads\/2020\/02\/WhatsApp-Image-2022-09-23-at-12.09.18-1024x111.jpeg\" alt=\"\" class=\"wp-image-34527\" srcset=\"https:\/\/jornalfatosenoticias.com.br\/wp-content\/uploads\/2020\/02\/WhatsApp-Image-2022-09-23-at-12.09.18-1024x111.jpeg 1024w, https:\/\/jornalfatosenoticias.com.br\/wp-content\/uploads\/2020\/02\/WhatsApp-Image-2022-09-23-at-12.09.18-300x32.jpeg 300w, https:\/\/jornalfatosenoticias.com.br\/wp-content\/uploads\/2020\/02\/WhatsApp-Image-2022-09-23-at-12.09.18-768x83.jpeg 768w, https:\/\/jornalfatosenoticias.com.br\/wp-content\/uploads\/2020\/02\/WhatsApp-Image-2022-09-23-at-12.09.18.jpeg 1121w\" sizes=\"auto, (max-width: 1024px) 100vw, 1024px\" \/><\/figure><\/div>\n\n\n\n<p>O dispositivo funciona com luz solar, o que reverte uma das principais desvantagens do m\u00e9todo de dessaliniza\u00e7\u00e3o de \u00e1gua tradicional: o alto consumo de <a href=\"https:\/\/ciclovivo.com.br\/arq-urb\/mobilidade\/veleiro-movido-a-energia-solar-e-eolica-e-testado-em-niteroi\/\" target=\"_blank\" rel=\"noreferrer noopener\">energia<\/a>.<\/p>\n\n\n\n<div class=\"wp-block-image\"><figure class=\"aligncenter size-large\"><img loading=\"lazy\" decoding=\"async\" width=\"1024\" height=\"110\" src=\"https:\/\/jornalfatosenoticias.com.br\/wp-content\/uploads\/2022\/10\/Arte-jornal-Zucchi-1120x120_Prancheta-1-1024x110.jpg\" alt=\"\" class=\"wp-image-34772\" srcset=\"https:\/\/jornalfatosenoticias.com.br\/wp-content\/uploads\/2022\/10\/Arte-jornal-Zucchi-1120x120_Prancheta-1-1024x110.jpg 1024w, https:\/\/jornalfatosenoticias.com.br\/wp-content\/uploads\/2022\/10\/Arte-jornal-Zucchi-1120x120_Prancheta-1-300x32.jpg 300w, https:\/\/jornalfatosenoticias.com.br\/wp-content\/uploads\/2022\/10\/Arte-jornal-Zucchi-1120x120_Prancheta-1-768x82.jpg 768w, https:\/\/jornalfatosenoticias.com.br\/wp-content\/uploads\/2022\/10\/Arte-jornal-Zucchi-1120x120_Prancheta-1-1536x165.jpg 1536w, https:\/\/jornalfatosenoticias.com.br\/wp-content\/uploads\/2022\/10\/Arte-jornal-Zucchi-1120x120_Prancheta-1-2048x219.jpg 2048w\" sizes=\"auto, (max-width: 1024px) 100vw, 1024px\" \/><\/figure><\/div>\n\n\n\n<p>A empresa formulou tamb\u00e9m uma fazenda flutuante que usa a \u00e1gua doce coletada para irrigar e cultivar esp\u00e9cies. Uma solu\u00e7\u00e3o que poderia mudar a forma de <a href=\"https:\/\/ciclovivo.com.br\/inovacao\/negocios\/grupo-gastronomico-vai-produzir-alimentos-em-sistema-agroflorestal\/\" target=\"_blank\" rel=\"noreferrer noopener\">produzir alimentos<\/a> no pa\u00eds.<\/p>\n\n\n\n<div class=\"wp-block-image\"><figure class=\"aligncenter size-large\"><img loading=\"lazy\" decoding=\"async\" width=\"300\" height=\"300\" src=\"https:\/\/jornalfatosenoticias.com.br\/wp-content\/uploads\/2020\/02\/casa-do-torresmo_portal.jpg\" alt=\"\" class=\"wp-image-34472\" srcset=\"https:\/\/jornalfatosenoticias.com.br\/wp-content\/uploads\/2020\/02\/casa-do-torresmo_portal.jpg 300w, https:\/\/jornalfatosenoticias.com.br\/wp-content\/uploads\/2020\/02\/casa-do-torresmo_portal-150x150.jpg 150w\" sizes=\"auto, (max-width: 300px) 100vw, 300px\" \/><\/figure><\/div>\n\n\n\n<figure class=\"wp-block-pullquote\"><blockquote><p><span class=\"has-inline-color has-luminous-vivid-orange-color\">Somos a \u00fanica tecnologia de \u00e1gua que pode ser integrada para fornecer solu\u00e7\u00f5es agr\u00edcolas flutuantes. Colhemos de forma sustent\u00e1vel a \u00e1gua doce e a usamos imediatamente para irrigar as <a href=\"https:\/\/ciclovivo.com.br\/arq-urb\/arquitetura\/projeto-de-fazenda-flutuante-possibilita-o-plantio-organico-em-alto-mar\/\" target=\"_blank\" rel=\"noreferrer noopener\">fazendas flutuantes<\/a>\u201d, afirmou Saeed Alhassan Alkhazraji, fundador da Manhat, em entrevista ao site de not\u00edcias sobre sustentabilidade Impakter.<\/span><\/p><\/blockquote><\/figure>\n\n\n\n<div class=\"wp-block-image\"><figure class=\"aligncenter size-large\"><img loading=\"lazy\" decoding=\"async\" width=\"1024\" height=\"100\" src=\"https:\/\/jornalfatosenoticias.com.br\/wp-content\/uploads\/2022\/05\/NOVA-LOGO-CESCONETTO-1024x100.jpg\" alt=\"\" class=\"wp-image-30792\" srcset=\"https:\/\/jornalfatosenoticias.com.br\/wp-content\/uploads\/2022\/05\/NOVA-LOGO-CESCONETTO-1024x100.jpg 1024w, https:\/\/jornalfatosenoticias.com.br\/wp-content\/uploads\/2022\/05\/NOVA-LOGO-CESCONETTO-300x29.jpg 300w, https:\/\/jornalfatosenoticias.com.br\/wp-content\/uploads\/2022\/05\/NOVA-LOGO-CESCONETTO-768x75.jpg 768w, https:\/\/jornalfatosenoticias.com.br\/wp-content\/uploads\/2022\/05\/NOVA-LOGO-CESCONETTO.jpg 1280w\" sizes=\"auto, (max-width: 1024px) 100vw, 1024px\" \/><\/figure><\/div>\n\n\n\n<p>Isso significa usar a \u00e1gua no pr\u00f3prio local de coleta para irrigar culturas sem a necessidade de transporte de \u00e1gua e todas as emiss\u00f5es associadas.<\/p>\n\n\n\n<h4 class=\"wp-block-heading\"><strong><span class=\"has-inline-color has-vivid-green-cyan-color\">Como funciona<\/span><\/strong><\/h4>\n\n\n\n<figure class=\"wp-block-image size-large\"><img loading=\"lazy\" decoding=\"async\" width=\"1000\" height=\"559\" src=\"https:\/\/jornalfatosenoticias.com.br\/wp-content\/uploads\/2022\/10\/dessalinizaca-agua-2.jpg\" alt=\"\" class=\"wp-image-34956\" srcset=\"https:\/\/jornalfatosenoticias.com.br\/wp-content\/uploads\/2022\/10\/dessalinizaca-agua-2.jpg 1000w, https:\/\/jornalfatosenoticias.com.br\/wp-content\/uploads\/2022\/10\/dessalinizaca-agua-2-300x168.jpg 300w, https:\/\/jornalfatosenoticias.com.br\/wp-content\/uploads\/2022\/10\/dessalinizaca-agua-2-768x429.jpg 768w\" sizes=\"auto, (max-width: 1000px) 100vw, 1000px\" \/><figcaption><em><span class=\"has-inline-color has-black-color\">Tecnologias podem ser usadas para cultivar diferentes culturas (Foto: Manhat)<\/span><\/em><\/figcaption><\/figure>\n\n\n\n<div class=\"wp-block-image\"><figure class=\"alignright size-large\"><img loading=\"lazy\" decoding=\"async\" width=\"300\" height=\"250\" src=\"https:\/\/jornalfatosenoticias.com.br\/wp-content\/uploads\/2022\/08\/arte-Casarao.jpg\" alt=\"\" class=\"wp-image-33178\"\/><\/figure><\/div>\n\n\n\n<p>A tecnologia da startup consiste em \u201cproduzir\u201d \u00e1gua doce por meio da capta\u00e7\u00e3o de <a href=\"https:\/\/ciclovivo.com.br\/inovacao\/tecnologia\/startup-transforma-vapor-em-agua-usando-energia-solar\/\" target=\"_blank\" rel=\"noreferrer noopener\">vapor<\/a> de \u00e1gua nas superf\u00edcies de \u00e1guas abertas, que ocorre por conta da radia\u00e7\u00e3o solar.<br>A luz do sol aquece e evapora a \u00e1gua sob a estrutura, separando-a dos cristais de sal que retornam ao mar. Quando as temperaturas esfriam, a \u00e1gua se condensa em \u00e1gua doce e flui para um reservat\u00f3rio.<br>Neste processo, segundo a companhia, tamb\u00e9m n\u00e3o \u00e9 produzido salmoura (res\u00edduo de sal) que \u00e9 outro grande problema do processo de dessaliniza\u00e7\u00e3o comum.<\/p>\n\n\n\n<div class=\"wp-block-image\"><figure class=\"aligncenter size-large is-resized\"><img loading=\"lazy\" decoding=\"async\" src=\"https:\/\/jornalfatosenoticias.com.br\/wp-content\/uploads\/2020\/02\/logo-clinica-limoeiro.jpg\" alt=\"\" class=\"wp-image-34610\" width=\"318\" height=\"226\"\/><\/figure><\/div>\n\n\n\n<figure class=\"wp-block-pullquote\"><blockquote><p><span class=\"has-inline-color has-luminous-vivid-orange-color\">Esta \u00e1gua, que \u00e9 extremamente rica em sal, outros minerais e potencialmente qu\u00edmicos tamb\u00e9m, \u00e9 descartada no meio ambiente. Isso afeta a \u00e1gua na \u00e1rea e tem um impacto sobre a vida marinha e outros ecossistemas\u201d, explica uma reportagem da Euronews.<\/span><\/p><\/blockquote><\/figure>\n\n\n\n<div class=\"wp-block-image\"><figure class=\"aligncenter size-large\"><img loading=\"lazy\" decoding=\"async\" width=\"1024\" height=\"100\" src=\"https:\/\/jornalfatosenoticias.com.br\/wp-content\/uploads\/2020\/02\/banner_ferramentas-1024x100.jpg\" alt=\"\" class=\"wp-image-1258\" srcset=\"https:\/\/jornalfatosenoticias.com.br\/wp-content\/uploads\/2020\/02\/banner_ferramentas-1024x100.jpg 1024w, https:\/\/jornalfatosenoticias.com.br\/wp-content\/uploads\/2020\/02\/banner_ferramentas-300x29.jpg 300w, https:\/\/jornalfatosenoticias.com.br\/wp-content\/uploads\/2020\/02\/banner_ferramentas-768x75.jpg 768w, https:\/\/jornalfatosenoticias.com.br\/wp-content\/uploads\/2020\/02\/banner_ferramentas.jpg 1227w\" sizes=\"auto, (max-width: 1024px) 100vw, 1024px\" \/><\/figure><\/div>\n\n\n\n<p>Outro benef\u00edcio relatado pela empresa \u00e9 gerar economia em compara\u00e7\u00e3o aos equipamentos hoje existentes, uma vez que o novo dispositivo n\u00e3o necessita de aquecimento ou compress\u00e3o de \u00e1gua.<\/p>\n\n\n\n<div class=\"wp-block-image\"><figure class=\"aligncenter size-large\"><img decoding=\"async\" src=\"https:\/\/jornalfatosenoticias.com.br\/wp-content\/uploads\/2020\/02\/barao-das-carnes-300x164-1.jpg\" alt=\"\" class=\"wp-image-34339\"\/><\/figure><\/div>\n\n\n\n<p>Confira o\u00a0<a href=\"https:\/\/www.youtube.com\/watch?v=VxEETEPe9Ys\" target=\"_blank\" rel=\"noreferrer noopener\">v\u00eddeo sobre a tecnologia<\/a>.<\/p>\n\n\n\n<h4 class=\"wp-block-heading\"><strong><span class=\"has-inline-color has-vivid-green-cyan-color\">Tirando a tecnologia do papel<\/span><\/strong><\/h4>\n\n\n\n<figure class=\"wp-block-image size-large\"><img loading=\"lazy\" decoding=\"async\" width=\"1000\" height=\"562\" src=\"https:\/\/jornalfatosenoticias.com.br\/wp-content\/uploads\/2022\/10\/dessalinizaca-agua-3.jpg\" alt=\"\" class=\"wp-image-34957\" srcset=\"https:\/\/jornalfatosenoticias.com.br\/wp-content\/uploads\/2022\/10\/dessalinizaca-agua-3.jpg 1000w, https:\/\/jornalfatosenoticias.com.br\/wp-content\/uploads\/2022\/10\/dessalinizaca-agua-3-300x169.jpg 300w, https:\/\/jornalfatosenoticias.com.br\/wp-content\/uploads\/2022\/10\/dessalinizaca-agua-3-768x432.jpg 768w\" sizes=\"auto, (max-width: 1000px) 100vw, 1000px\" \/><figcaption><em><span class=\"has-inline-color has-black-color\">Startup prop\u00f5e montar fazenda flutuante no mar (Foto: Manhat)<\/span><\/em><\/figcaption><\/figure>\n\n\n\n<div class=\"wp-block-image\"><figure class=\"alignleft size-large is-resized\"><img loading=\"lazy\" decoding=\"async\" src=\"https:\/\/jornalfatosenoticias.com.br\/wp-content\/uploads\/2020\/02\/nova-logo-Marquetti.jpg\" alt=\"\" class=\"wp-image-22331\" width=\"302\" height=\"203\" srcset=\"https:\/\/jornalfatosenoticias.com.br\/wp-content\/uploads\/2020\/02\/nova-logo-Marquetti.jpg 643w, https:\/\/jornalfatosenoticias.com.br\/wp-content\/uploads\/2020\/02\/nova-logo-Marquetti-300x202.jpg 300w\" sizes=\"auto, (max-width: 302px) 100vw, 302px\" \/><\/figure><\/div>\n\n\n\n<p>Prot\u00f3tipos ancorados e flutuantes foram implantados em locais de Abu Dhabi para validar a tecnologia em colabora\u00e7\u00e3o com os portos da cidade. O pr\u00f3ximo passo \u00e9 lan\u00e7ar uma fazenda flutuante piloto para cultivar cogumelos.<br>Apesar de n\u00e3o divulgar detalhes sobre a viabilidade do sistema, Saeed Alhassan Alkhazraji, que \u00e9 tamb\u00e9m professor associado da Khalifa University de Abu Dhabi, tem em mente objetivos claros para seguir desenvolvendo a tecnologia nos pr\u00f3ximos anos. Levando em conta todo o per\u00edodo de testes, o fundador aponta que em cinco anos poder\u00e1 ter \u201ctecnologias para cultivar diferentes culturas de alto valor comercial\u201d.<\/p>\n\n\n\n<div class=\"wp-block-image\"><figure class=\"aligncenter size-large\"><img decoding=\"async\" src=\"https:\/\/jornalfatosenoticias.com.br\/wp-content\/uploads\/2020\/02\/logo-embacia-1-1024x110.jpg\" alt=\"\" class=\"wp-image-33954\"\/><\/figure><\/div>\n\n\n\n<p>Um ponto a ser melhorado, j\u00e1 em desenvolvimento, \u00e9 a capacidade de produ\u00e7\u00e3o de \u00e1gua. O prot\u00f3tipo flutuante de 2,25 metros quadrados produz somente 1,5 litro de \u00e1gua doce por dia. A meta a curto prazo \u00e9 aumentar o volume para cinco litros e a longo prazo chegar a pelo menos 20 litros.<\/p>\n\n\n\n<div class=\"wp-block-image\"><figure class=\"aligncenter size-large is-resized\"><img loading=\"lazy\" decoding=\"async\" src=\"https:\/\/jornalfatosenoticias.com.br\/wp-content\/uploads\/2022\/08\/logo-locau-veiculos-1024x573.png\" alt=\"\" class=\"wp-image-33078\" width=\"307\" height=\"171\"\/><\/figure><\/div>\n\n\n\n<p>A startup Manhat \u00e9 uma das vencedoras do \u201cWater Europe Innovation Awards 2022\u201d. O pr\u00eamio reconhece pequenas e m\u00e9dias empresas com solu\u00e7\u00f5es inovadoras no setor de \u00e1gua. A solu\u00e7\u00e3o pode ainda estar longe de ser aplicada em larga escala, mas \u00e9 um esfor\u00e7o necess\u00e1rio, que pode complementar os sistemas j\u00e1 existentes, frente \u00e0 crise clim\u00e1tica e o aumento populacional que prometem pressionar cada vez mais os recursos h\u00eddricos.<\/p>\n\n\n\n<div class=\"wp-block-image\"><figure class=\"aligncenter size-large is-resized\"><img loading=\"lazy\" decoding=\"async\" src=\"https:\/\/jornalfatosenoticias.com.br\/wp-content\/uploads\/2020\/02\/Logo-RC-Radiadores-Distribuidora-com-telefone-preto-1.jpg\" alt=\"\" class=\"wp-image-34852\" width=\"222\" height=\"229\"\/><\/figure><\/div>\n\n\n\n<p><strong><em>Fonte: <a href=\"https:\/\/ciclovivo.com.br\/inovacao\/tecnologia\/fazenda-flutuante-dessaliniza-agua-para-cultivar-alimentos\/\">CicloVivo<\/a><\/em><\/strong><\/p>\n","protected":false},"excerpt":{"rendered":"<p>Dispositivo promete gerar menos impactos do que o processo tradicional de dessaliniza\u00e7\u00e3o A escassez h\u00eddrica \u00e9 um problema global. Em 2018, 3,6 bilh\u00f5es de pessoas no mundo tiveram acesso inadequado \u00e0 \u00e1gua ao longo de um m\u00eas, segundo a Organiza\u00e7\u00e3o Meteorol\u00f3gica Mundial. A proje\u00e7\u00e3o do \u00f3rg\u00e3o \u00e9 que esse n\u00famero suba e atinja cinco bilh\u00f5es [&hellip;]<\/p>\n","protected":false},"author":2,"featured_media":34957,"comment_status":"open","ping_status":"open","sticky":false,"template":"","format":"standard","meta":{"footnotes":""},"categories":[3],"tags":[3663,8227,16408,16409,16410],"class_list":["post-34955","post","type-post","status-publish","format-standard","has-post-thumbnail","hentry","category-tecnologia","tag-alto-mar","tag-dessalinizacao","tag-estrutura-flutuante","tag-estufa-flutuante","tag-fazenda-flutuante"],"yoast_head":"<!-- This site is optimized with the Yoast SEO plugin v26.5 - https:\/\/yoast.com\/wordpress\/plugins\/seo\/ -->\n<title>Fazenda flutuante dessalinizar \u00e1gua para cultivar alimentos - Jornal Fatos e Not\u00edcias<\/title>\n<meta name=\"robots\" content=\"index, follow, max-snippet:-1, max-image-preview:large, max-video-preview:-1\" \/>\n<link rel=\"canonical\" href=\"https:\/\/jornalfatosenoticias.com.br\/index.php\/2022\/10\/07\/fazenda-flutuante-dessalinizar-agua-para-cultivar-alimentos\/\" \/>\n<meta property=\"og:locale\" content=\"pt_BR\" \/>\n<meta property=\"og:type\" content=\"article\" \/>\n<meta property=\"og:title\" content=\"Fazenda flutuante dessalinizar \u00e1gua para cultivar alimentos - Jornal Fatos e Not\u00edcias\" \/>\n<meta property=\"og:description\" content=\"Dispositivo promete gerar menos impactos do que o processo tradicional de dessaliniza\u00e7\u00e3o A escassez h\u00eddrica \u00e9 um problema global. Em 2018, 3,6 bilh\u00f5es de pessoas no mundo tiveram acesso inadequado \u00e0 \u00e1gua ao longo de um m\u00eas, segundo a Organiza\u00e7\u00e3o Meteorol\u00f3gica Mundial. A proje\u00e7\u00e3o do \u00f3rg\u00e3o \u00e9 que esse n\u00famero suba e atinja cinco bilh\u00f5es [&hellip;]\" \/>\n<meta property=\"og:url\" content=\"https:\/\/jornalfatosenoticias.com.br\/index.php\/2022\/10\/07\/fazenda-flutuante-dessalinizar-agua-para-cultivar-alimentos\/\" \/>\n<meta property=\"og:site_name\" content=\"Jornal Fatos e Not\u00edcias\" \/>\n<meta property=\"article:published_time\" content=\"2022-10-07T16:58:31+00:00\" \/>\n<meta property=\"article:modified_time\" content=\"2022-10-07T16:58:33+00:00\" \/>\n<meta property=\"og:image\" content=\"https:\/\/jornalfatosenoticias.com.br\/wp-content\/uploads\/2022\/10\/dessalinizaca-agua-3.jpg\" \/>\n\t<meta property=\"og:image:width\" content=\"1000\" \/>\n\t<meta property=\"og:image:height\" content=\"562\" \/>\n\t<meta property=\"og:image:type\" content=\"image\/jpeg\" \/>\n<meta name=\"author\" content=\"Luzimara Fernandes\" \/>\n<meta name=\"twitter:card\" content=\"summary_large_image\" \/>\n<meta name=\"twitter:label1\" content=\"Escrito por\" \/>\n\t<meta name=\"twitter:data1\" content=\"Luzimara Fernandes\" \/>\n\t<meta name=\"twitter:label2\" content=\"Est. tempo de leitura\" \/>\n\t<meta name=\"twitter:data2\" content=\"4 minutos\" \/>\n<script type=\"application\/ld+json\" class=\"yoast-schema-graph\">{\"@context\":\"https:\/\/schema.org\",\"@graph\":[{\"@type\":\"Article\",\"@id\":\"https:\/\/jornalfatosenoticias.com.br\/index.php\/2022\/10\/07\/fazenda-flutuante-dessalinizar-agua-para-cultivar-alimentos\/#article\",\"isPartOf\":{\"@id\":\"https:\/\/jornalfatosenoticias.com.br\/index.php\/2022\/10\/07\/fazenda-flutuante-dessalinizar-agua-para-cultivar-alimentos\/\"},\"author\":{\"name\":\"Luzimara Fernandes\",\"@id\":\"https:\/\/jornalfatosenoticias.com.br\/#\/schema\/person\/d63837fa13ac8666eb9e74e0985d6f81\"},\"headline\":\"Fazenda flutuante dessalinizar \u00e1gua para cultivar alimentos\",\"datePublished\":\"2022-10-07T16:58:31+00:00\",\"dateModified\":\"2022-10-07T16:58:33+00:00\",\"mainEntityOfPage\":{\"@id\":\"https:\/\/jornalfatosenoticias.com.br\/index.php\/2022\/10\/07\/fazenda-flutuante-dessalinizar-agua-para-cultivar-alimentos\/\"},\"wordCount\":722,\"commentCount\":0,\"publisher\":{\"@id\":\"https:\/\/jornalfatosenoticias.com.br\/#organization\"},\"image\":{\"@id\":\"https:\/\/jornalfatosenoticias.com.br\/index.php\/2022\/10\/07\/fazenda-flutuante-dessalinizar-agua-para-cultivar-alimentos\/#primaryimage\"},\"thumbnailUrl\":\"https:\/\/jornalfatosenoticias.com.br\/wp-content\/uploads\/2022\/10\/dessalinizaca-agua-3.jpg\",\"keywords\":[\"alto-mar\",\"dessaliniza\u00e7\u00e3o\",\"estrutura flutuante\",\"estufa flutuante\",\"fazenda flutuante\"],\"articleSection\":[\"Tecnologia &amp; Inova\u00e7\u00e3o\"],\"inLanguage\":\"pt-BR\",\"potentialAction\":[{\"@type\":\"CommentAction\",\"name\":\"Comment\",\"target\":[\"https:\/\/jornalfatosenoticias.com.br\/index.php\/2022\/10\/07\/fazenda-flutuante-dessalinizar-agua-para-cultivar-alimentos\/#respond\"]}]},{\"@type\":\"WebPage\",\"@id\":\"https:\/\/jornalfatosenoticias.com.br\/index.php\/2022\/10\/07\/fazenda-flutuante-dessalinizar-agua-para-cultivar-alimentos\/\",\"url\":\"https:\/\/jornalfatosenoticias.com.br\/index.php\/2022\/10\/07\/fazenda-flutuante-dessalinizar-agua-para-cultivar-alimentos\/\",\"name\":\"Fazenda flutuante dessalinizar \u00e1gua para cultivar alimentos - Jornal Fatos e Not\u00edcias\",\"isPartOf\":{\"@id\":\"https:\/\/jornalfatosenoticias.com.br\/#website\"},\"primaryImageOfPage\":{\"@id\":\"https:\/\/jornalfatosenoticias.com.br\/index.php\/2022\/10\/07\/fazenda-flutuante-dessalinizar-agua-para-cultivar-alimentos\/#primaryimage\"},\"image\":{\"@id\":\"https:\/\/jornalfatosenoticias.com.br\/index.php\/2022\/10\/07\/fazenda-flutuante-dessalinizar-agua-para-cultivar-alimentos\/#primaryimage\"},\"thumbnailUrl\":\"https:\/\/jornalfatosenoticias.com.br\/wp-content\/uploads\/2022\/10\/dessalinizaca-agua-3.jpg\",\"datePublished\":\"2022-10-07T16:58:31+00:00\",\"dateModified\":\"2022-10-07T16:58:33+00:00\",\"breadcrumb\":{\"@id\":\"https:\/\/jornalfatosenoticias.com.br\/index.php\/2022\/10\/07\/fazenda-flutuante-dessalinizar-agua-para-cultivar-alimentos\/#breadcrumb\"},\"inLanguage\":\"pt-BR\",\"potentialAction\":[{\"@type\":\"ReadAction\",\"target\":[\"https:\/\/jornalfatosenoticias.com.br\/index.php\/2022\/10\/07\/fazenda-flutuante-dessalinizar-agua-para-cultivar-alimentos\/\"]}]},{\"@type\":\"ImageObject\",\"inLanguage\":\"pt-BR\",\"@id\":\"https:\/\/jornalfatosenoticias.com.br\/index.php\/2022\/10\/07\/fazenda-flutuante-dessalinizar-agua-para-cultivar-alimentos\/#primaryimage\",\"url\":\"https:\/\/jornalfatosenoticias.com.br\/wp-content\/uploads\/2022\/10\/dessalinizaca-agua-3.jpg\",\"contentUrl\":\"https:\/\/jornalfatosenoticias.com.br\/wp-content\/uploads\/2022\/10\/dessalinizaca-agua-3.jpg\",\"width\":1000,\"height\":562},{\"@type\":\"BreadcrumbList\",\"@id\":\"https:\/\/jornalfatosenoticias.com.br\/index.php\/2022\/10\/07\/fazenda-flutuante-dessalinizar-agua-para-cultivar-alimentos\/#breadcrumb\",\"itemListElement\":[{\"@type\":\"ListItem\",\"position\":1,\"name\":\"In\u00edcio\",\"item\":\"https:\/\/jornalfatosenoticias.com.br\/\"},{\"@type\":\"ListItem\",\"position\":2,\"name\":\"Fazenda flutuante dessalinizar \u00e1gua para cultivar alimentos\"}]},{\"@type\":\"WebSite\",\"@id\":\"https:\/\/jornalfatosenoticias.com.br\/#website\",\"url\":\"https:\/\/jornalfatosenoticias.com.br\/\",\"name\":\"Jornal Fatos e Not\u00edcias\",\"description\":\"Not\u00edcias em geral\",\"publisher\":{\"@id\":\"https:\/\/jornalfatosenoticias.com.br\/#organization\"},\"potentialAction\":[{\"@type\":\"SearchAction\",\"target\":{\"@type\":\"EntryPoint\",\"urlTemplate\":\"https:\/\/jornalfatosenoticias.com.br\/?s={search_term_string}\"},\"query-input\":{\"@type\":\"PropertyValueSpecification\",\"valueRequired\":true,\"valueName\":\"search_term_string\"}}],\"inLanguage\":\"pt-BR\"},{\"@type\":\"Organization\",\"@id\":\"https:\/\/jornalfatosenoticias.com.br\/#organization\",\"name\":\"Jornal Fatos e Not\u00edcias\",\"url\":\"https:\/\/jornalfatosenoticias.com.br\/\",\"logo\":{\"@type\":\"ImageObject\",\"inLanguage\":\"pt-BR\",\"@id\":\"https:\/\/jornalfatosenoticias.com.br\/#\/schema\/logo\/image\/\",\"url\":\"https:\/\/jornalfatosenoticias.com.br\/wp-content\/uploads\/2020\/02\/logo120.png\",\"contentUrl\":\"https:\/\/jornalfatosenoticias.com.br\/wp-content\/uploads\/2020\/02\/logo120.png\",\"width\":1227,\"height\":120,\"caption\":\"Jornal Fatos e Not\u00edcias\"},\"image\":{\"@id\":\"https:\/\/jornalfatosenoticias.com.br\/#\/schema\/logo\/image\/\"}},{\"@type\":\"Person\",\"@id\":\"https:\/\/jornalfatosenoticias.com.br\/#\/schema\/person\/d63837fa13ac8666eb9e74e0985d6f81\",\"name\":\"Luzimara Fernandes\",\"image\":{\"@type\":\"ImageObject\",\"inLanguage\":\"pt-BR\",\"@id\":\"https:\/\/jornalfatosenoticias.com.br\/#\/schema\/person\/image\/\",\"url\":\"https:\/\/jornalfatosenoticias.com.br\/wp-content\/uploads\/2025\/05\/EU_portal.jpg\",\"contentUrl\":\"https:\/\/jornalfatosenoticias.com.br\/wp-content\/uploads\/2025\/05\/EU_portal.jpg\",\"caption\":\"Luzimara Fernandes\"},\"description\":\"Jornalista MTB 2358-ES\",\"sameAs\":[\"https:\/\/jornalfatosenoticias.com.br\"],\"url\":\"https:\/\/jornalfatosenoticias.com.br\/index.php\/author\/luzimara\/\"}]}<\/script>\n<!-- \/ Yoast SEO plugin. -->","yoast_head_json":{"title":"Fazenda flutuante dessalinizar \u00e1gua para cultivar alimentos - Jornal Fatos e Not\u00edcias","robots":{"index":"index","follow":"follow","max-snippet":"max-snippet:-1","max-image-preview":"max-image-preview:large","max-video-preview":"max-video-preview:-1"},"canonical":"https:\/\/jornalfatosenoticias.com.br\/index.php\/2022\/10\/07\/fazenda-flutuante-dessalinizar-agua-para-cultivar-alimentos\/","og_locale":"pt_BR","og_type":"article","og_title":"Fazenda flutuante dessalinizar \u00e1gua para cultivar alimentos - Jornal Fatos e Not\u00edcias","og_description":"Dispositivo promete gerar menos impactos do que o processo tradicional de dessaliniza\u00e7\u00e3o A escassez h\u00eddrica \u00e9 um problema global. Em 2018, 3,6 bilh\u00f5es de pessoas no mundo tiveram acesso inadequado \u00e0 \u00e1gua ao longo de um m\u00eas, segundo a Organiza\u00e7\u00e3o Meteorol\u00f3gica Mundial. A proje\u00e7\u00e3o do \u00f3rg\u00e3o \u00e9 que esse n\u00famero suba e atinja cinco bilh\u00f5es [&hellip;]","og_url":"https:\/\/jornalfatosenoticias.com.br\/index.php\/2022\/10\/07\/fazenda-flutuante-dessalinizar-agua-para-cultivar-alimentos\/","og_site_name":"Jornal Fatos e Not\u00edcias","article_published_time":"2022-10-07T16:58:31+00:00","article_modified_time":"2022-10-07T16:58:33+00:00","og_image":[{"width":1000,"height":562,"url":"https:\/\/jornalfatosenoticias.com.br\/wp-content\/uploads\/2022\/10\/dessalinizaca-agua-3.jpg","type":"image\/jpeg"}],"author":"Luzimara Fernandes","twitter_card":"summary_large_image","twitter_misc":{"Escrito por":"Luzimara Fernandes","Est. tempo de leitura":"4 minutos"},"schema":{"@context":"https:\/\/schema.org","@graph":[{"@type":"Article","@id":"https:\/\/jornalfatosenoticias.com.br\/index.php\/2022\/10\/07\/fazenda-flutuante-dessalinizar-agua-para-cultivar-alimentos\/#article","isPartOf":{"@id":"https:\/\/jornalfatosenoticias.com.br\/index.php\/2022\/10\/07\/fazenda-flutuante-dessalinizar-agua-para-cultivar-alimentos\/"},"author":{"name":"Luzimara Fernandes","@id":"https:\/\/jornalfatosenoticias.com.br\/#\/schema\/person\/d63837fa13ac8666eb9e74e0985d6f81"},"headline":"Fazenda flutuante dessalinizar \u00e1gua para cultivar alimentos","datePublished":"2022-10-07T16:58:31+00:00","dateModified":"2022-10-07T16:58:33+00:00","mainEntityOfPage":{"@id":"https:\/\/jornalfatosenoticias.com.br\/index.php\/2022\/10\/07\/fazenda-flutuante-dessalinizar-agua-para-cultivar-alimentos\/"},"wordCount":722,"commentCount":0,"publisher":{"@id":"https:\/\/jornalfatosenoticias.com.br\/#organization"},"image":{"@id":"https:\/\/jornalfatosenoticias.com.br\/index.php\/2022\/10\/07\/fazenda-flutuante-dessalinizar-agua-para-cultivar-alimentos\/#primaryimage"},"thumbnailUrl":"https:\/\/jornalfatosenoticias.com.br\/wp-content\/uploads\/2022\/10\/dessalinizaca-agua-3.jpg","keywords":["alto-mar","dessaliniza\u00e7\u00e3o","estrutura flutuante","estufa flutuante","fazenda flutuante"],"articleSection":["Tecnologia &amp; Inova\u00e7\u00e3o"],"inLanguage":"pt-BR","potentialAction":[{"@type":"CommentAction","name":"Comment","target":["https:\/\/jornalfatosenoticias.com.br\/index.php\/2022\/10\/07\/fazenda-flutuante-dessalinizar-agua-para-cultivar-alimentos\/#respond"]}]},{"@type":"WebPage","@id":"https:\/\/jornalfatosenoticias.com.br\/index.php\/2022\/10\/07\/fazenda-flutuante-dessalinizar-agua-para-cultivar-alimentos\/","url":"https:\/\/jornalfatosenoticias.com.br\/index.php\/2022\/10\/07\/fazenda-flutuante-dessalinizar-agua-para-cultivar-alimentos\/","name":"Fazenda flutuante dessalinizar \u00e1gua para cultivar alimentos - Jornal Fatos e Not\u00edcias","isPartOf":{"@id":"https:\/\/jornalfatosenoticias.com.br\/#website"},"primaryImageOfPage":{"@id":"https:\/\/jornalfatosenoticias.com.br\/index.php\/2022\/10\/07\/fazenda-flutuante-dessalinizar-agua-para-cultivar-alimentos\/#primaryimage"},"image":{"@id":"https:\/\/jornalfatosenoticias.com.br\/index.php\/2022\/10\/07\/fazenda-flutuante-dessalinizar-agua-para-cultivar-alimentos\/#primaryimage"},"thumbnailUrl":"https:\/\/jornalfatosenoticias.com.br\/wp-content\/uploads\/2022\/10\/dessalinizaca-agua-3.jpg","datePublished":"2022-10-07T16:58:31+00:00","dateModified":"2022-10-07T16:58:33+00:00","breadcrumb":{"@id":"https:\/\/jornalfatosenoticias.com.br\/index.php\/2022\/10\/07\/fazenda-flutuante-dessalinizar-agua-para-cultivar-alimentos\/#breadcrumb"},"inLanguage":"pt-BR","potentialAction":[{"@type":"ReadAction","target":["https:\/\/jornalfatosenoticias.com.br\/index.php\/2022\/10\/07\/fazenda-flutuante-dessalinizar-agua-para-cultivar-alimentos\/"]}]},{"@type":"ImageObject","inLanguage":"pt-BR","@id":"https:\/\/jornalfatosenoticias.com.br\/index.php\/2022\/10\/07\/fazenda-flutuante-dessalinizar-agua-para-cultivar-alimentos\/#primaryimage","url":"https:\/\/jornalfatosenoticias.com.br\/wp-content\/uploads\/2022\/10\/dessalinizaca-agua-3.jpg","contentUrl":"https:\/\/jornalfatosenoticias.com.br\/wp-content\/uploads\/2022\/10\/dessalinizaca-agua-3.jpg","width":1000,"height":562},{"@type":"BreadcrumbList","@id":"https:\/\/jornalfatosenoticias.com.br\/index.php\/2022\/10\/07\/fazenda-flutuante-dessalinizar-agua-para-cultivar-alimentos\/#breadcrumb","itemListElement":[{"@type":"ListItem","position":1,"name":"In\u00edcio","item":"https:\/\/jornalfatosenoticias.com.br\/"},{"@type":"ListItem","position":2,"name":"Fazenda flutuante dessalinizar \u00e1gua para cultivar alimentos"}]},{"@type":"WebSite","@id":"https:\/\/jornalfatosenoticias.com.br\/#website","url":"https:\/\/jornalfatosenoticias.com.br\/","name":"Jornal Fatos e Not\u00edcias","description":"Not\u00edcias em geral","publisher":{"@id":"https:\/\/jornalfatosenoticias.com.br\/#organization"},"potentialAction":[{"@type":"SearchAction","target":{"@type":"EntryPoint","urlTemplate":"https:\/\/jornalfatosenoticias.com.br\/?s={search_term_string}"},"query-input":{"@type":"PropertyValueSpecification","valueRequired":true,"valueName":"search_term_string"}}],"inLanguage":"pt-BR"},{"@type":"Organization","@id":"https:\/\/jornalfatosenoticias.com.br\/#organization","name":"Jornal Fatos e Not\u00edcias","url":"https:\/\/jornalfatosenoticias.com.br\/","logo":{"@type":"ImageObject","inLanguage":"pt-BR","@id":"https:\/\/jornalfatosenoticias.com.br\/#\/schema\/logo\/image\/","url":"https:\/\/jornalfatosenoticias.com.br\/wp-content\/uploads\/2020\/02\/logo120.png","contentUrl":"https:\/\/jornalfatosenoticias.com.br\/wp-content\/uploads\/2020\/02\/logo120.png","width":1227,"height":120,"caption":"Jornal Fatos e Not\u00edcias"},"image":{"@id":"https:\/\/jornalfatosenoticias.com.br\/#\/schema\/logo\/image\/"}},{"@type":"Person","@id":"https:\/\/jornalfatosenoticias.com.br\/#\/schema\/person\/d63837fa13ac8666eb9e74e0985d6f81","name":"Luzimara Fernandes","image":{"@type":"ImageObject","inLanguage":"pt-BR","@id":"https:\/\/jornalfatosenoticias.com.br\/#\/schema\/person\/image\/","url":"https:\/\/jornalfatosenoticias.com.br\/wp-content\/uploads\/2025\/05\/EU_portal.jpg","contentUrl":"https:\/\/jornalfatosenoticias.com.br\/wp-content\/uploads\/2025\/05\/EU_portal.jpg","caption":"Luzimara Fernandes"},"description":"Jornalista MTB 2358-ES","sameAs":["https:\/\/jornalfatosenoticias.com.br"],"url":"https:\/\/jornalfatosenoticias.com.br\/index.php\/author\/luzimara\/"}]}},"cc_featured_image_caption":{"caption_text":"(Foto: Manhat) ","source_text":"","source_url":""},"jetpack_featured_media_url":"https:\/\/jornalfatosenoticias.com.br\/wp-content\/uploads\/2022\/10\/dessalinizaca-agua-3.jpg","_links":{"self":[{"href":"https:\/\/jornalfatosenoticias.com.br\/index.php\/wp-json\/wp\/v2\/posts\/34955","targetHints":{"allow":["GET"]}}],"collection":[{"href":"https:\/\/jornalfatosenoticias.com.br\/index.php\/wp-json\/wp\/v2\/posts"}],"about":[{"href":"https:\/\/jornalfatosenoticias.com.br\/index.php\/wp-json\/wp\/v2\/types\/post"}],"author":[{"embeddable":true,"href":"https:\/\/jornalfatosenoticias.com.br\/index.php\/wp-json\/wp\/v2\/users\/2"}],"replies":[{"embeddable":true,"href":"https:\/\/jornalfatosenoticias.com.br\/index.php\/wp-json\/wp\/v2\/comments?post=34955"}],"version-history":[{"count":0,"href":"https:\/\/jornalfatosenoticias.com.br\/index.php\/wp-json\/wp\/v2\/posts\/34955\/revisions"}],"wp:featuredmedia":[{"embeddable":true,"href":"https:\/\/jornalfatosenoticias.com.br\/index.php\/wp-json\/wp\/v2\/media\/34957"}],"wp:attachment":[{"href":"https:\/\/jornalfatosenoticias.com.br\/index.php\/wp-json\/wp\/v2\/media?parent=34955"}],"wp:term":[{"taxonomy":"category","embeddable":true,"href":"https:\/\/jornalfatosenoticias.com.br\/index.php\/wp-json\/wp\/v2\/categories?post=34955"},{"taxonomy":"post_tag","embeddable":true,"href":"https:\/\/jornalfatosenoticias.com.br\/index.php\/wp-json\/wp\/v2\/tags?post=34955"}],"curies":[{"name":"wp","href":"https:\/\/api.w.org\/{rel}","templated":true}]}}