{"id":35044,"date":"2022-10-11T09:51:58","date_gmt":"2022-10-11T12:51:58","guid":{"rendered":"https:\/\/jornalfatosenoticias.com.br\/?p=35044"},"modified":"2022-10-11T09:52:00","modified_gmt":"2022-10-11T12:52:00","slug":"jovens-nordestinos-criam-instrumentos-musicais-com-material-reciclavel","status":"publish","type":"post","link":"https:\/\/jornalfatosenoticias.com.br\/index.php\/2022\/10\/11\/jovens-nordestinos-criam-instrumentos-musicais-com-material-reciclavel\/","title":{"rendered":"Jovens nordestinos criam instrumentos musicais com material recicl\u00e1vel"},"content":{"rendered":"\n<p><em><span class=\"has-inline-color has-black-color\">Garrafas, peda\u00e7os de madeira, utens\u00edlios de cozinha, materiais pl\u00e1sticos\u2026 o que era \u201clixo\u201d vira m\u00fasica na Tapera das Artes<\/span><\/em><\/p>\n\n\n\n<div class=\"wp-block-image\"><figure class=\"aligncenter size-large\"><img loading=\"lazy\" decoding=\"async\" width=\"1024\" height=\"110\" src=\"https:\/\/jornalfatosenoticias.com.br\/wp-content\/uploads\/2022\/10\/Arte-jornal-Zucchi-1120x120_Prancheta-1-1024x110.jpg\" alt=\"\" class=\"wp-image-34772\" srcset=\"https:\/\/jornalfatosenoticias.com.br\/wp-content\/uploads\/2022\/10\/Arte-jornal-Zucchi-1120x120_Prancheta-1-1024x110.jpg 1024w, https:\/\/jornalfatosenoticias.com.br\/wp-content\/uploads\/2022\/10\/Arte-jornal-Zucchi-1120x120_Prancheta-1-300x32.jpg 300w, https:\/\/jornalfatosenoticias.com.br\/wp-content\/uploads\/2022\/10\/Arte-jornal-Zucchi-1120x120_Prancheta-1-768x82.jpg 768w, https:\/\/jornalfatosenoticias.com.br\/wp-content\/uploads\/2022\/10\/Arte-jornal-Zucchi-1120x120_Prancheta-1-1536x165.jpg 1536w, https:\/\/jornalfatosenoticias.com.br\/wp-content\/uploads\/2022\/10\/Arte-jornal-Zucchi-1120x120_Prancheta-1-2048x219.jpg 2048w\" sizes=\"auto, (max-width: 1024px) 100vw, 1024px\" \/><\/figure><\/div>\n\n\n\n<p>A Tapera das Artes, organiza\u00e7\u00e3o social de Aquiraz, no Cear\u00e1, desenvolve atividades pedag\u00f3gicas utilizando a linguagem da luteria, of\u00edcio de construir e conservar instrumentos musicais. Os jovens atendidos pela institui\u00e7\u00e3o tiram m\u00fasica daquilo que poderia ir para o lixo, transformando em arte <a href=\"https:\/\/ciclovivo.com.br\/inovacao\/negocios\/oakberry-cria-conteiner-feito-com-7-000-baldes-de-acai-reciclados\/\" target=\"_blank\" rel=\"noreferrer noopener\">materiais recicl\u00e1veis<\/a> como garrafas, peda\u00e7os de madeira e outros objetos.<\/p>\n\n\n\n<div class=\"wp-block-image\"><figure class=\"aligncenter size-large is-resized\"><img loading=\"lazy\" decoding=\"async\" src=\"https:\/\/jornalfatosenoticias.com.br\/wp-content\/uploads\/2020\/02\/casa-do-torresmo_portal.jpg\" alt=\"\" class=\"wp-image-34472\" width=\"253\" height=\"253\" srcset=\"https:\/\/jornalfatosenoticias.com.br\/wp-content\/uploads\/2020\/02\/casa-do-torresmo_portal.jpg 300w, https:\/\/jornalfatosenoticias.com.br\/wp-content\/uploads\/2020\/02\/casa-do-torresmo_portal-150x150.jpg 150w\" sizes=\"auto, (max-width: 253px) 100vw, 253px\" \/><\/figure><\/div>\n\n\n\n<figure class=\"wp-block-pullquote\"><blockquote><p><span class=\"has-inline-color has-luminous-vivid-orange-color\">\u00c9 emocionante ver como essa arte toca t\u00e3o profundamente os aprendizes. Ela nos despertou para um novo mundo de possibilidades e criatividade\u201d, conta Ritelza Cabral, fundadora e presidente do Conselho Administrativo da Tapera, que reconhece que a luteria revolucionou a trajet\u00f3ria da pr\u00f3pria associa\u00e7\u00e3o.<\/span><\/p><\/blockquote><\/figure>\n\n\n\n<div class=\"wp-block-image\"><figure class=\"aligncenter size-large\"><img decoding=\"async\" src=\"https:\/\/jornalfatosenoticias.com.br\/wp-content\/uploads\/2020\/02\/logo-embacia-1-1024x110.jpg\" alt=\"\" class=\"wp-image-33954\"\/><\/figure><\/div>\n\n\n\n<p>A constru\u00e7\u00e3o e concerto de <a href=\"https:\/\/ciclovivo.com.br\/inovacao\/orquestra-vegetal-todos-os-instrumentos-sao-feitos-de-hortalicas\/\" target=\"_blank\" rel=\"noreferrer noopener\">instrumentos musicais<\/a> pelos jovens inclui o uso de diversos materiais, desde os org\u00e2nicos, como caba\u00e7a, bambu e madeira, at\u00e9 mat\u00e9rias primas sint\u00e9ticas como pl\u00e1stico, papel, borracha e metal. Parte dos materiais \u00e9 doada por parceiros da Tapera e outra parte \u00e9 coletada do lixo pelos pr\u00f3prios alunos.<\/p>\n\n\n\n<div class=\"wp-block-image\"><figure class=\"aligncenter size-large\"><img decoding=\"async\" src=\"https:\/\/jornalfatosenoticias.com.br\/wp-content\/uploads\/2020\/02\/Serra-Grande-1024x160.png\" alt=\"\" class=\"wp-image-7836\"\/><\/figure><\/div>\n\n\n\n<figure class=\"wp-block-image size-large\"><img loading=\"lazy\" decoding=\"async\" width=\"1000\" height=\"666\" src=\"https:\/\/jornalfatosenoticias.com.br\/wp-content\/uploads\/2022\/10\/instrumentos-materiais-reciclaveis-tapera-das-artes-2.jpg\" alt=\"\" class=\"wp-image-35045\" srcset=\"https:\/\/jornalfatosenoticias.com.br\/wp-content\/uploads\/2022\/10\/instrumentos-materiais-reciclaveis-tapera-das-artes-2.jpg 1000w, https:\/\/jornalfatosenoticias.com.br\/wp-content\/uploads\/2022\/10\/instrumentos-materiais-reciclaveis-tapera-das-artes-2-300x200.jpg 300w, https:\/\/jornalfatosenoticias.com.br\/wp-content\/uploads\/2022\/10\/instrumentos-materiais-reciclaveis-tapera-das-artes-2-768x511.jpg 768w\" sizes=\"auto, (max-width: 1000px) 100vw, 1000px\" \/><figcaption><em><span class=\"has-inline-color has-black-color\">(Foto: Tapera das Artes)<\/span><\/em><\/figcaption><\/figure>\n\n\n\n<div class=\"wp-block-image\"><figure class=\"aligncenter size-large\"><img decoding=\"async\" src=\"https:\/\/jornalfatosenoticias.com.br\/wp-content\/uploads\/2020\/02\/barao-das-carnes-300x164-1.jpg\" alt=\"\" class=\"wp-image-34339\"\/><\/figure><\/div>\n\n\n\n<p>A proposta \u00e9 explorar esta variedade de objetos para criar instrumentos musicais e esculturas sonoras em busca de novas sonoridades, novas formas est\u00e9ticas e alternativas sustent\u00e1veis para a luteria.<br>As aulas de luteria acontecem de segunda a sexta, de 8h \u00e0s 17h, com a presen\u00e7a de um coordenador e oito assistentes, sendo duas crian\u00e7as bolsistas.<\/p>\n\n\n\n<div class=\"wp-block-image\"><figure class=\"aligncenter size-large\"><img decoding=\"async\" src=\"https:\/\/jornalfatosenoticias.com.br\/wp-content\/uploads\/2020\/02\/logo_esteio.jpg\" alt=\"\" class=\"wp-image-1214\"\/><\/figure><\/div>\n\n\n\n<figure class=\"wp-block-pullquote\"><blockquote><p><span class=\"has-inline-color has-luminous-vivid-orange-color\">A luteria possibilita um direcionamento profissional para os participantes que se interessam pelo of\u00edcio\u201d, destaca Magno Miranda, presidente da Tapera.<\/span><\/p><\/blockquote><\/figure>\n\n\n\n<div class=\"wp-block-image\"><figure class=\"aligncenter size-large is-resized\"><img loading=\"lazy\" decoding=\"async\" src=\"https:\/\/jornalfatosenoticias.com.br\/wp-content\/uploads\/2022\/07\/Logo-Grupo-SEI.jpg\" alt=\"\" class=\"wp-image-31973\" width=\"354\" height=\"186\" srcset=\"https:\/\/jornalfatosenoticias.com.br\/wp-content\/uploads\/2022\/07\/Logo-Grupo-SEI.jpg 713w, https:\/\/jornalfatosenoticias.com.br\/wp-content\/uploads\/2022\/07\/Logo-Grupo-SEI-300x158.jpg 300w\" sizes=\"auto, (max-width: 354px) 100vw, 354px\" \/><\/figure><\/div>\n\n\n\n<p><strong><span class=\"has-inline-color has-vivid-purple-color\">Grupo Catavento<br><\/span><\/strong>Al\u00e9m da criar instrumentos, a luteria contribuiu para que um grupo musical nascesse dentro da Tapera da Artes. O Grupo Catavento come\u00e7ou em 2015 nas oficinas profissionalizantes ministrada pelo mentor e diretor art\u00edstico pedag\u00f3gico da luteria experimental da Tapera, Fernando Sardo, e hoje apresenta performances com instrumentos musicais criados a partir de diversos materiais recicl\u00e1veis, ressignificando a est\u00e9tica, formatos e suas utilidades, possibilitando assim, criar novos timbres, cores e <a href=\"https:\/\/ciclovivo.com.br\/inovacao\/ouca-a-musica-de-um-piano-feito-com-plantas\/\" target=\"_blank\" rel=\"noreferrer noopener\">sons<\/a>.<\/p>\n\n\n\n<div class=\"wp-block-image\"><figure class=\"aligncenter size-large\"><img loading=\"lazy\" decoding=\"async\" width=\"300\" height=\"250\" src=\"https:\/\/jornalfatosenoticias.com.br\/wp-content\/uploads\/2022\/08\/arte-Casarao.jpg\" alt=\"\" class=\"wp-image-33178\"\/><\/figure><\/div>\n\n\n\n<figure class=\"wp-block-pullquote\"><blockquote><p><span class=\"has-inline-color has-luminous-vivid-orange-color\">No repert\u00f3rio est\u00e3o m\u00fasicas autorais em di\u00e1logo com m\u00fasicas do mundo, trazendo alegria e sentimentos po\u00e9ticos para novas formas de ver a vida\u201d, comenta o diretor Fernando. Entre as apresenta\u00e7\u00f5es do grupo est\u00e1 o show realizado na <a href=\"https:\/\/ciclovivo.com.br\/fique-ligado\/eventos\/bienal-do-lixo-acontece-no-parque-villa-lobos-em-sp\/\" target=\"_blank\" rel=\"noreferrer noopener\">Bienal do Lixo<\/a>, que aconteceu este ano em S\u00e3o Paulo.<\/span><\/p><\/blockquote><\/figure>\n\n\n\n<div class=\"wp-block-image\"><figure class=\"aligncenter size-large\"><img loading=\"lazy\" decoding=\"async\" width=\"729\" height=\"90\" src=\"https:\/\/jornalfatosenoticias.com.br\/wp-content\/uploads\/2020\/02\/Logo_Mizu.png\" alt=\"\" class=\"wp-image-1441\" srcset=\"https:\/\/jornalfatosenoticias.com.br\/wp-content\/uploads\/2020\/02\/Logo_Mizu.png 729w, https:\/\/jornalfatosenoticias.com.br\/wp-content\/uploads\/2020\/02\/Logo_Mizu-300x37.png 300w\" sizes=\"auto, (max-width: 729px) 100vw, 729px\" \/><\/figure><\/div>\n\n\n\n<p>O grupo conta com quatro integrantes: Aramins, Cala\u00e7a, Alexandro e Domingos. Algumas apresenta\u00e7\u00f5es t\u00eam a participa\u00e7\u00e3o especial do Mestre Fernando Sardo e outros convidados.<\/p>\n\n\n\n<figure class=\"wp-block-image size-large\"><img loading=\"lazy\" decoding=\"async\" width=\"1000\" height=\"666\" src=\"https:\/\/jornalfatosenoticias.com.br\/wp-content\/uploads\/2022\/10\/instrumentos-materiais-reciclaveis-tapera-das-artes-3.jpg\" alt=\"\" class=\"wp-image-35046\" srcset=\"https:\/\/jornalfatosenoticias.com.br\/wp-content\/uploads\/2022\/10\/instrumentos-materiais-reciclaveis-tapera-das-artes-3.jpg 1000w, https:\/\/jornalfatosenoticias.com.br\/wp-content\/uploads\/2022\/10\/instrumentos-materiais-reciclaveis-tapera-das-artes-3-300x200.jpg 300w, https:\/\/jornalfatosenoticias.com.br\/wp-content\/uploads\/2022\/10\/instrumentos-materiais-reciclaveis-tapera-das-artes-3-768x511.jpg 768w\" sizes=\"auto, (max-width: 1000px) 100vw, 1000px\" \/><figcaption><em><span class=\"has-inline-color has-black-color\">Grupo Catavento (Foto: Tapera das Artes)<\/span><\/em><\/figcaption><\/figure>\n\n\n\n<div class=\"wp-block-image\"><figure class=\"alignright size-large is-resized\"><img loading=\"lazy\" decoding=\"async\" src=\"https:\/\/jornalfatosenoticias.com.br\/wp-content\/uploads\/2020\/02\/logo-clinica-limoeiro.jpg\" alt=\"\" class=\"wp-image-34610\" width=\"343\" height=\"243\"\/><\/figure><\/div>\n\n\n\n<p><strong><span class=\"has-inline-color has-vivid-purple-color\">Tapera das Artes<br><\/span><\/strong>A m\u00fasica sempre foi a grande paix\u00e3o de Ritelza Cabral, idealizadora da Tapera das Artes. Em 1993, iniciou voluntariamente ateli\u00eas com 30 crian\u00e7as e adolescentes oriundos de fam\u00edlias de baixa renda do distrito de Tapera, no munic\u00edpio de Aquiraz, ocupando as <a href=\"https:\/\/ciclovivo.com.br\/mao-na-massa\/faca-voce-mesmo\/paisagista-da-dicas-sobre-como-plantar-arvores\/\" target=\"_blank\" rel=\"noreferrer noopener\">mangueiras<\/a> de seu s\u00edtio. O trabalho logo criou corpo e em pouco tempo j\u00e1 existiam 60 crian\u00e7as abrigadas nas sombras dos manguezais, e os sons dos p\u00edfaros repercutiam intensamente, encantando rendeiras, pescadores, agricultores e familiares dos pequeninos m\u00fasicos.<\/p>\n\n\n\n<div class=\"wp-block-image\"><figure class=\"aligncenter size-large is-resized\"><img loading=\"lazy\" decoding=\"async\" src=\"https:\/\/jornalfatosenoticias.com.br\/wp-content\/uploads\/2022\/02\/Precisao-Contabilidade-1024x724.jpg\" alt=\"\" class=\"wp-image-28088\" width=\"288\" height=\"204\"\/><\/figure><\/div>\n\n\n\n<p>O sucesso que o programa gerou na comunidade possibilitou em pouco tempo a sua expans\u00e3o, propiciando nos anos seguintes a inclus\u00e3o de novas a\u00e7\u00f5es educativas, com atividades voltadas para o desenvolvimento de diversas atividades art\u00edsticas. As mangueiras j\u00e1 n\u00e3o eram suficientes para abrigar os participantes e, em 1996, os pequeninos estavam ocupando espa\u00e7o apropriado na primeira sede da institui\u00e7\u00e3o.<\/p>\n\n\n\n<div class=\"wp-block-image\"><figure class=\"aligncenter size-large is-resized\"><img loading=\"lazy\" decoding=\"async\" src=\"https:\/\/jornalfatosenoticias.com.br\/wp-content\/uploads\/2022\/08\/logo-locau-veiculos-1024x573.png\" alt=\"\" class=\"wp-image-33078\" width=\"338\" height=\"188\"\/><\/figure><\/div>\n\n\n\n<p>A partir da\u00ed foi poss\u00edvel a implanta\u00e7\u00e3o de um programa pedag\u00f3gico permanente, que gerou v\u00e1rios grupos musicais art\u00edsticos, dentre eles a Orquestra Bachiana Jovem de Aquiraz, criada com apoio do maestro Jo\u00e3o Carlos Martins, sob a reg\u00eancia do maestro \u00canio Antunes. Outras conquistas foram a cria\u00e7\u00e3o do Centro Cultural, parceria com a Funda\u00e7\u00e3o Vitae, e do Teatro Escola da Tapera das Artes, com recursos n\u00e3o reembols\u00e1veis do BNDES; ambos oferecem a\u00e7\u00f5es formativas de relev\u00e2ncia para a cultura no Estado do <a href=\"https:\/\/ciclovivo.com.br\/planeta\/energia\/no-ceara-placa-solar-e-fabricada-com-cascas-de-castanha\/\" target=\"_blank\" rel=\"noreferrer noopener\">Cear\u00e1<\/a>.<\/p>\n\n\n\n<div class=\"wp-block-image\"><figure class=\"alignleft size-large is-resized\"><img loading=\"lazy\" decoding=\"async\" src=\"https:\/\/jornalfatosenoticias.com.br\/wp-content\/uploads\/2020\/02\/nova-logo-Marquetti.jpg\" alt=\"\" class=\"wp-image-22331\" width=\"350\" height=\"235\" srcset=\"https:\/\/jornalfatosenoticias.com.br\/wp-content\/uploads\/2020\/02\/nova-logo-Marquetti.jpg 643w, https:\/\/jornalfatosenoticias.com.br\/wp-content\/uploads\/2020\/02\/nova-logo-Marquetti-300x202.jpg 300w\" sizes=\"auto, (max-width: 350px) 100vw, 350px\" \/><\/figure><\/div>\n\n\n\n<p>Desde suas primeiras a\u00e7\u00f5es, a Tapera das Artes cumpre um importante papel em Aquiraz, cidade do litoral leste do Cear\u00e1, propiciando a forma\u00e7\u00e3o integral, desenvolvimento do potencial humano, suas compet\u00eancias e habilidades, e o enriquecimento cultural de crian\u00e7as, adolescentes, jovens e seus familiares, moradores da regi\u00e3o, com a oferta de v\u00e1rios projetos e programas que t\u00eam como eixo central a <a href=\"https:\/\/ciclovivo.com.br\/planeta\/meio-ambiente\/campanha-usa-musica-para-apoiar-indigenas-quilombolas-e-ribeirinhos\/\" target=\"_blank\" rel=\"noreferrer noopener\">m\u00fasica<\/a>, mas que trabalham a forma\u00e7\u00e3o do ser para posturas cidad\u00e3s ao longo da vida.<\/p>\n\n\n\n<p><strong><em>Fonte: <a href=\"https:\/\/ciclovivo.com.br\/arq-urb\/design\/jovens-nordestinos-criam-instrumentos-musicais-com-material-reciclavel\/\">CicloVivo<\/a><\/em><\/strong><\/p>\n","protected":false},"excerpt":{"rendered":"<p>Garrafas, peda\u00e7os de madeira, utens\u00edlios de cozinha, materiais pl\u00e1sticos\u2026 o que era \u201clixo\u201d vira m\u00fasica na Tapera das Artes A Tapera das Artes, organiza\u00e7\u00e3o social de Aquiraz, no Cear\u00e1, desenvolve atividades pedag\u00f3gicas utilizando a linguagem da luteria, of\u00edcio de construir e conservar instrumentos musicais. Os jovens atendidos pela institui\u00e7\u00e3o tiram m\u00fasica daquilo que poderia ir [&hellip;]<\/p>\n","protected":false},"author":2,"featured_media":35047,"comment_status":"open","ping_status":"open","sticky":false,"template":"","format":"standard","meta":{"footnotes":""},"categories":[744],"tags":[4197,16443,103,3546,8349,2540],"class_list":["post-35044","post","type-post","status-publish","format-standard","has-post-thumbnail","hentry","category-arq-urbanismo","tag-instrumento-musical","tag-material-reciclavel","tag-musica","tag-nordeste","tag-projeto-social","tag-reciclaveis"],"yoast_head":"<!-- This site is optimized with the Yoast SEO plugin v26.5 - https:\/\/yoast.com\/wordpress\/plugins\/seo\/ -->\n<title>Jovens nordestinos criam instrumentos musicais com material recicl\u00e1vel - Jornal Fatos e Not\u00edcias<\/title>\n<meta name=\"robots\" content=\"index, follow, max-snippet:-1, max-image-preview:large, max-video-preview:-1\" \/>\n<link rel=\"canonical\" href=\"https:\/\/jornalfatosenoticias.com.br\/index.php\/2022\/10\/11\/jovens-nordestinos-criam-instrumentos-musicais-com-material-reciclavel\/\" \/>\n<meta property=\"og:locale\" content=\"pt_BR\" \/>\n<meta property=\"og:type\" content=\"article\" \/>\n<meta property=\"og:title\" content=\"Jovens nordestinos criam instrumentos musicais com material recicl\u00e1vel - Jornal Fatos e Not\u00edcias\" \/>\n<meta property=\"og:description\" content=\"Garrafas, peda\u00e7os de madeira, utens\u00edlios de cozinha, materiais pl\u00e1sticos\u2026 o que era \u201clixo\u201d vira m\u00fasica na Tapera das Artes A Tapera das Artes, organiza\u00e7\u00e3o social de Aquiraz, no Cear\u00e1, desenvolve atividades pedag\u00f3gicas utilizando a linguagem da luteria, of\u00edcio de construir e conservar instrumentos musicais. Os jovens atendidos pela institui\u00e7\u00e3o tiram m\u00fasica daquilo que poderia ir [&hellip;]\" \/>\n<meta property=\"og:url\" content=\"https:\/\/jornalfatosenoticias.com.br\/index.php\/2022\/10\/11\/jovens-nordestinos-criam-instrumentos-musicais-com-material-reciclavel\/\" \/>\n<meta property=\"og:site_name\" content=\"Jornal Fatos e Not\u00edcias\" \/>\n<meta property=\"article:published_time\" content=\"2022-10-11T12:51:58+00:00\" \/>\n<meta property=\"article:modified_time\" content=\"2022-10-11T12:52:00+00:00\" \/>\n<meta property=\"og:image\" content=\"https:\/\/jornalfatosenoticias.com.br\/wp-content\/uploads\/2022\/10\/instrumentos-materiais-reciclaveis-tapera-das-artes-1.jpg\" \/>\n\t<meta property=\"og:image:width\" content=\"1000\" \/>\n\t<meta property=\"og:image:height\" content=\"666\" \/>\n\t<meta property=\"og:image:type\" content=\"image\/jpeg\" \/>\n<meta name=\"author\" content=\"Luzimara Fernandes\" \/>\n<meta name=\"twitter:card\" content=\"summary_large_image\" \/>\n<meta name=\"twitter:label1\" content=\"Escrito por\" \/>\n\t<meta name=\"twitter:data1\" content=\"Luzimara Fernandes\" \/>\n\t<meta name=\"twitter:label2\" content=\"Est. tempo de leitura\" \/>\n\t<meta name=\"twitter:data2\" content=\"4 minutos\" \/>\n<script type=\"application\/ld+json\" class=\"yoast-schema-graph\">{\"@context\":\"https:\/\/schema.org\",\"@graph\":[{\"@type\":\"Article\",\"@id\":\"https:\/\/jornalfatosenoticias.com.br\/index.php\/2022\/10\/11\/jovens-nordestinos-criam-instrumentos-musicais-com-material-reciclavel\/#article\",\"isPartOf\":{\"@id\":\"https:\/\/jornalfatosenoticias.com.br\/index.php\/2022\/10\/11\/jovens-nordestinos-criam-instrumentos-musicais-com-material-reciclavel\/\"},\"author\":{\"name\":\"Luzimara Fernandes\",\"@id\":\"https:\/\/jornalfatosenoticias.com.br\/#\/schema\/person\/d63837fa13ac8666eb9e74e0985d6f81\"},\"headline\":\"Jovens nordestinos criam instrumentos musicais com material recicl\u00e1vel\",\"datePublished\":\"2022-10-11T12:51:58+00:00\",\"dateModified\":\"2022-10-11T12:52:00+00:00\",\"mainEntityOfPage\":{\"@id\":\"https:\/\/jornalfatosenoticias.com.br\/index.php\/2022\/10\/11\/jovens-nordestinos-criam-instrumentos-musicais-com-material-reciclavel\/\"},\"wordCount\":779,\"commentCount\":0,\"publisher\":{\"@id\":\"https:\/\/jornalfatosenoticias.com.br\/#organization\"},\"image\":{\"@id\":\"https:\/\/jornalfatosenoticias.com.br\/index.php\/2022\/10\/11\/jovens-nordestinos-criam-instrumentos-musicais-com-material-reciclavel\/#primaryimage\"},\"thumbnailUrl\":\"https:\/\/jornalfatosenoticias.com.br\/wp-content\/uploads\/2022\/10\/instrumentos-materiais-reciclaveis-tapera-das-artes-1.jpg\",\"keywords\":[\"instrumento musical\",\"material recicl\u00e1vel\",\"m\u00fasica\",\"Nordeste\",\"projeto social\",\"recicl\u00e1veis\"],\"articleSection\":[\"Arq &amp; Urb\"],\"inLanguage\":\"pt-BR\",\"potentialAction\":[{\"@type\":\"CommentAction\",\"name\":\"Comment\",\"target\":[\"https:\/\/jornalfatosenoticias.com.br\/index.php\/2022\/10\/11\/jovens-nordestinos-criam-instrumentos-musicais-com-material-reciclavel\/#respond\"]}]},{\"@type\":\"WebPage\",\"@id\":\"https:\/\/jornalfatosenoticias.com.br\/index.php\/2022\/10\/11\/jovens-nordestinos-criam-instrumentos-musicais-com-material-reciclavel\/\",\"url\":\"https:\/\/jornalfatosenoticias.com.br\/index.php\/2022\/10\/11\/jovens-nordestinos-criam-instrumentos-musicais-com-material-reciclavel\/\",\"name\":\"Jovens nordestinos criam instrumentos musicais com material recicl\u00e1vel - Jornal Fatos e Not\u00edcias\",\"isPartOf\":{\"@id\":\"https:\/\/jornalfatosenoticias.com.br\/#website\"},\"primaryImageOfPage\":{\"@id\":\"https:\/\/jornalfatosenoticias.com.br\/index.php\/2022\/10\/11\/jovens-nordestinos-criam-instrumentos-musicais-com-material-reciclavel\/#primaryimage\"},\"image\":{\"@id\":\"https:\/\/jornalfatosenoticias.com.br\/index.php\/2022\/10\/11\/jovens-nordestinos-criam-instrumentos-musicais-com-material-reciclavel\/#primaryimage\"},\"thumbnailUrl\":\"https:\/\/jornalfatosenoticias.com.br\/wp-content\/uploads\/2022\/10\/instrumentos-materiais-reciclaveis-tapera-das-artes-1.jpg\",\"datePublished\":\"2022-10-11T12:51:58+00:00\",\"dateModified\":\"2022-10-11T12:52:00+00:00\",\"breadcrumb\":{\"@id\":\"https:\/\/jornalfatosenoticias.com.br\/index.php\/2022\/10\/11\/jovens-nordestinos-criam-instrumentos-musicais-com-material-reciclavel\/#breadcrumb\"},\"inLanguage\":\"pt-BR\",\"potentialAction\":[{\"@type\":\"ReadAction\",\"target\":[\"https:\/\/jornalfatosenoticias.com.br\/index.php\/2022\/10\/11\/jovens-nordestinos-criam-instrumentos-musicais-com-material-reciclavel\/\"]}]},{\"@type\":\"ImageObject\",\"inLanguage\":\"pt-BR\",\"@id\":\"https:\/\/jornalfatosenoticias.com.br\/index.php\/2022\/10\/11\/jovens-nordestinos-criam-instrumentos-musicais-com-material-reciclavel\/#primaryimage\",\"url\":\"https:\/\/jornalfatosenoticias.com.br\/wp-content\/uploads\/2022\/10\/instrumentos-materiais-reciclaveis-tapera-das-artes-1.jpg\",\"contentUrl\":\"https:\/\/jornalfatosenoticias.com.br\/wp-content\/uploads\/2022\/10\/instrumentos-materiais-reciclaveis-tapera-das-artes-1.jpg\",\"width\":1000,\"height\":666},{\"@type\":\"BreadcrumbList\",\"@id\":\"https:\/\/jornalfatosenoticias.com.br\/index.php\/2022\/10\/11\/jovens-nordestinos-criam-instrumentos-musicais-com-material-reciclavel\/#breadcrumb\",\"itemListElement\":[{\"@type\":\"ListItem\",\"position\":1,\"name\":\"In\u00edcio\",\"item\":\"https:\/\/jornalfatosenoticias.com.br\/\"},{\"@type\":\"ListItem\",\"position\":2,\"name\":\"Jovens nordestinos criam instrumentos musicais com material recicl\u00e1vel\"}]},{\"@type\":\"WebSite\",\"@id\":\"https:\/\/jornalfatosenoticias.com.br\/#website\",\"url\":\"https:\/\/jornalfatosenoticias.com.br\/\",\"name\":\"Jornal Fatos e Not\u00edcias\",\"description\":\"Not\u00edcias em geral\",\"publisher\":{\"@id\":\"https:\/\/jornalfatosenoticias.com.br\/#organization\"},\"potentialAction\":[{\"@type\":\"SearchAction\",\"target\":{\"@type\":\"EntryPoint\",\"urlTemplate\":\"https:\/\/jornalfatosenoticias.com.br\/?s={search_term_string}\"},\"query-input\":{\"@type\":\"PropertyValueSpecification\",\"valueRequired\":true,\"valueName\":\"search_term_string\"}}],\"inLanguage\":\"pt-BR\"},{\"@type\":\"Organization\",\"@id\":\"https:\/\/jornalfatosenoticias.com.br\/#organization\",\"name\":\"Jornal Fatos e Not\u00edcias\",\"url\":\"https:\/\/jornalfatosenoticias.com.br\/\",\"logo\":{\"@type\":\"ImageObject\",\"inLanguage\":\"pt-BR\",\"@id\":\"https:\/\/jornalfatosenoticias.com.br\/#\/schema\/logo\/image\/\",\"url\":\"https:\/\/jornalfatosenoticias.com.br\/wp-content\/uploads\/2020\/02\/logo120.png\",\"contentUrl\":\"https:\/\/jornalfatosenoticias.com.br\/wp-content\/uploads\/2020\/02\/logo120.png\",\"width\":1227,\"height\":120,\"caption\":\"Jornal Fatos e Not\u00edcias\"},\"image\":{\"@id\":\"https:\/\/jornalfatosenoticias.com.br\/#\/schema\/logo\/image\/\"}},{\"@type\":\"Person\",\"@id\":\"https:\/\/jornalfatosenoticias.com.br\/#\/schema\/person\/d63837fa13ac8666eb9e74e0985d6f81\",\"name\":\"Luzimara Fernandes\",\"image\":{\"@type\":\"ImageObject\",\"inLanguage\":\"pt-BR\",\"@id\":\"https:\/\/jornalfatosenoticias.com.br\/#\/schema\/person\/image\/\",\"url\":\"https:\/\/jornalfatosenoticias.com.br\/wp-content\/uploads\/2025\/05\/EU_portal.jpg\",\"contentUrl\":\"https:\/\/jornalfatosenoticias.com.br\/wp-content\/uploads\/2025\/05\/EU_portal.jpg\",\"caption\":\"Luzimara Fernandes\"},\"description\":\"Jornalista MTB 2358-ES\",\"sameAs\":[\"https:\/\/jornalfatosenoticias.com.br\"],\"url\":\"https:\/\/jornalfatosenoticias.com.br\/index.php\/author\/luzimara\/\"}]}<\/script>\n<!-- \/ Yoast SEO plugin. -->","yoast_head_json":{"title":"Jovens nordestinos criam instrumentos musicais com material recicl\u00e1vel - Jornal Fatos e Not\u00edcias","robots":{"index":"index","follow":"follow","max-snippet":"max-snippet:-1","max-image-preview":"max-image-preview:large","max-video-preview":"max-video-preview:-1"},"canonical":"https:\/\/jornalfatosenoticias.com.br\/index.php\/2022\/10\/11\/jovens-nordestinos-criam-instrumentos-musicais-com-material-reciclavel\/","og_locale":"pt_BR","og_type":"article","og_title":"Jovens nordestinos criam instrumentos musicais com material recicl\u00e1vel - Jornal Fatos e Not\u00edcias","og_description":"Garrafas, peda\u00e7os de madeira, utens\u00edlios de cozinha, materiais pl\u00e1sticos\u2026 o que era \u201clixo\u201d vira m\u00fasica na Tapera das Artes A Tapera das Artes, organiza\u00e7\u00e3o social de Aquiraz, no Cear\u00e1, desenvolve atividades pedag\u00f3gicas utilizando a linguagem da luteria, of\u00edcio de construir e conservar instrumentos musicais. Os jovens atendidos pela institui\u00e7\u00e3o tiram m\u00fasica daquilo que poderia ir [&hellip;]","og_url":"https:\/\/jornalfatosenoticias.com.br\/index.php\/2022\/10\/11\/jovens-nordestinos-criam-instrumentos-musicais-com-material-reciclavel\/","og_site_name":"Jornal Fatos e Not\u00edcias","article_published_time":"2022-10-11T12:51:58+00:00","article_modified_time":"2022-10-11T12:52:00+00:00","og_image":[{"width":1000,"height":666,"url":"https:\/\/jornalfatosenoticias.com.br\/wp-content\/uploads\/2022\/10\/instrumentos-materiais-reciclaveis-tapera-das-artes-1.jpg","type":"image\/jpeg"}],"author":"Luzimara Fernandes","twitter_card":"summary_large_image","twitter_misc":{"Escrito por":"Luzimara Fernandes","Est. tempo de leitura":"4 minutos"},"schema":{"@context":"https:\/\/schema.org","@graph":[{"@type":"Article","@id":"https:\/\/jornalfatosenoticias.com.br\/index.php\/2022\/10\/11\/jovens-nordestinos-criam-instrumentos-musicais-com-material-reciclavel\/#article","isPartOf":{"@id":"https:\/\/jornalfatosenoticias.com.br\/index.php\/2022\/10\/11\/jovens-nordestinos-criam-instrumentos-musicais-com-material-reciclavel\/"},"author":{"name":"Luzimara Fernandes","@id":"https:\/\/jornalfatosenoticias.com.br\/#\/schema\/person\/d63837fa13ac8666eb9e74e0985d6f81"},"headline":"Jovens nordestinos criam instrumentos musicais com material recicl\u00e1vel","datePublished":"2022-10-11T12:51:58+00:00","dateModified":"2022-10-11T12:52:00+00:00","mainEntityOfPage":{"@id":"https:\/\/jornalfatosenoticias.com.br\/index.php\/2022\/10\/11\/jovens-nordestinos-criam-instrumentos-musicais-com-material-reciclavel\/"},"wordCount":779,"commentCount":0,"publisher":{"@id":"https:\/\/jornalfatosenoticias.com.br\/#organization"},"image":{"@id":"https:\/\/jornalfatosenoticias.com.br\/index.php\/2022\/10\/11\/jovens-nordestinos-criam-instrumentos-musicais-com-material-reciclavel\/#primaryimage"},"thumbnailUrl":"https:\/\/jornalfatosenoticias.com.br\/wp-content\/uploads\/2022\/10\/instrumentos-materiais-reciclaveis-tapera-das-artes-1.jpg","keywords":["instrumento musical","material recicl\u00e1vel","m\u00fasica","Nordeste","projeto social","recicl\u00e1veis"],"articleSection":["Arq &amp; Urb"],"inLanguage":"pt-BR","potentialAction":[{"@type":"CommentAction","name":"Comment","target":["https:\/\/jornalfatosenoticias.com.br\/index.php\/2022\/10\/11\/jovens-nordestinos-criam-instrumentos-musicais-com-material-reciclavel\/#respond"]}]},{"@type":"WebPage","@id":"https:\/\/jornalfatosenoticias.com.br\/index.php\/2022\/10\/11\/jovens-nordestinos-criam-instrumentos-musicais-com-material-reciclavel\/","url":"https:\/\/jornalfatosenoticias.com.br\/index.php\/2022\/10\/11\/jovens-nordestinos-criam-instrumentos-musicais-com-material-reciclavel\/","name":"Jovens nordestinos criam instrumentos musicais com material recicl\u00e1vel - Jornal Fatos e Not\u00edcias","isPartOf":{"@id":"https:\/\/jornalfatosenoticias.com.br\/#website"},"primaryImageOfPage":{"@id":"https:\/\/jornalfatosenoticias.com.br\/index.php\/2022\/10\/11\/jovens-nordestinos-criam-instrumentos-musicais-com-material-reciclavel\/#primaryimage"},"image":{"@id":"https:\/\/jornalfatosenoticias.com.br\/index.php\/2022\/10\/11\/jovens-nordestinos-criam-instrumentos-musicais-com-material-reciclavel\/#primaryimage"},"thumbnailUrl":"https:\/\/jornalfatosenoticias.com.br\/wp-content\/uploads\/2022\/10\/instrumentos-materiais-reciclaveis-tapera-das-artes-1.jpg","datePublished":"2022-10-11T12:51:58+00:00","dateModified":"2022-10-11T12:52:00+00:00","breadcrumb":{"@id":"https:\/\/jornalfatosenoticias.com.br\/index.php\/2022\/10\/11\/jovens-nordestinos-criam-instrumentos-musicais-com-material-reciclavel\/#breadcrumb"},"inLanguage":"pt-BR","potentialAction":[{"@type":"ReadAction","target":["https:\/\/jornalfatosenoticias.com.br\/index.php\/2022\/10\/11\/jovens-nordestinos-criam-instrumentos-musicais-com-material-reciclavel\/"]}]},{"@type":"ImageObject","inLanguage":"pt-BR","@id":"https:\/\/jornalfatosenoticias.com.br\/index.php\/2022\/10\/11\/jovens-nordestinos-criam-instrumentos-musicais-com-material-reciclavel\/#primaryimage","url":"https:\/\/jornalfatosenoticias.com.br\/wp-content\/uploads\/2022\/10\/instrumentos-materiais-reciclaveis-tapera-das-artes-1.jpg","contentUrl":"https:\/\/jornalfatosenoticias.com.br\/wp-content\/uploads\/2022\/10\/instrumentos-materiais-reciclaveis-tapera-das-artes-1.jpg","width":1000,"height":666},{"@type":"BreadcrumbList","@id":"https:\/\/jornalfatosenoticias.com.br\/index.php\/2022\/10\/11\/jovens-nordestinos-criam-instrumentos-musicais-com-material-reciclavel\/#breadcrumb","itemListElement":[{"@type":"ListItem","position":1,"name":"In\u00edcio","item":"https:\/\/jornalfatosenoticias.com.br\/"},{"@type":"ListItem","position":2,"name":"Jovens nordestinos criam instrumentos musicais com material recicl\u00e1vel"}]},{"@type":"WebSite","@id":"https:\/\/jornalfatosenoticias.com.br\/#website","url":"https:\/\/jornalfatosenoticias.com.br\/","name":"Jornal Fatos e Not\u00edcias","description":"Not\u00edcias em geral","publisher":{"@id":"https:\/\/jornalfatosenoticias.com.br\/#organization"},"potentialAction":[{"@type":"SearchAction","target":{"@type":"EntryPoint","urlTemplate":"https:\/\/jornalfatosenoticias.com.br\/?s={search_term_string}"},"query-input":{"@type":"PropertyValueSpecification","valueRequired":true,"valueName":"search_term_string"}}],"inLanguage":"pt-BR"},{"@type":"Organization","@id":"https:\/\/jornalfatosenoticias.com.br\/#organization","name":"Jornal Fatos e Not\u00edcias","url":"https:\/\/jornalfatosenoticias.com.br\/","logo":{"@type":"ImageObject","inLanguage":"pt-BR","@id":"https:\/\/jornalfatosenoticias.com.br\/#\/schema\/logo\/image\/","url":"https:\/\/jornalfatosenoticias.com.br\/wp-content\/uploads\/2020\/02\/logo120.png","contentUrl":"https:\/\/jornalfatosenoticias.com.br\/wp-content\/uploads\/2020\/02\/logo120.png","width":1227,"height":120,"caption":"Jornal Fatos e Not\u00edcias"},"image":{"@id":"https:\/\/jornalfatosenoticias.com.br\/#\/schema\/logo\/image\/"}},{"@type":"Person","@id":"https:\/\/jornalfatosenoticias.com.br\/#\/schema\/person\/d63837fa13ac8666eb9e74e0985d6f81","name":"Luzimara Fernandes","image":{"@type":"ImageObject","inLanguage":"pt-BR","@id":"https:\/\/jornalfatosenoticias.com.br\/#\/schema\/person\/image\/","url":"https:\/\/jornalfatosenoticias.com.br\/wp-content\/uploads\/2025\/05\/EU_portal.jpg","contentUrl":"https:\/\/jornalfatosenoticias.com.br\/wp-content\/uploads\/2025\/05\/EU_portal.jpg","caption":"Luzimara Fernandes"},"description":"Jornalista MTB 2358-ES","sameAs":["https:\/\/jornalfatosenoticias.com.br"],"url":"https:\/\/jornalfatosenoticias.com.br\/index.php\/author\/luzimara\/"}]}},"cc_featured_image_caption":{"caption_text":"(Foto: Tapera das Artes)","source_text":"","source_url":""},"jetpack_featured_media_url":"https:\/\/jornalfatosenoticias.com.br\/wp-content\/uploads\/2022\/10\/instrumentos-materiais-reciclaveis-tapera-das-artes-1.jpg","_links":{"self":[{"href":"https:\/\/jornalfatosenoticias.com.br\/index.php\/wp-json\/wp\/v2\/posts\/35044","targetHints":{"allow":["GET"]}}],"collection":[{"href":"https:\/\/jornalfatosenoticias.com.br\/index.php\/wp-json\/wp\/v2\/posts"}],"about":[{"href":"https:\/\/jornalfatosenoticias.com.br\/index.php\/wp-json\/wp\/v2\/types\/post"}],"author":[{"embeddable":true,"href":"https:\/\/jornalfatosenoticias.com.br\/index.php\/wp-json\/wp\/v2\/users\/2"}],"replies":[{"embeddable":true,"href":"https:\/\/jornalfatosenoticias.com.br\/index.php\/wp-json\/wp\/v2\/comments?post=35044"}],"version-history":[{"count":0,"href":"https:\/\/jornalfatosenoticias.com.br\/index.php\/wp-json\/wp\/v2\/posts\/35044\/revisions"}],"wp:featuredmedia":[{"embeddable":true,"href":"https:\/\/jornalfatosenoticias.com.br\/index.php\/wp-json\/wp\/v2\/media\/35047"}],"wp:attachment":[{"href":"https:\/\/jornalfatosenoticias.com.br\/index.php\/wp-json\/wp\/v2\/media?parent=35044"}],"wp:term":[{"taxonomy":"category","embeddable":true,"href":"https:\/\/jornalfatosenoticias.com.br\/index.php\/wp-json\/wp\/v2\/categories?post=35044"},{"taxonomy":"post_tag","embeddable":true,"href":"https:\/\/jornalfatosenoticias.com.br\/index.php\/wp-json\/wp\/v2\/tags?post=35044"}],"curies":[{"name":"wp","href":"https:\/\/api.w.org\/{rel}","templated":true}]}}