{"id":35061,"date":"2022-10-11T14:24:10","date_gmt":"2022-10-11T17:24:10","guid":{"rendered":"https:\/\/jornalfatosenoticias.com.br\/?p=35061"},"modified":"2022-10-11T14:24:12","modified_gmt":"2022-10-11T17:24:12","slug":"oceanos-programa-conscientiza-populacao-sobre-exploracao-e-impactos","status":"publish","type":"post","link":"https:\/\/jornalfatosenoticias.com.br\/index.php\/2022\/10\/11\/oceanos-programa-conscientiza-populacao-sobre-exploracao-e-impactos\/","title":{"rendered":"Oceanos: programa conscientiza popula\u00e7\u00e3o sobre explora\u00e7\u00e3o e impactos"},"content":{"rendered":"\n<p><em><span class=\"has-inline-color has-black-color\">Assunto foi tema de entrevista em programa da R\u00e1dio Nacional<\/span><\/em><\/p>\n\n\n\n<div class=\"wp-block-image\"><figure class=\"aligncenter size-large\"><img loading=\"lazy\" decoding=\"async\" width=\"729\" height=\"90\" src=\"https:\/\/jornalfatosenoticias.com.br\/wp-content\/uploads\/2020\/02\/Logo_Mizu.png\" alt=\"\" class=\"wp-image-1441\" srcset=\"https:\/\/jornalfatosenoticias.com.br\/wp-content\/uploads\/2020\/02\/Logo_Mizu.png 729w, https:\/\/jornalfatosenoticias.com.br\/wp-content\/uploads\/2020\/02\/Logo_Mizu-300x37.png 300w\" sizes=\"auto, (max-width: 729px) 100vw, 729px\" \/><\/figure><\/div>\n\n\n\n<p>O potencial econ\u00f4mico e o impacto das atividades humanas nos oceanos t\u00eam levado o Minist\u00e9rio da Ci\u00eancia, Tecnologia e Inova\u00e7\u00e3o (MCTI) a estimular o desenvolvimento de pesquisas com um olhar que v\u00e1 al\u00e9m da explora\u00e7\u00e3o de riquezas mar\u00edtimas, e considere conscientizar as pessoas sobre a import\u00e2ncia desse ambiente para a vida e sobre como as a\u00e7\u00f5es humanas interferem na sa\u00fade dos oceanos.<\/p>\n\n\n\n<div class=\"wp-block-image\"><figure class=\"aligncenter size-large\"><img decoding=\"async\" src=\"https:\/\/jornalfatosenoticias.com.br\/wp-content\/uploads\/2020\/02\/barao-das-carnes-300x164-1.jpg\" alt=\"\" class=\"wp-image-34339\"\/><\/figure><\/div>\n\n\n\n<p>O tema foi abordado hoje (11) pelo secret\u00e1rio de Pesquisa e Forma\u00e7\u00e3o Cient\u00edfica do MCTI, Marcelo Morales, no programa Rep\u00f3rter Nacional, da R\u00e1dio Nacional; e pelo ministro da pasta, Paulo Alvim, ontem (10), no programa A Voz do Brasil, produzido pela Empresa Brasil de Comunica\u00e7\u00e3o (EBC).<\/p>\n\n\n\n<div class=\"wp-block-image\"><figure class=\"aligncenter size-large is-resized\"><img loading=\"lazy\" decoding=\"async\" src=\"https:\/\/jornalfatosenoticias.com.br\/wp-content\/uploads\/2020\/02\/nova-logo-Marquetti.jpg\" alt=\"\" class=\"wp-image-22331\" width=\"277\" height=\"186\" srcset=\"https:\/\/jornalfatosenoticias.com.br\/wp-content\/uploads\/2020\/02\/nova-logo-Marquetti.jpg 643w, https:\/\/jornalfatosenoticias.com.br\/wp-content\/uploads\/2020\/02\/nova-logo-Marquetti-300x202.jpg 300w\" sizes=\"auto, (max-width: 277px) 100vw, 277px\" \/><\/figure><\/div>\n\n\n\n<figure class=\"wp-block-pullquote\"><blockquote><p><span class=\"has-inline-color has-luminous-vivid-orange-color\">A gente, \u00e0s vezes, pensa s\u00f3 na pesca quando pensamos no oceano. H\u00e1 outros impactos [do ponto de vista econ\u00f4mico], al\u00e9m da pesca, que podem significar muito na \u00e1rea de minera\u00e7\u00e3o e de energia. Temos uma perspectiva de gera\u00e7\u00e3o de energia fotovoltaica offshore que vai se desdobrar na produ\u00e7\u00e3o de hidrog\u00eanio\u201d, disse o ministro referindo-se \u00e0 inten\u00e7\u00e3o brasileira de produzir, a partir de fontes renov\u00e1veis de energia, o chamado hidrog\u00eanio verde \u2014 combust\u00edvel que tem despertado muito interesse de outros pa\u00edses.<\/span><\/p><\/blockquote><\/figure>\n\n\n\n<div class=\"wp-block-image\"><figure class=\"aligncenter size-large\"><img loading=\"lazy\" decoding=\"async\" width=\"1024\" height=\"110\" src=\"https:\/\/jornalfatosenoticias.com.br\/wp-content\/uploads\/2022\/10\/Arte-jornal-Zucchi-1120x120_Prancheta-1-1024x110.jpg\" alt=\"\" class=\"wp-image-34772\" srcset=\"https:\/\/jornalfatosenoticias.com.br\/wp-content\/uploads\/2022\/10\/Arte-jornal-Zucchi-1120x120_Prancheta-1-1024x110.jpg 1024w, https:\/\/jornalfatosenoticias.com.br\/wp-content\/uploads\/2022\/10\/Arte-jornal-Zucchi-1120x120_Prancheta-1-300x32.jpg 300w, https:\/\/jornalfatosenoticias.com.br\/wp-content\/uploads\/2022\/10\/Arte-jornal-Zucchi-1120x120_Prancheta-1-768x82.jpg 768w, https:\/\/jornalfatosenoticias.com.br\/wp-content\/uploads\/2022\/10\/Arte-jornal-Zucchi-1120x120_Prancheta-1-1536x165.jpg 1536w, https:\/\/jornalfatosenoticias.com.br\/wp-content\/uploads\/2022\/10\/Arte-jornal-Zucchi-1120x120_Prancheta-1-2048x219.jpg 2048w\" sizes=\"auto, (max-width: 1024px) 100vw, 1024px\" \/><\/figure><\/div>\n\n\n\n<p>Alvim acrescentou que, s\u00f3 no Cear\u00e1, o potencial energ\u00e9tico da gera\u00e7\u00e3o de energia e\u00f3lica para a produ\u00e7\u00e3o de hidrog\u00eanio pode ter o \u201cimpacto de algumas Itaipus\u201d, em termos de potencial energ\u00e9tico a ser gerado.<\/p>\n\n\n\n<div class=\"wp-block-image\"><figure class=\"aligncenter size-large is-resized\"><img loading=\"lazy\" decoding=\"async\" src=\"https:\/\/jornalfatosenoticias.com.br\/wp-content\/uploads\/2020\/02\/casa-do-torresmo_portal.jpg\" alt=\"\" class=\"wp-image-34472\" width=\"274\" height=\"274\" srcset=\"https:\/\/jornalfatosenoticias.com.br\/wp-content\/uploads\/2020\/02\/casa-do-torresmo_portal.jpg 300w, https:\/\/jornalfatosenoticias.com.br\/wp-content\/uploads\/2020\/02\/casa-do-torresmo_portal-150x150.jpg 150w\" sizes=\"auto, (max-width: 274px) 100vw, 274px\" \/><\/figure><\/div>\n\n\n\n<figure class=\"wp-block-pullquote\"><blockquote><p><span class=\"has-inline-color has-luminous-vivid-orange-color\">O oceano \u00e9 o novo desafio, inclusive para oportunidades. Pode ser um novo celeiro de oferta de alimentos, minerais e energia\u201d, completou.<\/span><\/p><\/blockquote><\/figure>\n\n\n\n<div class=\"wp-block-image\"><figure class=\"aligncenter size-large\"><img loading=\"lazy\" decoding=\"async\" width=\"1024\" height=\"111\" src=\"https:\/\/jornalfatosenoticias.com.br\/wp-content\/uploads\/2020\/02\/WhatsApp-Image-2022-09-23-at-12.09.18-1024x111.jpeg\" alt=\"\" class=\"wp-image-34527\" srcset=\"https:\/\/jornalfatosenoticias.com.br\/wp-content\/uploads\/2020\/02\/WhatsApp-Image-2022-09-23-at-12.09.18-1024x111.jpeg 1024w, https:\/\/jornalfatosenoticias.com.br\/wp-content\/uploads\/2020\/02\/WhatsApp-Image-2022-09-23-at-12.09.18-300x32.jpeg 300w, https:\/\/jornalfatosenoticias.com.br\/wp-content\/uploads\/2020\/02\/WhatsApp-Image-2022-09-23-at-12.09.18-768x83.jpeg 768w, https:\/\/jornalfatosenoticias.com.br\/wp-content\/uploads\/2020\/02\/WhatsApp-Image-2022-09-23-at-12.09.18.jpeg 1121w\" sizes=\"auto, (max-width: 1024px) 100vw, 1024px\" \/><\/figure><\/div>\n\n\n\n<p><strong><span class=\"has-inline-color has-black-color\">Cultura Oce\u00e2nica<br><\/span><\/strong>Na entrevista concedida hoje ao Rep\u00f3rter Nacional, o secret\u00e1rio Morales destacou as a\u00e7\u00f5es do governo para a implementa\u00e7\u00e3o de iniciativas desenvolvidas pela Unesco no \u00e2mbito do programa Cultura Oce\u00e2nica para Todos.<\/p>\n\n\n\n<div class=\"wp-block-image\"><figure class=\"aligncenter size-large is-resized\"><img loading=\"lazy\" decoding=\"async\" src=\"https:\/\/jornalfatosenoticias.com.br\/wp-content\/uploads\/2022\/07\/Logo-Grupo-SEI.jpg\" alt=\"\" class=\"wp-image-31973\" width=\"332\" height=\"174\" srcset=\"https:\/\/jornalfatosenoticias.com.br\/wp-content\/uploads\/2022\/07\/Logo-Grupo-SEI.jpg 713w, https:\/\/jornalfatosenoticias.com.br\/wp-content\/uploads\/2022\/07\/Logo-Grupo-SEI-300x158.jpg 300w\" sizes=\"auto, (max-width: 332px) 100vw, 332px\" \/><\/figure><\/div>\n\n\n\n<figure class=\"wp-block-pullquote\"><blockquote><p><span class=\"has-inline-color has-luminous-vivid-orange-color\">Temos de ter consci\u00eancia da import\u00e2ncia dos oceanos na vida; e da humanidade para a sa\u00fade dos oceanos. H\u00e1, nesse organismo [o oceano] importante de controle da temperatura terrestre, mol\u00e9culas a serem descobertas e economias sustent\u00e1veis a serem desenvolvidas\u201d, disse o secret\u00e1rio, ao justificar a iniciativa de levar o tema para ser debatido em escolas e munic\u00edpios do Pa\u00eds. \u201cCom a ajuda da Unesco e da ONU, temos de desenvolver estrat\u00e9gias para divulgarmos a import\u00e2ncia dos oceanos, de forma a conscientizar as crian\u00e7as em nossas escolas. Essa estrat\u00e9gia \u00e9 montada com volunt\u00e1rios e agentes p\u00fablicos de v\u00e1rias esferas\u201d, acrescentou.<\/span><\/p><\/blockquote><\/figure>\n\n\n\n<div class=\"wp-block-image\"><figure class=\"aligncenter size-large\"><img decoding=\"async\" src=\"https:\/\/jornalfatosenoticias.com.br\/wp-content\/uploads\/2020\/02\/Serra-Grande-1024x160.png\" alt=\"\" class=\"wp-image-7836\"\/><\/figure><\/div>\n\n\n\n<p>Segundo o secret\u00e1rio, h\u00e1 cerca de 430 escolas participando do projeto, em 16 pa\u00edses. \u201cNo Brasil s\u00e3o 33 escolas envolvidas na consci\u00eancia azul. Ontem mesmo discutimos com 14 pa\u00edses quest\u00f5es relativas a como contribuir para que essa consci\u00eancia chegue nas escolas\u201d, disse, referindo-se \u00e0 rede Escolas Azuis do Atl\u00e2ntico, que se reuniu em Santos (SP).<\/p>\n\n\n\n<div class=\"wp-block-image\"><figure class=\"alignleft size-large is-resized\"><img loading=\"lazy\" decoding=\"async\" src=\"https:\/\/jornalfatosenoticias.com.br\/wp-content\/uploads\/2020\/02\/nova-logo-Marquetti.jpg\" alt=\"\" class=\"wp-image-22331\" width=\"261\" height=\"175\" srcset=\"https:\/\/jornalfatosenoticias.com.br\/wp-content\/uploads\/2020\/02\/nova-logo-Marquetti.jpg 643w, https:\/\/jornalfatosenoticias.com.br\/wp-content\/uploads\/2020\/02\/nova-logo-Marquetti-300x202.jpg 300w\" sizes=\"auto, (max-width: 261px) 100vw, 261px\" \/><\/figure><\/div>\n\n\n\n<p><strong><span class=\"has-inline-color has-vivid-green-cyan-color\">Di\u00e1logos<br><\/span><\/strong>O encontro \u00e9 uma das atividades programadas para o evento Di\u00e1logos da Cultura Oce\u00e2nica. Os participantes trocam experi\u00eancias sobre os dois anos e meio de cria\u00e7\u00e3o da rede, que j\u00e1 conta com 99 mil estudantes. Na entrevista, o secret\u00e1rio disse que h\u00e1, no Brasil, muitas pesquisas voltadas a identificar formas de explora\u00e7\u00e3o sustent\u00e1vel de riquezas mar\u00edtimas, bem como da influ\u00eancia dos oceanos no clima do planeta.<\/p>\n\n\n\n<div class=\"wp-block-image\"><figure class=\"aligncenter size-large\"><img loading=\"lazy\" decoding=\"async\" width=\"300\" height=\"250\" src=\"https:\/\/jornalfatosenoticias.com.br\/wp-content\/uploads\/2022\/08\/arte-Casarao.jpg\" alt=\"\" class=\"wp-image-33178\"\/><\/figure><\/div>\n\n\n\n<figure class=\"wp-block-pullquote\"><blockquote><p><span class=\"has-inline-color has-luminous-vivid-orange-color\">Quando conhecemos a import\u00e2ncia do oceano, n\u00f3s cuidamos dele de forma mais contundente. Nesse sentido, a polui\u00e7\u00e3o jogada no mar \u2014 como pl\u00e1sticos e micropl\u00e1sticos \u2014 est\u00e1 sendo estudada tamb\u00e9m por pesquisadores brasileiros, para que n\u00e3o tenhamos um retorno com impacto negativo para a humanidade\u201d, disse ele ao informar que a pasta investiu cerca de R$ 165 milh\u00f5es em pesquisas desse tipo e em programas de monitoramento e mitiga\u00e7\u00e3o de impactos.<\/span><\/p><\/blockquote><\/figure>\n\n\n\n<div class=\"wp-block-image\"><figure class=\"aligncenter size-large\"><img loading=\"lazy\" decoding=\"async\" width=\"1024\" height=\"100\" src=\"https:\/\/jornalfatosenoticias.com.br\/wp-content\/uploads\/2020\/02\/banner_ferramentas-1024x100.jpg\" alt=\"\" class=\"wp-image-1258\" srcset=\"https:\/\/jornalfatosenoticias.com.br\/wp-content\/uploads\/2020\/02\/banner_ferramentas-1024x100.jpg 1024w, https:\/\/jornalfatosenoticias.com.br\/wp-content\/uploads\/2020\/02\/banner_ferramentas-300x29.jpg 300w, https:\/\/jornalfatosenoticias.com.br\/wp-content\/uploads\/2020\/02\/banner_ferramentas-768x75.jpg 768w, https:\/\/jornalfatosenoticias.com.br\/wp-content\/uploads\/2020\/02\/banner_ferramentas.jpg 1227w\" sizes=\"auto, (max-width: 1024px) 100vw, 1024px\" \/><\/figure><\/div>\n\n\n\n<p><strong><em>Fonte: <a href=\"https:\/\/agenciabrasil.ebc.com.br\/geral\/noticia\/2022-10\/oceanos-programa-conscientiza-populacao-sobre-exploracao-e-impactos\">Ag\u00eancia Brasil<\/a><\/em><\/strong><\/p>\n","protected":false},"excerpt":{"rendered":"<p>Assunto foi tema de entrevista em programa da R\u00e1dio Nacional O potencial econ\u00f4mico e o impacto das atividades humanas nos oceanos t\u00eam levado o Minist\u00e9rio da Ci\u00eancia, Tecnologia e Inova\u00e7\u00e3o (MCTI) a estimular o desenvolvimento de pesquisas com um olhar que v\u00e1 al\u00e9m da explora\u00e7\u00e3o de riquezas mar\u00edtimas, e considere conscientizar as pessoas sobre a [&hellip;]<\/p>\n","protected":false},"author":2,"featured_media":35062,"comment_status":"open","ping_status":"open","sticky":false,"template":"","format":"standard","meta":{"footnotes":""},"categories":[8],"tags":[16450,16451,16452],"class_list":["post-35061","post","type-post","status-publish","format-standard","has-post-thumbnail","hentry","category-meio-ambiente","tag-cultura-oceanica-para-todos","tag-escolas-azuis-do-atlantico","tag-ministerio-da-ciencia-tecnologia-e-inovacao"],"yoast_head":"<!-- This site is optimized with the Yoast SEO plugin v26.5 - https:\/\/yoast.com\/wordpress\/plugins\/seo\/ -->\n<title>Oceanos: programa conscientiza popula\u00e7\u00e3o sobre explora\u00e7\u00e3o e impactos - Jornal Fatos e Not\u00edcias<\/title>\n<meta name=\"robots\" content=\"index, follow, max-snippet:-1, max-image-preview:large, max-video-preview:-1\" \/>\n<link rel=\"canonical\" href=\"https:\/\/jornalfatosenoticias.com.br\/index.php\/2022\/10\/11\/oceanos-programa-conscientiza-populacao-sobre-exploracao-e-impactos\/\" \/>\n<meta property=\"og:locale\" content=\"pt_BR\" \/>\n<meta property=\"og:type\" content=\"article\" \/>\n<meta property=\"og:title\" content=\"Oceanos: programa conscientiza popula\u00e7\u00e3o sobre explora\u00e7\u00e3o e impactos - Jornal Fatos e Not\u00edcias\" \/>\n<meta property=\"og:description\" content=\"Assunto foi tema de entrevista em programa da R\u00e1dio Nacional O potencial econ\u00f4mico e o impacto das atividades humanas nos oceanos t\u00eam levado o Minist\u00e9rio da Ci\u00eancia, Tecnologia e Inova\u00e7\u00e3o (MCTI) a estimular o desenvolvimento de pesquisas com um olhar que v\u00e1 al\u00e9m da explora\u00e7\u00e3o de riquezas mar\u00edtimas, e considere conscientizar as pessoas sobre a [&hellip;]\" \/>\n<meta property=\"og:url\" content=\"https:\/\/jornalfatosenoticias.com.br\/index.php\/2022\/10\/11\/oceanos-programa-conscientiza-populacao-sobre-exploracao-e-impactos\/\" \/>\n<meta property=\"og:site_name\" content=\"Jornal Fatos e Not\u00edcias\" \/>\n<meta property=\"article:published_time\" content=\"2022-10-11T17:24:10+00:00\" \/>\n<meta property=\"article:modified_time\" content=\"2022-10-11T17:24:12+00:00\" \/>\n<meta property=\"og:image\" content=\"https:\/\/jornalfatosenoticias.com.br\/wp-content\/uploads\/2022\/10\/arquivo_abr_OCEANO.jpg\" \/>\n\t<meta property=\"og:image:width\" content=\"1000\" \/>\n\t<meta property=\"og:image:height\" content=\"598\" \/>\n\t<meta property=\"og:image:type\" content=\"image\/jpeg\" \/>\n<meta name=\"author\" content=\"Luzimara Fernandes\" \/>\n<meta name=\"twitter:card\" content=\"summary_large_image\" \/>\n<meta name=\"twitter:label1\" content=\"Escrito por\" \/>\n\t<meta name=\"twitter:data1\" content=\"Luzimara Fernandes\" \/>\n\t<meta name=\"twitter:label2\" content=\"Est. tempo de leitura\" \/>\n\t<meta name=\"twitter:data2\" content=\"3 minutos\" \/>\n<script type=\"application\/ld+json\" class=\"yoast-schema-graph\">{\"@context\":\"https:\/\/schema.org\",\"@graph\":[{\"@type\":\"Article\",\"@id\":\"https:\/\/jornalfatosenoticias.com.br\/index.php\/2022\/10\/11\/oceanos-programa-conscientiza-populacao-sobre-exploracao-e-impactos\/#article\",\"isPartOf\":{\"@id\":\"https:\/\/jornalfatosenoticias.com.br\/index.php\/2022\/10\/11\/oceanos-programa-conscientiza-populacao-sobre-exploracao-e-impactos\/\"},\"author\":{\"name\":\"Luzimara Fernandes\",\"@id\":\"https:\/\/jornalfatosenoticias.com.br\/#\/schema\/person\/d63837fa13ac8666eb9e74e0985d6f81\"},\"headline\":\"Oceanos: programa conscientiza popula\u00e7\u00e3o sobre explora\u00e7\u00e3o e impactos\",\"datePublished\":\"2022-10-11T17:24:10+00:00\",\"dateModified\":\"2022-10-11T17:24:12+00:00\",\"mainEntityOfPage\":{\"@id\":\"https:\/\/jornalfatosenoticias.com.br\/index.php\/2022\/10\/11\/oceanos-programa-conscientiza-populacao-sobre-exploracao-e-impactos\/\"},\"wordCount\":661,\"commentCount\":0,\"publisher\":{\"@id\":\"https:\/\/jornalfatosenoticias.com.br\/#organization\"},\"image\":{\"@id\":\"https:\/\/jornalfatosenoticias.com.br\/index.php\/2022\/10\/11\/oceanos-programa-conscientiza-populacao-sobre-exploracao-e-impactos\/#primaryimage\"},\"thumbnailUrl\":\"https:\/\/jornalfatosenoticias.com.br\/wp-content\/uploads\/2022\/10\/arquivo_abr_OCEANO.jpg\",\"keywords\":[\"Cultura Oce\u00e2nica para Todos\",\"Escolas Azuis do Atl\u00e2ntico\",\"Minist\u00e9rio da Ci\u00eancia Tecnologia e Inova\u00e7\u00e3o\"],\"articleSection\":[\"Meio ambiente\"],\"inLanguage\":\"pt-BR\",\"potentialAction\":[{\"@type\":\"CommentAction\",\"name\":\"Comment\",\"target\":[\"https:\/\/jornalfatosenoticias.com.br\/index.php\/2022\/10\/11\/oceanos-programa-conscientiza-populacao-sobre-exploracao-e-impactos\/#respond\"]}]},{\"@type\":\"WebPage\",\"@id\":\"https:\/\/jornalfatosenoticias.com.br\/index.php\/2022\/10\/11\/oceanos-programa-conscientiza-populacao-sobre-exploracao-e-impactos\/\",\"url\":\"https:\/\/jornalfatosenoticias.com.br\/index.php\/2022\/10\/11\/oceanos-programa-conscientiza-populacao-sobre-exploracao-e-impactos\/\",\"name\":\"Oceanos: programa conscientiza popula\u00e7\u00e3o sobre explora\u00e7\u00e3o e impactos - Jornal Fatos e Not\u00edcias\",\"isPartOf\":{\"@id\":\"https:\/\/jornalfatosenoticias.com.br\/#website\"},\"primaryImageOfPage\":{\"@id\":\"https:\/\/jornalfatosenoticias.com.br\/index.php\/2022\/10\/11\/oceanos-programa-conscientiza-populacao-sobre-exploracao-e-impactos\/#primaryimage\"},\"image\":{\"@id\":\"https:\/\/jornalfatosenoticias.com.br\/index.php\/2022\/10\/11\/oceanos-programa-conscientiza-populacao-sobre-exploracao-e-impactos\/#primaryimage\"},\"thumbnailUrl\":\"https:\/\/jornalfatosenoticias.com.br\/wp-content\/uploads\/2022\/10\/arquivo_abr_OCEANO.jpg\",\"datePublished\":\"2022-10-11T17:24:10+00:00\",\"dateModified\":\"2022-10-11T17:24:12+00:00\",\"breadcrumb\":{\"@id\":\"https:\/\/jornalfatosenoticias.com.br\/index.php\/2022\/10\/11\/oceanos-programa-conscientiza-populacao-sobre-exploracao-e-impactos\/#breadcrumb\"},\"inLanguage\":\"pt-BR\",\"potentialAction\":[{\"@type\":\"ReadAction\",\"target\":[\"https:\/\/jornalfatosenoticias.com.br\/index.php\/2022\/10\/11\/oceanos-programa-conscientiza-populacao-sobre-exploracao-e-impactos\/\"]}]},{\"@type\":\"ImageObject\",\"inLanguage\":\"pt-BR\",\"@id\":\"https:\/\/jornalfatosenoticias.com.br\/index.php\/2022\/10\/11\/oceanos-programa-conscientiza-populacao-sobre-exploracao-e-impactos\/#primaryimage\",\"url\":\"https:\/\/jornalfatosenoticias.com.br\/wp-content\/uploads\/2022\/10\/arquivo_abr_OCEANO.jpg\",\"contentUrl\":\"https:\/\/jornalfatosenoticias.com.br\/wp-content\/uploads\/2022\/10\/arquivo_abr_OCEANO.jpg\",\"width\":1000,\"height\":598,\"caption\":\"Fernando de Noronha (PE)\"},{\"@type\":\"BreadcrumbList\",\"@id\":\"https:\/\/jornalfatosenoticias.com.br\/index.php\/2022\/10\/11\/oceanos-programa-conscientiza-populacao-sobre-exploracao-e-impactos\/#breadcrumb\",\"itemListElement\":[{\"@type\":\"ListItem\",\"position\":1,\"name\":\"In\u00edcio\",\"item\":\"https:\/\/jornalfatosenoticias.com.br\/\"},{\"@type\":\"ListItem\",\"position\":2,\"name\":\"Oceanos: programa conscientiza popula\u00e7\u00e3o sobre explora\u00e7\u00e3o e impactos\"}]},{\"@type\":\"WebSite\",\"@id\":\"https:\/\/jornalfatosenoticias.com.br\/#website\",\"url\":\"https:\/\/jornalfatosenoticias.com.br\/\",\"name\":\"Jornal Fatos e Not\u00edcias\",\"description\":\"Not\u00edcias em geral\",\"publisher\":{\"@id\":\"https:\/\/jornalfatosenoticias.com.br\/#organization\"},\"potentialAction\":[{\"@type\":\"SearchAction\",\"target\":{\"@type\":\"EntryPoint\",\"urlTemplate\":\"https:\/\/jornalfatosenoticias.com.br\/?s={search_term_string}\"},\"query-input\":{\"@type\":\"PropertyValueSpecification\",\"valueRequired\":true,\"valueName\":\"search_term_string\"}}],\"inLanguage\":\"pt-BR\"},{\"@type\":\"Organization\",\"@id\":\"https:\/\/jornalfatosenoticias.com.br\/#organization\",\"name\":\"Jornal Fatos e Not\u00edcias\",\"url\":\"https:\/\/jornalfatosenoticias.com.br\/\",\"logo\":{\"@type\":\"ImageObject\",\"inLanguage\":\"pt-BR\",\"@id\":\"https:\/\/jornalfatosenoticias.com.br\/#\/schema\/logo\/image\/\",\"url\":\"https:\/\/jornalfatosenoticias.com.br\/wp-content\/uploads\/2020\/02\/logo120.png\",\"contentUrl\":\"https:\/\/jornalfatosenoticias.com.br\/wp-content\/uploads\/2020\/02\/logo120.png\",\"width\":1227,\"height\":120,\"caption\":\"Jornal Fatos e Not\u00edcias\"},\"image\":{\"@id\":\"https:\/\/jornalfatosenoticias.com.br\/#\/schema\/logo\/image\/\"}},{\"@type\":\"Person\",\"@id\":\"https:\/\/jornalfatosenoticias.com.br\/#\/schema\/person\/d63837fa13ac8666eb9e74e0985d6f81\",\"name\":\"Luzimara Fernandes\",\"image\":{\"@type\":\"ImageObject\",\"inLanguage\":\"pt-BR\",\"@id\":\"https:\/\/jornalfatosenoticias.com.br\/#\/schema\/person\/image\/\",\"url\":\"https:\/\/jornalfatosenoticias.com.br\/wp-content\/uploads\/2025\/05\/EU_portal.jpg\",\"contentUrl\":\"https:\/\/jornalfatosenoticias.com.br\/wp-content\/uploads\/2025\/05\/EU_portal.jpg\",\"caption\":\"Luzimara Fernandes\"},\"description\":\"Jornalista MTB 2358-ES\",\"sameAs\":[\"https:\/\/jornalfatosenoticias.com.br\"],\"url\":\"https:\/\/jornalfatosenoticias.com.br\/index.php\/author\/luzimara\/\"}]}<\/script>\n<!-- \/ Yoast SEO plugin. -->","yoast_head_json":{"title":"Oceanos: programa conscientiza popula\u00e7\u00e3o sobre explora\u00e7\u00e3o e impactos - Jornal Fatos e Not\u00edcias","robots":{"index":"index","follow":"follow","max-snippet":"max-snippet:-1","max-image-preview":"max-image-preview:large","max-video-preview":"max-video-preview:-1"},"canonical":"https:\/\/jornalfatosenoticias.com.br\/index.php\/2022\/10\/11\/oceanos-programa-conscientiza-populacao-sobre-exploracao-e-impactos\/","og_locale":"pt_BR","og_type":"article","og_title":"Oceanos: programa conscientiza popula\u00e7\u00e3o sobre explora\u00e7\u00e3o e impactos - Jornal Fatos e Not\u00edcias","og_description":"Assunto foi tema de entrevista em programa da R\u00e1dio Nacional O potencial econ\u00f4mico e o impacto das atividades humanas nos oceanos t\u00eam levado o Minist\u00e9rio da Ci\u00eancia, Tecnologia e Inova\u00e7\u00e3o (MCTI) a estimular o desenvolvimento de pesquisas com um olhar que v\u00e1 al\u00e9m da explora\u00e7\u00e3o de riquezas mar\u00edtimas, e considere conscientizar as pessoas sobre a [&hellip;]","og_url":"https:\/\/jornalfatosenoticias.com.br\/index.php\/2022\/10\/11\/oceanos-programa-conscientiza-populacao-sobre-exploracao-e-impactos\/","og_site_name":"Jornal Fatos e Not\u00edcias","article_published_time":"2022-10-11T17:24:10+00:00","article_modified_time":"2022-10-11T17:24:12+00:00","og_image":[{"width":1000,"height":598,"url":"https:\/\/jornalfatosenoticias.com.br\/wp-content\/uploads\/2022\/10\/arquivo_abr_OCEANO.jpg","type":"image\/jpeg"}],"author":"Luzimara Fernandes","twitter_card":"summary_large_image","twitter_misc":{"Escrito por":"Luzimara Fernandes","Est. tempo de leitura":"3 minutos"},"schema":{"@context":"https:\/\/schema.org","@graph":[{"@type":"Article","@id":"https:\/\/jornalfatosenoticias.com.br\/index.php\/2022\/10\/11\/oceanos-programa-conscientiza-populacao-sobre-exploracao-e-impactos\/#article","isPartOf":{"@id":"https:\/\/jornalfatosenoticias.com.br\/index.php\/2022\/10\/11\/oceanos-programa-conscientiza-populacao-sobre-exploracao-e-impactos\/"},"author":{"name":"Luzimara Fernandes","@id":"https:\/\/jornalfatosenoticias.com.br\/#\/schema\/person\/d63837fa13ac8666eb9e74e0985d6f81"},"headline":"Oceanos: programa conscientiza popula\u00e7\u00e3o sobre explora\u00e7\u00e3o e impactos","datePublished":"2022-10-11T17:24:10+00:00","dateModified":"2022-10-11T17:24:12+00:00","mainEntityOfPage":{"@id":"https:\/\/jornalfatosenoticias.com.br\/index.php\/2022\/10\/11\/oceanos-programa-conscientiza-populacao-sobre-exploracao-e-impactos\/"},"wordCount":661,"commentCount":0,"publisher":{"@id":"https:\/\/jornalfatosenoticias.com.br\/#organization"},"image":{"@id":"https:\/\/jornalfatosenoticias.com.br\/index.php\/2022\/10\/11\/oceanos-programa-conscientiza-populacao-sobre-exploracao-e-impactos\/#primaryimage"},"thumbnailUrl":"https:\/\/jornalfatosenoticias.com.br\/wp-content\/uploads\/2022\/10\/arquivo_abr_OCEANO.jpg","keywords":["Cultura Oce\u00e2nica para Todos","Escolas Azuis do Atl\u00e2ntico","Minist\u00e9rio da Ci\u00eancia Tecnologia e Inova\u00e7\u00e3o"],"articleSection":["Meio ambiente"],"inLanguage":"pt-BR","potentialAction":[{"@type":"CommentAction","name":"Comment","target":["https:\/\/jornalfatosenoticias.com.br\/index.php\/2022\/10\/11\/oceanos-programa-conscientiza-populacao-sobre-exploracao-e-impactos\/#respond"]}]},{"@type":"WebPage","@id":"https:\/\/jornalfatosenoticias.com.br\/index.php\/2022\/10\/11\/oceanos-programa-conscientiza-populacao-sobre-exploracao-e-impactos\/","url":"https:\/\/jornalfatosenoticias.com.br\/index.php\/2022\/10\/11\/oceanos-programa-conscientiza-populacao-sobre-exploracao-e-impactos\/","name":"Oceanos: programa conscientiza popula\u00e7\u00e3o sobre explora\u00e7\u00e3o e impactos - Jornal Fatos e Not\u00edcias","isPartOf":{"@id":"https:\/\/jornalfatosenoticias.com.br\/#website"},"primaryImageOfPage":{"@id":"https:\/\/jornalfatosenoticias.com.br\/index.php\/2022\/10\/11\/oceanos-programa-conscientiza-populacao-sobre-exploracao-e-impactos\/#primaryimage"},"image":{"@id":"https:\/\/jornalfatosenoticias.com.br\/index.php\/2022\/10\/11\/oceanos-programa-conscientiza-populacao-sobre-exploracao-e-impactos\/#primaryimage"},"thumbnailUrl":"https:\/\/jornalfatosenoticias.com.br\/wp-content\/uploads\/2022\/10\/arquivo_abr_OCEANO.jpg","datePublished":"2022-10-11T17:24:10+00:00","dateModified":"2022-10-11T17:24:12+00:00","breadcrumb":{"@id":"https:\/\/jornalfatosenoticias.com.br\/index.php\/2022\/10\/11\/oceanos-programa-conscientiza-populacao-sobre-exploracao-e-impactos\/#breadcrumb"},"inLanguage":"pt-BR","potentialAction":[{"@type":"ReadAction","target":["https:\/\/jornalfatosenoticias.com.br\/index.php\/2022\/10\/11\/oceanos-programa-conscientiza-populacao-sobre-exploracao-e-impactos\/"]}]},{"@type":"ImageObject","inLanguage":"pt-BR","@id":"https:\/\/jornalfatosenoticias.com.br\/index.php\/2022\/10\/11\/oceanos-programa-conscientiza-populacao-sobre-exploracao-e-impactos\/#primaryimage","url":"https:\/\/jornalfatosenoticias.com.br\/wp-content\/uploads\/2022\/10\/arquivo_abr_OCEANO.jpg","contentUrl":"https:\/\/jornalfatosenoticias.com.br\/wp-content\/uploads\/2022\/10\/arquivo_abr_OCEANO.jpg","width":1000,"height":598,"caption":"Fernando de Noronha (PE)"},{"@type":"BreadcrumbList","@id":"https:\/\/jornalfatosenoticias.com.br\/index.php\/2022\/10\/11\/oceanos-programa-conscientiza-populacao-sobre-exploracao-e-impactos\/#breadcrumb","itemListElement":[{"@type":"ListItem","position":1,"name":"In\u00edcio","item":"https:\/\/jornalfatosenoticias.com.br\/"},{"@type":"ListItem","position":2,"name":"Oceanos: programa conscientiza popula\u00e7\u00e3o sobre explora\u00e7\u00e3o e impactos"}]},{"@type":"WebSite","@id":"https:\/\/jornalfatosenoticias.com.br\/#website","url":"https:\/\/jornalfatosenoticias.com.br\/","name":"Jornal Fatos e Not\u00edcias","description":"Not\u00edcias em geral","publisher":{"@id":"https:\/\/jornalfatosenoticias.com.br\/#organization"},"potentialAction":[{"@type":"SearchAction","target":{"@type":"EntryPoint","urlTemplate":"https:\/\/jornalfatosenoticias.com.br\/?s={search_term_string}"},"query-input":{"@type":"PropertyValueSpecification","valueRequired":true,"valueName":"search_term_string"}}],"inLanguage":"pt-BR"},{"@type":"Organization","@id":"https:\/\/jornalfatosenoticias.com.br\/#organization","name":"Jornal Fatos e Not\u00edcias","url":"https:\/\/jornalfatosenoticias.com.br\/","logo":{"@type":"ImageObject","inLanguage":"pt-BR","@id":"https:\/\/jornalfatosenoticias.com.br\/#\/schema\/logo\/image\/","url":"https:\/\/jornalfatosenoticias.com.br\/wp-content\/uploads\/2020\/02\/logo120.png","contentUrl":"https:\/\/jornalfatosenoticias.com.br\/wp-content\/uploads\/2020\/02\/logo120.png","width":1227,"height":120,"caption":"Jornal Fatos e Not\u00edcias"},"image":{"@id":"https:\/\/jornalfatosenoticias.com.br\/#\/schema\/logo\/image\/"}},{"@type":"Person","@id":"https:\/\/jornalfatosenoticias.com.br\/#\/schema\/person\/d63837fa13ac8666eb9e74e0985d6f81","name":"Luzimara Fernandes","image":{"@type":"ImageObject","inLanguage":"pt-BR","@id":"https:\/\/jornalfatosenoticias.com.br\/#\/schema\/person\/image\/","url":"https:\/\/jornalfatosenoticias.com.br\/wp-content\/uploads\/2025\/05\/EU_portal.jpg","contentUrl":"https:\/\/jornalfatosenoticias.com.br\/wp-content\/uploads\/2025\/05\/EU_portal.jpg","caption":"Luzimara Fernandes"},"description":"Jornalista MTB 2358-ES","sameAs":["https:\/\/jornalfatosenoticias.com.br"],"url":"https:\/\/jornalfatosenoticias.com.br\/index.php\/author\/luzimara\/"}]}},"cc_featured_image_caption":{"caption_text":"(Foto: Arquivo\/Ag\u00eancia Brasil)","source_text":"","source_url":""},"jetpack_featured_media_url":"https:\/\/jornalfatosenoticias.com.br\/wp-content\/uploads\/2022\/10\/arquivo_abr_OCEANO.jpg","_links":{"self":[{"href":"https:\/\/jornalfatosenoticias.com.br\/index.php\/wp-json\/wp\/v2\/posts\/35061","targetHints":{"allow":["GET"]}}],"collection":[{"href":"https:\/\/jornalfatosenoticias.com.br\/index.php\/wp-json\/wp\/v2\/posts"}],"about":[{"href":"https:\/\/jornalfatosenoticias.com.br\/index.php\/wp-json\/wp\/v2\/types\/post"}],"author":[{"embeddable":true,"href":"https:\/\/jornalfatosenoticias.com.br\/index.php\/wp-json\/wp\/v2\/users\/2"}],"replies":[{"embeddable":true,"href":"https:\/\/jornalfatosenoticias.com.br\/index.php\/wp-json\/wp\/v2\/comments?post=35061"}],"version-history":[{"count":0,"href":"https:\/\/jornalfatosenoticias.com.br\/index.php\/wp-json\/wp\/v2\/posts\/35061\/revisions"}],"wp:featuredmedia":[{"embeddable":true,"href":"https:\/\/jornalfatosenoticias.com.br\/index.php\/wp-json\/wp\/v2\/media\/35062"}],"wp:attachment":[{"href":"https:\/\/jornalfatosenoticias.com.br\/index.php\/wp-json\/wp\/v2\/media?parent=35061"}],"wp:term":[{"taxonomy":"category","embeddable":true,"href":"https:\/\/jornalfatosenoticias.com.br\/index.php\/wp-json\/wp\/v2\/categories?post=35061"},{"taxonomy":"post_tag","embeddable":true,"href":"https:\/\/jornalfatosenoticias.com.br\/index.php\/wp-json\/wp\/v2\/tags?post=35061"}],"curies":[{"name":"wp","href":"https:\/\/api.w.org\/{rel}","templated":true}]}}