{"id":35064,"date":"2022-10-11T14:37:14","date_gmt":"2022-10-11T17:37:14","guid":{"rendered":"https:\/\/jornalfatosenoticias.com.br\/?p=35064"},"modified":"2022-10-11T14:37:17","modified_gmt":"2022-10-11T17:37:17","slug":"mayra-aguiar-faz-historia-ao-conquistar-tricampeonato-mundial-de-judo","status":"publish","type":"post","link":"https:\/\/jornalfatosenoticias.com.br\/index.php\/2022\/10\/11\/mayra-aguiar-faz-historia-ao-conquistar-tricampeonato-mundial-de-judo\/","title":{"rendered":"Mayra Aguiar faz hist\u00f3ria ao conquistar tricampeonato mundial de jud\u00f4"},"content":{"rendered":"\n<p><span class=\"has-inline-color has-black-color\"><em>Judoca \u00e9 a 1\u00aa do Pa\u00eds, entre homens e mulheres, a somar tr\u00eas ouros<\/em><\/span><\/p>\n\n\n\n<div class=\"wp-block-image\"><figure class=\"aligncenter size-large\"><img loading=\"lazy\" decoding=\"async\" width=\"1024\" height=\"103\" src=\"https:\/\/jornalfatosenoticias.com.br\/wp-content\/uploads\/2022\/02\/Arte-Autoescola-Galatas_endereco_portal-1024x103.png\" alt=\"\" class=\"wp-image-27869\" srcset=\"https:\/\/jornalfatosenoticias.com.br\/wp-content\/uploads\/2022\/02\/Arte-Autoescola-Galatas_endereco_portal-1024x103.png 1024w, https:\/\/jornalfatosenoticias.com.br\/wp-content\/uploads\/2022\/02\/Arte-Autoescola-Galatas_endereco_portal-300x30.png 300w, https:\/\/jornalfatosenoticias.com.br\/wp-content\/uploads\/2022\/02\/Arte-Autoescola-Galatas_endereco_portal-768x77.png 768w, https:\/\/jornalfatosenoticias.com.br\/wp-content\/uploads\/2022\/02\/Arte-Autoescola-Galatas_endereco_portal.png 1223w\" sizes=\"auto, (max-width: 1024px) 100vw, 1024px\" \/><\/figure><\/div>\n\n\n\n<p>A ga\u00facha Mayra Aguiar fez hist\u00f3ria nesta ter\u00e7a-feira (11) ao faturar o in\u00e9dito tricampeonato mundial de jud\u00f4 para o Brasil. A fa\u00e7anha ocorreu no Mundial da modalidade em Tashkent (Uzbequist\u00e3o), ap\u00f3s Mayra derrotar a chinesa Zhenzhao Ma, por waza-ri, na final do meio-pesado (78 quilos). O Mundial segue nesta quarta (12) com as lutas dos pesos-pesados ((+78kg e +100kg) Rafael &#8220;Baby&#8221; Silva e Beatriz Souza, com <strong><a href=\"https:\/\/www.canalolimpicodobrasil.com.br\/\">transmiss\u00e3o ao vivo<\/a><\/strong> no site do Canal Ol\u00edmpico do Brasil. As eliminat\u00f3rias come\u00e7am \u00e0s 3h (hor\u00e1rio de Bras\u00edlia) e as finais \u00e0s 9h. Confira a programa\u00e7\u00e3o ao final do texto.<\/p>\n\n\n\n<div class=\"wp-block-image\"><figure class=\"aligncenter size-large\"><img loading=\"lazy\" decoding=\"async\" width=\"729\" height=\"90\" src=\"https:\/\/jornalfatosenoticias.com.br\/wp-content\/uploads\/2020\/02\/Logo_Mizu.png\" alt=\"\" class=\"wp-image-1441\" srcset=\"https:\/\/jornalfatosenoticias.com.br\/wp-content\/uploads\/2020\/02\/Logo_Mizu.png 729w, https:\/\/jornalfatosenoticias.com.br\/wp-content\/uploads\/2020\/02\/Logo_Mizu-300x37.png 300w\" sizes=\"auto, (max-width: 729px) 100vw, 729px\" \/><\/figure><\/div>\n\n\n\n<figure class=\"wp-block-embed-twitter wp-block-embed is-type-rich is-provider-twitter\"><div class=\"wp-block-embed__wrapper\">\n<blockquote class=\"twitter-tweet\" data-width=\"550\" data-dnt=\"true\"><p lang=\"pt\" dir=\"ltr\">Hoje teve hino \ud83c\udde7\ud83c\uddf7 de novo! <a href=\"https:\/\/t.co\/y7t9eHILTv\">https:\/\/t.co\/y7t9eHILTv<\/a><\/p>&mdash; CBJ (@JudoCBJ) <a href=\"https:\/\/twitter.com\/JudoCBJ\/status\/1579860275167363073?ref_src=twsrc%5Etfw\">October 11, 2022<\/a><\/blockquote><script async src=\"https:\/\/platform.twitter.com\/widgets.js\" charset=\"utf-8\"><\/script>\n<\/div><\/figure>\n\n\n\n<div class=\"wp-block-image\"><figure class=\"alignleft size-large is-resized\"><img loading=\"lazy\" decoding=\"async\" src=\"https:\/\/jornalfatosenoticias.com.br\/wp-content\/uploads\/2020\/02\/logo-clinica-limoeiro.jpg\" alt=\"\" class=\"wp-image-34610\" width=\"309\" height=\"219\"\/><\/figure><\/div>\n\n\n\n<p>Ap\u00f3s a conquista de hoje, a brasileira soma ao todo sete mundiais: ouro (2014 e 2017), prata (individual em 2010, e por equipes em 2013), e bronze (2011, 2013 e 2019). Mayra tamb\u00e9m colecionais tr\u00eas bronzes ol\u00edmpicos (Londres 2012, Rio 2016, T\u00f3quio 2020).<br>O ouro de Mayara \u00e9 o segundo do Pa\u00eds na competi\u00e7\u00e3o: no <strong><a href=\"https:\/\/agenciabrasil.ebc.com.br\/esportes\/noticia\/2022-10\/rafaela-silva-e-bicampea-e-daniel-cargnin-bronze-no-mundial-de-judo\">\u00faltimo s\u00e1bado (8)<\/a><\/strong> a carioca Rafaela Silva se sagrou bicampe\u00e3 nos 57 kg. Tamb\u00e9m no peso leve, o ga\u00facho Daniel Cargnin foi bronze nos 73kg. Com as tr\u00eas conquistas, o Brasil subiu para a vice-lideran\u00e7a no quadro de medalhas.<\/p>\n\n\n\n<div class=\"wp-block-image\"><figure class=\"aligncenter size-large\"><img loading=\"lazy\" decoding=\"async\" width=\"1024\" height=\"100\" src=\"https:\/\/jornalfatosenoticias.com.br\/wp-content\/uploads\/2022\/05\/NOVA-LOGO-CESCONETTO-1024x100.jpg\" alt=\"\" class=\"wp-image-30792\" srcset=\"https:\/\/jornalfatosenoticias.com.br\/wp-content\/uploads\/2022\/05\/NOVA-LOGO-CESCONETTO-1024x100.jpg 1024w, https:\/\/jornalfatosenoticias.com.br\/wp-content\/uploads\/2022\/05\/NOVA-LOGO-CESCONETTO-300x29.jpg 300w, https:\/\/jornalfatosenoticias.com.br\/wp-content\/uploads\/2022\/05\/NOVA-LOGO-CESCONETTO-768x75.jpg 768w, https:\/\/jornalfatosenoticias.com.br\/wp-content\/uploads\/2022\/05\/NOVA-LOGO-CESCONETTO.jpg 1280w\" sizes=\"auto, (max-width: 1024px) 100vw, 1024px\" \/><\/figure><\/div>\n\n\n\n<p>No caminho para assegurar o o tricampeonato, Mayra Aguiar, atual n\u00famero seis do mundo, estreou com vit\u00f3ria diante da croata Petrunjela Pavic. Na sequ\u00eancia, despachou por ippon a cazaque Aruna Jangeldina. Nas quartas de final, derrotou a campe\u00e3o ol\u00edmpica Hamada Shori (Jap\u00e3o). Com o moral alto, a brasileira foi para a semifinal contra a alem\u00e3 Alina Boehm, campe\u00e3 europeia, e venceu mais uma, assegurando presen\u00e7a na final contra chinesa Zhenzhao Ma.<\/p>\n\n\n\n<div class=\"wp-block-image\"><figure class=\"aligncenter size-large\"><img decoding=\"async\" src=\"https:\/\/jornalfatosenoticias.com.br\/wp-content\/uploads\/2020\/02\/barao-das-carnes-300x164-1.jpg\" alt=\"\" class=\"wp-image-34339\"\/><\/figure><\/div>\n\n\n\n<figure class=\"wp-block-embed-twitter wp-block-embed is-type-rich is-provider-twitter\"><div class=\"wp-block-embed__wrapper\">\n<blockquote class=\"twitter-tweet\" data-width=\"550\" data-dnt=\"true\"><p lang=\"pt\" dir=\"ltr\">Isso aqui esquece, t\u00e1 falando da elite! \ud83e\udd29\ud83e\udd47\ud83e\udd4b<br><br>O golpe ESPETACULAR da Mayra Aguiar pra conquistar o tricampeonato mundial de jud\u00f4! <a href=\"https:\/\/t.co\/gYt606iflz\">pic.twitter.com\/gYt606iflz<\/a><\/p>&mdash; Time Brasil (@timebrasil) <a href=\"https:\/\/twitter.com\/timebrasil\/status\/1579819945130864641?ref_src=twsrc%5Etfw\">October 11, 2022<\/a><\/blockquote><script async src=\"https:\/\/platform.twitter.com\/widgets.js\" charset=\"utf-8\"><\/script>\n<\/div><\/figure>\n\n\n\n<div class=\"wp-block-image\"><figure class=\"aligncenter size-large is-resized\"><img loading=\"lazy\" decoding=\"async\" src=\"https:\/\/jornalfatosenoticias.com.br\/wp-content\/uploads\/2022\/08\/logo-locau-veiculos-1024x573.png\" alt=\"\" class=\"wp-image-33078\" width=\"298\" height=\"166\"\/><\/figure><\/div>\n\n\n\n<p><strong><span class=\"has-inline-color has-black-color\">Outros resultados<br><\/span><\/strong>No masculino, o paulista Rafael Buzacarini (100 kg) se despediu hoje (11) do Mundial. Ap\u00f3s vencer na estreia o cazaque Islam Bizbayev, ele perdeu do holand\u00eas Michael Korrel na oitavas de final.<\/p>\n\n\n\n<div class=\"wp-block-image\"><figure class=\"aligncenter size-large is-resized\"><img loading=\"lazy\" decoding=\"async\" src=\"https:\/\/jornalfatosenoticias.com.br\/wp-content\/uploads\/2022\/02\/Precisao-Contabilidade-1024x724.jpg\" alt=\"\" class=\"wp-image-28088\" width=\"297\" height=\"210\"\/><\/figure><\/div>\n\n\n\n<p><strong><span class=\"has-inline-color has-black-color\">Programa\u00e7\u00e3o<br><\/span>Quarta (12\/10) \u2014<\/strong> Peso pesado (+78kg e +100kg) &#8211; 3h<br>Beatriz Souza, j\u00e1 nas oitavas de final, aguarda o resultado de Larisa Ceric (BIH) x Shiyan Xu (CHN). No masculino, Rafael Silva estreia na segunda rodada contra o vencedor de Marc Deschenes (CAN) x Ruixuan Li (CHN).<\/p>\n\n\n\n<div class=\"wp-block-image\"><figure class=\"aligncenter size-large\"><img decoding=\"async\" src=\"https:\/\/jornalfatosenoticias.com.br\/wp-content\/uploads\/2020\/02\/logo_esteio.jpg\" alt=\"\" class=\"wp-image-1214\"\/><\/figure><\/div>\n\n\n\n<p><strong>Quinta (13) \u2014<\/strong> disputa por equipes &#8211; 1h30<br>Sele\u00e7\u00e3o brasileira estreia contra Coreia do Sul. Caso se classifique, enfrenar\u00e1 Israel, \u00c1ustria ou Uzbequist\u00e3o nas quartas de final.<\/p>\n\n\n\n<div class=\"wp-block-image\"><figure class=\"aligncenter size-large is-resized\"><img loading=\"lazy\" decoding=\"async\" src=\"https:\/\/jornalfatosenoticias.com.br\/wp-content\/uploads\/2020\/02\/Logo-RC-Radiadores-Distribuidora-com-telefone-preto-1.jpg\" alt=\"\" class=\"wp-image-34852\" width=\"266\" height=\"274\"\/><\/figure><\/div>\n\n\n\n<p><strong><em>Fonte: <a href=\"https:\/\/agenciabrasil.ebc.com.br\/esportes\/noticia\/2022-10\/mayra-aguiar-faz-historia-ao-conquistar-tricampeonato-mundial-de-judo\">Ag\u00eancia Brasil<\/a><\/em><\/strong><\/p>\n","protected":false},"excerpt":{"rendered":"<p>Judoca \u00e9 a 1\u00aa do Pa\u00eds, entre homens e mulheres, a somar tr\u00eas ouros A ga\u00facha Mayra Aguiar fez hist\u00f3ria nesta ter\u00e7a-feira (11) ao faturar o in\u00e9dito tricampeonato mundial de jud\u00f4 para o Brasil. A fa\u00e7anha ocorreu no Mundial da modalidade em Tashkent (Uzbequist\u00e3o), ap\u00f3s Mayra derrotar a chinesa Zhenzhao Ma, por waza-ri, na final [&hellip;]<\/p>\n","protected":false},"author":2,"featured_media":35065,"comment_status":"open","ping_status":"open","sticky":false,"template":"","format":"standard","meta":{"footnotes":""},"categories":[12],"tags":[16459,43,5550,16453,16456,16458,16455,16454,16457],"class_list":["post-35064","post","type-post","status-publish","format-standard","has-post-thumbnail","hentry","category-esportes","tag-daniel-cargnin","tag-esportes","tag-judo","tag-mayra-aguiar","tag-mundial-de-judo","tag-rafael-silva","tag-tashkent","tag-tricampea-mundial","tag-uzbequistao"],"yoast_head":"<!-- This site is optimized with the Yoast SEO plugin v26.5 - https:\/\/yoast.com\/wordpress\/plugins\/seo\/ -->\n<title>Mayra Aguiar faz hist\u00f3ria ao conquistar tricampeonato mundial de jud\u00f4 - Jornal Fatos e Not\u00edcias<\/title>\n<meta name=\"robots\" content=\"index, follow, max-snippet:-1, max-image-preview:large, max-video-preview:-1\" \/>\n<link rel=\"canonical\" href=\"https:\/\/jornalfatosenoticias.com.br\/index.php\/2022\/10\/11\/mayra-aguiar-faz-historia-ao-conquistar-tricampeonato-mundial-de-judo\/\" \/>\n<meta property=\"og:locale\" content=\"pt_BR\" \/>\n<meta property=\"og:type\" content=\"article\" \/>\n<meta property=\"og:title\" content=\"Mayra Aguiar faz hist\u00f3ria ao conquistar tricampeonato mundial de jud\u00f4 - Jornal Fatos e Not\u00edcias\" \/>\n<meta property=\"og:description\" content=\"Judoca \u00e9 a 1\u00aa do Pa\u00eds, entre homens e mulheres, a somar tr\u00eas ouros A ga\u00facha Mayra Aguiar fez hist\u00f3ria nesta ter\u00e7a-feira (11) ao faturar o in\u00e9dito tricampeonato mundial de jud\u00f4 para o Brasil. A fa\u00e7anha ocorreu no Mundial da modalidade em Tashkent (Uzbequist\u00e3o), ap\u00f3s Mayra derrotar a chinesa Zhenzhao Ma, por waza-ri, na final [&hellip;]\" \/>\n<meta property=\"og:url\" content=\"https:\/\/jornalfatosenoticias.com.br\/index.php\/2022\/10\/11\/mayra-aguiar-faz-historia-ao-conquistar-tricampeonato-mundial-de-judo\/\" \/>\n<meta property=\"og:site_name\" content=\"Jornal Fatos e Not\u00edcias\" \/>\n<meta property=\"article:published_time\" content=\"2022-10-11T17:37:14+00:00\" \/>\n<meta property=\"article:modified_time\" content=\"2022-10-11T17:37:17+00:00\" \/>\n<meta property=\"og:image\" content=\"https:\/\/jornalfatosenoticias.com.br\/wp-content\/uploads\/2022\/10\/mayra_aguiar_tricampea_mundia_de_judo.jpeg\" \/>\n\t<meta property=\"og:image:width\" content=\"1000\" \/>\n\t<meta property=\"og:image:height\" content=\"598\" \/>\n\t<meta property=\"og:image:type\" content=\"image\/jpeg\" \/>\n<meta name=\"author\" content=\"Luzimara Fernandes\" \/>\n<meta name=\"twitter:card\" content=\"summary_large_image\" \/>\n<meta name=\"twitter:label1\" content=\"Escrito por\" \/>\n\t<meta name=\"twitter:data1\" content=\"Luzimara Fernandes\" \/>\n\t<meta name=\"twitter:label2\" content=\"Est. tempo de leitura\" \/>\n\t<meta name=\"twitter:data2\" content=\"2 minutos\" \/>\n<script type=\"application\/ld+json\" class=\"yoast-schema-graph\">{\"@context\":\"https:\/\/schema.org\",\"@graph\":[{\"@type\":\"Article\",\"@id\":\"https:\/\/jornalfatosenoticias.com.br\/index.php\/2022\/10\/11\/mayra-aguiar-faz-historia-ao-conquistar-tricampeonato-mundial-de-judo\/#article\",\"isPartOf\":{\"@id\":\"https:\/\/jornalfatosenoticias.com.br\/index.php\/2022\/10\/11\/mayra-aguiar-faz-historia-ao-conquistar-tricampeonato-mundial-de-judo\/\"},\"author\":{\"name\":\"Luzimara Fernandes\",\"@id\":\"https:\/\/jornalfatosenoticias.com.br\/#\/schema\/person\/d63837fa13ac8666eb9e74e0985d6f81\"},\"headline\":\"Mayra Aguiar faz hist\u00f3ria ao conquistar tricampeonato mundial de jud\u00f4\",\"datePublished\":\"2022-10-11T17:37:14+00:00\",\"dateModified\":\"2022-10-11T17:37:17+00:00\",\"mainEntityOfPage\":{\"@id\":\"https:\/\/jornalfatosenoticias.com.br\/index.php\/2022\/10\/11\/mayra-aguiar-faz-historia-ao-conquistar-tricampeonato-mundial-de-judo\/\"},\"wordCount\":496,\"commentCount\":0,\"publisher\":{\"@id\":\"https:\/\/jornalfatosenoticias.com.br\/#organization\"},\"image\":{\"@id\":\"https:\/\/jornalfatosenoticias.com.br\/index.php\/2022\/10\/11\/mayra-aguiar-faz-historia-ao-conquistar-tricampeonato-mundial-de-judo\/#primaryimage\"},\"thumbnailUrl\":\"https:\/\/jornalfatosenoticias.com.br\/wp-content\/uploads\/2022\/10\/mayra_aguiar_tricampea_mundia_de_judo.jpeg\",\"keywords\":[\"Daniel Cargnin\",\"esportes\",\"Jud\u00f4\",\"Mayra Aguiar\",\"Mundial de Jud\u00f4\",\"Rafael Silva\",\"Tashkent\",\"tricampe\u00e3 mundial\",\"Uzbequist\u00e3o\"],\"articleSection\":[\"Esportes\"],\"inLanguage\":\"pt-BR\",\"potentialAction\":[{\"@type\":\"CommentAction\",\"name\":\"Comment\",\"target\":[\"https:\/\/jornalfatosenoticias.com.br\/index.php\/2022\/10\/11\/mayra-aguiar-faz-historia-ao-conquistar-tricampeonato-mundial-de-judo\/#respond\"]}]},{\"@type\":\"WebPage\",\"@id\":\"https:\/\/jornalfatosenoticias.com.br\/index.php\/2022\/10\/11\/mayra-aguiar-faz-historia-ao-conquistar-tricampeonato-mundial-de-judo\/\",\"url\":\"https:\/\/jornalfatosenoticias.com.br\/index.php\/2022\/10\/11\/mayra-aguiar-faz-historia-ao-conquistar-tricampeonato-mundial-de-judo\/\",\"name\":\"Mayra Aguiar faz hist\u00f3ria ao conquistar tricampeonato mundial de jud\u00f4 - Jornal Fatos e Not\u00edcias\",\"isPartOf\":{\"@id\":\"https:\/\/jornalfatosenoticias.com.br\/#website\"},\"primaryImageOfPage\":{\"@id\":\"https:\/\/jornalfatosenoticias.com.br\/index.php\/2022\/10\/11\/mayra-aguiar-faz-historia-ao-conquistar-tricampeonato-mundial-de-judo\/#primaryimage\"},\"image\":{\"@id\":\"https:\/\/jornalfatosenoticias.com.br\/index.php\/2022\/10\/11\/mayra-aguiar-faz-historia-ao-conquistar-tricampeonato-mundial-de-judo\/#primaryimage\"},\"thumbnailUrl\":\"https:\/\/jornalfatosenoticias.com.br\/wp-content\/uploads\/2022\/10\/mayra_aguiar_tricampea_mundia_de_judo.jpeg\",\"datePublished\":\"2022-10-11T17:37:14+00:00\",\"dateModified\":\"2022-10-11T17:37:17+00:00\",\"breadcrumb\":{\"@id\":\"https:\/\/jornalfatosenoticias.com.br\/index.php\/2022\/10\/11\/mayra-aguiar-faz-historia-ao-conquistar-tricampeonato-mundial-de-judo\/#breadcrumb\"},\"inLanguage\":\"pt-BR\",\"potentialAction\":[{\"@type\":\"ReadAction\",\"target\":[\"https:\/\/jornalfatosenoticias.com.br\/index.php\/2022\/10\/11\/mayra-aguiar-faz-historia-ao-conquistar-tricampeonato-mundial-de-judo\/\"]}]},{\"@type\":\"ImageObject\",\"inLanguage\":\"pt-BR\",\"@id\":\"https:\/\/jornalfatosenoticias.com.br\/index.php\/2022\/10\/11\/mayra-aguiar-faz-historia-ao-conquistar-tricampeonato-mundial-de-judo\/#primaryimage\",\"url\":\"https:\/\/jornalfatosenoticias.com.br\/wp-content\/uploads\/2022\/10\/mayra_aguiar_tricampea_mundia_de_judo.jpeg\",\"contentUrl\":\"https:\/\/jornalfatosenoticias.com.br\/wp-content\/uploads\/2022\/10\/mayra_aguiar_tricampea_mundia_de_judo.jpeg\",\"width\":1000,\"height\":598},{\"@type\":\"BreadcrumbList\",\"@id\":\"https:\/\/jornalfatosenoticias.com.br\/index.php\/2022\/10\/11\/mayra-aguiar-faz-historia-ao-conquistar-tricampeonato-mundial-de-judo\/#breadcrumb\",\"itemListElement\":[{\"@type\":\"ListItem\",\"position\":1,\"name\":\"In\u00edcio\",\"item\":\"https:\/\/jornalfatosenoticias.com.br\/\"},{\"@type\":\"ListItem\",\"position\":2,\"name\":\"Mayra Aguiar faz hist\u00f3ria ao conquistar tricampeonato mundial de jud\u00f4\"}]},{\"@type\":\"WebSite\",\"@id\":\"https:\/\/jornalfatosenoticias.com.br\/#website\",\"url\":\"https:\/\/jornalfatosenoticias.com.br\/\",\"name\":\"Jornal Fatos e Not\u00edcias\",\"description\":\"Not\u00edcias em geral\",\"publisher\":{\"@id\":\"https:\/\/jornalfatosenoticias.com.br\/#organization\"},\"potentialAction\":[{\"@type\":\"SearchAction\",\"target\":{\"@type\":\"EntryPoint\",\"urlTemplate\":\"https:\/\/jornalfatosenoticias.com.br\/?s={search_term_string}\"},\"query-input\":{\"@type\":\"PropertyValueSpecification\",\"valueRequired\":true,\"valueName\":\"search_term_string\"}}],\"inLanguage\":\"pt-BR\"},{\"@type\":\"Organization\",\"@id\":\"https:\/\/jornalfatosenoticias.com.br\/#organization\",\"name\":\"Jornal Fatos e Not\u00edcias\",\"url\":\"https:\/\/jornalfatosenoticias.com.br\/\",\"logo\":{\"@type\":\"ImageObject\",\"inLanguage\":\"pt-BR\",\"@id\":\"https:\/\/jornalfatosenoticias.com.br\/#\/schema\/logo\/image\/\",\"url\":\"https:\/\/jornalfatosenoticias.com.br\/wp-content\/uploads\/2020\/02\/logo120.png\",\"contentUrl\":\"https:\/\/jornalfatosenoticias.com.br\/wp-content\/uploads\/2020\/02\/logo120.png\",\"width\":1227,\"height\":120,\"caption\":\"Jornal Fatos e Not\u00edcias\"},\"image\":{\"@id\":\"https:\/\/jornalfatosenoticias.com.br\/#\/schema\/logo\/image\/\"}},{\"@type\":\"Person\",\"@id\":\"https:\/\/jornalfatosenoticias.com.br\/#\/schema\/person\/d63837fa13ac8666eb9e74e0985d6f81\",\"name\":\"Luzimara Fernandes\",\"image\":{\"@type\":\"ImageObject\",\"inLanguage\":\"pt-BR\",\"@id\":\"https:\/\/jornalfatosenoticias.com.br\/#\/schema\/person\/image\/\",\"url\":\"https:\/\/jornalfatosenoticias.com.br\/wp-content\/uploads\/2025\/05\/EU_portal.jpg\",\"contentUrl\":\"https:\/\/jornalfatosenoticias.com.br\/wp-content\/uploads\/2025\/05\/EU_portal.jpg\",\"caption\":\"Luzimara Fernandes\"},\"description\":\"Jornalista MTB 2358-ES\",\"sameAs\":[\"https:\/\/jornalfatosenoticias.com.br\"],\"url\":\"https:\/\/jornalfatosenoticias.com.br\/index.php\/author\/luzimara\/\"}]}<\/script>\n<!-- \/ Yoast SEO plugin. -->","yoast_head_json":{"title":"Mayra Aguiar faz hist\u00f3ria ao conquistar tricampeonato mundial de jud\u00f4 - Jornal Fatos e Not\u00edcias","robots":{"index":"index","follow":"follow","max-snippet":"max-snippet:-1","max-image-preview":"max-image-preview:large","max-video-preview":"max-video-preview:-1"},"canonical":"https:\/\/jornalfatosenoticias.com.br\/index.php\/2022\/10\/11\/mayra-aguiar-faz-historia-ao-conquistar-tricampeonato-mundial-de-judo\/","og_locale":"pt_BR","og_type":"article","og_title":"Mayra Aguiar faz hist\u00f3ria ao conquistar tricampeonato mundial de jud\u00f4 - Jornal Fatos e Not\u00edcias","og_description":"Judoca \u00e9 a 1\u00aa do Pa\u00eds, entre homens e mulheres, a somar tr\u00eas ouros A ga\u00facha Mayra Aguiar fez hist\u00f3ria nesta ter\u00e7a-feira (11) ao faturar o in\u00e9dito tricampeonato mundial de jud\u00f4 para o Brasil. A fa\u00e7anha ocorreu no Mundial da modalidade em Tashkent (Uzbequist\u00e3o), ap\u00f3s Mayra derrotar a chinesa Zhenzhao Ma, por waza-ri, na final [&hellip;]","og_url":"https:\/\/jornalfatosenoticias.com.br\/index.php\/2022\/10\/11\/mayra-aguiar-faz-historia-ao-conquistar-tricampeonato-mundial-de-judo\/","og_site_name":"Jornal Fatos e Not\u00edcias","article_published_time":"2022-10-11T17:37:14+00:00","article_modified_time":"2022-10-11T17:37:17+00:00","og_image":[{"width":1000,"height":598,"url":"https:\/\/jornalfatosenoticias.com.br\/wp-content\/uploads\/2022\/10\/mayra_aguiar_tricampea_mundia_de_judo.jpeg","type":"image\/jpeg"}],"author":"Luzimara Fernandes","twitter_card":"summary_large_image","twitter_misc":{"Escrito por":"Luzimara Fernandes","Est. tempo de leitura":"2 minutos"},"schema":{"@context":"https:\/\/schema.org","@graph":[{"@type":"Article","@id":"https:\/\/jornalfatosenoticias.com.br\/index.php\/2022\/10\/11\/mayra-aguiar-faz-historia-ao-conquistar-tricampeonato-mundial-de-judo\/#article","isPartOf":{"@id":"https:\/\/jornalfatosenoticias.com.br\/index.php\/2022\/10\/11\/mayra-aguiar-faz-historia-ao-conquistar-tricampeonato-mundial-de-judo\/"},"author":{"name":"Luzimara Fernandes","@id":"https:\/\/jornalfatosenoticias.com.br\/#\/schema\/person\/d63837fa13ac8666eb9e74e0985d6f81"},"headline":"Mayra Aguiar faz hist\u00f3ria ao conquistar tricampeonato mundial de jud\u00f4","datePublished":"2022-10-11T17:37:14+00:00","dateModified":"2022-10-11T17:37:17+00:00","mainEntityOfPage":{"@id":"https:\/\/jornalfatosenoticias.com.br\/index.php\/2022\/10\/11\/mayra-aguiar-faz-historia-ao-conquistar-tricampeonato-mundial-de-judo\/"},"wordCount":496,"commentCount":0,"publisher":{"@id":"https:\/\/jornalfatosenoticias.com.br\/#organization"},"image":{"@id":"https:\/\/jornalfatosenoticias.com.br\/index.php\/2022\/10\/11\/mayra-aguiar-faz-historia-ao-conquistar-tricampeonato-mundial-de-judo\/#primaryimage"},"thumbnailUrl":"https:\/\/jornalfatosenoticias.com.br\/wp-content\/uploads\/2022\/10\/mayra_aguiar_tricampea_mundia_de_judo.jpeg","keywords":["Daniel Cargnin","esportes","Jud\u00f4","Mayra Aguiar","Mundial de Jud\u00f4","Rafael Silva","Tashkent","tricampe\u00e3 mundial","Uzbequist\u00e3o"],"articleSection":["Esportes"],"inLanguage":"pt-BR","potentialAction":[{"@type":"CommentAction","name":"Comment","target":["https:\/\/jornalfatosenoticias.com.br\/index.php\/2022\/10\/11\/mayra-aguiar-faz-historia-ao-conquistar-tricampeonato-mundial-de-judo\/#respond"]}]},{"@type":"WebPage","@id":"https:\/\/jornalfatosenoticias.com.br\/index.php\/2022\/10\/11\/mayra-aguiar-faz-historia-ao-conquistar-tricampeonato-mundial-de-judo\/","url":"https:\/\/jornalfatosenoticias.com.br\/index.php\/2022\/10\/11\/mayra-aguiar-faz-historia-ao-conquistar-tricampeonato-mundial-de-judo\/","name":"Mayra Aguiar faz hist\u00f3ria ao conquistar tricampeonato mundial de jud\u00f4 - Jornal Fatos e Not\u00edcias","isPartOf":{"@id":"https:\/\/jornalfatosenoticias.com.br\/#website"},"primaryImageOfPage":{"@id":"https:\/\/jornalfatosenoticias.com.br\/index.php\/2022\/10\/11\/mayra-aguiar-faz-historia-ao-conquistar-tricampeonato-mundial-de-judo\/#primaryimage"},"image":{"@id":"https:\/\/jornalfatosenoticias.com.br\/index.php\/2022\/10\/11\/mayra-aguiar-faz-historia-ao-conquistar-tricampeonato-mundial-de-judo\/#primaryimage"},"thumbnailUrl":"https:\/\/jornalfatosenoticias.com.br\/wp-content\/uploads\/2022\/10\/mayra_aguiar_tricampea_mundia_de_judo.jpeg","datePublished":"2022-10-11T17:37:14+00:00","dateModified":"2022-10-11T17:37:17+00:00","breadcrumb":{"@id":"https:\/\/jornalfatosenoticias.com.br\/index.php\/2022\/10\/11\/mayra-aguiar-faz-historia-ao-conquistar-tricampeonato-mundial-de-judo\/#breadcrumb"},"inLanguage":"pt-BR","potentialAction":[{"@type":"ReadAction","target":["https:\/\/jornalfatosenoticias.com.br\/index.php\/2022\/10\/11\/mayra-aguiar-faz-historia-ao-conquistar-tricampeonato-mundial-de-judo\/"]}]},{"@type":"ImageObject","inLanguage":"pt-BR","@id":"https:\/\/jornalfatosenoticias.com.br\/index.php\/2022\/10\/11\/mayra-aguiar-faz-historia-ao-conquistar-tricampeonato-mundial-de-judo\/#primaryimage","url":"https:\/\/jornalfatosenoticias.com.br\/wp-content\/uploads\/2022\/10\/mayra_aguiar_tricampea_mundia_de_judo.jpeg","contentUrl":"https:\/\/jornalfatosenoticias.com.br\/wp-content\/uploads\/2022\/10\/mayra_aguiar_tricampea_mundia_de_judo.jpeg","width":1000,"height":598},{"@type":"BreadcrumbList","@id":"https:\/\/jornalfatosenoticias.com.br\/index.php\/2022\/10\/11\/mayra-aguiar-faz-historia-ao-conquistar-tricampeonato-mundial-de-judo\/#breadcrumb","itemListElement":[{"@type":"ListItem","position":1,"name":"In\u00edcio","item":"https:\/\/jornalfatosenoticias.com.br\/"},{"@type":"ListItem","position":2,"name":"Mayra Aguiar faz hist\u00f3ria ao conquistar tricampeonato mundial de jud\u00f4"}]},{"@type":"WebSite","@id":"https:\/\/jornalfatosenoticias.com.br\/#website","url":"https:\/\/jornalfatosenoticias.com.br\/","name":"Jornal Fatos e Not\u00edcias","description":"Not\u00edcias em geral","publisher":{"@id":"https:\/\/jornalfatosenoticias.com.br\/#organization"},"potentialAction":[{"@type":"SearchAction","target":{"@type":"EntryPoint","urlTemplate":"https:\/\/jornalfatosenoticias.com.br\/?s={search_term_string}"},"query-input":{"@type":"PropertyValueSpecification","valueRequired":true,"valueName":"search_term_string"}}],"inLanguage":"pt-BR"},{"@type":"Organization","@id":"https:\/\/jornalfatosenoticias.com.br\/#organization","name":"Jornal Fatos e Not\u00edcias","url":"https:\/\/jornalfatosenoticias.com.br\/","logo":{"@type":"ImageObject","inLanguage":"pt-BR","@id":"https:\/\/jornalfatosenoticias.com.br\/#\/schema\/logo\/image\/","url":"https:\/\/jornalfatosenoticias.com.br\/wp-content\/uploads\/2020\/02\/logo120.png","contentUrl":"https:\/\/jornalfatosenoticias.com.br\/wp-content\/uploads\/2020\/02\/logo120.png","width":1227,"height":120,"caption":"Jornal Fatos e Not\u00edcias"},"image":{"@id":"https:\/\/jornalfatosenoticias.com.br\/#\/schema\/logo\/image\/"}},{"@type":"Person","@id":"https:\/\/jornalfatosenoticias.com.br\/#\/schema\/person\/d63837fa13ac8666eb9e74e0985d6f81","name":"Luzimara Fernandes","image":{"@type":"ImageObject","inLanguage":"pt-BR","@id":"https:\/\/jornalfatosenoticias.com.br\/#\/schema\/person\/image\/","url":"https:\/\/jornalfatosenoticias.com.br\/wp-content\/uploads\/2025\/05\/EU_portal.jpg","contentUrl":"https:\/\/jornalfatosenoticias.com.br\/wp-content\/uploads\/2025\/05\/EU_portal.jpg","caption":"Luzimara Fernandes"},"description":"Jornalista MTB 2358-ES","sameAs":["https:\/\/jornalfatosenoticias.com.br"],"url":"https:\/\/jornalfatosenoticias.com.br\/index.php\/author\/luzimara\/"}]}},"cc_featured_image_caption":{"caption_text":"(Foto: Lara Monsores\/CBJ\/Direitos Reservados)","source_text":"","source_url":""},"jetpack_featured_media_url":"https:\/\/jornalfatosenoticias.com.br\/wp-content\/uploads\/2022\/10\/mayra_aguiar_tricampea_mundia_de_judo.jpeg","_links":{"self":[{"href":"https:\/\/jornalfatosenoticias.com.br\/index.php\/wp-json\/wp\/v2\/posts\/35064","targetHints":{"allow":["GET"]}}],"collection":[{"href":"https:\/\/jornalfatosenoticias.com.br\/index.php\/wp-json\/wp\/v2\/posts"}],"about":[{"href":"https:\/\/jornalfatosenoticias.com.br\/index.php\/wp-json\/wp\/v2\/types\/post"}],"author":[{"embeddable":true,"href":"https:\/\/jornalfatosenoticias.com.br\/index.php\/wp-json\/wp\/v2\/users\/2"}],"replies":[{"embeddable":true,"href":"https:\/\/jornalfatosenoticias.com.br\/index.php\/wp-json\/wp\/v2\/comments?post=35064"}],"version-history":[{"count":0,"href":"https:\/\/jornalfatosenoticias.com.br\/index.php\/wp-json\/wp\/v2\/posts\/35064\/revisions"}],"wp:featuredmedia":[{"embeddable":true,"href":"https:\/\/jornalfatosenoticias.com.br\/index.php\/wp-json\/wp\/v2\/media\/35065"}],"wp:attachment":[{"href":"https:\/\/jornalfatosenoticias.com.br\/index.php\/wp-json\/wp\/v2\/media?parent=35064"}],"wp:term":[{"taxonomy":"category","embeddable":true,"href":"https:\/\/jornalfatosenoticias.com.br\/index.php\/wp-json\/wp\/v2\/categories?post=35064"},{"taxonomy":"post_tag","embeddable":true,"href":"https:\/\/jornalfatosenoticias.com.br\/index.php\/wp-json\/wp\/v2\/tags?post=35064"}],"curies":[{"name":"wp","href":"https:\/\/api.w.org\/{rel}","templated":true}]}}