{"id":35125,"date":"2022-10-13T13:06:13","date_gmt":"2022-10-13T16:06:13","guid":{"rendered":"https:\/\/jornalfatosenoticias.com.br\/?p=35125"},"modified":"2022-10-13T13:06:15","modified_gmt":"2022-10-13T16:06:15","slug":"escolas-publicas-brasileiras-em-premio-internacional","status":"publish","type":"post","link":"https:\/\/jornalfatosenoticias.com.br\/index.php\/2022\/10\/13\/escolas-publicas-brasileiras-em-premio-internacional\/","title":{"rendered":"Escolas p\u00fablicas brasileiras em pr\u00eamio internacional"},"content":{"rendered":"\n<p><span class=\"has-inline-color has-black-color\"><em>Cada institui\u00e7\u00e3o vencedora receber\u00e1 50 mil d\u00f3lares. Pa\u00eds concorre com duas escolas municipais, uma ga\u00facha e outra pernambucana<\/em><\/span><\/p>\n\n\n\n<div class=\"wp-block-image\"><figure class=\"aligncenter size-large\"><img loading=\"lazy\" decoding=\"async\" width=\"1024\" height=\"100\" src=\"https:\/\/jornalfatosenoticias.com.br\/wp-content\/uploads\/2020\/02\/banner_ferramentas-1024x100.jpg\" alt=\"\" class=\"wp-image-1258\" srcset=\"https:\/\/jornalfatosenoticias.com.br\/wp-content\/uploads\/2020\/02\/banner_ferramentas-1024x100.jpg 1024w, https:\/\/jornalfatosenoticias.com.br\/wp-content\/uploads\/2020\/02\/banner_ferramentas-300x29.jpg 300w, https:\/\/jornalfatosenoticias.com.br\/wp-content\/uploads\/2020\/02\/banner_ferramentas-768x75.jpg 768w, https:\/\/jornalfatosenoticias.com.br\/wp-content\/uploads\/2020\/02\/banner_ferramentas.jpg 1227w\" sizes=\"auto, (max-width: 1024px) 100vw, 1024px\" \/><\/figure><\/div>\n\n\n\n<p>Duas escolas brasileiras chegaram \u00e0 \u00faltima etapa do Pr\u00eamio Melhores Escolas do Mundo (na tradu\u00e7\u00e3o). A EMEB Prof\u00aa Adolfina J. M. Diefenth\u00e4ler, em Novo Hamburgo, RS, na categoria Colabora\u00e7\u00e3o da comunidade, e a EM Evandro Ferreira dos Santos, em Cabrob\u00f3, PE, na categoria Superando a adversidade. A iniciativa internacional da T4 Education conta com apoio da Funda\u00e7\u00e3o Lemann. Os vencedores de cada categoria ganhar\u00e3o cerca de R$ 250.000,00. J\u00e1 a cerim\u00f4nia de premia\u00e7\u00e3o ser\u00e1 em 19 de outubro. <em><a href=\"https:\/\/t4.education\/prizes\/worlds-best-school-prizes\" target=\"_blank\" rel=\"noreferrer noopener\">Clique aqui<\/a><\/em>\u00a0para mais informa\u00e7\u00f5es.<\/p>\n\n\n\n<div class=\"wp-block-jetpack-slideshow aligncenter\" data-effect=\"slide\"><div class=\"wp-block-jetpack-slideshow_container swiper-container\"><ul class=\"wp-block-jetpack-slideshow_swiper-wrapper swiper-wrapper\"><li class=\"wp-block-jetpack-slideshow_slide swiper-slide\"><figure><img loading=\"lazy\" decoding=\"async\" width=\"500\" height=\"334\" alt=\"\" class=\"wp-block-jetpack-slideshow_image wp-image-35126\" data-id=\"35126\" src=\"https:\/\/jornalfatosenoticias.com.br\/wp-content\/uploads\/2022\/10\/1-escola-RS.png\" srcset=\"https:\/\/jornalfatosenoticias.com.br\/wp-content\/uploads\/2022\/10\/1-escola-RS.png 500w, https:\/\/jornalfatosenoticias.com.br\/wp-content\/uploads\/2022\/10\/1-escola-RS-300x200.png 300w\" sizes=\"auto, (max-width: 500px) 100vw, 500px\" \/><figcaption class=\"wp-block-jetpack-slideshow_caption gallery-caption\">Escola Municipal Prof. Adolfina J.M. Diefenth\u00e4ler, Novo Hamburgo (Foto: Pedro Kaio\/Arquivo pessoal) <\/figcaption><\/figure><\/li><li class=\"wp-block-jetpack-slideshow_slide swiper-slide\"><figure><img loading=\"lazy\" decoding=\"async\" width=\"500\" height=\"280\" alt=\"\" class=\"wp-block-jetpack-slideshow_image wp-image-35127\" data-id=\"35127\" src=\"https:\/\/jornalfatosenoticias.com.br\/wp-content\/uploads\/2022\/10\/2-escola-PE.png\" srcset=\"https:\/\/jornalfatosenoticias.com.br\/wp-content\/uploads\/2022\/10\/2-escola-PE.png 500w, https:\/\/jornalfatosenoticias.com.br\/wp-content\/uploads\/2022\/10\/2-escola-PE-300x168.png 300w\" sizes=\"auto, (max-width: 500px) 100vw, 500px\" \/><figcaption class=\"wp-block-jetpack-slideshow_caption gallery-caption\">Escola Municipal Evandro Ferreira dos Santos, Cabrob\u00f3 (Foto: Pedro Kaio\/Arquivo pessoal)<\/figcaption><\/figure><\/li><\/ul><a class=\"wp-block-jetpack-slideshow_button-prev swiper-button-prev swiper-button-white\" role=\"button\"><\/a><a class=\"wp-block-jetpack-slideshow_button-next swiper-button-next swiper-button-white\" role=\"button\"><\/a><a aria-label=\"Pause Slideshow\" class=\"wp-block-jetpack-slideshow_button-pause\" role=\"button\"><\/a><div class=\"wp-block-jetpack-slideshow_pagination swiper-pagination swiper-pagination-white\"><\/div><\/div><\/div>\n\n\n\n<div class=\"wp-block-image\"><figure class=\"alignleft size-large is-resized\"><img loading=\"lazy\" decoding=\"async\" src=\"https:\/\/jornalfatosenoticias.com.br\/wp-content\/uploads\/2022\/02\/Precisao-Contabilidade-1024x724.jpg\" alt=\"\" class=\"wp-image-28088\" width=\"308\" height=\"217\"\/><\/figure><\/div>\n\n\n\n<p>A premia\u00e7\u00e3o World\u2019s Best School Prizes identifica, reconhece e celebra as pr\u00e1ticas l\u00edderes e inovadoras das escolas que tiveram um impacto real na vida de alunos e da comunidade. A proposta \u00e9 buscar democratizar a experi\u00eancia escolar, oferecendo \u00e0s institui\u00e7\u00f5es a oportunidade de compartilhar e celebrar as conquistas e contribui\u00e7\u00f5es para um progresso social mais amplo, ao tempo em que incentiva o compartilhamento de hist\u00f3rias para que possam inspirar outras.<br>S\u00e3o cinco categorias: Colabora\u00e7\u00e3o comunit\u00e1ria; A\u00e7\u00e3o ambiental; Inova\u00e7\u00e3o; Supera\u00e7\u00e3o de adversidades; e Apoiando vidas saud\u00e1veis.<\/p>\n\n\n\n<p><strong><em>Fonte: <a href=\"https:\/\/revistaeducacao.com.br\/2022\/10\/06\/escolas-municipais-brasileiras-em-premio-internacional\/\">Revista Educa\u00e7\u00e3o<\/a><\/em><\/strong><\/p>\n","protected":false},"excerpt":{"rendered":"<p>Cada institui\u00e7\u00e3o vencedora receber\u00e1 50 mil d\u00f3lares. Pa\u00eds concorre com duas escolas municipais, uma ga\u00facha e outra pernambucana Duas escolas brasileiras chegaram \u00e0 \u00faltima etapa do Pr\u00eamio Melhores Escolas do Mundo (na tradu\u00e7\u00e3o). A EMEB Prof\u00aa Adolfina J. M. Diefenth\u00e4ler, em Novo Hamburgo, RS, na categoria Colabora\u00e7\u00e3o da comunidade, e a EM Evandro Ferreira dos [&hellip;]<\/p>\n","protected":false},"author":2,"featured_media":35126,"comment_status":"open","ping_status":"open","sticky":false,"template":"","format":"standard","meta":{"footnotes":""},"categories":[7],"tags":[10455,3424,911,16484],"class_list":["post-35125","post","type-post","status-publish","format-standard","has-post-thumbnail","hentry","category-educacao","tag-escolas-municipais","tag-escolas-publicas","tag-inovacao","tag-worlds-best-school-prizes"],"yoast_head":"<!-- This site is optimized with the Yoast SEO plugin v26.5 - https:\/\/yoast.com\/wordpress\/plugins\/seo\/ -->\n<title>Escolas p\u00fablicas brasileiras em pr\u00eamio internacional - Jornal Fatos e Not\u00edcias<\/title>\n<meta name=\"robots\" content=\"index, follow, max-snippet:-1, max-image-preview:large, max-video-preview:-1\" \/>\n<link rel=\"canonical\" href=\"https:\/\/jornalfatosenoticias.com.br\/index.php\/2022\/10\/13\/escolas-publicas-brasileiras-em-premio-internacional\/\" \/>\n<meta property=\"og:locale\" content=\"pt_BR\" \/>\n<meta property=\"og:type\" content=\"article\" \/>\n<meta property=\"og:title\" content=\"Escolas p\u00fablicas brasileiras em pr\u00eamio internacional - Jornal Fatos e Not\u00edcias\" \/>\n<meta property=\"og:description\" content=\"Cada institui\u00e7\u00e3o vencedora receber\u00e1 50 mil d\u00f3lares. Pa\u00eds concorre com duas escolas municipais, uma ga\u00facha e outra pernambucana Duas escolas brasileiras chegaram \u00e0 \u00faltima etapa do Pr\u00eamio Melhores Escolas do Mundo (na tradu\u00e7\u00e3o). A EMEB Prof\u00aa Adolfina J. M. Diefenth\u00e4ler, em Novo Hamburgo, RS, na categoria Colabora\u00e7\u00e3o da comunidade, e a EM Evandro Ferreira dos [&hellip;]\" \/>\n<meta property=\"og:url\" content=\"https:\/\/jornalfatosenoticias.com.br\/index.php\/2022\/10\/13\/escolas-publicas-brasileiras-em-premio-internacional\/\" \/>\n<meta property=\"og:site_name\" content=\"Jornal Fatos e Not\u00edcias\" \/>\n<meta property=\"article:published_time\" content=\"2022-10-13T16:06:13+00:00\" \/>\n<meta property=\"article:modified_time\" content=\"2022-10-13T16:06:15+00:00\" \/>\n<meta property=\"og:image\" content=\"https:\/\/jornalfatosenoticias.com.br\/wp-content\/uploads\/2022\/10\/1-escola-RS.png\" \/>\n\t<meta property=\"og:image:width\" content=\"500\" \/>\n\t<meta property=\"og:image:height\" content=\"334\" \/>\n\t<meta property=\"og:image:type\" content=\"image\/png\" \/>\n<meta name=\"author\" content=\"Luzimara Fernandes\" \/>\n<meta name=\"twitter:card\" content=\"summary_large_image\" \/>\n<meta name=\"twitter:label1\" content=\"Escrito por\" \/>\n\t<meta name=\"twitter:data1\" content=\"Luzimara Fernandes\" \/>\n\t<meta name=\"twitter:label2\" content=\"Est. tempo de leitura\" \/>\n\t<meta name=\"twitter:data2\" content=\"1 minuto\" \/>\n<script type=\"application\/ld+json\" class=\"yoast-schema-graph\">{\"@context\":\"https:\/\/schema.org\",\"@graph\":[{\"@type\":\"Article\",\"@id\":\"https:\/\/jornalfatosenoticias.com.br\/index.php\/2022\/10\/13\/escolas-publicas-brasileiras-em-premio-internacional\/#article\",\"isPartOf\":{\"@id\":\"https:\/\/jornalfatosenoticias.com.br\/index.php\/2022\/10\/13\/escolas-publicas-brasileiras-em-premio-internacional\/\"},\"author\":{\"name\":\"Luzimara Fernandes\",\"@id\":\"https:\/\/jornalfatosenoticias.com.br\/#\/schema\/person\/d63837fa13ac8666eb9e74e0985d6f81\"},\"headline\":\"Escolas p\u00fablicas brasileiras em pr\u00eamio internacional\",\"datePublished\":\"2022-10-13T16:06:13+00:00\",\"dateModified\":\"2022-10-13T16:06:15+00:00\",\"mainEntityOfPage\":{\"@id\":\"https:\/\/jornalfatosenoticias.com.br\/index.php\/2022\/10\/13\/escolas-publicas-brasileiras-em-premio-internacional\/\"},\"wordCount\":248,\"commentCount\":0,\"publisher\":{\"@id\":\"https:\/\/jornalfatosenoticias.com.br\/#organization\"},\"image\":{\"@id\":\"https:\/\/jornalfatosenoticias.com.br\/index.php\/2022\/10\/13\/escolas-publicas-brasileiras-em-premio-internacional\/#primaryimage\"},\"thumbnailUrl\":\"https:\/\/jornalfatosenoticias.com.br\/wp-content\/uploads\/2022\/10\/1-escola-RS.png\",\"keywords\":[\"escolas municipais\",\"escolas p\u00fablicas\",\"inova\u00e7\u00e3o\",\"World\u2019s Best School Prizes\"],\"articleSection\":[\"Educa\u00e7\u00e3o\"],\"inLanguage\":\"pt-BR\",\"potentialAction\":[{\"@type\":\"CommentAction\",\"name\":\"Comment\",\"target\":[\"https:\/\/jornalfatosenoticias.com.br\/index.php\/2022\/10\/13\/escolas-publicas-brasileiras-em-premio-internacional\/#respond\"]}]},{\"@type\":\"WebPage\",\"@id\":\"https:\/\/jornalfatosenoticias.com.br\/index.php\/2022\/10\/13\/escolas-publicas-brasileiras-em-premio-internacional\/\",\"url\":\"https:\/\/jornalfatosenoticias.com.br\/index.php\/2022\/10\/13\/escolas-publicas-brasileiras-em-premio-internacional\/\",\"name\":\"Escolas p\u00fablicas brasileiras em pr\u00eamio internacional - Jornal Fatos e Not\u00edcias\",\"isPartOf\":{\"@id\":\"https:\/\/jornalfatosenoticias.com.br\/#website\"},\"primaryImageOfPage\":{\"@id\":\"https:\/\/jornalfatosenoticias.com.br\/index.php\/2022\/10\/13\/escolas-publicas-brasileiras-em-premio-internacional\/#primaryimage\"},\"image\":{\"@id\":\"https:\/\/jornalfatosenoticias.com.br\/index.php\/2022\/10\/13\/escolas-publicas-brasileiras-em-premio-internacional\/#primaryimage\"},\"thumbnailUrl\":\"https:\/\/jornalfatosenoticias.com.br\/wp-content\/uploads\/2022\/10\/1-escola-RS.png\",\"datePublished\":\"2022-10-13T16:06:13+00:00\",\"dateModified\":\"2022-10-13T16:06:15+00:00\",\"breadcrumb\":{\"@id\":\"https:\/\/jornalfatosenoticias.com.br\/index.php\/2022\/10\/13\/escolas-publicas-brasileiras-em-premio-internacional\/#breadcrumb\"},\"inLanguage\":\"pt-BR\",\"potentialAction\":[{\"@type\":\"ReadAction\",\"target\":[\"https:\/\/jornalfatosenoticias.com.br\/index.php\/2022\/10\/13\/escolas-publicas-brasileiras-em-premio-internacional\/\"]}]},{\"@type\":\"ImageObject\",\"inLanguage\":\"pt-BR\",\"@id\":\"https:\/\/jornalfatosenoticias.com.br\/index.php\/2022\/10\/13\/escolas-publicas-brasileiras-em-premio-internacional\/#primaryimage\",\"url\":\"https:\/\/jornalfatosenoticias.com.br\/wp-content\/uploads\/2022\/10\/1-escola-RS.png\",\"contentUrl\":\"https:\/\/jornalfatosenoticias.com.br\/wp-content\/uploads\/2022\/10\/1-escola-RS.png\",\"width\":500,\"height\":334,\"caption\":\"Escola Municipal Prof. Adolfina J.M. Diefenth\u00e4ler, Novo Hamburgo (Foto: Pedro Kaio\/Arquivo pessoal)\"},{\"@type\":\"BreadcrumbList\",\"@id\":\"https:\/\/jornalfatosenoticias.com.br\/index.php\/2022\/10\/13\/escolas-publicas-brasileiras-em-premio-internacional\/#breadcrumb\",\"itemListElement\":[{\"@type\":\"ListItem\",\"position\":1,\"name\":\"In\u00edcio\",\"item\":\"https:\/\/jornalfatosenoticias.com.br\/\"},{\"@type\":\"ListItem\",\"position\":2,\"name\":\"Escolas p\u00fablicas brasileiras em pr\u00eamio internacional\"}]},{\"@type\":\"WebSite\",\"@id\":\"https:\/\/jornalfatosenoticias.com.br\/#website\",\"url\":\"https:\/\/jornalfatosenoticias.com.br\/\",\"name\":\"Jornal Fatos e Not\u00edcias\",\"description\":\"Not\u00edcias em geral\",\"publisher\":{\"@id\":\"https:\/\/jornalfatosenoticias.com.br\/#organization\"},\"potentialAction\":[{\"@type\":\"SearchAction\",\"target\":{\"@type\":\"EntryPoint\",\"urlTemplate\":\"https:\/\/jornalfatosenoticias.com.br\/?s={search_term_string}\"},\"query-input\":{\"@type\":\"PropertyValueSpecification\",\"valueRequired\":true,\"valueName\":\"search_term_string\"}}],\"inLanguage\":\"pt-BR\"},{\"@type\":\"Organization\",\"@id\":\"https:\/\/jornalfatosenoticias.com.br\/#organization\",\"name\":\"Jornal Fatos e Not\u00edcias\",\"url\":\"https:\/\/jornalfatosenoticias.com.br\/\",\"logo\":{\"@type\":\"ImageObject\",\"inLanguage\":\"pt-BR\",\"@id\":\"https:\/\/jornalfatosenoticias.com.br\/#\/schema\/logo\/image\/\",\"url\":\"https:\/\/jornalfatosenoticias.com.br\/wp-content\/uploads\/2020\/02\/logo120.png\",\"contentUrl\":\"https:\/\/jornalfatosenoticias.com.br\/wp-content\/uploads\/2020\/02\/logo120.png\",\"width\":1227,\"height\":120,\"caption\":\"Jornal Fatos e Not\u00edcias\"},\"image\":{\"@id\":\"https:\/\/jornalfatosenoticias.com.br\/#\/schema\/logo\/image\/\"}},{\"@type\":\"Person\",\"@id\":\"https:\/\/jornalfatosenoticias.com.br\/#\/schema\/person\/d63837fa13ac8666eb9e74e0985d6f81\",\"name\":\"Luzimara Fernandes\",\"image\":{\"@type\":\"ImageObject\",\"inLanguage\":\"pt-BR\",\"@id\":\"https:\/\/jornalfatosenoticias.com.br\/#\/schema\/person\/image\/\",\"url\":\"https:\/\/jornalfatosenoticias.com.br\/wp-content\/uploads\/2025\/05\/EU_portal.jpg\",\"contentUrl\":\"https:\/\/jornalfatosenoticias.com.br\/wp-content\/uploads\/2025\/05\/EU_portal.jpg\",\"caption\":\"Luzimara Fernandes\"},\"description\":\"Jornalista MTB 2358-ES\",\"sameAs\":[\"https:\/\/jornalfatosenoticias.com.br\"],\"url\":\"https:\/\/jornalfatosenoticias.com.br\/index.php\/author\/luzimara\/\"}]}<\/script>\n<!-- \/ Yoast SEO plugin. -->","yoast_head_json":{"title":"Escolas p\u00fablicas brasileiras em pr\u00eamio internacional - Jornal Fatos e Not\u00edcias","robots":{"index":"index","follow":"follow","max-snippet":"max-snippet:-1","max-image-preview":"max-image-preview:large","max-video-preview":"max-video-preview:-1"},"canonical":"https:\/\/jornalfatosenoticias.com.br\/index.php\/2022\/10\/13\/escolas-publicas-brasileiras-em-premio-internacional\/","og_locale":"pt_BR","og_type":"article","og_title":"Escolas p\u00fablicas brasileiras em pr\u00eamio internacional - Jornal Fatos e Not\u00edcias","og_description":"Cada institui\u00e7\u00e3o vencedora receber\u00e1 50 mil d\u00f3lares. Pa\u00eds concorre com duas escolas municipais, uma ga\u00facha e outra pernambucana Duas escolas brasileiras chegaram \u00e0 \u00faltima etapa do Pr\u00eamio Melhores Escolas do Mundo (na tradu\u00e7\u00e3o). A EMEB Prof\u00aa Adolfina J. M. Diefenth\u00e4ler, em Novo Hamburgo, RS, na categoria Colabora\u00e7\u00e3o da comunidade, e a EM Evandro Ferreira dos [&hellip;]","og_url":"https:\/\/jornalfatosenoticias.com.br\/index.php\/2022\/10\/13\/escolas-publicas-brasileiras-em-premio-internacional\/","og_site_name":"Jornal Fatos e Not\u00edcias","article_published_time":"2022-10-13T16:06:13+00:00","article_modified_time":"2022-10-13T16:06:15+00:00","og_image":[{"width":500,"height":334,"url":"https:\/\/jornalfatosenoticias.com.br\/wp-content\/uploads\/2022\/10\/1-escola-RS.png","type":"image\/png"}],"author":"Luzimara Fernandes","twitter_card":"summary_large_image","twitter_misc":{"Escrito por":"Luzimara Fernandes","Est. tempo de leitura":"1 minuto"},"schema":{"@context":"https:\/\/schema.org","@graph":[{"@type":"Article","@id":"https:\/\/jornalfatosenoticias.com.br\/index.php\/2022\/10\/13\/escolas-publicas-brasileiras-em-premio-internacional\/#article","isPartOf":{"@id":"https:\/\/jornalfatosenoticias.com.br\/index.php\/2022\/10\/13\/escolas-publicas-brasileiras-em-premio-internacional\/"},"author":{"name":"Luzimara Fernandes","@id":"https:\/\/jornalfatosenoticias.com.br\/#\/schema\/person\/d63837fa13ac8666eb9e74e0985d6f81"},"headline":"Escolas p\u00fablicas brasileiras em pr\u00eamio internacional","datePublished":"2022-10-13T16:06:13+00:00","dateModified":"2022-10-13T16:06:15+00:00","mainEntityOfPage":{"@id":"https:\/\/jornalfatosenoticias.com.br\/index.php\/2022\/10\/13\/escolas-publicas-brasileiras-em-premio-internacional\/"},"wordCount":248,"commentCount":0,"publisher":{"@id":"https:\/\/jornalfatosenoticias.com.br\/#organization"},"image":{"@id":"https:\/\/jornalfatosenoticias.com.br\/index.php\/2022\/10\/13\/escolas-publicas-brasileiras-em-premio-internacional\/#primaryimage"},"thumbnailUrl":"https:\/\/jornalfatosenoticias.com.br\/wp-content\/uploads\/2022\/10\/1-escola-RS.png","keywords":["escolas municipais","escolas p\u00fablicas","inova\u00e7\u00e3o","World\u2019s Best School Prizes"],"articleSection":["Educa\u00e7\u00e3o"],"inLanguage":"pt-BR","potentialAction":[{"@type":"CommentAction","name":"Comment","target":["https:\/\/jornalfatosenoticias.com.br\/index.php\/2022\/10\/13\/escolas-publicas-brasileiras-em-premio-internacional\/#respond"]}]},{"@type":"WebPage","@id":"https:\/\/jornalfatosenoticias.com.br\/index.php\/2022\/10\/13\/escolas-publicas-brasileiras-em-premio-internacional\/","url":"https:\/\/jornalfatosenoticias.com.br\/index.php\/2022\/10\/13\/escolas-publicas-brasileiras-em-premio-internacional\/","name":"Escolas p\u00fablicas brasileiras em pr\u00eamio internacional - Jornal Fatos e Not\u00edcias","isPartOf":{"@id":"https:\/\/jornalfatosenoticias.com.br\/#website"},"primaryImageOfPage":{"@id":"https:\/\/jornalfatosenoticias.com.br\/index.php\/2022\/10\/13\/escolas-publicas-brasileiras-em-premio-internacional\/#primaryimage"},"image":{"@id":"https:\/\/jornalfatosenoticias.com.br\/index.php\/2022\/10\/13\/escolas-publicas-brasileiras-em-premio-internacional\/#primaryimage"},"thumbnailUrl":"https:\/\/jornalfatosenoticias.com.br\/wp-content\/uploads\/2022\/10\/1-escola-RS.png","datePublished":"2022-10-13T16:06:13+00:00","dateModified":"2022-10-13T16:06:15+00:00","breadcrumb":{"@id":"https:\/\/jornalfatosenoticias.com.br\/index.php\/2022\/10\/13\/escolas-publicas-brasileiras-em-premio-internacional\/#breadcrumb"},"inLanguage":"pt-BR","potentialAction":[{"@type":"ReadAction","target":["https:\/\/jornalfatosenoticias.com.br\/index.php\/2022\/10\/13\/escolas-publicas-brasileiras-em-premio-internacional\/"]}]},{"@type":"ImageObject","inLanguage":"pt-BR","@id":"https:\/\/jornalfatosenoticias.com.br\/index.php\/2022\/10\/13\/escolas-publicas-brasileiras-em-premio-internacional\/#primaryimage","url":"https:\/\/jornalfatosenoticias.com.br\/wp-content\/uploads\/2022\/10\/1-escola-RS.png","contentUrl":"https:\/\/jornalfatosenoticias.com.br\/wp-content\/uploads\/2022\/10\/1-escola-RS.png","width":500,"height":334,"caption":"Escola Municipal Prof. Adolfina J.M. Diefenth\u00e4ler, Novo Hamburgo (Foto: Pedro Kaio\/Arquivo pessoal)"},{"@type":"BreadcrumbList","@id":"https:\/\/jornalfatosenoticias.com.br\/index.php\/2022\/10\/13\/escolas-publicas-brasileiras-em-premio-internacional\/#breadcrumb","itemListElement":[{"@type":"ListItem","position":1,"name":"In\u00edcio","item":"https:\/\/jornalfatosenoticias.com.br\/"},{"@type":"ListItem","position":2,"name":"Escolas p\u00fablicas brasileiras em pr\u00eamio internacional"}]},{"@type":"WebSite","@id":"https:\/\/jornalfatosenoticias.com.br\/#website","url":"https:\/\/jornalfatosenoticias.com.br\/","name":"Jornal Fatos e Not\u00edcias","description":"Not\u00edcias em geral","publisher":{"@id":"https:\/\/jornalfatosenoticias.com.br\/#organization"},"potentialAction":[{"@type":"SearchAction","target":{"@type":"EntryPoint","urlTemplate":"https:\/\/jornalfatosenoticias.com.br\/?s={search_term_string}"},"query-input":{"@type":"PropertyValueSpecification","valueRequired":true,"valueName":"search_term_string"}}],"inLanguage":"pt-BR"},{"@type":"Organization","@id":"https:\/\/jornalfatosenoticias.com.br\/#organization","name":"Jornal Fatos e Not\u00edcias","url":"https:\/\/jornalfatosenoticias.com.br\/","logo":{"@type":"ImageObject","inLanguage":"pt-BR","@id":"https:\/\/jornalfatosenoticias.com.br\/#\/schema\/logo\/image\/","url":"https:\/\/jornalfatosenoticias.com.br\/wp-content\/uploads\/2020\/02\/logo120.png","contentUrl":"https:\/\/jornalfatosenoticias.com.br\/wp-content\/uploads\/2020\/02\/logo120.png","width":1227,"height":120,"caption":"Jornal Fatos e Not\u00edcias"},"image":{"@id":"https:\/\/jornalfatosenoticias.com.br\/#\/schema\/logo\/image\/"}},{"@type":"Person","@id":"https:\/\/jornalfatosenoticias.com.br\/#\/schema\/person\/d63837fa13ac8666eb9e74e0985d6f81","name":"Luzimara Fernandes","image":{"@type":"ImageObject","inLanguage":"pt-BR","@id":"https:\/\/jornalfatosenoticias.com.br\/#\/schema\/person\/image\/","url":"https:\/\/jornalfatosenoticias.com.br\/wp-content\/uploads\/2025\/05\/EU_portal.jpg","contentUrl":"https:\/\/jornalfatosenoticias.com.br\/wp-content\/uploads\/2025\/05\/EU_portal.jpg","caption":"Luzimara Fernandes"},"description":"Jornalista MTB 2358-ES","sameAs":["https:\/\/jornalfatosenoticias.com.br"],"url":"https:\/\/jornalfatosenoticias.com.br\/index.php\/author\/luzimara\/"}]}},"cc_featured_image_caption":{"caption_text":"","source_text":"","source_url":""},"jetpack_featured_media_url":"https:\/\/jornalfatosenoticias.com.br\/wp-content\/uploads\/2022\/10\/1-escola-RS.png","_links":{"self":[{"href":"https:\/\/jornalfatosenoticias.com.br\/index.php\/wp-json\/wp\/v2\/posts\/35125","targetHints":{"allow":["GET"]}}],"collection":[{"href":"https:\/\/jornalfatosenoticias.com.br\/index.php\/wp-json\/wp\/v2\/posts"}],"about":[{"href":"https:\/\/jornalfatosenoticias.com.br\/index.php\/wp-json\/wp\/v2\/types\/post"}],"author":[{"embeddable":true,"href":"https:\/\/jornalfatosenoticias.com.br\/index.php\/wp-json\/wp\/v2\/users\/2"}],"replies":[{"embeddable":true,"href":"https:\/\/jornalfatosenoticias.com.br\/index.php\/wp-json\/wp\/v2\/comments?post=35125"}],"version-history":[{"count":0,"href":"https:\/\/jornalfatosenoticias.com.br\/index.php\/wp-json\/wp\/v2\/posts\/35125\/revisions"}],"wp:featuredmedia":[{"embeddable":true,"href":"https:\/\/jornalfatosenoticias.com.br\/index.php\/wp-json\/wp\/v2\/media\/35126"}],"wp:attachment":[{"href":"https:\/\/jornalfatosenoticias.com.br\/index.php\/wp-json\/wp\/v2\/media?parent=35125"}],"wp:term":[{"taxonomy":"category","embeddable":true,"href":"https:\/\/jornalfatosenoticias.com.br\/index.php\/wp-json\/wp\/v2\/categories?post=35125"},{"taxonomy":"post_tag","embeddable":true,"href":"https:\/\/jornalfatosenoticias.com.br\/index.php\/wp-json\/wp\/v2\/tags?post=35125"}],"curies":[{"name":"wp","href":"https:\/\/api.w.org\/{rel}","templated":true}]}}