{"id":35146,"date":"2022-10-13T13:40:05","date_gmt":"2022-10-13T16:40:05","guid":{"rendered":"https:\/\/jornalfatosenoticias.com.br\/?p=35146"},"modified":"2022-10-13T13:40:06","modified_gmt":"2022-10-13T16:40:06","slug":"pelicula-gera-energia-solar-para-veiculos-eletricos","status":"publish","type":"post","link":"https:\/\/jornalfatosenoticias.com.br\/index.php\/2022\/10\/13\/pelicula-gera-energia-solar-para-veiculos-eletricos\/","title":{"rendered":"Pel\u00edcula gera energia solar para ve\u00edculos el\u00e9tricos"},"content":{"rendered":"\n<p><em><span class=\"has-inline-color has-black-color\">O kit fotovoltaico transforma qualquer carro el\u00e9trico em carro solar<\/span><\/em><\/p>\n\n\n\n<div class=\"wp-block-image\"><figure class=\"aligncenter size-large\"><img loading=\"lazy\" decoding=\"async\" width=\"1024\" height=\"100\" src=\"https:\/\/jornalfatosenoticias.com.br\/wp-content\/uploads\/2020\/02\/banner_ferramentas-1024x100.jpg\" alt=\"\" class=\"wp-image-1258\" srcset=\"https:\/\/jornalfatosenoticias.com.br\/wp-content\/uploads\/2020\/02\/banner_ferramentas-1024x100.jpg 1024w, https:\/\/jornalfatosenoticias.com.br\/wp-content\/uploads\/2020\/02\/banner_ferramentas-300x29.jpg 300w, https:\/\/jornalfatosenoticias.com.br\/wp-content\/uploads\/2020\/02\/banner_ferramentas-768x75.jpg 768w, https:\/\/jornalfatosenoticias.com.br\/wp-content\/uploads\/2020\/02\/banner_ferramentas.jpg 1227w\" sizes=\"auto, (max-width: 1024px) 100vw, 1024px\" \/><\/figure><\/div>\n\n\n\n<p>Um kit fotovoltaico capaz de transformar qualquer carro el\u00e9trico em um captador de energia solar foi desenvolvido pelo instituto de pesquisa franc\u00eas INES.2S (Institut National de l\u2019Energie Solaire). Testado em um modelo Renault Zo\u00e9, a tecnologia mostrou a possibilidade de adicionar at\u00e9 quatro quil\u00f4metros de autonomia por dia.<\/p>\n\n\n\n<div class=\"wp-block-image\"><figure class=\"aligncenter size-large is-resized\"><img loading=\"lazy\" decoding=\"async\" src=\"https:\/\/jornalfatosenoticias.com.br\/wp-content\/uploads\/2022\/08\/logo-locau-veiculos-1024x573.png\" alt=\"\" class=\"wp-image-33078\" width=\"330\" height=\"184\"\/><\/figure><\/div>\n\n\n\n<p>O VIPV, sigla para Vehicle Integrated PhotoVoltaic, \u00e9 um equipamento composto por painel fotovoltaico adapt\u00e1vel, uma bateria e uma interface eletr\u00f4nica. A energia adicional garantida com o kit tanto pode ser usada para estender a autonomia como tamb\u00e9m para alimentar os <a href=\"https:\/\/ciclovivo.com.br\/arq-urb\/mobilidade\/sao-paulo-vai-reembolsar-parte-do-ipva-de-carros-eletricos\/\" target=\"_blank\" rel=\"noreferrer noopener\">el\u00e9tricos<\/a> do ve\u00edculo e o ar-condicionado, por exemplo.<\/p>\n\n\n\n<div class=\"wp-block-image\"><figure class=\"aligncenter size-large is-resized\"><img loading=\"lazy\" decoding=\"async\" src=\"https:\/\/jornalfatosenoticias.com.br\/wp-content\/uploads\/2020\/02\/Logo-RC-Radiadores-Distribuidora-com-telefone-preto-1.jpg\" alt=\"\" class=\"wp-image-34852\" width=\"308\" height=\"317\"\/><\/figure><\/div>\n\n\n\n<figure class=\"wp-block-pullquote\"><blockquote><p><span class=\"has-inline-color has-luminous-vivid-orange-color\">A coleta de dados ao longo de v\u00e1rios meses e v\u00e1rios ve\u00edculos permitir\u00e1 quantificar com precis\u00e3o a contribui\u00e7\u00e3o em quil\u00f4metros solares, que \u00e9 estimada em 800 km adicionais de autonomia por ano\u201d, afirma o instituto INES. <\/span><\/p><\/blockquote><\/figure>\n\n\n\n<p>Por enquanto, a equipe apresenta o produto como forma de estimular o interesse dos fabricantes do setor em avan\u00e7ar para uma solu\u00e7\u00e3o integrada e otimizada que alimente a <a href=\"https:\/\/ciclovivo.com.br\/planeta\/energia\/bateria-de-areia-pode-armazenar-calor-de-fontes-renovaveis\/\" target=\"_blank\" rel=\"noreferrer noopener\">bateria<\/a> principal do ve\u00edculo.<\/p>\n\n\n\n<div class=\"wp-block-image\"><figure class=\"aligncenter size-large\"><img decoding=\"async\" src=\"https:\/\/jornalfatosenoticias.com.br\/wp-content\/uploads\/2020\/02\/logo-embacia-1-1024x110.jpg\" alt=\"\" class=\"wp-image-33954\"\/><\/figure><\/div>\n\n\n\n<p>Ainda como prot\u00f3tipo, o VIPV \u00e9 apontado como uma solu\u00e7\u00e3o n\u00e3o intrusiva, compat\u00edvel com qualquer <a href=\"https:\/\/ciclovivo.com.br\/arq-urb\/mobilidade\/india-expande-frota-de-veiculos-eletricos-com-ciclomotores-e-triciclos\/\" target=\"_blank\" rel=\"noreferrer noopener\">ve\u00edculo recarreg\u00e1vel<\/a> e que pode ser instalado e desmontado facilmente. Como uma pel\u00edcula, o material possui face traseira magn\u00e9tica e desenho mec\u00e2nico que permite boa conformabilidade em qualquer carroceria met\u00e1lica.<\/p>\n\n\n\n<div class=\"wp-block-image\"><figure class=\"aligncenter size-large is-resized\"><img loading=\"lazy\" decoding=\"async\" src=\"https:\/\/jornalfatosenoticias.com.br\/wp-content\/uploads\/2020\/02\/logo-Panper_portal.jpg\" alt=\"\" class=\"wp-image-34474\" width=\"280\" height=\"194\" srcset=\"https:\/\/jornalfatosenoticias.com.br\/wp-content\/uploads\/2020\/02\/logo-Panper_portal.jpg 400w, https:\/\/jornalfatosenoticias.com.br\/wp-content\/uploads\/2020\/02\/logo-Panper_portal-300x208.jpg 300w\" sizes=\"auto, (max-width: 280px) 100vw, 280px\" \/><\/figure><\/div>\n\n\n\n<p>Segundo o instituto, a aplica\u00e7\u00e3o solar VIPV atualmente \u00e9 estudada por muitas equipes industriais e de pesquisa, por\u00e9m pesquisas que tratam de toda a cadeia de carregamento (da produ\u00e7\u00e3o solar \u00e0 sua valoriza\u00e7\u00e3o no consumo dos ve\u00edculos) s\u00e3o mais raros.<\/p>\n\n\n\n<div class=\"wp-block-image\"><figure class=\"aligncenter size-large\"><img loading=\"lazy\" decoding=\"async\" width=\"729\" height=\"90\" src=\"https:\/\/jornalfatosenoticias.com.br\/wp-content\/uploads\/2020\/02\/Logo_Mizu.png\" alt=\"\" class=\"wp-image-1441\" srcset=\"https:\/\/jornalfatosenoticias.com.br\/wp-content\/uploads\/2020\/02\/Logo_Mizu.png 729w, https:\/\/jornalfatosenoticias.com.br\/wp-content\/uploads\/2020\/02\/Logo_Mizu-300x37.png 300w\" sizes=\"auto, (max-width: 729px) 100vw, 729px\" \/><\/figure><\/div>\n\n\n\n<p>O instituto estima que um kit fotovoltaico pode permitir aumentar a autonomia do ve\u00edculo em 800 km por ano e reduzir a frequ\u00eancia de recarga em 14%, n\u00fameros que n\u00e3o s\u00e3o insignificantes no uso urbano. Exemplo disso, \u00e9 que na Fran\u00e7a, de acordo com uma pesquisa do Minist\u00e9rio da Transi\u00e7\u00e3o Ecol\u00f3gica e Coes\u00e3o Territorial, 35,7% dos trajetos casa-trabalho s\u00e3o feitas a menos de 5 km, ou seja, 10 km ida e volta.<\/p>\n\n\n\n<div class=\"wp-block-image\"><figure class=\"aligncenter size-large is-resized\"><img loading=\"lazy\" decoding=\"async\" src=\"https:\/\/jornalfatosenoticias.com.br\/wp-content\/uploads\/2022\/07\/Logo-Grupo-SEI.jpg\" alt=\"\" class=\"wp-image-31973\" width=\"309\" height=\"162\" srcset=\"https:\/\/jornalfatosenoticias.com.br\/wp-content\/uploads\/2022\/07\/Logo-Grupo-SEI.jpg 713w, https:\/\/jornalfatosenoticias.com.br\/wp-content\/uploads\/2022\/07\/Logo-Grupo-SEI-300x158.jpg 300w\" sizes=\"auto, (max-width: 309px) 100vw, 309px\" \/><\/figure><\/div>\n\n\n\n<p>Entre as vantagens do produto na aplica\u00e7\u00e3o de carros el\u00e9tricos s\u00e3o destacadas a possibilidade de aumentar o alcance do ve\u00edculo, aliviar parcialmente a rede de recarga (infraestrutura ainda incipiente em muitos lugares), melhorar o conforto do motorista, uma vez que reduz a frequ\u00eancia das recargas, al\u00e9m \u00e9 claro de reduzir o impacto de CO\u2082 durante toda a sua vida \u00fatil.<\/p>\n\n\n\n<div class=\"wp-block-image\"><figure class=\"aligncenter size-large\"><img loading=\"lazy\" decoding=\"async\" width=\"1024\" height=\"103\" src=\"https:\/\/jornalfatosenoticias.com.br\/wp-content\/uploads\/2022\/02\/Arte-Autoescola-Galatas_endereco_portal-1024x103.png\" alt=\"\" class=\"wp-image-27869\" srcset=\"https:\/\/jornalfatosenoticias.com.br\/wp-content\/uploads\/2022\/02\/Arte-Autoescola-Galatas_endereco_portal-1024x103.png 1024w, https:\/\/jornalfatosenoticias.com.br\/wp-content\/uploads\/2022\/02\/Arte-Autoescola-Galatas_endereco_portal-300x30.png 300w, https:\/\/jornalfatosenoticias.com.br\/wp-content\/uploads\/2022\/02\/Arte-Autoescola-Galatas_endereco_portal-768x77.png 768w, https:\/\/jornalfatosenoticias.com.br\/wp-content\/uploads\/2022\/02\/Arte-Autoescola-Galatas_endereco_portal.png 1223w\" sizes=\"auto, (max-width: 1024px) 100vw, 1024px\" \/><\/figure><\/div>\n\n\n\n<p><strong><em>Fonte: <a href=\"https:\/\/ciclovivo.com.br\/arq-urb\/mobilidade\/pelicula-gera-energia-solar-para-veiculos-eletricos\/\">CicloVivo<\/a><\/em><\/strong><\/p>\n","protected":false},"excerpt":{"rendered":"<p>O kit fotovoltaico transforma qualquer carro el\u00e9trico em carro solar Um kit fotovoltaico capaz de transformar qualquer carro el\u00e9trico em um captador de energia solar foi desenvolvido pelo instituto de pesquisa franc\u00eas INES.2S (Institut National de l\u2019Energie Solaire). Testado em um modelo Renault Zo\u00e9, a tecnologia mostrou a possibilidade de adicionar at\u00e9 quatro quil\u00f4metros de [&hellip;]<\/p>\n","protected":false},"author":2,"featured_media":35147,"comment_status":"open","ping_status":"open","sticky":false,"template":"","format":"standard","meta":{"footnotes":""},"categories":[3],"tags":[6532,6589,599,16490,16491],"class_list":["post-35146","post","type-post","status-publish","format-standard","has-post-thumbnail","hentry","category-tecnologia","tag-carro-solar","tag-carros-eletricos","tag-energia-solar","tag-kit-fotovoltaico","tag-veiculo-solar"],"yoast_head":"<!-- This site is optimized with the Yoast SEO plugin v26.5 - https:\/\/yoast.com\/wordpress\/plugins\/seo\/ -->\n<title>Pel\u00edcula gera energia solar para ve\u00edculos el\u00e9tricos - Jornal Fatos e Not\u00edcias<\/title>\n<meta name=\"robots\" content=\"index, follow, max-snippet:-1, max-image-preview:large, max-video-preview:-1\" \/>\n<link rel=\"canonical\" href=\"https:\/\/jornalfatosenoticias.com.br\/index.php\/2022\/10\/13\/pelicula-gera-energia-solar-para-veiculos-eletricos\/\" \/>\n<meta property=\"og:locale\" content=\"pt_BR\" \/>\n<meta property=\"og:type\" content=\"article\" \/>\n<meta property=\"og:title\" content=\"Pel\u00edcula gera energia solar para ve\u00edculos el\u00e9tricos - Jornal Fatos e Not\u00edcias\" \/>\n<meta property=\"og:description\" content=\"O kit fotovoltaico transforma qualquer carro el\u00e9trico em carro solar Um kit fotovoltaico capaz de transformar qualquer carro el\u00e9trico em um captador de energia solar foi desenvolvido pelo instituto de pesquisa franc\u00eas INES.2S (Institut National de l\u2019Energie Solaire). Testado em um modelo Renault Zo\u00e9, a tecnologia mostrou a possibilidade de adicionar at\u00e9 quatro quil\u00f4metros de [&hellip;]\" \/>\n<meta property=\"og:url\" content=\"https:\/\/jornalfatosenoticias.com.br\/index.php\/2022\/10\/13\/pelicula-gera-energia-solar-para-veiculos-eletricos\/\" \/>\n<meta property=\"og:site_name\" content=\"Jornal Fatos e Not\u00edcias\" \/>\n<meta property=\"article:published_time\" content=\"2022-10-13T16:40:05+00:00\" \/>\n<meta property=\"article:modified_time\" content=\"2022-10-13T16:40:06+00:00\" \/>\n<meta property=\"og:image\" content=\"https:\/\/jornalfatosenoticias.com.br\/wp-content\/uploads\/2022\/10\/kit-fotovoltaico-pelicula-solar.jpg\" \/>\n\t<meta property=\"og:image:width\" content=\"1000\" \/>\n\t<meta property=\"og:image:height\" content=\"574\" \/>\n\t<meta property=\"og:image:type\" content=\"image\/jpeg\" \/>\n<meta name=\"author\" content=\"Luzimara Fernandes\" \/>\n<meta name=\"twitter:card\" content=\"summary_large_image\" \/>\n<meta name=\"twitter:label1\" content=\"Escrito por\" \/>\n\t<meta name=\"twitter:data1\" content=\"Luzimara Fernandes\" \/>\n\t<meta name=\"twitter:label2\" content=\"Est. tempo de leitura\" \/>\n\t<meta name=\"twitter:data2\" content=\"2 minutos\" \/>\n<script type=\"application\/ld+json\" class=\"yoast-schema-graph\">{\"@context\":\"https:\/\/schema.org\",\"@graph\":[{\"@type\":\"Article\",\"@id\":\"https:\/\/jornalfatosenoticias.com.br\/index.php\/2022\/10\/13\/pelicula-gera-energia-solar-para-veiculos-eletricos\/#article\",\"isPartOf\":{\"@id\":\"https:\/\/jornalfatosenoticias.com.br\/index.php\/2022\/10\/13\/pelicula-gera-energia-solar-para-veiculos-eletricos\/\"},\"author\":{\"name\":\"Luzimara Fernandes\",\"@id\":\"https:\/\/jornalfatosenoticias.com.br\/#\/schema\/person\/d63837fa13ac8666eb9e74e0985d6f81\"},\"headline\":\"Pel\u00edcula gera energia solar para ve\u00edculos el\u00e9tricos\",\"datePublished\":\"2022-10-13T16:40:05+00:00\",\"dateModified\":\"2022-10-13T16:40:06+00:00\",\"mainEntityOfPage\":{\"@id\":\"https:\/\/jornalfatosenoticias.com.br\/index.php\/2022\/10\/13\/pelicula-gera-energia-solar-para-veiculos-eletricos\/\"},\"wordCount\":444,\"commentCount\":0,\"publisher\":{\"@id\":\"https:\/\/jornalfatosenoticias.com.br\/#organization\"},\"image\":{\"@id\":\"https:\/\/jornalfatosenoticias.com.br\/index.php\/2022\/10\/13\/pelicula-gera-energia-solar-para-veiculos-eletricos\/#primaryimage\"},\"thumbnailUrl\":\"https:\/\/jornalfatosenoticias.com.br\/wp-content\/uploads\/2022\/10\/kit-fotovoltaico-pelicula-solar.jpg\",\"keywords\":[\"carro solar\",\"carros el\u00e9tricos\",\"energia solar\",\"kit fotovoltaico\",\"ve\u00edculo solar\"],\"articleSection\":[\"Tecnologia &amp; Inova\u00e7\u00e3o\"],\"inLanguage\":\"pt-BR\",\"potentialAction\":[{\"@type\":\"CommentAction\",\"name\":\"Comment\",\"target\":[\"https:\/\/jornalfatosenoticias.com.br\/index.php\/2022\/10\/13\/pelicula-gera-energia-solar-para-veiculos-eletricos\/#respond\"]}]},{\"@type\":\"WebPage\",\"@id\":\"https:\/\/jornalfatosenoticias.com.br\/index.php\/2022\/10\/13\/pelicula-gera-energia-solar-para-veiculos-eletricos\/\",\"url\":\"https:\/\/jornalfatosenoticias.com.br\/index.php\/2022\/10\/13\/pelicula-gera-energia-solar-para-veiculos-eletricos\/\",\"name\":\"Pel\u00edcula gera energia solar para ve\u00edculos el\u00e9tricos - Jornal Fatos e Not\u00edcias\",\"isPartOf\":{\"@id\":\"https:\/\/jornalfatosenoticias.com.br\/#website\"},\"primaryImageOfPage\":{\"@id\":\"https:\/\/jornalfatosenoticias.com.br\/index.php\/2022\/10\/13\/pelicula-gera-energia-solar-para-veiculos-eletricos\/#primaryimage\"},\"image\":{\"@id\":\"https:\/\/jornalfatosenoticias.com.br\/index.php\/2022\/10\/13\/pelicula-gera-energia-solar-para-veiculos-eletricos\/#primaryimage\"},\"thumbnailUrl\":\"https:\/\/jornalfatosenoticias.com.br\/wp-content\/uploads\/2022\/10\/kit-fotovoltaico-pelicula-solar.jpg\",\"datePublished\":\"2022-10-13T16:40:05+00:00\",\"dateModified\":\"2022-10-13T16:40:06+00:00\",\"breadcrumb\":{\"@id\":\"https:\/\/jornalfatosenoticias.com.br\/index.php\/2022\/10\/13\/pelicula-gera-energia-solar-para-veiculos-eletricos\/#breadcrumb\"},\"inLanguage\":\"pt-BR\",\"potentialAction\":[{\"@type\":\"ReadAction\",\"target\":[\"https:\/\/jornalfatosenoticias.com.br\/index.php\/2022\/10\/13\/pelicula-gera-energia-solar-para-veiculos-eletricos\/\"]}]},{\"@type\":\"ImageObject\",\"inLanguage\":\"pt-BR\",\"@id\":\"https:\/\/jornalfatosenoticias.com.br\/index.php\/2022\/10\/13\/pelicula-gera-energia-solar-para-veiculos-eletricos\/#primaryimage\",\"url\":\"https:\/\/jornalfatosenoticias.com.br\/wp-content\/uploads\/2022\/10\/kit-fotovoltaico-pelicula-solar.jpg\",\"contentUrl\":\"https:\/\/jornalfatosenoticias.com.br\/wp-content\/uploads\/2022\/10\/kit-fotovoltaico-pelicula-solar.jpg\",\"width\":1000,\"height\":574},{\"@type\":\"BreadcrumbList\",\"@id\":\"https:\/\/jornalfatosenoticias.com.br\/index.php\/2022\/10\/13\/pelicula-gera-energia-solar-para-veiculos-eletricos\/#breadcrumb\",\"itemListElement\":[{\"@type\":\"ListItem\",\"position\":1,\"name\":\"In\u00edcio\",\"item\":\"https:\/\/jornalfatosenoticias.com.br\/\"},{\"@type\":\"ListItem\",\"position\":2,\"name\":\"Pel\u00edcula gera energia solar para ve\u00edculos el\u00e9tricos\"}]},{\"@type\":\"WebSite\",\"@id\":\"https:\/\/jornalfatosenoticias.com.br\/#website\",\"url\":\"https:\/\/jornalfatosenoticias.com.br\/\",\"name\":\"Jornal Fatos e Not\u00edcias\",\"description\":\"Not\u00edcias em geral\",\"publisher\":{\"@id\":\"https:\/\/jornalfatosenoticias.com.br\/#organization\"},\"potentialAction\":[{\"@type\":\"SearchAction\",\"target\":{\"@type\":\"EntryPoint\",\"urlTemplate\":\"https:\/\/jornalfatosenoticias.com.br\/?s={search_term_string}\"},\"query-input\":{\"@type\":\"PropertyValueSpecification\",\"valueRequired\":true,\"valueName\":\"search_term_string\"}}],\"inLanguage\":\"pt-BR\"},{\"@type\":\"Organization\",\"@id\":\"https:\/\/jornalfatosenoticias.com.br\/#organization\",\"name\":\"Jornal Fatos e Not\u00edcias\",\"url\":\"https:\/\/jornalfatosenoticias.com.br\/\",\"logo\":{\"@type\":\"ImageObject\",\"inLanguage\":\"pt-BR\",\"@id\":\"https:\/\/jornalfatosenoticias.com.br\/#\/schema\/logo\/image\/\",\"url\":\"https:\/\/jornalfatosenoticias.com.br\/wp-content\/uploads\/2020\/02\/logo120.png\",\"contentUrl\":\"https:\/\/jornalfatosenoticias.com.br\/wp-content\/uploads\/2020\/02\/logo120.png\",\"width\":1227,\"height\":120,\"caption\":\"Jornal Fatos e Not\u00edcias\"},\"image\":{\"@id\":\"https:\/\/jornalfatosenoticias.com.br\/#\/schema\/logo\/image\/\"}},{\"@type\":\"Person\",\"@id\":\"https:\/\/jornalfatosenoticias.com.br\/#\/schema\/person\/d63837fa13ac8666eb9e74e0985d6f81\",\"name\":\"Luzimara Fernandes\",\"image\":{\"@type\":\"ImageObject\",\"inLanguage\":\"pt-BR\",\"@id\":\"https:\/\/jornalfatosenoticias.com.br\/#\/schema\/person\/image\/\",\"url\":\"https:\/\/jornalfatosenoticias.com.br\/wp-content\/uploads\/2025\/05\/EU_portal.jpg\",\"contentUrl\":\"https:\/\/jornalfatosenoticias.com.br\/wp-content\/uploads\/2025\/05\/EU_portal.jpg\",\"caption\":\"Luzimara Fernandes\"},\"description\":\"Jornalista MTB 2358-ES\",\"sameAs\":[\"https:\/\/jornalfatosenoticias.com.br\"],\"url\":\"https:\/\/jornalfatosenoticias.com.br\/index.php\/author\/luzimara\/\"}]}<\/script>\n<!-- \/ Yoast SEO plugin. -->","yoast_head_json":{"title":"Pel\u00edcula gera energia solar para ve\u00edculos el\u00e9tricos - Jornal Fatos e Not\u00edcias","robots":{"index":"index","follow":"follow","max-snippet":"max-snippet:-1","max-image-preview":"max-image-preview:large","max-video-preview":"max-video-preview:-1"},"canonical":"https:\/\/jornalfatosenoticias.com.br\/index.php\/2022\/10\/13\/pelicula-gera-energia-solar-para-veiculos-eletricos\/","og_locale":"pt_BR","og_type":"article","og_title":"Pel\u00edcula gera energia solar para ve\u00edculos el\u00e9tricos - Jornal Fatos e Not\u00edcias","og_description":"O kit fotovoltaico transforma qualquer carro el\u00e9trico em carro solar Um kit fotovoltaico capaz de transformar qualquer carro el\u00e9trico em um captador de energia solar foi desenvolvido pelo instituto de pesquisa franc\u00eas INES.2S (Institut National de l\u2019Energie Solaire). Testado em um modelo Renault Zo\u00e9, a tecnologia mostrou a possibilidade de adicionar at\u00e9 quatro quil\u00f4metros de [&hellip;]","og_url":"https:\/\/jornalfatosenoticias.com.br\/index.php\/2022\/10\/13\/pelicula-gera-energia-solar-para-veiculos-eletricos\/","og_site_name":"Jornal Fatos e Not\u00edcias","article_published_time":"2022-10-13T16:40:05+00:00","article_modified_time":"2022-10-13T16:40:06+00:00","og_image":[{"width":1000,"height":574,"url":"https:\/\/jornalfatosenoticias.com.br\/wp-content\/uploads\/2022\/10\/kit-fotovoltaico-pelicula-solar.jpg","type":"image\/jpeg"}],"author":"Luzimara Fernandes","twitter_card":"summary_large_image","twitter_misc":{"Escrito por":"Luzimara Fernandes","Est. tempo de leitura":"2 minutos"},"schema":{"@context":"https:\/\/schema.org","@graph":[{"@type":"Article","@id":"https:\/\/jornalfatosenoticias.com.br\/index.php\/2022\/10\/13\/pelicula-gera-energia-solar-para-veiculos-eletricos\/#article","isPartOf":{"@id":"https:\/\/jornalfatosenoticias.com.br\/index.php\/2022\/10\/13\/pelicula-gera-energia-solar-para-veiculos-eletricos\/"},"author":{"name":"Luzimara Fernandes","@id":"https:\/\/jornalfatosenoticias.com.br\/#\/schema\/person\/d63837fa13ac8666eb9e74e0985d6f81"},"headline":"Pel\u00edcula gera energia solar para ve\u00edculos el\u00e9tricos","datePublished":"2022-10-13T16:40:05+00:00","dateModified":"2022-10-13T16:40:06+00:00","mainEntityOfPage":{"@id":"https:\/\/jornalfatosenoticias.com.br\/index.php\/2022\/10\/13\/pelicula-gera-energia-solar-para-veiculos-eletricos\/"},"wordCount":444,"commentCount":0,"publisher":{"@id":"https:\/\/jornalfatosenoticias.com.br\/#organization"},"image":{"@id":"https:\/\/jornalfatosenoticias.com.br\/index.php\/2022\/10\/13\/pelicula-gera-energia-solar-para-veiculos-eletricos\/#primaryimage"},"thumbnailUrl":"https:\/\/jornalfatosenoticias.com.br\/wp-content\/uploads\/2022\/10\/kit-fotovoltaico-pelicula-solar.jpg","keywords":["carro solar","carros el\u00e9tricos","energia solar","kit fotovoltaico","ve\u00edculo solar"],"articleSection":["Tecnologia &amp; Inova\u00e7\u00e3o"],"inLanguage":"pt-BR","potentialAction":[{"@type":"CommentAction","name":"Comment","target":["https:\/\/jornalfatosenoticias.com.br\/index.php\/2022\/10\/13\/pelicula-gera-energia-solar-para-veiculos-eletricos\/#respond"]}]},{"@type":"WebPage","@id":"https:\/\/jornalfatosenoticias.com.br\/index.php\/2022\/10\/13\/pelicula-gera-energia-solar-para-veiculos-eletricos\/","url":"https:\/\/jornalfatosenoticias.com.br\/index.php\/2022\/10\/13\/pelicula-gera-energia-solar-para-veiculos-eletricos\/","name":"Pel\u00edcula gera energia solar para ve\u00edculos el\u00e9tricos - Jornal Fatos e Not\u00edcias","isPartOf":{"@id":"https:\/\/jornalfatosenoticias.com.br\/#website"},"primaryImageOfPage":{"@id":"https:\/\/jornalfatosenoticias.com.br\/index.php\/2022\/10\/13\/pelicula-gera-energia-solar-para-veiculos-eletricos\/#primaryimage"},"image":{"@id":"https:\/\/jornalfatosenoticias.com.br\/index.php\/2022\/10\/13\/pelicula-gera-energia-solar-para-veiculos-eletricos\/#primaryimage"},"thumbnailUrl":"https:\/\/jornalfatosenoticias.com.br\/wp-content\/uploads\/2022\/10\/kit-fotovoltaico-pelicula-solar.jpg","datePublished":"2022-10-13T16:40:05+00:00","dateModified":"2022-10-13T16:40:06+00:00","breadcrumb":{"@id":"https:\/\/jornalfatosenoticias.com.br\/index.php\/2022\/10\/13\/pelicula-gera-energia-solar-para-veiculos-eletricos\/#breadcrumb"},"inLanguage":"pt-BR","potentialAction":[{"@type":"ReadAction","target":["https:\/\/jornalfatosenoticias.com.br\/index.php\/2022\/10\/13\/pelicula-gera-energia-solar-para-veiculos-eletricos\/"]}]},{"@type":"ImageObject","inLanguage":"pt-BR","@id":"https:\/\/jornalfatosenoticias.com.br\/index.php\/2022\/10\/13\/pelicula-gera-energia-solar-para-veiculos-eletricos\/#primaryimage","url":"https:\/\/jornalfatosenoticias.com.br\/wp-content\/uploads\/2022\/10\/kit-fotovoltaico-pelicula-solar.jpg","contentUrl":"https:\/\/jornalfatosenoticias.com.br\/wp-content\/uploads\/2022\/10\/kit-fotovoltaico-pelicula-solar.jpg","width":1000,"height":574},{"@type":"BreadcrumbList","@id":"https:\/\/jornalfatosenoticias.com.br\/index.php\/2022\/10\/13\/pelicula-gera-energia-solar-para-veiculos-eletricos\/#breadcrumb","itemListElement":[{"@type":"ListItem","position":1,"name":"In\u00edcio","item":"https:\/\/jornalfatosenoticias.com.br\/"},{"@type":"ListItem","position":2,"name":"Pel\u00edcula gera energia solar para ve\u00edculos el\u00e9tricos"}]},{"@type":"WebSite","@id":"https:\/\/jornalfatosenoticias.com.br\/#website","url":"https:\/\/jornalfatosenoticias.com.br\/","name":"Jornal Fatos e Not\u00edcias","description":"Not\u00edcias em geral","publisher":{"@id":"https:\/\/jornalfatosenoticias.com.br\/#organization"},"potentialAction":[{"@type":"SearchAction","target":{"@type":"EntryPoint","urlTemplate":"https:\/\/jornalfatosenoticias.com.br\/?s={search_term_string}"},"query-input":{"@type":"PropertyValueSpecification","valueRequired":true,"valueName":"search_term_string"}}],"inLanguage":"pt-BR"},{"@type":"Organization","@id":"https:\/\/jornalfatosenoticias.com.br\/#organization","name":"Jornal Fatos e Not\u00edcias","url":"https:\/\/jornalfatosenoticias.com.br\/","logo":{"@type":"ImageObject","inLanguage":"pt-BR","@id":"https:\/\/jornalfatosenoticias.com.br\/#\/schema\/logo\/image\/","url":"https:\/\/jornalfatosenoticias.com.br\/wp-content\/uploads\/2020\/02\/logo120.png","contentUrl":"https:\/\/jornalfatosenoticias.com.br\/wp-content\/uploads\/2020\/02\/logo120.png","width":1227,"height":120,"caption":"Jornal Fatos e Not\u00edcias"},"image":{"@id":"https:\/\/jornalfatosenoticias.com.br\/#\/schema\/logo\/image\/"}},{"@type":"Person","@id":"https:\/\/jornalfatosenoticias.com.br\/#\/schema\/person\/d63837fa13ac8666eb9e74e0985d6f81","name":"Luzimara Fernandes","image":{"@type":"ImageObject","inLanguage":"pt-BR","@id":"https:\/\/jornalfatosenoticias.com.br\/#\/schema\/person\/image\/","url":"https:\/\/jornalfatosenoticias.com.br\/wp-content\/uploads\/2025\/05\/EU_portal.jpg","contentUrl":"https:\/\/jornalfatosenoticias.com.br\/wp-content\/uploads\/2025\/05\/EU_portal.jpg","caption":"Luzimara Fernandes"},"description":"Jornalista MTB 2358-ES","sameAs":["https:\/\/jornalfatosenoticias.com.br"],"url":"https:\/\/jornalfatosenoticias.com.br\/index.php\/author\/luzimara\/"}]}},"cc_featured_image_caption":{"caption_text":"(Foto: CEA)\r\n","source_text":"","source_url":""},"jetpack_featured_media_url":"https:\/\/jornalfatosenoticias.com.br\/wp-content\/uploads\/2022\/10\/kit-fotovoltaico-pelicula-solar.jpg","_links":{"self":[{"href":"https:\/\/jornalfatosenoticias.com.br\/index.php\/wp-json\/wp\/v2\/posts\/35146","targetHints":{"allow":["GET"]}}],"collection":[{"href":"https:\/\/jornalfatosenoticias.com.br\/index.php\/wp-json\/wp\/v2\/posts"}],"about":[{"href":"https:\/\/jornalfatosenoticias.com.br\/index.php\/wp-json\/wp\/v2\/types\/post"}],"author":[{"embeddable":true,"href":"https:\/\/jornalfatosenoticias.com.br\/index.php\/wp-json\/wp\/v2\/users\/2"}],"replies":[{"embeddable":true,"href":"https:\/\/jornalfatosenoticias.com.br\/index.php\/wp-json\/wp\/v2\/comments?post=35146"}],"version-history":[{"count":0,"href":"https:\/\/jornalfatosenoticias.com.br\/index.php\/wp-json\/wp\/v2\/posts\/35146\/revisions"}],"wp:featuredmedia":[{"embeddable":true,"href":"https:\/\/jornalfatosenoticias.com.br\/index.php\/wp-json\/wp\/v2\/media\/35147"}],"wp:attachment":[{"href":"https:\/\/jornalfatosenoticias.com.br\/index.php\/wp-json\/wp\/v2\/media?parent=35146"}],"wp:term":[{"taxonomy":"category","embeddable":true,"href":"https:\/\/jornalfatosenoticias.com.br\/index.php\/wp-json\/wp\/v2\/categories?post=35146"},{"taxonomy":"post_tag","embeddable":true,"href":"https:\/\/jornalfatosenoticias.com.br\/index.php\/wp-json\/wp\/v2\/tags?post=35146"}],"curies":[{"name":"wp","href":"https:\/\/api.w.org\/{rel}","templated":true}]}}