{"id":3515,"date":"2020-04-22T10:57:40","date_gmt":"2020-04-22T13:57:40","guid":{"rendered":"https:\/\/jornalfatosenoticias.com.br\/?p=3515"},"modified":"2020-04-22T10:57:47","modified_gmt":"2020-04-22T13:57:47","slug":"a-preocupacao-com-a-covid-19-e-com-o-mes-de-maio","status":"publish","type":"post","link":"https:\/\/jornalfatosenoticias.com.br\/index.php\/2020\/04\/22\/a-preocupacao-com-a-covid-19-e-com-o-mes-de-maio\/","title":{"rendered":"A preocupa\u00e7\u00e3o com a covid-19 e com o m\u00eas de maio"},"content":{"rendered":"\n<h6 class=\"wp-block-heading\"><em>Semana promete ser decisiva para o calend\u00e1rio esportivo<\/em><\/h6>\n\n\n\n<p>Em pleno feriado de 21 de abril, ao menos no Brasil, as entidades esportivas se manifestaram no sentido de, o quanto antes, voltarem a funcionar. E, com isso tamb\u00e9m, a promoverem as competi\u00e7\u00f5es que organizam. A menos de dez dias do m\u00eas de maio, o calend\u00e1rio come\u00e7a a ficar apertado, apesar de os dirigentes se mostrarem ainda confiantes de que \u00e9 poss\u00edvel fechar a temporada dentro do prazo previsto. Mas, ao mesmo tempo, vai ficando evidente que os clubes, em especial, v\u00e3o sofrer um pouco mais.<br>Se pensarmos no futebol carioca como refer\u00eancia, os jogadores est\u00e3o de f\u00e9rias at\u00e9 30 de abril. Em tese, voltariam a treinar em maio e, cerca de 10 a 15 dias depois, estariam em campo. Mas, pelo visto, com port\u00f5es fechados, ou seja, sem arrecada\u00e7\u00e3o de bilheteria. E como ficam os que projetaram seus or\u00e7amentos para 2020 contando com esse faturamento?<br>Fred Nantes, diretor de competi\u00e7\u00f5es da Conmebol, \u00e9 um dos que confiam no cumprimento do calend\u00e1rio. Mas deixou claro, em entrevista ao jornal \u201cO Globo\u201d, que o faturamento da entidade est\u00e1 garantido, e que caberia aos clubes assumir esse preju\u00edzo no momento atual. Assim fica f\u00e1cil. E n\u00e3o custa lembrar que, ao menos aqui no Brasil, as datas das competi\u00e7\u00f5es sul-americanas costumam ter prioridade sobre as nacionais. Ou seja \u2013 se houver um tempo mais curto para um calend\u00e1rio com Libertadores e Sul-Americana de um lado, e Copa do Brasil e Brasileir\u00e3o de outro, quem ter\u00e1 de ceder?<br>Postura que parece ser bem diferente da Uefa. Tamb\u00e9m nesta ter\u00e7a-feira, em comunicado oficial em seu site, a entidade anunciou que nesta quinta-feira (23), vai se posicionar sobre o restante da temporada, dando prioridade \u00e0s competi\u00e7\u00f5es nacionais que, ao contr\u00e1rio daqui, est\u00e3o na reta final. E antecipa que vai avaliar casos especiais, como o cancelamento de alguma liga, visando a classifica\u00e7\u00e3o para as competi\u00e7\u00f5es europeias de 20-21.<br>Essa postura de valorizar os campeonatos nacionais pode ter sido adotada, tamb\u00e9m, por conta de uma teleconfer\u00eancia que teria acontecido dia 16, segundo a revista \u201cVeja\u201d. Nela, a Organiza\u00e7\u00e3o Mundial da Sa\u00fade teria sugerido que as competi\u00e7\u00f5es internacionais fossem suspensas at\u00e9 o final de 2021, pois ainda h\u00e1 o risco de infec\u00e7\u00e3o da covid-19 no ano que vem.<br>A Uefa n\u00e3o \u00e9 obrigada a seguir a orienta\u00e7\u00e3o da OMS. Nem as ligas nacionais, como a Italiana, que inclusive j\u00e1 se posicionou. Numa assembleia com todos os times da Primeira Divis\u00e3o, decidiu, por unanimidade, finalizar o campeonato, com a realiza\u00e7\u00e3o das 12 rodadas que faltam. \u00c9 claro que a decis\u00e3o ainda depende de autoriza\u00e7\u00e3o do governo italiano, mas dirigentes v\u00e3o se reunir nesta quarta-feira (22) com o ministro dos Esportes, Vincenzo Spadafora, em busca dessa autoriza\u00e7\u00e3o.<br>De Portugal v\u00eam outras duas not\u00edcias interessantes \u2013 o preparador f\u00edsico do Flamengo, M\u00e1rcio Sampaio, que a exemplo do t\u00e9cnico Jorge Jesus est\u00e1 por l\u00e1, revelou que os jogadores rubro-negros t\u00eam apresentado\u00a0<a rel=\"noreferrer noopener\" href=\"https:\/\/agenciabrasil.ebc.com.br\/esportes\/noticia\/2020-04\/covid-19-cresce-depressao-entre-atletas-do-futebol-profissional\" target=\"_blank\">sinais de ansiedade e dificuldade para dormir<\/a>, por conta da aus\u00eancia de competi\u00e7\u00f5es fora do per\u00edodo tradicional. N\u00e3o posso afirmar que tenha sido esse o motivo, mas os jogadores do Sporting, de Lisboa, mesmo sem ideia de quando o Campeonato Portugu\u00eas vai voltar a ser disputado, est\u00e3o treinando no clube, dois de cada vez no campo e chegando ao centro de treinamento j\u00e1 uniformizados para treinar, para nem precisarem ir ao vesti\u00e1rio. Est\u00e3o todos felizes, mas ser\u00e1 que aqui essa alternativa poder\u00e1 ser implantada?<br>Por enquanto, a CBF n\u00e3o fala em calend\u00e1rio ou em como vai encerrar suas competi\u00e7\u00f5es. \u00c9 certo que, antes mesmo do in\u00edcio do Brasileir\u00e3o e da reta final da Copa do Brasil, teremos o complemento dos Estaduais. E que s\u00e3o importantes porque a maioria dos clubes brasileiros depende disso para garantir o pagamento das cotas de TV \u2013 muitos deles n\u00e3o est\u00e3o nas competi\u00e7\u00f5es nacionais.<br>Na pauta da entidade nacional est\u00e1, no momento, o aux\u00edlio \u00e0s autoridades de sa\u00fade no combate ao coronav\u00edrus. A CBF anunciou a inten\u00e7\u00e3o de testar jogadores, estafes e familiares que morem na mesma resid\u00eancia de 180 clubes pelo Pa\u00eds, nas s\u00e9ries de A a D, no masculino e no feminino. Todos os dados ser\u00e3o enviados ao Minist\u00e9rio da Sa\u00fade.<br>Mas \u00e9 bom que haja um posicionamento quanto \u00e0s competi\u00e7\u00f5es. O tempo est\u00e1 ficando curto. A sa\u00fade de cada um deve ser priorizada. Mas, sem planejamento, a sa\u00fade dos clubes, os verdadeiros mantenedores do futebol, pode ficar severamente comprometida.<\/p>\n\n\n\n<p><em>*Por S\u00e9rgio du Bocage, apresentador do programa No Mundo da Bola, da TV Brasil<\/em><\/p>\n\n\n\n<p><strong><em>Fonte: <a href=\"https:\/\/agenciabrasil.ebc.com.br\/esportes\/noticia\/2020-04\/coluna-preocupacao-com-covid-19-e-com-o-mes-de-maio\">Ag\u00eancia Brasil<\/a><\/em><\/strong><\/p>\n","protected":false},"excerpt":{"rendered":"<p>Semana promete ser decisiva para o calend\u00e1rio esportivo Em pleno feriado de 21 de abril, ao menos no Brasil, as entidades esportivas se manifestaram no sentido de, o quanto antes, voltarem a funcionar. E, com isso tamb\u00e9m, a promoverem as competi\u00e7\u00f5es que organizam. A menos de dez dias do m\u00eas de maio, o calend\u00e1rio come\u00e7a [&hellip;]<\/p>\n","protected":false},"author":2,"featured_media":3516,"comment_status":"open","ping_status":"open","sticky":false,"template":"","format":"standard","meta":{"footnotes":""},"categories":[12],"tags":[1736,685,73,273,241,632,330,1951],"class_list":["post-3515","post","type-post","status-publish","format-standard","has-post-thumbnail","hentry","category-esportes","tag-cbf","tag-conmebol","tag-coronavirus","tag-covid-19","tag-esporte","tag-futebol","tag-pandemia","tag-uefa"],"yoast_head":"<!-- This site is optimized with the Yoast SEO plugin v26.5 - https:\/\/yoast.com\/wordpress\/plugins\/seo\/ -->\n<title>A preocupa\u00e7\u00e3o com a covid-19 e com o m\u00eas de maio - Jornal Fatos e Not\u00edcias<\/title>\n<meta name=\"robots\" content=\"index, follow, max-snippet:-1, max-image-preview:large, max-video-preview:-1\" \/>\n<link rel=\"canonical\" href=\"https:\/\/jornalfatosenoticias.com.br\/index.php\/2020\/04\/22\/a-preocupacao-com-a-covid-19-e-com-o-mes-de-maio\/\" \/>\n<meta property=\"og:locale\" content=\"pt_BR\" \/>\n<meta property=\"og:type\" content=\"article\" \/>\n<meta property=\"og:title\" content=\"A preocupa\u00e7\u00e3o com a covid-19 e com o m\u00eas de maio - Jornal Fatos e Not\u00edcias\" \/>\n<meta property=\"og:description\" content=\"Semana promete ser decisiva para o calend\u00e1rio esportivo Em pleno feriado de 21 de abril, ao menos no Brasil, as entidades esportivas se manifestaram no sentido de, o quanto antes, voltarem a funcionar. E, com isso tamb\u00e9m, a promoverem as competi\u00e7\u00f5es que organizam. A menos de dez dias do m\u00eas de maio, o calend\u00e1rio come\u00e7a [&hellip;]\" \/>\n<meta property=\"og:url\" content=\"https:\/\/jornalfatosenoticias.com.br\/index.php\/2020\/04\/22\/a-preocupacao-com-a-covid-19-e-com-o-mes-de-maio\/\" \/>\n<meta property=\"og:site_name\" content=\"Jornal Fatos e Not\u00edcias\" \/>\n<meta property=\"article:published_time\" content=\"2020-04-22T13:57:40+00:00\" \/>\n<meta property=\"article:modified_time\" content=\"2020-04-22T13:57:47+00:00\" \/>\n<meta property=\"og:image\" content=\"https:\/\/jornalfatosenoticias.com.br\/wp-content\/uploads\/2020\/04\/flamengo.jpg\" \/>\n\t<meta property=\"og:image:width\" content=\"1000\" \/>\n\t<meta property=\"og:image:height\" content=\"598\" \/>\n\t<meta property=\"og:image:type\" content=\"image\/jpeg\" \/>\n<meta name=\"author\" content=\"Luzimara Fernandes\" \/>\n<meta name=\"twitter:card\" content=\"summary_large_image\" \/>\n<meta name=\"twitter:label1\" content=\"Escrito por\" \/>\n\t<meta name=\"twitter:data1\" content=\"Luzimara Fernandes\" \/>\n\t<meta name=\"twitter:label2\" content=\"Est. tempo de leitura\" \/>\n\t<meta name=\"twitter:data2\" content=\"4 minutos\" \/>\n<script type=\"application\/ld+json\" class=\"yoast-schema-graph\">{\"@context\":\"https:\/\/schema.org\",\"@graph\":[{\"@type\":\"Article\",\"@id\":\"https:\/\/jornalfatosenoticias.com.br\/index.php\/2020\/04\/22\/a-preocupacao-com-a-covid-19-e-com-o-mes-de-maio\/#article\",\"isPartOf\":{\"@id\":\"https:\/\/jornalfatosenoticias.com.br\/index.php\/2020\/04\/22\/a-preocupacao-com-a-covid-19-e-com-o-mes-de-maio\/\"},\"author\":{\"name\":\"Luzimara Fernandes\",\"@id\":\"https:\/\/jornalfatosenoticias.com.br\/#\/schema\/person\/d63837fa13ac8666eb9e74e0985d6f81\"},\"headline\":\"A preocupa\u00e7\u00e3o com a covid-19 e com o m\u00eas de maio\",\"datePublished\":\"2020-04-22T13:57:40+00:00\",\"dateModified\":\"2020-04-22T13:57:47+00:00\",\"mainEntityOfPage\":{\"@id\":\"https:\/\/jornalfatosenoticias.com.br\/index.php\/2020\/04\/22\/a-preocupacao-com-a-covid-19-e-com-o-mes-de-maio\/\"},\"wordCount\":824,\"commentCount\":0,\"publisher\":{\"@id\":\"https:\/\/jornalfatosenoticias.com.br\/#organization\"},\"image\":{\"@id\":\"https:\/\/jornalfatosenoticias.com.br\/index.php\/2020\/04\/22\/a-preocupacao-com-a-covid-19-e-com-o-mes-de-maio\/#primaryimage\"},\"thumbnailUrl\":\"https:\/\/jornalfatosenoticias.com.br\/wp-content\/uploads\/2020\/04\/flamengo.jpg\",\"keywords\":[\"CBF\",\"Conmebol\",\"coronav\u00edrus\",\"covid-19\",\"esporte\",\"futebol\",\"pandemia\",\"Uefa\"],\"articleSection\":[\"Esportes\"],\"inLanguage\":\"pt-BR\",\"potentialAction\":[{\"@type\":\"CommentAction\",\"name\":\"Comment\",\"target\":[\"https:\/\/jornalfatosenoticias.com.br\/index.php\/2020\/04\/22\/a-preocupacao-com-a-covid-19-e-com-o-mes-de-maio\/#respond\"]}]},{\"@type\":\"WebPage\",\"@id\":\"https:\/\/jornalfatosenoticias.com.br\/index.php\/2020\/04\/22\/a-preocupacao-com-a-covid-19-e-com-o-mes-de-maio\/\",\"url\":\"https:\/\/jornalfatosenoticias.com.br\/index.php\/2020\/04\/22\/a-preocupacao-com-a-covid-19-e-com-o-mes-de-maio\/\",\"name\":\"A preocupa\u00e7\u00e3o com a covid-19 e com o m\u00eas de maio - Jornal Fatos e Not\u00edcias\",\"isPartOf\":{\"@id\":\"https:\/\/jornalfatosenoticias.com.br\/#website\"},\"primaryImageOfPage\":{\"@id\":\"https:\/\/jornalfatosenoticias.com.br\/index.php\/2020\/04\/22\/a-preocupacao-com-a-covid-19-e-com-o-mes-de-maio\/#primaryimage\"},\"image\":{\"@id\":\"https:\/\/jornalfatosenoticias.com.br\/index.php\/2020\/04\/22\/a-preocupacao-com-a-covid-19-e-com-o-mes-de-maio\/#primaryimage\"},\"thumbnailUrl\":\"https:\/\/jornalfatosenoticias.com.br\/wp-content\/uploads\/2020\/04\/flamengo.jpg\",\"datePublished\":\"2020-04-22T13:57:40+00:00\",\"dateModified\":\"2020-04-22T13:57:47+00:00\",\"breadcrumb\":{\"@id\":\"https:\/\/jornalfatosenoticias.com.br\/index.php\/2020\/04\/22\/a-preocupacao-com-a-covid-19-e-com-o-mes-de-maio\/#breadcrumb\"},\"inLanguage\":\"pt-BR\",\"potentialAction\":[{\"@type\":\"ReadAction\",\"target\":[\"https:\/\/jornalfatosenoticias.com.br\/index.php\/2020\/04\/22\/a-preocupacao-com-a-covid-19-e-com-o-mes-de-maio\/\"]}]},{\"@type\":\"ImageObject\",\"inLanguage\":\"pt-BR\",\"@id\":\"https:\/\/jornalfatosenoticias.com.br\/index.php\/2020\/04\/22\/a-preocupacao-com-a-covid-19-e-com-o-mes-de-maio\/#primaryimage\",\"url\":\"https:\/\/jornalfatosenoticias.com.br\/wp-content\/uploads\/2020\/04\/flamengo.jpg\",\"contentUrl\":\"https:\/\/jornalfatosenoticias.com.br\/wp-content\/uploads\/2020\/04\/flamengo.jpg\",\"width\":1000,\"height\":598},{\"@type\":\"BreadcrumbList\",\"@id\":\"https:\/\/jornalfatosenoticias.com.br\/index.php\/2020\/04\/22\/a-preocupacao-com-a-covid-19-e-com-o-mes-de-maio\/#breadcrumb\",\"itemListElement\":[{\"@type\":\"ListItem\",\"position\":1,\"name\":\"In\u00edcio\",\"item\":\"https:\/\/jornalfatosenoticias.com.br\/\"},{\"@type\":\"ListItem\",\"position\":2,\"name\":\"A preocupa\u00e7\u00e3o com a covid-19 e com o m\u00eas de maio\"}]},{\"@type\":\"WebSite\",\"@id\":\"https:\/\/jornalfatosenoticias.com.br\/#website\",\"url\":\"https:\/\/jornalfatosenoticias.com.br\/\",\"name\":\"Jornal Fatos e Not\u00edcias\",\"description\":\"Not\u00edcias em geral\",\"publisher\":{\"@id\":\"https:\/\/jornalfatosenoticias.com.br\/#organization\"},\"potentialAction\":[{\"@type\":\"SearchAction\",\"target\":{\"@type\":\"EntryPoint\",\"urlTemplate\":\"https:\/\/jornalfatosenoticias.com.br\/?s={search_term_string}\"},\"query-input\":{\"@type\":\"PropertyValueSpecification\",\"valueRequired\":true,\"valueName\":\"search_term_string\"}}],\"inLanguage\":\"pt-BR\"},{\"@type\":\"Organization\",\"@id\":\"https:\/\/jornalfatosenoticias.com.br\/#organization\",\"name\":\"Jornal Fatos e Not\u00edcias\",\"url\":\"https:\/\/jornalfatosenoticias.com.br\/\",\"logo\":{\"@type\":\"ImageObject\",\"inLanguage\":\"pt-BR\",\"@id\":\"https:\/\/jornalfatosenoticias.com.br\/#\/schema\/logo\/image\/\",\"url\":\"https:\/\/jornalfatosenoticias.com.br\/wp-content\/uploads\/2020\/02\/logo120.png\",\"contentUrl\":\"https:\/\/jornalfatosenoticias.com.br\/wp-content\/uploads\/2020\/02\/logo120.png\",\"width\":1227,\"height\":120,\"caption\":\"Jornal Fatos e Not\u00edcias\"},\"image\":{\"@id\":\"https:\/\/jornalfatosenoticias.com.br\/#\/schema\/logo\/image\/\"}},{\"@type\":\"Person\",\"@id\":\"https:\/\/jornalfatosenoticias.com.br\/#\/schema\/person\/d63837fa13ac8666eb9e74e0985d6f81\",\"name\":\"Luzimara Fernandes\",\"image\":{\"@type\":\"ImageObject\",\"inLanguage\":\"pt-BR\",\"@id\":\"https:\/\/jornalfatosenoticias.com.br\/#\/schema\/person\/image\/\",\"url\":\"https:\/\/jornalfatosenoticias.com.br\/wp-content\/uploads\/2025\/05\/EU_portal.jpg\",\"contentUrl\":\"https:\/\/jornalfatosenoticias.com.br\/wp-content\/uploads\/2025\/05\/EU_portal.jpg\",\"caption\":\"Luzimara Fernandes\"},\"description\":\"Jornalista MTB 2358-ES\",\"sameAs\":[\"https:\/\/jornalfatosenoticias.com.br\"],\"url\":\"https:\/\/jornalfatosenoticias.com.br\/index.php\/author\/luzimara\/\"}]}<\/script>\n<!-- \/ Yoast SEO plugin. -->","yoast_head_json":{"title":"A preocupa\u00e7\u00e3o com a covid-19 e com o m\u00eas de maio - Jornal Fatos e Not\u00edcias","robots":{"index":"index","follow":"follow","max-snippet":"max-snippet:-1","max-image-preview":"max-image-preview:large","max-video-preview":"max-video-preview:-1"},"canonical":"https:\/\/jornalfatosenoticias.com.br\/index.php\/2020\/04\/22\/a-preocupacao-com-a-covid-19-e-com-o-mes-de-maio\/","og_locale":"pt_BR","og_type":"article","og_title":"A preocupa\u00e7\u00e3o com a covid-19 e com o m\u00eas de maio - Jornal Fatos e Not\u00edcias","og_description":"Semana promete ser decisiva para o calend\u00e1rio esportivo Em pleno feriado de 21 de abril, ao menos no Brasil, as entidades esportivas se manifestaram no sentido de, o quanto antes, voltarem a funcionar. E, com isso tamb\u00e9m, a promoverem as competi\u00e7\u00f5es que organizam. A menos de dez dias do m\u00eas de maio, o calend\u00e1rio come\u00e7a [&hellip;]","og_url":"https:\/\/jornalfatosenoticias.com.br\/index.php\/2020\/04\/22\/a-preocupacao-com-a-covid-19-e-com-o-mes-de-maio\/","og_site_name":"Jornal Fatos e Not\u00edcias","article_published_time":"2020-04-22T13:57:40+00:00","article_modified_time":"2020-04-22T13:57:47+00:00","og_image":[{"width":1000,"height":598,"url":"https:\/\/jornalfatosenoticias.com.br\/wp-content\/uploads\/2020\/04\/flamengo.jpg","type":"image\/jpeg"}],"author":"Luzimara Fernandes","twitter_card":"summary_large_image","twitter_misc":{"Escrito por":"Luzimara Fernandes","Est. tempo de leitura":"4 minutos"},"schema":{"@context":"https:\/\/schema.org","@graph":[{"@type":"Article","@id":"https:\/\/jornalfatosenoticias.com.br\/index.php\/2020\/04\/22\/a-preocupacao-com-a-covid-19-e-com-o-mes-de-maio\/#article","isPartOf":{"@id":"https:\/\/jornalfatosenoticias.com.br\/index.php\/2020\/04\/22\/a-preocupacao-com-a-covid-19-e-com-o-mes-de-maio\/"},"author":{"name":"Luzimara Fernandes","@id":"https:\/\/jornalfatosenoticias.com.br\/#\/schema\/person\/d63837fa13ac8666eb9e74e0985d6f81"},"headline":"A preocupa\u00e7\u00e3o com a covid-19 e com o m\u00eas de maio","datePublished":"2020-04-22T13:57:40+00:00","dateModified":"2020-04-22T13:57:47+00:00","mainEntityOfPage":{"@id":"https:\/\/jornalfatosenoticias.com.br\/index.php\/2020\/04\/22\/a-preocupacao-com-a-covid-19-e-com-o-mes-de-maio\/"},"wordCount":824,"commentCount":0,"publisher":{"@id":"https:\/\/jornalfatosenoticias.com.br\/#organization"},"image":{"@id":"https:\/\/jornalfatosenoticias.com.br\/index.php\/2020\/04\/22\/a-preocupacao-com-a-covid-19-e-com-o-mes-de-maio\/#primaryimage"},"thumbnailUrl":"https:\/\/jornalfatosenoticias.com.br\/wp-content\/uploads\/2020\/04\/flamengo.jpg","keywords":["CBF","Conmebol","coronav\u00edrus","covid-19","esporte","futebol","pandemia","Uefa"],"articleSection":["Esportes"],"inLanguage":"pt-BR","potentialAction":[{"@type":"CommentAction","name":"Comment","target":["https:\/\/jornalfatosenoticias.com.br\/index.php\/2020\/04\/22\/a-preocupacao-com-a-covid-19-e-com-o-mes-de-maio\/#respond"]}]},{"@type":"WebPage","@id":"https:\/\/jornalfatosenoticias.com.br\/index.php\/2020\/04\/22\/a-preocupacao-com-a-covid-19-e-com-o-mes-de-maio\/","url":"https:\/\/jornalfatosenoticias.com.br\/index.php\/2020\/04\/22\/a-preocupacao-com-a-covid-19-e-com-o-mes-de-maio\/","name":"A preocupa\u00e7\u00e3o com a covid-19 e com o m\u00eas de maio - Jornal Fatos e Not\u00edcias","isPartOf":{"@id":"https:\/\/jornalfatosenoticias.com.br\/#website"},"primaryImageOfPage":{"@id":"https:\/\/jornalfatosenoticias.com.br\/index.php\/2020\/04\/22\/a-preocupacao-com-a-covid-19-e-com-o-mes-de-maio\/#primaryimage"},"image":{"@id":"https:\/\/jornalfatosenoticias.com.br\/index.php\/2020\/04\/22\/a-preocupacao-com-a-covid-19-e-com-o-mes-de-maio\/#primaryimage"},"thumbnailUrl":"https:\/\/jornalfatosenoticias.com.br\/wp-content\/uploads\/2020\/04\/flamengo.jpg","datePublished":"2020-04-22T13:57:40+00:00","dateModified":"2020-04-22T13:57:47+00:00","breadcrumb":{"@id":"https:\/\/jornalfatosenoticias.com.br\/index.php\/2020\/04\/22\/a-preocupacao-com-a-covid-19-e-com-o-mes-de-maio\/#breadcrumb"},"inLanguage":"pt-BR","potentialAction":[{"@type":"ReadAction","target":["https:\/\/jornalfatosenoticias.com.br\/index.php\/2020\/04\/22\/a-preocupacao-com-a-covid-19-e-com-o-mes-de-maio\/"]}]},{"@type":"ImageObject","inLanguage":"pt-BR","@id":"https:\/\/jornalfatosenoticias.com.br\/index.php\/2020\/04\/22\/a-preocupacao-com-a-covid-19-e-com-o-mes-de-maio\/#primaryimage","url":"https:\/\/jornalfatosenoticias.com.br\/wp-content\/uploads\/2020\/04\/flamengo.jpg","contentUrl":"https:\/\/jornalfatosenoticias.com.br\/wp-content\/uploads\/2020\/04\/flamengo.jpg","width":1000,"height":598},{"@type":"BreadcrumbList","@id":"https:\/\/jornalfatosenoticias.com.br\/index.php\/2020\/04\/22\/a-preocupacao-com-a-covid-19-e-com-o-mes-de-maio\/#breadcrumb","itemListElement":[{"@type":"ListItem","position":1,"name":"In\u00edcio","item":"https:\/\/jornalfatosenoticias.com.br\/"},{"@type":"ListItem","position":2,"name":"A preocupa\u00e7\u00e3o com a covid-19 e com o m\u00eas de maio"}]},{"@type":"WebSite","@id":"https:\/\/jornalfatosenoticias.com.br\/#website","url":"https:\/\/jornalfatosenoticias.com.br\/","name":"Jornal Fatos e Not\u00edcias","description":"Not\u00edcias em geral","publisher":{"@id":"https:\/\/jornalfatosenoticias.com.br\/#organization"},"potentialAction":[{"@type":"SearchAction","target":{"@type":"EntryPoint","urlTemplate":"https:\/\/jornalfatosenoticias.com.br\/?s={search_term_string}"},"query-input":{"@type":"PropertyValueSpecification","valueRequired":true,"valueName":"search_term_string"}}],"inLanguage":"pt-BR"},{"@type":"Organization","@id":"https:\/\/jornalfatosenoticias.com.br\/#organization","name":"Jornal Fatos e Not\u00edcias","url":"https:\/\/jornalfatosenoticias.com.br\/","logo":{"@type":"ImageObject","inLanguage":"pt-BR","@id":"https:\/\/jornalfatosenoticias.com.br\/#\/schema\/logo\/image\/","url":"https:\/\/jornalfatosenoticias.com.br\/wp-content\/uploads\/2020\/02\/logo120.png","contentUrl":"https:\/\/jornalfatosenoticias.com.br\/wp-content\/uploads\/2020\/02\/logo120.png","width":1227,"height":120,"caption":"Jornal Fatos e Not\u00edcias"},"image":{"@id":"https:\/\/jornalfatosenoticias.com.br\/#\/schema\/logo\/image\/"}},{"@type":"Person","@id":"https:\/\/jornalfatosenoticias.com.br\/#\/schema\/person\/d63837fa13ac8666eb9e74e0985d6f81","name":"Luzimara Fernandes","image":{"@type":"ImageObject","inLanguage":"pt-BR","@id":"https:\/\/jornalfatosenoticias.com.br\/#\/schema\/person\/image\/","url":"https:\/\/jornalfatosenoticias.com.br\/wp-content\/uploads\/2025\/05\/EU_portal.jpg","contentUrl":"https:\/\/jornalfatosenoticias.com.br\/wp-content\/uploads\/2025\/05\/EU_portal.jpg","caption":"Luzimara Fernandes"},"description":"Jornalista MTB 2358-ES","sameAs":["https:\/\/jornalfatosenoticias.com.br"],"url":"https:\/\/jornalfatosenoticias.com.br\/index.php\/author\/luzimara\/"}]}},"cc_featured_image_caption":{"caption_text":"(Foto: Alexandre Vida\/Flamengo\/CBF)\r\n","source_text":"","source_url":""},"jetpack_featured_media_url":"https:\/\/jornalfatosenoticias.com.br\/wp-content\/uploads\/2020\/04\/flamengo.jpg","_links":{"self":[{"href":"https:\/\/jornalfatosenoticias.com.br\/index.php\/wp-json\/wp\/v2\/posts\/3515","targetHints":{"allow":["GET"]}}],"collection":[{"href":"https:\/\/jornalfatosenoticias.com.br\/index.php\/wp-json\/wp\/v2\/posts"}],"about":[{"href":"https:\/\/jornalfatosenoticias.com.br\/index.php\/wp-json\/wp\/v2\/types\/post"}],"author":[{"embeddable":true,"href":"https:\/\/jornalfatosenoticias.com.br\/index.php\/wp-json\/wp\/v2\/users\/2"}],"replies":[{"embeddable":true,"href":"https:\/\/jornalfatosenoticias.com.br\/index.php\/wp-json\/wp\/v2\/comments?post=3515"}],"version-history":[{"count":0,"href":"https:\/\/jornalfatosenoticias.com.br\/index.php\/wp-json\/wp\/v2\/posts\/3515\/revisions"}],"wp:featuredmedia":[{"embeddable":true,"href":"https:\/\/jornalfatosenoticias.com.br\/index.php\/wp-json\/wp\/v2\/media\/3516"}],"wp:attachment":[{"href":"https:\/\/jornalfatosenoticias.com.br\/index.php\/wp-json\/wp\/v2\/media?parent=3515"}],"wp:term":[{"taxonomy":"category","embeddable":true,"href":"https:\/\/jornalfatosenoticias.com.br\/index.php\/wp-json\/wp\/v2\/categories?post=3515"},{"taxonomy":"post_tag","embeddable":true,"href":"https:\/\/jornalfatosenoticias.com.br\/index.php\/wp-json\/wp\/v2\/tags?post=3515"}],"curies":[{"name":"wp","href":"https:\/\/api.w.org\/{rel}","templated":true}]}}