{"id":35185,"date":"2022-10-14T13:32:04","date_gmt":"2022-10-14T16:32:04","guid":{"rendered":"https:\/\/jornalfatosenoticias.com.br\/?p=35185"},"modified":"2022-10-14T13:32:06","modified_gmt":"2022-10-14T16:32:06","slug":"presidente-do-tse-veta-investigacoes-contra-institutos-de-pesquisa","status":"publish","type":"post","link":"https:\/\/jornalfatosenoticias.com.br\/index.php\/2022\/10\/14\/presidente-do-tse-veta-investigacoes-contra-institutos-de-pesquisa\/","title":{"rendered":"Presidente do TSE veta investiga\u00e7\u00f5es contra institutos de pesquisa"},"content":{"rendered":"\n<p><span class=\"has-inline-color has-black-color\"><em>Segundo Moraes, n\u00e3o cabe \u00e0 PF e ao Cade investigarem as empresas<\/em><\/span><\/p>\n\n\n\n<div class=\"wp-block-image\"><figure class=\"aligncenter size-large\"><img loading=\"lazy\" decoding=\"async\" width=\"1024\" height=\"100\" src=\"https:\/\/jornalfatosenoticias.com.br\/wp-content\/uploads\/2022\/05\/NOVA-LOGO-CESCONETTO-1024x100.jpg\" alt=\"\" class=\"wp-image-30792\" srcset=\"https:\/\/jornalfatosenoticias.com.br\/wp-content\/uploads\/2022\/05\/NOVA-LOGO-CESCONETTO-1024x100.jpg 1024w, https:\/\/jornalfatosenoticias.com.br\/wp-content\/uploads\/2022\/05\/NOVA-LOGO-CESCONETTO-300x29.jpg 300w, https:\/\/jornalfatosenoticias.com.br\/wp-content\/uploads\/2022\/05\/NOVA-LOGO-CESCONETTO-768x75.jpg 768w, https:\/\/jornalfatosenoticias.com.br\/wp-content\/uploads\/2022\/05\/NOVA-LOGO-CESCONETTO.jpg 1280w\" sizes=\"auto, (max-width: 1024px) 100vw, 1024px\" \/><\/figure><\/div>\n\n\n\n<p>O presidente do Tribunal Superior Eleitoral (TSE), Alexandre de Moraes, decidiu na noite dessa quinta-feira (13) vetar a abertura de inqu\u00e9rito pela Pol\u00edcia Federal (PF) e de procedimento administrativo pelo Conselho Administrativo de Defesa Econ\u00f4mica (Cade) sobre a atua\u00e7\u00e3o de institutos de pesquisas eleitorais.<\/p>\n\n\n\n<div class=\"wp-block-image\"><figure class=\"aligncenter size-large is-resized\"><img loading=\"lazy\" decoding=\"async\" src=\"https:\/\/jornalfatosenoticias.com.br\/wp-content\/uploads\/2020\/02\/logo-clinica-limoeiro.jpg\" alt=\"\" class=\"wp-image-34610\" width=\"323\" height=\"229\"\/><\/figure><\/div>\n\n\n\n<p>Moraes justificou a decis\u00e3o afirmando haver \u201cincompet\u00eancia absoluta\u201d da PF e do Cade para investigarem os institutos de pesquisa de inten\u00e7\u00e3o de voto e \u201caus\u00eancia de justa causa\u201d para apurarem a atua\u00e7\u00e3o das empresas.<br>O ministro tomou a decis\u00e3o com base no artigo 23 do C\u00f3digo Eleitoral, e disse ser dever da Justi\u00e7a Eleitoral \u201cfazer cessar as indevidas determina\u00e7\u00f5es realizadas por \u00f3rg\u00e3os incompetentes e com indicativos de abuso de poder pol\u00edtico e desvio de finalidade\u201d.<\/p>\n\n\n\n<div class=\"wp-block-image\"><figure class=\"aligncenter size-large\"><img decoding=\"async\" src=\"https:\/\/jornalfatosenoticias.com.br\/wp-content\/uploads\/2020\/02\/logo_esteio.jpg\" alt=\"\" class=\"wp-image-1214\"\/><\/figure><\/div>\n\n\n\n<figure class=\"wp-block-pullquote\"><blockquote><p><span class=\"has-inline-color has-luminous-vivid-orange-color\">Moraes determinou ainda que a Corregedoria-Geral Eleitoral e a Procuradoria-Geral Eleitoral apurem \u201ceventual pr\u00e1tica de abuso de poder pol\u00edtico, consubstanciado no desvio de finalidade no uso de \u00f3rg\u00e3os administrativos com inten\u00e7\u00e3o de favorecer determinada candidatura, al\u00e9m do crime de abuso de autoridade\u201d.<\/span><\/p><\/blockquote><\/figure>\n\n\n\n<div class=\"wp-block-image\"><figure class=\"alignright size-large is-resized\"><img loading=\"lazy\" decoding=\"async\" src=\"https:\/\/jornalfatosenoticias.com.br\/wp-content\/uploads\/2020\/02\/nova-logo-Marquetti.jpg\" alt=\"\" class=\"wp-image-22331\" width=\"313\" height=\"210\" srcset=\"https:\/\/jornalfatosenoticias.com.br\/wp-content\/uploads\/2020\/02\/nova-logo-Marquetti.jpg 643w, https:\/\/jornalfatosenoticias.com.br\/wp-content\/uploads\/2020\/02\/nova-logo-Marquetti-300x202.jpg 300w\" sizes=\"auto, (max-width: 313px) 100vw, 313px\" \/><\/figure><\/div>\n\n\n\n<p>No despacho, Moraes disse serem precipitados os dois procedimentos abertos por determina\u00e7\u00e3o do Minist\u00e9rio da Justi\u00e7a, \u00f3rg\u00e3o ao qual a PF est\u00e1 vinculada, e o Cade. \u201cAmbas as determina\u00e7\u00f5es \u2014 MJ e Cade \u2014 s\u00e3o baseadas, unicamente, em presun\u00e7\u00f5es relacionadas \u00e0 desconformidade dos resultados das urnas com o desempenho de candidatos retratados nas pesquisas, sem que exista men\u00e7\u00e3o a indicativos m\u00ednimos de forma\u00e7\u00e3o do v\u00ednculo subjetivo entre os institutos apontados ou mesmo pr\u00e1ticas de procedimentos il\u00edcitos\u201d.<\/p>\n\n\n\n<div class=\"wp-block-image\"><figure class=\"aligncenter size-large\"><img decoding=\"async\" src=\"https:\/\/jornalfatosenoticias.com.br\/wp-content\/uploads\/2020\/02\/Serra-Grande-1024x160.png\" alt=\"\" class=\"wp-image-7836\"\/><\/figure><\/div>\n\n\n\n<p><strong><span class=\"has-inline-color has-black-color\">Investiga\u00e7\u00f5es<br><\/span><\/strong>Ontem (13), a PF confirmou \u00e0 <strong><strong>Ag\u00eancia Brasil\u00a0<\/strong>a\u00a0<a href=\"https:\/\/agenciabrasil.ebc.com.br\/politica\/noticia\/2022-10\/pf-confirma-abertura-de-inquerito-contra-institutos-de-pesquisa\" target=\"_blank\" rel=\"noreferrer noopener\">instaura\u00e7\u00e3o de inqu\u00e9rito policial<\/a><\/strong> para apurar a atua\u00e7\u00e3o dos institutos de pesquisa de opini\u00e3o p\u00fablica. O objetivo seria verificar se empresas do setor atuaram irregularmente, de forma a prejudicar o presidente da Rep\u00fablica e candidato \u00e0 reelei\u00e7\u00e3o Jair Bolsonaro (PL).<\/p>\n\n\n\n<div class=\"wp-block-image\"><figure class=\"aligncenter size-large is-resized\"><img loading=\"lazy\" decoding=\"async\" src=\"https:\/\/jornalfatosenoticias.com.br\/wp-content\/uploads\/2022\/02\/Precisao-Contabilidade-1024x724.jpg\" alt=\"\" class=\"wp-image-28088\" width=\"328\" height=\"232\"\/><\/figure><\/div>\n\n\n\n<p>A instaura\u00e7\u00e3o do inqu\u00e9rito foi solicitada pelo ministro da Justi\u00e7a e Seguran\u00e7a P\u00fablica, Anderson Torres, ao qual a PF est\u00e1 subordinada. No \u00faltimo dia 4, ou seja, dois dias ap\u00f3s a realiza\u00e7\u00e3o do primeiro turno das elei\u00e7\u00f5es gerais, Torres anunciou, no Twitter, que tinha pedido a abertura de inqu\u00e9rito policial para apurar supostas \u201ccondutas que, em tese, caracterizam a pr\u00e1tica de crimes perpetrados\u201d por alguns institutos.<\/p>\n\n\n\n<div class=\"wp-block-image\"><figure class=\"aligncenter size-large\"><img decoding=\"async\" src=\"https:\/\/jornalfatosenoticias.com.br\/wp-content\/uploads\/2020\/02\/barao-das-carnes-300x164-1.jpg\" alt=\"\" class=\"wp-image-34339\"\/><\/figure><\/div>\n\n\n\n<p>No mesmo dia, o presidente do Cade, Alexandre Cordeiro Macedo, tamb\u00e9m pediu \u00e0 Superintend\u00eancia-Geral do \u00f3rg\u00e3o que analisasse se, no primeiro turno, houve erros intencionais nas sondagens de voto, caracterizando \u201csuposta infra\u00e7\u00e3o \u00e0 ordem econ\u00f4mica\u201d. A autarquia tamb\u00e9m est\u00e1 vinculada ao Minist\u00e9rio da Justi\u00e7a e Seguran\u00e7a P\u00fablica.<\/p>\n\n\n\n<div class=\"wp-block-image\"><figure class=\"aligncenter size-large\"><img decoding=\"async\" src=\"https:\/\/jornalfatosenoticias.com.br\/wp-content\/uploads\/2020\/02\/logo-embacia-1-1024x110.jpg\" alt=\"\" class=\"wp-image-33954\"\/><\/figure><\/div>\n\n\n\n<p>Ambos os procedimentos foram motivados pela discrep\u00e2ncia entre pesquisas de inten\u00e7\u00e3o de voto divulgadas na v\u00e9spera do primeiro e o desempenho nas urnas acima do esperado por Bolsonaro, que tenta a reelei\u00e7\u00e3o.<\/p>\n\n\n\n<div class=\"wp-block-image\"><figure class=\"aligncenter size-large is-resized\"><img loading=\"lazy\" decoding=\"async\" src=\"https:\/\/jornalfatosenoticias.com.br\/wp-content\/uploads\/2022\/07\/Logo-Grupo-SEI.jpg\" alt=\"\" class=\"wp-image-31973\" width=\"351\" height=\"184\" srcset=\"https:\/\/jornalfatosenoticias.com.br\/wp-content\/uploads\/2022\/07\/Logo-Grupo-SEI.jpg 713w, https:\/\/jornalfatosenoticias.com.br\/wp-content\/uploads\/2022\/07\/Logo-Grupo-SEI-300x158.jpg 300w\" sizes=\"auto, (max-width: 351px) 100vw, 351px\" \/><\/figure><\/div>\n\n\n\n<p>Encerrada a vota\u00e7\u00e3o, Lula obteve 47,85% dos votos v\u00e1lidos (desconsiderados votos brancos e nulos). Um resultado que, considerando a margem de erro t\u00e9cnico, ficou pr\u00f3ximo ao previsto pela maioria dos institutos de pesquisa. J\u00e1 Bolsonaro alcan\u00e7ou 43,7%, ao menos 7 pontos percentuais superior a algumas das principais pesquisas divulgadas \u00e0 v\u00e9spera do primeiro turno, que apontavam uma diferen\u00e7a de at\u00e9 14 pontos percentuais a favor do petista.<\/p>\n\n\n\n<div class=\"wp-block-image\"><figure class=\"aligncenter size-large is-resized\"><img loading=\"lazy\" decoding=\"async\" src=\"https:\/\/jornalfatosenoticias.com.br\/wp-content\/uploads\/2020\/02\/Logo-RC-Radiadores-Distribuidora-com-telefone-preto-1.jpg\" alt=\"\" class=\"wp-image-34852\" width=\"286\" height=\"295\"\/><\/figure><\/div>\n\n\n\n<p><strong><em>Fonte: <a href=\"https:\/\/agenciabrasil.ebc.com.br\/justica\/noticia\/2022-10\/presidente-do-tse-veta-investigacoes-contra-institutos-de-pesquisa\">Ag\u00eancia Brasil<\/a><\/em><\/strong><\/p>\n","protected":false},"excerpt":{"rendered":"<p>Segundo Moraes, n\u00e3o cabe \u00e0 PF e ao Cade investigarem as empresas O presidente do Tribunal Superior Eleitoral (TSE), Alexandre de Moraes, decidiu na noite dessa quinta-feira (13) vetar a abertura de inqu\u00e9rito pela Pol\u00edcia Federal (PF) e de procedimento administrativo pelo Conselho Administrativo de Defesa Econ\u00f4mica (Cade) sobre a atua\u00e7\u00e3o de institutos de pesquisas [&hellip;]<\/p>\n","protected":false},"author":2,"featured_media":35186,"comment_status":"open","ping_status":"open","sticky":false,"template":"","format":"standard","meta":{"footnotes":""},"categories":[10],"tags":[10150,16502,2146,1514],"class_list":["post-35185","post","type-post","status-publish","format-standard","has-post-thumbnail","hentry","category-politica","tag-eleicoes-2022","tag-institutos-de-pesquisa","tag-policia-federal","tag-tse"],"yoast_head":"<!-- This site is optimized with the Yoast SEO plugin v26.5 - https:\/\/yoast.com\/wordpress\/plugins\/seo\/ -->\n<title>Presidente do TSE veta investiga\u00e7\u00f5es contra institutos de pesquisa - Jornal Fatos e Not\u00edcias<\/title>\n<meta name=\"robots\" content=\"index, follow, max-snippet:-1, max-image-preview:large, max-video-preview:-1\" \/>\n<link rel=\"canonical\" href=\"https:\/\/jornalfatosenoticias.com.br\/index.php\/2022\/10\/14\/presidente-do-tse-veta-investigacoes-contra-institutos-de-pesquisa\/\" \/>\n<meta property=\"og:locale\" content=\"pt_BR\" \/>\n<meta property=\"og:type\" content=\"article\" \/>\n<meta property=\"og:title\" content=\"Presidente do TSE veta investiga\u00e7\u00f5es contra institutos de pesquisa - Jornal Fatos e Not\u00edcias\" \/>\n<meta property=\"og:description\" content=\"Segundo Moraes, n\u00e3o cabe \u00e0 PF e ao Cade investigarem as empresas O presidente do Tribunal Superior Eleitoral (TSE), Alexandre de Moraes, decidiu na noite dessa quinta-feira (13) vetar a abertura de inqu\u00e9rito pela Pol\u00edcia Federal (PF) e de procedimento administrativo pelo Conselho Administrativo de Defesa Econ\u00f4mica (Cade) sobre a atua\u00e7\u00e3o de institutos de pesquisas [&hellip;]\" \/>\n<meta property=\"og:url\" content=\"https:\/\/jornalfatosenoticias.com.br\/index.php\/2022\/10\/14\/presidente-do-tse-veta-investigacoes-contra-institutos-de-pesquisa\/\" \/>\n<meta property=\"og:site_name\" content=\"Jornal Fatos e Not\u00edcias\" \/>\n<meta property=\"article:published_time\" content=\"2022-10-14T16:32:04+00:00\" \/>\n<meta property=\"article:modified_time\" content=\"2022-10-14T16:32:06+00:00\" \/>\n<meta property=\"og:image\" content=\"https:\/\/jornalfatosenoticias.com.br\/wp-content\/uploads\/2022\/10\/eleicoes-tse_mcamgo_abr.jpg\" \/>\n\t<meta property=\"og:image:width\" content=\"1000\" \/>\n\t<meta property=\"og:image:height\" content=\"598\" \/>\n\t<meta property=\"og:image:type\" content=\"image\/jpeg\" \/>\n<meta name=\"author\" content=\"Luzimara Fernandes\" \/>\n<meta name=\"twitter:card\" content=\"summary_large_image\" \/>\n<meta name=\"twitter:label1\" content=\"Escrito por\" \/>\n\t<meta name=\"twitter:data1\" content=\"Luzimara Fernandes\" \/>\n\t<meta name=\"twitter:label2\" content=\"Est. tempo de leitura\" \/>\n\t<meta name=\"twitter:data2\" content=\"3 minutos\" \/>\n<script type=\"application\/ld+json\" class=\"yoast-schema-graph\">{\"@context\":\"https:\/\/schema.org\",\"@graph\":[{\"@type\":\"Article\",\"@id\":\"https:\/\/jornalfatosenoticias.com.br\/index.php\/2022\/10\/14\/presidente-do-tse-veta-investigacoes-contra-institutos-de-pesquisa\/#article\",\"isPartOf\":{\"@id\":\"https:\/\/jornalfatosenoticias.com.br\/index.php\/2022\/10\/14\/presidente-do-tse-veta-investigacoes-contra-institutos-de-pesquisa\/\"},\"author\":{\"name\":\"Luzimara Fernandes\",\"@id\":\"https:\/\/jornalfatosenoticias.com.br\/#\/schema\/person\/d63837fa13ac8666eb9e74e0985d6f81\"},\"headline\":\"Presidente do TSE veta investiga\u00e7\u00f5es contra institutos de pesquisa\",\"datePublished\":\"2022-10-14T16:32:04+00:00\",\"dateModified\":\"2022-10-14T16:32:06+00:00\",\"mainEntityOfPage\":{\"@id\":\"https:\/\/jornalfatosenoticias.com.br\/index.php\/2022\/10\/14\/presidente-do-tse-veta-investigacoes-contra-institutos-de-pesquisa\/\"},\"wordCount\":582,\"commentCount\":0,\"publisher\":{\"@id\":\"https:\/\/jornalfatosenoticias.com.br\/#organization\"},\"image\":{\"@id\":\"https:\/\/jornalfatosenoticias.com.br\/index.php\/2022\/10\/14\/presidente-do-tse-veta-investigacoes-contra-institutos-de-pesquisa\/#primaryimage\"},\"thumbnailUrl\":\"https:\/\/jornalfatosenoticias.com.br\/wp-content\/uploads\/2022\/10\/eleicoes-tse_mcamgo_abr.jpg\",\"keywords\":[\"elei\u00e7\u00f5es 2022\",\"institutos de pesquisa\",\"Pol\u00edcia Federal\",\"TSE\"],\"articleSection\":[\"Pol\u00edtica\"],\"inLanguage\":\"pt-BR\",\"potentialAction\":[{\"@type\":\"CommentAction\",\"name\":\"Comment\",\"target\":[\"https:\/\/jornalfatosenoticias.com.br\/index.php\/2022\/10\/14\/presidente-do-tse-veta-investigacoes-contra-institutos-de-pesquisa\/#respond\"]}]},{\"@type\":\"WebPage\",\"@id\":\"https:\/\/jornalfatosenoticias.com.br\/index.php\/2022\/10\/14\/presidente-do-tse-veta-investigacoes-contra-institutos-de-pesquisa\/\",\"url\":\"https:\/\/jornalfatosenoticias.com.br\/index.php\/2022\/10\/14\/presidente-do-tse-veta-investigacoes-contra-institutos-de-pesquisa\/\",\"name\":\"Presidente do TSE veta investiga\u00e7\u00f5es contra institutos de pesquisa - Jornal Fatos e Not\u00edcias\",\"isPartOf\":{\"@id\":\"https:\/\/jornalfatosenoticias.com.br\/#website\"},\"primaryImageOfPage\":{\"@id\":\"https:\/\/jornalfatosenoticias.com.br\/index.php\/2022\/10\/14\/presidente-do-tse-veta-investigacoes-contra-institutos-de-pesquisa\/#primaryimage\"},\"image\":{\"@id\":\"https:\/\/jornalfatosenoticias.com.br\/index.php\/2022\/10\/14\/presidente-do-tse-veta-investigacoes-contra-institutos-de-pesquisa\/#primaryimage\"},\"thumbnailUrl\":\"https:\/\/jornalfatosenoticias.com.br\/wp-content\/uploads\/2022\/10\/eleicoes-tse_mcamgo_abr.jpg\",\"datePublished\":\"2022-10-14T16:32:04+00:00\",\"dateModified\":\"2022-10-14T16:32:06+00:00\",\"breadcrumb\":{\"@id\":\"https:\/\/jornalfatosenoticias.com.br\/index.php\/2022\/10\/14\/presidente-do-tse-veta-investigacoes-contra-institutos-de-pesquisa\/#breadcrumb\"},\"inLanguage\":\"pt-BR\",\"potentialAction\":[{\"@type\":\"ReadAction\",\"target\":[\"https:\/\/jornalfatosenoticias.com.br\/index.php\/2022\/10\/14\/presidente-do-tse-veta-investigacoes-contra-institutos-de-pesquisa\/\"]}]},{\"@type\":\"ImageObject\",\"inLanguage\":\"pt-BR\",\"@id\":\"https:\/\/jornalfatosenoticias.com.br\/index.php\/2022\/10\/14\/presidente-do-tse-veta-investigacoes-contra-institutos-de-pesquisa\/#primaryimage\",\"url\":\"https:\/\/jornalfatosenoticias.com.br\/wp-content\/uploads\/2022\/10\/eleicoes-tse_mcamgo_abr.jpg\",\"contentUrl\":\"https:\/\/jornalfatosenoticias.com.br\/wp-content\/uploads\/2022\/10\/eleicoes-tse_mcamgo_abr.jpg\",\"width\":1000,\"height\":598,\"caption\":\"Pr\u00e9dio do Tribunal Superior Eleitoral (TSE).\"},{\"@type\":\"BreadcrumbList\",\"@id\":\"https:\/\/jornalfatosenoticias.com.br\/index.php\/2022\/10\/14\/presidente-do-tse-veta-investigacoes-contra-institutos-de-pesquisa\/#breadcrumb\",\"itemListElement\":[{\"@type\":\"ListItem\",\"position\":1,\"name\":\"In\u00edcio\",\"item\":\"https:\/\/jornalfatosenoticias.com.br\/\"},{\"@type\":\"ListItem\",\"position\":2,\"name\":\"Presidente do TSE veta investiga\u00e7\u00f5es contra institutos de pesquisa\"}]},{\"@type\":\"WebSite\",\"@id\":\"https:\/\/jornalfatosenoticias.com.br\/#website\",\"url\":\"https:\/\/jornalfatosenoticias.com.br\/\",\"name\":\"Jornal Fatos e Not\u00edcias\",\"description\":\"Not\u00edcias em geral\",\"publisher\":{\"@id\":\"https:\/\/jornalfatosenoticias.com.br\/#organization\"},\"potentialAction\":[{\"@type\":\"SearchAction\",\"target\":{\"@type\":\"EntryPoint\",\"urlTemplate\":\"https:\/\/jornalfatosenoticias.com.br\/?s={search_term_string}\"},\"query-input\":{\"@type\":\"PropertyValueSpecification\",\"valueRequired\":true,\"valueName\":\"search_term_string\"}}],\"inLanguage\":\"pt-BR\"},{\"@type\":\"Organization\",\"@id\":\"https:\/\/jornalfatosenoticias.com.br\/#organization\",\"name\":\"Jornal Fatos e Not\u00edcias\",\"url\":\"https:\/\/jornalfatosenoticias.com.br\/\",\"logo\":{\"@type\":\"ImageObject\",\"inLanguage\":\"pt-BR\",\"@id\":\"https:\/\/jornalfatosenoticias.com.br\/#\/schema\/logo\/image\/\",\"url\":\"https:\/\/jornalfatosenoticias.com.br\/wp-content\/uploads\/2020\/02\/logo120.png\",\"contentUrl\":\"https:\/\/jornalfatosenoticias.com.br\/wp-content\/uploads\/2020\/02\/logo120.png\",\"width\":1227,\"height\":120,\"caption\":\"Jornal Fatos e Not\u00edcias\"},\"image\":{\"@id\":\"https:\/\/jornalfatosenoticias.com.br\/#\/schema\/logo\/image\/\"}},{\"@type\":\"Person\",\"@id\":\"https:\/\/jornalfatosenoticias.com.br\/#\/schema\/person\/d63837fa13ac8666eb9e74e0985d6f81\",\"name\":\"Luzimara Fernandes\",\"image\":{\"@type\":\"ImageObject\",\"inLanguage\":\"pt-BR\",\"@id\":\"https:\/\/jornalfatosenoticias.com.br\/#\/schema\/person\/image\/\",\"url\":\"https:\/\/jornalfatosenoticias.com.br\/wp-content\/uploads\/2025\/05\/EU_portal.jpg\",\"contentUrl\":\"https:\/\/jornalfatosenoticias.com.br\/wp-content\/uploads\/2025\/05\/EU_portal.jpg\",\"caption\":\"Luzimara Fernandes\"},\"description\":\"Jornalista MTB 2358-ES\",\"sameAs\":[\"https:\/\/jornalfatosenoticias.com.br\"],\"url\":\"https:\/\/jornalfatosenoticias.com.br\/index.php\/author\/luzimara\/\"}]}<\/script>\n<!-- \/ Yoast SEO plugin. -->","yoast_head_json":{"title":"Presidente do TSE veta investiga\u00e7\u00f5es contra institutos de pesquisa - Jornal Fatos e Not\u00edcias","robots":{"index":"index","follow":"follow","max-snippet":"max-snippet:-1","max-image-preview":"max-image-preview:large","max-video-preview":"max-video-preview:-1"},"canonical":"https:\/\/jornalfatosenoticias.com.br\/index.php\/2022\/10\/14\/presidente-do-tse-veta-investigacoes-contra-institutos-de-pesquisa\/","og_locale":"pt_BR","og_type":"article","og_title":"Presidente do TSE veta investiga\u00e7\u00f5es contra institutos de pesquisa - Jornal Fatos e Not\u00edcias","og_description":"Segundo Moraes, n\u00e3o cabe \u00e0 PF e ao Cade investigarem as empresas O presidente do Tribunal Superior Eleitoral (TSE), Alexandre de Moraes, decidiu na noite dessa quinta-feira (13) vetar a abertura de inqu\u00e9rito pela Pol\u00edcia Federal (PF) e de procedimento administrativo pelo Conselho Administrativo de Defesa Econ\u00f4mica (Cade) sobre a atua\u00e7\u00e3o de institutos de pesquisas [&hellip;]","og_url":"https:\/\/jornalfatosenoticias.com.br\/index.php\/2022\/10\/14\/presidente-do-tse-veta-investigacoes-contra-institutos-de-pesquisa\/","og_site_name":"Jornal Fatos e Not\u00edcias","article_published_time":"2022-10-14T16:32:04+00:00","article_modified_time":"2022-10-14T16:32:06+00:00","og_image":[{"width":1000,"height":598,"url":"https:\/\/jornalfatosenoticias.com.br\/wp-content\/uploads\/2022\/10\/eleicoes-tse_mcamgo_abr.jpg","type":"image\/jpeg"}],"author":"Luzimara Fernandes","twitter_card":"summary_large_image","twitter_misc":{"Escrito por":"Luzimara Fernandes","Est. tempo de leitura":"3 minutos"},"schema":{"@context":"https:\/\/schema.org","@graph":[{"@type":"Article","@id":"https:\/\/jornalfatosenoticias.com.br\/index.php\/2022\/10\/14\/presidente-do-tse-veta-investigacoes-contra-institutos-de-pesquisa\/#article","isPartOf":{"@id":"https:\/\/jornalfatosenoticias.com.br\/index.php\/2022\/10\/14\/presidente-do-tse-veta-investigacoes-contra-institutos-de-pesquisa\/"},"author":{"name":"Luzimara Fernandes","@id":"https:\/\/jornalfatosenoticias.com.br\/#\/schema\/person\/d63837fa13ac8666eb9e74e0985d6f81"},"headline":"Presidente do TSE veta investiga\u00e7\u00f5es contra institutos de pesquisa","datePublished":"2022-10-14T16:32:04+00:00","dateModified":"2022-10-14T16:32:06+00:00","mainEntityOfPage":{"@id":"https:\/\/jornalfatosenoticias.com.br\/index.php\/2022\/10\/14\/presidente-do-tse-veta-investigacoes-contra-institutos-de-pesquisa\/"},"wordCount":582,"commentCount":0,"publisher":{"@id":"https:\/\/jornalfatosenoticias.com.br\/#organization"},"image":{"@id":"https:\/\/jornalfatosenoticias.com.br\/index.php\/2022\/10\/14\/presidente-do-tse-veta-investigacoes-contra-institutos-de-pesquisa\/#primaryimage"},"thumbnailUrl":"https:\/\/jornalfatosenoticias.com.br\/wp-content\/uploads\/2022\/10\/eleicoes-tse_mcamgo_abr.jpg","keywords":["elei\u00e7\u00f5es 2022","institutos de pesquisa","Pol\u00edcia Federal","TSE"],"articleSection":["Pol\u00edtica"],"inLanguage":"pt-BR","potentialAction":[{"@type":"CommentAction","name":"Comment","target":["https:\/\/jornalfatosenoticias.com.br\/index.php\/2022\/10\/14\/presidente-do-tse-veta-investigacoes-contra-institutos-de-pesquisa\/#respond"]}]},{"@type":"WebPage","@id":"https:\/\/jornalfatosenoticias.com.br\/index.php\/2022\/10\/14\/presidente-do-tse-veta-investigacoes-contra-institutos-de-pesquisa\/","url":"https:\/\/jornalfatosenoticias.com.br\/index.php\/2022\/10\/14\/presidente-do-tse-veta-investigacoes-contra-institutos-de-pesquisa\/","name":"Presidente do TSE veta investiga\u00e7\u00f5es contra institutos de pesquisa - Jornal Fatos e Not\u00edcias","isPartOf":{"@id":"https:\/\/jornalfatosenoticias.com.br\/#website"},"primaryImageOfPage":{"@id":"https:\/\/jornalfatosenoticias.com.br\/index.php\/2022\/10\/14\/presidente-do-tse-veta-investigacoes-contra-institutos-de-pesquisa\/#primaryimage"},"image":{"@id":"https:\/\/jornalfatosenoticias.com.br\/index.php\/2022\/10\/14\/presidente-do-tse-veta-investigacoes-contra-institutos-de-pesquisa\/#primaryimage"},"thumbnailUrl":"https:\/\/jornalfatosenoticias.com.br\/wp-content\/uploads\/2022\/10\/eleicoes-tse_mcamgo_abr.jpg","datePublished":"2022-10-14T16:32:04+00:00","dateModified":"2022-10-14T16:32:06+00:00","breadcrumb":{"@id":"https:\/\/jornalfatosenoticias.com.br\/index.php\/2022\/10\/14\/presidente-do-tse-veta-investigacoes-contra-institutos-de-pesquisa\/#breadcrumb"},"inLanguage":"pt-BR","potentialAction":[{"@type":"ReadAction","target":["https:\/\/jornalfatosenoticias.com.br\/index.php\/2022\/10\/14\/presidente-do-tse-veta-investigacoes-contra-institutos-de-pesquisa\/"]}]},{"@type":"ImageObject","inLanguage":"pt-BR","@id":"https:\/\/jornalfatosenoticias.com.br\/index.php\/2022\/10\/14\/presidente-do-tse-veta-investigacoes-contra-institutos-de-pesquisa\/#primaryimage","url":"https:\/\/jornalfatosenoticias.com.br\/wp-content\/uploads\/2022\/10\/eleicoes-tse_mcamgo_abr.jpg","contentUrl":"https:\/\/jornalfatosenoticias.com.br\/wp-content\/uploads\/2022\/10\/eleicoes-tse_mcamgo_abr.jpg","width":1000,"height":598,"caption":"Pr\u00e9dio do Tribunal Superior Eleitoral (TSE)."},{"@type":"BreadcrumbList","@id":"https:\/\/jornalfatosenoticias.com.br\/index.php\/2022\/10\/14\/presidente-do-tse-veta-investigacoes-contra-institutos-de-pesquisa\/#breadcrumb","itemListElement":[{"@type":"ListItem","position":1,"name":"In\u00edcio","item":"https:\/\/jornalfatosenoticias.com.br\/"},{"@type":"ListItem","position":2,"name":"Presidente do TSE veta investiga\u00e7\u00f5es contra institutos de pesquisa"}]},{"@type":"WebSite","@id":"https:\/\/jornalfatosenoticias.com.br\/#website","url":"https:\/\/jornalfatosenoticias.com.br\/","name":"Jornal Fatos e Not\u00edcias","description":"Not\u00edcias em geral","publisher":{"@id":"https:\/\/jornalfatosenoticias.com.br\/#organization"},"potentialAction":[{"@type":"SearchAction","target":{"@type":"EntryPoint","urlTemplate":"https:\/\/jornalfatosenoticias.com.br\/?s={search_term_string}"},"query-input":{"@type":"PropertyValueSpecification","valueRequired":true,"valueName":"search_term_string"}}],"inLanguage":"pt-BR"},{"@type":"Organization","@id":"https:\/\/jornalfatosenoticias.com.br\/#organization","name":"Jornal Fatos e Not\u00edcias","url":"https:\/\/jornalfatosenoticias.com.br\/","logo":{"@type":"ImageObject","inLanguage":"pt-BR","@id":"https:\/\/jornalfatosenoticias.com.br\/#\/schema\/logo\/image\/","url":"https:\/\/jornalfatosenoticias.com.br\/wp-content\/uploads\/2020\/02\/logo120.png","contentUrl":"https:\/\/jornalfatosenoticias.com.br\/wp-content\/uploads\/2020\/02\/logo120.png","width":1227,"height":120,"caption":"Jornal Fatos e Not\u00edcias"},"image":{"@id":"https:\/\/jornalfatosenoticias.com.br\/#\/schema\/logo\/image\/"}},{"@type":"Person","@id":"https:\/\/jornalfatosenoticias.com.br\/#\/schema\/person\/d63837fa13ac8666eb9e74e0985d6f81","name":"Luzimara Fernandes","image":{"@type":"ImageObject","inLanguage":"pt-BR","@id":"https:\/\/jornalfatosenoticias.com.br\/#\/schema\/person\/image\/","url":"https:\/\/jornalfatosenoticias.com.br\/wp-content\/uploads\/2025\/05\/EU_portal.jpg","contentUrl":"https:\/\/jornalfatosenoticias.com.br\/wp-content\/uploads\/2025\/05\/EU_portal.jpg","caption":"Luzimara Fernandes"},"description":"Jornalista MTB 2358-ES","sameAs":["https:\/\/jornalfatosenoticias.com.br"],"url":"https:\/\/jornalfatosenoticias.com.br\/index.php\/author\/luzimara\/"}]}},"cc_featured_image_caption":{"caption_text":"(Foto: Marcelo Camargo\/Ag\u00eancia Brasil) \r\n","source_text":"","source_url":""},"jetpack_featured_media_url":"https:\/\/jornalfatosenoticias.com.br\/wp-content\/uploads\/2022\/10\/eleicoes-tse_mcamgo_abr.jpg","_links":{"self":[{"href":"https:\/\/jornalfatosenoticias.com.br\/index.php\/wp-json\/wp\/v2\/posts\/35185","targetHints":{"allow":["GET"]}}],"collection":[{"href":"https:\/\/jornalfatosenoticias.com.br\/index.php\/wp-json\/wp\/v2\/posts"}],"about":[{"href":"https:\/\/jornalfatosenoticias.com.br\/index.php\/wp-json\/wp\/v2\/types\/post"}],"author":[{"embeddable":true,"href":"https:\/\/jornalfatosenoticias.com.br\/index.php\/wp-json\/wp\/v2\/users\/2"}],"replies":[{"embeddable":true,"href":"https:\/\/jornalfatosenoticias.com.br\/index.php\/wp-json\/wp\/v2\/comments?post=35185"}],"version-history":[{"count":0,"href":"https:\/\/jornalfatosenoticias.com.br\/index.php\/wp-json\/wp\/v2\/posts\/35185\/revisions"}],"wp:featuredmedia":[{"embeddable":true,"href":"https:\/\/jornalfatosenoticias.com.br\/index.php\/wp-json\/wp\/v2\/media\/35186"}],"wp:attachment":[{"href":"https:\/\/jornalfatosenoticias.com.br\/index.php\/wp-json\/wp\/v2\/media?parent=35185"}],"wp:term":[{"taxonomy":"category","embeddable":true,"href":"https:\/\/jornalfatosenoticias.com.br\/index.php\/wp-json\/wp\/v2\/categories?post=35185"},{"taxonomy":"post_tag","embeddable":true,"href":"https:\/\/jornalfatosenoticias.com.br\/index.php\/wp-json\/wp\/v2\/tags?post=35185"}],"curies":[{"name":"wp","href":"https:\/\/api.w.org\/{rel}","templated":true}]}}