{"id":35218,"date":"2022-10-17T15:48:31","date_gmt":"2022-10-17T18:48:31","guid":{"rendered":"https:\/\/jornalfatosenoticias.com.br\/?p=35218"},"modified":"2022-10-17T15:48:33","modified_gmt":"2022-10-17T18:48:33","slug":"jardim-botanico-do-rio-comemora-200-anos-de-ciencia-da-flora-no-pais","status":"publish","type":"post","link":"https:\/\/jornalfatosenoticias.com.br\/index.php\/2022\/10\/17\/jardim-botanico-do-rio-comemora-200-anos-de-ciencia-da-flora-no-pais\/","title":{"rendered":"Jardim Bot\u00e2nico do Rio comemora 200 anos de ci\u00eancia da flora no Pa\u00eds"},"content":{"rendered":"\n<p><span class=\"has-inline-color has-black-color\"><em>Exposi\u00e7\u00e3o ser\u00e1 aberta hoje no Museu do Meio Ambiente<\/em><\/span><\/p>\n\n\n\n<div class=\"wp-block-image\"><figure class=\"aligncenter size-large\"><img loading=\"lazy\" decoding=\"async\" width=\"1024\" height=\"100\" src=\"https:\/\/jornalfatosenoticias.com.br\/wp-content\/uploads\/2022\/05\/NOVA-LOGO-CESCONETTO-1024x100.jpg\" alt=\"\" class=\"wp-image-30792\" srcset=\"https:\/\/jornalfatosenoticias.com.br\/wp-content\/uploads\/2022\/05\/NOVA-LOGO-CESCONETTO-1024x100.jpg 1024w, https:\/\/jornalfatosenoticias.com.br\/wp-content\/uploads\/2022\/05\/NOVA-LOGO-CESCONETTO-300x29.jpg 300w, https:\/\/jornalfatosenoticias.com.br\/wp-content\/uploads\/2022\/05\/NOVA-LOGO-CESCONETTO-768x75.jpg 768w, https:\/\/jornalfatosenoticias.com.br\/wp-content\/uploads\/2022\/05\/NOVA-LOGO-CESCONETTO.jpg 1280w\" sizes=\"auto, (max-width: 1024px) 100vw, 1024px\" \/><\/figure><\/div>\n\n\n\n<p>O Jardim Bot\u00e2nico do Rio de Janeiro vai celebrar 200 anos de ci\u00eancia da flora no Brasil, durante a <strong><a href=\"https:\/\/agenciabrasil.ebc.com.br\/educacao\/noticia\/2022-10\/comeca-hoje-19a-semana-nacional-de-ciencia-e-tecnologia\" target=\"_blank\" rel=\"noreferrer noopener\">19 \u00aa Semana Nacional de Ci\u00eancia e Tecnologia<\/a>,<\/strong> que come\u00e7a hoje (17). Uma exposi\u00e7\u00e3o gratuita no Museu do Meio Ambiente, com instrumentos cient\u00edficos, materiais interativos e fotos, ser\u00e1 a porta de entrada da programa\u00e7\u00e3o da semana, que se estender\u00e1 at\u00e9 domingo (23).<\/p>\n\n\n\n<div class=\"wp-block-image\"><figure class=\"aligncenter size-large\"><img loading=\"lazy\" decoding=\"async\" width=\"300\" height=\"250\" src=\"https:\/\/jornalfatosenoticias.com.br\/wp-content\/uploads\/2022\/08\/arte-Casarao.jpg\" alt=\"\" class=\"wp-image-33178\"\/><\/figure><\/div>\n\n\n\n<p>Ser\u00e3o apresentados marcos hist\u00f3ricos da pesquisa sobre plantas no Pa\u00eds, as expedi\u00e7\u00f5es cient\u00edficas e a atua\u00e7\u00e3o de mulheres na bot\u00e2nica, como a de Maria Bandeira, a primeira de que se tem not\u00edcia no Jardim Bot\u00e2nico do Rio. Nascida em 1902, a cientista viveu e se destacou em uma \u00e9poca em que as mulheres tinham dificuldades em seguir carreiras que eram tradicionalmente destinadas aos homens.<\/p>\n\n\n\n<div class=\"wp-block-image\"><figure class=\"aligncenter size-large is-resized\"><img loading=\"lazy\" decoding=\"async\" src=\"https:\/\/jornalfatosenoticias.com.br\/wp-content\/uploads\/2022\/08\/logo-locau-veiculos-1024x573.png\" alt=\"\" class=\"wp-image-33078\" width=\"285\" height=\"159\"\/><\/figure><\/div>\n\n\n\n<p>Al\u00e9m disso, o p\u00fablico poder\u00e1 participar de mais de 40 atividades, como oficinas de fotografia bot\u00e2nica com celulares e ecojardinagem, visita ao arboreto em realidade virtual, visita guiada \u00e0 cole\u00e7\u00e3o de plantas medicinais do jardim e mesas redondas com pesquisadores da institui\u00e7\u00e3o, que v\u00e3o apresentar o que h\u00e1 de mais atual nas pesquisas sobre biodiversidade.<\/p>\n\n\n\n<div class=\"wp-block-image\"><figure class=\"aligncenter size-large\"><img decoding=\"async\" src=\"https:\/\/jornalfatosenoticias.com.br\/wp-content\/uploads\/2020\/02\/logo-embacia-1-1024x110.jpg\" alt=\"\" class=\"wp-image-33954\"\/><\/figure><\/div>\n\n\n\n<p>O Jardim Bot\u00e2nico do Rio de Janeiro, fundado em 1808, \u00e9 considerado por historiadores da ci\u00eancia como a primeira institui\u00e7\u00e3o cient\u00edfica do Pa\u00eds. Naquele ano, com a transfer\u00eancia da corte portuguesa para o Brasil, dom Jo\u00e3o criou o Real Horto, mais tarde Jardim Bot\u00e2nico do Rio de Janeiro, para aclimatar esp\u00e9cies e produzir sementes e mudas para a produ\u00e7\u00e3o agr\u00edcola, especiarias e ornamenta\u00e7\u00e3o.<\/p>\n\n\n\n<div class=\"wp-block-image\"><figure class=\"aligncenter size-large is-resized\"><img loading=\"lazy\" decoding=\"async\" src=\"https:\/\/jornalfatosenoticias.com.br\/wp-content\/uploads\/2020\/02\/logo-clinica-limoeiro.jpg\" alt=\"\" class=\"wp-image-34610\" width=\"286\" height=\"203\"\/><\/figure><\/div>\n\n\n\n<p>Na edi\u00e7\u00e3o de 2022, a 19\u00aa Semana Nacional de Ci\u00eancia e Tecnologia tem como tema o Bicenten\u00e1rio da Independ\u00eancia: 200 anos de ci\u00eancia, tecnologia e inova\u00e7\u00e3o no Brasil.<\/p>\n\n\n\n<div class=\"wp-block-image\"><figure class=\"aligncenter size-large is-resized\"><img loading=\"lazy\" decoding=\"async\" src=\"https:\/\/jornalfatosenoticias.com.br\/wp-content\/uploads\/2022\/02\/Precisao-Contabilidade-1024x724.jpg\" alt=\"\" class=\"wp-image-28088\" width=\"256\" height=\"181\"\/><\/figure><\/div>\n\n\n\n<p>O evento ocorre desde 2004 e promove, em todo o Pa\u00eds, atividades gratuitas, abertas \u00e0 comunidade tanto no formato presencial quanto <em>on-line.<\/em> O tema proposto na edi\u00e7\u00e3o deste ano busca uma reflex\u00e3o \u201csobre o processo hist\u00f3rico da Independ\u00eancia do Brasil na constru\u00e7\u00e3o e desenvolvimento da na\u00e7\u00e3o brasileira\u201d.<\/p>\n\n\n\n<div class=\"wp-block-image\"><figure class=\"aligncenter size-large\"><img loading=\"lazy\" decoding=\"async\" width=\"1024\" height=\"103\" src=\"https:\/\/jornalfatosenoticias.com.br\/wp-content\/uploads\/2022\/02\/Arte-Autoescola-Galatas_endereco_portal-1024x103.png\" alt=\"\" class=\"wp-image-27869\" srcset=\"https:\/\/jornalfatosenoticias.com.br\/wp-content\/uploads\/2022\/02\/Arte-Autoescola-Galatas_endereco_portal-1024x103.png 1024w, https:\/\/jornalfatosenoticias.com.br\/wp-content\/uploads\/2022\/02\/Arte-Autoescola-Galatas_endereco_portal-300x30.png 300w, https:\/\/jornalfatosenoticias.com.br\/wp-content\/uploads\/2022\/02\/Arte-Autoescola-Galatas_endereco_portal-768x77.png 768w, https:\/\/jornalfatosenoticias.com.br\/wp-content\/uploads\/2022\/02\/Arte-Autoescola-Galatas_endereco_portal.png 1223w\" sizes=\"auto, (max-width: 1024px) 100vw, 1024px\" \/><\/figure><\/div>\n\n\n\n<p><em><strong>Fonte: <a href=\"https:\/\/agenciabrasil.ebc.com.br\/geral\/noticia\/2022-10\/jardim-botanico-do-rio-comemorar-200-anos-de-ciencia-da-flora-no-pais\">Ag\u00eancia Brasil<\/a><\/strong><\/em><\/p>\n","protected":false},"excerpt":{"rendered":"<p>Exposi\u00e7\u00e3o ser\u00e1 aberta hoje no Museu do Meio Ambiente O Jardim Bot\u00e2nico do Rio de Janeiro vai celebrar 200 anos de ci\u00eancia da flora no Brasil, durante a 19 \u00aa Semana Nacional de Ci\u00eancia e Tecnologia, que come\u00e7a hoje (17). Uma exposi\u00e7\u00e3o gratuita no Museu do Meio Ambiente, com instrumentos cient\u00edficos, materiais interativos e fotos, [&hellip;]<\/p>\n","protected":false},"author":2,"featured_media":35219,"comment_status":"open","ping_status":"open","sticky":false,"template":"","format":"standard","meta":{"footnotes":""},"categories":[5],"tags":[16517,16518,9564,289,16519],"class_list":["post-35218","post","type-post","status-publish","format-standard","has-post-thumbnail","hentry","category-geral","tag-ciencia-da-flora","tag-exposicao-200-anos","tag-jardim-botanico","tag-rio-de-janeiro","tag-semana-de-ciencia-e-tecnologia"],"yoast_head":"<!-- This site is optimized with the Yoast SEO plugin v26.5 - https:\/\/yoast.com\/wordpress\/plugins\/seo\/ -->\n<title>Jardim Bot\u00e2nico do Rio comemora 200 anos de ci\u00eancia da flora no Pa\u00eds - Jornal Fatos e Not\u00edcias<\/title>\n<meta name=\"robots\" content=\"index, follow, max-snippet:-1, max-image-preview:large, max-video-preview:-1\" \/>\n<link rel=\"canonical\" href=\"https:\/\/jornalfatosenoticias.com.br\/index.php\/2022\/10\/17\/jardim-botanico-do-rio-comemora-200-anos-de-ciencia-da-flora-no-pais\/\" \/>\n<meta property=\"og:locale\" content=\"pt_BR\" \/>\n<meta property=\"og:type\" content=\"article\" \/>\n<meta property=\"og:title\" content=\"Jardim Bot\u00e2nico do Rio comemora 200 anos de ci\u00eancia da flora no Pa\u00eds - Jornal Fatos e Not\u00edcias\" \/>\n<meta property=\"og:description\" content=\"Exposi\u00e7\u00e3o ser\u00e1 aberta hoje no Museu do Meio Ambiente O Jardim Bot\u00e2nico do Rio de Janeiro vai celebrar 200 anos de ci\u00eancia da flora no Brasil, durante a 19 \u00aa Semana Nacional de Ci\u00eancia e Tecnologia, que come\u00e7a hoje (17). Uma exposi\u00e7\u00e3o gratuita no Museu do Meio Ambiente, com instrumentos cient\u00edficos, materiais interativos e fotos, [&hellip;]\" \/>\n<meta property=\"og:url\" content=\"https:\/\/jornalfatosenoticias.com.br\/index.php\/2022\/10\/17\/jardim-botanico-do-rio-comemora-200-anos-de-ciencia-da-flora-no-pais\/\" \/>\n<meta property=\"og:site_name\" content=\"Jornal Fatos e Not\u00edcias\" \/>\n<meta property=\"article:published_time\" content=\"2022-10-17T18:48:31+00:00\" \/>\n<meta property=\"article:modified_time\" content=\"2022-10-17T18:48:33+00:00\" \/>\n<meta property=\"og:image\" content=\"https:\/\/jornalfatosenoticias.com.br\/wp-content\/uploads\/2022\/10\/jardim-botanico_rj.jpg\" \/>\n\t<meta property=\"og:image:width\" content=\"1000\" \/>\n\t<meta property=\"og:image:height\" content=\"598\" \/>\n\t<meta property=\"og:image:type\" content=\"image\/jpeg\" \/>\n<meta name=\"author\" content=\"Luzimara Fernandes\" \/>\n<meta name=\"twitter:card\" content=\"summary_large_image\" \/>\n<meta name=\"twitter:label1\" content=\"Escrito por\" \/>\n\t<meta name=\"twitter:data1\" content=\"Luzimara Fernandes\" \/>\n\t<meta name=\"twitter:label2\" content=\"Est. tempo de leitura\" \/>\n\t<meta name=\"twitter:data2\" content=\"2 minutos\" \/>\n<script type=\"application\/ld+json\" class=\"yoast-schema-graph\">{\"@context\":\"https:\/\/schema.org\",\"@graph\":[{\"@type\":\"Article\",\"@id\":\"https:\/\/jornalfatosenoticias.com.br\/index.php\/2022\/10\/17\/jardim-botanico-do-rio-comemora-200-anos-de-ciencia-da-flora-no-pais\/#article\",\"isPartOf\":{\"@id\":\"https:\/\/jornalfatosenoticias.com.br\/index.php\/2022\/10\/17\/jardim-botanico-do-rio-comemora-200-anos-de-ciencia-da-flora-no-pais\/\"},\"author\":{\"name\":\"Luzimara Fernandes\",\"@id\":\"https:\/\/jornalfatosenoticias.com.br\/#\/schema\/person\/d63837fa13ac8666eb9e74e0985d6f81\"},\"headline\":\"Jardim Bot\u00e2nico do Rio comemora 200 anos de ci\u00eancia da flora no Pa\u00eds\",\"datePublished\":\"2022-10-17T18:48:31+00:00\",\"dateModified\":\"2022-10-17T18:48:33+00:00\",\"mainEntityOfPage\":{\"@id\":\"https:\/\/jornalfatosenoticias.com.br\/index.php\/2022\/10\/17\/jardim-botanico-do-rio-comemora-200-anos-de-ciencia-da-flora-no-pais\/\"},\"wordCount\":379,\"commentCount\":0,\"publisher\":{\"@id\":\"https:\/\/jornalfatosenoticias.com.br\/#organization\"},\"image\":{\"@id\":\"https:\/\/jornalfatosenoticias.com.br\/index.php\/2022\/10\/17\/jardim-botanico-do-rio-comemora-200-anos-de-ciencia-da-flora-no-pais\/#primaryimage\"},\"thumbnailUrl\":\"https:\/\/jornalfatosenoticias.com.br\/wp-content\/uploads\/2022\/10\/jardim-botanico_rj.jpg\",\"keywords\":[\"ci\u00eancia da flora\",\"Exposi\u00e7\u00e3o 200 anos\",\"Jardim Bot\u00e2nico\",\"Rio de Janeiro\",\"Semana de Ci\u00eancia e Tecnologia\"],\"articleSection\":[\"Geral\"],\"inLanguage\":\"pt-BR\",\"potentialAction\":[{\"@type\":\"CommentAction\",\"name\":\"Comment\",\"target\":[\"https:\/\/jornalfatosenoticias.com.br\/index.php\/2022\/10\/17\/jardim-botanico-do-rio-comemora-200-anos-de-ciencia-da-flora-no-pais\/#respond\"]}]},{\"@type\":\"WebPage\",\"@id\":\"https:\/\/jornalfatosenoticias.com.br\/index.php\/2022\/10\/17\/jardim-botanico-do-rio-comemora-200-anos-de-ciencia-da-flora-no-pais\/\",\"url\":\"https:\/\/jornalfatosenoticias.com.br\/index.php\/2022\/10\/17\/jardim-botanico-do-rio-comemora-200-anos-de-ciencia-da-flora-no-pais\/\",\"name\":\"Jardim Bot\u00e2nico do Rio comemora 200 anos de ci\u00eancia da flora no Pa\u00eds - Jornal Fatos e Not\u00edcias\",\"isPartOf\":{\"@id\":\"https:\/\/jornalfatosenoticias.com.br\/#website\"},\"primaryImageOfPage\":{\"@id\":\"https:\/\/jornalfatosenoticias.com.br\/index.php\/2022\/10\/17\/jardim-botanico-do-rio-comemora-200-anos-de-ciencia-da-flora-no-pais\/#primaryimage\"},\"image\":{\"@id\":\"https:\/\/jornalfatosenoticias.com.br\/index.php\/2022\/10\/17\/jardim-botanico-do-rio-comemora-200-anos-de-ciencia-da-flora-no-pais\/#primaryimage\"},\"thumbnailUrl\":\"https:\/\/jornalfatosenoticias.com.br\/wp-content\/uploads\/2022\/10\/jardim-botanico_rj.jpg\",\"datePublished\":\"2022-10-17T18:48:31+00:00\",\"dateModified\":\"2022-10-17T18:48:33+00:00\",\"breadcrumb\":{\"@id\":\"https:\/\/jornalfatosenoticias.com.br\/index.php\/2022\/10\/17\/jardim-botanico-do-rio-comemora-200-anos-de-ciencia-da-flora-no-pais\/#breadcrumb\"},\"inLanguage\":\"pt-BR\",\"potentialAction\":[{\"@type\":\"ReadAction\",\"target\":[\"https:\/\/jornalfatosenoticias.com.br\/index.php\/2022\/10\/17\/jardim-botanico-do-rio-comemora-200-anos-de-ciencia-da-flora-no-pais\/\"]}]},{\"@type\":\"ImageObject\",\"inLanguage\":\"pt-BR\",\"@id\":\"https:\/\/jornalfatosenoticias.com.br\/index.php\/2022\/10\/17\/jardim-botanico-do-rio-comemora-200-anos-de-ciencia-da-flora-no-pais\/#primaryimage\",\"url\":\"https:\/\/jornalfatosenoticias.com.br\/wp-content\/uploads\/2022\/10\/jardim-botanico_rj.jpg\",\"contentUrl\":\"https:\/\/jornalfatosenoticias.com.br\/wp-content\/uploads\/2022\/10\/jardim-botanico_rj.jpg\",\"width\":1000,\"height\":598,\"caption\":\"Fachada do Museu do Meio Ambiente no Jardim Bot\u00e2nico do Rio de Janeiro\"},{\"@type\":\"BreadcrumbList\",\"@id\":\"https:\/\/jornalfatosenoticias.com.br\/index.php\/2022\/10\/17\/jardim-botanico-do-rio-comemora-200-anos-de-ciencia-da-flora-no-pais\/#breadcrumb\",\"itemListElement\":[{\"@type\":\"ListItem\",\"position\":1,\"name\":\"In\u00edcio\",\"item\":\"https:\/\/jornalfatosenoticias.com.br\/\"},{\"@type\":\"ListItem\",\"position\":2,\"name\":\"Jardim Bot\u00e2nico do Rio comemora 200 anos de ci\u00eancia da flora no Pa\u00eds\"}]},{\"@type\":\"WebSite\",\"@id\":\"https:\/\/jornalfatosenoticias.com.br\/#website\",\"url\":\"https:\/\/jornalfatosenoticias.com.br\/\",\"name\":\"Jornal Fatos e Not\u00edcias\",\"description\":\"Not\u00edcias em geral\",\"publisher\":{\"@id\":\"https:\/\/jornalfatosenoticias.com.br\/#organization\"},\"potentialAction\":[{\"@type\":\"SearchAction\",\"target\":{\"@type\":\"EntryPoint\",\"urlTemplate\":\"https:\/\/jornalfatosenoticias.com.br\/?s={search_term_string}\"},\"query-input\":{\"@type\":\"PropertyValueSpecification\",\"valueRequired\":true,\"valueName\":\"search_term_string\"}}],\"inLanguage\":\"pt-BR\"},{\"@type\":\"Organization\",\"@id\":\"https:\/\/jornalfatosenoticias.com.br\/#organization\",\"name\":\"Jornal Fatos e Not\u00edcias\",\"url\":\"https:\/\/jornalfatosenoticias.com.br\/\",\"logo\":{\"@type\":\"ImageObject\",\"inLanguage\":\"pt-BR\",\"@id\":\"https:\/\/jornalfatosenoticias.com.br\/#\/schema\/logo\/image\/\",\"url\":\"https:\/\/jornalfatosenoticias.com.br\/wp-content\/uploads\/2020\/02\/logo120.png\",\"contentUrl\":\"https:\/\/jornalfatosenoticias.com.br\/wp-content\/uploads\/2020\/02\/logo120.png\",\"width\":1227,\"height\":120,\"caption\":\"Jornal Fatos e Not\u00edcias\"},\"image\":{\"@id\":\"https:\/\/jornalfatosenoticias.com.br\/#\/schema\/logo\/image\/\"}},{\"@type\":\"Person\",\"@id\":\"https:\/\/jornalfatosenoticias.com.br\/#\/schema\/person\/d63837fa13ac8666eb9e74e0985d6f81\",\"name\":\"Luzimara Fernandes\",\"image\":{\"@type\":\"ImageObject\",\"inLanguage\":\"pt-BR\",\"@id\":\"https:\/\/jornalfatosenoticias.com.br\/#\/schema\/person\/image\/\",\"url\":\"https:\/\/jornalfatosenoticias.com.br\/wp-content\/uploads\/2025\/05\/EU_portal.jpg\",\"contentUrl\":\"https:\/\/jornalfatosenoticias.com.br\/wp-content\/uploads\/2025\/05\/EU_portal.jpg\",\"caption\":\"Luzimara Fernandes\"},\"description\":\"Jornalista MTB 2358-ES\",\"sameAs\":[\"https:\/\/jornalfatosenoticias.com.br\"],\"url\":\"https:\/\/jornalfatosenoticias.com.br\/index.php\/author\/luzimara\/\"}]}<\/script>\n<!-- \/ Yoast SEO plugin. -->","yoast_head_json":{"title":"Jardim Bot\u00e2nico do Rio comemora 200 anos de ci\u00eancia da flora no Pa\u00eds - Jornal Fatos e Not\u00edcias","robots":{"index":"index","follow":"follow","max-snippet":"max-snippet:-1","max-image-preview":"max-image-preview:large","max-video-preview":"max-video-preview:-1"},"canonical":"https:\/\/jornalfatosenoticias.com.br\/index.php\/2022\/10\/17\/jardim-botanico-do-rio-comemora-200-anos-de-ciencia-da-flora-no-pais\/","og_locale":"pt_BR","og_type":"article","og_title":"Jardim Bot\u00e2nico do Rio comemora 200 anos de ci\u00eancia da flora no Pa\u00eds - Jornal Fatos e Not\u00edcias","og_description":"Exposi\u00e7\u00e3o ser\u00e1 aberta hoje no Museu do Meio Ambiente O Jardim Bot\u00e2nico do Rio de Janeiro vai celebrar 200 anos de ci\u00eancia da flora no Brasil, durante a 19 \u00aa Semana Nacional de Ci\u00eancia e Tecnologia, que come\u00e7a hoje (17). Uma exposi\u00e7\u00e3o gratuita no Museu do Meio Ambiente, com instrumentos cient\u00edficos, materiais interativos e fotos, [&hellip;]","og_url":"https:\/\/jornalfatosenoticias.com.br\/index.php\/2022\/10\/17\/jardim-botanico-do-rio-comemora-200-anos-de-ciencia-da-flora-no-pais\/","og_site_name":"Jornal Fatos e Not\u00edcias","article_published_time":"2022-10-17T18:48:31+00:00","article_modified_time":"2022-10-17T18:48:33+00:00","og_image":[{"width":1000,"height":598,"url":"https:\/\/jornalfatosenoticias.com.br\/wp-content\/uploads\/2022\/10\/jardim-botanico_rj.jpg","type":"image\/jpeg"}],"author":"Luzimara Fernandes","twitter_card":"summary_large_image","twitter_misc":{"Escrito por":"Luzimara Fernandes","Est. tempo de leitura":"2 minutos"},"schema":{"@context":"https:\/\/schema.org","@graph":[{"@type":"Article","@id":"https:\/\/jornalfatosenoticias.com.br\/index.php\/2022\/10\/17\/jardim-botanico-do-rio-comemora-200-anos-de-ciencia-da-flora-no-pais\/#article","isPartOf":{"@id":"https:\/\/jornalfatosenoticias.com.br\/index.php\/2022\/10\/17\/jardim-botanico-do-rio-comemora-200-anos-de-ciencia-da-flora-no-pais\/"},"author":{"name":"Luzimara Fernandes","@id":"https:\/\/jornalfatosenoticias.com.br\/#\/schema\/person\/d63837fa13ac8666eb9e74e0985d6f81"},"headline":"Jardim Bot\u00e2nico do Rio comemora 200 anos de ci\u00eancia da flora no Pa\u00eds","datePublished":"2022-10-17T18:48:31+00:00","dateModified":"2022-10-17T18:48:33+00:00","mainEntityOfPage":{"@id":"https:\/\/jornalfatosenoticias.com.br\/index.php\/2022\/10\/17\/jardim-botanico-do-rio-comemora-200-anos-de-ciencia-da-flora-no-pais\/"},"wordCount":379,"commentCount":0,"publisher":{"@id":"https:\/\/jornalfatosenoticias.com.br\/#organization"},"image":{"@id":"https:\/\/jornalfatosenoticias.com.br\/index.php\/2022\/10\/17\/jardim-botanico-do-rio-comemora-200-anos-de-ciencia-da-flora-no-pais\/#primaryimage"},"thumbnailUrl":"https:\/\/jornalfatosenoticias.com.br\/wp-content\/uploads\/2022\/10\/jardim-botanico_rj.jpg","keywords":["ci\u00eancia da flora","Exposi\u00e7\u00e3o 200 anos","Jardim Bot\u00e2nico","Rio de Janeiro","Semana de Ci\u00eancia e Tecnologia"],"articleSection":["Geral"],"inLanguage":"pt-BR","potentialAction":[{"@type":"CommentAction","name":"Comment","target":["https:\/\/jornalfatosenoticias.com.br\/index.php\/2022\/10\/17\/jardim-botanico-do-rio-comemora-200-anos-de-ciencia-da-flora-no-pais\/#respond"]}]},{"@type":"WebPage","@id":"https:\/\/jornalfatosenoticias.com.br\/index.php\/2022\/10\/17\/jardim-botanico-do-rio-comemora-200-anos-de-ciencia-da-flora-no-pais\/","url":"https:\/\/jornalfatosenoticias.com.br\/index.php\/2022\/10\/17\/jardim-botanico-do-rio-comemora-200-anos-de-ciencia-da-flora-no-pais\/","name":"Jardim Bot\u00e2nico do Rio comemora 200 anos de ci\u00eancia da flora no Pa\u00eds - Jornal Fatos e Not\u00edcias","isPartOf":{"@id":"https:\/\/jornalfatosenoticias.com.br\/#website"},"primaryImageOfPage":{"@id":"https:\/\/jornalfatosenoticias.com.br\/index.php\/2022\/10\/17\/jardim-botanico-do-rio-comemora-200-anos-de-ciencia-da-flora-no-pais\/#primaryimage"},"image":{"@id":"https:\/\/jornalfatosenoticias.com.br\/index.php\/2022\/10\/17\/jardim-botanico-do-rio-comemora-200-anos-de-ciencia-da-flora-no-pais\/#primaryimage"},"thumbnailUrl":"https:\/\/jornalfatosenoticias.com.br\/wp-content\/uploads\/2022\/10\/jardim-botanico_rj.jpg","datePublished":"2022-10-17T18:48:31+00:00","dateModified":"2022-10-17T18:48:33+00:00","breadcrumb":{"@id":"https:\/\/jornalfatosenoticias.com.br\/index.php\/2022\/10\/17\/jardim-botanico-do-rio-comemora-200-anos-de-ciencia-da-flora-no-pais\/#breadcrumb"},"inLanguage":"pt-BR","potentialAction":[{"@type":"ReadAction","target":["https:\/\/jornalfatosenoticias.com.br\/index.php\/2022\/10\/17\/jardim-botanico-do-rio-comemora-200-anos-de-ciencia-da-flora-no-pais\/"]}]},{"@type":"ImageObject","inLanguage":"pt-BR","@id":"https:\/\/jornalfatosenoticias.com.br\/index.php\/2022\/10\/17\/jardim-botanico-do-rio-comemora-200-anos-de-ciencia-da-flora-no-pais\/#primaryimage","url":"https:\/\/jornalfatosenoticias.com.br\/wp-content\/uploads\/2022\/10\/jardim-botanico_rj.jpg","contentUrl":"https:\/\/jornalfatosenoticias.com.br\/wp-content\/uploads\/2022\/10\/jardim-botanico_rj.jpg","width":1000,"height":598,"caption":"Fachada do Museu do Meio Ambiente no Jardim Bot\u00e2nico do Rio de Janeiro"},{"@type":"BreadcrumbList","@id":"https:\/\/jornalfatosenoticias.com.br\/index.php\/2022\/10\/17\/jardim-botanico-do-rio-comemora-200-anos-de-ciencia-da-flora-no-pais\/#breadcrumb","itemListElement":[{"@type":"ListItem","position":1,"name":"In\u00edcio","item":"https:\/\/jornalfatosenoticias.com.br\/"},{"@type":"ListItem","position":2,"name":"Jardim Bot\u00e2nico do Rio comemora 200 anos de ci\u00eancia da flora no Pa\u00eds"}]},{"@type":"WebSite","@id":"https:\/\/jornalfatosenoticias.com.br\/#website","url":"https:\/\/jornalfatosenoticias.com.br\/","name":"Jornal Fatos e Not\u00edcias","description":"Not\u00edcias em geral","publisher":{"@id":"https:\/\/jornalfatosenoticias.com.br\/#organization"},"potentialAction":[{"@type":"SearchAction","target":{"@type":"EntryPoint","urlTemplate":"https:\/\/jornalfatosenoticias.com.br\/?s={search_term_string}"},"query-input":{"@type":"PropertyValueSpecification","valueRequired":true,"valueName":"search_term_string"}}],"inLanguage":"pt-BR"},{"@type":"Organization","@id":"https:\/\/jornalfatosenoticias.com.br\/#organization","name":"Jornal Fatos e Not\u00edcias","url":"https:\/\/jornalfatosenoticias.com.br\/","logo":{"@type":"ImageObject","inLanguage":"pt-BR","@id":"https:\/\/jornalfatosenoticias.com.br\/#\/schema\/logo\/image\/","url":"https:\/\/jornalfatosenoticias.com.br\/wp-content\/uploads\/2020\/02\/logo120.png","contentUrl":"https:\/\/jornalfatosenoticias.com.br\/wp-content\/uploads\/2020\/02\/logo120.png","width":1227,"height":120,"caption":"Jornal Fatos e Not\u00edcias"},"image":{"@id":"https:\/\/jornalfatosenoticias.com.br\/#\/schema\/logo\/image\/"}},{"@type":"Person","@id":"https:\/\/jornalfatosenoticias.com.br\/#\/schema\/person\/d63837fa13ac8666eb9e74e0985d6f81","name":"Luzimara Fernandes","image":{"@type":"ImageObject","inLanguage":"pt-BR","@id":"https:\/\/jornalfatosenoticias.com.br\/#\/schema\/person\/image\/","url":"https:\/\/jornalfatosenoticias.com.br\/wp-content\/uploads\/2025\/05\/EU_portal.jpg","contentUrl":"https:\/\/jornalfatosenoticias.com.br\/wp-content\/uploads\/2025\/05\/EU_portal.jpg","caption":"Luzimara Fernandes"},"description":"Jornalista MTB 2358-ES","sameAs":["https:\/\/jornalfatosenoticias.com.br"],"url":"https:\/\/jornalfatosenoticias.com.br\/index.php\/author\/luzimara\/"}]}},"cc_featured_image_caption":{"caption_text":"(Foto: Tomaz Silva\/Ag\u00eancia Brasil) ","source_text":"","source_url":""},"jetpack_featured_media_url":"https:\/\/jornalfatosenoticias.com.br\/wp-content\/uploads\/2022\/10\/jardim-botanico_rj.jpg","_links":{"self":[{"href":"https:\/\/jornalfatosenoticias.com.br\/index.php\/wp-json\/wp\/v2\/posts\/35218","targetHints":{"allow":["GET"]}}],"collection":[{"href":"https:\/\/jornalfatosenoticias.com.br\/index.php\/wp-json\/wp\/v2\/posts"}],"about":[{"href":"https:\/\/jornalfatosenoticias.com.br\/index.php\/wp-json\/wp\/v2\/types\/post"}],"author":[{"embeddable":true,"href":"https:\/\/jornalfatosenoticias.com.br\/index.php\/wp-json\/wp\/v2\/users\/2"}],"replies":[{"embeddable":true,"href":"https:\/\/jornalfatosenoticias.com.br\/index.php\/wp-json\/wp\/v2\/comments?post=35218"}],"version-history":[{"count":0,"href":"https:\/\/jornalfatosenoticias.com.br\/index.php\/wp-json\/wp\/v2\/posts\/35218\/revisions"}],"wp:featuredmedia":[{"embeddable":true,"href":"https:\/\/jornalfatosenoticias.com.br\/index.php\/wp-json\/wp\/v2\/media\/35219"}],"wp:attachment":[{"href":"https:\/\/jornalfatosenoticias.com.br\/index.php\/wp-json\/wp\/v2\/media?parent=35218"}],"wp:term":[{"taxonomy":"category","embeddable":true,"href":"https:\/\/jornalfatosenoticias.com.br\/index.php\/wp-json\/wp\/v2\/categories?post=35218"},{"taxonomy":"post_tag","embeddable":true,"href":"https:\/\/jornalfatosenoticias.com.br\/index.php\/wp-json\/wp\/v2\/tags?post=35218"}],"curies":[{"name":"wp","href":"https:\/\/api.w.org\/{rel}","templated":true}]}}