{"id":35221,"date":"2022-10-17T16:04:56","date_gmt":"2022-10-17T19:04:56","guid":{"rendered":"https:\/\/jornalfatosenoticias.com.br\/?p=35221"},"modified":"2022-10-17T16:04:58","modified_gmt":"2022-10-17T19:04:58","slug":"pesquisa-mostra-queda-em-tratamento-e-diagnostico-de-cancer-de-mama","status":"publish","type":"post","link":"https:\/\/jornalfatosenoticias.com.br\/index.php\/2022\/10\/17\/pesquisa-mostra-queda-em-tratamento-e-diagnostico-de-cancer-de-mama\/","title":{"rendered":"Pesquisa mostra queda em tratamento e diagn\u00f3stico de c\u00e2ncer de mama"},"content":{"rendered":"\n<p><em><span class=\"has-inline-color has-black-color\">Dados do SUS apurados entre 2015 e 2021 preocupam especialistas<\/span><\/em><\/p>\n\n\n\n<div class=\"wp-block-image\"><figure class=\"aligncenter size-large\"><img loading=\"lazy\" decoding=\"async\" width=\"1024\" height=\"99\" src=\"https:\/\/jornalfatosenoticias.com.br\/wp-content\/uploads\/2020\/02\/Logo-Mizu-segunda-2-1024x99.png\" alt=\"\" class=\"wp-image-2353\" srcset=\"https:\/\/jornalfatosenoticias.com.br\/wp-content\/uploads\/2020\/02\/Logo-Mizu-segunda-2-1024x99.png 1024w, https:\/\/jornalfatosenoticias.com.br\/wp-content\/uploads\/2020\/02\/Logo-Mizu-segunda-2-300x29.png 300w, https:\/\/jornalfatosenoticias.com.br\/wp-content\/uploads\/2020\/02\/Logo-Mizu-segunda-2-768x74.png 768w, https:\/\/jornalfatosenoticias.com.br\/wp-content\/uploads\/2020\/02\/Logo-Mizu-segunda-2.png 1240w\" sizes=\"auto, (max-width: 1024px) 100vw, 1024px\" \/><\/figure><\/div>\n\n\n\n<p>O Panorama da Aten\u00e7\u00e3o ao C\u00e2ncer de Mama no Sistema \u00danico de Sa\u00fade (SUS), que avaliou procedimentos de detec\u00e7\u00e3o e tratamento da doen\u00e7a de 2015 a 2021 no Brasil, revelou dados que, segundo especialistas, s\u00e3o preocupantes. Com apenas 17% de alcance, o Pa\u00eds registrou, no ano passado, a menor taxa de cobertura mamogr\u00e1fica para mulheres entre 50 e 69 anos. <\/p>\n\n\n\n<div class=\"wp-block-image\"><figure class=\"aligncenter size-large\"><img decoding=\"async\" src=\"https:\/\/jornalfatosenoticias.com.br\/wp-content\/uploads\/2020\/02\/logo_esteio.jpg\" alt=\"\" class=\"wp-image-1214\"\/><\/figure><\/div>\n\n\n\n<p>Em 2019, quando tamb\u00e9m n\u00e3o tinha sido representativo, o percentual ficou em 23%. A recomenda\u00e7\u00e3o da Organiza\u00e7\u00e3o Mundial da Sa\u00fade (OMS) \u00e9 que 70% da popula\u00e7\u00e3o feminina fa\u00e7a o exame anualmente a partir dos 40 anos.<\/p>\n\n\n\n<div class=\"wp-block-image\"><figure class=\"aligncenter size-large\"><img loading=\"lazy\" decoding=\"async\" width=\"1024\" height=\"111\" src=\"https:\/\/jornalfatosenoticias.com.br\/wp-content\/uploads\/2020\/02\/WhatsApp-Image-2022-09-23-at-12.09.18-1024x111.jpeg\" alt=\"\" class=\"wp-image-34527\" srcset=\"https:\/\/jornalfatosenoticias.com.br\/wp-content\/uploads\/2020\/02\/WhatsApp-Image-2022-09-23-at-12.09.18-1024x111.jpeg 1024w, https:\/\/jornalfatosenoticias.com.br\/wp-content\/uploads\/2020\/02\/WhatsApp-Image-2022-09-23-at-12.09.18-300x32.jpeg 300w, https:\/\/jornalfatosenoticias.com.br\/wp-content\/uploads\/2020\/02\/WhatsApp-Image-2022-09-23-at-12.09.18-768x83.jpeg 768w, https:\/\/jornalfatosenoticias.com.br\/wp-content\/uploads\/2020\/02\/WhatsApp-Image-2022-09-23-at-12.09.18.jpeg 1121w\" sizes=\"auto, (max-width: 1024px) 100vw, 1024px\" \/><\/figure><\/div>\n\n\n\n<p>Segundo relat\u00f3rio do Panorama, o estudo informa sobre pacientes diagnosticadas com c\u00e2ncer de mama, com base no c\u00f3digo C50 da Classifica\u00e7\u00e3o Estat\u00edstica Internacional de Doen\u00e7as e Problemas Relacionados com a Sa\u00fade (CID-10), atendidas no SUS de 2015 a 2021. \u201cPara os dados do RHC [Registros Hospitalares de C\u00e2ncer], foi analisado o per\u00edodo entre 2015 e 2020\u201d.<\/p>\n\n\n\n<div class=\"wp-block-image\"><figure class=\"aligncenter size-large is-resized\"><img loading=\"lazy\" decoding=\"async\" src=\"https:\/\/jornalfatosenoticias.com.br\/wp-content\/uploads\/2020\/02\/nova-logo-Marquetti.jpg\" alt=\"\" class=\"wp-image-22331\" width=\"299\" height=\"201\" srcset=\"https:\/\/jornalfatosenoticias.com.br\/wp-content\/uploads\/2020\/02\/nova-logo-Marquetti.jpg 643w, https:\/\/jornalfatosenoticias.com.br\/wp-content\/uploads\/2020\/02\/nova-logo-Marquetti-300x202.jpg 300w\" sizes=\"auto, (max-width: 299px) 100vw, 299px\" \/><\/figure><\/div>\n\n\n\n<p>O estudo idealizado pelo Instituto Avon, uma organiza\u00e7\u00e3o da sociedade civil sem fins lucrativos que defende os direitos fundamentais das mulheres, e pelo Observat\u00f3rio de Oncologia, analisou dados de rastreamento mamogr\u00e1fico, avaliando a taxa que mede a capacidade do SUS de atender a popula\u00e7\u00e3o alvo de exames de rastreamento de c\u00e2ncer de mama.<\/p>\n\n\n\n<div class=\"wp-block-image\"><figure class=\"aligncenter size-large\"><img loading=\"lazy\" decoding=\"async\" width=\"1024\" height=\"110\" src=\"https:\/\/jornalfatosenoticias.com.br\/wp-content\/uploads\/2022\/10\/Arte-jornal-Zucchi-1120x120_Prancheta-1-1024x110.jpg\" alt=\"\" class=\"wp-image-34772\" srcset=\"https:\/\/jornalfatosenoticias.com.br\/wp-content\/uploads\/2022\/10\/Arte-jornal-Zucchi-1120x120_Prancheta-1-1024x110.jpg 1024w, https:\/\/jornalfatosenoticias.com.br\/wp-content\/uploads\/2022\/10\/Arte-jornal-Zucchi-1120x120_Prancheta-1-300x32.jpg 300w, https:\/\/jornalfatosenoticias.com.br\/wp-content\/uploads\/2022\/10\/Arte-jornal-Zucchi-1120x120_Prancheta-1-768x82.jpg 768w, https:\/\/jornalfatosenoticias.com.br\/wp-content\/uploads\/2022\/10\/Arte-jornal-Zucchi-1120x120_Prancheta-1-1536x165.jpg 1536w, https:\/\/jornalfatosenoticias.com.br\/wp-content\/uploads\/2022\/10\/Arte-jornal-Zucchi-1120x120_Prancheta-1-2048x219.jpg 2048w\" sizes=\"auto, (max-width: 1024px) 100vw, 1024px\" \/><\/figure><\/div>\n\n\n\n<p>Foram considerados tamb\u00e9m \u00edndices de diagn\u00f3stico e de acesso aos tratamentos no Brasil, com base no Datasus, o sistema de inform\u00e1tica do SUS. A inten\u00e7\u00e3o \u00e9 contribuir para a elabora\u00e7\u00e3o de pol\u00edticas p\u00fablicas de sa\u00fade que permitam a descoberta precoce, o acesso r\u00e1pido \u00e0s terap\u00eauticas e a tomada de decis\u00f5es baseadas em evid\u00eancias.<\/p>\n\n\n\n<div class=\"wp-block-image\"><figure class=\"aligncenter size-large is-resized\"><img loading=\"lazy\" decoding=\"async\" src=\"https:\/\/jornalfatosenoticias.com.br\/wp-content\/uploads\/2022\/07\/Logo-Grupo-SEI.jpg\" alt=\"\" class=\"wp-image-31973\" width=\"294\" height=\"154\" srcset=\"https:\/\/jornalfatosenoticias.com.br\/wp-content\/uploads\/2022\/07\/Logo-Grupo-SEI.jpg 713w, https:\/\/jornalfatosenoticias.com.br\/wp-content\/uploads\/2022\/07\/Logo-Grupo-SEI-300x158.jpg 300w\" sizes=\"auto, (max-width: 294px) 100vw, 294px\" \/><\/figure><\/div>\n\n\n\n<p>De acordo com a pesquisa, mais de 437 mil mulheres passaram por procedimentos quimioter\u00e1picos no Pa\u00eds entre 2015 e 2021. No per\u00edodo analisado, o Distrito Federal (DF) teve a pior taxa de cobertura mamogr\u00e1fica (4%), seguido por Tocantins, Acre e Roraima, com 6%.<\/p>\n\n\n\n<div class=\"wp-block-image\"><figure class=\"aligncenter size-large\"><img decoding=\"async\" src=\"https:\/\/jornalfatosenoticias.com.br\/wp-content\/uploads\/2020\/02\/logo-embacia-1-1024x110.jpg\" alt=\"\" class=\"wp-image-33954\"\/><\/figure><\/div>\n\n\n\n<p>Com a revela\u00e7\u00e3o de dados que indicam defici\u00eancia de pol\u00edticas p\u00fablicas para a sa\u00fade das mamas durante a pandemia de covid-19, a diretora executiva do Instituto Avon, Daniela Grelin, ressaltou que \u00e9 preocupante a perspectiva de mais mulheres chegarem ao SUS com diagn\u00f3stico avan\u00e7ado e, por isso, com menores chances de cura e de qualidade de vida. Os impactos da pandemia de 2020 a 2021, aliados \u00e0 falta de prioridade em investimentos na sa\u00fade feminina, resultam em n\u00fameros que v\u00e3o prejudicar diretamente a sa\u00fade das brasileiras nos pr\u00f3ximos anos, afirmou Daniela.<\/p>\n\n\n\n<div class=\"wp-block-image\"><figure class=\"aligncenter size-large\"><img loading=\"lazy\" decoding=\"async\" width=\"300\" height=\"250\" src=\"https:\/\/jornalfatosenoticias.com.br\/wp-content\/uploads\/2022\/08\/arte-Casarao.jpg\" alt=\"\" class=\"wp-image-33178\"\/><\/figure><\/div>\n\n\n\n<figure class=\"wp-block-pullquote\"><blockquote><p><span class=\"has-inline-color has-luminous-vivid-orange-color\">O c\u00e2ncer de mama \u00e9 a principal causa de morte por c\u00e2ncer entre as mulheres no Pa\u00eds e, quando descoberto em est\u00e1gio inicial, tem 95% de chances de cura\u201d, acrescentou.<\/span><\/p><\/blockquote><\/figure>\n\n\n\n<div class=\"wp-block-image\"><figure class=\"alignleft size-large is-resized\"><img loading=\"lazy\" decoding=\"async\" src=\"https:\/\/jornalfatosenoticias.com.br\/wp-content\/uploads\/2020\/02\/casa-do-torresmo_portal.jpg\" alt=\"\" class=\"wp-image-34472\" width=\"270\" height=\"270\" srcset=\"https:\/\/jornalfatosenoticias.com.br\/wp-content\/uploads\/2020\/02\/casa-do-torresmo_portal.jpg 300w, https:\/\/jornalfatosenoticias.com.br\/wp-content\/uploads\/2020\/02\/casa-do-torresmo_portal-150x150.jpg 150w\" sizes=\"auto, (max-width: 270px) 100vw, 270px\" \/><\/figure><\/div>\n\n\n\n<p>Assim como ocorreu na taxa de cobertura, os n\u00fameros da produ\u00e7\u00e3o de exames tamb\u00e9m ca\u00edram. Em 2020, a realiza\u00e7\u00e3o de mamografias caiu 40% e, em 2021, apesar da vacina e da retomada de diversas atividades, a queda ficou em 18% na m\u00e9dia nacional, na compara\u00e7\u00e3o com dados de 2019, per\u00edodo anterior \u00e0 pandemia. De 2015 a 2021, foram feitos 28.255.364 exames de mamografia no SUS, entre os quais, 27.853.787 foram aprovados. Em 2020, o Centro-Oeste foi a regi\u00e3o com a mais acentuada queda do n\u00famero de exames (50%). A Regi\u00e3o Norte teve redu\u00e7\u00e3o de 23% em 2020 e de 4% em 2021, comparado com o ano de 2019. J\u00e1 em 2021 a maior redu\u00e7\u00e3o foi na Regi\u00e3o Sul (23%).<\/p>\n\n\n\n<div class=\"wp-block-image\"><figure class=\"aligncenter size-large is-resized\"><img loading=\"lazy\" decoding=\"async\" src=\"https:\/\/jornalfatosenoticias.com.br\/wp-content\/uploads\/2020\/02\/logo-clinica-limoeiro.jpg\" alt=\"\" class=\"wp-image-34610\" width=\"290\" height=\"206\"\/><\/figure><\/div>\n\n\n\n<p>Segundo o trabalho, a diminui\u00e7\u00e3o de cobertura e de produ\u00e7\u00e3o de mamografias, que \u00e9 o principal exame de rastreamento e diagn\u00f3stico de c\u00e2ncer de mama, resulta em avalia\u00e7\u00e3o tardia para a chegada da popula\u00e7\u00e3o feminina ao tratamento.<br>Para a coordenadora do Observat\u00f3rio de Oncologia, Nina Melo, \u00e9 fundamental conhecer o cen\u00e1rio local para direcionamento de a\u00e7\u00f5es.<\/p>\n\n\n\n<div class=\"wp-block-image\"><figure class=\"aligncenter size-large is-resized\"><img loading=\"lazy\" decoding=\"async\" src=\"https:\/\/jornalfatosenoticias.com.br\/wp-content\/uploads\/2020\/02\/Logo-RC-Radiadores-Distribuidora-com-telefone-preto-1.jpg\" alt=\"\" class=\"wp-image-34852\" width=\"259\" height=\"267\"\/><\/figure><\/div>\n\n\n\n<figure class=\"wp-block-pullquote\"><blockquote><p><span class=\"has-inline-color has-luminous-vivid-orange-color\">O Panorama tem esse papel e \u00e9 um grande aliado do gestor de sa\u00fade, tanto da esfera municipal quanto da estadual, para agir de maneira mais eficaz. O c\u00e2ncer de mama j\u00e1 tinha desafios relacionados ao diagn\u00f3stico e acesso ao tratamento e que foram potencializados com a pandemia de covid-19. Divulgar essas informa\u00e7\u00f5es alarmantes tanto nacional quanto regionalmente \u00e9 de fundamental import\u00e2ncia\u201d, afirmou.<\/span><\/p><\/blockquote><\/figure>\n\n\n\n<div class=\"wp-block-image\"><figure class=\"aligncenter size-large\"><img loading=\"lazy\" decoding=\"async\" width=\"1024\" height=\"103\" src=\"https:\/\/jornalfatosenoticias.com.br\/wp-content\/uploads\/2022\/02\/Arte-Autoescola-Galatas_endereco_portal-1024x103.png\" alt=\"\" class=\"wp-image-27869\" srcset=\"https:\/\/jornalfatosenoticias.com.br\/wp-content\/uploads\/2022\/02\/Arte-Autoescola-Galatas_endereco_portal-1024x103.png 1024w, https:\/\/jornalfatosenoticias.com.br\/wp-content\/uploads\/2022\/02\/Arte-Autoescola-Galatas_endereco_portal-300x30.png 300w, https:\/\/jornalfatosenoticias.com.br\/wp-content\/uploads\/2022\/02\/Arte-Autoescola-Galatas_endereco_portal-768x77.png 768w, https:\/\/jornalfatosenoticias.com.br\/wp-content\/uploads\/2022\/02\/Arte-Autoescola-Galatas_endereco_portal.png 1223w\" sizes=\"auto, (max-width: 1024px) 100vw, 1024px\" \/><\/figure><\/div>\n\n\n\n<p><strong><span class=\"has-inline-color has-pale-pink-color\">Atendimentos<br><\/span><\/strong>Os n\u00fameros dos diagn\u00f3sticos avan\u00e7ados da doen\u00e7a no Brasil no per\u00edodo de 2015 a 2021 equivalem a 42% dos casos. Os casos avan\u00e7ados que receberam os procedimentos de tratamento em 2020 atingiram 43% e, em 2021, 45% do total de casos de mulheres que receberam tais procedimentos nos est\u00e1gios 3 e 4.<\/p>\n\n\n\n<div class=\"wp-block-image\"><figure class=\"aligncenter size-large\"><img decoding=\"async\" src=\"https:\/\/jornalfatosenoticias.com.br\/wp-content\/uploads\/2020\/02\/barao-das-carnes-300x164-1.jpg\" alt=\"\" class=\"wp-image-34339\"\/><\/figure><\/div>\n\n\n\n<p>No ano passado 45% das mulheres que fizeram quimioterapia para tratar c\u00e2ncer de mama, receberam o diagn\u00f3stico em est\u00e1gio avan\u00e7ado. O percentual significa 157 mil casos em est\u00e1gios 3 e 4. Nas mesmas fases da doen\u00e7a, mais de 28 mil brasileiras fizeram radioterapia para o c\u00e2ncer de mama.<\/p>\n\n\n\n<div class=\"wp-block-image\"><figure class=\"aligncenter size-large\"><img loading=\"lazy\" decoding=\"async\" width=\"1024\" height=\"100\" src=\"https:\/\/jornalfatosenoticias.com.br\/wp-content\/uploads\/2020\/02\/banner_ferramentas-1024x100.jpg\" alt=\"\" class=\"wp-image-1258\" srcset=\"https:\/\/jornalfatosenoticias.com.br\/wp-content\/uploads\/2020\/02\/banner_ferramentas-1024x100.jpg 1024w, https:\/\/jornalfatosenoticias.com.br\/wp-content\/uploads\/2020\/02\/banner_ferramentas-300x29.jpg 300w, https:\/\/jornalfatosenoticias.com.br\/wp-content\/uploads\/2020\/02\/banner_ferramentas-768x75.jpg 768w, https:\/\/jornalfatosenoticias.com.br\/wp-content\/uploads\/2020\/02\/banner_ferramentas.jpg 1227w\" sizes=\"auto, (max-width: 1024px) 100vw, 1024px\" \/><\/figure><\/div>\n\n\n\n<p>Outra informa\u00e7\u00e3o da pesquisa \u00e9 que mais de 60% das mulheres diagnosticadas come\u00e7aram o tratamento ap\u00f3s o prazo determinado na Lei 12.732\/12, que \u00e9 de at\u00e9 60 dias a partir da confirma\u00e7\u00e3o do c\u00e2ncer. Os dados mostram que, em 2020, o tempo m\u00e9dio ficou em 174 dias entre a confirma\u00e7\u00e3o do diagn\u00f3stico e o in\u00edcio do primeiro tratamento. \u201cAs pessoas esperaram 114 dias a mais do que o previsto na lei para iniciar o tratamento\u201d, apontou o estudo.<\/p>\n\n\n\n<div class=\"wp-block-image\"><figure class=\"aligncenter size-large is-resized\"><img loading=\"lazy\" decoding=\"async\" src=\"https:\/\/jornalfatosenoticias.com.br\/wp-content\/uploads\/2022\/08\/logo-locau-veiculos-1024x573.png\" alt=\"\" class=\"wp-image-33078\" width=\"328\" height=\"183\"\/><\/figure><\/div>\n\n\n\n<p><strong><span class=\"has-inline-color has-pale-pink-color\">Ra\u00e7a<br><\/span><\/strong>A principal constata\u00e7\u00e3o da an\u00e1lise do perfil \u00e9tnico-racial \u00e9 que a maior parte dos diagn\u00f3sticos avan\u00e7ados (47%) \u00e9 em mulheres negras. Apenas 24% dos exames de imagem das mamas foram realizados neste p\u00fablico. Em mulheres brancas, os resultados atingiram 37% das mamografias feitas pelo SUS e de 39% nos resultados de diagn\u00f3sticos avan\u00e7ados. A conclus\u00e3o \u00e9 que os n\u00fameros comprovam importantes diferen\u00e7as na aten\u00e7\u00e3o ao c\u00e2ncer de mama entre mulheres negras e brancas.<\/p>\n\n\n\n<div class=\"wp-block-image\"><figure class=\"aligncenter size-large\"><img loading=\"lazy\" decoding=\"async\" width=\"1024\" height=\"100\" src=\"https:\/\/jornalfatosenoticias.com.br\/wp-content\/uploads\/2022\/05\/NOVA-LOGO-CESCONETTO-1024x100.jpg\" alt=\"\" class=\"wp-image-30792\" srcset=\"https:\/\/jornalfatosenoticias.com.br\/wp-content\/uploads\/2022\/05\/NOVA-LOGO-CESCONETTO-1024x100.jpg 1024w, https:\/\/jornalfatosenoticias.com.br\/wp-content\/uploads\/2022\/05\/NOVA-LOGO-CESCONETTO-300x29.jpg 300w, https:\/\/jornalfatosenoticias.com.br\/wp-content\/uploads\/2022\/05\/NOVA-LOGO-CESCONETTO-768x75.jpg 768w, https:\/\/jornalfatosenoticias.com.br\/wp-content\/uploads\/2022\/05\/NOVA-LOGO-CESCONETTO.jpg 1280w\" sizes=\"auto, (max-width: 1024px) 100vw, 1024px\" \/><\/figure><\/div>\n\n\n\n<p>O Observat\u00f3rio de Oncologia \u00e9 uma plataforma on-line de Dados Abertos para transforma\u00e7\u00e3o social, idealizada pelo Movimento Todos Juntos Contra o C\u00e2ncer.<\/p>\n\n\n\n<div class=\"wp-block-image\"><figure class=\"aligncenter size-large is-resized\"><img loading=\"lazy\" decoding=\"async\" src=\"https:\/\/jornalfatosenoticias.com.br\/wp-content\/uploads\/2022\/02\/Precisao-Contabilidade-1024x724.jpg\" alt=\"\" class=\"wp-image-28088\" width=\"248\" height=\"175\"\/><\/figure><\/div>\n\n\n\n<p><strong><em>Fonte: <a href=\"https:\/\/agenciabrasil.ebc.com.br\/saude\/noticia\/2022-10\/pesquisa-mostra-queda-em-tratamento-e-diagnostico-de-cancer-de-mama\">Ag\u00eancia Brasil<\/a><\/em><\/strong><\/p>\n","protected":false},"excerpt":{"rendered":"<p>Dados do SUS apurados entre 2015 e 2021 preocupam especialistas O Panorama da Aten\u00e7\u00e3o ao C\u00e2ncer de Mama no Sistema \u00danico de Sa\u00fade (SUS), que avaliou procedimentos de detec\u00e7\u00e3o e tratamento da doen\u00e7a de 2015 a 2021 no Brasil, revelou dados que, segundo especialistas, s\u00e3o preocupantes. Com apenas 17% de alcance, o Pa\u00eds registrou, no [&hellip;]<\/p>\n","protected":false},"author":2,"featured_media":35222,"comment_status":"open","ping_status":"open","sticky":false,"template":"","format":"standard","meta":{"footnotes":""},"categories":[11],"tags":[3383,1125,16520,126,1120],"class_list":["post-35221","post","type-post","status-publish","format-standard","has-post-thumbnail","hentry","category-saude","tag-cancer-de-mama","tag-diagnostico","tag-instituto-avon","tag-sus","tag-tratamento"],"yoast_head":"<!-- This site is optimized with the Yoast SEO plugin v26.5 - https:\/\/yoast.com\/wordpress\/plugins\/seo\/ -->\n<title>Pesquisa mostra queda em tratamento e diagn\u00f3stico de c\u00e2ncer de mama - Jornal Fatos e Not\u00edcias<\/title>\n<meta name=\"robots\" content=\"index, follow, max-snippet:-1, max-image-preview:large, max-video-preview:-1\" \/>\n<link rel=\"canonical\" href=\"https:\/\/jornalfatosenoticias.com.br\/index.php\/2022\/10\/17\/pesquisa-mostra-queda-em-tratamento-e-diagnostico-de-cancer-de-mama\/\" \/>\n<meta property=\"og:locale\" content=\"pt_BR\" \/>\n<meta property=\"og:type\" content=\"article\" \/>\n<meta property=\"og:title\" content=\"Pesquisa mostra queda em tratamento e diagn\u00f3stico de c\u00e2ncer de mama - Jornal Fatos e Not\u00edcias\" \/>\n<meta property=\"og:description\" content=\"Dados do SUS apurados entre 2015 e 2021 preocupam especialistas O Panorama da Aten\u00e7\u00e3o ao C\u00e2ncer de Mama no Sistema \u00danico de Sa\u00fade (SUS), que avaliou procedimentos de detec\u00e7\u00e3o e tratamento da doen\u00e7a de 2015 a 2021 no Brasil, revelou dados que, segundo especialistas, s\u00e3o preocupantes. Com apenas 17% de alcance, o Pa\u00eds registrou, no [&hellip;]\" \/>\n<meta property=\"og:url\" content=\"https:\/\/jornalfatosenoticias.com.br\/index.php\/2022\/10\/17\/pesquisa-mostra-queda-em-tratamento-e-diagnostico-de-cancer-de-mama\/\" \/>\n<meta property=\"og:site_name\" content=\"Jornal Fatos e Not\u00edcias\" \/>\n<meta property=\"article:published_time\" content=\"2022-10-17T19:04:56+00:00\" \/>\n<meta property=\"article:modified_time\" content=\"2022-10-17T19:04:58+00:00\" \/>\n<meta property=\"og:image\" content=\"https:\/\/jornalfatosenoticias.com.br\/wp-content\/uploads\/2022\/10\/autoexame_cancer_de_mama.jpg\" \/>\n\t<meta property=\"og:image:width\" content=\"1000\" \/>\n\t<meta property=\"og:image:height\" content=\"667\" \/>\n\t<meta property=\"og:image:type\" content=\"image\/jpeg\" \/>\n<meta name=\"author\" content=\"Luzimara Fernandes\" \/>\n<meta name=\"twitter:card\" content=\"summary_large_image\" \/>\n<meta name=\"twitter:label1\" content=\"Escrito por\" \/>\n\t<meta name=\"twitter:data1\" content=\"Luzimara Fernandes\" \/>\n\t<meta name=\"twitter:label2\" content=\"Est. tempo de leitura\" \/>\n\t<meta name=\"twitter:data2\" content=\"5 minutos\" \/>\n<script type=\"application\/ld+json\" class=\"yoast-schema-graph\">{\"@context\":\"https:\/\/schema.org\",\"@graph\":[{\"@type\":\"Article\",\"@id\":\"https:\/\/jornalfatosenoticias.com.br\/index.php\/2022\/10\/17\/pesquisa-mostra-queda-em-tratamento-e-diagnostico-de-cancer-de-mama\/#article\",\"isPartOf\":{\"@id\":\"https:\/\/jornalfatosenoticias.com.br\/index.php\/2022\/10\/17\/pesquisa-mostra-queda-em-tratamento-e-diagnostico-de-cancer-de-mama\/\"},\"author\":{\"name\":\"Luzimara Fernandes\",\"@id\":\"https:\/\/jornalfatosenoticias.com.br\/#\/schema\/person\/d63837fa13ac8666eb9e74e0985d6f81\"},\"headline\":\"Pesquisa mostra queda em tratamento e diagn\u00f3stico de c\u00e2ncer de mama\",\"datePublished\":\"2022-10-17T19:04:56+00:00\",\"dateModified\":\"2022-10-17T19:04:58+00:00\",\"mainEntityOfPage\":{\"@id\":\"https:\/\/jornalfatosenoticias.com.br\/index.php\/2022\/10\/17\/pesquisa-mostra-queda-em-tratamento-e-diagnostico-de-cancer-de-mama\/\"},\"wordCount\":1009,\"commentCount\":0,\"publisher\":{\"@id\":\"https:\/\/jornalfatosenoticias.com.br\/#organization\"},\"image\":{\"@id\":\"https:\/\/jornalfatosenoticias.com.br\/index.php\/2022\/10\/17\/pesquisa-mostra-queda-em-tratamento-e-diagnostico-de-cancer-de-mama\/#primaryimage\"},\"thumbnailUrl\":\"https:\/\/jornalfatosenoticias.com.br\/wp-content\/uploads\/2022\/10\/autoexame_cancer_de_mama.jpg\",\"keywords\":[\"c\u00e2ncer de mama\",\"diagn\u00f3stico\",\"Instituto Avon\",\"SUS\",\"tratamento\"],\"articleSection\":[\"Sa\u00fade\"],\"inLanguage\":\"pt-BR\",\"potentialAction\":[{\"@type\":\"CommentAction\",\"name\":\"Comment\",\"target\":[\"https:\/\/jornalfatosenoticias.com.br\/index.php\/2022\/10\/17\/pesquisa-mostra-queda-em-tratamento-e-diagnostico-de-cancer-de-mama\/#respond\"]}]},{\"@type\":\"WebPage\",\"@id\":\"https:\/\/jornalfatosenoticias.com.br\/index.php\/2022\/10\/17\/pesquisa-mostra-queda-em-tratamento-e-diagnostico-de-cancer-de-mama\/\",\"url\":\"https:\/\/jornalfatosenoticias.com.br\/index.php\/2022\/10\/17\/pesquisa-mostra-queda-em-tratamento-e-diagnostico-de-cancer-de-mama\/\",\"name\":\"Pesquisa mostra queda em tratamento e diagn\u00f3stico de c\u00e2ncer de mama - Jornal Fatos e Not\u00edcias\",\"isPartOf\":{\"@id\":\"https:\/\/jornalfatosenoticias.com.br\/#website\"},\"primaryImageOfPage\":{\"@id\":\"https:\/\/jornalfatosenoticias.com.br\/index.php\/2022\/10\/17\/pesquisa-mostra-queda-em-tratamento-e-diagnostico-de-cancer-de-mama\/#primaryimage\"},\"image\":{\"@id\":\"https:\/\/jornalfatosenoticias.com.br\/index.php\/2022\/10\/17\/pesquisa-mostra-queda-em-tratamento-e-diagnostico-de-cancer-de-mama\/#primaryimage\"},\"thumbnailUrl\":\"https:\/\/jornalfatosenoticias.com.br\/wp-content\/uploads\/2022\/10\/autoexame_cancer_de_mama.jpg\",\"datePublished\":\"2022-10-17T19:04:56+00:00\",\"dateModified\":\"2022-10-17T19:04:58+00:00\",\"breadcrumb\":{\"@id\":\"https:\/\/jornalfatosenoticias.com.br\/index.php\/2022\/10\/17\/pesquisa-mostra-queda-em-tratamento-e-diagnostico-de-cancer-de-mama\/#breadcrumb\"},\"inLanguage\":\"pt-BR\",\"potentialAction\":[{\"@type\":\"ReadAction\",\"target\":[\"https:\/\/jornalfatosenoticias.com.br\/index.php\/2022\/10\/17\/pesquisa-mostra-queda-em-tratamento-e-diagnostico-de-cancer-de-mama\/\"]}]},{\"@type\":\"ImageObject\",\"inLanguage\":\"pt-BR\",\"@id\":\"https:\/\/jornalfatosenoticias.com.br\/index.php\/2022\/10\/17\/pesquisa-mostra-queda-em-tratamento-e-diagnostico-de-cancer-de-mama\/#primaryimage\",\"url\":\"https:\/\/jornalfatosenoticias.com.br\/wp-content\/uploads\/2022\/10\/autoexame_cancer_de_mama.jpg\",\"contentUrl\":\"https:\/\/jornalfatosenoticias.com.br\/wp-content\/uploads\/2022\/10\/autoexame_cancer_de_mama.jpg\",\"width\":1000,\"height\":667},{\"@type\":\"BreadcrumbList\",\"@id\":\"https:\/\/jornalfatosenoticias.com.br\/index.php\/2022\/10\/17\/pesquisa-mostra-queda-em-tratamento-e-diagnostico-de-cancer-de-mama\/#breadcrumb\",\"itemListElement\":[{\"@type\":\"ListItem\",\"position\":1,\"name\":\"In\u00edcio\",\"item\":\"https:\/\/jornalfatosenoticias.com.br\/\"},{\"@type\":\"ListItem\",\"position\":2,\"name\":\"Pesquisa mostra queda em tratamento e diagn\u00f3stico de c\u00e2ncer de mama\"}]},{\"@type\":\"WebSite\",\"@id\":\"https:\/\/jornalfatosenoticias.com.br\/#website\",\"url\":\"https:\/\/jornalfatosenoticias.com.br\/\",\"name\":\"Jornal Fatos e Not\u00edcias\",\"description\":\"Not\u00edcias em geral\",\"publisher\":{\"@id\":\"https:\/\/jornalfatosenoticias.com.br\/#organization\"},\"potentialAction\":[{\"@type\":\"SearchAction\",\"target\":{\"@type\":\"EntryPoint\",\"urlTemplate\":\"https:\/\/jornalfatosenoticias.com.br\/?s={search_term_string}\"},\"query-input\":{\"@type\":\"PropertyValueSpecification\",\"valueRequired\":true,\"valueName\":\"search_term_string\"}}],\"inLanguage\":\"pt-BR\"},{\"@type\":\"Organization\",\"@id\":\"https:\/\/jornalfatosenoticias.com.br\/#organization\",\"name\":\"Jornal Fatos e Not\u00edcias\",\"url\":\"https:\/\/jornalfatosenoticias.com.br\/\",\"logo\":{\"@type\":\"ImageObject\",\"inLanguage\":\"pt-BR\",\"@id\":\"https:\/\/jornalfatosenoticias.com.br\/#\/schema\/logo\/image\/\",\"url\":\"https:\/\/jornalfatosenoticias.com.br\/wp-content\/uploads\/2020\/02\/logo120.png\",\"contentUrl\":\"https:\/\/jornalfatosenoticias.com.br\/wp-content\/uploads\/2020\/02\/logo120.png\",\"width\":1227,\"height\":120,\"caption\":\"Jornal Fatos e Not\u00edcias\"},\"image\":{\"@id\":\"https:\/\/jornalfatosenoticias.com.br\/#\/schema\/logo\/image\/\"}},{\"@type\":\"Person\",\"@id\":\"https:\/\/jornalfatosenoticias.com.br\/#\/schema\/person\/d63837fa13ac8666eb9e74e0985d6f81\",\"name\":\"Luzimara Fernandes\",\"image\":{\"@type\":\"ImageObject\",\"inLanguage\":\"pt-BR\",\"@id\":\"https:\/\/jornalfatosenoticias.com.br\/#\/schema\/person\/image\/\",\"url\":\"https:\/\/jornalfatosenoticias.com.br\/wp-content\/uploads\/2025\/05\/EU_portal.jpg\",\"contentUrl\":\"https:\/\/jornalfatosenoticias.com.br\/wp-content\/uploads\/2025\/05\/EU_portal.jpg\",\"caption\":\"Luzimara Fernandes\"},\"description\":\"Jornalista MTB 2358-ES\",\"sameAs\":[\"https:\/\/jornalfatosenoticias.com.br\"],\"url\":\"https:\/\/jornalfatosenoticias.com.br\/index.php\/author\/luzimara\/\"}]}<\/script>\n<!-- \/ Yoast SEO plugin. -->","yoast_head_json":{"title":"Pesquisa mostra queda em tratamento e diagn\u00f3stico de c\u00e2ncer de mama - Jornal Fatos e Not\u00edcias","robots":{"index":"index","follow":"follow","max-snippet":"max-snippet:-1","max-image-preview":"max-image-preview:large","max-video-preview":"max-video-preview:-1"},"canonical":"https:\/\/jornalfatosenoticias.com.br\/index.php\/2022\/10\/17\/pesquisa-mostra-queda-em-tratamento-e-diagnostico-de-cancer-de-mama\/","og_locale":"pt_BR","og_type":"article","og_title":"Pesquisa mostra queda em tratamento e diagn\u00f3stico de c\u00e2ncer de mama - Jornal Fatos e Not\u00edcias","og_description":"Dados do SUS apurados entre 2015 e 2021 preocupam especialistas O Panorama da Aten\u00e7\u00e3o ao C\u00e2ncer de Mama no Sistema \u00danico de Sa\u00fade (SUS), que avaliou procedimentos de detec\u00e7\u00e3o e tratamento da doen\u00e7a de 2015 a 2021 no Brasil, revelou dados que, segundo especialistas, s\u00e3o preocupantes. Com apenas 17% de alcance, o Pa\u00eds registrou, no [&hellip;]","og_url":"https:\/\/jornalfatosenoticias.com.br\/index.php\/2022\/10\/17\/pesquisa-mostra-queda-em-tratamento-e-diagnostico-de-cancer-de-mama\/","og_site_name":"Jornal Fatos e Not\u00edcias","article_published_time":"2022-10-17T19:04:56+00:00","article_modified_time":"2022-10-17T19:04:58+00:00","og_image":[{"width":1000,"height":667,"url":"https:\/\/jornalfatosenoticias.com.br\/wp-content\/uploads\/2022\/10\/autoexame_cancer_de_mama.jpg","type":"image\/jpeg"}],"author":"Luzimara Fernandes","twitter_card":"summary_large_image","twitter_misc":{"Escrito por":"Luzimara Fernandes","Est. tempo de leitura":"5 minutos"},"schema":{"@context":"https:\/\/schema.org","@graph":[{"@type":"Article","@id":"https:\/\/jornalfatosenoticias.com.br\/index.php\/2022\/10\/17\/pesquisa-mostra-queda-em-tratamento-e-diagnostico-de-cancer-de-mama\/#article","isPartOf":{"@id":"https:\/\/jornalfatosenoticias.com.br\/index.php\/2022\/10\/17\/pesquisa-mostra-queda-em-tratamento-e-diagnostico-de-cancer-de-mama\/"},"author":{"name":"Luzimara Fernandes","@id":"https:\/\/jornalfatosenoticias.com.br\/#\/schema\/person\/d63837fa13ac8666eb9e74e0985d6f81"},"headline":"Pesquisa mostra queda em tratamento e diagn\u00f3stico de c\u00e2ncer de mama","datePublished":"2022-10-17T19:04:56+00:00","dateModified":"2022-10-17T19:04:58+00:00","mainEntityOfPage":{"@id":"https:\/\/jornalfatosenoticias.com.br\/index.php\/2022\/10\/17\/pesquisa-mostra-queda-em-tratamento-e-diagnostico-de-cancer-de-mama\/"},"wordCount":1009,"commentCount":0,"publisher":{"@id":"https:\/\/jornalfatosenoticias.com.br\/#organization"},"image":{"@id":"https:\/\/jornalfatosenoticias.com.br\/index.php\/2022\/10\/17\/pesquisa-mostra-queda-em-tratamento-e-diagnostico-de-cancer-de-mama\/#primaryimage"},"thumbnailUrl":"https:\/\/jornalfatosenoticias.com.br\/wp-content\/uploads\/2022\/10\/autoexame_cancer_de_mama.jpg","keywords":["c\u00e2ncer de mama","diagn\u00f3stico","Instituto Avon","SUS","tratamento"],"articleSection":["Sa\u00fade"],"inLanguage":"pt-BR","potentialAction":[{"@type":"CommentAction","name":"Comment","target":["https:\/\/jornalfatosenoticias.com.br\/index.php\/2022\/10\/17\/pesquisa-mostra-queda-em-tratamento-e-diagnostico-de-cancer-de-mama\/#respond"]}]},{"@type":"WebPage","@id":"https:\/\/jornalfatosenoticias.com.br\/index.php\/2022\/10\/17\/pesquisa-mostra-queda-em-tratamento-e-diagnostico-de-cancer-de-mama\/","url":"https:\/\/jornalfatosenoticias.com.br\/index.php\/2022\/10\/17\/pesquisa-mostra-queda-em-tratamento-e-diagnostico-de-cancer-de-mama\/","name":"Pesquisa mostra queda em tratamento e diagn\u00f3stico de c\u00e2ncer de mama - Jornal Fatos e Not\u00edcias","isPartOf":{"@id":"https:\/\/jornalfatosenoticias.com.br\/#website"},"primaryImageOfPage":{"@id":"https:\/\/jornalfatosenoticias.com.br\/index.php\/2022\/10\/17\/pesquisa-mostra-queda-em-tratamento-e-diagnostico-de-cancer-de-mama\/#primaryimage"},"image":{"@id":"https:\/\/jornalfatosenoticias.com.br\/index.php\/2022\/10\/17\/pesquisa-mostra-queda-em-tratamento-e-diagnostico-de-cancer-de-mama\/#primaryimage"},"thumbnailUrl":"https:\/\/jornalfatosenoticias.com.br\/wp-content\/uploads\/2022\/10\/autoexame_cancer_de_mama.jpg","datePublished":"2022-10-17T19:04:56+00:00","dateModified":"2022-10-17T19:04:58+00:00","breadcrumb":{"@id":"https:\/\/jornalfatosenoticias.com.br\/index.php\/2022\/10\/17\/pesquisa-mostra-queda-em-tratamento-e-diagnostico-de-cancer-de-mama\/#breadcrumb"},"inLanguage":"pt-BR","potentialAction":[{"@type":"ReadAction","target":["https:\/\/jornalfatosenoticias.com.br\/index.php\/2022\/10\/17\/pesquisa-mostra-queda-em-tratamento-e-diagnostico-de-cancer-de-mama\/"]}]},{"@type":"ImageObject","inLanguage":"pt-BR","@id":"https:\/\/jornalfatosenoticias.com.br\/index.php\/2022\/10\/17\/pesquisa-mostra-queda-em-tratamento-e-diagnostico-de-cancer-de-mama\/#primaryimage","url":"https:\/\/jornalfatosenoticias.com.br\/wp-content\/uploads\/2022\/10\/autoexame_cancer_de_mama.jpg","contentUrl":"https:\/\/jornalfatosenoticias.com.br\/wp-content\/uploads\/2022\/10\/autoexame_cancer_de_mama.jpg","width":1000,"height":667},{"@type":"BreadcrumbList","@id":"https:\/\/jornalfatosenoticias.com.br\/index.php\/2022\/10\/17\/pesquisa-mostra-queda-em-tratamento-e-diagnostico-de-cancer-de-mama\/#breadcrumb","itemListElement":[{"@type":"ListItem","position":1,"name":"In\u00edcio","item":"https:\/\/jornalfatosenoticias.com.br\/"},{"@type":"ListItem","position":2,"name":"Pesquisa mostra queda em tratamento e diagn\u00f3stico de c\u00e2ncer de mama"}]},{"@type":"WebSite","@id":"https:\/\/jornalfatosenoticias.com.br\/#website","url":"https:\/\/jornalfatosenoticias.com.br\/","name":"Jornal Fatos e Not\u00edcias","description":"Not\u00edcias em geral","publisher":{"@id":"https:\/\/jornalfatosenoticias.com.br\/#organization"},"potentialAction":[{"@type":"SearchAction","target":{"@type":"EntryPoint","urlTemplate":"https:\/\/jornalfatosenoticias.com.br\/?s={search_term_string}"},"query-input":{"@type":"PropertyValueSpecification","valueRequired":true,"valueName":"search_term_string"}}],"inLanguage":"pt-BR"},{"@type":"Organization","@id":"https:\/\/jornalfatosenoticias.com.br\/#organization","name":"Jornal Fatos e Not\u00edcias","url":"https:\/\/jornalfatosenoticias.com.br\/","logo":{"@type":"ImageObject","inLanguage":"pt-BR","@id":"https:\/\/jornalfatosenoticias.com.br\/#\/schema\/logo\/image\/","url":"https:\/\/jornalfatosenoticias.com.br\/wp-content\/uploads\/2020\/02\/logo120.png","contentUrl":"https:\/\/jornalfatosenoticias.com.br\/wp-content\/uploads\/2020\/02\/logo120.png","width":1227,"height":120,"caption":"Jornal Fatos e Not\u00edcias"},"image":{"@id":"https:\/\/jornalfatosenoticias.com.br\/#\/schema\/logo\/image\/"}},{"@type":"Person","@id":"https:\/\/jornalfatosenoticias.com.br\/#\/schema\/person\/d63837fa13ac8666eb9e74e0985d6f81","name":"Luzimara Fernandes","image":{"@type":"ImageObject","inLanguage":"pt-BR","@id":"https:\/\/jornalfatosenoticias.com.br\/#\/schema\/person\/image\/","url":"https:\/\/jornalfatosenoticias.com.br\/wp-content\/uploads\/2025\/05\/EU_portal.jpg","contentUrl":"https:\/\/jornalfatosenoticias.com.br\/wp-content\/uploads\/2025\/05\/EU_portal.jpg","caption":"Luzimara Fernandes"},"description":"Jornalista MTB 2358-ES","sameAs":["https:\/\/jornalfatosenoticias.com.br"],"url":"https:\/\/jornalfatosenoticias.com.br\/index.php\/author\/luzimara\/"}]}},"cc_featured_image_caption":{"caption_text":"(Foto: Rodrigo Nunes\/MS)","source_text":"","source_url":""},"jetpack_featured_media_url":"https:\/\/jornalfatosenoticias.com.br\/wp-content\/uploads\/2022\/10\/autoexame_cancer_de_mama.jpg","_links":{"self":[{"href":"https:\/\/jornalfatosenoticias.com.br\/index.php\/wp-json\/wp\/v2\/posts\/35221","targetHints":{"allow":["GET"]}}],"collection":[{"href":"https:\/\/jornalfatosenoticias.com.br\/index.php\/wp-json\/wp\/v2\/posts"}],"about":[{"href":"https:\/\/jornalfatosenoticias.com.br\/index.php\/wp-json\/wp\/v2\/types\/post"}],"author":[{"embeddable":true,"href":"https:\/\/jornalfatosenoticias.com.br\/index.php\/wp-json\/wp\/v2\/users\/2"}],"replies":[{"embeddable":true,"href":"https:\/\/jornalfatosenoticias.com.br\/index.php\/wp-json\/wp\/v2\/comments?post=35221"}],"version-history":[{"count":0,"href":"https:\/\/jornalfatosenoticias.com.br\/index.php\/wp-json\/wp\/v2\/posts\/35221\/revisions"}],"wp:featuredmedia":[{"embeddable":true,"href":"https:\/\/jornalfatosenoticias.com.br\/index.php\/wp-json\/wp\/v2\/media\/35222"}],"wp:attachment":[{"href":"https:\/\/jornalfatosenoticias.com.br\/index.php\/wp-json\/wp\/v2\/media?parent=35221"}],"wp:term":[{"taxonomy":"category","embeddable":true,"href":"https:\/\/jornalfatosenoticias.com.br\/index.php\/wp-json\/wp\/v2\/categories?post=35221"},{"taxonomy":"post_tag","embeddable":true,"href":"https:\/\/jornalfatosenoticias.com.br\/index.php\/wp-json\/wp\/v2\/tags?post=35221"}],"curies":[{"name":"wp","href":"https:\/\/api.w.org\/{rel}","templated":true}]}}