{"id":35232,"date":"2022-10-17T19:10:28","date_gmt":"2022-10-17T22:10:28","guid":{"rendered":"https:\/\/jornalfatosenoticias.com.br\/?p=35232"},"modified":"2022-10-17T19:10:30","modified_gmt":"2022-10-17T22:10:30","slug":"turbina-eolica-contrarrotativa-promete-dobrar-producao-energetica","status":"publish","type":"post","link":"https:\/\/jornalfatosenoticias.com.br\/index.php\/2022\/10\/17\/turbina-eolica-contrarrotativa-promete-dobrar-producao-energetica\/","title":{"rendered":"Turbina e\u00f3lica contrarrotativa promete dobrar produ\u00e7\u00e3o energ\u00e9tica"},"content":{"rendered":"\n<p><em><span class=\"has-inline-color has-black-color\">Projetado para alto-mar, modelo possui eixo vertical e \u00e9 inclin\u00e1vel<\/span><\/em><\/p>\n\n\n\n<div class=\"wp-block-image\"><figure class=\"aligncenter size-large\"><img loading=\"lazy\" decoding=\"async\" width=\"1024\" height=\"99\" src=\"https:\/\/jornalfatosenoticias.com.br\/wp-content\/uploads\/2020\/02\/Logo-Mizu-segunda-2-1024x99.png\" alt=\"\" class=\"wp-image-2353\" srcset=\"https:\/\/jornalfatosenoticias.com.br\/wp-content\/uploads\/2020\/02\/Logo-Mizu-segunda-2-1024x99.png 1024w, https:\/\/jornalfatosenoticias.com.br\/wp-content\/uploads\/2020\/02\/Logo-Mizu-segunda-2-300x29.png 300w, https:\/\/jornalfatosenoticias.com.br\/wp-content\/uploads\/2020\/02\/Logo-Mizu-segunda-2-768x74.png 768w, https:\/\/jornalfatosenoticias.com.br\/wp-content\/uploads\/2020\/02\/Logo-Mizu-segunda-2.png 1240w\" sizes=\"auto, (max-width: 1024px) 100vw, 1024px\" \/><\/figure><\/div>\n\n\n\n<p>Um novo tipo de turbina e\u00f3lica de eixo vertical promete intensificar a produ\u00e7\u00e3o energ\u00e9tica. Desenvolvida pela empresa norueguesa World Wide Wind, sua capacidade \u00e9 de 40 megawatts \u2014 quase o triplo da maior turbina e\u00f3lica do mundo atualmente dispon\u00edvel.<\/p>\n\n\n\n<div class=\"wp-block-image\"><figure class=\"aligncenter size-large is-resized\"><img loading=\"lazy\" decoding=\"async\" src=\"https:\/\/jornalfatosenoticias.com.br\/wp-content\/uploads\/2020\/02\/casa-do-torresmo_portal.jpg\" alt=\"\" class=\"wp-image-34472\" width=\"282\" height=\"282\" srcset=\"https:\/\/jornalfatosenoticias.com.br\/wp-content\/uploads\/2020\/02\/casa-do-torresmo_portal.jpg 300w, https:\/\/jornalfatosenoticias.com.br\/wp-content\/uploads\/2020\/02\/casa-do-torresmo_portal-150x150.jpg 150w\" sizes=\"auto, (max-width: 282px) 100vw, 282px\" \/><\/figure><\/div>\n\n\n\n<p>Nos modelos tradicionais, as turbinas <a href=\"https:\/\/ciclovivo.com.br\/planeta\/energia\/brasil-deve-ganhar-quase-250-usinas-eolicas-e-fazendas-solares-ate-2026\/\" target=\"_blank\" rel=\"noreferrer noopener\">e\u00f3licas<\/a> possuem eixo horizontal (HAWT), por\u00e9m n\u00e3o faltam experi\u00eancias no setor com turbinas e\u00f3licas de eixo vertical (VAWT). Entre as vantagens da VAWT est\u00e3o o fato de emitirem menos ru\u00eddos, serem eficientes em regi\u00f5es de ventos turbulentos e esteticamente mais agrad\u00e1veis \u2014 sobretudo para instala\u00e7\u00e3o em \u00e1reas urbanas.<\/p>\n\n\n\n<div class=\"wp-block-image\"><figure class=\"aligncenter size-large\"><img loading=\"lazy\" decoding=\"async\" width=\"1024\" height=\"100\" src=\"https:\/\/jornalfatosenoticias.com.br\/wp-content\/uploads\/2020\/02\/banner_ferramentas-1024x100.jpg\" alt=\"\" class=\"wp-image-1258\" srcset=\"https:\/\/jornalfatosenoticias.com.br\/wp-content\/uploads\/2020\/02\/banner_ferramentas-1024x100.jpg 1024w, https:\/\/jornalfatosenoticias.com.br\/wp-content\/uploads\/2020\/02\/banner_ferramentas-300x29.jpg 300w, https:\/\/jornalfatosenoticias.com.br\/wp-content\/uploads\/2020\/02\/banner_ferramentas-768x75.jpg 768w, https:\/\/jornalfatosenoticias.com.br\/wp-content\/uploads\/2020\/02\/banner_ferramentas.jpg 1227w\" sizes=\"auto, (max-width: 1024px) 100vw, 1024px\" \/><\/figure><\/div>\n\n\n\n<p>Mesmo com todos esses benef\u00edcios, as turbinas de eixo horizontal dominam o mercado por terem efici\u00eancia maior, ao menos at\u00e9 agora. O modelo produzido pela World Wide Wind consiste em dois conjuntos de p\u00e1s de rotor em um \u00fanico mastro que s\u00e3o contrarrotativas, ou seja, giram em <a href=\"https:\/\/ciclovivo.com.br\/inovacao\/tecnologia\/turbina-eolica-portatil-vento\/\" target=\"_blank\" rel=\"noreferrer noopener\">dire\u00e7\u00f5es opostas<\/a>.<\/p>\n\n\n\n<div class=\"wp-block-image\"><figure class=\"aligncenter size-large\"><img loading=\"lazy\" decoding=\"async\" width=\"300\" height=\"250\" src=\"https:\/\/jornalfatosenoticias.com.br\/wp-content\/uploads\/2022\/08\/arte-Casarao.jpg\" alt=\"\" class=\"wp-image-33178\"\/><\/figure><\/div>\n\n\n\n<figure class=\"wp-block-image size-large\"><img loading=\"lazy\" decoding=\"async\" width=\"1000\" height=\"790\" src=\"https:\/\/jornalfatosenoticias.com.br\/wp-content\/uploads\/2022\/10\/turbina-eolica-eixo-vertical2.jpg\" alt=\"\" class=\"wp-image-35233\" srcset=\"https:\/\/jornalfatosenoticias.com.br\/wp-content\/uploads\/2022\/10\/turbina-eolica-eixo-vertical2.jpg 1000w, https:\/\/jornalfatosenoticias.com.br\/wp-content\/uploads\/2022\/10\/turbina-eolica-eixo-vertical2-300x237.jpg 300w, https:\/\/jornalfatosenoticias.com.br\/wp-content\/uploads\/2022\/10\/turbina-eolica-eixo-vertical2-768x607.jpg 768w\" sizes=\"auto, (max-width: 1000px) 100vw, 1000px\" \/><figcaption><em><span class=\"has-inline-color has-black-color\">Modelo pode ser agrupado para aumentar o potencial energ\u00e9tico (Foto: World Wide Wind)<\/span><\/em><\/figcaption><\/figure>\n\n\n\n<div class=\"wp-block-image\"><figure class=\"alignleft size-large\"><img decoding=\"async\" src=\"https:\/\/jornalfatosenoticias.com.br\/wp-content\/uploads\/2020\/02\/barao-das-carnes-300x164-1.jpg\" alt=\"\" class=\"wp-image-34339\"\/><\/figure><\/div>\n\n\n\n<p>Diferente de uma turbina HAWT, esta inclina-se captando energia de todos os \u00e2ngulos, aumentando seu potencial energ\u00e9tico. Segundo a companhia norueguesa, o modelo \u00e9 capaz de gerar 40 megawatts, superando os 16 megawatts da maior turbina e\u00f3lica do mundo, da empresa chinesa MingYang Smart Energy.<\/p>\n\n\n\n<div class=\"wp-block-image\"><figure class=\"aligncenter size-large\"><img loading=\"lazy\" decoding=\"async\" width=\"1024\" height=\"111\" src=\"https:\/\/jornalfatosenoticias.com.br\/wp-content\/uploads\/2020\/02\/WhatsApp-Image-2022-09-23-at-12.09.18-1024x111.jpeg\" alt=\"\" class=\"wp-image-34527\" srcset=\"https:\/\/jornalfatosenoticias.com.br\/wp-content\/uploads\/2020\/02\/WhatsApp-Image-2022-09-23-at-12.09.18-1024x111.jpeg 1024w, https:\/\/jornalfatosenoticias.com.br\/wp-content\/uploads\/2020\/02\/WhatsApp-Image-2022-09-23-at-12.09.18-300x32.jpeg 300w, https:\/\/jornalfatosenoticias.com.br\/wp-content\/uploads\/2020\/02\/WhatsApp-Image-2022-09-23-at-12.09.18-768x83.jpeg 768w, https:\/\/jornalfatosenoticias.com.br\/wp-content\/uploads\/2020\/02\/WhatsApp-Image-2022-09-23-at-12.09.18.jpeg 1121w\" sizes=\"auto, (max-width: 1024px) 100vw, 1024px\" \/><\/figure><\/div>\n\n\n\n<p>Seu design \u00fanico permite que as turbinas sejam agrupadas com maior proximidade e, desta forma, garante maior produ\u00e7\u00e3o de <a href=\"https:\/\/ciclovivo.com.br\/planeta\/energia\/energias-renovaveis-127-milhoes-de-empregos\/\" target=\"_blank\" rel=\"noreferrer noopener\">energia<\/a> por \u00e1rea. Para al\u00e9m da efici\u00eancia, a empresa tamb\u00e9m intitula-se \u201cambientalmente amig\u00e1vel\u201d, afirmando que as turbinas de eixo vertical t\u00eam menos impacto na <a href=\"https:\/\/ciclovivo.com.br\/planeta\/meio-ambiente\/desativacao-de-estrada-perigosa-na-bolivia-faz-ressurgir-vida-selvagem\/\" target=\"_blank\" rel=\"noreferrer noopener\">vida selvagem<\/a> uma vez que a turbina rotativa \u00e9 percebida como um obst\u00e1culo natural. A baixa velocidade da l\u00e2mina do rotor evita colis\u00f5es com p\u00e1ssaros, garante a companhia.<\/p>\n\n\n\n<div class=\"wp-block-image\"><figure class=\"aligncenter size-large is-resized\"><img loading=\"lazy\" decoding=\"async\" src=\"https:\/\/jornalfatosenoticias.com.br\/wp-content\/uploads\/2020\/02\/Logo-RC-Radiadores-Distribuidora-com-telefone-preto-1.jpg\" alt=\"\" class=\"wp-image-34852\" width=\"280\" height=\"289\"\/><\/figure><\/div>\n\n\n\n<p>A nova turbina, intitulada turbina vertical contrarrotativa (CRVT), \u00e9 pensada para gerar <a href=\"https:\/\/ciclovivo.com.br\/planeta\/energia\/plataforma-flutuante-gera-energia-com-movimento-das-ondas\/\" target=\"_blank\" rel=\"noreferrer noopener\">energia flutuante<\/a> em alto-mar. Outros modelos com a mesma tecnologia incluem op\u00e7\u00f5es de pequeno e grande porte para serem instaladas em terra (onshore). At\u00e9 agora, foram realizadas somente simula\u00e7\u00f5es da nova turbina e\u00f3lica de eixo vertical, um prot\u00f3tipo em escala real n\u00e3o foi criado.<\/p>\n\n\n\n<div class=\"wp-block-image\"><figure class=\"aligncenter size-large\"><img loading=\"lazy\" decoding=\"async\" width=\"1024\" height=\"103\" src=\"https:\/\/jornalfatosenoticias.com.br\/wp-content\/uploads\/2022\/02\/Arte-Autoescola-Galatas_endereco_portal-1024x103.png\" alt=\"\" class=\"wp-image-27869\" srcset=\"https:\/\/jornalfatosenoticias.com.br\/wp-content\/uploads\/2022\/02\/Arte-Autoescola-Galatas_endereco_portal-1024x103.png 1024w, https:\/\/jornalfatosenoticias.com.br\/wp-content\/uploads\/2022\/02\/Arte-Autoescola-Galatas_endereco_portal-300x30.png 300w, https:\/\/jornalfatosenoticias.com.br\/wp-content\/uploads\/2022\/02\/Arte-Autoescola-Galatas_endereco_portal-768x77.png 768w, https:\/\/jornalfatosenoticias.com.br\/wp-content\/uploads\/2022\/02\/Arte-Autoescola-Galatas_endereco_portal.png 1223w\" sizes=\"auto, (max-width: 1024px) 100vw, 1024px\" \/><\/figure><\/div>\n\n\n\n<p><strong><em>Fonte: <a href=\"https:\/\/ciclovivo.com.br\/planeta\/energia\/turbina-eolica-eixo-vertical-contra-rotativa-energia\/\">CicloVivo<\/a><\/em><\/strong><\/p>\n","protected":false},"excerpt":{"rendered":"<p>Projetado para alto-mar, modelo possui eixo vertical e \u00e9 inclin\u00e1vel Um novo tipo de turbina e\u00f3lica de eixo vertical promete intensificar a produ\u00e7\u00e3o energ\u00e9tica. Desenvolvida pela empresa norueguesa World Wide Wind, sua capacidade \u00e9 de 40 megawatts \u2014 quase o triplo da maior turbina e\u00f3lica do mundo atualmente dispon\u00edvel. Nos modelos tradicionais, as turbinas e\u00f3licas [&hellip;]<\/p>\n","protected":false},"author":2,"featured_media":35234,"comment_status":"open","ping_status":"open","sticky":false,"template":"","format":"standard","meta":{"footnotes":""},"categories":[3],"tags":[16526,1912,16527,16529,16528],"class_list":["post-35232","post","type-post","status-publish","format-standard","has-post-thumbnail","hentry","category-tecnologia","tag-energia-em-alto-mar","tag-energia-eolica","tag-energia-flutuante","tag-producao-energetica","tag-turbina-eolica-contrarrotativa"],"yoast_head":"<!-- This site is optimized with the Yoast SEO plugin v26.5 - https:\/\/yoast.com\/wordpress\/plugins\/seo\/ -->\n<title>Turbina e\u00f3lica contrarrotativa promete dobrar produ\u00e7\u00e3o energ\u00e9tica - Jornal Fatos e Not\u00edcias<\/title>\n<meta name=\"robots\" content=\"index, follow, max-snippet:-1, max-image-preview:large, max-video-preview:-1\" \/>\n<link rel=\"canonical\" href=\"https:\/\/jornalfatosenoticias.com.br\/index.php\/2022\/10\/17\/turbina-eolica-contrarrotativa-promete-dobrar-producao-energetica\/\" \/>\n<meta property=\"og:locale\" content=\"pt_BR\" \/>\n<meta property=\"og:type\" content=\"article\" \/>\n<meta property=\"og:title\" content=\"Turbina e\u00f3lica contrarrotativa promete dobrar produ\u00e7\u00e3o energ\u00e9tica - Jornal Fatos e Not\u00edcias\" \/>\n<meta property=\"og:description\" content=\"Projetado para alto-mar, modelo possui eixo vertical e \u00e9 inclin\u00e1vel Um novo tipo de turbina e\u00f3lica de eixo vertical promete intensificar a produ\u00e7\u00e3o energ\u00e9tica. Desenvolvida pela empresa norueguesa World Wide Wind, sua capacidade \u00e9 de 40 megawatts \u2014 quase o triplo da maior turbina e\u00f3lica do mundo atualmente dispon\u00edvel. Nos modelos tradicionais, as turbinas e\u00f3licas [&hellip;]\" \/>\n<meta property=\"og:url\" content=\"https:\/\/jornalfatosenoticias.com.br\/index.php\/2022\/10\/17\/turbina-eolica-contrarrotativa-promete-dobrar-producao-energetica\/\" \/>\n<meta property=\"og:site_name\" content=\"Jornal Fatos e Not\u00edcias\" \/>\n<meta property=\"article:published_time\" content=\"2022-10-17T22:10:28+00:00\" \/>\n<meta property=\"article:modified_time\" content=\"2022-10-17T22:10:30+00:00\" \/>\n<meta property=\"og:image\" content=\"https:\/\/jornalfatosenoticias.com.br\/wp-content\/uploads\/2022\/10\/turbina-eolica-eixo-vertical-1.jpg\" \/>\n\t<meta property=\"og:image:width\" content=\"1000\" \/>\n\t<meta property=\"og:image:height\" content=\"583\" \/>\n\t<meta property=\"og:image:type\" content=\"image\/jpeg\" \/>\n<meta name=\"author\" content=\"Luzimara Fernandes\" \/>\n<meta name=\"twitter:card\" content=\"summary_large_image\" \/>\n<meta name=\"twitter:label1\" content=\"Escrito por\" \/>\n\t<meta name=\"twitter:data1\" content=\"Luzimara Fernandes\" \/>\n\t<meta name=\"twitter:label2\" content=\"Est. tempo de leitura\" \/>\n\t<meta name=\"twitter:data2\" content=\"2 minutos\" \/>\n<script type=\"application\/ld+json\" class=\"yoast-schema-graph\">{\"@context\":\"https:\/\/schema.org\",\"@graph\":[{\"@type\":\"Article\",\"@id\":\"https:\/\/jornalfatosenoticias.com.br\/index.php\/2022\/10\/17\/turbina-eolica-contrarrotativa-promete-dobrar-producao-energetica\/#article\",\"isPartOf\":{\"@id\":\"https:\/\/jornalfatosenoticias.com.br\/index.php\/2022\/10\/17\/turbina-eolica-contrarrotativa-promete-dobrar-producao-energetica\/\"},\"author\":{\"name\":\"Luzimara Fernandes\",\"@id\":\"https:\/\/jornalfatosenoticias.com.br\/#\/schema\/person\/d63837fa13ac8666eb9e74e0985d6f81\"},\"headline\":\"Turbina e\u00f3lica contrarrotativa promete dobrar produ\u00e7\u00e3o energ\u00e9tica\",\"datePublished\":\"2022-10-17T22:10:28+00:00\",\"dateModified\":\"2022-10-17T22:10:30+00:00\",\"mainEntityOfPage\":{\"@id\":\"https:\/\/jornalfatosenoticias.com.br\/index.php\/2022\/10\/17\/turbina-eolica-contrarrotativa-promete-dobrar-producao-energetica\/\"},\"wordCount\":377,\"commentCount\":0,\"publisher\":{\"@id\":\"https:\/\/jornalfatosenoticias.com.br\/#organization\"},\"image\":{\"@id\":\"https:\/\/jornalfatosenoticias.com.br\/index.php\/2022\/10\/17\/turbina-eolica-contrarrotativa-promete-dobrar-producao-energetica\/#primaryimage\"},\"thumbnailUrl\":\"https:\/\/jornalfatosenoticias.com.br\/wp-content\/uploads\/2022\/10\/turbina-eolica-eixo-vertical-1.jpg\",\"keywords\":[\"energia em alto-mar\",\"energia e\u00f3lica\",\"energia flutuante\",\"produ\u00e7\u00e3o energ\u00e9tica\",\"turbina e\u00f3lica contrarrotativa\"],\"articleSection\":[\"Tecnologia &amp; Inova\u00e7\u00e3o\"],\"inLanguage\":\"pt-BR\",\"potentialAction\":[{\"@type\":\"CommentAction\",\"name\":\"Comment\",\"target\":[\"https:\/\/jornalfatosenoticias.com.br\/index.php\/2022\/10\/17\/turbina-eolica-contrarrotativa-promete-dobrar-producao-energetica\/#respond\"]}]},{\"@type\":\"WebPage\",\"@id\":\"https:\/\/jornalfatosenoticias.com.br\/index.php\/2022\/10\/17\/turbina-eolica-contrarrotativa-promete-dobrar-producao-energetica\/\",\"url\":\"https:\/\/jornalfatosenoticias.com.br\/index.php\/2022\/10\/17\/turbina-eolica-contrarrotativa-promete-dobrar-producao-energetica\/\",\"name\":\"Turbina e\u00f3lica contrarrotativa promete dobrar produ\u00e7\u00e3o energ\u00e9tica - Jornal Fatos e Not\u00edcias\",\"isPartOf\":{\"@id\":\"https:\/\/jornalfatosenoticias.com.br\/#website\"},\"primaryImageOfPage\":{\"@id\":\"https:\/\/jornalfatosenoticias.com.br\/index.php\/2022\/10\/17\/turbina-eolica-contrarrotativa-promete-dobrar-producao-energetica\/#primaryimage\"},\"image\":{\"@id\":\"https:\/\/jornalfatosenoticias.com.br\/index.php\/2022\/10\/17\/turbina-eolica-contrarrotativa-promete-dobrar-producao-energetica\/#primaryimage\"},\"thumbnailUrl\":\"https:\/\/jornalfatosenoticias.com.br\/wp-content\/uploads\/2022\/10\/turbina-eolica-eixo-vertical-1.jpg\",\"datePublished\":\"2022-10-17T22:10:28+00:00\",\"dateModified\":\"2022-10-17T22:10:30+00:00\",\"breadcrumb\":{\"@id\":\"https:\/\/jornalfatosenoticias.com.br\/index.php\/2022\/10\/17\/turbina-eolica-contrarrotativa-promete-dobrar-producao-energetica\/#breadcrumb\"},\"inLanguage\":\"pt-BR\",\"potentialAction\":[{\"@type\":\"ReadAction\",\"target\":[\"https:\/\/jornalfatosenoticias.com.br\/index.php\/2022\/10\/17\/turbina-eolica-contrarrotativa-promete-dobrar-producao-energetica\/\"]}]},{\"@type\":\"ImageObject\",\"inLanguage\":\"pt-BR\",\"@id\":\"https:\/\/jornalfatosenoticias.com.br\/index.php\/2022\/10\/17\/turbina-eolica-contrarrotativa-promete-dobrar-producao-energetica\/#primaryimage\",\"url\":\"https:\/\/jornalfatosenoticias.com.br\/wp-content\/uploads\/2022\/10\/turbina-eolica-eixo-vertical-1.jpg\",\"contentUrl\":\"https:\/\/jornalfatosenoticias.com.br\/wp-content\/uploads\/2022\/10\/turbina-eolica-eixo-vertical-1.jpg\",\"width\":1000,\"height\":583},{\"@type\":\"BreadcrumbList\",\"@id\":\"https:\/\/jornalfatosenoticias.com.br\/index.php\/2022\/10\/17\/turbina-eolica-contrarrotativa-promete-dobrar-producao-energetica\/#breadcrumb\",\"itemListElement\":[{\"@type\":\"ListItem\",\"position\":1,\"name\":\"In\u00edcio\",\"item\":\"https:\/\/jornalfatosenoticias.com.br\/\"},{\"@type\":\"ListItem\",\"position\":2,\"name\":\"Turbina e\u00f3lica contrarrotativa promete dobrar produ\u00e7\u00e3o energ\u00e9tica\"}]},{\"@type\":\"WebSite\",\"@id\":\"https:\/\/jornalfatosenoticias.com.br\/#website\",\"url\":\"https:\/\/jornalfatosenoticias.com.br\/\",\"name\":\"Jornal Fatos e Not\u00edcias\",\"description\":\"Not\u00edcias em geral\",\"publisher\":{\"@id\":\"https:\/\/jornalfatosenoticias.com.br\/#organization\"},\"potentialAction\":[{\"@type\":\"SearchAction\",\"target\":{\"@type\":\"EntryPoint\",\"urlTemplate\":\"https:\/\/jornalfatosenoticias.com.br\/?s={search_term_string}\"},\"query-input\":{\"@type\":\"PropertyValueSpecification\",\"valueRequired\":true,\"valueName\":\"search_term_string\"}}],\"inLanguage\":\"pt-BR\"},{\"@type\":\"Organization\",\"@id\":\"https:\/\/jornalfatosenoticias.com.br\/#organization\",\"name\":\"Jornal Fatos e Not\u00edcias\",\"url\":\"https:\/\/jornalfatosenoticias.com.br\/\",\"logo\":{\"@type\":\"ImageObject\",\"inLanguage\":\"pt-BR\",\"@id\":\"https:\/\/jornalfatosenoticias.com.br\/#\/schema\/logo\/image\/\",\"url\":\"https:\/\/jornalfatosenoticias.com.br\/wp-content\/uploads\/2020\/02\/logo120.png\",\"contentUrl\":\"https:\/\/jornalfatosenoticias.com.br\/wp-content\/uploads\/2020\/02\/logo120.png\",\"width\":1227,\"height\":120,\"caption\":\"Jornal Fatos e Not\u00edcias\"},\"image\":{\"@id\":\"https:\/\/jornalfatosenoticias.com.br\/#\/schema\/logo\/image\/\"}},{\"@type\":\"Person\",\"@id\":\"https:\/\/jornalfatosenoticias.com.br\/#\/schema\/person\/d63837fa13ac8666eb9e74e0985d6f81\",\"name\":\"Luzimara Fernandes\",\"image\":{\"@type\":\"ImageObject\",\"inLanguage\":\"pt-BR\",\"@id\":\"https:\/\/jornalfatosenoticias.com.br\/#\/schema\/person\/image\/\",\"url\":\"https:\/\/jornalfatosenoticias.com.br\/wp-content\/uploads\/2025\/05\/EU_portal.jpg\",\"contentUrl\":\"https:\/\/jornalfatosenoticias.com.br\/wp-content\/uploads\/2025\/05\/EU_portal.jpg\",\"caption\":\"Luzimara Fernandes\"},\"description\":\"Jornalista MTB 2358-ES\",\"sameAs\":[\"https:\/\/jornalfatosenoticias.com.br\"],\"url\":\"https:\/\/jornalfatosenoticias.com.br\/index.php\/author\/luzimara\/\"}]}<\/script>\n<!-- \/ Yoast SEO plugin. -->","yoast_head_json":{"title":"Turbina e\u00f3lica contrarrotativa promete dobrar produ\u00e7\u00e3o energ\u00e9tica - Jornal Fatos e Not\u00edcias","robots":{"index":"index","follow":"follow","max-snippet":"max-snippet:-1","max-image-preview":"max-image-preview:large","max-video-preview":"max-video-preview:-1"},"canonical":"https:\/\/jornalfatosenoticias.com.br\/index.php\/2022\/10\/17\/turbina-eolica-contrarrotativa-promete-dobrar-producao-energetica\/","og_locale":"pt_BR","og_type":"article","og_title":"Turbina e\u00f3lica contrarrotativa promete dobrar produ\u00e7\u00e3o energ\u00e9tica - Jornal Fatos e Not\u00edcias","og_description":"Projetado para alto-mar, modelo possui eixo vertical e \u00e9 inclin\u00e1vel Um novo tipo de turbina e\u00f3lica de eixo vertical promete intensificar a produ\u00e7\u00e3o energ\u00e9tica. Desenvolvida pela empresa norueguesa World Wide Wind, sua capacidade \u00e9 de 40 megawatts \u2014 quase o triplo da maior turbina e\u00f3lica do mundo atualmente dispon\u00edvel. Nos modelos tradicionais, as turbinas e\u00f3licas [&hellip;]","og_url":"https:\/\/jornalfatosenoticias.com.br\/index.php\/2022\/10\/17\/turbina-eolica-contrarrotativa-promete-dobrar-producao-energetica\/","og_site_name":"Jornal Fatos e Not\u00edcias","article_published_time":"2022-10-17T22:10:28+00:00","article_modified_time":"2022-10-17T22:10:30+00:00","og_image":[{"width":1000,"height":583,"url":"https:\/\/jornalfatosenoticias.com.br\/wp-content\/uploads\/2022\/10\/turbina-eolica-eixo-vertical-1.jpg","type":"image\/jpeg"}],"author":"Luzimara Fernandes","twitter_card":"summary_large_image","twitter_misc":{"Escrito por":"Luzimara Fernandes","Est. tempo de leitura":"2 minutos"},"schema":{"@context":"https:\/\/schema.org","@graph":[{"@type":"Article","@id":"https:\/\/jornalfatosenoticias.com.br\/index.php\/2022\/10\/17\/turbina-eolica-contrarrotativa-promete-dobrar-producao-energetica\/#article","isPartOf":{"@id":"https:\/\/jornalfatosenoticias.com.br\/index.php\/2022\/10\/17\/turbina-eolica-contrarrotativa-promete-dobrar-producao-energetica\/"},"author":{"name":"Luzimara Fernandes","@id":"https:\/\/jornalfatosenoticias.com.br\/#\/schema\/person\/d63837fa13ac8666eb9e74e0985d6f81"},"headline":"Turbina e\u00f3lica contrarrotativa promete dobrar produ\u00e7\u00e3o energ\u00e9tica","datePublished":"2022-10-17T22:10:28+00:00","dateModified":"2022-10-17T22:10:30+00:00","mainEntityOfPage":{"@id":"https:\/\/jornalfatosenoticias.com.br\/index.php\/2022\/10\/17\/turbina-eolica-contrarrotativa-promete-dobrar-producao-energetica\/"},"wordCount":377,"commentCount":0,"publisher":{"@id":"https:\/\/jornalfatosenoticias.com.br\/#organization"},"image":{"@id":"https:\/\/jornalfatosenoticias.com.br\/index.php\/2022\/10\/17\/turbina-eolica-contrarrotativa-promete-dobrar-producao-energetica\/#primaryimage"},"thumbnailUrl":"https:\/\/jornalfatosenoticias.com.br\/wp-content\/uploads\/2022\/10\/turbina-eolica-eixo-vertical-1.jpg","keywords":["energia em alto-mar","energia e\u00f3lica","energia flutuante","produ\u00e7\u00e3o energ\u00e9tica","turbina e\u00f3lica contrarrotativa"],"articleSection":["Tecnologia &amp; Inova\u00e7\u00e3o"],"inLanguage":"pt-BR","potentialAction":[{"@type":"CommentAction","name":"Comment","target":["https:\/\/jornalfatosenoticias.com.br\/index.php\/2022\/10\/17\/turbina-eolica-contrarrotativa-promete-dobrar-producao-energetica\/#respond"]}]},{"@type":"WebPage","@id":"https:\/\/jornalfatosenoticias.com.br\/index.php\/2022\/10\/17\/turbina-eolica-contrarrotativa-promete-dobrar-producao-energetica\/","url":"https:\/\/jornalfatosenoticias.com.br\/index.php\/2022\/10\/17\/turbina-eolica-contrarrotativa-promete-dobrar-producao-energetica\/","name":"Turbina e\u00f3lica contrarrotativa promete dobrar produ\u00e7\u00e3o energ\u00e9tica - Jornal Fatos e Not\u00edcias","isPartOf":{"@id":"https:\/\/jornalfatosenoticias.com.br\/#website"},"primaryImageOfPage":{"@id":"https:\/\/jornalfatosenoticias.com.br\/index.php\/2022\/10\/17\/turbina-eolica-contrarrotativa-promete-dobrar-producao-energetica\/#primaryimage"},"image":{"@id":"https:\/\/jornalfatosenoticias.com.br\/index.php\/2022\/10\/17\/turbina-eolica-contrarrotativa-promete-dobrar-producao-energetica\/#primaryimage"},"thumbnailUrl":"https:\/\/jornalfatosenoticias.com.br\/wp-content\/uploads\/2022\/10\/turbina-eolica-eixo-vertical-1.jpg","datePublished":"2022-10-17T22:10:28+00:00","dateModified":"2022-10-17T22:10:30+00:00","breadcrumb":{"@id":"https:\/\/jornalfatosenoticias.com.br\/index.php\/2022\/10\/17\/turbina-eolica-contrarrotativa-promete-dobrar-producao-energetica\/#breadcrumb"},"inLanguage":"pt-BR","potentialAction":[{"@type":"ReadAction","target":["https:\/\/jornalfatosenoticias.com.br\/index.php\/2022\/10\/17\/turbina-eolica-contrarrotativa-promete-dobrar-producao-energetica\/"]}]},{"@type":"ImageObject","inLanguage":"pt-BR","@id":"https:\/\/jornalfatosenoticias.com.br\/index.php\/2022\/10\/17\/turbina-eolica-contrarrotativa-promete-dobrar-producao-energetica\/#primaryimage","url":"https:\/\/jornalfatosenoticias.com.br\/wp-content\/uploads\/2022\/10\/turbina-eolica-eixo-vertical-1.jpg","contentUrl":"https:\/\/jornalfatosenoticias.com.br\/wp-content\/uploads\/2022\/10\/turbina-eolica-eixo-vertical-1.jpg","width":1000,"height":583},{"@type":"BreadcrumbList","@id":"https:\/\/jornalfatosenoticias.com.br\/index.php\/2022\/10\/17\/turbina-eolica-contrarrotativa-promete-dobrar-producao-energetica\/#breadcrumb","itemListElement":[{"@type":"ListItem","position":1,"name":"In\u00edcio","item":"https:\/\/jornalfatosenoticias.com.br\/"},{"@type":"ListItem","position":2,"name":"Turbina e\u00f3lica contrarrotativa promete dobrar produ\u00e7\u00e3o energ\u00e9tica"}]},{"@type":"WebSite","@id":"https:\/\/jornalfatosenoticias.com.br\/#website","url":"https:\/\/jornalfatosenoticias.com.br\/","name":"Jornal Fatos e Not\u00edcias","description":"Not\u00edcias em geral","publisher":{"@id":"https:\/\/jornalfatosenoticias.com.br\/#organization"},"potentialAction":[{"@type":"SearchAction","target":{"@type":"EntryPoint","urlTemplate":"https:\/\/jornalfatosenoticias.com.br\/?s={search_term_string}"},"query-input":{"@type":"PropertyValueSpecification","valueRequired":true,"valueName":"search_term_string"}}],"inLanguage":"pt-BR"},{"@type":"Organization","@id":"https:\/\/jornalfatosenoticias.com.br\/#organization","name":"Jornal Fatos e Not\u00edcias","url":"https:\/\/jornalfatosenoticias.com.br\/","logo":{"@type":"ImageObject","inLanguage":"pt-BR","@id":"https:\/\/jornalfatosenoticias.com.br\/#\/schema\/logo\/image\/","url":"https:\/\/jornalfatosenoticias.com.br\/wp-content\/uploads\/2020\/02\/logo120.png","contentUrl":"https:\/\/jornalfatosenoticias.com.br\/wp-content\/uploads\/2020\/02\/logo120.png","width":1227,"height":120,"caption":"Jornal Fatos e Not\u00edcias"},"image":{"@id":"https:\/\/jornalfatosenoticias.com.br\/#\/schema\/logo\/image\/"}},{"@type":"Person","@id":"https:\/\/jornalfatosenoticias.com.br\/#\/schema\/person\/d63837fa13ac8666eb9e74e0985d6f81","name":"Luzimara Fernandes","image":{"@type":"ImageObject","inLanguage":"pt-BR","@id":"https:\/\/jornalfatosenoticias.com.br\/#\/schema\/person\/image\/","url":"https:\/\/jornalfatosenoticias.com.br\/wp-content\/uploads\/2025\/05\/EU_portal.jpg","contentUrl":"https:\/\/jornalfatosenoticias.com.br\/wp-content\/uploads\/2025\/05\/EU_portal.jpg","caption":"Luzimara Fernandes"},"description":"Jornalista MTB 2358-ES","sameAs":["https:\/\/jornalfatosenoticias.com.br"],"url":"https:\/\/jornalfatosenoticias.com.br\/index.php\/author\/luzimara\/"}]}},"cc_featured_image_caption":{"caption_text":"(Foto: World Wide Wind) ","source_text":"","source_url":""},"jetpack_featured_media_url":"https:\/\/jornalfatosenoticias.com.br\/wp-content\/uploads\/2022\/10\/turbina-eolica-eixo-vertical-1.jpg","_links":{"self":[{"href":"https:\/\/jornalfatosenoticias.com.br\/index.php\/wp-json\/wp\/v2\/posts\/35232","targetHints":{"allow":["GET"]}}],"collection":[{"href":"https:\/\/jornalfatosenoticias.com.br\/index.php\/wp-json\/wp\/v2\/posts"}],"about":[{"href":"https:\/\/jornalfatosenoticias.com.br\/index.php\/wp-json\/wp\/v2\/types\/post"}],"author":[{"embeddable":true,"href":"https:\/\/jornalfatosenoticias.com.br\/index.php\/wp-json\/wp\/v2\/users\/2"}],"replies":[{"embeddable":true,"href":"https:\/\/jornalfatosenoticias.com.br\/index.php\/wp-json\/wp\/v2\/comments?post=35232"}],"version-history":[{"count":0,"href":"https:\/\/jornalfatosenoticias.com.br\/index.php\/wp-json\/wp\/v2\/posts\/35232\/revisions"}],"wp:featuredmedia":[{"embeddable":true,"href":"https:\/\/jornalfatosenoticias.com.br\/index.php\/wp-json\/wp\/v2\/media\/35234"}],"wp:attachment":[{"href":"https:\/\/jornalfatosenoticias.com.br\/index.php\/wp-json\/wp\/v2\/media?parent=35232"}],"wp:term":[{"taxonomy":"category","embeddable":true,"href":"https:\/\/jornalfatosenoticias.com.br\/index.php\/wp-json\/wp\/v2\/categories?post=35232"},{"taxonomy":"post_tag","embeddable":true,"href":"https:\/\/jornalfatosenoticias.com.br\/index.php\/wp-json\/wp\/v2\/tags?post=35232"}],"curies":[{"name":"wp","href":"https:\/\/api.w.org\/{rel}","templated":true}]}}