{"id":35236,"date":"2022-10-17T19:25:59","date_gmt":"2022-10-17T22:25:59","guid":{"rendered":"https:\/\/jornalfatosenoticias.com.br\/?p=35236"},"modified":"2022-10-17T19:26:01","modified_gmt":"2022-10-17T22:26:01","slug":"brincar-em-rios-e-lagos-na-infancia-influencia-saude-na-vida-adulta","status":"publish","type":"post","link":"https:\/\/jornalfatosenoticias.com.br\/index.php\/2022\/10\/17\/brincar-em-rios-e-lagos-na-infancia-influencia-saude-na-vida-adulta\/","title":{"rendered":"Brincar em rios e lagos na inf\u00e2ncia influencia sa\u00fade na vida adulta"},"content":{"rendered":"\n<p><em><span class=\"has-inline-color has-black-color\">\u00c9 o que afirma um novo estudo, que relaciona \u201cespa\u00e7os azuis\u201d com melhor sa\u00fade mental<\/span><\/em><\/p>\n\n\n\n<div class=\"wp-block-image\"><figure class=\"aligncenter size-large\"><img loading=\"lazy\" decoding=\"async\" width=\"1024\" height=\"100\" src=\"https:\/\/jornalfatosenoticias.com.br\/wp-content\/uploads\/2022\/05\/NOVA-LOGO-CESCONETTO-1024x100.jpg\" alt=\"\" class=\"wp-image-30792\" srcset=\"https:\/\/jornalfatosenoticias.com.br\/wp-content\/uploads\/2022\/05\/NOVA-LOGO-CESCONETTO-1024x100.jpg 1024w, https:\/\/jornalfatosenoticias.com.br\/wp-content\/uploads\/2022\/05\/NOVA-LOGO-CESCONETTO-300x29.jpg 300w, https:\/\/jornalfatosenoticias.com.br\/wp-content\/uploads\/2022\/05\/NOVA-LOGO-CESCONETTO-768x75.jpg 768w, https:\/\/jornalfatosenoticias.com.br\/wp-content\/uploads\/2022\/05\/NOVA-LOGO-CESCONETTO.jpg 1280w\" sizes=\"auto, (max-width: 1024px) 100vw, 1024px\" \/><\/figure><\/div>\n\n\n\n<p>Adultos que passaram tempo brincando ao redor de \u00e1guas costeiras e interiores, como rios e lagos, quando crian\u00e7as, s\u00e3o mais propensos a ter melhor sa\u00fade mental. \u00c9 o que conclui uma nova pesquisa da Universidade de Exeter na Inglaterra.<\/p>\n\n\n\n<div class=\"wp-block-image\"><figure class=\"aligncenter size-large is-resized\"><img loading=\"lazy\" decoding=\"async\" src=\"https:\/\/jornalfatosenoticias.com.br\/wp-content\/uploads\/2020\/02\/nova-logo-Marquetti.jpg\" alt=\"\" class=\"wp-image-22331\" width=\"297\" height=\"200\" srcset=\"https:\/\/jornalfatosenoticias.com.br\/wp-content\/uploads\/2020\/02\/nova-logo-Marquetti.jpg 643w, https:\/\/jornalfatosenoticias.com.br\/wp-content\/uploads\/2020\/02\/nova-logo-Marquetti-300x202.jpg 300w\" sizes=\"auto, (max-width: 297px) 100vw, 297px\" \/><\/figure><\/div>\n\n\n\n<p>S\u00e3o in\u00fameros os estudos que relacionam a import\u00e2ncia de \u00e1reas verdes para adultos e crian\u00e7as, mas, at\u00e9 mesmo pela falta dos chamados \u201c<a href=\"https:\/\/ciclovivo.com.br\/vida-sustentavel\/bem-estar\/viver-mares-rios-saude-mental\/\" target=\"_blank\" rel=\"noreferrer noopener\">espa\u00e7os azuis<\/a>\u201d (rios, lagos e mar) nas cidades, as pesquisas que investigam a fundo este tema s\u00e3o menos comuns. Os pesquisadores da Exeter ent\u00e3o buscaram desvendar o assunto ao entrevistarem mais de 15 mil pessoas de 18 pa\u00edses.<\/p>\n\n\n\n<div class=\"wp-block-image\"><figure class=\"aligncenter size-large\"><img decoding=\"async\" src=\"https:\/\/jornalfatosenoticias.com.br\/wp-content\/uploads\/2020\/02\/logo-embacia-1-1024x110.jpg\" alt=\"\" class=\"wp-image-33954\"\/><\/figure><\/div>\n\n\n\n<p>Os participantes foram questionados sobre suas experi\u00eancias em espa\u00e7os azuis ocorridas entre as idades de zero a 16 anos, incluindo com que frequ\u00eancia os visitavam e qu\u00e3o confort\u00e1veis \u200b\u200bseus pais\/respons\u00e1veis \u200b\u200bestavam com eles brincando nesses ambientes Eles tamb\u00e9m relataram sobre o contato mais recente com espa\u00e7os verdes e azuis assim como sobre a <a href=\"https:\/\/ciclovivo.com.br\/vida-sustentavel\/bem-estar\/natureza-ajuda-na-cognicao-e-saude-mental-de-adolescentes\/\" target=\"_blank\" rel=\"noreferrer noopener\">sa\u00fade mental<\/a>.<\/p>\n\n\n\n<div class=\"wp-block-image\"><figure class=\"aligncenter size-large is-resized\"><img loading=\"lazy\" decoding=\"async\" src=\"https:\/\/jornalfatosenoticias.com.br\/wp-content\/uploads\/2022\/08\/logo-locau-veiculos-1024x573.png\" alt=\"\" class=\"wp-image-33078\" width=\"319\" height=\"178\"\/><\/figure><\/div>\n\n\n\n<p>Uma das descobertas da pesquisa \u00e9 que os indiv\u00edduos que se lembravam de mais experi\u00eancias em lagos, rios e mares na inf\u00e2ncia tendiam a atribuir maior valor intr\u00ednseco aos ambientes naturais em geral e a visit\u00e1-los com mais frequ\u00eancia quando adultos \u2014 cada um dos quais, por sua vez, era associados a um melhor bem-estar mental na idade adulta.<\/p>\n\n\n\n<div class=\"wp-block-image\"><figure class=\"aligncenter size-large is-resized\"><img loading=\"lazy\" decoding=\"async\" src=\"https:\/\/jornalfatosenoticias.com.br\/wp-content\/uploads\/2022\/02\/Precisao-Contabilidade-1024x724.jpg\" alt=\"\" class=\"wp-image-28088\" width=\"310\" height=\"219\"\/><\/figure><\/div>\n\n\n\n<div class=\"wp-block-image\"><figure class=\"aligncenter size-large\"><img loading=\"lazy\" decoding=\"async\" width=\"718\" height=\"1000\" src=\"https:\/\/jornalfatosenoticias.com.br\/wp-content\/uploads\/2022\/10\/brincar-rios-e-lagos2.jpg\" alt=\"\" class=\"wp-image-35237\" srcset=\"https:\/\/jornalfatosenoticias.com.br\/wp-content\/uploads\/2022\/10\/brincar-rios-e-lagos2.jpg 718w, https:\/\/jornalfatosenoticias.com.br\/wp-content\/uploads\/2022\/10\/brincar-rios-e-lagos2-215x300.jpg 215w\" sizes=\"auto, (max-width: 718px) 100vw, 718px\" \/><figcaption><em><span class=\"has-inline-color has-black-color\">Encorajar habilidades como nadar pode gerar benef\u00edcios ao longo da vida (Foto: Janko Ferli\u010d\/Unsplash)<\/span><\/em><\/figcaption><\/figure><\/div>\n\n\n\n<figure class=\"wp-block-pullquote\"><blockquote><p><span class=\"has-inline-color has-luminous-vivid-orange-color\">No contexto de um mundo cada vez mais tecnol\u00f3gico e industrializado, \u00e9 importante entender como as experi\u00eancias na natureza da inf\u00e2ncia se relacionam com o bem-estar na vida adulta\u201d, afirma Valeria Vitale, autora principal do estudo e candidata a doutorado na Universidade Sapienza de Roma. \u201cNossas descobertas sugerem que construir familiaridade e confian\u00e7a dentro e ao redor de espa\u00e7os azuis durante a inf\u00e2ncia pode estimular uma alegria inerente \u00e0 natureza e encorajar as pessoas a buscar experi\u00eancias recreativas na natureza, com consequ\u00eancias ben\u00e9ficas para a sa\u00fade mental dos adultos\u201d, completa.<\/span><\/p><\/blockquote><\/figure>\n\n\n\n<div class=\"wp-block-image\"><figure class=\"alignleft size-large\"><img decoding=\"async\" src=\"https:\/\/jornalfatosenoticias.com.br\/wp-content\/uploads\/2020\/02\/logo_esteio.jpg\" alt=\"\" class=\"wp-image-1214\"\/><\/figure><\/div>\n\n\n\n<p>Para Leanne Martin, coautora e pesquisadora associada da Universidade de Exeter, este \u00e9 mais um empurr\u00e3o para os pais ou respons\u00e1veis n\u00e3o temerem em levar seus filhos a espa\u00e7os aqu\u00e1ticos. \u201cOs cen\u00e1rios de \u00e1gua podem ser perigosos para as crian\u00e7as e os pais est\u00e3o certos em ser cautelosos. Esta pesquisa sugere, no entanto, que apoiar as crian\u00e7as a se sentirem confort\u00e1veis \u200b\u200bnesses ambientes e desenvolver habilidades como nadar pode ter benef\u00edcios ao longo da vida n\u00e3o reconhecidos anteriormente\u201d.<\/p>\n\n\n\n<div class=\"wp-block-image\"><figure class=\"aligncenter size-large\"><img loading=\"lazy\" decoding=\"async\" width=\"1024\" height=\"103\" src=\"https:\/\/jornalfatosenoticias.com.br\/wp-content\/uploads\/2022\/02\/Arte-Autoescola-Galatas_endereco_portal-1024x103.png\" alt=\"\" class=\"wp-image-27869\" srcset=\"https:\/\/jornalfatosenoticias.com.br\/wp-content\/uploads\/2022\/02\/Arte-Autoescola-Galatas_endereco_portal-1024x103.png 1024w, https:\/\/jornalfatosenoticias.com.br\/wp-content\/uploads\/2022\/02\/Arte-Autoescola-Galatas_endereco_portal-300x30.png 300w, https:\/\/jornalfatosenoticias.com.br\/wp-content\/uploads\/2022\/02\/Arte-Autoescola-Galatas_endereco_portal-768x77.png 768w, https:\/\/jornalfatosenoticias.com.br\/wp-content\/uploads\/2022\/02\/Arte-Autoescola-Galatas_endereco_portal.png 1223w\" sizes=\"auto, (max-width: 1024px) 100vw, 1024px\" \/><\/figure><\/div>\n\n\n\n<p>J\u00e1 Mathew White, outro coautor e cientista s\u00eanior da Universidade de Viena, o estudo \u00e9 mais uma contribui\u00e7\u00e3o sobre a \u201cnecessidade de planejadores urbanos e \u00f3rg\u00e3os locais respons\u00e1veis, \u200b\u200bpor gerenciar nossos espa\u00e7os verdes e azuis, em fornecer seguran\u00e7a e acessibilidade\u201d. Ele ressalta que o acesso a ambientes naturais \u00e9 crucial para o desenvolvimento f\u00edsico e mental saud\u00e1vel das crian\u00e7as.<\/p>\n\n\n\n<div class=\"wp-block-image\"><figure class=\"aligncenter size-large is-resized\"><img loading=\"lazy\" decoding=\"async\" src=\"https:\/\/jornalfatosenoticias.com.br\/wp-content\/uploads\/2020\/02\/logo-clinica-limoeiro.jpg\" alt=\"\" class=\"wp-image-34610\" width=\"299\" height=\"212\"\/><\/figure><\/div>\n\n\n\n<p>Os dados s\u00e3o de uma pesquisa chamada BlueHealth International Survey (BIS) coordenada pelo Centro Europeu de Meio Ambiente e Sa\u00fade Humana da Universidade de Exeter. A an\u00e1lise coletou informa\u00e7\u00f5es de milhares de adultos de 14 pa\u00edses europeus, al\u00e9m de Hong Kong, Canad\u00e1, Austr\u00e1lia e Calif\u00f3rnia.<br>O estudo intitulado \u201cMecanismos subjacentes \u00e0 exposi\u00e7\u00e3o infantil a espa\u00e7os azuis e bem-estar subjetivo adulto: uma an\u00e1lise de 18 pa\u00edses\u201d foi publicado, em ingl\u00eas, no <strong><a href=\"https:\/\/www.sciencedirect.com\/science\/article\/abs\/pii\/S0272494422001219\" target=\"_blank\" rel=\"noreferrer noopener\"><em>Journal of Environmental Psychology<\/em><\/a>.<\/strong><\/p>\n\n\n\n<div class=\"wp-block-image\"><figure class=\"aligncenter size-large\"><img decoding=\"async\" src=\"https:\/\/jornalfatosenoticias.com.br\/wp-content\/uploads\/2020\/02\/Serra-Grande-1024x160.png\" alt=\"\" class=\"wp-image-7836\"\/><\/figure><\/div>\n\n\n\n<p><strong><em>Fonte: <a href=\"https:\/\/ciclovivo.com.br\/vida-sustentavel\/bem-estar\/brincar-em-rios-e-lagos-infancia-adultos-mais-saudaveis\/\">CicloVivo<\/a><\/em><\/strong><\/p>\n","protected":false},"excerpt":{"rendered":"<p>\u00c9 o que afirma um novo estudo, que relaciona \u201cespa\u00e7os azuis\u201d com melhor sa\u00fade mental Adultos que passaram tempo brincando ao redor de \u00e1guas costeiras e interiores, como rios e lagos, quando crian\u00e7as, s\u00e3o mais propensos a ter melhor sa\u00fade mental. \u00c9 o que conclui uma nova pesquisa da Universidade de Exeter na Inglaterra. S\u00e3o [&hellip;]<\/p>\n","protected":false},"author":2,"featured_media":35238,"comment_status":"open","ping_status":"open","sticky":false,"template":"","format":"standard","meta":{"footnotes":""},"categories":[42],"tags":[16530,16531,2607,3612,659,688,14139],"class_list":["post-35236","post","type-post","status-publish","format-standard","has-post-thumbnail","hentry","category-bem-estar","tag-brincar-em-rios-e-lagos","tag-espacos-azuis","tag-infancia","tag-praia","tag-rios","tag-saude-mental","tag-vida-adulta"],"yoast_head":"<!-- This site is optimized with the Yoast SEO plugin v26.5 - https:\/\/yoast.com\/wordpress\/plugins\/seo\/ -->\n<title>Brincar em rios e lagos na inf\u00e2ncia influencia sa\u00fade na vida adulta - Jornal Fatos e Not\u00edcias<\/title>\n<meta name=\"robots\" content=\"index, follow, max-snippet:-1, max-image-preview:large, max-video-preview:-1\" \/>\n<link rel=\"canonical\" href=\"https:\/\/jornalfatosenoticias.com.br\/index.php\/2022\/10\/17\/brincar-em-rios-e-lagos-na-infancia-influencia-saude-na-vida-adulta\/\" \/>\n<meta property=\"og:locale\" content=\"pt_BR\" \/>\n<meta property=\"og:type\" content=\"article\" \/>\n<meta property=\"og:title\" content=\"Brincar em rios e lagos na inf\u00e2ncia influencia sa\u00fade na vida adulta - Jornal Fatos e Not\u00edcias\" \/>\n<meta property=\"og:description\" content=\"\u00c9 o que afirma um novo estudo, que relaciona \u201cespa\u00e7os azuis\u201d com melhor sa\u00fade mental Adultos que passaram tempo brincando ao redor de \u00e1guas costeiras e interiores, como rios e lagos, quando crian\u00e7as, s\u00e3o mais propensos a ter melhor sa\u00fade mental. \u00c9 o que conclui uma nova pesquisa da Universidade de Exeter na Inglaterra. S\u00e3o [&hellip;]\" \/>\n<meta property=\"og:url\" content=\"https:\/\/jornalfatosenoticias.com.br\/index.php\/2022\/10\/17\/brincar-em-rios-e-lagos-na-infancia-influencia-saude-na-vida-adulta\/\" \/>\n<meta property=\"og:site_name\" content=\"Jornal Fatos e Not\u00edcias\" \/>\n<meta property=\"article:published_time\" content=\"2022-10-17T22:25:59+00:00\" \/>\n<meta property=\"article:modified_time\" content=\"2022-10-17T22:26:01+00:00\" \/>\n<meta property=\"og:image\" content=\"https:\/\/jornalfatosenoticias.com.br\/wp-content\/uploads\/2022\/10\/brincar-rios-e-lagos.jpg\" \/>\n\t<meta property=\"og:image:width\" content=\"1000\" \/>\n\t<meta property=\"og:image:height\" content=\"663\" \/>\n\t<meta property=\"og:image:type\" content=\"image\/jpeg\" \/>\n<meta name=\"author\" content=\"Luzimara Fernandes\" \/>\n<meta name=\"twitter:card\" content=\"summary_large_image\" \/>\n<meta name=\"twitter:label1\" content=\"Escrito por\" \/>\n\t<meta name=\"twitter:data1\" content=\"Luzimara Fernandes\" \/>\n\t<meta name=\"twitter:label2\" content=\"Est. tempo de leitura\" \/>\n\t<meta name=\"twitter:data2\" content=\"3 minutos\" \/>\n<script type=\"application\/ld+json\" class=\"yoast-schema-graph\">{\"@context\":\"https:\/\/schema.org\",\"@graph\":[{\"@type\":\"Article\",\"@id\":\"https:\/\/jornalfatosenoticias.com.br\/index.php\/2022\/10\/17\/brincar-em-rios-e-lagos-na-infancia-influencia-saude-na-vida-adulta\/#article\",\"isPartOf\":{\"@id\":\"https:\/\/jornalfatosenoticias.com.br\/index.php\/2022\/10\/17\/brincar-em-rios-e-lagos-na-infancia-influencia-saude-na-vida-adulta\/\"},\"author\":{\"name\":\"Luzimara Fernandes\",\"@id\":\"https:\/\/jornalfatosenoticias.com.br\/#\/schema\/person\/d63837fa13ac8666eb9e74e0985d6f81\"},\"headline\":\"Brincar em rios e lagos na inf\u00e2ncia influencia sa\u00fade na vida adulta\",\"datePublished\":\"2022-10-17T22:25:59+00:00\",\"dateModified\":\"2022-10-17T22:26:01+00:00\",\"mainEntityOfPage\":{\"@id\":\"https:\/\/jornalfatosenoticias.com.br\/index.php\/2022\/10\/17\/brincar-em-rios-e-lagos-na-infancia-influencia-saude-na-vida-adulta\/\"},\"wordCount\":619,\"commentCount\":0,\"publisher\":{\"@id\":\"https:\/\/jornalfatosenoticias.com.br\/#organization\"},\"image\":{\"@id\":\"https:\/\/jornalfatosenoticias.com.br\/index.php\/2022\/10\/17\/brincar-em-rios-e-lagos-na-infancia-influencia-saude-na-vida-adulta\/#primaryimage\"},\"thumbnailUrl\":\"https:\/\/jornalfatosenoticias.com.br\/wp-content\/uploads\/2022\/10\/brincar-rios-e-lagos.jpg\",\"keywords\":[\"brincar em rios e lagos\",\"espa\u00e7os azuis\",\"inf\u00e2ncia\",\"praia\",\"rios\",\"sa\u00fade mental\",\"vida adulta\"],\"articleSection\":[\"Bem-estar\"],\"inLanguage\":\"pt-BR\",\"potentialAction\":[{\"@type\":\"CommentAction\",\"name\":\"Comment\",\"target\":[\"https:\/\/jornalfatosenoticias.com.br\/index.php\/2022\/10\/17\/brincar-em-rios-e-lagos-na-infancia-influencia-saude-na-vida-adulta\/#respond\"]}]},{\"@type\":\"WebPage\",\"@id\":\"https:\/\/jornalfatosenoticias.com.br\/index.php\/2022\/10\/17\/brincar-em-rios-e-lagos-na-infancia-influencia-saude-na-vida-adulta\/\",\"url\":\"https:\/\/jornalfatosenoticias.com.br\/index.php\/2022\/10\/17\/brincar-em-rios-e-lagos-na-infancia-influencia-saude-na-vida-adulta\/\",\"name\":\"Brincar em rios e lagos na inf\u00e2ncia influencia sa\u00fade na vida adulta - Jornal Fatos e Not\u00edcias\",\"isPartOf\":{\"@id\":\"https:\/\/jornalfatosenoticias.com.br\/#website\"},\"primaryImageOfPage\":{\"@id\":\"https:\/\/jornalfatosenoticias.com.br\/index.php\/2022\/10\/17\/brincar-em-rios-e-lagos-na-infancia-influencia-saude-na-vida-adulta\/#primaryimage\"},\"image\":{\"@id\":\"https:\/\/jornalfatosenoticias.com.br\/index.php\/2022\/10\/17\/brincar-em-rios-e-lagos-na-infancia-influencia-saude-na-vida-adulta\/#primaryimage\"},\"thumbnailUrl\":\"https:\/\/jornalfatosenoticias.com.br\/wp-content\/uploads\/2022\/10\/brincar-rios-e-lagos.jpg\",\"datePublished\":\"2022-10-17T22:25:59+00:00\",\"dateModified\":\"2022-10-17T22:26:01+00:00\",\"breadcrumb\":{\"@id\":\"https:\/\/jornalfatosenoticias.com.br\/index.php\/2022\/10\/17\/brincar-em-rios-e-lagos-na-infancia-influencia-saude-na-vida-adulta\/#breadcrumb\"},\"inLanguage\":\"pt-BR\",\"potentialAction\":[{\"@type\":\"ReadAction\",\"target\":[\"https:\/\/jornalfatosenoticias.com.br\/index.php\/2022\/10\/17\/brincar-em-rios-e-lagos-na-infancia-influencia-saude-na-vida-adulta\/\"]}]},{\"@type\":\"ImageObject\",\"inLanguage\":\"pt-BR\",\"@id\":\"https:\/\/jornalfatosenoticias.com.br\/index.php\/2022\/10\/17\/brincar-em-rios-e-lagos-na-infancia-influencia-saude-na-vida-adulta\/#primaryimage\",\"url\":\"https:\/\/jornalfatosenoticias.com.br\/wp-content\/uploads\/2022\/10\/brincar-rios-e-lagos.jpg\",\"contentUrl\":\"https:\/\/jornalfatosenoticias.com.br\/wp-content\/uploads\/2022\/10\/brincar-rios-e-lagos.jpg\",\"width\":1000,\"height\":663},{\"@type\":\"BreadcrumbList\",\"@id\":\"https:\/\/jornalfatosenoticias.com.br\/index.php\/2022\/10\/17\/brincar-em-rios-e-lagos-na-infancia-influencia-saude-na-vida-adulta\/#breadcrumb\",\"itemListElement\":[{\"@type\":\"ListItem\",\"position\":1,\"name\":\"In\u00edcio\",\"item\":\"https:\/\/jornalfatosenoticias.com.br\/\"},{\"@type\":\"ListItem\",\"position\":2,\"name\":\"Brincar em rios e lagos na inf\u00e2ncia influencia sa\u00fade na vida adulta\"}]},{\"@type\":\"WebSite\",\"@id\":\"https:\/\/jornalfatosenoticias.com.br\/#website\",\"url\":\"https:\/\/jornalfatosenoticias.com.br\/\",\"name\":\"Jornal Fatos e Not\u00edcias\",\"description\":\"Not\u00edcias em geral\",\"publisher\":{\"@id\":\"https:\/\/jornalfatosenoticias.com.br\/#organization\"},\"potentialAction\":[{\"@type\":\"SearchAction\",\"target\":{\"@type\":\"EntryPoint\",\"urlTemplate\":\"https:\/\/jornalfatosenoticias.com.br\/?s={search_term_string}\"},\"query-input\":{\"@type\":\"PropertyValueSpecification\",\"valueRequired\":true,\"valueName\":\"search_term_string\"}}],\"inLanguage\":\"pt-BR\"},{\"@type\":\"Organization\",\"@id\":\"https:\/\/jornalfatosenoticias.com.br\/#organization\",\"name\":\"Jornal Fatos e Not\u00edcias\",\"url\":\"https:\/\/jornalfatosenoticias.com.br\/\",\"logo\":{\"@type\":\"ImageObject\",\"inLanguage\":\"pt-BR\",\"@id\":\"https:\/\/jornalfatosenoticias.com.br\/#\/schema\/logo\/image\/\",\"url\":\"https:\/\/jornalfatosenoticias.com.br\/wp-content\/uploads\/2020\/02\/logo120.png\",\"contentUrl\":\"https:\/\/jornalfatosenoticias.com.br\/wp-content\/uploads\/2020\/02\/logo120.png\",\"width\":1227,\"height\":120,\"caption\":\"Jornal Fatos e Not\u00edcias\"},\"image\":{\"@id\":\"https:\/\/jornalfatosenoticias.com.br\/#\/schema\/logo\/image\/\"}},{\"@type\":\"Person\",\"@id\":\"https:\/\/jornalfatosenoticias.com.br\/#\/schema\/person\/d63837fa13ac8666eb9e74e0985d6f81\",\"name\":\"Luzimara Fernandes\",\"image\":{\"@type\":\"ImageObject\",\"inLanguage\":\"pt-BR\",\"@id\":\"https:\/\/jornalfatosenoticias.com.br\/#\/schema\/person\/image\/\",\"url\":\"https:\/\/jornalfatosenoticias.com.br\/wp-content\/uploads\/2025\/05\/EU_portal.jpg\",\"contentUrl\":\"https:\/\/jornalfatosenoticias.com.br\/wp-content\/uploads\/2025\/05\/EU_portal.jpg\",\"caption\":\"Luzimara Fernandes\"},\"description\":\"Jornalista MTB 2358-ES\",\"sameAs\":[\"https:\/\/jornalfatosenoticias.com.br\"],\"url\":\"https:\/\/jornalfatosenoticias.com.br\/index.php\/author\/luzimara\/\"}]}<\/script>\n<!-- \/ Yoast SEO plugin. -->","yoast_head_json":{"title":"Brincar em rios e lagos na inf\u00e2ncia influencia sa\u00fade na vida adulta - Jornal Fatos e Not\u00edcias","robots":{"index":"index","follow":"follow","max-snippet":"max-snippet:-1","max-image-preview":"max-image-preview:large","max-video-preview":"max-video-preview:-1"},"canonical":"https:\/\/jornalfatosenoticias.com.br\/index.php\/2022\/10\/17\/brincar-em-rios-e-lagos-na-infancia-influencia-saude-na-vida-adulta\/","og_locale":"pt_BR","og_type":"article","og_title":"Brincar em rios e lagos na inf\u00e2ncia influencia sa\u00fade na vida adulta - Jornal Fatos e Not\u00edcias","og_description":"\u00c9 o que afirma um novo estudo, que relaciona \u201cespa\u00e7os azuis\u201d com melhor sa\u00fade mental Adultos que passaram tempo brincando ao redor de \u00e1guas costeiras e interiores, como rios e lagos, quando crian\u00e7as, s\u00e3o mais propensos a ter melhor sa\u00fade mental. \u00c9 o que conclui uma nova pesquisa da Universidade de Exeter na Inglaterra. S\u00e3o [&hellip;]","og_url":"https:\/\/jornalfatosenoticias.com.br\/index.php\/2022\/10\/17\/brincar-em-rios-e-lagos-na-infancia-influencia-saude-na-vida-adulta\/","og_site_name":"Jornal Fatos e Not\u00edcias","article_published_time":"2022-10-17T22:25:59+00:00","article_modified_time":"2022-10-17T22:26:01+00:00","og_image":[{"width":1000,"height":663,"url":"https:\/\/jornalfatosenoticias.com.br\/wp-content\/uploads\/2022\/10\/brincar-rios-e-lagos.jpg","type":"image\/jpeg"}],"author":"Luzimara Fernandes","twitter_card":"summary_large_image","twitter_misc":{"Escrito por":"Luzimara Fernandes","Est. tempo de leitura":"3 minutos"},"schema":{"@context":"https:\/\/schema.org","@graph":[{"@type":"Article","@id":"https:\/\/jornalfatosenoticias.com.br\/index.php\/2022\/10\/17\/brincar-em-rios-e-lagos-na-infancia-influencia-saude-na-vida-adulta\/#article","isPartOf":{"@id":"https:\/\/jornalfatosenoticias.com.br\/index.php\/2022\/10\/17\/brincar-em-rios-e-lagos-na-infancia-influencia-saude-na-vida-adulta\/"},"author":{"name":"Luzimara Fernandes","@id":"https:\/\/jornalfatosenoticias.com.br\/#\/schema\/person\/d63837fa13ac8666eb9e74e0985d6f81"},"headline":"Brincar em rios e lagos na inf\u00e2ncia influencia sa\u00fade na vida adulta","datePublished":"2022-10-17T22:25:59+00:00","dateModified":"2022-10-17T22:26:01+00:00","mainEntityOfPage":{"@id":"https:\/\/jornalfatosenoticias.com.br\/index.php\/2022\/10\/17\/brincar-em-rios-e-lagos-na-infancia-influencia-saude-na-vida-adulta\/"},"wordCount":619,"commentCount":0,"publisher":{"@id":"https:\/\/jornalfatosenoticias.com.br\/#organization"},"image":{"@id":"https:\/\/jornalfatosenoticias.com.br\/index.php\/2022\/10\/17\/brincar-em-rios-e-lagos-na-infancia-influencia-saude-na-vida-adulta\/#primaryimage"},"thumbnailUrl":"https:\/\/jornalfatosenoticias.com.br\/wp-content\/uploads\/2022\/10\/brincar-rios-e-lagos.jpg","keywords":["brincar em rios e lagos","espa\u00e7os azuis","inf\u00e2ncia","praia","rios","sa\u00fade mental","vida adulta"],"articleSection":["Bem-estar"],"inLanguage":"pt-BR","potentialAction":[{"@type":"CommentAction","name":"Comment","target":["https:\/\/jornalfatosenoticias.com.br\/index.php\/2022\/10\/17\/brincar-em-rios-e-lagos-na-infancia-influencia-saude-na-vida-adulta\/#respond"]}]},{"@type":"WebPage","@id":"https:\/\/jornalfatosenoticias.com.br\/index.php\/2022\/10\/17\/brincar-em-rios-e-lagos-na-infancia-influencia-saude-na-vida-adulta\/","url":"https:\/\/jornalfatosenoticias.com.br\/index.php\/2022\/10\/17\/brincar-em-rios-e-lagos-na-infancia-influencia-saude-na-vida-adulta\/","name":"Brincar em rios e lagos na inf\u00e2ncia influencia sa\u00fade na vida adulta - Jornal Fatos e Not\u00edcias","isPartOf":{"@id":"https:\/\/jornalfatosenoticias.com.br\/#website"},"primaryImageOfPage":{"@id":"https:\/\/jornalfatosenoticias.com.br\/index.php\/2022\/10\/17\/brincar-em-rios-e-lagos-na-infancia-influencia-saude-na-vida-adulta\/#primaryimage"},"image":{"@id":"https:\/\/jornalfatosenoticias.com.br\/index.php\/2022\/10\/17\/brincar-em-rios-e-lagos-na-infancia-influencia-saude-na-vida-adulta\/#primaryimage"},"thumbnailUrl":"https:\/\/jornalfatosenoticias.com.br\/wp-content\/uploads\/2022\/10\/brincar-rios-e-lagos.jpg","datePublished":"2022-10-17T22:25:59+00:00","dateModified":"2022-10-17T22:26:01+00:00","breadcrumb":{"@id":"https:\/\/jornalfatosenoticias.com.br\/index.php\/2022\/10\/17\/brincar-em-rios-e-lagos-na-infancia-influencia-saude-na-vida-adulta\/#breadcrumb"},"inLanguage":"pt-BR","potentialAction":[{"@type":"ReadAction","target":["https:\/\/jornalfatosenoticias.com.br\/index.php\/2022\/10\/17\/brincar-em-rios-e-lagos-na-infancia-influencia-saude-na-vida-adulta\/"]}]},{"@type":"ImageObject","inLanguage":"pt-BR","@id":"https:\/\/jornalfatosenoticias.com.br\/index.php\/2022\/10\/17\/brincar-em-rios-e-lagos-na-infancia-influencia-saude-na-vida-adulta\/#primaryimage","url":"https:\/\/jornalfatosenoticias.com.br\/wp-content\/uploads\/2022\/10\/brincar-rios-e-lagos.jpg","contentUrl":"https:\/\/jornalfatosenoticias.com.br\/wp-content\/uploads\/2022\/10\/brincar-rios-e-lagos.jpg","width":1000,"height":663},{"@type":"BreadcrumbList","@id":"https:\/\/jornalfatosenoticias.com.br\/index.php\/2022\/10\/17\/brincar-em-rios-e-lagos-na-infancia-influencia-saude-na-vida-adulta\/#breadcrumb","itemListElement":[{"@type":"ListItem","position":1,"name":"In\u00edcio","item":"https:\/\/jornalfatosenoticias.com.br\/"},{"@type":"ListItem","position":2,"name":"Brincar em rios e lagos na inf\u00e2ncia influencia sa\u00fade na vida adulta"}]},{"@type":"WebSite","@id":"https:\/\/jornalfatosenoticias.com.br\/#website","url":"https:\/\/jornalfatosenoticias.com.br\/","name":"Jornal Fatos e Not\u00edcias","description":"Not\u00edcias em geral","publisher":{"@id":"https:\/\/jornalfatosenoticias.com.br\/#organization"},"potentialAction":[{"@type":"SearchAction","target":{"@type":"EntryPoint","urlTemplate":"https:\/\/jornalfatosenoticias.com.br\/?s={search_term_string}"},"query-input":{"@type":"PropertyValueSpecification","valueRequired":true,"valueName":"search_term_string"}}],"inLanguage":"pt-BR"},{"@type":"Organization","@id":"https:\/\/jornalfatosenoticias.com.br\/#organization","name":"Jornal Fatos e Not\u00edcias","url":"https:\/\/jornalfatosenoticias.com.br\/","logo":{"@type":"ImageObject","inLanguage":"pt-BR","@id":"https:\/\/jornalfatosenoticias.com.br\/#\/schema\/logo\/image\/","url":"https:\/\/jornalfatosenoticias.com.br\/wp-content\/uploads\/2020\/02\/logo120.png","contentUrl":"https:\/\/jornalfatosenoticias.com.br\/wp-content\/uploads\/2020\/02\/logo120.png","width":1227,"height":120,"caption":"Jornal Fatos e Not\u00edcias"},"image":{"@id":"https:\/\/jornalfatosenoticias.com.br\/#\/schema\/logo\/image\/"}},{"@type":"Person","@id":"https:\/\/jornalfatosenoticias.com.br\/#\/schema\/person\/d63837fa13ac8666eb9e74e0985d6f81","name":"Luzimara Fernandes","image":{"@type":"ImageObject","inLanguage":"pt-BR","@id":"https:\/\/jornalfatosenoticias.com.br\/#\/schema\/person\/image\/","url":"https:\/\/jornalfatosenoticias.com.br\/wp-content\/uploads\/2025\/05\/EU_portal.jpg","contentUrl":"https:\/\/jornalfatosenoticias.com.br\/wp-content\/uploads\/2025\/05\/EU_portal.jpg","caption":"Luzimara Fernandes"},"description":"Jornalista MTB 2358-ES","sameAs":["https:\/\/jornalfatosenoticias.com.br"],"url":"https:\/\/jornalfatosenoticias.com.br\/index.php\/author\/luzimara\/"}]}},"cc_featured_image_caption":{"caption_text":"(Foto: Leo Rivas\/Unsplash)","source_text":"","source_url":""},"jetpack_featured_media_url":"https:\/\/jornalfatosenoticias.com.br\/wp-content\/uploads\/2022\/10\/brincar-rios-e-lagos.jpg","_links":{"self":[{"href":"https:\/\/jornalfatosenoticias.com.br\/index.php\/wp-json\/wp\/v2\/posts\/35236","targetHints":{"allow":["GET"]}}],"collection":[{"href":"https:\/\/jornalfatosenoticias.com.br\/index.php\/wp-json\/wp\/v2\/posts"}],"about":[{"href":"https:\/\/jornalfatosenoticias.com.br\/index.php\/wp-json\/wp\/v2\/types\/post"}],"author":[{"embeddable":true,"href":"https:\/\/jornalfatosenoticias.com.br\/index.php\/wp-json\/wp\/v2\/users\/2"}],"replies":[{"embeddable":true,"href":"https:\/\/jornalfatosenoticias.com.br\/index.php\/wp-json\/wp\/v2\/comments?post=35236"}],"version-history":[{"count":0,"href":"https:\/\/jornalfatosenoticias.com.br\/index.php\/wp-json\/wp\/v2\/posts\/35236\/revisions"}],"wp:featuredmedia":[{"embeddable":true,"href":"https:\/\/jornalfatosenoticias.com.br\/index.php\/wp-json\/wp\/v2\/media\/35238"}],"wp:attachment":[{"href":"https:\/\/jornalfatosenoticias.com.br\/index.php\/wp-json\/wp\/v2\/media?parent=35236"}],"wp:term":[{"taxonomy":"category","embeddable":true,"href":"https:\/\/jornalfatosenoticias.com.br\/index.php\/wp-json\/wp\/v2\/categories?post=35236"},{"taxonomy":"post_tag","embeddable":true,"href":"https:\/\/jornalfatosenoticias.com.br\/index.php\/wp-json\/wp\/v2\/tags?post=35236"}],"curies":[{"name":"wp","href":"https:\/\/api.w.org\/{rel}","templated":true}]}}