{"id":35248,"date":"2022-10-17T20:01:29","date_gmt":"2022-10-17T23:01:29","guid":{"rendered":"https:\/\/jornalfatosenoticias.com.br\/?p=35248"},"modified":"2022-10-17T20:01:31","modified_gmt":"2022-10-17T23:01:31","slug":"memoria-olfativa-o-que-e-e-como-funciona","status":"publish","type":"post","link":"https:\/\/jornalfatosenoticias.com.br\/index.php\/2022\/10\/17\/memoria-olfativa-o-que-e-e-como-funciona\/","title":{"rendered":"Mem\u00f3ria olfativa: o que \u00e9 e como funciona"},"content":{"rendered":"\n<p><em><span class=\"has-inline-color has-black-color\">O cheiro pode ter qualidades cient\u00edficas na mem\u00f3ria, entenda mais sobre a mem\u00f3ria olfativa<\/span><\/em><\/p>\n\n\n\n<div class=\"wp-block-image\"><figure class=\"aligncenter size-large\"><img decoding=\"async\" src=\"https:\/\/jornalfatosenoticias.com.br\/wp-content\/uploads\/2020\/02\/logo-embacia-1-1024x110.jpg\" alt=\"\" class=\"wp-image-33954\"\/><\/figure><\/div>\n\n\n\n<p>A <strong>mem\u00f3ria olfativa\u00a0<\/strong>\u00e9 uma habilidade do\u00a0<a href=\"https:\/\/www.ecycle.com.br\/cerebro\">c\u00e9rebro\u00a0<\/a>em desencadear\u00a0<a href=\"https:\/\/www.ecycle.com.br\/memoria\">mem\u00f3rias<\/a> a partir do cheiro. O fen\u00f4meno acontece a partir de uma associa\u00e7\u00e3o de odores ao hipocampo, parte do c\u00e9rebro localizada perto das am\u00edgdalas. O hipocampo \u00e9 respons\u00e1vel pelo armazenamento das emo\u00e7\u00f5es e sensa\u00e7\u00f5es e, por proximidade, \u00e9 frequentemente influenciado pelas percep\u00e7\u00f5es de sentidos como tato, paladar e <strong>olfato.<\/strong><\/p>\n\n\n\n<div class=\"wp-block-image\"><figure class=\"aligncenter size-large is-resized\"><img loading=\"lazy\" decoding=\"async\" src=\"https:\/\/jornalfatosenoticias.com.br\/wp-content\/uploads\/2022\/02\/Precisao-Contabilidade-1024x724.jpg\" alt=\"\" class=\"wp-image-28088\" width=\"335\" height=\"237\"\/><\/figure><\/div>\n\n\n\n<p>Acredita-se que os cheiros tenham uma liga\u00e7\u00e3o mais forte com a mem\u00f3ria e a emo\u00e7\u00e3o do que qualquer um dos outros sentidos, fazendo com que a <strong>mem\u00f3ria olfativa<\/strong> seja um fen\u00f4meno poderoso. Diversos estudos j\u00e1 comprovaram que o est\u00edmulo olfativo \u00e9 maior do que est\u00edmulos visuais.<\/p>\n\n\n\n<div class=\"wp-block-image\"><figure class=\"aligncenter size-large\"><img decoding=\"async\" src=\"https:\/\/jornalfatosenoticias.com.br\/wp-content\/uploads\/2020\/02\/Serra-Grande-1024x160.png\" alt=\"\" class=\"wp-image-7836\"\/><\/figure><\/div>\n\n\n\n<p>Uma <a href=\"http:\/\/www.ncbi.nlm.nih.gov\/pubmed\/14670575\">pesquisa<\/a> de 2004 da Universidade Brown, por exemplo, comprovou que mulheres possuem uma maior atividade cerebral quando cheiram perfumes associados a mem\u00f3rias felizes do que perfumes novos. Al\u00e9m disso, essa atividade foi maior do que a produzida pela deixa visual de ver os frascos dos perfumes, comprovando os poderes da <strong>mem\u00f3ria afetiva.<\/strong><\/p>\n\n\n\n<div class=\"wp-block-image\"><figure class=\"aligncenter size-large\"><img decoding=\"async\" src=\"https:\/\/jornalfatosenoticias.com.br\/wp-content\/uploads\/2020\/02\/logo_esteio.jpg\" alt=\"\" class=\"wp-image-1214\"\/><\/figure><\/div>\n\n\n\n<p><strong><span class=\"has-inline-color has-black-color\">Como funciona o olfato<br><\/span><\/strong>O olfato, embora poderoso, pode ser um mecanismo complicado de se entender. Tanto assim que o Pr\u00eamio Nobel de Fisiologia ou Medicina de 2004 foi entregue aos pesquisadores Richard Axel e Linda Buck por decifrarem o seu funcionamento.<\/p>\n\n\n\n<div class=\"wp-block-image\"><figure class=\"alignright size-large is-resized\"><img loading=\"lazy\" decoding=\"async\" src=\"https:\/\/jornalfatosenoticias.com.br\/wp-content\/uploads\/2020\/02\/Logo-RC-Radiadores-Distribuidora-com-telefone-preto-1.jpg\" alt=\"\" class=\"wp-image-34852\" width=\"327\" height=\"338\"\/><\/figure><\/div>\n\n\n\n<p>Ao entrarmos em contato com um odor ou mol\u00e9culas vol\u00e1teis no ar, os neur\u00f4nios que comp\u00f5em as c\u00e9lulas receptoras olfativas enviam um sinal para uma parte do c\u00e9rebro chamada bulbo olfativo. Assim, os especialistas descobriram que cerca de mil genes s\u00e3o respons\u00e1veis pela codifica\u00e7\u00e3o de diferentes tipos de receptores olfativos.<br>Os sinais s\u00e3o passados para microrregi\u00f5es do bulbo olfativo, onde regi\u00f5es espec\u00edficas s\u00e3o respons\u00e1veis por diferentes tipos de odores, que ent\u00e3o s\u00e3o interpretados.<\/p>\n\n\n\n<div class=\"wp-block-image\"><figure class=\"aligncenter size-large\"><img loading=\"lazy\" decoding=\"async\" width=\"1024\" height=\"100\" src=\"https:\/\/jornalfatosenoticias.com.br\/wp-content\/uploads\/2020\/02\/banner_ferramentas-1024x100.jpg\" alt=\"\" class=\"wp-image-1258\" srcset=\"https:\/\/jornalfatosenoticias.com.br\/wp-content\/uploads\/2020\/02\/banner_ferramentas-1024x100.jpg 1024w, https:\/\/jornalfatosenoticias.com.br\/wp-content\/uploads\/2020\/02\/banner_ferramentas-300x29.jpg 300w, https:\/\/jornalfatosenoticias.com.br\/wp-content\/uploads\/2020\/02\/banner_ferramentas-768x75.jpg 768w, https:\/\/jornalfatosenoticias.com.br\/wp-content\/uploads\/2020\/02\/banner_ferramentas.jpg 1227w\" sizes=\"auto, (max-width: 1024px) 100vw, 1024px\" \/><\/figure><\/div>\n\n\n\n<p><strong><span class=\"has-inline-color has-black-color\">Viagem no tempo<br><\/span><\/strong>Por seu poder em desencadear eventos passados, a <strong>mem\u00f3ria olfativa<\/strong> \u00e9 frequentemente descrita como um mecanismo de \u201cviagem no tempo\u201d, que possibilita uma viv\u00eancia de experi\u00eancias antigas.<\/p>\n\n\n\n<div class=\"wp-block-image\"><figure class=\"aligncenter size-large is-resized\"><img loading=\"lazy\" decoding=\"async\" src=\"https:\/\/jornalfatosenoticias.com.br\/wp-content\/uploads\/2020\/02\/nova-logo-Marquetti.jpg\" alt=\"\" class=\"wp-image-22331\" width=\"312\" height=\"209\" srcset=\"https:\/\/jornalfatosenoticias.com.br\/wp-content\/uploads\/2020\/02\/nova-logo-Marquetti.jpg 643w, https:\/\/jornalfatosenoticias.com.br\/wp-content\/uploads\/2020\/02\/nova-logo-Marquetti-300x202.jpg 300w\" sizes=\"auto, (max-width: 312px) 100vw, 312px\" \/><\/figure><\/div>\n\n\n\n<p>Por isso, uma <a href=\"https:\/\/dx.doi.org\/10.1080\/07370024.2022.2107518\">pesquisa<\/a> de 2022 realizada por especialistas da Universidade Lancaster trabalhou na reconstru\u00e7\u00e3o de mem\u00f3rias a partir do odor e sabor de alguns alimentos. Participantes que compartilharam mem\u00f3rias envolvendo comidas espec\u00edficas puderam fazer essa viagem no tempo ao consumirem modelos impressos em tecnologia 3D.<\/p>\n\n\n\n<div class=\"wp-block-image\"><figure class=\"aligncenter size-large\"><img loading=\"lazy\" decoding=\"async\" width=\"1024\" height=\"110\" src=\"https:\/\/jornalfatosenoticias.com.br\/wp-content\/uploads\/2022\/10\/Arte-jornal-Zucchi-1120x120_Prancheta-1-1024x110.jpg\" alt=\"\" class=\"wp-image-34772\" srcset=\"https:\/\/jornalfatosenoticias.com.br\/wp-content\/uploads\/2022\/10\/Arte-jornal-Zucchi-1120x120_Prancheta-1-1024x110.jpg 1024w, https:\/\/jornalfatosenoticias.com.br\/wp-content\/uploads\/2022\/10\/Arte-jornal-Zucchi-1120x120_Prancheta-1-300x32.jpg 300w, https:\/\/jornalfatosenoticias.com.br\/wp-content\/uploads\/2022\/10\/Arte-jornal-Zucchi-1120x120_Prancheta-1-768x82.jpg 768w, https:\/\/jornalfatosenoticias.com.br\/wp-content\/uploads\/2022\/10\/Arte-jornal-Zucchi-1120x120_Prancheta-1-1536x165.jpg 1536w, https:\/\/jornalfatosenoticias.com.br\/wp-content\/uploads\/2022\/10\/Arte-jornal-Zucchi-1120x120_Prancheta-1-2048x219.jpg 2048w\" sizes=\"auto, (max-width: 1024px) 100vw, 1024px\" \/><\/figure><\/div>\n\n\n\n<p>Esses modelos s\u00e3o pequenas bolas comest\u00edveis, semelhantes a um gel e modeladas a partir do alimento original, por\u00e9m, mais f\u00e1ceis de engolir, com sabores mais intensos e sem exigir todos os ingredientes e preparo.<\/p>\n\n\n\n<div class=\"wp-block-image\"><figure class=\"aligncenter size-large\"><img loading=\"lazy\" decoding=\"async\" width=\"1024\" height=\"111\" src=\"https:\/\/jornalfatosenoticias.com.br\/wp-content\/uploads\/2020\/02\/WhatsApp-Image-2022-09-23-at-12.09.18-1024x111.jpeg\" alt=\"\" class=\"wp-image-34527\" srcset=\"https:\/\/jornalfatosenoticias.com.br\/wp-content\/uploads\/2020\/02\/WhatsApp-Image-2022-09-23-at-12.09.18-1024x111.jpeg 1024w, https:\/\/jornalfatosenoticias.com.br\/wp-content\/uploads\/2020\/02\/WhatsApp-Image-2022-09-23-at-12.09.18-300x32.jpeg 300w, https:\/\/jornalfatosenoticias.com.br\/wp-content\/uploads\/2020\/02\/WhatsApp-Image-2022-09-23-at-12.09.18-768x83.jpeg 768w, https:\/\/jornalfatosenoticias.com.br\/wp-content\/uploads\/2020\/02\/WhatsApp-Image-2022-09-23-at-12.09.18.jpeg 1121w\" sizes=\"auto, (max-width: 1024px) 100vw, 1024px\" \/><\/figure><\/div>\n\n\n\n<p>De acordo com os especialistas envolvidos na pesquisa, os resultados do consumo desses modelos de impress\u00f5es 3D \u201ct\u00eam ricas qualidades sensoriais e emocionais que suportam uma forte recupera\u00e7\u00e3o recordativa\u201d.<\/p>\n\n\n\n<div class=\"wp-block-image\"><figure class=\"aligncenter size-large is-resized\"><img loading=\"lazy\" decoding=\"async\" src=\"https:\/\/jornalfatosenoticias.com.br\/wp-content\/uploads\/2022\/08\/logo-locau-veiculos-1024x573.png\" alt=\"\" class=\"wp-image-33078\" width=\"311\" height=\"173\"\/><\/figure><\/div>\n\n\n\n<p>Ap\u00f3s o consumo, participantes conseguiram recordar vividamente eventos passados, onde haviam experimentado esses alimentos originalmente \u2014 que variaram entre as 72 respostas, como churrascos em casamentos ou morangos em hospitais.<\/p>\n\n\n\n<div class=\"wp-block-image\"><figure class=\"aligncenter size-large is-resized\"><img loading=\"lazy\" decoding=\"async\" src=\"https:\/\/jornalfatosenoticias.com.br\/wp-content\/uploads\/2020\/02\/casa-do-torresmo_portal.jpg\" alt=\"\" class=\"wp-image-34472\" width=\"277\" height=\"277\" srcset=\"https:\/\/jornalfatosenoticias.com.br\/wp-content\/uploads\/2020\/02\/casa-do-torresmo_portal.jpg 300w, https:\/\/jornalfatosenoticias.com.br\/wp-content\/uploads\/2020\/02\/casa-do-torresmo_portal-150x150.jpg 150w\" sizes=\"auto, (max-width: 277px) 100vw, 277px\" \/><\/figure><\/div>\n\n\n\n<p>O estudo enfatiza o poder das <strong>mem\u00f3rias olfativa<\/strong> e gustativa como mecanismos que nos ajudam a lembrar de certos eventos com precis\u00e3o.<\/p>\n\n\n\n<div class=\"wp-block-image\"><figure class=\"aligncenter size-large is-resized\"><img loading=\"lazy\" decoding=\"async\" src=\"https:\/\/jornalfatosenoticias.com.br\/wp-content\/uploads\/2022\/07\/Logo-Grupo-SEI.jpg\" alt=\"\" class=\"wp-image-31973\" width=\"347\" height=\"182\" srcset=\"https:\/\/jornalfatosenoticias.com.br\/wp-content\/uploads\/2022\/07\/Logo-Grupo-SEI.jpg 713w, https:\/\/jornalfatosenoticias.com.br\/wp-content\/uploads\/2022\/07\/Logo-Grupo-SEI-300x158.jpg 300w\" sizes=\"auto, (max-width: 347px) 100vw, 347px\" \/><\/figure><\/div>\n\n\n\n<p><strong><em>Fonte: <a href=\"https:\/\/www.ecycle.com.br\/memoria-olfativa\/\">eCycle<\/a><\/em><\/strong><\/p>\n","protected":false},"excerpt":{"rendered":"<p>O cheiro pode ter qualidades cient\u00edficas na mem\u00f3ria, entenda mais sobre a mem\u00f3ria olfativa A mem\u00f3ria olfativa\u00a0\u00e9 uma habilidade do\u00a0c\u00e9rebro\u00a0em desencadear\u00a0mem\u00f3rias a partir do cheiro. O fen\u00f4meno acontece a partir de uma associa\u00e7\u00e3o de odores ao hipocampo, parte do c\u00e9rebro localizada perto das am\u00edgdalas. O hipocampo \u00e9 respons\u00e1vel pelo armazenamento das emo\u00e7\u00f5es e sensa\u00e7\u00f5es e, [&hellip;]<\/p>\n","protected":false},"author":2,"featured_media":35249,"comment_status":"open","ping_status":"open","sticky":false,"template":"","format":"standard","meta":{"footnotes":""},"categories":[2522],"tags":[3266,3247,16533,16534],"class_list":["post-35248","post","type-post","status-publish","format-standard","has-post-thumbnail","hentry","category-comportamento","tag-cheiro","tag-memoria","tag-memoria-olfativa","tag-qualidades-cientificas"],"yoast_head":"<!-- This site is optimized with the Yoast SEO plugin v26.5 - https:\/\/yoast.com\/wordpress\/plugins\/seo\/ -->\n<title>Mem\u00f3ria olfativa: o que \u00e9 e como funciona - Jornal Fatos e Not\u00edcias<\/title>\n<meta name=\"robots\" content=\"index, follow, max-snippet:-1, max-image-preview:large, max-video-preview:-1\" \/>\n<link rel=\"canonical\" href=\"https:\/\/jornalfatosenoticias.com.br\/index.php\/2022\/10\/17\/memoria-olfativa-o-que-e-e-como-funciona\/\" \/>\n<meta property=\"og:locale\" content=\"pt_BR\" \/>\n<meta property=\"og:type\" content=\"article\" \/>\n<meta property=\"og:title\" content=\"Mem\u00f3ria olfativa: o que \u00e9 e como funciona - Jornal Fatos e Not\u00edcias\" \/>\n<meta property=\"og:description\" content=\"O cheiro pode ter qualidades cient\u00edficas na mem\u00f3ria, entenda mais sobre a mem\u00f3ria olfativa A mem\u00f3ria olfativa\u00a0\u00e9 uma habilidade do\u00a0c\u00e9rebro\u00a0em desencadear\u00a0mem\u00f3rias a partir do cheiro. O fen\u00f4meno acontece a partir de uma associa\u00e7\u00e3o de odores ao hipocampo, parte do c\u00e9rebro localizada perto das am\u00edgdalas. O hipocampo \u00e9 respons\u00e1vel pelo armazenamento das emo\u00e7\u00f5es e sensa\u00e7\u00f5es e, [&hellip;]\" \/>\n<meta property=\"og:url\" content=\"https:\/\/jornalfatosenoticias.com.br\/index.php\/2022\/10\/17\/memoria-olfativa-o-que-e-e-como-funciona\/\" \/>\n<meta property=\"og:site_name\" content=\"Jornal Fatos e Not\u00edcias\" \/>\n<meta property=\"article:published_time\" content=\"2022-10-17T23:01:29+00:00\" \/>\n<meta property=\"article:modified_time\" content=\"2022-10-17T23:01:31+00:00\" \/>\n<meta property=\"og:image\" content=\"https:\/\/jornalfatosenoticias.com.br\/wp-content\/uploads\/2022\/10\/memoria-olfativa-casey-murphy-unsplash.jpg\" \/>\n\t<meta property=\"og:image:width\" content=\"1000\" \/>\n\t<meta property=\"og:image:height\" content=\"667\" \/>\n\t<meta property=\"og:image:type\" content=\"image\/jpeg\" \/>\n<meta name=\"author\" content=\"Luzimara Fernandes\" \/>\n<meta name=\"twitter:card\" content=\"summary_large_image\" \/>\n<meta name=\"twitter:label1\" content=\"Escrito por\" \/>\n\t<meta name=\"twitter:data1\" content=\"Luzimara Fernandes\" \/>\n\t<meta name=\"twitter:label2\" content=\"Est. tempo de leitura\" \/>\n\t<meta name=\"twitter:data2\" content=\"3 minutos\" \/>\n<script type=\"application\/ld+json\" class=\"yoast-schema-graph\">{\"@context\":\"https:\/\/schema.org\",\"@graph\":[{\"@type\":\"Article\",\"@id\":\"https:\/\/jornalfatosenoticias.com.br\/index.php\/2022\/10\/17\/memoria-olfativa-o-que-e-e-como-funciona\/#article\",\"isPartOf\":{\"@id\":\"https:\/\/jornalfatosenoticias.com.br\/index.php\/2022\/10\/17\/memoria-olfativa-o-que-e-e-como-funciona\/\"},\"author\":{\"name\":\"Luzimara Fernandes\",\"@id\":\"https:\/\/jornalfatosenoticias.com.br\/#\/schema\/person\/d63837fa13ac8666eb9e74e0985d6f81\"},\"headline\":\"Mem\u00f3ria olfativa: o que \u00e9 e como funciona\",\"datePublished\":\"2022-10-17T23:01:29+00:00\",\"dateModified\":\"2022-10-17T23:01:31+00:00\",\"mainEntityOfPage\":{\"@id\":\"https:\/\/jornalfatosenoticias.com.br\/index.php\/2022\/10\/17\/memoria-olfativa-o-que-e-e-como-funciona\/\"},\"wordCount\":537,\"commentCount\":0,\"publisher\":{\"@id\":\"https:\/\/jornalfatosenoticias.com.br\/#organization\"},\"image\":{\"@id\":\"https:\/\/jornalfatosenoticias.com.br\/index.php\/2022\/10\/17\/memoria-olfativa-o-que-e-e-como-funciona\/#primaryimage\"},\"thumbnailUrl\":\"https:\/\/jornalfatosenoticias.com.br\/wp-content\/uploads\/2022\/10\/memoria-olfativa-casey-murphy-unsplash.jpg\",\"keywords\":[\"cheiro\",\"mem\u00f3ria\",\"mem\u00f3ria olfativa\",\"qualidades cient\u00edficas\"],\"articleSection\":[\"Comportamento &amp; Equil\u00edbrio\"],\"inLanguage\":\"pt-BR\",\"potentialAction\":[{\"@type\":\"CommentAction\",\"name\":\"Comment\",\"target\":[\"https:\/\/jornalfatosenoticias.com.br\/index.php\/2022\/10\/17\/memoria-olfativa-o-que-e-e-como-funciona\/#respond\"]}]},{\"@type\":\"WebPage\",\"@id\":\"https:\/\/jornalfatosenoticias.com.br\/index.php\/2022\/10\/17\/memoria-olfativa-o-que-e-e-como-funciona\/\",\"url\":\"https:\/\/jornalfatosenoticias.com.br\/index.php\/2022\/10\/17\/memoria-olfativa-o-que-e-e-como-funciona\/\",\"name\":\"Mem\u00f3ria olfativa: o que \u00e9 e como funciona - Jornal Fatos e Not\u00edcias\",\"isPartOf\":{\"@id\":\"https:\/\/jornalfatosenoticias.com.br\/#website\"},\"primaryImageOfPage\":{\"@id\":\"https:\/\/jornalfatosenoticias.com.br\/index.php\/2022\/10\/17\/memoria-olfativa-o-que-e-e-como-funciona\/#primaryimage\"},\"image\":{\"@id\":\"https:\/\/jornalfatosenoticias.com.br\/index.php\/2022\/10\/17\/memoria-olfativa-o-que-e-e-como-funciona\/#primaryimage\"},\"thumbnailUrl\":\"https:\/\/jornalfatosenoticias.com.br\/wp-content\/uploads\/2022\/10\/memoria-olfativa-casey-murphy-unsplash.jpg\",\"datePublished\":\"2022-10-17T23:01:29+00:00\",\"dateModified\":\"2022-10-17T23:01:31+00:00\",\"breadcrumb\":{\"@id\":\"https:\/\/jornalfatosenoticias.com.br\/index.php\/2022\/10\/17\/memoria-olfativa-o-que-e-e-como-funciona\/#breadcrumb\"},\"inLanguage\":\"pt-BR\",\"potentialAction\":[{\"@type\":\"ReadAction\",\"target\":[\"https:\/\/jornalfatosenoticias.com.br\/index.php\/2022\/10\/17\/memoria-olfativa-o-que-e-e-como-funciona\/\"]}]},{\"@type\":\"ImageObject\",\"inLanguage\":\"pt-BR\",\"@id\":\"https:\/\/jornalfatosenoticias.com.br\/index.php\/2022\/10\/17\/memoria-olfativa-o-que-e-e-como-funciona\/#primaryimage\",\"url\":\"https:\/\/jornalfatosenoticias.com.br\/wp-content\/uploads\/2022\/10\/memoria-olfativa-casey-murphy-unsplash.jpg\",\"contentUrl\":\"https:\/\/jornalfatosenoticias.com.br\/wp-content\/uploads\/2022\/10\/memoria-olfativa-casey-murphy-unsplash.jpg\",\"width\":1000,\"height\":667},{\"@type\":\"BreadcrumbList\",\"@id\":\"https:\/\/jornalfatosenoticias.com.br\/index.php\/2022\/10\/17\/memoria-olfativa-o-que-e-e-como-funciona\/#breadcrumb\",\"itemListElement\":[{\"@type\":\"ListItem\",\"position\":1,\"name\":\"In\u00edcio\",\"item\":\"https:\/\/jornalfatosenoticias.com.br\/\"},{\"@type\":\"ListItem\",\"position\":2,\"name\":\"Mem\u00f3ria olfativa: o que \u00e9 e como funciona\"}]},{\"@type\":\"WebSite\",\"@id\":\"https:\/\/jornalfatosenoticias.com.br\/#website\",\"url\":\"https:\/\/jornalfatosenoticias.com.br\/\",\"name\":\"Jornal Fatos e Not\u00edcias\",\"description\":\"Not\u00edcias em geral\",\"publisher\":{\"@id\":\"https:\/\/jornalfatosenoticias.com.br\/#organization\"},\"potentialAction\":[{\"@type\":\"SearchAction\",\"target\":{\"@type\":\"EntryPoint\",\"urlTemplate\":\"https:\/\/jornalfatosenoticias.com.br\/?s={search_term_string}\"},\"query-input\":{\"@type\":\"PropertyValueSpecification\",\"valueRequired\":true,\"valueName\":\"search_term_string\"}}],\"inLanguage\":\"pt-BR\"},{\"@type\":\"Organization\",\"@id\":\"https:\/\/jornalfatosenoticias.com.br\/#organization\",\"name\":\"Jornal Fatos e Not\u00edcias\",\"url\":\"https:\/\/jornalfatosenoticias.com.br\/\",\"logo\":{\"@type\":\"ImageObject\",\"inLanguage\":\"pt-BR\",\"@id\":\"https:\/\/jornalfatosenoticias.com.br\/#\/schema\/logo\/image\/\",\"url\":\"https:\/\/jornalfatosenoticias.com.br\/wp-content\/uploads\/2020\/02\/logo120.png\",\"contentUrl\":\"https:\/\/jornalfatosenoticias.com.br\/wp-content\/uploads\/2020\/02\/logo120.png\",\"width\":1227,\"height\":120,\"caption\":\"Jornal Fatos e Not\u00edcias\"},\"image\":{\"@id\":\"https:\/\/jornalfatosenoticias.com.br\/#\/schema\/logo\/image\/\"}},{\"@type\":\"Person\",\"@id\":\"https:\/\/jornalfatosenoticias.com.br\/#\/schema\/person\/d63837fa13ac8666eb9e74e0985d6f81\",\"name\":\"Luzimara Fernandes\",\"image\":{\"@type\":\"ImageObject\",\"inLanguage\":\"pt-BR\",\"@id\":\"https:\/\/jornalfatosenoticias.com.br\/#\/schema\/person\/image\/\",\"url\":\"https:\/\/jornalfatosenoticias.com.br\/wp-content\/uploads\/2025\/05\/EU_portal.jpg\",\"contentUrl\":\"https:\/\/jornalfatosenoticias.com.br\/wp-content\/uploads\/2025\/05\/EU_portal.jpg\",\"caption\":\"Luzimara Fernandes\"},\"description\":\"Jornalista MTB 2358-ES\",\"sameAs\":[\"https:\/\/jornalfatosenoticias.com.br\"],\"url\":\"https:\/\/jornalfatosenoticias.com.br\/index.php\/author\/luzimara\/\"}]}<\/script>\n<!-- \/ Yoast SEO plugin. -->","yoast_head_json":{"title":"Mem\u00f3ria olfativa: o que \u00e9 e como funciona - Jornal Fatos e Not\u00edcias","robots":{"index":"index","follow":"follow","max-snippet":"max-snippet:-1","max-image-preview":"max-image-preview:large","max-video-preview":"max-video-preview:-1"},"canonical":"https:\/\/jornalfatosenoticias.com.br\/index.php\/2022\/10\/17\/memoria-olfativa-o-que-e-e-como-funciona\/","og_locale":"pt_BR","og_type":"article","og_title":"Mem\u00f3ria olfativa: o que \u00e9 e como funciona - Jornal Fatos e Not\u00edcias","og_description":"O cheiro pode ter qualidades cient\u00edficas na mem\u00f3ria, entenda mais sobre a mem\u00f3ria olfativa A mem\u00f3ria olfativa\u00a0\u00e9 uma habilidade do\u00a0c\u00e9rebro\u00a0em desencadear\u00a0mem\u00f3rias a partir do cheiro. O fen\u00f4meno acontece a partir de uma associa\u00e7\u00e3o de odores ao hipocampo, parte do c\u00e9rebro localizada perto das am\u00edgdalas. O hipocampo \u00e9 respons\u00e1vel pelo armazenamento das emo\u00e7\u00f5es e sensa\u00e7\u00f5es e, [&hellip;]","og_url":"https:\/\/jornalfatosenoticias.com.br\/index.php\/2022\/10\/17\/memoria-olfativa-o-que-e-e-como-funciona\/","og_site_name":"Jornal Fatos e Not\u00edcias","article_published_time":"2022-10-17T23:01:29+00:00","article_modified_time":"2022-10-17T23:01:31+00:00","og_image":[{"width":1000,"height":667,"url":"https:\/\/jornalfatosenoticias.com.br\/wp-content\/uploads\/2022\/10\/memoria-olfativa-casey-murphy-unsplash.jpg","type":"image\/jpeg"}],"author":"Luzimara Fernandes","twitter_card":"summary_large_image","twitter_misc":{"Escrito por":"Luzimara Fernandes","Est. tempo de leitura":"3 minutos"},"schema":{"@context":"https:\/\/schema.org","@graph":[{"@type":"Article","@id":"https:\/\/jornalfatosenoticias.com.br\/index.php\/2022\/10\/17\/memoria-olfativa-o-que-e-e-como-funciona\/#article","isPartOf":{"@id":"https:\/\/jornalfatosenoticias.com.br\/index.php\/2022\/10\/17\/memoria-olfativa-o-que-e-e-como-funciona\/"},"author":{"name":"Luzimara Fernandes","@id":"https:\/\/jornalfatosenoticias.com.br\/#\/schema\/person\/d63837fa13ac8666eb9e74e0985d6f81"},"headline":"Mem\u00f3ria olfativa: o que \u00e9 e como funciona","datePublished":"2022-10-17T23:01:29+00:00","dateModified":"2022-10-17T23:01:31+00:00","mainEntityOfPage":{"@id":"https:\/\/jornalfatosenoticias.com.br\/index.php\/2022\/10\/17\/memoria-olfativa-o-que-e-e-como-funciona\/"},"wordCount":537,"commentCount":0,"publisher":{"@id":"https:\/\/jornalfatosenoticias.com.br\/#organization"},"image":{"@id":"https:\/\/jornalfatosenoticias.com.br\/index.php\/2022\/10\/17\/memoria-olfativa-o-que-e-e-como-funciona\/#primaryimage"},"thumbnailUrl":"https:\/\/jornalfatosenoticias.com.br\/wp-content\/uploads\/2022\/10\/memoria-olfativa-casey-murphy-unsplash.jpg","keywords":["cheiro","mem\u00f3ria","mem\u00f3ria olfativa","qualidades cient\u00edficas"],"articleSection":["Comportamento &amp; Equil\u00edbrio"],"inLanguage":"pt-BR","potentialAction":[{"@type":"CommentAction","name":"Comment","target":["https:\/\/jornalfatosenoticias.com.br\/index.php\/2022\/10\/17\/memoria-olfativa-o-que-e-e-como-funciona\/#respond"]}]},{"@type":"WebPage","@id":"https:\/\/jornalfatosenoticias.com.br\/index.php\/2022\/10\/17\/memoria-olfativa-o-que-e-e-como-funciona\/","url":"https:\/\/jornalfatosenoticias.com.br\/index.php\/2022\/10\/17\/memoria-olfativa-o-que-e-e-como-funciona\/","name":"Mem\u00f3ria olfativa: o que \u00e9 e como funciona - Jornal Fatos e Not\u00edcias","isPartOf":{"@id":"https:\/\/jornalfatosenoticias.com.br\/#website"},"primaryImageOfPage":{"@id":"https:\/\/jornalfatosenoticias.com.br\/index.php\/2022\/10\/17\/memoria-olfativa-o-que-e-e-como-funciona\/#primaryimage"},"image":{"@id":"https:\/\/jornalfatosenoticias.com.br\/index.php\/2022\/10\/17\/memoria-olfativa-o-que-e-e-como-funciona\/#primaryimage"},"thumbnailUrl":"https:\/\/jornalfatosenoticias.com.br\/wp-content\/uploads\/2022\/10\/memoria-olfativa-casey-murphy-unsplash.jpg","datePublished":"2022-10-17T23:01:29+00:00","dateModified":"2022-10-17T23:01:31+00:00","breadcrumb":{"@id":"https:\/\/jornalfatosenoticias.com.br\/index.php\/2022\/10\/17\/memoria-olfativa-o-que-e-e-como-funciona\/#breadcrumb"},"inLanguage":"pt-BR","potentialAction":[{"@type":"ReadAction","target":["https:\/\/jornalfatosenoticias.com.br\/index.php\/2022\/10\/17\/memoria-olfativa-o-que-e-e-como-funciona\/"]}]},{"@type":"ImageObject","inLanguage":"pt-BR","@id":"https:\/\/jornalfatosenoticias.com.br\/index.php\/2022\/10\/17\/memoria-olfativa-o-que-e-e-como-funciona\/#primaryimage","url":"https:\/\/jornalfatosenoticias.com.br\/wp-content\/uploads\/2022\/10\/memoria-olfativa-casey-murphy-unsplash.jpg","contentUrl":"https:\/\/jornalfatosenoticias.com.br\/wp-content\/uploads\/2022\/10\/memoria-olfativa-casey-murphy-unsplash.jpg","width":1000,"height":667},{"@type":"BreadcrumbList","@id":"https:\/\/jornalfatosenoticias.com.br\/index.php\/2022\/10\/17\/memoria-olfativa-o-que-e-e-como-funciona\/#breadcrumb","itemListElement":[{"@type":"ListItem","position":1,"name":"In\u00edcio","item":"https:\/\/jornalfatosenoticias.com.br\/"},{"@type":"ListItem","position":2,"name":"Mem\u00f3ria olfativa: o que \u00e9 e como funciona"}]},{"@type":"WebSite","@id":"https:\/\/jornalfatosenoticias.com.br\/#website","url":"https:\/\/jornalfatosenoticias.com.br\/","name":"Jornal Fatos e Not\u00edcias","description":"Not\u00edcias em geral","publisher":{"@id":"https:\/\/jornalfatosenoticias.com.br\/#organization"},"potentialAction":[{"@type":"SearchAction","target":{"@type":"EntryPoint","urlTemplate":"https:\/\/jornalfatosenoticias.com.br\/?s={search_term_string}"},"query-input":{"@type":"PropertyValueSpecification","valueRequired":true,"valueName":"search_term_string"}}],"inLanguage":"pt-BR"},{"@type":"Organization","@id":"https:\/\/jornalfatosenoticias.com.br\/#organization","name":"Jornal Fatos e Not\u00edcias","url":"https:\/\/jornalfatosenoticias.com.br\/","logo":{"@type":"ImageObject","inLanguage":"pt-BR","@id":"https:\/\/jornalfatosenoticias.com.br\/#\/schema\/logo\/image\/","url":"https:\/\/jornalfatosenoticias.com.br\/wp-content\/uploads\/2020\/02\/logo120.png","contentUrl":"https:\/\/jornalfatosenoticias.com.br\/wp-content\/uploads\/2020\/02\/logo120.png","width":1227,"height":120,"caption":"Jornal Fatos e Not\u00edcias"},"image":{"@id":"https:\/\/jornalfatosenoticias.com.br\/#\/schema\/logo\/image\/"}},{"@type":"Person","@id":"https:\/\/jornalfatosenoticias.com.br\/#\/schema\/person\/d63837fa13ac8666eb9e74e0985d6f81","name":"Luzimara Fernandes","image":{"@type":"ImageObject","inLanguage":"pt-BR","@id":"https:\/\/jornalfatosenoticias.com.br\/#\/schema\/person\/image\/","url":"https:\/\/jornalfatosenoticias.com.br\/wp-content\/uploads\/2025\/05\/EU_portal.jpg","contentUrl":"https:\/\/jornalfatosenoticias.com.br\/wp-content\/uploads\/2025\/05\/EU_portal.jpg","caption":"Luzimara Fernandes"},"description":"Jornalista MTB 2358-ES","sameAs":["https:\/\/jornalfatosenoticias.com.br"],"url":"https:\/\/jornalfatosenoticias.com.br\/index.php\/author\/luzimara\/"}]}},"cc_featured_image_caption":{"caption_text":"(Foto: Casey Murphy\/Unsplash) ","source_text":"","source_url":""},"jetpack_featured_media_url":"https:\/\/jornalfatosenoticias.com.br\/wp-content\/uploads\/2022\/10\/memoria-olfativa-casey-murphy-unsplash.jpg","_links":{"self":[{"href":"https:\/\/jornalfatosenoticias.com.br\/index.php\/wp-json\/wp\/v2\/posts\/35248","targetHints":{"allow":["GET"]}}],"collection":[{"href":"https:\/\/jornalfatosenoticias.com.br\/index.php\/wp-json\/wp\/v2\/posts"}],"about":[{"href":"https:\/\/jornalfatosenoticias.com.br\/index.php\/wp-json\/wp\/v2\/types\/post"}],"author":[{"embeddable":true,"href":"https:\/\/jornalfatosenoticias.com.br\/index.php\/wp-json\/wp\/v2\/users\/2"}],"replies":[{"embeddable":true,"href":"https:\/\/jornalfatosenoticias.com.br\/index.php\/wp-json\/wp\/v2\/comments?post=35248"}],"version-history":[{"count":0,"href":"https:\/\/jornalfatosenoticias.com.br\/index.php\/wp-json\/wp\/v2\/posts\/35248\/revisions"}],"wp:featuredmedia":[{"embeddable":true,"href":"https:\/\/jornalfatosenoticias.com.br\/index.php\/wp-json\/wp\/v2\/media\/35249"}],"wp:attachment":[{"href":"https:\/\/jornalfatosenoticias.com.br\/index.php\/wp-json\/wp\/v2\/media?parent=35248"}],"wp:term":[{"taxonomy":"category","embeddable":true,"href":"https:\/\/jornalfatosenoticias.com.br\/index.php\/wp-json\/wp\/v2\/categories?post=35248"},{"taxonomy":"post_tag","embeddable":true,"href":"https:\/\/jornalfatosenoticias.com.br\/index.php\/wp-json\/wp\/v2\/tags?post=35248"}],"curies":[{"name":"wp","href":"https:\/\/api.w.org\/{rel}","templated":true}]}}