{"id":35251,"date":"2022-10-18T10:42:29","date_gmt":"2022-10-18T13:42:29","guid":{"rendered":"https:\/\/jornalfatosenoticias.com.br\/?p=35251"},"modified":"2022-10-18T10:42:31","modified_gmt":"2022-10-18T13:42:31","slug":"caso-policial-aquele-que-vale-mais-do-que-ouro","status":"publish","type":"post","link":"https:\/\/jornalfatosenoticias.com.br\/index.php\/2022\/10\/18\/caso-policial-aquele-que-vale-mais-do-que-ouro\/","title":{"rendered":"Caso policial: aquele que vale mais do que ouro!"},"content":{"rendered":"\n<p><em><span class=\"has-inline-color has-black-color\">A saga investigativa publicada recentemente conta a fabulosa pris\u00e3o do fac\u00ednora que enganou a sociedade se apresentando como educador e que Dr. Castellan, com humildade, como carater\u00edstica que lhe \u00e9 peculiar<\/span><\/em><\/p>\n\n\n\n<p><em><span class=\"has-inline-color has-luminous-vivid-orange-color\"><strong><em><strong>Coluna\u00a0<\/strong>\u2014\u00a0<strong>Caf\u00e9 Coado,<\/strong>\u00a0<\/em><\/strong><em>com<\/em><\/span><\/em> <em><span class=\"has-inline-color has-luminous-vivid-orange-color\">Gracimeri Gaviorno<\/span><\/em><\/p>\n\n\n\n<div class=\"wp-block-image\"><figure class=\"aligncenter size-large\"><img loading=\"lazy\" decoding=\"async\" width=\"1024\" height=\"110\" src=\"https:\/\/jornalfatosenoticias.com.br\/wp-content\/uploads\/2022\/10\/Arte-jornal-Zucchi-1120x120_Prancheta-1-1024x110.jpg\" alt=\"\" class=\"wp-image-34772\" srcset=\"https:\/\/jornalfatosenoticias.com.br\/wp-content\/uploads\/2022\/10\/Arte-jornal-Zucchi-1120x120_Prancheta-1-1024x110.jpg 1024w, https:\/\/jornalfatosenoticias.com.br\/wp-content\/uploads\/2022\/10\/Arte-jornal-Zucchi-1120x120_Prancheta-1-300x32.jpg 300w, https:\/\/jornalfatosenoticias.com.br\/wp-content\/uploads\/2022\/10\/Arte-jornal-Zucchi-1120x120_Prancheta-1-768x82.jpg 768w, https:\/\/jornalfatosenoticias.com.br\/wp-content\/uploads\/2022\/10\/Arte-jornal-Zucchi-1120x120_Prancheta-1-1536x165.jpg 1536w, https:\/\/jornalfatosenoticias.com.br\/wp-content\/uploads\/2022\/10\/Arte-jornal-Zucchi-1120x120_Prancheta-1-2048x219.jpg 2048w\" sizes=\"auto, (max-width: 1024px) 100vw, 1024px\" \/><\/figure><\/div>\n\n\n\n<p>Depois da temporada eleitoral, retorno \u00e0 Coluna Caf\u00e9 Coado com a alegria de t\u00ea-la deixado em excelentes m\u00e3os. Tenho certeza de que, assim como eu, voc\u00eas se deleitaram diante das hist\u00f3rias e reflex\u00f5es trazidas pelo nosso querido Coronel <strong><a href=\"https:\/\/jornalfatosenoticias.com.br\/index.php\/2022\/10\/13\/violencia-e-criminalidade-perda-do-fio-da-meada-parte-12-final\/\">Jos\u00e9 Nivaldo Campos Vieira.<\/a><\/strong><\/p>\n\n\n\n<div class=\"wp-block-image\"><figure class=\"aligncenter size-large\"><img decoding=\"async\" src=\"https:\/\/jornalfatosenoticias.com.br\/wp-content\/uploads\/2020\/02\/barao-das-carnes-300x164-1.jpg\" alt=\"\" class=\"wp-image-34339\"\/><\/figure><\/div>\n\n\n\n<p>Coronel Nivaldo, hoje bem-sucedido empres\u00e1rio serrano, \u00e9 respeitado pela experi\u00eancia decorrente de sua trajet\u00f3ria junto ao antigo Servi\u00e7o Nacional de Informa\u00e7\u00f5es e \u00e0 frente das Secretarias de Estado de Justi\u00e7a, da Seguran\u00e7a e da Casa Militar. Foi tamb\u00e9m um dos protagonistas na implanta\u00e7\u00e3o do primeiro plano de seguran\u00e7a estadual, o PRO-PAS, por ele apresentado nesta coluna em sua contribui\u00e7\u00e3o de despedida. Espero que seja uma despedida tempor\u00e1ria, pois ser\u00e1 sempre um prazer receb\u00ea-lo no Caf\u00e9 Coado. Gratid\u00e3o por ter aceitado nosso convite e nos honrar com seus conhecimentos nesta Coluna.<\/p>\n\n\n\n<div class=\"wp-block-image\"><figure class=\"aligncenter size-large\"><img loading=\"lazy\" decoding=\"async\" width=\"1024\" height=\"111\" src=\"https:\/\/jornalfatosenoticias.com.br\/wp-content\/uploads\/2020\/02\/WhatsApp-Image-2022-09-23-at-12.09.18-1024x111.jpeg\" alt=\"\" class=\"wp-image-34527\" srcset=\"https:\/\/jornalfatosenoticias.com.br\/wp-content\/uploads\/2020\/02\/WhatsApp-Image-2022-09-23-at-12.09.18-1024x111.jpeg 1024w, https:\/\/jornalfatosenoticias.com.br\/wp-content\/uploads\/2020\/02\/WhatsApp-Image-2022-09-23-at-12.09.18-300x32.jpeg 300w, https:\/\/jornalfatosenoticias.com.br\/wp-content\/uploads\/2020\/02\/WhatsApp-Image-2022-09-23-at-12.09.18-768x83.jpeg 768w, https:\/\/jornalfatosenoticias.com.br\/wp-content\/uploads\/2020\/02\/WhatsApp-Image-2022-09-23-at-12.09.18.jpeg 1121w\" sizes=\"auto, (max-width: 1024px) 100vw, 1024px\" \/><\/figure><\/div>\n\n\n\n<p>Depois dessas p\u00e9rolas que revelaram o desenvolvimento e os desafios da seguran\u00e7a p\u00fablica, vou aproveitar esta edi\u00e7\u00e3o para apresentar um caso policial narrado por Cust\u00f3dio Serrati Castellan que, depois de aposentado, revelou-se pelas vias liter\u00e1rias.<\/p>\n\n\n\n<div class=\"wp-block-image\"><figure class=\"aligncenter size-large is-resized\"><img loading=\"lazy\" decoding=\"async\" src=\"https:\/\/jornalfatosenoticias.com.br\/wp-content\/uploads\/2022\/07\/Logo-Grupo-SEI.jpg\" alt=\"\" class=\"wp-image-31973\" width=\"354\" height=\"186\" srcset=\"https:\/\/jornalfatosenoticias.com.br\/wp-content\/uploads\/2022\/07\/Logo-Grupo-SEI.jpg 713w, https:\/\/jornalfatosenoticias.com.br\/wp-content\/uploads\/2022\/07\/Logo-Grupo-SEI-300x158.jpg 300w\" sizes=\"auto, (max-width: 354px) 100vw, 354px\" \/><\/figure><\/div>\n\n\n\n<p>A primeira surpresa aconteceu no ano passado quando ele deu \u00e0 fam\u00edlia policial e \u00e0 sociedade capixaba a monumental historiografia da Pol\u00edcia Civil, a partir da Proclama\u00e7\u00e3o da Rep\u00fablica at\u00e9 o per\u00edodo contempor\u00e2neo, quando se iniciou a implanta\u00e7\u00e3o da Pol\u00edcia Civil de Carreira. Um ano depois volta a nos presentear com um precioso op\u00fasculo.<\/p>\n\n\n\n<div class=\"wp-block-image\"><figure class=\"alignright size-large\"><img loading=\"lazy\" decoding=\"async\" width=\"300\" height=\"300\" src=\"https:\/\/jornalfatosenoticias.com.br\/wp-content\/uploads\/2020\/02\/casa-do-torresmo_portal.jpg\" alt=\"\" class=\"wp-image-34472\" srcset=\"https:\/\/jornalfatosenoticias.com.br\/wp-content\/uploads\/2020\/02\/casa-do-torresmo_portal.jpg 300w, https:\/\/jornalfatosenoticias.com.br\/wp-content\/uploads\/2020\/02\/casa-do-torresmo_portal-150x150.jpg 150w\" sizes=\"auto, (max-width: 300px) 100vw, 300px\" \/><\/figure><\/div>\n\n\n\n<p>Quem nos dera, que todo delegado ou delegada procurasse nos brindar com hist\u00f3rias fant\u00e1sticas relacionadas ao exerc\u00edcio da atividade policial, mesmo depois de, por assim dizer, pendurar as chuteiras, ou melhor dizendo, pendurar as algemas, j\u00e1 que existem muitos que assim como eu n\u00e3o s\u00e3o jogadores de futebol!<br>A saga investigativa publicada recentemente conta a fabulosa pris\u00e3o do fac\u00ednora que enganou a sociedade se apresentando como educador e que Dr. Castellan, com humildade, como carater\u00edstica que lhe \u00e9 peculiar, reproduz sob o t\u00edtulo: Os encontros com o destino: desafios de um agente da lei. Mas poderia muito bem ser assim chamada: A FANT\u00c1STICA HIST\u00d3RIA DO NOVI\u00c7O POLICIAL QUE, VALENDO MAIS DO QUE OURO, PRENDEU O EDUCADOR FAC\u00cdNORA!<\/p>\n\n\n\n<div class=\"wp-block-image\"><figure class=\"aligncenter size-large\"><img loading=\"lazy\" decoding=\"async\" width=\"1024\" height=\"100\" src=\"https:\/\/jornalfatosenoticias.com.br\/wp-content\/uploads\/2022\/05\/NOVA-LOGO-CESCONETTO-1024x100.jpg\" alt=\"\" class=\"wp-image-30792\" srcset=\"https:\/\/jornalfatosenoticias.com.br\/wp-content\/uploads\/2022\/05\/NOVA-LOGO-CESCONETTO-1024x100.jpg 1024w, https:\/\/jornalfatosenoticias.com.br\/wp-content\/uploads\/2022\/05\/NOVA-LOGO-CESCONETTO-300x29.jpg 300w, https:\/\/jornalfatosenoticias.com.br\/wp-content\/uploads\/2022\/05\/NOVA-LOGO-CESCONETTO-768x75.jpg 768w, https:\/\/jornalfatosenoticias.com.br\/wp-content\/uploads\/2022\/05\/NOVA-LOGO-CESCONETTO.jpg 1280w\" sizes=\"auto, (max-width: 1024px) 100vw, 1024px\" \/><\/figure><\/div>\n\n\n\n<p>Essa chamada para um novo t\u00edtulo, para quem leu a obra como eu, corrige a mod\u00e9stia do autor, sendo muito mais justa com o desenvolvimento da hist\u00f3ria.<\/p>\n\n\n\n<div class=\"wp-block-image\"><figure class=\"alignleft size-large\"><img loading=\"lazy\" decoding=\"async\" width=\"300\" height=\"250\" src=\"https:\/\/jornalfatosenoticias.com.br\/wp-content\/uploads\/2022\/08\/arte-Casarao.jpg\" alt=\"\" class=\"wp-image-33178\"\/><\/figure><\/div>\n\n\n\n<p><strong>Vejam, em apertado resumo:<br><\/strong>Estreante na Pol\u00edcia Civil, na \u00e9poca como investigador, Dr. Castellan foi localizado na Delegacia Especializada em Roubos e Furtos de Ve\u00edculos. Uma especial aten\u00e7\u00e3o foi direcionada para o novi\u00e7o policial quando ali chegou preso aquele que foi identificado como Professor Haylson Nunes de Castro, procurado por ter mandado matar o colega Diretor da Companhia Nacional de Escolas da Comunidade, advogado e tamb\u00e9m professor M\u00e1rio Joaquim da Silva Teles, crime ocorrido no antigo bairro S\u00e3o Sebasti\u00e3o, localizado na minha querida Cidade da Serra.<\/p>\n\n\n\n<div class=\"wp-block-image\"><figure class=\"aligncenter size-large is-resized\"><img loading=\"lazy\" decoding=\"async\" src=\"https:\/\/jornalfatosenoticias.com.br\/wp-content\/uploads\/2020\/02\/Logo-RC-Radiadores-Distribuidora-com-telefone-preto-1.jpg\" alt=\"\" class=\"wp-image-34852\" width=\"276\" height=\"285\"\/><\/figure><\/div>\n\n\n\n<p>N\u00e3o nos surpreende, enquanto policiais que somos, o pedido de sil\u00eancio e fidelidade do criminoso dirigido \u00e0quele policial ainda muito mo\u00e7o e a quem fora lembrado que, antes de ingressar nos quadros da Pol\u00edcia Civil, era motorista da Prefeitura de Vit\u00f3ria e prestava servi\u00e7o tanto \u00e0 v\u00edtima quanto ao seu algoz. <\/p>\n\n\n\n<div class=\"wp-block-image\"><figure class=\"aligncenter size-large\"><img loading=\"lazy\" decoding=\"async\" width=\"1024\" height=\"100\" src=\"https:\/\/jornalfatosenoticias.com.br\/wp-content\/uploads\/2020\/02\/banner_ferramentas-1024x100.jpg\" alt=\"\" class=\"wp-image-1258\" srcset=\"https:\/\/jornalfatosenoticias.com.br\/wp-content\/uploads\/2020\/02\/banner_ferramentas-1024x100.jpg 1024w, https:\/\/jornalfatosenoticias.com.br\/wp-content\/uploads\/2020\/02\/banner_ferramentas-300x29.jpg 300w, https:\/\/jornalfatosenoticias.com.br\/wp-content\/uploads\/2020\/02\/banner_ferramentas-768x75.jpg 768w, https:\/\/jornalfatosenoticias.com.br\/wp-content\/uploads\/2020\/02\/banner_ferramentas.jpg 1227w\" sizes=\"auto, (max-width: 1024px) 100vw, 1024px\" \/><\/figure><\/div>\n\n\n\n<p>Tamb\u00e9m n\u00e3o nos surpreende a atitude deste honrado policial. N\u00e3o houve acordo.<br>Haylson Nunes de Castro, algemado como deveriam estar os presos, fora apresentado ao delegado de plant\u00e3o para ser encaminhado \u00e0 conhecida Casa de Deten\u00e7\u00e3o. Lamentavelmente, nossas leis s\u00e3o elitistas e sob a alega\u00e7\u00e3o de que o preso possu\u00eda curso superior, foi ordenado que lhe tirassem as algemas.<\/p>\n\n\n\n<div class=\"wp-block-image\"><figure class=\"aligncenter size-large is-resized\"><img loading=\"lazy\" decoding=\"async\" src=\"https:\/\/jornalfatosenoticias.com.br\/wp-content\/uploads\/2020\/02\/logo-clinica-limoeiro.jpg\" alt=\"\" class=\"wp-image-34610\" width=\"319\" height=\"226\"\/><\/figure><\/div>\n\n\n\n<div class=\"wp-block-image\"><figure class=\"aligncenter size-large\"><img loading=\"lazy\" decoding=\"async\" width=\"720\" height=\"1000\" src=\"https:\/\/jornalfatosenoticias.com.br\/wp-content\/uploads\/2022\/10\/livro-custodio-castellan.jpg\" alt=\"\" class=\"wp-image-35252\" srcset=\"https:\/\/jornalfatosenoticias.com.br\/wp-content\/uploads\/2022\/10\/livro-custodio-castellan.jpg 720w, https:\/\/jornalfatosenoticias.com.br\/wp-content\/uploads\/2022\/10\/livro-custodio-castellan-216x300.jpg 216w\" sizes=\"auto, (max-width: 720px) 100vw, 720px\" \/><figcaption><em><span class=\"has-inline-color has-black-color\">Capa do livro de Cust\u00f3dio Serrati Castellan (Foto: Divulga\u00e7\u00e3o)<\/span><\/em><\/figcaption><\/figure><\/div>\n\n\n\n<p>O criminoso fugiu misteriosamente e se radicou no Pantanal Mato-grossense, n\u00e3o como o fazendeiro Joventivo Le\u00f4ncio, da recente reapresentada novela Pantanal. Porque se nessa posi\u00e7\u00e3o estivesse, o Dr. Castellan teria sido convidado para integrar a trama e prender Levi, que, empreitado para assassinar Ten\u00f3rio tamb\u00e9m tentara contra a vida de Tib\u00e9rio. Mas Castellan est\u00e1 fora de fazer parte do elenco desta novela. At\u00e9 porque seu procurado bandido n\u00e3o tinha fasc\u00ednio por gado e, sim, por ouro, tornando-se um rei dos garimpos l\u00e1 para as bandas do Pantanal.<\/p>\n\n\n\n<div class=\"wp-block-image\"><figure class=\"aligncenter size-large\"><img decoding=\"async\" src=\"https:\/\/jornalfatosenoticias.com.br\/wp-content\/uploads\/2020\/02\/Serra-Grande-1024x160.png\" alt=\"\" class=\"wp-image-7836\"\/><\/figure><\/div>\n\n\n\n<p>E seu encontro, at\u00e9 o momento da pris\u00e3o definitiva, teve lances espetaculares; inacredit\u00e1veis para a \u00e9poca, quando n\u00e3o haviam meios que tornassem mais c\u00e9leres a comunica\u00e7\u00e3o, como ocorre nos dias de hoje com o advento do celular e da internet, que nos permitem estabelecer conex\u00f5es em tempo real.<\/p>\n\n\n\n<div class=\"wp-block-image\"><figure class=\"aligncenter size-large is-resized\"><img loading=\"lazy\" decoding=\"async\" src=\"https:\/\/jornalfatosenoticias.com.br\/wp-content\/uploads\/2020\/02\/nova-logo-Marquetti.jpg\" alt=\"\" class=\"wp-image-22331\" width=\"302\" height=\"203\" srcset=\"https:\/\/jornalfatosenoticias.com.br\/wp-content\/uploads\/2020\/02\/nova-logo-Marquetti.jpg 643w, https:\/\/jornalfatosenoticias.com.br\/wp-content\/uploads\/2020\/02\/nova-logo-Marquetti-300x202.jpg 300w\" sizes=\"auto, (max-width: 302px) 100vw, 302px\" \/><\/figure><\/div>\n\n\n\n<p>Vou narrar apenas pitacos desta fabulosa hist\u00f3ria, para n\u00e3o tirar o prazer dos colegas, senhores e senhoras quando lerem esta obra.<br>Nosso estimado Dr. Castellan fora chamado para uma conversa reservada no Gabinete do Secret\u00e1rio de Seguran\u00e7a, cuja miss\u00e3o a Garcia era a de prender o fugitivo HAYLSON NUNES DE CASTRO, que estava homiziado no Pantanal Mato-grossense.<\/p>\n\n\n\n<div class=\"wp-block-image\"><figure class=\"aligncenter size-large\"><img decoding=\"async\" src=\"https:\/\/jornalfatosenoticias.com.br\/wp-content\/uploads\/2020\/02\/logo-embacia-1-1024x110.jpg\" alt=\"\" class=\"wp-image-33954\"\/><\/figure><\/div>\n\n\n\n<p>Merecedores de f\u00e9rias, Castellan iria cumprir um roteiro tur\u00edstico e ficou decidido que a honrosa miss\u00e3o seria executada ap\u00f3s o seu retorno. Na companhia de seu parceiro PAULO ROBERTO SIM\u00d5ES, Castellan d\u00e1 in\u00edcio a sua viagem, apontando como primeira parada a cidade de Pocon\u00e9, em Mato Grosso, para visitar sua irm\u00e3.<\/p>\n\n\n\n<div class=\"wp-block-image\"><figure class=\"aligncenter size-large\"><img decoding=\"async\" src=\"https:\/\/jornalfatosenoticias.com.br\/wp-content\/uploads\/2020\/02\/logo_esteio.jpg\" alt=\"\" class=\"wp-image-1214\"\/><\/figure><\/div>\n\n\n\n<p>Parada providencial que levou casualmente a irm\u00e3 Idelva, que al\u00e9m de freira era professora, a revelar que um de seus alunos, era filho de um garimpeiro capixaba e seu sobrenome indicava ser justamente do foragido Haylson Nunes de Castro. Restava agora, encontrar os meios para prend\u00ea-lo para recambi\u00e1-lo para o Estado.<\/p>\n\n\n\n<div class=\"wp-block-image\"><figure class=\"aligncenter size-large\"><img loading=\"lazy\" decoding=\"async\" width=\"729\" height=\"90\" src=\"https:\/\/jornalfatosenoticias.com.br\/wp-content\/uploads\/2020\/02\/Logo_Mizu.png\" alt=\"\" class=\"wp-image-1441\" srcset=\"https:\/\/jornalfatosenoticias.com.br\/wp-content\/uploads\/2020\/02\/Logo_Mizu.png 729w, https:\/\/jornalfatosenoticias.com.br\/wp-content\/uploads\/2020\/02\/Logo_Mizu-300x37.png 300w\" sizes=\"auto, (max-width: 729px) 100vw, 729px\" \/><\/figure><\/div>\n\n\n\n<p>E \u00e9 a\u00ed que vem a parte mais surpreendente da hist\u00f3ria. A irm\u00e3, superiora da Congrega\u00e7\u00e3o de Caridade e Ensino local, fez de seu Santo Gabinete um verdadeiro Quartel General. Nele, o vereador, delegado e parceiro Paulo Silas tra\u00e7ou uma infal\u00edvel engenharia policial, que resultou na pris\u00e3o do fac\u00ednora.<br>O preso, nenhuma a\u00e7\u00e3o de resist\u00eancia esbo\u00e7ou. O que fizera? Pasmem, meus caros e caras: ao nosso amigo Dr. Castellan ofereceu nada menos do que algumas barras de ouro para deix\u00e1-lo ir em liberdade!<\/p>\n\n\n\n<div class=\"wp-block-image\"><figure class=\"aligncenter size-large is-resized\"><img loading=\"lazy\" decoding=\"async\" src=\"https:\/\/jornalfatosenoticias.com.br\/wp-content\/uploads\/2022\/08\/logo-locau-veiculos-1024x573.png\" alt=\"\" class=\"wp-image-33078\" width=\"312\" height=\"174\"\/><\/figure><\/div>\n\n\n\n<p>Mas o nosso Policial, sim, nosso Policial, o que fez?<br>Assim respondeu: EU SOU UM AGENTE DA LEI! Deu a resposta que \u00e9 modelo de representa\u00e7\u00e3o, reverberando um sentimento singular que, para orgulho da Nossa Pol\u00edcia Capixaba, se transforma num sentimento coletivo: UM POLICIAL QUE VALE MAIS DO QUE OURO!<\/p>\n\n\n\n<div class=\"wp-block-image\"><figure class=\"aligncenter size-large\"><img loading=\"lazy\" decoding=\"async\" width=\"1024\" height=\"103\" src=\"https:\/\/jornalfatosenoticias.com.br\/wp-content\/uploads\/2022\/02\/Arte-Autoescola-Galatas_endereco_portal-1024x103.png\" alt=\"\" class=\"wp-image-27869\" srcset=\"https:\/\/jornalfatosenoticias.com.br\/wp-content\/uploads\/2022\/02\/Arte-Autoescola-Galatas_endereco_portal-1024x103.png 1024w, https:\/\/jornalfatosenoticias.com.br\/wp-content\/uploads\/2022\/02\/Arte-Autoescola-Galatas_endereco_portal-300x30.png 300w, https:\/\/jornalfatosenoticias.com.br\/wp-content\/uploads\/2022\/02\/Arte-Autoescola-Galatas_endereco_portal-768x77.png 768w, https:\/\/jornalfatosenoticias.com.br\/wp-content\/uploads\/2022\/02\/Arte-Autoescola-Galatas_endereco_portal.png 1223w\" sizes=\"auto, (max-width: 1024px) 100vw, 1024px\" \/><\/figure><\/div>\n\n\n\n<p>Quis o destino, ou qualquer outro nome que se queira dar \u00e0s for\u00e7as que convergem para a realiza\u00e7\u00e3o da justi\u00e7a, que o foragido Haylson, criminoso perigoso, envolvido com roubo de carros, estelionatos e homic\u00eddio, fosse preso novamente, sete meses depois, pelo ent\u00e3o novi\u00e7o investigador CUST\u00d3DIO SERRAT CASTELLAN; hoje Delegado de Classe Especial aposentado, casado com nossa querida Ol\u00edvia, com quem teve quatro filhos lindos e agora, tamb\u00e9m liter\u00e1rio, nos brinda com essa fascinante obra a qual convido voc\u00eas a lerem.<\/p>\n\n\n\n<div class=\"wp-block-image is-style-rounded\"><figure class=\"alignleft size-large is-resized\"><img loading=\"lazy\" decoding=\"async\" src=\"https:\/\/jornalfatosenoticias.com.br\/wp-content\/uploads\/2022\/05\/Gracimeri_Gaviorno-removebg-preview.png\" alt=\"\" class=\"wp-image-30030\" width=\"243\" height=\"299\" srcset=\"https:\/\/jornalfatosenoticias.com.br\/wp-content\/uploads\/2022\/05\/Gracimeri_Gaviorno-removebg-preview.png 450w, https:\/\/jornalfatosenoticias.com.br\/wp-content\/uploads\/2022\/05\/Gracimeri_Gaviorno-removebg-preview-243x300.png 243w\" sizes=\"auto, (max-width: 243px) 100vw, 243px\" \/><figcaption><em><span class=\"has-inline-color has-black-color\"><strong>Gracimeri Gaviorno<br><\/strong>Delegada de pol\u00edcia; mestre e doutora em direitos fundamentais; professora; Instrutora e mentora profissional para lideran\u00e7as<\/span><\/em><\/figcaption><\/figure><\/div>\n","protected":false},"excerpt":{"rendered":"<p>A saga investigativa publicada recentemente conta a fabulosa pris\u00e3o do fac\u00ednora que enganou a sociedade se apresentando como educador e que Dr. Castellan, com humildade, como carater\u00edstica que lhe \u00e9 peculiar Coluna\u00a0\u2014\u00a0Caf\u00e9 Coado,\u00a0com Gracimeri Gaviorno Depois da temporada eleitoral, retorno \u00e0 Coluna Caf\u00e9 Coado com a alegria de t\u00ea-la deixado em excelentes m\u00e3os. Tenho certeza [&hellip;]<\/p>\n","protected":false},"author":2,"featured_media":35253,"comment_status":"open","ping_status":"open","sticky":false,"template":"","format":"standard","meta":{"footnotes":""},"categories":[5],"tags":[16535,16536,1217,12365],"class_list":["post-35251","post","type-post","status-publish","format-standard","has-post-thumbnail","hentry","category-geral","tag-caso-policial","tag-custodio-serrati-castellan","tag-livro","tag-obra-literaria"],"yoast_head":"<!-- This site is optimized with the Yoast SEO plugin v26.5 - https:\/\/yoast.com\/wordpress\/plugins\/seo\/ -->\n<title>Caso policial: aquele que vale mais do que ouro! - Jornal Fatos e Not\u00edcias<\/title>\n<meta name=\"robots\" content=\"index, follow, max-snippet:-1, max-image-preview:large, max-video-preview:-1\" \/>\n<link rel=\"canonical\" href=\"https:\/\/jornalfatosenoticias.com.br\/index.php\/2022\/10\/18\/caso-policial-aquele-que-vale-mais-do-que-ouro\/\" \/>\n<meta property=\"og:locale\" content=\"pt_BR\" \/>\n<meta property=\"og:type\" content=\"article\" \/>\n<meta property=\"og:title\" content=\"Caso policial: aquele que vale mais do que ouro! - Jornal Fatos e Not\u00edcias\" \/>\n<meta property=\"og:description\" content=\"A saga investigativa publicada recentemente conta a fabulosa pris\u00e3o do fac\u00ednora que enganou a sociedade se apresentando como educador e que Dr. Castellan, com humildade, como carater\u00edstica que lhe \u00e9 peculiar Coluna\u00a0\u2014\u00a0Caf\u00e9 Coado,\u00a0com Gracimeri Gaviorno Depois da temporada eleitoral, retorno \u00e0 Coluna Caf\u00e9 Coado com a alegria de t\u00ea-la deixado em excelentes m\u00e3os. Tenho certeza [&hellip;]\" \/>\n<meta property=\"og:url\" content=\"https:\/\/jornalfatosenoticias.com.br\/index.php\/2022\/10\/18\/caso-policial-aquele-que-vale-mais-do-que-ouro\/\" \/>\n<meta property=\"og:site_name\" content=\"Jornal Fatos e Not\u00edcias\" \/>\n<meta property=\"article:published_time\" content=\"2022-10-18T13:42:29+00:00\" \/>\n<meta property=\"article:modified_time\" content=\"2022-10-18T13:42:31+00:00\" \/>\n<meta property=\"og:image\" content=\"https:\/\/jornalfatosenoticias.com.br\/wp-content\/uploads\/2022\/10\/capa-livro-custodio-castellan.jpg\" \/>\n\t<meta property=\"og:image:width\" content=\"1000\" \/>\n\t<meta property=\"og:image:height\" content=\"860\" \/>\n\t<meta property=\"og:image:type\" content=\"image\/jpeg\" \/>\n<meta name=\"author\" content=\"Luzimara Fernandes\" \/>\n<meta name=\"twitter:card\" content=\"summary_large_image\" \/>\n<meta name=\"twitter:label1\" content=\"Escrito por\" \/>\n\t<meta name=\"twitter:data1\" content=\"Luzimara Fernandes\" \/>\n\t<meta name=\"twitter:label2\" content=\"Est. tempo de leitura\" \/>\n\t<meta name=\"twitter:data2\" content=\"6 minutos\" \/>\n<script type=\"application\/ld+json\" class=\"yoast-schema-graph\">{\"@context\":\"https:\/\/schema.org\",\"@graph\":[{\"@type\":\"Article\",\"@id\":\"https:\/\/jornalfatosenoticias.com.br\/index.php\/2022\/10\/18\/caso-policial-aquele-que-vale-mais-do-que-ouro\/#article\",\"isPartOf\":{\"@id\":\"https:\/\/jornalfatosenoticias.com.br\/index.php\/2022\/10\/18\/caso-policial-aquele-que-vale-mais-do-que-ouro\/\"},\"author\":{\"name\":\"Luzimara Fernandes\",\"@id\":\"https:\/\/jornalfatosenoticias.com.br\/#\/schema\/person\/d63837fa13ac8666eb9e74e0985d6f81\"},\"headline\":\"Caso policial: aquele que vale mais do que ouro!\",\"datePublished\":\"2022-10-18T13:42:29+00:00\",\"dateModified\":\"2022-10-18T13:42:31+00:00\",\"mainEntityOfPage\":{\"@id\":\"https:\/\/jornalfatosenoticias.com.br\/index.php\/2022\/10\/18\/caso-policial-aquele-que-vale-mais-do-que-ouro\/\"},\"wordCount\":1261,\"commentCount\":0,\"publisher\":{\"@id\":\"https:\/\/jornalfatosenoticias.com.br\/#organization\"},\"image\":{\"@id\":\"https:\/\/jornalfatosenoticias.com.br\/index.php\/2022\/10\/18\/caso-policial-aquele-que-vale-mais-do-que-ouro\/#primaryimage\"},\"thumbnailUrl\":\"https:\/\/jornalfatosenoticias.com.br\/wp-content\/uploads\/2022\/10\/capa-livro-custodio-castellan.jpg\",\"keywords\":[\"caso policial\",\"Cust\u00f3dio Serrati Castellan\",\"livro\",\"obra liter\u00e1ria\"],\"articleSection\":[\"Geral\"],\"inLanguage\":\"pt-BR\",\"potentialAction\":[{\"@type\":\"CommentAction\",\"name\":\"Comment\",\"target\":[\"https:\/\/jornalfatosenoticias.com.br\/index.php\/2022\/10\/18\/caso-policial-aquele-que-vale-mais-do-que-ouro\/#respond\"]}]},{\"@type\":\"WebPage\",\"@id\":\"https:\/\/jornalfatosenoticias.com.br\/index.php\/2022\/10\/18\/caso-policial-aquele-que-vale-mais-do-que-ouro\/\",\"url\":\"https:\/\/jornalfatosenoticias.com.br\/index.php\/2022\/10\/18\/caso-policial-aquele-que-vale-mais-do-que-ouro\/\",\"name\":\"Caso policial: aquele que vale mais do que ouro! - Jornal Fatos e Not\u00edcias\",\"isPartOf\":{\"@id\":\"https:\/\/jornalfatosenoticias.com.br\/#website\"},\"primaryImageOfPage\":{\"@id\":\"https:\/\/jornalfatosenoticias.com.br\/index.php\/2022\/10\/18\/caso-policial-aquele-que-vale-mais-do-que-ouro\/#primaryimage\"},\"image\":{\"@id\":\"https:\/\/jornalfatosenoticias.com.br\/index.php\/2022\/10\/18\/caso-policial-aquele-que-vale-mais-do-que-ouro\/#primaryimage\"},\"thumbnailUrl\":\"https:\/\/jornalfatosenoticias.com.br\/wp-content\/uploads\/2022\/10\/capa-livro-custodio-castellan.jpg\",\"datePublished\":\"2022-10-18T13:42:29+00:00\",\"dateModified\":\"2022-10-18T13:42:31+00:00\",\"breadcrumb\":{\"@id\":\"https:\/\/jornalfatosenoticias.com.br\/index.php\/2022\/10\/18\/caso-policial-aquele-que-vale-mais-do-que-ouro\/#breadcrumb\"},\"inLanguage\":\"pt-BR\",\"potentialAction\":[{\"@type\":\"ReadAction\",\"target\":[\"https:\/\/jornalfatosenoticias.com.br\/index.php\/2022\/10\/18\/caso-policial-aquele-que-vale-mais-do-que-ouro\/\"]}]},{\"@type\":\"ImageObject\",\"inLanguage\":\"pt-BR\",\"@id\":\"https:\/\/jornalfatosenoticias.com.br\/index.php\/2022\/10\/18\/caso-policial-aquele-que-vale-mais-do-que-ouro\/#primaryimage\",\"url\":\"https:\/\/jornalfatosenoticias.com.br\/wp-content\/uploads\/2022\/10\/capa-livro-custodio-castellan.jpg\",\"contentUrl\":\"https:\/\/jornalfatosenoticias.com.br\/wp-content\/uploads\/2022\/10\/capa-livro-custodio-castellan.jpg\",\"width\":1000,\"height\":860},{\"@type\":\"BreadcrumbList\",\"@id\":\"https:\/\/jornalfatosenoticias.com.br\/index.php\/2022\/10\/18\/caso-policial-aquele-que-vale-mais-do-que-ouro\/#breadcrumb\",\"itemListElement\":[{\"@type\":\"ListItem\",\"position\":1,\"name\":\"In\u00edcio\",\"item\":\"https:\/\/jornalfatosenoticias.com.br\/\"},{\"@type\":\"ListItem\",\"position\":2,\"name\":\"Caso policial: aquele que vale mais do que ouro!\"}]},{\"@type\":\"WebSite\",\"@id\":\"https:\/\/jornalfatosenoticias.com.br\/#website\",\"url\":\"https:\/\/jornalfatosenoticias.com.br\/\",\"name\":\"Jornal Fatos e Not\u00edcias\",\"description\":\"Not\u00edcias em geral\",\"publisher\":{\"@id\":\"https:\/\/jornalfatosenoticias.com.br\/#organization\"},\"potentialAction\":[{\"@type\":\"SearchAction\",\"target\":{\"@type\":\"EntryPoint\",\"urlTemplate\":\"https:\/\/jornalfatosenoticias.com.br\/?s={search_term_string}\"},\"query-input\":{\"@type\":\"PropertyValueSpecification\",\"valueRequired\":true,\"valueName\":\"search_term_string\"}}],\"inLanguage\":\"pt-BR\"},{\"@type\":\"Organization\",\"@id\":\"https:\/\/jornalfatosenoticias.com.br\/#organization\",\"name\":\"Jornal Fatos e Not\u00edcias\",\"url\":\"https:\/\/jornalfatosenoticias.com.br\/\",\"logo\":{\"@type\":\"ImageObject\",\"inLanguage\":\"pt-BR\",\"@id\":\"https:\/\/jornalfatosenoticias.com.br\/#\/schema\/logo\/image\/\",\"url\":\"https:\/\/jornalfatosenoticias.com.br\/wp-content\/uploads\/2020\/02\/logo120.png\",\"contentUrl\":\"https:\/\/jornalfatosenoticias.com.br\/wp-content\/uploads\/2020\/02\/logo120.png\",\"width\":1227,\"height\":120,\"caption\":\"Jornal Fatos e Not\u00edcias\"},\"image\":{\"@id\":\"https:\/\/jornalfatosenoticias.com.br\/#\/schema\/logo\/image\/\"}},{\"@type\":\"Person\",\"@id\":\"https:\/\/jornalfatosenoticias.com.br\/#\/schema\/person\/d63837fa13ac8666eb9e74e0985d6f81\",\"name\":\"Luzimara Fernandes\",\"image\":{\"@type\":\"ImageObject\",\"inLanguage\":\"pt-BR\",\"@id\":\"https:\/\/jornalfatosenoticias.com.br\/#\/schema\/person\/image\/\",\"url\":\"https:\/\/jornalfatosenoticias.com.br\/wp-content\/uploads\/2025\/05\/EU_portal.jpg\",\"contentUrl\":\"https:\/\/jornalfatosenoticias.com.br\/wp-content\/uploads\/2025\/05\/EU_portal.jpg\",\"caption\":\"Luzimara Fernandes\"},\"description\":\"Jornalista MTB 2358-ES\",\"sameAs\":[\"https:\/\/jornalfatosenoticias.com.br\"],\"url\":\"https:\/\/jornalfatosenoticias.com.br\/index.php\/author\/luzimara\/\"}]}<\/script>\n<!-- \/ Yoast SEO plugin. -->","yoast_head_json":{"title":"Caso policial: aquele que vale mais do que ouro! - Jornal Fatos e Not\u00edcias","robots":{"index":"index","follow":"follow","max-snippet":"max-snippet:-1","max-image-preview":"max-image-preview:large","max-video-preview":"max-video-preview:-1"},"canonical":"https:\/\/jornalfatosenoticias.com.br\/index.php\/2022\/10\/18\/caso-policial-aquele-que-vale-mais-do-que-ouro\/","og_locale":"pt_BR","og_type":"article","og_title":"Caso policial: aquele que vale mais do que ouro! - Jornal Fatos e Not\u00edcias","og_description":"A saga investigativa publicada recentemente conta a fabulosa pris\u00e3o do fac\u00ednora que enganou a sociedade se apresentando como educador e que Dr. Castellan, com humildade, como carater\u00edstica que lhe \u00e9 peculiar Coluna\u00a0\u2014\u00a0Caf\u00e9 Coado,\u00a0com Gracimeri Gaviorno Depois da temporada eleitoral, retorno \u00e0 Coluna Caf\u00e9 Coado com a alegria de t\u00ea-la deixado em excelentes m\u00e3os. Tenho certeza [&hellip;]","og_url":"https:\/\/jornalfatosenoticias.com.br\/index.php\/2022\/10\/18\/caso-policial-aquele-que-vale-mais-do-que-ouro\/","og_site_name":"Jornal Fatos e Not\u00edcias","article_published_time":"2022-10-18T13:42:29+00:00","article_modified_time":"2022-10-18T13:42:31+00:00","og_image":[{"width":1000,"height":860,"url":"https:\/\/jornalfatosenoticias.com.br\/wp-content\/uploads\/2022\/10\/capa-livro-custodio-castellan.jpg","type":"image\/jpeg"}],"author":"Luzimara Fernandes","twitter_card":"summary_large_image","twitter_misc":{"Escrito por":"Luzimara Fernandes","Est. tempo de leitura":"6 minutos"},"schema":{"@context":"https:\/\/schema.org","@graph":[{"@type":"Article","@id":"https:\/\/jornalfatosenoticias.com.br\/index.php\/2022\/10\/18\/caso-policial-aquele-que-vale-mais-do-que-ouro\/#article","isPartOf":{"@id":"https:\/\/jornalfatosenoticias.com.br\/index.php\/2022\/10\/18\/caso-policial-aquele-que-vale-mais-do-que-ouro\/"},"author":{"name":"Luzimara Fernandes","@id":"https:\/\/jornalfatosenoticias.com.br\/#\/schema\/person\/d63837fa13ac8666eb9e74e0985d6f81"},"headline":"Caso policial: aquele que vale mais do que ouro!","datePublished":"2022-10-18T13:42:29+00:00","dateModified":"2022-10-18T13:42:31+00:00","mainEntityOfPage":{"@id":"https:\/\/jornalfatosenoticias.com.br\/index.php\/2022\/10\/18\/caso-policial-aquele-que-vale-mais-do-que-ouro\/"},"wordCount":1261,"commentCount":0,"publisher":{"@id":"https:\/\/jornalfatosenoticias.com.br\/#organization"},"image":{"@id":"https:\/\/jornalfatosenoticias.com.br\/index.php\/2022\/10\/18\/caso-policial-aquele-que-vale-mais-do-que-ouro\/#primaryimage"},"thumbnailUrl":"https:\/\/jornalfatosenoticias.com.br\/wp-content\/uploads\/2022\/10\/capa-livro-custodio-castellan.jpg","keywords":["caso policial","Cust\u00f3dio Serrati Castellan","livro","obra liter\u00e1ria"],"articleSection":["Geral"],"inLanguage":"pt-BR","potentialAction":[{"@type":"CommentAction","name":"Comment","target":["https:\/\/jornalfatosenoticias.com.br\/index.php\/2022\/10\/18\/caso-policial-aquele-que-vale-mais-do-que-ouro\/#respond"]}]},{"@type":"WebPage","@id":"https:\/\/jornalfatosenoticias.com.br\/index.php\/2022\/10\/18\/caso-policial-aquele-que-vale-mais-do-que-ouro\/","url":"https:\/\/jornalfatosenoticias.com.br\/index.php\/2022\/10\/18\/caso-policial-aquele-que-vale-mais-do-que-ouro\/","name":"Caso policial: aquele que vale mais do que ouro! - Jornal Fatos e Not\u00edcias","isPartOf":{"@id":"https:\/\/jornalfatosenoticias.com.br\/#website"},"primaryImageOfPage":{"@id":"https:\/\/jornalfatosenoticias.com.br\/index.php\/2022\/10\/18\/caso-policial-aquele-que-vale-mais-do-que-ouro\/#primaryimage"},"image":{"@id":"https:\/\/jornalfatosenoticias.com.br\/index.php\/2022\/10\/18\/caso-policial-aquele-que-vale-mais-do-que-ouro\/#primaryimage"},"thumbnailUrl":"https:\/\/jornalfatosenoticias.com.br\/wp-content\/uploads\/2022\/10\/capa-livro-custodio-castellan.jpg","datePublished":"2022-10-18T13:42:29+00:00","dateModified":"2022-10-18T13:42:31+00:00","breadcrumb":{"@id":"https:\/\/jornalfatosenoticias.com.br\/index.php\/2022\/10\/18\/caso-policial-aquele-que-vale-mais-do-que-ouro\/#breadcrumb"},"inLanguage":"pt-BR","potentialAction":[{"@type":"ReadAction","target":["https:\/\/jornalfatosenoticias.com.br\/index.php\/2022\/10\/18\/caso-policial-aquele-que-vale-mais-do-que-ouro\/"]}]},{"@type":"ImageObject","inLanguage":"pt-BR","@id":"https:\/\/jornalfatosenoticias.com.br\/index.php\/2022\/10\/18\/caso-policial-aquele-que-vale-mais-do-que-ouro\/#primaryimage","url":"https:\/\/jornalfatosenoticias.com.br\/wp-content\/uploads\/2022\/10\/capa-livro-custodio-castellan.jpg","contentUrl":"https:\/\/jornalfatosenoticias.com.br\/wp-content\/uploads\/2022\/10\/capa-livro-custodio-castellan.jpg","width":1000,"height":860},{"@type":"BreadcrumbList","@id":"https:\/\/jornalfatosenoticias.com.br\/index.php\/2022\/10\/18\/caso-policial-aquele-que-vale-mais-do-que-ouro\/#breadcrumb","itemListElement":[{"@type":"ListItem","position":1,"name":"In\u00edcio","item":"https:\/\/jornalfatosenoticias.com.br\/"},{"@type":"ListItem","position":2,"name":"Caso policial: aquele que vale mais do que ouro!"}]},{"@type":"WebSite","@id":"https:\/\/jornalfatosenoticias.com.br\/#website","url":"https:\/\/jornalfatosenoticias.com.br\/","name":"Jornal Fatos e Not\u00edcias","description":"Not\u00edcias em geral","publisher":{"@id":"https:\/\/jornalfatosenoticias.com.br\/#organization"},"potentialAction":[{"@type":"SearchAction","target":{"@type":"EntryPoint","urlTemplate":"https:\/\/jornalfatosenoticias.com.br\/?s={search_term_string}"},"query-input":{"@type":"PropertyValueSpecification","valueRequired":true,"valueName":"search_term_string"}}],"inLanguage":"pt-BR"},{"@type":"Organization","@id":"https:\/\/jornalfatosenoticias.com.br\/#organization","name":"Jornal Fatos e Not\u00edcias","url":"https:\/\/jornalfatosenoticias.com.br\/","logo":{"@type":"ImageObject","inLanguage":"pt-BR","@id":"https:\/\/jornalfatosenoticias.com.br\/#\/schema\/logo\/image\/","url":"https:\/\/jornalfatosenoticias.com.br\/wp-content\/uploads\/2020\/02\/logo120.png","contentUrl":"https:\/\/jornalfatosenoticias.com.br\/wp-content\/uploads\/2020\/02\/logo120.png","width":1227,"height":120,"caption":"Jornal Fatos e Not\u00edcias"},"image":{"@id":"https:\/\/jornalfatosenoticias.com.br\/#\/schema\/logo\/image\/"}},{"@type":"Person","@id":"https:\/\/jornalfatosenoticias.com.br\/#\/schema\/person\/d63837fa13ac8666eb9e74e0985d6f81","name":"Luzimara Fernandes","image":{"@type":"ImageObject","inLanguage":"pt-BR","@id":"https:\/\/jornalfatosenoticias.com.br\/#\/schema\/person\/image\/","url":"https:\/\/jornalfatosenoticias.com.br\/wp-content\/uploads\/2025\/05\/EU_portal.jpg","contentUrl":"https:\/\/jornalfatosenoticias.com.br\/wp-content\/uploads\/2025\/05\/EU_portal.jpg","caption":"Luzimara Fernandes"},"description":"Jornalista MTB 2358-ES","sameAs":["https:\/\/jornalfatosenoticias.com.br"],"url":"https:\/\/jornalfatosenoticias.com.br\/index.php\/author\/luzimara\/"}]}},"cc_featured_image_caption":{"caption_text":"(Foto: Divulga\u00e7\u00e3o) ","source_text":"","source_url":""},"jetpack_featured_media_url":"https:\/\/jornalfatosenoticias.com.br\/wp-content\/uploads\/2022\/10\/capa-livro-custodio-castellan.jpg","_links":{"self":[{"href":"https:\/\/jornalfatosenoticias.com.br\/index.php\/wp-json\/wp\/v2\/posts\/35251","targetHints":{"allow":["GET"]}}],"collection":[{"href":"https:\/\/jornalfatosenoticias.com.br\/index.php\/wp-json\/wp\/v2\/posts"}],"about":[{"href":"https:\/\/jornalfatosenoticias.com.br\/index.php\/wp-json\/wp\/v2\/types\/post"}],"author":[{"embeddable":true,"href":"https:\/\/jornalfatosenoticias.com.br\/index.php\/wp-json\/wp\/v2\/users\/2"}],"replies":[{"embeddable":true,"href":"https:\/\/jornalfatosenoticias.com.br\/index.php\/wp-json\/wp\/v2\/comments?post=35251"}],"version-history":[{"count":0,"href":"https:\/\/jornalfatosenoticias.com.br\/index.php\/wp-json\/wp\/v2\/posts\/35251\/revisions"}],"wp:featuredmedia":[{"embeddable":true,"href":"https:\/\/jornalfatosenoticias.com.br\/index.php\/wp-json\/wp\/v2\/media\/35253"}],"wp:attachment":[{"href":"https:\/\/jornalfatosenoticias.com.br\/index.php\/wp-json\/wp\/v2\/media?parent=35251"}],"wp:term":[{"taxonomy":"category","embeddable":true,"href":"https:\/\/jornalfatosenoticias.com.br\/index.php\/wp-json\/wp\/v2\/categories?post=35251"},{"taxonomy":"post_tag","embeddable":true,"href":"https:\/\/jornalfatosenoticias.com.br\/index.php\/wp-json\/wp\/v2\/tags?post=35251"}],"curies":[{"name":"wp","href":"https:\/\/api.w.org\/{rel}","templated":true}]}}