{"id":35255,"date":"2022-10-18T10:55:03","date_gmt":"2022-10-18T13:55:03","guid":{"rendered":"https:\/\/jornalfatosenoticias.com.br\/?p=35255"},"modified":"2022-10-18T10:55:05","modified_gmt":"2022-10-18T13:55:05","slug":"mec-cumpre-missao-em-portugal-e-debate-regulamentacao-do-ensino-superior-no-brasil","status":"publish","type":"post","link":"https:\/\/jornalfatosenoticias.com.br\/index.php\/2022\/10\/18\/mec-cumpre-missao-em-portugal-e-debate-regulamentacao-do-ensino-superior-no-brasil\/","title":{"rendered":"MEC cumpre miss\u00e3o em Portugal e debate regulamenta\u00e7\u00e3o do ensino superior no Brasil"},"content":{"rendered":"\n<p><em><span class=\"has-inline-color has-black-color\">Comitiva brasileira se reuniu com autoridades do pa\u00eds europeu para troca de experi\u00eancias e apresenta\u00e7\u00e3o de a\u00e7\u00f5es desenvolvidas pela Pasta<\/span><\/em><\/p>\n\n\n\n<div class=\"wp-block-image\"><figure class=\"aligncenter size-large\"><img loading=\"lazy\" decoding=\"async\" width=\"1024\" height=\"100\" src=\"https:\/\/jornalfatosenoticias.com.br\/wp-content\/uploads\/2022\/05\/NOVA-LOGO-CESCONETTO-1024x100.jpg\" alt=\"\" class=\"wp-image-30792\" srcset=\"https:\/\/jornalfatosenoticias.com.br\/wp-content\/uploads\/2022\/05\/NOVA-LOGO-CESCONETTO-1024x100.jpg 1024w, https:\/\/jornalfatosenoticias.com.br\/wp-content\/uploads\/2022\/05\/NOVA-LOGO-CESCONETTO-300x29.jpg 300w, https:\/\/jornalfatosenoticias.com.br\/wp-content\/uploads\/2022\/05\/NOVA-LOGO-CESCONETTO-768x75.jpg 768w, https:\/\/jornalfatosenoticias.com.br\/wp-content\/uploads\/2022\/05\/NOVA-LOGO-CESCONETTO.jpg 1280w\" sizes=\"auto, (max-width: 1024px) 100vw, 1024px\" \/><\/figure><\/div>\n\n\n\n<p>O governo brasileiro est\u00e1 realizando uma s\u00e9rie de iniciativas voltadas para a educa\u00e7\u00e3o superior no Pa\u00eds, com vistas a desenvolver novas regulamenta\u00e7\u00f5es para esse n\u00edvel de forma\u00e7\u00e3o e incorporar as melhores pr\u00e1ticas internacionais no arcabou\u00e7o regulat\u00f3rio nacional, tornando o processo de regula\u00e7\u00e3o de cursos superiores no Pa\u00eds mais c\u00e9lere e melhores.<\/p>\n\n\n\n<div class=\"wp-block-image\"><figure class=\"aligncenter size-large is-resized\"><img loading=\"lazy\" decoding=\"async\" src=\"https:\/\/jornalfatosenoticias.com.br\/wp-content\/uploads\/2022\/02\/Precisao-Contabilidade-1024x724.jpg\" alt=\"\" class=\"wp-image-28088\" width=\"286\" height=\"202\"\/><\/figure><\/div>\n\n\n\n<p>Para isso, uma comitiva do Minist\u00e9rio da Educa\u00e7\u00e3o (MEC), comandada pela secret\u00e1ria da Secretaria Regula\u00e7\u00e3o e Supervis\u00e3o da Educa\u00e7\u00e3o Superior (Seres), Diana Azin, cumpriu agenda junto a entidades educacionais de Portugal, entre os dias 10 e 15 de outubro.<\/p>\n\n\n\n<div class=\"wp-block-image\"><figure class=\"aligncenter size-large\"><img loading=\"lazy\" decoding=\"async\" width=\"1024\" height=\"103\" src=\"https:\/\/jornalfatosenoticias.com.br\/wp-content\/uploads\/2022\/02\/Arte-Autoescola-Galatas_endereco_portal-1024x103.png\" alt=\"\" class=\"wp-image-27869\" srcset=\"https:\/\/jornalfatosenoticias.com.br\/wp-content\/uploads\/2022\/02\/Arte-Autoescola-Galatas_endereco_portal-1024x103.png 1024w, https:\/\/jornalfatosenoticias.com.br\/wp-content\/uploads\/2022\/02\/Arte-Autoescola-Galatas_endereco_portal-300x30.png 300w, https:\/\/jornalfatosenoticias.com.br\/wp-content\/uploads\/2022\/02\/Arte-Autoescola-Galatas_endereco_portal-768x77.png 768w, https:\/\/jornalfatosenoticias.com.br\/wp-content\/uploads\/2022\/02\/Arte-Autoescola-Galatas_endereco_portal.png 1223w\" sizes=\"auto, (max-width: 1024px) 100vw, 1024px\" \/><\/figure><\/div>\n\n\n\n<p>Durante a miss\u00e3o, os representantes do MEC puderam conhecer o sistema de avalia\u00e7\u00e3o e acredita\u00e7\u00e3o da educa\u00e7\u00e3o superior praticado em Portugal. Al\u00e9m disso, trocaram experi\u00eancias sobre os padr\u00f5es referenciais de qualidade e de regula\u00e7\u00e3o do pa\u00eds e da Uni\u00e3o Europeia, j\u00e1 que todo o sistema de ensino portugu\u00eas est\u00e1 interligado com o dos demais pa\u00edses da comunidade europeia.<\/p>\n\n\n\n<div class=\"wp-block-image\"><figure class=\"aligncenter size-large is-resized\"><img loading=\"lazy\" decoding=\"async\" src=\"https:\/\/jornalfatosenoticias.com.br\/wp-content\/uploads\/2020\/02\/logo-embacia.jpg\" alt=\"\" class=\"wp-image-33905\" width=\"285\" height=\"285\"\/><\/figure><\/div>\n\n\n\n<p>Em uma das agendas, a comitiva brasileira realizou visitas t\u00e9cnicas na Ag\u00eancia de Avalia\u00e7\u00e3o e Acredita\u00e7\u00e3o do Ensino Superior de Portugal (A3ES). Os representantes do MEC tamb\u00e9m se reuniram com a Diretoria-Geral da Educa\u00e7\u00e3o Superior (DGES) de Portugal, respons\u00e1vel pela gest\u00e3o das pol\u00edticas p\u00fablicas definidas pelo governo portugu\u00eas.<\/p>\n\n\n\n<div class=\"wp-block-image\"><figure class=\"aligncenter size-large\"><img loading=\"lazy\" decoding=\"async\" width=\"1024\" height=\"99\" src=\"https:\/\/jornalfatosenoticias.com.br\/wp-content\/uploads\/2020\/02\/Logo-Mizu-segunda-2-1024x99.png\" alt=\"\" class=\"wp-image-2353\" srcset=\"https:\/\/jornalfatosenoticias.com.br\/wp-content\/uploads\/2020\/02\/Logo-Mizu-segunda-2-1024x99.png 1024w, https:\/\/jornalfatosenoticias.com.br\/wp-content\/uploads\/2020\/02\/Logo-Mizu-segunda-2-300x29.png 300w, https:\/\/jornalfatosenoticias.com.br\/wp-content\/uploads\/2020\/02\/Logo-Mizu-segunda-2-768x74.png 768w, https:\/\/jornalfatosenoticias.com.br\/wp-content\/uploads\/2020\/02\/Logo-Mizu-segunda-2.png 1240w\" sizes=\"auto, (max-width: 1024px) 100vw, 1024px\" \/><\/figure><\/div>\n\n\n\n<p>O MEC realizou, tamb\u00e9m, visita t\u00e9cnica \u00e0 Universidade Aberta de Portugal, para conhecer a pr\u00e1tica do Ensino a Dist\u00e2ncia (EaD), um tema de grande relev\u00e2ncia para o Brasil, uma vez que a demanda por cursos nessa modalidade tem aumentado nos \u00faltimos anos. Ainda, durante visitas \u00e0 Universidade de Lisboa e ao Instituto Superior de Engenharia de Coimbra, a delega\u00e7\u00e3o identificou temas priorit\u00e1rios para coopera\u00e7\u00e3o junto a institui\u00e7\u00f5es de ensino superior brasileiras.<\/p>\n\n\n\n<div class=\"wp-block-image\"><figure class=\"alignleft size-large\"><img loading=\"lazy\" decoding=\"async\" width=\"300\" height=\"250\" src=\"https:\/\/jornalfatosenoticias.com.br\/wp-content\/uploads\/2022\/08\/arte-Casarao.jpg\" alt=\"\" class=\"wp-image-33178\"\/><\/figure><\/div>\n\n\n\n<p>J\u00e1 na Ordem dos M\u00e9dicos de Portugal, os representantes brasileiros trataram da regula\u00e7\u00e3o dos cursos de medicina naquele pa\u00eds e sobre o reconhecimento de diplomas de profissionais brasileiros. Cabe ressaltar que, em aten\u00e7\u00e3o \u00e0 eleva\u00e7\u00e3o do padr\u00e3o dos cursos de medicina que s\u00e3o ofertados no Brasil, bem como do paradigma regulat\u00f3rio, foi criado um grupo de trabalho para debater a tem\u00e1tica.<br>O grupo \u00e9 coordenado pela Seres do MEC e conta com a participa\u00e7\u00e3o de membros de \u00f3rg\u00e3os p\u00fablicos que participam do processo regulat\u00f3rio, como o Minist\u00e9rio da Sa\u00fade, o Conselho Federal de Medicina, e as principais associa\u00e7\u00f5es que trabalham pelo fortalecimento da forma\u00e7\u00e3o m\u00e9dica no Brasil.<\/p>\n\n\n\n<div class=\"wp-block-image\"><figure class=\"aligncenter size-large\"><img loading=\"lazy\" decoding=\"async\" width=\"1024\" height=\"100\" src=\"https:\/\/jornalfatosenoticias.com.br\/wp-content\/uploads\/2020\/02\/banner_ferramentas-1024x100.jpg\" alt=\"\" class=\"wp-image-1258\" srcset=\"https:\/\/jornalfatosenoticias.com.br\/wp-content\/uploads\/2020\/02\/banner_ferramentas-1024x100.jpg 1024w, https:\/\/jornalfatosenoticias.com.br\/wp-content\/uploads\/2020\/02\/banner_ferramentas-300x29.jpg 300w, https:\/\/jornalfatosenoticias.com.br\/wp-content\/uploads\/2020\/02\/banner_ferramentas-768x75.jpg 768w, https:\/\/jornalfatosenoticias.com.br\/wp-content\/uploads\/2020\/02\/banner_ferramentas.jpg 1227w\" sizes=\"auto, (max-width: 1024px) 100vw, 1024px\" \/><\/figure><\/div>\n\n\n\n<p>Al\u00e9m da secret\u00e1ria Diana Azin, a comitiva do MEC foi formada pelo consultor jur\u00eddico do MEC, pelos diretores de Pol\u00edtica Regulat\u00f3ria e de Regula\u00e7\u00e3o da Educa\u00e7\u00e3o Superior da Seres; e por representante da Assessoria Internacional da Pasta.<\/p>\n\n\n\n<div class=\"wp-block-image\"><figure class=\"aligncenter size-large\"><img decoding=\"async\" src=\"https:\/\/jornalfatosenoticias.com.br\/wp-content\/uploads\/2020\/02\/barao-das-carnes-300x164-1.jpg\" alt=\"\" class=\"wp-image-34339\"\/><\/figure><\/div>\n\n\n\n<p>Ainda durante as visitas, a miss\u00e3o brasileira apresentou as a\u00e7\u00f5es e os projetos em desenvolvimento no MEC que t\u00eam como foco aprimorar as ferramentas e os crit\u00e9rios utilizados para a regula\u00e7\u00e3o do ensino superior no Brasil. Isso inclui o uso crescente da tecnologia para promover o atingimento das miss\u00f5es da Pasta, permitindo a an\u00e1lise, de maneira \u00e1gil e segura, da documenta\u00e7\u00e3o das entidades de educa\u00e7\u00e3o superior, assim como o monitoramento do cumprimento dos planos de desenvolvimento institucional.<\/p>\n\n\n\n<div class=\"wp-block-image\"><figure class=\"aligncenter size-large\"><img loading=\"lazy\" decoding=\"async\" width=\"1024\" height=\"111\" src=\"https:\/\/jornalfatosenoticias.com.br\/wp-content\/uploads\/2020\/02\/WhatsApp-Image-2022-09-23-at-12.09.18-1024x111.jpeg\" alt=\"\" class=\"wp-image-34527\" srcset=\"https:\/\/jornalfatosenoticias.com.br\/wp-content\/uploads\/2020\/02\/WhatsApp-Image-2022-09-23-at-12.09.18-1024x111.jpeg 1024w, https:\/\/jornalfatosenoticias.com.br\/wp-content\/uploads\/2020\/02\/WhatsApp-Image-2022-09-23-at-12.09.18-300x32.jpeg 300w, https:\/\/jornalfatosenoticias.com.br\/wp-content\/uploads\/2020\/02\/WhatsApp-Image-2022-09-23-at-12.09.18-768x83.jpeg 768w, https:\/\/jornalfatosenoticias.com.br\/wp-content\/uploads\/2020\/02\/WhatsApp-Image-2022-09-23-at-12.09.18.jpeg 1121w\" sizes=\"auto, (max-width: 1024px) 100vw, 1024px\" \/><\/figure><\/div>\n\n\n\n<p><strong><em>Fonte: <a href=\"https:\/\/www.gov.br\/mec\/pt-br\/assuntos\/noticias\/mec-cumpre-missao-em-portugal-e-debate-regulamentacao-do-ensino-superior-no-brasil\">MEC<\/a><\/em><\/strong><\/p>\n","protected":false},"excerpt":{"rendered":"<p>Comitiva brasileira se reuniu com autoridades do pa\u00eds europeu para troca de experi\u00eancias e apresenta\u00e7\u00e3o de a\u00e7\u00f5es desenvolvidas pela Pasta O governo brasileiro est\u00e1 realizando uma s\u00e9rie de iniciativas voltadas para a educa\u00e7\u00e3o superior no Pa\u00eds, com vistas a desenvolver novas regulamenta\u00e7\u00f5es para esse n\u00edvel de forma\u00e7\u00e3o e incorporar as melhores pr\u00e1ticas internacionais no arcabou\u00e7o [&hellip;]<\/p>\n","protected":false},"author":2,"featured_media":35256,"comment_status":"open","ping_status":"open","sticky":false,"template":"","format":"standard","meta":{"footnotes":""},"categories":[7],"tags":[597,16537,326,283,640,16538],"class_list":["post-35255","post","type-post","status-publish","format-standard","has-post-thumbnail","hentry","category-educacao","tag-brasil","tag-comitiva-brasileira","tag-ensino-superior","tag-mec","tag-portugal","tag-troca-de-experiencias"],"yoast_head":"<!-- This site is optimized with the Yoast SEO plugin v26.5 - https:\/\/yoast.com\/wordpress\/plugins\/seo\/ -->\n<title>MEC cumpre miss\u00e3o em Portugal e debate regulamenta\u00e7\u00e3o do ensino superior no Brasil - Jornal Fatos e Not\u00edcias<\/title>\n<meta name=\"robots\" content=\"index, follow, max-snippet:-1, max-image-preview:large, max-video-preview:-1\" \/>\n<link rel=\"canonical\" href=\"https:\/\/jornalfatosenoticias.com.br\/index.php\/2022\/10\/18\/mec-cumpre-missao-em-portugal-e-debate-regulamentacao-do-ensino-superior-no-brasil\/\" \/>\n<meta property=\"og:locale\" content=\"pt_BR\" \/>\n<meta property=\"og:type\" content=\"article\" \/>\n<meta property=\"og:title\" content=\"MEC cumpre miss\u00e3o em Portugal e debate regulamenta\u00e7\u00e3o do ensino superior no Brasil - Jornal Fatos e Not\u00edcias\" \/>\n<meta property=\"og:description\" content=\"Comitiva brasileira se reuniu com autoridades do pa\u00eds europeu para troca de experi\u00eancias e apresenta\u00e7\u00e3o de a\u00e7\u00f5es desenvolvidas pela Pasta O governo brasileiro est\u00e1 realizando uma s\u00e9rie de iniciativas voltadas para a educa\u00e7\u00e3o superior no Pa\u00eds, com vistas a desenvolver novas regulamenta\u00e7\u00f5es para esse n\u00edvel de forma\u00e7\u00e3o e incorporar as melhores pr\u00e1ticas internacionais no arcabou\u00e7o [&hellip;]\" \/>\n<meta property=\"og:url\" content=\"https:\/\/jornalfatosenoticias.com.br\/index.php\/2022\/10\/18\/mec-cumpre-missao-em-portugal-e-debate-regulamentacao-do-ensino-superior-no-brasil\/\" \/>\n<meta property=\"og:site_name\" content=\"Jornal Fatos e Not\u00edcias\" \/>\n<meta property=\"article:published_time\" content=\"2022-10-18T13:55:03+00:00\" \/>\n<meta property=\"article:modified_time\" content=\"2022-10-18T13:55:05+00:00\" \/>\n<meta property=\"og:image\" content=\"https:\/\/jornalfatosenoticias.com.br\/wp-content\/uploads\/2022\/10\/missao-em-portugal_mec.jpeg\" \/>\n\t<meta property=\"og:image:width\" content=\"1000\" \/>\n\t<meta property=\"og:image:height\" content=\"704\" \/>\n\t<meta property=\"og:image:type\" content=\"image\/jpeg\" \/>\n<meta name=\"author\" content=\"Luzimara Fernandes\" \/>\n<meta name=\"twitter:card\" content=\"summary_large_image\" \/>\n<meta name=\"twitter:label1\" content=\"Escrito por\" \/>\n\t<meta name=\"twitter:data1\" content=\"Luzimara Fernandes\" \/>\n\t<meta name=\"twitter:label2\" content=\"Est. tempo de leitura\" \/>\n\t<meta name=\"twitter:data2\" content=\"3 minutos\" \/>\n<script type=\"application\/ld+json\" class=\"yoast-schema-graph\">{\"@context\":\"https:\/\/schema.org\",\"@graph\":[{\"@type\":\"Article\",\"@id\":\"https:\/\/jornalfatosenoticias.com.br\/index.php\/2022\/10\/18\/mec-cumpre-missao-em-portugal-e-debate-regulamentacao-do-ensino-superior-no-brasil\/#article\",\"isPartOf\":{\"@id\":\"https:\/\/jornalfatosenoticias.com.br\/index.php\/2022\/10\/18\/mec-cumpre-missao-em-portugal-e-debate-regulamentacao-do-ensino-superior-no-brasil\/\"},\"author\":{\"name\":\"Luzimara Fernandes\",\"@id\":\"https:\/\/jornalfatosenoticias.com.br\/#\/schema\/person\/d63837fa13ac8666eb9e74e0985d6f81\"},\"headline\":\"MEC cumpre miss\u00e3o em Portugal e debate regulamenta\u00e7\u00e3o do ensino superior no Brasil\",\"datePublished\":\"2022-10-18T13:55:03+00:00\",\"dateModified\":\"2022-10-18T13:55:05+00:00\",\"mainEntityOfPage\":{\"@id\":\"https:\/\/jornalfatosenoticias.com.br\/index.php\/2022\/10\/18\/mec-cumpre-missao-em-portugal-e-debate-regulamentacao-do-ensino-superior-no-brasil\/\"},\"wordCount\":608,\"commentCount\":0,\"publisher\":{\"@id\":\"https:\/\/jornalfatosenoticias.com.br\/#organization\"},\"image\":{\"@id\":\"https:\/\/jornalfatosenoticias.com.br\/index.php\/2022\/10\/18\/mec-cumpre-missao-em-portugal-e-debate-regulamentacao-do-ensino-superior-no-brasil\/#primaryimage\"},\"thumbnailUrl\":\"https:\/\/jornalfatosenoticias.com.br\/wp-content\/uploads\/2022\/10\/missao-em-portugal_mec.jpeg\",\"keywords\":[\"Brasil\",\"Comitiva brasileira\",\"ensino superior\",\"MEC\",\"Portugal\",\"troca de experi\u00eancias\"],\"articleSection\":[\"Educa\u00e7\u00e3o\"],\"inLanguage\":\"pt-BR\",\"potentialAction\":[{\"@type\":\"CommentAction\",\"name\":\"Comment\",\"target\":[\"https:\/\/jornalfatosenoticias.com.br\/index.php\/2022\/10\/18\/mec-cumpre-missao-em-portugal-e-debate-regulamentacao-do-ensino-superior-no-brasil\/#respond\"]}]},{\"@type\":\"WebPage\",\"@id\":\"https:\/\/jornalfatosenoticias.com.br\/index.php\/2022\/10\/18\/mec-cumpre-missao-em-portugal-e-debate-regulamentacao-do-ensino-superior-no-brasil\/\",\"url\":\"https:\/\/jornalfatosenoticias.com.br\/index.php\/2022\/10\/18\/mec-cumpre-missao-em-portugal-e-debate-regulamentacao-do-ensino-superior-no-brasil\/\",\"name\":\"MEC cumpre miss\u00e3o em Portugal e debate regulamenta\u00e7\u00e3o do ensino superior no Brasil - Jornal Fatos e Not\u00edcias\",\"isPartOf\":{\"@id\":\"https:\/\/jornalfatosenoticias.com.br\/#website\"},\"primaryImageOfPage\":{\"@id\":\"https:\/\/jornalfatosenoticias.com.br\/index.php\/2022\/10\/18\/mec-cumpre-missao-em-portugal-e-debate-regulamentacao-do-ensino-superior-no-brasil\/#primaryimage\"},\"image\":{\"@id\":\"https:\/\/jornalfatosenoticias.com.br\/index.php\/2022\/10\/18\/mec-cumpre-missao-em-portugal-e-debate-regulamentacao-do-ensino-superior-no-brasil\/#primaryimage\"},\"thumbnailUrl\":\"https:\/\/jornalfatosenoticias.com.br\/wp-content\/uploads\/2022\/10\/missao-em-portugal_mec.jpeg\",\"datePublished\":\"2022-10-18T13:55:03+00:00\",\"dateModified\":\"2022-10-18T13:55:05+00:00\",\"breadcrumb\":{\"@id\":\"https:\/\/jornalfatosenoticias.com.br\/index.php\/2022\/10\/18\/mec-cumpre-missao-em-portugal-e-debate-regulamentacao-do-ensino-superior-no-brasil\/#breadcrumb\"},\"inLanguage\":\"pt-BR\",\"potentialAction\":[{\"@type\":\"ReadAction\",\"target\":[\"https:\/\/jornalfatosenoticias.com.br\/index.php\/2022\/10\/18\/mec-cumpre-missao-em-portugal-e-debate-regulamentacao-do-ensino-superior-no-brasil\/\"]}]},{\"@type\":\"ImageObject\",\"inLanguage\":\"pt-BR\",\"@id\":\"https:\/\/jornalfatosenoticias.com.br\/index.php\/2022\/10\/18\/mec-cumpre-missao-em-portugal-e-debate-regulamentacao-do-ensino-superior-no-brasil\/#primaryimage\",\"url\":\"https:\/\/jornalfatosenoticias.com.br\/wp-content\/uploads\/2022\/10\/missao-em-portugal_mec.jpeg\",\"contentUrl\":\"https:\/\/jornalfatosenoticias.com.br\/wp-content\/uploads\/2022\/10\/missao-em-portugal_mec.jpeg\",\"width\":1000,\"height\":704},{\"@type\":\"BreadcrumbList\",\"@id\":\"https:\/\/jornalfatosenoticias.com.br\/index.php\/2022\/10\/18\/mec-cumpre-missao-em-portugal-e-debate-regulamentacao-do-ensino-superior-no-brasil\/#breadcrumb\",\"itemListElement\":[{\"@type\":\"ListItem\",\"position\":1,\"name\":\"In\u00edcio\",\"item\":\"https:\/\/jornalfatosenoticias.com.br\/\"},{\"@type\":\"ListItem\",\"position\":2,\"name\":\"MEC cumpre miss\u00e3o em Portugal e debate regulamenta\u00e7\u00e3o do ensino superior no Brasil\"}]},{\"@type\":\"WebSite\",\"@id\":\"https:\/\/jornalfatosenoticias.com.br\/#website\",\"url\":\"https:\/\/jornalfatosenoticias.com.br\/\",\"name\":\"Jornal Fatos e Not\u00edcias\",\"description\":\"Not\u00edcias em geral\",\"publisher\":{\"@id\":\"https:\/\/jornalfatosenoticias.com.br\/#organization\"},\"potentialAction\":[{\"@type\":\"SearchAction\",\"target\":{\"@type\":\"EntryPoint\",\"urlTemplate\":\"https:\/\/jornalfatosenoticias.com.br\/?s={search_term_string}\"},\"query-input\":{\"@type\":\"PropertyValueSpecification\",\"valueRequired\":true,\"valueName\":\"search_term_string\"}}],\"inLanguage\":\"pt-BR\"},{\"@type\":\"Organization\",\"@id\":\"https:\/\/jornalfatosenoticias.com.br\/#organization\",\"name\":\"Jornal Fatos e Not\u00edcias\",\"url\":\"https:\/\/jornalfatosenoticias.com.br\/\",\"logo\":{\"@type\":\"ImageObject\",\"inLanguage\":\"pt-BR\",\"@id\":\"https:\/\/jornalfatosenoticias.com.br\/#\/schema\/logo\/image\/\",\"url\":\"https:\/\/jornalfatosenoticias.com.br\/wp-content\/uploads\/2020\/02\/logo120.png\",\"contentUrl\":\"https:\/\/jornalfatosenoticias.com.br\/wp-content\/uploads\/2020\/02\/logo120.png\",\"width\":1227,\"height\":120,\"caption\":\"Jornal Fatos e Not\u00edcias\"},\"image\":{\"@id\":\"https:\/\/jornalfatosenoticias.com.br\/#\/schema\/logo\/image\/\"}},{\"@type\":\"Person\",\"@id\":\"https:\/\/jornalfatosenoticias.com.br\/#\/schema\/person\/d63837fa13ac8666eb9e74e0985d6f81\",\"name\":\"Luzimara Fernandes\",\"image\":{\"@type\":\"ImageObject\",\"inLanguage\":\"pt-BR\",\"@id\":\"https:\/\/jornalfatosenoticias.com.br\/#\/schema\/person\/image\/\",\"url\":\"https:\/\/jornalfatosenoticias.com.br\/wp-content\/uploads\/2025\/05\/EU_portal.jpg\",\"contentUrl\":\"https:\/\/jornalfatosenoticias.com.br\/wp-content\/uploads\/2025\/05\/EU_portal.jpg\",\"caption\":\"Luzimara Fernandes\"},\"description\":\"Jornalista MTB 2358-ES\",\"sameAs\":[\"https:\/\/jornalfatosenoticias.com.br\"],\"url\":\"https:\/\/jornalfatosenoticias.com.br\/index.php\/author\/luzimara\/\"}]}<\/script>\n<!-- \/ Yoast SEO plugin. -->","yoast_head_json":{"title":"MEC cumpre miss\u00e3o em Portugal e debate regulamenta\u00e7\u00e3o do ensino superior no Brasil - Jornal Fatos e Not\u00edcias","robots":{"index":"index","follow":"follow","max-snippet":"max-snippet:-1","max-image-preview":"max-image-preview:large","max-video-preview":"max-video-preview:-1"},"canonical":"https:\/\/jornalfatosenoticias.com.br\/index.php\/2022\/10\/18\/mec-cumpre-missao-em-portugal-e-debate-regulamentacao-do-ensino-superior-no-brasil\/","og_locale":"pt_BR","og_type":"article","og_title":"MEC cumpre miss\u00e3o em Portugal e debate regulamenta\u00e7\u00e3o do ensino superior no Brasil - Jornal Fatos e Not\u00edcias","og_description":"Comitiva brasileira se reuniu com autoridades do pa\u00eds europeu para troca de experi\u00eancias e apresenta\u00e7\u00e3o de a\u00e7\u00f5es desenvolvidas pela Pasta O governo brasileiro est\u00e1 realizando uma s\u00e9rie de iniciativas voltadas para a educa\u00e7\u00e3o superior no Pa\u00eds, com vistas a desenvolver novas regulamenta\u00e7\u00f5es para esse n\u00edvel de forma\u00e7\u00e3o e incorporar as melhores pr\u00e1ticas internacionais no arcabou\u00e7o [&hellip;]","og_url":"https:\/\/jornalfatosenoticias.com.br\/index.php\/2022\/10\/18\/mec-cumpre-missao-em-portugal-e-debate-regulamentacao-do-ensino-superior-no-brasil\/","og_site_name":"Jornal Fatos e Not\u00edcias","article_published_time":"2022-10-18T13:55:03+00:00","article_modified_time":"2022-10-18T13:55:05+00:00","og_image":[{"width":1000,"height":704,"url":"https:\/\/jornalfatosenoticias.com.br\/wp-content\/uploads\/2022\/10\/missao-em-portugal_mec.jpeg","type":"image\/jpeg"}],"author":"Luzimara Fernandes","twitter_card":"summary_large_image","twitter_misc":{"Escrito por":"Luzimara Fernandes","Est. tempo de leitura":"3 minutos"},"schema":{"@context":"https:\/\/schema.org","@graph":[{"@type":"Article","@id":"https:\/\/jornalfatosenoticias.com.br\/index.php\/2022\/10\/18\/mec-cumpre-missao-em-portugal-e-debate-regulamentacao-do-ensino-superior-no-brasil\/#article","isPartOf":{"@id":"https:\/\/jornalfatosenoticias.com.br\/index.php\/2022\/10\/18\/mec-cumpre-missao-em-portugal-e-debate-regulamentacao-do-ensino-superior-no-brasil\/"},"author":{"name":"Luzimara Fernandes","@id":"https:\/\/jornalfatosenoticias.com.br\/#\/schema\/person\/d63837fa13ac8666eb9e74e0985d6f81"},"headline":"MEC cumpre miss\u00e3o em Portugal e debate regulamenta\u00e7\u00e3o do ensino superior no Brasil","datePublished":"2022-10-18T13:55:03+00:00","dateModified":"2022-10-18T13:55:05+00:00","mainEntityOfPage":{"@id":"https:\/\/jornalfatosenoticias.com.br\/index.php\/2022\/10\/18\/mec-cumpre-missao-em-portugal-e-debate-regulamentacao-do-ensino-superior-no-brasil\/"},"wordCount":608,"commentCount":0,"publisher":{"@id":"https:\/\/jornalfatosenoticias.com.br\/#organization"},"image":{"@id":"https:\/\/jornalfatosenoticias.com.br\/index.php\/2022\/10\/18\/mec-cumpre-missao-em-portugal-e-debate-regulamentacao-do-ensino-superior-no-brasil\/#primaryimage"},"thumbnailUrl":"https:\/\/jornalfatosenoticias.com.br\/wp-content\/uploads\/2022\/10\/missao-em-portugal_mec.jpeg","keywords":["Brasil","Comitiva brasileira","ensino superior","MEC","Portugal","troca de experi\u00eancias"],"articleSection":["Educa\u00e7\u00e3o"],"inLanguage":"pt-BR","potentialAction":[{"@type":"CommentAction","name":"Comment","target":["https:\/\/jornalfatosenoticias.com.br\/index.php\/2022\/10\/18\/mec-cumpre-missao-em-portugal-e-debate-regulamentacao-do-ensino-superior-no-brasil\/#respond"]}]},{"@type":"WebPage","@id":"https:\/\/jornalfatosenoticias.com.br\/index.php\/2022\/10\/18\/mec-cumpre-missao-em-portugal-e-debate-regulamentacao-do-ensino-superior-no-brasil\/","url":"https:\/\/jornalfatosenoticias.com.br\/index.php\/2022\/10\/18\/mec-cumpre-missao-em-portugal-e-debate-regulamentacao-do-ensino-superior-no-brasil\/","name":"MEC cumpre miss\u00e3o em Portugal e debate regulamenta\u00e7\u00e3o do ensino superior no Brasil - Jornal Fatos e Not\u00edcias","isPartOf":{"@id":"https:\/\/jornalfatosenoticias.com.br\/#website"},"primaryImageOfPage":{"@id":"https:\/\/jornalfatosenoticias.com.br\/index.php\/2022\/10\/18\/mec-cumpre-missao-em-portugal-e-debate-regulamentacao-do-ensino-superior-no-brasil\/#primaryimage"},"image":{"@id":"https:\/\/jornalfatosenoticias.com.br\/index.php\/2022\/10\/18\/mec-cumpre-missao-em-portugal-e-debate-regulamentacao-do-ensino-superior-no-brasil\/#primaryimage"},"thumbnailUrl":"https:\/\/jornalfatosenoticias.com.br\/wp-content\/uploads\/2022\/10\/missao-em-portugal_mec.jpeg","datePublished":"2022-10-18T13:55:03+00:00","dateModified":"2022-10-18T13:55:05+00:00","breadcrumb":{"@id":"https:\/\/jornalfatosenoticias.com.br\/index.php\/2022\/10\/18\/mec-cumpre-missao-em-portugal-e-debate-regulamentacao-do-ensino-superior-no-brasil\/#breadcrumb"},"inLanguage":"pt-BR","potentialAction":[{"@type":"ReadAction","target":["https:\/\/jornalfatosenoticias.com.br\/index.php\/2022\/10\/18\/mec-cumpre-missao-em-portugal-e-debate-regulamentacao-do-ensino-superior-no-brasil\/"]}]},{"@type":"ImageObject","inLanguage":"pt-BR","@id":"https:\/\/jornalfatosenoticias.com.br\/index.php\/2022\/10\/18\/mec-cumpre-missao-em-portugal-e-debate-regulamentacao-do-ensino-superior-no-brasil\/#primaryimage","url":"https:\/\/jornalfatosenoticias.com.br\/wp-content\/uploads\/2022\/10\/missao-em-portugal_mec.jpeg","contentUrl":"https:\/\/jornalfatosenoticias.com.br\/wp-content\/uploads\/2022\/10\/missao-em-portugal_mec.jpeg","width":1000,"height":704},{"@type":"BreadcrumbList","@id":"https:\/\/jornalfatosenoticias.com.br\/index.php\/2022\/10\/18\/mec-cumpre-missao-em-portugal-e-debate-regulamentacao-do-ensino-superior-no-brasil\/#breadcrumb","itemListElement":[{"@type":"ListItem","position":1,"name":"In\u00edcio","item":"https:\/\/jornalfatosenoticias.com.br\/"},{"@type":"ListItem","position":2,"name":"MEC cumpre miss\u00e3o em Portugal e debate regulamenta\u00e7\u00e3o do ensino superior no Brasil"}]},{"@type":"WebSite","@id":"https:\/\/jornalfatosenoticias.com.br\/#website","url":"https:\/\/jornalfatosenoticias.com.br\/","name":"Jornal Fatos e Not\u00edcias","description":"Not\u00edcias em geral","publisher":{"@id":"https:\/\/jornalfatosenoticias.com.br\/#organization"},"potentialAction":[{"@type":"SearchAction","target":{"@type":"EntryPoint","urlTemplate":"https:\/\/jornalfatosenoticias.com.br\/?s={search_term_string}"},"query-input":{"@type":"PropertyValueSpecification","valueRequired":true,"valueName":"search_term_string"}}],"inLanguage":"pt-BR"},{"@type":"Organization","@id":"https:\/\/jornalfatosenoticias.com.br\/#organization","name":"Jornal Fatos e Not\u00edcias","url":"https:\/\/jornalfatosenoticias.com.br\/","logo":{"@type":"ImageObject","inLanguage":"pt-BR","@id":"https:\/\/jornalfatosenoticias.com.br\/#\/schema\/logo\/image\/","url":"https:\/\/jornalfatosenoticias.com.br\/wp-content\/uploads\/2020\/02\/logo120.png","contentUrl":"https:\/\/jornalfatosenoticias.com.br\/wp-content\/uploads\/2020\/02\/logo120.png","width":1227,"height":120,"caption":"Jornal Fatos e Not\u00edcias"},"image":{"@id":"https:\/\/jornalfatosenoticias.com.br\/#\/schema\/logo\/image\/"}},{"@type":"Person","@id":"https:\/\/jornalfatosenoticias.com.br\/#\/schema\/person\/d63837fa13ac8666eb9e74e0985d6f81","name":"Luzimara Fernandes","image":{"@type":"ImageObject","inLanguage":"pt-BR","@id":"https:\/\/jornalfatosenoticias.com.br\/#\/schema\/person\/image\/","url":"https:\/\/jornalfatosenoticias.com.br\/wp-content\/uploads\/2025\/05\/EU_portal.jpg","contentUrl":"https:\/\/jornalfatosenoticias.com.br\/wp-content\/uploads\/2025\/05\/EU_portal.jpg","caption":"Luzimara Fernandes"},"description":"Jornalista MTB 2358-ES","sameAs":["https:\/\/jornalfatosenoticias.com.br"],"url":"https:\/\/jornalfatosenoticias.com.br\/index.php\/author\/luzimara\/"}]}},"cc_featured_image_caption":{"caption_text":"(Foto: Ascom MEC) ","source_text":"","source_url":""},"jetpack_featured_media_url":"https:\/\/jornalfatosenoticias.com.br\/wp-content\/uploads\/2022\/10\/missao-em-portugal_mec.jpeg","_links":{"self":[{"href":"https:\/\/jornalfatosenoticias.com.br\/index.php\/wp-json\/wp\/v2\/posts\/35255","targetHints":{"allow":["GET"]}}],"collection":[{"href":"https:\/\/jornalfatosenoticias.com.br\/index.php\/wp-json\/wp\/v2\/posts"}],"about":[{"href":"https:\/\/jornalfatosenoticias.com.br\/index.php\/wp-json\/wp\/v2\/types\/post"}],"author":[{"embeddable":true,"href":"https:\/\/jornalfatosenoticias.com.br\/index.php\/wp-json\/wp\/v2\/users\/2"}],"replies":[{"embeddable":true,"href":"https:\/\/jornalfatosenoticias.com.br\/index.php\/wp-json\/wp\/v2\/comments?post=35255"}],"version-history":[{"count":0,"href":"https:\/\/jornalfatosenoticias.com.br\/index.php\/wp-json\/wp\/v2\/posts\/35255\/revisions"}],"wp:featuredmedia":[{"embeddable":true,"href":"https:\/\/jornalfatosenoticias.com.br\/index.php\/wp-json\/wp\/v2\/media\/35256"}],"wp:attachment":[{"href":"https:\/\/jornalfatosenoticias.com.br\/index.php\/wp-json\/wp\/v2\/media?parent=35255"}],"wp:term":[{"taxonomy":"category","embeddable":true,"href":"https:\/\/jornalfatosenoticias.com.br\/index.php\/wp-json\/wp\/v2\/categories?post=35255"},{"taxonomy":"post_tag","embeddable":true,"href":"https:\/\/jornalfatosenoticias.com.br\/index.php\/wp-json\/wp\/v2\/tags?post=35255"}],"curies":[{"name":"wp","href":"https:\/\/api.w.org\/{rel}","templated":true}]}}