{"id":35292,"date":"2022-10-18T14:04:48","date_gmt":"2022-10-18T17:04:48","guid":{"rendered":"https:\/\/jornalfatosenoticias.com.br\/?p=35292"},"modified":"2022-10-18T14:04:49","modified_gmt":"2022-10-18T17:04:49","slug":"programa-tempo-de-aprender-atua-como-importante-aliado-do-professor-alfabetizador-em-sala-de-aula","status":"publish","type":"post","link":"https:\/\/jornalfatosenoticias.com.br\/index.php\/2022\/10\/18\/programa-tempo-de-aprender-atua-como-importante-aliado-do-professor-alfabetizador-em-sala-de-aula\/","title":{"rendered":"Programa Tempo de Aprender atua como importante aliado do professor alfabetizador em sala de aula"},"content":{"rendered":"\n<p><em><span class=\"has-inline-color has-black-color\">Docente de Minas Gerais conseguiu alfabetizar 80% da turma ap\u00f3s colocar em pr\u00e1tica metodologia de ensino<\/span><\/em><\/p>\n\n\n\n<div class=\"wp-block-image\"><figure class=\"aligncenter size-large\"><img loading=\"lazy\" decoding=\"async\" width=\"1024\" height=\"100\" src=\"https:\/\/jornalfatosenoticias.com.br\/wp-content\/uploads\/2022\/05\/NOVA-LOGO-CESCONETTO-1024x100.jpg\" alt=\"\" class=\"wp-image-30792\" srcset=\"https:\/\/jornalfatosenoticias.com.br\/wp-content\/uploads\/2022\/05\/NOVA-LOGO-CESCONETTO-1024x100.jpg 1024w, https:\/\/jornalfatosenoticias.com.br\/wp-content\/uploads\/2022\/05\/NOVA-LOGO-CESCONETTO-300x29.jpg 300w, https:\/\/jornalfatosenoticias.com.br\/wp-content\/uploads\/2022\/05\/NOVA-LOGO-CESCONETTO-768x75.jpg 768w, https:\/\/jornalfatosenoticias.com.br\/wp-content\/uploads\/2022\/05\/NOVA-LOGO-CESCONETTO.jpg 1280w\" sizes=\"auto, (max-width: 1024px) 100vw, 1024px\" \/><\/figure><\/div>\n\n\n\n<p>O dia 15 de outubro, data em que o professor \u00e9 celebrado, refor\u00e7a a import\u00e2ncia desses profissionais conhecidos pelo seu cuidado, dedica\u00e7\u00e3o e amor ao of\u00edcio em sala de aula. A alfabetiza\u00e7\u00e3o, uma das etapas mais desafiadoras na vida escolar da crian\u00e7a, se estabeleceu como a principal \u00e1rea de atua\u00e7\u00e3o da professora Anael Filgueiras. Neste ano, ap\u00f3s colocar em pr\u00e1tica as forma\u00e7\u00f5es oferecidas pelo Minist\u00e9rio da Educa\u00e7\u00e3o (MEC), ela alcan\u00e7ou o surpreendente resultado de alfabetizar 80% da sua turma no tempo recorde de quatro meses.<\/p>\n\n\n\n<div class=\"wp-block-image\"><figure class=\"aligncenter size-large is-resized\"><img loading=\"lazy\" decoding=\"async\" src=\"https:\/\/jornalfatosenoticias.com.br\/wp-content\/uploads\/2020\/02\/logo-clinica-limoeiro.jpg\" alt=\"\" class=\"wp-image-34610\" width=\"292\" height=\"207\"\/><\/figure><\/div>\n\n\n\n<p>Com 25 anos de experi\u00eancia nesse campo, sendo os \u00faltimos dez como docente na Escola Municipal Professora Rute Br\u00e1z, em Capim Branco, munic\u00edpio de Minas Gerais, ela reformulou seus planos de aula utilizando o Sistema On-line de Recursos para Alfabetiza\u00e7\u00e3o (Sora) e os conte\u00fados disponibilizados na Plataforma Avamec \u2014 Ambiente de Aprendizagem Virtual do MEC. O desafio diante da Professora Anael era intenso j\u00e1 que combateria a defasagem escolar dos anos anteriores aprofundada pela pandemia de covid-19.<\/p>\n\n\n\n<div class=\"wp-block-image\"><figure class=\"aligncenter size-large is-resized\"><img loading=\"lazy\" decoding=\"async\" src=\"https:\/\/jornalfatosenoticias.com.br\/wp-content\/uploads\/2022\/08\/logo-locau-veiculos-1024x573.png\" alt=\"\" class=\"wp-image-33078\" width=\"321\" height=\"179\"\/><\/figure><\/div>\n\n\n\n<figure class=\"wp-block-pullquote\"><blockquote><p><span class=\"has-inline-color has-luminous-vivid-orange-color\">Eu sempre alfabetizei meus alunos e achava que estava tudo certo, n\u00e3o imaginava que existissem solu\u00e7\u00f5es mais interessantes que as que eu j\u00e1 usava. Comecei a fazer os cursos e me encantei, porque as crian\u00e7as sofreriam muito menos para aprender, com muito mais facilidade para reconhecer letras, sons, construir frases. De uma facilidade incr\u00edvel. Eu tenho experi\u00eancia hoje para provar que o programa vale a pena. Quando eles come\u00e7am a ler, gritam de alegria, ficam euf\u00f3ricos\u201d, detalha a professora.<\/span><\/p><\/blockquote><\/figure>\n\n\n\n<div class=\"wp-block-image\"><figure class=\"aligncenter size-large\"><img loading=\"lazy\" decoding=\"async\" width=\"1024\" height=\"103\" src=\"https:\/\/jornalfatosenoticias.com.br\/wp-content\/uploads\/2022\/02\/Arte-Autoescola-Galatas_endereco_portal-1024x103.png\" alt=\"\" class=\"wp-image-27869\" srcset=\"https:\/\/jornalfatosenoticias.com.br\/wp-content\/uploads\/2022\/02\/Arte-Autoescola-Galatas_endereco_portal-1024x103.png 1024w, https:\/\/jornalfatosenoticias.com.br\/wp-content\/uploads\/2022\/02\/Arte-Autoescola-Galatas_endereco_portal-300x30.png 300w, https:\/\/jornalfatosenoticias.com.br\/wp-content\/uploads\/2022\/02\/Arte-Autoescola-Galatas_endereco_portal-768x77.png 768w, https:\/\/jornalfatosenoticias.com.br\/wp-content\/uploads\/2022\/02\/Arte-Autoescola-Galatas_endereco_portal.png 1223w\" sizes=\"auto, (max-width: 1024px) 100vw, 1024px\" \/><\/figure><\/div>\n\n\n\n<p>A turma de 23 crian\u00e7as, ministrada pela educadora, entrou em contato pela primeira vez, em fevereiro deste ano, com os materiais e recursos pedag\u00f3gicos disponibilizados pelo Programa Tempo de Aprender, da Secretaria de Alfabetiza\u00e7\u00e3o (Sealf) do MEC, que contempla todas as a\u00e7\u00f5es cujo objetivo \u00e9 alfabetizar com qualidade os estudantes brasileiros. Outro exemplo \u00e9 o GraphoGame, aplicativo gratuito, que auxilia os estudantes a aprenderem a ler e escrever as primeiras letras, s\u00edlabas e palavras, com sons e instru\u00e7\u00f5es em portugu\u00eas do Brasil.<\/p>\n\n\n\n<div class=\"wp-block-image\"><figure class=\"aligncenter size-large\"><img loading=\"lazy\" decoding=\"async\" width=\"1024\" height=\"110\" src=\"https:\/\/jornalfatosenoticias.com.br\/wp-content\/uploads\/2022\/10\/Arte-jornal-Zucchi-1120x120_Prancheta-1-1024x110.jpg\" alt=\"\" class=\"wp-image-34772\" srcset=\"https:\/\/jornalfatosenoticias.com.br\/wp-content\/uploads\/2022\/10\/Arte-jornal-Zucchi-1120x120_Prancheta-1-1024x110.jpg 1024w, https:\/\/jornalfatosenoticias.com.br\/wp-content\/uploads\/2022\/10\/Arte-jornal-Zucchi-1120x120_Prancheta-1-300x32.jpg 300w, https:\/\/jornalfatosenoticias.com.br\/wp-content\/uploads\/2022\/10\/Arte-jornal-Zucchi-1120x120_Prancheta-1-768x82.jpg 768w, https:\/\/jornalfatosenoticias.com.br\/wp-content\/uploads\/2022\/10\/Arte-jornal-Zucchi-1120x120_Prancheta-1-1536x165.jpg 1536w, https:\/\/jornalfatosenoticias.com.br\/wp-content\/uploads\/2022\/10\/Arte-jornal-Zucchi-1120x120_Prancheta-1-2048x219.jpg 2048w\" sizes=\"auto, (max-width: 1024px) 100vw, 1024px\" \/><\/figure><\/div>\n\n\n\n<figure class=\"wp-block-image size-large\"><img loading=\"lazy\" decoding=\"async\" width=\"1000\" height=\"841\" src=\"https:\/\/jornalfatosenoticias.com.br\/wp-content\/uploads\/2022\/10\/tempo-de-aprender2.jpeg\" alt=\"\" class=\"wp-image-35293\" srcset=\"https:\/\/jornalfatosenoticias.com.br\/wp-content\/uploads\/2022\/10\/tempo-de-aprender2.jpeg 1000w, https:\/\/jornalfatosenoticias.com.br\/wp-content\/uploads\/2022\/10\/tempo-de-aprender2-300x252.jpeg 300w, https:\/\/jornalfatosenoticias.com.br\/wp-content\/uploads\/2022\/10\/tempo-de-aprender2-768x646.jpeg 768w\" sizes=\"auto, (max-width: 1000px) 100vw, 1000px\" \/><figcaption><em><span class=\"has-inline-color has-black-color\">Docente de Minas Gerais conseguiu alfabetizar 80% da turma ap\u00f3s colocar em pr\u00e1tica metodologia de ensino (Foto: Ascom MEC)<\/span><\/em><\/figcaption><\/figure>\n\n\n\n<div class=\"wp-block-image\"><figure class=\"aligncenter size-large is-resized\"><img loading=\"lazy\" decoding=\"async\" src=\"https:\/\/jornalfatosenoticias.com.br\/wp-content\/uploads\/2022\/02\/Precisao-Contabilidade-1024x724.jpg\" alt=\"\" class=\"wp-image-28088\" width=\"304\" height=\"214\"\/><\/figure><\/div>\n\n\n\n<p>A ferramenta passou a ser utilizada diariamente ao final das aulas na classe de Anael, uma maneira de encerrar as atividades do dia de maneira mais leve e sem deixar o conte\u00fado de lado. <\/p>\n\n\n\n<div class=\"wp-block-image\"><figure class=\"aligncenter size-large\"><img loading=\"lazy\" decoding=\"async\" width=\"1024\" height=\"109\" src=\"https:\/\/jornalfatosenoticias.com.br\/wp-content\/uploads\/2020\/02\/Propaganda-RC-Radiadores-Jornal_page-0001-1024x109.jpg\" alt=\"\" class=\"wp-image-35278\" srcset=\"https:\/\/jornalfatosenoticias.com.br\/wp-content\/uploads\/2020\/02\/Propaganda-RC-Radiadores-Jornal_page-0001-1024x109.jpg 1024w, https:\/\/jornalfatosenoticias.com.br\/wp-content\/uploads\/2020\/02\/Propaganda-RC-Radiadores-Jornal_page-0001-300x32.jpg 300w, https:\/\/jornalfatosenoticias.com.br\/wp-content\/uploads\/2020\/02\/Propaganda-RC-Radiadores-Jornal_page-0001-768x82.jpg 768w, https:\/\/jornalfatosenoticias.com.br\/wp-content\/uploads\/2020\/02\/Propaganda-RC-Radiadores-Jornal_page-0001.jpg 1220w\" sizes=\"auto, (max-width: 1024px) 100vw, 1024px\" \/><\/figure><\/div>\n\n\n\n<figure class=\"wp-block-pullquote\"><blockquote><p><span class=\"has-inline-color has-luminous-vivid-orange-color\">Eu tenho muito orgulho de falar sobre o Tempo de Aprender porque abriu meus horizontes. Eu obtive muitos resultados positivos e fa\u00e7o quest\u00e3o de compartilhar com outras pessoas. Foram muitas respostas que nos trouxeram seguran\u00e7a e conforto como educadora. A gente fala que por meio do programa, alfabetizamos em at\u00e9 seis meses, mas h\u00e1 alunos na minha sala que foram alfabetizados em menos de dois. Mas \u00e9 um trabalho di\u00e1rio repetitivo com a crian\u00e7a. Se n\u00e3o for todos os dias, n\u00e3o obt\u00e9m resultado\u201d, completa.<\/span><\/p><\/blockquote><\/figure>\n\n\n\n<div class=\"wp-block-image\"><figure class=\"aligncenter size-large\"><img decoding=\"async\" src=\"https:\/\/jornalfatosenoticias.com.br\/wp-content\/uploads\/2020\/02\/barao-das-carnes-300x164-1.jpg\" alt=\"\" class=\"wp-image-34339\"\/><\/figure><\/div>\n\n\n\n<p>Ainda devido \u00e0 pandemia, a classe de Anael combinou estudantes do primeiro per\u00edodo do ensino infantil e do primeiro ano do ensino fundamental. Enquanto os mais novos aprendiam habilidades prim\u00e1rias, importantes para o desenvolvimento em comunidade, os maiores iniciaram o processo de alfabetiza\u00e7\u00e3o. Ao final, apenas as crian\u00e7as faltantes \u00e0s aulas n\u00e3o conseguiram ler e escrever dentro do mesmo per\u00edodo, resultado que impressionou a todos que se dedicaram ao processo.<\/p>\n\n\n\n<div class=\"wp-block-image\"><figure class=\"alignright size-large is-resized\"><img loading=\"lazy\" decoding=\"async\" src=\"https:\/\/jornalfatosenoticias.com.br\/wp-content\/uploads\/2022\/07\/Logo-Grupo-SEI.jpg\" alt=\"\" class=\"wp-image-31973\" width=\"352\" height=\"185\" srcset=\"https:\/\/jornalfatosenoticias.com.br\/wp-content\/uploads\/2022\/07\/Logo-Grupo-SEI.jpg 713w, https:\/\/jornalfatosenoticias.com.br\/wp-content\/uploads\/2022\/07\/Logo-Grupo-SEI-300x158.jpg 300w\" sizes=\"auto, (max-width: 352px) 100vw, 352px\" \/><\/figure><\/div>\n\n\n\n<p>Nat\u00e1lia Mendes, m\u00e3e do estudante Brayan Miguel, faz parte do time de familiares que se surpreendeu com a velocidade do aprendizado. \u201cEu fiquei muito impressionada com a rapidez que ele aprendeu a ler e j\u00e1 escreve algumas coisas. Foi muito r\u00e1pido o aprendizado da leitura e, eu como m\u00e3e e curiosa, perguntei para a professora o que ela tinha feito para ele aprender t\u00e3o r\u00e1pido. Ela me disse que usava o m\u00e9todo do Tempo de Aprender e tinha feito alguns cursos no MEC, quando aprendeu a ensinar os sons das s\u00edlabas pelos sons das letras. Eu fiquei encantada\u201d, avalia.<\/p>\n\n\n\n<div class=\"wp-block-image\"><figure class=\"aligncenter size-large\"><img decoding=\"async\" src=\"https:\/\/jornalfatosenoticias.com.br\/wp-content\/uploads\/2020\/02\/logo-embacia-1-1024x110.jpg\" alt=\"\" class=\"wp-image-33954\"\/><\/figure><\/div>\n\n\n\n<p>Antes de iniciar os estudos com os materiais do MEC, a professora acreditava na linha de pensamento que cada crian\u00e7a aprende no seu pr\u00f3prio tempo. \u201cPor\u00e9m, n\u00e3o \u00e9 verdade. Todas as crian\u00e7as aprendem ao mesmo tempo e da mesma maneira, se for usado o m\u00e9todo certo. M\u00e9todo que ensina a crian\u00e7a no tempo certo. Todas as crian\u00e7as s\u00e3o capazes de aprender juntas, com exce\u00e7\u00e3o de casos especiais ou se n\u00e3o tiver o apoio dos pais em casa\u201d.<\/p>\n\n\n\n<div class=\"wp-block-image\"><figure class=\"aligncenter size-large is-resized\"><img loading=\"lazy\" decoding=\"async\" src=\"https:\/\/jornalfatosenoticias.com.br\/wp-content\/uploads\/2020\/02\/nova-logo-Marquetti.jpg\" alt=\"\" class=\"wp-image-22331\" width=\"292\" height=\"196\" srcset=\"https:\/\/jornalfatosenoticias.com.br\/wp-content\/uploads\/2020\/02\/nova-logo-Marquetti.jpg 643w, https:\/\/jornalfatosenoticias.com.br\/wp-content\/uploads\/2020\/02\/nova-logo-Marquetti-300x202.jpg 300w\" sizes=\"auto, (max-width: 292px) 100vw, 292px\" \/><\/figure><\/div>\n\n\n\n<p>A pequena Paola Gomes Novaes, de oito anos, contou com a importante assist\u00eancia da m\u00e3e no in\u00edcio das aulas on-line, mas queria mesmo era autonomia para entender sozinha aquelas jun\u00e7\u00f5es de letras e s\u00edlabas. \u201cEu n\u00e3o gostava muito de participar das aulas on-line, porque eu n\u00e3o sabia ler. Agora, sempre que tem alguma atividade l\u00e1 na sala e a professora pergunta quem quer ler, eu falo que quero. Eu sa\u00ed do meu casulo e virei uma borboleta linda e a professora Anael me ajudou muito\u201d.<\/p>\n\n\n\n<div class=\"wp-block-image\"><figure class=\"aligncenter size-large\"><img loading=\"lazy\" decoding=\"async\" width=\"1024\" height=\"100\" src=\"https:\/\/jornalfatosenoticias.com.br\/wp-content\/uploads\/2020\/02\/banner_ferramentas-1024x100.jpg\" alt=\"\" class=\"wp-image-1258\" srcset=\"https:\/\/jornalfatosenoticias.com.br\/wp-content\/uploads\/2020\/02\/banner_ferramentas-1024x100.jpg 1024w, https:\/\/jornalfatosenoticias.com.br\/wp-content\/uploads\/2020\/02\/banner_ferramentas-300x29.jpg 300w, https:\/\/jornalfatosenoticias.com.br\/wp-content\/uploads\/2020\/02\/banner_ferramentas-768x75.jpg 768w, https:\/\/jornalfatosenoticias.com.br\/wp-content\/uploads\/2020\/02\/banner_ferramentas.jpg 1227w\" sizes=\"auto, (max-width: 1024px) 100vw, 1024px\" \/><\/figure><\/div>\n\n\n\n<p><strong><em>Fonte: <a href=\"https:\/\/www.gov.br\/mec\/pt-br\/assuntos\/noticias\/programa-tempo-de-aprender-atua-como-importante-aliado-do-professor-alfabetizador-em-sala-de-aula\">MEC<\/a><\/em><\/strong><\/p>\n","protected":false},"excerpt":{"rendered":"<p>Docente de Minas Gerais conseguiu alfabetizar 80% da turma ap\u00f3s colocar em pr\u00e1tica metodologia de ensino O dia 15 de outubro, data em que o professor \u00e9 celebrado, refor\u00e7a a import\u00e2ncia desses profissionais conhecidos pelo seu cuidado, dedica\u00e7\u00e3o e amor ao of\u00edcio em sala de aula. A alfabetiza\u00e7\u00e3o, uma das etapas mais desafiadoras na vida [&hellip;]<\/p>\n","protected":false},"author":2,"featured_media":35294,"comment_status":"open","ping_status":"open","sticky":false,"template":"","format":"standard","meta":{"footnotes":""},"categories":[7],"tags":[4841,4592,1924,16557,16556,7326],"class_list":["post-35292","post","type-post","status-publish","format-standard","has-post-thumbnail","hentry","category-educacao","tag-alfabetizar","tag-metodologia-de-ensino","tag-minas-gerais","tag-professor-alfabetizador","tag-programa-tempo-de-aprender","tag-sala-de-aula"],"yoast_head":"<!-- This site is optimized with the Yoast SEO plugin v26.5 - https:\/\/yoast.com\/wordpress\/plugins\/seo\/ -->\n<title>Programa Tempo de Aprender atua como importante aliado do professor alfabetizador em sala de aula - Jornal Fatos e Not\u00edcias<\/title>\n<meta name=\"robots\" content=\"index, follow, max-snippet:-1, max-image-preview:large, max-video-preview:-1\" \/>\n<link rel=\"canonical\" href=\"https:\/\/jornalfatosenoticias.com.br\/index.php\/2022\/10\/18\/programa-tempo-de-aprender-atua-como-importante-aliado-do-professor-alfabetizador-em-sala-de-aula\/\" \/>\n<meta property=\"og:locale\" content=\"pt_BR\" \/>\n<meta property=\"og:type\" content=\"article\" \/>\n<meta property=\"og:title\" content=\"Programa Tempo de Aprender atua como importante aliado do professor alfabetizador em sala de aula - Jornal Fatos e Not\u00edcias\" \/>\n<meta property=\"og:description\" content=\"Docente de Minas Gerais conseguiu alfabetizar 80% da turma ap\u00f3s colocar em pr\u00e1tica metodologia de ensino O dia 15 de outubro, data em que o professor \u00e9 celebrado, refor\u00e7a a import\u00e2ncia desses profissionais conhecidos pelo seu cuidado, dedica\u00e7\u00e3o e amor ao of\u00edcio em sala de aula. A alfabetiza\u00e7\u00e3o, uma das etapas mais desafiadoras na vida [&hellip;]\" \/>\n<meta property=\"og:url\" content=\"https:\/\/jornalfatosenoticias.com.br\/index.php\/2022\/10\/18\/programa-tempo-de-aprender-atua-como-importante-aliado-do-professor-alfabetizador-em-sala-de-aula\/\" \/>\n<meta property=\"og:site_name\" content=\"Jornal Fatos e Not\u00edcias\" \/>\n<meta property=\"article:published_time\" content=\"2022-10-18T17:04:48+00:00\" \/>\n<meta property=\"article:modified_time\" content=\"2022-10-18T17:04:49+00:00\" \/>\n<meta property=\"og:image\" content=\"https:\/\/jornalfatosenoticias.com.br\/wp-content\/uploads\/2022\/10\/tempo-de-aprender.jpeg\" \/>\n\t<meta property=\"og:image:width\" content=\"1000\" \/>\n\t<meta property=\"og:image:height\" content=\"500\" \/>\n\t<meta property=\"og:image:type\" content=\"image\/jpeg\" \/>\n<meta name=\"author\" content=\"Luzimara Fernandes\" \/>\n<meta name=\"twitter:card\" content=\"summary_large_image\" \/>\n<meta name=\"twitter:label1\" content=\"Escrito por\" \/>\n\t<meta name=\"twitter:data1\" content=\"Luzimara Fernandes\" \/>\n\t<meta name=\"twitter:label2\" content=\"Est. tempo de leitura\" \/>\n\t<meta name=\"twitter:data2\" content=\"4 minutos\" \/>\n<script type=\"application\/ld+json\" class=\"yoast-schema-graph\">{\"@context\":\"https:\/\/schema.org\",\"@graph\":[{\"@type\":\"Article\",\"@id\":\"https:\/\/jornalfatosenoticias.com.br\/index.php\/2022\/10\/18\/programa-tempo-de-aprender-atua-como-importante-aliado-do-professor-alfabetizador-em-sala-de-aula\/#article\",\"isPartOf\":{\"@id\":\"https:\/\/jornalfatosenoticias.com.br\/index.php\/2022\/10\/18\/programa-tempo-de-aprender-atua-como-importante-aliado-do-professor-alfabetizador-em-sala-de-aula\/\"},\"author\":{\"name\":\"Luzimara Fernandes\",\"@id\":\"https:\/\/jornalfatosenoticias.com.br\/#\/schema\/person\/d63837fa13ac8666eb9e74e0985d6f81\"},\"headline\":\"Programa Tempo de Aprender atua como importante aliado do professor alfabetizador em sala de aula\",\"datePublished\":\"2022-10-18T17:04:48+00:00\",\"dateModified\":\"2022-10-18T17:04:49+00:00\",\"mainEntityOfPage\":{\"@id\":\"https:\/\/jornalfatosenoticias.com.br\/index.php\/2022\/10\/18\/programa-tempo-de-aprender-atua-como-importante-aliado-do-professor-alfabetizador-em-sala-de-aula\/\"},\"wordCount\":889,\"commentCount\":0,\"publisher\":{\"@id\":\"https:\/\/jornalfatosenoticias.com.br\/#organization\"},\"image\":{\"@id\":\"https:\/\/jornalfatosenoticias.com.br\/index.php\/2022\/10\/18\/programa-tempo-de-aprender-atua-como-importante-aliado-do-professor-alfabetizador-em-sala-de-aula\/#primaryimage\"},\"thumbnailUrl\":\"https:\/\/jornalfatosenoticias.com.br\/wp-content\/uploads\/2022\/10\/tempo-de-aprender.jpeg\",\"keywords\":[\"alfabetizar\",\"metodologia de ensino\",\"Minas Gerais\",\"professor alfabetizador\",\"Programa Tempo de Aprender\",\"sala de aula\"],\"articleSection\":[\"Educa\u00e7\u00e3o\"],\"inLanguage\":\"pt-BR\",\"potentialAction\":[{\"@type\":\"CommentAction\",\"name\":\"Comment\",\"target\":[\"https:\/\/jornalfatosenoticias.com.br\/index.php\/2022\/10\/18\/programa-tempo-de-aprender-atua-como-importante-aliado-do-professor-alfabetizador-em-sala-de-aula\/#respond\"]}]},{\"@type\":\"WebPage\",\"@id\":\"https:\/\/jornalfatosenoticias.com.br\/index.php\/2022\/10\/18\/programa-tempo-de-aprender-atua-como-importante-aliado-do-professor-alfabetizador-em-sala-de-aula\/\",\"url\":\"https:\/\/jornalfatosenoticias.com.br\/index.php\/2022\/10\/18\/programa-tempo-de-aprender-atua-como-importante-aliado-do-professor-alfabetizador-em-sala-de-aula\/\",\"name\":\"Programa Tempo de Aprender atua como importante aliado do professor alfabetizador em sala de aula - Jornal Fatos e Not\u00edcias\",\"isPartOf\":{\"@id\":\"https:\/\/jornalfatosenoticias.com.br\/#website\"},\"primaryImageOfPage\":{\"@id\":\"https:\/\/jornalfatosenoticias.com.br\/index.php\/2022\/10\/18\/programa-tempo-de-aprender-atua-como-importante-aliado-do-professor-alfabetizador-em-sala-de-aula\/#primaryimage\"},\"image\":{\"@id\":\"https:\/\/jornalfatosenoticias.com.br\/index.php\/2022\/10\/18\/programa-tempo-de-aprender-atua-como-importante-aliado-do-professor-alfabetizador-em-sala-de-aula\/#primaryimage\"},\"thumbnailUrl\":\"https:\/\/jornalfatosenoticias.com.br\/wp-content\/uploads\/2022\/10\/tempo-de-aprender.jpeg\",\"datePublished\":\"2022-10-18T17:04:48+00:00\",\"dateModified\":\"2022-10-18T17:04:49+00:00\",\"breadcrumb\":{\"@id\":\"https:\/\/jornalfatosenoticias.com.br\/index.php\/2022\/10\/18\/programa-tempo-de-aprender-atua-como-importante-aliado-do-professor-alfabetizador-em-sala-de-aula\/#breadcrumb\"},\"inLanguage\":\"pt-BR\",\"potentialAction\":[{\"@type\":\"ReadAction\",\"target\":[\"https:\/\/jornalfatosenoticias.com.br\/index.php\/2022\/10\/18\/programa-tempo-de-aprender-atua-como-importante-aliado-do-professor-alfabetizador-em-sala-de-aula\/\"]}]},{\"@type\":\"ImageObject\",\"inLanguage\":\"pt-BR\",\"@id\":\"https:\/\/jornalfatosenoticias.com.br\/index.php\/2022\/10\/18\/programa-tempo-de-aprender-atua-como-importante-aliado-do-professor-alfabetizador-em-sala-de-aula\/#primaryimage\",\"url\":\"https:\/\/jornalfatosenoticias.com.br\/wp-content\/uploads\/2022\/10\/tempo-de-aprender.jpeg\",\"contentUrl\":\"https:\/\/jornalfatosenoticias.com.br\/wp-content\/uploads\/2022\/10\/tempo-de-aprender.jpeg\",\"width\":1000,\"height\":500},{\"@type\":\"BreadcrumbList\",\"@id\":\"https:\/\/jornalfatosenoticias.com.br\/index.php\/2022\/10\/18\/programa-tempo-de-aprender-atua-como-importante-aliado-do-professor-alfabetizador-em-sala-de-aula\/#breadcrumb\",\"itemListElement\":[{\"@type\":\"ListItem\",\"position\":1,\"name\":\"In\u00edcio\",\"item\":\"https:\/\/jornalfatosenoticias.com.br\/\"},{\"@type\":\"ListItem\",\"position\":2,\"name\":\"Programa Tempo de Aprender atua como importante aliado do professor alfabetizador em sala de aula\"}]},{\"@type\":\"WebSite\",\"@id\":\"https:\/\/jornalfatosenoticias.com.br\/#website\",\"url\":\"https:\/\/jornalfatosenoticias.com.br\/\",\"name\":\"Jornal Fatos e Not\u00edcias\",\"description\":\"Not\u00edcias em geral\",\"publisher\":{\"@id\":\"https:\/\/jornalfatosenoticias.com.br\/#organization\"},\"potentialAction\":[{\"@type\":\"SearchAction\",\"target\":{\"@type\":\"EntryPoint\",\"urlTemplate\":\"https:\/\/jornalfatosenoticias.com.br\/?s={search_term_string}\"},\"query-input\":{\"@type\":\"PropertyValueSpecification\",\"valueRequired\":true,\"valueName\":\"search_term_string\"}}],\"inLanguage\":\"pt-BR\"},{\"@type\":\"Organization\",\"@id\":\"https:\/\/jornalfatosenoticias.com.br\/#organization\",\"name\":\"Jornal Fatos e Not\u00edcias\",\"url\":\"https:\/\/jornalfatosenoticias.com.br\/\",\"logo\":{\"@type\":\"ImageObject\",\"inLanguage\":\"pt-BR\",\"@id\":\"https:\/\/jornalfatosenoticias.com.br\/#\/schema\/logo\/image\/\",\"url\":\"https:\/\/jornalfatosenoticias.com.br\/wp-content\/uploads\/2020\/02\/logo120.png\",\"contentUrl\":\"https:\/\/jornalfatosenoticias.com.br\/wp-content\/uploads\/2020\/02\/logo120.png\",\"width\":1227,\"height\":120,\"caption\":\"Jornal Fatos e Not\u00edcias\"},\"image\":{\"@id\":\"https:\/\/jornalfatosenoticias.com.br\/#\/schema\/logo\/image\/\"}},{\"@type\":\"Person\",\"@id\":\"https:\/\/jornalfatosenoticias.com.br\/#\/schema\/person\/d63837fa13ac8666eb9e74e0985d6f81\",\"name\":\"Luzimara Fernandes\",\"image\":{\"@type\":\"ImageObject\",\"inLanguage\":\"pt-BR\",\"@id\":\"https:\/\/jornalfatosenoticias.com.br\/#\/schema\/person\/image\/\",\"url\":\"https:\/\/jornalfatosenoticias.com.br\/wp-content\/uploads\/2025\/05\/EU_portal.jpg\",\"contentUrl\":\"https:\/\/jornalfatosenoticias.com.br\/wp-content\/uploads\/2025\/05\/EU_portal.jpg\",\"caption\":\"Luzimara Fernandes\"},\"description\":\"Jornalista MTB 2358-ES\",\"sameAs\":[\"https:\/\/jornalfatosenoticias.com.br\"],\"url\":\"https:\/\/jornalfatosenoticias.com.br\/index.php\/author\/luzimara\/\"}]}<\/script>\n<!-- \/ Yoast SEO plugin. -->","yoast_head_json":{"title":"Programa Tempo de Aprender atua como importante aliado do professor alfabetizador em sala de aula - Jornal Fatos e Not\u00edcias","robots":{"index":"index","follow":"follow","max-snippet":"max-snippet:-1","max-image-preview":"max-image-preview:large","max-video-preview":"max-video-preview:-1"},"canonical":"https:\/\/jornalfatosenoticias.com.br\/index.php\/2022\/10\/18\/programa-tempo-de-aprender-atua-como-importante-aliado-do-professor-alfabetizador-em-sala-de-aula\/","og_locale":"pt_BR","og_type":"article","og_title":"Programa Tempo de Aprender atua como importante aliado do professor alfabetizador em sala de aula - Jornal Fatos e Not\u00edcias","og_description":"Docente de Minas Gerais conseguiu alfabetizar 80% da turma ap\u00f3s colocar em pr\u00e1tica metodologia de ensino O dia 15 de outubro, data em que o professor \u00e9 celebrado, refor\u00e7a a import\u00e2ncia desses profissionais conhecidos pelo seu cuidado, dedica\u00e7\u00e3o e amor ao of\u00edcio em sala de aula. A alfabetiza\u00e7\u00e3o, uma das etapas mais desafiadoras na vida [&hellip;]","og_url":"https:\/\/jornalfatosenoticias.com.br\/index.php\/2022\/10\/18\/programa-tempo-de-aprender-atua-como-importante-aliado-do-professor-alfabetizador-em-sala-de-aula\/","og_site_name":"Jornal Fatos e Not\u00edcias","article_published_time":"2022-10-18T17:04:48+00:00","article_modified_time":"2022-10-18T17:04:49+00:00","og_image":[{"width":1000,"height":500,"url":"https:\/\/jornalfatosenoticias.com.br\/wp-content\/uploads\/2022\/10\/tempo-de-aprender.jpeg","type":"image\/jpeg"}],"author":"Luzimara Fernandes","twitter_card":"summary_large_image","twitter_misc":{"Escrito por":"Luzimara Fernandes","Est. tempo de leitura":"4 minutos"},"schema":{"@context":"https:\/\/schema.org","@graph":[{"@type":"Article","@id":"https:\/\/jornalfatosenoticias.com.br\/index.php\/2022\/10\/18\/programa-tempo-de-aprender-atua-como-importante-aliado-do-professor-alfabetizador-em-sala-de-aula\/#article","isPartOf":{"@id":"https:\/\/jornalfatosenoticias.com.br\/index.php\/2022\/10\/18\/programa-tempo-de-aprender-atua-como-importante-aliado-do-professor-alfabetizador-em-sala-de-aula\/"},"author":{"name":"Luzimara Fernandes","@id":"https:\/\/jornalfatosenoticias.com.br\/#\/schema\/person\/d63837fa13ac8666eb9e74e0985d6f81"},"headline":"Programa Tempo de Aprender atua como importante aliado do professor alfabetizador em sala de aula","datePublished":"2022-10-18T17:04:48+00:00","dateModified":"2022-10-18T17:04:49+00:00","mainEntityOfPage":{"@id":"https:\/\/jornalfatosenoticias.com.br\/index.php\/2022\/10\/18\/programa-tempo-de-aprender-atua-como-importante-aliado-do-professor-alfabetizador-em-sala-de-aula\/"},"wordCount":889,"commentCount":0,"publisher":{"@id":"https:\/\/jornalfatosenoticias.com.br\/#organization"},"image":{"@id":"https:\/\/jornalfatosenoticias.com.br\/index.php\/2022\/10\/18\/programa-tempo-de-aprender-atua-como-importante-aliado-do-professor-alfabetizador-em-sala-de-aula\/#primaryimage"},"thumbnailUrl":"https:\/\/jornalfatosenoticias.com.br\/wp-content\/uploads\/2022\/10\/tempo-de-aprender.jpeg","keywords":["alfabetizar","metodologia de ensino","Minas Gerais","professor alfabetizador","Programa Tempo de Aprender","sala de aula"],"articleSection":["Educa\u00e7\u00e3o"],"inLanguage":"pt-BR","potentialAction":[{"@type":"CommentAction","name":"Comment","target":["https:\/\/jornalfatosenoticias.com.br\/index.php\/2022\/10\/18\/programa-tempo-de-aprender-atua-como-importante-aliado-do-professor-alfabetizador-em-sala-de-aula\/#respond"]}]},{"@type":"WebPage","@id":"https:\/\/jornalfatosenoticias.com.br\/index.php\/2022\/10\/18\/programa-tempo-de-aprender-atua-como-importante-aliado-do-professor-alfabetizador-em-sala-de-aula\/","url":"https:\/\/jornalfatosenoticias.com.br\/index.php\/2022\/10\/18\/programa-tempo-de-aprender-atua-como-importante-aliado-do-professor-alfabetizador-em-sala-de-aula\/","name":"Programa Tempo de Aprender atua como importante aliado do professor alfabetizador em sala de aula - Jornal Fatos e Not\u00edcias","isPartOf":{"@id":"https:\/\/jornalfatosenoticias.com.br\/#website"},"primaryImageOfPage":{"@id":"https:\/\/jornalfatosenoticias.com.br\/index.php\/2022\/10\/18\/programa-tempo-de-aprender-atua-como-importante-aliado-do-professor-alfabetizador-em-sala-de-aula\/#primaryimage"},"image":{"@id":"https:\/\/jornalfatosenoticias.com.br\/index.php\/2022\/10\/18\/programa-tempo-de-aprender-atua-como-importante-aliado-do-professor-alfabetizador-em-sala-de-aula\/#primaryimage"},"thumbnailUrl":"https:\/\/jornalfatosenoticias.com.br\/wp-content\/uploads\/2022\/10\/tempo-de-aprender.jpeg","datePublished":"2022-10-18T17:04:48+00:00","dateModified":"2022-10-18T17:04:49+00:00","breadcrumb":{"@id":"https:\/\/jornalfatosenoticias.com.br\/index.php\/2022\/10\/18\/programa-tempo-de-aprender-atua-como-importante-aliado-do-professor-alfabetizador-em-sala-de-aula\/#breadcrumb"},"inLanguage":"pt-BR","potentialAction":[{"@type":"ReadAction","target":["https:\/\/jornalfatosenoticias.com.br\/index.php\/2022\/10\/18\/programa-tempo-de-aprender-atua-como-importante-aliado-do-professor-alfabetizador-em-sala-de-aula\/"]}]},{"@type":"ImageObject","inLanguage":"pt-BR","@id":"https:\/\/jornalfatosenoticias.com.br\/index.php\/2022\/10\/18\/programa-tempo-de-aprender-atua-como-importante-aliado-do-professor-alfabetizador-em-sala-de-aula\/#primaryimage","url":"https:\/\/jornalfatosenoticias.com.br\/wp-content\/uploads\/2022\/10\/tempo-de-aprender.jpeg","contentUrl":"https:\/\/jornalfatosenoticias.com.br\/wp-content\/uploads\/2022\/10\/tempo-de-aprender.jpeg","width":1000,"height":500},{"@type":"BreadcrumbList","@id":"https:\/\/jornalfatosenoticias.com.br\/index.php\/2022\/10\/18\/programa-tempo-de-aprender-atua-como-importante-aliado-do-professor-alfabetizador-em-sala-de-aula\/#breadcrumb","itemListElement":[{"@type":"ListItem","position":1,"name":"In\u00edcio","item":"https:\/\/jornalfatosenoticias.com.br\/"},{"@type":"ListItem","position":2,"name":"Programa Tempo de Aprender atua como importante aliado do professor alfabetizador em sala de aula"}]},{"@type":"WebSite","@id":"https:\/\/jornalfatosenoticias.com.br\/#website","url":"https:\/\/jornalfatosenoticias.com.br\/","name":"Jornal Fatos e Not\u00edcias","description":"Not\u00edcias em geral","publisher":{"@id":"https:\/\/jornalfatosenoticias.com.br\/#organization"},"potentialAction":[{"@type":"SearchAction","target":{"@type":"EntryPoint","urlTemplate":"https:\/\/jornalfatosenoticias.com.br\/?s={search_term_string}"},"query-input":{"@type":"PropertyValueSpecification","valueRequired":true,"valueName":"search_term_string"}}],"inLanguage":"pt-BR"},{"@type":"Organization","@id":"https:\/\/jornalfatosenoticias.com.br\/#organization","name":"Jornal Fatos e Not\u00edcias","url":"https:\/\/jornalfatosenoticias.com.br\/","logo":{"@type":"ImageObject","inLanguage":"pt-BR","@id":"https:\/\/jornalfatosenoticias.com.br\/#\/schema\/logo\/image\/","url":"https:\/\/jornalfatosenoticias.com.br\/wp-content\/uploads\/2020\/02\/logo120.png","contentUrl":"https:\/\/jornalfatosenoticias.com.br\/wp-content\/uploads\/2020\/02\/logo120.png","width":1227,"height":120,"caption":"Jornal Fatos e Not\u00edcias"},"image":{"@id":"https:\/\/jornalfatosenoticias.com.br\/#\/schema\/logo\/image\/"}},{"@type":"Person","@id":"https:\/\/jornalfatosenoticias.com.br\/#\/schema\/person\/d63837fa13ac8666eb9e74e0985d6f81","name":"Luzimara Fernandes","image":{"@type":"ImageObject","inLanguage":"pt-BR","@id":"https:\/\/jornalfatosenoticias.com.br\/#\/schema\/person\/image\/","url":"https:\/\/jornalfatosenoticias.com.br\/wp-content\/uploads\/2025\/05\/EU_portal.jpg","contentUrl":"https:\/\/jornalfatosenoticias.com.br\/wp-content\/uploads\/2025\/05\/EU_portal.jpg","caption":"Luzimara Fernandes"},"description":"Jornalista MTB 2358-ES","sameAs":["https:\/\/jornalfatosenoticias.com.br"],"url":"https:\/\/jornalfatosenoticias.com.br\/index.php\/author\/luzimara\/"}]}},"cc_featured_image_caption":{"caption_text":"(Foto: Ascom MEC) ","source_text":"","source_url":""},"jetpack_featured_media_url":"https:\/\/jornalfatosenoticias.com.br\/wp-content\/uploads\/2022\/10\/tempo-de-aprender.jpeg","_links":{"self":[{"href":"https:\/\/jornalfatosenoticias.com.br\/index.php\/wp-json\/wp\/v2\/posts\/35292","targetHints":{"allow":["GET"]}}],"collection":[{"href":"https:\/\/jornalfatosenoticias.com.br\/index.php\/wp-json\/wp\/v2\/posts"}],"about":[{"href":"https:\/\/jornalfatosenoticias.com.br\/index.php\/wp-json\/wp\/v2\/types\/post"}],"author":[{"embeddable":true,"href":"https:\/\/jornalfatosenoticias.com.br\/index.php\/wp-json\/wp\/v2\/users\/2"}],"replies":[{"embeddable":true,"href":"https:\/\/jornalfatosenoticias.com.br\/index.php\/wp-json\/wp\/v2\/comments?post=35292"}],"version-history":[{"count":0,"href":"https:\/\/jornalfatosenoticias.com.br\/index.php\/wp-json\/wp\/v2\/posts\/35292\/revisions"}],"wp:featuredmedia":[{"embeddable":true,"href":"https:\/\/jornalfatosenoticias.com.br\/index.php\/wp-json\/wp\/v2\/media\/35294"}],"wp:attachment":[{"href":"https:\/\/jornalfatosenoticias.com.br\/index.php\/wp-json\/wp\/v2\/media?parent=35292"}],"wp:term":[{"taxonomy":"category","embeddable":true,"href":"https:\/\/jornalfatosenoticias.com.br\/index.php\/wp-json\/wp\/v2\/categories?post=35292"},{"taxonomy":"post_tag","embeddable":true,"href":"https:\/\/jornalfatosenoticias.com.br\/index.php\/wp-json\/wp\/v2\/tags?post=35292"}],"curies":[{"name":"wp","href":"https:\/\/api.w.org\/{rel}","templated":true}]}}